{"id":17753,"date":"2022-04-04T15:36:42","date_gmt":"2022-04-04T12:36:42","guid":{"rendered":"https:\/\/tdv.org\/en-EN\/?p=17753"},"modified":"2022-04-04T12:39:03","modified_gmt":"2022-04-04T09:39:03","slug":"tdv-arranges-iftar-programs-for-muslims-in-argentine","status":"publish","type":"post","link":"https:\/\/tdv.org\/en-EN\/tdv-arranges-iftar-programs-for-muslims-in-argentine\/","title":{"rendered":"TDV arranges iftar programs for Muslims in Argentine"},"content":{"rendered":"<p style=\"text-align: justify;\">\n<p style=\"text-align: justify;\"><span data-preserver-spaces=\"true\">With the support of the Turkiye Diyanet Foundation (TDV), iftar programs will be organized in Argentine for 230 Muslims per day during Ramadan.<\/span><\/p>\n<p style=\"text-align: justify;\"><span data-preserver-spaces=\"true\">In the capital city of Buenos Aires, many Muslims had their first iftar at a dinner prepared with the support of TDV near Al Ahmad Mosque.<\/span><\/p>\n<p style=\"text-align: justify;\"><span data-preserver-spaces=\"true\">In a statement, \u015e\u00fckr\u00fc \u00c7etin, the Argentine Representative of the Presidency of Religious Affairs, said, &#8220;With the support of TDV, we will organize an iftar program for 200 people in Buenos Aires and about 30 people in Rosario every day during Ramadan, with the support of TDV in Turkiye, which is 14 thousand kilometers away. We had our first day today, we were very emotional, they expressed their satisfaction immediately to us.&#8221; he said.<\/span><\/p>\n<p style=\"text-align: justify;\"><span data-preserver-spaces=\"true\">\u00c7etin drew attention to TDV\u2019s aid and said, \u201cWe will provide about 800 food packages across the Argentine, and we will deliver food packages to other needy people, especially our Muslim brothers in Argentine.\u201d he said.<\/span><\/p>\n<p style=\"text-align: justify;\"><span data-preserver-spaces=\"true\">Addressing the importance of solidarity for Muslims, \u00c7etin said, &#8220;We are very happy to be with our Muslim brothers and sisters in our heartland. We send our greetings and thanks to TDV donors and supporters from here.&#8221; he stated.<\/span><\/p>\n\n\t\t<style type=\"text\/css\">\n\t\t\t#gallery-1 {\n\t\t\t\tmargin: auto;\n\t\t\t}\n\t\t\t#gallery-1 .gallery-item {\n\t\t\t\tfloat: left;\n\t\t\t\tmargin-top: 10px;\n\t\t\t\ttext-align: center;\n\t\t\t\twidth: 33%;\n\t\t\t}\n\t\t\t#gallery-1 img {\n\t\t\t\tborder: 2px solid #cfcfcf;\n\t\t\t}\n\t\t\t#gallery-1 .gallery-caption {\n\t\t\t\tmargin-left: 0;\n\t\t\t}\n\t\t\t\/* see gallery_shortcode() in wp-includes\/media.php *\/\n\t\t<\/style>\n\t\t<div id='gallery-1' class='gallery galleryid-17753 gallery-columns-3 gallery-size-thumbnail'><dl class='gallery-item'>\n\t\t\t<dt class='gallery-icon landscape'>\n\t\t\t\t<a href='https:\/\/tdv.org\/en-EN\/wp-content\/uploads\/2022\/04\/5.jpg'><img loading=\"lazy\" decoding=\"async\" width=\"150\" height=\"150\" src=\"https:\/\/tdv.org\/en-EN\/wp-content\/uploads\/2022\/04\/5-150x150.jpg\" class=\"attachment-thumbnail size-thumbnail\" alt=\"\" srcset=\"https:\/\/tdv.org\/en-EN\/wp-content\/uploads\/2022\/04\/5-150x150.jpg 150w, https:\/\/tdv.org\/en-EN\/wp-content\/uploads\/2022\/04\/5-100x100.jpg 100w, https:\/\/tdv.org\/en-EN\/wp-content\/uploads\/2022\/04\/5-140x140.jpg 140w, https:\/\/tdv.org\/en-EN\/wp-content\/uploads\/2022\/04\/5-500x500.jpg 500w, https:\/\/tdv.org\/en-EN\/wp-content\/uploads\/2022\/04\/5-350x350.jpg 350w, https:\/\/tdv.org\/en-EN\/wp-content\/uploads\/2022\/04\/5-1000x1000.jpg 1000w, https:\/\/tdv.org\/en-EN\/wp-content\/uploads\/2022\/04\/5-800x800.jpg 800w\" sizes=\"auto, (max-width: 150px) 100vw, 150px\" \/><\/a>\n\t\t\t<\/dt><\/dl><dl class='gallery-item'>\n\t\t\t<dt class='gallery-icon landscape'>\n\t\t\t\t<a href='https:\/\/tdv.org\/en-EN\/wp-content\/uploads\/2022\/04\/54.jpg'><img loading=\"lazy\" decoding=\"async\" width=\"150\" height=\"150\" src=\"https:\/\/tdv.org\/en-EN\/wp-content\/uploads\/2022\/04\/54-150x150.jpg\" class=\"attachment-thumbnail size-thumbnail\" alt=\"\" srcset=\"https:\/\/tdv.org\/en-EN\/wp-content\/uploads\/2022\/04\/54-150x150.jpg 150w, https:\/\/tdv.org\/en-EN\/wp-content\/uploads\/2022\/04\/54-100x100.jpg 100w, https:\/\/tdv.org\/en-EN\/wp-content\/uploads\/2022\/04\/54-140x140.jpg 140w, https:\/\/tdv.org\/en-EN\/wp-content\/uploads\/2022\/04\/54-500x500.jpg 500w, https:\/\/tdv.org\/en-EN\/wp-content\/uploads\/2022\/04\/54-350x350.jpg 350w, https:\/\/tdv.org\/en-EN\/wp-content\/uploads\/2022\/04\/54-1000x1000.jpg 1000w, https:\/\/tdv.org\/en-EN\/wp-content\/uploads\/2022\/04\/54-800x800.jpg 800w\" sizes=\"auto, (max-width: 150px) 100vw, 150px\" \/><\/a>\n\t\t\t<\/dt><\/dl><dl class='gallery-item'>\n\t\t\t<dt class='gallery-icon landscape'>\n\t\t\t\t<a href='https:\/\/tdv.org\/en-EN\/wp-content\/uploads\/2022\/04\/55.jpg'><img loading=\"lazy\" decoding=\"async\" width=\"150\" height=\"150\" src=\"https:\/\/tdv.org\/en-EN\/wp-content\/uploads\/2022\/04\/55-150x150.jpg\" class=\"attachment-thumbnail size-thumbnail\" alt=\"\" srcset=\"https:\/\/tdv.org\/en-EN\/wp-content\/uploads\/2022\/04\/55-150x150.jpg 150w, https:\/\/tdv.org\/en-EN\/wp-content\/uploads\/2022\/04\/55-100x100.jpg 100w, https:\/\/tdv.org\/en-EN\/wp-content\/uploads\/2022\/04\/55-140x140.jpg 140w, https:\/\/tdv.org\/en-EN\/wp-content\/uploads\/2022\/04\/55-500x500.jpg 500w, https:\/\/tdv.org\/en-EN\/wp-content\/uploads\/2022\/04\/55-350x350.jpg 350w, https:\/\/tdv.org\/en-EN\/wp-content\/uploads\/2022\/04\/55-1000x1000.jpg 1000w, https:\/\/tdv.org\/en-EN\/wp-content\/uploads\/2022\/04\/55-800x800.jpg 800w\" sizes=\"auto, (max-width: 150px) 100vw, 150px\" \/><\/a>\n\t\t\t<\/dt><\/dl><br style=\"clear: both\" \/><dl class='gallery-item'>\n\t\t\t<dt class='gallery-icon landscape'>\n\t\t\t\t<a href='https:\/\/tdv.org\/en-EN\/wp-content\/uploads\/2022\/04\/56.jpg'><img loading=\"lazy\" decoding=\"async\" width=\"150\" height=\"150\" src=\"https:\/\/tdv.org\/en-EN\/wp-content\/uploads\/2022\/04\/56-150x150.jpg\" class=\"attachment-thumbnail size-thumbnail\" alt=\"\" srcset=\"https:\/\/tdv.org\/en-EN\/wp-content\/uploads\/2022\/04\/56-150x150.jpg 150w, https:\/\/tdv.org\/en-EN\/wp-content\/uploads\/2022\/04\/56-100x100.jpg 100w, https:\/\/tdv.org\/en-EN\/wp-content\/uploads\/2022\/04\/56-140x140.jpg 140w, https:\/\/tdv.org\/en-EN\/wp-content\/uploads\/2022\/04\/56-500x500.jpg 500w, https:\/\/tdv.org\/en-EN\/wp-content\/uploads\/2022\/04\/56-350x350.jpg 350w, https:\/\/tdv.org\/en-EN\/wp-content\/uploads\/2022\/04\/56-1000x1000.jpg 1000w, https:\/\/tdv.org\/en-EN\/wp-content\/uploads\/2022\/04\/56-800x800.jpg 800w\" sizes=\"auto, (max-width: 150px) 100vw, 150px\" \/><\/a>\n\t\t\t<\/dt><\/dl><dl class='gallery-item'>\n\t\t\t<dt class='gallery-icon landscape'>\n\t\t\t\t<a href='https:\/\/tdv.org\/en-EN\/wp-content\/uploads\/2022\/04\/546.jpg'><img loading=\"lazy\" decoding=\"async\" width=\"150\" height=\"150\" src=\"https:\/\/tdv.org\/en-EN\/wp-content\/uploads\/2022\/04\/546-150x150.jpg\" class=\"attachment-thumbnail size-thumbnail\" alt=\"\" srcset=\"https:\/\/tdv.org\/en-EN\/wp-content\/uploads\/2022\/04\/546-150x150.jpg 150w, https:\/\/tdv.org\/en-EN\/wp-content\/uploads\/2022\/04\/546-100x100.jpg 100w, https:\/\/tdv.org\/en-EN\/wp-content\/uploads\/2022\/04\/546-140x140.jpg 140w, https:\/\/tdv.org\/en-EN\/wp-content\/uploads\/2022\/04\/546-500x500.jpg 500w, https:\/\/tdv.org\/en-EN\/wp-content\/uploads\/2022\/04\/546-350x350.jpg 350w, https:\/\/tdv.org\/en-EN\/wp-content\/uploads\/2022\/04\/546-1000x1000.jpg 1000w, https:\/\/tdv.org\/en-EN\/wp-content\/uploads\/2022\/04\/546-800x800.jpg 800w\" sizes=\"auto, (max-width: 150px) 100vw, 150px\" \/><\/a>\n\t\t\t<\/dt><\/dl><dl class='gallery-item'>\n\t\t\t<dt class='gallery-icon landscape'>\n\t\t\t\t<a href='https:\/\/tdv.org\/en-EN\/wp-content\/uploads\/2022\/04\/555.jpg'><img loading=\"lazy\" decoding=\"async\" width=\"150\" height=\"150\" src=\"https:\/\/tdv.org\/en-EN\/wp-content\/uploads\/2022\/04\/555-150x150.jpg\" class=\"attachment-thumbnail size-thumbnail\" alt=\"\" srcset=\"https:\/\/tdv.org\/en-EN\/wp-content\/uploads\/2022\/04\/555-150x150.jpg 150w, https:\/\/tdv.org\/en-EN\/wp-content\/uploads\/2022\/04\/555-100x100.jpg 100w, https:\/\/tdv.org\/en-EN\/wp-content\/uploads\/2022\/04\/555-140x140.jpg 140w, https:\/\/tdv.org\/en-EN\/wp-content\/uploads\/2022\/04\/555-500x500.jpg 500w, https:\/\/tdv.org\/en-EN\/wp-content\/uploads\/2022\/04\/555-350x350.jpg 350w, https:\/\/tdv.org\/en-EN\/wp-content\/uploads\/2022\/04\/555-1000x1000.jpg 1000w, https:\/\/tdv.org\/en-EN\/wp-content\/uploads\/2022\/04\/555-800x800.jpg 800w\" sizes=\"auto, (max-width: 150px) 100vw, 150px\" \/><\/a>\n\t\t\t<\/dt><\/dl><br style=\"clear: both\" \/>\n\t\t<\/div>\n\n","protected":false},"excerpt":{"rendered":"<p>With the support of the Turkiye Diyanet Foundation (TDV), iftar programs will be organized in Argentine for 230 Muslims per day during Ramadan. In the capital city of Buenos Aires,&#8230;<\/p>\n","protected":false},"author":9,"featured_media":17756,"comment_status":"open","ping_status":"closed","sticky":false,"template":"","format":"standard","meta":{"footnotes":""},"categories":[1],"tags":[],"class_list":{"0":"post-17753","1":"post","2":"type-post","3":"status-publish","4":"format-standard","5":"has-post-thumbnail","7":"category-news"},"yoast_head":"<!-- This site is optimized with the Yoast SEO plugin v27.4 - https:\/\/yoast.com\/product\/yoast-seo-wordpress\/ -->\n<title>TDV arranges iftar programs for Muslims in Argentine - T\u00fcrkiye Diyanet Foundation<\/title>\n<meta name=\"robots\" content=\"index, follow, max-snippet:-1, max-image-preview:large, max-video-preview:-1\" \/>\n<link rel=\"canonical\" href=\"https:\/\/tdv.org\/en-EN\/tdv-arranges-iftar-programs-for-muslims-in-argentine\/\" \/>\n<meta property=\"og:locale\" content=\"en_GB\" \/>\n<meta property=\"og:type\" content=\"article\" \/>\n<meta property=\"og:title\" content=\"TDV arranges iftar programs for Muslims in Argentine - T\u00fcrkiye Diyanet Foundation\" \/>\n<meta property=\"og:description\" content=\"With the support of the Turkiye Diyanet Foundation (TDV), iftar programs will be organized in Argentine for 230 Muslims per day during Ramadan. In the capital city of Buenos Aires,...\" \/>\n<meta property=\"og:url\" content=\"https:\/\/tdv.org\/en-EN\/tdv-arranges-iftar-programs-for-muslims-in-argentine\/\" \/>\n<meta property=\"og:site_name\" content=\"T\u00fcrkiye Diyanet Foundation\" \/>\n<meta property=\"article:publisher\" content=\"https:\/\/www.facebook.com\/TDVint\/\" \/>\n<meta property=\"article:published_time\" content=\"2022-04-04T12:36:42+00:00\" \/>\n<meta property=\"og:image\" content=\"https:\/\/tdv.org\/en-EN\/wp-content\/uploads\/2022\/04\/55.jpg\" \/>\n\t<meta property=\"og:image:width\" content=\"2560\" \/>\n\t<meta property=\"og:image:height\" content=\"1707\" \/>\n\t<meta property=\"og:image:type\" content=\"image\/jpeg\" \/>\n<meta name=\"author\" content=\"Hajar\" \/>\n<meta name=\"twitter:card\" content=\"summary_large_image\" \/>\n<meta name=\"twitter:creator\" content=\"@tdvint\" \/>\n<meta name=\"twitter:site\" content=\"@tdvint\" \/>\n<script type=\"application\/ld+json\" class=\"yoast-schema-graph\">{\"@context\":\"https:\\\/\\\/schema.org\",\"@graph\":[{\"@type\":\"Article\",\"@id\":\"https:\\\/\\\/tdv.org\\\/en-EN\\\/tdv-arranges-iftar-programs-for-muslims-in-argentine\\\/#article\",\"isPartOf\":{\"@id\":\"https:\\\/\\\/tdv.org\\\/en-EN\\\/tdv-arranges-iftar-programs-for-muslims-in-argentine\\\/\"},\"author\":{\"name\":\"Hajar\",\"@id\":\"https:\\\/\\\/tdv.org\\\/en-EN\\\/#\\\/schema\\\/person\\\/c0ec4d111d7d84882ce70d9fb439ee5b\"},\"headline\":\"TDV arranges iftar programs for Muslims in Argentine\",\"datePublished\":\"2022-04-04T12:36:42+00:00\",\"mainEntityOfPage\":{\"@id\":\"https:\\\/\\\/tdv.org\\\/en-EN\\\/tdv-arranges-iftar-programs-for-muslims-in-argentine\\\/\"},\"wordCount\":206,\"commentCount\":0,\"publisher\":{\"@id\":\"https:\\\/\\\/tdv.org\\\/en-EN\\\/#organization\"},\"image\":{\"@id\":\"https:\\\/\\\/tdv.org\\\/en-EN\\\/tdv-arranges-iftar-programs-for-muslims-in-argentine\\\/#primaryimage\"},\"thumbnailUrl\":\"https:\\\/\\\/tdv.org\\\/en-EN\\\/wp-content\\\/uploads\\\/2022\\\/04\\\/55.jpg\",\"articleSection\":[\"News\"],\"inLanguage\":\"en-GB\",\"potentialAction\":[{\"@type\":\"CommentAction\",\"name\":\"Comment\",\"target\":[\"https:\\\/\\\/tdv.org\\\/en-EN\\\/tdv-arranges-iftar-programs-for-muslims-in-argentine\\\/#respond\"]}]},{\"@type\":\"WebPage\",\"@id\":\"https:\\\/\\\/tdv.org\\\/en-EN\\\/tdv-arranges-iftar-programs-for-muslims-in-argentine\\\/\",\"url\":\"https:\\\/\\\/tdv.org\\\/en-EN\\\/tdv-arranges-iftar-programs-for-muslims-in-argentine\\\/\",\"name\":\"TDV arranges iftar programs for Muslims in Argentine - T\u00fcrkiye Diyanet Foundation\",\"isPartOf\":{\"@id\":\"https:\\\/\\\/tdv.org\\\/en-EN\\\/#website\"},\"primaryImageOfPage\":{\"@id\":\"https:\\\/\\\/tdv.org\\\/en-EN\\\/tdv-arranges-iftar-programs-for-muslims-in-argentine\\\/#primaryimage\"},\"image\":{\"@id\":\"https:\\\/\\\/tdv.org\\\/en-EN\\\/tdv-arranges-iftar-programs-for-muslims-in-argentine\\\/#primaryimage\"},\"thumbnailUrl\":\"https:\\\/\\\/tdv.org\\\/en-EN\\\/wp-content\\\/uploads\\\/2022\\\/04\\\/55.jpg\",\"datePublished\":\"2022-04-04T12:36:42+00:00\",\"breadcrumb\":{\"@id\":\"https:\\\/\\\/tdv.org\\\/en-EN\\\/tdv-arranges-iftar-programs-for-muslims-in-argentine\\\/#breadcrumb\"},\"inLanguage\":\"en-GB\",\"potentialAction\":[{\"@type\":\"ReadAction\",\"target\":[\"https:\\\/\\\/tdv.org\\\/en-EN\\\/tdv-arranges-iftar-programs-for-muslims-in-argentine\\\/\"]}]},{\"@type\":\"ImageObject\",\"inLanguage\":\"en-GB\",\"@id\":\"https:\\\/\\\/tdv.org\\\/en-EN\\\/tdv-arranges-iftar-programs-for-muslims-in-argentine\\\/#primaryimage\",\"url\":\"https:\\\/\\\/tdv.org\\\/en-EN\\\/wp-content\\\/uploads\\\/2022\\\/04\\\/55.jpg\",\"contentUrl\":\"https:\\\/\\\/tdv.org\\\/en-EN\\\/wp-content\\\/uploads\\\/2022\\\/04\\\/55.jpg\",\"width\":2560,\"height\":1707},{\"@type\":\"BreadcrumbList\",\"@id\":\"https:\\\/\\\/tdv.org\\\/en-EN\\\/tdv-arranges-iftar-programs-for-muslims-in-argentine\\\/#breadcrumb\",\"itemListElement\":[{\"@type\":\"ListItem\",\"position\":1,\"name\":\"Anasayfa\",\"item\":\"https:\\\/\\\/tdv.org\\\/en-EN\\\/\"},{\"@type\":\"ListItem\",\"position\":2,\"name\":\"TDV arranges iftar programs for Muslims in Argentine\"}]},{\"@type\":\"WebSite\",\"@id\":\"https:\\\/\\\/tdv.org\\\/en-EN\\\/#website\",\"url\":\"https:\\\/\\\/tdv.org\\\/en-EN\\\/\",\"name\":\"T\u00fcrkiye Diyanet Foundation\",\"description\":\"&quot;Untill goodness prevails on earth&quot;\",\"publisher\":{\"@id\":\"https:\\\/\\\/tdv.org\\\/en-EN\\\/#organization\"},\"potentialAction\":[{\"@type\":\"SearchAction\",\"target\":{\"@type\":\"EntryPoint\",\"urlTemplate\":\"https:\\\/\\\/tdv.org\\\/en-EN\\\/?s={search_term_string}\"},\"query-input\":{\"@type\":\"PropertyValueSpecification\",\"valueRequired\":true,\"valueName\":\"search_term_string\"}}],\"inLanguage\":\"en-GB\"},{\"@type\":\"Organization\",\"@id\":\"https:\\\/\\\/tdv.org\\\/en-EN\\\/#organization\",\"name\":\"T\u00fcrkiye Diyanet Foundation\",\"url\":\"https:\\\/\\\/tdv.org\\\/en-EN\\\/\",\"logo\":{\"@type\":\"ImageObject\",\"inLanguage\":\"en-GB\",\"@id\":\"https:\\\/\\\/tdv.org\\\/en-EN\\\/#\\\/schema\\\/logo\\\/image\\\/\",\"url\":\"https:\\\/\\\/tdv.org\\\/en-EN\\\/wp-content\\\/uploads\\\/2018\\\/12\\\/TDV_Logo_1.png\",\"contentUrl\":\"https:\\\/\\\/tdv.org\\\/en-EN\\\/wp-content\\\/uploads\\\/2018\\\/12\\\/TDV_Logo_1.png\",\"width\":207,\"height\":71,\"caption\":\"T\u00fcrkiye Diyanet Foundation\"},\"image\":{\"@id\":\"https:\\\/\\\/tdv.org\\\/en-EN\\\/#\\\/schema\\\/logo\\\/image\\\/\"},\"sameAs\":[\"https:\\\/\\\/www.facebook.com\\\/TDVint\\\/\",\"https:\\\/\\\/x.com\\\/tdvint\",\"https:\\\/\\\/instagram.com\\\/tdvint\",\"https:\\\/\\\/www.youtube.com\\\/user\\\/TurkiyeDiyanetVakfi\"]},{\"@type\":\"Person\",\"@id\":\"https:\\\/\\\/tdv.org\\\/en-EN\\\/#\\\/schema\\\/person\\\/c0ec4d111d7d84882ce70d9fb439ee5b\",\"name\":\"Hajar\",\"image\":{\"@type\":\"ImageObject\",\"inLanguage\":\"en-GB\",\"@id\":\"https:\\\/\\\/tdv.org\\\/en-EN\\\/wp-content\\\/litespeed\\\/avatar\\\/2e00d9d210307ce22cfa842e1f8be3e8.jpg?ver=1776948564\",\"url\":\"https:\\\/\\\/tdv.org\\\/en-EN\\\/wp-content\\\/litespeed\\\/avatar\\\/2e00d9d210307ce22cfa842e1f8be3e8.jpg?ver=1776948564\",\"contentUrl\":\"https:\\\/\\\/tdv.org\\\/en-EN\\\/wp-content\\\/litespeed\\\/avatar\\\/2e00d9d210307ce22cfa842e1f8be3e8.jpg?ver=1776948564\",\"caption\":\"Hajar\"}}]}<\/script>\n<!-- \/ Yoast SEO plugin. -->","yoast_head_json":{"title":"TDV arranges iftar programs for Muslims in Argentine - T\u00fcrkiye Diyanet Foundation","robots":{"index":"index","follow":"follow","max-snippet":"max-snippet:-1","max-image-preview":"max-image-preview:large","max-video-preview":"max-video-preview:-1"},"canonical":"https:\/\/tdv.org\/en-EN\/tdv-arranges-iftar-programs-for-muslims-in-argentine\/","og_locale":"en_GB","og_type":"article","og_title":"TDV arranges iftar programs for Muslims in Argentine - T\u00fcrkiye Diyanet Foundation","og_description":"With the support of the Turkiye Diyanet Foundation (TDV), iftar programs will be organized in Argentine for 230 Muslims per day during Ramadan. In the capital city of Buenos Aires,...","og_url":"https:\/\/tdv.org\/en-EN\/tdv-arranges-iftar-programs-for-muslims-in-argentine\/","og_site_name":"T\u00fcrkiye Diyanet Foundation","article_publisher":"https:\/\/www.facebook.com\/TDVint\/","article_published_time":"2022-04-04T12:36:42+00:00","og_image":[{"width":2560,"height":1707,"url":"https:\/\/tdv.org\/en-EN\/wp-content\/uploads\/2022\/04\/55.jpg","type":"image\/jpeg"}],"author":"Hajar","twitter_card":"summary_large_image","twitter_creator":"@tdvint","twitter_site":"@tdvint","schema":{"@context":"https:\/\/schema.org","@graph":[{"@type":"Article","@id":"https:\/\/tdv.org\/en-EN\/tdv-arranges-iftar-programs-for-muslims-in-argentine\/#article","isPartOf":{"@id":"https:\/\/tdv.org\/en-EN\/tdv-arranges-iftar-programs-for-muslims-in-argentine\/"},"author":{"name":"Hajar","@id":"https:\/\/tdv.org\/en-EN\/#\/schema\/person\/c0ec4d111d7d84882ce70d9fb439ee5b"},"headline":"TDV arranges iftar programs for Muslims in Argentine","datePublished":"2022-04-04T12:36:42+00:00","mainEntityOfPage":{"@id":"https:\/\/tdv.org\/en-EN\/tdv-arranges-iftar-programs-for-muslims-in-argentine\/"},"wordCount":206,"commentCount":0,"publisher":{"@id":"https:\/\/tdv.org\/en-EN\/#organization"},"image":{"@id":"https:\/\/tdv.org\/en-EN\/tdv-arranges-iftar-programs-for-muslims-in-argentine\/#primaryimage"},"thumbnailUrl":"https:\/\/tdv.org\/en-EN\/wp-content\/uploads\/2022\/04\/55.jpg","articleSection":["News"],"inLanguage":"en-GB","potentialAction":[{"@type":"CommentAction","name":"Comment","target":["https:\/\/tdv.org\/en-EN\/tdv-arranges-iftar-programs-for-muslims-in-argentine\/#respond"]}]},{"@type":"WebPage","@id":"https:\/\/tdv.org\/en-EN\/tdv-arranges-iftar-programs-for-muslims-in-argentine\/","url":"https:\/\/tdv.org\/en-EN\/tdv-arranges-iftar-programs-for-muslims-in-argentine\/","name":"TDV arranges iftar programs for Muslims in Argentine - T\u00fcrkiye Diyanet Foundation","isPartOf":{"@id":"https:\/\/tdv.org\/en-EN\/#website"},"primaryImageOfPage":{"@id":"https:\/\/tdv.org\/en-EN\/tdv-arranges-iftar-programs-for-muslims-in-argentine\/#primaryimage"},"image":{"@id":"https:\/\/tdv.org\/en-EN\/tdv-arranges-iftar-programs-for-muslims-in-argentine\/#primaryimage"},"thumbnailUrl":"https:\/\/tdv.org\/en-EN\/wp-content\/uploads\/2022\/04\/55.jpg","datePublished":"2022-04-04T12:36:42+00:00","breadcrumb":{"@id":"https:\/\/tdv.org\/en-EN\/tdv-arranges-iftar-programs-for-muslims-in-argentine\/#breadcrumb"},"inLanguage":"en-GB","potentialAction":[{"@type":"ReadAction","target":["https:\/\/tdv.org\/en-EN\/tdv-arranges-iftar-programs-for-muslims-in-argentine\/"]}]},{"@type":"ImageObject","inLanguage":"en-GB","@id":"https:\/\/tdv.org\/en-EN\/tdv-arranges-iftar-programs-for-muslims-in-argentine\/#primaryimage","url":"https:\/\/tdv.org\/en-EN\/wp-content\/uploads\/2022\/04\/55.jpg","contentUrl":"https:\/\/tdv.org\/en-EN\/wp-content\/uploads\/2022\/04\/55.jpg","width":2560,"height":1707},{"@type":"BreadcrumbList","@id":"https:\/\/tdv.org\/en-EN\/tdv-arranges-iftar-programs-for-muslims-in-argentine\/#breadcrumb","itemListElement":[{"@type":"ListItem","position":1,"name":"Anasayfa","item":"https:\/\/tdv.org\/en-EN\/"},{"@type":"ListItem","position":2,"name":"TDV arranges iftar programs for Muslims in Argentine"}]},{"@type":"WebSite","@id":"https:\/\/tdv.org\/en-EN\/#website","url":"https:\/\/tdv.org\/en-EN\/","name":"T\u00fcrkiye Diyanet Foundation","description":"&quot;Untill goodness prevails on earth&quot;","publisher":{"@id":"https:\/\/tdv.org\/en-EN\/#organization"},"potentialAction":[{"@type":"SearchAction","target":{"@type":"EntryPoint","urlTemplate":"https:\/\/tdv.org\/en-EN\/?s={search_term_string}"},"query-input":{"@type":"PropertyValueSpecification","valueRequired":true,"valueName":"search_term_string"}}],"inLanguage":"en-GB"},{"@type":"Organization","@id":"https:\/\/tdv.org\/en-EN\/#organization","name":"T\u00fcrkiye Diyanet Foundation","url":"https:\/\/tdv.org\/en-EN\/","logo":{"@type":"ImageObject","inLanguage":"en-GB","@id":"https:\/\/tdv.org\/en-EN\/#\/schema\/logo\/image\/","url":"https:\/\/tdv.org\/en-EN\/wp-content\/uploads\/2018\/12\/TDV_Logo_1.png","contentUrl":"https:\/\/tdv.org\/en-EN\/wp-content\/uploads\/2018\/12\/TDV_Logo_1.png","width":207,"height":71,"caption":"T\u00fcrkiye Diyanet Foundation"},"image":{"@id":"https:\/\/tdv.org\/en-EN\/#\/schema\/logo\/image\/"},"sameAs":["https:\/\/www.facebook.com\/TDVint\/","https:\/\/x.com\/tdvint","https:\/\/instagram.com\/tdvint","https:\/\/www.youtube.com\/user\/TurkiyeDiyanetVakfi"]},{"@type":"Person","@id":"https:\/\/tdv.org\/en-EN\/#\/schema\/person\/c0ec4d111d7d84882ce70d9fb439ee5b","name":"Hajar","image":{"@type":"ImageObject","inLanguage":"en-GB","@id":"https:\/\/tdv.org\/en-EN\/wp-content\/litespeed\/avatar\/2e00d9d210307ce22cfa842e1f8be3e8.jpg?ver=1776948564","url":"https:\/\/tdv.org\/en-EN\/wp-content\/litespeed\/avatar\/2e00d9d210307ce22cfa842e1f8be3e8.jpg?ver=1776948564","contentUrl":"https:\/\/tdv.org\/en-EN\/wp-content\/litespeed\/avatar\/2e00d9d210307ce22cfa842e1f8be3e8.jpg?ver=1776948564","caption":"Hajar"}}]}},"_links":{"self":[{"href":"https:\/\/tdv.org\/en-EN\/wp-json\/wp\/v2\/posts\/17753","targetHints":{"allow":["GET"]}}],"collection":[{"href":"https:\/\/tdv.org\/en-EN\/wp-json\/wp\/v2\/posts"}],"about":[{"href":"https:\/\/tdv.org\/en-EN\/wp-json\/wp\/v2\/types\/post"}],"author":[{"embeddable":true,"href":"https:\/\/tdv.org\/en-EN\/wp-json\/wp\/v2\/users\/9"}],"replies":[{"embeddable":true,"href":"https:\/\/tdv.org\/en-EN\/wp-json\/wp\/v2\/comments?post=17753"}],"version-history":[{"count":1,"href":"https:\/\/tdv.org\/en-EN\/wp-json\/wp\/v2\/posts\/17753\/revisions"}],"predecessor-version":[{"id":17760,"href":"https:\/\/tdv.org\/en-EN\/wp-json\/wp\/v2\/posts\/17753\/revisions\/17760"}],"wp:featuredmedia":[{"embeddable":true,"href":"https:\/\/tdv.org\/en-EN\/wp-json\/wp\/v2\/media\/17756"}],"wp:attachment":[{"href":"https:\/\/tdv.org\/en-EN\/wp-json\/wp\/v2\/media?parent=17753"}],"wp:term":[{"taxonomy":"category","embeddable":true,"href":"https:\/\/tdv.org\/en-EN\/wp-json\/wp\/v2\/categories?post=17753"},{"taxonomy":"post_tag","embeddable":true,"href":"https:\/\/tdv.org\/en-EN\/wp-json\/wp\/v2\/tags?post=17753"}],"curies":[{"name":"wp","href":"https:\/\/api.w.org\/{rel}","templated":true}]}}