{"id":19438,"date":"2022-12-06T15:52:04","date_gmt":"2022-12-06T12:52:04","guid":{"rendered":"https:\/\/tdv.org\/en-EN\/?p=19438"},"modified":"2022-12-06T16:00:42","modified_gmt":"2022-12-06T13:00:42","slug":"president-of-religious-affairs-erbas-celebrated-the-international-volunteer-day","status":"publish","type":"post","link":"https:\/\/tdv.org\/en-EN\/president-of-religious-affairs-erbas-celebrated-the-international-volunteer-day\/","title":{"rendered":"President of Religious Affairs Erba\u015f celebrated the \u201cInternational Volunteer Day\u201d"},"content":{"rendered":"<p style=\"text-align: justify;\">President of Religious Affairs Prof. Dr. Ali Erba\u015f congratulated all volunteers who set their hearts to goodness all over the world and T\u00fcrkiye on the occasion of \u201cInternational Volunteer Day\u201d<\/p>\n<p style=\"text-align: justify;\">President of Religious Affairs Erba\u015f has posted a celebration message on his social media accounts on the occasion of \u201cInternational Volunteer Day\u201d and used the expression, \u201cAs the representatives of civilization of goodness, I congratulate all volunteers who set their hearts to goodness all over the world and in our country.\u201d<\/p>\n<p style=\"text-align: justify;\">President Erba\u015f invited those who want to volunteer for goodness to become volunteers of the T\u00fcrkiye Diyanet Foundation and shared the link &#8220;<a class=\"fui-Link ___m14voj0 f3rmtva f1ern45e f1deefiw f1n71otn f1q5o8ev f1h8hb77 f1vxd6vx f1ewtqcl fyind8e f1k6fduh f1w7gpdv fk6fouc fjoy568 figsok6 f1hu3pq6 f11qmguv f19f4twv f1tyq0we f1g0x7ka fhxju0i f1qch9an f1cnd47f fqv5qza f1vmzxwi f1o700av f13mvf36 f9n3di6 f1ids18y fygtlnl f1deo86v f12x56k7 f1iescvh ftqa4ok f50u1b5 fs3pq8b f1hghxdh f1tymzes f1x7u7e9 f1cmlufx f10aw75t fsle3fq\" tabindex=\"-1\" title=\"http:\/\/tdv.org\/tr-TR\/gonullu-ol\" href=\"http:\/\/tdv.org\/tr-TR\/gonullu-ol\" target=\"_blank\" rel=\"noopener noreferrer\" aria-label=\"tdv.org\/tr-TR\/gonullu-ol Ba\u011flant\u0131s\u0131\">tdv.org\/tr-TR\/gonullu-ol<\/a>&#8221; for application.<\/p>\n<blockquote class=\"twitter-tweet\">\n<p dir=\"ltr\" lang=\"tr\">\u0130yilik medeniyetinin temsilcileri olarak \u00fclkemizde ve d\u00fcnyan\u0131n d\u00f6rt bir yan\u0131nda iyili\u011fe g\u00f6n\u00fcl veren t\u00fcm g\u00f6n\u00fcll\u00fclerimizin <a href=\"https:\/\/twitter.com\/hashtag\/D%C3%BCnyaG%C3%B6n%C3%BCll%C3%BClerG%C3%BCn%C3%BC?src=hash&amp;ref_src=twsrc%5Etfw\">#D\u00fcnyaG\u00f6n\u00fcll\u00fclerG\u00fcn\u00fc<\/a>&#8216;n\u00fc tebrik ederim.<\/p>\n<p>Bug\u00fcn vesilesiyle t\u00fcm karde\u015flerimizi g\u00f6n\u00fcll\u00fcm\u00fcz olmaya davet ediyorum. <a href=\"https:\/\/twitter.com\/DiyanetVakfi?ref_src=twsrc%5Etfw\">@DiyanetVakfi<\/a> <a href=\"https:\/\/t.co\/R7r1iI4mhY\">https:\/\/t.co\/R7r1iI4mhY<\/a> <a href=\"https:\/\/t.co\/gsXJj4oLjH\">pic.twitter.com\/gsXJj4oLjH<\/a><\/p>\n<p>\u2014 Prof. Dr. Ali Erba\u015f (@DIBAliErbas) <a href=\"https:\/\/twitter.com\/DIBAliErbas\/status\/1599665732467367936?ref_src=twsrc%5Etfw\">December 5, 2022<\/a><\/p><\/blockquote>\n<p><script async src=\"https:\/\/platform.twitter.com\/widgets.js\" charset=\"utf-8\"><\/script><\/p>\n","protected":false},"excerpt":{"rendered":"<p>President of Religious Affairs Prof. Dr. Ali Erba\u015f congratulated all volunteers who set their hearts to goodness all over the world and T\u00fcrkiye on the occasion of \u201cInternational Volunteer Day\u201d&#8230;<\/p>\n","protected":false},"author":8,"featured_media":19439,"comment_status":"open","ping_status":"closed","sticky":false,"template":"","format":"standard","meta":{"footnotes":""},"categories":[1],"tags":[],"class_list":{"0":"post-19438","1":"post","2":"type-post","3":"status-publish","4":"format-standard","5":"has-post-thumbnail","7":"category-news"},"yoast_head":"<!-- This site is optimized with the Yoast SEO plugin v27.4 - https:\/\/yoast.com\/product\/yoast-seo-wordpress\/ -->\n<title>President of Religious Affairs Erba\u015f celebrated the \u201cInternational Volunteer Day\u201d - T\u00fcrkiye Diyanet Foundation<\/title>\n<meta name=\"robots\" content=\"index, follow, max-snippet:-1, max-image-preview:large, max-video-preview:-1\" \/>\n<link rel=\"canonical\" href=\"https:\/\/tdv.org\/en-EN\/president-of-religious-affairs-erbas-celebrated-the-international-volunteer-day\/\" \/>\n<meta property=\"og:locale\" content=\"en_GB\" \/>\n<meta property=\"og:type\" content=\"article\" \/>\n<meta property=\"og:title\" content=\"President of Religious Affairs Erba\u015f celebrated the \u201cInternational Volunteer Day\u201d - T\u00fcrkiye Diyanet Foundation\" \/>\n<meta property=\"og:description\" content=\"President of Religious Affairs Prof. Dr. Ali Erba\u015f congratulated all volunteers who set their hearts to goodness all over the world and T\u00fcrkiye on the occasion of \u201cInternational Volunteer Day\u201d...\" \/>\n<meta property=\"og:url\" content=\"https:\/\/tdv.org\/en-EN\/president-of-religious-affairs-erbas-celebrated-the-international-volunteer-day\/\" \/>\n<meta property=\"og:site_name\" content=\"T\u00fcrkiye Diyanet Foundation\" \/>\n<meta property=\"article:publisher\" content=\"https:\/\/www.facebook.com\/TDVint\/\" \/>\n<meta property=\"article:published_time\" content=\"2022-12-06T12:52:04+00:00\" \/>\n<meta property=\"article:modified_time\" content=\"2022-12-06T13:00:42+00:00\" \/>\n<meta property=\"og:image\" content=\"https:\/\/tdv.org\/en-EN\/wp-content\/uploads\/2022\/12\/ac62f1ab-006b-41db-ad23-eef039809b35_4_760x506.jpg\" \/>\n\t<meta property=\"og:image:width\" content=\"760\" \/>\n\t<meta property=\"og:image:height\" content=\"506\" \/>\n\t<meta property=\"og:image:type\" content=\"image\/jpeg\" \/>\n<meta name=\"author\" content=\"Selim\" \/>\n<meta name=\"twitter:card\" content=\"summary_large_image\" \/>\n<meta name=\"twitter:creator\" content=\"@tdvint\" \/>\n<meta name=\"twitter:site\" content=\"@tdvint\" \/>\n<script type=\"application\/ld+json\" class=\"yoast-schema-graph\">{\"@context\":\"https:\\\/\\\/schema.org\",\"@graph\":[{\"@type\":\"Article\",\"@id\":\"https:\\\/\\\/tdv.org\\\/en-EN\\\/president-of-religious-affairs-erbas-celebrated-the-international-volunteer-day\\\/#article\",\"isPartOf\":{\"@id\":\"https:\\\/\\\/tdv.org\\\/en-EN\\\/president-of-religious-affairs-erbas-celebrated-the-international-volunteer-day\\\/\"},\"author\":{\"name\":\"Selim\",\"@id\":\"https:\\\/\\\/tdv.org\\\/en-EN\\\/#\\\/schema\\\/person\\\/f291635fa50b8857739248e97a5d9cd0\"},\"headline\":\"President of Religious Affairs Erba\u015f celebrated the \u201cInternational Volunteer Day\u201d\",\"datePublished\":\"2022-12-06T12:52:04+00:00\",\"dateModified\":\"2022-12-06T13:00:42+00:00\",\"mainEntityOfPage\":{\"@id\":\"https:\\\/\\\/tdv.org\\\/en-EN\\\/president-of-religious-affairs-erbas-celebrated-the-international-volunteer-day\\\/\"},\"wordCount\":190,\"commentCount\":0,\"publisher\":{\"@id\":\"https:\\\/\\\/tdv.org\\\/en-EN\\\/#organization\"},\"image\":{\"@id\":\"https:\\\/\\\/tdv.org\\\/en-EN\\\/president-of-religious-affairs-erbas-celebrated-the-international-volunteer-day\\\/#primaryimage\"},\"thumbnailUrl\":\"https:\\\/\\\/tdv.org\\\/en-EN\\\/wp-content\\\/uploads\\\/2022\\\/12\\\/ac62f1ab-006b-41db-ad23-eef039809b35_4_760x506.jpg\",\"articleSection\":[\"News\"],\"inLanguage\":\"en-GB\",\"potentialAction\":[{\"@type\":\"CommentAction\",\"name\":\"Comment\",\"target\":[\"https:\\\/\\\/tdv.org\\\/en-EN\\\/president-of-religious-affairs-erbas-celebrated-the-international-volunteer-day\\\/#respond\"]}]},{\"@type\":\"WebPage\",\"@id\":\"https:\\\/\\\/tdv.org\\\/en-EN\\\/president-of-religious-affairs-erbas-celebrated-the-international-volunteer-day\\\/\",\"url\":\"https:\\\/\\\/tdv.org\\\/en-EN\\\/president-of-religious-affairs-erbas-celebrated-the-international-volunteer-day\\\/\",\"name\":\"President of Religious Affairs Erba\u015f celebrated the \u201cInternational Volunteer Day\u201d - T\u00fcrkiye Diyanet Foundation\",\"isPartOf\":{\"@id\":\"https:\\\/\\\/tdv.org\\\/en-EN\\\/#website\"},\"primaryImageOfPage\":{\"@id\":\"https:\\\/\\\/tdv.org\\\/en-EN\\\/president-of-religious-affairs-erbas-celebrated-the-international-volunteer-day\\\/#primaryimage\"},\"image\":{\"@id\":\"https:\\\/\\\/tdv.org\\\/en-EN\\\/president-of-religious-affairs-erbas-celebrated-the-international-volunteer-day\\\/#primaryimage\"},\"thumbnailUrl\":\"https:\\\/\\\/tdv.org\\\/en-EN\\\/wp-content\\\/uploads\\\/2022\\\/12\\\/ac62f1ab-006b-41db-ad23-eef039809b35_4_760x506.jpg\",\"datePublished\":\"2022-12-06T12:52:04+00:00\",\"dateModified\":\"2022-12-06T13:00:42+00:00\",\"breadcrumb\":{\"@id\":\"https:\\\/\\\/tdv.org\\\/en-EN\\\/president-of-religious-affairs-erbas-celebrated-the-international-volunteer-day\\\/#breadcrumb\"},\"inLanguage\":\"en-GB\",\"potentialAction\":[{\"@type\":\"ReadAction\",\"target\":[\"https:\\\/\\\/tdv.org\\\/en-EN\\\/president-of-religious-affairs-erbas-celebrated-the-international-volunteer-day\\\/\"]}]},{\"@type\":\"ImageObject\",\"inLanguage\":\"en-GB\",\"@id\":\"https:\\\/\\\/tdv.org\\\/en-EN\\\/president-of-religious-affairs-erbas-celebrated-the-international-volunteer-day\\\/#primaryimage\",\"url\":\"https:\\\/\\\/tdv.org\\\/en-EN\\\/wp-content\\\/uploads\\\/2022\\\/12\\\/ac62f1ab-006b-41db-ad23-eef039809b35_4_760x506.jpg\",\"contentUrl\":\"https:\\\/\\\/tdv.org\\\/en-EN\\\/wp-content\\\/uploads\\\/2022\\\/12\\\/ac62f1ab-006b-41db-ad23-eef039809b35_4_760x506.jpg\",\"width\":760,\"height\":506},{\"@type\":\"BreadcrumbList\",\"@id\":\"https:\\\/\\\/tdv.org\\\/en-EN\\\/president-of-religious-affairs-erbas-celebrated-the-international-volunteer-day\\\/#breadcrumb\",\"itemListElement\":[{\"@type\":\"ListItem\",\"position\":1,\"name\":\"Anasayfa\",\"item\":\"https:\\\/\\\/tdv.org\\\/en-EN\\\/\"},{\"@type\":\"ListItem\",\"position\":2,\"name\":\"President of Religious Affairs Erba\u015f celebrated the \u201cInternational Volunteer Day\u201d\"}]},{\"@type\":\"WebSite\",\"@id\":\"https:\\\/\\\/tdv.org\\\/en-EN\\\/#website\",\"url\":\"https:\\\/\\\/tdv.org\\\/en-EN\\\/\",\"name\":\"T\u00fcrkiye Diyanet Foundation\",\"description\":\"&quot;Untill goodness prevails on earth&quot;\",\"publisher\":{\"@id\":\"https:\\\/\\\/tdv.org\\\/en-EN\\\/#organization\"},\"potentialAction\":[{\"@type\":\"SearchAction\",\"target\":{\"@type\":\"EntryPoint\",\"urlTemplate\":\"https:\\\/\\\/tdv.org\\\/en-EN\\\/?s={search_term_string}\"},\"query-input\":{\"@type\":\"PropertyValueSpecification\",\"valueRequired\":true,\"valueName\":\"search_term_string\"}}],\"inLanguage\":\"en-GB\"},{\"@type\":\"Organization\",\"@id\":\"https:\\\/\\\/tdv.org\\\/en-EN\\\/#organization\",\"name\":\"T\u00fcrkiye Diyanet Foundation\",\"url\":\"https:\\\/\\\/tdv.org\\\/en-EN\\\/\",\"logo\":{\"@type\":\"ImageObject\",\"inLanguage\":\"en-GB\",\"@id\":\"https:\\\/\\\/tdv.org\\\/en-EN\\\/#\\\/schema\\\/logo\\\/image\\\/\",\"url\":\"https:\\\/\\\/tdv.org\\\/en-EN\\\/wp-content\\\/uploads\\\/2018\\\/12\\\/TDV_Logo_1.png\",\"contentUrl\":\"https:\\\/\\\/tdv.org\\\/en-EN\\\/wp-content\\\/uploads\\\/2018\\\/12\\\/TDV_Logo_1.png\",\"width\":207,\"height\":71,\"caption\":\"T\u00fcrkiye Diyanet Foundation\"},\"image\":{\"@id\":\"https:\\\/\\\/tdv.org\\\/en-EN\\\/#\\\/schema\\\/logo\\\/image\\\/\"},\"sameAs\":[\"https:\\\/\\\/www.facebook.com\\\/TDVint\\\/\",\"https:\\\/\\\/x.com\\\/tdvint\",\"https:\\\/\\\/instagram.com\\\/tdvint\",\"https:\\\/\\\/www.youtube.com\\\/user\\\/TurkiyeDiyanetVakfi\"]},{\"@type\":\"Person\",\"@id\":\"https:\\\/\\\/tdv.org\\\/en-EN\\\/#\\\/schema\\\/person\\\/f291635fa50b8857739248e97a5d9cd0\",\"name\":\"Selim\",\"image\":{\"@type\":\"ImageObject\",\"inLanguage\":\"en-GB\",\"@id\":\"https:\\\/\\\/tdv.org\\\/en-EN\\\/wp-content\\\/litespeed\\\/avatar\\\/a1e47b25396e98e5b781e88a5396cd96.jpg?ver=1776940143\",\"url\":\"https:\\\/\\\/tdv.org\\\/en-EN\\\/wp-content\\\/litespeed\\\/avatar\\\/a1e47b25396e98e5b781e88a5396cd96.jpg?ver=1776940143\",\"contentUrl\":\"https:\\\/\\\/tdv.org\\\/en-EN\\\/wp-content\\\/litespeed\\\/avatar\\\/a1e47b25396e98e5b781e88a5396cd96.jpg?ver=1776940143\",\"caption\":\"Selim\"}}]}<\/script>\n<!-- \/ Yoast SEO plugin. -->","yoast_head_json":{"title":"President of Religious Affairs Erba\u015f celebrated the \u201cInternational Volunteer Day\u201d - T\u00fcrkiye Diyanet Foundation","robots":{"index":"index","follow":"follow","max-snippet":"max-snippet:-1","max-image-preview":"max-image-preview:large","max-video-preview":"max-video-preview:-1"},"canonical":"https:\/\/tdv.org\/en-EN\/president-of-religious-affairs-erbas-celebrated-the-international-volunteer-day\/","og_locale":"en_GB","og_type":"article","og_title":"President of Religious Affairs Erba\u015f celebrated the \u201cInternational Volunteer Day\u201d - T\u00fcrkiye Diyanet Foundation","og_description":"President of Religious Affairs Prof. Dr. Ali Erba\u015f congratulated all volunteers who set their hearts to goodness all over the world and T\u00fcrkiye on the occasion of \u201cInternational Volunteer Day\u201d...","og_url":"https:\/\/tdv.org\/en-EN\/president-of-religious-affairs-erbas-celebrated-the-international-volunteer-day\/","og_site_name":"T\u00fcrkiye Diyanet Foundation","article_publisher":"https:\/\/www.facebook.com\/TDVint\/","article_published_time":"2022-12-06T12:52:04+00:00","article_modified_time":"2022-12-06T13:00:42+00:00","og_image":[{"width":760,"height":506,"url":"https:\/\/tdv.org\/en-EN\/wp-content\/uploads\/2022\/12\/ac62f1ab-006b-41db-ad23-eef039809b35_4_760x506.jpg","type":"image\/jpeg"}],"author":"Selim","twitter_card":"summary_large_image","twitter_creator":"@tdvint","twitter_site":"@tdvint","schema":{"@context":"https:\/\/schema.org","@graph":[{"@type":"Article","@id":"https:\/\/tdv.org\/en-EN\/president-of-religious-affairs-erbas-celebrated-the-international-volunteer-day\/#article","isPartOf":{"@id":"https:\/\/tdv.org\/en-EN\/president-of-religious-affairs-erbas-celebrated-the-international-volunteer-day\/"},"author":{"name":"Selim","@id":"https:\/\/tdv.org\/en-EN\/#\/schema\/person\/f291635fa50b8857739248e97a5d9cd0"},"headline":"President of Religious Affairs Erba\u015f celebrated the \u201cInternational Volunteer Day\u201d","datePublished":"2022-12-06T12:52:04+00:00","dateModified":"2022-12-06T13:00:42+00:00","mainEntityOfPage":{"@id":"https:\/\/tdv.org\/en-EN\/president-of-religious-affairs-erbas-celebrated-the-international-volunteer-day\/"},"wordCount":190,"commentCount":0,"publisher":{"@id":"https:\/\/tdv.org\/en-EN\/#organization"},"image":{"@id":"https:\/\/tdv.org\/en-EN\/president-of-religious-affairs-erbas-celebrated-the-international-volunteer-day\/#primaryimage"},"thumbnailUrl":"https:\/\/tdv.org\/en-EN\/wp-content\/uploads\/2022\/12\/ac62f1ab-006b-41db-ad23-eef039809b35_4_760x506.jpg","articleSection":["News"],"inLanguage":"en-GB","potentialAction":[{"@type":"CommentAction","name":"Comment","target":["https:\/\/tdv.org\/en-EN\/president-of-religious-affairs-erbas-celebrated-the-international-volunteer-day\/#respond"]}]},{"@type":"WebPage","@id":"https:\/\/tdv.org\/en-EN\/president-of-religious-affairs-erbas-celebrated-the-international-volunteer-day\/","url":"https:\/\/tdv.org\/en-EN\/president-of-religious-affairs-erbas-celebrated-the-international-volunteer-day\/","name":"President of Religious Affairs Erba\u015f celebrated the \u201cInternational Volunteer Day\u201d - T\u00fcrkiye Diyanet Foundation","isPartOf":{"@id":"https:\/\/tdv.org\/en-EN\/#website"},"primaryImageOfPage":{"@id":"https:\/\/tdv.org\/en-EN\/president-of-religious-affairs-erbas-celebrated-the-international-volunteer-day\/#primaryimage"},"image":{"@id":"https:\/\/tdv.org\/en-EN\/president-of-religious-affairs-erbas-celebrated-the-international-volunteer-day\/#primaryimage"},"thumbnailUrl":"https:\/\/tdv.org\/en-EN\/wp-content\/uploads\/2022\/12\/ac62f1ab-006b-41db-ad23-eef039809b35_4_760x506.jpg","datePublished":"2022-12-06T12:52:04+00:00","dateModified":"2022-12-06T13:00:42+00:00","breadcrumb":{"@id":"https:\/\/tdv.org\/en-EN\/president-of-religious-affairs-erbas-celebrated-the-international-volunteer-day\/#breadcrumb"},"inLanguage":"en-GB","potentialAction":[{"@type":"ReadAction","target":["https:\/\/tdv.org\/en-EN\/president-of-religious-affairs-erbas-celebrated-the-international-volunteer-day\/"]}]},{"@type":"ImageObject","inLanguage":"en-GB","@id":"https:\/\/tdv.org\/en-EN\/president-of-religious-affairs-erbas-celebrated-the-international-volunteer-day\/#primaryimage","url":"https:\/\/tdv.org\/en-EN\/wp-content\/uploads\/2022\/12\/ac62f1ab-006b-41db-ad23-eef039809b35_4_760x506.jpg","contentUrl":"https:\/\/tdv.org\/en-EN\/wp-content\/uploads\/2022\/12\/ac62f1ab-006b-41db-ad23-eef039809b35_4_760x506.jpg","width":760,"height":506},{"@type":"BreadcrumbList","@id":"https:\/\/tdv.org\/en-EN\/president-of-religious-affairs-erbas-celebrated-the-international-volunteer-day\/#breadcrumb","itemListElement":[{"@type":"ListItem","position":1,"name":"Anasayfa","item":"https:\/\/tdv.org\/en-EN\/"},{"@type":"ListItem","position":2,"name":"President of Religious Affairs Erba\u015f celebrated the \u201cInternational Volunteer Day\u201d"}]},{"@type":"WebSite","@id":"https:\/\/tdv.org\/en-EN\/#website","url":"https:\/\/tdv.org\/en-EN\/","name":"T\u00fcrkiye Diyanet Foundation","description":"&quot;Untill goodness prevails on earth&quot;","publisher":{"@id":"https:\/\/tdv.org\/en-EN\/#organization"},"potentialAction":[{"@type":"SearchAction","target":{"@type":"EntryPoint","urlTemplate":"https:\/\/tdv.org\/en-EN\/?s={search_term_string}"},"query-input":{"@type":"PropertyValueSpecification","valueRequired":true,"valueName":"search_term_string"}}],"inLanguage":"en-GB"},{"@type":"Organization","@id":"https:\/\/tdv.org\/en-EN\/#organization","name":"T\u00fcrkiye Diyanet Foundation","url":"https:\/\/tdv.org\/en-EN\/","logo":{"@type":"ImageObject","inLanguage":"en-GB","@id":"https:\/\/tdv.org\/en-EN\/#\/schema\/logo\/image\/","url":"https:\/\/tdv.org\/en-EN\/wp-content\/uploads\/2018\/12\/TDV_Logo_1.png","contentUrl":"https:\/\/tdv.org\/en-EN\/wp-content\/uploads\/2018\/12\/TDV_Logo_1.png","width":207,"height":71,"caption":"T\u00fcrkiye Diyanet Foundation"},"image":{"@id":"https:\/\/tdv.org\/en-EN\/#\/schema\/logo\/image\/"},"sameAs":["https:\/\/www.facebook.com\/TDVint\/","https:\/\/x.com\/tdvint","https:\/\/instagram.com\/tdvint","https:\/\/www.youtube.com\/user\/TurkiyeDiyanetVakfi"]},{"@type":"Person","@id":"https:\/\/tdv.org\/en-EN\/#\/schema\/person\/f291635fa50b8857739248e97a5d9cd0","name":"Selim","image":{"@type":"ImageObject","inLanguage":"en-GB","@id":"https:\/\/tdv.org\/en-EN\/wp-content\/litespeed\/avatar\/a1e47b25396e98e5b781e88a5396cd96.jpg?ver=1776940143","url":"https:\/\/tdv.org\/en-EN\/wp-content\/litespeed\/avatar\/a1e47b25396e98e5b781e88a5396cd96.jpg?ver=1776940143","contentUrl":"https:\/\/tdv.org\/en-EN\/wp-content\/litespeed\/avatar\/a1e47b25396e98e5b781e88a5396cd96.jpg?ver=1776940143","caption":"Selim"}}]}},"_links":{"self":[{"href":"https:\/\/tdv.org\/en-EN\/wp-json\/wp\/v2\/posts\/19438","targetHints":{"allow":["GET"]}}],"collection":[{"href":"https:\/\/tdv.org\/en-EN\/wp-json\/wp\/v2\/posts"}],"about":[{"href":"https:\/\/tdv.org\/en-EN\/wp-json\/wp\/v2\/types\/post"}],"author":[{"embeddable":true,"href":"https:\/\/tdv.org\/en-EN\/wp-json\/wp\/v2\/users\/8"}],"replies":[{"embeddable":true,"href":"https:\/\/tdv.org\/en-EN\/wp-json\/wp\/v2\/comments?post=19438"}],"version-history":[{"count":2,"href":"https:\/\/tdv.org\/en-EN\/wp-json\/wp\/v2\/posts\/19438\/revisions"}],"predecessor-version":[{"id":19441,"href":"https:\/\/tdv.org\/en-EN\/wp-json\/wp\/v2\/posts\/19438\/revisions\/19441"}],"wp:featuredmedia":[{"embeddable":true,"href":"https:\/\/tdv.org\/en-EN\/wp-json\/wp\/v2\/media\/19439"}],"wp:attachment":[{"href":"https:\/\/tdv.org\/en-EN\/wp-json\/wp\/v2\/media?parent=19438"}],"wp:term":[{"taxonomy":"category","embeddable":true,"href":"https:\/\/tdv.org\/en-EN\/wp-json\/wp\/v2\/categories?post=19438"},{"taxonomy":"post_tag","embeddable":true,"href":"https:\/\/tdv.org\/en-EN\/wp-json\/wp\/v2\/tags?post=19438"}],"curies":[{"name":"wp","href":"https:\/\/api.w.org\/{rel}","templated":true}]}}