{"id":20076,"date":"2023-06-27T12:08:25","date_gmt":"2023-06-27T09:08:25","guid":{"rendered":"https:\/\/tdv.org\/en-EN\/?p=20076"},"modified":"2023-06-27T12:08:25","modified_gmt":"2023-06-27T09:08:25","slug":"turkiye-diyanet-foundation-aims-to-reach-25-million-people-during-eid-al-adha","status":"publish","type":"post","link":"https:\/\/tdv.org\/en-EN\/turkiye-diyanet-foundation-aims-to-reach-25-million-people-during-eid-al-adha\/","title":{"rendered":"T\u00fcrkiye Diyanet Foundation aims to reach 25 million people during Eid al-Adha"},"content":{"rendered":"<p style=\"margin: 0cm; text-align: justify;\"><span style=\"color: #0e101a;\">\u00a0<\/span><span style=\"color: #0e101a;\">T\u00fcrkiye Diyanet Foundation aims to reach 25 million people on Eid al-Adha<\/span><\/p>\n<p style=\"margin: 0cm; text-align: justify;\"><span style=\"color: #0e101a;\">\u0130zani Turan, the General Manager of the T\u00fcrkiye Diyanet Foundation (TDV), stated that they aim to reach 25 million people with over 600,000 Qurbani shares that will be donated this year.<\/span><\/p>\n<p style=\"margin: 0cm; text-align: justify;\"><span style=\"color: #0e101a;\">In his statement regarding the preparations for Eid al-Adha, TDV General Manager \u0130zani Turan mentioned that the efforts were progressing well and that this year&#8217;s aid would continue to increase, as is the case every year.<\/span><\/p>\n<p style=\"margin: 0cm; text-align: justify;\"><span style=\"color: #0e101a;\">Turan recalled Religious Affairs President Ali Erba\u015f&#8217;s statement emphasizing the focus on earthquake-stricken areas during this year&#8217;s Eid al-Adha. However, he mentioned that there is an insistence from the donors. We are already planning to donate within the country, but there have been requests to allocate some of our shares of Qurbanies to the poor and needy in other impoverished countries as well. Therefore, we have opened up that donation channel, but it is limited. Last year, we conducted Qurbani activities in 83 countries, but this year we have reduced it to 49 countries. By doing so, we will not neglect the regions that are completely deprived of food and water.&#8221;<\/span><\/p>\n<p style=\"margin: 0cm; text-align: justify;\"><span style=\"color: #0e101a;\">Turan explained that they will not withhold aid until the regions affected by the earthquakes centered in Kahramanmara\u015f rise gain. He stated, &#8220;Our priority, specifically for Eid Al Adha, will be the earthquake-stricken areas. This is certain, and Inshallah, we will not let any house or any earthquake survivor be left disadvantaged.&#8221;<\/span><\/p>\n<p style=\"margin: 0cm; text-align: justify;\"><span style=\"color: #0e101a;\">Turan expressed that donations to TDV have increased this year, saying, &#8220;Last year, we received 525,000 shares from donors. This year, I believe we will reach 600,000 shares, and perhaps even surpass that number. The compassionate wings of this nation are so wide that they encompass the world as far as the crescent can reach.&#8221;<\/span><\/p>\n<p style=\"margin: 0cm; text-align: justify;\"><span style=\"color: #0e101a;\">Turan highlighted that Qurbani donations to TDV can be made through various channels and said, &#8220;They can be made at our central headquarters. If our people come directly to Ankara and say, &#8220;I want to personally deliver my donation here,&#8221; not only will they receive the information they need, but they can also obtain details about the organization and its operations. He mentioned that donations can be made through phones, banks, and PTT branches. However, he emphasized that the most important method is through our provincial and district Muftis, which means through our 1,003 branches, where these donations can also be made.<\/span><\/p>\n<p style=\"margin: 0cm; text-align: justify;\"><span style=\"color: #0e101a;\">\u201c25 milyon insana ula\u015fma ihtimalimiz netle\u015fmeye ba\u015flad\u0131\u201d<\/span><\/p>\n<p style=\"margin: 0cm; text-align: justify;\"><span style=\"color: #0e101a;\">Turan mentioned that it is possible to exceed the donation of 600,000 shares this year, stating, &#8220;Perhaps we have the opportunity to reach 620,000 or 630,000 shares. We may achieve even more, but we are heading towards that point initially. On this occasion, the possibility of reaching 25 million people instead of the 22 million people we reached last year has become quite clear. On this occasion, I would like to express our gratitude to all donors and those who trust us.\u201d<\/span><\/p>\n<p style=\"margin: 0cm; text-align: justify;\"><span style=\"color: #0e101a;\">Additionally, Turan mentioned that citizens can make their Qurbani donations to TDV until 5:00 PM on the first day of Eid al-Adha.<\/span><\/p>\n","protected":false},"excerpt":{"rendered":"<p>\u00a0T\u00fcrkiye Diyanet Foundation aims to reach 25 million people on Eid al-Adha \u0130zani Turan, the General Manager of the T\u00fcrkiye Diyanet Foundation (TDV), stated that they aim to reach 25&#8230;<\/p>\n","protected":false},"author":8,"featured_media":20077,"comment_status":"open","ping_status":"closed","sticky":false,"template":"","format":"standard","meta":{"footnotes":""},"categories":[1],"tags":[1692,1694,1519],"class_list":{"0":"post-20076","1":"post","2":"type-post","3":"status-publish","4":"format-standard","5":"has-post-thumbnail","7":"category-news","8":"tag-qurbani","9":"tag-share-your-qurbani","10":"tag-tdv"},"yoast_head":"<!-- This site is optimized with the Yoast SEO plugin v27.5 - https:\/\/yoast.com\/product\/yoast-seo-wordpress\/ -->\n<title>T\u00fcrkiye Diyanet Foundation aims to reach 25 million people during Eid al-Adha - T\u00fcrkiye Diyanet Foundation<\/title>\n<meta name=\"description\" content=\"T\u00fcrkiye Diyanet Foundation aims to reach 25 million people on Eid al-Adha\" \/>\n<meta name=\"robots\" content=\"index, follow, max-snippet:-1, max-image-preview:large, max-video-preview:-1\" \/>\n<link rel=\"canonical\" href=\"https:\/\/tdv.org\/en-EN\/turkiye-diyanet-foundation-aims-to-reach-25-million-people-during-eid-al-adha\/\" \/>\n<meta property=\"og:locale\" content=\"en_GB\" \/>\n<meta property=\"og:type\" content=\"article\" \/>\n<meta property=\"og:title\" content=\"T\u00fcrkiye Diyanet Foundation aims to reach 25 million people during Eid al-Adha - T\u00fcrkiye Diyanet Foundation\" \/>\n<meta property=\"og:description\" content=\"T\u00fcrkiye Diyanet Foundation aims to reach 25 million people on Eid al-Adha\" \/>\n<meta property=\"og:url\" content=\"https:\/\/tdv.org\/en-EN\/turkiye-diyanet-foundation-aims-to-reach-25-million-people-during-eid-al-adha\/\" \/>\n<meta property=\"og:site_name\" content=\"T\u00fcrkiye Diyanet Foundation\" \/>\n<meta property=\"article:publisher\" content=\"https:\/\/www.facebook.com\/TDVint\/\" \/>\n<meta property=\"article:published_time\" content=\"2023-06-27T09:08:25+00:00\" \/>\n<meta property=\"og:image\" content=\"https:\/\/tdv.org\/en-EN\/wp-content\/uploads\/2023\/06\/AW922927_02-scaled-1.jpg\" \/>\n\t<meta property=\"og:image:width\" content=\"2560\" \/>\n\t<meta property=\"og:image:height\" content=\"1442\" \/>\n\t<meta property=\"og:image:type\" content=\"image\/jpeg\" \/>\n<meta name=\"author\" content=\"Selim\" \/>\n<meta name=\"twitter:card\" content=\"summary_large_image\" \/>\n<meta name=\"twitter:creator\" content=\"@tdvint\" \/>\n<meta name=\"twitter:site\" content=\"@tdvint\" \/>\n<script type=\"application\/ld+json\" class=\"yoast-schema-graph\">{\"@context\":\"https:\\\/\\\/schema.org\",\"@graph\":[{\"@type\":\"Article\",\"@id\":\"https:\\\/\\\/tdv.org\\\/en-EN\\\/turkiye-diyanet-foundation-aims-to-reach-25-million-people-during-eid-al-adha\\\/#article\",\"isPartOf\":{\"@id\":\"https:\\\/\\\/tdv.org\\\/en-EN\\\/turkiye-diyanet-foundation-aims-to-reach-25-million-people-during-eid-al-adha\\\/\"},\"author\":{\"name\":\"Selim\",\"@id\":\"https:\\\/\\\/tdv.org\\\/en-EN\\\/#\\\/schema\\\/person\\\/f291635fa50b8857739248e97a5d9cd0\"},\"headline\":\"T\u00fcrkiye Diyanet Foundation aims to reach 25 million people during Eid al-Adha\",\"datePublished\":\"2023-06-27T09:08:25+00:00\",\"mainEntityOfPage\":{\"@id\":\"https:\\\/\\\/tdv.org\\\/en-EN\\\/turkiye-diyanet-foundation-aims-to-reach-25-million-people-during-eid-al-adha\\\/\"},\"wordCount\":515,\"commentCount\":0,\"publisher\":{\"@id\":\"https:\\\/\\\/tdv.org\\\/en-EN\\\/#organization\"},\"image\":{\"@id\":\"https:\\\/\\\/tdv.org\\\/en-EN\\\/turkiye-diyanet-foundation-aims-to-reach-25-million-people-during-eid-al-adha\\\/#primaryimage\"},\"thumbnailUrl\":\"https:\\\/\\\/tdv.org\\\/en-EN\\\/wp-content\\\/uploads\\\/2023\\\/06\\\/AW922927_02-scaled-1.jpg\",\"keywords\":[\"Qurbani\",\"Share Your Qurbani\",\"TDV\"],\"articleSection\":[\"News\"],\"inLanguage\":\"en-GB\",\"potentialAction\":[{\"@type\":\"CommentAction\",\"name\":\"Comment\",\"target\":[\"https:\\\/\\\/tdv.org\\\/en-EN\\\/turkiye-diyanet-foundation-aims-to-reach-25-million-people-during-eid-al-adha\\\/#respond\"]}]},{\"@type\":\"WebPage\",\"@id\":\"https:\\\/\\\/tdv.org\\\/en-EN\\\/turkiye-diyanet-foundation-aims-to-reach-25-million-people-during-eid-al-adha\\\/\",\"url\":\"https:\\\/\\\/tdv.org\\\/en-EN\\\/turkiye-diyanet-foundation-aims-to-reach-25-million-people-during-eid-al-adha\\\/\",\"name\":\"T\u00fcrkiye Diyanet Foundation aims to reach 25 million people during Eid al-Adha - T\u00fcrkiye Diyanet Foundation\",\"isPartOf\":{\"@id\":\"https:\\\/\\\/tdv.org\\\/en-EN\\\/#website\"},\"primaryImageOfPage\":{\"@id\":\"https:\\\/\\\/tdv.org\\\/en-EN\\\/turkiye-diyanet-foundation-aims-to-reach-25-million-people-during-eid-al-adha\\\/#primaryimage\"},\"image\":{\"@id\":\"https:\\\/\\\/tdv.org\\\/en-EN\\\/turkiye-diyanet-foundation-aims-to-reach-25-million-people-during-eid-al-adha\\\/#primaryimage\"},\"thumbnailUrl\":\"https:\\\/\\\/tdv.org\\\/en-EN\\\/wp-content\\\/uploads\\\/2023\\\/06\\\/AW922927_02-scaled-1.jpg\",\"datePublished\":\"2023-06-27T09:08:25+00:00\",\"description\":\"T\u00fcrkiye Diyanet Foundation aims to reach 25 million people on Eid al-Adha\",\"breadcrumb\":{\"@id\":\"https:\\\/\\\/tdv.org\\\/en-EN\\\/turkiye-diyanet-foundation-aims-to-reach-25-million-people-during-eid-al-adha\\\/#breadcrumb\"},\"inLanguage\":\"en-GB\",\"potentialAction\":[{\"@type\":\"ReadAction\",\"target\":[\"https:\\\/\\\/tdv.org\\\/en-EN\\\/turkiye-diyanet-foundation-aims-to-reach-25-million-people-during-eid-al-adha\\\/\"]}]},{\"@type\":\"ImageObject\",\"inLanguage\":\"en-GB\",\"@id\":\"https:\\\/\\\/tdv.org\\\/en-EN\\\/turkiye-diyanet-foundation-aims-to-reach-25-million-people-during-eid-al-adha\\\/#primaryimage\",\"url\":\"https:\\\/\\\/tdv.org\\\/en-EN\\\/wp-content\\\/uploads\\\/2023\\\/06\\\/AW922927_02-scaled-1.jpg\",\"contentUrl\":\"https:\\\/\\\/tdv.org\\\/en-EN\\\/wp-content\\\/uploads\\\/2023\\\/06\\\/AW922927_02-scaled-1.jpg\",\"width\":2560,\"height\":1442},{\"@type\":\"BreadcrumbList\",\"@id\":\"https:\\\/\\\/tdv.org\\\/en-EN\\\/turkiye-diyanet-foundation-aims-to-reach-25-million-people-during-eid-al-adha\\\/#breadcrumb\",\"itemListElement\":[{\"@type\":\"ListItem\",\"position\":1,\"name\":\"Anasayfa\",\"item\":\"https:\\\/\\\/tdv.org\\\/en-EN\\\/\"},{\"@type\":\"ListItem\",\"position\":2,\"name\":\"T\u00fcrkiye Diyanet Foundation aims to reach 25 million people during Eid al-Adha\"}]},{\"@type\":\"WebSite\",\"@id\":\"https:\\\/\\\/tdv.org\\\/en-EN\\\/#website\",\"url\":\"https:\\\/\\\/tdv.org\\\/en-EN\\\/\",\"name\":\"T\u00fcrkiye Diyanet Foundation\",\"description\":\"&quot;Untill goodness prevails on earth&quot;\",\"publisher\":{\"@id\":\"https:\\\/\\\/tdv.org\\\/en-EN\\\/#organization\"},\"potentialAction\":[{\"@type\":\"SearchAction\",\"target\":{\"@type\":\"EntryPoint\",\"urlTemplate\":\"https:\\\/\\\/tdv.org\\\/en-EN\\\/?s={search_term_string}\"},\"query-input\":{\"@type\":\"PropertyValueSpecification\",\"valueRequired\":true,\"valueName\":\"search_term_string\"}}],\"inLanguage\":\"en-GB\"},{\"@type\":\"Organization\",\"@id\":\"https:\\\/\\\/tdv.org\\\/en-EN\\\/#organization\",\"name\":\"T\u00fcrkiye Diyanet Foundation\",\"url\":\"https:\\\/\\\/tdv.org\\\/en-EN\\\/\",\"logo\":{\"@type\":\"ImageObject\",\"inLanguage\":\"en-GB\",\"@id\":\"https:\\\/\\\/tdv.org\\\/en-EN\\\/#\\\/schema\\\/logo\\\/image\\\/\",\"url\":\"https:\\\/\\\/tdv.org\\\/en-EN\\\/wp-content\\\/uploads\\\/2018\\\/12\\\/TDV_Logo_1.png\",\"contentUrl\":\"https:\\\/\\\/tdv.org\\\/en-EN\\\/wp-content\\\/uploads\\\/2018\\\/12\\\/TDV_Logo_1.png\",\"width\":207,\"height\":71,\"caption\":\"T\u00fcrkiye Diyanet Foundation\"},\"image\":{\"@id\":\"https:\\\/\\\/tdv.org\\\/en-EN\\\/#\\\/schema\\\/logo\\\/image\\\/\"},\"sameAs\":[\"https:\\\/\\\/www.facebook.com\\\/TDVint\\\/\",\"https:\\\/\\\/x.com\\\/tdvint\",\"https:\\\/\\\/instagram.com\\\/tdvint\",\"https:\\\/\\\/www.youtube.com\\\/user\\\/TurkiyeDiyanetVakfi\"]},{\"@type\":\"Person\",\"@id\":\"https:\\\/\\\/tdv.org\\\/en-EN\\\/#\\\/schema\\\/person\\\/f291635fa50b8857739248e97a5d9cd0\",\"name\":\"Selim\",\"image\":{\"@type\":\"ImageObject\",\"inLanguage\":\"en-GB\",\"@id\":\"https:\\\/\\\/tdv.org\\\/en-EN\\\/wp-content\\\/litespeed\\\/avatar\\\/a1e47b25396e98e5b781e88a5396cd96.jpg?ver=1777544973\",\"url\":\"https:\\\/\\\/tdv.org\\\/en-EN\\\/wp-content\\\/litespeed\\\/avatar\\\/a1e47b25396e98e5b781e88a5396cd96.jpg?ver=1777544973\",\"contentUrl\":\"https:\\\/\\\/tdv.org\\\/en-EN\\\/wp-content\\\/litespeed\\\/avatar\\\/a1e47b25396e98e5b781e88a5396cd96.jpg?ver=1777544973\",\"caption\":\"Selim\"}}]}<\/script>\n<!-- \/ Yoast SEO plugin. -->","yoast_head_json":{"title":"T\u00fcrkiye Diyanet Foundation aims to reach 25 million people during Eid al-Adha - T\u00fcrkiye Diyanet Foundation","description":"T\u00fcrkiye Diyanet Foundation aims to reach 25 million people on Eid al-Adha","robots":{"index":"index","follow":"follow","max-snippet":"max-snippet:-1","max-image-preview":"max-image-preview:large","max-video-preview":"max-video-preview:-1"},"canonical":"https:\/\/tdv.org\/en-EN\/turkiye-diyanet-foundation-aims-to-reach-25-million-people-during-eid-al-adha\/","og_locale":"en_GB","og_type":"article","og_title":"T\u00fcrkiye Diyanet Foundation aims to reach 25 million people during Eid al-Adha - T\u00fcrkiye Diyanet Foundation","og_description":"T\u00fcrkiye Diyanet Foundation aims to reach 25 million people on Eid al-Adha","og_url":"https:\/\/tdv.org\/en-EN\/turkiye-diyanet-foundation-aims-to-reach-25-million-people-during-eid-al-adha\/","og_site_name":"T\u00fcrkiye Diyanet Foundation","article_publisher":"https:\/\/www.facebook.com\/TDVint\/","article_published_time":"2023-06-27T09:08:25+00:00","og_image":[{"width":2560,"height":1442,"url":"https:\/\/tdv.org\/en-EN\/wp-content\/uploads\/2023\/06\/AW922927_02-scaled-1.jpg","type":"image\/jpeg"}],"author":"Selim","twitter_card":"summary_large_image","twitter_creator":"@tdvint","twitter_site":"@tdvint","schema":{"@context":"https:\/\/schema.org","@graph":[{"@type":"Article","@id":"https:\/\/tdv.org\/en-EN\/turkiye-diyanet-foundation-aims-to-reach-25-million-people-during-eid-al-adha\/#article","isPartOf":{"@id":"https:\/\/tdv.org\/en-EN\/turkiye-diyanet-foundation-aims-to-reach-25-million-people-during-eid-al-adha\/"},"author":{"name":"Selim","@id":"https:\/\/tdv.org\/en-EN\/#\/schema\/person\/f291635fa50b8857739248e97a5d9cd0"},"headline":"T\u00fcrkiye Diyanet Foundation aims to reach 25 million people during Eid al-Adha","datePublished":"2023-06-27T09:08:25+00:00","mainEntityOfPage":{"@id":"https:\/\/tdv.org\/en-EN\/turkiye-diyanet-foundation-aims-to-reach-25-million-people-during-eid-al-adha\/"},"wordCount":515,"commentCount":0,"publisher":{"@id":"https:\/\/tdv.org\/en-EN\/#organization"},"image":{"@id":"https:\/\/tdv.org\/en-EN\/turkiye-diyanet-foundation-aims-to-reach-25-million-people-during-eid-al-adha\/#primaryimage"},"thumbnailUrl":"https:\/\/tdv.org\/en-EN\/wp-content\/uploads\/2023\/06\/AW922927_02-scaled-1.jpg","keywords":["Qurbani","Share Your Qurbani","TDV"],"articleSection":["News"],"inLanguage":"en-GB","potentialAction":[{"@type":"CommentAction","name":"Comment","target":["https:\/\/tdv.org\/en-EN\/turkiye-diyanet-foundation-aims-to-reach-25-million-people-during-eid-al-adha\/#respond"]}]},{"@type":"WebPage","@id":"https:\/\/tdv.org\/en-EN\/turkiye-diyanet-foundation-aims-to-reach-25-million-people-during-eid-al-adha\/","url":"https:\/\/tdv.org\/en-EN\/turkiye-diyanet-foundation-aims-to-reach-25-million-people-during-eid-al-adha\/","name":"T\u00fcrkiye Diyanet Foundation aims to reach 25 million people during Eid al-Adha - T\u00fcrkiye Diyanet Foundation","isPartOf":{"@id":"https:\/\/tdv.org\/en-EN\/#website"},"primaryImageOfPage":{"@id":"https:\/\/tdv.org\/en-EN\/turkiye-diyanet-foundation-aims-to-reach-25-million-people-during-eid-al-adha\/#primaryimage"},"image":{"@id":"https:\/\/tdv.org\/en-EN\/turkiye-diyanet-foundation-aims-to-reach-25-million-people-during-eid-al-adha\/#primaryimage"},"thumbnailUrl":"https:\/\/tdv.org\/en-EN\/wp-content\/uploads\/2023\/06\/AW922927_02-scaled-1.jpg","datePublished":"2023-06-27T09:08:25+00:00","description":"T\u00fcrkiye Diyanet Foundation aims to reach 25 million people on Eid al-Adha","breadcrumb":{"@id":"https:\/\/tdv.org\/en-EN\/turkiye-diyanet-foundation-aims-to-reach-25-million-people-during-eid-al-adha\/#breadcrumb"},"inLanguage":"en-GB","potentialAction":[{"@type":"ReadAction","target":["https:\/\/tdv.org\/en-EN\/turkiye-diyanet-foundation-aims-to-reach-25-million-people-during-eid-al-adha\/"]}]},{"@type":"ImageObject","inLanguage":"en-GB","@id":"https:\/\/tdv.org\/en-EN\/turkiye-diyanet-foundation-aims-to-reach-25-million-people-during-eid-al-adha\/#primaryimage","url":"https:\/\/tdv.org\/en-EN\/wp-content\/uploads\/2023\/06\/AW922927_02-scaled-1.jpg","contentUrl":"https:\/\/tdv.org\/en-EN\/wp-content\/uploads\/2023\/06\/AW922927_02-scaled-1.jpg","width":2560,"height":1442},{"@type":"BreadcrumbList","@id":"https:\/\/tdv.org\/en-EN\/turkiye-diyanet-foundation-aims-to-reach-25-million-people-during-eid-al-adha\/#breadcrumb","itemListElement":[{"@type":"ListItem","position":1,"name":"Anasayfa","item":"https:\/\/tdv.org\/en-EN\/"},{"@type":"ListItem","position":2,"name":"T\u00fcrkiye Diyanet Foundation aims to reach 25 million people during Eid al-Adha"}]},{"@type":"WebSite","@id":"https:\/\/tdv.org\/en-EN\/#website","url":"https:\/\/tdv.org\/en-EN\/","name":"T\u00fcrkiye Diyanet Foundation","description":"&quot;Untill goodness prevails on earth&quot;","publisher":{"@id":"https:\/\/tdv.org\/en-EN\/#organization"},"potentialAction":[{"@type":"SearchAction","target":{"@type":"EntryPoint","urlTemplate":"https:\/\/tdv.org\/en-EN\/?s={search_term_string}"},"query-input":{"@type":"PropertyValueSpecification","valueRequired":true,"valueName":"search_term_string"}}],"inLanguage":"en-GB"},{"@type":"Organization","@id":"https:\/\/tdv.org\/en-EN\/#organization","name":"T\u00fcrkiye Diyanet Foundation","url":"https:\/\/tdv.org\/en-EN\/","logo":{"@type":"ImageObject","inLanguage":"en-GB","@id":"https:\/\/tdv.org\/en-EN\/#\/schema\/logo\/image\/","url":"https:\/\/tdv.org\/en-EN\/wp-content\/uploads\/2018\/12\/TDV_Logo_1.png","contentUrl":"https:\/\/tdv.org\/en-EN\/wp-content\/uploads\/2018\/12\/TDV_Logo_1.png","width":207,"height":71,"caption":"T\u00fcrkiye Diyanet Foundation"},"image":{"@id":"https:\/\/tdv.org\/en-EN\/#\/schema\/logo\/image\/"},"sameAs":["https:\/\/www.facebook.com\/TDVint\/","https:\/\/x.com\/tdvint","https:\/\/instagram.com\/tdvint","https:\/\/www.youtube.com\/user\/TurkiyeDiyanetVakfi"]},{"@type":"Person","@id":"https:\/\/tdv.org\/en-EN\/#\/schema\/person\/f291635fa50b8857739248e97a5d9cd0","name":"Selim","image":{"@type":"ImageObject","inLanguage":"en-GB","@id":"https:\/\/tdv.org\/en-EN\/wp-content\/litespeed\/avatar\/a1e47b25396e98e5b781e88a5396cd96.jpg?ver=1777544973","url":"https:\/\/tdv.org\/en-EN\/wp-content\/litespeed\/avatar\/a1e47b25396e98e5b781e88a5396cd96.jpg?ver=1777544973","contentUrl":"https:\/\/tdv.org\/en-EN\/wp-content\/litespeed\/avatar\/a1e47b25396e98e5b781e88a5396cd96.jpg?ver=1777544973","caption":"Selim"}}]}},"_links":{"self":[{"href":"https:\/\/tdv.org\/en-EN\/wp-json\/wp\/v2\/posts\/20076","targetHints":{"allow":["GET"]}}],"collection":[{"href":"https:\/\/tdv.org\/en-EN\/wp-json\/wp\/v2\/posts"}],"about":[{"href":"https:\/\/tdv.org\/en-EN\/wp-json\/wp\/v2\/types\/post"}],"author":[{"embeddable":true,"href":"https:\/\/tdv.org\/en-EN\/wp-json\/wp\/v2\/users\/8"}],"replies":[{"embeddable":true,"href":"https:\/\/tdv.org\/en-EN\/wp-json\/wp\/v2\/comments?post=20076"}],"version-history":[{"count":1,"href":"https:\/\/tdv.org\/en-EN\/wp-json\/wp\/v2\/posts\/20076\/revisions"}],"predecessor-version":[{"id":20078,"href":"https:\/\/tdv.org\/en-EN\/wp-json\/wp\/v2\/posts\/20076\/revisions\/20078"}],"wp:featuredmedia":[{"embeddable":true,"href":"https:\/\/tdv.org\/en-EN\/wp-json\/wp\/v2\/media\/20077"}],"wp:attachment":[{"href":"https:\/\/tdv.org\/en-EN\/wp-json\/wp\/v2\/media?parent=20076"}],"wp:term":[{"taxonomy":"category","embeddable":true,"href":"https:\/\/tdv.org\/en-EN\/wp-json\/wp\/v2\/categories?post=20076"},{"taxonomy":"post_tag","embeddable":true,"href":"https:\/\/tdv.org\/en-EN\/wp-json\/wp\/v2\/tags?post=20076"}],"curies":[{"name":"wp","href":"https:\/\/api.w.org\/{rel}","templated":true}]}}