{"id":21701,"date":"2025-06-07T13:16:11","date_gmt":"2025-06-07T10:16:11","guid":{"rendered":"https:\/\/tdv.org\/en-EN\/?p=21701"},"modified":"2026-02-02T08:43:13","modified_gmt":"2026-02-02T05:43:13","slug":"muslims-gather-in-madagascar-to-perform-eid-prayer","status":"publish","type":"post","link":"https:\/\/tdv.org\/en-EN\/muslims-gather-in-madagascar-to-perform-eid-prayer\/","title":{"rendered":"Muslims Gather in Madagascar to Perform Eid Prayer"},"content":{"rendered":"<p style=\"text-align: justify;\">Muslims in Madagascar Celebrate Eid with Morning Prayers in Unity In Madagascar, an East African island nation, Muslims gathered shoulder to shoulder in mosques and open fields to celebrate Eid al-Adha with communal prayer.<\/p>\n<p style=\"text-align: justify;\">\u00a0From the young to the old, thousands assembled early in the morning at local mosques and public squares across the country to mark the sacred occasion.<\/p>\n<p style=\"text-align: justify;\">\u00a0In the village of Murafey, 80 kilometers from Mahajanga, residents arrived with the first light of day, preparing their hearts and space for the Eid prayer.<\/p>\n<p style=\"text-align: justify;\">In a heartfelt scene, Muslims in a small village in Madagascar swept the mosque\u2019s courtyard and carefully laid carpets to welcome Eid al-Adha.<\/p>\n<p style=\"text-align: justify;\">They were joined by Professor Fatih Koca from Ankara University\u2019s Faculty of Theology and TDV volunteer, as well as Aykut Burak \u015eim\u015fek, TDV\u2019s Corporate Communications Coordinator.<\/p>\n<p style=\"text-align: justify;\">Together with the villagers, they stood shoulder to shoulder and offered the Eid prayer in unity and peace.<\/p>\n<p style=\"text-align: justify;\">Before the prayer, Koca recited verses from the holy Qur&#8217;an and sang Ilahis (religious hymns), moving both the men inside the mosque and the women praying in the courtyard.<\/p>\n<p style=\"text-align: justify;\">He stated that on the occasion of Eid al-Adha, they made Dua for all Muslims in Gaza, Palestine, Myanmar, and East Turkestan.<\/p>\n<p style=\"text-align: justify;\">Koca added that they came to Madagascar this year as part of TDV\u2019s Qurbani meat distribution program and said:<\/p>\n<p style=\"text-align: justify;\">\u201cIn Marufey village near Mahajanga, we celebrated Eid with our Muslim brothers and sisters through TDV\u2019s Qurbani program.<\/p>\n<p style=\"text-align: justify;\">The local imam thanked T\u00fcrkiye and asked me to recite the holy Qur\u2019an. Later, I sang an Arabic ilahi\u00a0 and to my surprise, everyone joined in.<\/p>\n<p style=\"text-align: justify;\">An unforgettable, emotional moment of unity and joy, thousands of kilometers from home.\u201d<\/p>\n<p style=\"text-align: justify;\">As part of the TDV\u2019s Qurbani (Eid al-Adha) program, S\u00fcleyman Meliko\u011flu, the Mufti of G\u00f6lba\u015f\u0131 in Ad\u0131yaman, led the Eid prayer in Ananalava. After the prayer, worshippers embraced and exchanged Eid greetings with one another.<\/p>\n\n\t\t<style type=\"text\/css\">\n\t\t\t#gallery-1 {\n\t\t\t\tmargin: auto;\n\t\t\t}\n\t\t\t#gallery-1 .gallery-item {\n\t\t\t\tfloat: left;\n\t\t\t\tmargin-top: 10px;\n\t\t\t\ttext-align: center;\n\t\t\t\twidth: 33%;\n\t\t\t}\n\t\t\t#gallery-1 img {\n\t\t\t\tborder: 2px solid #cfcfcf;\n\t\t\t}\n\t\t\t#gallery-1 .gallery-caption {\n\t\t\t\tmargin-left: 0;\n\t\t\t}\n\t\t\t\/* see gallery_shortcode() in wp-includes\/media.php *\/\n\t\t<\/style>\n\t\t<div id='gallery-1' class='gallery galleryid-21701 gallery-columns-3 gallery-size-full'><dl class='gallery-item'>\n\t\t\t<dt class='gallery-icon landscape'>\n\t\t\t\t<a href='https:\/\/tdv.org\/en-EN\/wp-content\/uploads\/2025\/06\/madagaskarda-muslumanlar-bayram-namazi-icin-saf-tuttu-9.jpg'><img loading=\"lazy\" decoding=\"async\" width=\"1197\" height=\"768\" src=\"https:\/\/tdv.org\/en-EN\/wp-content\/uploads\/2025\/06\/madagaskarda-muslumanlar-bayram-namazi-icin-saf-tuttu-9.jpg\" class=\"attachment-full size-full\" alt=\"\" srcset=\"https:\/\/tdv.org\/en-EN\/wp-content\/uploads\/2025\/06\/madagaskarda-muslumanlar-bayram-namazi-icin-saf-tuttu-9.jpg 1197w, https:\/\/tdv.org\/en-EN\/wp-content\/uploads\/2025\/06\/madagaskarda-muslumanlar-bayram-namazi-icin-saf-tuttu-9-300x192.jpg 300w, https:\/\/tdv.org\/en-EN\/wp-content\/uploads\/2025\/06\/madagaskarda-muslumanlar-bayram-namazi-icin-saf-tuttu-9-1024x657.jpg 1024w, https:\/\/tdv.org\/en-EN\/wp-content\/uploads\/2025\/06\/madagaskarda-muslumanlar-bayram-namazi-icin-saf-tuttu-9-768x493.jpg 768w\" sizes=\"auto, (max-width: 1197px) 100vw, 1197px\" \/><\/a>\n\t\t\t<\/dt><\/dl><dl class='gallery-item'>\n\t\t\t<dt class='gallery-icon landscape'>\n\t\t\t\t<a href='https:\/\/tdv.org\/en-EN\/wp-content\/uploads\/2025\/06\/madagaskarda-muslumanlar-bayram-namazi-icin-saf-tuttu-10.jpg'><img loading=\"lazy\" decoding=\"async\" width=\"1152\" height=\"768\" src=\"https:\/\/tdv.org\/en-EN\/wp-content\/uploads\/2025\/06\/madagaskarda-muslumanlar-bayram-namazi-icin-saf-tuttu-10.jpg\" class=\"attachment-full size-full\" alt=\"\" srcset=\"https:\/\/tdv.org\/en-EN\/wp-content\/uploads\/2025\/06\/madagaskarda-muslumanlar-bayram-namazi-icin-saf-tuttu-10.jpg 1152w, https:\/\/tdv.org\/en-EN\/wp-content\/uploads\/2025\/06\/madagaskarda-muslumanlar-bayram-namazi-icin-saf-tuttu-10-300x200.jpg 300w, https:\/\/tdv.org\/en-EN\/wp-content\/uploads\/2025\/06\/madagaskarda-muslumanlar-bayram-namazi-icin-saf-tuttu-10-1024x683.jpg 1024w, https:\/\/tdv.org\/en-EN\/wp-content\/uploads\/2025\/06\/madagaskarda-muslumanlar-bayram-namazi-icin-saf-tuttu-10-768x512.jpg 768w, https:\/\/tdv.org\/en-EN\/wp-content\/uploads\/2025\/06\/madagaskarda-muslumanlar-bayram-namazi-icin-saf-tuttu-10-900x600.jpg 900w\" sizes=\"auto, (max-width: 1152px) 100vw, 1152px\" \/><\/a>\n\t\t\t<\/dt><\/dl><dl class='gallery-item'>\n\t\t\t<dt class='gallery-icon landscape'>\n\t\t\t\t<a href='https:\/\/tdv.org\/en-EN\/wp-content\/uploads\/2025\/06\/madagaskarda-muslumanlar-bayram-namazi-icin-saf-tuttu-11.jpg'><img loading=\"lazy\" decoding=\"async\" width=\"1152\" height=\"768\" src=\"https:\/\/tdv.org\/en-EN\/wp-content\/uploads\/2025\/06\/madagaskarda-muslumanlar-bayram-namazi-icin-saf-tuttu-11.jpg\" class=\"attachment-full size-full\" alt=\"\" srcset=\"https:\/\/tdv.org\/en-EN\/wp-content\/uploads\/2025\/06\/madagaskarda-muslumanlar-bayram-namazi-icin-saf-tuttu-11.jpg 1152w, https:\/\/tdv.org\/en-EN\/wp-content\/uploads\/2025\/06\/madagaskarda-muslumanlar-bayram-namazi-icin-saf-tuttu-11-300x200.jpg 300w, https:\/\/tdv.org\/en-EN\/wp-content\/uploads\/2025\/06\/madagaskarda-muslumanlar-bayram-namazi-icin-saf-tuttu-11-1024x683.jpg 1024w, https:\/\/tdv.org\/en-EN\/wp-content\/uploads\/2025\/06\/madagaskarda-muslumanlar-bayram-namazi-icin-saf-tuttu-11-768x512.jpg 768w, https:\/\/tdv.org\/en-EN\/wp-content\/uploads\/2025\/06\/madagaskarda-muslumanlar-bayram-namazi-icin-saf-tuttu-11-900x600.jpg 900w\" sizes=\"auto, (max-width: 1152px) 100vw, 1152px\" \/><\/a>\n\t\t\t<\/dt><\/dl><br style=\"clear: both\" \/><dl class='gallery-item'>\n\t\t\t<dt class='gallery-icon landscape'>\n\t\t\t\t<a href='https:\/\/tdv.org\/en-EN\/wp-content\/uploads\/2025\/06\/madagaskarda-muslumanlar-bayram-namazi-icin-saf-tuttu-12.jpg'><img loading=\"lazy\" decoding=\"async\" width=\"1152\" height=\"768\" src=\"https:\/\/tdv.org\/en-EN\/wp-content\/uploads\/2025\/06\/madagaskarda-muslumanlar-bayram-namazi-icin-saf-tuttu-12.jpg\" class=\"attachment-full size-full\" alt=\"\" srcset=\"https:\/\/tdv.org\/en-EN\/wp-content\/uploads\/2025\/06\/madagaskarda-muslumanlar-bayram-namazi-icin-saf-tuttu-12.jpg 1152w, https:\/\/tdv.org\/en-EN\/wp-content\/uploads\/2025\/06\/madagaskarda-muslumanlar-bayram-namazi-icin-saf-tuttu-12-300x200.jpg 300w, https:\/\/tdv.org\/en-EN\/wp-content\/uploads\/2025\/06\/madagaskarda-muslumanlar-bayram-namazi-icin-saf-tuttu-12-1024x683.jpg 1024w, https:\/\/tdv.org\/en-EN\/wp-content\/uploads\/2025\/06\/madagaskarda-muslumanlar-bayram-namazi-icin-saf-tuttu-12-768x512.jpg 768w, https:\/\/tdv.org\/en-EN\/wp-content\/uploads\/2025\/06\/madagaskarda-muslumanlar-bayram-namazi-icin-saf-tuttu-12-900x600.jpg 900w\" sizes=\"auto, (max-width: 1152px) 100vw, 1152px\" \/><\/a>\n\t\t\t<\/dt><\/dl><dl class='gallery-item'>\n\t\t\t<dt class='gallery-icon landscape'>\n\t\t\t\t<a href='https:\/\/tdv.org\/en-EN\/wp-content\/uploads\/2025\/06\/madagaskarda-muslumanlar-bayram-namazi-icin-saf-tuttu-13.jpg'><img loading=\"lazy\" decoding=\"async\" width=\"1152\" height=\"768\" src=\"https:\/\/tdv.org\/en-EN\/wp-content\/uploads\/2025\/06\/madagaskarda-muslumanlar-bayram-namazi-icin-saf-tuttu-13.jpg\" class=\"attachment-full size-full\" alt=\"\" srcset=\"https:\/\/tdv.org\/en-EN\/wp-content\/uploads\/2025\/06\/madagaskarda-muslumanlar-bayram-namazi-icin-saf-tuttu-13.jpg 1152w, https:\/\/tdv.org\/en-EN\/wp-content\/uploads\/2025\/06\/madagaskarda-muslumanlar-bayram-namazi-icin-saf-tuttu-13-300x200.jpg 300w, https:\/\/tdv.org\/en-EN\/wp-content\/uploads\/2025\/06\/madagaskarda-muslumanlar-bayram-namazi-icin-saf-tuttu-13-1024x683.jpg 1024w, https:\/\/tdv.org\/en-EN\/wp-content\/uploads\/2025\/06\/madagaskarda-muslumanlar-bayram-namazi-icin-saf-tuttu-13-768x512.jpg 768w, https:\/\/tdv.org\/en-EN\/wp-content\/uploads\/2025\/06\/madagaskarda-muslumanlar-bayram-namazi-icin-saf-tuttu-13-900x600.jpg 900w\" sizes=\"auto, (max-width: 1152px) 100vw, 1152px\" \/><\/a>\n\t\t\t<\/dt><\/dl><dl class='gallery-item'>\n\t\t\t<dt class='gallery-icon landscape'>\n\t\t\t\t<a href='https:\/\/tdv.org\/en-EN\/wp-content\/uploads\/2025\/06\/madagaskarda-muslumanlar-bayram-namazi-icin-saf-tuttu-14.jpg'><img loading=\"lazy\" decoding=\"async\" width=\"1132\" height=\"768\" src=\"https:\/\/tdv.org\/en-EN\/wp-content\/uploads\/2025\/06\/madagaskarda-muslumanlar-bayram-namazi-icin-saf-tuttu-14.jpg\" class=\"attachment-full size-full\" alt=\"\" srcset=\"https:\/\/tdv.org\/en-EN\/wp-content\/uploads\/2025\/06\/madagaskarda-muslumanlar-bayram-namazi-icin-saf-tuttu-14.jpg 1132w, https:\/\/tdv.org\/en-EN\/wp-content\/uploads\/2025\/06\/madagaskarda-muslumanlar-bayram-namazi-icin-saf-tuttu-14-300x204.jpg 300w, https:\/\/tdv.org\/en-EN\/wp-content\/uploads\/2025\/06\/madagaskarda-muslumanlar-bayram-namazi-icin-saf-tuttu-14-1024x695.jpg 1024w, https:\/\/tdv.org\/en-EN\/wp-content\/uploads\/2025\/06\/madagaskarda-muslumanlar-bayram-namazi-icin-saf-tuttu-14-768x521.jpg 768w\" sizes=\"auto, (max-width: 1132px) 100vw, 1132px\" \/><\/a>\n\t\t\t<\/dt><\/dl><br style=\"clear: both\" \/><dl class='gallery-item'>\n\t\t\t<dt class='gallery-icon landscape'>\n\t\t\t\t<a href='https:\/\/tdv.org\/en-EN\/wp-content\/uploads\/2025\/06\/madagaskarda-muslumanlar-bayram-namazi-icin-saf-tuttu-15.jpg'><img loading=\"lazy\" decoding=\"async\" width=\"1152\" height=\"768\" src=\"https:\/\/tdv.org\/en-EN\/wp-content\/uploads\/2025\/06\/madagaskarda-muslumanlar-bayram-namazi-icin-saf-tuttu-15.jpg\" class=\"attachment-full size-full\" alt=\"\" srcset=\"https:\/\/tdv.org\/en-EN\/wp-content\/uploads\/2025\/06\/madagaskarda-muslumanlar-bayram-namazi-icin-saf-tuttu-15.jpg 1152w, https:\/\/tdv.org\/en-EN\/wp-content\/uploads\/2025\/06\/madagaskarda-muslumanlar-bayram-namazi-icin-saf-tuttu-15-300x200.jpg 300w, https:\/\/tdv.org\/en-EN\/wp-content\/uploads\/2025\/06\/madagaskarda-muslumanlar-bayram-namazi-icin-saf-tuttu-15-1024x683.jpg 1024w, https:\/\/tdv.org\/en-EN\/wp-content\/uploads\/2025\/06\/madagaskarda-muslumanlar-bayram-namazi-icin-saf-tuttu-15-768x512.jpg 768w, https:\/\/tdv.org\/en-EN\/wp-content\/uploads\/2025\/06\/madagaskarda-muslumanlar-bayram-namazi-icin-saf-tuttu-15-900x600.jpg 900w\" sizes=\"auto, (max-width: 1152px) 100vw, 1152px\" \/><\/a>\n\t\t\t<\/dt><\/dl><dl class='gallery-item'>\n\t\t\t<dt class='gallery-icon landscape'>\n\t\t\t\t<a href='https:\/\/tdv.org\/en-EN\/wp-content\/uploads\/2025\/06\/madagaskarda-muslumanlar-bayram-namazi-icin-saf-tuttu-2.jpg'><img loading=\"lazy\" decoding=\"async\" width=\"1152\" height=\"768\" src=\"https:\/\/tdv.org\/en-EN\/wp-content\/uploads\/2025\/06\/madagaskarda-muslumanlar-bayram-namazi-icin-saf-tuttu-2.jpg\" class=\"attachment-full size-full\" alt=\"\" srcset=\"https:\/\/tdv.org\/en-EN\/wp-content\/uploads\/2025\/06\/madagaskarda-muslumanlar-bayram-namazi-icin-saf-tuttu-2.jpg 1152w, https:\/\/tdv.org\/en-EN\/wp-content\/uploads\/2025\/06\/madagaskarda-muslumanlar-bayram-namazi-icin-saf-tuttu-2-300x200.jpg 300w, https:\/\/tdv.org\/en-EN\/wp-content\/uploads\/2025\/06\/madagaskarda-muslumanlar-bayram-namazi-icin-saf-tuttu-2-1024x683.jpg 1024w, https:\/\/tdv.org\/en-EN\/wp-content\/uploads\/2025\/06\/madagaskarda-muslumanlar-bayram-namazi-icin-saf-tuttu-2-768x512.jpg 768w, https:\/\/tdv.org\/en-EN\/wp-content\/uploads\/2025\/06\/madagaskarda-muslumanlar-bayram-namazi-icin-saf-tuttu-2-900x600.jpg 900w\" sizes=\"auto, (max-width: 1152px) 100vw, 1152px\" \/><\/a>\n\t\t\t<\/dt><\/dl><dl class='gallery-item'>\n\t\t\t<dt class='gallery-icon landscape'>\n\t\t\t\t<a href='https:\/\/tdv.org\/en-EN\/wp-content\/uploads\/2025\/06\/madagaskarda-muslumanlar-bayram-namazi-icin-saf-tuttu-3.jpg'><img loading=\"lazy\" decoding=\"async\" width=\"1209\" height=\"768\" src=\"https:\/\/tdv.org\/en-EN\/wp-content\/uploads\/2025\/06\/madagaskarda-muslumanlar-bayram-namazi-icin-saf-tuttu-3.jpg\" class=\"attachment-full size-full\" alt=\"\" srcset=\"https:\/\/tdv.org\/en-EN\/wp-content\/uploads\/2025\/06\/madagaskarda-muslumanlar-bayram-namazi-icin-saf-tuttu-3.jpg 1209w, https:\/\/tdv.org\/en-EN\/wp-content\/uploads\/2025\/06\/madagaskarda-muslumanlar-bayram-namazi-icin-saf-tuttu-3-300x191.jpg 300w, https:\/\/tdv.org\/en-EN\/wp-content\/uploads\/2025\/06\/madagaskarda-muslumanlar-bayram-namazi-icin-saf-tuttu-3-1024x650.jpg 1024w, https:\/\/tdv.org\/en-EN\/wp-content\/uploads\/2025\/06\/madagaskarda-muslumanlar-bayram-namazi-icin-saf-tuttu-3-768x488.jpg 768w\" sizes=\"auto, (max-width: 1209px) 100vw, 1209px\" \/><\/a>\n\t\t\t<\/dt><\/dl><br style=\"clear: both\" \/><dl class='gallery-item'>\n\t\t\t<dt class='gallery-icon landscape'>\n\t\t\t\t<a href='https:\/\/tdv.org\/en-EN\/wp-content\/uploads\/2025\/06\/madagaskarda-muslumanlar-bayram-namazi-icin-saf-tuttu-4.jpg'><img loading=\"lazy\" decoding=\"async\" width=\"1173\" height=\"768\" src=\"https:\/\/tdv.org\/en-EN\/wp-content\/uploads\/2025\/06\/madagaskarda-muslumanlar-bayram-namazi-icin-saf-tuttu-4.jpg\" class=\"attachment-full size-full\" alt=\"\" srcset=\"https:\/\/tdv.org\/en-EN\/wp-content\/uploads\/2025\/06\/madagaskarda-muslumanlar-bayram-namazi-icin-saf-tuttu-4.jpg 1173w, https:\/\/tdv.org\/en-EN\/wp-content\/uploads\/2025\/06\/madagaskarda-muslumanlar-bayram-namazi-icin-saf-tuttu-4-300x196.jpg 300w, https:\/\/tdv.org\/en-EN\/wp-content\/uploads\/2025\/06\/madagaskarda-muslumanlar-bayram-namazi-icin-saf-tuttu-4-1024x670.jpg 1024w, https:\/\/tdv.org\/en-EN\/wp-content\/uploads\/2025\/06\/madagaskarda-muslumanlar-bayram-namazi-icin-saf-tuttu-4-768x503.jpg 768w\" sizes=\"auto, (max-width: 1173px) 100vw, 1173px\" \/><\/a>\n\t\t\t<\/dt><\/dl><dl class='gallery-item'>\n\t\t\t<dt class='gallery-icon landscape'>\n\t\t\t\t<a href='https:\/\/tdv.org\/en-EN\/wp-content\/uploads\/2025\/06\/madagaskarda-muslumanlar-bayram-namazi-icin-saf-tuttu-5.jpg'><img loading=\"lazy\" decoding=\"async\" width=\"1107\" height=\"768\" src=\"https:\/\/tdv.org\/en-EN\/wp-content\/uploads\/2025\/06\/madagaskarda-muslumanlar-bayram-namazi-icin-saf-tuttu-5.jpg\" class=\"attachment-full size-full\" alt=\"\" srcset=\"https:\/\/tdv.org\/en-EN\/wp-content\/uploads\/2025\/06\/madagaskarda-muslumanlar-bayram-namazi-icin-saf-tuttu-5.jpg 1107w, https:\/\/tdv.org\/en-EN\/wp-content\/uploads\/2025\/06\/madagaskarda-muslumanlar-bayram-namazi-icin-saf-tuttu-5-300x208.jpg 300w, https:\/\/tdv.org\/en-EN\/wp-content\/uploads\/2025\/06\/madagaskarda-muslumanlar-bayram-namazi-icin-saf-tuttu-5-1024x710.jpg 1024w, https:\/\/tdv.org\/en-EN\/wp-content\/uploads\/2025\/06\/madagaskarda-muslumanlar-bayram-namazi-icin-saf-tuttu-5-768x533.jpg 768w\" sizes=\"auto, (max-width: 1107px) 100vw, 1107px\" \/><\/a>\n\t\t\t<\/dt><\/dl><dl class='gallery-item'>\n\t\t\t<dt class='gallery-icon landscape'>\n\t\t\t\t<a href='https:\/\/tdv.org\/en-EN\/wp-content\/uploads\/2025\/06\/madagaskarda-muslumanlar-bayram-namazi-icin-saf-tuttu-6.jpg'><img loading=\"lazy\" decoding=\"async\" width=\"1083\" height=\"768\" src=\"https:\/\/tdv.org\/en-EN\/wp-content\/uploads\/2025\/06\/madagaskarda-muslumanlar-bayram-namazi-icin-saf-tuttu-6.jpg\" class=\"attachment-full size-full\" alt=\"\" srcset=\"https:\/\/tdv.org\/en-EN\/wp-content\/uploads\/2025\/06\/madagaskarda-muslumanlar-bayram-namazi-icin-saf-tuttu-6.jpg 1083w, https:\/\/tdv.org\/en-EN\/wp-content\/uploads\/2025\/06\/madagaskarda-muslumanlar-bayram-namazi-icin-saf-tuttu-6-300x213.jpg 300w, https:\/\/tdv.org\/en-EN\/wp-content\/uploads\/2025\/06\/madagaskarda-muslumanlar-bayram-namazi-icin-saf-tuttu-6-1024x726.jpg 1024w, https:\/\/tdv.org\/en-EN\/wp-content\/uploads\/2025\/06\/madagaskarda-muslumanlar-bayram-namazi-icin-saf-tuttu-6-768x545.jpg 768w\" sizes=\"auto, (max-width: 1083px) 100vw, 1083px\" \/><\/a>\n\t\t\t<\/dt><\/dl><br style=\"clear: both\" \/><dl class='gallery-item'>\n\t\t\t<dt class='gallery-icon landscape'>\n\t\t\t\t<a href='https:\/\/tdv.org\/en-EN\/wp-content\/uploads\/2025\/06\/madagaskarda-muslumanlar-bayram-namazi-icin-saf-tuttu-7.jpg'><img loading=\"lazy\" decoding=\"async\" width=\"1095\" height=\"768\" src=\"https:\/\/tdv.org\/en-EN\/wp-content\/uploads\/2025\/06\/madagaskarda-muslumanlar-bayram-namazi-icin-saf-tuttu-7.jpg\" class=\"attachment-full size-full\" alt=\"\" srcset=\"https:\/\/tdv.org\/en-EN\/wp-content\/uploads\/2025\/06\/madagaskarda-muslumanlar-bayram-namazi-icin-saf-tuttu-7.jpg 1095w, https:\/\/tdv.org\/en-EN\/wp-content\/uploads\/2025\/06\/madagaskarda-muslumanlar-bayram-namazi-icin-saf-tuttu-7-300x210.jpg 300w, https:\/\/tdv.org\/en-EN\/wp-content\/uploads\/2025\/06\/madagaskarda-muslumanlar-bayram-namazi-icin-saf-tuttu-7-1024x718.jpg 1024w, https:\/\/tdv.org\/en-EN\/wp-content\/uploads\/2025\/06\/madagaskarda-muslumanlar-bayram-namazi-icin-saf-tuttu-7-768x539.jpg 768w\" sizes=\"auto, (max-width: 1095px) 100vw, 1095px\" \/><\/a>\n\t\t\t<\/dt><\/dl><dl class='gallery-item'>\n\t\t\t<dt class='gallery-icon landscape'>\n\t\t\t\t<a href='https:\/\/tdv.org\/en-EN\/wp-content\/uploads\/2025\/06\/madagaskarda-muslumanlar-bayram-namazi-icin-saf-tuttu-8.jpg'><img loading=\"lazy\" decoding=\"async\" width=\"1152\" height=\"768\" src=\"https:\/\/tdv.org\/en-EN\/wp-content\/uploads\/2025\/06\/madagaskarda-muslumanlar-bayram-namazi-icin-saf-tuttu-8.jpg\" class=\"attachment-full size-full\" alt=\"\" srcset=\"https:\/\/tdv.org\/en-EN\/wp-content\/uploads\/2025\/06\/madagaskarda-muslumanlar-bayram-namazi-icin-saf-tuttu-8.jpg 1152w, https:\/\/tdv.org\/en-EN\/wp-content\/uploads\/2025\/06\/madagaskarda-muslumanlar-bayram-namazi-icin-saf-tuttu-8-300x200.jpg 300w, https:\/\/tdv.org\/en-EN\/wp-content\/uploads\/2025\/06\/madagaskarda-muslumanlar-bayram-namazi-icin-saf-tuttu-8-1024x683.jpg 1024w, https:\/\/tdv.org\/en-EN\/wp-content\/uploads\/2025\/06\/madagaskarda-muslumanlar-bayram-namazi-icin-saf-tuttu-8-768x512.jpg 768w, https:\/\/tdv.org\/en-EN\/wp-content\/uploads\/2025\/06\/madagaskarda-muslumanlar-bayram-namazi-icin-saf-tuttu-8-900x600.jpg 900w\" sizes=\"auto, (max-width: 1152px) 100vw, 1152px\" \/><\/a>\n\t\t\t<\/dt><\/dl><dl class='gallery-item'>\n\t\t\t<dt class='gallery-icon landscape'>\n\t\t\t\t<a href='https:\/\/tdv.org\/en-EN\/wp-content\/uploads\/2025\/06\/madagaskarda-muslumanlar-bayram-namazi-icin-saf-tuttu-1.jpg'><img loading=\"lazy\" decoding=\"async\" width=\"1152\" height=\"768\" src=\"https:\/\/tdv.org\/en-EN\/wp-content\/uploads\/2025\/06\/madagaskarda-muslumanlar-bayram-namazi-icin-saf-tuttu-1.jpg\" class=\"attachment-full size-full\" alt=\"\" srcset=\"https:\/\/tdv.org\/en-EN\/wp-content\/uploads\/2025\/06\/madagaskarda-muslumanlar-bayram-namazi-icin-saf-tuttu-1.jpg 1152w, https:\/\/tdv.org\/en-EN\/wp-content\/uploads\/2025\/06\/madagaskarda-muslumanlar-bayram-namazi-icin-saf-tuttu-1-300x200.jpg 300w, https:\/\/tdv.org\/en-EN\/wp-content\/uploads\/2025\/06\/madagaskarda-muslumanlar-bayram-namazi-icin-saf-tuttu-1-1024x683.jpg 1024w, https:\/\/tdv.org\/en-EN\/wp-content\/uploads\/2025\/06\/madagaskarda-muslumanlar-bayram-namazi-icin-saf-tuttu-1-768x512.jpg 768w, https:\/\/tdv.org\/en-EN\/wp-content\/uploads\/2025\/06\/madagaskarda-muslumanlar-bayram-namazi-icin-saf-tuttu-1-900x600.jpg 900w\" sizes=\"auto, (max-width: 1152px) 100vw, 1152px\" \/><\/a>\n\t\t\t<\/dt><\/dl><br style=\"clear: both\" \/>\n\t\t<\/div>\n\n","protected":false},"excerpt":{"rendered":"<p>Muslims in Madagascar Celebrate Eid with Morning Prayers in Unity In Madagascar, an East African island nation, Muslims gathered shoulder to shoulder in mosques and open fields to celebrate Eid&#8230;<\/p>\n","protected":false},"author":8,"featured_media":21706,"comment_status":"closed","ping_status":"closed","sticky":false,"template":"","format":"standard","meta":{"footnotes":""},"categories":[1],"tags":[],"class_list":{"0":"post-21701","1":"post","2":"type-post","3":"status-publish","4":"format-standard","5":"has-post-thumbnail","7":"category-news"},"yoast_head":"<!-- This site is optimized with the Yoast SEO plugin v27.5 - https:\/\/yoast.com\/product\/yoast-seo-wordpress\/ -->\n<title>Muslims Gather in Madagascar to Perform Eid Prayer - T\u00fcrkiye Diyanet Foundation<\/title>\n<meta name=\"description\" content=\"Muslims in Madagascar Celebrate Eid with Morning Prayers in Unity In Madagascar, an East African island nation, Muslims gathered shoulder to shoulder in mosques and open fields to celebrate Eid al-Adha with communal prayer.\" \/>\n<meta name=\"robots\" content=\"index, follow, max-snippet:-1, max-image-preview:large, max-video-preview:-1\" \/>\n<link rel=\"canonical\" href=\"https:\/\/tdv.org\/en-EN\/muslims-gather-in-madagascar-to-perform-eid-prayer\/\" \/>\n<meta property=\"og:locale\" content=\"en_GB\" \/>\n<meta property=\"og:type\" content=\"article\" \/>\n<meta property=\"og:title\" content=\"Muslims Gather in Madagascar to Perform Eid Prayer - T\u00fcrkiye Diyanet Foundation\" \/>\n<meta property=\"og:description\" content=\"Muslims in Madagascar Celebrate Eid with Morning Prayers in Unity In Madagascar, an East African island nation, Muslims gathered shoulder to shoulder in mosques and open fields to celebrate Eid al-Adha with communal prayer.\" \/>\n<meta property=\"og:url\" content=\"https:\/\/tdv.org\/en-EN\/muslims-gather-in-madagascar-to-perform-eid-prayer\/\" \/>\n<meta property=\"og:site_name\" content=\"T\u00fcrkiye Diyanet Foundation\" \/>\n<meta property=\"article:publisher\" content=\"https:\/\/www.facebook.com\/TDVint\/\" \/>\n<meta property=\"article:published_time\" content=\"2025-06-07T10:16:11+00:00\" \/>\n<meta property=\"article:modified_time\" content=\"2026-02-02T05:43:13+00:00\" \/>\n<meta property=\"og:image\" content=\"https:\/\/tdv.org\/en-EN\/wp-content\/uploads\/2025\/06\/madagaskarda-muslumanlar-bayram-namazi-icin-saf-tuttu-13.jpg\" \/>\n\t<meta property=\"og:image:width\" content=\"1152\" \/>\n\t<meta property=\"og:image:height\" content=\"768\" \/>\n\t<meta property=\"og:image:type\" content=\"image\/jpeg\" \/>\n<meta name=\"author\" content=\"Selim\" \/>\n<meta name=\"twitter:card\" content=\"summary_large_image\" \/>\n<meta name=\"twitter:creator\" content=\"@tdvint\" \/>\n<meta name=\"twitter:site\" content=\"@tdvint\" \/>\n<script type=\"application\/ld+json\" class=\"yoast-schema-graph\">{\"@context\":\"https:\\\/\\\/schema.org\",\"@graph\":[{\"@type\":\"Article\",\"@id\":\"https:\\\/\\\/tdv.org\\\/en-EN\\\/muslims-gather-in-madagascar-to-perform-eid-prayer\\\/#article\",\"isPartOf\":{\"@id\":\"https:\\\/\\\/tdv.org\\\/en-EN\\\/muslims-gather-in-madagascar-to-perform-eid-prayer\\\/\"},\"author\":{\"name\":\"Selim\",\"@id\":\"https:\\\/\\\/tdv.org\\\/en-EN\\\/#\\\/schema\\\/person\\\/f291635fa50b8857739248e97a5d9cd0\"},\"headline\":\"Muslims Gather in Madagascar to Perform Eid Prayer\",\"datePublished\":\"2025-06-07T10:16:11+00:00\",\"dateModified\":\"2026-02-02T05:43:13+00:00\",\"mainEntityOfPage\":{\"@id\":\"https:\\\/\\\/tdv.org\\\/en-EN\\\/muslims-gather-in-madagascar-to-perform-eid-prayer\\\/\"},\"wordCount\":342,\"publisher\":{\"@id\":\"https:\\\/\\\/tdv.org\\\/en-EN\\\/#organization\"},\"image\":{\"@id\":\"https:\\\/\\\/tdv.org\\\/en-EN\\\/muslims-gather-in-madagascar-to-perform-eid-prayer\\\/#primaryimage\"},\"thumbnailUrl\":\"https:\\\/\\\/tdv.org\\\/en-EN\\\/wp-content\\\/uploads\\\/2025\\\/06\\\/madagaskarda-muslumanlar-bayram-namazi-icin-saf-tuttu-13.jpg\",\"articleSection\":[\"News\"],\"inLanguage\":\"en-GB\"},{\"@type\":\"WebPage\",\"@id\":\"https:\\\/\\\/tdv.org\\\/en-EN\\\/muslims-gather-in-madagascar-to-perform-eid-prayer\\\/\",\"url\":\"https:\\\/\\\/tdv.org\\\/en-EN\\\/muslims-gather-in-madagascar-to-perform-eid-prayer\\\/\",\"name\":\"Muslims Gather in Madagascar to Perform Eid Prayer - T\u00fcrkiye Diyanet Foundation\",\"isPartOf\":{\"@id\":\"https:\\\/\\\/tdv.org\\\/en-EN\\\/#website\"},\"primaryImageOfPage\":{\"@id\":\"https:\\\/\\\/tdv.org\\\/en-EN\\\/muslims-gather-in-madagascar-to-perform-eid-prayer\\\/#primaryimage\"},\"image\":{\"@id\":\"https:\\\/\\\/tdv.org\\\/en-EN\\\/muslims-gather-in-madagascar-to-perform-eid-prayer\\\/#primaryimage\"},\"thumbnailUrl\":\"https:\\\/\\\/tdv.org\\\/en-EN\\\/wp-content\\\/uploads\\\/2025\\\/06\\\/madagaskarda-muslumanlar-bayram-namazi-icin-saf-tuttu-13.jpg\",\"datePublished\":\"2025-06-07T10:16:11+00:00\",\"dateModified\":\"2026-02-02T05:43:13+00:00\",\"description\":\"Muslims in Madagascar Celebrate Eid with Morning Prayers in Unity In Madagascar, an East African island nation, Muslims gathered shoulder to shoulder in mosques and open fields to celebrate Eid al-Adha with communal prayer.\",\"breadcrumb\":{\"@id\":\"https:\\\/\\\/tdv.org\\\/en-EN\\\/muslims-gather-in-madagascar-to-perform-eid-prayer\\\/#breadcrumb\"},\"inLanguage\":\"en-GB\",\"potentialAction\":[{\"@type\":\"ReadAction\",\"target\":[\"https:\\\/\\\/tdv.org\\\/en-EN\\\/muslims-gather-in-madagascar-to-perform-eid-prayer\\\/\"]}]},{\"@type\":\"ImageObject\",\"inLanguage\":\"en-GB\",\"@id\":\"https:\\\/\\\/tdv.org\\\/en-EN\\\/muslims-gather-in-madagascar-to-perform-eid-prayer\\\/#primaryimage\",\"url\":\"https:\\\/\\\/tdv.org\\\/en-EN\\\/wp-content\\\/uploads\\\/2025\\\/06\\\/madagaskarda-muslumanlar-bayram-namazi-icin-saf-tuttu-13.jpg\",\"contentUrl\":\"https:\\\/\\\/tdv.org\\\/en-EN\\\/wp-content\\\/uploads\\\/2025\\\/06\\\/madagaskarda-muslumanlar-bayram-namazi-icin-saf-tuttu-13.jpg\",\"width\":1152,\"height\":768},{\"@type\":\"BreadcrumbList\",\"@id\":\"https:\\\/\\\/tdv.org\\\/en-EN\\\/muslims-gather-in-madagascar-to-perform-eid-prayer\\\/#breadcrumb\",\"itemListElement\":[{\"@type\":\"ListItem\",\"position\":1,\"name\":\"Anasayfa\",\"item\":\"https:\\\/\\\/tdv.org\\\/en-EN\\\/\"},{\"@type\":\"ListItem\",\"position\":2,\"name\":\"Muslims Gather in Madagascar to Perform Eid Prayer\"}]},{\"@type\":\"WebSite\",\"@id\":\"https:\\\/\\\/tdv.org\\\/en-EN\\\/#website\",\"url\":\"https:\\\/\\\/tdv.org\\\/en-EN\\\/\",\"name\":\"T\u00fcrkiye Diyanet Foundation\",\"description\":\"&quot;Untill goodness prevails on earth&quot;\",\"publisher\":{\"@id\":\"https:\\\/\\\/tdv.org\\\/en-EN\\\/#organization\"},\"potentialAction\":[{\"@type\":\"SearchAction\",\"target\":{\"@type\":\"EntryPoint\",\"urlTemplate\":\"https:\\\/\\\/tdv.org\\\/en-EN\\\/?s={search_term_string}\"},\"query-input\":{\"@type\":\"PropertyValueSpecification\",\"valueRequired\":true,\"valueName\":\"search_term_string\"}}],\"inLanguage\":\"en-GB\"},{\"@type\":\"Organization\",\"@id\":\"https:\\\/\\\/tdv.org\\\/en-EN\\\/#organization\",\"name\":\"T\u00fcrkiye Diyanet Foundation\",\"url\":\"https:\\\/\\\/tdv.org\\\/en-EN\\\/\",\"logo\":{\"@type\":\"ImageObject\",\"inLanguage\":\"en-GB\",\"@id\":\"https:\\\/\\\/tdv.org\\\/en-EN\\\/#\\\/schema\\\/logo\\\/image\\\/\",\"url\":\"https:\\\/\\\/tdv.org\\\/en-EN\\\/wp-content\\\/uploads\\\/2018\\\/12\\\/TDV_Logo_1.png\",\"contentUrl\":\"https:\\\/\\\/tdv.org\\\/en-EN\\\/wp-content\\\/uploads\\\/2018\\\/12\\\/TDV_Logo_1.png\",\"width\":207,\"height\":71,\"caption\":\"T\u00fcrkiye Diyanet Foundation\"},\"image\":{\"@id\":\"https:\\\/\\\/tdv.org\\\/en-EN\\\/#\\\/schema\\\/logo\\\/image\\\/\"},\"sameAs\":[\"https:\\\/\\\/www.facebook.com\\\/TDVint\\\/\",\"https:\\\/\\\/x.com\\\/tdvint\",\"https:\\\/\\\/instagram.com\\\/tdvint\",\"https:\\\/\\\/www.youtube.com\\\/user\\\/TurkiyeDiyanetVakfi\"]},{\"@type\":\"Person\",\"@id\":\"https:\\\/\\\/tdv.org\\\/en-EN\\\/#\\\/schema\\\/person\\\/f291635fa50b8857739248e97a5d9cd0\",\"name\":\"Selim\",\"image\":{\"@type\":\"ImageObject\",\"inLanguage\":\"en-GB\",\"@id\":\"https:\\\/\\\/tdv.org\\\/en-EN\\\/wp-content\\\/litespeed\\\/avatar\\\/a1e47b25396e98e5b781e88a5396cd96.jpg?ver=1777544973\",\"url\":\"https:\\\/\\\/tdv.org\\\/en-EN\\\/wp-content\\\/litespeed\\\/avatar\\\/a1e47b25396e98e5b781e88a5396cd96.jpg?ver=1777544973\",\"contentUrl\":\"https:\\\/\\\/tdv.org\\\/en-EN\\\/wp-content\\\/litespeed\\\/avatar\\\/a1e47b25396e98e5b781e88a5396cd96.jpg?ver=1777544973\",\"caption\":\"Selim\"}}]}<\/script>\n<!-- \/ Yoast SEO plugin. -->","yoast_head_json":{"title":"Muslims Gather in Madagascar to Perform Eid Prayer - T\u00fcrkiye Diyanet Foundation","description":"Muslims in Madagascar Celebrate Eid with Morning Prayers in Unity In Madagascar, an East African island nation, Muslims gathered shoulder to shoulder in mosques and open fields to celebrate Eid al-Adha with communal prayer.","robots":{"index":"index","follow":"follow","max-snippet":"max-snippet:-1","max-image-preview":"max-image-preview:large","max-video-preview":"max-video-preview:-1"},"canonical":"https:\/\/tdv.org\/en-EN\/muslims-gather-in-madagascar-to-perform-eid-prayer\/","og_locale":"en_GB","og_type":"article","og_title":"Muslims Gather in Madagascar to Perform Eid Prayer - T\u00fcrkiye Diyanet Foundation","og_description":"Muslims in Madagascar Celebrate Eid with Morning Prayers in Unity In Madagascar, an East African island nation, Muslims gathered shoulder to shoulder in mosques and open fields to celebrate Eid al-Adha with communal prayer.","og_url":"https:\/\/tdv.org\/en-EN\/muslims-gather-in-madagascar-to-perform-eid-prayer\/","og_site_name":"T\u00fcrkiye Diyanet Foundation","article_publisher":"https:\/\/www.facebook.com\/TDVint\/","article_published_time":"2025-06-07T10:16:11+00:00","article_modified_time":"2026-02-02T05:43:13+00:00","og_image":[{"width":1152,"height":768,"url":"https:\/\/tdv.org\/en-EN\/wp-content\/uploads\/2025\/06\/madagaskarda-muslumanlar-bayram-namazi-icin-saf-tuttu-13.jpg","type":"image\/jpeg"}],"author":"Selim","twitter_card":"summary_large_image","twitter_creator":"@tdvint","twitter_site":"@tdvint","schema":{"@context":"https:\/\/schema.org","@graph":[{"@type":"Article","@id":"https:\/\/tdv.org\/en-EN\/muslims-gather-in-madagascar-to-perform-eid-prayer\/#article","isPartOf":{"@id":"https:\/\/tdv.org\/en-EN\/muslims-gather-in-madagascar-to-perform-eid-prayer\/"},"author":{"name":"Selim","@id":"https:\/\/tdv.org\/en-EN\/#\/schema\/person\/f291635fa50b8857739248e97a5d9cd0"},"headline":"Muslims Gather in Madagascar to Perform Eid Prayer","datePublished":"2025-06-07T10:16:11+00:00","dateModified":"2026-02-02T05:43:13+00:00","mainEntityOfPage":{"@id":"https:\/\/tdv.org\/en-EN\/muslims-gather-in-madagascar-to-perform-eid-prayer\/"},"wordCount":342,"publisher":{"@id":"https:\/\/tdv.org\/en-EN\/#organization"},"image":{"@id":"https:\/\/tdv.org\/en-EN\/muslims-gather-in-madagascar-to-perform-eid-prayer\/#primaryimage"},"thumbnailUrl":"https:\/\/tdv.org\/en-EN\/wp-content\/uploads\/2025\/06\/madagaskarda-muslumanlar-bayram-namazi-icin-saf-tuttu-13.jpg","articleSection":["News"],"inLanguage":"en-GB"},{"@type":"WebPage","@id":"https:\/\/tdv.org\/en-EN\/muslims-gather-in-madagascar-to-perform-eid-prayer\/","url":"https:\/\/tdv.org\/en-EN\/muslims-gather-in-madagascar-to-perform-eid-prayer\/","name":"Muslims Gather in Madagascar to Perform Eid Prayer - T\u00fcrkiye Diyanet Foundation","isPartOf":{"@id":"https:\/\/tdv.org\/en-EN\/#website"},"primaryImageOfPage":{"@id":"https:\/\/tdv.org\/en-EN\/muslims-gather-in-madagascar-to-perform-eid-prayer\/#primaryimage"},"image":{"@id":"https:\/\/tdv.org\/en-EN\/muslims-gather-in-madagascar-to-perform-eid-prayer\/#primaryimage"},"thumbnailUrl":"https:\/\/tdv.org\/en-EN\/wp-content\/uploads\/2025\/06\/madagaskarda-muslumanlar-bayram-namazi-icin-saf-tuttu-13.jpg","datePublished":"2025-06-07T10:16:11+00:00","dateModified":"2026-02-02T05:43:13+00:00","description":"Muslims in Madagascar Celebrate Eid with Morning Prayers in Unity In Madagascar, an East African island nation, Muslims gathered shoulder to shoulder in mosques and open fields to celebrate Eid al-Adha with communal prayer.","breadcrumb":{"@id":"https:\/\/tdv.org\/en-EN\/muslims-gather-in-madagascar-to-perform-eid-prayer\/#breadcrumb"},"inLanguage":"en-GB","potentialAction":[{"@type":"ReadAction","target":["https:\/\/tdv.org\/en-EN\/muslims-gather-in-madagascar-to-perform-eid-prayer\/"]}]},{"@type":"ImageObject","inLanguage":"en-GB","@id":"https:\/\/tdv.org\/en-EN\/muslims-gather-in-madagascar-to-perform-eid-prayer\/#primaryimage","url":"https:\/\/tdv.org\/en-EN\/wp-content\/uploads\/2025\/06\/madagaskarda-muslumanlar-bayram-namazi-icin-saf-tuttu-13.jpg","contentUrl":"https:\/\/tdv.org\/en-EN\/wp-content\/uploads\/2025\/06\/madagaskarda-muslumanlar-bayram-namazi-icin-saf-tuttu-13.jpg","width":1152,"height":768},{"@type":"BreadcrumbList","@id":"https:\/\/tdv.org\/en-EN\/muslims-gather-in-madagascar-to-perform-eid-prayer\/#breadcrumb","itemListElement":[{"@type":"ListItem","position":1,"name":"Anasayfa","item":"https:\/\/tdv.org\/en-EN\/"},{"@type":"ListItem","position":2,"name":"Muslims Gather in Madagascar to Perform Eid Prayer"}]},{"@type":"WebSite","@id":"https:\/\/tdv.org\/en-EN\/#website","url":"https:\/\/tdv.org\/en-EN\/","name":"T\u00fcrkiye Diyanet Foundation","description":"&quot;Untill goodness prevails on earth&quot;","publisher":{"@id":"https:\/\/tdv.org\/en-EN\/#organization"},"potentialAction":[{"@type":"SearchAction","target":{"@type":"EntryPoint","urlTemplate":"https:\/\/tdv.org\/en-EN\/?s={search_term_string}"},"query-input":{"@type":"PropertyValueSpecification","valueRequired":true,"valueName":"search_term_string"}}],"inLanguage":"en-GB"},{"@type":"Organization","@id":"https:\/\/tdv.org\/en-EN\/#organization","name":"T\u00fcrkiye Diyanet Foundation","url":"https:\/\/tdv.org\/en-EN\/","logo":{"@type":"ImageObject","inLanguage":"en-GB","@id":"https:\/\/tdv.org\/en-EN\/#\/schema\/logo\/image\/","url":"https:\/\/tdv.org\/en-EN\/wp-content\/uploads\/2018\/12\/TDV_Logo_1.png","contentUrl":"https:\/\/tdv.org\/en-EN\/wp-content\/uploads\/2018\/12\/TDV_Logo_1.png","width":207,"height":71,"caption":"T\u00fcrkiye Diyanet Foundation"},"image":{"@id":"https:\/\/tdv.org\/en-EN\/#\/schema\/logo\/image\/"},"sameAs":["https:\/\/www.facebook.com\/TDVint\/","https:\/\/x.com\/tdvint","https:\/\/instagram.com\/tdvint","https:\/\/www.youtube.com\/user\/TurkiyeDiyanetVakfi"]},{"@type":"Person","@id":"https:\/\/tdv.org\/en-EN\/#\/schema\/person\/f291635fa50b8857739248e97a5d9cd0","name":"Selim","image":{"@type":"ImageObject","inLanguage":"en-GB","@id":"https:\/\/tdv.org\/en-EN\/wp-content\/litespeed\/avatar\/a1e47b25396e98e5b781e88a5396cd96.jpg?ver=1777544973","url":"https:\/\/tdv.org\/en-EN\/wp-content\/litespeed\/avatar\/a1e47b25396e98e5b781e88a5396cd96.jpg?ver=1777544973","contentUrl":"https:\/\/tdv.org\/en-EN\/wp-content\/litespeed\/avatar\/a1e47b25396e98e5b781e88a5396cd96.jpg?ver=1777544973","caption":"Selim"}}]}},"_links":{"self":[{"href":"https:\/\/tdv.org\/en-EN\/wp-json\/wp\/v2\/posts\/21701","targetHints":{"allow":["GET"]}}],"collection":[{"href":"https:\/\/tdv.org\/en-EN\/wp-json\/wp\/v2\/posts"}],"about":[{"href":"https:\/\/tdv.org\/en-EN\/wp-json\/wp\/v2\/types\/post"}],"author":[{"embeddable":true,"href":"https:\/\/tdv.org\/en-EN\/wp-json\/wp\/v2\/users\/8"}],"replies":[{"embeddable":true,"href":"https:\/\/tdv.org\/en-EN\/wp-json\/wp\/v2\/comments?post=21701"}],"version-history":[{"count":1,"href":"https:\/\/tdv.org\/en-EN\/wp-json\/wp\/v2\/posts\/21701\/revisions"}],"predecessor-version":[{"id":21717,"href":"https:\/\/tdv.org\/en-EN\/wp-json\/wp\/v2\/posts\/21701\/revisions\/21717"}],"wp:featuredmedia":[{"embeddable":true,"href":"https:\/\/tdv.org\/en-EN\/wp-json\/wp\/v2\/media\/21706"}],"wp:attachment":[{"href":"https:\/\/tdv.org\/en-EN\/wp-json\/wp\/v2\/media?parent=21701"}],"wp:term":[{"taxonomy":"category","embeddable":true,"href":"https:\/\/tdv.org\/en-EN\/wp-json\/wp\/v2\/categories?post=21701"},{"taxonomy":"post_tag","embeddable":true,"href":"https:\/\/tdv.org\/en-EN\/wp-json\/wp\/v2\/tags?post=21701"}],"curies":[{"name":"wp","href":"https:\/\/api.w.org\/{rel}","templated":true}]}}