{"id":11753,"date":"2021-04-12T16:47:54","date_gmt":"2021-04-12T13:47:54","guid":{"rendered":"https:\/\/tdv.org\/tr-TR\/?p=11753"},"modified":"2023-01-17T14:14:29","modified_gmt":"2023-01-17T11:14:29","slug":"ramazan-yardimlari-kapsaminda-mersinden-idlib-ve-azeze-11-tir-gida-yardimi-gonderildi","status":"publish","type":"post","link":"https:\/\/tdv.org\/tr-TR\/ramazan-yardimlari-kapsaminda-mersinden-idlib-ve-azeze-11-tir-gida-yardimi-gonderildi\/","title":{"rendered":"Ramazan yard\u0131mlar\u0131 kapsam\u0131nda Mersin&#8217;den \u0130dlib ve Azez\u2019e 11 t\u0131r g\u0131da yard\u0131m\u0131 g\u00f6nderildi"},"content":{"rendered":"<p style=\"text-align: justify;\">Mersin&#8217;de, ramazan ay\u0131 dolay\u0131s\u0131yla hay\u0131rsever vatanda\u015flar\u0131n ba\u011f\u0131\u015flad\u0131\u011f\u0131 g\u0131da malzemeleriyle dolu 11 t\u0131r, Suriye&#8217;nin \u0130dlib ve Azez kentine u\u011furland\u0131.<\/p>\n<p style=\"text-align: justify;\">\u0130l M\u00fcft\u00fcl\u00fc\u011f\u00fc ve\u00a0T\u00fcrkiye\u00a0Diyanet\u00a0Vakf\u0131\u00a0Mersin \u015eubesi&#8217;nin organizasyonuyla ramazan ay\u0131 dolay\u0131s\u0131yla toplanan g\u0131da malzemelerini ta\u015f\u0131yan t\u0131rlar i\u00e7in Eski Tevfik S\u0131rr\u0131 G\u00fcr Stadyumu alan\u0131nda u\u011furlama program\u0131 d\u00fczenlendi.<\/p>\n<p style=\"text-align: justify;\">\u0130l M\u00fcft\u00fcs\u00fc ve T\u00fcrkiye Diyanet Vakf\u0131 \u015eube Ba\u015fkan\u0131 \u015eaban Kondi, etkinlikteki konu\u015fmas\u0131nda, ramazan ay\u0131n\u0131n t\u00fcm insanl\u0131\u011fa hay\u0131rl\u0131 olmas\u0131n\u0131 diledi.<\/p>\n<p style=\"text-align: justify;\">Ramazan ay\u0131n\u0131n, payla\u015fma, rahmet ve karde\u015flik d\u00f6nemi oldu\u011funu vurgulayan Kondi,\u00a0T\u00fcrkiye&#8217;nin her zaman mazlum ve ma\u011fdurlar\u0131n yan\u0131nda oldu\u011funu s\u00f6yledi.<\/p>\n<p style=\"text-align: justify;\">Kondi, hay\u0131rsever vatanda\u015flar\u0131n destekleriyle g\u0131da malzemelerinden olu\u015fan yard\u0131m kolileri haz\u0131rland\u0131\u011f\u0131n\u0131 belirterek, &#8220;\u0130dlib ve Azez&#8217;deki mazlum ve ma\u011fdur karde\u015flerimize 11 t\u0131r yard\u0131m g\u00f6nderece\u011fiz. Yard\u0131m konvoylar\u0131n\u0131n oraya g\u00f6nderilmesi i\u00e7in destek veren hay\u0131r sahiplerimize can\u0131 g\u00f6n\u00fclden te\u015fekk\u00fcr ediyorum. Allah hepinizden raz\u0131 olsun.&#8221; diye konu\u015ftu.<\/p>\n<p style=\"text-align: justify;\">Dua edilmesinin ard\u0131ndan g\u0131da malzemelerinin oldu\u011fu kolileri ta\u015f\u0131yan t\u0131rlar, \u0130dlib ve Azez kentlerindeki ihtiya\u00e7 sahiplerine ula\u015ft\u0131r\u0131lmak \u00fczere yola \u00e7\u0131kt\u0131.<\/p>\n\n\t\t<style type=\"text\/css\">\n\t\t\t#gallery-1 {\n\t\t\t\tmargin: auto;\n\t\t\t}\n\t\t\t#gallery-1 .gallery-item {\n\t\t\t\tfloat: left;\n\t\t\t\tmargin-top: 10px;\n\t\t\t\ttext-align: center;\n\t\t\t\twidth: 33%;\n\t\t\t}\n\t\t\t#gallery-1 img {\n\t\t\t\tborder: 2px solid #cfcfcf;\n\t\t\t}\n\t\t\t#gallery-1 .gallery-caption {\n\t\t\t\tmargin-left: 0;\n\t\t\t}\n\t\t\t\/* see gallery_shortcode() in wp-includes\/media.php *\/\n\t\t<\/style>\n\t\t<div id='gallery-1' class='gallery galleryid-11753 gallery-columns-3 gallery-size-thumbnail'><dl class='gallery-item'>\n\t\t\t<dt class='gallery-icon landscape'>\n\t\t\t\t<a href='https:\/\/tdv.org\/tr-TR\/wp-content\/uploads\/2021\/04\/20210412_2_47785153_64188924-scaled.jpg'><img decoding=\"async\" width=\"150\" height=\"150\" src=\"https:\/\/tdv.org\/tr-TR\/wp-content\/uploads\/2021\/04\/20210412_2_47785153_64188924-150x150.jpg\" class=\"attachment-thumbnail size-thumbnail\" alt=\"\" srcset=\"https:\/\/tdv.org\/tr-TR\/wp-content\/uploads\/2021\/04\/20210412_2_47785153_64188924-150x150.jpg 150w, https:\/\/tdv.org\/tr-TR\/wp-content\/uploads\/2021\/04\/20210412_2_47785153_64188924-100x100.jpg 100w, https:\/\/tdv.org\/tr-TR\/wp-content\/uploads\/2021\/04\/20210412_2_47785153_64188924-140x140.jpg 140w, https:\/\/tdv.org\/tr-TR\/wp-content\/uploads\/2021\/04\/20210412_2_47785153_64188924-500x500.jpg 500w, https:\/\/tdv.org\/tr-TR\/wp-content\/uploads\/2021\/04\/20210412_2_47785153_64188924-350x350.jpg 350w, https:\/\/tdv.org\/tr-TR\/wp-content\/uploads\/2021\/04\/20210412_2_47785153_64188924-1000x1000.jpg 1000w, https:\/\/tdv.org\/tr-TR\/wp-content\/uploads\/2021\/04\/20210412_2_47785153_64188924-800x800.jpg 800w\" sizes=\"(max-width: 150px) 100vw, 150px\" \/><\/a>\n\t\t\t<\/dt><\/dl><dl class='gallery-item'>\n\t\t\t<dt class='gallery-icon landscape'>\n\t\t\t\t<a href='https:\/\/tdv.org\/tr-TR\/wp-content\/uploads\/2021\/04\/20210412_2_47785153_64188925-scaled.jpg'><img decoding=\"async\" width=\"150\" height=\"150\" src=\"https:\/\/tdv.org\/tr-TR\/wp-content\/uploads\/2021\/04\/20210412_2_47785153_64188925-150x150.jpg\" class=\"attachment-thumbnail size-thumbnail\" alt=\"\" srcset=\"https:\/\/tdv.org\/tr-TR\/wp-content\/uploads\/2021\/04\/20210412_2_47785153_64188925-150x150.jpg 150w, https:\/\/tdv.org\/tr-TR\/wp-content\/uploads\/2021\/04\/20210412_2_47785153_64188925-100x100.jpg 100w, https:\/\/tdv.org\/tr-TR\/wp-content\/uploads\/2021\/04\/20210412_2_47785153_64188925-140x140.jpg 140w, https:\/\/tdv.org\/tr-TR\/wp-content\/uploads\/2021\/04\/20210412_2_47785153_64188925-500x500.jpg 500w, https:\/\/tdv.org\/tr-TR\/wp-content\/uploads\/2021\/04\/20210412_2_47785153_64188925-350x350.jpg 350w, https:\/\/tdv.org\/tr-TR\/wp-content\/uploads\/2021\/04\/20210412_2_47785153_64188925-1000x1000.jpg 1000w, https:\/\/tdv.org\/tr-TR\/wp-content\/uploads\/2021\/04\/20210412_2_47785153_64188925-800x800.jpg 800w\" sizes=\"(max-width: 150px) 100vw, 150px\" \/><\/a>\n\t\t\t<\/dt><\/dl><dl class='gallery-item'>\n\t\t\t<dt class='gallery-icon landscape'>\n\t\t\t\t<a href='https:\/\/tdv.org\/tr-TR\/wp-content\/uploads\/2021\/04\/20210412_2_47785153_64188926-scaled.jpg'><img decoding=\"async\" width=\"150\" height=\"150\" src=\"https:\/\/tdv.org\/tr-TR\/wp-content\/uploads\/2021\/04\/20210412_2_47785153_64188926-150x150.jpg\" class=\"attachment-thumbnail size-thumbnail\" alt=\"\" srcset=\"https:\/\/tdv.org\/tr-TR\/wp-content\/uploads\/2021\/04\/20210412_2_47785153_64188926-150x150.jpg 150w, https:\/\/tdv.org\/tr-TR\/wp-content\/uploads\/2021\/04\/20210412_2_47785153_64188926-100x100.jpg 100w, https:\/\/tdv.org\/tr-TR\/wp-content\/uploads\/2021\/04\/20210412_2_47785153_64188926-140x140.jpg 140w, https:\/\/tdv.org\/tr-TR\/wp-content\/uploads\/2021\/04\/20210412_2_47785153_64188926-500x500.jpg 500w, https:\/\/tdv.org\/tr-TR\/wp-content\/uploads\/2021\/04\/20210412_2_47785153_64188926-350x350.jpg 350w, https:\/\/tdv.org\/tr-TR\/wp-content\/uploads\/2021\/04\/20210412_2_47785153_64188926-1000x1000.jpg 1000w, https:\/\/tdv.org\/tr-TR\/wp-content\/uploads\/2021\/04\/20210412_2_47785153_64188926-800x800.jpg 800w\" sizes=\"(max-width: 150px) 100vw, 150px\" \/><\/a>\n\t\t\t<\/dt><\/dl><br style=\"clear: both\" \/><dl class='gallery-item'>\n\t\t\t<dt class='gallery-icon landscape'>\n\t\t\t\t<a href='https:\/\/tdv.org\/tr-TR\/wp-content\/uploads\/2021\/04\/20210412_2_47785153_64188927-scaled.jpg'><img decoding=\"async\" width=\"150\" height=\"150\" src=\"https:\/\/tdv.org\/tr-TR\/wp-content\/uploads\/2021\/04\/20210412_2_47785153_64188927-150x150.jpg\" class=\"attachment-thumbnail size-thumbnail\" alt=\"\" srcset=\"https:\/\/tdv.org\/tr-TR\/wp-content\/uploads\/2021\/04\/20210412_2_47785153_64188927-150x150.jpg 150w, https:\/\/tdv.org\/tr-TR\/wp-content\/uploads\/2021\/04\/20210412_2_47785153_64188927-100x100.jpg 100w, https:\/\/tdv.org\/tr-TR\/wp-content\/uploads\/2021\/04\/20210412_2_47785153_64188927-140x140.jpg 140w, https:\/\/tdv.org\/tr-TR\/wp-content\/uploads\/2021\/04\/20210412_2_47785153_64188927-500x500.jpg 500w, https:\/\/tdv.org\/tr-TR\/wp-content\/uploads\/2021\/04\/20210412_2_47785153_64188927-350x350.jpg 350w, https:\/\/tdv.org\/tr-TR\/wp-content\/uploads\/2021\/04\/20210412_2_47785153_64188927-1000x1000.jpg 1000w, https:\/\/tdv.org\/tr-TR\/wp-content\/uploads\/2021\/04\/20210412_2_47785153_64188927-800x800.jpg 800w\" sizes=\"(max-width: 150px) 100vw, 150px\" \/><\/a>\n\t\t\t<\/dt><\/dl><dl class='gallery-item'>\n\t\t\t<dt class='gallery-icon landscape'>\n\t\t\t\t<a href='https:\/\/tdv.org\/tr-TR\/wp-content\/uploads\/2021\/04\/20210412_2_47785153_64188928-scaled.jpg'><img decoding=\"async\" width=\"150\" height=\"150\" src=\"https:\/\/tdv.org\/tr-TR\/wp-content\/uploads\/2021\/04\/20210412_2_47785153_64188928-150x150.jpg\" class=\"attachment-thumbnail size-thumbnail\" alt=\"\" srcset=\"https:\/\/tdv.org\/tr-TR\/wp-content\/uploads\/2021\/04\/20210412_2_47785153_64188928-150x150.jpg 150w, https:\/\/tdv.org\/tr-TR\/wp-content\/uploads\/2021\/04\/20210412_2_47785153_64188928-100x100.jpg 100w, https:\/\/tdv.org\/tr-TR\/wp-content\/uploads\/2021\/04\/20210412_2_47785153_64188928-140x140.jpg 140w, https:\/\/tdv.org\/tr-TR\/wp-content\/uploads\/2021\/04\/20210412_2_47785153_64188928-500x500.jpg 500w, https:\/\/tdv.org\/tr-TR\/wp-content\/uploads\/2021\/04\/20210412_2_47785153_64188928-350x350.jpg 350w, https:\/\/tdv.org\/tr-TR\/wp-content\/uploads\/2021\/04\/20210412_2_47785153_64188928-1000x1000.jpg 1000w, https:\/\/tdv.org\/tr-TR\/wp-content\/uploads\/2021\/04\/20210412_2_47785153_64188928-800x800.jpg 800w\" sizes=\"(max-width: 150px) 100vw, 150px\" \/><\/a>\n\t\t\t<\/dt><\/dl><dl class='gallery-item'>\n\t\t\t<dt class='gallery-icon landscape'>\n\t\t\t\t<a href='https:\/\/tdv.org\/tr-TR\/wp-content\/uploads\/2021\/04\/20210412_2_47785153_64188929-scaled.jpg'><img decoding=\"async\" width=\"150\" height=\"150\" src=\"https:\/\/tdv.org\/tr-TR\/wp-content\/uploads\/2021\/04\/20210412_2_47785153_64188929-150x150.jpg\" class=\"attachment-thumbnail size-thumbnail\" alt=\"\" srcset=\"https:\/\/tdv.org\/tr-TR\/wp-content\/uploads\/2021\/04\/20210412_2_47785153_64188929-150x150.jpg 150w, https:\/\/tdv.org\/tr-TR\/wp-content\/uploads\/2021\/04\/20210412_2_47785153_64188929-100x100.jpg 100w, https:\/\/tdv.org\/tr-TR\/wp-content\/uploads\/2021\/04\/20210412_2_47785153_64188929-140x140.jpg 140w, https:\/\/tdv.org\/tr-TR\/wp-content\/uploads\/2021\/04\/20210412_2_47785153_64188929-500x500.jpg 500w, https:\/\/tdv.org\/tr-TR\/wp-content\/uploads\/2021\/04\/20210412_2_47785153_64188929-350x350.jpg 350w, https:\/\/tdv.org\/tr-TR\/wp-content\/uploads\/2021\/04\/20210412_2_47785153_64188929-1000x1000.jpg 1000w, https:\/\/tdv.org\/tr-TR\/wp-content\/uploads\/2021\/04\/20210412_2_47785153_64188929-800x800.jpg 800w\" sizes=\"(max-width: 150px) 100vw, 150px\" \/><\/a>\n\t\t\t<\/dt><\/dl><br style=\"clear: both\" \/><dl class='gallery-item'>\n\t\t\t<dt class='gallery-icon landscape'>\n\t\t\t\t<a href='https:\/\/tdv.org\/tr-TR\/wp-content\/uploads\/2021\/04\/20210412_2_47785153_64188930-scaled.jpg'><img decoding=\"async\" width=\"150\" height=\"150\" src=\"https:\/\/tdv.org\/tr-TR\/wp-content\/uploads\/2021\/04\/20210412_2_47785153_64188930-150x150.jpg\" class=\"attachment-thumbnail size-thumbnail\" alt=\"\" srcset=\"https:\/\/tdv.org\/tr-TR\/wp-content\/uploads\/2021\/04\/20210412_2_47785153_64188930-150x150.jpg 150w, https:\/\/tdv.org\/tr-TR\/wp-content\/uploads\/2021\/04\/20210412_2_47785153_64188930-100x100.jpg 100w, https:\/\/tdv.org\/tr-TR\/wp-content\/uploads\/2021\/04\/20210412_2_47785153_64188930-140x140.jpg 140w, https:\/\/tdv.org\/tr-TR\/wp-content\/uploads\/2021\/04\/20210412_2_47785153_64188930-500x500.jpg 500w, https:\/\/tdv.org\/tr-TR\/wp-content\/uploads\/2021\/04\/20210412_2_47785153_64188930-350x350.jpg 350w, https:\/\/tdv.org\/tr-TR\/wp-content\/uploads\/2021\/04\/20210412_2_47785153_64188930-1000x1000.jpg 1000w, https:\/\/tdv.org\/tr-TR\/wp-content\/uploads\/2021\/04\/20210412_2_47785153_64188930-800x800.jpg 800w\" sizes=\"(max-width: 150px) 100vw, 150px\" \/><\/a>\n\t\t\t<\/dt><\/dl><dl class='gallery-item'>\n\t\t\t<dt class='gallery-icon landscape'>\n\t\t\t\t<a href='https:\/\/tdv.org\/tr-TR\/wp-content\/uploads\/2021\/04\/20210412_2_47785153_64188931-scaled.jpg'><img decoding=\"async\" width=\"150\" height=\"150\" src=\"https:\/\/tdv.org\/tr-TR\/wp-content\/uploads\/2021\/04\/20210412_2_47785153_64188931-150x150.jpg\" class=\"attachment-thumbnail size-thumbnail\" alt=\"\" srcset=\"https:\/\/tdv.org\/tr-TR\/wp-content\/uploads\/2021\/04\/20210412_2_47785153_64188931-150x150.jpg 150w, https:\/\/tdv.org\/tr-TR\/wp-content\/uploads\/2021\/04\/20210412_2_47785153_64188931-100x100.jpg 100w, https:\/\/tdv.org\/tr-TR\/wp-content\/uploads\/2021\/04\/20210412_2_47785153_64188931-140x140.jpg 140w, https:\/\/tdv.org\/tr-TR\/wp-content\/uploads\/2021\/04\/20210412_2_47785153_64188931-500x500.jpg 500w, https:\/\/tdv.org\/tr-TR\/wp-content\/uploads\/2021\/04\/20210412_2_47785153_64188931-350x350.jpg 350w, https:\/\/tdv.org\/tr-TR\/wp-content\/uploads\/2021\/04\/20210412_2_47785153_64188931-1000x1000.jpg 1000w, https:\/\/tdv.org\/tr-TR\/wp-content\/uploads\/2021\/04\/20210412_2_47785153_64188931-800x800.jpg 800w\" sizes=\"(max-width: 150px) 100vw, 150px\" \/><\/a>\n\t\t\t<\/dt><\/dl><dl class='gallery-item'>\n\t\t\t<dt class='gallery-icon landscape'>\n\t\t\t\t<a href='https:\/\/tdv.org\/tr-TR\/wp-content\/uploads\/2021\/04\/20210412_2_47785153_64188932-scaled.jpg'><img decoding=\"async\" width=\"150\" height=\"150\" src=\"https:\/\/tdv.org\/tr-TR\/wp-content\/uploads\/2021\/04\/20210412_2_47785153_64188932-150x150.jpg\" class=\"attachment-thumbnail size-thumbnail\" alt=\"\" srcset=\"https:\/\/tdv.org\/tr-TR\/wp-content\/uploads\/2021\/04\/20210412_2_47785153_64188932-150x150.jpg 150w, https:\/\/tdv.org\/tr-TR\/wp-content\/uploads\/2021\/04\/20210412_2_47785153_64188932-100x100.jpg 100w, https:\/\/tdv.org\/tr-TR\/wp-content\/uploads\/2021\/04\/20210412_2_47785153_64188932-140x140.jpg 140w, https:\/\/tdv.org\/tr-TR\/wp-content\/uploads\/2021\/04\/20210412_2_47785153_64188932-500x500.jpg 500w, https:\/\/tdv.org\/tr-TR\/wp-content\/uploads\/2021\/04\/20210412_2_47785153_64188932-350x350.jpg 350w, https:\/\/tdv.org\/tr-TR\/wp-content\/uploads\/2021\/04\/20210412_2_47785153_64188932-1000x1000.jpg 1000w, https:\/\/tdv.org\/tr-TR\/wp-content\/uploads\/2021\/04\/20210412_2_47785153_64188932-800x800.jpg 800w\" sizes=\"(max-width: 150px) 100vw, 150px\" \/><\/a>\n\t\t\t<\/dt><\/dl><br style=\"clear: both\" \/><dl class='gallery-item'>\n\t\t\t<dt class='gallery-icon landscape'>\n\t\t\t\t<a href='https:\/\/tdv.org\/tr-TR\/wp-content\/uploads\/2021\/04\/20210412_2_47785153_64188933-scaled.jpg'><img decoding=\"async\" width=\"150\" height=\"150\" src=\"https:\/\/tdv.org\/tr-TR\/wp-content\/uploads\/2021\/04\/20210412_2_47785153_64188933-150x150.jpg\" class=\"attachment-thumbnail size-thumbnail\" alt=\"\" srcset=\"https:\/\/tdv.org\/tr-TR\/wp-content\/uploads\/2021\/04\/20210412_2_47785153_64188933-150x150.jpg 150w, https:\/\/tdv.org\/tr-TR\/wp-content\/uploads\/2021\/04\/20210412_2_47785153_64188933-100x100.jpg 100w, https:\/\/tdv.org\/tr-TR\/wp-content\/uploads\/2021\/04\/20210412_2_47785153_64188933-140x140.jpg 140w, https:\/\/tdv.org\/tr-TR\/wp-content\/uploads\/2021\/04\/20210412_2_47785153_64188933-500x500.jpg 500w, https:\/\/tdv.org\/tr-TR\/wp-content\/uploads\/2021\/04\/20210412_2_47785153_64188933-350x350.jpg 350w, https:\/\/tdv.org\/tr-TR\/wp-content\/uploads\/2021\/04\/20210412_2_47785153_64188933-1000x1000.jpg 1000w, https:\/\/tdv.org\/tr-TR\/wp-content\/uploads\/2021\/04\/20210412_2_47785153_64188933-800x800.jpg 800w\" sizes=\"(max-width: 150px) 100vw, 150px\" \/><\/a>\n\t\t\t<\/dt><\/dl><dl class='gallery-item'>\n\t\t\t<dt class='gallery-icon landscape'>\n\t\t\t\t<a href='https:\/\/tdv.org\/tr-TR\/wp-content\/uploads\/2021\/04\/20210412_2_47785153_64188934-scaled.jpg'><img decoding=\"async\" width=\"150\" height=\"150\" src=\"https:\/\/tdv.org\/tr-TR\/wp-content\/uploads\/2021\/04\/20210412_2_47785153_64188934-150x150.jpg\" class=\"attachment-thumbnail size-thumbnail\" alt=\"\" srcset=\"https:\/\/tdv.org\/tr-TR\/wp-content\/uploads\/2021\/04\/20210412_2_47785153_64188934-150x150.jpg 150w, https:\/\/tdv.org\/tr-TR\/wp-content\/uploads\/2021\/04\/20210412_2_47785153_64188934-100x100.jpg 100w, https:\/\/tdv.org\/tr-TR\/wp-content\/uploads\/2021\/04\/20210412_2_47785153_64188934-140x140.jpg 140w, https:\/\/tdv.org\/tr-TR\/wp-content\/uploads\/2021\/04\/20210412_2_47785153_64188934-500x500.jpg 500w, https:\/\/tdv.org\/tr-TR\/wp-content\/uploads\/2021\/04\/20210412_2_47785153_64188934-350x350.jpg 350w, https:\/\/tdv.org\/tr-TR\/wp-content\/uploads\/2021\/04\/20210412_2_47785153_64188934-1000x1000.jpg 1000w, https:\/\/tdv.org\/tr-TR\/wp-content\/uploads\/2021\/04\/20210412_2_47785153_64188934-800x800.jpg 800w\" sizes=\"(max-width: 150px) 100vw, 150px\" \/><\/a>\n\t\t\t<\/dt><\/dl>\n\t\t\t<br style='clear: both' \/>\n\t\t<\/div>\n\n","protected":false},"excerpt":{"rendered":"<p>Mersin&#8217;de, ramazan ay\u0131 dolay\u0131s\u0131yla hay\u0131rsever vatanda\u015flar\u0131n ba\u011f\u0131\u015flad\u0131\u011f\u0131 g\u0131da malzemeleriyle dolu 11 t\u0131r, Suriye&#8217;nin \u0130dlib ve Azez kentine u\u011furland\u0131. \u0130l M\u00fcft\u00fcl\u00fc\u011f\u00fc ve\u00a0T\u00fcrkiye\u00a0Diyanet\u00a0Vakf\u0131\u00a0Mersin \u015eubesi&#8217;nin organizasyonuyla ramazan ay\u0131 dolay\u0131s\u0131yla toplanan g\u0131da malzemelerini ta\u015f\u0131yan&#8230;<\/p>\n","protected":false},"author":6,"featured_media":11758,"comment_status":"open","ping_status":"closed","sticky":false,"template":"","format":"standard","meta":{"footnotes":""},"categories":[1],"tags":[304,435,493,1221,1241,989,478],"class_list":{"0":"post-11753","1":"post","2":"type-post","3":"status-publish","4":"format-standard","5":"has-post-thumbnail","7":"category-haberler","8":"tag-azez","9":"tag-idlib","10":"tag-mersin","11":"tag-ramazan-2021","12":"tag-saban-kondi","13":"tag-tir-yardimi","14":"tag-yardim"},"yoast_head":"<!-- This site is optimized with the Yoast SEO plugin v27.5 - https:\/\/yoast.com\/product\/yoast-seo-wordpress\/ -->\n<title>Ramazan yard\u0131mlar\u0131 kapsam\u0131nda Mersin&#039;den \u0130dlib ve Azez\u2019e 11 t\u0131r g\u0131da yard\u0131m\u0131 g\u00f6nderildi<\/title>\n<meta name=\"description\" content=\"Mersin&#039;de, ramazan ay\u0131 dolay\u0131s\u0131yla hay\u0131rsever vatanda\u015flar\u0131n ba\u011f\u0131\u015flad\u0131\u011f\u0131 g\u0131da malzemeleriyle dolu 11 t\u0131r, Suriye&#039;nin \u0130dlib ve Azez kentine u\u011furland\u0131.\" \/>\n<meta name=\"robots\" content=\"index, follow, max-snippet:-1, max-image-preview:large, max-video-preview:-1\" \/>\n<link rel=\"canonical\" href=\"https:\/\/tdv.org\/tr-TR\/ramazan-yardimlari-kapsaminda-mersinden-idlib-ve-azeze-11-tir-gida-yardimi-gonderildi\/\" \/>\n<meta property=\"og:locale\" content=\"tr_TR\" \/>\n<meta property=\"og:type\" content=\"article\" \/>\n<meta property=\"og:title\" content=\"Ramazan yard\u0131mlar\u0131 kapsam\u0131nda Mersin&#039;den \u0130dlib ve Azez\u2019e 11 t\u0131r g\u0131da yard\u0131m\u0131 g\u00f6nderildi\" \/>\n<meta property=\"og:description\" content=\"Mersin&#039;de, ramazan ay\u0131 dolay\u0131s\u0131yla hay\u0131rsever vatanda\u015flar\u0131n ba\u011f\u0131\u015flad\u0131\u011f\u0131 g\u0131da malzemeleriyle dolu 11 t\u0131r, Suriye&#039;nin \u0130dlib ve Azez kentine u\u011furland\u0131.\" \/>\n<meta property=\"og:url\" content=\"https:\/\/tdv.org\/tr-TR\/ramazan-yardimlari-kapsaminda-mersinden-idlib-ve-azeze-11-tir-gida-yardimi-gonderildi\/\" \/>\n<meta property=\"og:site_name\" content=\"T\u00fcrkiye Diyanet Vakf\u0131 Resmi Web Sitesi\" \/>\n<meta property=\"article:publisher\" content=\"https:\/\/www.facebook.com\/Diyanetvakfi\/\" \/>\n<meta property=\"article:published_time\" content=\"2021-04-12T13:47:54+00:00\" \/>\n<meta property=\"article:modified_time\" content=\"2023-01-17T11:14:29+00:00\" \/>\n<meta property=\"og:image\" content=\"https:\/\/tdv.org\/tr-TR\/wp-content\/uploads\/2021\/04\/20210412_2_47785153_64188928-scaled.jpg\" \/>\n\t<meta property=\"og:image:width\" content=\"2560\" \/>\n\t<meta property=\"og:image:height\" content=\"1704\" \/>\n\t<meta property=\"og:image:type\" content=\"image\/jpeg\" \/>\n<meta name=\"author\" content=\"Musa\" \/>\n<meta name=\"twitter:card\" content=\"summary_large_image\" \/>\n<meta name=\"twitter:creator\" content=\"@DiyanetVakfi\" \/>\n<meta name=\"twitter:site\" content=\"@DiyanetVakfi\" \/>\n<script type=\"application\/ld+json\" class=\"yoast-schema-graph\">{\"@context\":\"https:\\\/\\\/schema.org\",\"@graph\":[{\"@type\":\"Article\",\"@id\":\"https:\\\/\\\/tdv.org\\\/tr-TR\\\/ramazan-yardimlari-kapsaminda-mersinden-idlib-ve-azeze-11-tir-gida-yardimi-gonderildi\\\/#article\",\"isPartOf\":{\"@id\":\"https:\\\/\\\/tdv.org\\\/tr-TR\\\/ramazan-yardimlari-kapsaminda-mersinden-idlib-ve-azeze-11-tir-gida-yardimi-gonderildi\\\/\"},\"author\":{\"name\":\"Musa\",\"@id\":\"https:\\\/\\\/tdv.org\\\/tr-TR\\\/#\\\/schema\\\/person\\\/8f21f05615f6bcf071bbd5ee8d376a8f\"},\"headline\":\"Ramazan yard\u0131mlar\u0131 kapsam\u0131nda Mersin&#8217;den \u0130dlib ve Azez\u2019e 11 t\u0131r g\u0131da yard\u0131m\u0131 g\u00f6nderildi\",\"datePublished\":\"2021-04-12T13:47:54+00:00\",\"dateModified\":\"2023-01-17T11:14:29+00:00\",\"mainEntityOfPage\":{\"@id\":\"https:\\\/\\\/tdv.org\\\/tr-TR\\\/ramazan-yardimlari-kapsaminda-mersinden-idlib-ve-azeze-11-tir-gida-yardimi-gonderildi\\\/\"},\"wordCount\":249,\"commentCount\":0,\"publisher\":{\"@id\":\"https:\\\/\\\/tdv.org\\\/tr-TR\\\/#organization\"},\"image\":{\"@id\":\"https:\\\/\\\/tdv.org\\\/tr-TR\\\/ramazan-yardimlari-kapsaminda-mersinden-idlib-ve-azeze-11-tir-gida-yardimi-gonderildi\\\/#primaryimage\"},\"thumbnailUrl\":\"https:\\\/\\\/tdv.org\\\/tr-TR\\\/wp-content\\\/uploads\\\/2021\\\/04\\\/20210412_2_47785153_64188928-scaled.jpg\",\"keywords\":[\"Azez\",\"\u0130dlib\",\"Mersin\",\"ramazan 2021\",\"\u015eaban Kondi\",\"t\u0131r yard\u0131m\u0131\",\"yard\u0131m\"],\"articleSection\":[\"Haberler\"],\"inLanguage\":\"tr\",\"potentialAction\":[{\"@type\":\"CommentAction\",\"name\":\"Comment\",\"target\":[\"https:\\\/\\\/tdv.org\\\/tr-TR\\\/ramazan-yardimlari-kapsaminda-mersinden-idlib-ve-azeze-11-tir-gida-yardimi-gonderildi\\\/#respond\"]}]},{\"@type\":\"WebPage\",\"@id\":\"https:\\\/\\\/tdv.org\\\/tr-TR\\\/ramazan-yardimlari-kapsaminda-mersinden-idlib-ve-azeze-11-tir-gida-yardimi-gonderildi\\\/\",\"url\":\"https:\\\/\\\/tdv.org\\\/tr-TR\\\/ramazan-yardimlari-kapsaminda-mersinden-idlib-ve-azeze-11-tir-gida-yardimi-gonderildi\\\/\",\"name\":\"Ramazan yard\u0131mlar\u0131 kapsam\u0131nda Mersin'den \u0130dlib ve Azez\u2019e 11 t\u0131r g\u0131da yard\u0131m\u0131 g\u00f6nderildi\",\"isPartOf\":{\"@id\":\"https:\\\/\\\/tdv.org\\\/tr-TR\\\/#website\"},\"primaryImageOfPage\":{\"@id\":\"https:\\\/\\\/tdv.org\\\/tr-TR\\\/ramazan-yardimlari-kapsaminda-mersinden-idlib-ve-azeze-11-tir-gida-yardimi-gonderildi\\\/#primaryimage\"},\"image\":{\"@id\":\"https:\\\/\\\/tdv.org\\\/tr-TR\\\/ramazan-yardimlari-kapsaminda-mersinden-idlib-ve-azeze-11-tir-gida-yardimi-gonderildi\\\/#primaryimage\"},\"thumbnailUrl\":\"https:\\\/\\\/tdv.org\\\/tr-TR\\\/wp-content\\\/uploads\\\/2021\\\/04\\\/20210412_2_47785153_64188928-scaled.jpg\",\"datePublished\":\"2021-04-12T13:47:54+00:00\",\"dateModified\":\"2023-01-17T11:14:29+00:00\",\"description\":\"Mersin'de, ramazan ay\u0131 dolay\u0131s\u0131yla hay\u0131rsever vatanda\u015flar\u0131n ba\u011f\u0131\u015flad\u0131\u011f\u0131 g\u0131da malzemeleriyle dolu 11 t\u0131r, Suriye'nin \u0130dlib ve Azez kentine u\u011furland\u0131.\",\"breadcrumb\":{\"@id\":\"https:\\\/\\\/tdv.org\\\/tr-TR\\\/ramazan-yardimlari-kapsaminda-mersinden-idlib-ve-azeze-11-tir-gida-yardimi-gonderildi\\\/#breadcrumb\"},\"inLanguage\":\"tr\",\"potentialAction\":[{\"@type\":\"ReadAction\",\"target\":[\"https:\\\/\\\/tdv.org\\\/tr-TR\\\/ramazan-yardimlari-kapsaminda-mersinden-idlib-ve-azeze-11-tir-gida-yardimi-gonderildi\\\/\"]}]},{\"@type\":\"ImageObject\",\"inLanguage\":\"tr\",\"@id\":\"https:\\\/\\\/tdv.org\\\/tr-TR\\\/ramazan-yardimlari-kapsaminda-mersinden-idlib-ve-azeze-11-tir-gida-yardimi-gonderildi\\\/#primaryimage\",\"url\":\"https:\\\/\\\/tdv.org\\\/tr-TR\\\/wp-content\\\/uploads\\\/2021\\\/04\\\/20210412_2_47785153_64188928-scaled.jpg\",\"contentUrl\":\"https:\\\/\\\/tdv.org\\\/tr-TR\\\/wp-content\\\/uploads\\\/2021\\\/04\\\/20210412_2_47785153_64188928-scaled.jpg\",\"width\":2560,\"height\":1704},{\"@type\":\"BreadcrumbList\",\"@id\":\"https:\\\/\\\/tdv.org\\\/tr-TR\\\/ramazan-yardimlari-kapsaminda-mersinden-idlib-ve-azeze-11-tir-gida-yardimi-gonderildi\\\/#breadcrumb\",\"itemListElement\":[{\"@type\":\"ListItem\",\"position\":1,\"name\":\"Anasayfa\",\"item\":\"https:\\\/\\\/tdv.org\\\/tr-TR\\\/\"},{\"@type\":\"ListItem\",\"position\":2,\"name\":\"Ramazan yard\u0131mlar\u0131 kapsam\u0131nda Mersin&#8217;den \u0130dlib ve Azez\u2019e 11 t\u0131r g\u0131da yard\u0131m\u0131 g\u00f6nderildi\"}]},{\"@type\":\"WebSite\",\"@id\":\"https:\\\/\\\/tdv.org\\\/tr-TR\\\/#website\",\"url\":\"https:\\\/\\\/tdv.org\\\/tr-TR\\\/\",\"name\":\"T\u00fcrkiye Diyanet Vakf\u0131 Resmi Web Sitesi\",\"description\":\"Yery\u00fcz\u00fcnde iyilik egemen oluncaya kadar\",\"publisher\":{\"@id\":\"https:\\\/\\\/tdv.org\\\/tr-TR\\\/#organization\"},\"alternateName\":\"T\u00fcrkiye Diyanet Vakf\u0131\",\"potentialAction\":[{\"@type\":\"SearchAction\",\"target\":{\"@type\":\"EntryPoint\",\"urlTemplate\":\"https:\\\/\\\/tdv.org\\\/tr-TR\\\/?s={search_term_string}\"},\"query-input\":{\"@type\":\"PropertyValueSpecification\",\"valueRequired\":true,\"valueName\":\"search_term_string\"}}],\"inLanguage\":\"tr\"},{\"@type\":\"Organization\",\"@id\":\"https:\\\/\\\/tdv.org\\\/tr-TR\\\/#organization\",\"name\":\"T\u00fcrkiye Diyanet Vakf\u0131\",\"alternateName\":\"T\u00fcrkiye Diyanet Vakf\u0131\",\"url\":\"https:\\\/\\\/tdv.org\\\/tr-TR\\\/\",\"logo\":{\"@type\":\"ImageObject\",\"inLanguage\":\"tr\",\"@id\":\"https:\\\/\\\/tdv.org\\\/tr-TR\\\/#\\\/schema\\\/logo\\\/image\\\/\",\"url\":\"https:\\\/\\\/tdv.org\\\/tr-TR\\\/wp-content\\\/uploads\\\/2018\\\/12\\\/TDV_Logo_1.png\",\"contentUrl\":\"https:\\\/\\\/tdv.org\\\/tr-TR\\\/wp-content\\\/uploads\\\/2018\\\/12\\\/TDV_Logo_1.png\",\"width\":207,\"height\":71,\"caption\":\"T\u00fcrkiye Diyanet Vakf\u0131\"},\"image\":{\"@id\":\"https:\\\/\\\/tdv.org\\\/tr-TR\\\/#\\\/schema\\\/logo\\\/image\\\/\"},\"sameAs\":[\"https:\\\/\\\/www.facebook.com\\\/Diyanetvakfi\\\/\",\"https:\\\/\\\/x.com\\\/DiyanetVakfi\",\"https:\\\/\\\/www.instagram.com\\\/turkiyediyanetvakfi\\\/\",\"https:\\\/\\\/www.youtube.com\\\/user\\\/TurkiyeDiyanetVakfi\"]},{\"@type\":\"Person\",\"@id\":\"https:\\\/\\\/tdv.org\\\/tr-TR\\\/#\\\/schema\\\/person\\\/8f21f05615f6bcf071bbd5ee8d376a8f\",\"name\":\"Musa\",\"image\":{\"@type\":\"ImageObject\",\"inLanguage\":\"tr\",\"@id\":\"https:\\\/\\\/tdv.org\\\/tr-TR\\\/wp-content\\\/litespeed\\\/avatar\\\/5b7955b12151edf37ee458402c4c6b7f.jpg?ver=1777295996\",\"url\":\"https:\\\/\\\/tdv.org\\\/tr-TR\\\/wp-content\\\/litespeed\\\/avatar\\\/5b7955b12151edf37ee458402c4c6b7f.jpg?ver=1777295996\",\"contentUrl\":\"https:\\\/\\\/tdv.org\\\/tr-TR\\\/wp-content\\\/litespeed\\\/avatar\\\/5b7955b12151edf37ee458402c4c6b7f.jpg?ver=1777295996\",\"caption\":\"Musa\"},\"sameAs\":[\"http:\\\/\\\/www.tdv.org\"]}]}<\/script>\n<!-- \/ Yoast SEO plugin. -->","yoast_head_json":{"title":"Ramazan yard\u0131mlar\u0131 kapsam\u0131nda Mersin'den \u0130dlib ve Azez\u2019e 11 t\u0131r g\u0131da yard\u0131m\u0131 g\u00f6nderildi","description":"Mersin'de, ramazan ay\u0131 dolay\u0131s\u0131yla hay\u0131rsever vatanda\u015flar\u0131n ba\u011f\u0131\u015flad\u0131\u011f\u0131 g\u0131da malzemeleriyle dolu 11 t\u0131r, Suriye'nin \u0130dlib ve Azez kentine u\u011furland\u0131.","robots":{"index":"index","follow":"follow","max-snippet":"max-snippet:-1","max-image-preview":"max-image-preview:large","max-video-preview":"max-video-preview:-1"},"canonical":"https:\/\/tdv.org\/tr-TR\/ramazan-yardimlari-kapsaminda-mersinden-idlib-ve-azeze-11-tir-gida-yardimi-gonderildi\/","og_locale":"tr_TR","og_type":"article","og_title":"Ramazan yard\u0131mlar\u0131 kapsam\u0131nda Mersin'den \u0130dlib ve Azez\u2019e 11 t\u0131r g\u0131da yard\u0131m\u0131 g\u00f6nderildi","og_description":"Mersin'de, ramazan ay\u0131 dolay\u0131s\u0131yla hay\u0131rsever vatanda\u015flar\u0131n ba\u011f\u0131\u015flad\u0131\u011f\u0131 g\u0131da malzemeleriyle dolu 11 t\u0131r, Suriye'nin \u0130dlib ve Azez kentine u\u011furland\u0131.","og_url":"https:\/\/tdv.org\/tr-TR\/ramazan-yardimlari-kapsaminda-mersinden-idlib-ve-azeze-11-tir-gida-yardimi-gonderildi\/","og_site_name":"T\u00fcrkiye Diyanet Vakf\u0131 Resmi Web Sitesi","article_publisher":"https:\/\/www.facebook.com\/Diyanetvakfi\/","article_published_time":"2021-04-12T13:47:54+00:00","article_modified_time":"2023-01-17T11:14:29+00:00","og_image":[{"width":2560,"height":1704,"url":"https:\/\/tdv.org\/tr-TR\/wp-content\/uploads\/2021\/04\/20210412_2_47785153_64188928-scaled.jpg","type":"image\/jpeg"}],"author":"Musa","twitter_card":"summary_large_image","twitter_creator":"@DiyanetVakfi","twitter_site":"@DiyanetVakfi","schema":{"@context":"https:\/\/schema.org","@graph":[{"@type":"Article","@id":"https:\/\/tdv.org\/tr-TR\/ramazan-yardimlari-kapsaminda-mersinden-idlib-ve-azeze-11-tir-gida-yardimi-gonderildi\/#article","isPartOf":{"@id":"https:\/\/tdv.org\/tr-TR\/ramazan-yardimlari-kapsaminda-mersinden-idlib-ve-azeze-11-tir-gida-yardimi-gonderildi\/"},"author":{"name":"Musa","@id":"https:\/\/tdv.org\/tr-TR\/#\/schema\/person\/8f21f05615f6bcf071bbd5ee8d376a8f"},"headline":"Ramazan yard\u0131mlar\u0131 kapsam\u0131nda Mersin&#8217;den \u0130dlib ve Azez\u2019e 11 t\u0131r g\u0131da yard\u0131m\u0131 g\u00f6nderildi","datePublished":"2021-04-12T13:47:54+00:00","dateModified":"2023-01-17T11:14:29+00:00","mainEntityOfPage":{"@id":"https:\/\/tdv.org\/tr-TR\/ramazan-yardimlari-kapsaminda-mersinden-idlib-ve-azeze-11-tir-gida-yardimi-gonderildi\/"},"wordCount":249,"commentCount":0,"publisher":{"@id":"https:\/\/tdv.org\/tr-TR\/#organization"},"image":{"@id":"https:\/\/tdv.org\/tr-TR\/ramazan-yardimlari-kapsaminda-mersinden-idlib-ve-azeze-11-tir-gida-yardimi-gonderildi\/#primaryimage"},"thumbnailUrl":"https:\/\/tdv.org\/tr-TR\/wp-content\/uploads\/2021\/04\/20210412_2_47785153_64188928-scaled.jpg","keywords":["Azez","\u0130dlib","Mersin","ramazan 2021","\u015eaban Kondi","t\u0131r yard\u0131m\u0131","yard\u0131m"],"articleSection":["Haberler"],"inLanguage":"tr","potentialAction":[{"@type":"CommentAction","name":"Comment","target":["https:\/\/tdv.org\/tr-TR\/ramazan-yardimlari-kapsaminda-mersinden-idlib-ve-azeze-11-tir-gida-yardimi-gonderildi\/#respond"]}]},{"@type":"WebPage","@id":"https:\/\/tdv.org\/tr-TR\/ramazan-yardimlari-kapsaminda-mersinden-idlib-ve-azeze-11-tir-gida-yardimi-gonderildi\/","url":"https:\/\/tdv.org\/tr-TR\/ramazan-yardimlari-kapsaminda-mersinden-idlib-ve-azeze-11-tir-gida-yardimi-gonderildi\/","name":"Ramazan yard\u0131mlar\u0131 kapsam\u0131nda Mersin'den \u0130dlib ve Azez\u2019e 11 t\u0131r g\u0131da yard\u0131m\u0131 g\u00f6nderildi","isPartOf":{"@id":"https:\/\/tdv.org\/tr-TR\/#website"},"primaryImageOfPage":{"@id":"https:\/\/tdv.org\/tr-TR\/ramazan-yardimlari-kapsaminda-mersinden-idlib-ve-azeze-11-tir-gida-yardimi-gonderildi\/#primaryimage"},"image":{"@id":"https:\/\/tdv.org\/tr-TR\/ramazan-yardimlari-kapsaminda-mersinden-idlib-ve-azeze-11-tir-gida-yardimi-gonderildi\/#primaryimage"},"thumbnailUrl":"https:\/\/tdv.org\/tr-TR\/wp-content\/uploads\/2021\/04\/20210412_2_47785153_64188928-scaled.jpg","datePublished":"2021-04-12T13:47:54+00:00","dateModified":"2023-01-17T11:14:29+00:00","description":"Mersin'de, ramazan ay\u0131 dolay\u0131s\u0131yla hay\u0131rsever vatanda\u015flar\u0131n ba\u011f\u0131\u015flad\u0131\u011f\u0131 g\u0131da malzemeleriyle dolu 11 t\u0131r, Suriye'nin \u0130dlib ve Azez kentine u\u011furland\u0131.","breadcrumb":{"@id":"https:\/\/tdv.org\/tr-TR\/ramazan-yardimlari-kapsaminda-mersinden-idlib-ve-azeze-11-tir-gida-yardimi-gonderildi\/#breadcrumb"},"inLanguage":"tr","potentialAction":[{"@type":"ReadAction","target":["https:\/\/tdv.org\/tr-TR\/ramazan-yardimlari-kapsaminda-mersinden-idlib-ve-azeze-11-tir-gida-yardimi-gonderildi\/"]}]},{"@type":"ImageObject","inLanguage":"tr","@id":"https:\/\/tdv.org\/tr-TR\/ramazan-yardimlari-kapsaminda-mersinden-idlib-ve-azeze-11-tir-gida-yardimi-gonderildi\/#primaryimage","url":"https:\/\/tdv.org\/tr-TR\/wp-content\/uploads\/2021\/04\/20210412_2_47785153_64188928-scaled.jpg","contentUrl":"https:\/\/tdv.org\/tr-TR\/wp-content\/uploads\/2021\/04\/20210412_2_47785153_64188928-scaled.jpg","width":2560,"height":1704},{"@type":"BreadcrumbList","@id":"https:\/\/tdv.org\/tr-TR\/ramazan-yardimlari-kapsaminda-mersinden-idlib-ve-azeze-11-tir-gida-yardimi-gonderildi\/#breadcrumb","itemListElement":[{"@type":"ListItem","position":1,"name":"Anasayfa","item":"https:\/\/tdv.org\/tr-TR\/"},{"@type":"ListItem","position":2,"name":"Ramazan yard\u0131mlar\u0131 kapsam\u0131nda Mersin&#8217;den \u0130dlib ve Azez\u2019e 11 t\u0131r g\u0131da yard\u0131m\u0131 g\u00f6nderildi"}]},{"@type":"WebSite","@id":"https:\/\/tdv.org\/tr-TR\/#website","url":"https:\/\/tdv.org\/tr-TR\/","name":"T\u00fcrkiye Diyanet Vakf\u0131 Resmi Web Sitesi","description":"Yery\u00fcz\u00fcnde iyilik egemen oluncaya kadar","publisher":{"@id":"https:\/\/tdv.org\/tr-TR\/#organization"},"alternateName":"T\u00fcrkiye Diyanet Vakf\u0131","potentialAction":[{"@type":"SearchAction","target":{"@type":"EntryPoint","urlTemplate":"https:\/\/tdv.org\/tr-TR\/?s={search_term_string}"},"query-input":{"@type":"PropertyValueSpecification","valueRequired":true,"valueName":"search_term_string"}}],"inLanguage":"tr"},{"@type":"Organization","@id":"https:\/\/tdv.org\/tr-TR\/#organization","name":"T\u00fcrkiye Diyanet Vakf\u0131","alternateName":"T\u00fcrkiye Diyanet Vakf\u0131","url":"https:\/\/tdv.org\/tr-TR\/","logo":{"@type":"ImageObject","inLanguage":"tr","@id":"https:\/\/tdv.org\/tr-TR\/#\/schema\/logo\/image\/","url":"https:\/\/tdv.org\/tr-TR\/wp-content\/uploads\/2018\/12\/TDV_Logo_1.png","contentUrl":"https:\/\/tdv.org\/tr-TR\/wp-content\/uploads\/2018\/12\/TDV_Logo_1.png","width":207,"height":71,"caption":"T\u00fcrkiye Diyanet Vakf\u0131"},"image":{"@id":"https:\/\/tdv.org\/tr-TR\/#\/schema\/logo\/image\/"},"sameAs":["https:\/\/www.facebook.com\/Diyanetvakfi\/","https:\/\/x.com\/DiyanetVakfi","https:\/\/www.instagram.com\/turkiyediyanetvakfi\/","https:\/\/www.youtube.com\/user\/TurkiyeDiyanetVakfi"]},{"@type":"Person","@id":"https:\/\/tdv.org\/tr-TR\/#\/schema\/person\/8f21f05615f6bcf071bbd5ee8d376a8f","name":"Musa","image":{"@type":"ImageObject","inLanguage":"tr","@id":"https:\/\/tdv.org\/tr-TR\/wp-content\/litespeed\/avatar\/5b7955b12151edf37ee458402c4c6b7f.jpg?ver=1777295996","url":"https:\/\/tdv.org\/tr-TR\/wp-content\/litespeed\/avatar\/5b7955b12151edf37ee458402c4c6b7f.jpg?ver=1777295996","contentUrl":"https:\/\/tdv.org\/tr-TR\/wp-content\/litespeed\/avatar\/5b7955b12151edf37ee458402c4c6b7f.jpg?ver=1777295996","caption":"Musa"},"sameAs":["http:\/\/www.tdv.org"]}]}},"_links":{"self":[{"href":"https:\/\/tdv.org\/tr-TR\/wp-json\/wp\/v2\/posts\/11753","targetHints":{"allow":["GET"]}}],"collection":[{"href":"https:\/\/tdv.org\/tr-TR\/wp-json\/wp\/v2\/posts"}],"about":[{"href":"https:\/\/tdv.org\/tr-TR\/wp-json\/wp\/v2\/types\/post"}],"author":[{"embeddable":true,"href":"https:\/\/tdv.org\/tr-TR\/wp-json\/wp\/v2\/users\/6"}],"replies":[{"embeddable":true,"href":"https:\/\/tdv.org\/tr-TR\/wp-json\/wp\/v2\/comments?post=11753"}],"version-history":[{"count":1,"href":"https:\/\/tdv.org\/tr-TR\/wp-json\/wp\/v2\/posts\/11753\/revisions"}],"predecessor-version":[{"id":29465,"href":"https:\/\/tdv.org\/tr-TR\/wp-json\/wp\/v2\/posts\/11753\/revisions\/29465"}],"wp:featuredmedia":[{"embeddable":true,"href":"https:\/\/tdv.org\/tr-TR\/wp-json\/wp\/v2\/media\/11758"}],"wp:attachment":[{"href":"https:\/\/tdv.org\/tr-TR\/wp-json\/wp\/v2\/media?parent=11753"}],"wp:term":[{"taxonomy":"category","embeddable":true,"href":"https:\/\/tdv.org\/tr-TR\/wp-json\/wp\/v2\/categories?post=11753"},{"taxonomy":"post_tag","embeddable":true,"href":"https:\/\/tdv.org\/tr-TR\/wp-json\/wp\/v2\/tags?post=11753"}],"curies":[{"name":"wp","href":"https:\/\/api.w.org\/{rel}","templated":true}]}}