{"id":11971,"date":"2021-04-17T18:03:06","date_gmt":"2021-04-17T15:03:06","guid":{"rendered":"https:\/\/tdv.org\/tr-TR\/?p=11971"},"modified":"2023-01-04T15:06:07","modified_gmt":"2023-01-04T12:06:07","slug":"turk-milletinin-yardim-eli-bosna-hersekte-ihtiyac-sahiplerine-ulasti","status":"publish","type":"post","link":"https:\/\/tdv.org\/tr-TR\/turk-milletinin-yardim-eli-bosna-hersekte-ihtiyac-sahiplerine-ulasti\/","title":{"rendered":"T\u00fcrk Milletinin yard\u0131m eli Bosna Hersek&#8217;te ihtiya\u00e7 sahiplerine ula\u015ft\u0131"},"content":{"rendered":"<p style=\"text-align: justify;\">T\u00fcrkiye Diyanet Vakf\u0131 (TDV), Bosna Hersek&#8217;in ba\u015fkenti Saraybosna&#8217;da ihtiya\u00e7 sahibi ailelere g\u0131da yard\u0131m\u0131nda bulundu.<\/p>\n<p style=\"text-align: justify;\">Kiseljak ve Fonitsa il\u00e7elerinde camilerde d\u00fczenlenen t\u00f6rene T\u00fcrkiye&#8217;nin Saraybosna B\u00fcy\u00fckel\u00e7ili\u011fi Din Hizmetleri M\u00fc\u015faviri Dr. Yunus Kele\u015f, Diyanet \u0130\u015fleri Ba\u015fkanl\u0131\u011f\u0131 Yurt D\u0131\u015f\u0131 E\u011fitim ve Rehberlik Daire Ba\u015fkan\u0131 Dursun Ali Co\u015fkun, Diyanet \u0130\u015fleri Ba\u015fkanl\u0131\u011f\u0131 ramazan program\u0131 sorumlusu Abdulrahman Demirel ile \u0130stanbul Uluslararas\u0131 Kaptan Ahmet Erdo\u011fan \u0130mam Hatip Lisesi M\u00fcd\u00fcr\u00fc Hasan Bilici kat\u0131ld\u0131.<\/p>\n<p style=\"text-align: justify;\">Kele\u015f, T\u00fcrkiye&#8217;nin d\u00fcnyan\u0131n d\u00f6rt bir yan\u0131ndaki ihtiya\u00e7 sahiplerine ula\u015ft\u0131\u011f\u0131n\u0131 s\u00f6yledi.<\/p>\n<p style=\"text-align: justify;\">Yard\u0131m kampanyalar\u0131n\u0131n devam etti\u011fini anlatan Kele\u015f, t\u00fcm vatanda\u015flar\u0131n Ramazan ay\u0131n\u0131 tebrik etti.<\/p>\n<p style=\"text-align: justify;\">Co\u015fkun ise TDV Uluslararas\u0131 \u0130mam Hatip Liseleri (U\u0130HL) ve Uluslararas\u0131 \u0130lahiyat Lisans Programlar\u0131 (U\u0130LP) kapsam\u0131nda T\u00fcrkiye&#8217;de burslu e\u011fitim g\u00f6rmek isteyen \u00f6\u011frenci se\u00e7meleri ve ihtiya\u00e7 sahibi ailelere yard\u0131m da\u011f\u0131tmak amac\u0131yla Bosna Hersek&#8217;te bulunduklar\u0131n\u0131 ifade etti.<\/p>\n<p style=\"text-align: justify;\">T\u00fcrkiye i\u00e7in Balkanlar&#8217;\u0131n \u00f6nemli oldu\u011funu vurgulayan Co\u015fkun, &#8220;Allah herkesten raz\u0131 olsun&#8221; dedi.<\/p>\n<p style=\"text-align: justify;\">Konu\u015fmalar\u0131n ard\u0131ndan ihtiya\u00e7 sahibi 80 aileye yard\u0131m paketi ile Kur&#8217;an-\u0131 Kerim da\u011f\u0131t\u0131ld\u0131.<\/p>\n\n\t\t<style type=\"text\/css\">\n\t\t\t#gallery-1 {\n\t\t\t\tmargin: auto;\n\t\t\t}\n\t\t\t#gallery-1 .gallery-item {\n\t\t\t\tfloat: left;\n\t\t\t\tmargin-top: 10px;\n\t\t\t\ttext-align: center;\n\t\t\t\twidth: 33%;\n\t\t\t}\n\t\t\t#gallery-1 img {\n\t\t\t\tborder: 2px solid #cfcfcf;\n\t\t\t}\n\t\t\t#gallery-1 .gallery-caption {\n\t\t\t\tmargin-left: 0;\n\t\t\t}\n\t\t\t\/* see gallery_shortcode() in wp-includes\/media.php *\/\n\t\t<\/style>\n\t\t<div id='gallery-1' class='gallery galleryid-11971 gallery-columns-3 gallery-size-thumbnail'><dl class='gallery-item'>\n\t\t\t<dt class='gallery-icon landscape'>\n\t\t\t\t<a href='https:\/\/tdv.org\/tr-TR\/wp-content\/uploads\/2021\/04\/20210415_2_47842049_64291840-scaled.jpg'><img decoding=\"async\" width=\"150\" height=\"150\" src=\"https:\/\/tdv.org\/tr-TR\/wp-content\/uploads\/2021\/04\/20210415_2_47842049_64291840-150x150.jpg\" class=\"attachment-thumbnail size-thumbnail\" alt=\"\" srcset=\"https:\/\/tdv.org\/tr-TR\/wp-content\/uploads\/2021\/04\/20210415_2_47842049_64291840-150x150.jpg 150w, https:\/\/tdv.org\/tr-TR\/wp-content\/uploads\/2021\/04\/20210415_2_47842049_64291840-100x100.jpg 100w, https:\/\/tdv.org\/tr-TR\/wp-content\/uploads\/2021\/04\/20210415_2_47842049_64291840-140x140.jpg 140w, https:\/\/tdv.org\/tr-TR\/wp-content\/uploads\/2021\/04\/20210415_2_47842049_64291840-500x500.jpg 500w, https:\/\/tdv.org\/tr-TR\/wp-content\/uploads\/2021\/04\/20210415_2_47842049_64291840-350x350.jpg 350w, https:\/\/tdv.org\/tr-TR\/wp-content\/uploads\/2021\/04\/20210415_2_47842049_64291840-1000x1000.jpg 1000w, https:\/\/tdv.org\/tr-TR\/wp-content\/uploads\/2021\/04\/20210415_2_47842049_64291840-800x800.jpg 800w\" sizes=\"(max-width: 150px) 100vw, 150px\" \/><\/a>\n\t\t\t<\/dt><\/dl><dl class='gallery-item'>\n\t\t\t<dt class='gallery-icon landscape'>\n\t\t\t\t<a href='https:\/\/tdv.org\/tr-TR\/wp-content\/uploads\/2021\/04\/20210415_2_47842049_64291841-scaled.jpg'><img decoding=\"async\" width=\"150\" height=\"150\" src=\"https:\/\/tdv.org\/tr-TR\/wp-content\/uploads\/2021\/04\/20210415_2_47842049_64291841-150x150.jpg\" class=\"attachment-thumbnail size-thumbnail\" alt=\"\" srcset=\"https:\/\/tdv.org\/tr-TR\/wp-content\/uploads\/2021\/04\/20210415_2_47842049_64291841-150x150.jpg 150w, https:\/\/tdv.org\/tr-TR\/wp-content\/uploads\/2021\/04\/20210415_2_47842049_64291841-100x100.jpg 100w, https:\/\/tdv.org\/tr-TR\/wp-content\/uploads\/2021\/04\/20210415_2_47842049_64291841-140x140.jpg 140w, https:\/\/tdv.org\/tr-TR\/wp-content\/uploads\/2021\/04\/20210415_2_47842049_64291841-500x500.jpg 500w, https:\/\/tdv.org\/tr-TR\/wp-content\/uploads\/2021\/04\/20210415_2_47842049_64291841-350x350.jpg 350w, https:\/\/tdv.org\/tr-TR\/wp-content\/uploads\/2021\/04\/20210415_2_47842049_64291841-1000x1000.jpg 1000w, https:\/\/tdv.org\/tr-TR\/wp-content\/uploads\/2021\/04\/20210415_2_47842049_64291841-800x800.jpg 800w\" sizes=\"(max-width: 150px) 100vw, 150px\" \/><\/a>\n\t\t\t<\/dt><\/dl><dl class='gallery-item'>\n\t\t\t<dt class='gallery-icon landscape'>\n\t\t\t\t<a href='https:\/\/tdv.org\/tr-TR\/wp-content\/uploads\/2021\/04\/20210415_2_47842049_64291843-scaled.jpg'><img decoding=\"async\" width=\"150\" height=\"150\" src=\"https:\/\/tdv.org\/tr-TR\/wp-content\/uploads\/2021\/04\/20210415_2_47842049_64291843-150x150.jpg\" class=\"attachment-thumbnail size-thumbnail\" alt=\"\" srcset=\"https:\/\/tdv.org\/tr-TR\/wp-content\/uploads\/2021\/04\/20210415_2_47842049_64291843-150x150.jpg 150w, https:\/\/tdv.org\/tr-TR\/wp-content\/uploads\/2021\/04\/20210415_2_47842049_64291843-100x100.jpg 100w, https:\/\/tdv.org\/tr-TR\/wp-content\/uploads\/2021\/04\/20210415_2_47842049_64291843-140x140.jpg 140w, https:\/\/tdv.org\/tr-TR\/wp-content\/uploads\/2021\/04\/20210415_2_47842049_64291843-500x500.jpg 500w, https:\/\/tdv.org\/tr-TR\/wp-content\/uploads\/2021\/04\/20210415_2_47842049_64291843-350x350.jpg 350w, https:\/\/tdv.org\/tr-TR\/wp-content\/uploads\/2021\/04\/20210415_2_47842049_64291843-1000x1000.jpg 1000w, https:\/\/tdv.org\/tr-TR\/wp-content\/uploads\/2021\/04\/20210415_2_47842049_64291843-800x800.jpg 800w\" sizes=\"(max-width: 150px) 100vw, 150px\" \/><\/a>\n\t\t\t<\/dt><\/dl><br style=\"clear: both\" \/><dl class='gallery-item'>\n\t\t\t<dt class='gallery-icon landscape'>\n\t\t\t\t<a href='https:\/\/tdv.org\/tr-TR\/wp-content\/uploads\/2021\/04\/20210415_2_47842049_64291845-scaled.jpg'><img decoding=\"async\" width=\"150\" height=\"150\" src=\"https:\/\/tdv.org\/tr-TR\/wp-content\/uploads\/2021\/04\/20210415_2_47842049_64291845-150x150.jpg\" class=\"attachment-thumbnail size-thumbnail\" alt=\"\" srcset=\"https:\/\/tdv.org\/tr-TR\/wp-content\/uploads\/2021\/04\/20210415_2_47842049_64291845-150x150.jpg 150w, https:\/\/tdv.org\/tr-TR\/wp-content\/uploads\/2021\/04\/20210415_2_47842049_64291845-100x100.jpg 100w, https:\/\/tdv.org\/tr-TR\/wp-content\/uploads\/2021\/04\/20210415_2_47842049_64291845-140x140.jpg 140w, https:\/\/tdv.org\/tr-TR\/wp-content\/uploads\/2021\/04\/20210415_2_47842049_64291845-500x500.jpg 500w, https:\/\/tdv.org\/tr-TR\/wp-content\/uploads\/2021\/04\/20210415_2_47842049_64291845-350x350.jpg 350w, https:\/\/tdv.org\/tr-TR\/wp-content\/uploads\/2021\/04\/20210415_2_47842049_64291845-1000x1000.jpg 1000w, https:\/\/tdv.org\/tr-TR\/wp-content\/uploads\/2021\/04\/20210415_2_47842049_64291845-800x800.jpg 800w\" sizes=\"(max-width: 150px) 100vw, 150px\" \/><\/a>\n\t\t\t<\/dt><\/dl><dl class='gallery-item'>\n\t\t\t<dt class='gallery-icon landscape'>\n\t\t\t\t<a href='https:\/\/tdv.org\/tr-TR\/wp-content\/uploads\/2021\/04\/20210415_2_47842049_64291847-scaled.jpg'><img decoding=\"async\" width=\"150\" height=\"150\" src=\"https:\/\/tdv.org\/tr-TR\/wp-content\/uploads\/2021\/04\/20210415_2_47842049_64291847-150x150.jpg\" class=\"attachment-thumbnail size-thumbnail\" alt=\"\" srcset=\"https:\/\/tdv.org\/tr-TR\/wp-content\/uploads\/2021\/04\/20210415_2_47842049_64291847-150x150.jpg 150w, https:\/\/tdv.org\/tr-TR\/wp-content\/uploads\/2021\/04\/20210415_2_47842049_64291847-100x100.jpg 100w, https:\/\/tdv.org\/tr-TR\/wp-content\/uploads\/2021\/04\/20210415_2_47842049_64291847-140x140.jpg 140w, https:\/\/tdv.org\/tr-TR\/wp-content\/uploads\/2021\/04\/20210415_2_47842049_64291847-500x500.jpg 500w, https:\/\/tdv.org\/tr-TR\/wp-content\/uploads\/2021\/04\/20210415_2_47842049_64291847-350x350.jpg 350w, https:\/\/tdv.org\/tr-TR\/wp-content\/uploads\/2021\/04\/20210415_2_47842049_64291847-1000x1000.jpg 1000w, https:\/\/tdv.org\/tr-TR\/wp-content\/uploads\/2021\/04\/20210415_2_47842049_64291847-800x800.jpg 800w\" sizes=\"(max-width: 150px) 100vw, 150px\" \/><\/a>\n\t\t\t<\/dt><\/dl><dl class='gallery-item'>\n\t\t\t<dt class='gallery-icon landscape'>\n\t\t\t\t<a href='https:\/\/tdv.org\/tr-TR\/wp-content\/uploads\/2021\/04\/20210415_2_47842049_64291848-scaled.jpg'><img decoding=\"async\" width=\"150\" height=\"150\" src=\"https:\/\/tdv.org\/tr-TR\/wp-content\/uploads\/2021\/04\/20210415_2_47842049_64291848-150x150.jpg\" class=\"attachment-thumbnail size-thumbnail\" alt=\"\" srcset=\"https:\/\/tdv.org\/tr-TR\/wp-content\/uploads\/2021\/04\/20210415_2_47842049_64291848-150x150.jpg 150w, https:\/\/tdv.org\/tr-TR\/wp-content\/uploads\/2021\/04\/20210415_2_47842049_64291848-100x100.jpg 100w, https:\/\/tdv.org\/tr-TR\/wp-content\/uploads\/2021\/04\/20210415_2_47842049_64291848-140x140.jpg 140w, https:\/\/tdv.org\/tr-TR\/wp-content\/uploads\/2021\/04\/20210415_2_47842049_64291848-500x500.jpg 500w, https:\/\/tdv.org\/tr-TR\/wp-content\/uploads\/2021\/04\/20210415_2_47842049_64291848-350x350.jpg 350w, https:\/\/tdv.org\/tr-TR\/wp-content\/uploads\/2021\/04\/20210415_2_47842049_64291848-1000x1000.jpg 1000w, https:\/\/tdv.org\/tr-TR\/wp-content\/uploads\/2021\/04\/20210415_2_47842049_64291848-800x800.jpg 800w\" sizes=\"(max-width: 150px) 100vw, 150px\" \/><\/a>\n\t\t\t<\/dt><\/dl><br style=\"clear: both\" \/><dl class='gallery-item'>\n\t\t\t<dt class='gallery-icon landscape'>\n\t\t\t\t<a href='https:\/\/tdv.org\/tr-TR\/wp-content\/uploads\/2021\/04\/20210415_2_47842049_64291849-scaled.jpg'><img decoding=\"async\" width=\"150\" height=\"150\" src=\"https:\/\/tdv.org\/tr-TR\/wp-content\/uploads\/2021\/04\/20210415_2_47842049_64291849-150x150.jpg\" class=\"attachment-thumbnail size-thumbnail\" alt=\"\" srcset=\"https:\/\/tdv.org\/tr-TR\/wp-content\/uploads\/2021\/04\/20210415_2_47842049_64291849-150x150.jpg 150w, https:\/\/tdv.org\/tr-TR\/wp-content\/uploads\/2021\/04\/20210415_2_47842049_64291849-100x100.jpg 100w, https:\/\/tdv.org\/tr-TR\/wp-content\/uploads\/2021\/04\/20210415_2_47842049_64291849-140x140.jpg 140w, https:\/\/tdv.org\/tr-TR\/wp-content\/uploads\/2021\/04\/20210415_2_47842049_64291849-500x500.jpg 500w, https:\/\/tdv.org\/tr-TR\/wp-content\/uploads\/2021\/04\/20210415_2_47842049_64291849-350x350.jpg 350w, https:\/\/tdv.org\/tr-TR\/wp-content\/uploads\/2021\/04\/20210415_2_47842049_64291849-1000x1000.jpg 1000w, https:\/\/tdv.org\/tr-TR\/wp-content\/uploads\/2021\/04\/20210415_2_47842049_64291849-800x800.jpg 800w\" sizes=\"(max-width: 150px) 100vw, 150px\" \/><\/a>\n\t\t\t<\/dt><\/dl>\n\t\t\t<br style='clear: both' \/>\n\t\t<\/div>\n\n","protected":false},"excerpt":{"rendered":"<p>T\u00fcrkiye Diyanet Vakf\u0131 (TDV), Bosna Hersek&#8217;in ba\u015fkenti Saraybosna&#8217;da ihtiya\u00e7 sahibi ailelere g\u0131da yard\u0131m\u0131nda bulundu. Kiseljak ve Fonitsa il\u00e7elerinde camilerde d\u00fczenlenen t\u00f6rene T\u00fcrkiye&#8217;nin Saraybosna B\u00fcy\u00fckel\u00e7ili\u011fi Din Hizmetleri M\u00fc\u015faviri Dr. Yunus Kele\u015f,&#8230;<\/p>\n","protected":false},"author":6,"featured_media":11976,"comment_status":"open","ping_status":"closed","sticky":false,"template":"","format":"standard","meta":{"footnotes":""},"categories":[1],"tags":[206,705,107,1221,699],"class_list":{"0":"post-11971","1":"post","2":"type-post","3":"status-publish","4":"format-standard","5":"has-post-thumbnail","7":"category-haberler","8":"tag-bosna","9":"tag-bosna-hersek","10":"tag-ramazan","11":"tag-ramazan-2021","12":"tag-ramazan-yardimi"},"yoast_head":"<!-- This site is optimized with the Yoast SEO plugin v27.5 - https:\/\/yoast.com\/product\/yoast-seo-wordpress\/ -->\n<title>T\u00fcrk Milletinin yard\u0131m eli Bosna Hersek&#039;te ihtiya\u00e7 sahiplerine ula\u015ft\u0131<\/title>\n<meta name=\"description\" content=\"T\u00fcrkiye Diyanet Vakf\u0131 (TDV), Bosna Hersek&#039;in ba\u015fkenti Saraybosna&#039;da ihtiya\u00e7 sahibi ailelere g\u0131da yard\u0131m\u0131nda bulundu.\" \/>\n<meta name=\"robots\" content=\"index, follow, max-snippet:-1, max-image-preview:large, max-video-preview:-1\" \/>\n<link rel=\"canonical\" href=\"https:\/\/tdv.org\/tr-TR\/turk-milletinin-yardim-eli-bosna-hersekte-ihtiyac-sahiplerine-ulasti\/\" \/>\n<meta property=\"og:locale\" content=\"tr_TR\" \/>\n<meta property=\"og:type\" content=\"article\" \/>\n<meta property=\"og:title\" content=\"T\u00fcrk Milletinin yard\u0131m eli Bosna Hersek&#039;te ihtiya\u00e7 sahiplerine ula\u015ft\u0131\" \/>\n<meta property=\"og:description\" content=\"T\u00fcrkiye Diyanet Vakf\u0131 (TDV), Bosna Hersek&#039;in ba\u015fkenti Saraybosna&#039;da ihtiya\u00e7 sahibi ailelere g\u0131da yard\u0131m\u0131nda bulundu.\" \/>\n<meta property=\"og:url\" content=\"https:\/\/tdv.org\/tr-TR\/turk-milletinin-yardim-eli-bosna-hersekte-ihtiyac-sahiplerine-ulasti\/\" \/>\n<meta property=\"og:site_name\" content=\"T\u00fcrkiye Diyanet Vakf\u0131 Resmi Web Sitesi\" \/>\n<meta property=\"article:publisher\" content=\"https:\/\/www.facebook.com\/Diyanetvakfi\/\" \/>\n<meta property=\"article:published_time\" content=\"2021-04-17T15:03:06+00:00\" \/>\n<meta property=\"article:modified_time\" content=\"2023-01-04T12:06:07+00:00\" \/>\n<meta property=\"og:image\" content=\"https:\/\/tdv.org\/tr-TR\/wp-content\/uploads\/2021\/04\/20210415_2_47842049_64291847-scaled.jpg\" \/>\n\t<meta property=\"og:image:width\" content=\"2560\" \/>\n\t<meta property=\"og:image:height\" content=\"1858\" \/>\n\t<meta property=\"og:image:type\" content=\"image\/jpeg\" \/>\n<meta name=\"author\" content=\"Musa\" \/>\n<meta name=\"twitter:card\" content=\"summary_large_image\" \/>\n<meta name=\"twitter:creator\" content=\"@DiyanetVakfi\" \/>\n<meta name=\"twitter:site\" content=\"@DiyanetVakfi\" \/>\n<script type=\"application\/ld+json\" class=\"yoast-schema-graph\">{\"@context\":\"https:\\\/\\\/schema.org\",\"@graph\":[{\"@type\":\"Article\",\"@id\":\"https:\\\/\\\/tdv.org\\\/tr-TR\\\/turk-milletinin-yardim-eli-bosna-hersekte-ihtiyac-sahiplerine-ulasti\\\/#article\",\"isPartOf\":{\"@id\":\"https:\\\/\\\/tdv.org\\\/tr-TR\\\/turk-milletinin-yardim-eli-bosna-hersekte-ihtiyac-sahiplerine-ulasti\\\/\"},\"author\":{\"name\":\"Musa\",\"@id\":\"https:\\\/\\\/tdv.org\\\/tr-TR\\\/#\\\/schema\\\/person\\\/8f21f05615f6bcf071bbd5ee8d376a8f\"},\"headline\":\"T\u00fcrk Milletinin yard\u0131m eli Bosna Hersek&#8217;te ihtiya\u00e7 sahiplerine ula\u015ft\u0131\",\"datePublished\":\"2021-04-17T15:03:06+00:00\",\"dateModified\":\"2023-01-04T12:06:07+00:00\",\"mainEntityOfPage\":{\"@id\":\"https:\\\/\\\/tdv.org\\\/tr-TR\\\/turk-milletinin-yardim-eli-bosna-hersekte-ihtiyac-sahiplerine-ulasti\\\/\"},\"wordCount\":229,\"commentCount\":0,\"publisher\":{\"@id\":\"https:\\\/\\\/tdv.org\\\/tr-TR\\\/#organization\"},\"image\":{\"@id\":\"https:\\\/\\\/tdv.org\\\/tr-TR\\\/turk-milletinin-yardim-eli-bosna-hersekte-ihtiyac-sahiplerine-ulasti\\\/#primaryimage\"},\"thumbnailUrl\":\"https:\\\/\\\/tdv.org\\\/tr-TR\\\/wp-content\\\/uploads\\\/2021\\\/04\\\/20210415_2_47842049_64291847-scaled.jpg\",\"keywords\":[\"Bosna\",\"Bosna Hersek\",\"ramazan\",\"ramazan 2021\",\"Ramazan yard\u0131m\u0131\"],\"articleSection\":[\"Haberler\"],\"inLanguage\":\"tr\",\"potentialAction\":[{\"@type\":\"CommentAction\",\"name\":\"Comment\",\"target\":[\"https:\\\/\\\/tdv.org\\\/tr-TR\\\/turk-milletinin-yardim-eli-bosna-hersekte-ihtiyac-sahiplerine-ulasti\\\/#respond\"]}]},{\"@type\":\"WebPage\",\"@id\":\"https:\\\/\\\/tdv.org\\\/tr-TR\\\/turk-milletinin-yardim-eli-bosna-hersekte-ihtiyac-sahiplerine-ulasti\\\/\",\"url\":\"https:\\\/\\\/tdv.org\\\/tr-TR\\\/turk-milletinin-yardim-eli-bosna-hersekte-ihtiyac-sahiplerine-ulasti\\\/\",\"name\":\"T\u00fcrk Milletinin yard\u0131m eli Bosna Hersek'te ihtiya\u00e7 sahiplerine ula\u015ft\u0131\",\"isPartOf\":{\"@id\":\"https:\\\/\\\/tdv.org\\\/tr-TR\\\/#website\"},\"primaryImageOfPage\":{\"@id\":\"https:\\\/\\\/tdv.org\\\/tr-TR\\\/turk-milletinin-yardim-eli-bosna-hersekte-ihtiyac-sahiplerine-ulasti\\\/#primaryimage\"},\"image\":{\"@id\":\"https:\\\/\\\/tdv.org\\\/tr-TR\\\/turk-milletinin-yardim-eli-bosna-hersekte-ihtiyac-sahiplerine-ulasti\\\/#primaryimage\"},\"thumbnailUrl\":\"https:\\\/\\\/tdv.org\\\/tr-TR\\\/wp-content\\\/uploads\\\/2021\\\/04\\\/20210415_2_47842049_64291847-scaled.jpg\",\"datePublished\":\"2021-04-17T15:03:06+00:00\",\"dateModified\":\"2023-01-04T12:06:07+00:00\",\"description\":\"T\u00fcrkiye Diyanet Vakf\u0131 (TDV), Bosna Hersek'in ba\u015fkenti Saraybosna'da ihtiya\u00e7 sahibi ailelere g\u0131da yard\u0131m\u0131nda bulundu.\",\"breadcrumb\":{\"@id\":\"https:\\\/\\\/tdv.org\\\/tr-TR\\\/turk-milletinin-yardim-eli-bosna-hersekte-ihtiyac-sahiplerine-ulasti\\\/#breadcrumb\"},\"inLanguage\":\"tr\",\"potentialAction\":[{\"@type\":\"ReadAction\",\"target\":[\"https:\\\/\\\/tdv.org\\\/tr-TR\\\/turk-milletinin-yardim-eli-bosna-hersekte-ihtiyac-sahiplerine-ulasti\\\/\"]}]},{\"@type\":\"ImageObject\",\"inLanguage\":\"tr\",\"@id\":\"https:\\\/\\\/tdv.org\\\/tr-TR\\\/turk-milletinin-yardim-eli-bosna-hersekte-ihtiyac-sahiplerine-ulasti\\\/#primaryimage\",\"url\":\"https:\\\/\\\/tdv.org\\\/tr-TR\\\/wp-content\\\/uploads\\\/2021\\\/04\\\/20210415_2_47842049_64291847-scaled.jpg\",\"contentUrl\":\"https:\\\/\\\/tdv.org\\\/tr-TR\\\/wp-content\\\/uploads\\\/2021\\\/04\\\/20210415_2_47842049_64291847-scaled.jpg\",\"width\":2560,\"height\":1858},{\"@type\":\"BreadcrumbList\",\"@id\":\"https:\\\/\\\/tdv.org\\\/tr-TR\\\/turk-milletinin-yardim-eli-bosna-hersekte-ihtiyac-sahiplerine-ulasti\\\/#breadcrumb\",\"itemListElement\":[{\"@type\":\"ListItem\",\"position\":1,\"name\":\"Anasayfa\",\"item\":\"https:\\\/\\\/tdv.org\\\/tr-TR\\\/\"},{\"@type\":\"ListItem\",\"position\":2,\"name\":\"T\u00fcrk Milletinin yard\u0131m eli Bosna Hersek&#8217;te ihtiya\u00e7 sahiplerine ula\u015ft\u0131\"}]},{\"@type\":\"WebSite\",\"@id\":\"https:\\\/\\\/tdv.org\\\/tr-TR\\\/#website\",\"url\":\"https:\\\/\\\/tdv.org\\\/tr-TR\\\/\",\"name\":\"T\u00fcrkiye Diyanet Vakf\u0131 Resmi Web Sitesi\",\"description\":\"Yery\u00fcz\u00fcnde iyilik egemen oluncaya kadar\",\"publisher\":{\"@id\":\"https:\\\/\\\/tdv.org\\\/tr-TR\\\/#organization\"},\"alternateName\":\"T\u00fcrkiye Diyanet Vakf\u0131\",\"potentialAction\":[{\"@type\":\"SearchAction\",\"target\":{\"@type\":\"EntryPoint\",\"urlTemplate\":\"https:\\\/\\\/tdv.org\\\/tr-TR\\\/?s={search_term_string}\"},\"query-input\":{\"@type\":\"PropertyValueSpecification\",\"valueRequired\":true,\"valueName\":\"search_term_string\"}}],\"inLanguage\":\"tr\"},{\"@type\":\"Organization\",\"@id\":\"https:\\\/\\\/tdv.org\\\/tr-TR\\\/#organization\",\"name\":\"T\u00fcrkiye Diyanet Vakf\u0131\",\"alternateName\":\"T\u00fcrkiye Diyanet Vakf\u0131\",\"url\":\"https:\\\/\\\/tdv.org\\\/tr-TR\\\/\",\"logo\":{\"@type\":\"ImageObject\",\"inLanguage\":\"tr\",\"@id\":\"https:\\\/\\\/tdv.org\\\/tr-TR\\\/#\\\/schema\\\/logo\\\/image\\\/\",\"url\":\"https:\\\/\\\/tdv.org\\\/tr-TR\\\/wp-content\\\/uploads\\\/2018\\\/12\\\/TDV_Logo_1.png\",\"contentUrl\":\"https:\\\/\\\/tdv.org\\\/tr-TR\\\/wp-content\\\/uploads\\\/2018\\\/12\\\/TDV_Logo_1.png\",\"width\":207,\"height\":71,\"caption\":\"T\u00fcrkiye Diyanet Vakf\u0131\"},\"image\":{\"@id\":\"https:\\\/\\\/tdv.org\\\/tr-TR\\\/#\\\/schema\\\/logo\\\/image\\\/\"},\"sameAs\":[\"https:\\\/\\\/www.facebook.com\\\/Diyanetvakfi\\\/\",\"https:\\\/\\\/x.com\\\/DiyanetVakfi\",\"https:\\\/\\\/www.instagram.com\\\/turkiyediyanetvakfi\\\/\",\"https:\\\/\\\/www.youtube.com\\\/user\\\/TurkiyeDiyanetVakfi\"]},{\"@type\":\"Person\",\"@id\":\"https:\\\/\\\/tdv.org\\\/tr-TR\\\/#\\\/schema\\\/person\\\/8f21f05615f6bcf071bbd5ee8d376a8f\",\"name\":\"Musa\",\"image\":{\"@type\":\"ImageObject\",\"inLanguage\":\"tr\",\"@id\":\"https:\\\/\\\/tdv.org\\\/tr-TR\\\/wp-content\\\/litespeed\\\/avatar\\\/5b7955b12151edf37ee458402c4c6b7f.jpg?ver=1777295996\",\"url\":\"https:\\\/\\\/tdv.org\\\/tr-TR\\\/wp-content\\\/litespeed\\\/avatar\\\/5b7955b12151edf37ee458402c4c6b7f.jpg?ver=1777295996\",\"contentUrl\":\"https:\\\/\\\/tdv.org\\\/tr-TR\\\/wp-content\\\/litespeed\\\/avatar\\\/5b7955b12151edf37ee458402c4c6b7f.jpg?ver=1777295996\",\"caption\":\"Musa\"},\"sameAs\":[\"http:\\\/\\\/www.tdv.org\"]}]}<\/script>\n<!-- \/ Yoast SEO plugin. -->","yoast_head_json":{"title":"T\u00fcrk Milletinin yard\u0131m eli Bosna Hersek'te ihtiya\u00e7 sahiplerine ula\u015ft\u0131","description":"T\u00fcrkiye Diyanet Vakf\u0131 (TDV), Bosna Hersek'in ba\u015fkenti Saraybosna'da ihtiya\u00e7 sahibi ailelere g\u0131da yard\u0131m\u0131nda bulundu.","robots":{"index":"index","follow":"follow","max-snippet":"max-snippet:-1","max-image-preview":"max-image-preview:large","max-video-preview":"max-video-preview:-1"},"canonical":"https:\/\/tdv.org\/tr-TR\/turk-milletinin-yardim-eli-bosna-hersekte-ihtiyac-sahiplerine-ulasti\/","og_locale":"tr_TR","og_type":"article","og_title":"T\u00fcrk Milletinin yard\u0131m eli Bosna Hersek'te ihtiya\u00e7 sahiplerine ula\u015ft\u0131","og_description":"T\u00fcrkiye Diyanet Vakf\u0131 (TDV), Bosna Hersek'in ba\u015fkenti Saraybosna'da ihtiya\u00e7 sahibi ailelere g\u0131da yard\u0131m\u0131nda bulundu.","og_url":"https:\/\/tdv.org\/tr-TR\/turk-milletinin-yardim-eli-bosna-hersekte-ihtiyac-sahiplerine-ulasti\/","og_site_name":"T\u00fcrkiye Diyanet Vakf\u0131 Resmi Web Sitesi","article_publisher":"https:\/\/www.facebook.com\/Diyanetvakfi\/","article_published_time":"2021-04-17T15:03:06+00:00","article_modified_time":"2023-01-04T12:06:07+00:00","og_image":[{"width":2560,"height":1858,"url":"https:\/\/tdv.org\/tr-TR\/wp-content\/uploads\/2021\/04\/20210415_2_47842049_64291847-scaled.jpg","type":"image\/jpeg"}],"author":"Musa","twitter_card":"summary_large_image","twitter_creator":"@DiyanetVakfi","twitter_site":"@DiyanetVakfi","schema":{"@context":"https:\/\/schema.org","@graph":[{"@type":"Article","@id":"https:\/\/tdv.org\/tr-TR\/turk-milletinin-yardim-eli-bosna-hersekte-ihtiyac-sahiplerine-ulasti\/#article","isPartOf":{"@id":"https:\/\/tdv.org\/tr-TR\/turk-milletinin-yardim-eli-bosna-hersekte-ihtiyac-sahiplerine-ulasti\/"},"author":{"name":"Musa","@id":"https:\/\/tdv.org\/tr-TR\/#\/schema\/person\/8f21f05615f6bcf071bbd5ee8d376a8f"},"headline":"T\u00fcrk Milletinin yard\u0131m eli Bosna Hersek&#8217;te ihtiya\u00e7 sahiplerine ula\u015ft\u0131","datePublished":"2021-04-17T15:03:06+00:00","dateModified":"2023-01-04T12:06:07+00:00","mainEntityOfPage":{"@id":"https:\/\/tdv.org\/tr-TR\/turk-milletinin-yardim-eli-bosna-hersekte-ihtiyac-sahiplerine-ulasti\/"},"wordCount":229,"commentCount":0,"publisher":{"@id":"https:\/\/tdv.org\/tr-TR\/#organization"},"image":{"@id":"https:\/\/tdv.org\/tr-TR\/turk-milletinin-yardim-eli-bosna-hersekte-ihtiyac-sahiplerine-ulasti\/#primaryimage"},"thumbnailUrl":"https:\/\/tdv.org\/tr-TR\/wp-content\/uploads\/2021\/04\/20210415_2_47842049_64291847-scaled.jpg","keywords":["Bosna","Bosna Hersek","ramazan","ramazan 2021","Ramazan yard\u0131m\u0131"],"articleSection":["Haberler"],"inLanguage":"tr","potentialAction":[{"@type":"CommentAction","name":"Comment","target":["https:\/\/tdv.org\/tr-TR\/turk-milletinin-yardim-eli-bosna-hersekte-ihtiyac-sahiplerine-ulasti\/#respond"]}]},{"@type":"WebPage","@id":"https:\/\/tdv.org\/tr-TR\/turk-milletinin-yardim-eli-bosna-hersekte-ihtiyac-sahiplerine-ulasti\/","url":"https:\/\/tdv.org\/tr-TR\/turk-milletinin-yardim-eli-bosna-hersekte-ihtiyac-sahiplerine-ulasti\/","name":"T\u00fcrk Milletinin yard\u0131m eli Bosna Hersek'te ihtiya\u00e7 sahiplerine ula\u015ft\u0131","isPartOf":{"@id":"https:\/\/tdv.org\/tr-TR\/#website"},"primaryImageOfPage":{"@id":"https:\/\/tdv.org\/tr-TR\/turk-milletinin-yardim-eli-bosna-hersekte-ihtiyac-sahiplerine-ulasti\/#primaryimage"},"image":{"@id":"https:\/\/tdv.org\/tr-TR\/turk-milletinin-yardim-eli-bosna-hersekte-ihtiyac-sahiplerine-ulasti\/#primaryimage"},"thumbnailUrl":"https:\/\/tdv.org\/tr-TR\/wp-content\/uploads\/2021\/04\/20210415_2_47842049_64291847-scaled.jpg","datePublished":"2021-04-17T15:03:06+00:00","dateModified":"2023-01-04T12:06:07+00:00","description":"T\u00fcrkiye Diyanet Vakf\u0131 (TDV), Bosna Hersek'in ba\u015fkenti Saraybosna'da ihtiya\u00e7 sahibi ailelere g\u0131da yard\u0131m\u0131nda bulundu.","breadcrumb":{"@id":"https:\/\/tdv.org\/tr-TR\/turk-milletinin-yardim-eli-bosna-hersekte-ihtiyac-sahiplerine-ulasti\/#breadcrumb"},"inLanguage":"tr","potentialAction":[{"@type":"ReadAction","target":["https:\/\/tdv.org\/tr-TR\/turk-milletinin-yardim-eli-bosna-hersekte-ihtiyac-sahiplerine-ulasti\/"]}]},{"@type":"ImageObject","inLanguage":"tr","@id":"https:\/\/tdv.org\/tr-TR\/turk-milletinin-yardim-eli-bosna-hersekte-ihtiyac-sahiplerine-ulasti\/#primaryimage","url":"https:\/\/tdv.org\/tr-TR\/wp-content\/uploads\/2021\/04\/20210415_2_47842049_64291847-scaled.jpg","contentUrl":"https:\/\/tdv.org\/tr-TR\/wp-content\/uploads\/2021\/04\/20210415_2_47842049_64291847-scaled.jpg","width":2560,"height":1858},{"@type":"BreadcrumbList","@id":"https:\/\/tdv.org\/tr-TR\/turk-milletinin-yardim-eli-bosna-hersekte-ihtiyac-sahiplerine-ulasti\/#breadcrumb","itemListElement":[{"@type":"ListItem","position":1,"name":"Anasayfa","item":"https:\/\/tdv.org\/tr-TR\/"},{"@type":"ListItem","position":2,"name":"T\u00fcrk Milletinin yard\u0131m eli Bosna Hersek&#8217;te ihtiya\u00e7 sahiplerine ula\u015ft\u0131"}]},{"@type":"WebSite","@id":"https:\/\/tdv.org\/tr-TR\/#website","url":"https:\/\/tdv.org\/tr-TR\/","name":"T\u00fcrkiye Diyanet Vakf\u0131 Resmi Web Sitesi","description":"Yery\u00fcz\u00fcnde iyilik egemen oluncaya kadar","publisher":{"@id":"https:\/\/tdv.org\/tr-TR\/#organization"},"alternateName":"T\u00fcrkiye Diyanet Vakf\u0131","potentialAction":[{"@type":"SearchAction","target":{"@type":"EntryPoint","urlTemplate":"https:\/\/tdv.org\/tr-TR\/?s={search_term_string}"},"query-input":{"@type":"PropertyValueSpecification","valueRequired":true,"valueName":"search_term_string"}}],"inLanguage":"tr"},{"@type":"Organization","@id":"https:\/\/tdv.org\/tr-TR\/#organization","name":"T\u00fcrkiye Diyanet Vakf\u0131","alternateName":"T\u00fcrkiye Diyanet Vakf\u0131","url":"https:\/\/tdv.org\/tr-TR\/","logo":{"@type":"ImageObject","inLanguage":"tr","@id":"https:\/\/tdv.org\/tr-TR\/#\/schema\/logo\/image\/","url":"https:\/\/tdv.org\/tr-TR\/wp-content\/uploads\/2018\/12\/TDV_Logo_1.png","contentUrl":"https:\/\/tdv.org\/tr-TR\/wp-content\/uploads\/2018\/12\/TDV_Logo_1.png","width":207,"height":71,"caption":"T\u00fcrkiye Diyanet Vakf\u0131"},"image":{"@id":"https:\/\/tdv.org\/tr-TR\/#\/schema\/logo\/image\/"},"sameAs":["https:\/\/www.facebook.com\/Diyanetvakfi\/","https:\/\/x.com\/DiyanetVakfi","https:\/\/www.instagram.com\/turkiyediyanetvakfi\/","https:\/\/www.youtube.com\/user\/TurkiyeDiyanetVakfi"]},{"@type":"Person","@id":"https:\/\/tdv.org\/tr-TR\/#\/schema\/person\/8f21f05615f6bcf071bbd5ee8d376a8f","name":"Musa","image":{"@type":"ImageObject","inLanguage":"tr","@id":"https:\/\/tdv.org\/tr-TR\/wp-content\/litespeed\/avatar\/5b7955b12151edf37ee458402c4c6b7f.jpg?ver=1777295996","url":"https:\/\/tdv.org\/tr-TR\/wp-content\/litespeed\/avatar\/5b7955b12151edf37ee458402c4c6b7f.jpg?ver=1777295996","contentUrl":"https:\/\/tdv.org\/tr-TR\/wp-content\/litespeed\/avatar\/5b7955b12151edf37ee458402c4c6b7f.jpg?ver=1777295996","caption":"Musa"},"sameAs":["http:\/\/www.tdv.org"]}]}},"_links":{"self":[{"href":"https:\/\/tdv.org\/tr-TR\/wp-json\/wp\/v2\/posts\/11971","targetHints":{"allow":["GET"]}}],"collection":[{"href":"https:\/\/tdv.org\/tr-TR\/wp-json\/wp\/v2\/posts"}],"about":[{"href":"https:\/\/tdv.org\/tr-TR\/wp-json\/wp\/v2\/types\/post"}],"author":[{"embeddable":true,"href":"https:\/\/tdv.org\/tr-TR\/wp-json\/wp\/v2\/users\/6"}],"replies":[{"embeddable":true,"href":"https:\/\/tdv.org\/tr-TR\/wp-json\/wp\/v2\/comments?post=11971"}],"version-history":[{"count":1,"href":"https:\/\/tdv.org\/tr-TR\/wp-json\/wp\/v2\/posts\/11971\/revisions"}],"predecessor-version":[{"id":29345,"href":"https:\/\/tdv.org\/tr-TR\/wp-json\/wp\/v2\/posts\/11971\/revisions\/29345"}],"wp:featuredmedia":[{"embeddable":true,"href":"https:\/\/tdv.org\/tr-TR\/wp-json\/wp\/v2\/media\/11976"}],"wp:attachment":[{"href":"https:\/\/tdv.org\/tr-TR\/wp-json\/wp\/v2\/media?parent=11971"}],"wp:term":[{"taxonomy":"category","embeddable":true,"href":"https:\/\/tdv.org\/tr-TR\/wp-json\/wp\/v2\/categories?post=11971"},{"taxonomy":"post_tag","embeddable":true,"href":"https:\/\/tdv.org\/tr-TR\/wp-json\/wp\/v2\/tags?post=11971"}],"curies":[{"name":"wp","href":"https:\/\/api.w.org\/{rel}","templated":true}]}}