{"id":12044,"date":"2021-04-20T10:06:35","date_gmt":"2021-04-20T07:06:35","guid":{"rendered":"https:\/\/tdv.org\/tr-TR\/?p=12044"},"modified":"2023-01-04T15:04:04","modified_gmt":"2023-01-04T12:04:04","slug":"turkiye-diyanet-vakfi-sudanda-2-bin-600-aileye-gida-yardimi-yapacak","status":"publish","type":"post","link":"https:\/\/tdv.org\/tr-TR\/turkiye-diyanet-vakfi-sudanda-2-bin-600-aileye-gida-yardimi-yapacak\/","title":{"rendered":"T\u00fcrkiye Diyanet Vakf\u0131 Sudan&#8217;da 2 bin 600 aileye g\u0131da yard\u0131m\u0131 yapacak"},"content":{"rendered":"<p>T\u00fcrkiye Diyanet Vakf\u0131 (TDV), ramazan ay\u0131nda Do\u011fu Afrika \u00fclkesi Sudan\u2019\u0131n farkl\u0131 b\u00f6lgelerindeki ihtiya\u00e7 sahiplerine 2 bin 600 g\u0131da kolisi ula\u015ft\u0131racak.<\/p>\n<p>T\u00fcrkiye\u2019nin Hartum B\u00fcy\u00fckel\u00e7ili\u011fi Din Hizmetleri M\u00fc\u015faviri Abdullah \u015een, 2021 y\u0131l\u0131 ramazan ay\u0131 g\u0131da paketi yard\u0131mlar\u0131 program\u0131 kapsam\u0131nda TDV taraf\u0131ndan g\u00f6nderilen toplam 1100 adet g\u0131da paketinin da\u011f\u0131t\u0131m\u0131na ramazan\u0131n ilk g\u00fcn\u00fcnden itibaren ba\u015flad\u0131klar\u0131n\u0131 s\u00f6yledi.<\/p>\n<p>\u0130\u015f birli\u011fi yapt\u0131klar\u0131 yerel dernekler vas\u0131tas\u0131yla ba\u015fkent Hartum\u2019un yan\u0131 s\u0131ra G\u00fcney Kurdufan ve Bat\u0131 Darfur eyaletlerindeki 800 ihtiya\u00e7 sahibine yard\u0131mlar\u0131 teslim ettiklerini belirten \u015een, \u015funlar\u0131 kaydetti:<\/p>\n<p>&#8220;Kamplardaki s\u0131\u011f\u0131nmac\u0131lara, yetimlere ve Kur&#8217;an kurslar\u0131nda okuyan \u00e7ocuklar\u0131n ailelerine hay\u0131rseverlerimizin ba\u011f\u0131\u015flar\u0131n\u0131 ula\u015ft\u0131rd\u0131k. Bug\u00fcn Hartum&#8217;un Ezheri b\u00f6lgesinde yar\u0131n da Cebel-i Evliya b\u00f6lgesinde toplam 200 cami g\u00f6revlisine g\u0131da kolileri teslim edilecek. Devam eden yard\u0131mlar\u0131m\u0131z ve Almanya\u2019daki Diyanet \u0130\u015fleri T\u00fcrk \u0130slam Birli\u011fi (D\u0130T\u0130B) Ba\u015fkanl\u0131\u011f\u0131ndan gelecek 1500 paketle bu say\u0131y\u0131 2 bin 600\u2019ye tamamlay\u0131p ramazan sonuna kadar yard\u0131mlar\u0131m\u0131 ger\u00e7ekle\u015ftirece\u011fiz in\u015fallah. Sudanl\u0131 karde\u015flerimizin maddi, manevi, mesleki e\u011fitim her t\u00fcrl\u00fc konuda deste\u011fe ihtiya\u00e7lar\u0131 var. Hay\u0131rsever karde\u015flerimizin g\u00f6n\u00fcllerini buraya \u00e7evirmelerini hat\u0131rlatmak isterim.\u201d<\/p>\n\n\t\t<style type=\"text\/css\">\n\t\t\t#gallery-1 {\n\t\t\t\tmargin: auto;\n\t\t\t}\n\t\t\t#gallery-1 .gallery-item {\n\t\t\t\tfloat: left;\n\t\t\t\tmargin-top: 10px;\n\t\t\t\ttext-align: center;\n\t\t\t\twidth: 33%;\n\t\t\t}\n\t\t\t#gallery-1 img {\n\t\t\t\tborder: 2px solid #cfcfcf;\n\t\t\t}\n\t\t\t#gallery-1 .gallery-caption {\n\t\t\t\tmargin-left: 0;\n\t\t\t}\n\t\t\t\/* see gallery_shortcode() in wp-includes\/media.php *\/\n\t\t<\/style>\n\t\t<div id='gallery-1' class='gallery galleryid-12044 gallery-columns-3 gallery-size-thumbnail'><dl class='gallery-item'>\n\t\t\t<dt class='gallery-icon landscape'>\n\t\t\t\t<a href='https:\/\/tdv.org\/tr-TR\/wp-content\/uploads\/2021\/04\/2-2-scaled.jpg'><img decoding=\"async\" width=\"150\" height=\"150\" src=\"https:\/\/tdv.org\/tr-TR\/wp-content\/uploads\/2021\/04\/2-2-150x150.jpg\" class=\"attachment-thumbnail size-thumbnail\" alt=\"\" srcset=\"https:\/\/tdv.org\/tr-TR\/wp-content\/uploads\/2021\/04\/2-2-150x150.jpg 150w, https:\/\/tdv.org\/tr-TR\/wp-content\/uploads\/2021\/04\/2-2-100x100.jpg 100w, https:\/\/tdv.org\/tr-TR\/wp-content\/uploads\/2021\/04\/2-2-140x140.jpg 140w, https:\/\/tdv.org\/tr-TR\/wp-content\/uploads\/2021\/04\/2-2-500x500.jpg 500w, https:\/\/tdv.org\/tr-TR\/wp-content\/uploads\/2021\/04\/2-2-350x350.jpg 350w, https:\/\/tdv.org\/tr-TR\/wp-content\/uploads\/2021\/04\/2-2-1000x1000.jpg 1000w, https:\/\/tdv.org\/tr-TR\/wp-content\/uploads\/2021\/04\/2-2-800x800.jpg 800w\" sizes=\"(max-width: 150px) 100vw, 150px\" \/><\/a>\n\t\t\t<\/dt><\/dl><dl class='gallery-item'>\n\t\t\t<dt class='gallery-icon landscape'>\n\t\t\t\t<a href='https:\/\/tdv.org\/tr-TR\/wp-content\/uploads\/2021\/04\/1-2-scaled.jpg'><img decoding=\"async\" width=\"150\" height=\"150\" src=\"https:\/\/tdv.org\/tr-TR\/wp-content\/uploads\/2021\/04\/1-2-150x150.jpg\" class=\"attachment-thumbnail size-thumbnail\" alt=\"\" srcset=\"https:\/\/tdv.org\/tr-TR\/wp-content\/uploads\/2021\/04\/1-2-150x150.jpg 150w, https:\/\/tdv.org\/tr-TR\/wp-content\/uploads\/2021\/04\/1-2-100x100.jpg 100w, https:\/\/tdv.org\/tr-TR\/wp-content\/uploads\/2021\/04\/1-2-140x140.jpg 140w, https:\/\/tdv.org\/tr-TR\/wp-content\/uploads\/2021\/04\/1-2-500x500.jpg 500w, https:\/\/tdv.org\/tr-TR\/wp-content\/uploads\/2021\/04\/1-2-350x350.jpg 350w, https:\/\/tdv.org\/tr-TR\/wp-content\/uploads\/2021\/04\/1-2-1000x1000.jpg 1000w, https:\/\/tdv.org\/tr-TR\/wp-content\/uploads\/2021\/04\/1-2-800x800.jpg 800w\" sizes=\"(max-width: 150px) 100vw, 150px\" \/><\/a>\n\t\t\t<\/dt><\/dl><dl class='gallery-item'>\n\t\t\t<dt class='gallery-icon landscape'>\n\t\t\t\t<a href='https:\/\/tdv.org\/tr-TR\/wp-content\/uploads\/2021\/04\/3-2-scaled.jpg'><img decoding=\"async\" width=\"150\" height=\"150\" src=\"https:\/\/tdv.org\/tr-TR\/wp-content\/uploads\/2021\/04\/3-2-150x150.jpg\" class=\"attachment-thumbnail size-thumbnail\" alt=\"\" srcset=\"https:\/\/tdv.org\/tr-TR\/wp-content\/uploads\/2021\/04\/3-2-150x150.jpg 150w, https:\/\/tdv.org\/tr-TR\/wp-content\/uploads\/2021\/04\/3-2-100x100.jpg 100w, https:\/\/tdv.org\/tr-TR\/wp-content\/uploads\/2021\/04\/3-2-140x140.jpg 140w, https:\/\/tdv.org\/tr-TR\/wp-content\/uploads\/2021\/04\/3-2-500x500.jpg 500w, https:\/\/tdv.org\/tr-TR\/wp-content\/uploads\/2021\/04\/3-2-350x350.jpg 350w, https:\/\/tdv.org\/tr-TR\/wp-content\/uploads\/2021\/04\/3-2-1000x1000.jpg 1000w, https:\/\/tdv.org\/tr-TR\/wp-content\/uploads\/2021\/04\/3-2-800x800.jpg 800w\" sizes=\"(max-width: 150px) 100vw, 150px\" \/><\/a>\n\t\t\t<\/dt><\/dl><br style=\"clear: both\" \/><dl class='gallery-item'>\n\t\t\t<dt class='gallery-icon landscape'>\n\t\t\t\t<a href='https:\/\/tdv.org\/tr-TR\/wp-content\/uploads\/2021\/04\/4-1-scaled.jpg'><img decoding=\"async\" width=\"150\" height=\"150\" src=\"https:\/\/tdv.org\/tr-TR\/wp-content\/uploads\/2021\/04\/4-1-150x150.jpg\" class=\"attachment-thumbnail size-thumbnail\" alt=\"\" srcset=\"https:\/\/tdv.org\/tr-TR\/wp-content\/uploads\/2021\/04\/4-1-150x150.jpg 150w, https:\/\/tdv.org\/tr-TR\/wp-content\/uploads\/2021\/04\/4-1-100x100.jpg 100w, https:\/\/tdv.org\/tr-TR\/wp-content\/uploads\/2021\/04\/4-1-140x140.jpg 140w, https:\/\/tdv.org\/tr-TR\/wp-content\/uploads\/2021\/04\/4-1-500x500.jpg 500w, https:\/\/tdv.org\/tr-TR\/wp-content\/uploads\/2021\/04\/4-1-350x350.jpg 350w, https:\/\/tdv.org\/tr-TR\/wp-content\/uploads\/2021\/04\/4-1-1000x1000.jpg 1000w, https:\/\/tdv.org\/tr-TR\/wp-content\/uploads\/2021\/04\/4-1-800x800.jpg 800w\" sizes=\"(max-width: 150px) 100vw, 150px\" \/><\/a>\n\t\t\t<\/dt><\/dl><dl class='gallery-item'>\n\t\t\t<dt class='gallery-icon landscape'>\n\t\t\t\t<a href='https:\/\/tdv.org\/tr-TR\/wp-content\/uploads\/2021\/04\/5-1-scaled.jpg'><img decoding=\"async\" width=\"150\" height=\"150\" src=\"https:\/\/tdv.org\/tr-TR\/wp-content\/uploads\/2021\/04\/5-1-150x150.jpg\" class=\"attachment-thumbnail size-thumbnail\" alt=\"\" srcset=\"https:\/\/tdv.org\/tr-TR\/wp-content\/uploads\/2021\/04\/5-1-150x150.jpg 150w, https:\/\/tdv.org\/tr-TR\/wp-content\/uploads\/2021\/04\/5-1-100x100.jpg 100w, https:\/\/tdv.org\/tr-TR\/wp-content\/uploads\/2021\/04\/5-1-140x140.jpg 140w, https:\/\/tdv.org\/tr-TR\/wp-content\/uploads\/2021\/04\/5-1-500x500.jpg 500w, https:\/\/tdv.org\/tr-TR\/wp-content\/uploads\/2021\/04\/5-1-350x350.jpg 350w, https:\/\/tdv.org\/tr-TR\/wp-content\/uploads\/2021\/04\/5-1-1000x1000.jpg 1000w, https:\/\/tdv.org\/tr-TR\/wp-content\/uploads\/2021\/04\/5-1-800x800.jpg 800w\" sizes=\"(max-width: 150px) 100vw, 150px\" \/><\/a>\n\t\t\t<\/dt><\/dl><dl class='gallery-item'>\n\t\t\t<dt class='gallery-icon landscape'>\n\t\t\t\t<a href='https:\/\/tdv.org\/tr-TR\/wp-content\/uploads\/2021\/04\/6-1-scaled.jpg'><img decoding=\"async\" width=\"150\" height=\"150\" src=\"https:\/\/tdv.org\/tr-TR\/wp-content\/uploads\/2021\/04\/6-1-150x150.jpg\" class=\"attachment-thumbnail size-thumbnail\" alt=\"\" srcset=\"https:\/\/tdv.org\/tr-TR\/wp-content\/uploads\/2021\/04\/6-1-150x150.jpg 150w, https:\/\/tdv.org\/tr-TR\/wp-content\/uploads\/2021\/04\/6-1-100x100.jpg 100w, https:\/\/tdv.org\/tr-TR\/wp-content\/uploads\/2021\/04\/6-1-140x140.jpg 140w, https:\/\/tdv.org\/tr-TR\/wp-content\/uploads\/2021\/04\/6-1-500x500.jpg 500w, https:\/\/tdv.org\/tr-TR\/wp-content\/uploads\/2021\/04\/6-1-350x350.jpg 350w, https:\/\/tdv.org\/tr-TR\/wp-content\/uploads\/2021\/04\/6-1-1000x1000.jpg 1000w, https:\/\/tdv.org\/tr-TR\/wp-content\/uploads\/2021\/04\/6-1-800x800.jpg 800w\" sizes=\"(max-width: 150px) 100vw, 150px\" \/><\/a>\n\t\t\t<\/dt><\/dl><br style=\"clear: both\" \/>\n\t\t<\/div>\n\n","protected":false},"excerpt":{"rendered":"<p>T\u00fcrkiye Diyanet Vakf\u0131 (TDV), ramazan ay\u0131nda Do\u011fu Afrika \u00fclkesi Sudan\u2019\u0131n farkl\u0131 b\u00f6lgelerindeki ihtiya\u00e7 sahiplerine 2 bin 600 g\u0131da kolisi ula\u015ft\u0131racak. T\u00fcrkiye\u2019nin Hartum B\u00fcy\u00fckel\u00e7ili\u011fi Din Hizmetleri M\u00fc\u015faviri Abdullah \u015een, 2021 y\u0131l\u0131&#8230;<\/p>\n","protected":false},"author":4,"featured_media":12045,"comment_status":"open","ping_status":"closed","sticky":false,"template":"","format":"standard","meta":{"footnotes":""},"categories":[1],"tags":[107,1221,699,261,478],"class_list":{"0":"post-12044","1":"post","2":"type-post","3":"status-publish","4":"format-standard","5":"has-post-thumbnail","7":"category-haberler","8":"tag-ramazan","9":"tag-ramazan-2021","10":"tag-ramazan-yardimi","11":"tag-sudan","12":"tag-yardim"},"yoast_head":"<!-- This site is optimized with the Yoast SEO plugin v27.5 - https:\/\/yoast.com\/product\/yoast-seo-wordpress\/ -->\n<title>T\u00fcrkiye Diyanet Vakf\u0131 Sudan&#039;da 2 bin 600 aileye g\u0131da yard\u0131m\u0131 yapacak<\/title>\n<meta name=\"description\" content=\"T\u00fcrkiye Diyanet Vakf\u0131 (TDV), ramazan ay\u0131nda Do\u011fu Afrika \u00fclkesi Sudan\u2019\u0131n farkl\u0131 b\u00f6lgelerindeki ihtiya\u00e7 sahiplerine 2 bin 600 g\u0131da kolisi ula\u015ft\u0131racak.\" \/>\n<meta name=\"robots\" content=\"index, follow, max-snippet:-1, max-image-preview:large, max-video-preview:-1\" \/>\n<link rel=\"canonical\" href=\"https:\/\/tdv.org\/tr-TR\/turkiye-diyanet-vakfi-sudanda-2-bin-600-aileye-gida-yardimi-yapacak\/\" \/>\n<meta property=\"og:locale\" content=\"tr_TR\" \/>\n<meta property=\"og:type\" content=\"article\" \/>\n<meta property=\"og:title\" content=\"T\u00fcrkiye Diyanet Vakf\u0131 Sudan&#039;da 2 bin 600 aileye g\u0131da yard\u0131m\u0131 yapacak\" \/>\n<meta property=\"og:description\" content=\"T\u00fcrkiye Diyanet Vakf\u0131 (TDV), ramazan ay\u0131nda Do\u011fu Afrika \u00fclkesi Sudan\u2019\u0131n farkl\u0131 b\u00f6lgelerindeki ihtiya\u00e7 sahiplerine 2 bin 600 g\u0131da kolisi ula\u015ft\u0131racak.\" \/>\n<meta property=\"og:url\" content=\"https:\/\/tdv.org\/tr-TR\/turkiye-diyanet-vakfi-sudanda-2-bin-600-aileye-gida-yardimi-yapacak\/\" \/>\n<meta property=\"og:site_name\" content=\"T\u00fcrkiye Diyanet Vakf\u0131 Resmi Web Sitesi\" \/>\n<meta property=\"article:publisher\" content=\"https:\/\/www.facebook.com\/Diyanetvakfi\/\" \/>\n<meta property=\"article:published_time\" content=\"2021-04-20T07:06:35+00:00\" \/>\n<meta property=\"article:modified_time\" content=\"2023-01-04T12:04:04+00:00\" \/>\n<meta property=\"og:image\" content=\"https:\/\/tdv.org\/tr-TR\/wp-content\/uploads\/2021\/04\/1-2-scaled.jpg\" \/>\n\t<meta property=\"og:image:width\" content=\"2560\" \/>\n\t<meta property=\"og:image:height\" content=\"1707\" \/>\n\t<meta property=\"og:image:type\" content=\"image\/jpeg\" \/>\n<meta name=\"author\" content=\"Feyzullah\" \/>\n<meta name=\"twitter:card\" content=\"summary_large_image\" \/>\n<meta name=\"twitter:creator\" content=\"@DiyanetVakfi\" \/>\n<meta name=\"twitter:site\" content=\"@DiyanetVakfi\" \/>\n<script type=\"application\/ld+json\" class=\"yoast-schema-graph\">{\"@context\":\"https:\\\/\\\/schema.org\",\"@graph\":[{\"@type\":\"Article\",\"@id\":\"https:\\\/\\\/tdv.org\\\/tr-TR\\\/turkiye-diyanet-vakfi-sudanda-2-bin-600-aileye-gida-yardimi-yapacak\\\/#article\",\"isPartOf\":{\"@id\":\"https:\\\/\\\/tdv.org\\\/tr-TR\\\/turkiye-diyanet-vakfi-sudanda-2-bin-600-aileye-gida-yardimi-yapacak\\\/\"},\"author\":{\"name\":\"Feyzullah\",\"@id\":\"https:\\\/\\\/tdv.org\\\/tr-TR\\\/#\\\/schema\\\/person\\\/d82361fee30b9a18f022b00af48c5e54\"},\"headline\":\"T\u00fcrkiye Diyanet Vakf\u0131 Sudan&#8217;da 2 bin 600 aileye g\u0131da yard\u0131m\u0131 yapacak\",\"datePublished\":\"2021-04-20T07:06:35+00:00\",\"dateModified\":\"2023-01-04T12:04:04+00:00\",\"mainEntityOfPage\":{\"@id\":\"https:\\\/\\\/tdv.org\\\/tr-TR\\\/turkiye-diyanet-vakfi-sudanda-2-bin-600-aileye-gida-yardimi-yapacak\\\/\"},\"wordCount\":248,\"commentCount\":0,\"publisher\":{\"@id\":\"https:\\\/\\\/tdv.org\\\/tr-TR\\\/#organization\"},\"image\":{\"@id\":\"https:\\\/\\\/tdv.org\\\/tr-TR\\\/turkiye-diyanet-vakfi-sudanda-2-bin-600-aileye-gida-yardimi-yapacak\\\/#primaryimage\"},\"thumbnailUrl\":\"https:\\\/\\\/tdv.org\\\/tr-TR\\\/wp-content\\\/uploads\\\/2021\\\/04\\\/1-2-scaled.jpg\",\"keywords\":[\"ramazan\",\"ramazan 2021\",\"Ramazan yard\u0131m\u0131\",\"Sudan\",\"yard\u0131m\"],\"articleSection\":[\"Haberler\"],\"inLanguage\":\"tr\",\"potentialAction\":[{\"@type\":\"CommentAction\",\"name\":\"Comment\",\"target\":[\"https:\\\/\\\/tdv.org\\\/tr-TR\\\/turkiye-diyanet-vakfi-sudanda-2-bin-600-aileye-gida-yardimi-yapacak\\\/#respond\"]}]},{\"@type\":\"WebPage\",\"@id\":\"https:\\\/\\\/tdv.org\\\/tr-TR\\\/turkiye-diyanet-vakfi-sudanda-2-bin-600-aileye-gida-yardimi-yapacak\\\/\",\"url\":\"https:\\\/\\\/tdv.org\\\/tr-TR\\\/turkiye-diyanet-vakfi-sudanda-2-bin-600-aileye-gida-yardimi-yapacak\\\/\",\"name\":\"T\u00fcrkiye Diyanet Vakf\u0131 Sudan'da 2 bin 600 aileye g\u0131da yard\u0131m\u0131 yapacak\",\"isPartOf\":{\"@id\":\"https:\\\/\\\/tdv.org\\\/tr-TR\\\/#website\"},\"primaryImageOfPage\":{\"@id\":\"https:\\\/\\\/tdv.org\\\/tr-TR\\\/turkiye-diyanet-vakfi-sudanda-2-bin-600-aileye-gida-yardimi-yapacak\\\/#primaryimage\"},\"image\":{\"@id\":\"https:\\\/\\\/tdv.org\\\/tr-TR\\\/turkiye-diyanet-vakfi-sudanda-2-bin-600-aileye-gida-yardimi-yapacak\\\/#primaryimage\"},\"thumbnailUrl\":\"https:\\\/\\\/tdv.org\\\/tr-TR\\\/wp-content\\\/uploads\\\/2021\\\/04\\\/1-2-scaled.jpg\",\"datePublished\":\"2021-04-20T07:06:35+00:00\",\"dateModified\":\"2023-01-04T12:04:04+00:00\",\"description\":\"T\u00fcrkiye Diyanet Vakf\u0131 (TDV), ramazan ay\u0131nda Do\u011fu Afrika \u00fclkesi Sudan\u2019\u0131n farkl\u0131 b\u00f6lgelerindeki ihtiya\u00e7 sahiplerine 2 bin 600 g\u0131da kolisi ula\u015ft\u0131racak.\",\"breadcrumb\":{\"@id\":\"https:\\\/\\\/tdv.org\\\/tr-TR\\\/turkiye-diyanet-vakfi-sudanda-2-bin-600-aileye-gida-yardimi-yapacak\\\/#breadcrumb\"},\"inLanguage\":\"tr\",\"potentialAction\":[{\"@type\":\"ReadAction\",\"target\":[\"https:\\\/\\\/tdv.org\\\/tr-TR\\\/turkiye-diyanet-vakfi-sudanda-2-bin-600-aileye-gida-yardimi-yapacak\\\/\"]}]},{\"@type\":\"ImageObject\",\"inLanguage\":\"tr\",\"@id\":\"https:\\\/\\\/tdv.org\\\/tr-TR\\\/turkiye-diyanet-vakfi-sudanda-2-bin-600-aileye-gida-yardimi-yapacak\\\/#primaryimage\",\"url\":\"https:\\\/\\\/tdv.org\\\/tr-TR\\\/wp-content\\\/uploads\\\/2021\\\/04\\\/1-2-scaled.jpg\",\"contentUrl\":\"https:\\\/\\\/tdv.org\\\/tr-TR\\\/wp-content\\\/uploads\\\/2021\\\/04\\\/1-2-scaled.jpg\",\"width\":2560,\"height\":1707},{\"@type\":\"BreadcrumbList\",\"@id\":\"https:\\\/\\\/tdv.org\\\/tr-TR\\\/turkiye-diyanet-vakfi-sudanda-2-bin-600-aileye-gida-yardimi-yapacak\\\/#breadcrumb\",\"itemListElement\":[{\"@type\":\"ListItem\",\"position\":1,\"name\":\"Anasayfa\",\"item\":\"https:\\\/\\\/tdv.org\\\/tr-TR\\\/\"},{\"@type\":\"ListItem\",\"position\":2,\"name\":\"T\u00fcrkiye Diyanet Vakf\u0131 Sudan&#8217;da 2 bin 600 aileye g\u0131da yard\u0131m\u0131 yapacak\"}]},{\"@type\":\"WebSite\",\"@id\":\"https:\\\/\\\/tdv.org\\\/tr-TR\\\/#website\",\"url\":\"https:\\\/\\\/tdv.org\\\/tr-TR\\\/\",\"name\":\"T\u00fcrkiye Diyanet Vakf\u0131 Resmi Web Sitesi\",\"description\":\"Yery\u00fcz\u00fcnde iyilik egemen oluncaya kadar\",\"publisher\":{\"@id\":\"https:\\\/\\\/tdv.org\\\/tr-TR\\\/#organization\"},\"alternateName\":\"T\u00fcrkiye Diyanet Vakf\u0131\",\"potentialAction\":[{\"@type\":\"SearchAction\",\"target\":{\"@type\":\"EntryPoint\",\"urlTemplate\":\"https:\\\/\\\/tdv.org\\\/tr-TR\\\/?s={search_term_string}\"},\"query-input\":{\"@type\":\"PropertyValueSpecification\",\"valueRequired\":true,\"valueName\":\"search_term_string\"}}],\"inLanguage\":\"tr\"},{\"@type\":\"Organization\",\"@id\":\"https:\\\/\\\/tdv.org\\\/tr-TR\\\/#organization\",\"name\":\"T\u00fcrkiye Diyanet Vakf\u0131\",\"alternateName\":\"T\u00fcrkiye Diyanet Vakf\u0131\",\"url\":\"https:\\\/\\\/tdv.org\\\/tr-TR\\\/\",\"logo\":{\"@type\":\"ImageObject\",\"inLanguage\":\"tr\",\"@id\":\"https:\\\/\\\/tdv.org\\\/tr-TR\\\/#\\\/schema\\\/logo\\\/image\\\/\",\"url\":\"https:\\\/\\\/tdv.org\\\/tr-TR\\\/wp-content\\\/uploads\\\/2018\\\/12\\\/TDV_Logo_1.png\",\"contentUrl\":\"https:\\\/\\\/tdv.org\\\/tr-TR\\\/wp-content\\\/uploads\\\/2018\\\/12\\\/TDV_Logo_1.png\",\"width\":207,\"height\":71,\"caption\":\"T\u00fcrkiye Diyanet Vakf\u0131\"},\"image\":{\"@id\":\"https:\\\/\\\/tdv.org\\\/tr-TR\\\/#\\\/schema\\\/logo\\\/image\\\/\"},\"sameAs\":[\"https:\\\/\\\/www.facebook.com\\\/Diyanetvakfi\\\/\",\"https:\\\/\\\/x.com\\\/DiyanetVakfi\",\"https:\\\/\\\/www.instagram.com\\\/turkiyediyanetvakfi\\\/\",\"https:\\\/\\\/www.youtube.com\\\/user\\\/TurkiyeDiyanetVakfi\"]},{\"@type\":\"Person\",\"@id\":\"https:\\\/\\\/tdv.org\\\/tr-TR\\\/#\\\/schema\\\/person\\\/d82361fee30b9a18f022b00af48c5e54\",\"name\":\"Feyzullah\",\"image\":{\"@type\":\"ImageObject\",\"inLanguage\":\"tr\",\"@id\":\"https:\\\/\\\/tdv.org\\\/tr-TR\\\/wp-content\\\/litespeed\\\/avatar\\\/2976dc58d1ce98cb93380ae29394255a.jpg?ver=1777306938\",\"url\":\"https:\\\/\\\/tdv.org\\\/tr-TR\\\/wp-content\\\/litespeed\\\/avatar\\\/2976dc58d1ce98cb93380ae29394255a.jpg?ver=1777306938\",\"contentUrl\":\"https:\\\/\\\/tdv.org\\\/tr-TR\\\/wp-content\\\/litespeed\\\/avatar\\\/2976dc58d1ce98cb93380ae29394255a.jpg?ver=1777306938\",\"caption\":\"Feyzullah\"},\"sameAs\":[\"http:\\\/\\\/www.tdv.org\"]}]}<\/script>\n<!-- \/ Yoast SEO plugin. -->","yoast_head_json":{"title":"T\u00fcrkiye Diyanet Vakf\u0131 Sudan'da 2 bin 600 aileye g\u0131da yard\u0131m\u0131 yapacak","description":"T\u00fcrkiye Diyanet Vakf\u0131 (TDV), ramazan ay\u0131nda Do\u011fu Afrika \u00fclkesi Sudan\u2019\u0131n farkl\u0131 b\u00f6lgelerindeki ihtiya\u00e7 sahiplerine 2 bin 600 g\u0131da kolisi ula\u015ft\u0131racak.","robots":{"index":"index","follow":"follow","max-snippet":"max-snippet:-1","max-image-preview":"max-image-preview:large","max-video-preview":"max-video-preview:-1"},"canonical":"https:\/\/tdv.org\/tr-TR\/turkiye-diyanet-vakfi-sudanda-2-bin-600-aileye-gida-yardimi-yapacak\/","og_locale":"tr_TR","og_type":"article","og_title":"T\u00fcrkiye Diyanet Vakf\u0131 Sudan'da 2 bin 600 aileye g\u0131da yard\u0131m\u0131 yapacak","og_description":"T\u00fcrkiye Diyanet Vakf\u0131 (TDV), ramazan ay\u0131nda Do\u011fu Afrika \u00fclkesi Sudan\u2019\u0131n farkl\u0131 b\u00f6lgelerindeki ihtiya\u00e7 sahiplerine 2 bin 600 g\u0131da kolisi ula\u015ft\u0131racak.","og_url":"https:\/\/tdv.org\/tr-TR\/turkiye-diyanet-vakfi-sudanda-2-bin-600-aileye-gida-yardimi-yapacak\/","og_site_name":"T\u00fcrkiye Diyanet Vakf\u0131 Resmi Web Sitesi","article_publisher":"https:\/\/www.facebook.com\/Diyanetvakfi\/","article_published_time":"2021-04-20T07:06:35+00:00","article_modified_time":"2023-01-04T12:04:04+00:00","og_image":[{"width":2560,"height":1707,"url":"https:\/\/tdv.org\/tr-TR\/wp-content\/uploads\/2021\/04\/1-2-scaled.jpg","type":"image\/jpeg"}],"author":"Feyzullah","twitter_card":"summary_large_image","twitter_creator":"@DiyanetVakfi","twitter_site":"@DiyanetVakfi","schema":{"@context":"https:\/\/schema.org","@graph":[{"@type":"Article","@id":"https:\/\/tdv.org\/tr-TR\/turkiye-diyanet-vakfi-sudanda-2-bin-600-aileye-gida-yardimi-yapacak\/#article","isPartOf":{"@id":"https:\/\/tdv.org\/tr-TR\/turkiye-diyanet-vakfi-sudanda-2-bin-600-aileye-gida-yardimi-yapacak\/"},"author":{"name":"Feyzullah","@id":"https:\/\/tdv.org\/tr-TR\/#\/schema\/person\/d82361fee30b9a18f022b00af48c5e54"},"headline":"T\u00fcrkiye Diyanet Vakf\u0131 Sudan&#8217;da 2 bin 600 aileye g\u0131da yard\u0131m\u0131 yapacak","datePublished":"2021-04-20T07:06:35+00:00","dateModified":"2023-01-04T12:04:04+00:00","mainEntityOfPage":{"@id":"https:\/\/tdv.org\/tr-TR\/turkiye-diyanet-vakfi-sudanda-2-bin-600-aileye-gida-yardimi-yapacak\/"},"wordCount":248,"commentCount":0,"publisher":{"@id":"https:\/\/tdv.org\/tr-TR\/#organization"},"image":{"@id":"https:\/\/tdv.org\/tr-TR\/turkiye-diyanet-vakfi-sudanda-2-bin-600-aileye-gida-yardimi-yapacak\/#primaryimage"},"thumbnailUrl":"https:\/\/tdv.org\/tr-TR\/wp-content\/uploads\/2021\/04\/1-2-scaled.jpg","keywords":["ramazan","ramazan 2021","Ramazan yard\u0131m\u0131","Sudan","yard\u0131m"],"articleSection":["Haberler"],"inLanguage":"tr","potentialAction":[{"@type":"CommentAction","name":"Comment","target":["https:\/\/tdv.org\/tr-TR\/turkiye-diyanet-vakfi-sudanda-2-bin-600-aileye-gida-yardimi-yapacak\/#respond"]}]},{"@type":"WebPage","@id":"https:\/\/tdv.org\/tr-TR\/turkiye-diyanet-vakfi-sudanda-2-bin-600-aileye-gida-yardimi-yapacak\/","url":"https:\/\/tdv.org\/tr-TR\/turkiye-diyanet-vakfi-sudanda-2-bin-600-aileye-gida-yardimi-yapacak\/","name":"T\u00fcrkiye Diyanet Vakf\u0131 Sudan'da 2 bin 600 aileye g\u0131da yard\u0131m\u0131 yapacak","isPartOf":{"@id":"https:\/\/tdv.org\/tr-TR\/#website"},"primaryImageOfPage":{"@id":"https:\/\/tdv.org\/tr-TR\/turkiye-diyanet-vakfi-sudanda-2-bin-600-aileye-gida-yardimi-yapacak\/#primaryimage"},"image":{"@id":"https:\/\/tdv.org\/tr-TR\/turkiye-diyanet-vakfi-sudanda-2-bin-600-aileye-gida-yardimi-yapacak\/#primaryimage"},"thumbnailUrl":"https:\/\/tdv.org\/tr-TR\/wp-content\/uploads\/2021\/04\/1-2-scaled.jpg","datePublished":"2021-04-20T07:06:35+00:00","dateModified":"2023-01-04T12:04:04+00:00","description":"T\u00fcrkiye Diyanet Vakf\u0131 (TDV), ramazan ay\u0131nda Do\u011fu Afrika \u00fclkesi Sudan\u2019\u0131n farkl\u0131 b\u00f6lgelerindeki ihtiya\u00e7 sahiplerine 2 bin 600 g\u0131da kolisi ula\u015ft\u0131racak.","breadcrumb":{"@id":"https:\/\/tdv.org\/tr-TR\/turkiye-diyanet-vakfi-sudanda-2-bin-600-aileye-gida-yardimi-yapacak\/#breadcrumb"},"inLanguage":"tr","potentialAction":[{"@type":"ReadAction","target":["https:\/\/tdv.org\/tr-TR\/turkiye-diyanet-vakfi-sudanda-2-bin-600-aileye-gida-yardimi-yapacak\/"]}]},{"@type":"ImageObject","inLanguage":"tr","@id":"https:\/\/tdv.org\/tr-TR\/turkiye-diyanet-vakfi-sudanda-2-bin-600-aileye-gida-yardimi-yapacak\/#primaryimage","url":"https:\/\/tdv.org\/tr-TR\/wp-content\/uploads\/2021\/04\/1-2-scaled.jpg","contentUrl":"https:\/\/tdv.org\/tr-TR\/wp-content\/uploads\/2021\/04\/1-2-scaled.jpg","width":2560,"height":1707},{"@type":"BreadcrumbList","@id":"https:\/\/tdv.org\/tr-TR\/turkiye-diyanet-vakfi-sudanda-2-bin-600-aileye-gida-yardimi-yapacak\/#breadcrumb","itemListElement":[{"@type":"ListItem","position":1,"name":"Anasayfa","item":"https:\/\/tdv.org\/tr-TR\/"},{"@type":"ListItem","position":2,"name":"T\u00fcrkiye Diyanet Vakf\u0131 Sudan&#8217;da 2 bin 600 aileye g\u0131da yard\u0131m\u0131 yapacak"}]},{"@type":"WebSite","@id":"https:\/\/tdv.org\/tr-TR\/#website","url":"https:\/\/tdv.org\/tr-TR\/","name":"T\u00fcrkiye Diyanet Vakf\u0131 Resmi Web Sitesi","description":"Yery\u00fcz\u00fcnde iyilik egemen oluncaya kadar","publisher":{"@id":"https:\/\/tdv.org\/tr-TR\/#organization"},"alternateName":"T\u00fcrkiye Diyanet Vakf\u0131","potentialAction":[{"@type":"SearchAction","target":{"@type":"EntryPoint","urlTemplate":"https:\/\/tdv.org\/tr-TR\/?s={search_term_string}"},"query-input":{"@type":"PropertyValueSpecification","valueRequired":true,"valueName":"search_term_string"}}],"inLanguage":"tr"},{"@type":"Organization","@id":"https:\/\/tdv.org\/tr-TR\/#organization","name":"T\u00fcrkiye Diyanet Vakf\u0131","alternateName":"T\u00fcrkiye Diyanet Vakf\u0131","url":"https:\/\/tdv.org\/tr-TR\/","logo":{"@type":"ImageObject","inLanguage":"tr","@id":"https:\/\/tdv.org\/tr-TR\/#\/schema\/logo\/image\/","url":"https:\/\/tdv.org\/tr-TR\/wp-content\/uploads\/2018\/12\/TDV_Logo_1.png","contentUrl":"https:\/\/tdv.org\/tr-TR\/wp-content\/uploads\/2018\/12\/TDV_Logo_1.png","width":207,"height":71,"caption":"T\u00fcrkiye Diyanet Vakf\u0131"},"image":{"@id":"https:\/\/tdv.org\/tr-TR\/#\/schema\/logo\/image\/"},"sameAs":["https:\/\/www.facebook.com\/Diyanetvakfi\/","https:\/\/x.com\/DiyanetVakfi","https:\/\/www.instagram.com\/turkiyediyanetvakfi\/","https:\/\/www.youtube.com\/user\/TurkiyeDiyanetVakfi"]},{"@type":"Person","@id":"https:\/\/tdv.org\/tr-TR\/#\/schema\/person\/d82361fee30b9a18f022b00af48c5e54","name":"Feyzullah","image":{"@type":"ImageObject","inLanguage":"tr","@id":"https:\/\/tdv.org\/tr-TR\/wp-content\/litespeed\/avatar\/2976dc58d1ce98cb93380ae29394255a.jpg?ver=1777306938","url":"https:\/\/tdv.org\/tr-TR\/wp-content\/litespeed\/avatar\/2976dc58d1ce98cb93380ae29394255a.jpg?ver=1777306938","contentUrl":"https:\/\/tdv.org\/tr-TR\/wp-content\/litespeed\/avatar\/2976dc58d1ce98cb93380ae29394255a.jpg?ver=1777306938","caption":"Feyzullah"},"sameAs":["http:\/\/www.tdv.org"]}]}},"_links":{"self":[{"href":"https:\/\/tdv.org\/tr-TR\/wp-json\/wp\/v2\/posts\/12044","targetHints":{"allow":["GET"]}}],"collection":[{"href":"https:\/\/tdv.org\/tr-TR\/wp-json\/wp\/v2\/posts"}],"about":[{"href":"https:\/\/tdv.org\/tr-TR\/wp-json\/wp\/v2\/types\/post"}],"author":[{"embeddable":true,"href":"https:\/\/tdv.org\/tr-TR\/wp-json\/wp\/v2\/users\/4"}],"replies":[{"embeddable":true,"href":"https:\/\/tdv.org\/tr-TR\/wp-json\/wp\/v2\/comments?post=12044"}],"version-history":[{"count":1,"href":"https:\/\/tdv.org\/tr-TR\/wp-json\/wp\/v2\/posts\/12044\/revisions"}],"predecessor-version":[{"id":29339,"href":"https:\/\/tdv.org\/tr-TR\/wp-json\/wp\/v2\/posts\/12044\/revisions\/29339"}],"wp:featuredmedia":[{"embeddable":true,"href":"https:\/\/tdv.org\/tr-TR\/wp-json\/wp\/v2\/media\/12045"}],"wp:attachment":[{"href":"https:\/\/tdv.org\/tr-TR\/wp-json\/wp\/v2\/media?parent=12044"}],"wp:term":[{"taxonomy":"category","embeddable":true,"href":"https:\/\/tdv.org\/tr-TR\/wp-json\/wp\/v2\/categories?post=12044"},{"taxonomy":"post_tag","embeddable":true,"href":"https:\/\/tdv.org\/tr-TR\/wp-json\/wp\/v2\/tags?post=12044"}],"curies":[{"name":"wp","href":"https:\/\/api.w.org\/{rel}","templated":true}]}}