{"id":12112,"date":"2021-04-22T10:26:55","date_gmt":"2021-04-22T07:26:55","guid":{"rendered":"https:\/\/tdv.org\/tr-TR\/?p=12112"},"modified":"2023-01-04T14:05:55","modified_gmt":"2023-01-04T11:05:55","slug":"turkiyeden-kirgizistandaki-ihtiyac-sahiplerine-ramazan-yardimi-ulastirildi","status":"publish","type":"post","link":"https:\/\/tdv.org\/tr-TR\/turkiyeden-kirgizistandaki-ihtiyac-sahiplerine-ramazan-yardimi-ulastirildi\/","title":{"rendered":"T\u00fcrkiye&#8217;den K\u0131rg\u0131zistan&#8217;daki ihtiya\u00e7 sahiplerine ramazan yard\u0131m\u0131 ula\u015ft\u0131r\u0131ld\u0131"},"content":{"rendered":"<p>K\u0131rg\u0131zistan&#8217;da her y\u0131l ramazan ay\u0131 dolay\u0131s\u0131yla ihtiya\u00e7 sahibi ailelere g\u0131da yard\u0131m\u0131nda bulunan T\u00fcrkiye\u00a0Diyanet\u00a0\u0130\u015fleri Ba\u015fkanl\u0131\u011f\u0131 ve T\u00fcrkiye\u00a0Diyanet\u00a0Vakf\u0131, \u201dBeklenen sensin\u201d slogan\u0131 ile \u00fclkede bin g\u0131da kolisini da\u011f\u0131tmaya ba\u015flad\u0131.<\/p>\n<p>Cumhurba\u015fkan\u0131 Recep Tayyip Erdo\u011fan&#8217;\u0131n kat\u0131l\u0131m\u0131yla K\u0131rg\u0131zistan&#8217;\u0131n ba\u015fkenti Bi\u015fkek&#8217;te iki y\u0131l \u00f6nce ibadete a\u00e7\u0131lan ve \u00fclkenin en b\u00fcy\u00fck camisi olarak bilinen Merkez \u0130mam Serahsi Camisi&#8217;nin avlusunda da\u011f\u0131t\u0131m organizasyonu yap\u0131ld\u0131.<\/p>\n<p>Etkinli\u011fe K\u0131rg\u0131zistan Cumhurba\u015fkan\u0131 Dan\u0131\u015fmanlar\u0131ndan Medetbek Bukuyev, Rav\u015fanbek Sabirov, Bi\u015fkek B\u00fcy\u00fckel\u00e7ili\u011fi ge\u00e7ici Maslahatg\u00fczar\u0131 M\u00fcste\u015far Yekta Kamil Noyan, Dirili\u015f Ertu\u011frul dizisinde Melik\u015fah Alp rol\u00fcnde oynayan Melik\u015fah \u00d6zen kat\u0131ld\u0131.<\/p>\n<p>T\u00fcrkiye\u00a0Diyanet\u00a0\u0130\u015fleri Ba\u015fkanl\u0131\u011f\u0131 temsilcilerin de aralar\u0131nda oldu\u011fu kat\u0131l\u0131mc\u0131lar un, pirin\u00e7, \u015feker, ya\u011f ve makarnadan olu\u015fan g\u0131da kolilerini bizzat ta\u015f\u0131yarak ihtiya\u00e7 sahiplerine teslim etti.<\/p>\n<p>Kat\u0131l\u0131mc\u0131lar, daha sonra Ah\u0131ska T\u00fcrklerinin yo\u011fun ya\u015fad\u0131\u011f\u0131 yerle\u015fim birimlerine giderek Ramazan yard\u0131m\u0131n\u0131n bir b\u00f6l\u00fcm\u00fcn\u00fc burada da da\u011f\u0131tt\u0131.<\/p>\n<p>Cumhurba\u015fkan\u0131 Dan\u0131\u015fman\u0131 Bukuyev gazetecilere yapt\u0131\u011f\u0131 a\u00e7\u0131klamada, K\u0131rg\u0131zistan&#8217;da ihtiya\u00e7 sahiplerine ramazan yard\u0131m kolilerini ula\u015ft\u0131ran T\u00fcrk halk\u0131na minnettar olduklar\u0131n\u0131 belirtti.<\/p>\n<p>T\u00fcrk dili konu\u015fan halklar\u0131n ramazan ay\u0131n\u0131 tebrik eden Bukuyev, &#8220;Ben eminim ki, K\u0131rg\u0131z-T\u00fcrk karde\u015f halklar\u0131n dostlu\u011fu bundan sonra da geli\u015fecektir.&#8221; dedi.<\/p>\n<p>Bi\u015fkek B\u00fcy\u00fckel\u00e7ili\u011fi Din \u0130\u015fleri M\u00fc\u015faviri Mursel \u00d6zt\u00fcrk ise yapt\u0131\u011f\u0131 a\u00e7\u0131klamada, m\u00fcbarek ramazan\u0131n rahmet, yard\u0131mla\u015fma ve karde\u015flik ay\u0131 oldu\u011funun alt\u0131n\u0131 \u00e7izdi.<\/p>\n<p>&#8220;Biz ana vatan T\u00fcrkiye&#8217;den ata vatan K\u0131rg\u0131zistan&#8217;daki karde\u015flerimizle iftar\u0131m\u0131z\u0131 ve sahurumuzu payla\u015fmak istedik.&#8221; diyen \u00d6zt\u00fcrk, T\u00fcrkiye\u00a0Diyanet\u00a0\u0130\u015fleri Ba\u015fkanl\u0131\u011f\u0131 ve T\u00fcrkiye\u00a0Diyanet\u00a0Vakf\u0131n\u0131n K\u0131rg\u0131zistan&#8217;da ramazan kolisini da\u011f\u0131tarak karde\u015fler aras\u0131nda birli\u011fe katk\u0131da bulunduklar\u0131n\u0131 kaydetti.<\/p>\n<p>Yard\u0131m kolisini teslim alan kad\u0131nlardan Perizat, K\u0131rg\u0131z halk\u0131na yard\u0131m getiren T\u00fcrk karde\u015flerine te\u015fekk\u00fcr ederek, &#8220;Kolide un, ya\u011f, \u00e7ay, \u015feker gibi g\u0131da malzemeleri var. Allah hepinizden raz\u0131 olsun!&#8221; ifadesini kulland\u0131.<\/p>\n<p>Da\u011f\u0131t\u0131m i\u015fi, bu hafta Ah\u0131ska T\u00fcrklerinin yo\u011fun ya\u015fad\u0131\u011f\u0131 Bi\u015fkek&#8217;in bat\u0131s\u0131ndaki il\u00e7elerde ve \u00fclkenin ikinci b\u00fcy\u00fck \u015fehri olan O\u015f&#8217;ta s\u00fcrecek.<\/p>\n<p>&nbsp;<\/p>\n\n\t\t<style type=\"text\/css\">\n\t\t\t#gallery-1 {\n\t\t\t\tmargin: auto;\n\t\t\t}\n\t\t\t#gallery-1 .gallery-item {\n\t\t\t\tfloat: left;\n\t\t\t\tmargin-top: 10px;\n\t\t\t\ttext-align: center;\n\t\t\t\twidth: 33%;\n\t\t\t}\n\t\t\t#gallery-1 img {\n\t\t\t\tborder: 2px solid #cfcfcf;\n\t\t\t}\n\t\t\t#gallery-1 .gallery-caption {\n\t\t\t\tmargin-left: 0;\n\t\t\t}\n\t\t\t\/* see gallery_shortcode() in wp-includes\/media.php *\/\n\t\t<\/style>\n\t\t<div id='gallery-1' class='gallery galleryid-12112 gallery-columns-3 gallery-size-thumbnail'><dl class='gallery-item'>\n\t\t\t<dt class='gallery-icon landscape'>\n\t\t\t\t<a href='https:\/\/tdv.org\/tr-TR\/wp-content\/uploads\/2021\/04\/1-3-scaled.jpg'><img decoding=\"async\" width=\"150\" height=\"150\" src=\"https:\/\/tdv.org\/tr-TR\/wp-content\/uploads\/2021\/04\/1-3-150x150.jpg\" class=\"attachment-thumbnail size-thumbnail\" alt=\"\" srcset=\"https:\/\/tdv.org\/tr-TR\/wp-content\/uploads\/2021\/04\/1-3-150x150.jpg 150w, https:\/\/tdv.org\/tr-TR\/wp-content\/uploads\/2021\/04\/1-3-100x100.jpg 100w, https:\/\/tdv.org\/tr-TR\/wp-content\/uploads\/2021\/04\/1-3-140x140.jpg 140w, https:\/\/tdv.org\/tr-TR\/wp-content\/uploads\/2021\/04\/1-3-500x500.jpg 500w, https:\/\/tdv.org\/tr-TR\/wp-content\/uploads\/2021\/04\/1-3-350x350.jpg 350w, https:\/\/tdv.org\/tr-TR\/wp-content\/uploads\/2021\/04\/1-3-1000x1000.jpg 1000w, https:\/\/tdv.org\/tr-TR\/wp-content\/uploads\/2021\/04\/1-3-800x800.jpg 800w\" sizes=\"(max-width: 150px) 100vw, 150px\" \/><\/a>\n\t\t\t<\/dt><\/dl><dl class='gallery-item'>\n\t\t\t<dt class='gallery-icon landscape'>\n\t\t\t\t<a href='https:\/\/tdv.org\/tr-TR\/wp-content\/uploads\/2021\/04\/2-3-scaled.jpg'><img decoding=\"async\" width=\"150\" height=\"150\" src=\"https:\/\/tdv.org\/tr-TR\/wp-content\/uploads\/2021\/04\/2-3-150x150.jpg\" class=\"attachment-thumbnail size-thumbnail\" alt=\"\" srcset=\"https:\/\/tdv.org\/tr-TR\/wp-content\/uploads\/2021\/04\/2-3-150x150.jpg 150w, https:\/\/tdv.org\/tr-TR\/wp-content\/uploads\/2021\/04\/2-3-100x100.jpg 100w, https:\/\/tdv.org\/tr-TR\/wp-content\/uploads\/2021\/04\/2-3-140x140.jpg 140w, https:\/\/tdv.org\/tr-TR\/wp-content\/uploads\/2021\/04\/2-3-500x500.jpg 500w, https:\/\/tdv.org\/tr-TR\/wp-content\/uploads\/2021\/04\/2-3-350x350.jpg 350w, https:\/\/tdv.org\/tr-TR\/wp-content\/uploads\/2021\/04\/2-3-1000x1000.jpg 1000w, https:\/\/tdv.org\/tr-TR\/wp-content\/uploads\/2021\/04\/2-3-800x800.jpg 800w\" sizes=\"(max-width: 150px) 100vw, 150px\" \/><\/a>\n\t\t\t<\/dt><\/dl><dl class='gallery-item'>\n\t\t\t<dt class='gallery-icon landscape'>\n\t\t\t\t<a href='https:\/\/tdv.org\/tr-TR\/wp-content\/uploads\/2021\/04\/3-3-scaled.jpg'><img decoding=\"async\" width=\"150\" height=\"150\" src=\"https:\/\/tdv.org\/tr-TR\/wp-content\/uploads\/2021\/04\/3-3-150x150.jpg\" class=\"attachment-thumbnail size-thumbnail\" alt=\"\" srcset=\"https:\/\/tdv.org\/tr-TR\/wp-content\/uploads\/2021\/04\/3-3-150x150.jpg 150w, https:\/\/tdv.org\/tr-TR\/wp-content\/uploads\/2021\/04\/3-3-100x100.jpg 100w, https:\/\/tdv.org\/tr-TR\/wp-content\/uploads\/2021\/04\/3-3-140x140.jpg 140w, https:\/\/tdv.org\/tr-TR\/wp-content\/uploads\/2021\/04\/3-3-500x500.jpg 500w, https:\/\/tdv.org\/tr-TR\/wp-content\/uploads\/2021\/04\/3-3-350x350.jpg 350w, https:\/\/tdv.org\/tr-TR\/wp-content\/uploads\/2021\/04\/3-3-1000x1000.jpg 1000w, https:\/\/tdv.org\/tr-TR\/wp-content\/uploads\/2021\/04\/3-3-800x800.jpg 800w\" sizes=\"(max-width: 150px) 100vw, 150px\" \/><\/a>\n\t\t\t<\/dt><\/dl><br style=\"clear: both\" \/><dl class='gallery-item'>\n\t\t\t<dt class='gallery-icon landscape'>\n\t\t\t\t<a href='https:\/\/tdv.org\/tr-TR\/wp-content\/uploads\/2021\/04\/4-2-scaled.jpg'><img decoding=\"async\" width=\"150\" height=\"150\" src=\"https:\/\/tdv.org\/tr-TR\/wp-content\/uploads\/2021\/04\/4-2-150x150.jpg\" class=\"attachment-thumbnail size-thumbnail\" alt=\"\" srcset=\"https:\/\/tdv.org\/tr-TR\/wp-content\/uploads\/2021\/04\/4-2-150x150.jpg 150w, https:\/\/tdv.org\/tr-TR\/wp-content\/uploads\/2021\/04\/4-2-100x100.jpg 100w, https:\/\/tdv.org\/tr-TR\/wp-content\/uploads\/2021\/04\/4-2-140x140.jpg 140w, https:\/\/tdv.org\/tr-TR\/wp-content\/uploads\/2021\/04\/4-2-500x500.jpg 500w, https:\/\/tdv.org\/tr-TR\/wp-content\/uploads\/2021\/04\/4-2-350x350.jpg 350w, https:\/\/tdv.org\/tr-TR\/wp-content\/uploads\/2021\/04\/4-2-1000x1000.jpg 1000w, https:\/\/tdv.org\/tr-TR\/wp-content\/uploads\/2021\/04\/4-2-800x800.jpg 800w\" sizes=\"(max-width: 150px) 100vw, 150px\" \/><\/a>\n\t\t\t<\/dt><\/dl><dl class='gallery-item'>\n\t\t\t<dt class='gallery-icon landscape'>\n\t\t\t\t<a href='https:\/\/tdv.org\/tr-TR\/wp-content\/uploads\/2021\/04\/5-2-scaled.jpg'><img decoding=\"async\" width=\"150\" height=\"150\" src=\"https:\/\/tdv.org\/tr-TR\/wp-content\/uploads\/2021\/04\/5-2-150x150.jpg\" class=\"attachment-thumbnail size-thumbnail\" alt=\"\" srcset=\"https:\/\/tdv.org\/tr-TR\/wp-content\/uploads\/2021\/04\/5-2-150x150.jpg 150w, https:\/\/tdv.org\/tr-TR\/wp-content\/uploads\/2021\/04\/5-2-100x100.jpg 100w, https:\/\/tdv.org\/tr-TR\/wp-content\/uploads\/2021\/04\/5-2-140x140.jpg 140w, https:\/\/tdv.org\/tr-TR\/wp-content\/uploads\/2021\/04\/5-2-500x500.jpg 500w, https:\/\/tdv.org\/tr-TR\/wp-content\/uploads\/2021\/04\/5-2-350x350.jpg 350w, https:\/\/tdv.org\/tr-TR\/wp-content\/uploads\/2021\/04\/5-2-1000x1000.jpg 1000w, https:\/\/tdv.org\/tr-TR\/wp-content\/uploads\/2021\/04\/5-2-800x800.jpg 800w\" sizes=\"(max-width: 150px) 100vw, 150px\" \/><\/a>\n\t\t\t<\/dt><\/dl><dl class='gallery-item'>\n\t\t\t<dt class='gallery-icon landscape'>\n\t\t\t\t<a href='https:\/\/tdv.org\/tr-TR\/wp-content\/uploads\/2021\/04\/6-2-scaled.jpg'><img decoding=\"async\" width=\"150\" height=\"150\" src=\"https:\/\/tdv.org\/tr-TR\/wp-content\/uploads\/2021\/04\/6-2-150x150.jpg\" class=\"attachment-thumbnail size-thumbnail\" alt=\"\" srcset=\"https:\/\/tdv.org\/tr-TR\/wp-content\/uploads\/2021\/04\/6-2-150x150.jpg 150w, https:\/\/tdv.org\/tr-TR\/wp-content\/uploads\/2021\/04\/6-2-100x100.jpg 100w, https:\/\/tdv.org\/tr-TR\/wp-content\/uploads\/2021\/04\/6-2-140x140.jpg 140w, https:\/\/tdv.org\/tr-TR\/wp-content\/uploads\/2021\/04\/6-2-500x500.jpg 500w, https:\/\/tdv.org\/tr-TR\/wp-content\/uploads\/2021\/04\/6-2-350x350.jpg 350w, https:\/\/tdv.org\/tr-TR\/wp-content\/uploads\/2021\/04\/6-2-1000x1000.jpg 1000w, https:\/\/tdv.org\/tr-TR\/wp-content\/uploads\/2021\/04\/6-2-800x800.jpg 800w\" sizes=\"(max-width: 150px) 100vw, 150px\" \/><\/a>\n\t\t\t<\/dt><\/dl><br style=\"clear: both\" \/><dl class='gallery-item'>\n\t\t\t<dt class='gallery-icon landscape'>\n\t\t\t\t<a href='https:\/\/tdv.org\/tr-TR\/wp-content\/uploads\/2021\/04\/7-1-scaled.jpg'><img decoding=\"async\" width=\"150\" height=\"150\" src=\"https:\/\/tdv.org\/tr-TR\/wp-content\/uploads\/2021\/04\/7-1-150x150.jpg\" class=\"attachment-thumbnail size-thumbnail\" alt=\"\" srcset=\"https:\/\/tdv.org\/tr-TR\/wp-content\/uploads\/2021\/04\/7-1-150x150.jpg 150w, https:\/\/tdv.org\/tr-TR\/wp-content\/uploads\/2021\/04\/7-1-100x100.jpg 100w, https:\/\/tdv.org\/tr-TR\/wp-content\/uploads\/2021\/04\/7-1-140x140.jpg 140w, https:\/\/tdv.org\/tr-TR\/wp-content\/uploads\/2021\/04\/7-1-500x500.jpg 500w, https:\/\/tdv.org\/tr-TR\/wp-content\/uploads\/2021\/04\/7-1-350x350.jpg 350w, https:\/\/tdv.org\/tr-TR\/wp-content\/uploads\/2021\/04\/7-1-1000x1000.jpg 1000w, https:\/\/tdv.org\/tr-TR\/wp-content\/uploads\/2021\/04\/7-1-800x800.jpg 800w\" sizes=\"(max-width: 150px) 100vw, 150px\" \/><\/a>\n\t\t\t<\/dt><\/dl><dl class='gallery-item'>\n\t\t\t<dt class='gallery-icon landscape'>\n\t\t\t\t<a href='https:\/\/tdv.org\/tr-TR\/wp-content\/uploads\/2021\/04\/8-scaled.jpg'><img decoding=\"async\" width=\"150\" height=\"150\" src=\"https:\/\/tdv.org\/tr-TR\/wp-content\/uploads\/2021\/04\/8-150x150.jpg\" class=\"attachment-thumbnail size-thumbnail\" alt=\"\" srcset=\"https:\/\/tdv.org\/tr-TR\/wp-content\/uploads\/2021\/04\/8-150x150.jpg 150w, https:\/\/tdv.org\/tr-TR\/wp-content\/uploads\/2021\/04\/8-100x100.jpg 100w, https:\/\/tdv.org\/tr-TR\/wp-content\/uploads\/2021\/04\/8-140x140.jpg 140w, https:\/\/tdv.org\/tr-TR\/wp-content\/uploads\/2021\/04\/8-500x500.jpg 500w, https:\/\/tdv.org\/tr-TR\/wp-content\/uploads\/2021\/04\/8-350x350.jpg 350w, https:\/\/tdv.org\/tr-TR\/wp-content\/uploads\/2021\/04\/8-1000x1000.jpg 1000w, https:\/\/tdv.org\/tr-TR\/wp-content\/uploads\/2021\/04\/8-800x800.jpg 800w\" sizes=\"(max-width: 150px) 100vw, 150px\" \/><\/a>\n\t\t\t<\/dt><\/dl>\n\t\t\t<br style='clear: both' \/>\n\t\t<\/div>\n\n<p>&nbsp;<\/p>\n","protected":false},"excerpt":{"rendered":"<p>K\u0131rg\u0131zistan&#8217;da her y\u0131l ramazan ay\u0131 dolay\u0131s\u0131yla ihtiya\u00e7 sahibi ailelere g\u0131da yard\u0131m\u0131nda bulunan T\u00fcrkiye\u00a0Diyanet\u00a0\u0130\u015fleri Ba\u015fkanl\u0131\u011f\u0131 ve T\u00fcrkiye\u00a0Diyanet\u00a0Vakf\u0131, \u201dBeklenen sensin\u201d slogan\u0131 ile \u00fclkede bin g\u0131da kolisini da\u011f\u0131tmaya ba\u015flad\u0131. Cumhurba\u015fkan\u0131 Recep Tayyip Erdo\u011fan&#8217;\u0131n&#8230;<\/p>\n","protected":false},"author":4,"featured_media":12113,"comment_status":"open","ping_status":"closed","sticky":false,"template":"","format":"standard","meta":{"footnotes":""},"categories":[1],"tags":[],"class_list":{"0":"post-12112","1":"post","2":"type-post","3":"status-publish","4":"format-standard","5":"has-post-thumbnail","7":"category-haberler"},"yoast_head":"<!-- This site is optimized with the Yoast SEO plugin v27.5 - https:\/\/yoast.com\/product\/yoast-seo-wordpress\/ -->\n<title>T\u00fcrkiye&#039;den K\u0131rg\u0131zistan&#039;daki ihtiya\u00e7 sahiplerine ramazan yard\u0131m\u0131 ula\u015ft\u0131r\u0131ld\u0131<\/title>\n<meta name=\"description\" content=\"K\u0131rg\u0131zistan&#039;da her y\u0131l ramazan ay\u0131 dolay\u0131s\u0131yla ihtiya\u00e7 sahibi ailelere g\u0131da yard\u0131m\u0131nda bulunan T\u00fcrkiye\u00a0Diyanet\u00a0\u0130\u015fleri Ba\u015fkanl\u0131\u011f\u0131 ve T\u00fcrkiye\u00a0Diyanet\u00a0Vakf\u0131, \u201dBeklenen sensin\u201d slogan\u0131 ile \u00fclkede bin g\u0131da kolisini da\u011f\u0131tmaya ba\u015flad\u0131.\" \/>\n<meta name=\"robots\" content=\"index, follow, max-snippet:-1, max-image-preview:large, max-video-preview:-1\" \/>\n<link rel=\"canonical\" href=\"https:\/\/tdv.org\/tr-TR\/turkiyeden-kirgizistandaki-ihtiyac-sahiplerine-ramazan-yardimi-ulastirildi\/\" \/>\n<meta property=\"og:locale\" content=\"tr_TR\" \/>\n<meta property=\"og:type\" content=\"article\" \/>\n<meta property=\"og:title\" content=\"T\u00fcrkiye&#039;den K\u0131rg\u0131zistan&#039;daki ihtiya\u00e7 sahiplerine ramazan yard\u0131m\u0131 ula\u015ft\u0131r\u0131ld\u0131\" \/>\n<meta property=\"og:description\" content=\"K\u0131rg\u0131zistan&#039;da her y\u0131l ramazan ay\u0131 dolay\u0131s\u0131yla ihtiya\u00e7 sahibi ailelere g\u0131da yard\u0131m\u0131nda bulunan T\u00fcrkiye\u00a0Diyanet\u00a0\u0130\u015fleri Ba\u015fkanl\u0131\u011f\u0131 ve T\u00fcrkiye\u00a0Diyanet\u00a0Vakf\u0131, \u201dBeklenen sensin\u201d slogan\u0131 ile \u00fclkede bin g\u0131da kolisini da\u011f\u0131tmaya ba\u015flad\u0131.\" \/>\n<meta property=\"og:url\" content=\"https:\/\/tdv.org\/tr-TR\/turkiyeden-kirgizistandaki-ihtiyac-sahiplerine-ramazan-yardimi-ulastirildi\/\" \/>\n<meta property=\"og:site_name\" content=\"T\u00fcrkiye Diyanet Vakf\u0131 Resmi Web Sitesi\" \/>\n<meta property=\"article:publisher\" content=\"https:\/\/www.facebook.com\/Diyanetvakfi\/\" \/>\n<meta property=\"article:published_time\" content=\"2021-04-22T07:26:55+00:00\" \/>\n<meta property=\"article:modified_time\" content=\"2023-01-04T11:05:55+00:00\" \/>\n<meta property=\"og:image\" content=\"https:\/\/tdv.org\/tr-TR\/wp-content\/uploads\/2021\/04\/1-3-scaled.jpg\" \/>\n\t<meta property=\"og:image:width\" content=\"2560\" \/>\n\t<meta property=\"og:image:height\" content=\"1691\" \/>\n\t<meta property=\"og:image:type\" content=\"image\/jpeg\" \/>\n<meta name=\"author\" content=\"Feyzullah\" \/>\n<meta name=\"twitter:card\" content=\"summary_large_image\" \/>\n<meta name=\"twitter:creator\" content=\"@DiyanetVakfi\" \/>\n<meta name=\"twitter:site\" content=\"@DiyanetVakfi\" \/>\n<script type=\"application\/ld+json\" class=\"yoast-schema-graph\">{\"@context\":\"https:\\\/\\\/schema.org\",\"@graph\":[{\"@type\":\"Article\",\"@id\":\"https:\\\/\\\/tdv.org\\\/tr-TR\\\/turkiyeden-kirgizistandaki-ihtiyac-sahiplerine-ramazan-yardimi-ulastirildi\\\/#article\",\"isPartOf\":{\"@id\":\"https:\\\/\\\/tdv.org\\\/tr-TR\\\/turkiyeden-kirgizistandaki-ihtiyac-sahiplerine-ramazan-yardimi-ulastirildi\\\/\"},\"author\":{\"name\":\"Feyzullah\",\"@id\":\"https:\\\/\\\/tdv.org\\\/tr-TR\\\/#\\\/schema\\\/person\\\/d82361fee30b9a18f022b00af48c5e54\"},\"headline\":\"T\u00fcrkiye&#8217;den K\u0131rg\u0131zistan&#8217;daki ihtiya\u00e7 sahiplerine ramazan yard\u0131m\u0131 ula\u015ft\u0131r\u0131ld\u0131\",\"datePublished\":\"2021-04-22T07:26:55+00:00\",\"dateModified\":\"2023-01-04T11:05:55+00:00\",\"mainEntityOfPage\":{\"@id\":\"https:\\\/\\\/tdv.org\\\/tr-TR\\\/turkiyeden-kirgizistandaki-ihtiyac-sahiplerine-ramazan-yardimi-ulastirildi\\\/\"},\"wordCount\":456,\"commentCount\":0,\"publisher\":{\"@id\":\"https:\\\/\\\/tdv.org\\\/tr-TR\\\/#organization\"},\"image\":{\"@id\":\"https:\\\/\\\/tdv.org\\\/tr-TR\\\/turkiyeden-kirgizistandaki-ihtiyac-sahiplerine-ramazan-yardimi-ulastirildi\\\/#primaryimage\"},\"thumbnailUrl\":\"https:\\\/\\\/tdv.org\\\/tr-TR\\\/wp-content\\\/uploads\\\/2021\\\/04\\\/1-3-scaled.jpg\",\"articleSection\":[\"Haberler\"],\"inLanguage\":\"tr\",\"potentialAction\":[{\"@type\":\"CommentAction\",\"name\":\"Comment\",\"target\":[\"https:\\\/\\\/tdv.org\\\/tr-TR\\\/turkiyeden-kirgizistandaki-ihtiyac-sahiplerine-ramazan-yardimi-ulastirildi\\\/#respond\"]}]},{\"@type\":\"WebPage\",\"@id\":\"https:\\\/\\\/tdv.org\\\/tr-TR\\\/turkiyeden-kirgizistandaki-ihtiyac-sahiplerine-ramazan-yardimi-ulastirildi\\\/\",\"url\":\"https:\\\/\\\/tdv.org\\\/tr-TR\\\/turkiyeden-kirgizistandaki-ihtiyac-sahiplerine-ramazan-yardimi-ulastirildi\\\/\",\"name\":\"T\u00fcrkiye'den K\u0131rg\u0131zistan'daki ihtiya\u00e7 sahiplerine ramazan yard\u0131m\u0131 ula\u015ft\u0131r\u0131ld\u0131\",\"isPartOf\":{\"@id\":\"https:\\\/\\\/tdv.org\\\/tr-TR\\\/#website\"},\"primaryImageOfPage\":{\"@id\":\"https:\\\/\\\/tdv.org\\\/tr-TR\\\/turkiyeden-kirgizistandaki-ihtiyac-sahiplerine-ramazan-yardimi-ulastirildi\\\/#primaryimage\"},\"image\":{\"@id\":\"https:\\\/\\\/tdv.org\\\/tr-TR\\\/turkiyeden-kirgizistandaki-ihtiyac-sahiplerine-ramazan-yardimi-ulastirildi\\\/#primaryimage\"},\"thumbnailUrl\":\"https:\\\/\\\/tdv.org\\\/tr-TR\\\/wp-content\\\/uploads\\\/2021\\\/04\\\/1-3-scaled.jpg\",\"datePublished\":\"2021-04-22T07:26:55+00:00\",\"dateModified\":\"2023-01-04T11:05:55+00:00\",\"description\":\"K\u0131rg\u0131zistan'da her y\u0131l ramazan ay\u0131 dolay\u0131s\u0131yla ihtiya\u00e7 sahibi ailelere g\u0131da yard\u0131m\u0131nda bulunan T\u00fcrkiye\u00a0Diyanet\u00a0\u0130\u015fleri Ba\u015fkanl\u0131\u011f\u0131 ve T\u00fcrkiye\u00a0Diyanet\u00a0Vakf\u0131, \u201dBeklenen sensin\u201d slogan\u0131 ile \u00fclkede bin g\u0131da kolisini da\u011f\u0131tmaya ba\u015flad\u0131.\",\"breadcrumb\":{\"@id\":\"https:\\\/\\\/tdv.org\\\/tr-TR\\\/turkiyeden-kirgizistandaki-ihtiyac-sahiplerine-ramazan-yardimi-ulastirildi\\\/#breadcrumb\"},\"inLanguage\":\"tr\",\"potentialAction\":[{\"@type\":\"ReadAction\",\"target\":[\"https:\\\/\\\/tdv.org\\\/tr-TR\\\/turkiyeden-kirgizistandaki-ihtiyac-sahiplerine-ramazan-yardimi-ulastirildi\\\/\"]}]},{\"@type\":\"ImageObject\",\"inLanguage\":\"tr\",\"@id\":\"https:\\\/\\\/tdv.org\\\/tr-TR\\\/turkiyeden-kirgizistandaki-ihtiyac-sahiplerine-ramazan-yardimi-ulastirildi\\\/#primaryimage\",\"url\":\"https:\\\/\\\/tdv.org\\\/tr-TR\\\/wp-content\\\/uploads\\\/2021\\\/04\\\/1-3-scaled.jpg\",\"contentUrl\":\"https:\\\/\\\/tdv.org\\\/tr-TR\\\/wp-content\\\/uploads\\\/2021\\\/04\\\/1-3-scaled.jpg\",\"width\":2560,\"height\":1691},{\"@type\":\"BreadcrumbList\",\"@id\":\"https:\\\/\\\/tdv.org\\\/tr-TR\\\/turkiyeden-kirgizistandaki-ihtiyac-sahiplerine-ramazan-yardimi-ulastirildi\\\/#breadcrumb\",\"itemListElement\":[{\"@type\":\"ListItem\",\"position\":1,\"name\":\"Anasayfa\",\"item\":\"https:\\\/\\\/tdv.org\\\/tr-TR\\\/\"},{\"@type\":\"ListItem\",\"position\":2,\"name\":\"T\u00fcrkiye&#8217;den K\u0131rg\u0131zistan&#8217;daki ihtiya\u00e7 sahiplerine ramazan yard\u0131m\u0131 ula\u015ft\u0131r\u0131ld\u0131\"}]},{\"@type\":\"WebSite\",\"@id\":\"https:\\\/\\\/tdv.org\\\/tr-TR\\\/#website\",\"url\":\"https:\\\/\\\/tdv.org\\\/tr-TR\\\/\",\"name\":\"T\u00fcrkiye Diyanet Vakf\u0131 Resmi Web Sitesi\",\"description\":\"Yery\u00fcz\u00fcnde iyilik egemen oluncaya kadar\",\"publisher\":{\"@id\":\"https:\\\/\\\/tdv.org\\\/tr-TR\\\/#organization\"},\"alternateName\":\"T\u00fcrkiye Diyanet Vakf\u0131\",\"potentialAction\":[{\"@type\":\"SearchAction\",\"target\":{\"@type\":\"EntryPoint\",\"urlTemplate\":\"https:\\\/\\\/tdv.org\\\/tr-TR\\\/?s={search_term_string}\"},\"query-input\":{\"@type\":\"PropertyValueSpecification\",\"valueRequired\":true,\"valueName\":\"search_term_string\"}}],\"inLanguage\":\"tr\"},{\"@type\":\"Organization\",\"@id\":\"https:\\\/\\\/tdv.org\\\/tr-TR\\\/#organization\",\"name\":\"T\u00fcrkiye Diyanet Vakf\u0131\",\"alternateName\":\"T\u00fcrkiye Diyanet Vakf\u0131\",\"url\":\"https:\\\/\\\/tdv.org\\\/tr-TR\\\/\",\"logo\":{\"@type\":\"ImageObject\",\"inLanguage\":\"tr\",\"@id\":\"https:\\\/\\\/tdv.org\\\/tr-TR\\\/#\\\/schema\\\/logo\\\/image\\\/\",\"url\":\"https:\\\/\\\/tdv.org\\\/tr-TR\\\/wp-content\\\/uploads\\\/2018\\\/12\\\/TDV_Logo_1.png\",\"contentUrl\":\"https:\\\/\\\/tdv.org\\\/tr-TR\\\/wp-content\\\/uploads\\\/2018\\\/12\\\/TDV_Logo_1.png\",\"width\":207,\"height\":71,\"caption\":\"T\u00fcrkiye Diyanet Vakf\u0131\"},\"image\":{\"@id\":\"https:\\\/\\\/tdv.org\\\/tr-TR\\\/#\\\/schema\\\/logo\\\/image\\\/\"},\"sameAs\":[\"https:\\\/\\\/www.facebook.com\\\/Diyanetvakfi\\\/\",\"https:\\\/\\\/x.com\\\/DiyanetVakfi\",\"https:\\\/\\\/www.instagram.com\\\/turkiyediyanetvakfi\\\/\",\"https:\\\/\\\/www.youtube.com\\\/user\\\/TurkiyeDiyanetVakfi\"]},{\"@type\":\"Person\",\"@id\":\"https:\\\/\\\/tdv.org\\\/tr-TR\\\/#\\\/schema\\\/person\\\/d82361fee30b9a18f022b00af48c5e54\",\"name\":\"Feyzullah\",\"image\":{\"@type\":\"ImageObject\",\"inLanguage\":\"tr\",\"@id\":\"https:\\\/\\\/tdv.org\\\/tr-TR\\\/wp-content\\\/litespeed\\\/avatar\\\/2976dc58d1ce98cb93380ae29394255a.jpg?ver=1777306938\",\"url\":\"https:\\\/\\\/tdv.org\\\/tr-TR\\\/wp-content\\\/litespeed\\\/avatar\\\/2976dc58d1ce98cb93380ae29394255a.jpg?ver=1777306938\",\"contentUrl\":\"https:\\\/\\\/tdv.org\\\/tr-TR\\\/wp-content\\\/litespeed\\\/avatar\\\/2976dc58d1ce98cb93380ae29394255a.jpg?ver=1777306938\",\"caption\":\"Feyzullah\"},\"sameAs\":[\"http:\\\/\\\/www.tdv.org\"]}]}<\/script>\n<!-- \/ Yoast SEO plugin. -->","yoast_head_json":{"title":"T\u00fcrkiye'den K\u0131rg\u0131zistan'daki ihtiya\u00e7 sahiplerine ramazan yard\u0131m\u0131 ula\u015ft\u0131r\u0131ld\u0131","description":"K\u0131rg\u0131zistan'da her y\u0131l ramazan ay\u0131 dolay\u0131s\u0131yla ihtiya\u00e7 sahibi ailelere g\u0131da yard\u0131m\u0131nda bulunan T\u00fcrkiye\u00a0Diyanet\u00a0\u0130\u015fleri Ba\u015fkanl\u0131\u011f\u0131 ve T\u00fcrkiye\u00a0Diyanet\u00a0Vakf\u0131, \u201dBeklenen sensin\u201d slogan\u0131 ile \u00fclkede bin g\u0131da kolisini da\u011f\u0131tmaya ba\u015flad\u0131.","robots":{"index":"index","follow":"follow","max-snippet":"max-snippet:-1","max-image-preview":"max-image-preview:large","max-video-preview":"max-video-preview:-1"},"canonical":"https:\/\/tdv.org\/tr-TR\/turkiyeden-kirgizistandaki-ihtiyac-sahiplerine-ramazan-yardimi-ulastirildi\/","og_locale":"tr_TR","og_type":"article","og_title":"T\u00fcrkiye'den K\u0131rg\u0131zistan'daki ihtiya\u00e7 sahiplerine ramazan yard\u0131m\u0131 ula\u015ft\u0131r\u0131ld\u0131","og_description":"K\u0131rg\u0131zistan'da her y\u0131l ramazan ay\u0131 dolay\u0131s\u0131yla ihtiya\u00e7 sahibi ailelere g\u0131da yard\u0131m\u0131nda bulunan T\u00fcrkiye\u00a0Diyanet\u00a0\u0130\u015fleri Ba\u015fkanl\u0131\u011f\u0131 ve T\u00fcrkiye\u00a0Diyanet\u00a0Vakf\u0131, \u201dBeklenen sensin\u201d slogan\u0131 ile \u00fclkede bin g\u0131da kolisini da\u011f\u0131tmaya ba\u015flad\u0131.","og_url":"https:\/\/tdv.org\/tr-TR\/turkiyeden-kirgizistandaki-ihtiyac-sahiplerine-ramazan-yardimi-ulastirildi\/","og_site_name":"T\u00fcrkiye Diyanet Vakf\u0131 Resmi Web Sitesi","article_publisher":"https:\/\/www.facebook.com\/Diyanetvakfi\/","article_published_time":"2021-04-22T07:26:55+00:00","article_modified_time":"2023-01-04T11:05:55+00:00","og_image":[{"width":2560,"height":1691,"url":"https:\/\/tdv.org\/tr-TR\/wp-content\/uploads\/2021\/04\/1-3-scaled.jpg","type":"image\/jpeg"}],"author":"Feyzullah","twitter_card":"summary_large_image","twitter_creator":"@DiyanetVakfi","twitter_site":"@DiyanetVakfi","schema":{"@context":"https:\/\/schema.org","@graph":[{"@type":"Article","@id":"https:\/\/tdv.org\/tr-TR\/turkiyeden-kirgizistandaki-ihtiyac-sahiplerine-ramazan-yardimi-ulastirildi\/#article","isPartOf":{"@id":"https:\/\/tdv.org\/tr-TR\/turkiyeden-kirgizistandaki-ihtiyac-sahiplerine-ramazan-yardimi-ulastirildi\/"},"author":{"name":"Feyzullah","@id":"https:\/\/tdv.org\/tr-TR\/#\/schema\/person\/d82361fee30b9a18f022b00af48c5e54"},"headline":"T\u00fcrkiye&#8217;den K\u0131rg\u0131zistan&#8217;daki ihtiya\u00e7 sahiplerine ramazan yard\u0131m\u0131 ula\u015ft\u0131r\u0131ld\u0131","datePublished":"2021-04-22T07:26:55+00:00","dateModified":"2023-01-04T11:05:55+00:00","mainEntityOfPage":{"@id":"https:\/\/tdv.org\/tr-TR\/turkiyeden-kirgizistandaki-ihtiyac-sahiplerine-ramazan-yardimi-ulastirildi\/"},"wordCount":456,"commentCount":0,"publisher":{"@id":"https:\/\/tdv.org\/tr-TR\/#organization"},"image":{"@id":"https:\/\/tdv.org\/tr-TR\/turkiyeden-kirgizistandaki-ihtiyac-sahiplerine-ramazan-yardimi-ulastirildi\/#primaryimage"},"thumbnailUrl":"https:\/\/tdv.org\/tr-TR\/wp-content\/uploads\/2021\/04\/1-3-scaled.jpg","articleSection":["Haberler"],"inLanguage":"tr","potentialAction":[{"@type":"CommentAction","name":"Comment","target":["https:\/\/tdv.org\/tr-TR\/turkiyeden-kirgizistandaki-ihtiyac-sahiplerine-ramazan-yardimi-ulastirildi\/#respond"]}]},{"@type":"WebPage","@id":"https:\/\/tdv.org\/tr-TR\/turkiyeden-kirgizistandaki-ihtiyac-sahiplerine-ramazan-yardimi-ulastirildi\/","url":"https:\/\/tdv.org\/tr-TR\/turkiyeden-kirgizistandaki-ihtiyac-sahiplerine-ramazan-yardimi-ulastirildi\/","name":"T\u00fcrkiye'den K\u0131rg\u0131zistan'daki ihtiya\u00e7 sahiplerine ramazan yard\u0131m\u0131 ula\u015ft\u0131r\u0131ld\u0131","isPartOf":{"@id":"https:\/\/tdv.org\/tr-TR\/#website"},"primaryImageOfPage":{"@id":"https:\/\/tdv.org\/tr-TR\/turkiyeden-kirgizistandaki-ihtiyac-sahiplerine-ramazan-yardimi-ulastirildi\/#primaryimage"},"image":{"@id":"https:\/\/tdv.org\/tr-TR\/turkiyeden-kirgizistandaki-ihtiyac-sahiplerine-ramazan-yardimi-ulastirildi\/#primaryimage"},"thumbnailUrl":"https:\/\/tdv.org\/tr-TR\/wp-content\/uploads\/2021\/04\/1-3-scaled.jpg","datePublished":"2021-04-22T07:26:55+00:00","dateModified":"2023-01-04T11:05:55+00:00","description":"K\u0131rg\u0131zistan'da her y\u0131l ramazan ay\u0131 dolay\u0131s\u0131yla ihtiya\u00e7 sahibi ailelere g\u0131da yard\u0131m\u0131nda bulunan T\u00fcrkiye\u00a0Diyanet\u00a0\u0130\u015fleri Ba\u015fkanl\u0131\u011f\u0131 ve T\u00fcrkiye\u00a0Diyanet\u00a0Vakf\u0131, \u201dBeklenen sensin\u201d slogan\u0131 ile \u00fclkede bin g\u0131da kolisini da\u011f\u0131tmaya ba\u015flad\u0131.","breadcrumb":{"@id":"https:\/\/tdv.org\/tr-TR\/turkiyeden-kirgizistandaki-ihtiyac-sahiplerine-ramazan-yardimi-ulastirildi\/#breadcrumb"},"inLanguage":"tr","potentialAction":[{"@type":"ReadAction","target":["https:\/\/tdv.org\/tr-TR\/turkiyeden-kirgizistandaki-ihtiyac-sahiplerine-ramazan-yardimi-ulastirildi\/"]}]},{"@type":"ImageObject","inLanguage":"tr","@id":"https:\/\/tdv.org\/tr-TR\/turkiyeden-kirgizistandaki-ihtiyac-sahiplerine-ramazan-yardimi-ulastirildi\/#primaryimage","url":"https:\/\/tdv.org\/tr-TR\/wp-content\/uploads\/2021\/04\/1-3-scaled.jpg","contentUrl":"https:\/\/tdv.org\/tr-TR\/wp-content\/uploads\/2021\/04\/1-3-scaled.jpg","width":2560,"height":1691},{"@type":"BreadcrumbList","@id":"https:\/\/tdv.org\/tr-TR\/turkiyeden-kirgizistandaki-ihtiyac-sahiplerine-ramazan-yardimi-ulastirildi\/#breadcrumb","itemListElement":[{"@type":"ListItem","position":1,"name":"Anasayfa","item":"https:\/\/tdv.org\/tr-TR\/"},{"@type":"ListItem","position":2,"name":"T\u00fcrkiye&#8217;den K\u0131rg\u0131zistan&#8217;daki ihtiya\u00e7 sahiplerine ramazan yard\u0131m\u0131 ula\u015ft\u0131r\u0131ld\u0131"}]},{"@type":"WebSite","@id":"https:\/\/tdv.org\/tr-TR\/#website","url":"https:\/\/tdv.org\/tr-TR\/","name":"T\u00fcrkiye Diyanet Vakf\u0131 Resmi Web Sitesi","description":"Yery\u00fcz\u00fcnde iyilik egemen oluncaya kadar","publisher":{"@id":"https:\/\/tdv.org\/tr-TR\/#organization"},"alternateName":"T\u00fcrkiye Diyanet Vakf\u0131","potentialAction":[{"@type":"SearchAction","target":{"@type":"EntryPoint","urlTemplate":"https:\/\/tdv.org\/tr-TR\/?s={search_term_string}"},"query-input":{"@type":"PropertyValueSpecification","valueRequired":true,"valueName":"search_term_string"}}],"inLanguage":"tr"},{"@type":"Organization","@id":"https:\/\/tdv.org\/tr-TR\/#organization","name":"T\u00fcrkiye Diyanet Vakf\u0131","alternateName":"T\u00fcrkiye Diyanet Vakf\u0131","url":"https:\/\/tdv.org\/tr-TR\/","logo":{"@type":"ImageObject","inLanguage":"tr","@id":"https:\/\/tdv.org\/tr-TR\/#\/schema\/logo\/image\/","url":"https:\/\/tdv.org\/tr-TR\/wp-content\/uploads\/2018\/12\/TDV_Logo_1.png","contentUrl":"https:\/\/tdv.org\/tr-TR\/wp-content\/uploads\/2018\/12\/TDV_Logo_1.png","width":207,"height":71,"caption":"T\u00fcrkiye Diyanet Vakf\u0131"},"image":{"@id":"https:\/\/tdv.org\/tr-TR\/#\/schema\/logo\/image\/"},"sameAs":["https:\/\/www.facebook.com\/Diyanetvakfi\/","https:\/\/x.com\/DiyanetVakfi","https:\/\/www.instagram.com\/turkiyediyanetvakfi\/","https:\/\/www.youtube.com\/user\/TurkiyeDiyanetVakfi"]},{"@type":"Person","@id":"https:\/\/tdv.org\/tr-TR\/#\/schema\/person\/d82361fee30b9a18f022b00af48c5e54","name":"Feyzullah","image":{"@type":"ImageObject","inLanguage":"tr","@id":"https:\/\/tdv.org\/tr-TR\/wp-content\/litespeed\/avatar\/2976dc58d1ce98cb93380ae29394255a.jpg?ver=1777306938","url":"https:\/\/tdv.org\/tr-TR\/wp-content\/litespeed\/avatar\/2976dc58d1ce98cb93380ae29394255a.jpg?ver=1777306938","contentUrl":"https:\/\/tdv.org\/tr-TR\/wp-content\/litespeed\/avatar\/2976dc58d1ce98cb93380ae29394255a.jpg?ver=1777306938","caption":"Feyzullah"},"sameAs":["http:\/\/www.tdv.org"]}]}},"_links":{"self":[{"href":"https:\/\/tdv.org\/tr-TR\/wp-json\/wp\/v2\/posts\/12112","targetHints":{"allow":["GET"]}}],"collection":[{"href":"https:\/\/tdv.org\/tr-TR\/wp-json\/wp\/v2\/posts"}],"about":[{"href":"https:\/\/tdv.org\/tr-TR\/wp-json\/wp\/v2\/types\/post"}],"author":[{"embeddable":true,"href":"https:\/\/tdv.org\/tr-TR\/wp-json\/wp\/v2\/users\/4"}],"replies":[{"embeddable":true,"href":"https:\/\/tdv.org\/tr-TR\/wp-json\/wp\/v2\/comments?post=12112"}],"version-history":[{"count":1,"href":"https:\/\/tdv.org\/tr-TR\/wp-json\/wp\/v2\/posts\/12112\/revisions"}],"predecessor-version":[{"id":29327,"href":"https:\/\/tdv.org\/tr-TR\/wp-json\/wp\/v2\/posts\/12112\/revisions\/29327"}],"wp:featuredmedia":[{"embeddable":true,"href":"https:\/\/tdv.org\/tr-TR\/wp-json\/wp\/v2\/media\/12113"}],"wp:attachment":[{"href":"https:\/\/tdv.org\/tr-TR\/wp-json\/wp\/v2\/media?parent=12112"}],"wp:term":[{"taxonomy":"category","embeddable":true,"href":"https:\/\/tdv.org\/tr-TR\/wp-json\/wp\/v2\/categories?post=12112"},{"taxonomy":"post_tag","embeddable":true,"href":"https:\/\/tdv.org\/tr-TR\/wp-json\/wp\/v2\/tags?post=12112"}],"curies":[{"name":"wp","href":"https:\/\/api.w.org\/{rel}","templated":true}]}}