{"id":12250,"date":"2021-04-25T12:20:34","date_gmt":"2021-04-25T09:20:34","guid":{"rendered":"https:\/\/tdv.org\/tr-TR\/?p=12250"},"modified":"2023-01-04T10:22:46","modified_gmt":"2023-01-04T07:22:46","slug":"turkiye-diyanet-vakfi-nijerde-mazlumun-gulen-yuzu-oldu","status":"publish","type":"post","link":"https:\/\/tdv.org\/tr-TR\/turkiye-diyanet-vakfi-nijerde-mazlumun-gulen-yuzu-oldu\/","title":{"rendered":"T\u00fcrkiye Diyanet Vakf\u0131, Nijer\u2019de mazlumun g\u00fclen y\u00fcz\u00fc oldu"},"content":{"rendered":"<p style=\"text-align: justify;\">T\u00fcrkiye Diyanet Vakf\u0131, ramazan ay\u0131 yard\u0131m \u00e7al\u0131\u015fmalar\u0131 kapsam\u0131nda Bat\u0131 Afrika \u00fclkesi olan Nijer\u2019de ihtiya\u00e7 sahiplerine g\u0131da yard\u0131m\u0131nda bulundu.<\/p>\n<p style=\"text-align: justify;\">T\u00fcrkiye Diyanet Vakf\u0131 g\u00f6n\u00fcll\u00fcs\u00fc ve Dirili\u015f Ertu\u011frul dizinde \u201cG\u00fcnkut Alp\u201d karakteriyle tan\u0131nan akt\u00f6r Hakan Serim, T\u00fcrkiye\u2019den binlerce kilometre uzakta Nijer\u2019de ihtiya\u00e7 sahibi ailelere g\u0131da yard\u0131m\u0131nda bulunarak m\u00fcbarek ramazan ay\u0131n\u0131 daha rahat bir \u015fekilde ge\u00e7irmelerine yard\u0131mc\u0131 olmaya \u00e7al\u0131\u015ft\u0131klar\u0131n\u0131 s\u00f6yledi.<\/p>\n<p style=\"text-align: justify;\">Afrika\u2019da insanlar\u0131n hayatlar\u0131n\u0131 \u00e7ok zor \u015fartlar alt\u0131nda s\u00fcrd\u00fcrmeye \u00e7al\u0131\u015ft\u0131\u011f\u0131n\u0131 ifade eden Serim, bir\u00e7ok b\u00f6lgede elektrik, su, g\u0131da gibi hayatsal temel ihtiya\u00e7 maddelerine eri\u015febilmenin neredeyse imkans\u0131z oldu\u011funu g\u00f6zlemledi\u011fini belirtti.<\/p>\n<p style=\"text-align: justify;\">T\u00fcrkiye Diyanet Vakf\u0131 ba\u015fta olmak \u00fczere, sivil toplum kurulu\u015flar\u0131n\u0131n buradaki insanlara yard\u0131m ula\u015ft\u0131rmaya gayret etti\u011fini dile getiren Serim, \u015funlar\u0131 kaydetti:<\/p>\n<p style=\"text-align: justify;\">\u201cBuradaki insanlar yap\u0131lan k\u00fc\u00e7\u00fcc\u00fck iyiliklerle \u00e7ok mutlu olabiliyorlar. Onlara maddi bir \u015fey vermenize bile gerek kalmayabiliyor. Dillerini bilmesek de k\u00fclt\u00fcrlerimiz ve ya\u015fam tarzlar\u0131m\u0131z farkl\u0131 olsa da y\u00fczlerine bak\u0131p g\u00fcl\u00fcmsememiz, onlara sevgi g\u00f6sterisinde bulunmam\u0131z, karde\u015f oldu\u011fumuzu hissettirmemiz mutlu olmalar\u0131na yetiyor. Buda bize bir kez daha g\u00f6steriyor ki insanl\u0131\u011f\u0131n ortak dili asl\u0131nda sevgidir. Biz insanl\u0131k olarak bunu ba\u015farabilirsek, bu dili t\u00fcm d\u00fcnyada ne kadar yayg\u0131nla\u015ft\u0131rabilir, halk\u0131n her tabakas\u0131na yayabilirsek i\u015fte o zaman t\u00fcm d\u00fcnyada bar\u0131\u015f ve huzuru sa\u011flayabilece\u011fimize inan\u0131yorum. Allah raz\u0131 olsun T\u00fcrkiye Diyanet Vakf\u0131 da d\u00fcnyan\u0131n d\u00f6rt bir taraf\u0131nda y\u00fcr\u00fctm\u00fc\u015f oldu\u011fu yard\u0131m \u00e7al\u0131\u015fmalar\u0131yla bunu ba\u015farmaya \u00e7al\u0131\u015f\u0131yor. \u00c7ok da iyi mesafeler al\u0131nd\u0131\u011f\u0131n\u0131 d\u00fc\u015f\u00fcn\u00fcyorum. Bir zamanlar Osmanl\u0131\u2019n\u0131n, ecdad\u0131m\u0131z\u0131n h\u00fck\u00fcm s\u00fcrd\u00fc\u011f\u00fc ve halen izlerini g\u00f6rebildi\u011fimiz bu topraklardaki insanlar T\u00fcrkiye\u2019den ve T\u00fcrk halk\u0131ndan \u00e7ok \u015fey bekliyor. Onlar\u0131n gelecekte daha m\u00fcreffeh bir hayat s\u00fcrebilmesi belki de bizim elimizde. Biz de karde\u015fli\u011fimizin gere\u011fi bu konuda daha fazla \u00e7al\u0131\u015fmal\u0131 ve gayret g\u00f6stermeliyiz.\u201d<\/p>\n<p style=\"text-align: justify;\"><strong>\u201cBa\u011f\u0131\u015flar ger\u00e7ek ihtiya\u00e7 sahiplerine ula\u015ft\u0131r\u0131l\u0131yor\u201d<\/strong><\/p>\n<p style=\"text-align: justify;\">Serim, yap\u0131lan yard\u0131mlar\u0131n ger\u00e7ekten ihtiya\u00e7 sahiplerine ula\u015ft\u0131r\u0131ld\u0131\u011f\u0131n\u0131 bizzat sahada g\u00f6rebilme imkan\u0131 bulabildi\u011fini ifade ederek, \u201cT\u00fcrkiye Diyanet Vakf\u0131na yapm\u0131\u015f oldu\u011funuz her bir ba\u011f\u0131\u015f emin olun ger\u00e7ek sahiplerine b\u00fcy\u00fck bir titizlikle ula\u015ft\u0131r\u0131l\u0131yor. Her t\u00fcrl\u00fc zorlu\u011fa g\u00f6\u011f\u00fcs geren vak\u0131f g\u00f6revlisi arkada\u015flar\u0131m\u0131z, kendilerine emanet edilen ba\u011f\u0131\u015flar\u0131 mazlum ve ma\u011fdura ula\u015ft\u0131rabilmek i\u00e7in her t\u00fcrl\u00fc zorlu\u011fa g\u00f6\u011f\u00fcs gerip b\u00fcy\u00fck fedakarl\u0131klar g\u00f6steriyorlar\u201d diye konu\u015ftu.<\/p>\n<p style=\"text-align: justify;\">T\u00fcrkiye Diyanet Vakf\u0131 Ramazan Program\u0131 \u00dclke Sorumlusu Yahya Uyar da, T\u00fcrk halk\u0131n\u0131n emaneti yard\u0131mlar\u0131 Nijer\u2019de duas\u0131 ve umudu T\u00fcrkiye olan ihtiya\u00e7 sahiplerine ula\u015ft\u0131rd\u0131klar\u0131n\u0131 s\u00f6yledi.<\/p>\n<p style=\"text-align: justify;\">Ba\u015fkent Niamey, Tera ve Commune 5 b\u00f6lgelerinde toplamda 1500 aileye g\u0131da yard\u0131m\u0131nda bulunduklar\u0131n\u0131 ifade eden Uyar, \u015f\u00f6yle devam etti:<\/p>\n<p style=\"text-align: justify;\">\u201cYakla\u015f\u0131k 22 milyonluk n\u00fcfusa sahip olan, insanlar\u0131n\u0131n b\u00fcy\u00fck bir \u00e7o\u011funlu\u011funun bir avu\u00e7 pirince dahi muhta\u00e7 oldu\u011fu, \u00e7e\u015fitli yeralt\u0131 zenginliklere sahip olmas\u0131na ra\u011fmen d\u00fcnyan\u0131n en fakir \u00fclkelerinden birisi olan Nijer\u2019de elhamd\u00fclillah yard\u0131m \u00e7al\u0131\u015fmalar\u0131m\u0131z\u0131 tamamlad\u0131k. Sadece g\u0131da yard\u0131m\u0131 de\u011fil su kuyusu ve vak\u0131f \u00e7e\u015fmesi a\u00e7ma \u00e7al\u0131\u015fmalar\u0131m\u0131zda oldu. Ba\u015fkent Niamey\u2019e yakla\u015f\u0131k 400 kilometre mesafede bulunan Dosso b\u00f6lgesinde 2 vak\u0131f \u00e7e\u015fmemizin de a\u00e7\u0131l\u0131\u015f\u0131n\u0131 ger\u00e7ekle\u015ftirdik. \u0130n\u015fallah b\u00f6lge halk\u0131 T\u00fcrk milletinin destekleriyle uzun y\u0131llar boyunca temiz i\u00e7me suyu konusunda herhangi bir sorun ya\u015famayacak. Vak\u0131f olarak ecdad\u0131m\u0131z\u0131n bize b\u0131rakm\u0131\u015f oldu\u011fu miras\u0131 da ya\u015fatm\u0131\u015f oluyoruz.\u201d diye konu\u015ftu.<\/p>\n<p style=\"text-align: justify;\">Uyar, ramazan yard\u0131m program\u0131 kapsam\u0131nda \u00e7ocuklar\u0131 da unutmad\u0131klar\u0131n\u0131 ve onlara da balon, \u015fekeri gibi hediyeler vererek mutluluklar\u0131na ortak olduklar\u0131n\u0131 ifade etti.<\/p>\n\n\t\t<style type=\"text\/css\">\n\t\t\t#gallery-1 {\n\t\t\t\tmargin: auto;\n\t\t\t}\n\t\t\t#gallery-1 .gallery-item {\n\t\t\t\tfloat: left;\n\t\t\t\tmargin-top: 10px;\n\t\t\t\ttext-align: center;\n\t\t\t\twidth: 33%;\n\t\t\t}\n\t\t\t#gallery-1 img {\n\t\t\t\tborder: 2px solid #cfcfcf;\n\t\t\t}\n\t\t\t#gallery-1 .gallery-caption {\n\t\t\t\tmargin-left: 0;\n\t\t\t}\n\t\t\t\/* see gallery_shortcode() in wp-includes\/media.php *\/\n\t\t<\/style>\n\t\t<div id='gallery-1' class='gallery galleryid-12250 gallery-columns-3 gallery-size-thumbnail'><dl class='gallery-item'>\n\t\t\t<dt class='gallery-icon landscape'>\n\t\t\t\t<a href='https:\/\/tdv.org\/tr-TR\/wp-content\/uploads\/2021\/04\/Nijer-TDV-1.jpeg'><img decoding=\"async\" width=\"150\" height=\"150\" src=\"https:\/\/tdv.org\/tr-TR\/wp-content\/uploads\/2021\/04\/Nijer-TDV-1-150x150.jpeg\" class=\"attachment-thumbnail size-thumbnail\" alt=\"\" srcset=\"https:\/\/tdv.org\/tr-TR\/wp-content\/uploads\/2021\/04\/Nijer-TDV-1-150x150.jpeg 150w, https:\/\/tdv.org\/tr-TR\/wp-content\/uploads\/2021\/04\/Nijer-TDV-1-100x100.jpeg 100w, https:\/\/tdv.org\/tr-TR\/wp-content\/uploads\/2021\/04\/Nijer-TDV-1-140x140.jpeg 140w, https:\/\/tdv.org\/tr-TR\/wp-content\/uploads\/2021\/04\/Nijer-TDV-1-500x500.jpeg 500w, https:\/\/tdv.org\/tr-TR\/wp-content\/uploads\/2021\/04\/Nijer-TDV-1-350x350.jpeg 350w, https:\/\/tdv.org\/tr-TR\/wp-content\/uploads\/2021\/04\/Nijer-TDV-1-1000x1000.jpeg 1000w, https:\/\/tdv.org\/tr-TR\/wp-content\/uploads\/2021\/04\/Nijer-TDV-1-800x800.jpeg 800w\" sizes=\"(max-width: 150px) 100vw, 150px\" \/><\/a>\n\t\t\t<\/dt><\/dl><dl class='gallery-item'>\n\t\t\t<dt class='gallery-icon landscape'>\n\t\t\t\t<a href='https:\/\/tdv.org\/tr-TR\/wp-content\/uploads\/2021\/04\/Nijer-TDV-15.jpeg'><img decoding=\"async\" width=\"150\" height=\"150\" src=\"https:\/\/tdv.org\/tr-TR\/wp-content\/uploads\/2021\/04\/Nijer-TDV-15-150x150.jpeg\" class=\"attachment-thumbnail size-thumbnail\" alt=\"\" srcset=\"https:\/\/tdv.org\/tr-TR\/wp-content\/uploads\/2021\/04\/Nijer-TDV-15-150x150.jpeg 150w, https:\/\/tdv.org\/tr-TR\/wp-content\/uploads\/2021\/04\/Nijer-TDV-15-100x100.jpeg 100w, https:\/\/tdv.org\/tr-TR\/wp-content\/uploads\/2021\/04\/Nijer-TDV-15-140x140.jpeg 140w, https:\/\/tdv.org\/tr-TR\/wp-content\/uploads\/2021\/04\/Nijer-TDV-15-500x500.jpeg 500w, https:\/\/tdv.org\/tr-TR\/wp-content\/uploads\/2021\/04\/Nijer-TDV-15-350x350.jpeg 350w, https:\/\/tdv.org\/tr-TR\/wp-content\/uploads\/2021\/04\/Nijer-TDV-15-1000x1000.jpeg 1000w, https:\/\/tdv.org\/tr-TR\/wp-content\/uploads\/2021\/04\/Nijer-TDV-15-800x800.jpeg 800w\" sizes=\"(max-width: 150px) 100vw, 150px\" \/><\/a>\n\t\t\t<\/dt><\/dl><dl class='gallery-item'>\n\t\t\t<dt class='gallery-icon landscape'>\n\t\t\t\t<a href='https:\/\/tdv.org\/tr-TR\/wp-content\/uploads\/2021\/04\/Nijer-TDV-14.jpeg'><img decoding=\"async\" width=\"150\" height=\"150\" src=\"https:\/\/tdv.org\/tr-TR\/wp-content\/uploads\/2021\/04\/Nijer-TDV-14-150x150.jpeg\" class=\"attachment-thumbnail size-thumbnail\" alt=\"\" srcset=\"https:\/\/tdv.org\/tr-TR\/wp-content\/uploads\/2021\/04\/Nijer-TDV-14-150x150.jpeg 150w, https:\/\/tdv.org\/tr-TR\/wp-content\/uploads\/2021\/04\/Nijer-TDV-14-100x100.jpeg 100w, https:\/\/tdv.org\/tr-TR\/wp-content\/uploads\/2021\/04\/Nijer-TDV-14-140x140.jpeg 140w, https:\/\/tdv.org\/tr-TR\/wp-content\/uploads\/2021\/04\/Nijer-TDV-14-500x500.jpeg 500w, https:\/\/tdv.org\/tr-TR\/wp-content\/uploads\/2021\/04\/Nijer-TDV-14-350x350.jpeg 350w, https:\/\/tdv.org\/tr-TR\/wp-content\/uploads\/2021\/04\/Nijer-TDV-14-1000x1000.jpeg 1000w, https:\/\/tdv.org\/tr-TR\/wp-content\/uploads\/2021\/04\/Nijer-TDV-14-800x800.jpeg 800w\" sizes=\"(max-width: 150px) 100vw, 150px\" \/><\/a>\n\t\t\t<\/dt><\/dl><br style=\"clear: both\" \/><dl class='gallery-item'>\n\t\t\t<dt class='gallery-icon landscape'>\n\t\t\t\t<a href='https:\/\/tdv.org\/tr-TR\/wp-content\/uploads\/2021\/04\/Nijer-TDV-13.jpeg'><img decoding=\"async\" width=\"150\" height=\"150\" src=\"https:\/\/tdv.org\/tr-TR\/wp-content\/uploads\/2021\/04\/Nijer-TDV-13-150x150.jpeg\" class=\"attachment-thumbnail size-thumbnail\" alt=\"\" srcset=\"https:\/\/tdv.org\/tr-TR\/wp-content\/uploads\/2021\/04\/Nijer-TDV-13-150x150.jpeg 150w, https:\/\/tdv.org\/tr-TR\/wp-content\/uploads\/2021\/04\/Nijer-TDV-13-100x100.jpeg 100w, https:\/\/tdv.org\/tr-TR\/wp-content\/uploads\/2021\/04\/Nijer-TDV-13-140x140.jpeg 140w, https:\/\/tdv.org\/tr-TR\/wp-content\/uploads\/2021\/04\/Nijer-TDV-13-500x500.jpeg 500w, https:\/\/tdv.org\/tr-TR\/wp-content\/uploads\/2021\/04\/Nijer-TDV-13-350x350.jpeg 350w, https:\/\/tdv.org\/tr-TR\/wp-content\/uploads\/2021\/04\/Nijer-TDV-13-1000x1000.jpeg 1000w, https:\/\/tdv.org\/tr-TR\/wp-content\/uploads\/2021\/04\/Nijer-TDV-13-800x800.jpeg 800w\" sizes=\"(max-width: 150px) 100vw, 150px\" \/><\/a>\n\t\t\t<\/dt><\/dl><dl class='gallery-item'>\n\t\t\t<dt class='gallery-icon portrait'>\n\t\t\t\t<a href='https:\/\/tdv.org\/tr-TR\/wp-content\/uploads\/2021\/04\/Nijer-TDV-12.jpeg'><img decoding=\"async\" width=\"150\" height=\"150\" src=\"https:\/\/tdv.org\/tr-TR\/wp-content\/uploads\/2021\/04\/Nijer-TDV-12-150x150.jpeg\" class=\"attachment-thumbnail size-thumbnail\" alt=\"\" srcset=\"https:\/\/tdv.org\/tr-TR\/wp-content\/uploads\/2021\/04\/Nijer-TDV-12-150x150.jpeg 150w, https:\/\/tdv.org\/tr-TR\/wp-content\/uploads\/2021\/04\/Nijer-TDV-12-100x100.jpeg 100w, https:\/\/tdv.org\/tr-TR\/wp-content\/uploads\/2021\/04\/Nijer-TDV-12-140x140.jpeg 140w, https:\/\/tdv.org\/tr-TR\/wp-content\/uploads\/2021\/04\/Nijer-TDV-12-500x500.jpeg 500w, https:\/\/tdv.org\/tr-TR\/wp-content\/uploads\/2021\/04\/Nijer-TDV-12-350x350.jpeg 350w, https:\/\/tdv.org\/tr-TR\/wp-content\/uploads\/2021\/04\/Nijer-TDV-12-1000x1000.jpeg 1000w, https:\/\/tdv.org\/tr-TR\/wp-content\/uploads\/2021\/04\/Nijer-TDV-12-800x800.jpeg 800w\" sizes=\"(max-width: 150px) 100vw, 150px\" \/><\/a>\n\t\t\t<\/dt><\/dl><dl class='gallery-item'>\n\t\t\t<dt class='gallery-icon landscape'>\n\t\t\t\t<a href='https:\/\/tdv.org\/tr-TR\/wp-content\/uploads\/2021\/04\/Nijer-TDV-11.jpeg'><img decoding=\"async\" width=\"150\" height=\"150\" src=\"https:\/\/tdv.org\/tr-TR\/wp-content\/uploads\/2021\/04\/Nijer-TDV-11-150x150.jpeg\" class=\"attachment-thumbnail size-thumbnail\" alt=\"\" srcset=\"https:\/\/tdv.org\/tr-TR\/wp-content\/uploads\/2021\/04\/Nijer-TDV-11-150x150.jpeg 150w, https:\/\/tdv.org\/tr-TR\/wp-content\/uploads\/2021\/04\/Nijer-TDV-11-100x100.jpeg 100w, https:\/\/tdv.org\/tr-TR\/wp-content\/uploads\/2021\/04\/Nijer-TDV-11-140x140.jpeg 140w, https:\/\/tdv.org\/tr-TR\/wp-content\/uploads\/2021\/04\/Nijer-TDV-11-500x500.jpeg 500w, https:\/\/tdv.org\/tr-TR\/wp-content\/uploads\/2021\/04\/Nijer-TDV-11-350x350.jpeg 350w, https:\/\/tdv.org\/tr-TR\/wp-content\/uploads\/2021\/04\/Nijer-TDV-11-1000x1000.jpeg 1000w, https:\/\/tdv.org\/tr-TR\/wp-content\/uploads\/2021\/04\/Nijer-TDV-11-800x800.jpeg 800w\" sizes=\"(max-width: 150px) 100vw, 150px\" \/><\/a>\n\t\t\t<\/dt><\/dl><br style=\"clear: both\" \/><dl class='gallery-item'>\n\t\t\t<dt class='gallery-icon landscape'>\n\t\t\t\t<a href='https:\/\/tdv.org\/tr-TR\/wp-content\/uploads\/2021\/04\/Nijer-TDV-10.jpeg'><img decoding=\"async\" width=\"150\" height=\"150\" src=\"https:\/\/tdv.org\/tr-TR\/wp-content\/uploads\/2021\/04\/Nijer-TDV-10-150x150.jpeg\" class=\"attachment-thumbnail size-thumbnail\" alt=\"\" srcset=\"https:\/\/tdv.org\/tr-TR\/wp-content\/uploads\/2021\/04\/Nijer-TDV-10-150x150.jpeg 150w, https:\/\/tdv.org\/tr-TR\/wp-content\/uploads\/2021\/04\/Nijer-TDV-10-100x100.jpeg 100w, https:\/\/tdv.org\/tr-TR\/wp-content\/uploads\/2021\/04\/Nijer-TDV-10-140x140.jpeg 140w, https:\/\/tdv.org\/tr-TR\/wp-content\/uploads\/2021\/04\/Nijer-TDV-10-500x500.jpeg 500w, https:\/\/tdv.org\/tr-TR\/wp-content\/uploads\/2021\/04\/Nijer-TDV-10-350x350.jpeg 350w, https:\/\/tdv.org\/tr-TR\/wp-content\/uploads\/2021\/04\/Nijer-TDV-10-1000x1000.jpeg 1000w, https:\/\/tdv.org\/tr-TR\/wp-content\/uploads\/2021\/04\/Nijer-TDV-10-800x800.jpeg 800w\" sizes=\"(max-width: 150px) 100vw, 150px\" \/><\/a>\n\t\t\t<\/dt><\/dl><dl class='gallery-item'>\n\t\t\t<dt class='gallery-icon landscape'>\n\t\t\t\t<a href='https:\/\/tdv.org\/tr-TR\/wp-content\/uploads\/2021\/04\/Nijer-TDV-9.jpeg'><img decoding=\"async\" width=\"150\" height=\"150\" src=\"https:\/\/tdv.org\/tr-TR\/wp-content\/uploads\/2021\/04\/Nijer-TDV-9-150x150.jpeg\" class=\"attachment-thumbnail size-thumbnail\" alt=\"\" srcset=\"https:\/\/tdv.org\/tr-TR\/wp-content\/uploads\/2021\/04\/Nijer-TDV-9-150x150.jpeg 150w, https:\/\/tdv.org\/tr-TR\/wp-content\/uploads\/2021\/04\/Nijer-TDV-9-100x100.jpeg 100w, https:\/\/tdv.org\/tr-TR\/wp-content\/uploads\/2021\/04\/Nijer-TDV-9-140x140.jpeg 140w, https:\/\/tdv.org\/tr-TR\/wp-content\/uploads\/2021\/04\/Nijer-TDV-9-500x500.jpeg 500w, https:\/\/tdv.org\/tr-TR\/wp-content\/uploads\/2021\/04\/Nijer-TDV-9-350x350.jpeg 350w, https:\/\/tdv.org\/tr-TR\/wp-content\/uploads\/2021\/04\/Nijer-TDV-9-1000x1000.jpeg 1000w, https:\/\/tdv.org\/tr-TR\/wp-content\/uploads\/2021\/04\/Nijer-TDV-9-800x800.jpeg 800w\" sizes=\"(max-width: 150px) 100vw, 150px\" \/><\/a>\n\t\t\t<\/dt><\/dl><dl class='gallery-item'>\n\t\t\t<dt class='gallery-icon landscape'>\n\t\t\t\t<a href='https:\/\/tdv.org\/tr-TR\/wp-content\/uploads\/2021\/04\/Nijer-TDV-8.jpeg'><img decoding=\"async\" width=\"150\" height=\"150\" src=\"https:\/\/tdv.org\/tr-TR\/wp-content\/uploads\/2021\/04\/Nijer-TDV-8-150x150.jpeg\" class=\"attachment-thumbnail size-thumbnail\" alt=\"\" srcset=\"https:\/\/tdv.org\/tr-TR\/wp-content\/uploads\/2021\/04\/Nijer-TDV-8-150x150.jpeg 150w, https:\/\/tdv.org\/tr-TR\/wp-content\/uploads\/2021\/04\/Nijer-TDV-8-100x100.jpeg 100w, https:\/\/tdv.org\/tr-TR\/wp-content\/uploads\/2021\/04\/Nijer-TDV-8-140x140.jpeg 140w, https:\/\/tdv.org\/tr-TR\/wp-content\/uploads\/2021\/04\/Nijer-TDV-8-500x500.jpeg 500w, https:\/\/tdv.org\/tr-TR\/wp-content\/uploads\/2021\/04\/Nijer-TDV-8-350x350.jpeg 350w, https:\/\/tdv.org\/tr-TR\/wp-content\/uploads\/2021\/04\/Nijer-TDV-8-1000x1000.jpeg 1000w, https:\/\/tdv.org\/tr-TR\/wp-content\/uploads\/2021\/04\/Nijer-TDV-8-800x800.jpeg 800w\" sizes=\"(max-width: 150px) 100vw, 150px\" \/><\/a>\n\t\t\t<\/dt><\/dl><br style=\"clear: both\" \/><dl class='gallery-item'>\n\t\t\t<dt class='gallery-icon landscape'>\n\t\t\t\t<a href='https:\/\/tdv.org\/tr-TR\/wp-content\/uploads\/2021\/04\/Nijer-TDV-7.jpeg'><img decoding=\"async\" width=\"150\" height=\"150\" src=\"https:\/\/tdv.org\/tr-TR\/wp-content\/uploads\/2021\/04\/Nijer-TDV-7-150x150.jpeg\" class=\"attachment-thumbnail size-thumbnail\" alt=\"\" srcset=\"https:\/\/tdv.org\/tr-TR\/wp-content\/uploads\/2021\/04\/Nijer-TDV-7-150x150.jpeg 150w, https:\/\/tdv.org\/tr-TR\/wp-content\/uploads\/2021\/04\/Nijer-TDV-7-100x100.jpeg 100w, https:\/\/tdv.org\/tr-TR\/wp-content\/uploads\/2021\/04\/Nijer-TDV-7-140x140.jpeg 140w, https:\/\/tdv.org\/tr-TR\/wp-content\/uploads\/2021\/04\/Nijer-TDV-7-500x500.jpeg 500w, https:\/\/tdv.org\/tr-TR\/wp-content\/uploads\/2021\/04\/Nijer-TDV-7-350x350.jpeg 350w, https:\/\/tdv.org\/tr-TR\/wp-content\/uploads\/2021\/04\/Nijer-TDV-7-1000x1000.jpeg 1000w, https:\/\/tdv.org\/tr-TR\/wp-content\/uploads\/2021\/04\/Nijer-TDV-7-800x800.jpeg 800w\" sizes=\"(max-width: 150px) 100vw, 150px\" \/><\/a>\n\t\t\t<\/dt><\/dl><dl class='gallery-item'>\n\t\t\t<dt class='gallery-icon landscape'>\n\t\t\t\t<a href='https:\/\/tdv.org\/tr-TR\/wp-content\/uploads\/2021\/04\/Nijer-TDV-6.jpeg'><img decoding=\"async\" width=\"150\" height=\"150\" src=\"https:\/\/tdv.org\/tr-TR\/wp-content\/uploads\/2021\/04\/Nijer-TDV-6-150x150.jpeg\" class=\"attachment-thumbnail size-thumbnail\" alt=\"\" srcset=\"https:\/\/tdv.org\/tr-TR\/wp-content\/uploads\/2021\/04\/Nijer-TDV-6-150x150.jpeg 150w, https:\/\/tdv.org\/tr-TR\/wp-content\/uploads\/2021\/04\/Nijer-TDV-6-100x100.jpeg 100w, https:\/\/tdv.org\/tr-TR\/wp-content\/uploads\/2021\/04\/Nijer-TDV-6-140x140.jpeg 140w, https:\/\/tdv.org\/tr-TR\/wp-content\/uploads\/2021\/04\/Nijer-TDV-6-500x500.jpeg 500w, https:\/\/tdv.org\/tr-TR\/wp-content\/uploads\/2021\/04\/Nijer-TDV-6-350x350.jpeg 350w, https:\/\/tdv.org\/tr-TR\/wp-content\/uploads\/2021\/04\/Nijer-TDV-6-1000x1000.jpeg 1000w, https:\/\/tdv.org\/tr-TR\/wp-content\/uploads\/2021\/04\/Nijer-TDV-6-800x800.jpeg 800w\" sizes=\"(max-width: 150px) 100vw, 150px\" \/><\/a>\n\t\t\t<\/dt><\/dl><dl class='gallery-item'>\n\t\t\t<dt class='gallery-icon landscape'>\n\t\t\t\t<a href='https:\/\/tdv.org\/tr-TR\/wp-content\/uploads\/2021\/04\/Nijer-TDV-5.jpeg'><img decoding=\"async\" width=\"150\" height=\"150\" src=\"https:\/\/tdv.org\/tr-TR\/wp-content\/uploads\/2021\/04\/Nijer-TDV-5-150x150.jpeg\" class=\"attachment-thumbnail size-thumbnail\" alt=\"\" srcset=\"https:\/\/tdv.org\/tr-TR\/wp-content\/uploads\/2021\/04\/Nijer-TDV-5-150x150.jpeg 150w, https:\/\/tdv.org\/tr-TR\/wp-content\/uploads\/2021\/04\/Nijer-TDV-5-100x100.jpeg 100w, https:\/\/tdv.org\/tr-TR\/wp-content\/uploads\/2021\/04\/Nijer-TDV-5-140x140.jpeg 140w, https:\/\/tdv.org\/tr-TR\/wp-content\/uploads\/2021\/04\/Nijer-TDV-5-500x500.jpeg 500w, https:\/\/tdv.org\/tr-TR\/wp-content\/uploads\/2021\/04\/Nijer-TDV-5-350x350.jpeg 350w, https:\/\/tdv.org\/tr-TR\/wp-content\/uploads\/2021\/04\/Nijer-TDV-5-1000x1000.jpeg 1000w, https:\/\/tdv.org\/tr-TR\/wp-content\/uploads\/2021\/04\/Nijer-TDV-5-800x800.jpeg 800w\" sizes=\"(max-width: 150px) 100vw, 150px\" \/><\/a>\n\t\t\t<\/dt><\/dl><br style=\"clear: both\" \/><dl class='gallery-item'>\n\t\t\t<dt class='gallery-icon landscape'>\n\t\t\t\t<a href='https:\/\/tdv.org\/tr-TR\/wp-content\/uploads\/2021\/04\/Nijer-TDV-4.jpeg'><img decoding=\"async\" width=\"150\" height=\"150\" src=\"https:\/\/tdv.org\/tr-TR\/wp-content\/uploads\/2021\/04\/Nijer-TDV-4-150x150.jpeg\" class=\"attachment-thumbnail size-thumbnail\" alt=\"\" srcset=\"https:\/\/tdv.org\/tr-TR\/wp-content\/uploads\/2021\/04\/Nijer-TDV-4-150x150.jpeg 150w, https:\/\/tdv.org\/tr-TR\/wp-content\/uploads\/2021\/04\/Nijer-TDV-4-100x100.jpeg 100w, https:\/\/tdv.org\/tr-TR\/wp-content\/uploads\/2021\/04\/Nijer-TDV-4-140x140.jpeg 140w, https:\/\/tdv.org\/tr-TR\/wp-content\/uploads\/2021\/04\/Nijer-TDV-4-500x500.jpeg 500w, https:\/\/tdv.org\/tr-TR\/wp-content\/uploads\/2021\/04\/Nijer-TDV-4-350x350.jpeg 350w, https:\/\/tdv.org\/tr-TR\/wp-content\/uploads\/2021\/04\/Nijer-TDV-4-1000x1000.jpeg 1000w, https:\/\/tdv.org\/tr-TR\/wp-content\/uploads\/2021\/04\/Nijer-TDV-4-800x800.jpeg 800w\" sizes=\"(max-width: 150px) 100vw, 150px\" \/><\/a>\n\t\t\t<\/dt><\/dl><dl class='gallery-item'>\n\t\t\t<dt class='gallery-icon landscape'>\n\t\t\t\t<a href='https:\/\/tdv.org\/tr-TR\/wp-content\/uploads\/2021\/04\/Nijer-TDV-3.jpeg'><img decoding=\"async\" width=\"150\" height=\"150\" src=\"https:\/\/tdv.org\/tr-TR\/wp-content\/uploads\/2021\/04\/Nijer-TDV-3-150x150.jpeg\" class=\"attachment-thumbnail size-thumbnail\" alt=\"\" srcset=\"https:\/\/tdv.org\/tr-TR\/wp-content\/uploads\/2021\/04\/Nijer-TDV-3-150x150.jpeg 150w, https:\/\/tdv.org\/tr-TR\/wp-content\/uploads\/2021\/04\/Nijer-TDV-3-100x100.jpeg 100w, https:\/\/tdv.org\/tr-TR\/wp-content\/uploads\/2021\/04\/Nijer-TDV-3-140x140.jpeg 140w, https:\/\/tdv.org\/tr-TR\/wp-content\/uploads\/2021\/04\/Nijer-TDV-3-500x500.jpeg 500w, https:\/\/tdv.org\/tr-TR\/wp-content\/uploads\/2021\/04\/Nijer-TDV-3-350x350.jpeg 350w, https:\/\/tdv.org\/tr-TR\/wp-content\/uploads\/2021\/04\/Nijer-TDV-3-1000x1000.jpeg 1000w, https:\/\/tdv.org\/tr-TR\/wp-content\/uploads\/2021\/04\/Nijer-TDV-3-800x800.jpeg 800w\" sizes=\"(max-width: 150px) 100vw, 150px\" \/><\/a>\n\t\t\t<\/dt><\/dl><dl class='gallery-item'>\n\t\t\t<dt class='gallery-icon landscape'>\n\t\t\t\t<a href='https:\/\/tdv.org\/tr-TR\/wp-content\/uploads\/2021\/04\/Nijer-TDV-2.jpeg'><img decoding=\"async\" width=\"150\" height=\"150\" src=\"https:\/\/tdv.org\/tr-TR\/wp-content\/uploads\/2021\/04\/Nijer-TDV-2-150x150.jpeg\" class=\"attachment-thumbnail size-thumbnail\" alt=\"\" srcset=\"https:\/\/tdv.org\/tr-TR\/wp-content\/uploads\/2021\/04\/Nijer-TDV-2-150x150.jpeg 150w, https:\/\/tdv.org\/tr-TR\/wp-content\/uploads\/2021\/04\/Nijer-TDV-2-100x100.jpeg 100w, https:\/\/tdv.org\/tr-TR\/wp-content\/uploads\/2021\/04\/Nijer-TDV-2-140x140.jpeg 140w, https:\/\/tdv.org\/tr-TR\/wp-content\/uploads\/2021\/04\/Nijer-TDV-2-500x500.jpeg 500w, https:\/\/tdv.org\/tr-TR\/wp-content\/uploads\/2021\/04\/Nijer-TDV-2-350x350.jpeg 350w, https:\/\/tdv.org\/tr-TR\/wp-content\/uploads\/2021\/04\/Nijer-TDV-2-1000x1000.jpeg 1000w, https:\/\/tdv.org\/tr-TR\/wp-content\/uploads\/2021\/04\/Nijer-TDV-2-800x800.jpeg 800w\" sizes=\"(max-width: 150px) 100vw, 150px\" \/><\/a>\n\t\t\t<\/dt><\/dl><br style=\"clear: both\" \/>\n\t\t<\/div>\n\n","protected":false},"excerpt":{"rendered":"<p>T\u00fcrkiye Diyanet Vakf\u0131, ramazan ay\u0131 yard\u0131m \u00e7al\u0131\u015fmalar\u0131 kapsam\u0131nda Bat\u0131 Afrika \u00fclkesi olan Nijer\u2019de ihtiya\u00e7 sahiplerine g\u0131da yard\u0131m\u0131nda bulundu. T\u00fcrkiye Diyanet Vakf\u0131 g\u00f6n\u00fcll\u00fcs\u00fc ve Dirili\u015f Ertu\u011frul dizinde \u201cG\u00fcnkut Alp\u201d karakteriyle tan\u0131nan&#8230;<\/p>\n","protected":false},"author":7,"featured_media":12252,"comment_status":"open","ping_status":"closed","sticky":false,"template":"","format":"standard","meta":{"footnotes":""},"categories":[1],"tags":[280,228,1171,613,701,525,420,1159,1263,107,478],"class_list":{"0":"post-12250","1":"post","2":"type-post","3":"status-publish","4":"format-standard","5":"has-post-thumbnail","7":"category-haberler","8":"tag-afrika","9":"tag-bagis","10":"tag-dirilis-ertugrul","11":"tag-gida-kolisi","12":"tag-gida-paketi","13":"tag-gida-yardimi","14":"tag-ihtiyac-sahibi","15":"tag-nijer","16":"tag-oyuncu","17":"tag-ramazan","18":"tag-yardim"},"yoast_head":"<!-- This site is optimized with the Yoast SEO plugin v27.4 - https:\/\/yoast.com\/product\/yoast-seo-wordpress\/ -->\n<title>T\u00fcrkiye Diyanet Vakf\u0131, Nijer\u2019de mazlumun g\u00fclen y\u00fcz\u00fc oldu<\/title>\n<meta name=\"description\" content=\"T\u00fcrkiye Diyanet Vakf\u0131, ramazan ay\u0131 yard\u0131m \u00e7al\u0131\u015fmalar\u0131 kapsam\u0131nda Bat\u0131 Afrika \u00fclkesi olan Nijer\u2019de ihtiya\u00e7 sahiplerine g\u0131da yard\u0131m\u0131nda bulundu.\" \/>\n<meta name=\"robots\" content=\"index, follow, max-snippet:-1, max-image-preview:large, max-video-preview:-1\" \/>\n<link rel=\"canonical\" href=\"https:\/\/tdv.org\/tr-TR\/turkiye-diyanet-vakfi-nijerde-mazlumun-gulen-yuzu-oldu\/\" \/>\n<meta property=\"og:locale\" content=\"tr_TR\" \/>\n<meta property=\"og:type\" content=\"article\" \/>\n<meta property=\"og:title\" content=\"T\u00fcrkiye Diyanet Vakf\u0131, Nijer\u2019de mazlumun g\u00fclen y\u00fcz\u00fc oldu\" \/>\n<meta property=\"og:description\" content=\"T\u00fcrkiye Diyanet Vakf\u0131, ramazan ay\u0131 yard\u0131m \u00e7al\u0131\u015fmalar\u0131 kapsam\u0131nda Bat\u0131 Afrika \u00fclkesi olan Nijer\u2019de ihtiya\u00e7 sahiplerine g\u0131da yard\u0131m\u0131nda bulundu.\" \/>\n<meta property=\"og:url\" content=\"https:\/\/tdv.org\/tr-TR\/turkiye-diyanet-vakfi-nijerde-mazlumun-gulen-yuzu-oldu\/\" \/>\n<meta property=\"og:site_name\" content=\"T\u00fcrkiye Diyanet Vakf\u0131 Resmi Web Sitesi\" \/>\n<meta property=\"article:publisher\" content=\"https:\/\/www.facebook.com\/Diyanetvakfi\/\" \/>\n<meta property=\"article:published_time\" content=\"2021-04-25T09:20:34+00:00\" \/>\n<meta property=\"article:modified_time\" content=\"2023-01-04T07:22:46+00:00\" \/>\n<meta property=\"og:image\" content=\"https:\/\/tdv.org\/tr-TR\/wp-content\/uploads\/2021\/04\/Nijer-TDV-2.jpeg\" \/>\n\t<meta property=\"og:image:width\" content=\"1600\" \/>\n\t<meta property=\"og:image:height\" content=\"1066\" \/>\n\t<meta property=\"og:image:type\" content=\"image\/jpeg\" \/>\n<meta name=\"author\" content=\"U\u011fur\" \/>\n<meta name=\"twitter:card\" content=\"summary_large_image\" \/>\n<meta name=\"twitter:creator\" content=\"@DiyanetVakfi\" \/>\n<meta name=\"twitter:site\" content=\"@DiyanetVakfi\" \/>\n<script type=\"application\/ld+json\" class=\"yoast-schema-graph\">{\"@context\":\"https:\\\/\\\/schema.org\",\"@graph\":[{\"@type\":\"Article\",\"@id\":\"https:\\\/\\\/tdv.org\\\/tr-TR\\\/turkiye-diyanet-vakfi-nijerde-mazlumun-gulen-yuzu-oldu\\\/#article\",\"isPartOf\":{\"@id\":\"https:\\\/\\\/tdv.org\\\/tr-TR\\\/turkiye-diyanet-vakfi-nijerde-mazlumun-gulen-yuzu-oldu\\\/\"},\"author\":{\"name\":\"U\u011fur\",\"@id\":\"https:\\\/\\\/tdv.org\\\/tr-TR\\\/#\\\/schema\\\/person\\\/8dcf742852c4614c6fdadb92da159c05\"},\"headline\":\"T\u00fcrkiye Diyanet Vakf\u0131, Nijer\u2019de mazlumun g\u00fclen y\u00fcz\u00fc oldu\",\"datePublished\":\"2021-04-25T09:20:34+00:00\",\"dateModified\":\"2023-01-04T07:22:46+00:00\",\"mainEntityOfPage\":{\"@id\":\"https:\\\/\\\/tdv.org\\\/tr-TR\\\/turkiye-diyanet-vakfi-nijerde-mazlumun-gulen-yuzu-oldu\\\/\"},\"wordCount\":727,\"commentCount\":0,\"publisher\":{\"@id\":\"https:\\\/\\\/tdv.org\\\/tr-TR\\\/#organization\"},\"image\":{\"@id\":\"https:\\\/\\\/tdv.org\\\/tr-TR\\\/turkiye-diyanet-vakfi-nijerde-mazlumun-gulen-yuzu-oldu\\\/#primaryimage\"},\"thumbnailUrl\":\"https:\\\/\\\/tdv.org\\\/tr-TR\\\/wp-content\\\/uploads\\\/2021\\\/04\\\/Nijer-TDV-2.jpeg\",\"keywords\":[\"Afrika\",\"ba\u011f\u0131\u015f\",\"Dirili\u015f Ertu\u011frul\",\"g\u0131da kolisi\",\"g\u0131da paketi\",\"g\u0131da yard\u0131m\u0131\",\"ihtiya\u00e7 sahibi\",\"nijer\",\"oyuncu\",\"ramazan\",\"yard\u0131m\"],\"articleSection\":[\"Haberler\"],\"inLanguage\":\"tr\",\"potentialAction\":[{\"@type\":\"CommentAction\",\"name\":\"Comment\",\"target\":[\"https:\\\/\\\/tdv.org\\\/tr-TR\\\/turkiye-diyanet-vakfi-nijerde-mazlumun-gulen-yuzu-oldu\\\/#respond\"]}]},{\"@type\":\"WebPage\",\"@id\":\"https:\\\/\\\/tdv.org\\\/tr-TR\\\/turkiye-diyanet-vakfi-nijerde-mazlumun-gulen-yuzu-oldu\\\/\",\"url\":\"https:\\\/\\\/tdv.org\\\/tr-TR\\\/turkiye-diyanet-vakfi-nijerde-mazlumun-gulen-yuzu-oldu\\\/\",\"name\":\"T\u00fcrkiye Diyanet Vakf\u0131, Nijer\u2019de mazlumun g\u00fclen y\u00fcz\u00fc oldu\",\"isPartOf\":{\"@id\":\"https:\\\/\\\/tdv.org\\\/tr-TR\\\/#website\"},\"primaryImageOfPage\":{\"@id\":\"https:\\\/\\\/tdv.org\\\/tr-TR\\\/turkiye-diyanet-vakfi-nijerde-mazlumun-gulen-yuzu-oldu\\\/#primaryimage\"},\"image\":{\"@id\":\"https:\\\/\\\/tdv.org\\\/tr-TR\\\/turkiye-diyanet-vakfi-nijerde-mazlumun-gulen-yuzu-oldu\\\/#primaryimage\"},\"thumbnailUrl\":\"https:\\\/\\\/tdv.org\\\/tr-TR\\\/wp-content\\\/uploads\\\/2021\\\/04\\\/Nijer-TDV-2.jpeg\",\"datePublished\":\"2021-04-25T09:20:34+00:00\",\"dateModified\":\"2023-01-04T07:22:46+00:00\",\"description\":\"T\u00fcrkiye Diyanet Vakf\u0131, ramazan ay\u0131 yard\u0131m \u00e7al\u0131\u015fmalar\u0131 kapsam\u0131nda Bat\u0131 Afrika \u00fclkesi olan Nijer\u2019de ihtiya\u00e7 sahiplerine g\u0131da yard\u0131m\u0131nda bulundu.\",\"breadcrumb\":{\"@id\":\"https:\\\/\\\/tdv.org\\\/tr-TR\\\/turkiye-diyanet-vakfi-nijerde-mazlumun-gulen-yuzu-oldu\\\/#breadcrumb\"},\"inLanguage\":\"tr\",\"potentialAction\":[{\"@type\":\"ReadAction\",\"target\":[\"https:\\\/\\\/tdv.org\\\/tr-TR\\\/turkiye-diyanet-vakfi-nijerde-mazlumun-gulen-yuzu-oldu\\\/\"]}]},{\"@type\":\"ImageObject\",\"inLanguage\":\"tr\",\"@id\":\"https:\\\/\\\/tdv.org\\\/tr-TR\\\/turkiye-diyanet-vakfi-nijerde-mazlumun-gulen-yuzu-oldu\\\/#primaryimage\",\"url\":\"https:\\\/\\\/tdv.org\\\/tr-TR\\\/wp-content\\\/uploads\\\/2021\\\/04\\\/Nijer-TDV-2.jpeg\",\"contentUrl\":\"https:\\\/\\\/tdv.org\\\/tr-TR\\\/wp-content\\\/uploads\\\/2021\\\/04\\\/Nijer-TDV-2.jpeg\",\"width\":1600,\"height\":1066},{\"@type\":\"BreadcrumbList\",\"@id\":\"https:\\\/\\\/tdv.org\\\/tr-TR\\\/turkiye-diyanet-vakfi-nijerde-mazlumun-gulen-yuzu-oldu\\\/#breadcrumb\",\"itemListElement\":[{\"@type\":\"ListItem\",\"position\":1,\"name\":\"Anasayfa\",\"item\":\"https:\\\/\\\/tdv.org\\\/tr-TR\\\/\"},{\"@type\":\"ListItem\",\"position\":2,\"name\":\"T\u00fcrkiye Diyanet Vakf\u0131, Nijer\u2019de mazlumun g\u00fclen y\u00fcz\u00fc oldu\"}]},{\"@type\":\"WebSite\",\"@id\":\"https:\\\/\\\/tdv.org\\\/tr-TR\\\/#website\",\"url\":\"https:\\\/\\\/tdv.org\\\/tr-TR\\\/\",\"name\":\"T\u00fcrkiye Diyanet Vakf\u0131 Resmi Web Sitesi\",\"description\":\"Yery\u00fcz\u00fcnde iyilik egemen oluncaya kadar\",\"publisher\":{\"@id\":\"https:\\\/\\\/tdv.org\\\/tr-TR\\\/#organization\"},\"alternateName\":\"T\u00fcrkiye Diyanet Vakf\u0131\",\"potentialAction\":[{\"@type\":\"SearchAction\",\"target\":{\"@type\":\"EntryPoint\",\"urlTemplate\":\"https:\\\/\\\/tdv.org\\\/tr-TR\\\/?s={search_term_string}\"},\"query-input\":{\"@type\":\"PropertyValueSpecification\",\"valueRequired\":true,\"valueName\":\"search_term_string\"}}],\"inLanguage\":\"tr\"},{\"@type\":\"Organization\",\"@id\":\"https:\\\/\\\/tdv.org\\\/tr-TR\\\/#organization\",\"name\":\"T\u00fcrkiye Diyanet Vakf\u0131\",\"alternateName\":\"T\u00fcrkiye Diyanet Vakf\u0131\",\"url\":\"https:\\\/\\\/tdv.org\\\/tr-TR\\\/\",\"logo\":{\"@type\":\"ImageObject\",\"inLanguage\":\"tr\",\"@id\":\"https:\\\/\\\/tdv.org\\\/tr-TR\\\/#\\\/schema\\\/logo\\\/image\\\/\",\"url\":\"https:\\\/\\\/tdv.org\\\/tr-TR\\\/wp-content\\\/uploads\\\/2018\\\/12\\\/TDV_Logo_1.png\",\"contentUrl\":\"https:\\\/\\\/tdv.org\\\/tr-TR\\\/wp-content\\\/uploads\\\/2018\\\/12\\\/TDV_Logo_1.png\",\"width\":207,\"height\":71,\"caption\":\"T\u00fcrkiye Diyanet Vakf\u0131\"},\"image\":{\"@id\":\"https:\\\/\\\/tdv.org\\\/tr-TR\\\/#\\\/schema\\\/logo\\\/image\\\/\"},\"sameAs\":[\"https:\\\/\\\/www.facebook.com\\\/Diyanetvakfi\\\/\",\"https:\\\/\\\/x.com\\\/DiyanetVakfi\",\"https:\\\/\\\/www.instagram.com\\\/turkiyediyanetvakfi\\\/\",\"https:\\\/\\\/www.youtube.com\\\/user\\\/TurkiyeDiyanetVakfi\"]},{\"@type\":\"Person\",\"@id\":\"https:\\\/\\\/tdv.org\\\/tr-TR\\\/#\\\/schema\\\/person\\\/8dcf742852c4614c6fdadb92da159c05\",\"name\":\"U\u011fur\",\"image\":{\"@type\":\"ImageObject\",\"inLanguage\":\"tr\",\"@id\":\"https:\\\/\\\/tdv.org\\\/tr-TR\\\/wp-content\\\/litespeed\\\/avatar\\\/b970c0eba1124f8268544e2640bfa964.jpg?ver=1776685107\",\"url\":\"https:\\\/\\\/tdv.org\\\/tr-TR\\\/wp-content\\\/litespeed\\\/avatar\\\/b970c0eba1124f8268544e2640bfa964.jpg?ver=1776685107\",\"contentUrl\":\"https:\\\/\\\/tdv.org\\\/tr-TR\\\/wp-content\\\/litespeed\\\/avatar\\\/b970c0eba1124f8268544e2640bfa964.jpg?ver=1776685107\",\"caption\":\"U\u011fur\"}}]}<\/script>\n<!-- \/ Yoast SEO plugin. -->","yoast_head_json":{"title":"T\u00fcrkiye Diyanet Vakf\u0131, Nijer\u2019de mazlumun g\u00fclen y\u00fcz\u00fc oldu","description":"T\u00fcrkiye Diyanet Vakf\u0131, ramazan ay\u0131 yard\u0131m \u00e7al\u0131\u015fmalar\u0131 kapsam\u0131nda Bat\u0131 Afrika \u00fclkesi olan Nijer\u2019de ihtiya\u00e7 sahiplerine g\u0131da yard\u0131m\u0131nda bulundu.","robots":{"index":"index","follow":"follow","max-snippet":"max-snippet:-1","max-image-preview":"max-image-preview:large","max-video-preview":"max-video-preview:-1"},"canonical":"https:\/\/tdv.org\/tr-TR\/turkiye-diyanet-vakfi-nijerde-mazlumun-gulen-yuzu-oldu\/","og_locale":"tr_TR","og_type":"article","og_title":"T\u00fcrkiye Diyanet Vakf\u0131, Nijer\u2019de mazlumun g\u00fclen y\u00fcz\u00fc oldu","og_description":"T\u00fcrkiye Diyanet Vakf\u0131, ramazan ay\u0131 yard\u0131m \u00e7al\u0131\u015fmalar\u0131 kapsam\u0131nda Bat\u0131 Afrika \u00fclkesi olan Nijer\u2019de ihtiya\u00e7 sahiplerine g\u0131da yard\u0131m\u0131nda bulundu.","og_url":"https:\/\/tdv.org\/tr-TR\/turkiye-diyanet-vakfi-nijerde-mazlumun-gulen-yuzu-oldu\/","og_site_name":"T\u00fcrkiye Diyanet Vakf\u0131 Resmi Web Sitesi","article_publisher":"https:\/\/www.facebook.com\/Diyanetvakfi\/","article_published_time":"2021-04-25T09:20:34+00:00","article_modified_time":"2023-01-04T07:22:46+00:00","og_image":[{"width":1600,"height":1066,"url":"https:\/\/tdv.org\/tr-TR\/wp-content\/uploads\/2021\/04\/Nijer-TDV-2.jpeg","type":"image\/jpeg"}],"author":"U\u011fur","twitter_card":"summary_large_image","twitter_creator":"@DiyanetVakfi","twitter_site":"@DiyanetVakfi","schema":{"@context":"https:\/\/schema.org","@graph":[{"@type":"Article","@id":"https:\/\/tdv.org\/tr-TR\/turkiye-diyanet-vakfi-nijerde-mazlumun-gulen-yuzu-oldu\/#article","isPartOf":{"@id":"https:\/\/tdv.org\/tr-TR\/turkiye-diyanet-vakfi-nijerde-mazlumun-gulen-yuzu-oldu\/"},"author":{"name":"U\u011fur","@id":"https:\/\/tdv.org\/tr-TR\/#\/schema\/person\/8dcf742852c4614c6fdadb92da159c05"},"headline":"T\u00fcrkiye Diyanet Vakf\u0131, Nijer\u2019de mazlumun g\u00fclen y\u00fcz\u00fc oldu","datePublished":"2021-04-25T09:20:34+00:00","dateModified":"2023-01-04T07:22:46+00:00","mainEntityOfPage":{"@id":"https:\/\/tdv.org\/tr-TR\/turkiye-diyanet-vakfi-nijerde-mazlumun-gulen-yuzu-oldu\/"},"wordCount":727,"commentCount":0,"publisher":{"@id":"https:\/\/tdv.org\/tr-TR\/#organization"},"image":{"@id":"https:\/\/tdv.org\/tr-TR\/turkiye-diyanet-vakfi-nijerde-mazlumun-gulen-yuzu-oldu\/#primaryimage"},"thumbnailUrl":"https:\/\/tdv.org\/tr-TR\/wp-content\/uploads\/2021\/04\/Nijer-TDV-2.jpeg","keywords":["Afrika","ba\u011f\u0131\u015f","Dirili\u015f Ertu\u011frul","g\u0131da kolisi","g\u0131da paketi","g\u0131da yard\u0131m\u0131","ihtiya\u00e7 sahibi","nijer","oyuncu","ramazan","yard\u0131m"],"articleSection":["Haberler"],"inLanguage":"tr","potentialAction":[{"@type":"CommentAction","name":"Comment","target":["https:\/\/tdv.org\/tr-TR\/turkiye-diyanet-vakfi-nijerde-mazlumun-gulen-yuzu-oldu\/#respond"]}]},{"@type":"WebPage","@id":"https:\/\/tdv.org\/tr-TR\/turkiye-diyanet-vakfi-nijerde-mazlumun-gulen-yuzu-oldu\/","url":"https:\/\/tdv.org\/tr-TR\/turkiye-diyanet-vakfi-nijerde-mazlumun-gulen-yuzu-oldu\/","name":"T\u00fcrkiye Diyanet Vakf\u0131, Nijer\u2019de mazlumun g\u00fclen y\u00fcz\u00fc oldu","isPartOf":{"@id":"https:\/\/tdv.org\/tr-TR\/#website"},"primaryImageOfPage":{"@id":"https:\/\/tdv.org\/tr-TR\/turkiye-diyanet-vakfi-nijerde-mazlumun-gulen-yuzu-oldu\/#primaryimage"},"image":{"@id":"https:\/\/tdv.org\/tr-TR\/turkiye-diyanet-vakfi-nijerde-mazlumun-gulen-yuzu-oldu\/#primaryimage"},"thumbnailUrl":"https:\/\/tdv.org\/tr-TR\/wp-content\/uploads\/2021\/04\/Nijer-TDV-2.jpeg","datePublished":"2021-04-25T09:20:34+00:00","dateModified":"2023-01-04T07:22:46+00:00","description":"T\u00fcrkiye Diyanet Vakf\u0131, ramazan ay\u0131 yard\u0131m \u00e7al\u0131\u015fmalar\u0131 kapsam\u0131nda Bat\u0131 Afrika \u00fclkesi olan Nijer\u2019de ihtiya\u00e7 sahiplerine g\u0131da yard\u0131m\u0131nda bulundu.","breadcrumb":{"@id":"https:\/\/tdv.org\/tr-TR\/turkiye-diyanet-vakfi-nijerde-mazlumun-gulen-yuzu-oldu\/#breadcrumb"},"inLanguage":"tr","potentialAction":[{"@type":"ReadAction","target":["https:\/\/tdv.org\/tr-TR\/turkiye-diyanet-vakfi-nijerde-mazlumun-gulen-yuzu-oldu\/"]}]},{"@type":"ImageObject","inLanguage":"tr","@id":"https:\/\/tdv.org\/tr-TR\/turkiye-diyanet-vakfi-nijerde-mazlumun-gulen-yuzu-oldu\/#primaryimage","url":"https:\/\/tdv.org\/tr-TR\/wp-content\/uploads\/2021\/04\/Nijer-TDV-2.jpeg","contentUrl":"https:\/\/tdv.org\/tr-TR\/wp-content\/uploads\/2021\/04\/Nijer-TDV-2.jpeg","width":1600,"height":1066},{"@type":"BreadcrumbList","@id":"https:\/\/tdv.org\/tr-TR\/turkiye-diyanet-vakfi-nijerde-mazlumun-gulen-yuzu-oldu\/#breadcrumb","itemListElement":[{"@type":"ListItem","position":1,"name":"Anasayfa","item":"https:\/\/tdv.org\/tr-TR\/"},{"@type":"ListItem","position":2,"name":"T\u00fcrkiye Diyanet Vakf\u0131, Nijer\u2019de mazlumun g\u00fclen y\u00fcz\u00fc oldu"}]},{"@type":"WebSite","@id":"https:\/\/tdv.org\/tr-TR\/#website","url":"https:\/\/tdv.org\/tr-TR\/","name":"T\u00fcrkiye Diyanet Vakf\u0131 Resmi Web Sitesi","description":"Yery\u00fcz\u00fcnde iyilik egemen oluncaya kadar","publisher":{"@id":"https:\/\/tdv.org\/tr-TR\/#organization"},"alternateName":"T\u00fcrkiye Diyanet Vakf\u0131","potentialAction":[{"@type":"SearchAction","target":{"@type":"EntryPoint","urlTemplate":"https:\/\/tdv.org\/tr-TR\/?s={search_term_string}"},"query-input":{"@type":"PropertyValueSpecification","valueRequired":true,"valueName":"search_term_string"}}],"inLanguage":"tr"},{"@type":"Organization","@id":"https:\/\/tdv.org\/tr-TR\/#organization","name":"T\u00fcrkiye Diyanet Vakf\u0131","alternateName":"T\u00fcrkiye Diyanet Vakf\u0131","url":"https:\/\/tdv.org\/tr-TR\/","logo":{"@type":"ImageObject","inLanguage":"tr","@id":"https:\/\/tdv.org\/tr-TR\/#\/schema\/logo\/image\/","url":"https:\/\/tdv.org\/tr-TR\/wp-content\/uploads\/2018\/12\/TDV_Logo_1.png","contentUrl":"https:\/\/tdv.org\/tr-TR\/wp-content\/uploads\/2018\/12\/TDV_Logo_1.png","width":207,"height":71,"caption":"T\u00fcrkiye Diyanet Vakf\u0131"},"image":{"@id":"https:\/\/tdv.org\/tr-TR\/#\/schema\/logo\/image\/"},"sameAs":["https:\/\/www.facebook.com\/Diyanetvakfi\/","https:\/\/x.com\/DiyanetVakfi","https:\/\/www.instagram.com\/turkiyediyanetvakfi\/","https:\/\/www.youtube.com\/user\/TurkiyeDiyanetVakfi"]},{"@type":"Person","@id":"https:\/\/tdv.org\/tr-TR\/#\/schema\/person\/8dcf742852c4614c6fdadb92da159c05","name":"U\u011fur","image":{"@type":"ImageObject","inLanguage":"tr","@id":"https:\/\/tdv.org\/tr-TR\/wp-content\/litespeed\/avatar\/b970c0eba1124f8268544e2640bfa964.jpg?ver=1776685107","url":"https:\/\/tdv.org\/tr-TR\/wp-content\/litespeed\/avatar\/b970c0eba1124f8268544e2640bfa964.jpg?ver=1776685107","contentUrl":"https:\/\/tdv.org\/tr-TR\/wp-content\/litespeed\/avatar\/b970c0eba1124f8268544e2640bfa964.jpg?ver=1776685107","caption":"U\u011fur"}}]}},"_links":{"self":[{"href":"https:\/\/tdv.org\/tr-TR\/wp-json\/wp\/v2\/posts\/12250","targetHints":{"allow":["GET"]}}],"collection":[{"href":"https:\/\/tdv.org\/tr-TR\/wp-json\/wp\/v2\/posts"}],"about":[{"href":"https:\/\/tdv.org\/tr-TR\/wp-json\/wp\/v2\/types\/post"}],"author":[{"embeddable":true,"href":"https:\/\/tdv.org\/tr-TR\/wp-json\/wp\/v2\/users\/7"}],"replies":[{"embeddable":true,"href":"https:\/\/tdv.org\/tr-TR\/wp-json\/wp\/v2\/comments?post=12250"}],"version-history":[{"count":1,"href":"https:\/\/tdv.org\/tr-TR\/wp-json\/wp\/v2\/posts\/12250\/revisions"}],"predecessor-version":[{"id":29311,"href":"https:\/\/tdv.org\/tr-TR\/wp-json\/wp\/v2\/posts\/12250\/revisions\/29311"}],"wp:featuredmedia":[{"embeddable":true,"href":"https:\/\/tdv.org\/tr-TR\/wp-json\/wp\/v2\/media\/12252"}],"wp:attachment":[{"href":"https:\/\/tdv.org\/tr-TR\/wp-json\/wp\/v2\/media?parent=12250"}],"wp:term":[{"taxonomy":"category","embeddable":true,"href":"https:\/\/tdv.org\/tr-TR\/wp-json\/wp\/v2\/categories?post=12250"},{"taxonomy":"post_tag","embeddable":true,"href":"https:\/\/tdv.org\/tr-TR\/wp-json\/wp\/v2\/tags?post=12250"}],"curies":[{"name":"wp","href":"https:\/\/api.w.org\/{rel}","templated":true}]}}