{"id":12424,"date":"2021-05-01T14:09:37","date_gmt":"2021-05-01T11:09:37","guid":{"rendered":"https:\/\/tdv.org\/tr-TR\/?p=12424"},"modified":"2022-12-23T09:54:35","modified_gmt":"2022-12-23T06:54:35","slug":"ditibden-italyadaki-multeci-kamplarina-ve-ihtiyac-sahibi-ailelere-ramazan-yardimi","status":"publish","type":"post","link":"https:\/\/tdv.org\/tr-TR\/ditibden-italyadaki-multeci-kamplarina-ve-ihtiyac-sahibi-ailelere-ramazan-yardimi\/","title":{"rendered":"D\u0130T\u0130B\u2019den \u0130talya\u2019daki m\u00fclteci kamplar\u0131na ve ihtiya\u00e7 sahibi ailelere Ramazan yard\u0131m\u0131"},"content":{"rendered":"<p style=\"text-align: justify;\">Diyanet \u0130\u015fleri T\u00fcrk \u0130slam Birli\u011fi (D\u0130T\u0130B) taraf\u0131ndan haz\u0131rlanan Ramazan ay\u0131 yard\u0131m kolileri, D\u0130T\u0130B-\u0130talya taraf\u0131ndan planlanan program d\u00e2hilinde, \u0130talya\u2019n\u0131n farkl\u0131 b\u00f6lgelerindeki m\u00fclteci yurtlar\u0131na ve ihtiya\u00e7 sahibi ailelere ula\u015ft\u0131r\u0131ld\u0131.<br \/>\n\u0130talya\u2019n\u0131n Milano ve \u00e7evresinde ger\u00e7ekle\u015ftirilen yard\u0131m organizasyonu, Milano Din Hizmetleri Ata\u015fesi Abd\u00fclmetin Yal\u00e7\u0131n ve D\u0130T\u0130B-\u0130talya y\u00f6neticileri ile Diyanet \u0130\u015fleri T\u00fcrk \u0130slam Birli\u011fi (D\u0130T\u0130B) ad\u0131na Federal Kad\u0131n Birli\u011fi Koordinat\u00f6r\u00fc Nurten Afat ve yard\u0131m g\u00f6n\u00fcll\u00fcs\u00fc M\u00fcmine G\u00fcl\u2019\u00fcn kat\u0131l\u0131mlar\u0131yla ger\u00e7ekle\u015ftirildi.<br \/>\nAlmanya D\u0130T\u0130B te\u015fkilat\u0131na te\u015fekk\u00fcr eden Milano Din Hizmetleri Ata\u015fesi Abd\u00fclmetin Yal\u00e7\u0131n, &#8220;Bu zorlu s\u00fcre\u00e7te \u0130talya\u2019da ya\u015fayan m\u00fclteci ve ihtiya\u00e7 sahibi ailelere yard\u0131m eli uzatan D\u0130T\u0130B te\u015fkilat\u0131na ve hay\u0131rseverlere te\u015fekk\u00fcr ediyorum. Yapt\u0131klar\u0131 yard\u0131mlar\u0131n kabul\u00fcn\u00fc Cenab-\u0131 Hakk\u2019tan niyaz ediyorum&#8221; ifadelerini kulland\u0131.<br \/>\nD\u0130T\u0130B-\u0130talya te\u015fkilat\u0131 i\u015f birli\u011fiyle m\u00fclteci yurtlar\u0131na ve ihtiya\u00e7 sahibi ailelere 450 g\u0131da yard\u0131m kolisi teslim ettiklerini belirten D\u0130T\u0130B Federal Kad\u0131n Kollar\u0131 Koordinat\u00f6r\u00fc Nurten Afat \u015funlar\u0131 kaydetti:<br \/>\n&#8220;D\u0130T\u0130B olarak Ramazan ay\u0131 vesilesiyle 30 farkl\u0131 \u00fclkede ger\u00e7ekle\u015ftirdi\u011fimiz yard\u0131m organizasyonu \u00e7er\u00e7evesinde \u0130talya\u2019da bulunuyoruz. Milano ve \u00e7evresinde bulunan 6 m\u00fclteci yurduna ve ihtiya\u00e7 sahibi ailelerin evlerine tek tek ula\u015f\u0131larak 450 g\u0131da yard\u0131m kolisi da\u011f\u0131tt\u0131k. Almanya D\u0130T\u0130B te\u015fkilat\u0131 olarak hay\u0131rseverlerimizin zek\u00e2t ve fitre emanetlerini \u0130talya\u2019da ya\u015fayan ihtiya\u00e7 sahibi M\u00fcsl\u00fcman karde\u015flerimizle payla\u015ft\u0131k. Zek\u00e2t-fitre emanetlerini te\u015fkilat\u0131m\u0131za teslim eden cemaatimize ve hay\u0131rsever insanlar\u0131m\u0131za te\u015fekk\u00fcr ediyorum. Allah yard\u0131m yapanlardan ve bu yard\u0131ma \u00f6nc\u00fcl\u00fck edenlerden raz\u0131 olsun.&#8221;<\/p>\n\n\t\t<style type=\"text\/css\">\n\t\t\t#gallery-1 {\n\t\t\t\tmargin: auto;\n\t\t\t}\n\t\t\t#gallery-1 .gallery-item {\n\t\t\t\tfloat: left;\n\t\t\t\tmargin-top: 10px;\n\t\t\t\ttext-align: center;\n\t\t\t\twidth: 33%;\n\t\t\t}\n\t\t\t#gallery-1 img {\n\t\t\t\tborder: 2px solid #cfcfcf;\n\t\t\t}\n\t\t\t#gallery-1 .gallery-caption {\n\t\t\t\tmargin-left: 0;\n\t\t\t}\n\t\t\t\/* see gallery_shortcode() in wp-includes\/media.php *\/\n\t\t<\/style>\n\t\t<div id='gallery-1' class='gallery galleryid-12424 gallery-columns-3 gallery-size-thumbnail'><dl class='gallery-item'>\n\t\t\t<dt class='gallery-icon landscape'>\n\t\t\t\t<a href='https:\/\/tdv.org\/tr-TR\/wp-content\/uploads\/2021\/05\/itas.jpeg'><img decoding=\"async\" width=\"150\" height=\"150\" src=\"https:\/\/tdv.org\/tr-TR\/wp-content\/uploads\/2021\/05\/itas-150x150.jpeg\" class=\"attachment-thumbnail size-thumbnail\" alt=\"\" srcset=\"https:\/\/tdv.org\/tr-TR\/wp-content\/uploads\/2021\/05\/itas-150x150.jpeg 150w, https:\/\/tdv.org\/tr-TR\/wp-content\/uploads\/2021\/05\/itas-100x100.jpeg 100w, https:\/\/tdv.org\/tr-TR\/wp-content\/uploads\/2021\/05\/itas-140x140.jpeg 140w, https:\/\/tdv.org\/tr-TR\/wp-content\/uploads\/2021\/05\/itas-500x500.jpeg 500w, https:\/\/tdv.org\/tr-TR\/wp-content\/uploads\/2021\/05\/itas-350x350.jpeg 350w\" sizes=\"(max-width: 150px) 100vw, 150px\" \/><\/a>\n\t\t\t<\/dt><\/dl><dl class='gallery-item'>\n\t\t\t<dt class='gallery-icon landscape'>\n\t\t\t\t<a href='https:\/\/tdv.org\/tr-TR\/wp-content\/uploads\/2021\/05\/itas2.jpeg'><img decoding=\"async\" width=\"150\" height=\"150\" src=\"https:\/\/tdv.org\/tr-TR\/wp-content\/uploads\/2021\/05\/itas2-150x150.jpeg\" class=\"attachment-thumbnail size-thumbnail\" alt=\"\" srcset=\"https:\/\/tdv.org\/tr-TR\/wp-content\/uploads\/2021\/05\/itas2-150x150.jpeg 150w, https:\/\/tdv.org\/tr-TR\/wp-content\/uploads\/2021\/05\/itas2-100x100.jpeg 100w, https:\/\/tdv.org\/tr-TR\/wp-content\/uploads\/2021\/05\/itas2-140x140.jpeg 140w, https:\/\/tdv.org\/tr-TR\/wp-content\/uploads\/2021\/05\/itas2-500x500.jpeg 500w, https:\/\/tdv.org\/tr-TR\/wp-content\/uploads\/2021\/05\/itas2-350x350.jpeg 350w\" sizes=\"(max-width: 150px) 100vw, 150px\" \/><\/a>\n\t\t\t<\/dt><\/dl><dl class='gallery-item'>\n\t\t\t<dt class='gallery-icon landscape'>\n\t\t\t\t<a href='https:\/\/tdv.org\/tr-TR\/wp-content\/uploads\/2021\/05\/itas3.jpeg'><img decoding=\"async\" width=\"150\" height=\"150\" src=\"https:\/\/tdv.org\/tr-TR\/wp-content\/uploads\/2021\/05\/itas3-150x150.jpeg\" class=\"attachment-thumbnail size-thumbnail\" alt=\"\" srcset=\"https:\/\/tdv.org\/tr-TR\/wp-content\/uploads\/2021\/05\/itas3-150x150.jpeg 150w, https:\/\/tdv.org\/tr-TR\/wp-content\/uploads\/2021\/05\/itas3-100x100.jpeg 100w, https:\/\/tdv.org\/tr-TR\/wp-content\/uploads\/2021\/05\/itas3-140x140.jpeg 140w, https:\/\/tdv.org\/tr-TR\/wp-content\/uploads\/2021\/05\/itas3-500x500.jpeg 500w, https:\/\/tdv.org\/tr-TR\/wp-content\/uploads\/2021\/05\/itas3-350x350.jpeg 350w\" sizes=\"(max-width: 150px) 100vw, 150px\" \/><\/a>\n\t\t\t<\/dt><\/dl><br style=\"clear: both\" \/><dl class='gallery-item'>\n\t\t\t<dt class='gallery-icon landscape'>\n\t\t\t\t<a href='https:\/\/tdv.org\/tr-TR\/wp-content\/uploads\/2021\/05\/itas4.jpeg'><img decoding=\"async\" width=\"150\" height=\"150\" src=\"https:\/\/tdv.org\/tr-TR\/wp-content\/uploads\/2021\/05\/itas4-150x150.jpeg\" class=\"attachment-thumbnail size-thumbnail\" alt=\"\" srcset=\"https:\/\/tdv.org\/tr-TR\/wp-content\/uploads\/2021\/05\/itas4-150x150.jpeg 150w, https:\/\/tdv.org\/tr-TR\/wp-content\/uploads\/2021\/05\/itas4-100x100.jpeg 100w, https:\/\/tdv.org\/tr-TR\/wp-content\/uploads\/2021\/05\/itas4-140x140.jpeg 140w, https:\/\/tdv.org\/tr-TR\/wp-content\/uploads\/2021\/05\/itas4-500x500.jpeg 500w, https:\/\/tdv.org\/tr-TR\/wp-content\/uploads\/2021\/05\/itas4-350x350.jpeg 350w\" sizes=\"(max-width: 150px) 100vw, 150px\" \/><\/a>\n\t\t\t<\/dt><\/dl>\n\t\t\t<br style='clear: both' \/>\n\t\t<\/div>\n\n","protected":false},"excerpt":{"rendered":"<p>Diyanet \u0130\u015fleri T\u00fcrk \u0130slam Birli\u011fi (D\u0130T\u0130B) taraf\u0131ndan haz\u0131rlanan Ramazan ay\u0131 yard\u0131m kolileri, D\u0130T\u0130B-\u0130talya taraf\u0131ndan planlanan program d\u00e2hilinde, \u0130talya\u2019n\u0131n farkl\u0131 b\u00f6lgelerindeki m\u00fclteci yurtlar\u0131na ve ihtiya\u00e7 sahibi ailelere ula\u015ft\u0131r\u0131ld\u0131. \u0130talya\u2019n\u0131n Milano ve&#8230;<\/p>\n","protected":false},"author":6,"featured_media":12425,"comment_status":"open","ping_status":"closed","sticky":false,"template":"","format":"standard","meta":{"footnotes":""},"categories":[1],"tags":[345,1290,107,1217],"class_list":{"0":"post-12424","1":"post","2":"type-post","3":"status-publish","4":"format-standard","5":"has-post-thumbnail","7":"category-haberler","8":"tag-ditib","9":"tag-italya","10":"tag-ramazan","11":"tag-ramazan-yardimlari"},"yoast_head":"<!-- This site is optimized with the Yoast SEO plugin v27.5 - https:\/\/yoast.com\/product\/yoast-seo-wordpress\/ -->\n<title>D\u0130T\u0130B\u2019den \u0130talya\u2019daki m\u00fclteci kamplar\u0131na ve ihtiya\u00e7 sahibi ailelere Ramazan yard\u0131m\u0131<\/title>\n<meta name=\"description\" content=\"D\u0130T\u0130B taraf\u0131ndan haz\u0131rlanan Ramazan ay\u0131 yard\u0131m kolileri, D\u0130T\u0130B-\u0130talya taraf\u0131ndan planlanan program d\u00e2hilinde, \u0130talya\u2019n\u0131n farkl\u0131 b\u00f6lgelerindeki m\u00fclteci yurtlar\u0131na ve ihtiya\u00e7 sahibi ailelere ula\u015ft\u0131r\u0131ld\u0131.\" \/>\n<meta name=\"robots\" content=\"index, follow, max-snippet:-1, max-image-preview:large, max-video-preview:-1\" \/>\n<link rel=\"canonical\" href=\"https:\/\/tdv.org\/tr-TR\/ditibden-italyadaki-multeci-kamplarina-ve-ihtiyac-sahibi-ailelere-ramazan-yardimi\/\" \/>\n<meta property=\"og:locale\" content=\"tr_TR\" \/>\n<meta property=\"og:type\" content=\"article\" \/>\n<meta property=\"og:title\" content=\"D\u0130T\u0130B\u2019den \u0130talya\u2019daki m\u00fclteci kamplar\u0131na ve ihtiya\u00e7 sahibi ailelere Ramazan yard\u0131m\u0131\" \/>\n<meta property=\"og:description\" content=\"D\u0130T\u0130B taraf\u0131ndan haz\u0131rlanan Ramazan ay\u0131 yard\u0131m kolileri, D\u0130T\u0130B-\u0130talya taraf\u0131ndan planlanan program d\u00e2hilinde, \u0130talya\u2019n\u0131n farkl\u0131 b\u00f6lgelerindeki m\u00fclteci yurtlar\u0131na ve ihtiya\u00e7 sahibi ailelere ula\u015ft\u0131r\u0131ld\u0131.\" \/>\n<meta property=\"og:url\" content=\"https:\/\/tdv.org\/tr-TR\/ditibden-italyadaki-multeci-kamplarina-ve-ihtiyac-sahibi-ailelere-ramazan-yardimi\/\" \/>\n<meta property=\"og:site_name\" content=\"T\u00fcrkiye Diyanet Vakf\u0131 Resmi Web Sitesi\" \/>\n<meta property=\"article:publisher\" content=\"https:\/\/www.facebook.com\/Diyanetvakfi\/\" \/>\n<meta property=\"article:published_time\" content=\"2021-05-01T11:09:37+00:00\" \/>\n<meta property=\"article:modified_time\" content=\"2022-12-23T06:54:35+00:00\" \/>\n<meta property=\"og:image\" content=\"https:\/\/tdv.org\/tr-TR\/wp-content\/uploads\/2021\/05\/itas.jpeg\" \/>\n\t<meta property=\"og:image:width\" content=\"1366\" \/>\n\t<meta property=\"og:image:height\" content=\"747\" \/>\n\t<meta property=\"og:image:type\" content=\"image\/jpeg\" \/>\n<meta name=\"author\" content=\"Musa\" \/>\n<meta name=\"twitter:card\" content=\"summary_large_image\" \/>\n<meta name=\"twitter:creator\" content=\"@DiyanetVakfi\" \/>\n<meta name=\"twitter:site\" content=\"@DiyanetVakfi\" \/>\n<script type=\"application\/ld+json\" class=\"yoast-schema-graph\">{\"@context\":\"https:\\\/\\\/schema.org\",\"@graph\":[{\"@type\":\"Article\",\"@id\":\"https:\\\/\\\/tdv.org\\\/tr-TR\\\/ditibden-italyadaki-multeci-kamplarina-ve-ihtiyac-sahibi-ailelere-ramazan-yardimi\\\/#article\",\"isPartOf\":{\"@id\":\"https:\\\/\\\/tdv.org\\\/tr-TR\\\/ditibden-italyadaki-multeci-kamplarina-ve-ihtiyac-sahibi-ailelere-ramazan-yardimi\\\/\"},\"author\":{\"name\":\"Musa\",\"@id\":\"https:\\\/\\\/tdv.org\\\/tr-TR\\\/#\\\/schema\\\/person\\\/8f21f05615f6bcf071bbd5ee8d376a8f\"},\"headline\":\"D\u0130T\u0130B\u2019den \u0130talya\u2019daki m\u00fclteci kamplar\u0131na ve ihtiya\u00e7 sahibi ailelere Ramazan yard\u0131m\u0131\",\"datePublished\":\"2021-05-01T11:09:37+00:00\",\"dateModified\":\"2022-12-23T06:54:35+00:00\",\"mainEntityOfPage\":{\"@id\":\"https:\\\/\\\/tdv.org\\\/tr-TR\\\/ditibden-italyadaki-multeci-kamplarina-ve-ihtiyac-sahibi-ailelere-ramazan-yardimi\\\/\"},\"wordCount\":348,\"commentCount\":0,\"publisher\":{\"@id\":\"https:\\\/\\\/tdv.org\\\/tr-TR\\\/#organization\"},\"image\":{\"@id\":\"https:\\\/\\\/tdv.org\\\/tr-TR\\\/ditibden-italyadaki-multeci-kamplarina-ve-ihtiyac-sahibi-ailelere-ramazan-yardimi\\\/#primaryimage\"},\"thumbnailUrl\":\"https:\\\/\\\/tdv.org\\\/tr-TR\\\/wp-content\\\/uploads\\\/2021\\\/05\\\/itas.jpeg\",\"keywords\":[\"D\u0130T\u0130B\",\"italya\",\"ramazan\",\"ramazan yard\u0131mlar\u0131\"],\"articleSection\":[\"Haberler\"],\"inLanguage\":\"tr\",\"potentialAction\":[{\"@type\":\"CommentAction\",\"name\":\"Comment\",\"target\":[\"https:\\\/\\\/tdv.org\\\/tr-TR\\\/ditibden-italyadaki-multeci-kamplarina-ve-ihtiyac-sahibi-ailelere-ramazan-yardimi\\\/#respond\"]}]},{\"@type\":\"WebPage\",\"@id\":\"https:\\\/\\\/tdv.org\\\/tr-TR\\\/ditibden-italyadaki-multeci-kamplarina-ve-ihtiyac-sahibi-ailelere-ramazan-yardimi\\\/\",\"url\":\"https:\\\/\\\/tdv.org\\\/tr-TR\\\/ditibden-italyadaki-multeci-kamplarina-ve-ihtiyac-sahibi-ailelere-ramazan-yardimi\\\/\",\"name\":\"D\u0130T\u0130B\u2019den \u0130talya\u2019daki m\u00fclteci kamplar\u0131na ve ihtiya\u00e7 sahibi ailelere Ramazan yard\u0131m\u0131\",\"isPartOf\":{\"@id\":\"https:\\\/\\\/tdv.org\\\/tr-TR\\\/#website\"},\"primaryImageOfPage\":{\"@id\":\"https:\\\/\\\/tdv.org\\\/tr-TR\\\/ditibden-italyadaki-multeci-kamplarina-ve-ihtiyac-sahibi-ailelere-ramazan-yardimi\\\/#primaryimage\"},\"image\":{\"@id\":\"https:\\\/\\\/tdv.org\\\/tr-TR\\\/ditibden-italyadaki-multeci-kamplarina-ve-ihtiyac-sahibi-ailelere-ramazan-yardimi\\\/#primaryimage\"},\"thumbnailUrl\":\"https:\\\/\\\/tdv.org\\\/tr-TR\\\/wp-content\\\/uploads\\\/2021\\\/05\\\/itas.jpeg\",\"datePublished\":\"2021-05-01T11:09:37+00:00\",\"dateModified\":\"2022-12-23T06:54:35+00:00\",\"description\":\"D\u0130T\u0130B taraf\u0131ndan haz\u0131rlanan Ramazan ay\u0131 yard\u0131m kolileri, D\u0130T\u0130B-\u0130talya taraf\u0131ndan planlanan program d\u00e2hilinde, \u0130talya\u2019n\u0131n farkl\u0131 b\u00f6lgelerindeki m\u00fclteci yurtlar\u0131na ve ihtiya\u00e7 sahibi ailelere ula\u015ft\u0131r\u0131ld\u0131.\",\"breadcrumb\":{\"@id\":\"https:\\\/\\\/tdv.org\\\/tr-TR\\\/ditibden-italyadaki-multeci-kamplarina-ve-ihtiyac-sahibi-ailelere-ramazan-yardimi\\\/#breadcrumb\"},\"inLanguage\":\"tr\",\"potentialAction\":[{\"@type\":\"ReadAction\",\"target\":[\"https:\\\/\\\/tdv.org\\\/tr-TR\\\/ditibden-italyadaki-multeci-kamplarina-ve-ihtiyac-sahibi-ailelere-ramazan-yardimi\\\/\"]}]},{\"@type\":\"ImageObject\",\"inLanguage\":\"tr\",\"@id\":\"https:\\\/\\\/tdv.org\\\/tr-TR\\\/ditibden-italyadaki-multeci-kamplarina-ve-ihtiyac-sahibi-ailelere-ramazan-yardimi\\\/#primaryimage\",\"url\":\"https:\\\/\\\/tdv.org\\\/tr-TR\\\/wp-content\\\/uploads\\\/2021\\\/05\\\/itas.jpeg\",\"contentUrl\":\"https:\\\/\\\/tdv.org\\\/tr-TR\\\/wp-content\\\/uploads\\\/2021\\\/05\\\/itas.jpeg\",\"width\":1366,\"height\":747},{\"@type\":\"BreadcrumbList\",\"@id\":\"https:\\\/\\\/tdv.org\\\/tr-TR\\\/ditibden-italyadaki-multeci-kamplarina-ve-ihtiyac-sahibi-ailelere-ramazan-yardimi\\\/#breadcrumb\",\"itemListElement\":[{\"@type\":\"ListItem\",\"position\":1,\"name\":\"Anasayfa\",\"item\":\"https:\\\/\\\/tdv.org\\\/tr-TR\\\/\"},{\"@type\":\"ListItem\",\"position\":2,\"name\":\"D\u0130T\u0130B\u2019den \u0130talya\u2019daki m\u00fclteci kamplar\u0131na ve ihtiya\u00e7 sahibi ailelere Ramazan yard\u0131m\u0131\"}]},{\"@type\":\"WebSite\",\"@id\":\"https:\\\/\\\/tdv.org\\\/tr-TR\\\/#website\",\"url\":\"https:\\\/\\\/tdv.org\\\/tr-TR\\\/\",\"name\":\"T\u00fcrkiye Diyanet Vakf\u0131 Resmi Web Sitesi\",\"description\":\"Yery\u00fcz\u00fcnde iyilik egemen oluncaya kadar\",\"publisher\":{\"@id\":\"https:\\\/\\\/tdv.org\\\/tr-TR\\\/#organization\"},\"alternateName\":\"T\u00fcrkiye Diyanet Vakf\u0131\",\"potentialAction\":[{\"@type\":\"SearchAction\",\"target\":{\"@type\":\"EntryPoint\",\"urlTemplate\":\"https:\\\/\\\/tdv.org\\\/tr-TR\\\/?s={search_term_string}\"},\"query-input\":{\"@type\":\"PropertyValueSpecification\",\"valueRequired\":true,\"valueName\":\"search_term_string\"}}],\"inLanguage\":\"tr\"},{\"@type\":\"Organization\",\"@id\":\"https:\\\/\\\/tdv.org\\\/tr-TR\\\/#organization\",\"name\":\"T\u00fcrkiye Diyanet Vakf\u0131\",\"alternateName\":\"T\u00fcrkiye Diyanet Vakf\u0131\",\"url\":\"https:\\\/\\\/tdv.org\\\/tr-TR\\\/\",\"logo\":{\"@type\":\"ImageObject\",\"inLanguage\":\"tr\",\"@id\":\"https:\\\/\\\/tdv.org\\\/tr-TR\\\/#\\\/schema\\\/logo\\\/image\\\/\",\"url\":\"https:\\\/\\\/tdv.org\\\/tr-TR\\\/wp-content\\\/uploads\\\/2018\\\/12\\\/TDV_Logo_1.png\",\"contentUrl\":\"https:\\\/\\\/tdv.org\\\/tr-TR\\\/wp-content\\\/uploads\\\/2018\\\/12\\\/TDV_Logo_1.png\",\"width\":207,\"height\":71,\"caption\":\"T\u00fcrkiye Diyanet Vakf\u0131\"},\"image\":{\"@id\":\"https:\\\/\\\/tdv.org\\\/tr-TR\\\/#\\\/schema\\\/logo\\\/image\\\/\"},\"sameAs\":[\"https:\\\/\\\/www.facebook.com\\\/Diyanetvakfi\\\/\",\"https:\\\/\\\/x.com\\\/DiyanetVakfi\",\"https:\\\/\\\/www.instagram.com\\\/turkiyediyanetvakfi\\\/\",\"https:\\\/\\\/www.youtube.com\\\/user\\\/TurkiyeDiyanetVakfi\"]},{\"@type\":\"Person\",\"@id\":\"https:\\\/\\\/tdv.org\\\/tr-TR\\\/#\\\/schema\\\/person\\\/8f21f05615f6bcf071bbd5ee8d376a8f\",\"name\":\"Musa\",\"image\":{\"@type\":\"ImageObject\",\"inLanguage\":\"tr\",\"@id\":\"https:\\\/\\\/tdv.org\\\/tr-TR\\\/wp-content\\\/litespeed\\\/avatar\\\/5b7955b12151edf37ee458402c4c6b7f.jpg?ver=1777295996\",\"url\":\"https:\\\/\\\/tdv.org\\\/tr-TR\\\/wp-content\\\/litespeed\\\/avatar\\\/5b7955b12151edf37ee458402c4c6b7f.jpg?ver=1777295996\",\"contentUrl\":\"https:\\\/\\\/tdv.org\\\/tr-TR\\\/wp-content\\\/litespeed\\\/avatar\\\/5b7955b12151edf37ee458402c4c6b7f.jpg?ver=1777295996\",\"caption\":\"Musa\"},\"sameAs\":[\"http:\\\/\\\/www.tdv.org\"]}]}<\/script>\n<!-- \/ Yoast SEO plugin. -->","yoast_head_json":{"title":"D\u0130T\u0130B\u2019den \u0130talya\u2019daki m\u00fclteci kamplar\u0131na ve ihtiya\u00e7 sahibi ailelere Ramazan yard\u0131m\u0131","description":"D\u0130T\u0130B taraf\u0131ndan haz\u0131rlanan Ramazan ay\u0131 yard\u0131m kolileri, D\u0130T\u0130B-\u0130talya taraf\u0131ndan planlanan program d\u00e2hilinde, \u0130talya\u2019n\u0131n farkl\u0131 b\u00f6lgelerindeki m\u00fclteci yurtlar\u0131na ve ihtiya\u00e7 sahibi ailelere ula\u015ft\u0131r\u0131ld\u0131.","robots":{"index":"index","follow":"follow","max-snippet":"max-snippet:-1","max-image-preview":"max-image-preview:large","max-video-preview":"max-video-preview:-1"},"canonical":"https:\/\/tdv.org\/tr-TR\/ditibden-italyadaki-multeci-kamplarina-ve-ihtiyac-sahibi-ailelere-ramazan-yardimi\/","og_locale":"tr_TR","og_type":"article","og_title":"D\u0130T\u0130B\u2019den \u0130talya\u2019daki m\u00fclteci kamplar\u0131na ve ihtiya\u00e7 sahibi ailelere Ramazan yard\u0131m\u0131","og_description":"D\u0130T\u0130B taraf\u0131ndan haz\u0131rlanan Ramazan ay\u0131 yard\u0131m kolileri, D\u0130T\u0130B-\u0130talya taraf\u0131ndan planlanan program d\u00e2hilinde, \u0130talya\u2019n\u0131n farkl\u0131 b\u00f6lgelerindeki m\u00fclteci yurtlar\u0131na ve ihtiya\u00e7 sahibi ailelere ula\u015ft\u0131r\u0131ld\u0131.","og_url":"https:\/\/tdv.org\/tr-TR\/ditibden-italyadaki-multeci-kamplarina-ve-ihtiyac-sahibi-ailelere-ramazan-yardimi\/","og_site_name":"T\u00fcrkiye Diyanet Vakf\u0131 Resmi Web Sitesi","article_publisher":"https:\/\/www.facebook.com\/Diyanetvakfi\/","article_published_time":"2021-05-01T11:09:37+00:00","article_modified_time":"2022-12-23T06:54:35+00:00","og_image":[{"width":1366,"height":747,"url":"https:\/\/tdv.org\/tr-TR\/wp-content\/uploads\/2021\/05\/itas.jpeg","type":"image\/jpeg"}],"author":"Musa","twitter_card":"summary_large_image","twitter_creator":"@DiyanetVakfi","twitter_site":"@DiyanetVakfi","schema":{"@context":"https:\/\/schema.org","@graph":[{"@type":"Article","@id":"https:\/\/tdv.org\/tr-TR\/ditibden-italyadaki-multeci-kamplarina-ve-ihtiyac-sahibi-ailelere-ramazan-yardimi\/#article","isPartOf":{"@id":"https:\/\/tdv.org\/tr-TR\/ditibden-italyadaki-multeci-kamplarina-ve-ihtiyac-sahibi-ailelere-ramazan-yardimi\/"},"author":{"name":"Musa","@id":"https:\/\/tdv.org\/tr-TR\/#\/schema\/person\/8f21f05615f6bcf071bbd5ee8d376a8f"},"headline":"D\u0130T\u0130B\u2019den \u0130talya\u2019daki m\u00fclteci kamplar\u0131na ve ihtiya\u00e7 sahibi ailelere Ramazan yard\u0131m\u0131","datePublished":"2021-05-01T11:09:37+00:00","dateModified":"2022-12-23T06:54:35+00:00","mainEntityOfPage":{"@id":"https:\/\/tdv.org\/tr-TR\/ditibden-italyadaki-multeci-kamplarina-ve-ihtiyac-sahibi-ailelere-ramazan-yardimi\/"},"wordCount":348,"commentCount":0,"publisher":{"@id":"https:\/\/tdv.org\/tr-TR\/#organization"},"image":{"@id":"https:\/\/tdv.org\/tr-TR\/ditibden-italyadaki-multeci-kamplarina-ve-ihtiyac-sahibi-ailelere-ramazan-yardimi\/#primaryimage"},"thumbnailUrl":"https:\/\/tdv.org\/tr-TR\/wp-content\/uploads\/2021\/05\/itas.jpeg","keywords":["D\u0130T\u0130B","italya","ramazan","ramazan yard\u0131mlar\u0131"],"articleSection":["Haberler"],"inLanguage":"tr","potentialAction":[{"@type":"CommentAction","name":"Comment","target":["https:\/\/tdv.org\/tr-TR\/ditibden-italyadaki-multeci-kamplarina-ve-ihtiyac-sahibi-ailelere-ramazan-yardimi\/#respond"]}]},{"@type":"WebPage","@id":"https:\/\/tdv.org\/tr-TR\/ditibden-italyadaki-multeci-kamplarina-ve-ihtiyac-sahibi-ailelere-ramazan-yardimi\/","url":"https:\/\/tdv.org\/tr-TR\/ditibden-italyadaki-multeci-kamplarina-ve-ihtiyac-sahibi-ailelere-ramazan-yardimi\/","name":"D\u0130T\u0130B\u2019den \u0130talya\u2019daki m\u00fclteci kamplar\u0131na ve ihtiya\u00e7 sahibi ailelere Ramazan yard\u0131m\u0131","isPartOf":{"@id":"https:\/\/tdv.org\/tr-TR\/#website"},"primaryImageOfPage":{"@id":"https:\/\/tdv.org\/tr-TR\/ditibden-italyadaki-multeci-kamplarina-ve-ihtiyac-sahibi-ailelere-ramazan-yardimi\/#primaryimage"},"image":{"@id":"https:\/\/tdv.org\/tr-TR\/ditibden-italyadaki-multeci-kamplarina-ve-ihtiyac-sahibi-ailelere-ramazan-yardimi\/#primaryimage"},"thumbnailUrl":"https:\/\/tdv.org\/tr-TR\/wp-content\/uploads\/2021\/05\/itas.jpeg","datePublished":"2021-05-01T11:09:37+00:00","dateModified":"2022-12-23T06:54:35+00:00","description":"D\u0130T\u0130B taraf\u0131ndan haz\u0131rlanan Ramazan ay\u0131 yard\u0131m kolileri, D\u0130T\u0130B-\u0130talya taraf\u0131ndan planlanan program d\u00e2hilinde, \u0130talya\u2019n\u0131n farkl\u0131 b\u00f6lgelerindeki m\u00fclteci yurtlar\u0131na ve ihtiya\u00e7 sahibi ailelere ula\u015ft\u0131r\u0131ld\u0131.","breadcrumb":{"@id":"https:\/\/tdv.org\/tr-TR\/ditibden-italyadaki-multeci-kamplarina-ve-ihtiyac-sahibi-ailelere-ramazan-yardimi\/#breadcrumb"},"inLanguage":"tr","potentialAction":[{"@type":"ReadAction","target":["https:\/\/tdv.org\/tr-TR\/ditibden-italyadaki-multeci-kamplarina-ve-ihtiyac-sahibi-ailelere-ramazan-yardimi\/"]}]},{"@type":"ImageObject","inLanguage":"tr","@id":"https:\/\/tdv.org\/tr-TR\/ditibden-italyadaki-multeci-kamplarina-ve-ihtiyac-sahibi-ailelere-ramazan-yardimi\/#primaryimage","url":"https:\/\/tdv.org\/tr-TR\/wp-content\/uploads\/2021\/05\/itas.jpeg","contentUrl":"https:\/\/tdv.org\/tr-TR\/wp-content\/uploads\/2021\/05\/itas.jpeg","width":1366,"height":747},{"@type":"BreadcrumbList","@id":"https:\/\/tdv.org\/tr-TR\/ditibden-italyadaki-multeci-kamplarina-ve-ihtiyac-sahibi-ailelere-ramazan-yardimi\/#breadcrumb","itemListElement":[{"@type":"ListItem","position":1,"name":"Anasayfa","item":"https:\/\/tdv.org\/tr-TR\/"},{"@type":"ListItem","position":2,"name":"D\u0130T\u0130B\u2019den \u0130talya\u2019daki m\u00fclteci kamplar\u0131na ve ihtiya\u00e7 sahibi ailelere Ramazan yard\u0131m\u0131"}]},{"@type":"WebSite","@id":"https:\/\/tdv.org\/tr-TR\/#website","url":"https:\/\/tdv.org\/tr-TR\/","name":"T\u00fcrkiye Diyanet Vakf\u0131 Resmi Web Sitesi","description":"Yery\u00fcz\u00fcnde iyilik egemen oluncaya kadar","publisher":{"@id":"https:\/\/tdv.org\/tr-TR\/#organization"},"alternateName":"T\u00fcrkiye Diyanet Vakf\u0131","potentialAction":[{"@type":"SearchAction","target":{"@type":"EntryPoint","urlTemplate":"https:\/\/tdv.org\/tr-TR\/?s={search_term_string}"},"query-input":{"@type":"PropertyValueSpecification","valueRequired":true,"valueName":"search_term_string"}}],"inLanguage":"tr"},{"@type":"Organization","@id":"https:\/\/tdv.org\/tr-TR\/#organization","name":"T\u00fcrkiye Diyanet Vakf\u0131","alternateName":"T\u00fcrkiye Diyanet Vakf\u0131","url":"https:\/\/tdv.org\/tr-TR\/","logo":{"@type":"ImageObject","inLanguage":"tr","@id":"https:\/\/tdv.org\/tr-TR\/#\/schema\/logo\/image\/","url":"https:\/\/tdv.org\/tr-TR\/wp-content\/uploads\/2018\/12\/TDV_Logo_1.png","contentUrl":"https:\/\/tdv.org\/tr-TR\/wp-content\/uploads\/2018\/12\/TDV_Logo_1.png","width":207,"height":71,"caption":"T\u00fcrkiye Diyanet Vakf\u0131"},"image":{"@id":"https:\/\/tdv.org\/tr-TR\/#\/schema\/logo\/image\/"},"sameAs":["https:\/\/www.facebook.com\/Diyanetvakfi\/","https:\/\/x.com\/DiyanetVakfi","https:\/\/www.instagram.com\/turkiyediyanetvakfi\/","https:\/\/www.youtube.com\/user\/TurkiyeDiyanetVakfi"]},{"@type":"Person","@id":"https:\/\/tdv.org\/tr-TR\/#\/schema\/person\/8f21f05615f6bcf071bbd5ee8d376a8f","name":"Musa","image":{"@type":"ImageObject","inLanguage":"tr","@id":"https:\/\/tdv.org\/tr-TR\/wp-content\/litespeed\/avatar\/5b7955b12151edf37ee458402c4c6b7f.jpg?ver=1777295996","url":"https:\/\/tdv.org\/tr-TR\/wp-content\/litespeed\/avatar\/5b7955b12151edf37ee458402c4c6b7f.jpg?ver=1777295996","contentUrl":"https:\/\/tdv.org\/tr-TR\/wp-content\/litespeed\/avatar\/5b7955b12151edf37ee458402c4c6b7f.jpg?ver=1777295996","caption":"Musa"},"sameAs":["http:\/\/www.tdv.org"]}]}},"_links":{"self":[{"href":"https:\/\/tdv.org\/tr-TR\/wp-json\/wp\/v2\/posts\/12424","targetHints":{"allow":["GET"]}}],"collection":[{"href":"https:\/\/tdv.org\/tr-TR\/wp-json\/wp\/v2\/posts"}],"about":[{"href":"https:\/\/tdv.org\/tr-TR\/wp-json\/wp\/v2\/types\/post"}],"author":[{"embeddable":true,"href":"https:\/\/tdv.org\/tr-TR\/wp-json\/wp\/v2\/users\/6"}],"replies":[{"embeddable":true,"href":"https:\/\/tdv.org\/tr-TR\/wp-json\/wp\/v2\/comments?post=12424"}],"version-history":[{"count":1,"href":"https:\/\/tdv.org\/tr-TR\/wp-json\/wp\/v2\/posts\/12424\/revisions"}],"predecessor-version":[{"id":29158,"href":"https:\/\/tdv.org\/tr-TR\/wp-json\/wp\/v2\/posts\/12424\/revisions\/29158"}],"wp:featuredmedia":[{"embeddable":true,"href":"https:\/\/tdv.org\/tr-TR\/wp-json\/wp\/v2\/media\/12425"}],"wp:attachment":[{"href":"https:\/\/tdv.org\/tr-TR\/wp-json\/wp\/v2\/media?parent=12424"}],"wp:term":[{"taxonomy":"category","embeddable":true,"href":"https:\/\/tdv.org\/tr-TR\/wp-json\/wp\/v2\/categories?post=12424"},{"taxonomy":"post_tag","embeddable":true,"href":"https:\/\/tdv.org\/tr-TR\/wp-json\/wp\/v2\/tags?post=12424"}],"curies":[{"name":"wp","href":"https:\/\/api.w.org\/{rel}","templated":true}]}}