{"id":12745,"date":"2021-05-20T23:42:51","date_gmt":"2021-05-20T20:42:51","guid":{"rendered":"https:\/\/tdv.org\/tr-TR\/?p=12745"},"modified":"2022-12-14T10:46:53","modified_gmt":"2022-12-14T07:46:53","slug":"diyanetin-ev-sahipliginde-sivil-toplum-kuruluslari-filistin-istisare-toplantisi-yapildi","status":"publish","type":"post","link":"https:\/\/tdv.org\/tr-TR\/diyanetin-ev-sahipliginde-sivil-toplum-kuruluslari-filistin-istisare-toplantisi-yapildi\/","title":{"rendered":"Diyanet\u2019in ev sahipli\u011finde &#8216;Sivil Toplum Kurulu\u015flar\u0131 Filistin \u0130sti\u015fare Toplant\u0131s\u0131\u2019 yap\u0131ld\u0131"},"content":{"rendered":"<p style=\"text-align: justify;\">Diyanet \u0130\u015fleri Ba\u015fkanl\u0131\u011f\u0131 taraf\u0131ndan d\u00fczenlenen &#8216;Sivil Toplum Kurulu\u015flar\u0131 Filistin \u0130sti\u015fare Toplant\u0131s\u0131, Diyanet \u0130\u015fleri Ba\u015fkan\u0131 ve T\u00fcrkiye Diyanet Vakf\u0131 (TDV) M\u00fctevelli Heyeti Ba\u015fkan\u0131 Prof. Dr. Ali Erba\u015f\u2019\u0131n kat\u0131l\u0131m\u0131yla ger\u00e7ekle\u015ftirildi.<\/p>\n<p style=\"text-align: justify;\">Ankara Dini Y\u00fcksek \u0130htisas Merkezi Konferans Salonu\u2019nda ger\u00e7ekle\u015ftirilen toplant\u0131ya, T\u00fcrk K\u0131z\u0131lay\u0131, T\u00fcrk \u0130\u015fbirli\u011fi ve Koordinasyon Ajans\u0131 Ba\u015fkanl\u0131\u011f\u0131 (T\u0130KA), Afet ve Acil Y\u00f6netim Ba\u015fkanl\u0131\u011f\u0131 (AFAD), T\u00fcrkiye Diyanet Vakf\u0131 olmak \u00fczere e\u011fitim faaliyetlerinden sosyal yard\u0131mlara, imar \u00e7al\u0131\u015fmalar\u0131ndan t\u0131bbi desteklere var\u0131ncaya kadar T\u00fcrkiye\u2019de Filistin i\u00e7in faaliyet g\u00f6steren vak\u0131f ve derneklerden temsilciler kat\u0131ld\u0131.<\/p>\n<p style=\"text-align: justify;\">48 STK\u2019dan onlarca temsilcinin kat\u0131ld\u0131\u011f\u0131 programda konu\u015fan Diyanet \u0130\u015fleri Ba\u015fkan\u0131 Erba\u015f, kat\u0131l\u0131mc\u0131lara te\u015fekk\u00fcr ederek, \u201cBug\u00fcn b\u00fcy\u00fck bir mana, asil bir dert ve y\u00fcce bir gaye etraf\u0131nda bir araya geldik. Kud\u00fcs davam\u0131z i\u00e7in yapabileceklerimizi isti\u015fare edece\u011fiz. Y\u00fcce Rabbimden toplant\u0131m\u0131z\u0131n hay\u0131rl\u0131 neticelere vesile olmas\u0131n\u0131 niyaz ediyorum.\u201d dedi.<\/p>\n<p style=\"text-align: justify;\">Kud\u00fcs\u2019\u00fc konu\u015fman\u0131n, bir \u015fehri konu\u015fmaktan \u00f6te insanl\u0131\u011f\u0131n istikbalini, d\u00fcnya bar\u0131\u015f\u0131n\u0131 ve \u0130slam \u00fcmmetinin izzetini konu\u015fmak oldu\u011funu ifade eden Ba\u015fkan Erba\u015f, Kud\u00fcs\u2019te ya\u015fananlar\u0131n, d\u00fcnyan\u0131n efendisi oldu\u011funu zanneden zalim bir ter\u00f6r devletinin bug\u00fcn insanl\u0131k i\u00e7in nas\u0131l bir musibete d\u00f6n\u00fc\u015ft\u00fc\u011f\u00fcn\u00fc g\u00f6sterdi\u011fini kaydetti.<\/p>\n<p style=\"text-align: justify;\"><strong>\u201cFilistin\u2019deki zulm\u00fcn ard\u0131nda sapk\u0131n inan\u00e7lar\u0131n korkun\u00e7 varsay\u0131mlar\u0131 bulunmaktad\u0131r\u201d<\/strong><\/p>\n<p style=\"text-align: justify;\">\u0130\u015fgalcilerin Filistin\u2019de uygulad\u0131klar\u0131 vah\u015fetin sadece zalimce bir siyasetin neticesi olmad\u0131\u011f\u0131n\u0131 belirten Ba\u015fkan Erba\u015f, \u015f\u00f6yle devam etti:<\/p>\n<p style=\"text-align: justify;\">\u201cAyn\u0131 zamanda zul\u00fcm ve i\u015fgalin ard\u0131nda kirli ve sapk\u0131n bir din istismar\u0131n\u0131n da var. Kendisini se\u00e7ilmi\u015f zanneden, yery\u00fcz\u00fcn\u00fc kendi m\u00fclk\u00fc sayan, vaad edilmi\u015f topraklarda cennet hayali kuran insanl\u0131k d\u0131\u015f\u0131 bir inan\u00e7 vard\u0131r. Dolay\u0131s\u0131yla hukuk ve ahlak ad\u0131na s\u00f6ylenen hi\u00e7bir s\u00f6z\u00fcn i\u015fgalciler taraf\u0131ndan \u00f6nemi ve etkisi yoktur.<\/p>\n<p style=\"text-align: justify;\">Bu Yahudili\u011fin kendisi de\u011fildir. Zulme kar\u015f\u0131 \u00e7\u0131kan, insaf ve vicdan sahibi Yahudiler s\u00f6zlerimizin, tepkimizin muhatab\u0131 elbette de\u011fildir. Bu ayr\u0131ma herkes dikkat etmelidir. Muhatab\u0131m\u0131z, d\u00fcnyay\u0131 \u00f6zel m\u00fclk\u00fc zanneden sapk\u0131n siyonist inan\u0131\u015f ve kendince yery\u00fcz\u00fc cenneti i\u00e7in Tanr\u0131y\u0131 k\u0131yamete zorlayan vah\u015fi evanjelist anlay\u0131\u015ft\u0131r.<\/p>\n<p style=\"text-align: justify;\">Daha da vahim olan\u0131 ise, siyonistlerin sapk\u0131n inan\u00e7lar\u0131 ve zul\u00fcm politikalar\u0131, emperyalizmin merkez noktalar\u0131nda kurulan yine bir tak\u0131m sapk\u0131n tarikatlar taraf\u0131ndan gayri ahlak\u00ee gerek\u00e7elerle desteklenmesidir.<\/p>\n<p style=\"text-align: justify;\">Bir dinler ve uygarl\u0131klar tarihi hocas\u0131 olarak sizinle payla\u015fmak isterim ki, Filistin\u2019deki zulm\u00fcn ve d\u00fcnyada kaosa sebep olan emperyalist politikalar\u0131n ard\u0131nda birtak\u0131m sapk\u0131n inan\u00e7lar\u0131n korkun\u00e7 varsay\u0131mlar\u0131 bulunmaktad\u0131r.<\/p>\n<p style=\"text-align: justify;\">Bunlar\u0131 \u015funun i\u00e7in s\u00f6yl\u00fcyorum; \u015fayet sebepleri do\u011fru tespit edemezsek \u00e7\u00f6z\u00fcm daha da zorla\u015facakt\u0131r.\u201d<\/p>\n<p style=\"text-align: justify;\">Allah\u2019\u0131n g\u00f6nderdi\u011fi t\u00fcm kitaplarda ve vahiyde zulm\u00fcn, haks\u0131zl\u0131\u011f\u0131n, cana k\u0131yman\u0131n, yalan\u0131n yasakland\u0131\u011f\u0131n\u0131 ve t\u00fcm Peygamberlerin tevhidin, adaletin, g\u00fczel ahlak\u0131n m\u00fccadelesini yapt\u0131klar\u0131n\u0131 ifade eden Ba\u015fkan Erba\u015f, sapk\u0131nlar\u0131n vahye, mukaddesata kar\u015f\u0131 en b\u00fcy\u00fck tahribat\u0131 ve k\u00f6t\u00fcl\u00fc\u011f\u00fc yapt\u0131klar\u0131n\u0131 kaydetti.<\/p>\n<p style=\"text-align: justify;\"><strong>\u201cKud\u00fcs, \u0130stanbul\u2019un \u00f6z karde\u015fidir\u201d<\/strong><\/p>\n<p style=\"text-align: justify;\">Kud\u00fcs\u2019\u00fcn milletimiz a\u00e7\u0131s\u0131ndan ayr\u0131 bir de\u011ferinin ve \u00f6zel bir anlam\u0131n\u0131n oldu\u011funa i\u015faret eden Ba\u015fkan Erba\u015f, \u201cTarihi s\u00fcrece bakt\u0131\u011f\u0131m\u0131zda milletimizin Kud\u00fcs\u2019e nas\u0131l hizmet etti\u011fini g\u00f6r\u00fcyoruz. Mescid-i Aksa\u2019n\u0131n imar\u0131ndan i\u00e7inin hal\u0131lar\u0131na var\u0131ncaya kadar Anadolu insan\u0131n\u0131n emek ve sevdas\u0131na \u015fahit oluyoruz. Bizler, Kud\u00fcs\u2019e bakt\u0131\u011f\u0131m\u0131zda sadece bir \u015fehir de\u011fil; kendi \u015fanl\u0131 tarihimizin ve merhamet medeniyetimizin foto\u011fraf\u0131n\u0131 g\u00f6r\u00fcyoruz. \u015eehrin temizli\u011finden altyap\u0131s\u0131na, sokaklar\u0131n tanziminden ayd\u0131nlat\u0131lmas\u0131 ve a\u011fa\u00e7land\u0131r\u0131lmas\u0131na kadar bir\u00e7ok alanda ecdad\u0131m\u0131z\u0131n hizmetlerini ve cami, mescid, medrese, imarethane, hamam, \u00e7ar\u015f\u0131, \u00e7e\u015fme, hastane, yetimhane, di\u011fer inan\u00e7lar\u0131n mabetlerine var\u0131ncaya kadar ecdat yadig\u00e2r\u0131 e\u015fsiz eserleri g\u00f6r\u00fcyoruz. Bunun i\u00e7in bizim nazar\u0131m\u0131zda Kud\u00fcs, \u0130stanbul\u2019un \u00f6z karde\u015fidir. Bunun i\u00e7in Kud\u00fcs, ba\u015fkalar\u0131n\u0131n insaf\u0131na terk edilemeyecek kadar de\u011ferli bir \u015fehirdir.\u201d diye konu\u015ftu.<\/p>\n<p style=\"text-align: justify;\"><strong>\u201cKud\u00fcs, topyek\u00fbn insanl\u0131\u011f\u0131n hukuk, ahlak ve vicdan s\u0131nav\u0131d\u0131r\u201d<\/strong><\/p>\n<p style=\"text-align: justify;\">Ba\u015fkan Erba\u015f Kud\u00fcs\u2019\u00fcn, son bir as\u0131rd\u0131r i\u015fgalcilerin elinde h\u00fczn\u00fcn, ac\u0131n\u0131n ve g\u00f6zya\u015f\u0131n\u0131n \u015fehri oldu\u011funu belirterek konu\u015fmas\u0131n\u0131 \u015f\u00f6yle s\u00fcrd\u00fcrd\u00fc:<\/p>\n<p style=\"text-align: justify;\">\u201cM\u00fcsl\u00fcmanlar taraf\u0131ndan idare edilirken emniyetin ve \u015fefkatin en g\u00fczel \u00f6rneklerini, farkl\u0131 din, dil, \u0131rk ve mezheplerin bir arada uyum i\u00e7erisinde ya\u015famas\u0131n\u0131n en nadide tablolar\u0131n\u0131 insanl\u0131\u011fa sunmu\u015f, selam\u0131n, bar\u0131\u015f\u0131n \u015fehri, evi olan Kud\u00fcs, maalesef son bir as\u0131rd\u0131r i\u015fgalcilerin elinde h\u00fczn\u00fcn, ac\u0131n\u0131n ve g\u00f6zya\u015f\u0131n\u0131n \u015fehri olmu\u015ftur. Kud\u00fcs\u2019\u00fcn mek\u00e2nlar\u0131 tarumar edilmi\u015ftir. Filistin halk\u0131n\u0131n t\u00fcm imk\u00e2nlar\u0131na el konulmu\u015f; halk \u00e7e\u015fitli bask\u0131 ve uygulamalarla g\u00f6\u00e7 etmeye zorlanm\u0131\u015ft\u0131r. Bu bilin\u00e7li istila politikalar\u0131 ile d\u00fcnyan\u0131n de\u011fi\u015fik \u00fclkelerinden Yahudiler, -zaman zaman zorlama ve \u015fantajlarla- Filistin topraklar\u0131na ta\u015f\u0131narak Filistin\u2019in demografik yap\u0131s\u0131 tahrip edilmi\u015ftir. \u00dclkenin ger\u00e7ek sahipleri olan Filistinliler, b\u00fct\u00fcn d\u00fcnyan\u0131n g\u00f6zleri \u00f6n\u00fcnde kendi topraklar\u0131nda ak\u0131l almaz bask\u0131lara, i\u015fkencelere ve katliamlara maruz b\u0131rak\u0131lm\u0131\u015ft\u0131r.<\/p>\n<p style=\"text-align: justify;\">Dolay\u0131s\u0131yla bug\u00fcn bask\u0131, zul\u00fcm, i\u015fkence ve katliama maruz kalan mazlumlar\u0131n haklar\u0131n\u0131 korumak, her \u015feyden \u00f6nce herkes i\u00e7in bir insanl\u0131k vazifesidir. Yani Kud\u00fcs, topyek\u00fbn insanl\u0131\u011f\u0131n hukuk, ahlak ve vicdan s\u0131nav\u0131d\u0131r.\u201d<\/p>\n<p style=\"text-align: justify;\"><strong>\u201cKud\u00fcs, bizi vahdete davet ediyor\u201d<\/strong><\/p>\n<p style=\"text-align: justify;\">T\u00fcm \u0130slam d\u00fcnyas\u0131nda b\u00fct\u00fcn m\u00fcmin y\u00fcrekleri birle\u015ftirecek \u00e7al\u0131\u015fmalara h\u0131z verilmesi gerekti\u011finin alt\u0131n\u0131 \u00e7izen Ba\u015fkan Erba\u015f, \u201cKud\u00fcs, bizi vahdete ve her alanda birlikte \u00e7al\u0131\u015fmaya davet ediyor. Kud\u00fcs bilincini en g\u00fc\u00e7l\u00fc hale getirmeliyiz. \u00d6ncelikle M\u00fcsl\u00fcmanlar, sorumluluk sahiplerinin, y\u00f6neticilerinin zulm\u00fcn kar\u015f\u0131s\u0131nda tek y\u00fcrek olarak m\u00fccadele etmesi i\u00e7in gayret etmelidir. Bunu temin etmenin en ideal yollar\u0131n\u0131 hep birlikte aramal\u0131y\u0131z.\u201d \u015feklinde konu\u015ftu.<\/p>\n<p style=\"text-align: justify;\">Ba\u015fkan Erba\u015f, Kud\u00fcs \u00f6zg\u00fcr oluncaya kadar hi\u00e7bir \u00e7al\u0131\u015fman\u0131n yeterli olamayaca\u011f\u0131na vurgu yaparak, \u201cY\u0131llarca Kud\u00fcs ve halk\u0131n\u0131n ya\u015fad\u0131klar\u0131 bize bir kere daha g\u00f6stermi\u015ftir ki \u0130slam \u00fcmmeti m\u00fc\u015fahhas ve kararl\u0131 ad\u0131mlar atmad\u0131k\u00e7a ve ortak tav\u0131r almad\u0131k\u00e7a Kud\u00fcs i\u015fgalden kurtulmayacakt\u0131r. Bu noktada yeg\u00e2ne \u00e7\u00f6z\u00fcm, \u00fcmmetin bir araya gelerek zulme ve i\u015fgale engel olmas\u0131d\u0131r. \u0130slam co\u011frafyas\u0131 olarak g\u00fc\u00e7lerimizi birle\u015ftirdi\u011fimizde, bu g\u00fcc\u00fcn fark\u0131na vard\u0131\u011f\u0131m\u0131zda ve kendimize g\u00fcvendi\u011fimizde \u00fcstesinden gelemeyece\u011fimiz hi\u00e7bir sorun yoktur.\u201d ifadelerini kulland\u0131.<\/p>\n<p style=\"text-align: justify;\">Bug\u00fcn birilerinin mazlum ve M\u00fcsl\u00fcman co\u011frafyalar\u0131 s\u00f6m\u00fcrerek zengin olduklar\u0131n\u0131 kaydeden Ba\u015fkan Erba\u015f, \u201cBu co\u011frafyalar\u0131n insanlar\u0131 aras\u0131na fitne ve tefrika tohumlar\u0131 ekip vek\u00e2let sava\u015flar\u0131 \u00e7\u0131kard\u0131klar\u0131 i\u00e7in ikballerini tahkim etmektedirler. \u00d6yle ise yap\u0131lacak en \u00f6nemli \u015fey, bu co\u011frafyalara beraberce sahip \u00e7\u0131kmakt\u0131r. G\u00fc\u00e7l\u00fc ve m\u00fcreffeh bir \u0130slam d\u00fcnyas\u0131 sadece M\u00fcsl\u00fcmanlar\u0131n de\u011fil ayn\u0131 zamanda b\u00fct\u00fcn insanl\u0131\u011f\u0131n huzur ve g\u00fcvenini de temin edecek; hak, hukuk, adalet, emniyet arayan insanl\u0131\u011f\u0131n vicdan\u0131 ve umudu olacakt\u0131r.\u201d diye konu\u015ftu.<\/p>\n<p style=\"text-align: justify;\"><strong>\u201cZalimler korkakt\u0131r ve sizler d\u00fcnyan\u0131n en korkak canl\u0131lar\u0131s\u0131n\u0131z\u201d<\/strong><\/p>\n<p style=\"text-align: justify;\">Ba\u015fkan Erba\u015f, i\u00e7inde Allah&#8217;\u0131n ad\u0131n\u0131n an\u0131ld\u0131\u011f\u0131 mescitlerden insanlar\u0131 men eden zalimlere, \u00e7ocuk katillerine ve i\u015fgalcilere bir kez daha seslendi\u011fini belirterek, \u201cMasumlar\u0131n kan ve g\u00f6zya\u015f\u0131nda bo\u011fulacaks\u0131n\u0131z. Y\u00fcreklerinizdeki kin ve nefretin mahk\u00fbmu olacaks\u0131n\u0131z. Bug\u00fcn arkas\u0131na sakland\u0131\u011f\u0131n\u0131z g\u00fc\u00e7 odaklar\u0131ndan ald\u0131\u011f\u0131n\u0131z cesaretle uzak g\u00f6rseniz de bir g\u00fcn muhakkak hukukun kar\u015f\u0131s\u0131nda hesap vereceksiniz. Zalimler korkakt\u0131r ve sizler d\u00fcnyan\u0131n en korkak canl\u0131lar\u0131s\u0131n\u0131z. Masum \u00e7ocuklara kar\u015f\u0131 silah kullanman\u0131z al\u00e7akl\u0131\u011f\u0131n\u0131z yan\u0131nda, korkakl\u0131\u011f\u0131n\u0131z\u0131n da d\u00fcnyaya ilan\u0131d\u0131r.\u201d ifadelerini kulland\u0131.<\/p>\n<p style=\"text-align: justify;\">G\u00f6zlerini ve vicdanlar\u0131n\u0131 ger\u00e7eklere kapatan, ya\u015fananlar\u0131 g\u00f6rmemek ad\u0131na kendilerini karanl\u0131\u011fa mahk\u00fbm eden insanl\u0131\u011fa seslendi\u011fini ifade eden Ba\u015fkan Erba\u015f, \u201cYarat\u0131c\u0131\u2019n\u0131n insana bah\u015fetti\u011fi en b\u00fcy\u00fck nimetlerden biri vicdand\u0131r. \u0130nsan vicdan\u0131yla insand\u0131r. Vicdan\u0131n \u0131rk\u0131, rengi ve co\u011frafyas\u0131 olmaz. Sizi vicdan\u0131n\u0131z\u0131 yoklamaya ve onun sesini dinlemeye \u00e7a\u011f\u0131r\u0131yorum.\u201d \u015feklinde konu\u015ftu.<\/p>\n<p style=\"text-align: justify;\"><strong>\u201cFilistin\u2019de masum insanlar, kad\u0131nlar, \u00e7ocuklar \u00f6ld\u00fcr\u00fcl\u00fcrken sesiniz niye \u00e7\u0131km\u0131yor?\u201d<\/strong><\/p>\n<p style=\"text-align: justify;\">Uluslararas\u0131 kurumlara ve \u00f6rg\u00fctlere de seslenen Ba\u015fkan Erba\u015f, \u015funlar\u0131 s\u00f6yledi:<\/p>\n<p style=\"text-align: justify;\">\u201cBuradan, evrensel ilkeler ve prensipler \u00fczerine var olduklar\u0131n\u0131 s\u00f6yleyen, hukukun teminat\u0131 olduklar\u0131n\u0131 iddia ederek her durumda s\u00fcrekli konu\u015fan uluslararas\u0131 kurumlar ve \u00f6rg\u00fctlere sesleniyorum. Filistin\u2019de masum insanlar, kad\u0131nlar, \u00e7ocuklar \u00f6ld\u00fcr\u00fcl\u00fcrken sesiniz niye \u00e7\u0131km\u0131yor? Sizleri bu duruma kay\u0131ts\u0131z k\u0131lan \u00f6lenlerin M\u00fcsl\u00fcman olmas\u0131 m\u0131d\u0131r? \u015eayet sebep bu ise sizleri M\u00fcsl\u00fcmanlar\u0131n merhamet ve adalet y\u00fckl\u00fc tarihlerini ara\u015ft\u0131rmaya ve incelemeye davet ediyorum. Zira \u0130slam\u2019a kar\u015f\u0131 bir art niyetiniz ve d\u00fc\u015fmanl\u0131\u011f\u0131n\u0131z yoksa tam anlam\u0131yla \u00f6\u011fretilmi\u015f bir cehalet i\u00e7erisindesiniz demektir.<\/p>\n<p style=\"text-align: justify;\">Bu duyars\u0131z tavr\u0131n\u0131zla insanl\u0131\u011f\u0131n ve \u00f6zellikle de M\u00fcsl\u00fcmanlar\u0131n indinde t\u00fcm inand\u0131r\u0131c\u0131l\u0131\u011f\u0131n\u0131z\u0131 yitirmektesiniz. \u0130slam co\u011frafyalar\u0131nda ya\u015fanan zul\u00fcmleri g\u00f6rmezden gelerek uygulad\u0131\u011f\u0131n\u0131z \u00e7ifte standart, savundu\u011funuzu s\u00f6yledi\u011finiz t\u00fcm evrensel de\u011ferleri yerle bir etmektedir.\u201d<\/p>\n<p style=\"text-align: justify;\"><strong>\u201cMazlumlara umut olmaya devam edece\u011fiz\u201d<\/strong><\/p>\n<p style=\"text-align: justify;\">Ba\u015fkan Erba\u015f, d\u00fcn oldu\u011fu gibi bug\u00fcn de hakk\u0131n, hakl\u0131n\u0131n ve mazlumun yan\u0131nda olmaya, zalimin ise kar\u015f\u0131s\u0131nda durmaya, mazlumlara umut olmaya devam edeceklerini belirtti.<\/p>\n<p style=\"text-align: justify;\">T\u00fcrkiye&#8217;nin kurum, kurulu\u015f ve sivil toplum kurulu\u015flar\u0131yla her daim Filistin halk\u0131n\u0131n yan\u0131nda oldu\u011funu ve olmaya devam edece\u011fini vurgulayan Ba\u015fkan Erba\u015f, t\u00fcm \u0130slam co\u011frafyas\u0131ndan \u00e7e\u015fitli sivil toplum kurulu\u015flar\u0131n\u0131n zulme kar\u015f\u0131 durmak ve mazlumlar\u0131n yaralar\u0131n\u0131 sarmak i\u00e7in b\u00fcy\u00fck bir \u00e7aba sarf etti\u011fi de\u011ferlendirmesinde bulundu.<\/p>\n<p style=\"text-align: justify;\">Ba\u015fkan Erba\u015f, Kud\u00fcs\u2019e bar\u0131\u015f\u0131n gelmesi i\u00e7in yap\u0131lacaklar\u0131n ve yap\u0131lmas\u0131 gerekenlerin, yap\u0131lanlardan daha fazla oldu\u011funa dikkat \u00e7ekerek, bu anlay\u0131\u015fla \u00e7al\u0131\u015fmalar\u0131 daha da art\u0131rmak gerekti\u011fini kaydetti.<\/p>\n<p style=\"text-align: justify;\"><strong>\u201cKud\u00fcs, ilelebet Filistin\u2019in ba\u015fkenti olarak kalacakt\u0131r\u201d<\/strong><\/p>\n<p style=\"text-align: justify;\">Ba\u015fkan Erba\u015f, \u0130slam d\u00fcnyas\u0131 d\u0131\u015f\u0131ndan da bir\u00e7ok sivil toplum \u00f6rg\u00fct\u00fcn\u00fcn, vicdan sahibi insanlar\u0131n, Yahudilerin, Hristiyanlar\u0131n ve farkl\u0131 din mensuplar\u0131n\u0131n, akademisyenlerin, aktivistlerin, sanat\u00e7\u0131lar\u0131n ve siyaset\u00e7ilerin i\u015fgalci ter\u00f6r devletine tepki g\u00f6stermesinin, barbarl\u0131\u011f\u0131n ve ter\u00f6r\u00fcn kar\u015f\u0131s\u0131nda durarak Filistinli mazlumlar\u0131n yan\u0131nda yer almas\u0131n\u0131n umut ve memnuniyet verici oldu\u011funu ifade ederek, \u201c\u0130nsanl\u0131\u011f\u0131n vicdan sesi olan bu insanlara buradan takdirlerimi iletiyorum. Siyonist zihniyetin zulm\u00fcne ve katliamlar\u0131na kar\u015f\u0131 bu onurlu ve insan\u00ee duru\u015flar\u0131ndan dolay\u0131 onlar\u0131 tebrik ediyorum. \u0130nan\u0131yorum ki bu duru\u015fu g\u00fc\u00e7lendirerek insanl\u0131\u011f\u0131n vicdan\u0131n\u0131 topyek\u00fbn harekete ge\u00e7irdi\u011fimizde zulm\u00fcn \u00f6n\u00fcne ge\u00e7ilecektir. Dolay\u0131s\u0131yla hep beraber d\u00fcnyan\u0131n her yerinde adaletin yan\u0131nda ve zulm\u00fcn kar\u015f\u0131s\u0131nda olan y\u00fcrekleri birle\u015ftirmek ve g\u00fc\u00e7lendirmek i\u00e7in \u00e7al\u0131\u015fmalar yapaca\u011f\u0131z in\u015fallah. Elbette niha\u00ee zafer daima iyilerin olacakt\u0131r. Kud\u00fcs, ilelebet Filistin\u2019in ba\u015fkenti olarak kalacakt\u0131r.\u201d \u015feklinde konu\u015ftu.<\/p>\n<p style=\"text-align: justify;\"><strong>\u201c\u0130\u015fbirli\u011fi ve koordinasyon sa\u011flanmas\u0131, m\u00fccadelemizi daha da g\u00fc\u00e7lendirecektir\u201d<\/strong><\/p>\n<p style=\"text-align: justify;\">Filistin halk\u0131na yap\u0131lan sald\u0131r\u0131lar\u0131n d\u00fcnya kamuoyunda daha fazla duyurulmas\u0131 konusunda ba\u015fta STK\u2019lar olmak \u00fczere t\u00fcm ki\u015fi ve kurumlar\u0131n i\u015fbirli\u011fi i\u00e7erisinde hareket etmesinin elzem oldu\u011funu belirten Ba\u015fkan Erba\u015f, \u015funlar\u0131 s\u00f6yledi:<\/p>\n<p style=\"text-align: justify;\">\u201c\u00dclkemiz merkezli STK\u2019lar\u0131n ve Filistin\u2019e destek sa\u011flayan t\u00fcm kurum ve kurulu\u015flar\u0131n aralar\u0131nda i\u015fbirli\u011fi ve koordinasyon sa\u011flanmas\u0131, m\u00fccadelemizi daha da g\u00fc\u00e7lendirecektir in\u015fallah. Bu ba\u011flamda bir koordinasyon grubunun olu\u015fturulmas\u0131, i\u015f birli\u011fimizi kolayla\u015ft\u0131racakt\u0131r. B\u00f6ylece zulme kar\u015f\u0131 m\u00fccadele tahkim edilmi\u015f olacak ve insanl\u0131\u011f\u0131 zalimlere kar\u015f\u0131 harekete ge\u00e7irme faaliyetleri daha da ivme kazanacakt\u0131r. Ayn\u0131 \u015fekilde e\u011fitim faaliyetlerinden sosyal yard\u0131mlara, imar \u00e7al\u0131\u015fmalar\u0131ndan t\u0131bbi desteklere kadar her alanda Filistin i\u00e7in yap\u0131lan \u00e7al\u0131\u015fmalar ihtiya\u00e7 odakl\u0131, birbirimizden haberdar olarak daha organize, daha d\u00fczenli, daha kolay ve daha faydal\u0131 hale gelebilecektir. Bug\u00fcn burada bu hususlar\u0131 etrafl\u0131ca m\u00fczakere edece\u011fiz. Desteklerimizi nas\u0131l en g\u00fc\u00e7l\u00fc hale getirebilece\u011fimizi konu\u015faca\u011f\u0131z. \u0130nan\u0131yorum ki bu bulu\u015fmam\u0131zdan, bu \u00e7al\u0131\u015fmam\u0131zdan h\u00e2s\u0131l olacak kararlar\u0131n, kadim \u015fehrimiz Kud\u00fcs\u2019\u00fcn ve karde\u015f \u00fclkemiz Filistin\u2019in yar\u0131nlar\u0131na dair \u00f6nemli sonu\u00e7lar\u0131 olacakt\u0131r.\u201d<\/p>\n<p style=\"text-align: justify;\">Davete icabet eden kurumlara, STK temsilcilerine te\u015fekk\u00fcr eden Ba\u015fkan Erba\u015f, konu\u015fmas\u0131n\u0131 \u015f\u00f6yle bitirdi:<\/p>\n<p style=\"text-align: justify;\">\u201cHer t\u00fcrl\u00fc i\u015fgal ve zulme ra\u011fmen y\u0131llard\u0131r Mescid-i Aksa\u2019n\u0131n muhaf\u0131zl\u0131\u011f\u0131n\u0131 yapan Filistinli mazlum M\u00fcsl\u00fcmanlar\u0131n yan\u0131nda oldu\u011fumuzu ve onlara her t\u00fcrl\u00fc deste\u011fi sunmaya devam edece\u011fimizi bir kez daha ifade ediyorum.<\/p>\n<p style=\"text-align: justify;\">Mescid-i Aksa, Kud\u00fcs ve \u00e7evresinde ya\u015fayan M\u00fcsl\u00fcmanlar ba\u015fta olmak \u00fczere b\u00fct\u00fcn d\u00fcnyada zul\u00fcm ve i\u015fkence g\u00f6ren karde\u015flerimizin bir an \u00f6nce huzur ve felaha ermelerini diliyor; kudreti, nusreti ve inayetiyle bizleri teyit etmesini Y\u00fcce Rabbimizden niyaz ediyorum.\u201d<\/p>\n\n\t\t<style type=\"text\/css\">\n\t\t\t#gallery-1 {\n\t\t\t\tmargin: auto;\n\t\t\t}\n\t\t\t#gallery-1 .gallery-item {\n\t\t\t\tfloat: left;\n\t\t\t\tmargin-top: 10px;\n\t\t\t\ttext-align: center;\n\t\t\t\twidth: 33%;\n\t\t\t}\n\t\t\t#gallery-1 img {\n\t\t\t\tborder: 2px solid #cfcfcf;\n\t\t\t}\n\t\t\t#gallery-1 .gallery-caption {\n\t\t\t\tmargin-left: 0;\n\t\t\t}\n\t\t\t\/* see gallery_shortcode() in wp-includes\/media.php *\/\n\t\t<\/style>\n\t\t<div id='gallery-1' class='gallery galleryid-12745 gallery-columns-3 gallery-size-thumbnail'><dl class='gallery-item'>\n\t\t\t<dt class='gallery-icon landscape'>\n\t\t\t\t<a href='https:\/\/tdv.org\/tr-TR\/wp-content\/uploads\/2021\/05\/baskanlik1.jpg'><img decoding=\"async\" width=\"150\" height=\"150\" src=\"https:\/\/tdv.org\/tr-TR\/wp-content\/uploads\/2021\/05\/baskanlik1-150x150.jpg\" class=\"attachment-thumbnail size-thumbnail\" alt=\"\" srcset=\"https:\/\/tdv.org\/tr-TR\/wp-content\/uploads\/2021\/05\/baskanlik1-150x150.jpg 150w, https:\/\/tdv.org\/tr-TR\/wp-content\/uploads\/2021\/05\/baskanlik1-100x100.jpg 100w, https:\/\/tdv.org\/tr-TR\/wp-content\/uploads\/2021\/05\/baskanlik1-140x140.jpg 140w, https:\/\/tdv.org\/tr-TR\/wp-content\/uploads\/2021\/05\/baskanlik1-500x500.jpg 500w, https:\/\/tdv.org\/tr-TR\/wp-content\/uploads\/2021\/05\/baskanlik1-350x350.jpg 350w, https:\/\/tdv.org\/tr-TR\/wp-content\/uploads\/2021\/05\/baskanlik1-800x800.jpg 800w\" sizes=\"(max-width: 150px) 100vw, 150px\" \/><\/a>\n\t\t\t<\/dt><\/dl><dl class='gallery-item'>\n\t\t\t<dt class='gallery-icon landscape'>\n\t\t\t\t<a href='https:\/\/tdv.org\/tr-TR\/wp-content\/uploads\/2021\/05\/baskanlik2.jpg'><img decoding=\"async\" width=\"150\" height=\"150\" src=\"https:\/\/tdv.org\/tr-TR\/wp-content\/uploads\/2021\/05\/baskanlik2-150x150.jpg\" class=\"attachment-thumbnail size-thumbnail\" alt=\"\" srcset=\"https:\/\/tdv.org\/tr-TR\/wp-content\/uploads\/2021\/05\/baskanlik2-150x150.jpg 150w, https:\/\/tdv.org\/tr-TR\/wp-content\/uploads\/2021\/05\/baskanlik2-100x100.jpg 100w, https:\/\/tdv.org\/tr-TR\/wp-content\/uploads\/2021\/05\/baskanlik2-140x140.jpg 140w, https:\/\/tdv.org\/tr-TR\/wp-content\/uploads\/2021\/05\/baskanlik2-500x500.jpg 500w, https:\/\/tdv.org\/tr-TR\/wp-content\/uploads\/2021\/05\/baskanlik2-350x350.jpg 350w, https:\/\/tdv.org\/tr-TR\/wp-content\/uploads\/2021\/05\/baskanlik2-800x800.jpg 800w\" sizes=\"(max-width: 150px) 100vw, 150px\" \/><\/a>\n\t\t\t<\/dt><\/dl>\n\t\t\t<br style='clear: both' \/>\n\t\t<\/div>\n\n","protected":false},"excerpt":{"rendered":"<p>Diyanet \u0130\u015fleri Ba\u015fkanl\u0131\u011f\u0131 taraf\u0131ndan d\u00fczenlenen &#8216;Sivil Toplum Kurulu\u015flar\u0131 Filistin \u0130sti\u015fare Toplant\u0131s\u0131, Diyanet \u0130\u015fleri Ba\u015fkan\u0131 ve T\u00fcrkiye Diyanet Vakf\u0131 (TDV) M\u00fctevelli Heyeti Ba\u015fkan\u0131 Prof. Dr. Ali Erba\u015f\u2019\u0131n kat\u0131l\u0131m\u0131yla ger\u00e7ekle\u015ftirildi. Ankara Dini&#8230;<\/p>\n","protected":false},"author":6,"featured_media":12747,"comment_status":"open","ping_status":"closed","sticky":false,"template":"","format":"standard","meta":{"footnotes":""},"categories":[1],"tags":[110,1301,1302,1046],"class_list":{"0":"post-12745","1":"post","2":"type-post","3":"status-publish","4":"format-standard","5":"has-post-thumbnail","7":"category-haberler","8":"tag-filistin","9":"tag-filistin-istisare-toplantisi","10":"tag-istisare","11":"tag-toplanti"},"yoast_head":"<!-- This site is optimized with the Yoast SEO plugin v27.4 - https:\/\/yoast.com\/product\/yoast-seo-wordpress\/ -->\n<title>Diyanet\u2019in ev sahipli\u011finde &#039;Sivil Toplum Kurulu\u015flar\u0131 Filistin \u0130sti\u015fare Toplant\u0131s\u0131\u2019 yap\u0131ld\u0131<\/title>\n<meta name=\"description\" content=\"Diyanet \u0130\u015fleri Ba\u015fkanl\u0131\u011f\u0131 taraf\u0131ndan d\u00fczenlenen &#039;Sivil Toplum Kurulu\u015flar\u0131 Filistin \u0130sti\u015fare Toplant\u0131s\u0131, Diyanet \u0130\u015fleri Ba\u015fkan\u0131 ve T\u00fcrkiye Diyanet Vakf\u0131 (TDV) M\u00fctevelli Heyeti Ba\u015fkan\u0131 Prof. Dr. Ali Erba\u015f\u2019\u0131n kat\u0131l\u0131m\u0131yla ger\u00e7ekle\u015ftirildi.\" \/>\n<meta name=\"robots\" content=\"index, follow, max-snippet:-1, max-image-preview:large, max-video-preview:-1\" \/>\n<link rel=\"canonical\" href=\"https:\/\/tdv.org\/tr-TR\/diyanetin-ev-sahipliginde-sivil-toplum-kuruluslari-filistin-istisare-toplantisi-yapildi\/\" \/>\n<meta property=\"og:locale\" content=\"tr_TR\" \/>\n<meta property=\"og:type\" content=\"article\" \/>\n<meta property=\"og:title\" content=\"Diyanet\u2019in ev sahipli\u011finde &#039;Sivil Toplum Kurulu\u015flar\u0131 Filistin \u0130sti\u015fare Toplant\u0131s\u0131\u2019 yap\u0131ld\u0131\" \/>\n<meta property=\"og:description\" content=\"Diyanet \u0130\u015fleri Ba\u015fkanl\u0131\u011f\u0131 taraf\u0131ndan d\u00fczenlenen &#039;Sivil Toplum Kurulu\u015flar\u0131 Filistin \u0130sti\u015fare Toplant\u0131s\u0131, Diyanet \u0130\u015fleri Ba\u015fkan\u0131 ve T\u00fcrkiye Diyanet Vakf\u0131 (TDV) M\u00fctevelli Heyeti Ba\u015fkan\u0131 Prof. Dr. Ali Erba\u015f\u2019\u0131n kat\u0131l\u0131m\u0131yla ger\u00e7ekle\u015ftirildi.\" \/>\n<meta property=\"og:url\" content=\"https:\/\/tdv.org\/tr-TR\/diyanetin-ev-sahipliginde-sivil-toplum-kuruluslari-filistin-istisare-toplantisi-yapildi\/\" \/>\n<meta property=\"og:site_name\" content=\"T\u00fcrkiye Diyanet Vakf\u0131 Resmi Web Sitesi\" \/>\n<meta property=\"article:publisher\" content=\"https:\/\/www.facebook.com\/Diyanetvakfi\/\" \/>\n<meta property=\"article:published_time\" content=\"2021-05-20T20:42:51+00:00\" \/>\n<meta property=\"article:modified_time\" content=\"2022-12-14T07:46:53+00:00\" \/>\n<meta property=\"og:image\" content=\"https:\/\/tdv.org\/tr-TR\/wp-content\/uploads\/2021\/05\/baskanlik2.jpg\" \/>\n\t<meta property=\"og:image:width\" content=\"1200\" \/>\n\t<meta property=\"og:image:height\" content=\"800\" \/>\n\t<meta property=\"og:image:type\" content=\"image\/jpeg\" \/>\n<meta name=\"author\" content=\"Musa\" \/>\n<meta name=\"twitter:card\" content=\"summary_large_image\" \/>\n<meta name=\"twitter:creator\" content=\"@DiyanetVakfi\" \/>\n<meta name=\"twitter:site\" content=\"@DiyanetVakfi\" \/>\n<script type=\"application\/ld+json\" class=\"yoast-schema-graph\">{\"@context\":\"https:\\\/\\\/schema.org\",\"@graph\":[{\"@type\":\"Article\",\"@id\":\"https:\\\/\\\/tdv.org\\\/tr-TR\\\/diyanetin-ev-sahipliginde-sivil-toplum-kuruluslari-filistin-istisare-toplantisi-yapildi\\\/#article\",\"isPartOf\":{\"@id\":\"https:\\\/\\\/tdv.org\\\/tr-TR\\\/diyanetin-ev-sahipliginde-sivil-toplum-kuruluslari-filistin-istisare-toplantisi-yapildi\\\/\"},\"author\":{\"name\":\"Musa\",\"@id\":\"https:\\\/\\\/tdv.org\\\/tr-TR\\\/#\\\/schema\\\/person\\\/8f21f05615f6bcf071bbd5ee8d376a8f\"},\"headline\":\"Diyanet\u2019in ev sahipli\u011finde &#8216;Sivil Toplum Kurulu\u015flar\u0131 Filistin \u0130sti\u015fare Toplant\u0131s\u0131\u2019 yap\u0131ld\u0131\",\"datePublished\":\"2021-05-20T20:42:51+00:00\",\"dateModified\":\"2022-12-14T07:46:53+00:00\",\"mainEntityOfPage\":{\"@id\":\"https:\\\/\\\/tdv.org\\\/tr-TR\\\/diyanetin-ev-sahipliginde-sivil-toplum-kuruluslari-filistin-istisare-toplantisi-yapildi\\\/\"},\"wordCount\":2415,\"commentCount\":0,\"publisher\":{\"@id\":\"https:\\\/\\\/tdv.org\\\/tr-TR\\\/#organization\"},\"image\":{\"@id\":\"https:\\\/\\\/tdv.org\\\/tr-TR\\\/diyanetin-ev-sahipliginde-sivil-toplum-kuruluslari-filistin-istisare-toplantisi-yapildi\\\/#primaryimage\"},\"thumbnailUrl\":\"https:\\\/\\\/tdv.org\\\/tr-TR\\\/wp-content\\\/uploads\\\/2021\\\/05\\\/baskanlik2.jpg\",\"keywords\":[\"filistin\",\"Filistin \u0130sti\u015fare Toplant\u0131s\u0131\",\"isti\u015fare\",\"toplant\u0131\"],\"articleSection\":[\"Haberler\"],\"inLanguage\":\"tr\",\"potentialAction\":[{\"@type\":\"CommentAction\",\"name\":\"Comment\",\"target\":[\"https:\\\/\\\/tdv.org\\\/tr-TR\\\/diyanetin-ev-sahipliginde-sivil-toplum-kuruluslari-filistin-istisare-toplantisi-yapildi\\\/#respond\"]}]},{\"@type\":\"WebPage\",\"@id\":\"https:\\\/\\\/tdv.org\\\/tr-TR\\\/diyanetin-ev-sahipliginde-sivil-toplum-kuruluslari-filistin-istisare-toplantisi-yapildi\\\/\",\"url\":\"https:\\\/\\\/tdv.org\\\/tr-TR\\\/diyanetin-ev-sahipliginde-sivil-toplum-kuruluslari-filistin-istisare-toplantisi-yapildi\\\/\",\"name\":\"Diyanet\u2019in ev sahipli\u011finde 'Sivil Toplum Kurulu\u015flar\u0131 Filistin \u0130sti\u015fare Toplant\u0131s\u0131\u2019 yap\u0131ld\u0131\",\"isPartOf\":{\"@id\":\"https:\\\/\\\/tdv.org\\\/tr-TR\\\/#website\"},\"primaryImageOfPage\":{\"@id\":\"https:\\\/\\\/tdv.org\\\/tr-TR\\\/diyanetin-ev-sahipliginde-sivil-toplum-kuruluslari-filistin-istisare-toplantisi-yapildi\\\/#primaryimage\"},\"image\":{\"@id\":\"https:\\\/\\\/tdv.org\\\/tr-TR\\\/diyanetin-ev-sahipliginde-sivil-toplum-kuruluslari-filistin-istisare-toplantisi-yapildi\\\/#primaryimage\"},\"thumbnailUrl\":\"https:\\\/\\\/tdv.org\\\/tr-TR\\\/wp-content\\\/uploads\\\/2021\\\/05\\\/baskanlik2.jpg\",\"datePublished\":\"2021-05-20T20:42:51+00:00\",\"dateModified\":\"2022-12-14T07:46:53+00:00\",\"description\":\"Diyanet \u0130\u015fleri Ba\u015fkanl\u0131\u011f\u0131 taraf\u0131ndan d\u00fczenlenen 'Sivil Toplum Kurulu\u015flar\u0131 Filistin \u0130sti\u015fare Toplant\u0131s\u0131, Diyanet \u0130\u015fleri Ba\u015fkan\u0131 ve T\u00fcrkiye Diyanet Vakf\u0131 (TDV) M\u00fctevelli Heyeti Ba\u015fkan\u0131 Prof. Dr. Ali Erba\u015f\u2019\u0131n kat\u0131l\u0131m\u0131yla ger\u00e7ekle\u015ftirildi.\",\"breadcrumb\":{\"@id\":\"https:\\\/\\\/tdv.org\\\/tr-TR\\\/diyanetin-ev-sahipliginde-sivil-toplum-kuruluslari-filistin-istisare-toplantisi-yapildi\\\/#breadcrumb\"},\"inLanguage\":\"tr\",\"potentialAction\":[{\"@type\":\"ReadAction\",\"target\":[\"https:\\\/\\\/tdv.org\\\/tr-TR\\\/diyanetin-ev-sahipliginde-sivil-toplum-kuruluslari-filistin-istisare-toplantisi-yapildi\\\/\"]}]},{\"@type\":\"ImageObject\",\"inLanguage\":\"tr\",\"@id\":\"https:\\\/\\\/tdv.org\\\/tr-TR\\\/diyanetin-ev-sahipliginde-sivil-toplum-kuruluslari-filistin-istisare-toplantisi-yapildi\\\/#primaryimage\",\"url\":\"https:\\\/\\\/tdv.org\\\/tr-TR\\\/wp-content\\\/uploads\\\/2021\\\/05\\\/baskanlik2.jpg\",\"contentUrl\":\"https:\\\/\\\/tdv.org\\\/tr-TR\\\/wp-content\\\/uploads\\\/2021\\\/05\\\/baskanlik2.jpg\",\"width\":1200,\"height\":800},{\"@type\":\"BreadcrumbList\",\"@id\":\"https:\\\/\\\/tdv.org\\\/tr-TR\\\/diyanetin-ev-sahipliginde-sivil-toplum-kuruluslari-filistin-istisare-toplantisi-yapildi\\\/#breadcrumb\",\"itemListElement\":[{\"@type\":\"ListItem\",\"position\":1,\"name\":\"Anasayfa\",\"item\":\"https:\\\/\\\/tdv.org\\\/tr-TR\\\/\"},{\"@type\":\"ListItem\",\"position\":2,\"name\":\"Diyanet\u2019in ev sahipli\u011finde &#8216;Sivil Toplum Kurulu\u015flar\u0131 Filistin \u0130sti\u015fare Toplant\u0131s\u0131\u2019 yap\u0131ld\u0131\"}]},{\"@type\":\"WebSite\",\"@id\":\"https:\\\/\\\/tdv.org\\\/tr-TR\\\/#website\",\"url\":\"https:\\\/\\\/tdv.org\\\/tr-TR\\\/\",\"name\":\"T\u00fcrkiye Diyanet Vakf\u0131 Resmi Web Sitesi\",\"description\":\"Yery\u00fcz\u00fcnde iyilik egemen oluncaya kadar\",\"publisher\":{\"@id\":\"https:\\\/\\\/tdv.org\\\/tr-TR\\\/#organization\"},\"alternateName\":\"T\u00fcrkiye Diyanet Vakf\u0131\",\"potentialAction\":[{\"@type\":\"SearchAction\",\"target\":{\"@type\":\"EntryPoint\",\"urlTemplate\":\"https:\\\/\\\/tdv.org\\\/tr-TR\\\/?s={search_term_string}\"},\"query-input\":{\"@type\":\"PropertyValueSpecification\",\"valueRequired\":true,\"valueName\":\"search_term_string\"}}],\"inLanguage\":\"tr\"},{\"@type\":\"Organization\",\"@id\":\"https:\\\/\\\/tdv.org\\\/tr-TR\\\/#organization\",\"name\":\"T\u00fcrkiye Diyanet Vakf\u0131\",\"alternateName\":\"T\u00fcrkiye Diyanet Vakf\u0131\",\"url\":\"https:\\\/\\\/tdv.org\\\/tr-TR\\\/\",\"logo\":{\"@type\":\"ImageObject\",\"inLanguage\":\"tr\",\"@id\":\"https:\\\/\\\/tdv.org\\\/tr-TR\\\/#\\\/schema\\\/logo\\\/image\\\/\",\"url\":\"https:\\\/\\\/tdv.org\\\/tr-TR\\\/wp-content\\\/uploads\\\/2018\\\/12\\\/TDV_Logo_1.png\",\"contentUrl\":\"https:\\\/\\\/tdv.org\\\/tr-TR\\\/wp-content\\\/uploads\\\/2018\\\/12\\\/TDV_Logo_1.png\",\"width\":207,\"height\":71,\"caption\":\"T\u00fcrkiye Diyanet Vakf\u0131\"},\"image\":{\"@id\":\"https:\\\/\\\/tdv.org\\\/tr-TR\\\/#\\\/schema\\\/logo\\\/image\\\/\"},\"sameAs\":[\"https:\\\/\\\/www.facebook.com\\\/Diyanetvakfi\\\/\",\"https:\\\/\\\/x.com\\\/DiyanetVakfi\",\"https:\\\/\\\/www.instagram.com\\\/turkiyediyanetvakfi\\\/\",\"https:\\\/\\\/www.youtube.com\\\/user\\\/TurkiyeDiyanetVakfi\"]},{\"@type\":\"Person\",\"@id\":\"https:\\\/\\\/tdv.org\\\/tr-TR\\\/#\\\/schema\\\/person\\\/8f21f05615f6bcf071bbd5ee8d376a8f\",\"name\":\"Musa\",\"image\":{\"@type\":\"ImageObject\",\"inLanguage\":\"tr\",\"@id\":\"https:\\\/\\\/tdv.org\\\/tr-TR\\\/wp-content\\\/litespeed\\\/avatar\\\/5b7955b12151edf37ee458402c4c6b7f.jpg?ver=1776690577\",\"url\":\"https:\\\/\\\/tdv.org\\\/tr-TR\\\/wp-content\\\/litespeed\\\/avatar\\\/5b7955b12151edf37ee458402c4c6b7f.jpg?ver=1776690577\",\"contentUrl\":\"https:\\\/\\\/tdv.org\\\/tr-TR\\\/wp-content\\\/litespeed\\\/avatar\\\/5b7955b12151edf37ee458402c4c6b7f.jpg?ver=1776690577\",\"caption\":\"Musa\"},\"sameAs\":[\"http:\\\/\\\/www.tdv.org\"]}]}<\/script>\n<!-- \/ Yoast SEO plugin. -->","yoast_head_json":{"title":"Diyanet\u2019in ev sahipli\u011finde 'Sivil Toplum Kurulu\u015flar\u0131 Filistin \u0130sti\u015fare Toplant\u0131s\u0131\u2019 yap\u0131ld\u0131","description":"Diyanet \u0130\u015fleri Ba\u015fkanl\u0131\u011f\u0131 taraf\u0131ndan d\u00fczenlenen 'Sivil Toplum Kurulu\u015flar\u0131 Filistin \u0130sti\u015fare Toplant\u0131s\u0131, Diyanet \u0130\u015fleri Ba\u015fkan\u0131 ve T\u00fcrkiye Diyanet Vakf\u0131 (TDV) M\u00fctevelli Heyeti Ba\u015fkan\u0131 Prof. Dr. Ali Erba\u015f\u2019\u0131n kat\u0131l\u0131m\u0131yla ger\u00e7ekle\u015ftirildi.","robots":{"index":"index","follow":"follow","max-snippet":"max-snippet:-1","max-image-preview":"max-image-preview:large","max-video-preview":"max-video-preview:-1"},"canonical":"https:\/\/tdv.org\/tr-TR\/diyanetin-ev-sahipliginde-sivil-toplum-kuruluslari-filistin-istisare-toplantisi-yapildi\/","og_locale":"tr_TR","og_type":"article","og_title":"Diyanet\u2019in ev sahipli\u011finde 'Sivil Toplum Kurulu\u015flar\u0131 Filistin \u0130sti\u015fare Toplant\u0131s\u0131\u2019 yap\u0131ld\u0131","og_description":"Diyanet \u0130\u015fleri Ba\u015fkanl\u0131\u011f\u0131 taraf\u0131ndan d\u00fczenlenen 'Sivil Toplum Kurulu\u015flar\u0131 Filistin \u0130sti\u015fare Toplant\u0131s\u0131, Diyanet \u0130\u015fleri Ba\u015fkan\u0131 ve T\u00fcrkiye Diyanet Vakf\u0131 (TDV) M\u00fctevelli Heyeti Ba\u015fkan\u0131 Prof. Dr. Ali Erba\u015f\u2019\u0131n kat\u0131l\u0131m\u0131yla ger\u00e7ekle\u015ftirildi.","og_url":"https:\/\/tdv.org\/tr-TR\/diyanetin-ev-sahipliginde-sivil-toplum-kuruluslari-filistin-istisare-toplantisi-yapildi\/","og_site_name":"T\u00fcrkiye Diyanet Vakf\u0131 Resmi Web Sitesi","article_publisher":"https:\/\/www.facebook.com\/Diyanetvakfi\/","article_published_time":"2021-05-20T20:42:51+00:00","article_modified_time":"2022-12-14T07:46:53+00:00","og_image":[{"width":1200,"height":800,"url":"https:\/\/tdv.org\/tr-TR\/wp-content\/uploads\/2021\/05\/baskanlik2.jpg","type":"image\/jpeg"}],"author":"Musa","twitter_card":"summary_large_image","twitter_creator":"@DiyanetVakfi","twitter_site":"@DiyanetVakfi","schema":{"@context":"https:\/\/schema.org","@graph":[{"@type":"Article","@id":"https:\/\/tdv.org\/tr-TR\/diyanetin-ev-sahipliginde-sivil-toplum-kuruluslari-filistin-istisare-toplantisi-yapildi\/#article","isPartOf":{"@id":"https:\/\/tdv.org\/tr-TR\/diyanetin-ev-sahipliginde-sivil-toplum-kuruluslari-filistin-istisare-toplantisi-yapildi\/"},"author":{"name":"Musa","@id":"https:\/\/tdv.org\/tr-TR\/#\/schema\/person\/8f21f05615f6bcf071bbd5ee8d376a8f"},"headline":"Diyanet\u2019in ev sahipli\u011finde &#8216;Sivil Toplum Kurulu\u015flar\u0131 Filistin \u0130sti\u015fare Toplant\u0131s\u0131\u2019 yap\u0131ld\u0131","datePublished":"2021-05-20T20:42:51+00:00","dateModified":"2022-12-14T07:46:53+00:00","mainEntityOfPage":{"@id":"https:\/\/tdv.org\/tr-TR\/diyanetin-ev-sahipliginde-sivil-toplum-kuruluslari-filistin-istisare-toplantisi-yapildi\/"},"wordCount":2415,"commentCount":0,"publisher":{"@id":"https:\/\/tdv.org\/tr-TR\/#organization"},"image":{"@id":"https:\/\/tdv.org\/tr-TR\/diyanetin-ev-sahipliginde-sivil-toplum-kuruluslari-filistin-istisare-toplantisi-yapildi\/#primaryimage"},"thumbnailUrl":"https:\/\/tdv.org\/tr-TR\/wp-content\/uploads\/2021\/05\/baskanlik2.jpg","keywords":["filistin","Filistin \u0130sti\u015fare Toplant\u0131s\u0131","isti\u015fare","toplant\u0131"],"articleSection":["Haberler"],"inLanguage":"tr","potentialAction":[{"@type":"CommentAction","name":"Comment","target":["https:\/\/tdv.org\/tr-TR\/diyanetin-ev-sahipliginde-sivil-toplum-kuruluslari-filistin-istisare-toplantisi-yapildi\/#respond"]}]},{"@type":"WebPage","@id":"https:\/\/tdv.org\/tr-TR\/diyanetin-ev-sahipliginde-sivil-toplum-kuruluslari-filistin-istisare-toplantisi-yapildi\/","url":"https:\/\/tdv.org\/tr-TR\/diyanetin-ev-sahipliginde-sivil-toplum-kuruluslari-filistin-istisare-toplantisi-yapildi\/","name":"Diyanet\u2019in ev sahipli\u011finde 'Sivil Toplum Kurulu\u015flar\u0131 Filistin \u0130sti\u015fare Toplant\u0131s\u0131\u2019 yap\u0131ld\u0131","isPartOf":{"@id":"https:\/\/tdv.org\/tr-TR\/#website"},"primaryImageOfPage":{"@id":"https:\/\/tdv.org\/tr-TR\/diyanetin-ev-sahipliginde-sivil-toplum-kuruluslari-filistin-istisare-toplantisi-yapildi\/#primaryimage"},"image":{"@id":"https:\/\/tdv.org\/tr-TR\/diyanetin-ev-sahipliginde-sivil-toplum-kuruluslari-filistin-istisare-toplantisi-yapildi\/#primaryimage"},"thumbnailUrl":"https:\/\/tdv.org\/tr-TR\/wp-content\/uploads\/2021\/05\/baskanlik2.jpg","datePublished":"2021-05-20T20:42:51+00:00","dateModified":"2022-12-14T07:46:53+00:00","description":"Diyanet \u0130\u015fleri Ba\u015fkanl\u0131\u011f\u0131 taraf\u0131ndan d\u00fczenlenen 'Sivil Toplum Kurulu\u015flar\u0131 Filistin \u0130sti\u015fare Toplant\u0131s\u0131, Diyanet \u0130\u015fleri Ba\u015fkan\u0131 ve T\u00fcrkiye Diyanet Vakf\u0131 (TDV) M\u00fctevelli Heyeti Ba\u015fkan\u0131 Prof. Dr. Ali Erba\u015f\u2019\u0131n kat\u0131l\u0131m\u0131yla ger\u00e7ekle\u015ftirildi.","breadcrumb":{"@id":"https:\/\/tdv.org\/tr-TR\/diyanetin-ev-sahipliginde-sivil-toplum-kuruluslari-filistin-istisare-toplantisi-yapildi\/#breadcrumb"},"inLanguage":"tr","potentialAction":[{"@type":"ReadAction","target":["https:\/\/tdv.org\/tr-TR\/diyanetin-ev-sahipliginde-sivil-toplum-kuruluslari-filistin-istisare-toplantisi-yapildi\/"]}]},{"@type":"ImageObject","inLanguage":"tr","@id":"https:\/\/tdv.org\/tr-TR\/diyanetin-ev-sahipliginde-sivil-toplum-kuruluslari-filistin-istisare-toplantisi-yapildi\/#primaryimage","url":"https:\/\/tdv.org\/tr-TR\/wp-content\/uploads\/2021\/05\/baskanlik2.jpg","contentUrl":"https:\/\/tdv.org\/tr-TR\/wp-content\/uploads\/2021\/05\/baskanlik2.jpg","width":1200,"height":800},{"@type":"BreadcrumbList","@id":"https:\/\/tdv.org\/tr-TR\/diyanetin-ev-sahipliginde-sivil-toplum-kuruluslari-filistin-istisare-toplantisi-yapildi\/#breadcrumb","itemListElement":[{"@type":"ListItem","position":1,"name":"Anasayfa","item":"https:\/\/tdv.org\/tr-TR\/"},{"@type":"ListItem","position":2,"name":"Diyanet\u2019in ev sahipli\u011finde &#8216;Sivil Toplum Kurulu\u015flar\u0131 Filistin \u0130sti\u015fare Toplant\u0131s\u0131\u2019 yap\u0131ld\u0131"}]},{"@type":"WebSite","@id":"https:\/\/tdv.org\/tr-TR\/#website","url":"https:\/\/tdv.org\/tr-TR\/","name":"T\u00fcrkiye Diyanet Vakf\u0131 Resmi Web Sitesi","description":"Yery\u00fcz\u00fcnde iyilik egemen oluncaya kadar","publisher":{"@id":"https:\/\/tdv.org\/tr-TR\/#organization"},"alternateName":"T\u00fcrkiye Diyanet Vakf\u0131","potentialAction":[{"@type":"SearchAction","target":{"@type":"EntryPoint","urlTemplate":"https:\/\/tdv.org\/tr-TR\/?s={search_term_string}"},"query-input":{"@type":"PropertyValueSpecification","valueRequired":true,"valueName":"search_term_string"}}],"inLanguage":"tr"},{"@type":"Organization","@id":"https:\/\/tdv.org\/tr-TR\/#organization","name":"T\u00fcrkiye Diyanet Vakf\u0131","alternateName":"T\u00fcrkiye Diyanet Vakf\u0131","url":"https:\/\/tdv.org\/tr-TR\/","logo":{"@type":"ImageObject","inLanguage":"tr","@id":"https:\/\/tdv.org\/tr-TR\/#\/schema\/logo\/image\/","url":"https:\/\/tdv.org\/tr-TR\/wp-content\/uploads\/2018\/12\/TDV_Logo_1.png","contentUrl":"https:\/\/tdv.org\/tr-TR\/wp-content\/uploads\/2018\/12\/TDV_Logo_1.png","width":207,"height":71,"caption":"T\u00fcrkiye Diyanet Vakf\u0131"},"image":{"@id":"https:\/\/tdv.org\/tr-TR\/#\/schema\/logo\/image\/"},"sameAs":["https:\/\/www.facebook.com\/Diyanetvakfi\/","https:\/\/x.com\/DiyanetVakfi","https:\/\/www.instagram.com\/turkiyediyanetvakfi\/","https:\/\/www.youtube.com\/user\/TurkiyeDiyanetVakfi"]},{"@type":"Person","@id":"https:\/\/tdv.org\/tr-TR\/#\/schema\/person\/8f21f05615f6bcf071bbd5ee8d376a8f","name":"Musa","image":{"@type":"ImageObject","inLanguage":"tr","@id":"https:\/\/tdv.org\/tr-TR\/wp-content\/litespeed\/avatar\/5b7955b12151edf37ee458402c4c6b7f.jpg?ver=1776690577","url":"https:\/\/tdv.org\/tr-TR\/wp-content\/litespeed\/avatar\/5b7955b12151edf37ee458402c4c6b7f.jpg?ver=1776690577","contentUrl":"https:\/\/tdv.org\/tr-TR\/wp-content\/litespeed\/avatar\/5b7955b12151edf37ee458402c4c6b7f.jpg?ver=1776690577","caption":"Musa"},"sameAs":["http:\/\/www.tdv.org"]}]}},"_links":{"self":[{"href":"https:\/\/tdv.org\/tr-TR\/wp-json\/wp\/v2\/posts\/12745","targetHints":{"allow":["GET"]}}],"collection":[{"href":"https:\/\/tdv.org\/tr-TR\/wp-json\/wp\/v2\/posts"}],"about":[{"href":"https:\/\/tdv.org\/tr-TR\/wp-json\/wp\/v2\/types\/post"}],"author":[{"embeddable":true,"href":"https:\/\/tdv.org\/tr-TR\/wp-json\/wp\/v2\/users\/6"}],"replies":[{"embeddable":true,"href":"https:\/\/tdv.org\/tr-TR\/wp-json\/wp\/v2\/comments?post=12745"}],"version-history":[{"count":1,"href":"https:\/\/tdv.org\/tr-TR\/wp-json\/wp\/v2\/posts\/12745\/revisions"}],"predecessor-version":[{"id":28916,"href":"https:\/\/tdv.org\/tr-TR\/wp-json\/wp\/v2\/posts\/12745\/revisions\/28916"}],"wp:featuredmedia":[{"embeddable":true,"href":"https:\/\/tdv.org\/tr-TR\/wp-json\/wp\/v2\/media\/12747"}],"wp:attachment":[{"href":"https:\/\/tdv.org\/tr-TR\/wp-json\/wp\/v2\/media?parent=12745"}],"wp:term":[{"taxonomy":"category","embeddable":true,"href":"https:\/\/tdv.org\/tr-TR\/wp-json\/wp\/v2\/categories?post=12745"},{"taxonomy":"post_tag","embeddable":true,"href":"https:\/\/tdv.org\/tr-TR\/wp-json\/wp\/v2\/tags?post=12745"}],"curies":[{"name":"wp","href":"https:\/\/api.w.org\/{rel}","templated":true}]}}