{"id":12766,"date":"2021-05-21T12:51:18","date_gmt":"2021-05-21T09:51:18","guid":{"rendered":"https:\/\/tdv.org\/tr-TR\/?p=12766"},"modified":"2022-12-14T10:46:34","modified_gmt":"2022-12-14T07:46:34","slug":"tdv-ramazanda-19-milyon-kisiye-yardim-ulastirdi","status":"publish","type":"post","link":"https:\/\/tdv.org\/tr-TR\/tdv-ramazanda-19-milyon-kisiye-yardim-ulastirdi\/","title":{"rendered":"TDV, Ramazan&#8217;da 1,9 milyon ki\u015fiye yard\u0131m ula\u015ft\u0131rd\u0131"},"content":{"rendered":"<p style=\"text-align: justify;\">T\u00fcrkiye Diyanet Vakf\u0131, Ramazan ay\u0131 i\u00e7erisinde yurt i\u00e7i ve yurt d\u0131\u015f\u0131nda toplamda 1 milyon 916 bin ihtiya\u00e7 sahibine T\u00fcrk milletinin emaneti yard\u0131mlar\u0131 ula\u015ft\u0131rd\u0131.<\/p>\n<p style=\"text-align: justify;\">T\u00fcrkiye Diyanet Vakf\u0131 M\u00fctevelli Heyeti 2. Ba\u015fkan\u0131 \u0130hsan A\u00e7\u0131k, t\u00fcm d\u00fcnyan\u0131n zor bir s\u00fcre\u00e7ten ge\u00e7ti\u011fi bir d\u00f6nemde millet olarak yine mazlum ve ma\u011fdurlar\u0131 sahipsiz b\u0131rakmayarak Ramazan ay\u0131n\u0131 huzurlu ge\u00e7irmelerine vesile olduklar\u0131n\u0131 s\u00f6yledi.<\/p>\n<p style=\"text-align: justify;\">\u201cYery\u00fcz\u00fcnde \u0130yilik Egemen Oluncaya Kadar\u201d slogan\u0131yla hareket ederek d\u00fcnyan\u0131n neresinde bir mazlum, ihtiya\u00e7 sahibi varsa yard\u0131m\u0131na ko\u015fmaya gayret ettiklerini dile getiren A\u00e7\u0131k, \u201c\u0130nsanl\u0131\u011f\u0131n vicdan y\u00fck\u00fcn\u00fc omuzlayan vakf\u0131m\u0131z, bu ramazan ay\u0131nda da \u00fclkemizde ve farkl\u0131 co\u011frafyalarda yard\u0131m seferberli\u011fi ger\u00e7ekle\u015ftirdi. Dilimiz, rengimiz farkl\u0131 olsa da ay y\u0131ld\u0131zl\u0131 bayra\u011f\u0131m\u0131z\u0131n ku\u015fatt\u0131\u011f\u0131 d\u00fcnyay\u0131 iyilikle sarmak i\u00e7in t\u00fcm imkanlar\u0131m\u0131z\u0131 seferber ettik. Koronavir\u00fcs salg\u0131n\u0131n\u0131n ya\u015fand\u0131\u011f\u0131 ve insanlar\u0131n zor g\u00fcnler ge\u00e7irdi\u011fi b\u00f6yle bir d\u00f6nemde hay\u0131rseverlerimiz alicenapl\u0131\u011f\u0131n\u0131 bir kez daha g\u00f6sterdi. Ramazan\u0131n ruhuna uygun bir \u015fekilde, yard\u0131mla\u015fma ve dayan\u0131\u015fma s\u00f6zde de\u011fil fiiliyatta zirve yapm\u0131\u015f oldu.\u201d \u015feklinde konu\u015ftu.<\/p>\n<p style=\"text-align: justify;\">A\u00e7\u0131k, T\u00fcrk milletinin deste\u011finin her ge\u00e7en g\u00fcn artarak devam etti\u011fini belirterek, \u201c\u0130nsanlar\u0131m\u0131z belki de zor durumda ancak kom\u015fusunun daha zor durumda oldu\u011funu d\u00fc\u015f\u00fcnerek ekme\u011fini b\u00f6l\u00fc\u015ft\u00fc. Koronavir\u00fcs d\u00f6neminde ihtiya\u00e7 sahibi artt\u0131 bunun yan\u0131nda ba\u011f\u0131\u015f yapan vatanda\u015flar\u0131m\u0131z\u0131n duyarl\u0131l\u0131\u011f\u0131 da artt\u0131 ve veren el ile alan el aras\u0131nda k\u00f6pr\u00fc olduk.\u201d dedi.<\/p>\n<p style=\"text-align: justify;\"><strong>1,9 milyon ki\u015fiye 78,3 milyon TL tutar\u0131nda yard\u0131m<\/strong><\/p>\n<p style=\"text-align: justify;\">T\u00fcrk milletinin g\u00f6n\u00fclden payla\u015ft\u0131\u011f\u0131 emanetlerle Ramazan\u0131n manevi iklimini d\u00fcnyan\u0131n d\u00f6rt bir yan\u0131na ta\u015f\u0131ma f\u0131rsat\u0131 bulduklar\u0131n\u0131 ifade eden A\u00e7\u0131k, \u015f\u00f6yle devam etti:<br \/>\n\u201c2021 y\u0131l\u0131 ramazan program\u0131m\u0131z kapsam\u0131nda yurt i\u00e7inde 1003 \u015fubemizin arac\u0131l\u0131\u011f\u0131yla 81 ilde ve t\u00fcm il\u00e7elerimizde 80 bin 465 g\u0131da paketi, 120 bin 114 al\u0131\u015fveri\u015f yard\u0131m kart\u0131, 30 bin 418 bayraml\u0131k k\u0131yafet hediye ederek 1 milyon 221 bin karde\u015fimize yard\u0131m ula\u015ft\u0131rd\u0131k. Yurt d\u0131\u015f\u0131nda ise 75 \u00fclke 207 b\u00f6lgede 125 bin 835 g\u0131da paketi, 53 bin 350 iftar-kumanya paketi ve 13 bin 375 bayraml\u0131k k\u0131yafet da\u011f\u0131tarak 695 bin 900 mazlumun hayat\u0131na dokunduk. Ramazan program\u0131m\u0131z kapsam\u0131nda yurt i\u00e7i ve yurt d\u0131\u015f\u0131nda toplamda 1 milyon 916 bin karde\u015fimize 78,3 milyon TL tutar\u0131nda yard\u0131m ula\u015ft\u0131rm\u0131\u015f olduk.\u201d<\/p>\n\n\t\t<style type=\"text\/css\">\n\t\t\t#gallery-1 {\n\t\t\t\tmargin: auto;\n\t\t\t}\n\t\t\t#gallery-1 .gallery-item {\n\t\t\t\tfloat: left;\n\t\t\t\tmargin-top: 10px;\n\t\t\t\ttext-align: center;\n\t\t\t\twidth: 33%;\n\t\t\t}\n\t\t\t#gallery-1 img {\n\t\t\t\tborder: 2px solid #cfcfcf;\n\t\t\t}\n\t\t\t#gallery-1 .gallery-caption {\n\t\t\t\tmargin-left: 0;\n\t\t\t}\n\t\t\t\/* see gallery_shortcode() in wp-includes\/media.php *\/\n\t\t<\/style>\n\t\t<div id='gallery-1' class='gallery galleryid-12766 gallery-columns-3 gallery-size-thumbnail'><dl class='gallery-item'>\n\t\t\t<dt class='gallery-icon landscape'>\n\t\t\t\t<a href='https:\/\/tdv.org\/tr-TR\/wp-content\/uploads\/2021\/05\/TDV-Ramazanda-19-milyon-kisiye-yardim-ulastirdi-1.jpeg'><img decoding=\"async\" width=\"150\" height=\"150\" src=\"https:\/\/tdv.org\/tr-TR\/wp-content\/uploads\/2021\/05\/TDV-Ramazanda-19-milyon-kisiye-yardim-ulastirdi-1-150x150.jpeg\" class=\"attachment-thumbnail size-thumbnail\" alt=\"\" srcset=\"https:\/\/tdv.org\/tr-TR\/wp-content\/uploads\/2021\/05\/TDV-Ramazanda-19-milyon-kisiye-yardim-ulastirdi-1-150x150.jpeg 150w, https:\/\/tdv.org\/tr-TR\/wp-content\/uploads\/2021\/05\/TDV-Ramazanda-19-milyon-kisiye-yardim-ulastirdi-1-100x100.jpeg 100w, https:\/\/tdv.org\/tr-TR\/wp-content\/uploads\/2021\/05\/TDV-Ramazanda-19-milyon-kisiye-yardim-ulastirdi-1-140x140.jpeg 140w, https:\/\/tdv.org\/tr-TR\/wp-content\/uploads\/2021\/05\/TDV-Ramazanda-19-milyon-kisiye-yardim-ulastirdi-1-500x500.jpeg 500w, https:\/\/tdv.org\/tr-TR\/wp-content\/uploads\/2021\/05\/TDV-Ramazanda-19-milyon-kisiye-yardim-ulastirdi-1-350x350.jpeg 350w, https:\/\/tdv.org\/tr-TR\/wp-content\/uploads\/2021\/05\/TDV-Ramazanda-19-milyon-kisiye-yardim-ulastirdi-1-1000x1000.jpeg 1000w, https:\/\/tdv.org\/tr-TR\/wp-content\/uploads\/2021\/05\/TDV-Ramazanda-19-milyon-kisiye-yardim-ulastirdi-1-800x800.jpeg 800w\" sizes=\"(max-width: 150px) 100vw, 150px\" \/><\/a>\n\t\t\t<\/dt><\/dl><dl class='gallery-item'>\n\t\t\t<dt class='gallery-icon landscape'>\n\t\t\t\t<a href='https:\/\/tdv.org\/tr-TR\/wp-content\/uploads\/2021\/05\/TDV-Ramazanda-19-milyon-kisiye-yardim-ulastirdi-2.jpeg'><img decoding=\"async\" width=\"150\" height=\"150\" src=\"https:\/\/tdv.org\/tr-TR\/wp-content\/uploads\/2021\/05\/TDV-Ramazanda-19-milyon-kisiye-yardim-ulastirdi-2-150x150.jpeg\" class=\"attachment-thumbnail size-thumbnail\" alt=\"\" srcset=\"https:\/\/tdv.org\/tr-TR\/wp-content\/uploads\/2021\/05\/TDV-Ramazanda-19-milyon-kisiye-yardim-ulastirdi-2-150x150.jpeg 150w, https:\/\/tdv.org\/tr-TR\/wp-content\/uploads\/2021\/05\/TDV-Ramazanda-19-milyon-kisiye-yardim-ulastirdi-2-100x100.jpeg 100w, https:\/\/tdv.org\/tr-TR\/wp-content\/uploads\/2021\/05\/TDV-Ramazanda-19-milyon-kisiye-yardim-ulastirdi-2-140x140.jpeg 140w, https:\/\/tdv.org\/tr-TR\/wp-content\/uploads\/2021\/05\/TDV-Ramazanda-19-milyon-kisiye-yardim-ulastirdi-2-500x500.jpeg 500w, https:\/\/tdv.org\/tr-TR\/wp-content\/uploads\/2021\/05\/TDV-Ramazanda-19-milyon-kisiye-yardim-ulastirdi-2-350x350.jpeg 350w, https:\/\/tdv.org\/tr-TR\/wp-content\/uploads\/2021\/05\/TDV-Ramazanda-19-milyon-kisiye-yardim-ulastirdi-2-1000x1000.jpeg 1000w, https:\/\/tdv.org\/tr-TR\/wp-content\/uploads\/2021\/05\/TDV-Ramazanda-19-milyon-kisiye-yardim-ulastirdi-2-800x800.jpeg 800w\" sizes=\"(max-width: 150px) 100vw, 150px\" \/><\/a>\n\t\t\t<\/dt><\/dl><dl class='gallery-item'>\n\t\t\t<dt class='gallery-icon landscape'>\n\t\t\t\t<a href='https:\/\/tdv.org\/tr-TR\/wp-content\/uploads\/2021\/05\/TDV-Ramazanda-19-milyon-kisiye-yardim-ulastirdi-3.jpeg'><img decoding=\"async\" width=\"150\" height=\"150\" src=\"https:\/\/tdv.org\/tr-TR\/wp-content\/uploads\/2021\/05\/TDV-Ramazanda-19-milyon-kisiye-yardim-ulastirdi-3-150x150.jpeg\" class=\"attachment-thumbnail size-thumbnail\" alt=\"\" srcset=\"https:\/\/tdv.org\/tr-TR\/wp-content\/uploads\/2021\/05\/TDV-Ramazanda-19-milyon-kisiye-yardim-ulastirdi-3-150x150.jpeg 150w, https:\/\/tdv.org\/tr-TR\/wp-content\/uploads\/2021\/05\/TDV-Ramazanda-19-milyon-kisiye-yardim-ulastirdi-3-100x100.jpeg 100w, https:\/\/tdv.org\/tr-TR\/wp-content\/uploads\/2021\/05\/TDV-Ramazanda-19-milyon-kisiye-yardim-ulastirdi-3-140x140.jpeg 140w, https:\/\/tdv.org\/tr-TR\/wp-content\/uploads\/2021\/05\/TDV-Ramazanda-19-milyon-kisiye-yardim-ulastirdi-3-500x500.jpeg 500w, https:\/\/tdv.org\/tr-TR\/wp-content\/uploads\/2021\/05\/TDV-Ramazanda-19-milyon-kisiye-yardim-ulastirdi-3-350x350.jpeg 350w, https:\/\/tdv.org\/tr-TR\/wp-content\/uploads\/2021\/05\/TDV-Ramazanda-19-milyon-kisiye-yardim-ulastirdi-3-1000x1000.jpeg 1000w, https:\/\/tdv.org\/tr-TR\/wp-content\/uploads\/2021\/05\/TDV-Ramazanda-19-milyon-kisiye-yardim-ulastirdi-3-800x800.jpeg 800w\" sizes=\"(max-width: 150px) 100vw, 150px\" \/><\/a>\n\t\t\t<\/dt><\/dl><br style=\"clear: both\" \/><dl class='gallery-item'>\n\t\t\t<dt class='gallery-icon landscape'>\n\t\t\t\t<a href='https:\/\/tdv.org\/tr-TR\/wp-content\/uploads\/2021\/05\/TDV-Ramazanda-19-milyon-kisiye-yardim-ulastirdi-4.jpeg'><img decoding=\"async\" width=\"150\" height=\"150\" src=\"https:\/\/tdv.org\/tr-TR\/wp-content\/uploads\/2021\/05\/TDV-Ramazanda-19-milyon-kisiye-yardim-ulastirdi-4-150x150.jpeg\" class=\"attachment-thumbnail size-thumbnail\" alt=\"\" srcset=\"https:\/\/tdv.org\/tr-TR\/wp-content\/uploads\/2021\/05\/TDV-Ramazanda-19-milyon-kisiye-yardim-ulastirdi-4-150x150.jpeg 150w, https:\/\/tdv.org\/tr-TR\/wp-content\/uploads\/2021\/05\/TDV-Ramazanda-19-milyon-kisiye-yardim-ulastirdi-4-100x100.jpeg 100w, https:\/\/tdv.org\/tr-TR\/wp-content\/uploads\/2021\/05\/TDV-Ramazanda-19-milyon-kisiye-yardim-ulastirdi-4-140x140.jpeg 140w, https:\/\/tdv.org\/tr-TR\/wp-content\/uploads\/2021\/05\/TDV-Ramazanda-19-milyon-kisiye-yardim-ulastirdi-4-500x500.jpeg 500w, https:\/\/tdv.org\/tr-TR\/wp-content\/uploads\/2021\/05\/TDV-Ramazanda-19-milyon-kisiye-yardim-ulastirdi-4-350x350.jpeg 350w, https:\/\/tdv.org\/tr-TR\/wp-content\/uploads\/2021\/05\/TDV-Ramazanda-19-milyon-kisiye-yardim-ulastirdi-4-1000x1000.jpeg 1000w, https:\/\/tdv.org\/tr-TR\/wp-content\/uploads\/2021\/05\/TDV-Ramazanda-19-milyon-kisiye-yardim-ulastirdi-4-800x800.jpeg 800w\" sizes=\"(max-width: 150px) 100vw, 150px\" \/><\/a>\n\t\t\t<\/dt><\/dl><dl class='gallery-item'>\n\t\t\t<dt class='gallery-icon landscape'>\n\t\t\t\t<a href='https:\/\/tdv.org\/tr-TR\/wp-content\/uploads\/2021\/05\/TDV-Ramazanda-19-milyon-kisiye-yardim-ulastirdi-5.jpeg'><img decoding=\"async\" width=\"150\" height=\"150\" src=\"https:\/\/tdv.org\/tr-TR\/wp-content\/uploads\/2021\/05\/TDV-Ramazanda-19-milyon-kisiye-yardim-ulastirdi-5-150x150.jpeg\" class=\"attachment-thumbnail size-thumbnail\" alt=\"\" srcset=\"https:\/\/tdv.org\/tr-TR\/wp-content\/uploads\/2021\/05\/TDV-Ramazanda-19-milyon-kisiye-yardim-ulastirdi-5-150x150.jpeg 150w, https:\/\/tdv.org\/tr-TR\/wp-content\/uploads\/2021\/05\/TDV-Ramazanda-19-milyon-kisiye-yardim-ulastirdi-5-100x100.jpeg 100w, https:\/\/tdv.org\/tr-TR\/wp-content\/uploads\/2021\/05\/TDV-Ramazanda-19-milyon-kisiye-yardim-ulastirdi-5-140x140.jpeg 140w, https:\/\/tdv.org\/tr-TR\/wp-content\/uploads\/2021\/05\/TDV-Ramazanda-19-milyon-kisiye-yardim-ulastirdi-5-500x500.jpeg 500w, https:\/\/tdv.org\/tr-TR\/wp-content\/uploads\/2021\/05\/TDV-Ramazanda-19-milyon-kisiye-yardim-ulastirdi-5-350x350.jpeg 350w, https:\/\/tdv.org\/tr-TR\/wp-content\/uploads\/2021\/05\/TDV-Ramazanda-19-milyon-kisiye-yardim-ulastirdi-5-1000x1000.jpeg 1000w, https:\/\/tdv.org\/tr-TR\/wp-content\/uploads\/2021\/05\/TDV-Ramazanda-19-milyon-kisiye-yardim-ulastirdi-5-800x800.jpeg 800w\" sizes=\"(max-width: 150px) 100vw, 150px\" \/><\/a>\n\t\t\t<\/dt><\/dl><dl class='gallery-item'>\n\t\t\t<dt class='gallery-icon landscape'>\n\t\t\t\t<a href='https:\/\/tdv.org\/tr-TR\/wp-content\/uploads\/2021\/05\/TDV-Ramazanda-19-milyon-kisiye-yardim-ulastirdi-6.jpeg'><img decoding=\"async\" width=\"150\" height=\"150\" src=\"https:\/\/tdv.org\/tr-TR\/wp-content\/uploads\/2021\/05\/TDV-Ramazanda-19-milyon-kisiye-yardim-ulastirdi-6-150x150.jpeg\" class=\"attachment-thumbnail size-thumbnail\" alt=\"\" srcset=\"https:\/\/tdv.org\/tr-TR\/wp-content\/uploads\/2021\/05\/TDV-Ramazanda-19-milyon-kisiye-yardim-ulastirdi-6-150x150.jpeg 150w, https:\/\/tdv.org\/tr-TR\/wp-content\/uploads\/2021\/05\/TDV-Ramazanda-19-milyon-kisiye-yardim-ulastirdi-6-100x100.jpeg 100w, https:\/\/tdv.org\/tr-TR\/wp-content\/uploads\/2021\/05\/TDV-Ramazanda-19-milyon-kisiye-yardim-ulastirdi-6-140x140.jpeg 140w, https:\/\/tdv.org\/tr-TR\/wp-content\/uploads\/2021\/05\/TDV-Ramazanda-19-milyon-kisiye-yardim-ulastirdi-6-500x500.jpeg 500w, https:\/\/tdv.org\/tr-TR\/wp-content\/uploads\/2021\/05\/TDV-Ramazanda-19-milyon-kisiye-yardim-ulastirdi-6-350x350.jpeg 350w, https:\/\/tdv.org\/tr-TR\/wp-content\/uploads\/2021\/05\/TDV-Ramazanda-19-milyon-kisiye-yardim-ulastirdi-6-1000x1000.jpeg 1000w, https:\/\/tdv.org\/tr-TR\/wp-content\/uploads\/2021\/05\/TDV-Ramazanda-19-milyon-kisiye-yardim-ulastirdi-6-800x800.jpeg 800w\" sizes=\"(max-width: 150px) 100vw, 150px\" \/><\/a>\n\t\t\t<\/dt><\/dl><br style=\"clear: both\" \/><dl class='gallery-item'>\n\t\t\t<dt class='gallery-icon landscape'>\n\t\t\t\t<a href='https:\/\/tdv.org\/tr-TR\/wp-content\/uploads\/2021\/05\/TDV-Ramazanda-19-milyon-kisiye-yardim-ulastirdi-7.jpeg'><img decoding=\"async\" width=\"150\" height=\"150\" src=\"https:\/\/tdv.org\/tr-TR\/wp-content\/uploads\/2021\/05\/TDV-Ramazanda-19-milyon-kisiye-yardim-ulastirdi-7-150x150.jpeg\" class=\"attachment-thumbnail size-thumbnail\" alt=\"\" srcset=\"https:\/\/tdv.org\/tr-TR\/wp-content\/uploads\/2021\/05\/TDV-Ramazanda-19-milyon-kisiye-yardim-ulastirdi-7-150x150.jpeg 150w, https:\/\/tdv.org\/tr-TR\/wp-content\/uploads\/2021\/05\/TDV-Ramazanda-19-milyon-kisiye-yardim-ulastirdi-7-100x100.jpeg 100w, https:\/\/tdv.org\/tr-TR\/wp-content\/uploads\/2021\/05\/TDV-Ramazanda-19-milyon-kisiye-yardim-ulastirdi-7-140x140.jpeg 140w, https:\/\/tdv.org\/tr-TR\/wp-content\/uploads\/2021\/05\/TDV-Ramazanda-19-milyon-kisiye-yardim-ulastirdi-7-500x500.jpeg 500w, https:\/\/tdv.org\/tr-TR\/wp-content\/uploads\/2021\/05\/TDV-Ramazanda-19-milyon-kisiye-yardim-ulastirdi-7-350x350.jpeg 350w, https:\/\/tdv.org\/tr-TR\/wp-content\/uploads\/2021\/05\/TDV-Ramazanda-19-milyon-kisiye-yardim-ulastirdi-7-1000x1000.jpeg 1000w, https:\/\/tdv.org\/tr-TR\/wp-content\/uploads\/2021\/05\/TDV-Ramazanda-19-milyon-kisiye-yardim-ulastirdi-7-800x800.jpeg 800w\" sizes=\"(max-width: 150px) 100vw, 150px\" \/><\/a>\n\t\t\t<\/dt><\/dl><dl class='gallery-item'>\n\t\t\t<dt class='gallery-icon landscape'>\n\t\t\t\t<a href='https:\/\/tdv.org\/tr-TR\/wp-content\/uploads\/2021\/05\/TDV-Ramazanda-19-milyon-kisiye-yardim-ulastirdi-8.jpg'><img decoding=\"async\" width=\"150\" height=\"150\" src=\"https:\/\/tdv.org\/tr-TR\/wp-content\/uploads\/2021\/05\/TDV-Ramazanda-19-milyon-kisiye-yardim-ulastirdi-8-150x150.jpg\" class=\"attachment-thumbnail size-thumbnail\" alt=\"\" srcset=\"https:\/\/tdv.org\/tr-TR\/wp-content\/uploads\/2021\/05\/TDV-Ramazanda-19-milyon-kisiye-yardim-ulastirdi-8-150x150.jpg 150w, https:\/\/tdv.org\/tr-TR\/wp-content\/uploads\/2021\/05\/TDV-Ramazanda-19-milyon-kisiye-yardim-ulastirdi-8-100x100.jpg 100w, https:\/\/tdv.org\/tr-TR\/wp-content\/uploads\/2021\/05\/TDV-Ramazanda-19-milyon-kisiye-yardim-ulastirdi-8-140x140.jpg 140w, https:\/\/tdv.org\/tr-TR\/wp-content\/uploads\/2021\/05\/TDV-Ramazanda-19-milyon-kisiye-yardim-ulastirdi-8-500x500.jpg 500w, https:\/\/tdv.org\/tr-TR\/wp-content\/uploads\/2021\/05\/TDV-Ramazanda-19-milyon-kisiye-yardim-ulastirdi-8-350x350.jpg 350w, https:\/\/tdv.org\/tr-TR\/wp-content\/uploads\/2021\/05\/TDV-Ramazanda-19-milyon-kisiye-yardim-ulastirdi-8-1000x1000.jpg 1000w, https:\/\/tdv.org\/tr-TR\/wp-content\/uploads\/2021\/05\/TDV-Ramazanda-19-milyon-kisiye-yardim-ulastirdi-8-800x800.jpg 800w\" sizes=\"(max-width: 150px) 100vw, 150px\" \/><\/a>\n\t\t\t<\/dt><\/dl><dl class='gallery-item'>\n\t\t\t<dt class='gallery-icon landscape'>\n\t\t\t\t<a href='https:\/\/tdv.org\/tr-TR\/wp-content\/uploads\/2021\/05\/TDV-Ramazanda-19-milyon-kisiye-yardim-ulastirdi-9.jpeg'><img decoding=\"async\" width=\"150\" height=\"150\" src=\"https:\/\/tdv.org\/tr-TR\/wp-content\/uploads\/2021\/05\/TDV-Ramazanda-19-milyon-kisiye-yardim-ulastirdi-9-150x150.jpeg\" class=\"attachment-thumbnail size-thumbnail\" alt=\"\" srcset=\"https:\/\/tdv.org\/tr-TR\/wp-content\/uploads\/2021\/05\/TDV-Ramazanda-19-milyon-kisiye-yardim-ulastirdi-9-150x150.jpeg 150w, https:\/\/tdv.org\/tr-TR\/wp-content\/uploads\/2021\/05\/TDV-Ramazanda-19-milyon-kisiye-yardim-ulastirdi-9-100x100.jpeg 100w, https:\/\/tdv.org\/tr-TR\/wp-content\/uploads\/2021\/05\/TDV-Ramazanda-19-milyon-kisiye-yardim-ulastirdi-9-140x140.jpeg 140w, https:\/\/tdv.org\/tr-TR\/wp-content\/uploads\/2021\/05\/TDV-Ramazanda-19-milyon-kisiye-yardim-ulastirdi-9-500x500.jpeg 500w, https:\/\/tdv.org\/tr-TR\/wp-content\/uploads\/2021\/05\/TDV-Ramazanda-19-milyon-kisiye-yardim-ulastirdi-9-350x350.jpeg 350w, https:\/\/tdv.org\/tr-TR\/wp-content\/uploads\/2021\/05\/TDV-Ramazanda-19-milyon-kisiye-yardim-ulastirdi-9-1000x1000.jpeg 1000w, https:\/\/tdv.org\/tr-TR\/wp-content\/uploads\/2021\/05\/TDV-Ramazanda-19-milyon-kisiye-yardim-ulastirdi-9-800x800.jpeg 800w\" sizes=\"(max-width: 150px) 100vw, 150px\" \/><\/a>\n\t\t\t<\/dt><\/dl><br style=\"clear: both\" \/><dl class='gallery-item'>\n\t\t\t<dt class='gallery-icon landscape'>\n\t\t\t\t<a href='https:\/\/tdv.org\/tr-TR\/wp-content\/uploads\/2021\/05\/TDV-Ramazanda-19-milyon-kisiye-yardim-ulastirdi-10.jpg'><img decoding=\"async\" width=\"150\" height=\"150\" src=\"https:\/\/tdv.org\/tr-TR\/wp-content\/uploads\/2021\/05\/TDV-Ramazanda-19-milyon-kisiye-yardim-ulastirdi-10-150x150.jpg\" class=\"attachment-thumbnail size-thumbnail\" alt=\"\" srcset=\"https:\/\/tdv.org\/tr-TR\/wp-content\/uploads\/2021\/05\/TDV-Ramazanda-19-milyon-kisiye-yardim-ulastirdi-10-150x150.jpg 150w, https:\/\/tdv.org\/tr-TR\/wp-content\/uploads\/2021\/05\/TDV-Ramazanda-19-milyon-kisiye-yardim-ulastirdi-10-100x100.jpg 100w, https:\/\/tdv.org\/tr-TR\/wp-content\/uploads\/2021\/05\/TDV-Ramazanda-19-milyon-kisiye-yardim-ulastirdi-10-140x140.jpg 140w, https:\/\/tdv.org\/tr-TR\/wp-content\/uploads\/2021\/05\/TDV-Ramazanda-19-milyon-kisiye-yardim-ulastirdi-10-500x500.jpg 500w, https:\/\/tdv.org\/tr-TR\/wp-content\/uploads\/2021\/05\/TDV-Ramazanda-19-milyon-kisiye-yardim-ulastirdi-10-350x350.jpg 350w, https:\/\/tdv.org\/tr-TR\/wp-content\/uploads\/2021\/05\/TDV-Ramazanda-19-milyon-kisiye-yardim-ulastirdi-10-1000x1000.jpg 1000w, https:\/\/tdv.org\/tr-TR\/wp-content\/uploads\/2021\/05\/TDV-Ramazanda-19-milyon-kisiye-yardim-ulastirdi-10-800x800.jpg 800w\" sizes=\"(max-width: 150px) 100vw, 150px\" \/><\/a>\n\t\t\t<\/dt><\/dl><dl class='gallery-item'>\n\t\t\t<dt class='gallery-icon portrait'>\n\t\t\t\t<a href='https:\/\/tdv.org\/tr-TR\/wp-content\/uploads\/2021\/05\/TDV-Ramazanda-19-milyon-kisiye-yardim-ulastirdi-11.jpg'><img decoding=\"async\" width=\"150\" height=\"150\" src=\"https:\/\/tdv.org\/tr-TR\/wp-content\/uploads\/2021\/05\/TDV-Ramazanda-19-milyon-kisiye-yardim-ulastirdi-11-150x150.jpg\" class=\"attachment-thumbnail size-thumbnail\" alt=\"\" srcset=\"https:\/\/tdv.org\/tr-TR\/wp-content\/uploads\/2021\/05\/TDV-Ramazanda-19-milyon-kisiye-yardim-ulastirdi-11-150x150.jpg 150w, https:\/\/tdv.org\/tr-TR\/wp-content\/uploads\/2021\/05\/TDV-Ramazanda-19-milyon-kisiye-yardim-ulastirdi-11-100x100.jpg 100w, https:\/\/tdv.org\/tr-TR\/wp-content\/uploads\/2021\/05\/TDV-Ramazanda-19-milyon-kisiye-yardim-ulastirdi-11-140x140.jpg 140w, https:\/\/tdv.org\/tr-TR\/wp-content\/uploads\/2021\/05\/TDV-Ramazanda-19-milyon-kisiye-yardim-ulastirdi-11-500x500.jpg 500w, https:\/\/tdv.org\/tr-TR\/wp-content\/uploads\/2021\/05\/TDV-Ramazanda-19-milyon-kisiye-yardim-ulastirdi-11-350x350.jpg 350w, https:\/\/tdv.org\/tr-TR\/wp-content\/uploads\/2021\/05\/TDV-Ramazanda-19-milyon-kisiye-yardim-ulastirdi-11-1000x1000.jpg 1000w, https:\/\/tdv.org\/tr-TR\/wp-content\/uploads\/2021\/05\/TDV-Ramazanda-19-milyon-kisiye-yardim-ulastirdi-11-800x800.jpg 800w\" sizes=\"(max-width: 150px) 100vw, 150px\" \/><\/a>\n\t\t\t<\/dt><\/dl><dl class='gallery-item'>\n\t\t\t<dt class='gallery-icon landscape'>\n\t\t\t\t<a href='https:\/\/tdv.org\/tr-TR\/wp-content\/uploads\/2021\/05\/TDV-Ramazanda-19-milyon-kisiye-yardim-ulastirdi-12.jpg'><img decoding=\"async\" width=\"150\" height=\"150\" src=\"https:\/\/tdv.org\/tr-TR\/wp-content\/uploads\/2021\/05\/TDV-Ramazanda-19-milyon-kisiye-yardim-ulastirdi-12-150x150.jpg\" class=\"attachment-thumbnail size-thumbnail\" alt=\"\" srcset=\"https:\/\/tdv.org\/tr-TR\/wp-content\/uploads\/2021\/05\/TDV-Ramazanda-19-milyon-kisiye-yardim-ulastirdi-12-150x150.jpg 150w, https:\/\/tdv.org\/tr-TR\/wp-content\/uploads\/2021\/05\/TDV-Ramazanda-19-milyon-kisiye-yardim-ulastirdi-12-100x100.jpg 100w, https:\/\/tdv.org\/tr-TR\/wp-content\/uploads\/2021\/05\/TDV-Ramazanda-19-milyon-kisiye-yardim-ulastirdi-12-140x140.jpg 140w, https:\/\/tdv.org\/tr-TR\/wp-content\/uploads\/2021\/05\/TDV-Ramazanda-19-milyon-kisiye-yardim-ulastirdi-12-500x500.jpg 500w, https:\/\/tdv.org\/tr-TR\/wp-content\/uploads\/2021\/05\/TDV-Ramazanda-19-milyon-kisiye-yardim-ulastirdi-12-350x350.jpg 350w, https:\/\/tdv.org\/tr-TR\/wp-content\/uploads\/2021\/05\/TDV-Ramazanda-19-milyon-kisiye-yardim-ulastirdi-12-1000x1000.jpg 1000w, https:\/\/tdv.org\/tr-TR\/wp-content\/uploads\/2021\/05\/TDV-Ramazanda-19-milyon-kisiye-yardim-ulastirdi-12-800x800.jpg 800w\" sizes=\"(max-width: 150px) 100vw, 150px\" \/><\/a>\n\t\t\t<\/dt><\/dl><br style=\"clear: both\" \/><dl class='gallery-item'>\n\t\t\t<dt class='gallery-icon landscape'>\n\t\t\t\t<a href='https:\/\/tdv.org\/tr-TR\/wp-content\/uploads\/2021\/05\/TDV-Ramazanda-19-milyon-kisiye-yardim-ulastirdi-13.jpg'><img decoding=\"async\" width=\"150\" height=\"150\" src=\"https:\/\/tdv.org\/tr-TR\/wp-content\/uploads\/2021\/05\/TDV-Ramazanda-19-milyon-kisiye-yardim-ulastirdi-13-150x150.jpg\" class=\"attachment-thumbnail size-thumbnail\" alt=\"\" srcset=\"https:\/\/tdv.org\/tr-TR\/wp-content\/uploads\/2021\/05\/TDV-Ramazanda-19-milyon-kisiye-yardim-ulastirdi-13-150x150.jpg 150w, https:\/\/tdv.org\/tr-TR\/wp-content\/uploads\/2021\/05\/TDV-Ramazanda-19-milyon-kisiye-yardim-ulastirdi-13-100x100.jpg 100w, https:\/\/tdv.org\/tr-TR\/wp-content\/uploads\/2021\/05\/TDV-Ramazanda-19-milyon-kisiye-yardim-ulastirdi-13-140x140.jpg 140w, https:\/\/tdv.org\/tr-TR\/wp-content\/uploads\/2021\/05\/TDV-Ramazanda-19-milyon-kisiye-yardim-ulastirdi-13-500x500.jpg 500w, https:\/\/tdv.org\/tr-TR\/wp-content\/uploads\/2021\/05\/TDV-Ramazanda-19-milyon-kisiye-yardim-ulastirdi-13-350x350.jpg 350w, https:\/\/tdv.org\/tr-TR\/wp-content\/uploads\/2021\/05\/TDV-Ramazanda-19-milyon-kisiye-yardim-ulastirdi-13-1000x1000.jpg 1000w, https:\/\/tdv.org\/tr-TR\/wp-content\/uploads\/2021\/05\/TDV-Ramazanda-19-milyon-kisiye-yardim-ulastirdi-13-800x800.jpg 800w\" sizes=\"(max-width: 150px) 100vw, 150px\" \/><\/a>\n\t\t\t<\/dt><\/dl><dl class='gallery-item'>\n\t\t\t<dt class='gallery-icon landscape'>\n\t\t\t\t<a href='https:\/\/tdv.org\/tr-TR\/wp-content\/uploads\/2021\/05\/TDV-Ramazanda-19-milyon-kisiye-yardim-ulastirdi-14.jpg'><img decoding=\"async\" width=\"150\" height=\"150\" src=\"https:\/\/tdv.org\/tr-TR\/wp-content\/uploads\/2021\/05\/TDV-Ramazanda-19-milyon-kisiye-yardim-ulastirdi-14-150x150.jpg\" class=\"attachment-thumbnail size-thumbnail\" alt=\"\" srcset=\"https:\/\/tdv.org\/tr-TR\/wp-content\/uploads\/2021\/05\/TDV-Ramazanda-19-milyon-kisiye-yardim-ulastirdi-14-150x150.jpg 150w, https:\/\/tdv.org\/tr-TR\/wp-content\/uploads\/2021\/05\/TDV-Ramazanda-19-milyon-kisiye-yardim-ulastirdi-14-100x100.jpg 100w, https:\/\/tdv.org\/tr-TR\/wp-content\/uploads\/2021\/05\/TDV-Ramazanda-19-milyon-kisiye-yardim-ulastirdi-14-140x140.jpg 140w, https:\/\/tdv.org\/tr-TR\/wp-content\/uploads\/2021\/05\/TDV-Ramazanda-19-milyon-kisiye-yardim-ulastirdi-14-500x500.jpg 500w, https:\/\/tdv.org\/tr-TR\/wp-content\/uploads\/2021\/05\/TDV-Ramazanda-19-milyon-kisiye-yardim-ulastirdi-14-350x350.jpg 350w, https:\/\/tdv.org\/tr-TR\/wp-content\/uploads\/2021\/05\/TDV-Ramazanda-19-milyon-kisiye-yardim-ulastirdi-14-1000x1000.jpg 1000w, https:\/\/tdv.org\/tr-TR\/wp-content\/uploads\/2021\/05\/TDV-Ramazanda-19-milyon-kisiye-yardim-ulastirdi-14-800x800.jpg 800w\" sizes=\"(max-width: 150px) 100vw, 150px\" \/><\/a>\n\t\t\t<\/dt><\/dl><dl class='gallery-item'>\n\t\t\t<dt class='gallery-icon landscape'>\n\t\t\t\t<a href='https:\/\/tdv.org\/tr-TR\/wp-content\/uploads\/2021\/05\/TDV-Ramazanda-19-milyon-kisiye-yardim-ulastirdi-15.jpg'><img decoding=\"async\" width=\"150\" height=\"150\" src=\"https:\/\/tdv.org\/tr-TR\/wp-content\/uploads\/2021\/05\/TDV-Ramazanda-19-milyon-kisiye-yardim-ulastirdi-15-150x150.jpg\" class=\"attachment-thumbnail size-thumbnail\" alt=\"\" srcset=\"https:\/\/tdv.org\/tr-TR\/wp-content\/uploads\/2021\/05\/TDV-Ramazanda-19-milyon-kisiye-yardim-ulastirdi-15-150x150.jpg 150w, https:\/\/tdv.org\/tr-TR\/wp-content\/uploads\/2021\/05\/TDV-Ramazanda-19-milyon-kisiye-yardim-ulastirdi-15-100x100.jpg 100w, https:\/\/tdv.org\/tr-TR\/wp-content\/uploads\/2021\/05\/TDV-Ramazanda-19-milyon-kisiye-yardim-ulastirdi-15-140x140.jpg 140w, https:\/\/tdv.org\/tr-TR\/wp-content\/uploads\/2021\/05\/TDV-Ramazanda-19-milyon-kisiye-yardim-ulastirdi-15-500x500.jpg 500w, https:\/\/tdv.org\/tr-TR\/wp-content\/uploads\/2021\/05\/TDV-Ramazanda-19-milyon-kisiye-yardim-ulastirdi-15-350x350.jpg 350w, https:\/\/tdv.org\/tr-TR\/wp-content\/uploads\/2021\/05\/TDV-Ramazanda-19-milyon-kisiye-yardim-ulastirdi-15-1000x1000.jpg 1000w, https:\/\/tdv.org\/tr-TR\/wp-content\/uploads\/2021\/05\/TDV-Ramazanda-19-milyon-kisiye-yardim-ulastirdi-15-800x800.jpg 800w\" sizes=\"(max-width: 150px) 100vw, 150px\" \/><\/a>\n\t\t\t<\/dt><\/dl><br style=\"clear: both\" \/><dl class='gallery-item'>\n\t\t\t<dt class='gallery-icon landscape'>\n\t\t\t\t<a href='https:\/\/tdv.org\/tr-TR\/wp-content\/uploads\/2021\/05\/TDV-Ramazanda-19-milyon-kisiye-yardim-ulastirdi-16.jpg'><img decoding=\"async\" width=\"150\" height=\"150\" src=\"https:\/\/tdv.org\/tr-TR\/wp-content\/uploads\/2021\/05\/TDV-Ramazanda-19-milyon-kisiye-yardim-ulastirdi-16-150x150.jpg\" class=\"attachment-thumbnail size-thumbnail\" alt=\"\" srcset=\"https:\/\/tdv.org\/tr-TR\/wp-content\/uploads\/2021\/05\/TDV-Ramazanda-19-milyon-kisiye-yardim-ulastirdi-16-150x150.jpg 150w, https:\/\/tdv.org\/tr-TR\/wp-content\/uploads\/2021\/05\/TDV-Ramazanda-19-milyon-kisiye-yardim-ulastirdi-16-100x100.jpg 100w, https:\/\/tdv.org\/tr-TR\/wp-content\/uploads\/2021\/05\/TDV-Ramazanda-19-milyon-kisiye-yardim-ulastirdi-16-140x140.jpg 140w, https:\/\/tdv.org\/tr-TR\/wp-content\/uploads\/2021\/05\/TDV-Ramazanda-19-milyon-kisiye-yardim-ulastirdi-16-500x500.jpg 500w, https:\/\/tdv.org\/tr-TR\/wp-content\/uploads\/2021\/05\/TDV-Ramazanda-19-milyon-kisiye-yardim-ulastirdi-16-350x350.jpg 350w, https:\/\/tdv.org\/tr-TR\/wp-content\/uploads\/2021\/05\/TDV-Ramazanda-19-milyon-kisiye-yardim-ulastirdi-16-1000x1000.jpg 1000w, https:\/\/tdv.org\/tr-TR\/wp-content\/uploads\/2021\/05\/TDV-Ramazanda-19-milyon-kisiye-yardim-ulastirdi-16-800x800.jpg 800w\" sizes=\"(max-width: 150px) 100vw, 150px\" \/><\/a>\n\t\t\t<\/dt><\/dl>\n\t\t\t<br style='clear: both' \/>\n\t\t<\/div>\n\n","protected":false},"excerpt":{"rendered":"<p>T\u00fcrkiye Diyanet Vakf\u0131, Ramazan ay\u0131 i\u00e7erisinde yurt i\u00e7i ve yurt d\u0131\u015f\u0131nda toplamda 1 milyon 916 bin ihtiya\u00e7 sahibine T\u00fcrk milletinin emaneti yard\u0131mlar\u0131 ula\u015ft\u0131rd\u0131. T\u00fcrkiye Diyanet Vakf\u0131 M\u00fctevelli Heyeti 2. Ba\u015fkan\u0131&#8230;<\/p>\n","protected":false},"author":6,"featured_media":12767,"comment_status":"open","ping_status":"closed","sticky":false,"template":"","format":"standard","meta":{"footnotes":""},"categories":[1],"tags":[107,1221,1217],"class_list":{"0":"post-12766","1":"post","2":"type-post","3":"status-publish","4":"format-standard","5":"has-post-thumbnail","7":"category-haberler","8":"tag-ramazan","9":"tag-ramazan-2021","10":"tag-ramazan-yardimlari"},"yoast_head":"<!-- This site is optimized with the Yoast SEO plugin v27.4 - https:\/\/yoast.com\/product\/yoast-seo-wordpress\/ -->\n<title>TDV, Ramazan&#039;da 1,9 milyon ki\u015fiye yard\u0131m ula\u015ft\u0131rd\u0131<\/title>\n<meta name=\"description\" content=\"T\u00fcrkiye Diyanet Vakf\u0131, Ramazan ay\u0131 i\u00e7erisinde yurt i\u00e7i ve yurt d\u0131\u015f\u0131nda toplamda 1 milyon 916 bin ihtiya\u00e7 sahibine T\u00fcrk milletinin emaneti yard\u0131mlar\u0131 ula\u015ft\u0131rd\u0131.\" \/>\n<meta name=\"robots\" content=\"index, follow, max-snippet:-1, max-image-preview:large, max-video-preview:-1\" \/>\n<link rel=\"canonical\" href=\"https:\/\/tdv.org\/tr-TR\/tdv-ramazanda-19-milyon-kisiye-yardim-ulastirdi\/\" \/>\n<meta property=\"og:locale\" content=\"tr_TR\" \/>\n<meta property=\"og:type\" content=\"article\" \/>\n<meta property=\"og:title\" content=\"TDV, Ramazan&#039;da 1,9 milyon ki\u015fiye yard\u0131m ula\u015ft\u0131rd\u0131\" \/>\n<meta property=\"og:description\" content=\"T\u00fcrkiye Diyanet Vakf\u0131, Ramazan ay\u0131 i\u00e7erisinde yurt i\u00e7i ve yurt d\u0131\u015f\u0131nda toplamda 1 milyon 916 bin ihtiya\u00e7 sahibine T\u00fcrk milletinin emaneti yard\u0131mlar\u0131 ula\u015ft\u0131rd\u0131.\" \/>\n<meta property=\"og:url\" content=\"https:\/\/tdv.org\/tr-TR\/tdv-ramazanda-19-milyon-kisiye-yardim-ulastirdi\/\" \/>\n<meta property=\"og:site_name\" content=\"T\u00fcrkiye Diyanet Vakf\u0131 Resmi Web Sitesi\" \/>\n<meta property=\"article:publisher\" content=\"https:\/\/www.facebook.com\/Diyanetvakfi\/\" \/>\n<meta property=\"article:published_time\" content=\"2021-05-21T09:51:18+00:00\" \/>\n<meta property=\"article:modified_time\" content=\"2022-12-14T07:46:34+00:00\" \/>\n<meta property=\"og:image\" content=\"https:\/\/tdv.org\/tr-TR\/wp-content\/uploads\/2021\/05\/TDV-Ramazanda-19-milyon-kisiye-yardim-ulastirdi-1.jpeg\" \/>\n\t<meta property=\"og:image:width\" content=\"1619\" \/>\n\t<meta property=\"og:image:height\" content=\"1080\" \/>\n\t<meta property=\"og:image:type\" content=\"image\/jpeg\" \/>\n<meta name=\"author\" content=\"Musa\" \/>\n<meta name=\"twitter:card\" content=\"summary_large_image\" \/>\n<meta name=\"twitter:creator\" content=\"@DiyanetVakfi\" \/>\n<meta name=\"twitter:site\" content=\"@DiyanetVakfi\" \/>\n<script type=\"application\/ld+json\" class=\"yoast-schema-graph\">{\"@context\":\"https:\\\/\\\/schema.org\",\"@graph\":[{\"@type\":\"Article\",\"@id\":\"https:\\\/\\\/tdv.org\\\/tr-TR\\\/tdv-ramazanda-19-milyon-kisiye-yardim-ulastirdi\\\/#article\",\"isPartOf\":{\"@id\":\"https:\\\/\\\/tdv.org\\\/tr-TR\\\/tdv-ramazanda-19-milyon-kisiye-yardim-ulastirdi\\\/\"},\"author\":{\"name\":\"Musa\",\"@id\":\"https:\\\/\\\/tdv.org\\\/tr-TR\\\/#\\\/schema\\\/person\\\/8f21f05615f6bcf071bbd5ee8d376a8f\"},\"headline\":\"TDV, Ramazan&#8217;da 1,9 milyon ki\u015fiye yard\u0131m ula\u015ft\u0131rd\u0131\",\"datePublished\":\"2021-05-21T09:51:18+00:00\",\"dateModified\":\"2022-12-14T07:46:34+00:00\",\"mainEntityOfPage\":{\"@id\":\"https:\\\/\\\/tdv.org\\\/tr-TR\\\/tdv-ramazanda-19-milyon-kisiye-yardim-ulastirdi\\\/\"},\"wordCount\":451,\"commentCount\":0,\"publisher\":{\"@id\":\"https:\\\/\\\/tdv.org\\\/tr-TR\\\/#organization\"},\"image\":{\"@id\":\"https:\\\/\\\/tdv.org\\\/tr-TR\\\/tdv-ramazanda-19-milyon-kisiye-yardim-ulastirdi\\\/#primaryimage\"},\"thumbnailUrl\":\"https:\\\/\\\/tdv.org\\\/tr-TR\\\/wp-content\\\/uploads\\\/2021\\\/05\\\/TDV-Ramazanda-19-milyon-kisiye-yardim-ulastirdi-1.jpeg\",\"keywords\":[\"ramazan\",\"ramazan 2021\",\"ramazan yard\u0131mlar\u0131\"],\"articleSection\":[\"Haberler\"],\"inLanguage\":\"tr\",\"potentialAction\":[{\"@type\":\"CommentAction\",\"name\":\"Comment\",\"target\":[\"https:\\\/\\\/tdv.org\\\/tr-TR\\\/tdv-ramazanda-19-milyon-kisiye-yardim-ulastirdi\\\/#respond\"]}]},{\"@type\":\"WebPage\",\"@id\":\"https:\\\/\\\/tdv.org\\\/tr-TR\\\/tdv-ramazanda-19-milyon-kisiye-yardim-ulastirdi\\\/\",\"url\":\"https:\\\/\\\/tdv.org\\\/tr-TR\\\/tdv-ramazanda-19-milyon-kisiye-yardim-ulastirdi\\\/\",\"name\":\"TDV, Ramazan'da 1,9 milyon ki\u015fiye yard\u0131m ula\u015ft\u0131rd\u0131\",\"isPartOf\":{\"@id\":\"https:\\\/\\\/tdv.org\\\/tr-TR\\\/#website\"},\"primaryImageOfPage\":{\"@id\":\"https:\\\/\\\/tdv.org\\\/tr-TR\\\/tdv-ramazanda-19-milyon-kisiye-yardim-ulastirdi\\\/#primaryimage\"},\"image\":{\"@id\":\"https:\\\/\\\/tdv.org\\\/tr-TR\\\/tdv-ramazanda-19-milyon-kisiye-yardim-ulastirdi\\\/#primaryimage\"},\"thumbnailUrl\":\"https:\\\/\\\/tdv.org\\\/tr-TR\\\/wp-content\\\/uploads\\\/2021\\\/05\\\/TDV-Ramazanda-19-milyon-kisiye-yardim-ulastirdi-1.jpeg\",\"datePublished\":\"2021-05-21T09:51:18+00:00\",\"dateModified\":\"2022-12-14T07:46:34+00:00\",\"description\":\"T\u00fcrkiye Diyanet Vakf\u0131, Ramazan ay\u0131 i\u00e7erisinde yurt i\u00e7i ve yurt d\u0131\u015f\u0131nda toplamda 1 milyon 916 bin ihtiya\u00e7 sahibine T\u00fcrk milletinin emaneti yard\u0131mlar\u0131 ula\u015ft\u0131rd\u0131.\",\"breadcrumb\":{\"@id\":\"https:\\\/\\\/tdv.org\\\/tr-TR\\\/tdv-ramazanda-19-milyon-kisiye-yardim-ulastirdi\\\/#breadcrumb\"},\"inLanguage\":\"tr\",\"potentialAction\":[{\"@type\":\"ReadAction\",\"target\":[\"https:\\\/\\\/tdv.org\\\/tr-TR\\\/tdv-ramazanda-19-milyon-kisiye-yardim-ulastirdi\\\/\"]}]},{\"@type\":\"ImageObject\",\"inLanguage\":\"tr\",\"@id\":\"https:\\\/\\\/tdv.org\\\/tr-TR\\\/tdv-ramazanda-19-milyon-kisiye-yardim-ulastirdi\\\/#primaryimage\",\"url\":\"https:\\\/\\\/tdv.org\\\/tr-TR\\\/wp-content\\\/uploads\\\/2021\\\/05\\\/TDV-Ramazanda-19-milyon-kisiye-yardim-ulastirdi-1.jpeg\",\"contentUrl\":\"https:\\\/\\\/tdv.org\\\/tr-TR\\\/wp-content\\\/uploads\\\/2021\\\/05\\\/TDV-Ramazanda-19-milyon-kisiye-yardim-ulastirdi-1.jpeg\",\"width\":1619,\"height\":1080},{\"@type\":\"BreadcrumbList\",\"@id\":\"https:\\\/\\\/tdv.org\\\/tr-TR\\\/tdv-ramazanda-19-milyon-kisiye-yardim-ulastirdi\\\/#breadcrumb\",\"itemListElement\":[{\"@type\":\"ListItem\",\"position\":1,\"name\":\"Anasayfa\",\"item\":\"https:\\\/\\\/tdv.org\\\/tr-TR\\\/\"},{\"@type\":\"ListItem\",\"position\":2,\"name\":\"TDV, Ramazan&#8217;da 1,9 milyon ki\u015fiye yard\u0131m ula\u015ft\u0131rd\u0131\"}]},{\"@type\":\"WebSite\",\"@id\":\"https:\\\/\\\/tdv.org\\\/tr-TR\\\/#website\",\"url\":\"https:\\\/\\\/tdv.org\\\/tr-TR\\\/\",\"name\":\"T\u00fcrkiye Diyanet Vakf\u0131 Resmi Web Sitesi\",\"description\":\"Yery\u00fcz\u00fcnde iyilik egemen oluncaya kadar\",\"publisher\":{\"@id\":\"https:\\\/\\\/tdv.org\\\/tr-TR\\\/#organization\"},\"alternateName\":\"T\u00fcrkiye Diyanet Vakf\u0131\",\"potentialAction\":[{\"@type\":\"SearchAction\",\"target\":{\"@type\":\"EntryPoint\",\"urlTemplate\":\"https:\\\/\\\/tdv.org\\\/tr-TR\\\/?s={search_term_string}\"},\"query-input\":{\"@type\":\"PropertyValueSpecification\",\"valueRequired\":true,\"valueName\":\"search_term_string\"}}],\"inLanguage\":\"tr\"},{\"@type\":\"Organization\",\"@id\":\"https:\\\/\\\/tdv.org\\\/tr-TR\\\/#organization\",\"name\":\"T\u00fcrkiye Diyanet Vakf\u0131\",\"alternateName\":\"T\u00fcrkiye Diyanet Vakf\u0131\",\"url\":\"https:\\\/\\\/tdv.org\\\/tr-TR\\\/\",\"logo\":{\"@type\":\"ImageObject\",\"inLanguage\":\"tr\",\"@id\":\"https:\\\/\\\/tdv.org\\\/tr-TR\\\/#\\\/schema\\\/logo\\\/image\\\/\",\"url\":\"https:\\\/\\\/tdv.org\\\/tr-TR\\\/wp-content\\\/uploads\\\/2018\\\/12\\\/TDV_Logo_1.png\",\"contentUrl\":\"https:\\\/\\\/tdv.org\\\/tr-TR\\\/wp-content\\\/uploads\\\/2018\\\/12\\\/TDV_Logo_1.png\",\"width\":207,\"height\":71,\"caption\":\"T\u00fcrkiye Diyanet Vakf\u0131\"},\"image\":{\"@id\":\"https:\\\/\\\/tdv.org\\\/tr-TR\\\/#\\\/schema\\\/logo\\\/image\\\/\"},\"sameAs\":[\"https:\\\/\\\/www.facebook.com\\\/Diyanetvakfi\\\/\",\"https:\\\/\\\/x.com\\\/DiyanetVakfi\",\"https:\\\/\\\/www.instagram.com\\\/turkiyediyanetvakfi\\\/\",\"https:\\\/\\\/www.youtube.com\\\/user\\\/TurkiyeDiyanetVakfi\"]},{\"@type\":\"Person\",\"@id\":\"https:\\\/\\\/tdv.org\\\/tr-TR\\\/#\\\/schema\\\/person\\\/8f21f05615f6bcf071bbd5ee8d376a8f\",\"name\":\"Musa\",\"image\":{\"@type\":\"ImageObject\",\"inLanguage\":\"tr\",\"@id\":\"https:\\\/\\\/tdv.org\\\/tr-TR\\\/wp-content\\\/litespeed\\\/avatar\\\/5b7955b12151edf37ee458402c4c6b7f.jpg?ver=1776690577\",\"url\":\"https:\\\/\\\/tdv.org\\\/tr-TR\\\/wp-content\\\/litespeed\\\/avatar\\\/5b7955b12151edf37ee458402c4c6b7f.jpg?ver=1776690577\",\"contentUrl\":\"https:\\\/\\\/tdv.org\\\/tr-TR\\\/wp-content\\\/litespeed\\\/avatar\\\/5b7955b12151edf37ee458402c4c6b7f.jpg?ver=1776690577\",\"caption\":\"Musa\"},\"sameAs\":[\"http:\\\/\\\/www.tdv.org\"]}]}<\/script>\n<!-- \/ Yoast SEO plugin. -->","yoast_head_json":{"title":"TDV, Ramazan'da 1,9 milyon ki\u015fiye yard\u0131m ula\u015ft\u0131rd\u0131","description":"T\u00fcrkiye Diyanet Vakf\u0131, Ramazan ay\u0131 i\u00e7erisinde yurt i\u00e7i ve yurt d\u0131\u015f\u0131nda toplamda 1 milyon 916 bin ihtiya\u00e7 sahibine T\u00fcrk milletinin emaneti yard\u0131mlar\u0131 ula\u015ft\u0131rd\u0131.","robots":{"index":"index","follow":"follow","max-snippet":"max-snippet:-1","max-image-preview":"max-image-preview:large","max-video-preview":"max-video-preview:-1"},"canonical":"https:\/\/tdv.org\/tr-TR\/tdv-ramazanda-19-milyon-kisiye-yardim-ulastirdi\/","og_locale":"tr_TR","og_type":"article","og_title":"TDV, Ramazan'da 1,9 milyon ki\u015fiye yard\u0131m ula\u015ft\u0131rd\u0131","og_description":"T\u00fcrkiye Diyanet Vakf\u0131, Ramazan ay\u0131 i\u00e7erisinde yurt i\u00e7i ve yurt d\u0131\u015f\u0131nda toplamda 1 milyon 916 bin ihtiya\u00e7 sahibine T\u00fcrk milletinin emaneti yard\u0131mlar\u0131 ula\u015ft\u0131rd\u0131.","og_url":"https:\/\/tdv.org\/tr-TR\/tdv-ramazanda-19-milyon-kisiye-yardim-ulastirdi\/","og_site_name":"T\u00fcrkiye Diyanet Vakf\u0131 Resmi Web Sitesi","article_publisher":"https:\/\/www.facebook.com\/Diyanetvakfi\/","article_published_time":"2021-05-21T09:51:18+00:00","article_modified_time":"2022-12-14T07:46:34+00:00","og_image":[{"width":1619,"height":1080,"url":"https:\/\/tdv.org\/tr-TR\/wp-content\/uploads\/2021\/05\/TDV-Ramazanda-19-milyon-kisiye-yardim-ulastirdi-1.jpeg","type":"image\/jpeg"}],"author":"Musa","twitter_card":"summary_large_image","twitter_creator":"@DiyanetVakfi","twitter_site":"@DiyanetVakfi","schema":{"@context":"https:\/\/schema.org","@graph":[{"@type":"Article","@id":"https:\/\/tdv.org\/tr-TR\/tdv-ramazanda-19-milyon-kisiye-yardim-ulastirdi\/#article","isPartOf":{"@id":"https:\/\/tdv.org\/tr-TR\/tdv-ramazanda-19-milyon-kisiye-yardim-ulastirdi\/"},"author":{"name":"Musa","@id":"https:\/\/tdv.org\/tr-TR\/#\/schema\/person\/8f21f05615f6bcf071bbd5ee8d376a8f"},"headline":"TDV, Ramazan&#8217;da 1,9 milyon ki\u015fiye yard\u0131m ula\u015ft\u0131rd\u0131","datePublished":"2021-05-21T09:51:18+00:00","dateModified":"2022-12-14T07:46:34+00:00","mainEntityOfPage":{"@id":"https:\/\/tdv.org\/tr-TR\/tdv-ramazanda-19-milyon-kisiye-yardim-ulastirdi\/"},"wordCount":451,"commentCount":0,"publisher":{"@id":"https:\/\/tdv.org\/tr-TR\/#organization"},"image":{"@id":"https:\/\/tdv.org\/tr-TR\/tdv-ramazanda-19-milyon-kisiye-yardim-ulastirdi\/#primaryimage"},"thumbnailUrl":"https:\/\/tdv.org\/tr-TR\/wp-content\/uploads\/2021\/05\/TDV-Ramazanda-19-milyon-kisiye-yardim-ulastirdi-1.jpeg","keywords":["ramazan","ramazan 2021","ramazan yard\u0131mlar\u0131"],"articleSection":["Haberler"],"inLanguage":"tr","potentialAction":[{"@type":"CommentAction","name":"Comment","target":["https:\/\/tdv.org\/tr-TR\/tdv-ramazanda-19-milyon-kisiye-yardim-ulastirdi\/#respond"]}]},{"@type":"WebPage","@id":"https:\/\/tdv.org\/tr-TR\/tdv-ramazanda-19-milyon-kisiye-yardim-ulastirdi\/","url":"https:\/\/tdv.org\/tr-TR\/tdv-ramazanda-19-milyon-kisiye-yardim-ulastirdi\/","name":"TDV, Ramazan'da 1,9 milyon ki\u015fiye yard\u0131m ula\u015ft\u0131rd\u0131","isPartOf":{"@id":"https:\/\/tdv.org\/tr-TR\/#website"},"primaryImageOfPage":{"@id":"https:\/\/tdv.org\/tr-TR\/tdv-ramazanda-19-milyon-kisiye-yardim-ulastirdi\/#primaryimage"},"image":{"@id":"https:\/\/tdv.org\/tr-TR\/tdv-ramazanda-19-milyon-kisiye-yardim-ulastirdi\/#primaryimage"},"thumbnailUrl":"https:\/\/tdv.org\/tr-TR\/wp-content\/uploads\/2021\/05\/TDV-Ramazanda-19-milyon-kisiye-yardim-ulastirdi-1.jpeg","datePublished":"2021-05-21T09:51:18+00:00","dateModified":"2022-12-14T07:46:34+00:00","description":"T\u00fcrkiye Diyanet Vakf\u0131, Ramazan ay\u0131 i\u00e7erisinde yurt i\u00e7i ve yurt d\u0131\u015f\u0131nda toplamda 1 milyon 916 bin ihtiya\u00e7 sahibine T\u00fcrk milletinin emaneti yard\u0131mlar\u0131 ula\u015ft\u0131rd\u0131.","breadcrumb":{"@id":"https:\/\/tdv.org\/tr-TR\/tdv-ramazanda-19-milyon-kisiye-yardim-ulastirdi\/#breadcrumb"},"inLanguage":"tr","potentialAction":[{"@type":"ReadAction","target":["https:\/\/tdv.org\/tr-TR\/tdv-ramazanda-19-milyon-kisiye-yardim-ulastirdi\/"]}]},{"@type":"ImageObject","inLanguage":"tr","@id":"https:\/\/tdv.org\/tr-TR\/tdv-ramazanda-19-milyon-kisiye-yardim-ulastirdi\/#primaryimage","url":"https:\/\/tdv.org\/tr-TR\/wp-content\/uploads\/2021\/05\/TDV-Ramazanda-19-milyon-kisiye-yardim-ulastirdi-1.jpeg","contentUrl":"https:\/\/tdv.org\/tr-TR\/wp-content\/uploads\/2021\/05\/TDV-Ramazanda-19-milyon-kisiye-yardim-ulastirdi-1.jpeg","width":1619,"height":1080},{"@type":"BreadcrumbList","@id":"https:\/\/tdv.org\/tr-TR\/tdv-ramazanda-19-milyon-kisiye-yardim-ulastirdi\/#breadcrumb","itemListElement":[{"@type":"ListItem","position":1,"name":"Anasayfa","item":"https:\/\/tdv.org\/tr-TR\/"},{"@type":"ListItem","position":2,"name":"TDV, Ramazan&#8217;da 1,9 milyon ki\u015fiye yard\u0131m ula\u015ft\u0131rd\u0131"}]},{"@type":"WebSite","@id":"https:\/\/tdv.org\/tr-TR\/#website","url":"https:\/\/tdv.org\/tr-TR\/","name":"T\u00fcrkiye Diyanet Vakf\u0131 Resmi Web Sitesi","description":"Yery\u00fcz\u00fcnde iyilik egemen oluncaya kadar","publisher":{"@id":"https:\/\/tdv.org\/tr-TR\/#organization"},"alternateName":"T\u00fcrkiye Diyanet Vakf\u0131","potentialAction":[{"@type":"SearchAction","target":{"@type":"EntryPoint","urlTemplate":"https:\/\/tdv.org\/tr-TR\/?s={search_term_string}"},"query-input":{"@type":"PropertyValueSpecification","valueRequired":true,"valueName":"search_term_string"}}],"inLanguage":"tr"},{"@type":"Organization","@id":"https:\/\/tdv.org\/tr-TR\/#organization","name":"T\u00fcrkiye Diyanet Vakf\u0131","alternateName":"T\u00fcrkiye Diyanet Vakf\u0131","url":"https:\/\/tdv.org\/tr-TR\/","logo":{"@type":"ImageObject","inLanguage":"tr","@id":"https:\/\/tdv.org\/tr-TR\/#\/schema\/logo\/image\/","url":"https:\/\/tdv.org\/tr-TR\/wp-content\/uploads\/2018\/12\/TDV_Logo_1.png","contentUrl":"https:\/\/tdv.org\/tr-TR\/wp-content\/uploads\/2018\/12\/TDV_Logo_1.png","width":207,"height":71,"caption":"T\u00fcrkiye Diyanet Vakf\u0131"},"image":{"@id":"https:\/\/tdv.org\/tr-TR\/#\/schema\/logo\/image\/"},"sameAs":["https:\/\/www.facebook.com\/Diyanetvakfi\/","https:\/\/x.com\/DiyanetVakfi","https:\/\/www.instagram.com\/turkiyediyanetvakfi\/","https:\/\/www.youtube.com\/user\/TurkiyeDiyanetVakfi"]},{"@type":"Person","@id":"https:\/\/tdv.org\/tr-TR\/#\/schema\/person\/8f21f05615f6bcf071bbd5ee8d376a8f","name":"Musa","image":{"@type":"ImageObject","inLanguage":"tr","@id":"https:\/\/tdv.org\/tr-TR\/wp-content\/litespeed\/avatar\/5b7955b12151edf37ee458402c4c6b7f.jpg?ver=1776690577","url":"https:\/\/tdv.org\/tr-TR\/wp-content\/litespeed\/avatar\/5b7955b12151edf37ee458402c4c6b7f.jpg?ver=1776690577","contentUrl":"https:\/\/tdv.org\/tr-TR\/wp-content\/litespeed\/avatar\/5b7955b12151edf37ee458402c4c6b7f.jpg?ver=1776690577","caption":"Musa"},"sameAs":["http:\/\/www.tdv.org"]}]}},"_links":{"self":[{"href":"https:\/\/tdv.org\/tr-TR\/wp-json\/wp\/v2\/posts\/12766","targetHints":{"allow":["GET"]}}],"collection":[{"href":"https:\/\/tdv.org\/tr-TR\/wp-json\/wp\/v2\/posts"}],"about":[{"href":"https:\/\/tdv.org\/tr-TR\/wp-json\/wp\/v2\/types\/post"}],"author":[{"embeddable":true,"href":"https:\/\/tdv.org\/tr-TR\/wp-json\/wp\/v2\/users\/6"}],"replies":[{"embeddable":true,"href":"https:\/\/tdv.org\/tr-TR\/wp-json\/wp\/v2\/comments?post=12766"}],"version-history":[{"count":1,"href":"https:\/\/tdv.org\/tr-TR\/wp-json\/wp\/v2\/posts\/12766\/revisions"}],"predecessor-version":[{"id":28915,"href":"https:\/\/tdv.org\/tr-TR\/wp-json\/wp\/v2\/posts\/12766\/revisions\/28915"}],"wp:featuredmedia":[{"embeddable":true,"href":"https:\/\/tdv.org\/tr-TR\/wp-json\/wp\/v2\/media\/12767"}],"wp:attachment":[{"href":"https:\/\/tdv.org\/tr-TR\/wp-json\/wp\/v2\/media?parent=12766"}],"wp:term":[{"taxonomy":"category","embeddable":true,"href":"https:\/\/tdv.org\/tr-TR\/wp-json\/wp\/v2\/categories?post=12766"},{"taxonomy":"post_tag","embeddable":true,"href":"https:\/\/tdv.org\/tr-TR\/wp-json\/wp\/v2\/tags?post=12766"}],"curies":[{"name":"wp","href":"https:\/\/api.w.org\/{rel}","templated":true}]}}