{"id":12784,"date":"2021-05-23T13:25:32","date_gmt":"2021-05-23T10:25:32","guid":{"rendered":"https:\/\/tdv.org\/tr-TR\/?p=12784"},"modified":"2023-11-09T14:46:58","modified_gmt":"2023-11-09T11:46:58","slug":"tdv-filistin-icin-kurban-yardim-kampanyasi-baslatti","status":"publish","type":"post","link":"https:\/\/tdv.org\/tr-TR\/tdv-filistin-icin-kurban-yardim-kampanyasi-baslatti\/","title":{"rendered":"TDV, Filistin i\u00e7in kurban yard\u0131m kampanyas\u0131 ba\u015flatt\u0131"},"content":{"rendered":"<p style=\"text-align: justify;\">\u0130srail sald\u0131r\u0131lar\u0131 sonucu zor g\u00fcnler ya\u015fayan Filistin halk\u0131na destek olmak i\u00e7in imkanlar\u0131n\u0131 seferber eden T\u00fcrkiye Diyanet Vakf\u0131, vatanda\u015flardan gelen talepler do\u011frultusunda kurban yard\u0131m kampanyas\u0131 ba\u015flatt\u0131.<\/p>\n<p style=\"text-align: justify;\">T\u00fcrkiye Diyanet Vakf\u0131 M\u00fctevelli Heyeti 2. Ba\u015fkan\u0131 \u0130hsan A\u00e7\u0131k, zulm\u00fcn ba\u015flad\u0131\u011f\u0131 ilk g\u00fcnden beri Filistin halk\u0131n\u0131n yan\u0131nda yer almaya gayret ettiklerini ve T\u00fcrk milletinin destekleriyle yaralar\u0131 hep birlikte sard\u0131klar\u0131n\u0131 s\u00f6yledi.<\/p>\n<p style=\"text-align: justify;\">Adak, akika ve \u015f\u00fck\u00fcr kurbanlar\u0131n\u0131 Gazze\u2019ye g\u00f6ndermek isteyen hay\u0131rseverlerin taleplerine cevap verebilmek i\u00e7in \u00e7al\u0131\u015fma ba\u015flatt\u0131klar\u0131n\u0131 ifade eden A\u00e7\u0131k, \u201cKurbanlar\u0131n\u0131zla Gazze\u2019ye Hayat Verin temas\u0131yla yeni bir \u00e7al\u0131\u015fma ba\u015flatt\u0131k. Zul\u00fcm alt\u0131nda ezilen Filistinli karde\u015flerimize ula\u015ft\u0131r\u0131lmak \u00fczere vekalet yoluyla kurban ba\u011f\u0131\u015flar\u0131n\u0131 Vakf\u0131m\u0131z g\u00fcvencesiyle keserek ihtiya\u00e7 sahibi Filistinli ailelere ula\u015ft\u0131raca\u011f\u0131z. Gazze\u2019de kesilmek \u00fczere bir hisse bedelini 2100 TL olarak belirledik. Vatanda\u015flar\u0131m\u0131z bagis.tdv.org adresimizden online olarak veya \u015fubelerimiz arac\u0131l\u0131\u011f\u0131yla ba\u011f\u0131\u015f yaparak karde\u015flerimize bu zor g\u00fcnlerinde destek olabilir\u201d diye konu\u015ftu.<\/p>\n<p style=\"text-align: justify;\">1948\u2019den bu yana s\u0131k\u0131nt\u0131lar i\u00e7inde ya\u015famak zorunda b\u0131rak\u0131lan, bar\u0131\u015f, istikrar ve g\u00fcven isteyen milyonlarca Filistinlinin halen \u0130srail&#8217;in zulm\u00fc alt\u0131nda ya\u015fam m\u00fccadelesi verdi\u011fine dikkati \u00e7eken A\u00e7\u0131k, \u015f\u00f6yle devam etti:<\/p>\n<p style=\"text-align: justify;\">\u201cRamazan Bayram\u0131 \u00f6ncesinde Kud\u00fcs&#8217;te ba\u015flayan ve sonras\u0131nda Gazze&#8217;ye s\u0131\u00e7rayan olaylar ve \u0130srail g\u00fc\u00e7lerinin Gazze&#8217;ye y\u00f6nelik sald\u0131r\u0131lar\u0131 sonucu y\u00fczlerce karde\u015fimiz \u015fehit olmu\u015f, binlercesi yaralanm\u0131\u015f ve evsiz kalm\u0131\u015ft\u0131r. Sald\u0131r\u0131lar sonucu binlerce konut, cami, hastane y\u0131k\u0131lm\u0131\u015f veya hasar g\u00f6rm\u00fc\u015ft\u00fcr. Evlerini kaybeden Gazze halk\u0131 okullarda ve akrabalar\u0131n\u0131n yan\u0131nda ya\u015fam m\u00fccadelesi veriyor ve bizlerin deste\u011fine ihtiya\u00e7 duyuyorlar. Bu kapsamda Her zaman mazluma umut olan milletimizin kurban ba\u011f\u0131\u015flar\u0131 Vakf\u0131m\u0131z taraf\u0131ndan dini vecibelere uygun olarak kesilerek Filistinli karde\u015flerimizin sofralar\u0131na ula\u015ft\u0131r\u0131lacakt\u0131r.\u201d<\/p>\n\n\t\t<style type=\"text\/css\">\n\t\t\t#gallery-1 {\n\t\t\t\tmargin: auto;\n\t\t\t}\n\t\t\t#gallery-1 .gallery-item {\n\t\t\t\tfloat: left;\n\t\t\t\tmargin-top: 10px;\n\t\t\t\ttext-align: center;\n\t\t\t\twidth: 33%;\n\t\t\t}\n\t\t\t#gallery-1 img {\n\t\t\t\tborder: 2px solid #cfcfcf;\n\t\t\t}\n\t\t\t#gallery-1 .gallery-caption {\n\t\t\t\tmargin-left: 0;\n\t\t\t}\n\t\t\t\/* see gallery_shortcode() in wp-includes\/media.php *\/\n\t\t<\/style>\n\t\t<div id='gallery-1' class='gallery galleryid-12784 gallery-columns-3 gallery-size-full'><dl class='gallery-item'>\n\t\t\t<dt class='gallery-icon landscape'>\n\t\t\t\t<a href='https:\/\/tdv.org\/tr-TR\/wp-content\/uploads\/2021\/05\/WhatsApp-Image-2021-05-23-at-13.15.33-1.jpeg'><img decoding=\"async\" width=\"1600\" height=\"1066\" src=\"https:\/\/tdv.org\/tr-TR\/wp-content\/uploads\/2021\/05\/WhatsApp-Image-2021-05-23-at-13.15.33-1.jpeg\" class=\"attachment-full size-full\" alt=\"\" srcset=\"https:\/\/tdv.org\/tr-TR\/wp-content\/uploads\/2021\/05\/WhatsApp-Image-2021-05-23-at-13.15.33-1.jpeg 1600w, https:\/\/tdv.org\/tr-TR\/wp-content\/uploads\/2021\/05\/WhatsApp-Image-2021-05-23-at-13.15.33-1-300x200.jpeg 300w, https:\/\/tdv.org\/tr-TR\/wp-content\/uploads\/2021\/05\/WhatsApp-Image-2021-05-23-at-13.15.33-1-1024x682.jpeg 1024w, https:\/\/tdv.org\/tr-TR\/wp-content\/uploads\/2021\/05\/WhatsApp-Image-2021-05-23-at-13.15.33-1-768x512.jpeg 768w, https:\/\/tdv.org\/tr-TR\/wp-content\/uploads\/2021\/05\/WhatsApp-Image-2021-05-23-at-13.15.33-1-1536x1023.jpeg 1536w, https:\/\/tdv.org\/tr-TR\/wp-content\/uploads\/2021\/05\/WhatsApp-Image-2021-05-23-at-13.15.33-1-900x600.jpeg 900w\" sizes=\"(max-width: 1600px) 100vw, 1600px\" \/><\/a>\n\t\t\t<\/dt><\/dl><dl class='gallery-item'>\n\t\t\t<dt class='gallery-icon landscape'>\n\t\t\t\t<a href='https:\/\/tdv.org\/tr-TR\/wp-content\/uploads\/2021\/05\/WhatsApp-Image-2021-05-23-at-13.15.33-2.jpeg'><img decoding=\"async\" width=\"1600\" height=\"1066\" src=\"https:\/\/tdv.org\/tr-TR\/wp-content\/uploads\/2021\/05\/WhatsApp-Image-2021-05-23-at-13.15.33-2.jpeg\" class=\"attachment-full size-full\" alt=\"\" srcset=\"https:\/\/tdv.org\/tr-TR\/wp-content\/uploads\/2021\/05\/WhatsApp-Image-2021-05-23-at-13.15.33-2.jpeg 1600w, https:\/\/tdv.org\/tr-TR\/wp-content\/uploads\/2021\/05\/WhatsApp-Image-2021-05-23-at-13.15.33-2-300x200.jpeg 300w, https:\/\/tdv.org\/tr-TR\/wp-content\/uploads\/2021\/05\/WhatsApp-Image-2021-05-23-at-13.15.33-2-1024x682.jpeg 1024w, https:\/\/tdv.org\/tr-TR\/wp-content\/uploads\/2021\/05\/WhatsApp-Image-2021-05-23-at-13.15.33-2-768x512.jpeg 768w, https:\/\/tdv.org\/tr-TR\/wp-content\/uploads\/2021\/05\/WhatsApp-Image-2021-05-23-at-13.15.33-2-1536x1023.jpeg 1536w, https:\/\/tdv.org\/tr-TR\/wp-content\/uploads\/2021\/05\/WhatsApp-Image-2021-05-23-at-13.15.33-2-900x600.jpeg 900w\" sizes=\"(max-width: 1600px) 100vw, 1600px\" \/><\/a>\n\t\t\t<\/dt><\/dl><dl class='gallery-item'>\n\t\t\t<dt class='gallery-icon landscape'>\n\t\t\t\t<a href='https:\/\/tdv.org\/tr-TR\/wp-content\/uploads\/2021\/05\/WhatsApp-Image-2021-05-23-at-13.15.33.jpeg'><img decoding=\"async\" width=\"1600\" height=\"1066\" src=\"https:\/\/tdv.org\/tr-TR\/wp-content\/uploads\/2021\/05\/WhatsApp-Image-2021-05-23-at-13.15.33.jpeg\" class=\"attachment-full size-full\" alt=\"\" srcset=\"https:\/\/tdv.org\/tr-TR\/wp-content\/uploads\/2021\/05\/WhatsApp-Image-2021-05-23-at-13.15.33.jpeg 1600w, https:\/\/tdv.org\/tr-TR\/wp-content\/uploads\/2021\/05\/WhatsApp-Image-2021-05-23-at-13.15.33-300x200.jpeg 300w, https:\/\/tdv.org\/tr-TR\/wp-content\/uploads\/2021\/05\/WhatsApp-Image-2021-05-23-at-13.15.33-1024x682.jpeg 1024w, https:\/\/tdv.org\/tr-TR\/wp-content\/uploads\/2021\/05\/WhatsApp-Image-2021-05-23-at-13.15.33-768x512.jpeg 768w, https:\/\/tdv.org\/tr-TR\/wp-content\/uploads\/2021\/05\/WhatsApp-Image-2021-05-23-at-13.15.33-1536x1023.jpeg 1536w, https:\/\/tdv.org\/tr-TR\/wp-content\/uploads\/2021\/05\/WhatsApp-Image-2021-05-23-at-13.15.33-900x600.jpeg 900w\" sizes=\"(max-width: 1600px) 100vw, 1600px\" \/><\/a>\n\t\t\t<\/dt><\/dl><br style=\"clear: both\" \/><dl class='gallery-item'>\n\t\t\t<dt class='gallery-icon landscape'>\n\t\t\t\t<a href='https:\/\/tdv.org\/tr-TR\/wp-content\/uploads\/2021\/05\/WhatsApp-Image-2021-05-23-at-13.15.34-1.jpeg'><img decoding=\"async\" width=\"1600\" height=\"1066\" src=\"https:\/\/tdv.org\/tr-TR\/wp-content\/uploads\/2021\/05\/WhatsApp-Image-2021-05-23-at-13.15.34-1.jpeg\" class=\"attachment-full size-full\" alt=\"\" srcset=\"https:\/\/tdv.org\/tr-TR\/wp-content\/uploads\/2021\/05\/WhatsApp-Image-2021-05-23-at-13.15.34-1.jpeg 1600w, https:\/\/tdv.org\/tr-TR\/wp-content\/uploads\/2021\/05\/WhatsApp-Image-2021-05-23-at-13.15.34-1-300x200.jpeg 300w, https:\/\/tdv.org\/tr-TR\/wp-content\/uploads\/2021\/05\/WhatsApp-Image-2021-05-23-at-13.15.34-1-1024x682.jpeg 1024w, https:\/\/tdv.org\/tr-TR\/wp-content\/uploads\/2021\/05\/WhatsApp-Image-2021-05-23-at-13.15.34-1-768x512.jpeg 768w, https:\/\/tdv.org\/tr-TR\/wp-content\/uploads\/2021\/05\/WhatsApp-Image-2021-05-23-at-13.15.34-1-1536x1023.jpeg 1536w, https:\/\/tdv.org\/tr-TR\/wp-content\/uploads\/2021\/05\/WhatsApp-Image-2021-05-23-at-13.15.34-1-900x600.jpeg 900w\" sizes=\"(max-width: 1600px) 100vw, 1600px\" \/><\/a>\n\t\t\t<\/dt><\/dl><dl class='gallery-item'>\n\t\t\t<dt class='gallery-icon landscape'>\n\t\t\t\t<a href='https:\/\/tdv.org\/tr-TR\/wp-content\/uploads\/2021\/05\/WhatsApp-Image-2021-05-23-at-13.15.34-2.jpeg'><img decoding=\"async\" width=\"1600\" height=\"1066\" src=\"https:\/\/tdv.org\/tr-TR\/wp-content\/uploads\/2021\/05\/WhatsApp-Image-2021-05-23-at-13.15.34-2.jpeg\" class=\"attachment-full size-full\" alt=\"\" srcset=\"https:\/\/tdv.org\/tr-TR\/wp-content\/uploads\/2021\/05\/WhatsApp-Image-2021-05-23-at-13.15.34-2.jpeg 1600w, https:\/\/tdv.org\/tr-TR\/wp-content\/uploads\/2021\/05\/WhatsApp-Image-2021-05-23-at-13.15.34-2-300x200.jpeg 300w, https:\/\/tdv.org\/tr-TR\/wp-content\/uploads\/2021\/05\/WhatsApp-Image-2021-05-23-at-13.15.34-2-1024x682.jpeg 1024w, https:\/\/tdv.org\/tr-TR\/wp-content\/uploads\/2021\/05\/WhatsApp-Image-2021-05-23-at-13.15.34-2-768x512.jpeg 768w, https:\/\/tdv.org\/tr-TR\/wp-content\/uploads\/2021\/05\/WhatsApp-Image-2021-05-23-at-13.15.34-2-1536x1023.jpeg 1536w, https:\/\/tdv.org\/tr-TR\/wp-content\/uploads\/2021\/05\/WhatsApp-Image-2021-05-23-at-13.15.34-2-900x600.jpeg 900w\" sizes=\"(max-width: 1600px) 100vw, 1600px\" \/><\/a>\n\t\t\t<\/dt><\/dl><dl class='gallery-item'>\n\t\t\t<dt class='gallery-icon landscape'>\n\t\t\t\t<a href='https:\/\/tdv.org\/tr-TR\/wp-content\/uploads\/2021\/05\/WhatsApp-Image-2021-05-23-at-13.15.34.jpeg'><img decoding=\"async\" width=\"1600\" height=\"1066\" src=\"https:\/\/tdv.org\/tr-TR\/wp-content\/uploads\/2021\/05\/WhatsApp-Image-2021-05-23-at-13.15.34.jpeg\" class=\"attachment-full size-full\" alt=\"\" srcset=\"https:\/\/tdv.org\/tr-TR\/wp-content\/uploads\/2021\/05\/WhatsApp-Image-2021-05-23-at-13.15.34.jpeg 1600w, https:\/\/tdv.org\/tr-TR\/wp-content\/uploads\/2021\/05\/WhatsApp-Image-2021-05-23-at-13.15.34-300x200.jpeg 300w, https:\/\/tdv.org\/tr-TR\/wp-content\/uploads\/2021\/05\/WhatsApp-Image-2021-05-23-at-13.15.34-1024x682.jpeg 1024w, https:\/\/tdv.org\/tr-TR\/wp-content\/uploads\/2021\/05\/WhatsApp-Image-2021-05-23-at-13.15.34-768x512.jpeg 768w, https:\/\/tdv.org\/tr-TR\/wp-content\/uploads\/2021\/05\/WhatsApp-Image-2021-05-23-at-13.15.34-1536x1023.jpeg 1536w, https:\/\/tdv.org\/tr-TR\/wp-content\/uploads\/2021\/05\/WhatsApp-Image-2021-05-23-at-13.15.34-900x600.jpeg 900w\" sizes=\"(max-width: 1600px) 100vw, 1600px\" \/><\/a>\n\t\t\t<\/dt><\/dl><br style=\"clear: both\" \/><dl class='gallery-item'>\n\t\t\t<dt class='gallery-icon landscape'>\n\t\t\t\t<a href='https:\/\/tdv.org\/tr-TR\/wp-content\/uploads\/2021\/05\/WhatsApp-Image-2021-05-23-at-13.15.35-1.jpeg'><img decoding=\"async\" width=\"1600\" height=\"900\" src=\"https:\/\/tdv.org\/tr-TR\/wp-content\/uploads\/2021\/05\/WhatsApp-Image-2021-05-23-at-13.15.35-1.jpeg\" class=\"attachment-full size-full\" alt=\"\" srcset=\"https:\/\/tdv.org\/tr-TR\/wp-content\/uploads\/2021\/05\/WhatsApp-Image-2021-05-23-at-13.15.35-1.jpeg 1600w, https:\/\/tdv.org\/tr-TR\/wp-content\/uploads\/2021\/05\/WhatsApp-Image-2021-05-23-at-13.15.35-1-300x169.jpeg 300w, https:\/\/tdv.org\/tr-TR\/wp-content\/uploads\/2021\/05\/WhatsApp-Image-2021-05-23-at-13.15.35-1-1024x576.jpeg 1024w, https:\/\/tdv.org\/tr-TR\/wp-content\/uploads\/2021\/05\/WhatsApp-Image-2021-05-23-at-13.15.35-1-768x432.jpeg 768w, https:\/\/tdv.org\/tr-TR\/wp-content\/uploads\/2021\/05\/WhatsApp-Image-2021-05-23-at-13.15.35-1-1536x864.jpeg 1536w\" sizes=\"(max-width: 1600px) 100vw, 1600px\" \/><\/a>\n\t\t\t<\/dt><\/dl><dl class='gallery-item'>\n\t\t\t<dt class='gallery-icon landscape'>\n\t\t\t\t<a href='https:\/\/tdv.org\/tr-TR\/wp-content\/uploads\/2021\/05\/WhatsApp-Image-2021-05-23-at-13.15.35-2.jpeg'><img decoding=\"async\" width=\"1418\" height=\"945\" src=\"https:\/\/tdv.org\/tr-TR\/wp-content\/uploads\/2021\/05\/WhatsApp-Image-2021-05-23-at-13.15.35-2.jpeg\" class=\"attachment-full size-full\" alt=\"\" srcset=\"https:\/\/tdv.org\/tr-TR\/wp-content\/uploads\/2021\/05\/WhatsApp-Image-2021-05-23-at-13.15.35-2.jpeg 1418w, https:\/\/tdv.org\/tr-TR\/wp-content\/uploads\/2021\/05\/WhatsApp-Image-2021-05-23-at-13.15.35-2-300x200.jpeg 300w, https:\/\/tdv.org\/tr-TR\/wp-content\/uploads\/2021\/05\/WhatsApp-Image-2021-05-23-at-13.15.35-2-1024x682.jpeg 1024w, https:\/\/tdv.org\/tr-TR\/wp-content\/uploads\/2021\/05\/WhatsApp-Image-2021-05-23-at-13.15.35-2-768x512.jpeg 768w, https:\/\/tdv.org\/tr-TR\/wp-content\/uploads\/2021\/05\/WhatsApp-Image-2021-05-23-at-13.15.35-2-900x600.jpeg 900w\" sizes=\"(max-width: 1418px) 100vw, 1418px\" \/><\/a>\n\t\t\t<\/dt><\/dl><dl class='gallery-item'>\n\t\t\t<dt class='gallery-icon landscape'>\n\t\t\t\t<a href='https:\/\/tdv.org\/tr-TR\/wp-content\/uploads\/2021\/05\/WhatsApp-Image-2021-05-23-at-13.15.35.jpeg'><img decoding=\"async\" width=\"1600\" height=\"1066\" src=\"https:\/\/tdv.org\/tr-TR\/wp-content\/uploads\/2021\/05\/WhatsApp-Image-2021-05-23-at-13.15.35.jpeg\" class=\"attachment-full size-full\" alt=\"\" srcset=\"https:\/\/tdv.org\/tr-TR\/wp-content\/uploads\/2021\/05\/WhatsApp-Image-2021-05-23-at-13.15.35.jpeg 1600w, https:\/\/tdv.org\/tr-TR\/wp-content\/uploads\/2021\/05\/WhatsApp-Image-2021-05-23-at-13.15.35-300x200.jpeg 300w, https:\/\/tdv.org\/tr-TR\/wp-content\/uploads\/2021\/05\/WhatsApp-Image-2021-05-23-at-13.15.35-1024x682.jpeg 1024w, https:\/\/tdv.org\/tr-TR\/wp-content\/uploads\/2021\/05\/WhatsApp-Image-2021-05-23-at-13.15.35-768x512.jpeg 768w, https:\/\/tdv.org\/tr-TR\/wp-content\/uploads\/2021\/05\/WhatsApp-Image-2021-05-23-at-13.15.35-1536x1023.jpeg 1536w, https:\/\/tdv.org\/tr-TR\/wp-content\/uploads\/2021\/05\/WhatsApp-Image-2021-05-23-at-13.15.35-900x600.jpeg 900w\" sizes=\"(max-width: 1600px) 100vw, 1600px\" \/><\/a>\n\t\t\t<\/dt><\/dl><br style=\"clear: both\" \/>\n\t\t<\/div>\n\n","protected":false},"excerpt":{"rendered":"<p>\u0130srail sald\u0131r\u0131lar\u0131 sonucu zor g\u00fcnler ya\u015fayan Filistin halk\u0131na destek olmak i\u00e7in imkanlar\u0131n\u0131 seferber eden T\u00fcrkiye Diyanet Vakf\u0131, vatanda\u015flardan gelen talepler do\u011frultusunda kurban yard\u0131m kampanyas\u0131 ba\u015flatt\u0131. T\u00fcrkiye Diyanet Vakf\u0131 M\u00fctevelli Heyeti&#8230;<\/p>\n","protected":false},"author":6,"featured_media":12794,"comment_status":"open","ping_status":"closed","sticky":false,"template":"","format":"standard","meta":{"footnotes":""},"categories":[1],"tags":[132,888,110,1298,106,1307,478],"class_list":{"0":"post-12784","1":"post","2":"type-post","3":"status-publish","4":"format-standard","5":"has-post-thumbnail","7":"category-haberler","8":"tag-adak","9":"tag-akika-ve-sukur-kurbani","10":"tag-filistin","11":"tag-filistin-yardim","12":"tag-gazze","13":"tag-gazze-yardim","14":"tag-yardim"},"yoast_head":"<!-- This site is optimized with the Yoast SEO plugin v27.4 - https:\/\/yoast.com\/product\/yoast-seo-wordpress\/ -->\n<title>TDV, Filistin i\u00e7in kurban yard\u0131m kampanyas\u0131 ba\u015flatt\u0131<\/title>\n<meta name=\"description\" content=\"\u0130srail sald\u0131r\u0131lar\u0131 sonucu zor g\u00fcnler ya\u015fayan Filistin halk\u0131na destek olmak i\u00e7in imkanlar\u0131n\u0131 seferber eden T\u00fcrkiye Diyanet Vakf\u0131, kurban yard\u0131m kampanyas\u0131 ba\u015flatt\u0131.\" \/>\n<meta name=\"robots\" content=\"index, follow, max-snippet:-1, max-image-preview:large, max-video-preview:-1\" \/>\n<link rel=\"canonical\" href=\"https:\/\/tdv.org\/tr-TR\/tdv-filistin-icin-kurban-yardim-kampanyasi-baslatti\/\" \/>\n<meta property=\"og:locale\" content=\"tr_TR\" \/>\n<meta property=\"og:type\" content=\"article\" \/>\n<meta property=\"og:title\" content=\"TDV, Filistin i\u00e7in kurban yard\u0131m kampanyas\u0131 ba\u015flatt\u0131\" \/>\n<meta property=\"og:description\" content=\"\u0130srail sald\u0131r\u0131lar\u0131 sonucu zor g\u00fcnler ya\u015fayan Filistin halk\u0131na destek olmak i\u00e7in imkanlar\u0131n\u0131 seferber eden T\u00fcrkiye Diyanet Vakf\u0131, kurban yard\u0131m kampanyas\u0131 ba\u015flatt\u0131.\" \/>\n<meta property=\"og:url\" content=\"https:\/\/tdv.org\/tr-TR\/tdv-filistin-icin-kurban-yardim-kampanyasi-baslatti\/\" \/>\n<meta property=\"og:site_name\" content=\"T\u00fcrkiye Diyanet Vakf\u0131 Resmi Web Sitesi\" \/>\n<meta property=\"article:publisher\" content=\"https:\/\/www.facebook.com\/Diyanetvakfi\/\" \/>\n<meta property=\"article:published_time\" content=\"2021-05-23T10:25:32+00:00\" \/>\n<meta property=\"article:modified_time\" content=\"2023-11-09T11:46:58+00:00\" \/>\n<meta property=\"og:image\" content=\"https:\/\/tdv.org\/tr-TR\/wp-content\/uploads\/2021\/05\/WhatsApp-Image-2021-05-23-at-13.15.35.jpeg\" \/>\n\t<meta property=\"og:image:width\" content=\"1600\" \/>\n\t<meta property=\"og:image:height\" content=\"1066\" \/>\n\t<meta property=\"og:image:type\" content=\"image\/jpeg\" \/>\n<meta name=\"author\" content=\"Musa\" \/>\n<meta name=\"twitter:card\" content=\"summary_large_image\" \/>\n<meta name=\"twitter:creator\" content=\"@DiyanetVakfi\" \/>\n<meta name=\"twitter:site\" content=\"@DiyanetVakfi\" \/>\n<script type=\"application\/ld+json\" class=\"yoast-schema-graph\">{\"@context\":\"https:\\\/\\\/schema.org\",\"@graph\":[{\"@type\":\"Article\",\"@id\":\"https:\\\/\\\/tdv.org\\\/tr-TR\\\/tdv-filistin-icin-kurban-yardim-kampanyasi-baslatti\\\/#article\",\"isPartOf\":{\"@id\":\"https:\\\/\\\/tdv.org\\\/tr-TR\\\/tdv-filistin-icin-kurban-yardim-kampanyasi-baslatti\\\/\"},\"author\":{\"name\":\"Musa\",\"@id\":\"https:\\\/\\\/tdv.org\\\/tr-TR\\\/#\\\/schema\\\/person\\\/8f21f05615f6bcf071bbd5ee8d376a8f\"},\"headline\":\"TDV, Filistin i\u00e7in kurban yard\u0131m kampanyas\u0131 ba\u015flatt\u0131\",\"datePublished\":\"2021-05-23T10:25:32+00:00\",\"dateModified\":\"2023-11-09T11:46:58+00:00\",\"mainEntityOfPage\":{\"@id\":\"https:\\\/\\\/tdv.org\\\/tr-TR\\\/tdv-filistin-icin-kurban-yardim-kampanyasi-baslatti\\\/\"},\"wordCount\":365,\"commentCount\":0,\"publisher\":{\"@id\":\"https:\\\/\\\/tdv.org\\\/tr-TR\\\/#organization\"},\"image\":{\"@id\":\"https:\\\/\\\/tdv.org\\\/tr-TR\\\/tdv-filistin-icin-kurban-yardim-kampanyasi-baslatti\\\/#primaryimage\"},\"thumbnailUrl\":\"https:\\\/\\\/tdv.org\\\/tr-TR\\\/wp-content\\\/uploads\\\/2021\\\/05\\\/WhatsApp-Image-2021-05-23-at-13.15.35.jpeg\",\"keywords\":[\"adak\",\"akika ve \u015f\u00fck\u00fcr kurban\u0131\",\"filistin\",\"filistin yard\u0131m\",\"gazze\",\"gazze yard\u0131m\",\"yard\u0131m\"],\"articleSection\":[\"Haberler\"],\"inLanguage\":\"tr\",\"potentialAction\":[{\"@type\":\"CommentAction\",\"name\":\"Comment\",\"target\":[\"https:\\\/\\\/tdv.org\\\/tr-TR\\\/tdv-filistin-icin-kurban-yardim-kampanyasi-baslatti\\\/#respond\"]}]},{\"@type\":\"WebPage\",\"@id\":\"https:\\\/\\\/tdv.org\\\/tr-TR\\\/tdv-filistin-icin-kurban-yardim-kampanyasi-baslatti\\\/\",\"url\":\"https:\\\/\\\/tdv.org\\\/tr-TR\\\/tdv-filistin-icin-kurban-yardim-kampanyasi-baslatti\\\/\",\"name\":\"TDV, Filistin i\u00e7in kurban yard\u0131m kampanyas\u0131 ba\u015flatt\u0131\",\"isPartOf\":{\"@id\":\"https:\\\/\\\/tdv.org\\\/tr-TR\\\/#website\"},\"primaryImageOfPage\":{\"@id\":\"https:\\\/\\\/tdv.org\\\/tr-TR\\\/tdv-filistin-icin-kurban-yardim-kampanyasi-baslatti\\\/#primaryimage\"},\"image\":{\"@id\":\"https:\\\/\\\/tdv.org\\\/tr-TR\\\/tdv-filistin-icin-kurban-yardim-kampanyasi-baslatti\\\/#primaryimage\"},\"thumbnailUrl\":\"https:\\\/\\\/tdv.org\\\/tr-TR\\\/wp-content\\\/uploads\\\/2021\\\/05\\\/WhatsApp-Image-2021-05-23-at-13.15.35.jpeg\",\"datePublished\":\"2021-05-23T10:25:32+00:00\",\"dateModified\":\"2023-11-09T11:46:58+00:00\",\"description\":\"\u0130srail sald\u0131r\u0131lar\u0131 sonucu zor g\u00fcnler ya\u015fayan Filistin halk\u0131na destek olmak i\u00e7in imkanlar\u0131n\u0131 seferber eden T\u00fcrkiye Diyanet Vakf\u0131, kurban yard\u0131m kampanyas\u0131 ba\u015flatt\u0131.\",\"breadcrumb\":{\"@id\":\"https:\\\/\\\/tdv.org\\\/tr-TR\\\/tdv-filistin-icin-kurban-yardim-kampanyasi-baslatti\\\/#breadcrumb\"},\"inLanguage\":\"tr\",\"potentialAction\":[{\"@type\":\"ReadAction\",\"target\":[\"https:\\\/\\\/tdv.org\\\/tr-TR\\\/tdv-filistin-icin-kurban-yardim-kampanyasi-baslatti\\\/\"]}]},{\"@type\":\"ImageObject\",\"inLanguage\":\"tr\",\"@id\":\"https:\\\/\\\/tdv.org\\\/tr-TR\\\/tdv-filistin-icin-kurban-yardim-kampanyasi-baslatti\\\/#primaryimage\",\"url\":\"https:\\\/\\\/tdv.org\\\/tr-TR\\\/wp-content\\\/uploads\\\/2021\\\/05\\\/WhatsApp-Image-2021-05-23-at-13.15.35.jpeg\",\"contentUrl\":\"https:\\\/\\\/tdv.org\\\/tr-TR\\\/wp-content\\\/uploads\\\/2021\\\/05\\\/WhatsApp-Image-2021-05-23-at-13.15.35.jpeg\",\"width\":1600,\"height\":1066},{\"@type\":\"BreadcrumbList\",\"@id\":\"https:\\\/\\\/tdv.org\\\/tr-TR\\\/tdv-filistin-icin-kurban-yardim-kampanyasi-baslatti\\\/#breadcrumb\",\"itemListElement\":[{\"@type\":\"ListItem\",\"position\":1,\"name\":\"Anasayfa\",\"item\":\"https:\\\/\\\/tdv.org\\\/tr-TR\\\/\"},{\"@type\":\"ListItem\",\"position\":2,\"name\":\"TDV, Filistin i\u00e7in kurban yard\u0131m kampanyas\u0131 ba\u015flatt\u0131\"}]},{\"@type\":\"WebSite\",\"@id\":\"https:\\\/\\\/tdv.org\\\/tr-TR\\\/#website\",\"url\":\"https:\\\/\\\/tdv.org\\\/tr-TR\\\/\",\"name\":\"T\u00fcrkiye Diyanet Vakf\u0131 Resmi Web Sitesi\",\"description\":\"Yery\u00fcz\u00fcnde iyilik egemen oluncaya kadar\",\"publisher\":{\"@id\":\"https:\\\/\\\/tdv.org\\\/tr-TR\\\/#organization\"},\"alternateName\":\"T\u00fcrkiye Diyanet Vakf\u0131\",\"potentialAction\":[{\"@type\":\"SearchAction\",\"target\":{\"@type\":\"EntryPoint\",\"urlTemplate\":\"https:\\\/\\\/tdv.org\\\/tr-TR\\\/?s={search_term_string}\"},\"query-input\":{\"@type\":\"PropertyValueSpecification\",\"valueRequired\":true,\"valueName\":\"search_term_string\"}}],\"inLanguage\":\"tr\"},{\"@type\":\"Organization\",\"@id\":\"https:\\\/\\\/tdv.org\\\/tr-TR\\\/#organization\",\"name\":\"T\u00fcrkiye Diyanet Vakf\u0131\",\"alternateName\":\"T\u00fcrkiye Diyanet Vakf\u0131\",\"url\":\"https:\\\/\\\/tdv.org\\\/tr-TR\\\/\",\"logo\":{\"@type\":\"ImageObject\",\"inLanguage\":\"tr\",\"@id\":\"https:\\\/\\\/tdv.org\\\/tr-TR\\\/#\\\/schema\\\/logo\\\/image\\\/\",\"url\":\"https:\\\/\\\/tdv.org\\\/tr-TR\\\/wp-content\\\/uploads\\\/2018\\\/12\\\/TDV_Logo_1.png\",\"contentUrl\":\"https:\\\/\\\/tdv.org\\\/tr-TR\\\/wp-content\\\/uploads\\\/2018\\\/12\\\/TDV_Logo_1.png\",\"width\":207,\"height\":71,\"caption\":\"T\u00fcrkiye Diyanet Vakf\u0131\"},\"image\":{\"@id\":\"https:\\\/\\\/tdv.org\\\/tr-TR\\\/#\\\/schema\\\/logo\\\/image\\\/\"},\"sameAs\":[\"https:\\\/\\\/www.facebook.com\\\/Diyanetvakfi\\\/\",\"https:\\\/\\\/x.com\\\/DiyanetVakfi\",\"https:\\\/\\\/www.instagram.com\\\/turkiyediyanetvakfi\\\/\",\"https:\\\/\\\/www.youtube.com\\\/user\\\/TurkiyeDiyanetVakfi\"]},{\"@type\":\"Person\",\"@id\":\"https:\\\/\\\/tdv.org\\\/tr-TR\\\/#\\\/schema\\\/person\\\/8f21f05615f6bcf071bbd5ee8d376a8f\",\"name\":\"Musa\",\"image\":{\"@type\":\"ImageObject\",\"inLanguage\":\"tr\",\"@id\":\"https:\\\/\\\/tdv.org\\\/tr-TR\\\/wp-content\\\/litespeed\\\/avatar\\\/5b7955b12151edf37ee458402c4c6b7f.jpg?ver=1776690577\",\"url\":\"https:\\\/\\\/tdv.org\\\/tr-TR\\\/wp-content\\\/litespeed\\\/avatar\\\/5b7955b12151edf37ee458402c4c6b7f.jpg?ver=1776690577\",\"contentUrl\":\"https:\\\/\\\/tdv.org\\\/tr-TR\\\/wp-content\\\/litespeed\\\/avatar\\\/5b7955b12151edf37ee458402c4c6b7f.jpg?ver=1776690577\",\"caption\":\"Musa\"},\"sameAs\":[\"http:\\\/\\\/www.tdv.org\"]}]}<\/script>\n<!-- \/ Yoast SEO plugin. -->","yoast_head_json":{"title":"TDV, Filistin i\u00e7in kurban yard\u0131m kampanyas\u0131 ba\u015flatt\u0131","description":"\u0130srail sald\u0131r\u0131lar\u0131 sonucu zor g\u00fcnler ya\u015fayan Filistin halk\u0131na destek olmak i\u00e7in imkanlar\u0131n\u0131 seferber eden T\u00fcrkiye Diyanet Vakf\u0131, kurban yard\u0131m kampanyas\u0131 ba\u015flatt\u0131.","robots":{"index":"index","follow":"follow","max-snippet":"max-snippet:-1","max-image-preview":"max-image-preview:large","max-video-preview":"max-video-preview:-1"},"canonical":"https:\/\/tdv.org\/tr-TR\/tdv-filistin-icin-kurban-yardim-kampanyasi-baslatti\/","og_locale":"tr_TR","og_type":"article","og_title":"TDV, Filistin i\u00e7in kurban yard\u0131m kampanyas\u0131 ba\u015flatt\u0131","og_description":"\u0130srail sald\u0131r\u0131lar\u0131 sonucu zor g\u00fcnler ya\u015fayan Filistin halk\u0131na destek olmak i\u00e7in imkanlar\u0131n\u0131 seferber eden T\u00fcrkiye Diyanet Vakf\u0131, kurban yard\u0131m kampanyas\u0131 ba\u015flatt\u0131.","og_url":"https:\/\/tdv.org\/tr-TR\/tdv-filistin-icin-kurban-yardim-kampanyasi-baslatti\/","og_site_name":"T\u00fcrkiye Diyanet Vakf\u0131 Resmi Web Sitesi","article_publisher":"https:\/\/www.facebook.com\/Diyanetvakfi\/","article_published_time":"2021-05-23T10:25:32+00:00","article_modified_time":"2023-11-09T11:46:58+00:00","og_image":[{"width":1600,"height":1066,"url":"https:\/\/tdv.org\/tr-TR\/wp-content\/uploads\/2021\/05\/WhatsApp-Image-2021-05-23-at-13.15.35.jpeg","type":"image\/jpeg"}],"author":"Musa","twitter_card":"summary_large_image","twitter_creator":"@DiyanetVakfi","twitter_site":"@DiyanetVakfi","schema":{"@context":"https:\/\/schema.org","@graph":[{"@type":"Article","@id":"https:\/\/tdv.org\/tr-TR\/tdv-filistin-icin-kurban-yardim-kampanyasi-baslatti\/#article","isPartOf":{"@id":"https:\/\/tdv.org\/tr-TR\/tdv-filistin-icin-kurban-yardim-kampanyasi-baslatti\/"},"author":{"name":"Musa","@id":"https:\/\/tdv.org\/tr-TR\/#\/schema\/person\/8f21f05615f6bcf071bbd5ee8d376a8f"},"headline":"TDV, Filistin i\u00e7in kurban yard\u0131m kampanyas\u0131 ba\u015flatt\u0131","datePublished":"2021-05-23T10:25:32+00:00","dateModified":"2023-11-09T11:46:58+00:00","mainEntityOfPage":{"@id":"https:\/\/tdv.org\/tr-TR\/tdv-filistin-icin-kurban-yardim-kampanyasi-baslatti\/"},"wordCount":365,"commentCount":0,"publisher":{"@id":"https:\/\/tdv.org\/tr-TR\/#organization"},"image":{"@id":"https:\/\/tdv.org\/tr-TR\/tdv-filistin-icin-kurban-yardim-kampanyasi-baslatti\/#primaryimage"},"thumbnailUrl":"https:\/\/tdv.org\/tr-TR\/wp-content\/uploads\/2021\/05\/WhatsApp-Image-2021-05-23-at-13.15.35.jpeg","keywords":["adak","akika ve \u015f\u00fck\u00fcr kurban\u0131","filistin","filistin yard\u0131m","gazze","gazze yard\u0131m","yard\u0131m"],"articleSection":["Haberler"],"inLanguage":"tr","potentialAction":[{"@type":"CommentAction","name":"Comment","target":["https:\/\/tdv.org\/tr-TR\/tdv-filistin-icin-kurban-yardim-kampanyasi-baslatti\/#respond"]}]},{"@type":"WebPage","@id":"https:\/\/tdv.org\/tr-TR\/tdv-filistin-icin-kurban-yardim-kampanyasi-baslatti\/","url":"https:\/\/tdv.org\/tr-TR\/tdv-filistin-icin-kurban-yardim-kampanyasi-baslatti\/","name":"TDV, Filistin i\u00e7in kurban yard\u0131m kampanyas\u0131 ba\u015flatt\u0131","isPartOf":{"@id":"https:\/\/tdv.org\/tr-TR\/#website"},"primaryImageOfPage":{"@id":"https:\/\/tdv.org\/tr-TR\/tdv-filistin-icin-kurban-yardim-kampanyasi-baslatti\/#primaryimage"},"image":{"@id":"https:\/\/tdv.org\/tr-TR\/tdv-filistin-icin-kurban-yardim-kampanyasi-baslatti\/#primaryimage"},"thumbnailUrl":"https:\/\/tdv.org\/tr-TR\/wp-content\/uploads\/2021\/05\/WhatsApp-Image-2021-05-23-at-13.15.35.jpeg","datePublished":"2021-05-23T10:25:32+00:00","dateModified":"2023-11-09T11:46:58+00:00","description":"\u0130srail sald\u0131r\u0131lar\u0131 sonucu zor g\u00fcnler ya\u015fayan Filistin halk\u0131na destek olmak i\u00e7in imkanlar\u0131n\u0131 seferber eden T\u00fcrkiye Diyanet Vakf\u0131, kurban yard\u0131m kampanyas\u0131 ba\u015flatt\u0131.","breadcrumb":{"@id":"https:\/\/tdv.org\/tr-TR\/tdv-filistin-icin-kurban-yardim-kampanyasi-baslatti\/#breadcrumb"},"inLanguage":"tr","potentialAction":[{"@type":"ReadAction","target":["https:\/\/tdv.org\/tr-TR\/tdv-filistin-icin-kurban-yardim-kampanyasi-baslatti\/"]}]},{"@type":"ImageObject","inLanguage":"tr","@id":"https:\/\/tdv.org\/tr-TR\/tdv-filistin-icin-kurban-yardim-kampanyasi-baslatti\/#primaryimage","url":"https:\/\/tdv.org\/tr-TR\/wp-content\/uploads\/2021\/05\/WhatsApp-Image-2021-05-23-at-13.15.35.jpeg","contentUrl":"https:\/\/tdv.org\/tr-TR\/wp-content\/uploads\/2021\/05\/WhatsApp-Image-2021-05-23-at-13.15.35.jpeg","width":1600,"height":1066},{"@type":"BreadcrumbList","@id":"https:\/\/tdv.org\/tr-TR\/tdv-filistin-icin-kurban-yardim-kampanyasi-baslatti\/#breadcrumb","itemListElement":[{"@type":"ListItem","position":1,"name":"Anasayfa","item":"https:\/\/tdv.org\/tr-TR\/"},{"@type":"ListItem","position":2,"name":"TDV, Filistin i\u00e7in kurban yard\u0131m kampanyas\u0131 ba\u015flatt\u0131"}]},{"@type":"WebSite","@id":"https:\/\/tdv.org\/tr-TR\/#website","url":"https:\/\/tdv.org\/tr-TR\/","name":"T\u00fcrkiye Diyanet Vakf\u0131 Resmi Web Sitesi","description":"Yery\u00fcz\u00fcnde iyilik egemen oluncaya kadar","publisher":{"@id":"https:\/\/tdv.org\/tr-TR\/#organization"},"alternateName":"T\u00fcrkiye Diyanet Vakf\u0131","potentialAction":[{"@type":"SearchAction","target":{"@type":"EntryPoint","urlTemplate":"https:\/\/tdv.org\/tr-TR\/?s={search_term_string}"},"query-input":{"@type":"PropertyValueSpecification","valueRequired":true,"valueName":"search_term_string"}}],"inLanguage":"tr"},{"@type":"Organization","@id":"https:\/\/tdv.org\/tr-TR\/#organization","name":"T\u00fcrkiye Diyanet Vakf\u0131","alternateName":"T\u00fcrkiye Diyanet Vakf\u0131","url":"https:\/\/tdv.org\/tr-TR\/","logo":{"@type":"ImageObject","inLanguage":"tr","@id":"https:\/\/tdv.org\/tr-TR\/#\/schema\/logo\/image\/","url":"https:\/\/tdv.org\/tr-TR\/wp-content\/uploads\/2018\/12\/TDV_Logo_1.png","contentUrl":"https:\/\/tdv.org\/tr-TR\/wp-content\/uploads\/2018\/12\/TDV_Logo_1.png","width":207,"height":71,"caption":"T\u00fcrkiye Diyanet Vakf\u0131"},"image":{"@id":"https:\/\/tdv.org\/tr-TR\/#\/schema\/logo\/image\/"},"sameAs":["https:\/\/www.facebook.com\/Diyanetvakfi\/","https:\/\/x.com\/DiyanetVakfi","https:\/\/www.instagram.com\/turkiyediyanetvakfi\/","https:\/\/www.youtube.com\/user\/TurkiyeDiyanetVakfi"]},{"@type":"Person","@id":"https:\/\/tdv.org\/tr-TR\/#\/schema\/person\/8f21f05615f6bcf071bbd5ee8d376a8f","name":"Musa","image":{"@type":"ImageObject","inLanguage":"tr","@id":"https:\/\/tdv.org\/tr-TR\/wp-content\/litespeed\/avatar\/5b7955b12151edf37ee458402c4c6b7f.jpg?ver=1776690577","url":"https:\/\/tdv.org\/tr-TR\/wp-content\/litespeed\/avatar\/5b7955b12151edf37ee458402c4c6b7f.jpg?ver=1776690577","contentUrl":"https:\/\/tdv.org\/tr-TR\/wp-content\/litespeed\/avatar\/5b7955b12151edf37ee458402c4c6b7f.jpg?ver=1776690577","caption":"Musa"},"sameAs":["http:\/\/www.tdv.org"]}]}},"_links":{"self":[{"href":"https:\/\/tdv.org\/tr-TR\/wp-json\/wp\/v2\/posts\/12784","targetHints":{"allow":["GET"]}}],"collection":[{"href":"https:\/\/tdv.org\/tr-TR\/wp-json\/wp\/v2\/posts"}],"about":[{"href":"https:\/\/tdv.org\/tr-TR\/wp-json\/wp\/v2\/types\/post"}],"author":[{"embeddable":true,"href":"https:\/\/tdv.org\/tr-TR\/wp-json\/wp\/v2\/users\/6"}],"replies":[{"embeddable":true,"href":"https:\/\/tdv.org\/tr-TR\/wp-json\/wp\/v2\/comments?post=12784"}],"version-history":[{"count":2,"href":"https:\/\/tdv.org\/tr-TR\/wp-json\/wp\/v2\/posts\/12784\/revisions"}],"predecessor-version":[{"id":34392,"href":"https:\/\/tdv.org\/tr-TR\/wp-json\/wp\/v2\/posts\/12784\/revisions\/34392"}],"wp:featuredmedia":[{"embeddable":true,"href":"https:\/\/tdv.org\/tr-TR\/wp-json\/wp\/v2\/media\/12794"}],"wp:attachment":[{"href":"https:\/\/tdv.org\/tr-TR\/wp-json\/wp\/v2\/media?parent=12784"}],"wp:term":[{"taxonomy":"category","embeddable":true,"href":"https:\/\/tdv.org\/tr-TR\/wp-json\/wp\/v2\/categories?post=12784"},{"taxonomy":"post_tag","embeddable":true,"href":"https:\/\/tdv.org\/tr-TR\/wp-json\/wp\/v2\/tags?post=12784"}],"curies":[{"name":"wp","href":"https:\/\/api.w.org\/{rel}","templated":true}]}}