{"id":12798,"date":"2021-05-26T13:26:12","date_gmt":"2021-05-26T10:26:12","guid":{"rendered":"https:\/\/tdv.org\/tr-TR\/?p=12798"},"modified":"2022-12-14T10:45:19","modified_gmt":"2022-12-14T07:45:19","slug":"tdv-gonulluleri-dalis-yaparak-filistin-bayragi-acti","status":"publish","type":"post","link":"https:\/\/tdv.org\/tr-TR\/tdv-gonulluleri-dalis-yaparak-filistin-bayragi-acti\/","title":{"rendered":"TDV g\u00f6n\u00fcll\u00fcleri dal\u0131\u015f yaparak Filistin bayra\u011f\u0131 a\u00e7t\u0131"},"content":{"rendered":"<p style=\"text-align: justify;\">TDV Gen\u00e7lik Kollar\u0131 sosyal medya \u00fczerinden yapt\u0131\u011f\u0131 destek \u00e7al\u0131\u015fmalar\u0131n\u0131 bir ba\u015fka boyuta ta\u015f\u0131yarak, anlaml\u0131 bir etkinli\u011fe imza att\u0131.<\/p>\n<p style=\"text-align: justify;\">TDV Antalya Gen\u00e7lik Kollar\u0131 \u00f6nc\u00fcl\u00fc\u011f\u00fcnde bir araya gelen Gen\u00e7 TDV G\u00f6n\u00fcll\u00fcleri, Filistin\u2019de ya\u015fanan zulme dikkat \u00e7ekmek i\u00e7in t\u00fcpl\u00fc dal\u0131\u015f yaparak Filistin bayra\u011f\u0131 a\u00e7t\u0131.<\/p>\n<p style=\"text-align: justify;\">T\u00fcrkiye Diyanet Vakf\u0131 Kad\u0131n Aile ve Gen\u00e7lik Hizmetleri M\u00fcd\u00fcr\u00fc Fatma Haral Efe, \u201cTDV Gen\u00e7lik Kollar\u0131 olarak Filistin g\u00fcndemine gen\u00e7lerin de dikkatini \u00e7ekmek i\u00e7in \u00f6ncelikle sosyal medya \u00fczerinden #FilistineUmutOl slogan\u0131yla ba\u015flat\u0131lan etkinli\u011fi ger\u00e7ekle\u015ftirdik. TDV Gen\u00e7lik Kollar\u0131 yap\u0131lanmas\u0131n\u0131n bulundu\u011fu illerdeki g\u00f6n\u00fcll\u00fclerimiz Filistin\u2019de ya\u015fanan ve t\u00fcm d\u00fcnyan\u0131n g\u00f6zleri \u00f6n\u00fcnde devam eden insanl\u0131k dram\u0131na sessiz kalmad\u0131lar. TDV Antalya Gen\u00e7lik Kollar\u0131m\u0131z da g\u00f6n\u00fcll\u00fcleri ile farkl\u0131 bir etkinlikte bir araya gelerek seslerini duyurmak istediler ve t\u00fcpl\u00fc dal\u0131\u015f esnas\u0131nda Filistin bayra\u011f\u0131 a\u00e7t\u0131lar. Bizler de g\u00f6n\u00fcll\u00fclerimizin ger\u00e7ekle\u015ftirdi\u011fi bu \u00e7al\u0131\u015fmaya y\u00fcrekten destek veriyoruz\u201d \u015feklinde konu\u015ftu.<\/p>\n\n\t\t<style type=\"text\/css\">\n\t\t\t#gallery-1 {\n\t\t\t\tmargin: auto;\n\t\t\t}\n\t\t\t#gallery-1 .gallery-item {\n\t\t\t\tfloat: left;\n\t\t\t\tmargin-top: 10px;\n\t\t\t\ttext-align: center;\n\t\t\t\twidth: 33%;\n\t\t\t}\n\t\t\t#gallery-1 img {\n\t\t\t\tborder: 2px solid #cfcfcf;\n\t\t\t}\n\t\t\t#gallery-1 .gallery-caption {\n\t\t\t\tmargin-left: 0;\n\t\t\t}\n\t\t\t\/* see gallery_shortcode() in wp-includes\/media.php *\/\n\t\t<\/style>\n\t\t<div id='gallery-1' class='gallery galleryid-12798 gallery-columns-3 gallery-size-thumbnail'><dl class='gallery-item'>\n\t\t\t<dt class='gallery-icon portrait'>\n\t\t\t\t<a href='https:\/\/tdv.org\/tr-TR\/wp-content\/uploads\/2021\/05\/TDV-gonulluleri-dalis-yaparak-Filistin-bayragi-acti-1.jpeg'><img decoding=\"async\" width=\"150\" height=\"150\" src=\"https:\/\/tdv.org\/tr-TR\/wp-content\/uploads\/2021\/05\/TDV-gonulluleri-dalis-yaparak-Filistin-bayragi-acti-1-150x150.jpeg\" class=\"attachment-thumbnail size-thumbnail\" alt=\"\" srcset=\"https:\/\/tdv.org\/tr-TR\/wp-content\/uploads\/2021\/05\/TDV-gonulluleri-dalis-yaparak-Filistin-bayragi-acti-1-150x150.jpeg 150w, https:\/\/tdv.org\/tr-TR\/wp-content\/uploads\/2021\/05\/TDV-gonulluleri-dalis-yaparak-Filistin-bayragi-acti-1-100x100.jpeg 100w, https:\/\/tdv.org\/tr-TR\/wp-content\/uploads\/2021\/05\/TDV-gonulluleri-dalis-yaparak-Filistin-bayragi-acti-1-140x140.jpeg 140w, https:\/\/tdv.org\/tr-TR\/wp-content\/uploads\/2021\/05\/TDV-gonulluleri-dalis-yaparak-Filistin-bayragi-acti-1-500x500.jpeg 500w, https:\/\/tdv.org\/tr-TR\/wp-content\/uploads\/2021\/05\/TDV-gonulluleri-dalis-yaparak-Filistin-bayragi-acti-1-350x350.jpeg 350w, https:\/\/tdv.org\/tr-TR\/wp-content\/uploads\/2021\/05\/TDV-gonulluleri-dalis-yaparak-Filistin-bayragi-acti-1-1000x1000.jpeg 1000w, https:\/\/tdv.org\/tr-TR\/wp-content\/uploads\/2021\/05\/TDV-gonulluleri-dalis-yaparak-Filistin-bayragi-acti-1-800x800.jpeg 800w\" sizes=\"(max-width: 150px) 100vw, 150px\" \/><\/a>\n\t\t\t<\/dt><\/dl><dl class='gallery-item'>\n\t\t\t<dt class='gallery-icon landscape'>\n\t\t\t\t<a href='https:\/\/tdv.org\/tr-TR\/wp-content\/uploads\/2021\/05\/TDV-gonulluleri-dalis-yaparak-Filistin-bayragi-acti-2.jpeg'><img decoding=\"async\" width=\"150\" height=\"150\" src=\"https:\/\/tdv.org\/tr-TR\/wp-content\/uploads\/2021\/05\/TDV-gonulluleri-dalis-yaparak-Filistin-bayragi-acti-2-150x150.jpeg\" class=\"attachment-thumbnail size-thumbnail\" alt=\"\" srcset=\"https:\/\/tdv.org\/tr-TR\/wp-content\/uploads\/2021\/05\/TDV-gonulluleri-dalis-yaparak-Filistin-bayragi-acti-2-150x150.jpeg 150w, https:\/\/tdv.org\/tr-TR\/wp-content\/uploads\/2021\/05\/TDV-gonulluleri-dalis-yaparak-Filistin-bayragi-acti-2-100x100.jpeg 100w, https:\/\/tdv.org\/tr-TR\/wp-content\/uploads\/2021\/05\/TDV-gonulluleri-dalis-yaparak-Filistin-bayragi-acti-2-140x140.jpeg 140w, https:\/\/tdv.org\/tr-TR\/wp-content\/uploads\/2021\/05\/TDV-gonulluleri-dalis-yaparak-Filistin-bayragi-acti-2-500x500.jpeg 500w, https:\/\/tdv.org\/tr-TR\/wp-content\/uploads\/2021\/05\/TDV-gonulluleri-dalis-yaparak-Filistin-bayragi-acti-2-350x350.jpeg 350w\" sizes=\"(max-width: 150px) 100vw, 150px\" \/><\/a>\n\t\t\t<\/dt><\/dl>\n\t\t\t<br style='clear: both' \/>\n\t\t<\/div>\n\n","protected":false},"excerpt":{"rendered":"<p>TDV Gen\u00e7lik Kollar\u0131 sosyal medya \u00fczerinden yapt\u0131\u011f\u0131 destek \u00e7al\u0131\u015fmalar\u0131n\u0131 bir ba\u015fka boyuta ta\u015f\u0131yarak, anlaml\u0131 bir etkinli\u011fe imza att\u0131. TDV Antalya Gen\u00e7lik Kollar\u0131 \u00f6nc\u00fcl\u00fc\u011f\u00fcnde bir araya gelen Gen\u00e7 TDV G\u00f6n\u00fcll\u00fcleri, Filistin\u2019de&#8230;<\/p>\n","protected":false},"author":6,"featured_media":12799,"comment_status":"open","ping_status":"closed","sticky":false,"template":"","format":"standard","meta":{"footnotes":""},"categories":[1],"tags":[1308,110,668],"class_list":{"0":"post-12798","1":"post","2":"type-post","3":"status-publish","4":"format-standard","5":"has-post-thumbnail","7":"category-haberler","8":"tag-dalis","9":"tag-filistin","10":"tag-gonullu"},"yoast_head":"<!-- This site is optimized with the Yoast SEO plugin v27.4 - https:\/\/yoast.com\/product\/yoast-seo-wordpress\/ -->\n<title>TDV g\u00f6n\u00fcll\u00fcleri dal\u0131\u015f yaparak Filistin bayra\u011f\u0131 a\u00e7t\u0131<\/title>\n<meta name=\"description\" content=\"TDV Gen\u00e7lik Kollar\u0131 sosyal medya \u00fczerinden yapt\u0131\u011f\u0131 destek \u00e7al\u0131\u015fmalar\u0131n\u0131 bir ba\u015fka boyuta ta\u015f\u0131yarak, anlaml\u0131 bir etkinli\u011fe imza att\u0131.\" \/>\n<meta name=\"robots\" content=\"index, follow, max-snippet:-1, max-image-preview:large, max-video-preview:-1\" \/>\n<link rel=\"canonical\" href=\"https:\/\/tdv.org\/tr-TR\/tdv-gonulluleri-dalis-yaparak-filistin-bayragi-acti\/\" \/>\n<meta property=\"og:locale\" content=\"tr_TR\" \/>\n<meta property=\"og:type\" content=\"article\" \/>\n<meta property=\"og:title\" content=\"TDV g\u00f6n\u00fcll\u00fcleri dal\u0131\u015f yaparak Filistin bayra\u011f\u0131 a\u00e7t\u0131\" \/>\n<meta property=\"og:description\" content=\"TDV Gen\u00e7lik Kollar\u0131 sosyal medya \u00fczerinden yapt\u0131\u011f\u0131 destek \u00e7al\u0131\u015fmalar\u0131n\u0131 bir ba\u015fka boyuta ta\u015f\u0131yarak, anlaml\u0131 bir etkinli\u011fe imza att\u0131.\" \/>\n<meta property=\"og:url\" content=\"https:\/\/tdv.org\/tr-TR\/tdv-gonulluleri-dalis-yaparak-filistin-bayragi-acti\/\" \/>\n<meta property=\"og:site_name\" content=\"T\u00fcrkiye Diyanet Vakf\u0131 Resmi Web Sitesi\" \/>\n<meta property=\"article:publisher\" content=\"https:\/\/www.facebook.com\/Diyanetvakfi\/\" \/>\n<meta property=\"article:published_time\" content=\"2021-05-26T10:26:12+00:00\" \/>\n<meta property=\"article:modified_time\" content=\"2022-12-14T07:45:19+00:00\" \/>\n<meta property=\"og:image\" content=\"https:\/\/tdv.org\/tr-TR\/wp-content\/uploads\/2021\/05\/TDV-gonulluleri-dalis-yaparak-Filistin-bayragi-acti-1.jpeg\" \/>\n\t<meta property=\"og:image:width\" content=\"1536\" \/>\n\t<meta property=\"og:image:height\" content=\"2048\" \/>\n\t<meta property=\"og:image:type\" content=\"image\/jpeg\" \/>\n<meta name=\"author\" content=\"Musa\" \/>\n<meta name=\"twitter:card\" content=\"summary_large_image\" \/>\n<meta name=\"twitter:creator\" content=\"@DiyanetVakfi\" \/>\n<meta name=\"twitter:site\" content=\"@DiyanetVakfi\" \/>\n<script type=\"application\/ld+json\" class=\"yoast-schema-graph\">{\"@context\":\"https:\\\/\\\/schema.org\",\"@graph\":[{\"@type\":\"Article\",\"@id\":\"https:\\\/\\\/tdv.org\\\/tr-TR\\\/tdv-gonulluleri-dalis-yaparak-filistin-bayragi-acti\\\/#article\",\"isPartOf\":{\"@id\":\"https:\\\/\\\/tdv.org\\\/tr-TR\\\/tdv-gonulluleri-dalis-yaparak-filistin-bayragi-acti\\\/\"},\"author\":{\"name\":\"Musa\",\"@id\":\"https:\\\/\\\/tdv.org\\\/tr-TR\\\/#\\\/schema\\\/person\\\/8f21f05615f6bcf071bbd5ee8d376a8f\"},\"headline\":\"TDV g\u00f6n\u00fcll\u00fcleri dal\u0131\u015f yaparak Filistin bayra\u011f\u0131 a\u00e7t\u0131\",\"datePublished\":\"2021-05-26T10:26:12+00:00\",\"dateModified\":\"2022-12-14T07:45:19+00:00\",\"mainEntityOfPage\":{\"@id\":\"https:\\\/\\\/tdv.org\\\/tr-TR\\\/tdv-gonulluleri-dalis-yaparak-filistin-bayragi-acti\\\/\"},\"wordCount\":211,\"commentCount\":0,\"publisher\":{\"@id\":\"https:\\\/\\\/tdv.org\\\/tr-TR\\\/#organization\"},\"image\":{\"@id\":\"https:\\\/\\\/tdv.org\\\/tr-TR\\\/tdv-gonulluleri-dalis-yaparak-filistin-bayragi-acti\\\/#primaryimage\"},\"thumbnailUrl\":\"https:\\\/\\\/tdv.org\\\/tr-TR\\\/wp-content\\\/uploads\\\/2021\\\/05\\\/TDV-gonulluleri-dalis-yaparak-Filistin-bayragi-acti-1.jpeg\",\"keywords\":[\"dal\u0131\u015f\",\"filistin\",\"g\u00f6n\u00fcll\u00fc\"],\"articleSection\":[\"Haberler\"],\"inLanguage\":\"tr\",\"potentialAction\":[{\"@type\":\"CommentAction\",\"name\":\"Comment\",\"target\":[\"https:\\\/\\\/tdv.org\\\/tr-TR\\\/tdv-gonulluleri-dalis-yaparak-filistin-bayragi-acti\\\/#respond\"]}]},{\"@type\":\"WebPage\",\"@id\":\"https:\\\/\\\/tdv.org\\\/tr-TR\\\/tdv-gonulluleri-dalis-yaparak-filistin-bayragi-acti\\\/\",\"url\":\"https:\\\/\\\/tdv.org\\\/tr-TR\\\/tdv-gonulluleri-dalis-yaparak-filistin-bayragi-acti\\\/\",\"name\":\"TDV g\u00f6n\u00fcll\u00fcleri dal\u0131\u015f yaparak Filistin bayra\u011f\u0131 a\u00e7t\u0131\",\"isPartOf\":{\"@id\":\"https:\\\/\\\/tdv.org\\\/tr-TR\\\/#website\"},\"primaryImageOfPage\":{\"@id\":\"https:\\\/\\\/tdv.org\\\/tr-TR\\\/tdv-gonulluleri-dalis-yaparak-filistin-bayragi-acti\\\/#primaryimage\"},\"image\":{\"@id\":\"https:\\\/\\\/tdv.org\\\/tr-TR\\\/tdv-gonulluleri-dalis-yaparak-filistin-bayragi-acti\\\/#primaryimage\"},\"thumbnailUrl\":\"https:\\\/\\\/tdv.org\\\/tr-TR\\\/wp-content\\\/uploads\\\/2021\\\/05\\\/TDV-gonulluleri-dalis-yaparak-Filistin-bayragi-acti-1.jpeg\",\"datePublished\":\"2021-05-26T10:26:12+00:00\",\"dateModified\":\"2022-12-14T07:45:19+00:00\",\"description\":\"TDV Gen\u00e7lik Kollar\u0131 sosyal medya \u00fczerinden yapt\u0131\u011f\u0131 destek \u00e7al\u0131\u015fmalar\u0131n\u0131 bir ba\u015fka boyuta ta\u015f\u0131yarak, anlaml\u0131 bir etkinli\u011fe imza att\u0131.\",\"breadcrumb\":{\"@id\":\"https:\\\/\\\/tdv.org\\\/tr-TR\\\/tdv-gonulluleri-dalis-yaparak-filistin-bayragi-acti\\\/#breadcrumb\"},\"inLanguage\":\"tr\",\"potentialAction\":[{\"@type\":\"ReadAction\",\"target\":[\"https:\\\/\\\/tdv.org\\\/tr-TR\\\/tdv-gonulluleri-dalis-yaparak-filistin-bayragi-acti\\\/\"]}]},{\"@type\":\"ImageObject\",\"inLanguage\":\"tr\",\"@id\":\"https:\\\/\\\/tdv.org\\\/tr-TR\\\/tdv-gonulluleri-dalis-yaparak-filistin-bayragi-acti\\\/#primaryimage\",\"url\":\"https:\\\/\\\/tdv.org\\\/tr-TR\\\/wp-content\\\/uploads\\\/2021\\\/05\\\/TDV-gonulluleri-dalis-yaparak-Filistin-bayragi-acti-1.jpeg\",\"contentUrl\":\"https:\\\/\\\/tdv.org\\\/tr-TR\\\/wp-content\\\/uploads\\\/2021\\\/05\\\/TDV-gonulluleri-dalis-yaparak-Filistin-bayragi-acti-1.jpeg\",\"width\":1536,\"height\":2048},{\"@type\":\"BreadcrumbList\",\"@id\":\"https:\\\/\\\/tdv.org\\\/tr-TR\\\/tdv-gonulluleri-dalis-yaparak-filistin-bayragi-acti\\\/#breadcrumb\",\"itemListElement\":[{\"@type\":\"ListItem\",\"position\":1,\"name\":\"Anasayfa\",\"item\":\"https:\\\/\\\/tdv.org\\\/tr-TR\\\/\"},{\"@type\":\"ListItem\",\"position\":2,\"name\":\"TDV g\u00f6n\u00fcll\u00fcleri dal\u0131\u015f yaparak Filistin bayra\u011f\u0131 a\u00e7t\u0131\"}]},{\"@type\":\"WebSite\",\"@id\":\"https:\\\/\\\/tdv.org\\\/tr-TR\\\/#website\",\"url\":\"https:\\\/\\\/tdv.org\\\/tr-TR\\\/\",\"name\":\"T\u00fcrkiye Diyanet Vakf\u0131 Resmi Web Sitesi\",\"description\":\"Yery\u00fcz\u00fcnde iyilik egemen oluncaya kadar\",\"publisher\":{\"@id\":\"https:\\\/\\\/tdv.org\\\/tr-TR\\\/#organization\"},\"alternateName\":\"T\u00fcrkiye Diyanet Vakf\u0131\",\"potentialAction\":[{\"@type\":\"SearchAction\",\"target\":{\"@type\":\"EntryPoint\",\"urlTemplate\":\"https:\\\/\\\/tdv.org\\\/tr-TR\\\/?s={search_term_string}\"},\"query-input\":{\"@type\":\"PropertyValueSpecification\",\"valueRequired\":true,\"valueName\":\"search_term_string\"}}],\"inLanguage\":\"tr\"},{\"@type\":\"Organization\",\"@id\":\"https:\\\/\\\/tdv.org\\\/tr-TR\\\/#organization\",\"name\":\"T\u00fcrkiye Diyanet Vakf\u0131\",\"alternateName\":\"T\u00fcrkiye Diyanet Vakf\u0131\",\"url\":\"https:\\\/\\\/tdv.org\\\/tr-TR\\\/\",\"logo\":{\"@type\":\"ImageObject\",\"inLanguage\":\"tr\",\"@id\":\"https:\\\/\\\/tdv.org\\\/tr-TR\\\/#\\\/schema\\\/logo\\\/image\\\/\",\"url\":\"https:\\\/\\\/tdv.org\\\/tr-TR\\\/wp-content\\\/uploads\\\/2018\\\/12\\\/TDV_Logo_1.png\",\"contentUrl\":\"https:\\\/\\\/tdv.org\\\/tr-TR\\\/wp-content\\\/uploads\\\/2018\\\/12\\\/TDV_Logo_1.png\",\"width\":207,\"height\":71,\"caption\":\"T\u00fcrkiye Diyanet Vakf\u0131\"},\"image\":{\"@id\":\"https:\\\/\\\/tdv.org\\\/tr-TR\\\/#\\\/schema\\\/logo\\\/image\\\/\"},\"sameAs\":[\"https:\\\/\\\/www.facebook.com\\\/Diyanetvakfi\\\/\",\"https:\\\/\\\/x.com\\\/DiyanetVakfi\",\"https:\\\/\\\/www.instagram.com\\\/turkiyediyanetvakfi\\\/\",\"https:\\\/\\\/www.youtube.com\\\/user\\\/TurkiyeDiyanetVakfi\"]},{\"@type\":\"Person\",\"@id\":\"https:\\\/\\\/tdv.org\\\/tr-TR\\\/#\\\/schema\\\/person\\\/8f21f05615f6bcf071bbd5ee8d376a8f\",\"name\":\"Musa\",\"image\":{\"@type\":\"ImageObject\",\"inLanguage\":\"tr\",\"@id\":\"https:\\\/\\\/tdv.org\\\/tr-TR\\\/wp-content\\\/litespeed\\\/avatar\\\/5b7955b12151edf37ee458402c4c6b7f.jpg?ver=1776690577\",\"url\":\"https:\\\/\\\/tdv.org\\\/tr-TR\\\/wp-content\\\/litespeed\\\/avatar\\\/5b7955b12151edf37ee458402c4c6b7f.jpg?ver=1776690577\",\"contentUrl\":\"https:\\\/\\\/tdv.org\\\/tr-TR\\\/wp-content\\\/litespeed\\\/avatar\\\/5b7955b12151edf37ee458402c4c6b7f.jpg?ver=1776690577\",\"caption\":\"Musa\"},\"sameAs\":[\"http:\\\/\\\/www.tdv.org\"]}]}<\/script>\n<!-- \/ Yoast SEO plugin. -->","yoast_head_json":{"title":"TDV g\u00f6n\u00fcll\u00fcleri dal\u0131\u015f yaparak Filistin bayra\u011f\u0131 a\u00e7t\u0131","description":"TDV Gen\u00e7lik Kollar\u0131 sosyal medya \u00fczerinden yapt\u0131\u011f\u0131 destek \u00e7al\u0131\u015fmalar\u0131n\u0131 bir ba\u015fka boyuta ta\u015f\u0131yarak, anlaml\u0131 bir etkinli\u011fe imza att\u0131.","robots":{"index":"index","follow":"follow","max-snippet":"max-snippet:-1","max-image-preview":"max-image-preview:large","max-video-preview":"max-video-preview:-1"},"canonical":"https:\/\/tdv.org\/tr-TR\/tdv-gonulluleri-dalis-yaparak-filistin-bayragi-acti\/","og_locale":"tr_TR","og_type":"article","og_title":"TDV g\u00f6n\u00fcll\u00fcleri dal\u0131\u015f yaparak Filistin bayra\u011f\u0131 a\u00e7t\u0131","og_description":"TDV Gen\u00e7lik Kollar\u0131 sosyal medya \u00fczerinden yapt\u0131\u011f\u0131 destek \u00e7al\u0131\u015fmalar\u0131n\u0131 bir ba\u015fka boyuta ta\u015f\u0131yarak, anlaml\u0131 bir etkinli\u011fe imza att\u0131.","og_url":"https:\/\/tdv.org\/tr-TR\/tdv-gonulluleri-dalis-yaparak-filistin-bayragi-acti\/","og_site_name":"T\u00fcrkiye Diyanet Vakf\u0131 Resmi Web Sitesi","article_publisher":"https:\/\/www.facebook.com\/Diyanetvakfi\/","article_published_time":"2021-05-26T10:26:12+00:00","article_modified_time":"2022-12-14T07:45:19+00:00","og_image":[{"width":1536,"height":2048,"url":"https:\/\/tdv.org\/tr-TR\/wp-content\/uploads\/2021\/05\/TDV-gonulluleri-dalis-yaparak-Filistin-bayragi-acti-1.jpeg","type":"image\/jpeg"}],"author":"Musa","twitter_card":"summary_large_image","twitter_creator":"@DiyanetVakfi","twitter_site":"@DiyanetVakfi","schema":{"@context":"https:\/\/schema.org","@graph":[{"@type":"Article","@id":"https:\/\/tdv.org\/tr-TR\/tdv-gonulluleri-dalis-yaparak-filistin-bayragi-acti\/#article","isPartOf":{"@id":"https:\/\/tdv.org\/tr-TR\/tdv-gonulluleri-dalis-yaparak-filistin-bayragi-acti\/"},"author":{"name":"Musa","@id":"https:\/\/tdv.org\/tr-TR\/#\/schema\/person\/8f21f05615f6bcf071bbd5ee8d376a8f"},"headline":"TDV g\u00f6n\u00fcll\u00fcleri dal\u0131\u015f yaparak Filistin bayra\u011f\u0131 a\u00e7t\u0131","datePublished":"2021-05-26T10:26:12+00:00","dateModified":"2022-12-14T07:45:19+00:00","mainEntityOfPage":{"@id":"https:\/\/tdv.org\/tr-TR\/tdv-gonulluleri-dalis-yaparak-filistin-bayragi-acti\/"},"wordCount":211,"commentCount":0,"publisher":{"@id":"https:\/\/tdv.org\/tr-TR\/#organization"},"image":{"@id":"https:\/\/tdv.org\/tr-TR\/tdv-gonulluleri-dalis-yaparak-filistin-bayragi-acti\/#primaryimage"},"thumbnailUrl":"https:\/\/tdv.org\/tr-TR\/wp-content\/uploads\/2021\/05\/TDV-gonulluleri-dalis-yaparak-Filistin-bayragi-acti-1.jpeg","keywords":["dal\u0131\u015f","filistin","g\u00f6n\u00fcll\u00fc"],"articleSection":["Haberler"],"inLanguage":"tr","potentialAction":[{"@type":"CommentAction","name":"Comment","target":["https:\/\/tdv.org\/tr-TR\/tdv-gonulluleri-dalis-yaparak-filistin-bayragi-acti\/#respond"]}]},{"@type":"WebPage","@id":"https:\/\/tdv.org\/tr-TR\/tdv-gonulluleri-dalis-yaparak-filistin-bayragi-acti\/","url":"https:\/\/tdv.org\/tr-TR\/tdv-gonulluleri-dalis-yaparak-filistin-bayragi-acti\/","name":"TDV g\u00f6n\u00fcll\u00fcleri dal\u0131\u015f yaparak Filistin bayra\u011f\u0131 a\u00e7t\u0131","isPartOf":{"@id":"https:\/\/tdv.org\/tr-TR\/#website"},"primaryImageOfPage":{"@id":"https:\/\/tdv.org\/tr-TR\/tdv-gonulluleri-dalis-yaparak-filistin-bayragi-acti\/#primaryimage"},"image":{"@id":"https:\/\/tdv.org\/tr-TR\/tdv-gonulluleri-dalis-yaparak-filistin-bayragi-acti\/#primaryimage"},"thumbnailUrl":"https:\/\/tdv.org\/tr-TR\/wp-content\/uploads\/2021\/05\/TDV-gonulluleri-dalis-yaparak-Filistin-bayragi-acti-1.jpeg","datePublished":"2021-05-26T10:26:12+00:00","dateModified":"2022-12-14T07:45:19+00:00","description":"TDV Gen\u00e7lik Kollar\u0131 sosyal medya \u00fczerinden yapt\u0131\u011f\u0131 destek \u00e7al\u0131\u015fmalar\u0131n\u0131 bir ba\u015fka boyuta ta\u015f\u0131yarak, anlaml\u0131 bir etkinli\u011fe imza att\u0131.","breadcrumb":{"@id":"https:\/\/tdv.org\/tr-TR\/tdv-gonulluleri-dalis-yaparak-filistin-bayragi-acti\/#breadcrumb"},"inLanguage":"tr","potentialAction":[{"@type":"ReadAction","target":["https:\/\/tdv.org\/tr-TR\/tdv-gonulluleri-dalis-yaparak-filistin-bayragi-acti\/"]}]},{"@type":"ImageObject","inLanguage":"tr","@id":"https:\/\/tdv.org\/tr-TR\/tdv-gonulluleri-dalis-yaparak-filistin-bayragi-acti\/#primaryimage","url":"https:\/\/tdv.org\/tr-TR\/wp-content\/uploads\/2021\/05\/TDV-gonulluleri-dalis-yaparak-Filistin-bayragi-acti-1.jpeg","contentUrl":"https:\/\/tdv.org\/tr-TR\/wp-content\/uploads\/2021\/05\/TDV-gonulluleri-dalis-yaparak-Filistin-bayragi-acti-1.jpeg","width":1536,"height":2048},{"@type":"BreadcrumbList","@id":"https:\/\/tdv.org\/tr-TR\/tdv-gonulluleri-dalis-yaparak-filistin-bayragi-acti\/#breadcrumb","itemListElement":[{"@type":"ListItem","position":1,"name":"Anasayfa","item":"https:\/\/tdv.org\/tr-TR\/"},{"@type":"ListItem","position":2,"name":"TDV g\u00f6n\u00fcll\u00fcleri dal\u0131\u015f yaparak Filistin bayra\u011f\u0131 a\u00e7t\u0131"}]},{"@type":"WebSite","@id":"https:\/\/tdv.org\/tr-TR\/#website","url":"https:\/\/tdv.org\/tr-TR\/","name":"T\u00fcrkiye Diyanet Vakf\u0131 Resmi Web Sitesi","description":"Yery\u00fcz\u00fcnde iyilik egemen oluncaya kadar","publisher":{"@id":"https:\/\/tdv.org\/tr-TR\/#organization"},"alternateName":"T\u00fcrkiye Diyanet Vakf\u0131","potentialAction":[{"@type":"SearchAction","target":{"@type":"EntryPoint","urlTemplate":"https:\/\/tdv.org\/tr-TR\/?s={search_term_string}"},"query-input":{"@type":"PropertyValueSpecification","valueRequired":true,"valueName":"search_term_string"}}],"inLanguage":"tr"},{"@type":"Organization","@id":"https:\/\/tdv.org\/tr-TR\/#organization","name":"T\u00fcrkiye Diyanet Vakf\u0131","alternateName":"T\u00fcrkiye Diyanet Vakf\u0131","url":"https:\/\/tdv.org\/tr-TR\/","logo":{"@type":"ImageObject","inLanguage":"tr","@id":"https:\/\/tdv.org\/tr-TR\/#\/schema\/logo\/image\/","url":"https:\/\/tdv.org\/tr-TR\/wp-content\/uploads\/2018\/12\/TDV_Logo_1.png","contentUrl":"https:\/\/tdv.org\/tr-TR\/wp-content\/uploads\/2018\/12\/TDV_Logo_1.png","width":207,"height":71,"caption":"T\u00fcrkiye Diyanet Vakf\u0131"},"image":{"@id":"https:\/\/tdv.org\/tr-TR\/#\/schema\/logo\/image\/"},"sameAs":["https:\/\/www.facebook.com\/Diyanetvakfi\/","https:\/\/x.com\/DiyanetVakfi","https:\/\/www.instagram.com\/turkiyediyanetvakfi\/","https:\/\/www.youtube.com\/user\/TurkiyeDiyanetVakfi"]},{"@type":"Person","@id":"https:\/\/tdv.org\/tr-TR\/#\/schema\/person\/8f21f05615f6bcf071bbd5ee8d376a8f","name":"Musa","image":{"@type":"ImageObject","inLanguage":"tr","@id":"https:\/\/tdv.org\/tr-TR\/wp-content\/litespeed\/avatar\/5b7955b12151edf37ee458402c4c6b7f.jpg?ver=1776690577","url":"https:\/\/tdv.org\/tr-TR\/wp-content\/litespeed\/avatar\/5b7955b12151edf37ee458402c4c6b7f.jpg?ver=1776690577","contentUrl":"https:\/\/tdv.org\/tr-TR\/wp-content\/litespeed\/avatar\/5b7955b12151edf37ee458402c4c6b7f.jpg?ver=1776690577","caption":"Musa"},"sameAs":["http:\/\/www.tdv.org"]}]}},"_links":{"self":[{"href":"https:\/\/tdv.org\/tr-TR\/wp-json\/wp\/v2\/posts\/12798","targetHints":{"allow":["GET"]}}],"collection":[{"href":"https:\/\/tdv.org\/tr-TR\/wp-json\/wp\/v2\/posts"}],"about":[{"href":"https:\/\/tdv.org\/tr-TR\/wp-json\/wp\/v2\/types\/post"}],"author":[{"embeddable":true,"href":"https:\/\/tdv.org\/tr-TR\/wp-json\/wp\/v2\/users\/6"}],"replies":[{"embeddable":true,"href":"https:\/\/tdv.org\/tr-TR\/wp-json\/wp\/v2\/comments?post=12798"}],"version-history":[{"count":1,"href":"https:\/\/tdv.org\/tr-TR\/wp-json\/wp\/v2\/posts\/12798\/revisions"}],"predecessor-version":[{"id":28913,"href":"https:\/\/tdv.org\/tr-TR\/wp-json\/wp\/v2\/posts\/12798\/revisions\/28913"}],"wp:featuredmedia":[{"embeddable":true,"href":"https:\/\/tdv.org\/tr-TR\/wp-json\/wp\/v2\/media\/12799"}],"wp:attachment":[{"href":"https:\/\/tdv.org\/tr-TR\/wp-json\/wp\/v2\/media?parent=12798"}],"wp:term":[{"taxonomy":"category","embeddable":true,"href":"https:\/\/tdv.org\/tr-TR\/wp-json\/wp\/v2\/categories?post=12798"},{"taxonomy":"post_tag","embeddable":true,"href":"https:\/\/tdv.org\/tr-TR\/wp-json\/wp\/v2\/tags?post=12798"}],"curies":[{"name":"wp","href":"https:\/\/api.w.org\/{rel}","templated":true}]}}