{"id":12802,"date":"2021-05-26T13:34:56","date_gmt":"2021-05-26T10:34:56","guid":{"rendered":"https:\/\/tdv.org\/tr-TR\/?p=12802"},"modified":"2022-12-14T10:44:03","modified_gmt":"2022-12-14T07:44:03","slug":"erzurumlu-minikler-kumbaralarinda-biriktirdikleri-paralari-filistinli-cocuklara-bagisladi","status":"publish","type":"post","link":"https:\/\/tdv.org\/tr-TR\/erzurumlu-minikler-kumbaralarinda-biriktirdikleri-paralari-filistinli-cocuklara-bagisladi\/","title":{"rendered":"Erzurumlu minikler kumbaralar\u0131nda biriktirdikleri paralar\u0131 Filistinli \u00e7ocuklara ba\u011f\u0131\u015flad\u0131"},"content":{"rendered":"<p style=\"text-align: justify;\">Erzurum&#8217;da, 4-6 ya\u015f aral\u0131\u011f\u0131ndaki Kur&#8217;an kursu \u00f6\u011frencileri, kumbaralar\u0131nda biriktirdikleri har\u00e7l\u0131klar\u0131 Filistin&#8217;deki \u00e7ocuklara ba\u011f\u0131\u015flad\u0131.<\/p>\n<p style=\"text-align: justify;\">Yeni tip koronavir\u00fcs (Kovid-19) salg\u0131n\u0131 dolay\u0131s\u0131yla uzaktan e\u011fitim g\u00f6ren 4-6 ya\u015flar\u0131ndaki Erzurum \u0130mam Hatipler Yard\u0131mla\u015fma ve Dayan\u0131\u015fma Derne\u011fi b\u00fcnyesindeki Kur&#8217;an kursu \u00f6\u011frencileri, bir s\u00fcre \u00f6nce ba\u015flatt\u0131klar\u0131 &#8220;Filistin&#8217;e umut ol&#8221; kampanyas\u0131 kapsam\u0131nda kumbaralar\u0131nda biriktirdikleri paralar ve Ramazan Bayram\u0131 har\u00e7l\u0131klar\u0131n\u0131, hocalar\u0131 e\u015fli\u011finde Yakutiye \u0130l\u00e7e M\u00fcft\u00fcl\u00fc\u011f\u00fcne getirdi.<\/p>\n<p style=\"text-align: justify;\">Minik y\u00fcrekler, har\u00e7l\u0131klar\u0131n\u0131n bulundu\u011fu kumbaralar\u0131n\u0131 Filistinli \u00e7ocuklara ula\u015ft\u0131r\u0131lmak \u00fczere \u0130l\u00e7e M\u00fcft\u00fcs\u00fc Selim \u015eahin&#8217;e teslim etti. \u015eahin de \u00e7ocuklara, \u00e7er\u00e7eveletilen &#8220;Filistin&#8217;e umut ol&#8221; yaz\u0131l\u0131 foto\u011fraflar hediye etti.<\/p>\n<p style=\"text-align: justify;\">Selim, \u00e7ocuklara bu hassasiyetinde dolay\u0131 te\u015fekk\u00fcr etti\u011fini belirterek, &#8220;\u00c7ocuklar\u0131m\u0131z\u0131n, yavrular\u0131m\u0131z\u0131n Filistin&#8217;deki akan kana, zulme sessiz kalmay\u0131\u015f\u0131 ve kumbaralar\u0131ndaki k\u0131ymetli biriktirdiklerini, varl\u0131klar\u0131n\u0131 sevgiyle ve g\u00f6n\u00fclden getirmeleri bizi derinden mutlu etti. &#8221; ifadesini kulland\u0131.<\/p>\n<p style=\"text-align: justify;\">Merhametin ve duan\u0131n \u00e7ocuklarda bulunmas\u0131n\u0131n daha g\u00fczel oldu\u011funu vurgulayan Selim, \u00e7ocuklar\u0131n biriktirdi\u011fi har\u00e7l\u0131klar\u0131\u00a0T\u00fcrkiye\u00a0Diyanet\u00a0Vakf\u0131\u00a0arac\u0131l\u0131\u011f\u0131yla Filistin&#8217;e g\u00f6ndereceklerini aktard\u0131.<\/p>\n<p style=\"text-align: justify;\">Selim, \u00e7ocuklar\u0131n yard\u0131m giri\u015fiminin \u00f6nemli oldu\u011funu anlatarak, &#8220;Filistin, Kud\u00fcs, Mescid-i Aksa bizim. Yavrular\u0131m\u0131z ve \u00e7ocuklar\u0131m\u0131zda bu duygu ve muhabbet olduk\u00e7a in\u015fallah oralara d\u00fc\u015fman eli de\u011femeyecek. Biz de onlar\u0131n hayr\u0131 ve g\u00fczellikleri kal\u0131c\u0131 olsun diye kendilerini &#8216;Filistin&#8217;e umut ol&#8217; yaz\u0131l\u0131 foto\u011fraf takdim ettik. Evlerindeki bir k\u00f6\u015feye bu foto\u011fraflar\u0131 asarak Filistin&#8217;i hat\u0131rlas\u0131nlar. Maksat y\u00fcreklerde merhamet eksik olmas\u0131n, \u00e7ocuklar a\u011flamas\u0131n, mazlum kalmas\u0131n, d\u00fcnya sevgiyle kals\u0131n. Bunun ad\u0131 da \u0130slam olsun.&#8221; dedi.<\/p>\n<p style=\"text-align: justify;\">M\u00fcft\u00fc Selim, projeye destek veren Erzurum \u0130mam Hatipler Yard\u0131mla\u015fma ve Dayan\u0131\u015fma Derne\u011fi Ba\u015fkan\u0131 Muhammet \u0130kbal \u00c7i\u00e7ek ile Kur&#8217;an kursu hocalar\u0131 Melek \u00c7inta\u015f ve Kadriye Bilici&#8217;yi tebrik etti.<\/p>\n<p style=\"text-align: justify;\">Kur&#8217;an kursu \u00f6\u011frencilerinden Zehranur Alt\u0131nok da bayram har\u00e7l\u0131\u011f\u0131n\u0131n da i\u00e7inde bulundu\u011fu kumbaras\u0131ndaki paralar\u0131 Filistin&#8217;deki karde\u015flerine g\u00f6nderdikleri i\u00e7in mutlu oldu\u011funu dile getirdi.<\/p>\n\n\t\t<style type=\"text\/css\">\n\t\t\t#gallery-1 {\n\t\t\t\tmargin: auto;\n\t\t\t}\n\t\t\t#gallery-1 .gallery-item {\n\t\t\t\tfloat: left;\n\t\t\t\tmargin-top: 10px;\n\t\t\t\ttext-align: center;\n\t\t\t\twidth: 33%;\n\t\t\t}\n\t\t\t#gallery-1 img {\n\t\t\t\tborder: 2px solid #cfcfcf;\n\t\t\t}\n\t\t\t#gallery-1 .gallery-caption {\n\t\t\t\tmargin-left: 0;\n\t\t\t}\n\t\t\t\/* see gallery_shortcode() in wp-includes\/media.php *\/\n\t\t<\/style>\n\t\t<div id='gallery-1' class='gallery galleryid-12802 gallery-columns-3 gallery-size-thumbnail'><dl class='gallery-item'>\n\t\t\t<dt class='gallery-icon landscape'>\n\t\t\t\t<a href='https:\/\/tdv.org\/tr-TR\/wp-content\/uploads\/2021\/05\/20210525_2_48452978_65488656-scaled.jpg'><img decoding=\"async\" width=\"150\" height=\"150\" src=\"https:\/\/tdv.org\/tr-TR\/wp-content\/uploads\/2021\/05\/20210525_2_48452978_65488656-150x150.jpg\" class=\"attachment-thumbnail size-thumbnail\" alt=\"\" srcset=\"https:\/\/tdv.org\/tr-TR\/wp-content\/uploads\/2021\/05\/20210525_2_48452978_65488656-150x150.jpg 150w, https:\/\/tdv.org\/tr-TR\/wp-content\/uploads\/2021\/05\/20210525_2_48452978_65488656-100x100.jpg 100w, https:\/\/tdv.org\/tr-TR\/wp-content\/uploads\/2021\/05\/20210525_2_48452978_65488656-140x140.jpg 140w, https:\/\/tdv.org\/tr-TR\/wp-content\/uploads\/2021\/05\/20210525_2_48452978_65488656-500x500.jpg 500w, https:\/\/tdv.org\/tr-TR\/wp-content\/uploads\/2021\/05\/20210525_2_48452978_65488656-350x350.jpg 350w, https:\/\/tdv.org\/tr-TR\/wp-content\/uploads\/2021\/05\/20210525_2_48452978_65488656-1000x1000.jpg 1000w, https:\/\/tdv.org\/tr-TR\/wp-content\/uploads\/2021\/05\/20210525_2_48452978_65488656-800x800.jpg 800w\" sizes=\"(max-width: 150px) 100vw, 150px\" \/><\/a>\n\t\t\t<\/dt><\/dl><dl class='gallery-item'>\n\t\t\t<dt class='gallery-icon landscape'>\n\t\t\t\t<a href='https:\/\/tdv.org\/tr-TR\/wp-content\/uploads\/2021\/05\/20210525_2_48452978_65488657-scaled.jpg'><img decoding=\"async\" width=\"150\" height=\"150\" src=\"https:\/\/tdv.org\/tr-TR\/wp-content\/uploads\/2021\/05\/20210525_2_48452978_65488657-150x150.jpg\" class=\"attachment-thumbnail size-thumbnail\" alt=\"\" srcset=\"https:\/\/tdv.org\/tr-TR\/wp-content\/uploads\/2021\/05\/20210525_2_48452978_65488657-150x150.jpg 150w, https:\/\/tdv.org\/tr-TR\/wp-content\/uploads\/2021\/05\/20210525_2_48452978_65488657-100x100.jpg 100w, https:\/\/tdv.org\/tr-TR\/wp-content\/uploads\/2021\/05\/20210525_2_48452978_65488657-140x140.jpg 140w, https:\/\/tdv.org\/tr-TR\/wp-content\/uploads\/2021\/05\/20210525_2_48452978_65488657-500x500.jpg 500w, https:\/\/tdv.org\/tr-TR\/wp-content\/uploads\/2021\/05\/20210525_2_48452978_65488657-350x350.jpg 350w, https:\/\/tdv.org\/tr-TR\/wp-content\/uploads\/2021\/05\/20210525_2_48452978_65488657-1000x1000.jpg 1000w, https:\/\/tdv.org\/tr-TR\/wp-content\/uploads\/2021\/05\/20210525_2_48452978_65488657-800x800.jpg 800w\" sizes=\"(max-width: 150px) 100vw, 150px\" \/><\/a>\n\t\t\t<\/dt><\/dl><dl class='gallery-item'>\n\t\t\t<dt class='gallery-icon landscape'>\n\t\t\t\t<a href='https:\/\/tdv.org\/tr-TR\/wp-content\/uploads\/2021\/05\/20210525_2_48452978_65488658-scaled.jpg'><img decoding=\"async\" width=\"150\" height=\"150\" src=\"https:\/\/tdv.org\/tr-TR\/wp-content\/uploads\/2021\/05\/20210525_2_48452978_65488658-150x150.jpg\" class=\"attachment-thumbnail size-thumbnail\" alt=\"\" srcset=\"https:\/\/tdv.org\/tr-TR\/wp-content\/uploads\/2021\/05\/20210525_2_48452978_65488658-150x150.jpg 150w, https:\/\/tdv.org\/tr-TR\/wp-content\/uploads\/2021\/05\/20210525_2_48452978_65488658-100x100.jpg 100w, https:\/\/tdv.org\/tr-TR\/wp-content\/uploads\/2021\/05\/20210525_2_48452978_65488658-140x140.jpg 140w, https:\/\/tdv.org\/tr-TR\/wp-content\/uploads\/2021\/05\/20210525_2_48452978_65488658-500x500.jpg 500w, https:\/\/tdv.org\/tr-TR\/wp-content\/uploads\/2021\/05\/20210525_2_48452978_65488658-350x350.jpg 350w, https:\/\/tdv.org\/tr-TR\/wp-content\/uploads\/2021\/05\/20210525_2_48452978_65488658-1000x1000.jpg 1000w, https:\/\/tdv.org\/tr-TR\/wp-content\/uploads\/2021\/05\/20210525_2_48452978_65488658-800x800.jpg 800w\" sizes=\"(max-width: 150px) 100vw, 150px\" \/><\/a>\n\t\t\t<\/dt><\/dl><br style=\"clear: both\" \/><dl class='gallery-item'>\n\t\t\t<dt class='gallery-icon landscape'>\n\t\t\t\t<a href='https:\/\/tdv.org\/tr-TR\/wp-content\/uploads\/2021\/05\/20210525_2_48452978_65488659-scaled.jpg'><img decoding=\"async\" width=\"150\" height=\"150\" src=\"https:\/\/tdv.org\/tr-TR\/wp-content\/uploads\/2021\/05\/20210525_2_48452978_65488659-150x150.jpg\" class=\"attachment-thumbnail size-thumbnail\" alt=\"\" srcset=\"https:\/\/tdv.org\/tr-TR\/wp-content\/uploads\/2021\/05\/20210525_2_48452978_65488659-150x150.jpg 150w, https:\/\/tdv.org\/tr-TR\/wp-content\/uploads\/2021\/05\/20210525_2_48452978_65488659-100x100.jpg 100w, https:\/\/tdv.org\/tr-TR\/wp-content\/uploads\/2021\/05\/20210525_2_48452978_65488659-140x140.jpg 140w, https:\/\/tdv.org\/tr-TR\/wp-content\/uploads\/2021\/05\/20210525_2_48452978_65488659-500x500.jpg 500w, https:\/\/tdv.org\/tr-TR\/wp-content\/uploads\/2021\/05\/20210525_2_48452978_65488659-350x350.jpg 350w, https:\/\/tdv.org\/tr-TR\/wp-content\/uploads\/2021\/05\/20210525_2_48452978_65488659-1000x1000.jpg 1000w, https:\/\/tdv.org\/tr-TR\/wp-content\/uploads\/2021\/05\/20210525_2_48452978_65488659-800x800.jpg 800w\" sizes=\"(max-width: 150px) 100vw, 150px\" \/><\/a>\n\t\t\t<\/dt><\/dl><dl class='gallery-item'>\n\t\t\t<dt class='gallery-icon landscape'>\n\t\t\t\t<a href='https:\/\/tdv.org\/tr-TR\/wp-content\/uploads\/2021\/05\/20210525_2_48452978_65488660-scaled.jpg'><img decoding=\"async\" width=\"150\" height=\"150\" src=\"https:\/\/tdv.org\/tr-TR\/wp-content\/uploads\/2021\/05\/20210525_2_48452978_65488660-150x150.jpg\" class=\"attachment-thumbnail size-thumbnail\" alt=\"\" srcset=\"https:\/\/tdv.org\/tr-TR\/wp-content\/uploads\/2021\/05\/20210525_2_48452978_65488660-150x150.jpg 150w, https:\/\/tdv.org\/tr-TR\/wp-content\/uploads\/2021\/05\/20210525_2_48452978_65488660-100x100.jpg 100w, https:\/\/tdv.org\/tr-TR\/wp-content\/uploads\/2021\/05\/20210525_2_48452978_65488660-140x140.jpg 140w, https:\/\/tdv.org\/tr-TR\/wp-content\/uploads\/2021\/05\/20210525_2_48452978_65488660-500x500.jpg 500w, https:\/\/tdv.org\/tr-TR\/wp-content\/uploads\/2021\/05\/20210525_2_48452978_65488660-350x350.jpg 350w, https:\/\/tdv.org\/tr-TR\/wp-content\/uploads\/2021\/05\/20210525_2_48452978_65488660-1000x1000.jpg 1000w, https:\/\/tdv.org\/tr-TR\/wp-content\/uploads\/2021\/05\/20210525_2_48452978_65488660-800x800.jpg 800w\" sizes=\"(max-width: 150px) 100vw, 150px\" \/><\/a>\n\t\t\t<\/dt><\/dl><dl class='gallery-item'>\n\t\t\t<dt class='gallery-icon landscape'>\n\t\t\t\t<a href='https:\/\/tdv.org\/tr-TR\/wp-content\/uploads\/2021\/05\/20210525_2_48452978_65488661-scaled.jpg'><img decoding=\"async\" width=\"150\" height=\"150\" src=\"https:\/\/tdv.org\/tr-TR\/wp-content\/uploads\/2021\/05\/20210525_2_48452978_65488661-150x150.jpg\" class=\"attachment-thumbnail size-thumbnail\" alt=\"\" srcset=\"https:\/\/tdv.org\/tr-TR\/wp-content\/uploads\/2021\/05\/20210525_2_48452978_65488661-150x150.jpg 150w, https:\/\/tdv.org\/tr-TR\/wp-content\/uploads\/2021\/05\/20210525_2_48452978_65488661-100x100.jpg 100w, https:\/\/tdv.org\/tr-TR\/wp-content\/uploads\/2021\/05\/20210525_2_48452978_65488661-140x140.jpg 140w, https:\/\/tdv.org\/tr-TR\/wp-content\/uploads\/2021\/05\/20210525_2_48452978_65488661-500x500.jpg 500w, https:\/\/tdv.org\/tr-TR\/wp-content\/uploads\/2021\/05\/20210525_2_48452978_65488661-350x350.jpg 350w, https:\/\/tdv.org\/tr-TR\/wp-content\/uploads\/2021\/05\/20210525_2_48452978_65488661-1000x1000.jpg 1000w, https:\/\/tdv.org\/tr-TR\/wp-content\/uploads\/2021\/05\/20210525_2_48452978_65488661-800x800.jpg 800w\" sizes=\"(max-width: 150px) 100vw, 150px\" \/><\/a>\n\t\t\t<\/dt><\/dl><br style=\"clear: both\" \/><dl class='gallery-item'>\n\t\t\t<dt class='gallery-icon landscape'>\n\t\t\t\t<a href='https:\/\/tdv.org\/tr-TR\/wp-content\/uploads\/2021\/05\/20210525_2_48452978_65488662-scaled.jpg'><img decoding=\"async\" width=\"150\" height=\"150\" src=\"https:\/\/tdv.org\/tr-TR\/wp-content\/uploads\/2021\/05\/20210525_2_48452978_65488662-150x150.jpg\" class=\"attachment-thumbnail size-thumbnail\" alt=\"\" srcset=\"https:\/\/tdv.org\/tr-TR\/wp-content\/uploads\/2021\/05\/20210525_2_48452978_65488662-150x150.jpg 150w, https:\/\/tdv.org\/tr-TR\/wp-content\/uploads\/2021\/05\/20210525_2_48452978_65488662-100x100.jpg 100w, https:\/\/tdv.org\/tr-TR\/wp-content\/uploads\/2021\/05\/20210525_2_48452978_65488662-140x140.jpg 140w, https:\/\/tdv.org\/tr-TR\/wp-content\/uploads\/2021\/05\/20210525_2_48452978_65488662-500x500.jpg 500w, https:\/\/tdv.org\/tr-TR\/wp-content\/uploads\/2021\/05\/20210525_2_48452978_65488662-350x350.jpg 350w, https:\/\/tdv.org\/tr-TR\/wp-content\/uploads\/2021\/05\/20210525_2_48452978_65488662-1000x1000.jpg 1000w, https:\/\/tdv.org\/tr-TR\/wp-content\/uploads\/2021\/05\/20210525_2_48452978_65488662-800x800.jpg 800w\" sizes=\"(max-width: 150px) 100vw, 150px\" \/><\/a>\n\t\t\t<\/dt><\/dl>\n\t\t\t<br style='clear: both' \/>\n\t\t<\/div>\n\n","protected":false},"excerpt":{"rendered":"<p>Erzurum&#8217;da, 4-6 ya\u015f aral\u0131\u011f\u0131ndaki Kur&#8217;an kursu \u00f6\u011frencileri, kumbaralar\u0131nda biriktirdikleri har\u00e7l\u0131klar\u0131 Filistin&#8217;deki \u00e7ocuklara ba\u011f\u0131\u015flad\u0131. Yeni tip koronavir\u00fcs (Kovid-19) salg\u0131n\u0131 dolay\u0131s\u0131yla uzaktan e\u011fitim g\u00f6ren 4-6 ya\u015flar\u0131ndaki Erzurum \u0130mam Hatipler Yard\u0131mla\u015fma ve Dayan\u0131\u015fma&#8230;<\/p>\n","protected":false},"author":6,"featured_media":12808,"comment_status":"open","ping_status":"closed","sticky":false,"template":"","format":"standard","meta":{"footnotes":""},"categories":[1],"tags":[471,110,899,1309],"class_list":{"0":"post-12802","1":"post","2":"type-post","3":"status-publish","4":"format-standard","5":"has-post-thumbnail","7":"category-haberler","8":"tag-4-6-yas-kuran-kursu","9":"tag-filistin","10":"tag-harclik","11":"tag-kumbara"},"yoast_head":"<!-- This site is optimized with the Yoast SEO plugin v27.4 - https:\/\/yoast.com\/product\/yoast-seo-wordpress\/ -->\n<title>Erzurumlu minikler kumbaralar\u0131nda biriktirdikleri paralar\u0131 Filistinli \u00e7ocuklara ba\u011f\u0131\u015flad\u0131<\/title>\n<meta name=\"description\" content=\"Erzurum&#039;da, 4-6 ya\u015f aral\u0131\u011f\u0131ndaki Kur&#039;an kursu \u00f6\u011frencileri, kumbaralar\u0131nda biriktirdikleri har\u00e7l\u0131klar\u0131 Filistin&#039;deki \u00e7ocuklara ba\u011f\u0131\u015flad\u0131.\" \/>\n<meta name=\"robots\" content=\"index, follow, max-snippet:-1, max-image-preview:large, max-video-preview:-1\" \/>\n<link rel=\"canonical\" href=\"https:\/\/tdv.org\/tr-TR\/erzurumlu-minikler-kumbaralarinda-biriktirdikleri-paralari-filistinli-cocuklara-bagisladi\/\" \/>\n<meta property=\"og:locale\" content=\"tr_TR\" \/>\n<meta property=\"og:type\" content=\"article\" \/>\n<meta property=\"og:title\" content=\"Erzurumlu minikler kumbaralar\u0131nda biriktirdikleri paralar\u0131 Filistinli \u00e7ocuklara ba\u011f\u0131\u015flad\u0131\" \/>\n<meta property=\"og:description\" content=\"Erzurum&#039;da, 4-6 ya\u015f aral\u0131\u011f\u0131ndaki Kur&#039;an kursu \u00f6\u011frencileri, kumbaralar\u0131nda biriktirdikleri har\u00e7l\u0131klar\u0131 Filistin&#039;deki \u00e7ocuklara ba\u011f\u0131\u015flad\u0131.\" \/>\n<meta property=\"og:url\" content=\"https:\/\/tdv.org\/tr-TR\/erzurumlu-minikler-kumbaralarinda-biriktirdikleri-paralari-filistinli-cocuklara-bagisladi\/\" \/>\n<meta property=\"og:site_name\" content=\"T\u00fcrkiye Diyanet Vakf\u0131 Resmi Web Sitesi\" \/>\n<meta property=\"article:publisher\" content=\"https:\/\/www.facebook.com\/Diyanetvakfi\/\" \/>\n<meta property=\"article:published_time\" content=\"2021-05-26T10:34:56+00:00\" \/>\n<meta property=\"article:modified_time\" content=\"2022-12-14T07:44:03+00:00\" \/>\n<meta property=\"og:image\" content=\"https:\/\/tdv.org\/tr-TR\/wp-content\/uploads\/2021\/05\/20210525_2_48452978_65488661-scaled.jpg\" \/>\n\t<meta property=\"og:image:width\" content=\"2560\" \/>\n\t<meta property=\"og:image:height\" content=\"1707\" \/>\n\t<meta property=\"og:image:type\" content=\"image\/jpeg\" \/>\n<meta name=\"author\" content=\"Musa\" \/>\n<meta name=\"twitter:card\" content=\"summary_large_image\" \/>\n<meta name=\"twitter:creator\" content=\"@DiyanetVakfi\" \/>\n<meta name=\"twitter:site\" content=\"@DiyanetVakfi\" \/>\n<script type=\"application\/ld+json\" class=\"yoast-schema-graph\">{\"@context\":\"https:\\\/\\\/schema.org\",\"@graph\":[{\"@type\":\"Article\",\"@id\":\"https:\\\/\\\/tdv.org\\\/tr-TR\\\/erzurumlu-minikler-kumbaralarinda-biriktirdikleri-paralari-filistinli-cocuklara-bagisladi\\\/#article\",\"isPartOf\":{\"@id\":\"https:\\\/\\\/tdv.org\\\/tr-TR\\\/erzurumlu-minikler-kumbaralarinda-biriktirdikleri-paralari-filistinli-cocuklara-bagisladi\\\/\"},\"author\":{\"name\":\"Musa\",\"@id\":\"https:\\\/\\\/tdv.org\\\/tr-TR\\\/#\\\/schema\\\/person\\\/8f21f05615f6bcf071bbd5ee8d376a8f\"},\"headline\":\"Erzurumlu minikler kumbaralar\u0131nda biriktirdikleri paralar\u0131 Filistinli \u00e7ocuklara ba\u011f\u0131\u015flad\u0131\",\"datePublished\":\"2021-05-26T10:34:56+00:00\",\"dateModified\":\"2022-12-14T07:44:03+00:00\",\"mainEntityOfPage\":{\"@id\":\"https:\\\/\\\/tdv.org\\\/tr-TR\\\/erzurumlu-minikler-kumbaralarinda-biriktirdikleri-paralari-filistinli-cocuklara-bagisladi\\\/\"},\"wordCount\":402,\"commentCount\":0,\"publisher\":{\"@id\":\"https:\\\/\\\/tdv.org\\\/tr-TR\\\/#organization\"},\"image\":{\"@id\":\"https:\\\/\\\/tdv.org\\\/tr-TR\\\/erzurumlu-minikler-kumbaralarinda-biriktirdikleri-paralari-filistinli-cocuklara-bagisladi\\\/#primaryimage\"},\"thumbnailUrl\":\"https:\\\/\\\/tdv.org\\\/tr-TR\\\/wp-content\\\/uploads\\\/2021\\\/05\\\/20210525_2_48452978_65488661-scaled.jpg\",\"keywords\":[\"4-6 ya\u015f kuran kursu\",\"filistin\",\"har\u00e7l\u0131k\",\"kumbara\"],\"articleSection\":[\"Haberler\"],\"inLanguage\":\"tr\",\"potentialAction\":[{\"@type\":\"CommentAction\",\"name\":\"Comment\",\"target\":[\"https:\\\/\\\/tdv.org\\\/tr-TR\\\/erzurumlu-minikler-kumbaralarinda-biriktirdikleri-paralari-filistinli-cocuklara-bagisladi\\\/#respond\"]}]},{\"@type\":\"WebPage\",\"@id\":\"https:\\\/\\\/tdv.org\\\/tr-TR\\\/erzurumlu-minikler-kumbaralarinda-biriktirdikleri-paralari-filistinli-cocuklara-bagisladi\\\/\",\"url\":\"https:\\\/\\\/tdv.org\\\/tr-TR\\\/erzurumlu-minikler-kumbaralarinda-biriktirdikleri-paralari-filistinli-cocuklara-bagisladi\\\/\",\"name\":\"Erzurumlu minikler kumbaralar\u0131nda biriktirdikleri paralar\u0131 Filistinli \u00e7ocuklara ba\u011f\u0131\u015flad\u0131\",\"isPartOf\":{\"@id\":\"https:\\\/\\\/tdv.org\\\/tr-TR\\\/#website\"},\"primaryImageOfPage\":{\"@id\":\"https:\\\/\\\/tdv.org\\\/tr-TR\\\/erzurumlu-minikler-kumbaralarinda-biriktirdikleri-paralari-filistinli-cocuklara-bagisladi\\\/#primaryimage\"},\"image\":{\"@id\":\"https:\\\/\\\/tdv.org\\\/tr-TR\\\/erzurumlu-minikler-kumbaralarinda-biriktirdikleri-paralari-filistinli-cocuklara-bagisladi\\\/#primaryimage\"},\"thumbnailUrl\":\"https:\\\/\\\/tdv.org\\\/tr-TR\\\/wp-content\\\/uploads\\\/2021\\\/05\\\/20210525_2_48452978_65488661-scaled.jpg\",\"datePublished\":\"2021-05-26T10:34:56+00:00\",\"dateModified\":\"2022-12-14T07:44:03+00:00\",\"description\":\"Erzurum'da, 4-6 ya\u015f aral\u0131\u011f\u0131ndaki Kur'an kursu \u00f6\u011frencileri, kumbaralar\u0131nda biriktirdikleri har\u00e7l\u0131klar\u0131 Filistin'deki \u00e7ocuklara ba\u011f\u0131\u015flad\u0131.\",\"breadcrumb\":{\"@id\":\"https:\\\/\\\/tdv.org\\\/tr-TR\\\/erzurumlu-minikler-kumbaralarinda-biriktirdikleri-paralari-filistinli-cocuklara-bagisladi\\\/#breadcrumb\"},\"inLanguage\":\"tr\",\"potentialAction\":[{\"@type\":\"ReadAction\",\"target\":[\"https:\\\/\\\/tdv.org\\\/tr-TR\\\/erzurumlu-minikler-kumbaralarinda-biriktirdikleri-paralari-filistinli-cocuklara-bagisladi\\\/\"]}]},{\"@type\":\"ImageObject\",\"inLanguage\":\"tr\",\"@id\":\"https:\\\/\\\/tdv.org\\\/tr-TR\\\/erzurumlu-minikler-kumbaralarinda-biriktirdikleri-paralari-filistinli-cocuklara-bagisladi\\\/#primaryimage\",\"url\":\"https:\\\/\\\/tdv.org\\\/tr-TR\\\/wp-content\\\/uploads\\\/2021\\\/05\\\/20210525_2_48452978_65488661-scaled.jpg\",\"contentUrl\":\"https:\\\/\\\/tdv.org\\\/tr-TR\\\/wp-content\\\/uploads\\\/2021\\\/05\\\/20210525_2_48452978_65488661-scaled.jpg\",\"width\":2560,\"height\":1707},{\"@type\":\"BreadcrumbList\",\"@id\":\"https:\\\/\\\/tdv.org\\\/tr-TR\\\/erzurumlu-minikler-kumbaralarinda-biriktirdikleri-paralari-filistinli-cocuklara-bagisladi\\\/#breadcrumb\",\"itemListElement\":[{\"@type\":\"ListItem\",\"position\":1,\"name\":\"Anasayfa\",\"item\":\"https:\\\/\\\/tdv.org\\\/tr-TR\\\/\"},{\"@type\":\"ListItem\",\"position\":2,\"name\":\"Erzurumlu minikler kumbaralar\u0131nda biriktirdikleri paralar\u0131 Filistinli \u00e7ocuklara ba\u011f\u0131\u015flad\u0131\"}]},{\"@type\":\"WebSite\",\"@id\":\"https:\\\/\\\/tdv.org\\\/tr-TR\\\/#website\",\"url\":\"https:\\\/\\\/tdv.org\\\/tr-TR\\\/\",\"name\":\"T\u00fcrkiye Diyanet Vakf\u0131 Resmi Web Sitesi\",\"description\":\"Yery\u00fcz\u00fcnde iyilik egemen oluncaya kadar\",\"publisher\":{\"@id\":\"https:\\\/\\\/tdv.org\\\/tr-TR\\\/#organization\"},\"alternateName\":\"T\u00fcrkiye Diyanet Vakf\u0131\",\"potentialAction\":[{\"@type\":\"SearchAction\",\"target\":{\"@type\":\"EntryPoint\",\"urlTemplate\":\"https:\\\/\\\/tdv.org\\\/tr-TR\\\/?s={search_term_string}\"},\"query-input\":{\"@type\":\"PropertyValueSpecification\",\"valueRequired\":true,\"valueName\":\"search_term_string\"}}],\"inLanguage\":\"tr\"},{\"@type\":\"Organization\",\"@id\":\"https:\\\/\\\/tdv.org\\\/tr-TR\\\/#organization\",\"name\":\"T\u00fcrkiye Diyanet Vakf\u0131\",\"alternateName\":\"T\u00fcrkiye Diyanet Vakf\u0131\",\"url\":\"https:\\\/\\\/tdv.org\\\/tr-TR\\\/\",\"logo\":{\"@type\":\"ImageObject\",\"inLanguage\":\"tr\",\"@id\":\"https:\\\/\\\/tdv.org\\\/tr-TR\\\/#\\\/schema\\\/logo\\\/image\\\/\",\"url\":\"https:\\\/\\\/tdv.org\\\/tr-TR\\\/wp-content\\\/uploads\\\/2018\\\/12\\\/TDV_Logo_1.png\",\"contentUrl\":\"https:\\\/\\\/tdv.org\\\/tr-TR\\\/wp-content\\\/uploads\\\/2018\\\/12\\\/TDV_Logo_1.png\",\"width\":207,\"height\":71,\"caption\":\"T\u00fcrkiye Diyanet Vakf\u0131\"},\"image\":{\"@id\":\"https:\\\/\\\/tdv.org\\\/tr-TR\\\/#\\\/schema\\\/logo\\\/image\\\/\"},\"sameAs\":[\"https:\\\/\\\/www.facebook.com\\\/Diyanetvakfi\\\/\",\"https:\\\/\\\/x.com\\\/DiyanetVakfi\",\"https:\\\/\\\/www.instagram.com\\\/turkiyediyanetvakfi\\\/\",\"https:\\\/\\\/www.youtube.com\\\/user\\\/TurkiyeDiyanetVakfi\"]},{\"@type\":\"Person\",\"@id\":\"https:\\\/\\\/tdv.org\\\/tr-TR\\\/#\\\/schema\\\/person\\\/8f21f05615f6bcf071bbd5ee8d376a8f\",\"name\":\"Musa\",\"image\":{\"@type\":\"ImageObject\",\"inLanguage\":\"tr\",\"@id\":\"https:\\\/\\\/tdv.org\\\/tr-TR\\\/wp-content\\\/litespeed\\\/avatar\\\/5b7955b12151edf37ee458402c4c6b7f.jpg?ver=1776690577\",\"url\":\"https:\\\/\\\/tdv.org\\\/tr-TR\\\/wp-content\\\/litespeed\\\/avatar\\\/5b7955b12151edf37ee458402c4c6b7f.jpg?ver=1776690577\",\"contentUrl\":\"https:\\\/\\\/tdv.org\\\/tr-TR\\\/wp-content\\\/litespeed\\\/avatar\\\/5b7955b12151edf37ee458402c4c6b7f.jpg?ver=1776690577\",\"caption\":\"Musa\"},\"sameAs\":[\"http:\\\/\\\/www.tdv.org\"]}]}<\/script>\n<!-- \/ Yoast SEO plugin. -->","yoast_head_json":{"title":"Erzurumlu minikler kumbaralar\u0131nda biriktirdikleri paralar\u0131 Filistinli \u00e7ocuklara ba\u011f\u0131\u015flad\u0131","description":"Erzurum'da, 4-6 ya\u015f aral\u0131\u011f\u0131ndaki Kur'an kursu \u00f6\u011frencileri, kumbaralar\u0131nda biriktirdikleri har\u00e7l\u0131klar\u0131 Filistin'deki \u00e7ocuklara ba\u011f\u0131\u015flad\u0131.","robots":{"index":"index","follow":"follow","max-snippet":"max-snippet:-1","max-image-preview":"max-image-preview:large","max-video-preview":"max-video-preview:-1"},"canonical":"https:\/\/tdv.org\/tr-TR\/erzurumlu-minikler-kumbaralarinda-biriktirdikleri-paralari-filistinli-cocuklara-bagisladi\/","og_locale":"tr_TR","og_type":"article","og_title":"Erzurumlu minikler kumbaralar\u0131nda biriktirdikleri paralar\u0131 Filistinli \u00e7ocuklara ba\u011f\u0131\u015flad\u0131","og_description":"Erzurum'da, 4-6 ya\u015f aral\u0131\u011f\u0131ndaki Kur'an kursu \u00f6\u011frencileri, kumbaralar\u0131nda biriktirdikleri har\u00e7l\u0131klar\u0131 Filistin'deki \u00e7ocuklara ba\u011f\u0131\u015flad\u0131.","og_url":"https:\/\/tdv.org\/tr-TR\/erzurumlu-minikler-kumbaralarinda-biriktirdikleri-paralari-filistinli-cocuklara-bagisladi\/","og_site_name":"T\u00fcrkiye Diyanet Vakf\u0131 Resmi Web Sitesi","article_publisher":"https:\/\/www.facebook.com\/Diyanetvakfi\/","article_published_time":"2021-05-26T10:34:56+00:00","article_modified_time":"2022-12-14T07:44:03+00:00","og_image":[{"width":2560,"height":1707,"url":"https:\/\/tdv.org\/tr-TR\/wp-content\/uploads\/2021\/05\/20210525_2_48452978_65488661-scaled.jpg","type":"image\/jpeg"}],"author":"Musa","twitter_card":"summary_large_image","twitter_creator":"@DiyanetVakfi","twitter_site":"@DiyanetVakfi","schema":{"@context":"https:\/\/schema.org","@graph":[{"@type":"Article","@id":"https:\/\/tdv.org\/tr-TR\/erzurumlu-minikler-kumbaralarinda-biriktirdikleri-paralari-filistinli-cocuklara-bagisladi\/#article","isPartOf":{"@id":"https:\/\/tdv.org\/tr-TR\/erzurumlu-minikler-kumbaralarinda-biriktirdikleri-paralari-filistinli-cocuklara-bagisladi\/"},"author":{"name":"Musa","@id":"https:\/\/tdv.org\/tr-TR\/#\/schema\/person\/8f21f05615f6bcf071bbd5ee8d376a8f"},"headline":"Erzurumlu minikler kumbaralar\u0131nda biriktirdikleri paralar\u0131 Filistinli \u00e7ocuklara ba\u011f\u0131\u015flad\u0131","datePublished":"2021-05-26T10:34:56+00:00","dateModified":"2022-12-14T07:44:03+00:00","mainEntityOfPage":{"@id":"https:\/\/tdv.org\/tr-TR\/erzurumlu-minikler-kumbaralarinda-biriktirdikleri-paralari-filistinli-cocuklara-bagisladi\/"},"wordCount":402,"commentCount":0,"publisher":{"@id":"https:\/\/tdv.org\/tr-TR\/#organization"},"image":{"@id":"https:\/\/tdv.org\/tr-TR\/erzurumlu-minikler-kumbaralarinda-biriktirdikleri-paralari-filistinli-cocuklara-bagisladi\/#primaryimage"},"thumbnailUrl":"https:\/\/tdv.org\/tr-TR\/wp-content\/uploads\/2021\/05\/20210525_2_48452978_65488661-scaled.jpg","keywords":["4-6 ya\u015f kuran kursu","filistin","har\u00e7l\u0131k","kumbara"],"articleSection":["Haberler"],"inLanguage":"tr","potentialAction":[{"@type":"CommentAction","name":"Comment","target":["https:\/\/tdv.org\/tr-TR\/erzurumlu-minikler-kumbaralarinda-biriktirdikleri-paralari-filistinli-cocuklara-bagisladi\/#respond"]}]},{"@type":"WebPage","@id":"https:\/\/tdv.org\/tr-TR\/erzurumlu-minikler-kumbaralarinda-biriktirdikleri-paralari-filistinli-cocuklara-bagisladi\/","url":"https:\/\/tdv.org\/tr-TR\/erzurumlu-minikler-kumbaralarinda-biriktirdikleri-paralari-filistinli-cocuklara-bagisladi\/","name":"Erzurumlu minikler kumbaralar\u0131nda biriktirdikleri paralar\u0131 Filistinli \u00e7ocuklara ba\u011f\u0131\u015flad\u0131","isPartOf":{"@id":"https:\/\/tdv.org\/tr-TR\/#website"},"primaryImageOfPage":{"@id":"https:\/\/tdv.org\/tr-TR\/erzurumlu-minikler-kumbaralarinda-biriktirdikleri-paralari-filistinli-cocuklara-bagisladi\/#primaryimage"},"image":{"@id":"https:\/\/tdv.org\/tr-TR\/erzurumlu-minikler-kumbaralarinda-biriktirdikleri-paralari-filistinli-cocuklara-bagisladi\/#primaryimage"},"thumbnailUrl":"https:\/\/tdv.org\/tr-TR\/wp-content\/uploads\/2021\/05\/20210525_2_48452978_65488661-scaled.jpg","datePublished":"2021-05-26T10:34:56+00:00","dateModified":"2022-12-14T07:44:03+00:00","description":"Erzurum'da, 4-6 ya\u015f aral\u0131\u011f\u0131ndaki Kur'an kursu \u00f6\u011frencileri, kumbaralar\u0131nda biriktirdikleri har\u00e7l\u0131klar\u0131 Filistin'deki \u00e7ocuklara ba\u011f\u0131\u015flad\u0131.","breadcrumb":{"@id":"https:\/\/tdv.org\/tr-TR\/erzurumlu-minikler-kumbaralarinda-biriktirdikleri-paralari-filistinli-cocuklara-bagisladi\/#breadcrumb"},"inLanguage":"tr","potentialAction":[{"@type":"ReadAction","target":["https:\/\/tdv.org\/tr-TR\/erzurumlu-minikler-kumbaralarinda-biriktirdikleri-paralari-filistinli-cocuklara-bagisladi\/"]}]},{"@type":"ImageObject","inLanguage":"tr","@id":"https:\/\/tdv.org\/tr-TR\/erzurumlu-minikler-kumbaralarinda-biriktirdikleri-paralari-filistinli-cocuklara-bagisladi\/#primaryimage","url":"https:\/\/tdv.org\/tr-TR\/wp-content\/uploads\/2021\/05\/20210525_2_48452978_65488661-scaled.jpg","contentUrl":"https:\/\/tdv.org\/tr-TR\/wp-content\/uploads\/2021\/05\/20210525_2_48452978_65488661-scaled.jpg","width":2560,"height":1707},{"@type":"BreadcrumbList","@id":"https:\/\/tdv.org\/tr-TR\/erzurumlu-minikler-kumbaralarinda-biriktirdikleri-paralari-filistinli-cocuklara-bagisladi\/#breadcrumb","itemListElement":[{"@type":"ListItem","position":1,"name":"Anasayfa","item":"https:\/\/tdv.org\/tr-TR\/"},{"@type":"ListItem","position":2,"name":"Erzurumlu minikler kumbaralar\u0131nda biriktirdikleri paralar\u0131 Filistinli \u00e7ocuklara ba\u011f\u0131\u015flad\u0131"}]},{"@type":"WebSite","@id":"https:\/\/tdv.org\/tr-TR\/#website","url":"https:\/\/tdv.org\/tr-TR\/","name":"T\u00fcrkiye Diyanet Vakf\u0131 Resmi Web Sitesi","description":"Yery\u00fcz\u00fcnde iyilik egemen oluncaya kadar","publisher":{"@id":"https:\/\/tdv.org\/tr-TR\/#organization"},"alternateName":"T\u00fcrkiye Diyanet Vakf\u0131","potentialAction":[{"@type":"SearchAction","target":{"@type":"EntryPoint","urlTemplate":"https:\/\/tdv.org\/tr-TR\/?s={search_term_string}"},"query-input":{"@type":"PropertyValueSpecification","valueRequired":true,"valueName":"search_term_string"}}],"inLanguage":"tr"},{"@type":"Organization","@id":"https:\/\/tdv.org\/tr-TR\/#organization","name":"T\u00fcrkiye Diyanet Vakf\u0131","alternateName":"T\u00fcrkiye Diyanet Vakf\u0131","url":"https:\/\/tdv.org\/tr-TR\/","logo":{"@type":"ImageObject","inLanguage":"tr","@id":"https:\/\/tdv.org\/tr-TR\/#\/schema\/logo\/image\/","url":"https:\/\/tdv.org\/tr-TR\/wp-content\/uploads\/2018\/12\/TDV_Logo_1.png","contentUrl":"https:\/\/tdv.org\/tr-TR\/wp-content\/uploads\/2018\/12\/TDV_Logo_1.png","width":207,"height":71,"caption":"T\u00fcrkiye Diyanet Vakf\u0131"},"image":{"@id":"https:\/\/tdv.org\/tr-TR\/#\/schema\/logo\/image\/"},"sameAs":["https:\/\/www.facebook.com\/Diyanetvakfi\/","https:\/\/x.com\/DiyanetVakfi","https:\/\/www.instagram.com\/turkiyediyanetvakfi\/","https:\/\/www.youtube.com\/user\/TurkiyeDiyanetVakfi"]},{"@type":"Person","@id":"https:\/\/tdv.org\/tr-TR\/#\/schema\/person\/8f21f05615f6bcf071bbd5ee8d376a8f","name":"Musa","image":{"@type":"ImageObject","inLanguage":"tr","@id":"https:\/\/tdv.org\/tr-TR\/wp-content\/litespeed\/avatar\/5b7955b12151edf37ee458402c4c6b7f.jpg?ver=1776690577","url":"https:\/\/tdv.org\/tr-TR\/wp-content\/litespeed\/avatar\/5b7955b12151edf37ee458402c4c6b7f.jpg?ver=1776690577","contentUrl":"https:\/\/tdv.org\/tr-TR\/wp-content\/litespeed\/avatar\/5b7955b12151edf37ee458402c4c6b7f.jpg?ver=1776690577","caption":"Musa"},"sameAs":["http:\/\/www.tdv.org"]}]}},"_links":{"self":[{"href":"https:\/\/tdv.org\/tr-TR\/wp-json\/wp\/v2\/posts\/12802","targetHints":{"allow":["GET"]}}],"collection":[{"href":"https:\/\/tdv.org\/tr-TR\/wp-json\/wp\/v2\/posts"}],"about":[{"href":"https:\/\/tdv.org\/tr-TR\/wp-json\/wp\/v2\/types\/post"}],"author":[{"embeddable":true,"href":"https:\/\/tdv.org\/tr-TR\/wp-json\/wp\/v2\/users\/6"}],"replies":[{"embeddable":true,"href":"https:\/\/tdv.org\/tr-TR\/wp-json\/wp\/v2\/comments?post=12802"}],"version-history":[{"count":1,"href":"https:\/\/tdv.org\/tr-TR\/wp-json\/wp\/v2\/posts\/12802\/revisions"}],"predecessor-version":[{"id":28912,"href":"https:\/\/tdv.org\/tr-TR\/wp-json\/wp\/v2\/posts\/12802\/revisions\/28912"}],"wp:featuredmedia":[{"embeddable":true,"href":"https:\/\/tdv.org\/tr-TR\/wp-json\/wp\/v2\/media\/12808"}],"wp:attachment":[{"href":"https:\/\/tdv.org\/tr-TR\/wp-json\/wp\/v2\/media?parent=12802"}],"wp:term":[{"taxonomy":"category","embeddable":true,"href":"https:\/\/tdv.org\/tr-TR\/wp-json\/wp\/v2\/categories?post=12802"},{"taxonomy":"post_tag","embeddable":true,"href":"https:\/\/tdv.org\/tr-TR\/wp-json\/wp\/v2\/tags?post=12802"}],"curies":[{"name":"wp","href":"https:\/\/api.w.org\/{rel}","templated":true}]}}