{"id":14509,"date":"2021-09-22T15:13:01","date_gmt":"2021-09-22T12:13:01","guid":{"rendered":"https:\/\/tdv.org\/tr-TR\/?p=14509"},"modified":"2022-12-09T14:35:11","modified_gmt":"2022-12-09T11:35:11","slug":"turkiye-diyanet-vakfi-suriyede-insa-edilen-hizmet-mekanlarinin-acilisini-yapti","status":"publish","type":"post","link":"https:\/\/tdv.org\/tr-TR\/turkiye-diyanet-vakfi-suriyede-insa-edilen-hizmet-mekanlarinin-acilisini-yapti\/","title":{"rendered":"T\u00fcrkiye Diyanet Vakf\u0131, Suriye&#8217;de in\u015fa edilen hizmet mekanlar\u0131n\u0131n a\u00e7\u0131l\u0131\u015f\u0131n\u0131 yapt\u0131"},"content":{"rendered":"<p style=\"text-align: justify;\">T\u00fcrkiye Diyanet Vakf\u0131 (TDV), Suriye\u2019nin kuzeyinde ter\u00f6rden ar\u0131nd\u0131r\u0131lan b\u00f6lgelerde hay\u0131rseverlerin katk\u0131s\u0131yla in\u015fa edilen hizmet mekanlar\u0131n\u0131n toplu a\u00e7\u0131l\u0131\u015f\u0131n\u0131 ger\u00e7ekle\u015ftirdi.<br \/>\nF\u0131rat Kalkan\u0131, Zeytin Dal\u0131 ve Bar\u0131\u015f P\u0131nar\u0131 Harekat\u0131 b\u00f6lgelerinde, Diyanet \u0130\u015fleri Ba\u015fkanl\u0131\u011f\u0131 (D\u0130B) ile hizmetlerine devam eden TDV, Afrin, Bab, Cerablus ve Azez&#8217;de Sebil Camii, Azez M\u00fcft\u00fcl\u00fc\u011f\u00fc, Azez K\u0131raat Merkezi, Cerablus M\u00fcft\u00fcl\u00fc\u011f\u00fc, 14 ayr\u0131 4-6 Ya\u015f Kur&#8217;an Kursu ile tadilat, tefri\u015fat ve \u00e7evre d\u00fczenlemesini yapt\u0131\u011f\u0131 Gaziantep \u00dcniversitesi Azez \u0130slami \u0130limler Fak\u00fcltesi binas\u0131n\u0131 hizmete a\u00e7t\u0131.<br \/>\nBunun yan\u0131 s\u0131ra ter\u00f6rden ar\u0131nd\u0131r\u0131lan b\u00f6lgelere y\u00f6nelik yard\u0131mlar\u0131n koordinesi ve ihtiya\u00e7 sahiplerine d\u00fczenli bir \u015fekilde ula\u015ft\u0131r\u0131lmas\u0131 amac\u0131yla in\u015fa edilen T\u00fcrkiye Diyanet Vakf\u0131 Lojistik Merkezi de hizmete a\u00e7\u0131ld\u0131.<br \/>\nAzez il\u00e7e merkezinde d\u00fczenlenen toplu a\u00e7\u0131l\u0131\u015f t\u00f6renine, Diyanet \u0130\u015fleri Ba\u015fkanl\u0131\u011f\u0131 Din Hizmetleri Genel M\u00fcd\u00fcr\u00fc B\u00fcnyamin Albayrak, Hac ve Umre Hizmetleri Genel M\u00fcd\u00fcr\u00fc Remzi Bircan, Y\u00f6netim Hizmetleri Genel M\u00fcd\u00fcr\u00fc Mehmet Bilgin, Gaziantep \u0130l M\u00fcft\u00fcs\u00fc Dr. H\u00fcseyin Haz\u0131rlar, Kilis \u0130l M\u00fcft\u00fcs\u00fc Abdurrahman \u015eahin, T\u00fcrkiye Diyanet Vakf\u0131 Genel M\u00fcd\u00fcr Yard\u0131mc\u0131s\u0131 Abdurrahman \u00c7etin, Kilis Valili\u011fi yetkilileri ve TDV koordinesinde b\u00f6lgede hizmet sunan, bu hizmet mekanlar\u0131na katk\u0131 sa\u011flayan sivil toplum kurulu\u015flar\u0131 temsilcileri kat\u0131ld\u0131.<br \/>\nToplu a\u00e7\u0131l\u0131\u015f t\u00f6reni sonras\u0131nda Ali b. Ebi Talib Camii&#8217;nde, haf\u0131zl\u0131klar\u0131n\u0131 tamamlayan 191&#8217;i k\u0131z 289 \u00f6\u011frenci i\u00e7in haf\u0131zl\u0131k icazet t\u00f6reni d\u00fczenlendi.<br \/>\nDi\u011fer yandan D\u0130B de b\u00f6lge insan\u0131na do\u011fru dini bilginin uygun y\u00f6ntemlerle ula\u015ft\u0131r\u0131lmas\u0131, b\u00f6lgede ya\u015fayanlar\u0131n din hizmetlerinden yeterince istifade edebilmeleri, ter\u00f6r \u00f6rg\u00fctlerinden, zararl\u0131 ve istismarc\u0131 yap\u0131lardan korunmalar\u0131 amac\u0131yla camilerde, Kur&#8217;an kurslar\u0131nda ve di\u011fer mekanlarda Suriyeli yerel din g\u00f6revlileri marifetiyle sunulan hizmetlerin planlanmas\u0131, koordinesi hususunda rehberlik g\u00f6revi y\u00fcr\u00fct\u00fcyor. Yerel din g\u00f6revlilerinin mesleki y\u00f6nden geli\u015ftirilmesi amac\u0131yla ilgili kurum ve kurulu\u015flarla i\u015f birli\u011fi i\u00e7erisinde periyodik e\u011fitimler d\u00fczenliyor.<br \/>\nTDV, Suriye&#8217;de sava\u015f\u0131n ba\u015flad\u0131\u011f\u0131 g\u00fcnden bu yana, e\u011fitim, g\u0131da, bar\u0131nma ve sa\u011fl\u0131k yard\u0131mlar\u0131na aral\u0131ks\u0131z devam ediyor.<br \/>\n\u00dclkede, 2011 y\u0131l\u0131nda ba\u015flayan i\u00e7 sava\u015fta ve sonras\u0131ndaki ter\u00f6r sald\u0131r\u0131lar\u0131nda bir\u00e7ok ibadethane zarar g\u00f6rm\u00fc\u015f kullan\u0131lamaz hale gelmi\u015fti.<br \/>\nTDV, F\u0131rat Kalkan\u0131, Zeytin Dal\u0131 ve Bar\u0131\u015f P\u0131nar\u0131 Harekat\u0131 b\u00f6lgelerinde hay\u0131rseverlerin ve baz\u0131 sivil toplum kurulu\u015flar\u0131n\u0131n deste\u011fiyle 487 caminin tadilat ve tefri\u015fat\u0131n\u0131 yapm\u0131\u015f, 225 cami in\u015fa etmi\u015fti.<\/p>\n\n\t\t<style type=\"text\/css\">\n\t\t\t#gallery-1 {\n\t\t\t\tmargin: auto;\n\t\t\t}\n\t\t\t#gallery-1 .gallery-item {\n\t\t\t\tfloat: left;\n\t\t\t\tmargin-top: 10px;\n\t\t\t\ttext-align: center;\n\t\t\t\twidth: 33%;\n\t\t\t}\n\t\t\t#gallery-1 img {\n\t\t\t\tborder: 2px solid #cfcfcf;\n\t\t\t}\n\t\t\t#gallery-1 .gallery-caption {\n\t\t\t\tmargin-left: 0;\n\t\t\t}\n\t\t\t\/* see gallery_shortcode() in wp-includes\/media.php *\/\n\t\t<\/style>\n\t\t<div id='gallery-1' class='gallery galleryid-14509 gallery-columns-3 gallery-size-thumbnail'><dl class='gallery-item'>\n\t\t\t<dt class='gallery-icon landscape'>\n\t\t\t\t<a href='https:\/\/tdv.org\/tr-TR\/wp-content\/uploads\/2021\/09\/WhatsApp-Image-2021-09-22-at-15.07.05-1.jpeg'><img decoding=\"async\" width=\"150\" height=\"150\" src=\"https:\/\/tdv.org\/tr-TR\/wp-content\/uploads\/2021\/09\/WhatsApp-Image-2021-09-22-at-15.07.05-1-150x150.jpeg\" class=\"attachment-thumbnail size-thumbnail\" alt=\"\" srcset=\"https:\/\/tdv.org\/tr-TR\/wp-content\/uploads\/2021\/09\/WhatsApp-Image-2021-09-22-at-15.07.05-1-150x150.jpeg 150w, https:\/\/tdv.org\/tr-TR\/wp-content\/uploads\/2021\/09\/WhatsApp-Image-2021-09-22-at-15.07.05-1-100x100.jpeg 100w, https:\/\/tdv.org\/tr-TR\/wp-content\/uploads\/2021\/09\/WhatsApp-Image-2021-09-22-at-15.07.05-1-140x140.jpeg 140w, https:\/\/tdv.org\/tr-TR\/wp-content\/uploads\/2021\/09\/WhatsApp-Image-2021-09-22-at-15.07.05-1-500x500.jpeg 500w, https:\/\/tdv.org\/tr-TR\/wp-content\/uploads\/2021\/09\/WhatsApp-Image-2021-09-22-at-15.07.05-1-350x350.jpeg 350w, https:\/\/tdv.org\/tr-TR\/wp-content\/uploads\/2021\/09\/WhatsApp-Image-2021-09-22-at-15.07.05-1-1000x1000.jpeg 1000w, https:\/\/tdv.org\/tr-TR\/wp-content\/uploads\/2021\/09\/WhatsApp-Image-2021-09-22-at-15.07.05-1-800x800.jpeg 800w\" sizes=\"(max-width: 150px) 100vw, 150px\" \/><\/a>\n\t\t\t<\/dt><\/dl><dl class='gallery-item'>\n\t\t\t<dt class='gallery-icon landscape'>\n\t\t\t\t<a href='https:\/\/tdv.org\/tr-TR\/wp-content\/uploads\/2021\/09\/WhatsApp-Image-2021-09-22-at-15.07.05.jpeg'><img decoding=\"async\" width=\"150\" height=\"150\" src=\"https:\/\/tdv.org\/tr-TR\/wp-content\/uploads\/2021\/09\/WhatsApp-Image-2021-09-22-at-15.07.05-150x150.jpeg\" class=\"attachment-thumbnail size-thumbnail\" alt=\"\" srcset=\"https:\/\/tdv.org\/tr-TR\/wp-content\/uploads\/2021\/09\/WhatsApp-Image-2021-09-22-at-15.07.05-150x150.jpeg 150w, https:\/\/tdv.org\/tr-TR\/wp-content\/uploads\/2021\/09\/WhatsApp-Image-2021-09-22-at-15.07.05-100x100.jpeg 100w, https:\/\/tdv.org\/tr-TR\/wp-content\/uploads\/2021\/09\/WhatsApp-Image-2021-09-22-at-15.07.05-140x140.jpeg 140w, https:\/\/tdv.org\/tr-TR\/wp-content\/uploads\/2021\/09\/WhatsApp-Image-2021-09-22-at-15.07.05-500x500.jpeg 500w, https:\/\/tdv.org\/tr-TR\/wp-content\/uploads\/2021\/09\/WhatsApp-Image-2021-09-22-at-15.07.05-350x350.jpeg 350w, https:\/\/tdv.org\/tr-TR\/wp-content\/uploads\/2021\/09\/WhatsApp-Image-2021-09-22-at-15.07.05-1000x1000.jpeg 1000w, https:\/\/tdv.org\/tr-TR\/wp-content\/uploads\/2021\/09\/WhatsApp-Image-2021-09-22-at-15.07.05-800x800.jpeg 800w\" sizes=\"(max-width: 150px) 100vw, 150px\" \/><\/a>\n\t\t\t<\/dt><\/dl><dl class='gallery-item'>\n\t\t\t<dt class='gallery-icon landscape'>\n\t\t\t\t<a href='https:\/\/tdv.org\/tr-TR\/wp-content\/uploads\/2021\/09\/WhatsApp-Image-2021-09-22-at-15.07.06-1.jpeg'><img decoding=\"async\" width=\"150\" height=\"150\" src=\"https:\/\/tdv.org\/tr-TR\/wp-content\/uploads\/2021\/09\/WhatsApp-Image-2021-09-22-at-15.07.06-1-150x150.jpeg\" class=\"attachment-thumbnail size-thumbnail\" alt=\"\" srcset=\"https:\/\/tdv.org\/tr-TR\/wp-content\/uploads\/2021\/09\/WhatsApp-Image-2021-09-22-at-15.07.06-1-150x150.jpeg 150w, https:\/\/tdv.org\/tr-TR\/wp-content\/uploads\/2021\/09\/WhatsApp-Image-2021-09-22-at-15.07.06-1-100x100.jpeg 100w, https:\/\/tdv.org\/tr-TR\/wp-content\/uploads\/2021\/09\/WhatsApp-Image-2021-09-22-at-15.07.06-1-140x140.jpeg 140w, https:\/\/tdv.org\/tr-TR\/wp-content\/uploads\/2021\/09\/WhatsApp-Image-2021-09-22-at-15.07.06-1-500x500.jpeg 500w, https:\/\/tdv.org\/tr-TR\/wp-content\/uploads\/2021\/09\/WhatsApp-Image-2021-09-22-at-15.07.06-1-350x350.jpeg 350w, https:\/\/tdv.org\/tr-TR\/wp-content\/uploads\/2021\/09\/WhatsApp-Image-2021-09-22-at-15.07.06-1-1000x1000.jpeg 1000w, https:\/\/tdv.org\/tr-TR\/wp-content\/uploads\/2021\/09\/WhatsApp-Image-2021-09-22-at-15.07.06-1-800x800.jpeg 800w\" sizes=\"(max-width: 150px) 100vw, 150px\" \/><\/a>\n\t\t\t<\/dt><\/dl><br style=\"clear: both\" \/><dl class='gallery-item'>\n\t\t\t<dt class='gallery-icon landscape'>\n\t\t\t\t<a href='https:\/\/tdv.org\/tr-TR\/wp-content\/uploads\/2021\/09\/WhatsApp-Image-2021-09-22-at-15.07.12-1.jpeg'><img decoding=\"async\" width=\"150\" height=\"150\" src=\"https:\/\/tdv.org\/tr-TR\/wp-content\/uploads\/2021\/09\/WhatsApp-Image-2021-09-22-at-15.07.12-1-150x150.jpeg\" class=\"attachment-thumbnail size-thumbnail\" alt=\"\" srcset=\"https:\/\/tdv.org\/tr-TR\/wp-content\/uploads\/2021\/09\/WhatsApp-Image-2021-09-22-at-15.07.12-1-150x150.jpeg 150w, https:\/\/tdv.org\/tr-TR\/wp-content\/uploads\/2021\/09\/WhatsApp-Image-2021-09-22-at-15.07.12-1-100x100.jpeg 100w, https:\/\/tdv.org\/tr-TR\/wp-content\/uploads\/2021\/09\/WhatsApp-Image-2021-09-22-at-15.07.12-1-140x140.jpeg 140w, https:\/\/tdv.org\/tr-TR\/wp-content\/uploads\/2021\/09\/WhatsApp-Image-2021-09-22-at-15.07.12-1-500x500.jpeg 500w, https:\/\/tdv.org\/tr-TR\/wp-content\/uploads\/2021\/09\/WhatsApp-Image-2021-09-22-at-15.07.12-1-350x350.jpeg 350w, https:\/\/tdv.org\/tr-TR\/wp-content\/uploads\/2021\/09\/WhatsApp-Image-2021-09-22-at-15.07.12-1-1000x1000.jpeg 1000w, https:\/\/tdv.org\/tr-TR\/wp-content\/uploads\/2021\/09\/WhatsApp-Image-2021-09-22-at-15.07.12-1-800x800.jpeg 800w\" sizes=\"(max-width: 150px) 100vw, 150px\" \/><\/a>\n\t\t\t<\/dt><\/dl><dl class='gallery-item'>\n\t\t\t<dt class='gallery-icon landscape'>\n\t\t\t\t<a href='https:\/\/tdv.org\/tr-TR\/wp-content\/uploads\/2021\/09\/WhatsApp-Image-2021-09-22-at-15.07.14-1.jpeg'><img decoding=\"async\" width=\"150\" height=\"150\" src=\"https:\/\/tdv.org\/tr-TR\/wp-content\/uploads\/2021\/09\/WhatsApp-Image-2021-09-22-at-15.07.14-1-150x150.jpeg\" class=\"attachment-thumbnail size-thumbnail\" alt=\"\" srcset=\"https:\/\/tdv.org\/tr-TR\/wp-content\/uploads\/2021\/09\/WhatsApp-Image-2021-09-22-at-15.07.14-1-150x150.jpeg 150w, https:\/\/tdv.org\/tr-TR\/wp-content\/uploads\/2021\/09\/WhatsApp-Image-2021-09-22-at-15.07.14-1-100x100.jpeg 100w, https:\/\/tdv.org\/tr-TR\/wp-content\/uploads\/2021\/09\/WhatsApp-Image-2021-09-22-at-15.07.14-1-140x140.jpeg 140w, https:\/\/tdv.org\/tr-TR\/wp-content\/uploads\/2021\/09\/WhatsApp-Image-2021-09-22-at-15.07.14-1-500x500.jpeg 500w, https:\/\/tdv.org\/tr-TR\/wp-content\/uploads\/2021\/09\/WhatsApp-Image-2021-09-22-at-15.07.14-1-350x350.jpeg 350w, https:\/\/tdv.org\/tr-TR\/wp-content\/uploads\/2021\/09\/WhatsApp-Image-2021-09-22-at-15.07.14-1-1000x1000.jpeg 1000w, https:\/\/tdv.org\/tr-TR\/wp-content\/uploads\/2021\/09\/WhatsApp-Image-2021-09-22-at-15.07.14-1-800x800.jpeg 800w\" sizes=\"(max-width: 150px) 100vw, 150px\" \/><\/a>\n\t\t\t<\/dt><\/dl><dl class='gallery-item'>\n\t\t\t<dt class='gallery-icon landscape'>\n\t\t\t\t<a href='https:\/\/tdv.org\/tr-TR\/wp-content\/uploads\/2021\/09\/WhatsApp-Image-2021-09-22-at-15.07.14.jpeg'><img decoding=\"async\" width=\"150\" height=\"150\" src=\"https:\/\/tdv.org\/tr-TR\/wp-content\/uploads\/2021\/09\/WhatsApp-Image-2021-09-22-at-15.07.14-150x150.jpeg\" class=\"attachment-thumbnail size-thumbnail\" alt=\"\" srcset=\"https:\/\/tdv.org\/tr-TR\/wp-content\/uploads\/2021\/09\/WhatsApp-Image-2021-09-22-at-15.07.14-150x150.jpeg 150w, https:\/\/tdv.org\/tr-TR\/wp-content\/uploads\/2021\/09\/WhatsApp-Image-2021-09-22-at-15.07.14-100x100.jpeg 100w, https:\/\/tdv.org\/tr-TR\/wp-content\/uploads\/2021\/09\/WhatsApp-Image-2021-09-22-at-15.07.14-140x140.jpeg 140w, https:\/\/tdv.org\/tr-TR\/wp-content\/uploads\/2021\/09\/WhatsApp-Image-2021-09-22-at-15.07.14-500x500.jpeg 500w, https:\/\/tdv.org\/tr-TR\/wp-content\/uploads\/2021\/09\/WhatsApp-Image-2021-09-22-at-15.07.14-350x350.jpeg 350w, https:\/\/tdv.org\/tr-TR\/wp-content\/uploads\/2021\/09\/WhatsApp-Image-2021-09-22-at-15.07.14-1000x1000.jpeg 1000w, https:\/\/tdv.org\/tr-TR\/wp-content\/uploads\/2021\/09\/WhatsApp-Image-2021-09-22-at-15.07.14-800x800.jpeg 800w\" sizes=\"(max-width: 150px) 100vw, 150px\" \/><\/a>\n\t\t\t<\/dt><\/dl><br style=\"clear: both\" \/><dl class='gallery-item'>\n\t\t\t<dt class='gallery-icon landscape'>\n\t\t\t\t<a href='https:\/\/tdv.org\/tr-TR\/wp-content\/uploads\/2021\/09\/WhatsApp-Image-2021-09-22-at-15.07.16-1.jpeg'><img decoding=\"async\" width=\"150\" height=\"150\" src=\"https:\/\/tdv.org\/tr-TR\/wp-content\/uploads\/2021\/09\/WhatsApp-Image-2021-09-22-at-15.07.16-1-150x150.jpeg\" class=\"attachment-thumbnail size-thumbnail\" alt=\"\" srcset=\"https:\/\/tdv.org\/tr-TR\/wp-content\/uploads\/2021\/09\/WhatsApp-Image-2021-09-22-at-15.07.16-1-150x150.jpeg 150w, https:\/\/tdv.org\/tr-TR\/wp-content\/uploads\/2021\/09\/WhatsApp-Image-2021-09-22-at-15.07.16-1-100x100.jpeg 100w, https:\/\/tdv.org\/tr-TR\/wp-content\/uploads\/2021\/09\/WhatsApp-Image-2021-09-22-at-15.07.16-1-140x140.jpeg 140w, https:\/\/tdv.org\/tr-TR\/wp-content\/uploads\/2021\/09\/WhatsApp-Image-2021-09-22-at-15.07.16-1-500x500.jpeg 500w, https:\/\/tdv.org\/tr-TR\/wp-content\/uploads\/2021\/09\/WhatsApp-Image-2021-09-22-at-15.07.16-1-350x350.jpeg 350w, https:\/\/tdv.org\/tr-TR\/wp-content\/uploads\/2021\/09\/WhatsApp-Image-2021-09-22-at-15.07.16-1-1000x1000.jpeg 1000w, https:\/\/tdv.org\/tr-TR\/wp-content\/uploads\/2021\/09\/WhatsApp-Image-2021-09-22-at-15.07.16-1-800x800.jpeg 800w\" sizes=\"(max-width: 150px) 100vw, 150px\" \/><\/a>\n\t\t\t<\/dt><\/dl><dl class='gallery-item'>\n\t\t\t<dt class='gallery-icon landscape'>\n\t\t\t\t<a href='https:\/\/tdv.org\/tr-TR\/wp-content\/uploads\/2021\/09\/WhatsApp-Image-2021-09-22-at-15.07.17-1.jpeg'><img decoding=\"async\" width=\"150\" height=\"150\" src=\"https:\/\/tdv.org\/tr-TR\/wp-content\/uploads\/2021\/09\/WhatsApp-Image-2021-09-22-at-15.07.17-1-150x150.jpeg\" class=\"attachment-thumbnail size-thumbnail\" alt=\"\" srcset=\"https:\/\/tdv.org\/tr-TR\/wp-content\/uploads\/2021\/09\/WhatsApp-Image-2021-09-22-at-15.07.17-1-150x150.jpeg 150w, https:\/\/tdv.org\/tr-TR\/wp-content\/uploads\/2021\/09\/WhatsApp-Image-2021-09-22-at-15.07.17-1-100x100.jpeg 100w, https:\/\/tdv.org\/tr-TR\/wp-content\/uploads\/2021\/09\/WhatsApp-Image-2021-09-22-at-15.07.17-1-140x140.jpeg 140w, https:\/\/tdv.org\/tr-TR\/wp-content\/uploads\/2021\/09\/WhatsApp-Image-2021-09-22-at-15.07.17-1-500x500.jpeg 500w, https:\/\/tdv.org\/tr-TR\/wp-content\/uploads\/2021\/09\/WhatsApp-Image-2021-09-22-at-15.07.17-1-350x350.jpeg 350w, https:\/\/tdv.org\/tr-TR\/wp-content\/uploads\/2021\/09\/WhatsApp-Image-2021-09-22-at-15.07.17-1-1000x1000.jpeg 1000w, https:\/\/tdv.org\/tr-TR\/wp-content\/uploads\/2021\/09\/WhatsApp-Image-2021-09-22-at-15.07.17-1-800x800.jpeg 800w\" sizes=\"(max-width: 150px) 100vw, 150px\" \/><\/a>\n\t\t\t<\/dt><\/dl><dl class='gallery-item'>\n\t\t\t<dt class='gallery-icon landscape'>\n\t\t\t\t<a href='https:\/\/tdv.org\/tr-TR\/wp-content\/uploads\/2021\/09\/WhatsApp-Image-2021-09-22-at-15.07.17-3.jpeg'><img decoding=\"async\" width=\"150\" height=\"150\" src=\"https:\/\/tdv.org\/tr-TR\/wp-content\/uploads\/2021\/09\/WhatsApp-Image-2021-09-22-at-15.07.17-3-150x150.jpeg\" class=\"attachment-thumbnail size-thumbnail\" alt=\"\" srcset=\"https:\/\/tdv.org\/tr-TR\/wp-content\/uploads\/2021\/09\/WhatsApp-Image-2021-09-22-at-15.07.17-3-150x150.jpeg 150w, https:\/\/tdv.org\/tr-TR\/wp-content\/uploads\/2021\/09\/WhatsApp-Image-2021-09-22-at-15.07.17-3-100x100.jpeg 100w, https:\/\/tdv.org\/tr-TR\/wp-content\/uploads\/2021\/09\/WhatsApp-Image-2021-09-22-at-15.07.17-3-140x140.jpeg 140w, https:\/\/tdv.org\/tr-TR\/wp-content\/uploads\/2021\/09\/WhatsApp-Image-2021-09-22-at-15.07.17-3-500x500.jpeg 500w, https:\/\/tdv.org\/tr-TR\/wp-content\/uploads\/2021\/09\/WhatsApp-Image-2021-09-22-at-15.07.17-3-350x350.jpeg 350w, https:\/\/tdv.org\/tr-TR\/wp-content\/uploads\/2021\/09\/WhatsApp-Image-2021-09-22-at-15.07.17-3-1000x1000.jpeg 1000w, https:\/\/tdv.org\/tr-TR\/wp-content\/uploads\/2021\/09\/WhatsApp-Image-2021-09-22-at-15.07.17-3-800x800.jpeg 800w\" sizes=\"(max-width: 150px) 100vw, 150px\" \/><\/a>\n\t\t\t<\/dt><\/dl><br style=\"clear: both\" \/><dl class='gallery-item'>\n\t\t\t<dt class='gallery-icon landscape'>\n\t\t\t\t<a href='https:\/\/tdv.org\/tr-TR\/wp-content\/uploads\/2021\/09\/WhatsApp-Image-2021-09-22-at-15.07.17.jpeg'><img decoding=\"async\" width=\"150\" height=\"150\" src=\"https:\/\/tdv.org\/tr-TR\/wp-content\/uploads\/2021\/09\/WhatsApp-Image-2021-09-22-at-15.07.17-150x150.jpeg\" class=\"attachment-thumbnail size-thumbnail\" alt=\"\" srcset=\"https:\/\/tdv.org\/tr-TR\/wp-content\/uploads\/2021\/09\/WhatsApp-Image-2021-09-22-at-15.07.17-150x150.jpeg 150w, https:\/\/tdv.org\/tr-TR\/wp-content\/uploads\/2021\/09\/WhatsApp-Image-2021-09-22-at-15.07.17-100x100.jpeg 100w, https:\/\/tdv.org\/tr-TR\/wp-content\/uploads\/2021\/09\/WhatsApp-Image-2021-09-22-at-15.07.17-140x140.jpeg 140w, https:\/\/tdv.org\/tr-TR\/wp-content\/uploads\/2021\/09\/WhatsApp-Image-2021-09-22-at-15.07.17-500x500.jpeg 500w, https:\/\/tdv.org\/tr-TR\/wp-content\/uploads\/2021\/09\/WhatsApp-Image-2021-09-22-at-15.07.17-350x350.jpeg 350w, https:\/\/tdv.org\/tr-TR\/wp-content\/uploads\/2021\/09\/WhatsApp-Image-2021-09-22-at-15.07.17-800x800.jpeg 800w\" sizes=\"(max-width: 150px) 100vw, 150px\" \/><\/a>\n\t\t\t<\/dt><\/dl><dl class='gallery-item'>\n\t\t\t<dt class='gallery-icon landscape'>\n\t\t\t\t<a href='https:\/\/tdv.org\/tr-TR\/wp-content\/uploads\/2021\/09\/WhatsApp-Image-2021-09-22-at-15.07.20.jpeg'><img decoding=\"async\" width=\"150\" height=\"150\" src=\"https:\/\/tdv.org\/tr-TR\/wp-content\/uploads\/2021\/09\/WhatsApp-Image-2021-09-22-at-15.07.20-150x150.jpeg\" class=\"attachment-thumbnail size-thumbnail\" alt=\"\" srcset=\"https:\/\/tdv.org\/tr-TR\/wp-content\/uploads\/2021\/09\/WhatsApp-Image-2021-09-22-at-15.07.20-150x150.jpeg 150w, https:\/\/tdv.org\/tr-TR\/wp-content\/uploads\/2021\/09\/WhatsApp-Image-2021-09-22-at-15.07.20-100x100.jpeg 100w, https:\/\/tdv.org\/tr-TR\/wp-content\/uploads\/2021\/09\/WhatsApp-Image-2021-09-22-at-15.07.20-140x140.jpeg 140w, https:\/\/tdv.org\/tr-TR\/wp-content\/uploads\/2021\/09\/WhatsApp-Image-2021-09-22-at-15.07.20-500x500.jpeg 500w, https:\/\/tdv.org\/tr-TR\/wp-content\/uploads\/2021\/09\/WhatsApp-Image-2021-09-22-at-15.07.20-350x350.jpeg 350w, https:\/\/tdv.org\/tr-TR\/wp-content\/uploads\/2021\/09\/WhatsApp-Image-2021-09-22-at-15.07.20-1000x1000.jpeg 1000w, https:\/\/tdv.org\/tr-TR\/wp-content\/uploads\/2021\/09\/WhatsApp-Image-2021-09-22-at-15.07.20-800x800.jpeg 800w\" sizes=\"(max-width: 150px) 100vw, 150px\" \/><\/a>\n\t\t\t<\/dt><\/dl><dl class='gallery-item'>\n\t\t\t<dt class='gallery-icon landscape'>\n\t\t\t\t<a href='https:\/\/tdv.org\/tr-TR\/wp-content\/uploads\/2021\/09\/WhatsApp-Image-2021-09-22-at-15.07.21-2.jpeg'><img decoding=\"async\" width=\"150\" height=\"150\" src=\"https:\/\/tdv.org\/tr-TR\/wp-content\/uploads\/2021\/09\/WhatsApp-Image-2021-09-22-at-15.07.21-2-150x150.jpeg\" class=\"attachment-thumbnail size-thumbnail\" alt=\"\" srcset=\"https:\/\/tdv.org\/tr-TR\/wp-content\/uploads\/2021\/09\/WhatsApp-Image-2021-09-22-at-15.07.21-2-150x150.jpeg 150w, https:\/\/tdv.org\/tr-TR\/wp-content\/uploads\/2021\/09\/WhatsApp-Image-2021-09-22-at-15.07.21-2-100x100.jpeg 100w, https:\/\/tdv.org\/tr-TR\/wp-content\/uploads\/2021\/09\/WhatsApp-Image-2021-09-22-at-15.07.21-2-140x140.jpeg 140w, https:\/\/tdv.org\/tr-TR\/wp-content\/uploads\/2021\/09\/WhatsApp-Image-2021-09-22-at-15.07.21-2-500x500.jpeg 500w, https:\/\/tdv.org\/tr-TR\/wp-content\/uploads\/2021\/09\/WhatsApp-Image-2021-09-22-at-15.07.21-2-350x350.jpeg 350w, https:\/\/tdv.org\/tr-TR\/wp-content\/uploads\/2021\/09\/WhatsApp-Image-2021-09-22-at-15.07.21-2-1000x1000.jpeg 1000w, https:\/\/tdv.org\/tr-TR\/wp-content\/uploads\/2021\/09\/WhatsApp-Image-2021-09-22-at-15.07.21-2-800x800.jpeg 800w\" sizes=\"(max-width: 150px) 100vw, 150px\" \/><\/a>\n\t\t\t<\/dt><\/dl><br style=\"clear: both\" \/>\n\t\t<\/div>\n\n","protected":false},"excerpt":{"rendered":"<p>T\u00fcrkiye Diyanet Vakf\u0131 (TDV), Suriye\u2019nin kuzeyinde ter\u00f6rden ar\u0131nd\u0131r\u0131lan b\u00f6lgelerde hay\u0131rseverlerin katk\u0131s\u0131yla in\u015fa edilen hizmet mekanlar\u0131n\u0131n toplu a\u00e7\u0131l\u0131\u015f\u0131n\u0131 ger\u00e7ekle\u015ftirdi. F\u0131rat Kalkan\u0131, Zeytin Dal\u0131 ve Bar\u0131\u015f P\u0131nar\u0131 Harekat\u0131 b\u00f6lgelerinde, Diyanet \u0130\u015fleri Ba\u015fkanl\u0131\u011f\u0131&#8230;<\/p>\n","protected":false},"author":6,"featured_media":14519,"comment_status":"open","ping_status":"closed","sticky":false,"template":"","format":"standard","meta":{"footnotes":""},"categories":[1],"tags":[403,1462,82],"class_list":{"0":"post-14509","1":"post","2":"type-post","3":"status-publish","4":"format-standard","5":"has-post-thumbnail","7":"category-haberler","8":"tag-acilis","9":"tag-hizmet-binasi","10":"tag-suriye"},"yoast_head":"<!-- This site is optimized with the Yoast SEO plugin v27.4 - https:\/\/yoast.com\/product\/yoast-seo-wordpress\/ -->\n<title>T\u00fcrkiye Diyanet Vakf\u0131, Suriye&#039;de in\u015fa edilen hizmet mekanlar\u0131n\u0131n a\u00e7\u0131l\u0131\u015f\u0131n\u0131 yapt\u0131<\/title>\n<meta name=\"description\" content=\"T\u00fcrkiye Diyanet Vakf\u0131 (TDV), Suriye\u2019nin kuzeyinde ter\u00f6rden ar\u0131nd\u0131r\u0131lan b\u00f6lgelerde hay\u0131rseverlerin katk\u0131s\u0131yla in\u015fa edilen hizmet mekanlar\u0131n\u0131n toplu a\u00e7\u0131l\u0131\u015f\u0131n\u0131 ger\u00e7ekle\u015ftirdi.\" \/>\n<meta name=\"robots\" content=\"index, follow, max-snippet:-1, max-image-preview:large, max-video-preview:-1\" \/>\n<link rel=\"canonical\" href=\"https:\/\/tdv.org\/tr-TR\/turkiye-diyanet-vakfi-suriyede-insa-edilen-hizmet-mekanlarinin-acilisini-yapti\/\" \/>\n<meta property=\"og:locale\" content=\"tr_TR\" \/>\n<meta property=\"og:type\" content=\"article\" \/>\n<meta property=\"og:title\" content=\"T\u00fcrkiye Diyanet Vakf\u0131, Suriye&#039;de in\u015fa edilen hizmet mekanlar\u0131n\u0131n a\u00e7\u0131l\u0131\u015f\u0131n\u0131 yapt\u0131\" \/>\n<meta property=\"og:description\" content=\"T\u00fcrkiye Diyanet Vakf\u0131 (TDV), Suriye\u2019nin kuzeyinde ter\u00f6rden ar\u0131nd\u0131r\u0131lan b\u00f6lgelerde hay\u0131rseverlerin katk\u0131s\u0131yla in\u015fa edilen hizmet mekanlar\u0131n\u0131n toplu a\u00e7\u0131l\u0131\u015f\u0131n\u0131 ger\u00e7ekle\u015ftirdi.\" \/>\n<meta property=\"og:url\" content=\"https:\/\/tdv.org\/tr-TR\/turkiye-diyanet-vakfi-suriyede-insa-edilen-hizmet-mekanlarinin-acilisini-yapti\/\" \/>\n<meta property=\"og:site_name\" content=\"T\u00fcrkiye Diyanet Vakf\u0131 Resmi Web Sitesi\" \/>\n<meta property=\"article:publisher\" content=\"https:\/\/www.facebook.com\/Diyanetvakfi\/\" \/>\n<meta property=\"article:published_time\" content=\"2021-09-22T12:13:01+00:00\" \/>\n<meta property=\"article:modified_time\" content=\"2022-12-09T11:35:11+00:00\" \/>\n<meta property=\"og:image\" content=\"https:\/\/tdv.org\/tr-TR\/wp-content\/uploads\/2021\/09\/WhatsApp-Image-2021-09-22-at-15.07.17.jpeg\" \/>\n\t<meta property=\"og:image:width\" content=\"1600\" \/>\n\t<meta property=\"og:image:height\" content=\"900\" \/>\n\t<meta property=\"og:image:type\" content=\"image\/jpeg\" \/>\n<meta name=\"author\" content=\"Musa\" \/>\n<meta name=\"twitter:card\" content=\"summary_large_image\" \/>\n<meta name=\"twitter:creator\" content=\"@DiyanetVakfi\" \/>\n<meta name=\"twitter:site\" content=\"@DiyanetVakfi\" \/>\n<script type=\"application\/ld+json\" class=\"yoast-schema-graph\">{\"@context\":\"https:\\\/\\\/schema.org\",\"@graph\":[{\"@type\":\"Article\",\"@id\":\"https:\\\/\\\/tdv.org\\\/tr-TR\\\/turkiye-diyanet-vakfi-suriyede-insa-edilen-hizmet-mekanlarinin-acilisini-yapti\\\/#article\",\"isPartOf\":{\"@id\":\"https:\\\/\\\/tdv.org\\\/tr-TR\\\/turkiye-diyanet-vakfi-suriyede-insa-edilen-hizmet-mekanlarinin-acilisini-yapti\\\/\"},\"author\":{\"name\":\"Musa\",\"@id\":\"https:\\\/\\\/tdv.org\\\/tr-TR\\\/#\\\/schema\\\/person\\\/8f21f05615f6bcf071bbd5ee8d376a8f\"},\"headline\":\"T\u00fcrkiye Diyanet Vakf\u0131, Suriye&#8217;de in\u015fa edilen hizmet mekanlar\u0131n\u0131n a\u00e7\u0131l\u0131\u015f\u0131n\u0131 yapt\u0131\",\"datePublished\":\"2021-09-22T12:13:01+00:00\",\"dateModified\":\"2022-12-09T11:35:11+00:00\",\"mainEntityOfPage\":{\"@id\":\"https:\\\/\\\/tdv.org\\\/tr-TR\\\/turkiye-diyanet-vakfi-suriyede-insa-edilen-hizmet-mekanlarinin-acilisini-yapti\\\/\"},\"wordCount\":491,\"commentCount\":0,\"publisher\":{\"@id\":\"https:\\\/\\\/tdv.org\\\/tr-TR\\\/#organization\"},\"image\":{\"@id\":\"https:\\\/\\\/tdv.org\\\/tr-TR\\\/turkiye-diyanet-vakfi-suriyede-insa-edilen-hizmet-mekanlarinin-acilisini-yapti\\\/#primaryimage\"},\"thumbnailUrl\":\"https:\\\/\\\/tdv.org\\\/tr-TR\\\/wp-content\\\/uploads\\\/2021\\\/09\\\/WhatsApp-Image-2021-09-22-at-15.07.17.jpeg\",\"keywords\":[\"A\u00e7\u0131l\u0131\u015f\",\"hizmet binas\u0131\",\"Suriye\"],\"articleSection\":[\"Haberler\"],\"inLanguage\":\"tr\",\"potentialAction\":[{\"@type\":\"CommentAction\",\"name\":\"Comment\",\"target\":[\"https:\\\/\\\/tdv.org\\\/tr-TR\\\/turkiye-diyanet-vakfi-suriyede-insa-edilen-hizmet-mekanlarinin-acilisini-yapti\\\/#respond\"]}]},{\"@type\":\"WebPage\",\"@id\":\"https:\\\/\\\/tdv.org\\\/tr-TR\\\/turkiye-diyanet-vakfi-suriyede-insa-edilen-hizmet-mekanlarinin-acilisini-yapti\\\/\",\"url\":\"https:\\\/\\\/tdv.org\\\/tr-TR\\\/turkiye-diyanet-vakfi-suriyede-insa-edilen-hizmet-mekanlarinin-acilisini-yapti\\\/\",\"name\":\"T\u00fcrkiye Diyanet Vakf\u0131, Suriye'de in\u015fa edilen hizmet mekanlar\u0131n\u0131n a\u00e7\u0131l\u0131\u015f\u0131n\u0131 yapt\u0131\",\"isPartOf\":{\"@id\":\"https:\\\/\\\/tdv.org\\\/tr-TR\\\/#website\"},\"primaryImageOfPage\":{\"@id\":\"https:\\\/\\\/tdv.org\\\/tr-TR\\\/turkiye-diyanet-vakfi-suriyede-insa-edilen-hizmet-mekanlarinin-acilisini-yapti\\\/#primaryimage\"},\"image\":{\"@id\":\"https:\\\/\\\/tdv.org\\\/tr-TR\\\/turkiye-diyanet-vakfi-suriyede-insa-edilen-hizmet-mekanlarinin-acilisini-yapti\\\/#primaryimage\"},\"thumbnailUrl\":\"https:\\\/\\\/tdv.org\\\/tr-TR\\\/wp-content\\\/uploads\\\/2021\\\/09\\\/WhatsApp-Image-2021-09-22-at-15.07.17.jpeg\",\"datePublished\":\"2021-09-22T12:13:01+00:00\",\"dateModified\":\"2022-12-09T11:35:11+00:00\",\"description\":\"T\u00fcrkiye Diyanet Vakf\u0131 (TDV), Suriye\u2019nin kuzeyinde ter\u00f6rden ar\u0131nd\u0131r\u0131lan b\u00f6lgelerde hay\u0131rseverlerin katk\u0131s\u0131yla in\u015fa edilen hizmet mekanlar\u0131n\u0131n toplu a\u00e7\u0131l\u0131\u015f\u0131n\u0131 ger\u00e7ekle\u015ftirdi.\",\"breadcrumb\":{\"@id\":\"https:\\\/\\\/tdv.org\\\/tr-TR\\\/turkiye-diyanet-vakfi-suriyede-insa-edilen-hizmet-mekanlarinin-acilisini-yapti\\\/#breadcrumb\"},\"inLanguage\":\"tr\",\"potentialAction\":[{\"@type\":\"ReadAction\",\"target\":[\"https:\\\/\\\/tdv.org\\\/tr-TR\\\/turkiye-diyanet-vakfi-suriyede-insa-edilen-hizmet-mekanlarinin-acilisini-yapti\\\/\"]}]},{\"@type\":\"ImageObject\",\"inLanguage\":\"tr\",\"@id\":\"https:\\\/\\\/tdv.org\\\/tr-TR\\\/turkiye-diyanet-vakfi-suriyede-insa-edilen-hizmet-mekanlarinin-acilisini-yapti\\\/#primaryimage\",\"url\":\"https:\\\/\\\/tdv.org\\\/tr-TR\\\/wp-content\\\/uploads\\\/2021\\\/09\\\/WhatsApp-Image-2021-09-22-at-15.07.17.jpeg\",\"contentUrl\":\"https:\\\/\\\/tdv.org\\\/tr-TR\\\/wp-content\\\/uploads\\\/2021\\\/09\\\/WhatsApp-Image-2021-09-22-at-15.07.17.jpeg\",\"width\":1600,\"height\":900},{\"@type\":\"BreadcrumbList\",\"@id\":\"https:\\\/\\\/tdv.org\\\/tr-TR\\\/turkiye-diyanet-vakfi-suriyede-insa-edilen-hizmet-mekanlarinin-acilisini-yapti\\\/#breadcrumb\",\"itemListElement\":[{\"@type\":\"ListItem\",\"position\":1,\"name\":\"Anasayfa\",\"item\":\"https:\\\/\\\/tdv.org\\\/tr-TR\\\/\"},{\"@type\":\"ListItem\",\"position\":2,\"name\":\"T\u00fcrkiye Diyanet Vakf\u0131, Suriye&#8217;de in\u015fa edilen hizmet mekanlar\u0131n\u0131n a\u00e7\u0131l\u0131\u015f\u0131n\u0131 yapt\u0131\"}]},{\"@type\":\"WebSite\",\"@id\":\"https:\\\/\\\/tdv.org\\\/tr-TR\\\/#website\",\"url\":\"https:\\\/\\\/tdv.org\\\/tr-TR\\\/\",\"name\":\"T\u00fcrkiye Diyanet Vakf\u0131 Resmi Web Sitesi\",\"description\":\"Yery\u00fcz\u00fcnde iyilik egemen oluncaya kadar\",\"publisher\":{\"@id\":\"https:\\\/\\\/tdv.org\\\/tr-TR\\\/#organization\"},\"alternateName\":\"T\u00fcrkiye Diyanet Vakf\u0131\",\"potentialAction\":[{\"@type\":\"SearchAction\",\"target\":{\"@type\":\"EntryPoint\",\"urlTemplate\":\"https:\\\/\\\/tdv.org\\\/tr-TR\\\/?s={search_term_string}\"},\"query-input\":{\"@type\":\"PropertyValueSpecification\",\"valueRequired\":true,\"valueName\":\"search_term_string\"}}],\"inLanguage\":\"tr\"},{\"@type\":\"Organization\",\"@id\":\"https:\\\/\\\/tdv.org\\\/tr-TR\\\/#organization\",\"name\":\"T\u00fcrkiye Diyanet Vakf\u0131\",\"alternateName\":\"T\u00fcrkiye Diyanet Vakf\u0131\",\"url\":\"https:\\\/\\\/tdv.org\\\/tr-TR\\\/\",\"logo\":{\"@type\":\"ImageObject\",\"inLanguage\":\"tr\",\"@id\":\"https:\\\/\\\/tdv.org\\\/tr-TR\\\/#\\\/schema\\\/logo\\\/image\\\/\",\"url\":\"https:\\\/\\\/tdv.org\\\/tr-TR\\\/wp-content\\\/uploads\\\/2018\\\/12\\\/TDV_Logo_1.png\",\"contentUrl\":\"https:\\\/\\\/tdv.org\\\/tr-TR\\\/wp-content\\\/uploads\\\/2018\\\/12\\\/TDV_Logo_1.png\",\"width\":207,\"height\":71,\"caption\":\"T\u00fcrkiye Diyanet Vakf\u0131\"},\"image\":{\"@id\":\"https:\\\/\\\/tdv.org\\\/tr-TR\\\/#\\\/schema\\\/logo\\\/image\\\/\"},\"sameAs\":[\"https:\\\/\\\/www.facebook.com\\\/Diyanetvakfi\\\/\",\"https:\\\/\\\/x.com\\\/DiyanetVakfi\",\"https:\\\/\\\/www.instagram.com\\\/turkiyediyanetvakfi\\\/\",\"https:\\\/\\\/www.youtube.com\\\/user\\\/TurkiyeDiyanetVakfi\"]},{\"@type\":\"Person\",\"@id\":\"https:\\\/\\\/tdv.org\\\/tr-TR\\\/#\\\/schema\\\/person\\\/8f21f05615f6bcf071bbd5ee8d376a8f\",\"name\":\"Musa\",\"image\":{\"@type\":\"ImageObject\",\"inLanguage\":\"tr\",\"@id\":\"https:\\\/\\\/tdv.org\\\/tr-TR\\\/wp-content\\\/litespeed\\\/avatar\\\/5b7955b12151edf37ee458402c4c6b7f.jpg?ver=1776690577\",\"url\":\"https:\\\/\\\/tdv.org\\\/tr-TR\\\/wp-content\\\/litespeed\\\/avatar\\\/5b7955b12151edf37ee458402c4c6b7f.jpg?ver=1776690577\",\"contentUrl\":\"https:\\\/\\\/tdv.org\\\/tr-TR\\\/wp-content\\\/litespeed\\\/avatar\\\/5b7955b12151edf37ee458402c4c6b7f.jpg?ver=1776690577\",\"caption\":\"Musa\"},\"sameAs\":[\"http:\\\/\\\/www.tdv.org\"]}]}<\/script>\n<!-- \/ Yoast SEO plugin. -->","yoast_head_json":{"title":"T\u00fcrkiye Diyanet Vakf\u0131, Suriye'de in\u015fa edilen hizmet mekanlar\u0131n\u0131n a\u00e7\u0131l\u0131\u015f\u0131n\u0131 yapt\u0131","description":"T\u00fcrkiye Diyanet Vakf\u0131 (TDV), Suriye\u2019nin kuzeyinde ter\u00f6rden ar\u0131nd\u0131r\u0131lan b\u00f6lgelerde hay\u0131rseverlerin katk\u0131s\u0131yla in\u015fa edilen hizmet mekanlar\u0131n\u0131n toplu a\u00e7\u0131l\u0131\u015f\u0131n\u0131 ger\u00e7ekle\u015ftirdi.","robots":{"index":"index","follow":"follow","max-snippet":"max-snippet:-1","max-image-preview":"max-image-preview:large","max-video-preview":"max-video-preview:-1"},"canonical":"https:\/\/tdv.org\/tr-TR\/turkiye-diyanet-vakfi-suriyede-insa-edilen-hizmet-mekanlarinin-acilisini-yapti\/","og_locale":"tr_TR","og_type":"article","og_title":"T\u00fcrkiye Diyanet Vakf\u0131, Suriye'de in\u015fa edilen hizmet mekanlar\u0131n\u0131n a\u00e7\u0131l\u0131\u015f\u0131n\u0131 yapt\u0131","og_description":"T\u00fcrkiye Diyanet Vakf\u0131 (TDV), Suriye\u2019nin kuzeyinde ter\u00f6rden ar\u0131nd\u0131r\u0131lan b\u00f6lgelerde hay\u0131rseverlerin katk\u0131s\u0131yla in\u015fa edilen hizmet mekanlar\u0131n\u0131n toplu a\u00e7\u0131l\u0131\u015f\u0131n\u0131 ger\u00e7ekle\u015ftirdi.","og_url":"https:\/\/tdv.org\/tr-TR\/turkiye-diyanet-vakfi-suriyede-insa-edilen-hizmet-mekanlarinin-acilisini-yapti\/","og_site_name":"T\u00fcrkiye Diyanet Vakf\u0131 Resmi Web Sitesi","article_publisher":"https:\/\/www.facebook.com\/Diyanetvakfi\/","article_published_time":"2021-09-22T12:13:01+00:00","article_modified_time":"2022-12-09T11:35:11+00:00","og_image":[{"width":1600,"height":900,"url":"https:\/\/tdv.org\/tr-TR\/wp-content\/uploads\/2021\/09\/WhatsApp-Image-2021-09-22-at-15.07.17.jpeg","type":"image\/jpeg"}],"author":"Musa","twitter_card":"summary_large_image","twitter_creator":"@DiyanetVakfi","twitter_site":"@DiyanetVakfi","schema":{"@context":"https:\/\/schema.org","@graph":[{"@type":"Article","@id":"https:\/\/tdv.org\/tr-TR\/turkiye-diyanet-vakfi-suriyede-insa-edilen-hizmet-mekanlarinin-acilisini-yapti\/#article","isPartOf":{"@id":"https:\/\/tdv.org\/tr-TR\/turkiye-diyanet-vakfi-suriyede-insa-edilen-hizmet-mekanlarinin-acilisini-yapti\/"},"author":{"name":"Musa","@id":"https:\/\/tdv.org\/tr-TR\/#\/schema\/person\/8f21f05615f6bcf071bbd5ee8d376a8f"},"headline":"T\u00fcrkiye Diyanet Vakf\u0131, Suriye&#8217;de in\u015fa edilen hizmet mekanlar\u0131n\u0131n a\u00e7\u0131l\u0131\u015f\u0131n\u0131 yapt\u0131","datePublished":"2021-09-22T12:13:01+00:00","dateModified":"2022-12-09T11:35:11+00:00","mainEntityOfPage":{"@id":"https:\/\/tdv.org\/tr-TR\/turkiye-diyanet-vakfi-suriyede-insa-edilen-hizmet-mekanlarinin-acilisini-yapti\/"},"wordCount":491,"commentCount":0,"publisher":{"@id":"https:\/\/tdv.org\/tr-TR\/#organization"},"image":{"@id":"https:\/\/tdv.org\/tr-TR\/turkiye-diyanet-vakfi-suriyede-insa-edilen-hizmet-mekanlarinin-acilisini-yapti\/#primaryimage"},"thumbnailUrl":"https:\/\/tdv.org\/tr-TR\/wp-content\/uploads\/2021\/09\/WhatsApp-Image-2021-09-22-at-15.07.17.jpeg","keywords":["A\u00e7\u0131l\u0131\u015f","hizmet binas\u0131","Suriye"],"articleSection":["Haberler"],"inLanguage":"tr","potentialAction":[{"@type":"CommentAction","name":"Comment","target":["https:\/\/tdv.org\/tr-TR\/turkiye-diyanet-vakfi-suriyede-insa-edilen-hizmet-mekanlarinin-acilisini-yapti\/#respond"]}]},{"@type":"WebPage","@id":"https:\/\/tdv.org\/tr-TR\/turkiye-diyanet-vakfi-suriyede-insa-edilen-hizmet-mekanlarinin-acilisini-yapti\/","url":"https:\/\/tdv.org\/tr-TR\/turkiye-diyanet-vakfi-suriyede-insa-edilen-hizmet-mekanlarinin-acilisini-yapti\/","name":"T\u00fcrkiye Diyanet Vakf\u0131, Suriye'de in\u015fa edilen hizmet mekanlar\u0131n\u0131n a\u00e7\u0131l\u0131\u015f\u0131n\u0131 yapt\u0131","isPartOf":{"@id":"https:\/\/tdv.org\/tr-TR\/#website"},"primaryImageOfPage":{"@id":"https:\/\/tdv.org\/tr-TR\/turkiye-diyanet-vakfi-suriyede-insa-edilen-hizmet-mekanlarinin-acilisini-yapti\/#primaryimage"},"image":{"@id":"https:\/\/tdv.org\/tr-TR\/turkiye-diyanet-vakfi-suriyede-insa-edilen-hizmet-mekanlarinin-acilisini-yapti\/#primaryimage"},"thumbnailUrl":"https:\/\/tdv.org\/tr-TR\/wp-content\/uploads\/2021\/09\/WhatsApp-Image-2021-09-22-at-15.07.17.jpeg","datePublished":"2021-09-22T12:13:01+00:00","dateModified":"2022-12-09T11:35:11+00:00","description":"T\u00fcrkiye Diyanet Vakf\u0131 (TDV), Suriye\u2019nin kuzeyinde ter\u00f6rden ar\u0131nd\u0131r\u0131lan b\u00f6lgelerde hay\u0131rseverlerin katk\u0131s\u0131yla in\u015fa edilen hizmet mekanlar\u0131n\u0131n toplu a\u00e7\u0131l\u0131\u015f\u0131n\u0131 ger\u00e7ekle\u015ftirdi.","breadcrumb":{"@id":"https:\/\/tdv.org\/tr-TR\/turkiye-diyanet-vakfi-suriyede-insa-edilen-hizmet-mekanlarinin-acilisini-yapti\/#breadcrumb"},"inLanguage":"tr","potentialAction":[{"@type":"ReadAction","target":["https:\/\/tdv.org\/tr-TR\/turkiye-diyanet-vakfi-suriyede-insa-edilen-hizmet-mekanlarinin-acilisini-yapti\/"]}]},{"@type":"ImageObject","inLanguage":"tr","@id":"https:\/\/tdv.org\/tr-TR\/turkiye-diyanet-vakfi-suriyede-insa-edilen-hizmet-mekanlarinin-acilisini-yapti\/#primaryimage","url":"https:\/\/tdv.org\/tr-TR\/wp-content\/uploads\/2021\/09\/WhatsApp-Image-2021-09-22-at-15.07.17.jpeg","contentUrl":"https:\/\/tdv.org\/tr-TR\/wp-content\/uploads\/2021\/09\/WhatsApp-Image-2021-09-22-at-15.07.17.jpeg","width":1600,"height":900},{"@type":"BreadcrumbList","@id":"https:\/\/tdv.org\/tr-TR\/turkiye-diyanet-vakfi-suriyede-insa-edilen-hizmet-mekanlarinin-acilisini-yapti\/#breadcrumb","itemListElement":[{"@type":"ListItem","position":1,"name":"Anasayfa","item":"https:\/\/tdv.org\/tr-TR\/"},{"@type":"ListItem","position":2,"name":"T\u00fcrkiye Diyanet Vakf\u0131, Suriye&#8217;de in\u015fa edilen hizmet mekanlar\u0131n\u0131n a\u00e7\u0131l\u0131\u015f\u0131n\u0131 yapt\u0131"}]},{"@type":"WebSite","@id":"https:\/\/tdv.org\/tr-TR\/#website","url":"https:\/\/tdv.org\/tr-TR\/","name":"T\u00fcrkiye Diyanet Vakf\u0131 Resmi Web Sitesi","description":"Yery\u00fcz\u00fcnde iyilik egemen oluncaya kadar","publisher":{"@id":"https:\/\/tdv.org\/tr-TR\/#organization"},"alternateName":"T\u00fcrkiye Diyanet Vakf\u0131","potentialAction":[{"@type":"SearchAction","target":{"@type":"EntryPoint","urlTemplate":"https:\/\/tdv.org\/tr-TR\/?s={search_term_string}"},"query-input":{"@type":"PropertyValueSpecification","valueRequired":true,"valueName":"search_term_string"}}],"inLanguage":"tr"},{"@type":"Organization","@id":"https:\/\/tdv.org\/tr-TR\/#organization","name":"T\u00fcrkiye Diyanet Vakf\u0131","alternateName":"T\u00fcrkiye Diyanet Vakf\u0131","url":"https:\/\/tdv.org\/tr-TR\/","logo":{"@type":"ImageObject","inLanguage":"tr","@id":"https:\/\/tdv.org\/tr-TR\/#\/schema\/logo\/image\/","url":"https:\/\/tdv.org\/tr-TR\/wp-content\/uploads\/2018\/12\/TDV_Logo_1.png","contentUrl":"https:\/\/tdv.org\/tr-TR\/wp-content\/uploads\/2018\/12\/TDV_Logo_1.png","width":207,"height":71,"caption":"T\u00fcrkiye Diyanet Vakf\u0131"},"image":{"@id":"https:\/\/tdv.org\/tr-TR\/#\/schema\/logo\/image\/"},"sameAs":["https:\/\/www.facebook.com\/Diyanetvakfi\/","https:\/\/x.com\/DiyanetVakfi","https:\/\/www.instagram.com\/turkiyediyanetvakfi\/","https:\/\/www.youtube.com\/user\/TurkiyeDiyanetVakfi"]},{"@type":"Person","@id":"https:\/\/tdv.org\/tr-TR\/#\/schema\/person\/8f21f05615f6bcf071bbd5ee8d376a8f","name":"Musa","image":{"@type":"ImageObject","inLanguage":"tr","@id":"https:\/\/tdv.org\/tr-TR\/wp-content\/litespeed\/avatar\/5b7955b12151edf37ee458402c4c6b7f.jpg?ver=1776690577","url":"https:\/\/tdv.org\/tr-TR\/wp-content\/litespeed\/avatar\/5b7955b12151edf37ee458402c4c6b7f.jpg?ver=1776690577","contentUrl":"https:\/\/tdv.org\/tr-TR\/wp-content\/litespeed\/avatar\/5b7955b12151edf37ee458402c4c6b7f.jpg?ver=1776690577","caption":"Musa"},"sameAs":["http:\/\/www.tdv.org"]}]}},"_links":{"self":[{"href":"https:\/\/tdv.org\/tr-TR\/wp-json\/wp\/v2\/posts\/14509","targetHints":{"allow":["GET"]}}],"collection":[{"href":"https:\/\/tdv.org\/tr-TR\/wp-json\/wp\/v2\/posts"}],"about":[{"href":"https:\/\/tdv.org\/tr-TR\/wp-json\/wp\/v2\/types\/post"}],"author":[{"embeddable":true,"href":"https:\/\/tdv.org\/tr-TR\/wp-json\/wp\/v2\/users\/6"}],"replies":[{"embeddable":true,"href":"https:\/\/tdv.org\/tr-TR\/wp-json\/wp\/v2\/comments?post=14509"}],"version-history":[{"count":1,"href":"https:\/\/tdv.org\/tr-TR\/wp-json\/wp\/v2\/posts\/14509\/revisions"}],"predecessor-version":[{"id":28711,"href":"https:\/\/tdv.org\/tr-TR\/wp-json\/wp\/v2\/posts\/14509\/revisions\/28711"}],"wp:featuredmedia":[{"embeddable":true,"href":"https:\/\/tdv.org\/tr-TR\/wp-json\/wp\/v2\/media\/14519"}],"wp:attachment":[{"href":"https:\/\/tdv.org\/tr-TR\/wp-json\/wp\/v2\/media?parent=14509"}],"wp:term":[{"taxonomy":"category","embeddable":true,"href":"https:\/\/tdv.org\/tr-TR\/wp-json\/wp\/v2\/categories?post=14509"},{"taxonomy":"post_tag","embeddable":true,"href":"https:\/\/tdv.org\/tr-TR\/wp-json\/wp\/v2\/tags?post=14509"}],"curies":[{"name":"wp","href":"https:\/\/api.w.org\/{rel}","templated":true}]}}