{"id":14524,"date":"2021-09-23T16:40:33","date_gmt":"2021-09-23T13:40:33","guid":{"rendered":"https:\/\/tdv.org\/tr-TR\/?p=14524"},"modified":"2022-12-09T14:34:16","modified_gmt":"2022-12-09T11:34:16","slug":"tdv-koy-okullarini-hayir-carsilari-ile-kutuphaneye-kavusturacak","status":"publish","type":"post","link":"https:\/\/tdv.org\/tr-TR\/tdv-koy-okullarini-hayir-carsilari-ile-kutuphaneye-kavusturacak\/","title":{"rendered":"TDV, k\u00f6y okullar\u0131n\u0131 hay\u0131r \u00e7ar\u015f\u0131lar\u0131 ile k\u00fct\u00fcphaneye kavu\u015fturacak"},"content":{"rendered":"<p style=\"text-align: justify;\">D\u00fcnyan\u0131n d\u00f6rt bir yan\u0131nda mazlum ve ma\u011fdurlar\u0131n umudu olan T\u00fcrkiye Diyanet Vakf\u0131, \u201cG\u00f6n\u00fcl K\u00fct\u00fcphanemiz\u201d projesi kapsam\u0131nda ger\u00e7ekle\u015ftirdi\u011fi hay\u0131r \u00e7ar\u015f\u0131s\u0131 etkinli\u011fiyle k\u00f6y okullar\u0131nda k\u00fct\u00fcphane olu\u015fturacak.<\/p>\n<p style=\"text-align: justify;\">T\u00fcrkiye Diyanet Vakf\u0131 Kad\u0131n Aile ve Gen\u00e7lik Hizmetleri M\u00fcd\u00fcrl\u00fc\u011f\u00fc G\u00f6n\u00fcll\u00fc Koordinat\u00f6rl\u00fc\u011f\u00fc taraf\u0131ndan kad\u0131n kollar\u0131n\u0131n bulundu\u011fu 22 ilde hay\u0131r \u00e7ar\u015f\u0131s\u0131 etkinli\u011fi d\u00fczenlenmeye ba\u015fland\u0131.<\/p>\n<p style=\"text-align: justify;\">Ankara\u2019da Ahmet Hamdi Akseki Cami avlusunda ger\u00e7ekle\u015ftirilen hay\u0131r \u00e7ar\u015f\u0131s\u0131n\u0131n a\u00e7\u0131l\u0131\u015f\u0131 Diyanet \u0130\u015fleri Ba\u015fkan\u0131 Prof. Dr. Ali Erba\u015f\u2019\u0131n e\u015fi Seher Erba\u015f, Diyanet \u0130\u015fleri Ba\u015fkan Yard\u0131mc\u0131lar\u0131 Prof. Dr. Huriye Mart\u0131, Dr. Burhan \u0130\u015fliyen, T\u00fcrkiye Diyanet Vakf\u0131 M\u00fctevelli Heyeti 2. Ba\u015fkan\u0131 \u0130hsan A\u00e7\u0131k, T\u00fcrkiye Diyanet Vakf\u0131 Genel M\u00fcd\u00fcr Yard\u0131mc\u0131s\u0131 Abdurrahman \u00c7etin ve davetlilerin kat\u0131l\u0131m\u0131yla ger\u00e7ekle\u015ftirildi.<\/p>\n<p style=\"text-align: justify;\">A\u00e7\u0131l\u0131\u015fta konu\u015fan T\u00fcrkiye Diyanet Vakf\u0131 Kad\u0131n Aile ve Gen\u00e7lik Hizmetleri M\u00fcd\u00fcr\u00fc Fatma Haral Efe, bir\u00e7ok k\u00f6y okulunda k\u00fct\u00fcphane olmad\u0131\u011f\u0131n\u0131 belirlediklerini ve bu alandaki eksili\u011fi tamamlamak i\u00e7in \u201cG\u00f6n\u00fcl K\u00fct\u00fcphanemiz\u201d ad\u0131 alt\u0131nda proje ba\u015flatt\u0131klar\u0131n\u0131 s\u00f6yledi.<\/p>\n<p style=\"text-align: justify;\">Proje kapsam\u0131nda k\u00f6y okullar\u0131n\u0131 k\u00fct\u00fcphaneyle bulu\u015fturmak istediklerini ifade eden Efe, \u201cKad\u0131n kollar\u0131m\u0131z\u0131n bulundu\u011fu 22 ilde hay\u0131r \u00e7ar\u015f\u0131s\u0131 etkinli\u011fi d\u00fczenleyerek buradan elde edilecek gelirle okullar\u0131m\u0131za k\u00fct\u00fcphane kurmu\u015f olaca\u011f\u0131z\u201d dedi.<\/p>\n<p style=\"text-align: justify;\">Diyanet \u0130\u015fleri Ba\u015fkan Yard\u0131mc\u0131s\u0131 Prof. Dr. Huriye Mart\u0131 da, her t\u00fcrl\u00fc iyilik faaliyetinin arkas\u0131nda ruhunu, gayretini, duas\u0131n\u0131, el birli\u011fiyle ortaya koyan g\u00f6n\u00fcll\u00fcler oldu\u011funu s\u00f6yledi.<\/p>\n<p style=\"text-align: justify;\">T\u00fcrkiye Diyanet Vakf\u0131 g\u00f6n\u00fcll\u00fclerinin deste\u011fiyle a\u00e7\u0131lan hay\u0131r \u00e7ar\u015f\u0131s\u0131n\u0131n \u00e7ok \u00f6nemli bir amaca hizmet edece\u011fini dile getiren Mart\u0131, \u201cB\u00f6yle bir kermesin do\u011frusunu s\u00f6ylemek gerekirse belki de en \u00f6nemli alt\u0131 \u00e7izilmesi gereken \u00f6zelli\u011fi kermeste elde edece\u011fimiz kazanc\u0131n tamam\u0131n\u0131n okul k\u00fct\u00fcphanelerine kitap olarak hediye ba\u011f\u0131\u015f\u0131na d\u00f6n\u00fc\u015fecek olmas\u0131d\u0131r. \u0130lkokul, ortaokul ve liselerde k\u00fct\u00fcphaneler kurulacak. \u0130lme katk\u0131s\u0131ndan, bilgiye katk\u0131s\u0131ndan \u00e7ocuklar\u0131m\u0131z\u0131n geli\u015fimine katk\u0131s\u0131ndan dolay\u0131 da ben T\u00fcrkiye Diyanet Vakf\u0131 Kad\u0131n Kollar\u0131m\u0131za hassaten hay\u0131r \u00e7ar\u015f\u0131s\u0131 i\u00e7in te\u015fekk\u00fcr ediyorum\u201d diye konu\u015ftu.<\/p>\n<p style=\"text-align: justify;\">Diyanet \u0130\u015fleri Ba\u015fkan\u0131 Prof. Dr. Ali Erba\u015f\u2019\u0131n e\u015fi Seher Erba\u015f da T\u00fcrkiye Diyanet Vakf\u0131 gibi b\u00fcy\u00fck bir vakf\u0131n kad\u0131n kollar\u0131n\u0131n olmas\u0131n\u0131 \u00f6nemsedi\u011fini dile getirdi.<\/p>\n<p style=\"text-align: justify;\">Erba\u015f, kad\u0131nlar\u0131n bir konuya el att\u0131\u011f\u0131 zaman ortaya \u00e7ok g\u00fczel i\u015flerin \u00e7\u0131kt\u0131\u011f\u0131na dikkati \u00e7ekerek, \u201cYarat\u0131l\u0131\u015f itibariyle ince ruhlu oldu\u011fumuz i\u00e7in b\u00f6yle g\u00fczellikler \u00e7\u0131kt\u0131\u011f\u0131na inan\u0131yorum. Beyefendilerin ula\u015famad\u0131\u011f\u0131, g\u00f6remedi\u011fi veya giremedi\u011fi yerlere kad\u0131nlar rahatl\u0131kla girebiliyor. \u0130htiya\u00e7 sahibi insanlar\u0131n duygular\u0131n\u0131 bir anne olarak daha iyi anlayabiliyor ve ihtiya\u00e7lar\u0131n kar\u015f\u0131lanabilmesi i\u00e7in gayret g\u00f6steriyoruz. Bug\u00fcn ki hay\u0131r \u00e7ar\u015f\u0131s\u0131 etkinli\u011fi de bunlardan birisi. Yine bir ihtiya\u00e7 tespit edilmi\u015f ve kad\u0131nlar\u0131m\u0131z o ihtiyac\u0131n giderilebilmesi i\u00e7in el birli\u011fiyle var g\u00fc\u00e7leriyle \u00e7aba g\u00f6steriyor. \u0130n\u015fallah kad\u0131n kollar\u0131m\u0131z daha \u00e7ok g\u00fczel i\u015flere imza atacak daha g\u00fczel projeler ger\u00e7ekle\u015ftirecek\u201d \u015feklinde konu\u015ftu.<\/p>\n<p style=\"text-align: justify;\">Konu\u015fmalar\u0131n ard\u0131ndan el i\u015f\u00e7ili\u011fi ile ayetlerin yaz\u0131ld\u0131\u011f\u0131 kitap ayrac\u0131 seti, yine el i\u015f\u00e7ili\u011fi ile yap\u0131lan fincan tak\u0131m\u0131 ve deri \u00e7antan\u0131n a\u00e7\u0131k art\u0131rma usul\u00fcyle sat\u0131\u015flar\u0131 ger\u00e7ekle\u015ftirildi.<\/p>\n<p style=\"text-align: justify;\">Daha sonra Diyanet \u0130\u015fleri Ba\u015fkan Yard\u0131mc\u0131s\u0131 Burhan \u0130\u015fliyen\u2019in duas\u0131yla hay\u0131r \u00e7ar\u015f\u0131s\u0131 a\u00e7\u0131ld\u0131.<\/p>\n<p style=\"text-align: justify;\">3 g\u00fcn boyunca devam edecek olan hay\u0131r \u00e7ar\u015f\u0131s\u0131 saat 10:00-18:00 saatleri aras\u0131nda gezilebilecek.<\/p>\n<p style=\"text-align: justify;\">\u00c7ar\u015f\u0131da, g\u00f6n\u00fcll\u00fcler ve 29 May\u0131s \u00dcniversitesi \u00f6\u011frencileri taraf\u0131ndan haz\u0131rlanan g\u0131dalar\u0131n yan\u0131 s\u0131ra el yap\u0131m\u0131 \u00fcr\u00fcnler, k\u0131yafet ve T\u00fcrkiye Diyanet Vakf\u0131 yay\u0131nlar\u0131 yer al\u0131yor.<\/p>\n<p>&nbsp;<\/p>\n\n\t\t<style type=\"text\/css\">\n\t\t\t#gallery-1 {\n\t\t\t\tmargin: auto;\n\t\t\t}\n\t\t\t#gallery-1 .gallery-item {\n\t\t\t\tfloat: left;\n\t\t\t\tmargin-top: 10px;\n\t\t\t\ttext-align: center;\n\t\t\t\twidth: 33%;\n\t\t\t}\n\t\t\t#gallery-1 img {\n\t\t\t\tborder: 2px solid #cfcfcf;\n\t\t\t}\n\t\t\t#gallery-1 .gallery-caption {\n\t\t\t\tmargin-left: 0;\n\t\t\t}\n\t\t\t\/* see gallery_shortcode() in wp-includes\/media.php *\/\n\t\t<\/style>\n\t\t<div id='gallery-1' class='gallery galleryid-14524 gallery-columns-3 gallery-size-thumbnail'><dl class='gallery-item'>\n\t\t\t<dt class='gallery-icon landscape'>\n\t\t\t\t<a href='https:\/\/tdv.org\/tr-TR\/wp-content\/uploads\/2021\/09\/WhatsApp-Image-2021-09-23-at-14.05.04.jpeg'><img decoding=\"async\" width=\"150\" height=\"150\" src=\"https:\/\/tdv.org\/tr-TR\/wp-content\/uploads\/2021\/09\/WhatsApp-Image-2021-09-23-at-14.05.04-150x150.jpeg\" class=\"attachment-thumbnail size-thumbnail\" alt=\"\" srcset=\"https:\/\/tdv.org\/tr-TR\/wp-content\/uploads\/2021\/09\/WhatsApp-Image-2021-09-23-at-14.05.04-150x150.jpeg 150w, https:\/\/tdv.org\/tr-TR\/wp-content\/uploads\/2021\/09\/WhatsApp-Image-2021-09-23-at-14.05.04-100x100.jpeg 100w, https:\/\/tdv.org\/tr-TR\/wp-content\/uploads\/2021\/09\/WhatsApp-Image-2021-09-23-at-14.05.04-140x140.jpeg 140w, https:\/\/tdv.org\/tr-TR\/wp-content\/uploads\/2021\/09\/WhatsApp-Image-2021-09-23-at-14.05.04-500x500.jpeg 500w, https:\/\/tdv.org\/tr-TR\/wp-content\/uploads\/2021\/09\/WhatsApp-Image-2021-09-23-at-14.05.04-350x350.jpeg 350w, https:\/\/tdv.org\/tr-TR\/wp-content\/uploads\/2021\/09\/WhatsApp-Image-2021-09-23-at-14.05.04-1000x1000.jpeg 1000w, https:\/\/tdv.org\/tr-TR\/wp-content\/uploads\/2021\/09\/WhatsApp-Image-2021-09-23-at-14.05.04-800x800.jpeg 800w\" sizes=\"(max-width: 150px) 100vw, 150px\" \/><\/a>\n\t\t\t<\/dt><\/dl><dl class='gallery-item'>\n\t\t\t<dt class='gallery-icon landscape'>\n\t\t\t\t<a href='https:\/\/tdv.org\/tr-TR\/wp-content\/uploads\/2021\/09\/WhatsApp-Image-2021-09-23-at-14.05.05.jpeg'><img decoding=\"async\" width=\"150\" height=\"150\" src=\"https:\/\/tdv.org\/tr-TR\/wp-content\/uploads\/2021\/09\/WhatsApp-Image-2021-09-23-at-14.05.05-150x150.jpeg\" class=\"attachment-thumbnail size-thumbnail\" alt=\"\" srcset=\"https:\/\/tdv.org\/tr-TR\/wp-content\/uploads\/2021\/09\/WhatsApp-Image-2021-09-23-at-14.05.05-150x150.jpeg 150w, https:\/\/tdv.org\/tr-TR\/wp-content\/uploads\/2021\/09\/WhatsApp-Image-2021-09-23-at-14.05.05-100x100.jpeg 100w, https:\/\/tdv.org\/tr-TR\/wp-content\/uploads\/2021\/09\/WhatsApp-Image-2021-09-23-at-14.05.05-140x140.jpeg 140w, https:\/\/tdv.org\/tr-TR\/wp-content\/uploads\/2021\/09\/WhatsApp-Image-2021-09-23-at-14.05.05-500x500.jpeg 500w, https:\/\/tdv.org\/tr-TR\/wp-content\/uploads\/2021\/09\/WhatsApp-Image-2021-09-23-at-14.05.05-350x350.jpeg 350w, https:\/\/tdv.org\/tr-TR\/wp-content\/uploads\/2021\/09\/WhatsApp-Image-2021-09-23-at-14.05.05-1000x1000.jpeg 1000w, https:\/\/tdv.org\/tr-TR\/wp-content\/uploads\/2021\/09\/WhatsApp-Image-2021-09-23-at-14.05.05-800x800.jpeg 800w\" sizes=\"(max-width: 150px) 100vw, 150px\" \/><\/a>\n\t\t\t<\/dt><\/dl><dl class='gallery-item'>\n\t\t\t<dt class='gallery-icon landscape'>\n\t\t\t\t<a href='https:\/\/tdv.org\/tr-TR\/wp-content\/uploads\/2021\/09\/WhatsApp-Image-2021-09-23-at-14.05.06.jpeg'><img decoding=\"async\" width=\"150\" height=\"150\" src=\"https:\/\/tdv.org\/tr-TR\/wp-content\/uploads\/2021\/09\/WhatsApp-Image-2021-09-23-at-14.05.06-150x150.jpeg\" class=\"attachment-thumbnail size-thumbnail\" alt=\"\" srcset=\"https:\/\/tdv.org\/tr-TR\/wp-content\/uploads\/2021\/09\/WhatsApp-Image-2021-09-23-at-14.05.06-150x150.jpeg 150w, https:\/\/tdv.org\/tr-TR\/wp-content\/uploads\/2021\/09\/WhatsApp-Image-2021-09-23-at-14.05.06-100x100.jpeg 100w, https:\/\/tdv.org\/tr-TR\/wp-content\/uploads\/2021\/09\/WhatsApp-Image-2021-09-23-at-14.05.06-140x140.jpeg 140w, https:\/\/tdv.org\/tr-TR\/wp-content\/uploads\/2021\/09\/WhatsApp-Image-2021-09-23-at-14.05.06-500x500.jpeg 500w, https:\/\/tdv.org\/tr-TR\/wp-content\/uploads\/2021\/09\/WhatsApp-Image-2021-09-23-at-14.05.06-350x350.jpeg 350w, https:\/\/tdv.org\/tr-TR\/wp-content\/uploads\/2021\/09\/WhatsApp-Image-2021-09-23-at-14.05.06-1000x1000.jpeg 1000w, https:\/\/tdv.org\/tr-TR\/wp-content\/uploads\/2021\/09\/WhatsApp-Image-2021-09-23-at-14.05.06-800x800.jpeg 800w\" sizes=\"(max-width: 150px) 100vw, 150px\" \/><\/a>\n\t\t\t<\/dt><\/dl><br style=\"clear: both\" \/><dl class='gallery-item'>\n\t\t\t<dt class='gallery-icon landscape'>\n\t\t\t\t<a href='https:\/\/tdv.org\/tr-TR\/wp-content\/uploads\/2021\/09\/WhatsApp-Image-2021-09-23-at-14.05.07-1.jpeg'><img decoding=\"async\" width=\"150\" height=\"150\" src=\"https:\/\/tdv.org\/tr-TR\/wp-content\/uploads\/2021\/09\/WhatsApp-Image-2021-09-23-at-14.05.07-1-150x150.jpeg\" class=\"attachment-thumbnail size-thumbnail\" alt=\"\" srcset=\"https:\/\/tdv.org\/tr-TR\/wp-content\/uploads\/2021\/09\/WhatsApp-Image-2021-09-23-at-14.05.07-1-150x150.jpeg 150w, https:\/\/tdv.org\/tr-TR\/wp-content\/uploads\/2021\/09\/WhatsApp-Image-2021-09-23-at-14.05.07-1-100x100.jpeg 100w, https:\/\/tdv.org\/tr-TR\/wp-content\/uploads\/2021\/09\/WhatsApp-Image-2021-09-23-at-14.05.07-1-140x140.jpeg 140w, https:\/\/tdv.org\/tr-TR\/wp-content\/uploads\/2021\/09\/WhatsApp-Image-2021-09-23-at-14.05.07-1-500x500.jpeg 500w, https:\/\/tdv.org\/tr-TR\/wp-content\/uploads\/2021\/09\/WhatsApp-Image-2021-09-23-at-14.05.07-1-350x350.jpeg 350w, https:\/\/tdv.org\/tr-TR\/wp-content\/uploads\/2021\/09\/WhatsApp-Image-2021-09-23-at-14.05.07-1-1000x1000.jpeg 1000w, https:\/\/tdv.org\/tr-TR\/wp-content\/uploads\/2021\/09\/WhatsApp-Image-2021-09-23-at-14.05.07-1-800x800.jpeg 800w\" sizes=\"(max-width: 150px) 100vw, 150px\" \/><\/a>\n\t\t\t<\/dt><\/dl><dl class='gallery-item'>\n\t\t\t<dt class='gallery-icon landscape'>\n\t\t\t\t<a href='https:\/\/tdv.org\/tr-TR\/wp-content\/uploads\/2021\/09\/WhatsApp-Image-2021-09-23-at-14.05.07.jpeg'><img decoding=\"async\" width=\"150\" height=\"150\" src=\"https:\/\/tdv.org\/tr-TR\/wp-content\/uploads\/2021\/09\/WhatsApp-Image-2021-09-23-at-14.05.07-150x150.jpeg\" class=\"attachment-thumbnail size-thumbnail\" alt=\"\" srcset=\"https:\/\/tdv.org\/tr-TR\/wp-content\/uploads\/2021\/09\/WhatsApp-Image-2021-09-23-at-14.05.07-150x150.jpeg 150w, https:\/\/tdv.org\/tr-TR\/wp-content\/uploads\/2021\/09\/WhatsApp-Image-2021-09-23-at-14.05.07-100x100.jpeg 100w, https:\/\/tdv.org\/tr-TR\/wp-content\/uploads\/2021\/09\/WhatsApp-Image-2021-09-23-at-14.05.07-140x140.jpeg 140w, https:\/\/tdv.org\/tr-TR\/wp-content\/uploads\/2021\/09\/WhatsApp-Image-2021-09-23-at-14.05.07-500x500.jpeg 500w, https:\/\/tdv.org\/tr-TR\/wp-content\/uploads\/2021\/09\/WhatsApp-Image-2021-09-23-at-14.05.07-350x350.jpeg 350w, https:\/\/tdv.org\/tr-TR\/wp-content\/uploads\/2021\/09\/WhatsApp-Image-2021-09-23-at-14.05.07-1000x1000.jpeg 1000w, https:\/\/tdv.org\/tr-TR\/wp-content\/uploads\/2021\/09\/WhatsApp-Image-2021-09-23-at-14.05.07-800x800.jpeg 800w\" sizes=\"(max-width: 150px) 100vw, 150px\" \/><\/a>\n\t\t\t<\/dt><\/dl><dl class='gallery-item'>\n\t\t\t<dt class='gallery-icon landscape'>\n\t\t\t\t<a href='https:\/\/tdv.org\/tr-TR\/wp-content\/uploads\/2021\/09\/WhatsApp-Image-2021-09-23-at-14.05.08.jpeg'><img decoding=\"async\" width=\"150\" height=\"150\" src=\"https:\/\/tdv.org\/tr-TR\/wp-content\/uploads\/2021\/09\/WhatsApp-Image-2021-09-23-at-14.05.08-150x150.jpeg\" class=\"attachment-thumbnail size-thumbnail\" alt=\"\" srcset=\"https:\/\/tdv.org\/tr-TR\/wp-content\/uploads\/2021\/09\/WhatsApp-Image-2021-09-23-at-14.05.08-150x150.jpeg 150w, https:\/\/tdv.org\/tr-TR\/wp-content\/uploads\/2021\/09\/WhatsApp-Image-2021-09-23-at-14.05.08-100x100.jpeg 100w, https:\/\/tdv.org\/tr-TR\/wp-content\/uploads\/2021\/09\/WhatsApp-Image-2021-09-23-at-14.05.08-140x140.jpeg 140w, https:\/\/tdv.org\/tr-TR\/wp-content\/uploads\/2021\/09\/WhatsApp-Image-2021-09-23-at-14.05.08-500x500.jpeg 500w, https:\/\/tdv.org\/tr-TR\/wp-content\/uploads\/2021\/09\/WhatsApp-Image-2021-09-23-at-14.05.08-350x350.jpeg 350w, https:\/\/tdv.org\/tr-TR\/wp-content\/uploads\/2021\/09\/WhatsApp-Image-2021-09-23-at-14.05.08-1000x1000.jpeg 1000w, https:\/\/tdv.org\/tr-TR\/wp-content\/uploads\/2021\/09\/WhatsApp-Image-2021-09-23-at-14.05.08-800x800.jpeg 800w\" sizes=\"(max-width: 150px) 100vw, 150px\" \/><\/a>\n\t\t\t<\/dt><\/dl><br style=\"clear: both\" \/><dl class='gallery-item'>\n\t\t\t<dt class='gallery-icon landscape'>\n\t\t\t\t<a href='https:\/\/tdv.org\/tr-TR\/wp-content\/uploads\/2021\/09\/WhatsApp-Image-2021-09-23-at-14.05.09-1.jpeg'><img decoding=\"async\" width=\"150\" height=\"150\" src=\"https:\/\/tdv.org\/tr-TR\/wp-content\/uploads\/2021\/09\/WhatsApp-Image-2021-09-23-at-14.05.09-1-150x150.jpeg\" class=\"attachment-thumbnail size-thumbnail\" alt=\"\" srcset=\"https:\/\/tdv.org\/tr-TR\/wp-content\/uploads\/2021\/09\/WhatsApp-Image-2021-09-23-at-14.05.09-1-150x150.jpeg 150w, https:\/\/tdv.org\/tr-TR\/wp-content\/uploads\/2021\/09\/WhatsApp-Image-2021-09-23-at-14.05.09-1-100x100.jpeg 100w, https:\/\/tdv.org\/tr-TR\/wp-content\/uploads\/2021\/09\/WhatsApp-Image-2021-09-23-at-14.05.09-1-140x140.jpeg 140w, https:\/\/tdv.org\/tr-TR\/wp-content\/uploads\/2021\/09\/WhatsApp-Image-2021-09-23-at-14.05.09-1-500x500.jpeg 500w, https:\/\/tdv.org\/tr-TR\/wp-content\/uploads\/2021\/09\/WhatsApp-Image-2021-09-23-at-14.05.09-1-350x350.jpeg 350w, https:\/\/tdv.org\/tr-TR\/wp-content\/uploads\/2021\/09\/WhatsApp-Image-2021-09-23-at-14.05.09-1-1000x1000.jpeg 1000w, https:\/\/tdv.org\/tr-TR\/wp-content\/uploads\/2021\/09\/WhatsApp-Image-2021-09-23-at-14.05.09-1-800x800.jpeg 800w\" sizes=\"(max-width: 150px) 100vw, 150px\" \/><\/a>\n\t\t\t<\/dt><\/dl><dl class='gallery-item'>\n\t\t\t<dt class='gallery-icon landscape'>\n\t\t\t\t<a href='https:\/\/tdv.org\/tr-TR\/wp-content\/uploads\/2021\/09\/WhatsApp-Image-2021-09-23-at-14.05.09.jpeg'><img decoding=\"async\" width=\"150\" height=\"150\" src=\"https:\/\/tdv.org\/tr-TR\/wp-content\/uploads\/2021\/09\/WhatsApp-Image-2021-09-23-at-14.05.09-150x150.jpeg\" class=\"attachment-thumbnail size-thumbnail\" alt=\"\" srcset=\"https:\/\/tdv.org\/tr-TR\/wp-content\/uploads\/2021\/09\/WhatsApp-Image-2021-09-23-at-14.05.09-150x150.jpeg 150w, https:\/\/tdv.org\/tr-TR\/wp-content\/uploads\/2021\/09\/WhatsApp-Image-2021-09-23-at-14.05.09-100x100.jpeg 100w, https:\/\/tdv.org\/tr-TR\/wp-content\/uploads\/2021\/09\/WhatsApp-Image-2021-09-23-at-14.05.09-140x140.jpeg 140w, https:\/\/tdv.org\/tr-TR\/wp-content\/uploads\/2021\/09\/WhatsApp-Image-2021-09-23-at-14.05.09-500x500.jpeg 500w, https:\/\/tdv.org\/tr-TR\/wp-content\/uploads\/2021\/09\/WhatsApp-Image-2021-09-23-at-14.05.09-350x350.jpeg 350w, https:\/\/tdv.org\/tr-TR\/wp-content\/uploads\/2021\/09\/WhatsApp-Image-2021-09-23-at-14.05.09-1000x1000.jpeg 1000w, https:\/\/tdv.org\/tr-TR\/wp-content\/uploads\/2021\/09\/WhatsApp-Image-2021-09-23-at-14.05.09-800x800.jpeg 800w\" sizes=\"(max-width: 150px) 100vw, 150px\" \/><\/a>\n\t\t\t<\/dt><\/dl><dl class='gallery-item'>\n\t\t\t<dt class='gallery-icon landscape'>\n\t\t\t\t<a href='https:\/\/tdv.org\/tr-TR\/wp-content\/uploads\/2021\/09\/WhatsApp-Image-2021-09-23-at-14.05.10-1.jpeg'><img decoding=\"async\" width=\"150\" height=\"150\" src=\"https:\/\/tdv.org\/tr-TR\/wp-content\/uploads\/2021\/09\/WhatsApp-Image-2021-09-23-at-14.05.10-1-150x150.jpeg\" class=\"attachment-thumbnail size-thumbnail\" alt=\"\" srcset=\"https:\/\/tdv.org\/tr-TR\/wp-content\/uploads\/2021\/09\/WhatsApp-Image-2021-09-23-at-14.05.10-1-150x150.jpeg 150w, https:\/\/tdv.org\/tr-TR\/wp-content\/uploads\/2021\/09\/WhatsApp-Image-2021-09-23-at-14.05.10-1-100x100.jpeg 100w, https:\/\/tdv.org\/tr-TR\/wp-content\/uploads\/2021\/09\/WhatsApp-Image-2021-09-23-at-14.05.10-1-140x140.jpeg 140w, https:\/\/tdv.org\/tr-TR\/wp-content\/uploads\/2021\/09\/WhatsApp-Image-2021-09-23-at-14.05.10-1-500x500.jpeg 500w, https:\/\/tdv.org\/tr-TR\/wp-content\/uploads\/2021\/09\/WhatsApp-Image-2021-09-23-at-14.05.10-1-350x350.jpeg 350w, https:\/\/tdv.org\/tr-TR\/wp-content\/uploads\/2021\/09\/WhatsApp-Image-2021-09-23-at-14.05.10-1-1000x1000.jpeg 1000w, https:\/\/tdv.org\/tr-TR\/wp-content\/uploads\/2021\/09\/WhatsApp-Image-2021-09-23-at-14.05.10-1-800x800.jpeg 800w\" sizes=\"(max-width: 150px) 100vw, 150px\" \/><\/a>\n\t\t\t<\/dt><\/dl><br style=\"clear: both\" \/><dl class='gallery-item'>\n\t\t\t<dt class='gallery-icon landscape'>\n\t\t\t\t<a href='https:\/\/tdv.org\/tr-TR\/wp-content\/uploads\/2021\/09\/WhatsApp-Image-2021-09-23-at-14.05.10.jpeg'><img decoding=\"async\" width=\"150\" height=\"150\" src=\"https:\/\/tdv.org\/tr-TR\/wp-content\/uploads\/2021\/09\/WhatsApp-Image-2021-09-23-at-14.05.10-150x150.jpeg\" class=\"attachment-thumbnail size-thumbnail\" alt=\"\" srcset=\"https:\/\/tdv.org\/tr-TR\/wp-content\/uploads\/2021\/09\/WhatsApp-Image-2021-09-23-at-14.05.10-150x150.jpeg 150w, https:\/\/tdv.org\/tr-TR\/wp-content\/uploads\/2021\/09\/WhatsApp-Image-2021-09-23-at-14.05.10-100x100.jpeg 100w, https:\/\/tdv.org\/tr-TR\/wp-content\/uploads\/2021\/09\/WhatsApp-Image-2021-09-23-at-14.05.10-140x140.jpeg 140w, https:\/\/tdv.org\/tr-TR\/wp-content\/uploads\/2021\/09\/WhatsApp-Image-2021-09-23-at-14.05.10-500x500.jpeg 500w, https:\/\/tdv.org\/tr-TR\/wp-content\/uploads\/2021\/09\/WhatsApp-Image-2021-09-23-at-14.05.10-350x350.jpeg 350w, https:\/\/tdv.org\/tr-TR\/wp-content\/uploads\/2021\/09\/WhatsApp-Image-2021-09-23-at-14.05.10-1000x1000.jpeg 1000w, https:\/\/tdv.org\/tr-TR\/wp-content\/uploads\/2021\/09\/WhatsApp-Image-2021-09-23-at-14.05.10-800x800.jpeg 800w\" sizes=\"(max-width: 150px) 100vw, 150px\" \/><\/a>\n\t\t\t<\/dt><\/dl><dl class='gallery-item'>\n\t\t\t<dt class='gallery-icon landscape'>\n\t\t\t\t<a href='https:\/\/tdv.org\/tr-TR\/wp-content\/uploads\/2021\/09\/WhatsApp-Image-2021-09-23-at-14.05.11.jpeg'><img decoding=\"async\" width=\"150\" height=\"150\" src=\"https:\/\/tdv.org\/tr-TR\/wp-content\/uploads\/2021\/09\/WhatsApp-Image-2021-09-23-at-14.05.11-150x150.jpeg\" class=\"attachment-thumbnail size-thumbnail\" alt=\"\" srcset=\"https:\/\/tdv.org\/tr-TR\/wp-content\/uploads\/2021\/09\/WhatsApp-Image-2021-09-23-at-14.05.11-150x150.jpeg 150w, https:\/\/tdv.org\/tr-TR\/wp-content\/uploads\/2021\/09\/WhatsApp-Image-2021-09-23-at-14.05.11-100x100.jpeg 100w, https:\/\/tdv.org\/tr-TR\/wp-content\/uploads\/2021\/09\/WhatsApp-Image-2021-09-23-at-14.05.11-140x140.jpeg 140w, https:\/\/tdv.org\/tr-TR\/wp-content\/uploads\/2021\/09\/WhatsApp-Image-2021-09-23-at-14.05.11-500x500.jpeg 500w, https:\/\/tdv.org\/tr-TR\/wp-content\/uploads\/2021\/09\/WhatsApp-Image-2021-09-23-at-14.05.11-350x350.jpeg 350w, https:\/\/tdv.org\/tr-TR\/wp-content\/uploads\/2021\/09\/WhatsApp-Image-2021-09-23-at-14.05.11-1000x1000.jpeg 1000w, https:\/\/tdv.org\/tr-TR\/wp-content\/uploads\/2021\/09\/WhatsApp-Image-2021-09-23-at-14.05.11-800x800.jpeg 800w\" sizes=\"(max-width: 150px) 100vw, 150px\" \/><\/a>\n\t\t\t<\/dt><\/dl>\n\t\t\t<br style='clear: both' \/>\n\t\t<\/div>\n\n","protected":false},"excerpt":{"rendered":"<p>D\u00fcnyan\u0131n d\u00f6rt bir yan\u0131nda mazlum ve ma\u011fdurlar\u0131n umudu olan T\u00fcrkiye Diyanet Vakf\u0131, \u201cG\u00f6n\u00fcl K\u00fct\u00fcphanemiz\u201d projesi kapsam\u0131nda ger\u00e7ekle\u015ftirdi\u011fi hay\u0131r \u00e7ar\u015f\u0131s\u0131 etkinli\u011fiyle k\u00f6y okullar\u0131nda k\u00fct\u00fcphane olu\u015fturacak. T\u00fcrkiye Diyanet Vakf\u0131 Kad\u0131n Aile ve&#8230;<\/p>\n","protected":false},"author":6,"featured_media":14533,"comment_status":"open","ping_status":"closed","sticky":false,"template":"","format":"standard","meta":{"footnotes":""},"categories":[1],"tags":[137,978,1030],"class_list":{"0":"post-14524","1":"post","2":"type-post","3":"status-publish","4":"format-standard","5":"has-post-thumbnail","7":"category-haberler","8":"tag-gonulluluk","9":"tag-hayir-carsisi","10":"tag-kadin-kollari"},"yoast_head":"<!-- This site is optimized with the Yoast SEO plugin v27.4 - https:\/\/yoast.com\/product\/yoast-seo-wordpress\/ -->\n<title>TDV, k\u00f6y okullar\u0131n\u0131 hay\u0131r \u00e7ar\u015f\u0131lar\u0131 ile k\u00fct\u00fcphaneye kavu\u015fturacak<\/title>\n<meta name=\"description\" content=\"D\u00fcnyan\u0131n d\u00f6rt bir yan\u0131nda mazlum ve ma\u011fdurlar\u0131n umudu olan T\u00fcrkiye Diyanet Vakf\u0131, \u201cG\u00f6n\u00fcl K\u00fct\u00fcphanemiz\u201d projesi kapsam\u0131nda ger\u00e7ekle\u015ftirdi\u011fi hay\u0131r \u00e7ar\u015f\u0131s\u0131 etkinli\u011fiyle k\u00f6y okullar\u0131nda k\u00fct\u00fcphane olu\u015fturacak.\" \/>\n<meta name=\"robots\" content=\"index, follow, max-snippet:-1, max-image-preview:large, max-video-preview:-1\" \/>\n<link rel=\"canonical\" href=\"https:\/\/tdv.org\/tr-TR\/tdv-koy-okullarini-hayir-carsilari-ile-kutuphaneye-kavusturacak\/\" \/>\n<meta property=\"og:locale\" content=\"tr_TR\" \/>\n<meta property=\"og:type\" content=\"article\" \/>\n<meta property=\"og:title\" content=\"TDV, k\u00f6y okullar\u0131n\u0131 hay\u0131r \u00e7ar\u015f\u0131lar\u0131 ile k\u00fct\u00fcphaneye kavu\u015fturacak\" \/>\n<meta property=\"og:description\" content=\"D\u00fcnyan\u0131n d\u00f6rt bir yan\u0131nda mazlum ve ma\u011fdurlar\u0131n umudu olan T\u00fcrkiye Diyanet Vakf\u0131, \u201cG\u00f6n\u00fcl K\u00fct\u00fcphanemiz\u201d projesi kapsam\u0131nda ger\u00e7ekle\u015ftirdi\u011fi hay\u0131r \u00e7ar\u015f\u0131s\u0131 etkinli\u011fiyle k\u00f6y okullar\u0131nda k\u00fct\u00fcphane olu\u015fturacak.\" \/>\n<meta property=\"og:url\" content=\"https:\/\/tdv.org\/tr-TR\/tdv-koy-okullarini-hayir-carsilari-ile-kutuphaneye-kavusturacak\/\" \/>\n<meta property=\"og:site_name\" content=\"T\u00fcrkiye Diyanet Vakf\u0131 Resmi Web Sitesi\" \/>\n<meta property=\"article:publisher\" content=\"https:\/\/www.facebook.com\/Diyanetvakfi\/\" \/>\n<meta property=\"article:published_time\" content=\"2021-09-23T13:40:33+00:00\" \/>\n<meta property=\"article:modified_time\" content=\"2022-12-09T11:34:16+00:00\" \/>\n<meta property=\"og:image\" content=\"https:\/\/tdv.org\/tr-TR\/wp-content\/uploads\/2021\/09\/WhatsApp-Image-2021-09-23-at-14.05.09.jpeg\" \/>\n\t<meta property=\"og:image:width\" content=\"1600\" \/>\n\t<meta property=\"og:image:height\" content=\"1066\" \/>\n\t<meta property=\"og:image:type\" content=\"image\/jpeg\" \/>\n<meta name=\"author\" content=\"Musa\" \/>\n<meta name=\"twitter:card\" content=\"summary_large_image\" \/>\n<meta name=\"twitter:creator\" content=\"@DiyanetVakfi\" \/>\n<meta name=\"twitter:site\" content=\"@DiyanetVakfi\" \/>\n<script type=\"application\/ld+json\" class=\"yoast-schema-graph\">{\"@context\":\"https:\\\/\\\/schema.org\",\"@graph\":[{\"@type\":\"Article\",\"@id\":\"https:\\\/\\\/tdv.org\\\/tr-TR\\\/tdv-koy-okullarini-hayir-carsilari-ile-kutuphaneye-kavusturacak\\\/#article\",\"isPartOf\":{\"@id\":\"https:\\\/\\\/tdv.org\\\/tr-TR\\\/tdv-koy-okullarini-hayir-carsilari-ile-kutuphaneye-kavusturacak\\\/\"},\"author\":{\"name\":\"Musa\",\"@id\":\"https:\\\/\\\/tdv.org\\\/tr-TR\\\/#\\\/schema\\\/person\\\/8f21f05615f6bcf071bbd5ee8d376a8f\"},\"headline\":\"TDV, k\u00f6y okullar\u0131n\u0131 hay\u0131r \u00e7ar\u015f\u0131lar\u0131 ile k\u00fct\u00fcphaneye kavu\u015fturacak\",\"datePublished\":\"2021-09-23T13:40:33+00:00\",\"dateModified\":\"2022-12-09T11:34:16+00:00\",\"mainEntityOfPage\":{\"@id\":\"https:\\\/\\\/tdv.org\\\/tr-TR\\\/tdv-koy-okullarini-hayir-carsilari-ile-kutuphaneye-kavusturacak\\\/\"},\"wordCount\":734,\"commentCount\":0,\"publisher\":{\"@id\":\"https:\\\/\\\/tdv.org\\\/tr-TR\\\/#organization\"},\"image\":{\"@id\":\"https:\\\/\\\/tdv.org\\\/tr-TR\\\/tdv-koy-okullarini-hayir-carsilari-ile-kutuphaneye-kavusturacak\\\/#primaryimage\"},\"thumbnailUrl\":\"https:\\\/\\\/tdv.org\\\/tr-TR\\\/wp-content\\\/uploads\\\/2021\\\/09\\\/WhatsApp-Image-2021-09-23-at-14.05.09.jpeg\",\"keywords\":[\"g\u00f6n\u00fcll\u00fcl\u00fck\",\"hay\u0131r \u00e7ar\u015f\u0131s\u0131\",\"kad\u0131n kollar\u0131\"],\"articleSection\":[\"Haberler\"],\"inLanguage\":\"tr\",\"potentialAction\":[{\"@type\":\"CommentAction\",\"name\":\"Comment\",\"target\":[\"https:\\\/\\\/tdv.org\\\/tr-TR\\\/tdv-koy-okullarini-hayir-carsilari-ile-kutuphaneye-kavusturacak\\\/#respond\"]}]},{\"@type\":\"WebPage\",\"@id\":\"https:\\\/\\\/tdv.org\\\/tr-TR\\\/tdv-koy-okullarini-hayir-carsilari-ile-kutuphaneye-kavusturacak\\\/\",\"url\":\"https:\\\/\\\/tdv.org\\\/tr-TR\\\/tdv-koy-okullarini-hayir-carsilari-ile-kutuphaneye-kavusturacak\\\/\",\"name\":\"TDV, k\u00f6y okullar\u0131n\u0131 hay\u0131r \u00e7ar\u015f\u0131lar\u0131 ile k\u00fct\u00fcphaneye kavu\u015fturacak\",\"isPartOf\":{\"@id\":\"https:\\\/\\\/tdv.org\\\/tr-TR\\\/#website\"},\"primaryImageOfPage\":{\"@id\":\"https:\\\/\\\/tdv.org\\\/tr-TR\\\/tdv-koy-okullarini-hayir-carsilari-ile-kutuphaneye-kavusturacak\\\/#primaryimage\"},\"image\":{\"@id\":\"https:\\\/\\\/tdv.org\\\/tr-TR\\\/tdv-koy-okullarini-hayir-carsilari-ile-kutuphaneye-kavusturacak\\\/#primaryimage\"},\"thumbnailUrl\":\"https:\\\/\\\/tdv.org\\\/tr-TR\\\/wp-content\\\/uploads\\\/2021\\\/09\\\/WhatsApp-Image-2021-09-23-at-14.05.09.jpeg\",\"datePublished\":\"2021-09-23T13:40:33+00:00\",\"dateModified\":\"2022-12-09T11:34:16+00:00\",\"description\":\"D\u00fcnyan\u0131n d\u00f6rt bir yan\u0131nda mazlum ve ma\u011fdurlar\u0131n umudu olan T\u00fcrkiye Diyanet Vakf\u0131, \u201cG\u00f6n\u00fcl K\u00fct\u00fcphanemiz\u201d projesi kapsam\u0131nda ger\u00e7ekle\u015ftirdi\u011fi hay\u0131r \u00e7ar\u015f\u0131s\u0131 etkinli\u011fiyle k\u00f6y okullar\u0131nda k\u00fct\u00fcphane olu\u015fturacak.\",\"breadcrumb\":{\"@id\":\"https:\\\/\\\/tdv.org\\\/tr-TR\\\/tdv-koy-okullarini-hayir-carsilari-ile-kutuphaneye-kavusturacak\\\/#breadcrumb\"},\"inLanguage\":\"tr\",\"potentialAction\":[{\"@type\":\"ReadAction\",\"target\":[\"https:\\\/\\\/tdv.org\\\/tr-TR\\\/tdv-koy-okullarini-hayir-carsilari-ile-kutuphaneye-kavusturacak\\\/\"]}]},{\"@type\":\"ImageObject\",\"inLanguage\":\"tr\",\"@id\":\"https:\\\/\\\/tdv.org\\\/tr-TR\\\/tdv-koy-okullarini-hayir-carsilari-ile-kutuphaneye-kavusturacak\\\/#primaryimage\",\"url\":\"https:\\\/\\\/tdv.org\\\/tr-TR\\\/wp-content\\\/uploads\\\/2021\\\/09\\\/WhatsApp-Image-2021-09-23-at-14.05.09.jpeg\",\"contentUrl\":\"https:\\\/\\\/tdv.org\\\/tr-TR\\\/wp-content\\\/uploads\\\/2021\\\/09\\\/WhatsApp-Image-2021-09-23-at-14.05.09.jpeg\",\"width\":1600,\"height\":1066},{\"@type\":\"BreadcrumbList\",\"@id\":\"https:\\\/\\\/tdv.org\\\/tr-TR\\\/tdv-koy-okullarini-hayir-carsilari-ile-kutuphaneye-kavusturacak\\\/#breadcrumb\",\"itemListElement\":[{\"@type\":\"ListItem\",\"position\":1,\"name\":\"Anasayfa\",\"item\":\"https:\\\/\\\/tdv.org\\\/tr-TR\\\/\"},{\"@type\":\"ListItem\",\"position\":2,\"name\":\"TDV, k\u00f6y okullar\u0131n\u0131 hay\u0131r \u00e7ar\u015f\u0131lar\u0131 ile k\u00fct\u00fcphaneye kavu\u015fturacak\"}]},{\"@type\":\"WebSite\",\"@id\":\"https:\\\/\\\/tdv.org\\\/tr-TR\\\/#website\",\"url\":\"https:\\\/\\\/tdv.org\\\/tr-TR\\\/\",\"name\":\"T\u00fcrkiye Diyanet Vakf\u0131 Resmi Web Sitesi\",\"description\":\"Yery\u00fcz\u00fcnde iyilik egemen oluncaya kadar\",\"publisher\":{\"@id\":\"https:\\\/\\\/tdv.org\\\/tr-TR\\\/#organization\"},\"alternateName\":\"T\u00fcrkiye Diyanet Vakf\u0131\",\"potentialAction\":[{\"@type\":\"SearchAction\",\"target\":{\"@type\":\"EntryPoint\",\"urlTemplate\":\"https:\\\/\\\/tdv.org\\\/tr-TR\\\/?s={search_term_string}\"},\"query-input\":{\"@type\":\"PropertyValueSpecification\",\"valueRequired\":true,\"valueName\":\"search_term_string\"}}],\"inLanguage\":\"tr\"},{\"@type\":\"Organization\",\"@id\":\"https:\\\/\\\/tdv.org\\\/tr-TR\\\/#organization\",\"name\":\"T\u00fcrkiye Diyanet Vakf\u0131\",\"alternateName\":\"T\u00fcrkiye Diyanet Vakf\u0131\",\"url\":\"https:\\\/\\\/tdv.org\\\/tr-TR\\\/\",\"logo\":{\"@type\":\"ImageObject\",\"inLanguage\":\"tr\",\"@id\":\"https:\\\/\\\/tdv.org\\\/tr-TR\\\/#\\\/schema\\\/logo\\\/image\\\/\",\"url\":\"https:\\\/\\\/tdv.org\\\/tr-TR\\\/wp-content\\\/uploads\\\/2018\\\/12\\\/TDV_Logo_1.png\",\"contentUrl\":\"https:\\\/\\\/tdv.org\\\/tr-TR\\\/wp-content\\\/uploads\\\/2018\\\/12\\\/TDV_Logo_1.png\",\"width\":207,\"height\":71,\"caption\":\"T\u00fcrkiye Diyanet Vakf\u0131\"},\"image\":{\"@id\":\"https:\\\/\\\/tdv.org\\\/tr-TR\\\/#\\\/schema\\\/logo\\\/image\\\/\"},\"sameAs\":[\"https:\\\/\\\/www.facebook.com\\\/Diyanetvakfi\\\/\",\"https:\\\/\\\/x.com\\\/DiyanetVakfi\",\"https:\\\/\\\/www.instagram.com\\\/turkiyediyanetvakfi\\\/\",\"https:\\\/\\\/www.youtube.com\\\/user\\\/TurkiyeDiyanetVakfi\"]},{\"@type\":\"Person\",\"@id\":\"https:\\\/\\\/tdv.org\\\/tr-TR\\\/#\\\/schema\\\/person\\\/8f21f05615f6bcf071bbd5ee8d376a8f\",\"name\":\"Musa\",\"image\":{\"@type\":\"ImageObject\",\"inLanguage\":\"tr\",\"@id\":\"https:\\\/\\\/tdv.org\\\/tr-TR\\\/wp-content\\\/litespeed\\\/avatar\\\/5b7955b12151edf37ee458402c4c6b7f.jpg?ver=1776690577\",\"url\":\"https:\\\/\\\/tdv.org\\\/tr-TR\\\/wp-content\\\/litespeed\\\/avatar\\\/5b7955b12151edf37ee458402c4c6b7f.jpg?ver=1776690577\",\"contentUrl\":\"https:\\\/\\\/tdv.org\\\/tr-TR\\\/wp-content\\\/litespeed\\\/avatar\\\/5b7955b12151edf37ee458402c4c6b7f.jpg?ver=1776690577\",\"caption\":\"Musa\"},\"sameAs\":[\"http:\\\/\\\/www.tdv.org\"]}]}<\/script>\n<!-- \/ Yoast SEO plugin. -->","yoast_head_json":{"title":"TDV, k\u00f6y okullar\u0131n\u0131 hay\u0131r \u00e7ar\u015f\u0131lar\u0131 ile k\u00fct\u00fcphaneye kavu\u015fturacak","description":"D\u00fcnyan\u0131n d\u00f6rt bir yan\u0131nda mazlum ve ma\u011fdurlar\u0131n umudu olan T\u00fcrkiye Diyanet Vakf\u0131, \u201cG\u00f6n\u00fcl K\u00fct\u00fcphanemiz\u201d projesi kapsam\u0131nda ger\u00e7ekle\u015ftirdi\u011fi hay\u0131r \u00e7ar\u015f\u0131s\u0131 etkinli\u011fiyle k\u00f6y okullar\u0131nda k\u00fct\u00fcphane olu\u015fturacak.","robots":{"index":"index","follow":"follow","max-snippet":"max-snippet:-1","max-image-preview":"max-image-preview:large","max-video-preview":"max-video-preview:-1"},"canonical":"https:\/\/tdv.org\/tr-TR\/tdv-koy-okullarini-hayir-carsilari-ile-kutuphaneye-kavusturacak\/","og_locale":"tr_TR","og_type":"article","og_title":"TDV, k\u00f6y okullar\u0131n\u0131 hay\u0131r \u00e7ar\u015f\u0131lar\u0131 ile k\u00fct\u00fcphaneye kavu\u015fturacak","og_description":"D\u00fcnyan\u0131n d\u00f6rt bir yan\u0131nda mazlum ve ma\u011fdurlar\u0131n umudu olan T\u00fcrkiye Diyanet Vakf\u0131, \u201cG\u00f6n\u00fcl K\u00fct\u00fcphanemiz\u201d projesi kapsam\u0131nda ger\u00e7ekle\u015ftirdi\u011fi hay\u0131r \u00e7ar\u015f\u0131s\u0131 etkinli\u011fiyle k\u00f6y okullar\u0131nda k\u00fct\u00fcphane olu\u015fturacak.","og_url":"https:\/\/tdv.org\/tr-TR\/tdv-koy-okullarini-hayir-carsilari-ile-kutuphaneye-kavusturacak\/","og_site_name":"T\u00fcrkiye Diyanet Vakf\u0131 Resmi Web Sitesi","article_publisher":"https:\/\/www.facebook.com\/Diyanetvakfi\/","article_published_time":"2021-09-23T13:40:33+00:00","article_modified_time":"2022-12-09T11:34:16+00:00","og_image":[{"width":1600,"height":1066,"url":"https:\/\/tdv.org\/tr-TR\/wp-content\/uploads\/2021\/09\/WhatsApp-Image-2021-09-23-at-14.05.09.jpeg","type":"image\/jpeg"}],"author":"Musa","twitter_card":"summary_large_image","twitter_creator":"@DiyanetVakfi","twitter_site":"@DiyanetVakfi","schema":{"@context":"https:\/\/schema.org","@graph":[{"@type":"Article","@id":"https:\/\/tdv.org\/tr-TR\/tdv-koy-okullarini-hayir-carsilari-ile-kutuphaneye-kavusturacak\/#article","isPartOf":{"@id":"https:\/\/tdv.org\/tr-TR\/tdv-koy-okullarini-hayir-carsilari-ile-kutuphaneye-kavusturacak\/"},"author":{"name":"Musa","@id":"https:\/\/tdv.org\/tr-TR\/#\/schema\/person\/8f21f05615f6bcf071bbd5ee8d376a8f"},"headline":"TDV, k\u00f6y okullar\u0131n\u0131 hay\u0131r \u00e7ar\u015f\u0131lar\u0131 ile k\u00fct\u00fcphaneye kavu\u015fturacak","datePublished":"2021-09-23T13:40:33+00:00","dateModified":"2022-12-09T11:34:16+00:00","mainEntityOfPage":{"@id":"https:\/\/tdv.org\/tr-TR\/tdv-koy-okullarini-hayir-carsilari-ile-kutuphaneye-kavusturacak\/"},"wordCount":734,"commentCount":0,"publisher":{"@id":"https:\/\/tdv.org\/tr-TR\/#organization"},"image":{"@id":"https:\/\/tdv.org\/tr-TR\/tdv-koy-okullarini-hayir-carsilari-ile-kutuphaneye-kavusturacak\/#primaryimage"},"thumbnailUrl":"https:\/\/tdv.org\/tr-TR\/wp-content\/uploads\/2021\/09\/WhatsApp-Image-2021-09-23-at-14.05.09.jpeg","keywords":["g\u00f6n\u00fcll\u00fcl\u00fck","hay\u0131r \u00e7ar\u015f\u0131s\u0131","kad\u0131n kollar\u0131"],"articleSection":["Haberler"],"inLanguage":"tr","potentialAction":[{"@type":"CommentAction","name":"Comment","target":["https:\/\/tdv.org\/tr-TR\/tdv-koy-okullarini-hayir-carsilari-ile-kutuphaneye-kavusturacak\/#respond"]}]},{"@type":"WebPage","@id":"https:\/\/tdv.org\/tr-TR\/tdv-koy-okullarini-hayir-carsilari-ile-kutuphaneye-kavusturacak\/","url":"https:\/\/tdv.org\/tr-TR\/tdv-koy-okullarini-hayir-carsilari-ile-kutuphaneye-kavusturacak\/","name":"TDV, k\u00f6y okullar\u0131n\u0131 hay\u0131r \u00e7ar\u015f\u0131lar\u0131 ile k\u00fct\u00fcphaneye kavu\u015fturacak","isPartOf":{"@id":"https:\/\/tdv.org\/tr-TR\/#website"},"primaryImageOfPage":{"@id":"https:\/\/tdv.org\/tr-TR\/tdv-koy-okullarini-hayir-carsilari-ile-kutuphaneye-kavusturacak\/#primaryimage"},"image":{"@id":"https:\/\/tdv.org\/tr-TR\/tdv-koy-okullarini-hayir-carsilari-ile-kutuphaneye-kavusturacak\/#primaryimage"},"thumbnailUrl":"https:\/\/tdv.org\/tr-TR\/wp-content\/uploads\/2021\/09\/WhatsApp-Image-2021-09-23-at-14.05.09.jpeg","datePublished":"2021-09-23T13:40:33+00:00","dateModified":"2022-12-09T11:34:16+00:00","description":"D\u00fcnyan\u0131n d\u00f6rt bir yan\u0131nda mazlum ve ma\u011fdurlar\u0131n umudu olan T\u00fcrkiye Diyanet Vakf\u0131, \u201cG\u00f6n\u00fcl K\u00fct\u00fcphanemiz\u201d projesi kapsam\u0131nda ger\u00e7ekle\u015ftirdi\u011fi hay\u0131r \u00e7ar\u015f\u0131s\u0131 etkinli\u011fiyle k\u00f6y okullar\u0131nda k\u00fct\u00fcphane olu\u015fturacak.","breadcrumb":{"@id":"https:\/\/tdv.org\/tr-TR\/tdv-koy-okullarini-hayir-carsilari-ile-kutuphaneye-kavusturacak\/#breadcrumb"},"inLanguage":"tr","potentialAction":[{"@type":"ReadAction","target":["https:\/\/tdv.org\/tr-TR\/tdv-koy-okullarini-hayir-carsilari-ile-kutuphaneye-kavusturacak\/"]}]},{"@type":"ImageObject","inLanguage":"tr","@id":"https:\/\/tdv.org\/tr-TR\/tdv-koy-okullarini-hayir-carsilari-ile-kutuphaneye-kavusturacak\/#primaryimage","url":"https:\/\/tdv.org\/tr-TR\/wp-content\/uploads\/2021\/09\/WhatsApp-Image-2021-09-23-at-14.05.09.jpeg","contentUrl":"https:\/\/tdv.org\/tr-TR\/wp-content\/uploads\/2021\/09\/WhatsApp-Image-2021-09-23-at-14.05.09.jpeg","width":1600,"height":1066},{"@type":"BreadcrumbList","@id":"https:\/\/tdv.org\/tr-TR\/tdv-koy-okullarini-hayir-carsilari-ile-kutuphaneye-kavusturacak\/#breadcrumb","itemListElement":[{"@type":"ListItem","position":1,"name":"Anasayfa","item":"https:\/\/tdv.org\/tr-TR\/"},{"@type":"ListItem","position":2,"name":"TDV, k\u00f6y okullar\u0131n\u0131 hay\u0131r \u00e7ar\u015f\u0131lar\u0131 ile k\u00fct\u00fcphaneye kavu\u015fturacak"}]},{"@type":"WebSite","@id":"https:\/\/tdv.org\/tr-TR\/#website","url":"https:\/\/tdv.org\/tr-TR\/","name":"T\u00fcrkiye Diyanet Vakf\u0131 Resmi Web Sitesi","description":"Yery\u00fcz\u00fcnde iyilik egemen oluncaya kadar","publisher":{"@id":"https:\/\/tdv.org\/tr-TR\/#organization"},"alternateName":"T\u00fcrkiye Diyanet Vakf\u0131","potentialAction":[{"@type":"SearchAction","target":{"@type":"EntryPoint","urlTemplate":"https:\/\/tdv.org\/tr-TR\/?s={search_term_string}"},"query-input":{"@type":"PropertyValueSpecification","valueRequired":true,"valueName":"search_term_string"}}],"inLanguage":"tr"},{"@type":"Organization","@id":"https:\/\/tdv.org\/tr-TR\/#organization","name":"T\u00fcrkiye Diyanet Vakf\u0131","alternateName":"T\u00fcrkiye Diyanet Vakf\u0131","url":"https:\/\/tdv.org\/tr-TR\/","logo":{"@type":"ImageObject","inLanguage":"tr","@id":"https:\/\/tdv.org\/tr-TR\/#\/schema\/logo\/image\/","url":"https:\/\/tdv.org\/tr-TR\/wp-content\/uploads\/2018\/12\/TDV_Logo_1.png","contentUrl":"https:\/\/tdv.org\/tr-TR\/wp-content\/uploads\/2018\/12\/TDV_Logo_1.png","width":207,"height":71,"caption":"T\u00fcrkiye Diyanet Vakf\u0131"},"image":{"@id":"https:\/\/tdv.org\/tr-TR\/#\/schema\/logo\/image\/"},"sameAs":["https:\/\/www.facebook.com\/Diyanetvakfi\/","https:\/\/x.com\/DiyanetVakfi","https:\/\/www.instagram.com\/turkiyediyanetvakfi\/","https:\/\/www.youtube.com\/user\/TurkiyeDiyanetVakfi"]},{"@type":"Person","@id":"https:\/\/tdv.org\/tr-TR\/#\/schema\/person\/8f21f05615f6bcf071bbd5ee8d376a8f","name":"Musa","image":{"@type":"ImageObject","inLanguage":"tr","@id":"https:\/\/tdv.org\/tr-TR\/wp-content\/litespeed\/avatar\/5b7955b12151edf37ee458402c4c6b7f.jpg?ver=1776690577","url":"https:\/\/tdv.org\/tr-TR\/wp-content\/litespeed\/avatar\/5b7955b12151edf37ee458402c4c6b7f.jpg?ver=1776690577","contentUrl":"https:\/\/tdv.org\/tr-TR\/wp-content\/litespeed\/avatar\/5b7955b12151edf37ee458402c4c6b7f.jpg?ver=1776690577","caption":"Musa"},"sameAs":["http:\/\/www.tdv.org"]}]}},"_links":{"self":[{"href":"https:\/\/tdv.org\/tr-TR\/wp-json\/wp\/v2\/posts\/14524","targetHints":{"allow":["GET"]}}],"collection":[{"href":"https:\/\/tdv.org\/tr-TR\/wp-json\/wp\/v2\/posts"}],"about":[{"href":"https:\/\/tdv.org\/tr-TR\/wp-json\/wp\/v2\/types\/post"}],"author":[{"embeddable":true,"href":"https:\/\/tdv.org\/tr-TR\/wp-json\/wp\/v2\/users\/6"}],"replies":[{"embeddable":true,"href":"https:\/\/tdv.org\/tr-TR\/wp-json\/wp\/v2\/comments?post=14524"}],"version-history":[{"count":1,"href":"https:\/\/tdv.org\/tr-TR\/wp-json\/wp\/v2\/posts\/14524\/revisions"}],"predecessor-version":[{"id":28710,"href":"https:\/\/tdv.org\/tr-TR\/wp-json\/wp\/v2\/posts\/14524\/revisions\/28710"}],"wp:featuredmedia":[{"embeddable":true,"href":"https:\/\/tdv.org\/tr-TR\/wp-json\/wp\/v2\/media\/14533"}],"wp:attachment":[{"href":"https:\/\/tdv.org\/tr-TR\/wp-json\/wp\/v2\/media?parent=14524"}],"wp:term":[{"taxonomy":"category","embeddable":true,"href":"https:\/\/tdv.org\/tr-TR\/wp-json\/wp\/v2\/categories?post=14524"},{"taxonomy":"post_tag","embeddable":true,"href":"https:\/\/tdv.org\/tr-TR\/wp-json\/wp\/v2\/tags?post=14524"}],"curies":[{"name":"wp","href":"https:\/\/api.w.org\/{rel}","templated":true}]}}