{"id":14578,"date":"2021-09-24T14:39:05","date_gmt":"2021-09-24T11:39:05","guid":{"rendered":"https:\/\/tdv.org\/tr-TR\/?p=14578"},"modified":"2022-12-09T14:33:52","modified_gmt":"2022-12-09T11:33:52","slug":"turkiye-diyanet-vakfi-7-uluslararasi-ogrenci-sempozyumuna-basvurular-basladi","status":"publish","type":"post","link":"https:\/\/tdv.org\/tr-TR\/turkiye-diyanet-vakfi-7-uluslararasi-ogrenci-sempozyumuna-basvurular-basladi\/","title":{"rendered":"T\u00fcrkiye Diyanet Vakf\u0131 7. Uluslararas\u0131 \u00d6\u011frenci Sempozyumuna ba\u015fvurular ba\u015flad\u0131"},"content":{"rendered":"<p style=\"text-align: justify;\">T\u00fcrkiye Diyanet Vakf\u0131 taraf\u0131ndan lisans ve lisans\u00fcst\u00fc \u00f6\u011frencilerin geli\u015fimlerine katk\u0131 sunabilmek, bilimsel etkinlikler konusunda tecr\u00fcbe kazanmalar\u0131n\u0131 sa\u011flamak amac\u0131yla ger\u00e7ekle\u015ftirilen Uluslararas\u0131 \u00d6\u011frenci Sempozyuma ba\u015fvurular ba\u015flad\u0131.<\/p>\n<p style=\"text-align: justify;\">Bu y\u0131l 17-19 Aral\u0131k 2021 tarihleri aras\u0131nda Bursa\u2019da 7.\u2019si ger\u00e7ekle\u015ftirilecek olan sempozyumun ana temas\u0131 \u201c\u0130slam D\u00fcnyas\u0131nda Hicret Kavram\u0131 \u00c7er\u00e7evesinde G\u00f6\u00e7 ve \u0130ltica Hareketleri\u201d olarak belirlendi.<\/p>\n<p style=\"text-align: justify;\">Pandemi \u015fartlar\u0131n\u0131n uygun olmas\u0131 halinde y\u00fcz y\u00fcze ger\u00e7ekle\u015ftirilmesi hedeflenen sempozyumla t\u00fcm d\u00fcnyan\u0131n g\u00fcndeminden d\u00fc\u015fmeyen g\u00f6\u00e7 ve iltica konusunun t\u00fcm y\u00f6nleriyle de\u011ferlendirilmesi ama\u00e7lan\u0131yor.<\/p>\n<p style=\"text-align: justify;\">3 g\u00fcn s\u00fcrecek sempozyum boyunca farkl\u0131 \u00fclkelerden gelen \u00f6\u011frencilerin belirlenen konularla alakal\u0131 kat\u0131l\u0131mc\u0131lara kapsaml\u0131 bilgiler aktaracak.<\/p>\n<p style=\"text-align: justify;\">Sempozyuma kat\u0131lmak isteyen \u00f6\u011frenciler 22 Ekim 2021 tarihine kadar <a href=\"https:\/\/tdv.org\/tr-TR\/sempozyum\/\">https:\/\/tdv.org\/tr-TR\/sempozyum\/<\/a> adresinden ba\u015fvuruda bulunarak detayl\u0131 bilgi alabilecekler.<\/p>\n<p style=\"text-align: justify;\">Kabul edilen bildiriler 22-29 Ekim 2021\u00a0tarihleri aras\u0131nda ilan edilecek. Ba\u015fvurular\u0131 kabul edilen \u00f6\u011frencilerin sempozyumda sunaca\u011f\u0131 metinlerin tamam\u0131n\u0131n ise 6 Aral\u0131k 2021\u00a0tarihine kadar g\u00f6nderilmesi istenecek.<\/p>\n<p style=\"text-align: justify;\">Ba\u015fvuru yapacak \u00f6\u011frencilerin sempozyum tebli\u011f \u00f6zeti yazarken uymas\u0131 gereken kurallar; \u201cBa\u015fvuru formunda istenilen bilgilerin do\u011fru ve eksiksiz bir \u015fekilde doldurulmas\u0131, sempozyum tebli\u011f \u00f6zetlerinin bo\u015fluk dahil 5000 karakter \u015feklinde haz\u0131rlanmas\u0131, \u00f6zet metinlerin T\u00fcrk\u00e7e olarak haz\u0131rlanmas\u0131, bildirilerin bilimsel, \u00f6zg\u00fcn, sempozyum konu ba\u015fl\u0131\u011f\u0131yla ilgili ve ilmi etik kurallara uygun olmas\u0131\u201d \u015feklinde s\u0131raland\u0131.<\/p>\n\n\t\t<style type=\"text\/css\">\n\t\t\t#gallery-1 {\n\t\t\t\tmargin: auto;\n\t\t\t}\n\t\t\t#gallery-1 .gallery-item {\n\t\t\t\tfloat: left;\n\t\t\t\tmargin-top: 10px;\n\t\t\t\ttext-align: center;\n\t\t\t\twidth: 33%;\n\t\t\t}\n\t\t\t#gallery-1 img {\n\t\t\t\tborder: 2px solid #cfcfcf;\n\t\t\t}\n\t\t\t#gallery-1 .gallery-caption {\n\t\t\t\tmargin-left: 0;\n\t\t\t}\n\t\t\t\/* see gallery_shortcode() in wp-includes\/media.php *\/\n\t\t<\/style>\n\t\t<div id='gallery-1' class='gallery galleryid-14578 gallery-columns-3 gallery-size-thumbnail'><dl class='gallery-item'>\n\t\t\t<dt class='gallery-icon landscape'>\n\t\t\t\t<a href='https:\/\/tdv.org\/tr-TR\/wp-content\/uploads\/2021\/09\/Turkiye-Diyanet-Vakfi-7.-Uluslararasi-Ogrenci-Sempozyumuna-basvurular-basladi.jpeg'><img decoding=\"async\" width=\"150\" height=\"150\" src=\"https:\/\/tdv.org\/tr-TR\/wp-content\/uploads\/2021\/09\/Turkiye-Diyanet-Vakfi-7.-Uluslararasi-Ogrenci-Sempozyumuna-basvurular-basladi-150x150.jpeg\" class=\"attachment-thumbnail size-thumbnail\" alt=\"\" srcset=\"https:\/\/tdv.org\/tr-TR\/wp-content\/uploads\/2021\/09\/Turkiye-Diyanet-Vakfi-7.-Uluslararasi-Ogrenci-Sempozyumuna-basvurular-basladi-150x150.jpeg 150w, https:\/\/tdv.org\/tr-TR\/wp-content\/uploads\/2021\/09\/Turkiye-Diyanet-Vakfi-7.-Uluslararasi-Ogrenci-Sempozyumuna-basvurular-basladi-100x100.jpeg 100w, https:\/\/tdv.org\/tr-TR\/wp-content\/uploads\/2021\/09\/Turkiye-Diyanet-Vakfi-7.-Uluslararasi-Ogrenci-Sempozyumuna-basvurular-basladi-140x140.jpeg 140w, https:\/\/tdv.org\/tr-TR\/wp-content\/uploads\/2021\/09\/Turkiye-Diyanet-Vakfi-7.-Uluslararasi-Ogrenci-Sempozyumuna-basvurular-basladi-500x500.jpeg 500w, https:\/\/tdv.org\/tr-TR\/wp-content\/uploads\/2021\/09\/Turkiye-Diyanet-Vakfi-7.-Uluslararasi-Ogrenci-Sempozyumuna-basvurular-basladi-350x350.jpeg 350w, https:\/\/tdv.org\/tr-TR\/wp-content\/uploads\/2021\/09\/Turkiye-Diyanet-Vakfi-7.-Uluslararasi-Ogrenci-Sempozyumuna-basvurular-basladi-800x800.jpeg 800w\" sizes=\"(max-width: 150px) 100vw, 150px\" \/><\/a>\n\t\t\t<\/dt><\/dl>\n\t\t\t<br style='clear: both' \/>\n\t\t<\/div>\n\n","protected":false},"excerpt":{"rendered":"<p>T\u00fcrkiye Diyanet Vakf\u0131 taraf\u0131ndan lisans ve lisans\u00fcst\u00fc \u00f6\u011frencilerin geli\u015fimlerine katk\u0131 sunabilmek, bilimsel etkinlikler konusunda tecr\u00fcbe kazanmalar\u0131n\u0131 sa\u011flamak amac\u0131yla ger\u00e7ekle\u015ftirilen Uluslararas\u0131 \u00d6\u011frenci Sempozyuma ba\u015fvurular ba\u015flad\u0131. Bu y\u0131l 17-19 Aral\u0131k 2021 tarihleri&#8230;<\/p>\n","protected":false},"author":6,"featured_media":14579,"comment_status":"open","ping_status":"closed","sticky":false,"template":"","format":"standard","meta":{"footnotes":""},"categories":[1],"tags":[1464,484,135,1465,401],"class_list":{"0":"post-14578","1":"post","2":"type-post","3":"status-publish","4":"format-standard","5":"has-post-thumbnail","7":"category-haberler","8":"tag-7-uluslararasi-ogrenci-sempozyumu","9":"tag-burs","10":"tag-egitim","11":"tag-ogrenci-sempozyumu","12":"tag-sempozyum"},"yoast_head":"<!-- This site is optimized with the Yoast SEO plugin v27.4 - https:\/\/yoast.com\/product\/yoast-seo-wordpress\/ -->\n<title>T\u00fcrkiye Diyanet Vakf\u0131 7. Uluslararas\u0131 \u00d6\u011frenci Sempozyumuna ba\u015fvurular ba\u015flad\u0131<\/title>\n<meta name=\"description\" content=\"T\u00fcrkiye Diyanet Vakf\u0131 taraf\u0131ndan lisans ve lisans\u00fcst\u00fc \u00f6\u011frencilerin geli\u015fimlerine katk\u0131 sunabilmek, bilimsel etkinlikler konusunda tecr\u00fcbe kazanmalar\u0131n\u0131 sa\u011flamak amac\u0131yla ger\u00e7ekle\u015ftirilen Uluslararas\u0131 \u00d6\u011frenci Sempozyuma ba\u015fvurular ba\u015flad\u0131.\" \/>\n<meta name=\"robots\" content=\"index, follow, max-snippet:-1, max-image-preview:large, max-video-preview:-1\" \/>\n<link rel=\"canonical\" href=\"https:\/\/tdv.org\/tr-TR\/turkiye-diyanet-vakfi-7-uluslararasi-ogrenci-sempozyumuna-basvurular-basladi\/\" \/>\n<meta property=\"og:locale\" content=\"tr_TR\" \/>\n<meta property=\"og:type\" content=\"article\" \/>\n<meta property=\"og:title\" content=\"T\u00fcrkiye Diyanet Vakf\u0131 7. Uluslararas\u0131 \u00d6\u011frenci Sempozyumuna ba\u015fvurular ba\u015flad\u0131\" \/>\n<meta property=\"og:description\" content=\"T\u00fcrkiye Diyanet Vakf\u0131 taraf\u0131ndan lisans ve lisans\u00fcst\u00fc \u00f6\u011frencilerin geli\u015fimlerine katk\u0131 sunabilmek, bilimsel etkinlikler konusunda tecr\u00fcbe kazanmalar\u0131n\u0131 sa\u011flamak amac\u0131yla ger\u00e7ekle\u015ftirilen Uluslararas\u0131 \u00d6\u011frenci Sempozyuma ba\u015fvurular ba\u015flad\u0131.\" \/>\n<meta property=\"og:url\" content=\"https:\/\/tdv.org\/tr-TR\/turkiye-diyanet-vakfi-7-uluslararasi-ogrenci-sempozyumuna-basvurular-basladi\/\" \/>\n<meta property=\"og:site_name\" content=\"T\u00fcrkiye Diyanet Vakf\u0131 Resmi Web Sitesi\" \/>\n<meta property=\"article:publisher\" content=\"https:\/\/www.facebook.com\/Diyanetvakfi\/\" \/>\n<meta property=\"article:published_time\" content=\"2021-09-24T11:39:05+00:00\" \/>\n<meta property=\"article:modified_time\" content=\"2022-12-09T11:33:52+00:00\" \/>\n<meta property=\"og:image\" content=\"https:\/\/tdv.org\/tr-TR\/wp-content\/uploads\/2021\/09\/Turkiye-Diyanet-Vakfi-7.-Uluslararasi-Ogrenci-Sempozyumuna-basvurular-basladi.jpeg\" \/>\n\t<meta property=\"og:image:width\" content=\"1600\" \/>\n\t<meta property=\"og:image:height\" content=\"900\" \/>\n\t<meta property=\"og:image:type\" content=\"image\/jpeg\" \/>\n<meta name=\"author\" content=\"Musa\" \/>\n<meta name=\"twitter:card\" content=\"summary_large_image\" \/>\n<meta name=\"twitter:creator\" content=\"@DiyanetVakfi\" \/>\n<meta name=\"twitter:site\" content=\"@DiyanetVakfi\" \/>\n<script type=\"application\/ld+json\" class=\"yoast-schema-graph\">{\"@context\":\"https:\\\/\\\/schema.org\",\"@graph\":[{\"@type\":\"Article\",\"@id\":\"https:\\\/\\\/tdv.org\\\/tr-TR\\\/turkiye-diyanet-vakfi-7-uluslararasi-ogrenci-sempozyumuna-basvurular-basladi\\\/#article\",\"isPartOf\":{\"@id\":\"https:\\\/\\\/tdv.org\\\/tr-TR\\\/turkiye-diyanet-vakfi-7-uluslararasi-ogrenci-sempozyumuna-basvurular-basladi\\\/\"},\"author\":{\"name\":\"Musa\",\"@id\":\"https:\\\/\\\/tdv.org\\\/tr-TR\\\/#\\\/schema\\\/person\\\/8f21f05615f6bcf071bbd5ee8d376a8f\"},\"headline\":\"T\u00fcrkiye Diyanet Vakf\u0131 7. Uluslararas\u0131 \u00d6\u011frenci Sempozyumuna ba\u015fvurular ba\u015flad\u0131\",\"datePublished\":\"2021-09-24T11:39:05+00:00\",\"dateModified\":\"2022-12-09T11:33:52+00:00\",\"mainEntityOfPage\":{\"@id\":\"https:\\\/\\\/tdv.org\\\/tr-TR\\\/turkiye-diyanet-vakfi-7-uluslararasi-ogrenci-sempozyumuna-basvurular-basladi\\\/\"},\"wordCount\":251,\"commentCount\":0,\"publisher\":{\"@id\":\"https:\\\/\\\/tdv.org\\\/tr-TR\\\/#organization\"},\"image\":{\"@id\":\"https:\\\/\\\/tdv.org\\\/tr-TR\\\/turkiye-diyanet-vakfi-7-uluslararasi-ogrenci-sempozyumuna-basvurular-basladi\\\/#primaryimage\"},\"thumbnailUrl\":\"https:\\\/\\\/tdv.org\\\/tr-TR\\\/wp-content\\\/uploads\\\/2021\\\/09\\\/Turkiye-Diyanet-Vakfi-7.-Uluslararasi-Ogrenci-Sempozyumuna-basvurular-basladi.jpeg\",\"keywords\":[\"7. Uluslararas\u0131 \u00d6\u011frenci Sempozyumu\",\"Burs\",\"e\u011fitim\",\"\u00f6\u011frenci sempozyumu\",\"sempozyum\"],\"articleSection\":[\"Haberler\"],\"inLanguage\":\"tr\",\"potentialAction\":[{\"@type\":\"CommentAction\",\"name\":\"Comment\",\"target\":[\"https:\\\/\\\/tdv.org\\\/tr-TR\\\/turkiye-diyanet-vakfi-7-uluslararasi-ogrenci-sempozyumuna-basvurular-basladi\\\/#respond\"]}]},{\"@type\":\"WebPage\",\"@id\":\"https:\\\/\\\/tdv.org\\\/tr-TR\\\/turkiye-diyanet-vakfi-7-uluslararasi-ogrenci-sempozyumuna-basvurular-basladi\\\/\",\"url\":\"https:\\\/\\\/tdv.org\\\/tr-TR\\\/turkiye-diyanet-vakfi-7-uluslararasi-ogrenci-sempozyumuna-basvurular-basladi\\\/\",\"name\":\"T\u00fcrkiye Diyanet Vakf\u0131 7. Uluslararas\u0131 \u00d6\u011frenci Sempozyumuna ba\u015fvurular ba\u015flad\u0131\",\"isPartOf\":{\"@id\":\"https:\\\/\\\/tdv.org\\\/tr-TR\\\/#website\"},\"primaryImageOfPage\":{\"@id\":\"https:\\\/\\\/tdv.org\\\/tr-TR\\\/turkiye-diyanet-vakfi-7-uluslararasi-ogrenci-sempozyumuna-basvurular-basladi\\\/#primaryimage\"},\"image\":{\"@id\":\"https:\\\/\\\/tdv.org\\\/tr-TR\\\/turkiye-diyanet-vakfi-7-uluslararasi-ogrenci-sempozyumuna-basvurular-basladi\\\/#primaryimage\"},\"thumbnailUrl\":\"https:\\\/\\\/tdv.org\\\/tr-TR\\\/wp-content\\\/uploads\\\/2021\\\/09\\\/Turkiye-Diyanet-Vakfi-7.-Uluslararasi-Ogrenci-Sempozyumuna-basvurular-basladi.jpeg\",\"datePublished\":\"2021-09-24T11:39:05+00:00\",\"dateModified\":\"2022-12-09T11:33:52+00:00\",\"description\":\"T\u00fcrkiye Diyanet Vakf\u0131 taraf\u0131ndan lisans ve lisans\u00fcst\u00fc \u00f6\u011frencilerin geli\u015fimlerine katk\u0131 sunabilmek, bilimsel etkinlikler konusunda tecr\u00fcbe kazanmalar\u0131n\u0131 sa\u011flamak amac\u0131yla ger\u00e7ekle\u015ftirilen Uluslararas\u0131 \u00d6\u011frenci Sempozyuma ba\u015fvurular ba\u015flad\u0131.\",\"breadcrumb\":{\"@id\":\"https:\\\/\\\/tdv.org\\\/tr-TR\\\/turkiye-diyanet-vakfi-7-uluslararasi-ogrenci-sempozyumuna-basvurular-basladi\\\/#breadcrumb\"},\"inLanguage\":\"tr\",\"potentialAction\":[{\"@type\":\"ReadAction\",\"target\":[\"https:\\\/\\\/tdv.org\\\/tr-TR\\\/turkiye-diyanet-vakfi-7-uluslararasi-ogrenci-sempozyumuna-basvurular-basladi\\\/\"]}]},{\"@type\":\"ImageObject\",\"inLanguage\":\"tr\",\"@id\":\"https:\\\/\\\/tdv.org\\\/tr-TR\\\/turkiye-diyanet-vakfi-7-uluslararasi-ogrenci-sempozyumuna-basvurular-basladi\\\/#primaryimage\",\"url\":\"https:\\\/\\\/tdv.org\\\/tr-TR\\\/wp-content\\\/uploads\\\/2021\\\/09\\\/Turkiye-Diyanet-Vakfi-7.-Uluslararasi-Ogrenci-Sempozyumuna-basvurular-basladi.jpeg\",\"contentUrl\":\"https:\\\/\\\/tdv.org\\\/tr-TR\\\/wp-content\\\/uploads\\\/2021\\\/09\\\/Turkiye-Diyanet-Vakfi-7.-Uluslararasi-Ogrenci-Sempozyumuna-basvurular-basladi.jpeg\",\"width\":1600,\"height\":900},{\"@type\":\"BreadcrumbList\",\"@id\":\"https:\\\/\\\/tdv.org\\\/tr-TR\\\/turkiye-diyanet-vakfi-7-uluslararasi-ogrenci-sempozyumuna-basvurular-basladi\\\/#breadcrumb\",\"itemListElement\":[{\"@type\":\"ListItem\",\"position\":1,\"name\":\"Anasayfa\",\"item\":\"https:\\\/\\\/tdv.org\\\/tr-TR\\\/\"},{\"@type\":\"ListItem\",\"position\":2,\"name\":\"T\u00fcrkiye Diyanet Vakf\u0131 7. Uluslararas\u0131 \u00d6\u011frenci Sempozyumuna ba\u015fvurular ba\u015flad\u0131\"}]},{\"@type\":\"WebSite\",\"@id\":\"https:\\\/\\\/tdv.org\\\/tr-TR\\\/#website\",\"url\":\"https:\\\/\\\/tdv.org\\\/tr-TR\\\/\",\"name\":\"T\u00fcrkiye Diyanet Vakf\u0131 Resmi Web Sitesi\",\"description\":\"Yery\u00fcz\u00fcnde iyilik egemen oluncaya kadar\",\"publisher\":{\"@id\":\"https:\\\/\\\/tdv.org\\\/tr-TR\\\/#organization\"},\"alternateName\":\"T\u00fcrkiye Diyanet Vakf\u0131\",\"potentialAction\":[{\"@type\":\"SearchAction\",\"target\":{\"@type\":\"EntryPoint\",\"urlTemplate\":\"https:\\\/\\\/tdv.org\\\/tr-TR\\\/?s={search_term_string}\"},\"query-input\":{\"@type\":\"PropertyValueSpecification\",\"valueRequired\":true,\"valueName\":\"search_term_string\"}}],\"inLanguage\":\"tr\"},{\"@type\":\"Organization\",\"@id\":\"https:\\\/\\\/tdv.org\\\/tr-TR\\\/#organization\",\"name\":\"T\u00fcrkiye Diyanet Vakf\u0131\",\"alternateName\":\"T\u00fcrkiye Diyanet Vakf\u0131\",\"url\":\"https:\\\/\\\/tdv.org\\\/tr-TR\\\/\",\"logo\":{\"@type\":\"ImageObject\",\"inLanguage\":\"tr\",\"@id\":\"https:\\\/\\\/tdv.org\\\/tr-TR\\\/#\\\/schema\\\/logo\\\/image\\\/\",\"url\":\"https:\\\/\\\/tdv.org\\\/tr-TR\\\/wp-content\\\/uploads\\\/2018\\\/12\\\/TDV_Logo_1.png\",\"contentUrl\":\"https:\\\/\\\/tdv.org\\\/tr-TR\\\/wp-content\\\/uploads\\\/2018\\\/12\\\/TDV_Logo_1.png\",\"width\":207,\"height\":71,\"caption\":\"T\u00fcrkiye Diyanet Vakf\u0131\"},\"image\":{\"@id\":\"https:\\\/\\\/tdv.org\\\/tr-TR\\\/#\\\/schema\\\/logo\\\/image\\\/\"},\"sameAs\":[\"https:\\\/\\\/www.facebook.com\\\/Diyanetvakfi\\\/\",\"https:\\\/\\\/x.com\\\/DiyanetVakfi\",\"https:\\\/\\\/www.instagram.com\\\/turkiyediyanetvakfi\\\/\",\"https:\\\/\\\/www.youtube.com\\\/user\\\/TurkiyeDiyanetVakfi\"]},{\"@type\":\"Person\",\"@id\":\"https:\\\/\\\/tdv.org\\\/tr-TR\\\/#\\\/schema\\\/person\\\/8f21f05615f6bcf071bbd5ee8d376a8f\",\"name\":\"Musa\",\"image\":{\"@type\":\"ImageObject\",\"inLanguage\":\"tr\",\"@id\":\"https:\\\/\\\/tdv.org\\\/tr-TR\\\/wp-content\\\/litespeed\\\/avatar\\\/5b7955b12151edf37ee458402c4c6b7f.jpg?ver=1776690577\",\"url\":\"https:\\\/\\\/tdv.org\\\/tr-TR\\\/wp-content\\\/litespeed\\\/avatar\\\/5b7955b12151edf37ee458402c4c6b7f.jpg?ver=1776690577\",\"contentUrl\":\"https:\\\/\\\/tdv.org\\\/tr-TR\\\/wp-content\\\/litespeed\\\/avatar\\\/5b7955b12151edf37ee458402c4c6b7f.jpg?ver=1776690577\",\"caption\":\"Musa\"},\"sameAs\":[\"http:\\\/\\\/www.tdv.org\"]}]}<\/script>\n<!-- \/ Yoast SEO plugin. -->","yoast_head_json":{"title":"T\u00fcrkiye Diyanet Vakf\u0131 7. Uluslararas\u0131 \u00d6\u011frenci Sempozyumuna ba\u015fvurular ba\u015flad\u0131","description":"T\u00fcrkiye Diyanet Vakf\u0131 taraf\u0131ndan lisans ve lisans\u00fcst\u00fc \u00f6\u011frencilerin geli\u015fimlerine katk\u0131 sunabilmek, bilimsel etkinlikler konusunda tecr\u00fcbe kazanmalar\u0131n\u0131 sa\u011flamak amac\u0131yla ger\u00e7ekle\u015ftirilen Uluslararas\u0131 \u00d6\u011frenci Sempozyuma ba\u015fvurular ba\u015flad\u0131.","robots":{"index":"index","follow":"follow","max-snippet":"max-snippet:-1","max-image-preview":"max-image-preview:large","max-video-preview":"max-video-preview:-1"},"canonical":"https:\/\/tdv.org\/tr-TR\/turkiye-diyanet-vakfi-7-uluslararasi-ogrenci-sempozyumuna-basvurular-basladi\/","og_locale":"tr_TR","og_type":"article","og_title":"T\u00fcrkiye Diyanet Vakf\u0131 7. Uluslararas\u0131 \u00d6\u011frenci Sempozyumuna ba\u015fvurular ba\u015flad\u0131","og_description":"T\u00fcrkiye Diyanet Vakf\u0131 taraf\u0131ndan lisans ve lisans\u00fcst\u00fc \u00f6\u011frencilerin geli\u015fimlerine katk\u0131 sunabilmek, bilimsel etkinlikler konusunda tecr\u00fcbe kazanmalar\u0131n\u0131 sa\u011flamak amac\u0131yla ger\u00e7ekle\u015ftirilen Uluslararas\u0131 \u00d6\u011frenci Sempozyuma ba\u015fvurular ba\u015flad\u0131.","og_url":"https:\/\/tdv.org\/tr-TR\/turkiye-diyanet-vakfi-7-uluslararasi-ogrenci-sempozyumuna-basvurular-basladi\/","og_site_name":"T\u00fcrkiye Diyanet Vakf\u0131 Resmi Web Sitesi","article_publisher":"https:\/\/www.facebook.com\/Diyanetvakfi\/","article_published_time":"2021-09-24T11:39:05+00:00","article_modified_time":"2022-12-09T11:33:52+00:00","og_image":[{"width":1600,"height":900,"url":"https:\/\/tdv.org\/tr-TR\/wp-content\/uploads\/2021\/09\/Turkiye-Diyanet-Vakfi-7.-Uluslararasi-Ogrenci-Sempozyumuna-basvurular-basladi.jpeg","type":"image\/jpeg"}],"author":"Musa","twitter_card":"summary_large_image","twitter_creator":"@DiyanetVakfi","twitter_site":"@DiyanetVakfi","schema":{"@context":"https:\/\/schema.org","@graph":[{"@type":"Article","@id":"https:\/\/tdv.org\/tr-TR\/turkiye-diyanet-vakfi-7-uluslararasi-ogrenci-sempozyumuna-basvurular-basladi\/#article","isPartOf":{"@id":"https:\/\/tdv.org\/tr-TR\/turkiye-diyanet-vakfi-7-uluslararasi-ogrenci-sempozyumuna-basvurular-basladi\/"},"author":{"name":"Musa","@id":"https:\/\/tdv.org\/tr-TR\/#\/schema\/person\/8f21f05615f6bcf071bbd5ee8d376a8f"},"headline":"T\u00fcrkiye Diyanet Vakf\u0131 7. Uluslararas\u0131 \u00d6\u011frenci Sempozyumuna ba\u015fvurular ba\u015flad\u0131","datePublished":"2021-09-24T11:39:05+00:00","dateModified":"2022-12-09T11:33:52+00:00","mainEntityOfPage":{"@id":"https:\/\/tdv.org\/tr-TR\/turkiye-diyanet-vakfi-7-uluslararasi-ogrenci-sempozyumuna-basvurular-basladi\/"},"wordCount":251,"commentCount":0,"publisher":{"@id":"https:\/\/tdv.org\/tr-TR\/#organization"},"image":{"@id":"https:\/\/tdv.org\/tr-TR\/turkiye-diyanet-vakfi-7-uluslararasi-ogrenci-sempozyumuna-basvurular-basladi\/#primaryimage"},"thumbnailUrl":"https:\/\/tdv.org\/tr-TR\/wp-content\/uploads\/2021\/09\/Turkiye-Diyanet-Vakfi-7.-Uluslararasi-Ogrenci-Sempozyumuna-basvurular-basladi.jpeg","keywords":["7. Uluslararas\u0131 \u00d6\u011frenci Sempozyumu","Burs","e\u011fitim","\u00f6\u011frenci sempozyumu","sempozyum"],"articleSection":["Haberler"],"inLanguage":"tr","potentialAction":[{"@type":"CommentAction","name":"Comment","target":["https:\/\/tdv.org\/tr-TR\/turkiye-diyanet-vakfi-7-uluslararasi-ogrenci-sempozyumuna-basvurular-basladi\/#respond"]}]},{"@type":"WebPage","@id":"https:\/\/tdv.org\/tr-TR\/turkiye-diyanet-vakfi-7-uluslararasi-ogrenci-sempozyumuna-basvurular-basladi\/","url":"https:\/\/tdv.org\/tr-TR\/turkiye-diyanet-vakfi-7-uluslararasi-ogrenci-sempozyumuna-basvurular-basladi\/","name":"T\u00fcrkiye Diyanet Vakf\u0131 7. Uluslararas\u0131 \u00d6\u011frenci Sempozyumuna ba\u015fvurular ba\u015flad\u0131","isPartOf":{"@id":"https:\/\/tdv.org\/tr-TR\/#website"},"primaryImageOfPage":{"@id":"https:\/\/tdv.org\/tr-TR\/turkiye-diyanet-vakfi-7-uluslararasi-ogrenci-sempozyumuna-basvurular-basladi\/#primaryimage"},"image":{"@id":"https:\/\/tdv.org\/tr-TR\/turkiye-diyanet-vakfi-7-uluslararasi-ogrenci-sempozyumuna-basvurular-basladi\/#primaryimage"},"thumbnailUrl":"https:\/\/tdv.org\/tr-TR\/wp-content\/uploads\/2021\/09\/Turkiye-Diyanet-Vakfi-7.-Uluslararasi-Ogrenci-Sempozyumuna-basvurular-basladi.jpeg","datePublished":"2021-09-24T11:39:05+00:00","dateModified":"2022-12-09T11:33:52+00:00","description":"T\u00fcrkiye Diyanet Vakf\u0131 taraf\u0131ndan lisans ve lisans\u00fcst\u00fc \u00f6\u011frencilerin geli\u015fimlerine katk\u0131 sunabilmek, bilimsel etkinlikler konusunda tecr\u00fcbe kazanmalar\u0131n\u0131 sa\u011flamak amac\u0131yla ger\u00e7ekle\u015ftirilen Uluslararas\u0131 \u00d6\u011frenci Sempozyuma ba\u015fvurular ba\u015flad\u0131.","breadcrumb":{"@id":"https:\/\/tdv.org\/tr-TR\/turkiye-diyanet-vakfi-7-uluslararasi-ogrenci-sempozyumuna-basvurular-basladi\/#breadcrumb"},"inLanguage":"tr","potentialAction":[{"@type":"ReadAction","target":["https:\/\/tdv.org\/tr-TR\/turkiye-diyanet-vakfi-7-uluslararasi-ogrenci-sempozyumuna-basvurular-basladi\/"]}]},{"@type":"ImageObject","inLanguage":"tr","@id":"https:\/\/tdv.org\/tr-TR\/turkiye-diyanet-vakfi-7-uluslararasi-ogrenci-sempozyumuna-basvurular-basladi\/#primaryimage","url":"https:\/\/tdv.org\/tr-TR\/wp-content\/uploads\/2021\/09\/Turkiye-Diyanet-Vakfi-7.-Uluslararasi-Ogrenci-Sempozyumuna-basvurular-basladi.jpeg","contentUrl":"https:\/\/tdv.org\/tr-TR\/wp-content\/uploads\/2021\/09\/Turkiye-Diyanet-Vakfi-7.-Uluslararasi-Ogrenci-Sempozyumuna-basvurular-basladi.jpeg","width":1600,"height":900},{"@type":"BreadcrumbList","@id":"https:\/\/tdv.org\/tr-TR\/turkiye-diyanet-vakfi-7-uluslararasi-ogrenci-sempozyumuna-basvurular-basladi\/#breadcrumb","itemListElement":[{"@type":"ListItem","position":1,"name":"Anasayfa","item":"https:\/\/tdv.org\/tr-TR\/"},{"@type":"ListItem","position":2,"name":"T\u00fcrkiye Diyanet Vakf\u0131 7. Uluslararas\u0131 \u00d6\u011frenci Sempozyumuna ba\u015fvurular ba\u015flad\u0131"}]},{"@type":"WebSite","@id":"https:\/\/tdv.org\/tr-TR\/#website","url":"https:\/\/tdv.org\/tr-TR\/","name":"T\u00fcrkiye Diyanet Vakf\u0131 Resmi Web Sitesi","description":"Yery\u00fcz\u00fcnde iyilik egemen oluncaya kadar","publisher":{"@id":"https:\/\/tdv.org\/tr-TR\/#organization"},"alternateName":"T\u00fcrkiye Diyanet Vakf\u0131","potentialAction":[{"@type":"SearchAction","target":{"@type":"EntryPoint","urlTemplate":"https:\/\/tdv.org\/tr-TR\/?s={search_term_string}"},"query-input":{"@type":"PropertyValueSpecification","valueRequired":true,"valueName":"search_term_string"}}],"inLanguage":"tr"},{"@type":"Organization","@id":"https:\/\/tdv.org\/tr-TR\/#organization","name":"T\u00fcrkiye Diyanet Vakf\u0131","alternateName":"T\u00fcrkiye Diyanet Vakf\u0131","url":"https:\/\/tdv.org\/tr-TR\/","logo":{"@type":"ImageObject","inLanguage":"tr","@id":"https:\/\/tdv.org\/tr-TR\/#\/schema\/logo\/image\/","url":"https:\/\/tdv.org\/tr-TR\/wp-content\/uploads\/2018\/12\/TDV_Logo_1.png","contentUrl":"https:\/\/tdv.org\/tr-TR\/wp-content\/uploads\/2018\/12\/TDV_Logo_1.png","width":207,"height":71,"caption":"T\u00fcrkiye Diyanet Vakf\u0131"},"image":{"@id":"https:\/\/tdv.org\/tr-TR\/#\/schema\/logo\/image\/"},"sameAs":["https:\/\/www.facebook.com\/Diyanetvakfi\/","https:\/\/x.com\/DiyanetVakfi","https:\/\/www.instagram.com\/turkiyediyanetvakfi\/","https:\/\/www.youtube.com\/user\/TurkiyeDiyanetVakfi"]},{"@type":"Person","@id":"https:\/\/tdv.org\/tr-TR\/#\/schema\/person\/8f21f05615f6bcf071bbd5ee8d376a8f","name":"Musa","image":{"@type":"ImageObject","inLanguage":"tr","@id":"https:\/\/tdv.org\/tr-TR\/wp-content\/litespeed\/avatar\/5b7955b12151edf37ee458402c4c6b7f.jpg?ver=1776690577","url":"https:\/\/tdv.org\/tr-TR\/wp-content\/litespeed\/avatar\/5b7955b12151edf37ee458402c4c6b7f.jpg?ver=1776690577","contentUrl":"https:\/\/tdv.org\/tr-TR\/wp-content\/litespeed\/avatar\/5b7955b12151edf37ee458402c4c6b7f.jpg?ver=1776690577","caption":"Musa"},"sameAs":["http:\/\/www.tdv.org"]}]}},"_links":{"self":[{"href":"https:\/\/tdv.org\/tr-TR\/wp-json\/wp\/v2\/posts\/14578","targetHints":{"allow":["GET"]}}],"collection":[{"href":"https:\/\/tdv.org\/tr-TR\/wp-json\/wp\/v2\/posts"}],"about":[{"href":"https:\/\/tdv.org\/tr-TR\/wp-json\/wp\/v2\/types\/post"}],"author":[{"embeddable":true,"href":"https:\/\/tdv.org\/tr-TR\/wp-json\/wp\/v2\/users\/6"}],"replies":[{"embeddable":true,"href":"https:\/\/tdv.org\/tr-TR\/wp-json\/wp\/v2\/comments?post=14578"}],"version-history":[{"count":1,"href":"https:\/\/tdv.org\/tr-TR\/wp-json\/wp\/v2\/posts\/14578\/revisions"}],"predecessor-version":[{"id":28709,"href":"https:\/\/tdv.org\/tr-TR\/wp-json\/wp\/v2\/posts\/14578\/revisions\/28709"}],"wp:featuredmedia":[{"embeddable":true,"href":"https:\/\/tdv.org\/tr-TR\/wp-json\/wp\/v2\/media\/14579"}],"wp:attachment":[{"href":"https:\/\/tdv.org\/tr-TR\/wp-json\/wp\/v2\/media?parent=14578"}],"wp:term":[{"taxonomy":"category","embeddable":true,"href":"https:\/\/tdv.org\/tr-TR\/wp-json\/wp\/v2\/categories?post=14578"},{"taxonomy":"post_tag","embeddable":true,"href":"https:\/\/tdv.org\/tr-TR\/wp-json\/wp\/v2\/tags?post=14578"}],"curies":[{"name":"wp","href":"https:\/\/api.w.org\/{rel}","templated":true}]}}