{"id":15627,"date":"2021-12-30T09:54:51","date_gmt":"2021-12-30T06:54:51","guid":{"rendered":"https:\/\/tdv.org\/tr-TR\/?p=15627"},"modified":"2023-02-22T14:39:37","modified_gmt":"2023-02-22T11:39:37","slug":"turkiye-diyanet-vakfindan-sanliurfadaki-ihtiyac-sahiplerine-giyim-ve-gida-yardimi","status":"publish","type":"post","link":"https:\/\/tdv.org\/tr-TR\/turkiye-diyanet-vakfindan-sanliurfadaki-ihtiyac-sahiplerine-giyim-ve-gida-yardimi\/","title":{"rendered":"T\u00fcrkiye Diyanet Vakf\u0131ndan \u015eanl\u0131urfa&#8217;daki ihtiya\u00e7 sahiplerine giyim ve g\u0131da yard\u0131m\u0131"},"content":{"rendered":"<p style=\"text-align: justify;\">T\u00fcrkiye Diyanet Vakf\u0131 \u015eanl\u0131urfa \u015eubesince ihtiya\u00e7 sahibi ailelere mont, ayakkab\u0131 ve kaban yard\u0131m\u0131nda bulunuldu.<\/p>\n<p style=\"text-align: justify;\">\u0130l M\u00fcft\u00fcl\u00fc\u011f\u00fcnde d\u00fczenlenen programda vak\u0131f g\u00f6revlileri ve ihtiya\u00e7 sahibi aileler bir araya geldi. Kat\u0131l\u0131mc\u0131lara \u00e7e\u015fitli ikramlarda bulunan vak\u0131f g\u00f6revlileri, talepleri dinledi.<\/p>\n<p style=\"text-align: justify;\">\u0130l M\u00fcft\u00fcs\u00fc Ramazan Tolan, T\u00fcrkiye Diyanet Vakf\u0131 \u015eanl\u0131urfa \u015eubesinin &#8220;\u00c7ocuklar\u0131m\u0131z \u00dc\u015f\u00fcmesin&#8221; diye bir s\u00fcre \u00f6nce kampanya ba\u015flatt\u0131\u011f\u0131n\u0131 s\u00f6yledi.<\/p>\n<p style=\"text-align: justify;\">Tolan, kampanya kapsam\u0131nda ev ev ziyaretler yap\u0131larak ihtiya\u00e7 sahibi ailelerin belirlendi\u011fi ifade ederek, \u015funlar\u0131 kaydetti:<\/p>\n<p style=\"text-align: justify;\">&#8220;Kampanya kapsam\u0131na hay\u0131rseverlerden temin edilen yard\u0131mlar ihtiya\u00e7 sahiplerine ula\u015ft\u0131r\u0131yoruz. Yakla\u015f\u0131k 100 \u00e7ocu\u011fumuza mont, kaban, ayakkab\u0131 ve bot hediye ettik. Onlar\u0131n y\u00fczlerini g\u00fcld\u00fcrmeye \u00e7al\u0131\u015ft\u0131k. Bunun yan\u0131nda vak\u0131f g\u00f6revlilerimiz belirledikleri ailelere g\u0131da ve yakacak yard\u0131m\u0131nda da bulunuyor. Bunun yan\u0131nda hay\u0131rseverlerin adak kurbanlar\u0131n\u0131 ihtiya\u00e7 sahiplerine ula\u015ft\u0131r\u0131yor. Yard\u0131mlarda eme\u011fi ge\u00e7enlerden Allah bir kez daha raz\u0131 olsun. \u00c7al\u0131\u015fmalar\u0131m\u0131z devam ediyor. Hay\u0131rseverlerin destekleriyle daha \u00e7ok aileye ula\u015fmaya hedefliyoruz.&#8221;<\/p>\n<p style=\"text-align: justify;\">Yard\u0131m alan ki\u015filerde vak\u0131f g\u00f6revlilerine ve hay\u0131rseverlere te\u015fekk\u00fcr etti.<\/p>\n\n\t\t<style type=\"text\/css\">\n\t\t\t#gallery-1 {\n\t\t\t\tmargin: auto;\n\t\t\t}\n\t\t\t#gallery-1 .gallery-item {\n\t\t\t\tfloat: left;\n\t\t\t\tmargin-top: 10px;\n\t\t\t\ttext-align: center;\n\t\t\t\twidth: 33%;\n\t\t\t}\n\t\t\t#gallery-1 img {\n\t\t\t\tborder: 2px solid #cfcfcf;\n\t\t\t}\n\t\t\t#gallery-1 .gallery-caption {\n\t\t\t\tmargin-left: 0;\n\t\t\t}\n\t\t\t\/* see gallery_shortcode() in wp-includes\/media.php *\/\n\t\t<\/style>\n\t\t<div id='gallery-1' class='gallery galleryid-15627 gallery-columns-3 gallery-size-thumbnail'><dl class='gallery-item'>\n\t\t\t<dt class='gallery-icon landscape'>\n\t\t\t\t<a href='https:\/\/tdv.org\/tr-TR\/wp-content\/uploads\/2021\/12\/1-Buyuk.jpg'><img decoding=\"async\" width=\"150\" height=\"150\" src=\"https:\/\/tdv.org\/tr-TR\/wp-content\/uploads\/2021\/12\/1-Buyuk-150x150.jpg\" class=\"attachment-thumbnail size-thumbnail\" alt=\"\" srcset=\"https:\/\/tdv.org\/tr-TR\/wp-content\/uploads\/2021\/12\/1-Buyuk-150x150.jpg 150w, https:\/\/tdv.org\/tr-TR\/wp-content\/uploads\/2021\/12\/1-Buyuk-100x100.jpg 100w, https:\/\/tdv.org\/tr-TR\/wp-content\/uploads\/2021\/12\/1-Buyuk-140x140.jpg 140w, https:\/\/tdv.org\/tr-TR\/wp-content\/uploads\/2021\/12\/1-Buyuk-500x500.jpg 500w, https:\/\/tdv.org\/tr-TR\/wp-content\/uploads\/2021\/12\/1-Buyuk-350x350.jpg 350w, https:\/\/tdv.org\/tr-TR\/wp-content\/uploads\/2021\/12\/1-Buyuk-1000x1000.jpg 1000w, https:\/\/tdv.org\/tr-TR\/wp-content\/uploads\/2021\/12\/1-Buyuk-800x800.jpg 800w\" sizes=\"(max-width: 150px) 100vw, 150px\" \/><\/a>\n\t\t\t<\/dt><\/dl><dl class='gallery-item'>\n\t\t\t<dt class='gallery-icon landscape'>\n\t\t\t\t<a href='https:\/\/tdv.org\/tr-TR\/wp-content\/uploads\/2021\/12\/2-Buyuk.jpg'><img decoding=\"async\" width=\"150\" height=\"150\" src=\"https:\/\/tdv.org\/tr-TR\/wp-content\/uploads\/2021\/12\/2-Buyuk-150x150.jpg\" class=\"attachment-thumbnail size-thumbnail\" alt=\"\" srcset=\"https:\/\/tdv.org\/tr-TR\/wp-content\/uploads\/2021\/12\/2-Buyuk-150x150.jpg 150w, https:\/\/tdv.org\/tr-TR\/wp-content\/uploads\/2021\/12\/2-Buyuk-100x100.jpg 100w, https:\/\/tdv.org\/tr-TR\/wp-content\/uploads\/2021\/12\/2-Buyuk-140x140.jpg 140w, https:\/\/tdv.org\/tr-TR\/wp-content\/uploads\/2021\/12\/2-Buyuk-500x500.jpg 500w, https:\/\/tdv.org\/tr-TR\/wp-content\/uploads\/2021\/12\/2-Buyuk-350x350.jpg 350w, https:\/\/tdv.org\/tr-TR\/wp-content\/uploads\/2021\/12\/2-Buyuk-1000x1000.jpg 1000w, https:\/\/tdv.org\/tr-TR\/wp-content\/uploads\/2021\/12\/2-Buyuk-800x800.jpg 800w\" sizes=\"(max-width: 150px) 100vw, 150px\" \/><\/a>\n\t\t\t<\/dt><\/dl><dl class='gallery-item'>\n\t\t\t<dt class='gallery-icon landscape'>\n\t\t\t\t<a href='https:\/\/tdv.org\/tr-TR\/wp-content\/uploads\/2021\/12\/3-Buyuk.jpg'><img decoding=\"async\" width=\"150\" height=\"150\" src=\"https:\/\/tdv.org\/tr-TR\/wp-content\/uploads\/2021\/12\/3-Buyuk-150x150.jpg\" class=\"attachment-thumbnail size-thumbnail\" alt=\"\" srcset=\"https:\/\/tdv.org\/tr-TR\/wp-content\/uploads\/2021\/12\/3-Buyuk-150x150.jpg 150w, https:\/\/tdv.org\/tr-TR\/wp-content\/uploads\/2021\/12\/3-Buyuk-100x100.jpg 100w, https:\/\/tdv.org\/tr-TR\/wp-content\/uploads\/2021\/12\/3-Buyuk-140x140.jpg 140w, https:\/\/tdv.org\/tr-TR\/wp-content\/uploads\/2021\/12\/3-Buyuk-500x500.jpg 500w, https:\/\/tdv.org\/tr-TR\/wp-content\/uploads\/2021\/12\/3-Buyuk-350x350.jpg 350w, https:\/\/tdv.org\/tr-TR\/wp-content\/uploads\/2021\/12\/3-Buyuk-1000x1000.jpg 1000w, https:\/\/tdv.org\/tr-TR\/wp-content\/uploads\/2021\/12\/3-Buyuk-800x800.jpg 800w\" sizes=\"(max-width: 150px) 100vw, 150px\" \/><\/a>\n\t\t\t<\/dt><\/dl><br style=\"clear: both\" \/><dl class='gallery-item'>\n\t\t\t<dt class='gallery-icon landscape'>\n\t\t\t\t<a href='https:\/\/tdv.org\/tr-TR\/wp-content\/uploads\/2021\/12\/4-Buyuk.jpg'><img decoding=\"async\" width=\"150\" height=\"150\" src=\"https:\/\/tdv.org\/tr-TR\/wp-content\/uploads\/2021\/12\/4-Buyuk-150x150.jpg\" class=\"attachment-thumbnail size-thumbnail\" alt=\"\" srcset=\"https:\/\/tdv.org\/tr-TR\/wp-content\/uploads\/2021\/12\/4-Buyuk-150x150.jpg 150w, https:\/\/tdv.org\/tr-TR\/wp-content\/uploads\/2021\/12\/4-Buyuk-100x100.jpg 100w, https:\/\/tdv.org\/tr-TR\/wp-content\/uploads\/2021\/12\/4-Buyuk-140x140.jpg 140w, https:\/\/tdv.org\/tr-TR\/wp-content\/uploads\/2021\/12\/4-Buyuk-500x500.jpg 500w, https:\/\/tdv.org\/tr-TR\/wp-content\/uploads\/2021\/12\/4-Buyuk-350x350.jpg 350w, https:\/\/tdv.org\/tr-TR\/wp-content\/uploads\/2021\/12\/4-Buyuk-1000x1000.jpg 1000w, https:\/\/tdv.org\/tr-TR\/wp-content\/uploads\/2021\/12\/4-Buyuk-800x800.jpg 800w\" sizes=\"(max-width: 150px) 100vw, 150px\" \/><\/a>\n\t\t\t<\/dt><\/dl>\n\t\t\t<br style='clear: both' \/>\n\t\t<\/div>\n\n<p style=\"text-align: justify;\">\n","protected":false},"excerpt":{"rendered":"<p>T\u00fcrkiye Diyanet Vakf\u0131 \u015eanl\u0131urfa \u015eubesince ihtiya\u00e7 sahibi ailelere mont, ayakkab\u0131 ve kaban yard\u0131m\u0131nda bulunuldu. \u0130l M\u00fcft\u00fcl\u00fc\u011f\u00fcnde d\u00fczenlenen programda vak\u0131f g\u00f6revlileri ve ihtiya\u00e7 sahibi aileler bir araya geldi. Kat\u0131l\u0131mc\u0131lara \u00e7e\u015fitli ikramlarda&#8230;<\/p>\n","protected":false},"author":4,"featured_media":15628,"comment_status":"open","ping_status":"closed","sticky":false,"template":"","format":"standard","meta":{"footnotes":""},"categories":[1],"tags":[1499,1498,1497],"class_list":{"0":"post-15627","1":"post","2":"type-post","3":"status-publish","4":"format-standard","5":"has-post-thumbnail","7":"category-haberler","8":"tag-cocuklarimiz-usumesin","9":"tag-ramazan-tolan","10":"tag-tdv-sanliurfa-subesi"},"yoast_head":"<!-- This site is optimized with the Yoast SEO plugin v27.5 - https:\/\/yoast.com\/product\/yoast-seo-wordpress\/ -->\n<title>T\u00fcrkiye Diyanet Vakf\u0131ndan \u015eanl\u0131urfa&#039;daki ihtiya\u00e7 sahiplerine giyim ve g\u0131da yard\u0131m\u0131<\/title>\n<meta name=\"description\" content=\"T\u00fcrkiye Diyanet Vakf\u0131 \u015eanl\u0131urfa \u015eubesince ihtiya\u00e7 sahibi ailelere mont, ayakkab\u0131 ve kaban yard\u0131m\u0131nda bulunuldu.\" \/>\n<meta name=\"robots\" content=\"index, follow, max-snippet:-1, max-image-preview:large, max-video-preview:-1\" \/>\n<link rel=\"canonical\" href=\"https:\/\/tdv.org\/tr-TR\/turkiye-diyanet-vakfindan-sanliurfadaki-ihtiyac-sahiplerine-giyim-ve-gida-yardimi\/\" \/>\n<meta property=\"og:locale\" content=\"tr_TR\" \/>\n<meta property=\"og:type\" content=\"article\" \/>\n<meta property=\"og:title\" content=\"T\u00fcrkiye Diyanet Vakf\u0131ndan \u015eanl\u0131urfa&#039;daki ihtiya\u00e7 sahiplerine giyim ve g\u0131da yard\u0131m\u0131\" \/>\n<meta property=\"og:description\" content=\"T\u00fcrkiye Diyanet Vakf\u0131 \u015eanl\u0131urfa \u015eubesince ihtiya\u00e7 sahibi ailelere mont, ayakkab\u0131 ve kaban yard\u0131m\u0131nda bulunuldu.\" \/>\n<meta property=\"og:url\" content=\"https:\/\/tdv.org\/tr-TR\/turkiye-diyanet-vakfindan-sanliurfadaki-ihtiyac-sahiplerine-giyim-ve-gida-yardimi\/\" \/>\n<meta property=\"og:site_name\" content=\"T\u00fcrkiye Diyanet Vakf\u0131 Resmi Web Sitesi\" \/>\n<meta property=\"article:publisher\" content=\"https:\/\/www.facebook.com\/Diyanetvakfi\/\" \/>\n<meta property=\"article:published_time\" content=\"2021-12-30T06:54:51+00:00\" \/>\n<meta property=\"article:modified_time\" content=\"2023-02-22T11:39:37+00:00\" \/>\n<meta property=\"og:image\" content=\"https:\/\/tdv.org\/tr-TR\/wp-content\/uploads\/2021\/12\/1-Buyuk.jpg\" \/>\n\t<meta property=\"og:image:width\" content=\"1620\" \/>\n\t<meta property=\"og:image:height\" content=\"1080\" \/>\n\t<meta property=\"og:image:type\" content=\"image\/jpeg\" \/>\n<meta name=\"author\" content=\"Feyzullah\" \/>\n<meta name=\"twitter:card\" content=\"summary_large_image\" \/>\n<meta name=\"twitter:creator\" content=\"@DiyanetVakfi\" \/>\n<meta name=\"twitter:site\" content=\"@DiyanetVakfi\" \/>\n<script type=\"application\/ld+json\" class=\"yoast-schema-graph\">{\"@context\":\"https:\\\/\\\/schema.org\",\"@graph\":[{\"@type\":\"Article\",\"@id\":\"https:\\\/\\\/tdv.org\\\/tr-TR\\\/turkiye-diyanet-vakfindan-sanliurfadaki-ihtiyac-sahiplerine-giyim-ve-gida-yardimi\\\/#article\",\"isPartOf\":{\"@id\":\"https:\\\/\\\/tdv.org\\\/tr-TR\\\/turkiye-diyanet-vakfindan-sanliurfadaki-ihtiyac-sahiplerine-giyim-ve-gida-yardimi\\\/\"},\"author\":{\"name\":\"Feyzullah\",\"@id\":\"https:\\\/\\\/tdv.org\\\/tr-TR\\\/#\\\/schema\\\/person\\\/d82361fee30b9a18f022b00af48c5e54\"},\"headline\":\"T\u00fcrkiye Diyanet Vakf\u0131ndan \u015eanl\u0131urfa&#8217;daki ihtiya\u00e7 sahiplerine giyim ve g\u0131da yard\u0131m\u0131\",\"datePublished\":\"2021-12-30T06:54:51+00:00\",\"dateModified\":\"2023-02-22T11:39:37+00:00\",\"mainEntityOfPage\":{\"@id\":\"https:\\\/\\\/tdv.org\\\/tr-TR\\\/turkiye-diyanet-vakfindan-sanliurfadaki-ihtiyac-sahiplerine-giyim-ve-gida-yardimi\\\/\"},\"wordCount\":228,\"commentCount\":0,\"publisher\":{\"@id\":\"https:\\\/\\\/tdv.org\\\/tr-TR\\\/#organization\"},\"image\":{\"@id\":\"https:\\\/\\\/tdv.org\\\/tr-TR\\\/turkiye-diyanet-vakfindan-sanliurfadaki-ihtiyac-sahiplerine-giyim-ve-gida-yardimi\\\/#primaryimage\"},\"thumbnailUrl\":\"https:\\\/\\\/tdv.org\\\/tr-TR\\\/wp-content\\\/uploads\\\/2021\\\/12\\\/1-Buyuk.jpg\",\"keywords\":[\"\u00c7ocuklar\u0131m\u0131z \u00dc\u015f\u00fcmesin\",\"Ramazan Tolan\",\"TDV \u015eanl\u0131urfa \u015eubesi\"],\"articleSection\":[\"Haberler\"],\"inLanguage\":\"tr\",\"potentialAction\":[{\"@type\":\"CommentAction\",\"name\":\"Comment\",\"target\":[\"https:\\\/\\\/tdv.org\\\/tr-TR\\\/turkiye-diyanet-vakfindan-sanliurfadaki-ihtiyac-sahiplerine-giyim-ve-gida-yardimi\\\/#respond\"]}]},{\"@type\":\"WebPage\",\"@id\":\"https:\\\/\\\/tdv.org\\\/tr-TR\\\/turkiye-diyanet-vakfindan-sanliurfadaki-ihtiyac-sahiplerine-giyim-ve-gida-yardimi\\\/\",\"url\":\"https:\\\/\\\/tdv.org\\\/tr-TR\\\/turkiye-diyanet-vakfindan-sanliurfadaki-ihtiyac-sahiplerine-giyim-ve-gida-yardimi\\\/\",\"name\":\"T\u00fcrkiye Diyanet Vakf\u0131ndan \u015eanl\u0131urfa'daki ihtiya\u00e7 sahiplerine giyim ve g\u0131da yard\u0131m\u0131\",\"isPartOf\":{\"@id\":\"https:\\\/\\\/tdv.org\\\/tr-TR\\\/#website\"},\"primaryImageOfPage\":{\"@id\":\"https:\\\/\\\/tdv.org\\\/tr-TR\\\/turkiye-diyanet-vakfindan-sanliurfadaki-ihtiyac-sahiplerine-giyim-ve-gida-yardimi\\\/#primaryimage\"},\"image\":{\"@id\":\"https:\\\/\\\/tdv.org\\\/tr-TR\\\/turkiye-diyanet-vakfindan-sanliurfadaki-ihtiyac-sahiplerine-giyim-ve-gida-yardimi\\\/#primaryimage\"},\"thumbnailUrl\":\"https:\\\/\\\/tdv.org\\\/tr-TR\\\/wp-content\\\/uploads\\\/2021\\\/12\\\/1-Buyuk.jpg\",\"datePublished\":\"2021-12-30T06:54:51+00:00\",\"dateModified\":\"2023-02-22T11:39:37+00:00\",\"description\":\"T\u00fcrkiye Diyanet Vakf\u0131 \u015eanl\u0131urfa \u015eubesince ihtiya\u00e7 sahibi ailelere mont, ayakkab\u0131 ve kaban yard\u0131m\u0131nda bulunuldu.\",\"breadcrumb\":{\"@id\":\"https:\\\/\\\/tdv.org\\\/tr-TR\\\/turkiye-diyanet-vakfindan-sanliurfadaki-ihtiyac-sahiplerine-giyim-ve-gida-yardimi\\\/#breadcrumb\"},\"inLanguage\":\"tr\",\"potentialAction\":[{\"@type\":\"ReadAction\",\"target\":[\"https:\\\/\\\/tdv.org\\\/tr-TR\\\/turkiye-diyanet-vakfindan-sanliurfadaki-ihtiyac-sahiplerine-giyim-ve-gida-yardimi\\\/\"]}]},{\"@type\":\"ImageObject\",\"inLanguage\":\"tr\",\"@id\":\"https:\\\/\\\/tdv.org\\\/tr-TR\\\/turkiye-diyanet-vakfindan-sanliurfadaki-ihtiyac-sahiplerine-giyim-ve-gida-yardimi\\\/#primaryimage\",\"url\":\"https:\\\/\\\/tdv.org\\\/tr-TR\\\/wp-content\\\/uploads\\\/2021\\\/12\\\/1-Buyuk.jpg\",\"contentUrl\":\"https:\\\/\\\/tdv.org\\\/tr-TR\\\/wp-content\\\/uploads\\\/2021\\\/12\\\/1-Buyuk.jpg\",\"width\":1620,\"height\":1080},{\"@type\":\"BreadcrumbList\",\"@id\":\"https:\\\/\\\/tdv.org\\\/tr-TR\\\/turkiye-diyanet-vakfindan-sanliurfadaki-ihtiyac-sahiplerine-giyim-ve-gida-yardimi\\\/#breadcrumb\",\"itemListElement\":[{\"@type\":\"ListItem\",\"position\":1,\"name\":\"Anasayfa\",\"item\":\"https:\\\/\\\/tdv.org\\\/tr-TR\\\/\"},{\"@type\":\"ListItem\",\"position\":2,\"name\":\"T\u00fcrkiye Diyanet Vakf\u0131ndan \u015eanl\u0131urfa&#8217;daki ihtiya\u00e7 sahiplerine giyim ve g\u0131da yard\u0131m\u0131\"}]},{\"@type\":\"WebSite\",\"@id\":\"https:\\\/\\\/tdv.org\\\/tr-TR\\\/#website\",\"url\":\"https:\\\/\\\/tdv.org\\\/tr-TR\\\/\",\"name\":\"T\u00fcrkiye Diyanet Vakf\u0131 Resmi Web Sitesi\",\"description\":\"Yery\u00fcz\u00fcnde iyilik egemen oluncaya kadar\",\"publisher\":{\"@id\":\"https:\\\/\\\/tdv.org\\\/tr-TR\\\/#organization\"},\"alternateName\":\"T\u00fcrkiye Diyanet Vakf\u0131\",\"potentialAction\":[{\"@type\":\"SearchAction\",\"target\":{\"@type\":\"EntryPoint\",\"urlTemplate\":\"https:\\\/\\\/tdv.org\\\/tr-TR\\\/?s={search_term_string}\"},\"query-input\":{\"@type\":\"PropertyValueSpecification\",\"valueRequired\":true,\"valueName\":\"search_term_string\"}}],\"inLanguage\":\"tr\"},{\"@type\":\"Organization\",\"@id\":\"https:\\\/\\\/tdv.org\\\/tr-TR\\\/#organization\",\"name\":\"T\u00fcrkiye Diyanet Vakf\u0131\",\"alternateName\":\"T\u00fcrkiye Diyanet Vakf\u0131\",\"url\":\"https:\\\/\\\/tdv.org\\\/tr-TR\\\/\",\"logo\":{\"@type\":\"ImageObject\",\"inLanguage\":\"tr\",\"@id\":\"https:\\\/\\\/tdv.org\\\/tr-TR\\\/#\\\/schema\\\/logo\\\/image\\\/\",\"url\":\"https:\\\/\\\/tdv.org\\\/tr-TR\\\/wp-content\\\/uploads\\\/2018\\\/12\\\/TDV_Logo_1.png\",\"contentUrl\":\"https:\\\/\\\/tdv.org\\\/tr-TR\\\/wp-content\\\/uploads\\\/2018\\\/12\\\/TDV_Logo_1.png\",\"width\":207,\"height\":71,\"caption\":\"T\u00fcrkiye Diyanet Vakf\u0131\"},\"image\":{\"@id\":\"https:\\\/\\\/tdv.org\\\/tr-TR\\\/#\\\/schema\\\/logo\\\/image\\\/\"},\"sameAs\":[\"https:\\\/\\\/www.facebook.com\\\/Diyanetvakfi\\\/\",\"https:\\\/\\\/x.com\\\/DiyanetVakfi\",\"https:\\\/\\\/www.instagram.com\\\/turkiyediyanetvakfi\\\/\",\"https:\\\/\\\/www.youtube.com\\\/user\\\/TurkiyeDiyanetVakfi\"]},{\"@type\":\"Person\",\"@id\":\"https:\\\/\\\/tdv.org\\\/tr-TR\\\/#\\\/schema\\\/person\\\/d82361fee30b9a18f022b00af48c5e54\",\"name\":\"Feyzullah\",\"image\":{\"@type\":\"ImageObject\",\"inLanguage\":\"tr\",\"@id\":\"https:\\\/\\\/tdv.org\\\/tr-TR\\\/wp-content\\\/litespeed\\\/avatar\\\/2976dc58d1ce98cb93380ae29394255a.jpg?ver=1777306938\",\"url\":\"https:\\\/\\\/tdv.org\\\/tr-TR\\\/wp-content\\\/litespeed\\\/avatar\\\/2976dc58d1ce98cb93380ae29394255a.jpg?ver=1777306938\",\"contentUrl\":\"https:\\\/\\\/tdv.org\\\/tr-TR\\\/wp-content\\\/litespeed\\\/avatar\\\/2976dc58d1ce98cb93380ae29394255a.jpg?ver=1777306938\",\"caption\":\"Feyzullah\"},\"sameAs\":[\"http:\\\/\\\/www.tdv.org\"]}]}<\/script>\n<!-- \/ Yoast SEO plugin. -->","yoast_head_json":{"title":"T\u00fcrkiye Diyanet Vakf\u0131ndan \u015eanl\u0131urfa'daki ihtiya\u00e7 sahiplerine giyim ve g\u0131da yard\u0131m\u0131","description":"T\u00fcrkiye Diyanet Vakf\u0131 \u015eanl\u0131urfa \u015eubesince ihtiya\u00e7 sahibi ailelere mont, ayakkab\u0131 ve kaban yard\u0131m\u0131nda bulunuldu.","robots":{"index":"index","follow":"follow","max-snippet":"max-snippet:-1","max-image-preview":"max-image-preview:large","max-video-preview":"max-video-preview:-1"},"canonical":"https:\/\/tdv.org\/tr-TR\/turkiye-diyanet-vakfindan-sanliurfadaki-ihtiyac-sahiplerine-giyim-ve-gida-yardimi\/","og_locale":"tr_TR","og_type":"article","og_title":"T\u00fcrkiye Diyanet Vakf\u0131ndan \u015eanl\u0131urfa'daki ihtiya\u00e7 sahiplerine giyim ve g\u0131da yard\u0131m\u0131","og_description":"T\u00fcrkiye Diyanet Vakf\u0131 \u015eanl\u0131urfa \u015eubesince ihtiya\u00e7 sahibi ailelere mont, ayakkab\u0131 ve kaban yard\u0131m\u0131nda bulunuldu.","og_url":"https:\/\/tdv.org\/tr-TR\/turkiye-diyanet-vakfindan-sanliurfadaki-ihtiyac-sahiplerine-giyim-ve-gida-yardimi\/","og_site_name":"T\u00fcrkiye Diyanet Vakf\u0131 Resmi Web Sitesi","article_publisher":"https:\/\/www.facebook.com\/Diyanetvakfi\/","article_published_time":"2021-12-30T06:54:51+00:00","article_modified_time":"2023-02-22T11:39:37+00:00","og_image":[{"width":1620,"height":1080,"url":"https:\/\/tdv.org\/tr-TR\/wp-content\/uploads\/2021\/12\/1-Buyuk.jpg","type":"image\/jpeg"}],"author":"Feyzullah","twitter_card":"summary_large_image","twitter_creator":"@DiyanetVakfi","twitter_site":"@DiyanetVakfi","schema":{"@context":"https:\/\/schema.org","@graph":[{"@type":"Article","@id":"https:\/\/tdv.org\/tr-TR\/turkiye-diyanet-vakfindan-sanliurfadaki-ihtiyac-sahiplerine-giyim-ve-gida-yardimi\/#article","isPartOf":{"@id":"https:\/\/tdv.org\/tr-TR\/turkiye-diyanet-vakfindan-sanliurfadaki-ihtiyac-sahiplerine-giyim-ve-gida-yardimi\/"},"author":{"name":"Feyzullah","@id":"https:\/\/tdv.org\/tr-TR\/#\/schema\/person\/d82361fee30b9a18f022b00af48c5e54"},"headline":"T\u00fcrkiye Diyanet Vakf\u0131ndan \u015eanl\u0131urfa&#8217;daki ihtiya\u00e7 sahiplerine giyim ve g\u0131da yard\u0131m\u0131","datePublished":"2021-12-30T06:54:51+00:00","dateModified":"2023-02-22T11:39:37+00:00","mainEntityOfPage":{"@id":"https:\/\/tdv.org\/tr-TR\/turkiye-diyanet-vakfindan-sanliurfadaki-ihtiyac-sahiplerine-giyim-ve-gida-yardimi\/"},"wordCount":228,"commentCount":0,"publisher":{"@id":"https:\/\/tdv.org\/tr-TR\/#organization"},"image":{"@id":"https:\/\/tdv.org\/tr-TR\/turkiye-diyanet-vakfindan-sanliurfadaki-ihtiyac-sahiplerine-giyim-ve-gida-yardimi\/#primaryimage"},"thumbnailUrl":"https:\/\/tdv.org\/tr-TR\/wp-content\/uploads\/2021\/12\/1-Buyuk.jpg","keywords":["\u00c7ocuklar\u0131m\u0131z \u00dc\u015f\u00fcmesin","Ramazan Tolan","TDV \u015eanl\u0131urfa \u015eubesi"],"articleSection":["Haberler"],"inLanguage":"tr","potentialAction":[{"@type":"CommentAction","name":"Comment","target":["https:\/\/tdv.org\/tr-TR\/turkiye-diyanet-vakfindan-sanliurfadaki-ihtiyac-sahiplerine-giyim-ve-gida-yardimi\/#respond"]}]},{"@type":"WebPage","@id":"https:\/\/tdv.org\/tr-TR\/turkiye-diyanet-vakfindan-sanliurfadaki-ihtiyac-sahiplerine-giyim-ve-gida-yardimi\/","url":"https:\/\/tdv.org\/tr-TR\/turkiye-diyanet-vakfindan-sanliurfadaki-ihtiyac-sahiplerine-giyim-ve-gida-yardimi\/","name":"T\u00fcrkiye Diyanet Vakf\u0131ndan \u015eanl\u0131urfa'daki ihtiya\u00e7 sahiplerine giyim ve g\u0131da yard\u0131m\u0131","isPartOf":{"@id":"https:\/\/tdv.org\/tr-TR\/#website"},"primaryImageOfPage":{"@id":"https:\/\/tdv.org\/tr-TR\/turkiye-diyanet-vakfindan-sanliurfadaki-ihtiyac-sahiplerine-giyim-ve-gida-yardimi\/#primaryimage"},"image":{"@id":"https:\/\/tdv.org\/tr-TR\/turkiye-diyanet-vakfindan-sanliurfadaki-ihtiyac-sahiplerine-giyim-ve-gida-yardimi\/#primaryimage"},"thumbnailUrl":"https:\/\/tdv.org\/tr-TR\/wp-content\/uploads\/2021\/12\/1-Buyuk.jpg","datePublished":"2021-12-30T06:54:51+00:00","dateModified":"2023-02-22T11:39:37+00:00","description":"T\u00fcrkiye Diyanet Vakf\u0131 \u015eanl\u0131urfa \u015eubesince ihtiya\u00e7 sahibi ailelere mont, ayakkab\u0131 ve kaban yard\u0131m\u0131nda bulunuldu.","breadcrumb":{"@id":"https:\/\/tdv.org\/tr-TR\/turkiye-diyanet-vakfindan-sanliurfadaki-ihtiyac-sahiplerine-giyim-ve-gida-yardimi\/#breadcrumb"},"inLanguage":"tr","potentialAction":[{"@type":"ReadAction","target":["https:\/\/tdv.org\/tr-TR\/turkiye-diyanet-vakfindan-sanliurfadaki-ihtiyac-sahiplerine-giyim-ve-gida-yardimi\/"]}]},{"@type":"ImageObject","inLanguage":"tr","@id":"https:\/\/tdv.org\/tr-TR\/turkiye-diyanet-vakfindan-sanliurfadaki-ihtiyac-sahiplerine-giyim-ve-gida-yardimi\/#primaryimage","url":"https:\/\/tdv.org\/tr-TR\/wp-content\/uploads\/2021\/12\/1-Buyuk.jpg","contentUrl":"https:\/\/tdv.org\/tr-TR\/wp-content\/uploads\/2021\/12\/1-Buyuk.jpg","width":1620,"height":1080},{"@type":"BreadcrumbList","@id":"https:\/\/tdv.org\/tr-TR\/turkiye-diyanet-vakfindan-sanliurfadaki-ihtiyac-sahiplerine-giyim-ve-gida-yardimi\/#breadcrumb","itemListElement":[{"@type":"ListItem","position":1,"name":"Anasayfa","item":"https:\/\/tdv.org\/tr-TR\/"},{"@type":"ListItem","position":2,"name":"T\u00fcrkiye Diyanet Vakf\u0131ndan \u015eanl\u0131urfa&#8217;daki ihtiya\u00e7 sahiplerine giyim ve g\u0131da yard\u0131m\u0131"}]},{"@type":"WebSite","@id":"https:\/\/tdv.org\/tr-TR\/#website","url":"https:\/\/tdv.org\/tr-TR\/","name":"T\u00fcrkiye Diyanet Vakf\u0131 Resmi Web Sitesi","description":"Yery\u00fcz\u00fcnde iyilik egemen oluncaya kadar","publisher":{"@id":"https:\/\/tdv.org\/tr-TR\/#organization"},"alternateName":"T\u00fcrkiye Diyanet Vakf\u0131","potentialAction":[{"@type":"SearchAction","target":{"@type":"EntryPoint","urlTemplate":"https:\/\/tdv.org\/tr-TR\/?s={search_term_string}"},"query-input":{"@type":"PropertyValueSpecification","valueRequired":true,"valueName":"search_term_string"}}],"inLanguage":"tr"},{"@type":"Organization","@id":"https:\/\/tdv.org\/tr-TR\/#organization","name":"T\u00fcrkiye Diyanet Vakf\u0131","alternateName":"T\u00fcrkiye Diyanet Vakf\u0131","url":"https:\/\/tdv.org\/tr-TR\/","logo":{"@type":"ImageObject","inLanguage":"tr","@id":"https:\/\/tdv.org\/tr-TR\/#\/schema\/logo\/image\/","url":"https:\/\/tdv.org\/tr-TR\/wp-content\/uploads\/2018\/12\/TDV_Logo_1.png","contentUrl":"https:\/\/tdv.org\/tr-TR\/wp-content\/uploads\/2018\/12\/TDV_Logo_1.png","width":207,"height":71,"caption":"T\u00fcrkiye Diyanet Vakf\u0131"},"image":{"@id":"https:\/\/tdv.org\/tr-TR\/#\/schema\/logo\/image\/"},"sameAs":["https:\/\/www.facebook.com\/Diyanetvakfi\/","https:\/\/x.com\/DiyanetVakfi","https:\/\/www.instagram.com\/turkiyediyanetvakfi\/","https:\/\/www.youtube.com\/user\/TurkiyeDiyanetVakfi"]},{"@type":"Person","@id":"https:\/\/tdv.org\/tr-TR\/#\/schema\/person\/d82361fee30b9a18f022b00af48c5e54","name":"Feyzullah","image":{"@type":"ImageObject","inLanguage":"tr","@id":"https:\/\/tdv.org\/tr-TR\/wp-content\/litespeed\/avatar\/2976dc58d1ce98cb93380ae29394255a.jpg?ver=1777306938","url":"https:\/\/tdv.org\/tr-TR\/wp-content\/litespeed\/avatar\/2976dc58d1ce98cb93380ae29394255a.jpg?ver=1777306938","contentUrl":"https:\/\/tdv.org\/tr-TR\/wp-content\/litespeed\/avatar\/2976dc58d1ce98cb93380ae29394255a.jpg?ver=1777306938","caption":"Feyzullah"},"sameAs":["http:\/\/www.tdv.org"]}]}},"_links":{"self":[{"href":"https:\/\/tdv.org\/tr-TR\/wp-json\/wp\/v2\/posts\/15627","targetHints":{"allow":["GET"]}}],"collection":[{"href":"https:\/\/tdv.org\/tr-TR\/wp-json\/wp\/v2\/posts"}],"about":[{"href":"https:\/\/tdv.org\/tr-TR\/wp-json\/wp\/v2\/types\/post"}],"author":[{"embeddable":true,"href":"https:\/\/tdv.org\/tr-TR\/wp-json\/wp\/v2\/users\/4"}],"replies":[{"embeddable":true,"href":"https:\/\/tdv.org\/tr-TR\/wp-json\/wp\/v2\/comments?post=15627"}],"version-history":[{"count":4,"href":"https:\/\/tdv.org\/tr-TR\/wp-json\/wp\/v2\/posts\/15627\/revisions"}],"predecessor-version":[{"id":30260,"href":"https:\/\/tdv.org\/tr-TR\/wp-json\/wp\/v2\/posts\/15627\/revisions\/30260"}],"wp:featuredmedia":[{"embeddable":true,"href":"https:\/\/tdv.org\/tr-TR\/wp-json\/wp\/v2\/media\/15628"}],"wp:attachment":[{"href":"https:\/\/tdv.org\/tr-TR\/wp-json\/wp\/v2\/media?parent=15627"}],"wp:term":[{"taxonomy":"category","embeddable":true,"href":"https:\/\/tdv.org\/tr-TR\/wp-json\/wp\/v2\/categories?post=15627"},{"taxonomy":"post_tag","embeddable":true,"href":"https:\/\/tdv.org\/tr-TR\/wp-json\/wp\/v2\/tags?post=15627"}],"curies":[{"name":"wp","href":"https:\/\/api.w.org\/{rel}","templated":true}]}}