{"id":15646,"date":"2021-12-30T13:36:39","date_gmt":"2021-12-30T10:36:39","guid":{"rendered":"https:\/\/tdv.org\/tr-TR\/?p=15646"},"modified":"2023-02-22T14:38:52","modified_gmt":"2023-02-22T11:38:52","slug":"ditib-senegalde-400-katarakt-hastasina-isik-oldu","status":"publish","type":"post","link":"https:\/\/tdv.org\/tr-TR\/ditib-senegalde-400-katarakt-hastasina-isik-oldu\/","title":{"rendered":"D\u0130T\u0130B, Senegal\u2019de 400 katarakt hastas\u0131na &#8220;\u0131\u015f\u0131k&#8221; oldu"},"content":{"rendered":"<p style=\"text-align: justify;\">Almanya\u2019da faaliyet g\u00f6steren Diyanet \u0130\u015fleri T\u00fcrk \u0130slam Birli\u011fine (D\u0130T\u0130B) ba\u011fl\u0131 cami dernekleri, ba\u015flatt\u0131klar\u0131 katarakt ameliyat\u0131 kampanyas\u0131yla Senegal&#8217;de 400 ki\u015fiyi sa\u011fl\u0131\u011f\u0131na kavu\u015fturdu.<\/p>\n<p style=\"text-align: justify;\">Essen D\u0130T\u0130B Eyalet B\u00f6lge Birli\u011fi ve T\u00fcrkiye Diyanet Vakf\u0131 (TDV) i\u015f birli\u011finde Balve Mimar Sinan, Hamm-H\u00f6vel Selimiye, Hattingen Fatih, Hemer Merkez, Iserlohn Merkez, L\u00fcdenscheid Sultan Ahmet, Wickede Anadolu ve Witten Sultan Ahmet cami derneklerinin deste\u011fiyle yap\u0131lan ameliyatlar sonucunda 400 ki\u015fi yeniden iyi g\u00f6rmeye ba\u015flad\u0131.<\/p>\n<p style=\"text-align: justify;\">Essen D\u0130T\u0130B Eyalet B\u00f6lge Birli\u011fi Y\u00f6netim Kurulu \u00dcyesi ve Balve Mimar Sinan Camisi Dernek Ba\u015fkan\u0131 \u00d6zkan G\u00fcler, g\u00f6rme problemi ya\u015fayan ihtiya\u00e7 sahiplerine katarakt ameliyat\u0131 yapt\u0131rmak \u00fczere Senegal\u2019de bulunduklar\u0131n\u0131 belirterek hay\u0131rseverlerin deste\u011fiyle 2 g\u00fcn s\u00fcren ameliyatla y\u00fczlerce ki\u015fiye &#8220;\u0131\u015f\u0131k&#8221; olduklar\u0131n\u0131 s\u00f6yledi.<\/p>\n<p style=\"text-align: justify;\">D\u0130T\u0130B heyeti olarak ihtiya\u00e7 sahiplerine yard\u0131m paketi da\u011f\u0131tt\u0131klar\u0131n\u0131 da aktaran G\u00fcler, &#8220;Yokluk i\u00e7erisinde insanlara umut olmak \u00e7ok g\u00fczel bir duygu. Bu iyilik hareketini destekleyen hay\u0131rseverlere, D\u0130T\u0130B ailesine ve T\u00fcrkiye Diyanet Vakf\u0131na te\u015fekk\u00fcr ediyoruz.&#8221; ifadelerini kulland\u0131.<\/p>\n<p style=\"text-align: justify;\">G\u00fcler, Avrupa&#8217;da ve T\u00fcrkiye&#8217;de orta ya\u015f \u00fcst\u00fc insanlarda g\u00f6r\u00fclen bu rahats\u0131zl\u0131\u011f\u0131n Afrika&#8217;da \u00e7ocuk, gen\u00e7 hatta bebeklerde de g\u00f6r\u00fcld\u00fc\u011f\u00fcne \u015fahit olduklar\u0131n\u0131 belirterek &#8220;Afrika\u2019da katarakt hastal\u0131\u011f\u0131ndan \u00f6t\u00fcr\u00fc evinden \u00e7\u0131kamayan, \u00e7al\u0131\u015famayan ve i\u015f bulamayan ki\u015filer var. D\u0130T\u0130B ailesi olarak ma\u011fdur ve mazlum karde\u015flerimize sahip \u00e7\u0131karak, Dakar\u2019da \u00f6zel bir hastanede 6 hekim taraf\u0131ndan ameliyatlar\u0131n ger\u00e7ekle\u015ftirilmesini sa\u011flad\u0131k.&#8221; diye konu\u015ftu.<\/p>\n<p style=\"text-align: justify;\">Katarakt ameliyatlar\u0131n\u0131 takip etmek ve ihtiya\u00e7 sahiplerine yard\u0131m paketi da\u011f\u0131tmak \u00fczere Senegal&#8217;e giden D\u0130T\u0130B heyeti, Senegal ve Dakar b\u00f6lgesinde 4 yetimhaneyi ziyaret etti ve ihtiya\u00e7lar\u0131n\u0131 kar\u015f\u0131lad\u0131.<\/p>\n\n\t\t<style type=\"text\/css\">\n\t\t\t#gallery-1 {\n\t\t\t\tmargin: auto;\n\t\t\t}\n\t\t\t#gallery-1 .gallery-item {\n\t\t\t\tfloat: left;\n\t\t\t\tmargin-top: 10px;\n\t\t\t\ttext-align: center;\n\t\t\t\twidth: 33%;\n\t\t\t}\n\t\t\t#gallery-1 img {\n\t\t\t\tborder: 2px solid #cfcfcf;\n\t\t\t}\n\t\t\t#gallery-1 .gallery-caption {\n\t\t\t\tmargin-left: 0;\n\t\t\t}\n\t\t\t\/* see gallery_shortcode() in wp-includes\/media.php *\/\n\t\t<\/style>\n\t\t<div id='gallery-1' class='gallery galleryid-15646 gallery-columns-3 gallery-size-thumbnail'><dl class='gallery-item'>\n\t\t\t<dt class='gallery-icon landscape'>\n\t\t\t\t<a href='https:\/\/tdv.org\/tr-TR\/wp-content\/uploads\/2021\/12\/20211230_2_51525643_72086024.jpg'><img decoding=\"async\" width=\"150\" height=\"150\" src=\"https:\/\/tdv.org\/tr-TR\/wp-content\/uploads\/2021\/12\/20211230_2_51525643_72086024-150x150.jpg\" class=\"attachment-thumbnail size-thumbnail\" alt=\"\" srcset=\"https:\/\/tdv.org\/tr-TR\/wp-content\/uploads\/2021\/12\/20211230_2_51525643_72086024-150x150.jpg 150w, https:\/\/tdv.org\/tr-TR\/wp-content\/uploads\/2021\/12\/20211230_2_51525643_72086024-100x100.jpg 100w, https:\/\/tdv.org\/tr-TR\/wp-content\/uploads\/2021\/12\/20211230_2_51525643_72086024-140x140.jpg 140w, https:\/\/tdv.org\/tr-TR\/wp-content\/uploads\/2021\/12\/20211230_2_51525643_72086024-500x500.jpg 500w, https:\/\/tdv.org\/tr-TR\/wp-content\/uploads\/2021\/12\/20211230_2_51525643_72086024-350x350.jpg 350w, https:\/\/tdv.org\/tr-TR\/wp-content\/uploads\/2021\/12\/20211230_2_51525643_72086024-1000x1000.jpg 1000w, https:\/\/tdv.org\/tr-TR\/wp-content\/uploads\/2021\/12\/20211230_2_51525643_72086024-800x800.jpg 800w\" sizes=\"(max-width: 150px) 100vw, 150px\" \/><\/a>\n\t\t\t<\/dt><\/dl><dl class='gallery-item'>\n\t\t\t<dt class='gallery-icon landscape'>\n\t\t\t\t<a href='https:\/\/tdv.org\/tr-TR\/wp-content\/uploads\/2021\/12\/20211230_2_51525643_72086025.jpg'><img decoding=\"async\" width=\"150\" height=\"150\" src=\"https:\/\/tdv.org\/tr-TR\/wp-content\/uploads\/2021\/12\/20211230_2_51525643_72086025-150x150.jpg\" class=\"attachment-thumbnail size-thumbnail\" alt=\"\" srcset=\"https:\/\/tdv.org\/tr-TR\/wp-content\/uploads\/2021\/12\/20211230_2_51525643_72086025-150x150.jpg 150w, https:\/\/tdv.org\/tr-TR\/wp-content\/uploads\/2021\/12\/20211230_2_51525643_72086025-100x100.jpg 100w, https:\/\/tdv.org\/tr-TR\/wp-content\/uploads\/2021\/12\/20211230_2_51525643_72086025-140x140.jpg 140w, https:\/\/tdv.org\/tr-TR\/wp-content\/uploads\/2021\/12\/20211230_2_51525643_72086025-500x500.jpg 500w, https:\/\/tdv.org\/tr-TR\/wp-content\/uploads\/2021\/12\/20211230_2_51525643_72086025-350x350.jpg 350w, https:\/\/tdv.org\/tr-TR\/wp-content\/uploads\/2021\/12\/20211230_2_51525643_72086025-1000x1000.jpg 1000w, https:\/\/tdv.org\/tr-TR\/wp-content\/uploads\/2021\/12\/20211230_2_51525643_72086025-800x800.jpg 800w\" sizes=\"(max-width: 150px) 100vw, 150px\" \/><\/a>\n\t\t\t<\/dt><\/dl><dl class='gallery-item'>\n\t\t\t<dt class='gallery-icon landscape'>\n\t\t\t\t<a href='https:\/\/tdv.org\/tr-TR\/wp-content\/uploads\/2021\/12\/20211230_2_51525643_72086026.jpg'><img decoding=\"async\" width=\"150\" height=\"150\" src=\"https:\/\/tdv.org\/tr-TR\/wp-content\/uploads\/2021\/12\/20211230_2_51525643_72086026-150x150.jpg\" class=\"attachment-thumbnail size-thumbnail\" alt=\"\" srcset=\"https:\/\/tdv.org\/tr-TR\/wp-content\/uploads\/2021\/12\/20211230_2_51525643_72086026-150x150.jpg 150w, https:\/\/tdv.org\/tr-TR\/wp-content\/uploads\/2021\/12\/20211230_2_51525643_72086026-100x100.jpg 100w, https:\/\/tdv.org\/tr-TR\/wp-content\/uploads\/2021\/12\/20211230_2_51525643_72086026-140x140.jpg 140w, https:\/\/tdv.org\/tr-TR\/wp-content\/uploads\/2021\/12\/20211230_2_51525643_72086026-500x500.jpg 500w, https:\/\/tdv.org\/tr-TR\/wp-content\/uploads\/2021\/12\/20211230_2_51525643_72086026-350x350.jpg 350w\" sizes=\"(max-width: 150px) 100vw, 150px\" \/><\/a>\n\t\t\t<\/dt><\/dl><br style=\"clear: both\" \/><dl class='gallery-item'>\n\t\t\t<dt class='gallery-icon landscape'>\n\t\t\t\t<a href='https:\/\/tdv.org\/tr-TR\/wp-content\/uploads\/2021\/12\/20211230_2_51525643_72086028.jpg'><img decoding=\"async\" width=\"150\" height=\"150\" src=\"https:\/\/tdv.org\/tr-TR\/wp-content\/uploads\/2021\/12\/20211230_2_51525643_72086028-150x150.jpg\" class=\"attachment-thumbnail size-thumbnail\" alt=\"\" srcset=\"https:\/\/tdv.org\/tr-TR\/wp-content\/uploads\/2021\/12\/20211230_2_51525643_72086028-150x150.jpg 150w, https:\/\/tdv.org\/tr-TR\/wp-content\/uploads\/2021\/12\/20211230_2_51525643_72086028-100x100.jpg 100w, https:\/\/tdv.org\/tr-TR\/wp-content\/uploads\/2021\/12\/20211230_2_51525643_72086028-140x140.jpg 140w, https:\/\/tdv.org\/tr-TR\/wp-content\/uploads\/2021\/12\/20211230_2_51525643_72086028-500x500.jpg 500w, https:\/\/tdv.org\/tr-TR\/wp-content\/uploads\/2021\/12\/20211230_2_51525643_72086028-350x350.jpg 350w\" sizes=\"(max-width: 150px) 100vw, 150px\" \/><\/a>\n\t\t\t<\/dt><\/dl>\n\t\t\t<br style='clear: both' \/>\n\t\t<\/div>\n\n","protected":false},"excerpt":{"rendered":"<p>Almanya\u2019da faaliyet g\u00f6steren Diyanet \u0130\u015fleri T\u00fcrk \u0130slam Birli\u011fine (D\u0130T\u0130B) ba\u011fl\u0131 cami dernekleri, ba\u015flatt\u0131klar\u0131 katarakt ameliyat\u0131 kampanyas\u0131yla Senegal&#8217;de 400 ki\u015fiyi sa\u011fl\u0131\u011f\u0131na kavu\u015fturdu. Essen D\u0130T\u0130B Eyalet B\u00f6lge Birli\u011fi ve T\u00fcrkiye Diyanet Vakf\u0131&#8230;<\/p>\n","protected":false},"author":6,"featured_media":15647,"comment_status":"open","ping_status":"closed","sticky":false,"template":"","format":"standard","meta":{"footnotes":""},"categories":[1],"tags":[1501,345,1500,1502,1503,370],"class_list":{"0":"post-15646","1":"post","2":"type-post","3":"status-publish","4":"format-standard","5":"has-post-thumbnail","7":"category-haberler","8":"tag-ameliyat","9":"tag-ditib","10":"tag-katarakt","11":"tag-katarakt-ameliyati","12":"tag-ozkan-guler","13":"tag-senegal"},"yoast_head":"<!-- This site is optimized with the Yoast SEO plugin v27.5 - https:\/\/yoast.com\/product\/yoast-seo-wordpress\/ -->\n<title>D\u0130T\u0130B, Senegal\u2019de 400 katarakt hastas\u0131na &quot;\u0131\u015f\u0131k&quot; oldu<\/title>\n<meta name=\"description\" content=\"Almanya\u2019da faaliyet g\u00f6steren Diyanet \u0130\u015fleri T\u00fcrk \u0130slam Birli\u011fine (D\u0130T\u0130B) ba\u011fl\u0131 cami dernekleri, ba\u015flatt\u0131klar\u0131 katarakt ameliyat\u0131 kampanyas\u0131yla Senegal&#039;de 400 ki\u015fiyi sa\u011fl\u0131\u011f\u0131na kavu\u015fturdu.\" \/>\n<meta name=\"robots\" content=\"index, follow, max-snippet:-1, max-image-preview:large, max-video-preview:-1\" \/>\n<link rel=\"canonical\" href=\"https:\/\/tdv.org\/tr-TR\/ditib-senegalde-400-katarakt-hastasina-isik-oldu\/\" \/>\n<meta property=\"og:locale\" content=\"tr_TR\" \/>\n<meta property=\"og:type\" content=\"article\" \/>\n<meta property=\"og:title\" content=\"D\u0130T\u0130B, Senegal\u2019de 400 katarakt hastas\u0131na &quot;\u0131\u015f\u0131k&quot; oldu\" \/>\n<meta property=\"og:description\" content=\"Almanya\u2019da faaliyet g\u00f6steren Diyanet \u0130\u015fleri T\u00fcrk \u0130slam Birli\u011fine (D\u0130T\u0130B) ba\u011fl\u0131 cami dernekleri, ba\u015flatt\u0131klar\u0131 katarakt ameliyat\u0131 kampanyas\u0131yla Senegal&#039;de 400 ki\u015fiyi sa\u011fl\u0131\u011f\u0131na kavu\u015fturdu.\" \/>\n<meta property=\"og:url\" content=\"https:\/\/tdv.org\/tr-TR\/ditib-senegalde-400-katarakt-hastasina-isik-oldu\/\" \/>\n<meta property=\"og:site_name\" content=\"T\u00fcrkiye Diyanet Vakf\u0131 Resmi Web Sitesi\" \/>\n<meta property=\"article:publisher\" content=\"https:\/\/www.facebook.com\/Diyanetvakfi\/\" \/>\n<meta property=\"article:published_time\" content=\"2021-12-30T10:36:39+00:00\" \/>\n<meta property=\"article:modified_time\" content=\"2023-02-22T11:38:52+00:00\" \/>\n<meta property=\"og:image\" content=\"https:\/\/tdv.org\/tr-TR\/wp-content\/uploads\/2021\/12\/20211230_2_51525643_72086024.jpg\" \/>\n\t<meta property=\"og:image:width\" content=\"2048\" \/>\n\t<meta property=\"og:image:height\" content=\"1536\" \/>\n\t<meta property=\"og:image:type\" content=\"image\/jpeg\" \/>\n<meta name=\"author\" content=\"Musa\" \/>\n<meta name=\"twitter:card\" content=\"summary_large_image\" \/>\n<meta name=\"twitter:creator\" content=\"@DiyanetVakfi\" \/>\n<meta name=\"twitter:site\" content=\"@DiyanetVakfi\" \/>\n<script type=\"application\/ld+json\" class=\"yoast-schema-graph\">{\"@context\":\"https:\\\/\\\/schema.org\",\"@graph\":[{\"@type\":\"Article\",\"@id\":\"https:\\\/\\\/tdv.org\\\/tr-TR\\\/ditib-senegalde-400-katarakt-hastasina-isik-oldu\\\/#article\",\"isPartOf\":{\"@id\":\"https:\\\/\\\/tdv.org\\\/tr-TR\\\/ditib-senegalde-400-katarakt-hastasina-isik-oldu\\\/\"},\"author\":{\"name\":\"Musa\",\"@id\":\"https:\\\/\\\/tdv.org\\\/tr-TR\\\/#\\\/schema\\\/person\\\/8f21f05615f6bcf071bbd5ee8d376a8f\"},\"headline\":\"D\u0130T\u0130B, Senegal\u2019de 400 katarakt hastas\u0131na &#8220;\u0131\u015f\u0131k&#8221; oldu\",\"datePublished\":\"2021-12-30T10:36:39+00:00\",\"dateModified\":\"2023-02-22T11:38:52+00:00\",\"mainEntityOfPage\":{\"@id\":\"https:\\\/\\\/tdv.org\\\/tr-TR\\\/ditib-senegalde-400-katarakt-hastasina-isik-oldu\\\/\"},\"wordCount\":333,\"commentCount\":0,\"publisher\":{\"@id\":\"https:\\\/\\\/tdv.org\\\/tr-TR\\\/#organization\"},\"image\":{\"@id\":\"https:\\\/\\\/tdv.org\\\/tr-TR\\\/ditib-senegalde-400-katarakt-hastasina-isik-oldu\\\/#primaryimage\"},\"thumbnailUrl\":\"https:\\\/\\\/tdv.org\\\/tr-TR\\\/wp-content\\\/uploads\\\/2021\\\/12\\\/20211230_2_51525643_72086024.jpg\",\"keywords\":[\"ameliyat\",\"D\u0130T\u0130B\",\"Katarakt\",\"katarakt ameliyat\u0131\",\"\u00d6zkan G\u00fcler\",\"senegal\"],\"articleSection\":[\"Haberler\"],\"inLanguage\":\"tr\",\"potentialAction\":[{\"@type\":\"CommentAction\",\"name\":\"Comment\",\"target\":[\"https:\\\/\\\/tdv.org\\\/tr-TR\\\/ditib-senegalde-400-katarakt-hastasina-isik-oldu\\\/#respond\"]}]},{\"@type\":\"WebPage\",\"@id\":\"https:\\\/\\\/tdv.org\\\/tr-TR\\\/ditib-senegalde-400-katarakt-hastasina-isik-oldu\\\/\",\"url\":\"https:\\\/\\\/tdv.org\\\/tr-TR\\\/ditib-senegalde-400-katarakt-hastasina-isik-oldu\\\/\",\"name\":\"D\u0130T\u0130B, Senegal\u2019de 400 katarakt hastas\u0131na \\\"\u0131\u015f\u0131k\\\" oldu\",\"isPartOf\":{\"@id\":\"https:\\\/\\\/tdv.org\\\/tr-TR\\\/#website\"},\"primaryImageOfPage\":{\"@id\":\"https:\\\/\\\/tdv.org\\\/tr-TR\\\/ditib-senegalde-400-katarakt-hastasina-isik-oldu\\\/#primaryimage\"},\"image\":{\"@id\":\"https:\\\/\\\/tdv.org\\\/tr-TR\\\/ditib-senegalde-400-katarakt-hastasina-isik-oldu\\\/#primaryimage\"},\"thumbnailUrl\":\"https:\\\/\\\/tdv.org\\\/tr-TR\\\/wp-content\\\/uploads\\\/2021\\\/12\\\/20211230_2_51525643_72086024.jpg\",\"datePublished\":\"2021-12-30T10:36:39+00:00\",\"dateModified\":\"2023-02-22T11:38:52+00:00\",\"description\":\"Almanya\u2019da faaliyet g\u00f6steren Diyanet \u0130\u015fleri T\u00fcrk \u0130slam Birli\u011fine (D\u0130T\u0130B) ba\u011fl\u0131 cami dernekleri, ba\u015flatt\u0131klar\u0131 katarakt ameliyat\u0131 kampanyas\u0131yla Senegal'de 400 ki\u015fiyi sa\u011fl\u0131\u011f\u0131na kavu\u015fturdu.\",\"breadcrumb\":{\"@id\":\"https:\\\/\\\/tdv.org\\\/tr-TR\\\/ditib-senegalde-400-katarakt-hastasina-isik-oldu\\\/#breadcrumb\"},\"inLanguage\":\"tr\",\"potentialAction\":[{\"@type\":\"ReadAction\",\"target\":[\"https:\\\/\\\/tdv.org\\\/tr-TR\\\/ditib-senegalde-400-katarakt-hastasina-isik-oldu\\\/\"]}]},{\"@type\":\"ImageObject\",\"inLanguage\":\"tr\",\"@id\":\"https:\\\/\\\/tdv.org\\\/tr-TR\\\/ditib-senegalde-400-katarakt-hastasina-isik-oldu\\\/#primaryimage\",\"url\":\"https:\\\/\\\/tdv.org\\\/tr-TR\\\/wp-content\\\/uploads\\\/2021\\\/12\\\/20211230_2_51525643_72086024.jpg\",\"contentUrl\":\"https:\\\/\\\/tdv.org\\\/tr-TR\\\/wp-content\\\/uploads\\\/2021\\\/12\\\/20211230_2_51525643_72086024.jpg\",\"width\":2048,\"height\":1536},{\"@type\":\"BreadcrumbList\",\"@id\":\"https:\\\/\\\/tdv.org\\\/tr-TR\\\/ditib-senegalde-400-katarakt-hastasina-isik-oldu\\\/#breadcrumb\",\"itemListElement\":[{\"@type\":\"ListItem\",\"position\":1,\"name\":\"Anasayfa\",\"item\":\"https:\\\/\\\/tdv.org\\\/tr-TR\\\/\"},{\"@type\":\"ListItem\",\"position\":2,\"name\":\"D\u0130T\u0130B, Senegal\u2019de 400 katarakt hastas\u0131na &#8220;\u0131\u015f\u0131k&#8221; oldu\"}]},{\"@type\":\"WebSite\",\"@id\":\"https:\\\/\\\/tdv.org\\\/tr-TR\\\/#website\",\"url\":\"https:\\\/\\\/tdv.org\\\/tr-TR\\\/\",\"name\":\"T\u00fcrkiye Diyanet Vakf\u0131 Resmi Web Sitesi\",\"description\":\"Yery\u00fcz\u00fcnde iyilik egemen oluncaya kadar\",\"publisher\":{\"@id\":\"https:\\\/\\\/tdv.org\\\/tr-TR\\\/#organization\"},\"alternateName\":\"T\u00fcrkiye Diyanet Vakf\u0131\",\"potentialAction\":[{\"@type\":\"SearchAction\",\"target\":{\"@type\":\"EntryPoint\",\"urlTemplate\":\"https:\\\/\\\/tdv.org\\\/tr-TR\\\/?s={search_term_string}\"},\"query-input\":{\"@type\":\"PropertyValueSpecification\",\"valueRequired\":true,\"valueName\":\"search_term_string\"}}],\"inLanguage\":\"tr\"},{\"@type\":\"Organization\",\"@id\":\"https:\\\/\\\/tdv.org\\\/tr-TR\\\/#organization\",\"name\":\"T\u00fcrkiye Diyanet Vakf\u0131\",\"alternateName\":\"T\u00fcrkiye Diyanet Vakf\u0131\",\"url\":\"https:\\\/\\\/tdv.org\\\/tr-TR\\\/\",\"logo\":{\"@type\":\"ImageObject\",\"inLanguage\":\"tr\",\"@id\":\"https:\\\/\\\/tdv.org\\\/tr-TR\\\/#\\\/schema\\\/logo\\\/image\\\/\",\"url\":\"https:\\\/\\\/tdv.org\\\/tr-TR\\\/wp-content\\\/uploads\\\/2018\\\/12\\\/TDV_Logo_1.png\",\"contentUrl\":\"https:\\\/\\\/tdv.org\\\/tr-TR\\\/wp-content\\\/uploads\\\/2018\\\/12\\\/TDV_Logo_1.png\",\"width\":207,\"height\":71,\"caption\":\"T\u00fcrkiye Diyanet Vakf\u0131\"},\"image\":{\"@id\":\"https:\\\/\\\/tdv.org\\\/tr-TR\\\/#\\\/schema\\\/logo\\\/image\\\/\"},\"sameAs\":[\"https:\\\/\\\/www.facebook.com\\\/Diyanetvakfi\\\/\",\"https:\\\/\\\/x.com\\\/DiyanetVakfi\",\"https:\\\/\\\/www.instagram.com\\\/turkiyediyanetvakfi\\\/\",\"https:\\\/\\\/www.youtube.com\\\/user\\\/TurkiyeDiyanetVakfi\"]},{\"@type\":\"Person\",\"@id\":\"https:\\\/\\\/tdv.org\\\/tr-TR\\\/#\\\/schema\\\/person\\\/8f21f05615f6bcf071bbd5ee8d376a8f\",\"name\":\"Musa\",\"image\":{\"@type\":\"ImageObject\",\"inLanguage\":\"tr\",\"@id\":\"https:\\\/\\\/tdv.org\\\/tr-TR\\\/wp-content\\\/litespeed\\\/avatar\\\/5b7955b12151edf37ee458402c4c6b7f.jpg?ver=1777295996\",\"url\":\"https:\\\/\\\/tdv.org\\\/tr-TR\\\/wp-content\\\/litespeed\\\/avatar\\\/5b7955b12151edf37ee458402c4c6b7f.jpg?ver=1777295996\",\"contentUrl\":\"https:\\\/\\\/tdv.org\\\/tr-TR\\\/wp-content\\\/litespeed\\\/avatar\\\/5b7955b12151edf37ee458402c4c6b7f.jpg?ver=1777295996\",\"caption\":\"Musa\"},\"sameAs\":[\"http:\\\/\\\/www.tdv.org\"]}]}<\/script>\n<!-- \/ Yoast SEO plugin. -->","yoast_head_json":{"title":"D\u0130T\u0130B, Senegal\u2019de 400 katarakt hastas\u0131na \"\u0131\u015f\u0131k\" oldu","description":"Almanya\u2019da faaliyet g\u00f6steren Diyanet \u0130\u015fleri T\u00fcrk \u0130slam Birli\u011fine (D\u0130T\u0130B) ba\u011fl\u0131 cami dernekleri, ba\u015flatt\u0131klar\u0131 katarakt ameliyat\u0131 kampanyas\u0131yla Senegal'de 400 ki\u015fiyi sa\u011fl\u0131\u011f\u0131na kavu\u015fturdu.","robots":{"index":"index","follow":"follow","max-snippet":"max-snippet:-1","max-image-preview":"max-image-preview:large","max-video-preview":"max-video-preview:-1"},"canonical":"https:\/\/tdv.org\/tr-TR\/ditib-senegalde-400-katarakt-hastasina-isik-oldu\/","og_locale":"tr_TR","og_type":"article","og_title":"D\u0130T\u0130B, Senegal\u2019de 400 katarakt hastas\u0131na \"\u0131\u015f\u0131k\" oldu","og_description":"Almanya\u2019da faaliyet g\u00f6steren Diyanet \u0130\u015fleri T\u00fcrk \u0130slam Birli\u011fine (D\u0130T\u0130B) ba\u011fl\u0131 cami dernekleri, ba\u015flatt\u0131klar\u0131 katarakt ameliyat\u0131 kampanyas\u0131yla Senegal'de 400 ki\u015fiyi sa\u011fl\u0131\u011f\u0131na kavu\u015fturdu.","og_url":"https:\/\/tdv.org\/tr-TR\/ditib-senegalde-400-katarakt-hastasina-isik-oldu\/","og_site_name":"T\u00fcrkiye Diyanet Vakf\u0131 Resmi Web Sitesi","article_publisher":"https:\/\/www.facebook.com\/Diyanetvakfi\/","article_published_time":"2021-12-30T10:36:39+00:00","article_modified_time":"2023-02-22T11:38:52+00:00","og_image":[{"width":2048,"height":1536,"url":"https:\/\/tdv.org\/tr-TR\/wp-content\/uploads\/2021\/12\/20211230_2_51525643_72086024.jpg","type":"image\/jpeg"}],"author":"Musa","twitter_card":"summary_large_image","twitter_creator":"@DiyanetVakfi","twitter_site":"@DiyanetVakfi","schema":{"@context":"https:\/\/schema.org","@graph":[{"@type":"Article","@id":"https:\/\/tdv.org\/tr-TR\/ditib-senegalde-400-katarakt-hastasina-isik-oldu\/#article","isPartOf":{"@id":"https:\/\/tdv.org\/tr-TR\/ditib-senegalde-400-katarakt-hastasina-isik-oldu\/"},"author":{"name":"Musa","@id":"https:\/\/tdv.org\/tr-TR\/#\/schema\/person\/8f21f05615f6bcf071bbd5ee8d376a8f"},"headline":"D\u0130T\u0130B, Senegal\u2019de 400 katarakt hastas\u0131na &#8220;\u0131\u015f\u0131k&#8221; oldu","datePublished":"2021-12-30T10:36:39+00:00","dateModified":"2023-02-22T11:38:52+00:00","mainEntityOfPage":{"@id":"https:\/\/tdv.org\/tr-TR\/ditib-senegalde-400-katarakt-hastasina-isik-oldu\/"},"wordCount":333,"commentCount":0,"publisher":{"@id":"https:\/\/tdv.org\/tr-TR\/#organization"},"image":{"@id":"https:\/\/tdv.org\/tr-TR\/ditib-senegalde-400-katarakt-hastasina-isik-oldu\/#primaryimage"},"thumbnailUrl":"https:\/\/tdv.org\/tr-TR\/wp-content\/uploads\/2021\/12\/20211230_2_51525643_72086024.jpg","keywords":["ameliyat","D\u0130T\u0130B","Katarakt","katarakt ameliyat\u0131","\u00d6zkan G\u00fcler","senegal"],"articleSection":["Haberler"],"inLanguage":"tr","potentialAction":[{"@type":"CommentAction","name":"Comment","target":["https:\/\/tdv.org\/tr-TR\/ditib-senegalde-400-katarakt-hastasina-isik-oldu\/#respond"]}]},{"@type":"WebPage","@id":"https:\/\/tdv.org\/tr-TR\/ditib-senegalde-400-katarakt-hastasina-isik-oldu\/","url":"https:\/\/tdv.org\/tr-TR\/ditib-senegalde-400-katarakt-hastasina-isik-oldu\/","name":"D\u0130T\u0130B, Senegal\u2019de 400 katarakt hastas\u0131na \"\u0131\u015f\u0131k\" oldu","isPartOf":{"@id":"https:\/\/tdv.org\/tr-TR\/#website"},"primaryImageOfPage":{"@id":"https:\/\/tdv.org\/tr-TR\/ditib-senegalde-400-katarakt-hastasina-isik-oldu\/#primaryimage"},"image":{"@id":"https:\/\/tdv.org\/tr-TR\/ditib-senegalde-400-katarakt-hastasina-isik-oldu\/#primaryimage"},"thumbnailUrl":"https:\/\/tdv.org\/tr-TR\/wp-content\/uploads\/2021\/12\/20211230_2_51525643_72086024.jpg","datePublished":"2021-12-30T10:36:39+00:00","dateModified":"2023-02-22T11:38:52+00:00","description":"Almanya\u2019da faaliyet g\u00f6steren Diyanet \u0130\u015fleri T\u00fcrk \u0130slam Birli\u011fine (D\u0130T\u0130B) ba\u011fl\u0131 cami dernekleri, ba\u015flatt\u0131klar\u0131 katarakt ameliyat\u0131 kampanyas\u0131yla Senegal'de 400 ki\u015fiyi sa\u011fl\u0131\u011f\u0131na kavu\u015fturdu.","breadcrumb":{"@id":"https:\/\/tdv.org\/tr-TR\/ditib-senegalde-400-katarakt-hastasina-isik-oldu\/#breadcrumb"},"inLanguage":"tr","potentialAction":[{"@type":"ReadAction","target":["https:\/\/tdv.org\/tr-TR\/ditib-senegalde-400-katarakt-hastasina-isik-oldu\/"]}]},{"@type":"ImageObject","inLanguage":"tr","@id":"https:\/\/tdv.org\/tr-TR\/ditib-senegalde-400-katarakt-hastasina-isik-oldu\/#primaryimage","url":"https:\/\/tdv.org\/tr-TR\/wp-content\/uploads\/2021\/12\/20211230_2_51525643_72086024.jpg","contentUrl":"https:\/\/tdv.org\/tr-TR\/wp-content\/uploads\/2021\/12\/20211230_2_51525643_72086024.jpg","width":2048,"height":1536},{"@type":"BreadcrumbList","@id":"https:\/\/tdv.org\/tr-TR\/ditib-senegalde-400-katarakt-hastasina-isik-oldu\/#breadcrumb","itemListElement":[{"@type":"ListItem","position":1,"name":"Anasayfa","item":"https:\/\/tdv.org\/tr-TR\/"},{"@type":"ListItem","position":2,"name":"D\u0130T\u0130B, Senegal\u2019de 400 katarakt hastas\u0131na &#8220;\u0131\u015f\u0131k&#8221; oldu"}]},{"@type":"WebSite","@id":"https:\/\/tdv.org\/tr-TR\/#website","url":"https:\/\/tdv.org\/tr-TR\/","name":"T\u00fcrkiye Diyanet Vakf\u0131 Resmi Web Sitesi","description":"Yery\u00fcz\u00fcnde iyilik egemen oluncaya kadar","publisher":{"@id":"https:\/\/tdv.org\/tr-TR\/#organization"},"alternateName":"T\u00fcrkiye Diyanet Vakf\u0131","potentialAction":[{"@type":"SearchAction","target":{"@type":"EntryPoint","urlTemplate":"https:\/\/tdv.org\/tr-TR\/?s={search_term_string}"},"query-input":{"@type":"PropertyValueSpecification","valueRequired":true,"valueName":"search_term_string"}}],"inLanguage":"tr"},{"@type":"Organization","@id":"https:\/\/tdv.org\/tr-TR\/#organization","name":"T\u00fcrkiye Diyanet Vakf\u0131","alternateName":"T\u00fcrkiye Diyanet Vakf\u0131","url":"https:\/\/tdv.org\/tr-TR\/","logo":{"@type":"ImageObject","inLanguage":"tr","@id":"https:\/\/tdv.org\/tr-TR\/#\/schema\/logo\/image\/","url":"https:\/\/tdv.org\/tr-TR\/wp-content\/uploads\/2018\/12\/TDV_Logo_1.png","contentUrl":"https:\/\/tdv.org\/tr-TR\/wp-content\/uploads\/2018\/12\/TDV_Logo_1.png","width":207,"height":71,"caption":"T\u00fcrkiye Diyanet Vakf\u0131"},"image":{"@id":"https:\/\/tdv.org\/tr-TR\/#\/schema\/logo\/image\/"},"sameAs":["https:\/\/www.facebook.com\/Diyanetvakfi\/","https:\/\/x.com\/DiyanetVakfi","https:\/\/www.instagram.com\/turkiyediyanetvakfi\/","https:\/\/www.youtube.com\/user\/TurkiyeDiyanetVakfi"]},{"@type":"Person","@id":"https:\/\/tdv.org\/tr-TR\/#\/schema\/person\/8f21f05615f6bcf071bbd5ee8d376a8f","name":"Musa","image":{"@type":"ImageObject","inLanguage":"tr","@id":"https:\/\/tdv.org\/tr-TR\/wp-content\/litespeed\/avatar\/5b7955b12151edf37ee458402c4c6b7f.jpg?ver=1777295996","url":"https:\/\/tdv.org\/tr-TR\/wp-content\/litespeed\/avatar\/5b7955b12151edf37ee458402c4c6b7f.jpg?ver=1777295996","contentUrl":"https:\/\/tdv.org\/tr-TR\/wp-content\/litespeed\/avatar\/5b7955b12151edf37ee458402c4c6b7f.jpg?ver=1777295996","caption":"Musa"},"sameAs":["http:\/\/www.tdv.org"]}]}},"_links":{"self":[{"href":"https:\/\/tdv.org\/tr-TR\/wp-json\/wp\/v2\/posts\/15646","targetHints":{"allow":["GET"]}}],"collection":[{"href":"https:\/\/tdv.org\/tr-TR\/wp-json\/wp\/v2\/posts"}],"about":[{"href":"https:\/\/tdv.org\/tr-TR\/wp-json\/wp\/v2\/types\/post"}],"author":[{"embeddable":true,"href":"https:\/\/tdv.org\/tr-TR\/wp-json\/wp\/v2\/users\/6"}],"replies":[{"embeddable":true,"href":"https:\/\/tdv.org\/tr-TR\/wp-json\/wp\/v2\/comments?post=15646"}],"version-history":[{"count":1,"href":"https:\/\/tdv.org\/tr-TR\/wp-json\/wp\/v2\/posts\/15646\/revisions"}],"predecessor-version":[{"id":15651,"href":"https:\/\/tdv.org\/tr-TR\/wp-json\/wp\/v2\/posts\/15646\/revisions\/15651"}],"wp:featuredmedia":[{"embeddable":true,"href":"https:\/\/tdv.org\/tr-TR\/wp-json\/wp\/v2\/media\/15647"}],"wp:attachment":[{"href":"https:\/\/tdv.org\/tr-TR\/wp-json\/wp\/v2\/media?parent=15646"}],"wp:term":[{"taxonomy":"category","embeddable":true,"href":"https:\/\/tdv.org\/tr-TR\/wp-json\/wp\/v2\/categories?post=15646"},{"taxonomy":"post_tag","embeddable":true,"href":"https:\/\/tdv.org\/tr-TR\/wp-json\/wp\/v2\/tags?post=15646"}],"curies":[{"name":"wp","href":"https:\/\/api.w.org\/{rel}","templated":true}]}}