{"id":17596,"date":"2016-03-11T10:20:59","date_gmt":"2016-03-11T08:20:59","guid":{"rendered":"https:\/\/tdv.org\/tr-TR\/?p=17596"},"modified":"2023-05-15T15:23:01","modified_gmt":"2023-05-15T12:23:01","slug":"dr-mads-gilbert","status":"publish","type":"post","link":"https:\/\/tdv.org\/tr-TR\/dr-mads-gilbert\/","title":{"rendered":"Dr. Mads Gilbert"},"content":{"rendered":"[vc_row type=&#8221;in_container&#8221; full_screen_row_position=&#8221;middle&#8221; scene_position=&#8221;center&#8221; text_color=&#8221;dark&#8221; text_align=&#8221;left&#8221; overlay_strength=&#8221;0.3&#8243; shape_divider_position=&#8221;bottom&#8221; bg_image_animation=&#8221;none&#8221;][vc_column column_padding=&#8221;no-extra-padding&#8221; column_padding_position=&#8221;all&#8221; background_color_opacity=&#8221;1&#8243; background_hover_color_opacity=&#8221;1&#8243; column_link_target=&#8221;_self&#8221; column_shadow=&#8221;none&#8221; column_border_radius=&#8221;none&#8221; width=&#8221;1\/1&#8243; tablet_width_inherit=&#8221;default&#8221; tablet_text_alignment=&#8221;default&#8221; phone_text_alignment=&#8221;default&#8221; column_border_width=&#8221;none&#8221; column_border_style=&#8221;solid&#8221; bg_image_animation=&#8221;none&#8221;][vc_column_text]\n<p style=\"text-align: justify;\"><em>D\u00fcnya bizim bildiklerimizi bilmiyor. Bu gidi\u015fata dur denilmeli B\u00f6yle devam edemez. Kimse bunu durdurmayacak m\u0131?<\/em><br \/>\n<em>Biz, bilim insanlar\u0131 ve doktorlar olarak insanl\u0131\u011fa kar\u015f\u0131 yap\u0131lan bu vah\u015fet kar\u015f\u0131s\u0131nda sessiz kalamay\u0131z.<\/em><\/p>\n<p style=\"text-align: justify;\">Mads Gilbert, Norve\u00e7li bir doktor. Otuz y\u0131l\u0131 a\u015fan meslek hayat\u0131 boyunca sava\u015f alt\u0131nda kalan Filistin halk\u0131n\u0131n yan\u0131nda oldu. Ne zaman \u0130srail Filistin\u2019i bombalasa Filistin halk\u0131n\u0131n yard\u0131m\u0131na ko\u015ftu ve insan de\u011feri \u00fczerine kurdu\u011fu hayat\u0131nda iyili\u011fin dili, dini ve \u0131rk\u0131 olmad\u0131\u011f\u0131n\u0131 t\u00fcm d\u00fcnyaya g\u00f6sterdi.<\/p>\n<p style=\"text-align: justify;\"><strong>Filistinlilerle Tan\u0131\u015fma<\/strong><\/p>\n<p style=\"text-align: justify;\">Doktor Mads Gilbert, Filistinlilerle ilk olarak yirmili ya\u015flardayken \u0130sraillilerin Bat\u0131 Beyrut\u2019u abluka alt\u0131na al\u0131p bombalad\u0131\u011f\u0131 sene olan 1981 y\u0131l\u0131nda tan\u0131\u015fm\u0131\u015ft\u0131. Mads Gilbert ya\u015fad\u0131\u011f\u0131 o g\u00fcnleri, \u201c\u0130srail, \u015fehri ku\u015fatmak i\u00e7in \u00f6nce elektri\u011fi ve suyu kesti. B\u00f6ylece \u015fehre g\u0131da ve ila\u00e7 ula\u015fmas\u0131n\u0131 engelledi. Sonra da \u015fehri gece g\u00fcnd\u00fcz bombalad\u0131. Bunu yaparken sadece asker\u00ee hedefleri de\u011fil okullar\u0131, yerle\u015fim yerlerini, hastaneleri, ambulanslar\u0131, hatta yaral\u0131lar\u0131 kurtarmaya \u00e7al\u0131\u015fan insanlar\u0131 bile hedef ald\u0131lar. Korkun\u00e7 bir manzarayd\u0131.\u201d c\u00fcmleleri ile ifade etmi\u015fti.<\/p>\n<p style=\"text-align: justify;\">Doktor Mads Gilbert, 1981 y\u0131l\u0131nda i\u015fgal alt\u0131ndaki Filistinlilerin dram\u0131n\u0131 g\u00f6rd\u00fckten sonra hayat\u0131n\u0131 bu davaya adam\u0131\u015f ve vicdan\u0131 olan herkesin d\u00fcnyaya Filistin i\u015fgalini anlatmas\u0131 gerekti\u011fini s\u00f6ylemi\u015fti. O, Filistinlilerin ya\u015fad\u0131klar\u0131 zulm\u00fc Bat\u0131\u2019ya aktaran bir ses olmu\u015f ve bunun i\u00e7in her f\u0131rsatta sesini d\u00fcnyaya duyurmaya \u00e7al\u0131\u015fm\u0131\u015ft\u0131, duyurmaya da devam ediyor.<\/p>\n<p style=\"text-align: justify;\">Sivil halka y\u00f6nelik yap\u0131lan sald\u0131r\u0131lara sessiz kalmak istemeyen Mads Gilbert 2008 y\u0131l\u0131nda i\u015fgalin ba\u015flamas\u0131n\u0131n ard\u0131ndan gitti\u011fi Gazze\u2019de hi\u00e7bir gazeteci olmad\u0131\u011f\u0131n\u0131 fark etmi\u015fti. Filistin halk\u0131 yaln\u0131zd\u0131. 2008-2009 senesinde ya\u015fad\u0131klar\u0131n\u0131 kaleme ald\u0131\u011f\u0131 kitab\u0131nda bu durumu \u015fu c\u00fcmlelerle anlatm\u0131\u015f: \u201c\u0130srail sistemli olarak Bat\u0131l\u0131 gazetecilerin ve sa\u011fl\u0131k \u00e7al\u0131\u015fanlar\u0131n\u0131n i\u00e7eriye girmesini engelliyordu. Gazze\u2019ye bir arkada\u015f\u0131mla 2008\u2019in y\u0131lba\u015f\u0131 \u00f6ncesinde sald\u0131r\u0131n\u0131n be\u015finci g\u00fcn\u00fcnde M\u0131s\u0131r \u00fczerinden girebildik. Kimse direni\u015f g\u00f6sterip \u0130srail\u2019in sald\u0131r\u0131s\u0131ndan bahsetmek istemiyordu ya da kimsenin elinden bir \u015fey gelmiyordu. \u015eifa Hastanesi\u2019ndeki doktorluk hizmetimize ek olarak ya\u015fad\u0131klar\u0131m\u0131z\u0131 d\u00fcnyaya aktarmay\u0131 kendimize g\u00f6rev edinmi\u015ftik.\u201d<\/p>\n<p style=\"text-align: justify;\">Mads Gilbert, bir yandan yaral\u0131lar\u0131 iyile\u015ftirmeye \u00e7al\u0131\u015f\u0131rken di\u011fer yandan da tan\u0131k oldu\u011fu korkun\u00e7 manzaray\u0131 d\u00fcnyaya bildirmek i\u00e7in haberler yapmaya ba\u015flam\u0131\u015ft\u0131.<\/p>\n<p style=\"text-align: justify;\">Gazze halk\u0131n\u0131n ya\u015fad\u0131\u011f\u0131 \u0131st\u0131raba \u015fahit olan Mads Gilbert, bir yandan ya\u015fad\u0131klar\u0131n\u0131 yazm\u0131\u015f bir yandan da bu durumu foto\u011fraflayarak belgelemeye \u00e7al\u0131\u015fm\u0131\u015f. Patlamalar\u0131n kesildi\u011fi, arkada\u015flar\u0131n\u0131n k\u0131sa da olsa dinlenmeye \u00e7ekildi\u011fi ve internet ula\u015f\u0131m\u0131n\u0131n oldu\u011fu zamanlarda Norve\u00e7 ba\u015fta olmak \u00fczere Bat\u0131l\u0131 TV ve gazetelere mail atarak bu vah\u015fetten haberlerinin olmas\u0131n\u0131 sa\u011flam\u0131\u015ft\u0131.<\/p>\n<p style=\"text-align: justify;\"><strong>2008-2009 y\u0131l\u0131nda Gazze\u2019de<\/strong><\/p>\n<p style=\"text-align: justify;\">Mads Gilbert, 2008 y\u0131l\u0131nda Noel kutlamak i\u00e7in \u00e7ocuklar\u0131yla tatile gitti\u011fi yerde Gazze\u2019nin bombaland\u0131\u011f\u0131 haberini al\u0131nca \u00e7ocuklar\u0131yla vedala\u015farak Filistin\u2019e do\u011fru yola \u00e7\u0131km\u0131\u015ft\u0131. \u00c7ocuklar\u0131 kendisine destek olmu\u015f \u201cGitmek istiyorsan yan\u0131nday\u0131z.\u201d diyerek sevgili babalar\u0131n\u0131 cesaretlendirmi\u015flerdi. \u201cBir \u015feye inan\u0131yorsan\u0131z onun i\u00e7in m\u00fccadele etmelisiniz.\u201d diyen Gilbert mazlum ve muhta\u00e7lar i\u00e7in m\u00fccadelesini sonuna kadar devam ettirece\u011fini s\u00f6ylemi\u015fti.<\/p>\n<p style=\"text-align: justify;\">Norve\u00e7\u2019ten Gazze\u2019ye yine doktor olan bir arkada\u015f\u0131yla gelen Mads Gilbert, arkada\u015f\u0131yla \u00f6nce M\u0131s\u0131r\u2019\u0131n Kahire \u015fehrine u\u00e7akla inmi\u015f ve oradan arabayla Gazze\u2019ye do\u011fru yola \u00e7\u0131km\u0131\u015flard\u0131. Fakat M\u0131s\u0131r, s\u0131n\u0131rdaki giri\u015f \u00e7\u0131k\u0131\u015f\u0131 kapatt\u0131\u011f\u0131 i\u00e7in Gazze\u2019ye girmek olduk\u00e7a s\u0131k\u0131nt\u0131l\u0131 olmu\u015ftu. Norve\u00e7li yetkililerin devreye girmesiyle giri\u015flerdeki sorunu \u00e7\u00f6zm\u00fc\u015f ve s\u0131n\u0131r\u0131 ge\u00e7meyi ba\u015farm\u0131\u015flard\u0131.<\/p>\n<p style=\"text-align: justify;\">Gilbert hayat\u0131n\u0131 Filistin\u2019de ya\u015fam m\u00fccadelesi veren insanlara adamaya karar vermi\u015f, onlara yard\u0131m etmeyi ya\u015fam\u0131n\u0131n bir par\u00e7as\u0131 haline getirmi\u015fti. \u0130srail, 2007 y\u0131l\u0131nda b\u00f6lge halk\u0131n\u0131n se\u00e7imle ba\u015fa getirdi\u011fi h\u00fck\u00fcmet sebebiyle Gazze\u2019ye ambargo uygulamaya ba\u015flam\u0131\u015f, insani ihtiya\u00e7lar\u0131n b\u00f6lgeye giri\u015f ve \u00e7\u0131k\u0131\u015flar\u0131n\u0131 yasaklam\u0131\u015ft\u0131. Keyf\u00ee olarak kamu kurumlar\u0131, hastaneler, okullar ve evlere sald\u0131r\u0131larda bulunmu\u015f, bulunmaya da devam etmekteydi. Be\u015f kilometrekare olan Gazze \u015eeridin\u2019de yakla\u015f\u0131k iki milyon insan ya\u015famaktayd\u0131. N\u00fcfusunun bir milyondan fazlas\u0131 m\u00fclteci kamplar\u0131nda ge\u00e7en Filistinliler i\u00e7in hayat hi\u00e7 de kolay de\u011fildi. Jabalya, Gazze, Beyt Lahya, Beyt Hanun, Dir el-Belah, Hanyunus, Refah ve Abasan Kebir evleri olmayan, bombalardan ka\u00e7an insanlar\u0131n s\u0131\u011f\u0131nd\u0131klar\u0131 m\u00fclteci kamplar\u0131yd\u0131.<\/p>\n<p style=\"text-align: justify;\">\u0130srail, Gazze\u2019ye mal ve e\u015fya giri\u015f \u00e7\u0131k\u0131\u015f\u0131na s\u0131n\u0131rlamalar getirmi\u015fti. \u0130nsanlar hukuksuz bir ambargoyla kar\u015f\u0131 kar\u015f\u0131ya kalm\u0131\u015flard\u0131. Gazze e\u011fitimden sa\u011fl\u0131\u011fa, ekonomiden g\u00fcvenli\u011fe pek \u00e7ok sorunun ya\u015fand\u0131\u011f\u0131 bir a\u00e7\u0131k hava hapishanesine d\u00f6n\u00fc\u015ft\u00fcr\u00fclm\u00fc\u015f ve d\u00fcnyayla t\u00fcm ba\u011flant\u0131s\u0131 kesilmi\u015fti.<\/p>\n<p style=\"text-align: justify;\">Gilbert, t\u00fcm bunlara ra\u011fmen ve b\u00f6lgede \u00f6ld\u00fcr\u00fclme tehlikesi oldu\u011funu bile bile her bombard\u0131manda \u00fclkesinden \u00e7\u0131k\u0131p Filistin\u2019e gelmi\u015f ve burada hastaneye getirilen yaral\u0131lara m\u00fcdahale etmi\u015f, binlerce ki\u015finin iyile\u015fmesi i\u00e7in \u00e7al\u0131\u015fm\u0131\u015ft\u0131r. Sald\u0131r\u0131 oldu\u011fu zamanlar\u0131n d\u0131\u015f\u0131nda da senede en az bir defa Filistin\u2019e giderek sa\u011fl\u0131k alan\u0131nda projeler ger\u00e7ekle\u015ftirmeye \u00e7al\u0131\u015fm\u0131\u015ft\u0131r.<\/p>\n<p style=\"text-align: justify;\">T\u00fcm bu ya\u015fananlar\u0131 \u201cinsan eliyle yap\u0131lm\u0131\u015f bir felaket\u201d olarak niteleyen Mads Gilbert, \u0130sraillilerin Filistinlileri yo\u011fun bombard\u0131mana tutup g\u0131das\u0131z ve ila\u00e7s\u0131z b\u0131rak\u0131p bezdirerek s\u0131n\u0131rlar\u0131n d\u0131\u015f\u0131na atmak istediklerini d\u00fcnyaya duyurmak i\u00e7in \u00e7abalam\u0131\u015ft\u0131.<\/p>\n<p style=\"text-align: justify;\">2008-2009 \u0130srail Gazze sald\u0131r\u0131s\u0131 s\u0131ras\u0131nda hastalar\u0131 tedavi eden Mads Gilbert verdi\u011fi bir r\u00f6portajda \u0130srail\u2019in beyaz fosfor bombas\u0131 kulland\u0131\u011f\u0131n\u0131, bu bombalar\u0131n ciddi yan\u0131klara sebep oldu\u011funu ifade etmi\u015fti. Hatta yan\u0131klar o kadar ileri boyuttayd\u0131 ki baz\u0131 v\u00fccutlar kemi\u011fe kadar kavrulmu\u015ftu. Doktor Gilbert bu g\u00f6rd\u00fckleri kar\u015f\u0131s\u0131nda sessiz kalamam\u0131\u015f. Aktif olarak bulundu\u011fu \u015eifa Hastanesi\u2019nde sava\u015f ma\u011fdurlar\u0131n\u0131 iyile\u015ftirmeye \u00e7al\u0131\u015f\u0131rken di\u011fer yandan da uluslararas\u0131 alandaki bas\u0131n kurulu\u015flar\u0131na \u00e7ok\u00e7a r\u00f6portaj vermi\u015fti. Bu konu\u015fmalar\u0131nda Filistin halk\u0131n\u0131n \u0130srail bombard\u0131man\u0131 sonucu maruz kald\u0131\u011f\u0131 \u00e7aresizlikten bahsetmi\u015fti.<\/p>\n<p style=\"text-align: justify;\">Hi\u00e7 tan\u0131mad\u0131\u011f\u0131, dillerini dahi bilmedi\u011fi insanlar i\u00e7in can\u0131n\u0131 tehlikeye atan Gilbert, bu yapt\u0131klar\u0131yla Filistinlilerin sesi olmu\u015ftu. Onlar\u0131n seslerini ula\u015ft\u0131rmaya g\u00fc\u00e7lerinin yetmedi\u011fi yerlere \u00e7aresizliklerini duyurdu. Bombalar\u0131n, dronlar\u0131n aras\u0131nda verdi\u011fi say\u0131s\u0131z r\u00f6portajla cesaretini g\u00f6sterdi. Yery\u00fcz\u00fcnde ya\u015fayan t\u00fcm insanlara mesaj vermeye \u00e7al\u0131\u015fm\u0131\u015f: \u201cD\u00fcnya bizim bildiklerimizi bilmiyor. Bu gidi\u015fata dur denilmeli. B\u00f6yle devam edemez. Kimse bunu durdurmayacak m\u0131?\u201d c\u00fcmleleriyle kendini ifade etmi\u015fti.<\/p>\n<p style=\"text-align: justify;\">NORWAC (Norve\u00e7 Yard\u0131m Komitesi) kurucu \u00fcyelerinden biriydi Gilbert. NORWAC arac\u0131l\u0131\u011f\u0131yla sesini daha rahat duyuruyordu ve insani yard\u0131m malzemesi gerekti\u011fi zaman bu yard\u0131m komitesi harekete ge\u00e7iyordu. Fakat 2009 y\u0131l\u0131ndaki sald\u0131r\u0131larda \u0130srail, malzemelerin s\u0131n\u0131rdan ge\u00e7i\u015fine izin vermemi\u015fti. Hastanelerde kullanmak i\u00e7in anestezi makineleri, solunum cihazlar\u0131, ila\u00e7lar da buna d\u00e2hildi.<\/p>\n<p style=\"text-align: justify;\">2009 senesinin 3 Ocak tarihinde ya\u015fad\u0131klar\u0131 onun verdi\u011fi zorlu m\u00fccadelenin a\u00e7\u0131k bir g\u00f6stergesi olmu\u015ftu. \u015eifa Hastanesi\u2019ndeyken gelen toplu \u00f6l\u00fcm haberlerine yenisi eklenmi\u015fti. Bu tarihte sebze pazar\u0131 bombalanm\u0131\u015f ve \u00e7ok say\u0131da yaral\u0131 hastaneye getirilmi\u015fti. Doktor Gilbert, zorlukla duvara yaslanm\u0131\u015ft\u0131. D\u00fc\u015fmemek i\u00e7in kendisini zor tutmu\u015f ve ko\u015farak pencereden d\u0131\u015far\u0131 bakm\u0131\u015ft\u0131. Y\u00fckselen dumanlar\u0131 g\u00f6r\u00fcnce durum kar\u015f\u0131s\u0131nda sabr\u0131 iyice ta\u015fm\u0131\u015ft\u0131. Telefonu eline ald\u0131\u011f\u0131 gibi durumu anlatan bir mesaj yazm\u0131\u015ft\u0131. \u201c\u2026\u00d6l\u00fcler diyar\u0131! \u00d6l\u00fcm\u00fcn, kan\u0131n ve kesilmi\u015f uzuvlar\u0131n i\u00e7inde y\u00fcz\u00fcyoruz. \u00c7ok fazla \u00e7ocuk. Hamile bir kad\u0131n. Daha \u00f6nce b\u00f6ylesine korkun\u00e7 bir \u015fey ya\u015famam\u0131\u015ft\u0131m. \u015eu an tanklar\u0131 duyabiliyoruz. Bunu ba\u015fkalar\u0131na g\u00f6nderin, hayk\u0131r\u0131n!\u201d H\u0131zla medyaya, \u00e7ocuklar\u0131na ve arkada\u015flar\u0131na bu mesaj\u0131 atm\u0131\u015ft\u0131.<\/p>\n<p style=\"text-align: justify;\">O s\u0131rada hastaneye gelen yaral\u0131 \u00e7ocuklarla kendi \u00e7ocu\u011fu gibi ilgilenmi\u015fti Gilbert. Umutsuzlu\u011fu artt\u0131\u011f\u0131 zamanlarda yaral\u0131 \u00e7ocuklar\u0131n ba\u015f\u0131n\u0131 ok\u015fam\u0131\u015f. \u00c7ocuklar i\u00e7in insan\u00fcst\u00fc bir \u00e7aba sarf etmi\u015f, \u00f6len \u00e7ocuklar\u0131n \u00f6l\u00fcm\u00fcne dayanamayarak al\u0131nlar\u0131ndan \u00f6pm\u00fc\u015ft\u00fc. 2009 y\u0131l\u0131nda bombard\u0131manlar \u00f6ylesine artm\u0131\u015ft\u0131 ki top seslerinin gittik\u00e7e yakla\u015fm\u0131\u015ft\u0131. Filistinlilerle birlikte \u015eifa Hastanesi\u2019nin de bombalanma endi\u015fesini ta\u015f\u0131yordu.<\/p>\n<p style=\"text-align: justify;\">Gazze d\u00f6n\u00fc\u015f\u00fcnde Norve\u00e7\u2019te b\u00fcy\u00fck bir kalabal\u0131k kar\u015f\u0131lad\u0131 yard\u0131msever doktoru. Halk onu ba\u011fr\u0131na basm\u0131\u015f ve Filistinliler i\u00e7in yard\u0131m kampanyalar\u0131 ba\u015flatm\u0131\u015ft\u0131.<\/p>\n<p style=\"text-align: justify;\">Temmuz-A\u011fustos 2014\u2019te \u0130srail\u2019in Gazze\u2019ye y\u00f6nelik sald\u0131r\u0131lar\u0131nda tekrar Gazze\u2019ye gitmi\u015f ve ilerleyen ya\u015f\u0131na ra\u011fmen \u015eifa Hastanesi\u2019nde kendisini bekleyen yaral\u0131lara yard\u0131m etmeye ba\u015flam\u0131\u015ft\u0131. \u00d6nceki y\u0131llarda yapt\u0131\u011f\u0131 gibi ayn\u0131 zamanda Filistinlilerin sesi oldu. Birle\u015fmi\u015f Milletlere yazd\u0131\u011f\u0131 raporda Filistin sa\u011fl\u0131k sisteminin \u00e7\u00f6kt\u00fc\u011f\u00fcn\u00fc yazd\u0131. Gazze\u2019nin ila\u00e7 ve bir hastane i\u00e7in gerekli ne varsa hepsinin giri\u015finin engellendi\u011finden s\u00f6z etti. Sava\u015f s\u0131ras\u0131nda tedavi edilmesi gereken insan say\u0131s\u0131n\u0131n her dakika artt\u0131\u011f\u0131n\u0131, hastane kapasitesinin ise bunu ta\u015f\u0131yacak g\u00fcc\u00fcn\u00fcn olmad\u0131\u011f\u0131n\u0131, e\u011fer b\u00f6yle devam ederse Filistin halk\u0131n\u0131n bir felakete do\u011fru s\u00fcr\u00fcklendi\u011fini maillerinde, \u00e7\u0131kt\u0131\u011f\u0131 TV programlar\u0131nda \u0131srarla ifade etmi\u015fti.<\/p>\n<p style=\"text-align: justify;\">Bir Bat\u0131l\u0131 olarak bu durumdan utan\u00e7 duydu\u011funu s\u00f6yleyen Gilbert, \u201cOnlara ac\u0131mamal\u0131y\u0131z, onlara destek olmal\u0131y\u0131z.\u201d diyerek sava\u015f alt\u0131nda yiyeceksiz, i\u00e7eceksiz kalan ve durmaks\u0131z\u0131n bombalanan Filistinlilerin haks\u0131z yere maruz kald\u0131\u011f\u0131 zulm\u00fc hayk\u0131rm\u0131\u015ft\u0131.<\/p>\n<p style=\"text-align: justify;\">Filistinli doktorlar\u0131n yay\u0131nlad\u0131\u011f\u0131 t\u0131p dergisi Lanchet\u2019de de doktor olarak bu felakete son verilmesi gerekti\u011finin alt\u0131n\u0131 \u00e7izmi\u015fti. \u201cBiz, bilim insanlar\u0131 ve doktorlar olarak insanl\u0131\u011fa kar\u015f\u0131 yap\u0131lan bu vah\u015fet kar\u015f\u0131s\u0131nda sessiz kalamay\u0131z. Okurlar\u0131m\u0131za da s\u00f6yl\u00fcyoruz sessiz kalmas\u0131nlar. Abluka alt\u0131ndaki Gazze\u2019de insanlar, d\u00fcnyan\u0131n en b\u00fcy\u00fck ve en donan\u0131ml\u0131 ordular\u0131ndan biri taraf\u0131ndan sistematik bir \u015fekilde \u00f6ld\u00fcr\u00fclmektedir.\u201d<\/p>\n<p style=\"text-align: justify;\">2014 y\u0131l\u0131ndaki bombard\u0131man elli bir g\u00fcn s\u00fcrd\u00fc, bu s\u00fcrede Gilbert, say\u0131s\u0131 on bini a\u015fan yaral\u0131y\u0131 tedavi etmi\u015fti. Hastaneye gelenlerin y\u00fczde doksan be\u015finin kad\u0131n ve \u00e7ocuklardan olu\u015ftu\u011funu bir ortamda ya\u015fananlar\u0131 ve medyan\u0131n dahi a\u00e7\u0131kl\u0131kla yazamad\u0131\u011f\u0131 \u015feyleri s\u00f6ylemi\u015fti. \u201c\u0130srail, Koruyucu Hat ismini verdi\u011fi operasyonda BM raporuna g\u00f6re 2009 operasyonuna oranla be\u015f kattan daha fazla bomba kulland\u0131. Sald\u0131r\u0131da \u00fc\u00e7 bin be\u015f y\u00fcz \u00e7ocuk yaraland\u0131. Bunlar\u0131n normalde BM, K\u0131z\u0131lha\u00e7 gibi kurulu\u015flar taraf\u0131ndan korunmas\u0131 gerekirdi. Ancak hi\u00e7bir \u015fey yap\u0131lmad\u0131. \u0130srail, korkun\u00e7 bir dokunulmazl\u0131\u011f\u0131n tad\u0131n\u0131 \u00e7\u0131kar\u0131yor.\u201d Yapt\u0131\u011f\u0131 bu a\u00e7\u0131klamalar \u0130srail h\u00fck\u00fcmetini k\u0131zd\u0131rm\u0131\u015ft\u0131. Olaylar\u0131n tan\u0131\u011f\u0131 olmas\u0131 ve \u0130srail\u2019in bu bombard\u0131man\u0131 bilin\u00e7li olarak yapt\u0131\u011f\u0131n\u0131 s\u00f6ylemesi de \u0130srail\u2019in tepkisini almas\u0131na neden oldu. Fakat bu durum Mads\u2019in umrunda de\u011fildi. \u00c7\u00fcnk\u00fc onun tek derdi bu insanl\u0131k vah\u015fetini t\u00fcm d\u00fcnyaya duyurarak buradaki ablukaya son verilmesini sa\u011flamakt\u0131.<\/p>\n<p style=\"text-align: justify;\">Mads Gilbert ya\u015fananlar\u0131 s\u00fcrekli olarak Filistin d\u0131\u015f\u0131na aktarmaya \u00e7al\u0131\u015ft\u0131. 2014 y\u0131l\u0131nda gece ba\u015flayan ve insan\u0131 \u00fcrperten sald\u0131r\u0131n\u0131n ard\u0131ndan sesini duyurabilmek i\u00e7in bir mektup yazmaya karar verdi. Mektubunda Filistin\u2019de sivil halk\u0131n maruz kald\u0131\u011f\u0131 sava\u015f\u0131n deh\u015fetini \u015f\u00f6yle anlatt\u0131:<\/p>\n<p style=\"text-align: justify;\">Sevgili Dostlar,<\/p>\n<p style=\"text-align: justify;\">Ge\u00e7en gece inan\u0131lmaz \u015feyler oldu. Gazze\u2019ye yap\u0131lan kara harek\u00e2t\u0131, her ya\u015ftan \u00e7ok say\u0131da masum ve sivil Filistinlinin sakatlanmas\u0131, par\u00e7alara ayr\u0131lmas\u0131, kanlar i\u00e7inde titreyerek \u00f6lmesi gibi her t\u00fcrl\u00fc zarara sebep oldu.<\/p>\n<p style=\"text-align: justify;\">Ambulanslardaki kahramanlar ve Gazze\u2019nin hastanelerindeki b\u00fct\u00fcn \u00e7al\u0131\u015fanlar on iki veya yirmi d\u00f6rt saat aras\u0131nda \u00e7al\u0131\u015f\u0131yorlar. Yorgunluktan ve insani olmayan \u00e7al\u0131\u015fma ko\u015fullar\u0131ndan dolay\u0131 t\u00fckenmi\u015f durumdalar (D\u00f6rt ayd\u0131r maa\u015flar\u0131 \u00f6denmiyor). \u0130nsanlar\u0131 \u00f6nemsiyorlar, acil durumda olanlara \u00f6ncelik vermeye ve ak\u0131l almaz beden karma\u015fas\u0131n\u0131, boyutlar\u0131, uzuvlar\u0131, insanlar\u0131n y\u00fcr\u00fcyebilip y\u00fcr\u00fcyemediklerini, kanamalar\u0131 olup olmad\u0131\u011f\u0131n\u0131 anlamaya \u00e7al\u0131\u015f\u0131yorlar.<\/p>\n<p style=\"text-align: justify;\">Mads Gilbert yaz\u0131n\u0131n devam\u0131nda bu mektubu g\u00f6zya\u015flar\u0131 i\u00e7inde kaleme ald\u0131\u011f\u0131n\u0131 fakat bu g\u00f6zya\u015flar\u0131n\u0131n onlar i\u00e7in hi\u00e7bir anlam\u0131n\u0131n olmad\u0131\u011f\u0131n\u0131 yazm\u0131\u015ft\u0131. Silahlar\u0131n \u00e7o\u011funun Amerikan yap\u0131m\u0131 oldu\u011funu s\u00f6yleyen Gilbert, mektubun devam\u0131nda Eski ABD Ba\u015fkan\u0131 Barack Obama\u2019ya seslenerek:<\/p>\n<p style=\"text-align: justify;\">Say\u0131n Obama, sizin bir kalbiniz var m\u0131?<\/p>\n<p style=\"text-align: justify;\">Sizi bir gece, sadece bir geceli\u011fine buraya \u015eifa\u2019ya davet ediyorum. Belki bir temizlik\u00e7i k\u0131l\u0131\u011f\u0131na girebilirsiniz.<\/p>\n<p style=\"text-align: justify;\">Y\u00fczde y\u00fcz eminim ki bu tarihi de\u011fi\u015ftirebilir.<\/p>\n<p style=\"text-align: justify;\">Kalbi ve g\u00fcc\u00fc olan hi\u00e7 kimse \u015eifa\u2019da bir gece ge\u00e7irdikten sonra Filistinli insanlar\u0131n katledilmesine son vermek konusunda ikna olmadan buradan ayr\u0131lmaz. Ama kalpsiz ve merhametsiz olanlar Gazze\u2019deki sald\u0131r\u0131 \u00fczerinden planlar ve hesaplar yapt\u0131lar. Kan nehri \u00f6n\u00fcm\u00fczdeki gece de akmaya devam edecek. \u00d6l\u00fcm \u00e7anlar\u0131n\u0131n sesini duyabiliyorum.<\/p>\n<p style=\"text-align: justify;\">L\u00fctfen! Ne yapabiliyorsan\u0131z yap\u0131n! Bu kesinlikle b\u00f6yle devam edemez.<\/p>\n<p style=\"text-align: justify;\">Mads Gilbert\u2019\u0131n yazd\u0131\u011f\u0131 bu mektup uluslararas\u0131 alandaki tan\u0131n\u0131rl\u0131\u011f\u0131n\u0131 artt\u0131rm\u0131\u015ft\u0131. 2014 y\u0131l\u0131nda Norve\u00e7-Filistin ortak komitesi \u00f6nc\u00fcl\u00fc\u011f\u00fcnde d\u00fczenlenen ve yakla\u015f\u0131k k\u0131rk kadar kurulu\u015fla, \u0130srail\u2019in Gazze\u2019ye olan sald\u0131r\u0131lar\u0131 protesto edildi. Burada Mads Gilbert\u2019in yazd\u0131\u011f\u0131 bir metin okunmu\u015ftu. Mads eyleme kat\u0131lan herkesi bombard\u0131manlar aras\u0131nda selamlad\u0131ktan sonra dayan\u0131\u015fman\u0131n Gazze halk\u0131na g\u00fc\u00e7 verdi\u011fini ifade etmi\u015fti: \u201cSize Gazze\u2019den hayk\u0131r\u0131yorum: Kaybedecek vaktimiz yok! \u00c7\u0131lg\u0131nl\u0131\u011f\u0131 durdurman\u0131z gerekir! Bombalar\u0131n sesinden daha y\u00fcksek ba\u011f\u0131rmal\u0131s\u0131n\u0131z! D\u00fc\u015f\u00fcn\u00fcn, Gazze halk\u0131 bizim gibi \u00f6zg\u00fcr, ba\u011f\u0131ms\u0131z ve huzurlu olacak. Filistinliler ayn\u0131 insan haklar\u0131na, \u0130sraillilerle, Amerikal\u0131larla, Norve\u00e7lilerle ayn\u0131 yasal koruma haklar\u0131na sahip olmal\u0131. Filistinlilerin de d\u00fcnya \u00fczerinde ya\u015fayan hepimiz gibi ayn\u0131 insani de\u011ferleri var.<\/p>\n<p style=\"text-align: justify;\">Silahlar d\u00fc\u015ft\u00fc\u011f\u00fcnde, g\u00fc\u00e7s\u00fczl\u00fck de d\u00fc\u015fer!<\/p>\n<p style=\"text-align: justify;\">\u0130nsan de\u011ferini yaratt\u0131\u011f\u0131m\u0131zda, bar\u0131\u015f\u0131 da yarat\u0131r\u0131z!\u201d<\/p>\n<p style=\"text-align: justify;\">Mads Gilbert bir yandan doktorluk g\u00f6revini yerine getirirken di\u011fer yandan kula\u011f\u0131n\u0131 bu zulme kapayan \u00fclkelere Filistin\u2019in sesini duyurmak i\u00e7in t\u00fcm yollar\u0131 deniyordu. Onun \u00e7abalar\u0131 sayesinde Oslo\u2019da, Paris\u2019te bu sald\u0131r\u0131lara son verilmesi protestolar\u0131 yap\u0131lm\u0131\u015f ve Filistin\u2019e destek mesajlar\u0131 g\u00f6nderilmi\u015fti.<\/p>\n<p style=\"text-align: justify;\"><strong>Gazze\u2019ye Giri\u015f Yasa\u011f\u0131<\/strong><\/p>\n<p style=\"text-align: justify;\">2014 senesindeki sald\u0131r\u0131 sonras\u0131nda Norve\u00e7\u2019e d\u00f6nm\u00fc\u015ft\u00fc fakat k\u0131sa bir s\u00fcre sonra Gazzelilerin kendisine daha \u00e7ok ihtiyac\u0131 oldu\u011funu d\u00fc\u015f\u00fcnerek tekrar Filistin\u2019e gitmeye karar vermi\u015fti. S\u0131n\u0131r kap\u0131s\u0131na geldi\u011finde i\u00e7eri al\u0131nmad\u0131. S\u0131n\u0131rdaki askerle aralar\u0131ndaki konu\u015fmada \u201cBen bir doktorum ve yasad\u0131\u015f\u0131 hi\u00e7bir faaliyete kat\u0131lmad\u0131m. \u0130srail yasalar\u0131na ayk\u0131r\u0131 davranmad\u0131m. \u0130srail\u2019in bana Gazze\u2019de kalabilmem i\u00e7in verdi\u011fi yasal s\u00fcreyi bile doldurmad\u0131m.\u201d diyerek durumu anlatmaya \u00e7al\u0131\u015fsa da askerler yasakl\u0131 listesinde bulundu\u011funu ve Filistin\u2019e giri\u015finin \u00f6m\u00fcr boyu yasakland\u0131\u011f\u0131n\u0131 s\u00f6yledi.<\/p>\n<p style=\"text-align: justify;\">Ard\u0131ndan \u201c\u0130srail\u2019e kar\u015f\u0131 yanl\u0131\u015f bir \u015fey yapmad\u0131m fakat konu benimle ilgili de\u011fil. Politik g\u00f6r\u00fc\u015flerim nedeniyle Filistin halk\u0131 cezaland\u0131r\u0131l\u0131yor.\u201d a\u00e7\u0131klamalar\u0131n\u0131 yapm\u0131\u015ft\u0131.<\/p>\n<p style=\"text-align: justify;\"><strong>Mads Gilbert\u2019\u0131n Gazze\u2019yi Anlatan Kitaplar\u0131<\/strong><\/p>\n<p style=\"text-align: justify;\">2008 y\u0131l\u0131 sonu ve 2009 y\u0131l\u0131 ba\u015f\u0131nda meydana gelen yirmi iki g\u00fcnl\u00fck sald\u0131r\u0131da binlerce Filistinli ya\u015fam\u0131n\u0131 kaybetmi\u015fti. \u0130\u015fte o vakitlerin \u015fahidi Mads Gilbert, yerle bir olan Filistin\u2019in yan\u0131nda yer ald\u0131. Ya\u015fanan olaylar\u0131n tan\u0131klar\u0131 olan Doktor Mads Gilbert ve arkada\u015f\u0131 Doktor Erik Fosse ya\u015fananlar\u0131 oldu\u011fu gibi aktarmak i\u00e7in g\u00fcn\u00fc g\u00fcn\u00fcne ald\u0131klar\u0131 notlar\u0131 birle\u015ftirmi\u015f ve bir kitap haline getirmi\u015flerdi. Gazze\u2019nin G\u00f6zya\u015flar\u0131 olarak T\u00fcrk\u00e7eye \u00e7evrilen kitapta \u0130srail\u2019in Filistinli sivillere y\u00f6nelik sald\u0131r\u0131lar\u0131 ve \u015eifa Hastanesi\u2019nde ya\u015fananlar t\u00fcm ger\u00e7ekli\u011fiyle anlat\u0131ld\u0131. Ayr\u0131ca 2014 y\u0131l\u0131ndaki sald\u0131r\u0131lardan sonra da Gazze\u2019de Gece isimli kitab\u0131yla Filistin\u2019in sesi olmaya devam etti.<\/p>\n<p style=\"text-align: justify;\">Filistin\u2019de halk\u0131n\u0131n ya\u015fad\u0131\u011f\u0131 insanl\u0131k vah\u015fetine \u015fahit olan Mads Gilbert, insan\u0131 \u0131rk\u0131na, rengine, diline ve dinine g\u00f6re de\u011fil insan oldu\u011fu i\u00e7in k\u0131ymet veren iyi bir insand\u0131r ve o yapt\u0131klar\u0131yla Filistin\u2019in \u00e7\u0131\u011fl\u0131\u011f\u0131 olmu\u015ftur.<\/p>\n[\/vc_column_text][divider line_type=&#8221;No Line&#8221;][vc_column_text]<iframe title=\"YouTube video player\" src=\"https:\/\/www.youtube.com\/embed\/Mj9-DYo4gNI\" width=\"560\" height=\"315\" frameborder=\"0\" allowfullscreen=\"allowfullscreen\"><\/iframe>[\/vc_column_text][\/vc_column][\/vc_row]\n","protected":false},"excerpt":{"rendered":"<p>[vc_row type=&#8221;in_container&#8221; full_screen_row_position=&#8221;middle&#8221; scene_position=&#8221;center&#8221; text_color=&#8221;dark&#8221; text_align=&#8221;left&#8221; overlay_strength=&#8221;0.3&#8243; shape_divider_position=&#8221;bottom&#8221; bg_image_animation=&#8221;none&#8221;][vc_column column_padding=&#8221;no-extra-padding&#8221; column_padding_position=&#8221;all&#8221; background_color_opacity=&#8221;1&#8243; background_hover_color_opacity=&#8221;1&#8243; column_link_target=&#8221;_self&#8221; column_shadow=&#8221;none&#8221; column_border_radius=&#8221;none&#8221; width=&#8221;1\/1&#8243; tablet_width_inherit=&#8221;default&#8221; tablet_text_alignment=&#8221;default&#8221; phone_text_alignment=&#8221;default&#8221; column_border_width=&#8221;none&#8221; column_border_style=&#8221;solid&#8221; bg_image_animation=&#8221;none&#8221;][vc_column_text] D\u00fcnya bizim bildiklerimizi bilmiyor. Bu gidi\u015fata dur&#8230;<\/p>\n","protected":false},"author":8,"featured_media":17597,"comment_status":"open","ping_status":"closed","sticky":false,"template":"","format":"standard","meta":{"footnotes":""},"categories":[1626],"tags":[],"class_list":{"0":"post-17596","1":"post","2":"type-post","3":"status-publish","4":"format-standard","5":"has-post-thumbnail","7":"category-ikinci-uluslararasi-iyilik-odulleri"},"yoast_head":"<!-- This site is optimized with the Yoast SEO plugin v27.5 - https:\/\/yoast.com\/product\/yoast-seo-wordpress\/ -->\n<title>Dr. Mads Gilbert<\/title>\n<meta name=\"description\" content=\"Mads Gilbert, Norve\u00e7li bir doktor. Otuz y\u0131l\u0131 a\u015fan meslek hayat\u0131 boyunca sava\u015f alt\u0131nda kalan Filistin halk\u0131n\u0131n yan\u0131nda oldu. Ne zaman \u0130srail Filistin\u2019i bombalasa Filistin halk\u0131n\u0131n yard\u0131m\u0131na ko\u015ftu ve insan de\u011feri \u00fczerine kurdu\u011fu hayat\u0131nda iyili\u011fin dili, dini ve \u0131rk\u0131 olmad\u0131\u011f\u0131n\u0131 t\u00fcm d\u00fcnyaya g\u00f6sterdi.\" \/>\n<meta name=\"robots\" content=\"index, follow, max-snippet:-1, max-image-preview:large, max-video-preview:-1\" \/>\n<link rel=\"canonical\" href=\"https:\/\/tdv.org\/tr-TR\/dr-mads-gilbert\/\" \/>\n<meta property=\"og:locale\" content=\"tr_TR\" \/>\n<meta property=\"og:type\" content=\"article\" \/>\n<meta property=\"og:title\" content=\"Dr. Mads Gilbert\" \/>\n<meta property=\"og:description\" content=\"Mads Gilbert, Norve\u00e7li bir doktor. Otuz y\u0131l\u0131 a\u015fan meslek hayat\u0131 boyunca sava\u015f alt\u0131nda kalan Filistin halk\u0131n\u0131n yan\u0131nda oldu. Ne zaman \u0130srail Filistin\u2019i bombalasa Filistin halk\u0131n\u0131n yard\u0131m\u0131na ko\u015ftu ve insan de\u011feri \u00fczerine kurdu\u011fu hayat\u0131nda iyili\u011fin dili, dini ve \u0131rk\u0131 olmad\u0131\u011f\u0131n\u0131 t\u00fcm d\u00fcnyaya g\u00f6sterdi.\" \/>\n<meta property=\"og:url\" content=\"https:\/\/tdv.org\/tr-TR\/dr-mads-gilbert\/\" \/>\n<meta property=\"og:site_name\" content=\"T\u00fcrkiye Diyanet Vakf\u0131 Resmi Web Sitesi\" \/>\n<meta property=\"article:publisher\" content=\"https:\/\/www.facebook.com\/Diyanetvakfi\/\" \/>\n<meta property=\"article:published_time\" content=\"2016-03-11T08:20:59+00:00\" \/>\n<meta property=\"article:modified_time\" content=\"2023-05-15T12:23:01+00:00\" \/>\n<meta property=\"og:image\" content=\"https:\/\/tdv.org\/tr-TR\/wp-content\/uploads\/2022\/02\/DR.-MADS-GILBERT.jpg\" \/>\n\t<meta property=\"og:image:width\" content=\"1200\" \/>\n\t<meta property=\"og:image:height\" content=\"800\" \/>\n\t<meta property=\"og:image:type\" content=\"image\/jpeg\" \/>\n<meta name=\"author\" content=\"Selim\" \/>\n<meta name=\"twitter:card\" content=\"summary_large_image\" \/>\n<meta name=\"twitter:creator\" content=\"@DiyanetVakfi\" \/>\n<meta name=\"twitter:site\" content=\"@DiyanetVakfi\" \/>\n<script type=\"application\/ld+json\" class=\"yoast-schema-graph\">{\"@context\":\"https:\\\/\\\/schema.org\",\"@graph\":[{\"@type\":\"Article\",\"@id\":\"https:\\\/\\\/tdv.org\\\/tr-TR\\\/dr-mads-gilbert\\\/#article\",\"isPartOf\":{\"@id\":\"https:\\\/\\\/tdv.org\\\/tr-TR\\\/dr-mads-gilbert\\\/\"},\"author\":{\"name\":\"Selim\",\"@id\":\"https:\\\/\\\/tdv.org\\\/tr-TR\\\/#\\\/schema\\\/person\\\/752b55e264a99273d55636516d96d5eb\"},\"headline\":\"Dr. Mads Gilbert\",\"datePublished\":\"2016-03-11T08:20:59+00:00\",\"dateModified\":\"2023-05-15T12:23:01+00:00\",\"mainEntityOfPage\":{\"@id\":\"https:\\\/\\\/tdv.org\\\/tr-TR\\\/dr-mads-gilbert\\\/\"},\"wordCount\":2952,\"commentCount\":0,\"publisher\":{\"@id\":\"https:\\\/\\\/tdv.org\\\/tr-TR\\\/#organization\"},\"image\":{\"@id\":\"https:\\\/\\\/tdv.org\\\/tr-TR\\\/dr-mads-gilbert\\\/#primaryimage\"},\"thumbnailUrl\":\"https:\\\/\\\/tdv.org\\\/tr-TR\\\/wp-content\\\/uploads\\\/2022\\\/02\\\/DR.-MADS-GILBERT.jpg\",\"articleSection\":[\"\u0130kinci Uluslararas\u0131 \u0130yilik \u00d6d\u00fclleri\"],\"inLanguage\":\"tr\",\"potentialAction\":[{\"@type\":\"CommentAction\",\"name\":\"Comment\",\"target\":[\"https:\\\/\\\/tdv.org\\\/tr-TR\\\/dr-mads-gilbert\\\/#respond\"]}]},{\"@type\":\"WebPage\",\"@id\":\"https:\\\/\\\/tdv.org\\\/tr-TR\\\/dr-mads-gilbert\\\/\",\"url\":\"https:\\\/\\\/tdv.org\\\/tr-TR\\\/dr-mads-gilbert\\\/\",\"name\":\"Dr. Mads Gilbert\",\"isPartOf\":{\"@id\":\"https:\\\/\\\/tdv.org\\\/tr-TR\\\/#website\"},\"primaryImageOfPage\":{\"@id\":\"https:\\\/\\\/tdv.org\\\/tr-TR\\\/dr-mads-gilbert\\\/#primaryimage\"},\"image\":{\"@id\":\"https:\\\/\\\/tdv.org\\\/tr-TR\\\/dr-mads-gilbert\\\/#primaryimage\"},\"thumbnailUrl\":\"https:\\\/\\\/tdv.org\\\/tr-TR\\\/wp-content\\\/uploads\\\/2022\\\/02\\\/DR.-MADS-GILBERT.jpg\",\"datePublished\":\"2016-03-11T08:20:59+00:00\",\"dateModified\":\"2023-05-15T12:23:01+00:00\",\"description\":\"Mads Gilbert, Norve\u00e7li bir doktor. Otuz y\u0131l\u0131 a\u015fan meslek hayat\u0131 boyunca sava\u015f alt\u0131nda kalan Filistin halk\u0131n\u0131n yan\u0131nda oldu. Ne zaman \u0130srail Filistin\u2019i bombalasa Filistin halk\u0131n\u0131n yard\u0131m\u0131na ko\u015ftu ve insan de\u011feri \u00fczerine kurdu\u011fu hayat\u0131nda iyili\u011fin dili, dini ve \u0131rk\u0131 olmad\u0131\u011f\u0131n\u0131 t\u00fcm d\u00fcnyaya g\u00f6sterdi.\",\"breadcrumb\":{\"@id\":\"https:\\\/\\\/tdv.org\\\/tr-TR\\\/dr-mads-gilbert\\\/#breadcrumb\"},\"inLanguage\":\"tr\",\"potentialAction\":[{\"@type\":\"ReadAction\",\"target\":[\"https:\\\/\\\/tdv.org\\\/tr-TR\\\/dr-mads-gilbert\\\/\"]}]},{\"@type\":\"ImageObject\",\"inLanguage\":\"tr\",\"@id\":\"https:\\\/\\\/tdv.org\\\/tr-TR\\\/dr-mads-gilbert\\\/#primaryimage\",\"url\":\"https:\\\/\\\/tdv.org\\\/tr-TR\\\/wp-content\\\/uploads\\\/2022\\\/02\\\/DR.-MADS-GILBERT.jpg\",\"contentUrl\":\"https:\\\/\\\/tdv.org\\\/tr-TR\\\/wp-content\\\/uploads\\\/2022\\\/02\\\/DR.-MADS-GILBERT.jpg\",\"width\":1200,\"height\":800},{\"@type\":\"BreadcrumbList\",\"@id\":\"https:\\\/\\\/tdv.org\\\/tr-TR\\\/dr-mads-gilbert\\\/#breadcrumb\",\"itemListElement\":[{\"@type\":\"ListItem\",\"position\":1,\"name\":\"Anasayfa\",\"item\":\"https:\\\/\\\/tdv.org\\\/tr-TR\\\/\"},{\"@type\":\"ListItem\",\"position\":2,\"name\":\"Dr. Mads Gilbert\"}]},{\"@type\":\"WebSite\",\"@id\":\"https:\\\/\\\/tdv.org\\\/tr-TR\\\/#website\",\"url\":\"https:\\\/\\\/tdv.org\\\/tr-TR\\\/\",\"name\":\"T\u00fcrkiye Diyanet Vakf\u0131 Resmi Web Sitesi\",\"description\":\"Yery\u00fcz\u00fcnde iyilik egemen oluncaya kadar\",\"publisher\":{\"@id\":\"https:\\\/\\\/tdv.org\\\/tr-TR\\\/#organization\"},\"alternateName\":\"T\u00fcrkiye Diyanet Vakf\u0131\",\"potentialAction\":[{\"@type\":\"SearchAction\",\"target\":{\"@type\":\"EntryPoint\",\"urlTemplate\":\"https:\\\/\\\/tdv.org\\\/tr-TR\\\/?s={search_term_string}\"},\"query-input\":{\"@type\":\"PropertyValueSpecification\",\"valueRequired\":true,\"valueName\":\"search_term_string\"}}],\"inLanguage\":\"tr\"},{\"@type\":\"Organization\",\"@id\":\"https:\\\/\\\/tdv.org\\\/tr-TR\\\/#organization\",\"name\":\"T\u00fcrkiye Diyanet Vakf\u0131\",\"alternateName\":\"T\u00fcrkiye Diyanet Vakf\u0131\",\"url\":\"https:\\\/\\\/tdv.org\\\/tr-TR\\\/\",\"logo\":{\"@type\":\"ImageObject\",\"inLanguage\":\"tr\",\"@id\":\"https:\\\/\\\/tdv.org\\\/tr-TR\\\/#\\\/schema\\\/logo\\\/image\\\/\",\"url\":\"https:\\\/\\\/tdv.org\\\/tr-TR\\\/wp-content\\\/uploads\\\/2018\\\/12\\\/TDV_Logo_1.png\",\"contentUrl\":\"https:\\\/\\\/tdv.org\\\/tr-TR\\\/wp-content\\\/uploads\\\/2018\\\/12\\\/TDV_Logo_1.png\",\"width\":207,\"height\":71,\"caption\":\"T\u00fcrkiye Diyanet Vakf\u0131\"},\"image\":{\"@id\":\"https:\\\/\\\/tdv.org\\\/tr-TR\\\/#\\\/schema\\\/logo\\\/image\\\/\"},\"sameAs\":[\"https:\\\/\\\/www.facebook.com\\\/Diyanetvakfi\\\/\",\"https:\\\/\\\/x.com\\\/DiyanetVakfi\",\"https:\\\/\\\/www.instagram.com\\\/turkiyediyanetvakfi\\\/\",\"https:\\\/\\\/www.youtube.com\\\/user\\\/TurkiyeDiyanetVakfi\"]},{\"@type\":\"Person\",\"@id\":\"https:\\\/\\\/tdv.org\\\/tr-TR\\\/#\\\/schema\\\/person\\\/752b55e264a99273d55636516d96d5eb\",\"name\":\"Selim\",\"image\":{\"@type\":\"ImageObject\",\"inLanguage\":\"tr\",\"@id\":\"https:\\\/\\\/tdv.org\\\/tr-TR\\\/wp-content\\\/litespeed\\\/avatar\\\/a1e47b25396e98e5b781e88a5396cd96.jpg?ver=1777287391\",\"url\":\"https:\\\/\\\/tdv.org\\\/tr-TR\\\/wp-content\\\/litespeed\\\/avatar\\\/a1e47b25396e98e5b781e88a5396cd96.jpg?ver=1777287391\",\"contentUrl\":\"https:\\\/\\\/tdv.org\\\/tr-TR\\\/wp-content\\\/litespeed\\\/avatar\\\/a1e47b25396e98e5b781e88a5396cd96.jpg?ver=1777287391\",\"caption\":\"Selim\"}}]}<\/script>\n<!-- \/ Yoast SEO plugin. -->","yoast_head_json":{"title":"Dr. Mads Gilbert","description":"Mads Gilbert, Norve\u00e7li bir doktor. Otuz y\u0131l\u0131 a\u015fan meslek hayat\u0131 boyunca sava\u015f alt\u0131nda kalan Filistin halk\u0131n\u0131n yan\u0131nda oldu. Ne zaman \u0130srail Filistin\u2019i bombalasa Filistin halk\u0131n\u0131n yard\u0131m\u0131na ko\u015ftu ve insan de\u011feri \u00fczerine kurdu\u011fu hayat\u0131nda iyili\u011fin dili, dini ve \u0131rk\u0131 olmad\u0131\u011f\u0131n\u0131 t\u00fcm d\u00fcnyaya g\u00f6sterdi.","robots":{"index":"index","follow":"follow","max-snippet":"max-snippet:-1","max-image-preview":"max-image-preview:large","max-video-preview":"max-video-preview:-1"},"canonical":"https:\/\/tdv.org\/tr-TR\/dr-mads-gilbert\/","og_locale":"tr_TR","og_type":"article","og_title":"Dr. Mads Gilbert","og_description":"Mads Gilbert, Norve\u00e7li bir doktor. Otuz y\u0131l\u0131 a\u015fan meslek hayat\u0131 boyunca sava\u015f alt\u0131nda kalan Filistin halk\u0131n\u0131n yan\u0131nda oldu. Ne zaman \u0130srail Filistin\u2019i bombalasa Filistin halk\u0131n\u0131n yard\u0131m\u0131na ko\u015ftu ve insan de\u011feri \u00fczerine kurdu\u011fu hayat\u0131nda iyili\u011fin dili, dini ve \u0131rk\u0131 olmad\u0131\u011f\u0131n\u0131 t\u00fcm d\u00fcnyaya g\u00f6sterdi.","og_url":"https:\/\/tdv.org\/tr-TR\/dr-mads-gilbert\/","og_site_name":"T\u00fcrkiye Diyanet Vakf\u0131 Resmi Web Sitesi","article_publisher":"https:\/\/www.facebook.com\/Diyanetvakfi\/","article_published_time":"2016-03-11T08:20:59+00:00","article_modified_time":"2023-05-15T12:23:01+00:00","og_image":[{"width":1200,"height":800,"url":"https:\/\/tdv.org\/tr-TR\/wp-content\/uploads\/2022\/02\/DR.-MADS-GILBERT.jpg","type":"image\/jpeg"}],"author":"Selim","twitter_card":"summary_large_image","twitter_creator":"@DiyanetVakfi","twitter_site":"@DiyanetVakfi","schema":{"@context":"https:\/\/schema.org","@graph":[{"@type":"Article","@id":"https:\/\/tdv.org\/tr-TR\/dr-mads-gilbert\/#article","isPartOf":{"@id":"https:\/\/tdv.org\/tr-TR\/dr-mads-gilbert\/"},"author":{"name":"Selim","@id":"https:\/\/tdv.org\/tr-TR\/#\/schema\/person\/752b55e264a99273d55636516d96d5eb"},"headline":"Dr. Mads Gilbert","datePublished":"2016-03-11T08:20:59+00:00","dateModified":"2023-05-15T12:23:01+00:00","mainEntityOfPage":{"@id":"https:\/\/tdv.org\/tr-TR\/dr-mads-gilbert\/"},"wordCount":2952,"commentCount":0,"publisher":{"@id":"https:\/\/tdv.org\/tr-TR\/#organization"},"image":{"@id":"https:\/\/tdv.org\/tr-TR\/dr-mads-gilbert\/#primaryimage"},"thumbnailUrl":"https:\/\/tdv.org\/tr-TR\/wp-content\/uploads\/2022\/02\/DR.-MADS-GILBERT.jpg","articleSection":["\u0130kinci Uluslararas\u0131 \u0130yilik \u00d6d\u00fclleri"],"inLanguage":"tr","potentialAction":[{"@type":"CommentAction","name":"Comment","target":["https:\/\/tdv.org\/tr-TR\/dr-mads-gilbert\/#respond"]}]},{"@type":"WebPage","@id":"https:\/\/tdv.org\/tr-TR\/dr-mads-gilbert\/","url":"https:\/\/tdv.org\/tr-TR\/dr-mads-gilbert\/","name":"Dr. Mads Gilbert","isPartOf":{"@id":"https:\/\/tdv.org\/tr-TR\/#website"},"primaryImageOfPage":{"@id":"https:\/\/tdv.org\/tr-TR\/dr-mads-gilbert\/#primaryimage"},"image":{"@id":"https:\/\/tdv.org\/tr-TR\/dr-mads-gilbert\/#primaryimage"},"thumbnailUrl":"https:\/\/tdv.org\/tr-TR\/wp-content\/uploads\/2022\/02\/DR.-MADS-GILBERT.jpg","datePublished":"2016-03-11T08:20:59+00:00","dateModified":"2023-05-15T12:23:01+00:00","description":"Mads Gilbert, Norve\u00e7li bir doktor. Otuz y\u0131l\u0131 a\u015fan meslek hayat\u0131 boyunca sava\u015f alt\u0131nda kalan Filistin halk\u0131n\u0131n yan\u0131nda oldu. Ne zaman \u0130srail Filistin\u2019i bombalasa Filistin halk\u0131n\u0131n yard\u0131m\u0131na ko\u015ftu ve insan de\u011feri \u00fczerine kurdu\u011fu hayat\u0131nda iyili\u011fin dili, dini ve \u0131rk\u0131 olmad\u0131\u011f\u0131n\u0131 t\u00fcm d\u00fcnyaya g\u00f6sterdi.","breadcrumb":{"@id":"https:\/\/tdv.org\/tr-TR\/dr-mads-gilbert\/#breadcrumb"},"inLanguage":"tr","potentialAction":[{"@type":"ReadAction","target":["https:\/\/tdv.org\/tr-TR\/dr-mads-gilbert\/"]}]},{"@type":"ImageObject","inLanguage":"tr","@id":"https:\/\/tdv.org\/tr-TR\/dr-mads-gilbert\/#primaryimage","url":"https:\/\/tdv.org\/tr-TR\/wp-content\/uploads\/2022\/02\/DR.-MADS-GILBERT.jpg","contentUrl":"https:\/\/tdv.org\/tr-TR\/wp-content\/uploads\/2022\/02\/DR.-MADS-GILBERT.jpg","width":1200,"height":800},{"@type":"BreadcrumbList","@id":"https:\/\/tdv.org\/tr-TR\/dr-mads-gilbert\/#breadcrumb","itemListElement":[{"@type":"ListItem","position":1,"name":"Anasayfa","item":"https:\/\/tdv.org\/tr-TR\/"},{"@type":"ListItem","position":2,"name":"Dr. Mads Gilbert"}]},{"@type":"WebSite","@id":"https:\/\/tdv.org\/tr-TR\/#website","url":"https:\/\/tdv.org\/tr-TR\/","name":"T\u00fcrkiye Diyanet Vakf\u0131 Resmi Web Sitesi","description":"Yery\u00fcz\u00fcnde iyilik egemen oluncaya kadar","publisher":{"@id":"https:\/\/tdv.org\/tr-TR\/#organization"},"alternateName":"T\u00fcrkiye Diyanet Vakf\u0131","potentialAction":[{"@type":"SearchAction","target":{"@type":"EntryPoint","urlTemplate":"https:\/\/tdv.org\/tr-TR\/?s={search_term_string}"},"query-input":{"@type":"PropertyValueSpecification","valueRequired":true,"valueName":"search_term_string"}}],"inLanguage":"tr"},{"@type":"Organization","@id":"https:\/\/tdv.org\/tr-TR\/#organization","name":"T\u00fcrkiye Diyanet Vakf\u0131","alternateName":"T\u00fcrkiye Diyanet Vakf\u0131","url":"https:\/\/tdv.org\/tr-TR\/","logo":{"@type":"ImageObject","inLanguage":"tr","@id":"https:\/\/tdv.org\/tr-TR\/#\/schema\/logo\/image\/","url":"https:\/\/tdv.org\/tr-TR\/wp-content\/uploads\/2018\/12\/TDV_Logo_1.png","contentUrl":"https:\/\/tdv.org\/tr-TR\/wp-content\/uploads\/2018\/12\/TDV_Logo_1.png","width":207,"height":71,"caption":"T\u00fcrkiye Diyanet Vakf\u0131"},"image":{"@id":"https:\/\/tdv.org\/tr-TR\/#\/schema\/logo\/image\/"},"sameAs":["https:\/\/www.facebook.com\/Diyanetvakfi\/","https:\/\/x.com\/DiyanetVakfi","https:\/\/www.instagram.com\/turkiyediyanetvakfi\/","https:\/\/www.youtube.com\/user\/TurkiyeDiyanetVakfi"]},{"@type":"Person","@id":"https:\/\/tdv.org\/tr-TR\/#\/schema\/person\/752b55e264a99273d55636516d96d5eb","name":"Selim","image":{"@type":"ImageObject","inLanguage":"tr","@id":"https:\/\/tdv.org\/tr-TR\/wp-content\/litespeed\/avatar\/a1e47b25396e98e5b781e88a5396cd96.jpg?ver=1777287391","url":"https:\/\/tdv.org\/tr-TR\/wp-content\/litespeed\/avatar\/a1e47b25396e98e5b781e88a5396cd96.jpg?ver=1777287391","contentUrl":"https:\/\/tdv.org\/tr-TR\/wp-content\/litespeed\/avatar\/a1e47b25396e98e5b781e88a5396cd96.jpg?ver=1777287391","caption":"Selim"}}]}},"_links":{"self":[{"href":"https:\/\/tdv.org\/tr-TR\/wp-json\/wp\/v2\/posts\/17596","targetHints":{"allow":["GET"]}}],"collection":[{"href":"https:\/\/tdv.org\/tr-TR\/wp-json\/wp\/v2\/posts"}],"about":[{"href":"https:\/\/tdv.org\/tr-TR\/wp-json\/wp\/v2\/types\/post"}],"author":[{"embeddable":true,"href":"https:\/\/tdv.org\/tr-TR\/wp-json\/wp\/v2\/users\/8"}],"replies":[{"embeddable":true,"href":"https:\/\/tdv.org\/tr-TR\/wp-json\/wp\/v2\/comments?post=17596"}],"version-history":[{"count":3,"href":"https:\/\/tdv.org\/tr-TR\/wp-json\/wp\/v2\/posts\/17596\/revisions"}],"predecessor-version":[{"id":19059,"href":"https:\/\/tdv.org\/tr-TR\/wp-json\/wp\/v2\/posts\/17596\/revisions\/19059"}],"wp:featuredmedia":[{"embeddable":true,"href":"https:\/\/tdv.org\/tr-TR\/wp-json\/wp\/v2\/media\/17597"}],"wp:attachment":[{"href":"https:\/\/tdv.org\/tr-TR\/wp-json\/wp\/v2\/media?parent=17596"}],"wp:term":[{"taxonomy":"category","embeddable":true,"href":"https:\/\/tdv.org\/tr-TR\/wp-json\/wp\/v2\/categories?post=17596"},{"taxonomy":"post_tag","embeddable":true,"href":"https:\/\/tdv.org\/tr-TR\/wp-json\/wp\/v2\/tags?post=17596"}],"curies":[{"name":"wp","href":"https:\/\/api.w.org\/{rel}","templated":true}]}}