{"id":17611,"date":"2017-03-20T10:40:00","date_gmt":"2017-03-20T07:40:00","guid":{"rendered":"https:\/\/tdv.org\/tr-TR\/?p=17611"},"modified":"2025-01-02T16:16:13","modified_gmt":"2025-01-02T13:16:13","slug":"janna-jihad","status":"publish","type":"post","link":"https:\/\/tdv.org\/tr-TR\/janna-jihad\/","title":{"rendered":"Janna JIHAD"},"content":{"rendered":"[vc_row type=&#8221;in_container&#8221; full_screen_row_position=&#8221;middle&#8221; scene_position=&#8221;center&#8221; text_color=&#8221;dark&#8221; text_align=&#8221;left&#8221; overlay_strength=&#8221;0.3&#8243; shape_divider_position=&#8221;bottom&#8221; bg_image_animation=&#8221;none&#8221;][vc_column column_padding=&#8221;no-extra-padding&#8221; column_padding_position=&#8221;all&#8221; background_color_opacity=&#8221;1&#8243; background_hover_color_opacity=&#8221;1&#8243; column_link_target=&#8221;_self&#8221; column_shadow=&#8221;none&#8221; column_border_radius=&#8221;none&#8221; width=&#8221;1\/1&#8243; tablet_width_inherit=&#8221;default&#8221; tablet_text_alignment=&#8221;default&#8221; phone_text_alignment=&#8221;default&#8221; column_border_width=&#8221;none&#8221; column_border_style=&#8221;solid&#8221; bg_image_animation=&#8221;none&#8221;][vc_column_text]<em><strong>\u201cD\u00fcnyan\u0131n iyili\u011fi i\u00e7in bizi g\u00f6rmezden gelmeyin\u2026<\/strong><\/em><\/p>\n<p><em><strong>\u0130\u015fgal alt\u0131ndaki Kud\u00fcs\u2019ten bidiriyorum, ben Janna Jihad\u201d<\/strong><\/em><\/p>\n<p>&nbsp;<\/p>\n<p>Filistin\u2019de Ramallah\u2019a yak\u0131n Nabi Salih k\u00f6y\u00fcnde annesiyle beraber ya\u015fayan 10 ya\u015f\u0131ndaki Janna Jihad, bir \u00e7ocuk olarak 3 y\u0131ld\u0131r Filistin halk\u0131n\u0131n ya\u015fad\u0131\u011f\u0131 zulm\u00fc ve bask\u0131y\u0131 duyurmaya \u00e7al\u0131\u015f\u0131yor. Elindeki k\u00fc\u00e7\u00fck kameras\u0131 ile \u00e7ekti\u011fi g\u00f6r\u00fcnt\u00fcleri sosyal medya hesab\u0131ndan payla\u015fan Janna Jihad, \u201cEvlerimizin bas\u0131lmad\u0131\u011f\u0131, tutuklamalar\u0131n olmad\u0131\u011f\u0131, kanlar\u0131n d\u00f6k\u00fclmedi\u011fi bir Filistin istiyorum. D\u00fcnyan\u0131n iyili\u011fi i\u00e7in bizi g\u00f6rmezden gelmeyin\u201d diyor. T\u00fcm yapt\u0131\u011f\u0131 Filistin\u2019de ya\u015fananlar\u0131, t\u00fcm yal\u0131nl\u0131\u011f\u0131yla, eski model kameras\u0131yla d\u00fcnya kamuoyuna duyurmak.<\/p>\n<p>Bat\u0131 \u015eeria\u2019daki hemen her eylemi g\u00f6r\u00fcnt\u00fcl\u00fcyor Janna. Amac\u0131n\u0131 i\u015fgal alt\u0131ndaki Filistin\u2019in sesini d\u00fcnyaya duyurmak olarak \u00f6zetliyor. Filistin halk\u0131n\u0131n ya\u015fad\u0131\u011f\u0131 zulm\u00fc ve bask\u0131y\u0131 g\u00f6zler \u00f6n\u00fcne sermek i\u00e7in en tehlikeli ortamlarda dahi amat\u00f6r kameras\u0131yla \u00e7at\u0131\u015fmalar\u0131 kay\u0131t alt\u0131na al\u0131yor. Haberlerini sosyal medyadaki hesaplar\u0131ndan yay\u0131nlayan Janna, ger\u00e7ekleri g\u00f6rmek i\u00e7in insanlar\u0131 Filistin\u2019e davet ediyor. \u00c7ocuklar\u0131n \u00f6ld\u00fcr\u00fclmedi\u011fi ve hapse at\u0131lmad\u0131\u011f\u0131 bir d\u00fcnyay\u0131 hayal ediyor ve insanlara o k\u00fc\u00e7\u00fck y\u00fcre\u011fiyle bildiriyor:<\/p>\n<p>\u201cGeceleri ge\u00e7 saatleri evlerimizin bas\u0131lmad\u0131\u011f\u0131, tutuklamalar\u0131n olmad\u0131\u011f\u0131, kanlar\u0131n d\u00f6k\u00fclmedi\u011fi bir Filistin ve kimseye ait olmayan ama herkese ait olan bir d\u00fcnya istiyorum. Bunu hep beraber yapaca\u011f\u0131m\u0131za inan\u0131yorum. D\u00fcnyan\u0131n iyili\u011fi i\u00e7in bizi g\u00f6rmezden gelmeyin, yan\u0131m\u0131zda olun\u201d diyor.<\/p>\n<p>&nbsp;<\/p>\n<p><strong>\u00dclkesinin Sesi Oluyor\u2026<\/strong><\/p>\n<p>\u2018B\u00fcy\u00fcy\u00fcnce ne olacaks\u0131n?\u2019 sorusuna \u2018Gazeteci\u2019 diye cevap veren cesur Janna, \u2018Neden gazeteci olmak?\u2019 diye sorulunca \u015fu cevab\u0131 veriyor: \u201cBu i\u015fi yapmaya \u015fimdiden ba\u015flad\u0131m, \u00e7\u00fcnk\u00fc burada \u00e7ok \u015fey oluyor ve hi\u00e7 gazeteci yok. Olan onca \u015fey haberle\u015ftirilmiyor. Arkada\u015f\u0131m Mustafa, amcam R\u00fc\u015ft\u00fc \u00f6ld\u00fcr\u00fcld\u00fc\u011f\u00fcnde ve di\u011fer arkada\u015flar\u0131m yaraland\u0131\u011f\u0131nda kimsenin sesi \u00e7\u0131kmad\u0131\u011f\u0131 gibi sokaklarda m\u00fccadele eden nice Filisitinli\u2019nin ad\u0131 bile an\u0131lmad\u0131.<\/p>\n<p>Benim de \u0130srail\u2019in Filistinliler hakk\u0131nda yapt\u0131\u011f\u0131 k\u00f6t\u00fc haberlerin asl\u0131nda ger\u00e7ek olmad\u0131\u011f\u0131n\u0131 g\u00f6stermem laz\u0131md\u0131. Bir de gazetecili\u011fe zaten \u00f6zeniyordum. Onlar gibi olmak istiyordum. Filistin haberlerinin yetersiz oldu\u011funu herkesin bilmesi \u00f6nemli. D\u00fcnyan\u0131n dikkatini \u00e7ekmiyor \u00e7\u00fcnk\u00fc\u2026<\/p>\n<p>Ben bu i\u015fi Filistinli \u00e7ocuklar\u0131n ad\u0131na yap\u0131yorum. Biz \u00e7ocuklar\u0131n ve Filistinlilerin ya\u015fad\u0131klar\u0131n\u0131 d\u00fcnyaya duyurmak i\u00e7in yap\u0131yorum.\u201d s\u00f6zleri ile d\u00fcnyan\u0131n \u00fclkesine kar\u015f\u0131 gams\u0131z duru\u015funu g\u00f6stermek istiyor.<\/p>\n<p>Filistin ile alakal\u0131 etkinlikler i\u00e7in Fransa, \u00dcrd\u00fcn, ABD ve Suudi Arabistan\u2019a da giden Janna, \u00fclkesinin gelece\u011fi i\u00e7in \u00e7abalamaktan bir an olsun geri durmuyor. K\u00fc\u00e7\u00fck ya\u015f\u0131na ra\u011fmen, ula\u015fabildi\u011fi her ortamda zul\u00fcm g\u00f6ren halk\u0131 ad\u0131na sorumluluk ve s\u00f6z sahibi oluyor.<\/p>\n<p>\u0130lk g\u00fcnden beri gazetecili\u011fi Filistinli \u00e7ocuklar ad\u0131na yapt\u0131\u011f\u0131n\u0131 belirten Janna Jihad, ileride Fox News ve CNN\u2019de\u00a0 \u00e7al\u0131\u015fmak istedi\u011fini s\u00f6ylerek ekliyor: \u201cBunlar hem b\u00fcy\u00fck kanallar hem de Filistin\u2019in haberlerini yanl\u0131\u015f yans\u0131t\u0131yor. D\u00fcnya \u00fczerinde en etkili yay\u0131nlar\u0131 bu kanallar vas\u0131tas\u0131 ile duyuyor insanlar. Ben burada \u00e7al\u0131\u015farak Filistinlilerin hayatlar\u0131n\u0131, hayallerini, m\u00fccadelelerini do\u011fru \u015fekilde d\u00fcnyaya duyurmak istiyorum.\u201d<\/p>\n<p>&nbsp;<\/p>\n<p><strong>Filistin Haberleri Az ve Yanl\u0131\u015f<\/strong><\/p>\n<p>Be\u015finci s\u0131n\u0131f \u00f6\u011frencisi olan Janna Jihad, ayr\u0131lm\u0131\u015f bir anne baban\u0131n tek \u00e7ocu\u011fu. Filisitin\u2019de Sosyal Kalk\u0131nma Bakanl\u0131\u011f\u0131\u2019nda memur olarak \u00e7al\u0131\u015fan annesinin yan\u0131nda kalan Janna, gazetecilik yapmaya ba\u015flad\u0131\u011f\u0131nda 7 ya\u015f\u0131ndayd\u0131.<\/p>\n<p>Birg\u00fcn annesiyle evinde otururken k\u00f6ylerine ate\u015f a\u00e7\u0131lm\u0131\u015f ve Janna annesinin telefonuyla hemen g\u00f6r\u00fcnt\u00fcleri \u00e7ekerek bir yandan da ya\u015fad\u0131klar\u0131 an\u0131 anlatm\u0131\u015f. Annesi Janna\u2019n\u0131n \u00e7ekti\u011fi videoyu fark edince internette yay\u0131nlam\u0131\u015f. Janna\u2019n\u0131n amat\u00f6r olarak gazetecili\u011fi de b\u00f6ylece ba\u015flam\u0131\u015f. Day\u0131s\u0131 da gazeteci olan Janna Jihad\u2019\u0131n en b\u00fcy\u00fck hayaliymi\u015f gazeteci olmak. D\u00fcnya bas\u0131n\u0131nda Filistin\u2019in haberlerinin yanl\u0131\u015f ve \u00e7ok az yer bulmas\u0131ndan rahats\u0131z olunca \u2018Neden \u015fimdi yapm\u0131yorum?\u2019 diyerek kollar\u0131 s\u0131vam\u0131\u015f k\u00fc\u00e7\u00fck ya\u015f\u0131na ald\u0131rmadan. O g\u00fcn bug\u00fcnd\u00fcr a\u011f\u0131rl\u0131kl\u0131 olarak Bat\u0131 \u015eeria\u2019da ya\u015fanan eylemleri, k\u00f6y\u00fcne yap\u0131lan bask\u0131nlar\u0131 d\u00fcnyaya duyurmaya \u00e7al\u0131\u015f\u0131yor.<\/p>\n<p>Bunun i\u00e7in de genellikle Snapchat, Facebook, Instagram ve Twitter gibi sosyal medya hesaplar\u0131n\u0131 kullanan Janna\u2019n\u0131n \u00e7ekti\u011fi g\u00f6r\u00fcnt\u00fcler, \u00e7o\u011fu zaman haber kanallar\u0131 taraf\u0131ndan da kullan\u0131yor.<\/p>\n<p>Sosyal medyada payla\u015ft\u0131\u011f\u0131 haberlerinin alt\u0131na hem olumlu hem de olumsuz yorumlar yaz\u0131ld\u0131\u011f\u0131n\u0131 s\u00f6yl\u00fcyor. B\u00fcy\u00fck \u00e7o\u011funlu\u011fu destek mesajlar\u0131 olsa da, Janna\u2019n\u0131n haberlerinin yanl\u0131 oldu\u011funu, ger\u00e7e\u011fi yans\u0131tmad\u0131\u011f\u0131n\u0131 d\u00fc\u015f\u00fcnenler de var.<\/p>\n<p>Janna: \u201cOnlar\u0131 umursam\u0131yorum. Burada ger\u00e7ekten neler oldu\u011funu, neyin do\u011fru neyin ger\u00e7ek oldu\u011funu kendi g\u00f6zlerinizle g\u00f6rmeniz i\u00e7in Filistin\u2019e gelin!\u201d diyor defaatle\u2026<\/p>\n<p>&nbsp;<\/p>\n<p><strong>Ailesi Endi\u015felense de Ona Destek Oluyor<\/strong><\/p>\n<p>\u0130srail askerlerinin gazetecilere \u00e7ok sert davrand\u0131klar\u0131n\u0131 ifade eden Janna Jihad, \u201cFilistinli gazetecilerin kameralar\u0131 ellerinden al\u0131yorlar, hatta k\u0131r\u0131yorlar. Onlar\u0131 yaralamaya \u00e7al\u0131\u015f\u0131yorlar. Pek \u00e7ok haber bu engellemeler y\u00fcz\u00fcnden yay\u0131nlanam\u0131yor. Filistinlilerin zor bir ya\u015fay\u0131\u015f\u0131 var ama Filistinli gazetecilerinki daha da zor. Benim elimden hi\u00e7bir zaman kameram\u0131 alamad\u0131lar. Fakat bir defas\u0131nda yine k\u00f6y\u00fcm\u00fcze gelmi\u015flerdi. Ben de arkada\u015flar\u0131mla bah\u00e7ede oynuyordum. O s\u0131rada ate\u015f a\u00e7maya ba\u015flad\u0131lar. Hemen telefonumla kay\u0131t almaya ba\u015flad\u0131m. Bunu farkedince vurdular, dalga ge\u00e7tiler, g\u00fcld\u00fcler, telefonumu d\u00fc\u015f\u00fcrd\u00fcler. \u2018\u00c7ekmeyin yoksa tutuklar\u0131z\u2019 diye tehdit ettiler\u201d ifadeleriyle ya\u015fad\u0131\u011f\u0131 zor anlar\u0131 anlat\u0131yor Janna\u2026<\/p>\n<p>Ailesinin bu konuda kendisine \u00e7ok destek oldu\u011funu ifade eden Janna,\u00a0 gazetecilik hayat\u0131n\u0131n her an\u0131nda ailesinin deste\u011fini g\u00f6rd\u00fc\u011f\u00fc i\u00e7in daha arzulu ve kararl\u0131 oldu\u011funu da ifade ediyor.<\/p>\n<p>&nbsp;<\/p>\n<p><strong>\u201cAmelimiz de var \u00fcmidimiz de\u2026\u201d<\/strong><\/p>\n<p>Filistin\u2019de ya\u015fanan mevcut olaylar\u0131 aktar\u0131rken, \u0130srail\u2019in sadece M\u00fcsl\u00fcmanlara kar\u015f\u0131 de\u011fil Filistinli Hristiyanlara da milliyet\u00e7ilikte kaynakl\u0131 bask\u0131 yapt\u0131\u011f\u0131n\u0131 s\u00f6yl\u00fcyor Janna ve anlatt\u0131\u011f\u0131 her an\u0131 sanki yeniden ya\u015f\u0131yor\u2026<\/p>\n<p>5 Mart 2017 tarihinde en son haberini yay\u0131nlayan Janna, askerlerin yeniden k\u00f6ylerine gidip ate\u015f a\u00e7t\u0131\u011f\u0131n\u0131, evlerine gaz bombas\u0131 s\u0131k\u0131ld\u0131\u011f\u0131n\u0131 ve bunlar ya\u015fan\u0131rken \u00e7ok fazla korku i\u00e7inde gelecekleri hakk\u0131nda \u00e7ok endi\u015felendiklerini s\u00f6yl\u00fcyor. Ya\u015fanan bu zulm\u00fc s\u00fcrekli bir \u015fekilde kay\u0131t alt\u0131na almalar\u0131, \u0130srailli askerler taraf\u0131ndan kabul g\u00f6rm\u00fcyor ve bu masum insanlar her kar\u015f\u0131la\u015fmalar\u0131nda tartaklan\u0131yor. O s\u0131rada bile g\u00f6r\u00fcnt\u00fc al\u0131p, 5 tane canl\u0131 yay\u0131n yapan cesur Janna, canl\u0131 olmayan g\u00f6r\u00fcnt\u00fcleri de sonradan payla\u015f\u0131yor. K\u00f6y\u00fc d\u0131\u015f\u0131nda da Filistin ile ilgili her t\u00fcrl\u00fc haber yap\u0131yor Janna.<\/p>\n<p>Ayr\u0131ca i\u015fgal alt\u0131ndaki b\u00f6lgelerde ezan yasa\u011f\u0131 ile ilgili \u00e7al\u0131\u015fmalar\u0131 da var.<\/p>\n<p>\u0130srail halk\u0131n\u0131n kendilerinden ba\u015fka olan renklere, dinlere, dillere kar\u015f\u0131 \u00e7ok bencil oldu\u011funun alt\u0131n\u0131 \u00e7izen Janna:<\/p>\n<p>\u201cBizim onlarla olan m\u00fccadelemizde amelimiz de var \u00fcmidimiz de\u2026 Allah bizimle in\u015fallah\u201d diyor.<\/p>\n<p>Ezilen m\u00fcsl\u00fcman bir co\u011frafyada ya\u015faman\u0131n t\u00fcm sanc\u0131lar\u0131n\u0131 \u00e7eken Janna, k\u00fc\u00e7\u00fck y\u00fcre\u011fi ile elinden gelen en b\u00fcy\u00fck iyili\u011fi yapman\u0131n pe\u015finde\u2026<\/p>\n<p>\u00d6len amcas\u0131 ve arkada\u015flar\u0131n\u0131n ac\u0131s\u0131n\u0131 y\u00fcre\u011finde ta\u015f\u0131yor,\u00a0 d\u00fcnyan\u0131n g\u00f6rmek istemedi\u011fi baz\u0131 ger\u00e7ekleri t\u00fcm yal\u0131nl\u0131\u011f\u0131 ile g\u00f6zler \u00f6n\u00fcne sermek istiyor.<\/p>\n<p>\u0130\u015fgal devleti \u0130srail, d\u00fcnyan\u0131n g\u00f6z\u00fc \u00f6n\u00fcnde \u00e7\u0131kar ve menfaati i\u00e7in ve de kadim (!) varl\u0131\u011f\u0131n\u0131n ayakta kalmas\u0131 i\u00e7in d\u00fcnya m\u00fcsl\u00fcmanlar\u0131n\u0131 derinden yaralayan katliam ve sald\u0131r\u0131lar\u0131n\u0131, zul\u00fcm ve c\u00fcr\u00fcmlerini i\u015flemeye devam ederken, Filistin halk\u0131na kay\u0131ts\u0131z kalan d\u00fcnya \u00fclkelerine bir ses olman\u0131n derdinde Janna\u2026<\/p>\n<p>Gitti\u011fi \u00fclkelerde \u015fu g\u00fczel fakat ac\u0131 ifade ile sesleniyor insanlara:<\/p>\n<p>\u201cBen bar\u0131\u015f\u0131n olmad\u0131\u011f\u0131 bar\u0131\u015f \u00fclkesi Filistin\u2019den geliyorum.\u201d<\/p>\n<p>K\u00fc\u00e7\u00fck ya\u015f\u0131na ra\u011fmen cesareti ve feraseti ile bir \u00e7ok ki\u015fiye \u00f6rnek olan Janna, \u00e7ocuklu\u011funun en verimli d\u00f6nemlerinde zor \u015fartlar alt\u0131ndaki bir k\u00f6yde mazlumlar\u0131n sesini d\u00fcnyaya duyurmak i\u00e7in m\u00fccadele veriyor. Refah ve huzurlu bir Filistin\u2019de \u00f6zg\u00fcrce y\u00fcr\u00fcmenin ne oldu\u011funu hen\u00fcz bilemeden, kendisi gibi binlerce \u00e7ocu\u011fun haklar\u0131n\u0131 sonuna kadar savunuyor.<\/p>\n<p>Kimi zaman \u00f6l\u00fcm ile burun buruna gelmekten \u00e7ekinmeden arkada\u015flar\u0131n\u0131 ve akrabalar\u0131n\u0131 korumak i\u00e7in \u0130srail askerinin kar\u015f\u0131s\u0131na ge\u00e7iyor.<\/p>\n<p>Kimi zaman buna f\u0131rsat\u0131 bile olmadan ate\u015f seslerine uyan\u0131yor\u2026<\/p>\n<p>Y\u0131lm\u0131yor, vazge\u00e7miyor, fark\u0131nda olarak ve bile bile iniyor sokaklara Janna. \u00dclkesinin bir g\u00fcn \u00f6zg\u00fcr olabilece\u011finin inanc\u0131 ile b\u00fcy\u00fct\u00fcyor kendini ve hayallerini\u2026<\/p>\n<p>Bizlere Filistin\u2019den bildiriyor:<\/p>\n<p>\u201c\u0130yilik bir g\u00fcne\u015ftir. Kulaklar\u0131n\u0131z\u0131 t\u0131kasan\u0131zda g\u00f6zlerinizi kapatsan\u0131z da birg\u00fcn iyili\u011fin s\u0131cakl\u0131\u011f\u0131n\u0131 hissedeceksiniz.\u201d<\/p>\n<p>Bir \u00e7ocuk d\u00fcnyay\u0131 de\u011fi\u015ftirebilir, hepimize ilham verebilir.<\/p>\n<p>Hayallerini haks\u0131zl\u0131klar\u0131n son buldu\u011fu, iyili\u011fin ve adaletin egemen oldu\u011fu bir d\u00fcnya \u00fczerine kuran iyi bir \u00e7ocuktan daha g\u00fc\u00e7l\u00fc bir m\u00fcjde ne olabilir?[\/vc_column_text][divider line_type=&#8221;No Line&#8221; custom_height=&#8221;30&#8243;][vc_video link=&#8221;https:\/\/youtu.be\/8kenPQlZacc&#8221; align=&#8221;center&#8221;][\/vc_column][\/vc_row]\n","protected":false},"excerpt":{"rendered":"<p>[vc_row type=&#8221;in_container&#8221; full_screen_row_position=&#8221;middle&#8221; scene_position=&#8221;center&#8221; text_color=&#8221;dark&#8221; text_align=&#8221;left&#8221; overlay_strength=&#8221;0.3&#8243; shape_divider_position=&#8221;bottom&#8221; bg_image_animation=&#8221;none&#8221;][vc_column column_padding=&#8221;no-extra-padding&#8221; column_padding_position=&#8221;all&#8221; background_color_opacity=&#8221;1&#8243; background_hover_color_opacity=&#8221;1&#8243; column_link_target=&#8221;_self&#8221; column_shadow=&#8221;none&#8221; column_border_radius=&#8221;none&#8221; width=&#8221;1\/1&#8243; tablet_width_inherit=&#8221;default&#8221; tablet_text_alignment=&#8221;default&#8221; phone_text_alignment=&#8221;default&#8221; column_border_width=&#8221;none&#8221; column_border_style=&#8221;solid&#8221; bg_image_animation=&#8221;none&#8221;][vc_column_text]\u201cD\u00fcnyan\u0131n iyili\u011fi i\u00e7in bizi g\u00f6rmezden gelmeyin\u2026 \u0130\u015fgal alt\u0131ndaki&#8230;<\/p>\n","protected":false},"author":8,"featured_media":17612,"comment_status":"open","ping_status":"closed","sticky":false,"template":"","format":"standard","meta":{"footnotes":""},"categories":[1625],"tags":[],"class_list":{"0":"post-17611","1":"post","2":"type-post","3":"status-publish","4":"format-standard","5":"has-post-thumbnail","7":"category-ucuncu-uluslararasi-iyilik-odulleri"},"yoast_head":"<!-- This site is optimized with the Yoast SEO plugin v27.4 - https:\/\/yoast.com\/product\/yoast-seo-wordpress\/ -->\n<title>Janna JIHAD<\/title>\n<meta name=\"description\" content=\"Filistin\u2019de Ramallah\u2019a yak\u0131n Nabi Salih k\u00f6y\u00fcnde annesiyle beraber ya\u015fayan 10 ya\u015f\u0131ndaki Janna Jihad, bir \u00e7ocuk olarak 3 y\u0131ld\u0131r Filistin halk\u0131n\u0131n ya\u015fad\u0131\u011f\u0131 zulm\u00fc ve bask\u0131y\u0131 duyurmaya \u00e7al\u0131\u015f\u0131yor.\" \/>\n<meta name=\"robots\" content=\"index, follow, max-snippet:-1, max-image-preview:large, max-video-preview:-1\" \/>\n<link rel=\"canonical\" href=\"https:\/\/tdv.org\/tr-TR\/janna-jihad\/\" \/>\n<meta property=\"og:locale\" content=\"tr_TR\" \/>\n<meta property=\"og:type\" content=\"article\" \/>\n<meta property=\"og:title\" content=\"Janna JIHAD\" \/>\n<meta property=\"og:description\" content=\"Filistin\u2019de Ramallah\u2019a yak\u0131n Nabi Salih k\u00f6y\u00fcnde annesiyle beraber ya\u015fayan 10 ya\u015f\u0131ndaki Janna Jihad, bir \u00e7ocuk olarak 3 y\u0131ld\u0131r Filistin halk\u0131n\u0131n ya\u015fad\u0131\u011f\u0131 zulm\u00fc ve bask\u0131y\u0131 duyurmaya \u00e7al\u0131\u015f\u0131yor.\" \/>\n<meta property=\"og:url\" content=\"https:\/\/tdv.org\/tr-TR\/janna-jihad\/\" \/>\n<meta property=\"og:site_name\" content=\"T\u00fcrkiye Diyanet Vakf\u0131 Resmi Web Sitesi\" \/>\n<meta property=\"article:publisher\" content=\"https:\/\/www.facebook.com\/Diyanetvakfi\/\" \/>\n<meta property=\"article:published_time\" content=\"2017-03-20T07:40:00+00:00\" \/>\n<meta property=\"article:modified_time\" content=\"2025-01-02T13:16:13+00:00\" \/>\n<meta property=\"og:image\" content=\"https:\/\/tdv.org\/tr-TR\/wp-content\/uploads\/2022\/02\/2017-02-Janna_Jihad.jpg\" \/>\n\t<meta property=\"og:image:width\" content=\"1000\" \/>\n\t<meta property=\"og:image:height\" content=\"667\" \/>\n\t<meta property=\"og:image:type\" content=\"image\/jpeg\" \/>\n<meta name=\"author\" content=\"Selim\" \/>\n<meta name=\"twitter:card\" content=\"summary_large_image\" \/>\n<meta name=\"twitter:creator\" content=\"@DiyanetVakfi\" \/>\n<meta name=\"twitter:site\" content=\"@DiyanetVakfi\" \/>\n<script type=\"application\/ld+json\" class=\"yoast-schema-graph\">{\"@context\":\"https:\\\/\\\/schema.org\",\"@graph\":[{\"@type\":\"Article\",\"@id\":\"https:\\\/\\\/tdv.org\\\/tr-TR\\\/janna-jihad\\\/#article\",\"isPartOf\":{\"@id\":\"https:\\\/\\\/tdv.org\\\/tr-TR\\\/janna-jihad\\\/\"},\"author\":{\"name\":\"Selim\",\"@id\":\"https:\\\/\\\/tdv.org\\\/tr-TR\\\/#\\\/schema\\\/person\\\/752b55e264a99273d55636516d96d5eb\"},\"headline\":\"Janna JIHAD\",\"datePublished\":\"2017-03-20T07:40:00+00:00\",\"dateModified\":\"2025-01-02T13:16:13+00:00\",\"mainEntityOfPage\":{\"@id\":\"https:\\\/\\\/tdv.org\\\/tr-TR\\\/janna-jihad\\\/\"},\"wordCount\":1705,\"commentCount\":0,\"publisher\":{\"@id\":\"https:\\\/\\\/tdv.org\\\/tr-TR\\\/#organization\"},\"image\":{\"@id\":\"https:\\\/\\\/tdv.org\\\/tr-TR\\\/janna-jihad\\\/#primaryimage\"},\"thumbnailUrl\":\"https:\\\/\\\/tdv.org\\\/tr-TR\\\/wp-content\\\/uploads\\\/2022\\\/02\\\/2017-02-Janna_Jihad.jpg\",\"articleSection\":[\"\u00dc\u00e7\u00fcnc\u00fc Uluslararas\u0131 \u0130yilik \u00d6d\u00fclleri\"],\"inLanguage\":\"tr\",\"potentialAction\":[{\"@type\":\"CommentAction\",\"name\":\"Comment\",\"target\":[\"https:\\\/\\\/tdv.org\\\/tr-TR\\\/janna-jihad\\\/#respond\"]}]},{\"@type\":\"WebPage\",\"@id\":\"https:\\\/\\\/tdv.org\\\/tr-TR\\\/janna-jihad\\\/\",\"url\":\"https:\\\/\\\/tdv.org\\\/tr-TR\\\/janna-jihad\\\/\",\"name\":\"Janna JIHAD\",\"isPartOf\":{\"@id\":\"https:\\\/\\\/tdv.org\\\/tr-TR\\\/#website\"},\"primaryImageOfPage\":{\"@id\":\"https:\\\/\\\/tdv.org\\\/tr-TR\\\/janna-jihad\\\/#primaryimage\"},\"image\":{\"@id\":\"https:\\\/\\\/tdv.org\\\/tr-TR\\\/janna-jihad\\\/#primaryimage\"},\"thumbnailUrl\":\"https:\\\/\\\/tdv.org\\\/tr-TR\\\/wp-content\\\/uploads\\\/2022\\\/02\\\/2017-02-Janna_Jihad.jpg\",\"datePublished\":\"2017-03-20T07:40:00+00:00\",\"dateModified\":\"2025-01-02T13:16:13+00:00\",\"description\":\"Filistin\u2019de Ramallah\u2019a yak\u0131n Nabi Salih k\u00f6y\u00fcnde annesiyle beraber ya\u015fayan 10 ya\u015f\u0131ndaki Janna Jihad, bir \u00e7ocuk olarak 3 y\u0131ld\u0131r Filistin halk\u0131n\u0131n ya\u015fad\u0131\u011f\u0131 zulm\u00fc ve bask\u0131y\u0131 duyurmaya \u00e7al\u0131\u015f\u0131yor.\",\"breadcrumb\":{\"@id\":\"https:\\\/\\\/tdv.org\\\/tr-TR\\\/janna-jihad\\\/#breadcrumb\"},\"inLanguage\":\"tr\",\"potentialAction\":[{\"@type\":\"ReadAction\",\"target\":[\"https:\\\/\\\/tdv.org\\\/tr-TR\\\/janna-jihad\\\/\"]}]},{\"@type\":\"ImageObject\",\"inLanguage\":\"tr\",\"@id\":\"https:\\\/\\\/tdv.org\\\/tr-TR\\\/janna-jihad\\\/#primaryimage\",\"url\":\"https:\\\/\\\/tdv.org\\\/tr-TR\\\/wp-content\\\/uploads\\\/2022\\\/02\\\/2017-02-Janna_Jihad.jpg\",\"contentUrl\":\"https:\\\/\\\/tdv.org\\\/tr-TR\\\/wp-content\\\/uploads\\\/2022\\\/02\\\/2017-02-Janna_Jihad.jpg\",\"width\":1000,\"height\":667},{\"@type\":\"BreadcrumbList\",\"@id\":\"https:\\\/\\\/tdv.org\\\/tr-TR\\\/janna-jihad\\\/#breadcrumb\",\"itemListElement\":[{\"@type\":\"ListItem\",\"position\":1,\"name\":\"Anasayfa\",\"item\":\"https:\\\/\\\/tdv.org\\\/tr-TR\\\/\"},{\"@type\":\"ListItem\",\"position\":2,\"name\":\"Janna JIHAD\"}]},{\"@type\":\"WebSite\",\"@id\":\"https:\\\/\\\/tdv.org\\\/tr-TR\\\/#website\",\"url\":\"https:\\\/\\\/tdv.org\\\/tr-TR\\\/\",\"name\":\"T\u00fcrkiye Diyanet Vakf\u0131 Resmi Web Sitesi\",\"description\":\"Yery\u00fcz\u00fcnde iyilik egemen oluncaya kadar\",\"publisher\":{\"@id\":\"https:\\\/\\\/tdv.org\\\/tr-TR\\\/#organization\"},\"alternateName\":\"T\u00fcrkiye Diyanet Vakf\u0131\",\"potentialAction\":[{\"@type\":\"SearchAction\",\"target\":{\"@type\":\"EntryPoint\",\"urlTemplate\":\"https:\\\/\\\/tdv.org\\\/tr-TR\\\/?s={search_term_string}\"},\"query-input\":{\"@type\":\"PropertyValueSpecification\",\"valueRequired\":true,\"valueName\":\"search_term_string\"}}],\"inLanguage\":\"tr\"},{\"@type\":\"Organization\",\"@id\":\"https:\\\/\\\/tdv.org\\\/tr-TR\\\/#organization\",\"name\":\"T\u00fcrkiye Diyanet Vakf\u0131\",\"alternateName\":\"T\u00fcrkiye Diyanet Vakf\u0131\",\"url\":\"https:\\\/\\\/tdv.org\\\/tr-TR\\\/\",\"logo\":{\"@type\":\"ImageObject\",\"inLanguage\":\"tr\",\"@id\":\"https:\\\/\\\/tdv.org\\\/tr-TR\\\/#\\\/schema\\\/logo\\\/image\\\/\",\"url\":\"https:\\\/\\\/tdv.org\\\/tr-TR\\\/wp-content\\\/uploads\\\/2018\\\/12\\\/TDV_Logo_1.png\",\"contentUrl\":\"https:\\\/\\\/tdv.org\\\/tr-TR\\\/wp-content\\\/uploads\\\/2018\\\/12\\\/TDV_Logo_1.png\",\"width\":207,\"height\":71,\"caption\":\"T\u00fcrkiye Diyanet Vakf\u0131\"},\"image\":{\"@id\":\"https:\\\/\\\/tdv.org\\\/tr-TR\\\/#\\\/schema\\\/logo\\\/image\\\/\"},\"sameAs\":[\"https:\\\/\\\/www.facebook.com\\\/Diyanetvakfi\\\/\",\"https:\\\/\\\/x.com\\\/DiyanetVakfi\",\"https:\\\/\\\/www.instagram.com\\\/turkiyediyanetvakfi\\\/\",\"https:\\\/\\\/www.youtube.com\\\/user\\\/TurkiyeDiyanetVakfi\"]},{\"@type\":\"Person\",\"@id\":\"https:\\\/\\\/tdv.org\\\/tr-TR\\\/#\\\/schema\\\/person\\\/752b55e264a99273d55636516d96d5eb\",\"name\":\"Selim\",\"image\":{\"@type\":\"ImageObject\",\"inLanguage\":\"tr\",\"@id\":\"https:\\\/\\\/tdv.org\\\/tr-TR\\\/wp-content\\\/litespeed\\\/avatar\\\/a1e47b25396e98e5b781e88a5396cd96.jpg?ver=1777287391\",\"url\":\"https:\\\/\\\/tdv.org\\\/tr-TR\\\/wp-content\\\/litespeed\\\/avatar\\\/a1e47b25396e98e5b781e88a5396cd96.jpg?ver=1777287391\",\"contentUrl\":\"https:\\\/\\\/tdv.org\\\/tr-TR\\\/wp-content\\\/litespeed\\\/avatar\\\/a1e47b25396e98e5b781e88a5396cd96.jpg?ver=1777287391\",\"caption\":\"Selim\"}}]}<\/script>\n<!-- \/ Yoast SEO plugin. -->","yoast_head_json":{"title":"Janna JIHAD","description":"Filistin\u2019de Ramallah\u2019a yak\u0131n Nabi Salih k\u00f6y\u00fcnde annesiyle beraber ya\u015fayan 10 ya\u015f\u0131ndaki Janna Jihad, bir \u00e7ocuk olarak 3 y\u0131ld\u0131r Filistin halk\u0131n\u0131n ya\u015fad\u0131\u011f\u0131 zulm\u00fc ve bask\u0131y\u0131 duyurmaya \u00e7al\u0131\u015f\u0131yor.","robots":{"index":"index","follow":"follow","max-snippet":"max-snippet:-1","max-image-preview":"max-image-preview:large","max-video-preview":"max-video-preview:-1"},"canonical":"https:\/\/tdv.org\/tr-TR\/janna-jihad\/","og_locale":"tr_TR","og_type":"article","og_title":"Janna JIHAD","og_description":"Filistin\u2019de Ramallah\u2019a yak\u0131n Nabi Salih k\u00f6y\u00fcnde annesiyle beraber ya\u015fayan 10 ya\u015f\u0131ndaki Janna Jihad, bir \u00e7ocuk olarak 3 y\u0131ld\u0131r Filistin halk\u0131n\u0131n ya\u015fad\u0131\u011f\u0131 zulm\u00fc ve bask\u0131y\u0131 duyurmaya \u00e7al\u0131\u015f\u0131yor.","og_url":"https:\/\/tdv.org\/tr-TR\/janna-jihad\/","og_site_name":"T\u00fcrkiye Diyanet Vakf\u0131 Resmi Web Sitesi","article_publisher":"https:\/\/www.facebook.com\/Diyanetvakfi\/","article_published_time":"2017-03-20T07:40:00+00:00","article_modified_time":"2025-01-02T13:16:13+00:00","og_image":[{"width":1000,"height":667,"url":"https:\/\/tdv.org\/tr-TR\/wp-content\/uploads\/2022\/02\/2017-02-Janna_Jihad.jpg","type":"image\/jpeg"}],"author":"Selim","twitter_card":"summary_large_image","twitter_creator":"@DiyanetVakfi","twitter_site":"@DiyanetVakfi","schema":{"@context":"https:\/\/schema.org","@graph":[{"@type":"Article","@id":"https:\/\/tdv.org\/tr-TR\/janna-jihad\/#article","isPartOf":{"@id":"https:\/\/tdv.org\/tr-TR\/janna-jihad\/"},"author":{"name":"Selim","@id":"https:\/\/tdv.org\/tr-TR\/#\/schema\/person\/752b55e264a99273d55636516d96d5eb"},"headline":"Janna JIHAD","datePublished":"2017-03-20T07:40:00+00:00","dateModified":"2025-01-02T13:16:13+00:00","mainEntityOfPage":{"@id":"https:\/\/tdv.org\/tr-TR\/janna-jihad\/"},"wordCount":1705,"commentCount":0,"publisher":{"@id":"https:\/\/tdv.org\/tr-TR\/#organization"},"image":{"@id":"https:\/\/tdv.org\/tr-TR\/janna-jihad\/#primaryimage"},"thumbnailUrl":"https:\/\/tdv.org\/tr-TR\/wp-content\/uploads\/2022\/02\/2017-02-Janna_Jihad.jpg","articleSection":["\u00dc\u00e7\u00fcnc\u00fc Uluslararas\u0131 \u0130yilik \u00d6d\u00fclleri"],"inLanguage":"tr","potentialAction":[{"@type":"CommentAction","name":"Comment","target":["https:\/\/tdv.org\/tr-TR\/janna-jihad\/#respond"]}]},{"@type":"WebPage","@id":"https:\/\/tdv.org\/tr-TR\/janna-jihad\/","url":"https:\/\/tdv.org\/tr-TR\/janna-jihad\/","name":"Janna JIHAD","isPartOf":{"@id":"https:\/\/tdv.org\/tr-TR\/#website"},"primaryImageOfPage":{"@id":"https:\/\/tdv.org\/tr-TR\/janna-jihad\/#primaryimage"},"image":{"@id":"https:\/\/tdv.org\/tr-TR\/janna-jihad\/#primaryimage"},"thumbnailUrl":"https:\/\/tdv.org\/tr-TR\/wp-content\/uploads\/2022\/02\/2017-02-Janna_Jihad.jpg","datePublished":"2017-03-20T07:40:00+00:00","dateModified":"2025-01-02T13:16:13+00:00","description":"Filistin\u2019de Ramallah\u2019a yak\u0131n Nabi Salih k\u00f6y\u00fcnde annesiyle beraber ya\u015fayan 10 ya\u015f\u0131ndaki Janna Jihad, bir \u00e7ocuk olarak 3 y\u0131ld\u0131r Filistin halk\u0131n\u0131n ya\u015fad\u0131\u011f\u0131 zulm\u00fc ve bask\u0131y\u0131 duyurmaya \u00e7al\u0131\u015f\u0131yor.","breadcrumb":{"@id":"https:\/\/tdv.org\/tr-TR\/janna-jihad\/#breadcrumb"},"inLanguage":"tr","potentialAction":[{"@type":"ReadAction","target":["https:\/\/tdv.org\/tr-TR\/janna-jihad\/"]}]},{"@type":"ImageObject","inLanguage":"tr","@id":"https:\/\/tdv.org\/tr-TR\/janna-jihad\/#primaryimage","url":"https:\/\/tdv.org\/tr-TR\/wp-content\/uploads\/2022\/02\/2017-02-Janna_Jihad.jpg","contentUrl":"https:\/\/tdv.org\/tr-TR\/wp-content\/uploads\/2022\/02\/2017-02-Janna_Jihad.jpg","width":1000,"height":667},{"@type":"BreadcrumbList","@id":"https:\/\/tdv.org\/tr-TR\/janna-jihad\/#breadcrumb","itemListElement":[{"@type":"ListItem","position":1,"name":"Anasayfa","item":"https:\/\/tdv.org\/tr-TR\/"},{"@type":"ListItem","position":2,"name":"Janna JIHAD"}]},{"@type":"WebSite","@id":"https:\/\/tdv.org\/tr-TR\/#website","url":"https:\/\/tdv.org\/tr-TR\/","name":"T\u00fcrkiye Diyanet Vakf\u0131 Resmi Web Sitesi","description":"Yery\u00fcz\u00fcnde iyilik egemen oluncaya kadar","publisher":{"@id":"https:\/\/tdv.org\/tr-TR\/#organization"},"alternateName":"T\u00fcrkiye Diyanet Vakf\u0131","potentialAction":[{"@type":"SearchAction","target":{"@type":"EntryPoint","urlTemplate":"https:\/\/tdv.org\/tr-TR\/?s={search_term_string}"},"query-input":{"@type":"PropertyValueSpecification","valueRequired":true,"valueName":"search_term_string"}}],"inLanguage":"tr"},{"@type":"Organization","@id":"https:\/\/tdv.org\/tr-TR\/#organization","name":"T\u00fcrkiye Diyanet Vakf\u0131","alternateName":"T\u00fcrkiye Diyanet Vakf\u0131","url":"https:\/\/tdv.org\/tr-TR\/","logo":{"@type":"ImageObject","inLanguage":"tr","@id":"https:\/\/tdv.org\/tr-TR\/#\/schema\/logo\/image\/","url":"https:\/\/tdv.org\/tr-TR\/wp-content\/uploads\/2018\/12\/TDV_Logo_1.png","contentUrl":"https:\/\/tdv.org\/tr-TR\/wp-content\/uploads\/2018\/12\/TDV_Logo_1.png","width":207,"height":71,"caption":"T\u00fcrkiye Diyanet Vakf\u0131"},"image":{"@id":"https:\/\/tdv.org\/tr-TR\/#\/schema\/logo\/image\/"},"sameAs":["https:\/\/www.facebook.com\/Diyanetvakfi\/","https:\/\/x.com\/DiyanetVakfi","https:\/\/www.instagram.com\/turkiyediyanetvakfi\/","https:\/\/www.youtube.com\/user\/TurkiyeDiyanetVakfi"]},{"@type":"Person","@id":"https:\/\/tdv.org\/tr-TR\/#\/schema\/person\/752b55e264a99273d55636516d96d5eb","name":"Selim","image":{"@type":"ImageObject","inLanguage":"tr","@id":"https:\/\/tdv.org\/tr-TR\/wp-content\/litespeed\/avatar\/a1e47b25396e98e5b781e88a5396cd96.jpg?ver=1777287391","url":"https:\/\/tdv.org\/tr-TR\/wp-content\/litespeed\/avatar\/a1e47b25396e98e5b781e88a5396cd96.jpg?ver=1777287391","contentUrl":"https:\/\/tdv.org\/tr-TR\/wp-content\/litespeed\/avatar\/a1e47b25396e98e5b781e88a5396cd96.jpg?ver=1777287391","caption":"Selim"}}]}},"_links":{"self":[{"href":"https:\/\/tdv.org\/tr-TR\/wp-json\/wp\/v2\/posts\/17611","targetHints":{"allow":["GET"]}}],"collection":[{"href":"https:\/\/tdv.org\/tr-TR\/wp-json\/wp\/v2\/posts"}],"about":[{"href":"https:\/\/tdv.org\/tr-TR\/wp-json\/wp\/v2\/types\/post"}],"author":[{"embeddable":true,"href":"https:\/\/tdv.org\/tr-TR\/wp-json\/wp\/v2\/users\/8"}],"replies":[{"embeddable":true,"href":"https:\/\/tdv.org\/tr-TR\/wp-json\/wp\/v2\/comments?post=17611"}],"version-history":[{"count":4,"href":"https:\/\/tdv.org\/tr-TR\/wp-json\/wp\/v2\/posts\/17611\/revisions"}],"predecessor-version":[{"id":48124,"href":"https:\/\/tdv.org\/tr-TR\/wp-json\/wp\/v2\/posts\/17611\/revisions\/48124"}],"wp:featuredmedia":[{"embeddable":true,"href":"https:\/\/tdv.org\/tr-TR\/wp-json\/wp\/v2\/media\/17612"}],"wp:attachment":[{"href":"https:\/\/tdv.org\/tr-TR\/wp-json\/wp\/v2\/media?parent=17611"}],"wp:term":[{"taxonomy":"category","embeddable":true,"href":"https:\/\/tdv.org\/tr-TR\/wp-json\/wp\/v2\/categories?post=17611"},{"taxonomy":"post_tag","embeddable":true,"href":"https:\/\/tdv.org\/tr-TR\/wp-json\/wp\/v2\/tags?post=17611"}],"curies":[{"name":"wp","href":"https:\/\/api.w.org\/{rel}","templated":true}]}}