{"id":17614,"date":"2017-03-20T10:41:33","date_gmt":"2017-03-20T07:41:33","guid":{"rendered":"https:\/\/tdv.org\/tr-TR\/?p=17614"},"modified":"2025-01-02T16:15:36","modified_gmt":"2025-01-02T13:15:36","slug":"yahya-kamci","status":"publish","type":"post","link":"https:\/\/tdv.org\/tr-TR\/yahya-kamci\/","title":{"rendered":"Yahya KAM\u00c7I"},"content":{"rendered":"[vc_row type=&#8221;in_container&#8221; full_screen_row_position=&#8221;middle&#8221; scene_position=&#8221;center&#8221; text_color=&#8221;dark&#8221; text_align=&#8221;left&#8221; overlay_strength=&#8221;0.3&#8243; shape_divider_position=&#8221;bottom&#8221; bg_image_animation=&#8221;none&#8221;][vc_column column_padding=&#8221;no-extra-padding&#8221; column_padding_position=&#8221;all&#8221; background_color_opacity=&#8221;1&#8243; background_hover_color_opacity=&#8221;1&#8243; column_link_target=&#8221;_self&#8221; column_shadow=&#8221;none&#8221; column_border_radius=&#8221;none&#8221; width=&#8221;1\/1&#8243; tablet_width_inherit=&#8221;default&#8221; tablet_text_alignment=&#8221;default&#8221; phone_text_alignment=&#8221;default&#8221; column_border_width=&#8221;none&#8221; column_border_style=&#8221;solid&#8221; bg_image_animation=&#8221;none&#8221;][vc_column_text]<em><strong>\u201c Bar\u0131\u015f, d\u00fcnyan\u0131n en g\u00fczel kelimesidir.<\/strong><\/em><\/p>\n<p><em><strong>Bar\u0131\u015f karde\u015flik demektir, ya\u015famak demektir.<\/strong><\/em><\/p>\n<p><em><strong>\u0130slam demektir,<\/strong><\/em><\/p>\n<p><em><strong>\u0130nsanl\u0131k demektir.<\/strong><\/em><\/p>\n<p><em><strong>Bu d\u00fcnya hepimize yeter\u2026\u201d<\/strong><\/em><\/p>\n<p><strong>Kan Davalar\u0131ndan Bar\u0131\u015f Sofralar\u0131na Uzanan \u0130yilik Yolu\u2026<\/strong><\/p>\n<p>Diyarbak\u0131rl\u0131, Sosyal Bilgiler \u00f6\u011fretmeni olan Yahya Kam\u00e7\u0131, ya\u015fad\u0131\u011f\u0131 b\u00f6lge ba\u015fta olmak \u00fczere T\u00fcrkiye\u2019nin d\u00f6rt bir yan\u0131nda kan davalar\u0131 sebebiyle olu\u015fan k\u00fcsl\u00fckleri ortadan kald\u0131rmak i\u00e7in var g\u00fcc\u00fc ile \u00e7al\u0131\u015f\u0131yor. B\u00f6lgede \u015fimdiye kadar bin 174 kan davas\u0131n\u0131n bar\u0131\u015fla sonu\u00e7lanmas\u0131nda arkada\u015flar\u0131 ile beraber rol alan Yahya Kam\u00e7\u0131, \u201cBar\u0131\u015f insan\u0131n ruhuna, tenine i\u015fliyor. Kan daval\u0131 insanlar\u0131n bar\u0131\u015f g\u00fcn\u00fc ayn\u0131 sofra etraf\u0131nda toplanmalar\u0131n\u0131 g\u00f6rmek mutluluk verici. Bar\u0131\u015f\u0131n her yerde hakim oldu\u011fu bir d\u00fcnya hayal ediyorum\u201d diyor.<\/p>\n<p>\u0130nsanlara hizmet etmekten dolay\u0131 mutluluk duydu\u011funu ifade eden Yahya Kam\u00e7\u0131, ge\u00e7mi\u015f y\u0131llarda Nobel Bar\u0131\u015f \u00d6d\u00fcl\u00fc\u2019ne aday g\u00f6sterilen, Diyarbak\u0131r\u2019da \u201cBar\u0131\u015f Babas\u0131\u201d olarak bilinen rahmetli \u2018arabulucu\u2019 Sait \u00d6z\u015fanl\u0131\u2019n\u0131n yan\u0131nda ba\u015flad\u0131\u011f\u0131 bu iyilik hareketini art\u0131k kendisi devam ettiriyor.<\/p>\n<p>Diyarbak\u0131r\u2019da 17 y\u0131ld\u0131r \u00f6\u011fretmenlik yapan 41 ya\u015f\u0131ndaki Yahya Kam\u00e7\u0131, iki \u00e7ocuk babas\u0131. Ailesinin de gurur duydu\u011fu ve her iyilik hareketinde onlar\u0131n b\u00fcy\u00fck deste\u011fini ald\u0131\u011f\u0131 bir iyilik el\u00e7isi. \u00d6zellikle ya\u015fad\u0131\u011f\u0131 b\u00f6lge olmak \u00fczere T\u00fcrkiye\u2019nin d\u00f6rt bir yan\u0131nda kan davalar\u0131, k\u0131z ka\u00e7\u0131rma vak\u0131alar\u0131 ve bor\u00e7 meselelerinden dolay\u0131 olu\u015fan k\u00fcsl\u00fckleri ortadan kald\u0131rmak i\u00e7in bir \u00e7ok insan\u0131n bar\u0131\u015fmas\u0131na sebep oluyor ve fark\u0131ndal\u0131k olu\u015fturmak i\u00e7in de bir \u00e7ok arkada\u015f\u0131n\u0131 bu harekete davet ediyor.<\/p>\n<p>\u00c7evresinde renkli ki\u015fili\u011fi ve \u00e7ok y\u00f6nl\u00fcl\u00fc\u011f\u00fcyle tan\u0131nan Yahya Kam\u00e7\u0131, pek \u00e7ok sosyal sorumluluk projesinin organizasyonunda da \u00f6nc\u00fc rol \u00fcstlenmi\u015f. \u00d6\u011frencileri ile birlikte y\u00fcr\u00fctt\u00fc\u011f\u00fc bu projeler, onu s\u0131radan bir e\u011fitimci olmaktan \u00e7ok \u00f6teye ta\u015f\u0131m\u0131\u015f.<\/p>\n<p>Engelli \u00e7ocuklara tekerlekli sandalye alabilmek i\u00e7in at\u0131k piller, at\u0131k ya\u011flar ve mavi kapaklar\u0131 toplama projelerini ba\u015flatarak, bunu hem \u00e7ocuklar\u0131n sandalyeye ula\u015fmas\u0131 i\u00e7in hem de etraf\u0131 temiz tutmak i\u00e7in yapm\u0131\u015f. 150 bin su \u015fi\u015fesi kapa\u011f\u0131, 2 bin litre at\u0131k ya\u011f, 250 kg. at\u0131k pil toplam\u0131\u015f ve Diyarbak\u0131r\u2019daki sivil toplum kurulu\u015flar\u0131nca 3 y\u0131l \u00fcst \u00fcstte y\u0131l\u0131n \u00f6\u011fretmeni se\u00e7ilmi\u015f. \u0130nsanlar\u0131 bar\u0131\u015ft\u0131rman\u0131n yan\u0131 s\u0131ra, \u00e7ocuklara ve tabiata faydal\u0131 bir\u00e7ok \u00e7al\u0131\u015fman\u0131n i\u00e7erisinde yer alarak iyi bir e\u011fitimci olmak i\u00e7in ge\u00e7ilecek t\u00fcm yollardan y\u00fcr\u00fcyor\u2026<\/p>\n<p>&nbsp;<\/p>\n<p><strong>D\u00fc\u015fmanl\u0131ktan Karde\u015fli\u011fe\u2026<\/strong><\/p>\n<p>Yahya Kam\u00e7\u0131\u2019n\u0131n kavgal\u0131 ve kan daval\u0131 aileleri bar\u0131\u015ft\u0131rma hik\u00e2yesi, b\u00f6lgenin tan\u0131nm\u0131\u015f kanaat \u00f6nderlerinden olan ve b\u00f6lgedeki pek \u00e7ok aileyi bar\u0131\u015f sofralar\u0131nda bir araya getiren Sait \u00d6z\u015fanl\u0131\u2019y\u0131 ziyaretiyle ba\u015flad\u0131ktan sonra, sorunlar\u0131na ortak olaca\u011f\u0131 her ailenin bar\u0131\u015fma s\u00fcrecinde ayr\u0131 bir heyecan duyarak devam etmi\u015f.<\/p>\n<p>Kaderin bu iki bar\u0131\u015fsever el\u00e7iyi bir araya getirmesinde bir hay\u0131r oldu\u011funa kani olarak, hi\u00e7bir tehlikeyi ve riski hesaba katmadan ve Allah r\u0131zas\u0131 i\u00e7in \u00e7\u0131km\u0131\u015f bu yola\u2026<\/p>\n<p>Sait Bey, Yahya Kam\u00e7\u0131\u2019daki potansiyelin fark\u0131na vararak, ilk ziyaretinde ona bir teklifte bulunmu\u015f. \u201cNe yapt\u0131\u011f\u0131m\u0131 sordu\u011funda \u00f6\u011fretmenlik yapt\u0131\u011f\u0131m\u0131 s\u00f6yledim. O da sayg\u0131n bir i\u015fim ve ki\u015fili\u011fim oldu\u011funu s\u00f6yleyerek daval\u0131 aileleri bar\u0131\u015ft\u0131rmak \u00fczere kendisi ile birlikte \u00e7al\u0131\u015fmam\u0131 teklif etti. Sonu\u00e7ta hay\u0131rl\u0131 bir i\u015f ve benim ruhuma uygun bir \u015feydi. Bir g\u00fcn Diyarbak\u0131r\u2019\u0131n Lice il\u00e7esinde bir k\u00f6ye gittik. Orada iki aile aras\u0131ndaki sorun Kur\u2019an-\u0131 Kerim\u2019in alt\u0131ndan ge\u00e7tikten sonra bitti.\u201d diyor Yahya Kam\u00e7\u0131.<\/p>\n<p>Kur\u2019an-\u0131 Kerim\u2019in alt\u0131ndan ge\u00e7ene kadar d\u00fc\u015fman olan bu insanlar\u0131n, ge\u00e7tikten sonra karde\u015f gibi birbirlerine sar\u0131ld\u0131klar\u0131n\u0131 g\u00f6r\u00fcp \u00e7ok duygulanm\u0131\u015f Yahya Kam\u00e7\u0131. \u201cDemek ki bar\u0131\u015f karde\u015flik demek\u201d diyerek Sait amcam\u0131n yan\u0131nda olman\u0131n ne anlama geldi\u011fini ve hem kendisine hem de e\u011fitim-\u00f6\u011fretim hayat\u0131nda gelecek nesilleri bu yolda nas\u0131l motive edece\u011fini kavram\u0131\u015f.<\/p>\n<p>\u0130nsanlar\u0131n birbirlerine tahamm\u00fcl edemedi\u011fi i\u00e7in k\u00fcs kal\u0131p, \u00e7evrelerinden ve kurulu d\u00fczenlerinden g\u00f6\u00e7 etme duygusuyla hareket etti\u011fini s\u00f6yleyen Yahya Kam\u00e7\u0131, \u201cBu durumda biz de \u2018neme laz\u0131m\u2019 diyemeyiz. Neme laz\u0131m diyen bir insan insal\u0131\u011f\u0131n\u0131 kaybetmi\u015f derdi Sait amca. \u0130nsanl\u0131\u011f\u0131m\u0131z i\u00e7in bar\u0131\u015f\u0131 sa\u011flamal\u0131y\u0131z\u201d diyerek s\u0131rtland\u0131\u011f\u0131 davan\u0131n bilincini aktar\u0131yor.<\/p>\n<p>&nbsp;<\/p>\n<p><strong>\u0130nsanlar\u0131n Sorunlar\u0131n\u0131 Tek Tek Dinliyor\u2026<\/strong><\/p>\n<p>2009 y\u0131l\u0131na kadar \u00d6z\u015fanl\u0131 ile beraber her davaya kat\u0131lan Yahya Kam\u00e7\u0131, onun vefat\u0131ndan sonra arkada\u015flar\u0131, \u00f6\u011fretmenler, imamlar ve \u00d6z\u015fanl\u0131\u2019n\u0131n \u00e7ocuklar\u0131yla beraber \u2018Hac\u0131 Sait \u00d6z\u015fanl\u0131 Bar\u0131\u015f Komisyonu\u2019nu olu\u015fturmu\u015flar. Bu komisyon \u00fcyelerinin say\u0131s\u0131 zamanla azal\u0131p \u00e7o\u011falsa da \u00d6z\u015fanl\u0131\u2019n\u0131n yolundan hi\u00e7bir zaman ayr\u0131lmam\u0131\u015flar.<\/p>\n<p>\u015eimdilerde T\u00fcrkiye\u2019nin neresinde olursa olsun kendilerinden yard\u0131m isteyen hi\u00e7bir kimseyi geri \u00e7evirmeyen Yahya Kam\u00e7\u0131 ve komisyon \u00fcyeleri; Mu\u015f, Urfa, \u0130stanbul, Erzurum gibi illere giderek t\u00fcm aile fertleriyle konu\u015fup ikna ediyor. Her iki ailenin de ileri gelenleri ziyaret edilerek sorunlar dinleniyor, ileride k\u00fcsl\u00fc\u011f\u00fc ba\u015flatacak konu\u015fulmam\u0131\u015f tek bir konu bile b\u0131rakm\u0131yorlar. Bar\u0131\u015fa ikna edilen aileler aras\u0131nda ortak bir g\u00fcn belirleniyor ve o g\u00fcne b\u00f6lgenin ileri gelenleri de davet ediliyor. Bar\u0131\u015f g\u00fcn\u00fc gelip \u00e7att\u0131\u011f\u0131nda ise hocalar taraf\u0131ndan Kur\u2019an-\u0131 Kerim okunuyor. Tarafs\u0131z olan ki\u015filer taraf\u0131ndan Kur\u2019an-\u0131 Kerim havada tutularak her iki aile \u00fcyeleri tek tek alt\u0131ndan ge\u00e7iyor. Kur\u2019an-\u0131 Kerim\u2019in alt\u0131ndan ge\u00e7ildikten sonra iki aile birbirine sar\u0131larak bar\u0131\u015f sofras\u0131na oturuyor.<\/p>\n<p>Y\u0131llarca s\u00fcren kan davalar\u0131, k\u00fcsl\u00fckler, \u015fiddetli kavgalar\u0131n bar\u0131\u015fla sonlanmas\u0131n\u0131n hikmetini en g\u00fczel sebebe dayand\u0131r\u0131yor Yahya Kam\u00e7\u0131: \u201cBuradaki birle\u015ftirici fakt\u00f6r Kur\u2019an. \u0130nsanlar\u0131n ruhundaki daralma geni\u015fliyor. Ona sayg\u0131lar\u0131ndan dolay\u0131 bar\u0131\u015f\u0131yorlar. Komisyon olarak t\u00fcm bar\u0131\u015f olaylar\u0131n\u0131 Kur\u2019an-\u0131 Kerim\u2019in alt\u0131ndan ge\u00e7irerek yapt\u0131k. Sonras\u0131nda da bir problem \u00e7\u0131kmad\u0131. \u00c7\u00fcnk\u00fc ondan sonra hakim Kur\u2019an-\u0131 Kerim oluyor. \u0130nsanlar\u0131n O\u2019na sayg\u0131s\u0131ndan ve korkusundan bir daha k\u00fcsl\u00fck olmuyor.\u201d<\/p>\n<p>&nbsp;<\/p>\n<p><strong>Ve bir yenisini ekliyor Yahya Kam\u00e7\u0131 bar\u0131\u015f hikayelerine\u2026<\/strong><\/p>\n<p>Diyarbak\u0131r\u2019\u0131n Bismil il\u00e7esinde amca \u00e7ocuklar\u0131 aras\u0131nda \u00e7\u0131kan bir kavga sonuncunda bir ki\u015finin hayat\u0131n\u0131 kaybetti\u011fini belirten iyilik el\u00e7isi Yahya Kam\u00e7\u0131, \u201cOlaydan 9 y\u0131l sonra biz aileleri bar\u0131\u015ft\u0131rd\u0131k. Bar\u0131\u015f yap\u0131laca\u011f\u0131 ortama ortaokul ve lisede okuyan \u00f6\u011frencilerimi getirdim. \u00d6\u011frencilerim, ben, benim \u00f6\u011fretmenim ve onun da \u00f6\u011fretmeni olmak \u00fczere 4 ku\u015fak yan yana bar\u0131\u015f i\u00e7in hizmet ettik. B\u00f6lgedeki bar\u0131\u015f olaylar\u0131nda \u00f6\u011frencilerim de oluyor. Yard\u0131m ediyorlar. B\u00f6ylece onlara bar\u0131\u015f\u0131 anlatman\u0131n yolunu ancak ya\u015fayarak \u00f6\u011fretece\u011fime inan\u0131yorum\u201d diyor.<\/p>\n<p>Kendi ailesinde k\u00fcsl\u00fcklere \u00f6rnekler oldu\u011funu, bar\u0131\u015f ve adaleti sa\u011flamak i\u00e7in \u00e7ok \u00e7abalad\u0131\u011f\u0131n\u0131 ve bu \u00e7abaya Allah\u2019\u0131n yard\u0131m\u0131n\u0131n de\u011fdi\u011fini s\u00f6yl\u00fcyor Yahya Kam\u00e7\u0131. 1973 y\u0131l\u0131nda Yahya \u00d6\u011fretmenin kendi ailesi ile amcazadeleri kavga etmi\u015fler. Bu davada d\u00f6rt ki\u015fi hayat\u0131n\u0131 kaybetmi\u015f ve bu a\u011f\u0131r kay\u0131plar\u0131n \u00fczerine amcazadeleri k\u00f6ylerini terk etmi\u015f. Diyarbak\u0131r Merkez, \u0130stanbul ve Almanya\u2019ya g\u00f6\u00e7 eden aileler 35 y\u0131ld\u0131r birbirlerinden kopmu\u015f ve hi\u00e7 konu\u015fmam\u0131\u015flar. G\u00f6r\u00fc\u015fmemeyi bile daha fazla can kayb\u0131n\u0131n ya\u015fanmamas\u0131 ad\u0131na bir nebze faydal\u0131 g\u00f6rse de Yahya Kam\u00e7\u0131, 2008 y\u0131l\u0131nda bu husumeti Sait Amcaya anlatm\u0131\u015f. K\u00f6ylerindeki \u00fcniversite mezunu, merhamet sahibi iyi e\u011fitimli ki\u015filerle de isti\u015fare edilmi\u015f. Onlar\u0131n da deste\u011fi ile Yahya Kam\u00e7\u0131\u2019n\u0131n ailesi de nihayet bar\u0131\u015f\u0131 sa\u011flam\u0131\u015f.<\/p>\n<p>B\u00f6lgelerinde insanlar\u0131n aras\u0131ndaki k\u00fc\u00e7\u00fck ya da b\u00fcy\u00fck sorunlar\u0131n bir \u015fekilde kan davas\u0131na d\u00f6n\u00fc\u015fme ihtimali oldu\u011funu, kendisinin de bu problemleri ortadan kald\u0131rmak i\u00e7in her daim \u00e7al\u0131\u015faca\u011f\u0131n\u0131 vurguluyor Yahya Kam\u00e7\u0131. \u201cBu co\u011frafyada \u2018bir koyun i\u00e7in \u00e7\u0131kan kan davas\u0131, bar\u0131\u015fla sonu\u00e7land\u0131\u011f\u0131nda k\u0131rk koyun kesilir\u2019 diye bir tan\u0131mlama vard\u0131r. K\u0131zg\u0131nl\u0131kla at\u0131lan yanl\u0131\u015f bir ad\u0131m pi\u015fman olunacak \u015feylere yol a\u00e7abiliyor. Biz de \u2018evet kavgaya bir koyun sebep olabilir ama bar\u0131\u015fa duydu\u011fumuz \u00f6zlem nedeniyle k\u0131rk koyun kesilir\u2019 diyoruz. Ger\u00e7ekten bar\u0131\u015fa \u00e7ok ihtiyac\u0131m\u0131z var ve insanlar\u0131n \u00f6lmedi\u011fi, bar\u0131\u015f\u0131n her yere h\u00e2kim oldu\u011fu bir d\u00fcnya en b\u00fcy\u00fck dile\u011fim.\u201d diyor.<\/p>\n<p>2003 y\u0131l\u0131ndan beri kan daval\u0131 ve k\u00fcsk\u00fcn ailelerin bar\u0131\u015fmas\u0131 i\u00e7in \u00e7al\u0131\u015fan Yahya Kam\u00e7\u0131 t\u00fcm bu \u00e7al\u0131\u015fmalar\u0131n\u0131 da dosyalayarak sakl\u0131yor. Asli g\u00f6revi olan \u00f6\u011fretmenlikten kalan t\u00fcm zaman\u0131n\u0131 ve enerjisini daval\u0131 ailelerin bar\u0131\u015fmalar\u0131 i\u00e7in sarf ediyor. \u00d6\u011fretmen arkada\u015flar\u0131n\u0131n da b\u00fcy\u00fck deste\u011fini alarak \u00f6\u011flene kadar okulda, \u00f6\u011fleden sonra halk\u0131n i\u00e7inde birlikte mesai yap\u0131yorlar.<\/p>\n<p>Bar\u0131\u015fan ailelerin \u00e7evresine verdi\u011fi huzurun motivasyonu ile \u00f6lene kadar b\u00f6yle yapaca\u011f\u0131n\u0131 s\u00f6yl\u00fcyor Yahya Kam\u00e7\u0131. \u201cBar\u0131\u015f b\u0131rak\u0131lmaz. Bar\u0131\u015f insan\u0131n\u0131n ruhuna, tenine i\u015fliyor. Bar\u0131\u015f \u015fu an benim ruhumda. Bar\u0131\u015f\u0131n her yere hakim oldu\u011fu bir d\u00fcnya hayal ediyorum ve iyilik her kalbi a\u00e7acak tek anahtard\u0131r. \u0130nan\u0131yorum ki bir g\u00fcn gelecek ve d\u00fcnyada sadece iyilik hakim olacak\u2026\u201d[\/vc_column_text][divider line_type=&#8221;No Line&#8221; custom_height=&#8221;30&#8243;][vc_video link=&#8221;https:\/\/youtu.be\/aQ8zkGWrZXo&#8221; align=&#8221;center&#8221;][\/vc_column][\/vc_row]\n","protected":false},"excerpt":{"rendered":"<p>[vc_row type=&#8221;in_container&#8221; full_screen_row_position=&#8221;middle&#8221; scene_position=&#8221;center&#8221; text_color=&#8221;dark&#8221; text_align=&#8221;left&#8221; overlay_strength=&#8221;0.3&#8243; shape_divider_position=&#8221;bottom&#8221; bg_image_animation=&#8221;none&#8221;][vc_column column_padding=&#8221;no-extra-padding&#8221; column_padding_position=&#8221;all&#8221; background_color_opacity=&#8221;1&#8243; background_hover_color_opacity=&#8221;1&#8243; column_link_target=&#8221;_self&#8221; column_shadow=&#8221;none&#8221; column_border_radius=&#8221;none&#8221; width=&#8221;1\/1&#8243; tablet_width_inherit=&#8221;default&#8221; tablet_text_alignment=&#8221;default&#8221; phone_text_alignment=&#8221;default&#8221; column_border_width=&#8221;none&#8221; column_border_style=&#8221;solid&#8221; bg_image_animation=&#8221;none&#8221;][vc_column_text]\u201c Bar\u0131\u015f, d\u00fcnyan\u0131n en g\u00fczel kelimesidir. Bar\u0131\u015f karde\u015flik&#8230;<\/p>\n","protected":false},"author":8,"featured_media":17615,"comment_status":"open","ping_status":"closed","sticky":false,"template":"","format":"standard","meta":{"footnotes":""},"categories":[1625],"tags":[],"class_list":{"0":"post-17614","1":"post","2":"type-post","3":"status-publish","4":"format-standard","5":"has-post-thumbnail","7":"category-ucuncu-uluslararasi-iyilik-odulleri"},"yoast_head":"<!-- This site is optimized with the Yoast SEO plugin v27.4 - https:\/\/yoast.com\/product\/yoast-seo-wordpress\/ -->\n<title>Yahya KAM\u00c7I<\/title>\n<meta name=\"description\" content=\"Diyarbak\u0131rl\u0131, Sosyal Bilgiler \u00f6\u011fretmeni olan Yahya Kam\u00e7\u0131, ya\u015fad\u0131\u011f\u0131 b\u00f6lge ba\u015fta olmak \u00fczere T\u00fcrkiye\u2019nin d\u00f6rt bir yan\u0131nda kan davalar\u0131 sebebiyle olu\u015fan k\u00fcsl\u00fckleri ortadan kald\u0131rmak i\u00e7in var g\u00fcc\u00fc ile \u00e7al\u0131\u015f\u0131yor.\" \/>\n<meta name=\"robots\" content=\"index, follow, max-snippet:-1, max-image-preview:large, max-video-preview:-1\" \/>\n<link rel=\"canonical\" href=\"https:\/\/tdv.org\/tr-TR\/yahya-kamci\/\" \/>\n<meta property=\"og:locale\" content=\"tr_TR\" \/>\n<meta property=\"og:type\" content=\"article\" \/>\n<meta property=\"og:title\" content=\"Yahya KAM\u00c7I\" \/>\n<meta property=\"og:description\" content=\"Diyarbak\u0131rl\u0131, Sosyal Bilgiler \u00f6\u011fretmeni olan Yahya Kam\u00e7\u0131, ya\u015fad\u0131\u011f\u0131 b\u00f6lge ba\u015fta olmak \u00fczere T\u00fcrkiye\u2019nin d\u00f6rt bir yan\u0131nda kan davalar\u0131 sebebiyle olu\u015fan k\u00fcsl\u00fckleri ortadan kald\u0131rmak i\u00e7in var g\u00fcc\u00fc ile \u00e7al\u0131\u015f\u0131yor.\" \/>\n<meta property=\"og:url\" content=\"https:\/\/tdv.org\/tr-TR\/yahya-kamci\/\" \/>\n<meta property=\"og:site_name\" content=\"T\u00fcrkiye Diyanet Vakf\u0131 Resmi Web Sitesi\" \/>\n<meta property=\"article:publisher\" content=\"https:\/\/www.facebook.com\/Diyanetvakfi\/\" \/>\n<meta property=\"article:published_time\" content=\"2017-03-20T07:41:33+00:00\" \/>\n<meta property=\"article:modified_time\" content=\"2025-01-02T13:15:36+00:00\" \/>\n<meta property=\"og:image\" content=\"https:\/\/tdv.org\/tr-TR\/wp-content\/uploads\/2022\/02\/2017-07-Yahya_Kamci.jpg\" \/>\n\t<meta property=\"og:image:width\" content=\"1000\" \/>\n\t<meta property=\"og:image:height\" content=\"667\" \/>\n\t<meta property=\"og:image:type\" content=\"image\/jpeg\" \/>\n<meta name=\"author\" content=\"Selim\" \/>\n<meta name=\"twitter:card\" content=\"summary_large_image\" \/>\n<meta name=\"twitter:creator\" content=\"@DiyanetVakfi\" \/>\n<meta name=\"twitter:site\" content=\"@DiyanetVakfi\" \/>\n<script type=\"application\/ld+json\" class=\"yoast-schema-graph\">{\"@context\":\"https:\\\/\\\/schema.org\",\"@graph\":[{\"@type\":\"Article\",\"@id\":\"https:\\\/\\\/tdv.org\\\/tr-TR\\\/yahya-kamci\\\/#article\",\"isPartOf\":{\"@id\":\"https:\\\/\\\/tdv.org\\\/tr-TR\\\/yahya-kamci\\\/\"},\"author\":{\"name\":\"Selim\",\"@id\":\"https:\\\/\\\/tdv.org\\\/tr-TR\\\/#\\\/schema\\\/person\\\/752b55e264a99273d55636516d96d5eb\"},\"headline\":\"Yahya KAM\u00c7I\",\"datePublished\":\"2017-03-20T07:41:33+00:00\",\"dateModified\":\"2025-01-02T13:15:36+00:00\",\"mainEntityOfPage\":{\"@id\":\"https:\\\/\\\/tdv.org\\\/tr-TR\\\/yahya-kamci\\\/\"},\"wordCount\":1712,\"commentCount\":0,\"publisher\":{\"@id\":\"https:\\\/\\\/tdv.org\\\/tr-TR\\\/#organization\"},\"image\":{\"@id\":\"https:\\\/\\\/tdv.org\\\/tr-TR\\\/yahya-kamci\\\/#primaryimage\"},\"thumbnailUrl\":\"https:\\\/\\\/tdv.org\\\/tr-TR\\\/wp-content\\\/uploads\\\/2022\\\/02\\\/2017-07-Yahya_Kamci.jpg\",\"articleSection\":[\"\u00dc\u00e7\u00fcnc\u00fc Uluslararas\u0131 \u0130yilik \u00d6d\u00fclleri\"],\"inLanguage\":\"tr\",\"potentialAction\":[{\"@type\":\"CommentAction\",\"name\":\"Comment\",\"target\":[\"https:\\\/\\\/tdv.org\\\/tr-TR\\\/yahya-kamci\\\/#respond\"]}]},{\"@type\":\"WebPage\",\"@id\":\"https:\\\/\\\/tdv.org\\\/tr-TR\\\/yahya-kamci\\\/\",\"url\":\"https:\\\/\\\/tdv.org\\\/tr-TR\\\/yahya-kamci\\\/\",\"name\":\"Yahya KAM\u00c7I\",\"isPartOf\":{\"@id\":\"https:\\\/\\\/tdv.org\\\/tr-TR\\\/#website\"},\"primaryImageOfPage\":{\"@id\":\"https:\\\/\\\/tdv.org\\\/tr-TR\\\/yahya-kamci\\\/#primaryimage\"},\"image\":{\"@id\":\"https:\\\/\\\/tdv.org\\\/tr-TR\\\/yahya-kamci\\\/#primaryimage\"},\"thumbnailUrl\":\"https:\\\/\\\/tdv.org\\\/tr-TR\\\/wp-content\\\/uploads\\\/2022\\\/02\\\/2017-07-Yahya_Kamci.jpg\",\"datePublished\":\"2017-03-20T07:41:33+00:00\",\"dateModified\":\"2025-01-02T13:15:36+00:00\",\"description\":\"Diyarbak\u0131rl\u0131, Sosyal Bilgiler \u00f6\u011fretmeni olan Yahya Kam\u00e7\u0131, ya\u015fad\u0131\u011f\u0131 b\u00f6lge ba\u015fta olmak \u00fczere T\u00fcrkiye\u2019nin d\u00f6rt bir yan\u0131nda kan davalar\u0131 sebebiyle olu\u015fan k\u00fcsl\u00fckleri ortadan kald\u0131rmak i\u00e7in var g\u00fcc\u00fc ile \u00e7al\u0131\u015f\u0131yor.\",\"breadcrumb\":{\"@id\":\"https:\\\/\\\/tdv.org\\\/tr-TR\\\/yahya-kamci\\\/#breadcrumb\"},\"inLanguage\":\"tr\",\"potentialAction\":[{\"@type\":\"ReadAction\",\"target\":[\"https:\\\/\\\/tdv.org\\\/tr-TR\\\/yahya-kamci\\\/\"]}]},{\"@type\":\"ImageObject\",\"inLanguage\":\"tr\",\"@id\":\"https:\\\/\\\/tdv.org\\\/tr-TR\\\/yahya-kamci\\\/#primaryimage\",\"url\":\"https:\\\/\\\/tdv.org\\\/tr-TR\\\/wp-content\\\/uploads\\\/2022\\\/02\\\/2017-07-Yahya_Kamci.jpg\",\"contentUrl\":\"https:\\\/\\\/tdv.org\\\/tr-TR\\\/wp-content\\\/uploads\\\/2022\\\/02\\\/2017-07-Yahya_Kamci.jpg\",\"width\":1000,\"height\":667},{\"@type\":\"BreadcrumbList\",\"@id\":\"https:\\\/\\\/tdv.org\\\/tr-TR\\\/yahya-kamci\\\/#breadcrumb\",\"itemListElement\":[{\"@type\":\"ListItem\",\"position\":1,\"name\":\"Anasayfa\",\"item\":\"https:\\\/\\\/tdv.org\\\/tr-TR\\\/\"},{\"@type\":\"ListItem\",\"position\":2,\"name\":\"Yahya KAM\u00c7I\"}]},{\"@type\":\"WebSite\",\"@id\":\"https:\\\/\\\/tdv.org\\\/tr-TR\\\/#website\",\"url\":\"https:\\\/\\\/tdv.org\\\/tr-TR\\\/\",\"name\":\"T\u00fcrkiye Diyanet Vakf\u0131 Resmi Web Sitesi\",\"description\":\"Yery\u00fcz\u00fcnde iyilik egemen oluncaya kadar\",\"publisher\":{\"@id\":\"https:\\\/\\\/tdv.org\\\/tr-TR\\\/#organization\"},\"alternateName\":\"T\u00fcrkiye Diyanet Vakf\u0131\",\"potentialAction\":[{\"@type\":\"SearchAction\",\"target\":{\"@type\":\"EntryPoint\",\"urlTemplate\":\"https:\\\/\\\/tdv.org\\\/tr-TR\\\/?s={search_term_string}\"},\"query-input\":{\"@type\":\"PropertyValueSpecification\",\"valueRequired\":true,\"valueName\":\"search_term_string\"}}],\"inLanguage\":\"tr\"},{\"@type\":\"Organization\",\"@id\":\"https:\\\/\\\/tdv.org\\\/tr-TR\\\/#organization\",\"name\":\"T\u00fcrkiye Diyanet Vakf\u0131\",\"alternateName\":\"T\u00fcrkiye Diyanet Vakf\u0131\",\"url\":\"https:\\\/\\\/tdv.org\\\/tr-TR\\\/\",\"logo\":{\"@type\":\"ImageObject\",\"inLanguage\":\"tr\",\"@id\":\"https:\\\/\\\/tdv.org\\\/tr-TR\\\/#\\\/schema\\\/logo\\\/image\\\/\",\"url\":\"https:\\\/\\\/tdv.org\\\/tr-TR\\\/wp-content\\\/uploads\\\/2018\\\/12\\\/TDV_Logo_1.png\",\"contentUrl\":\"https:\\\/\\\/tdv.org\\\/tr-TR\\\/wp-content\\\/uploads\\\/2018\\\/12\\\/TDV_Logo_1.png\",\"width\":207,\"height\":71,\"caption\":\"T\u00fcrkiye Diyanet Vakf\u0131\"},\"image\":{\"@id\":\"https:\\\/\\\/tdv.org\\\/tr-TR\\\/#\\\/schema\\\/logo\\\/image\\\/\"},\"sameAs\":[\"https:\\\/\\\/www.facebook.com\\\/Diyanetvakfi\\\/\",\"https:\\\/\\\/x.com\\\/DiyanetVakfi\",\"https:\\\/\\\/www.instagram.com\\\/turkiyediyanetvakfi\\\/\",\"https:\\\/\\\/www.youtube.com\\\/user\\\/TurkiyeDiyanetVakfi\"]},{\"@type\":\"Person\",\"@id\":\"https:\\\/\\\/tdv.org\\\/tr-TR\\\/#\\\/schema\\\/person\\\/752b55e264a99273d55636516d96d5eb\",\"name\":\"Selim\",\"image\":{\"@type\":\"ImageObject\",\"inLanguage\":\"tr\",\"@id\":\"https:\\\/\\\/tdv.org\\\/tr-TR\\\/wp-content\\\/litespeed\\\/avatar\\\/a1e47b25396e98e5b781e88a5396cd96.jpg?ver=1777287391\",\"url\":\"https:\\\/\\\/tdv.org\\\/tr-TR\\\/wp-content\\\/litespeed\\\/avatar\\\/a1e47b25396e98e5b781e88a5396cd96.jpg?ver=1777287391\",\"contentUrl\":\"https:\\\/\\\/tdv.org\\\/tr-TR\\\/wp-content\\\/litespeed\\\/avatar\\\/a1e47b25396e98e5b781e88a5396cd96.jpg?ver=1777287391\",\"caption\":\"Selim\"}}]}<\/script>\n<!-- \/ Yoast SEO plugin. -->","yoast_head_json":{"title":"Yahya KAM\u00c7I","description":"Diyarbak\u0131rl\u0131, Sosyal Bilgiler \u00f6\u011fretmeni olan Yahya Kam\u00e7\u0131, ya\u015fad\u0131\u011f\u0131 b\u00f6lge ba\u015fta olmak \u00fczere T\u00fcrkiye\u2019nin d\u00f6rt bir yan\u0131nda kan davalar\u0131 sebebiyle olu\u015fan k\u00fcsl\u00fckleri ortadan kald\u0131rmak i\u00e7in var g\u00fcc\u00fc ile \u00e7al\u0131\u015f\u0131yor.","robots":{"index":"index","follow":"follow","max-snippet":"max-snippet:-1","max-image-preview":"max-image-preview:large","max-video-preview":"max-video-preview:-1"},"canonical":"https:\/\/tdv.org\/tr-TR\/yahya-kamci\/","og_locale":"tr_TR","og_type":"article","og_title":"Yahya KAM\u00c7I","og_description":"Diyarbak\u0131rl\u0131, Sosyal Bilgiler \u00f6\u011fretmeni olan Yahya Kam\u00e7\u0131, ya\u015fad\u0131\u011f\u0131 b\u00f6lge ba\u015fta olmak \u00fczere T\u00fcrkiye\u2019nin d\u00f6rt bir yan\u0131nda kan davalar\u0131 sebebiyle olu\u015fan k\u00fcsl\u00fckleri ortadan kald\u0131rmak i\u00e7in var g\u00fcc\u00fc ile \u00e7al\u0131\u015f\u0131yor.","og_url":"https:\/\/tdv.org\/tr-TR\/yahya-kamci\/","og_site_name":"T\u00fcrkiye Diyanet Vakf\u0131 Resmi Web Sitesi","article_publisher":"https:\/\/www.facebook.com\/Diyanetvakfi\/","article_published_time":"2017-03-20T07:41:33+00:00","article_modified_time":"2025-01-02T13:15:36+00:00","og_image":[{"width":1000,"height":667,"url":"https:\/\/tdv.org\/tr-TR\/wp-content\/uploads\/2022\/02\/2017-07-Yahya_Kamci.jpg","type":"image\/jpeg"}],"author":"Selim","twitter_card":"summary_large_image","twitter_creator":"@DiyanetVakfi","twitter_site":"@DiyanetVakfi","schema":{"@context":"https:\/\/schema.org","@graph":[{"@type":"Article","@id":"https:\/\/tdv.org\/tr-TR\/yahya-kamci\/#article","isPartOf":{"@id":"https:\/\/tdv.org\/tr-TR\/yahya-kamci\/"},"author":{"name":"Selim","@id":"https:\/\/tdv.org\/tr-TR\/#\/schema\/person\/752b55e264a99273d55636516d96d5eb"},"headline":"Yahya KAM\u00c7I","datePublished":"2017-03-20T07:41:33+00:00","dateModified":"2025-01-02T13:15:36+00:00","mainEntityOfPage":{"@id":"https:\/\/tdv.org\/tr-TR\/yahya-kamci\/"},"wordCount":1712,"commentCount":0,"publisher":{"@id":"https:\/\/tdv.org\/tr-TR\/#organization"},"image":{"@id":"https:\/\/tdv.org\/tr-TR\/yahya-kamci\/#primaryimage"},"thumbnailUrl":"https:\/\/tdv.org\/tr-TR\/wp-content\/uploads\/2022\/02\/2017-07-Yahya_Kamci.jpg","articleSection":["\u00dc\u00e7\u00fcnc\u00fc Uluslararas\u0131 \u0130yilik \u00d6d\u00fclleri"],"inLanguage":"tr","potentialAction":[{"@type":"CommentAction","name":"Comment","target":["https:\/\/tdv.org\/tr-TR\/yahya-kamci\/#respond"]}]},{"@type":"WebPage","@id":"https:\/\/tdv.org\/tr-TR\/yahya-kamci\/","url":"https:\/\/tdv.org\/tr-TR\/yahya-kamci\/","name":"Yahya KAM\u00c7I","isPartOf":{"@id":"https:\/\/tdv.org\/tr-TR\/#website"},"primaryImageOfPage":{"@id":"https:\/\/tdv.org\/tr-TR\/yahya-kamci\/#primaryimage"},"image":{"@id":"https:\/\/tdv.org\/tr-TR\/yahya-kamci\/#primaryimage"},"thumbnailUrl":"https:\/\/tdv.org\/tr-TR\/wp-content\/uploads\/2022\/02\/2017-07-Yahya_Kamci.jpg","datePublished":"2017-03-20T07:41:33+00:00","dateModified":"2025-01-02T13:15:36+00:00","description":"Diyarbak\u0131rl\u0131, Sosyal Bilgiler \u00f6\u011fretmeni olan Yahya Kam\u00e7\u0131, ya\u015fad\u0131\u011f\u0131 b\u00f6lge ba\u015fta olmak \u00fczere T\u00fcrkiye\u2019nin d\u00f6rt bir yan\u0131nda kan davalar\u0131 sebebiyle olu\u015fan k\u00fcsl\u00fckleri ortadan kald\u0131rmak i\u00e7in var g\u00fcc\u00fc ile \u00e7al\u0131\u015f\u0131yor.","breadcrumb":{"@id":"https:\/\/tdv.org\/tr-TR\/yahya-kamci\/#breadcrumb"},"inLanguage":"tr","potentialAction":[{"@type":"ReadAction","target":["https:\/\/tdv.org\/tr-TR\/yahya-kamci\/"]}]},{"@type":"ImageObject","inLanguage":"tr","@id":"https:\/\/tdv.org\/tr-TR\/yahya-kamci\/#primaryimage","url":"https:\/\/tdv.org\/tr-TR\/wp-content\/uploads\/2022\/02\/2017-07-Yahya_Kamci.jpg","contentUrl":"https:\/\/tdv.org\/tr-TR\/wp-content\/uploads\/2022\/02\/2017-07-Yahya_Kamci.jpg","width":1000,"height":667},{"@type":"BreadcrumbList","@id":"https:\/\/tdv.org\/tr-TR\/yahya-kamci\/#breadcrumb","itemListElement":[{"@type":"ListItem","position":1,"name":"Anasayfa","item":"https:\/\/tdv.org\/tr-TR\/"},{"@type":"ListItem","position":2,"name":"Yahya KAM\u00c7I"}]},{"@type":"WebSite","@id":"https:\/\/tdv.org\/tr-TR\/#website","url":"https:\/\/tdv.org\/tr-TR\/","name":"T\u00fcrkiye Diyanet Vakf\u0131 Resmi Web Sitesi","description":"Yery\u00fcz\u00fcnde iyilik egemen oluncaya kadar","publisher":{"@id":"https:\/\/tdv.org\/tr-TR\/#organization"},"alternateName":"T\u00fcrkiye Diyanet Vakf\u0131","potentialAction":[{"@type":"SearchAction","target":{"@type":"EntryPoint","urlTemplate":"https:\/\/tdv.org\/tr-TR\/?s={search_term_string}"},"query-input":{"@type":"PropertyValueSpecification","valueRequired":true,"valueName":"search_term_string"}}],"inLanguage":"tr"},{"@type":"Organization","@id":"https:\/\/tdv.org\/tr-TR\/#organization","name":"T\u00fcrkiye Diyanet Vakf\u0131","alternateName":"T\u00fcrkiye Diyanet Vakf\u0131","url":"https:\/\/tdv.org\/tr-TR\/","logo":{"@type":"ImageObject","inLanguage":"tr","@id":"https:\/\/tdv.org\/tr-TR\/#\/schema\/logo\/image\/","url":"https:\/\/tdv.org\/tr-TR\/wp-content\/uploads\/2018\/12\/TDV_Logo_1.png","contentUrl":"https:\/\/tdv.org\/tr-TR\/wp-content\/uploads\/2018\/12\/TDV_Logo_1.png","width":207,"height":71,"caption":"T\u00fcrkiye Diyanet Vakf\u0131"},"image":{"@id":"https:\/\/tdv.org\/tr-TR\/#\/schema\/logo\/image\/"},"sameAs":["https:\/\/www.facebook.com\/Diyanetvakfi\/","https:\/\/x.com\/DiyanetVakfi","https:\/\/www.instagram.com\/turkiyediyanetvakfi\/","https:\/\/www.youtube.com\/user\/TurkiyeDiyanetVakfi"]},{"@type":"Person","@id":"https:\/\/tdv.org\/tr-TR\/#\/schema\/person\/752b55e264a99273d55636516d96d5eb","name":"Selim","image":{"@type":"ImageObject","inLanguage":"tr","@id":"https:\/\/tdv.org\/tr-TR\/wp-content\/litespeed\/avatar\/a1e47b25396e98e5b781e88a5396cd96.jpg?ver=1777287391","url":"https:\/\/tdv.org\/tr-TR\/wp-content\/litespeed\/avatar\/a1e47b25396e98e5b781e88a5396cd96.jpg?ver=1777287391","contentUrl":"https:\/\/tdv.org\/tr-TR\/wp-content\/litespeed\/avatar\/a1e47b25396e98e5b781e88a5396cd96.jpg?ver=1777287391","caption":"Selim"}}]}},"_links":{"self":[{"href":"https:\/\/tdv.org\/tr-TR\/wp-json\/wp\/v2\/posts\/17614","targetHints":{"allow":["GET"]}}],"collection":[{"href":"https:\/\/tdv.org\/tr-TR\/wp-json\/wp\/v2\/posts"}],"about":[{"href":"https:\/\/tdv.org\/tr-TR\/wp-json\/wp\/v2\/types\/post"}],"author":[{"embeddable":true,"href":"https:\/\/tdv.org\/tr-TR\/wp-json\/wp\/v2\/users\/8"}],"replies":[{"embeddable":true,"href":"https:\/\/tdv.org\/tr-TR\/wp-json\/wp\/v2\/comments?post=17614"}],"version-history":[{"count":4,"href":"https:\/\/tdv.org\/tr-TR\/wp-json\/wp\/v2\/posts\/17614\/revisions"}],"predecessor-version":[{"id":48122,"href":"https:\/\/tdv.org\/tr-TR\/wp-json\/wp\/v2\/posts\/17614\/revisions\/48122"}],"wp:featuredmedia":[{"embeddable":true,"href":"https:\/\/tdv.org\/tr-TR\/wp-json\/wp\/v2\/media\/17615"}],"wp:attachment":[{"href":"https:\/\/tdv.org\/tr-TR\/wp-json\/wp\/v2\/media?parent=17614"}],"wp:term":[{"taxonomy":"category","embeddable":true,"href":"https:\/\/tdv.org\/tr-TR\/wp-json\/wp\/v2\/categories?post=17614"},{"taxonomy":"post_tag","embeddable":true,"href":"https:\/\/tdv.org\/tr-TR\/wp-json\/wp\/v2\/tags?post=17614"}],"curies":[{"name":"wp","href":"https:\/\/api.w.org\/{rel}","templated":true}]}}