{"id":17618,"date":"2017-03-20T10:42:35","date_gmt":"2017-03-20T07:42:35","guid":{"rendered":"https:\/\/tdv.org\/tr-TR\/?p=17618"},"modified":"2025-01-02T16:15:06","modified_gmt":"2025-01-02T13:15:06","slug":"suzanne-barakat","status":"publish","type":"post","link":"https:\/\/tdv.org\/tr-TR\/suzanne-barakat\/","title":{"rendered":"Suzanne BARAKAT"},"content":{"rendered":"[vc_row type=&#8221;in_container&#8221; full_screen_row_position=&#8221;middle&#8221; scene_position=&#8221;center&#8221; text_color=&#8221;dark&#8221; text_align=&#8221;left&#8221; overlay_strength=&#8221;0.3&#8243; shape_divider_position=&#8221;bottom&#8221; bg_image_animation=&#8221;none&#8221;][vc_column column_padding=&#8221;no-extra-padding&#8221; column_padding_position=&#8221;all&#8221; background_color_opacity=&#8221;1&#8243; background_hover_color_opacity=&#8221;1&#8243; column_link_target=&#8221;_self&#8221; column_shadow=&#8221;none&#8221; column_border_radius=&#8221;none&#8221; width=&#8221;1\/1&#8243; tablet_width_inherit=&#8221;default&#8221; tablet_text_alignment=&#8221;default&#8221; phone_text_alignment=&#8221;default&#8221; column_border_width=&#8221;none&#8221; column_border_style=&#8221;solid&#8221; bg_image_animation=&#8221;none&#8221;][vc_column_text]<em><strong>\u0130yilik, herkesin sustu\u011fu yerde hakikati hayk\u0131rmakt\u0131r\u2026<\/strong><\/em><\/p>\n<p><em><strong>\u201c\u0130slamofobi karde\u015fimi \u00f6ld\u00fcrd\u00fc.<\/strong><\/em><\/p>\n<p><em><strong>\u00a0Hadi nefreti bitirelim! \u201d<\/strong><\/em><\/p>\n<p>&nbsp;<\/p>\n<p><strong>Nefret Su\u00e7u ve \u0130slamofobiye A\u00e7\u0131lan \u0130yilik Sava\u015f\u0131<\/strong><\/p>\n<p>Suzanne Barakat, toplumun \u201c\u00f6tekisi\u201d olarak marjinalle\u015ftiren herkesin \u015fiddet riski ta\u015f\u0131d\u0131\u011f\u0131na dair alarm veren \u0130slamofobi\u2019nin kapsay\u0131c\u0131 mesaj\u0131 ile kar\u015f\u0131 kar\u015f\u0131ya kalararak, m\u00fccadelesini iyilik \u00fczere kurguluyor.<\/p>\n<p>Erkek karde\u015fi Deah, yengesi Yusor ve Yusor\u2019un k\u0131z karde\u015fi Razan\u2019\u0131n Kuzey Carolina eyaletinin \u015eapel Tepesi\u2019nde 10 \u015eubat 2015 tarihinde kom\u015fular\u0131 Craig Hicks taraf\u0131ndan islamofobik bir cinayete kurban gitmesi Suzanne Barakat\u2019\u0131 derinden etkilemi\u015f.<\/p>\n<p>Fail, bir trafik tart\u0131\u015fmas\u0131 nedeniyle kurbanlar\u0131 \u00f6ld\u00fcrd\u00fc\u011f\u00fcn\u00fc s\u00f6ylemi\u015f ve bu durum polis taraf\u0131ndan a\u00e7\u0131klanmam\u0131\u015f, medya kanallar\u0131ndan da herhangi bir yank\u0131 uyand\u0131rmam\u0131\u015ft\u0131. G\u00fcvenlik g\u00fc\u00e7lerinin karamsar tepkilerine ra\u011fmen bu a\u011f\u0131r olay kar\u015f\u0131s\u0131nda harekete ge\u00e7en Suzanne Barakat, bir bas\u0131n toplant\u0131s\u0131 d\u00fczenleyerek cinayetin as\u0131l nedeninin \u201cNefret Su\u00e7u\u201d oldu\u011funu t\u00fcm d\u00fcnyaya duyurdu. Su\u00e7lunun masum bu \u00f6\u011frencilerin evine zorla girerek onlar\u0131 nas\u0131l \u00f6ld\u00fcrd\u00fc\u011f\u00fc ortaya \u00e7\u0131karm\u0131\u015ft\u0131. T\u00fcm aile ve akrabalar\u0131 h\u00fczne bo\u011fulmu\u015ftu.<\/p>\n<p>San Francisco Hospital\u2019de doktorluk yapan Suzanne Barakat 2015\u2019ten bu yana Amerika\u2019da nefret s\u00f6ylemi ve \u00f6tekile\u015ftiricili\u011fi sonland\u0131rma m\u00fccadelesi vermeye ba\u015flad\u0131. Nefretin bitmesi i\u00e7in Amerika\u2019da seminerlere kat\u0131l\u0131yor ve ayr\u0131mc\u0131l\u0131\u011f\u0131n hat safhada ya\u015fand\u0131\u011f\u0131 bu b\u00f6lgede gitti\u011fi her platformda nefret su\u00e7lar\u0131n\u0131n son bulmas\u0131 i\u00e7in konu\u015fmalar yap\u0131yor.<\/p>\n<p>Kin ve nefret tohumlar\u0131n\u0131n hoyrat\u00e7a serpildi\u011fi bir zaman diliminde hakikati s\u00f6ylemenin bir erdem oldu\u011fu bilinciyle Suzanne Barakat, bu zorlu\u011fa g\u00f6\u011f\u00fcs geriyor ve iyilik m\u00fccadelesine her g\u00fcn yeni birileri ekleniyor.<\/p>\n<p>&nbsp;<\/p>\n<p><strong>Karde\u015fi Deah\u2019a son sar\u0131l\u0131\u015f<\/strong><\/p>\n<p>\u201c27 Aral\u0131k 2014 tarihiydi\u2026 Erkek karde\u015fim Deah\u2019 in d\u00fc\u011f\u00fcn sabah\u0131yhd\u0131. Foto\u011fraf \u00e7ekimleri i\u00e7in benden sa\u00e7\u0131n\u0131 taramam\u0131 istedi. 23 ya\u015f\u0131ndayd\u0131 hen\u00fcz\u2026 Di\u015f hekimli\u011finde okuyan, hayatla y\u00fczle\u015fmeye haz\u0131r Amerikal\u0131 bir \u00e7ocuk\u2026<\/p>\n<p>D\u00fc\u011f\u00fcn\u00fcnde ba\u015f\u0131m\u0131 ellerinin aras\u0131na al\u0131p \u015f\u00f6yle demi\u015fti: \u2018Suzanne, senin sayende oldu\u011fum ki\u015fiyim. Her \u015fey i\u00e7in te\u015fekk\u00fcr ederim. Seni seviyorum\u2026\u2019<\/p>\n<p>Bir ay sonra, k\u0131sa bir ziyaret i\u00e7in Kuzey Carolina\u2019daki evime d\u00f6nd\u00fcm ve son ak\u015fam \u00fcst kata Deah\u2019 in odas\u0131na \u00e7\u0131kt\u0131m. Yeni evli bir adam olarak nas\u0131l hissetti\u011fini \u00f6\u011frenmek istedim. \u00c7ocuksu bir g\u00fcl\u00fcmsemeyle \u015f\u00f6yle dedi: \u2018\u00c7ok mutluyum. Onu seviyorum. Harika bir kad\u0131n.\u2019<\/p>\n<p>\u00d6yleydi de Yusor. 21 ya\u015f\u0131ndayd\u0131. Deah\u2019in yan\u0131nda Kuzey Carolina \u00dcniversitesi Di\u015f Hekimli\u011fi\u2019ne kabul edilmi\u015fti.\u00a0 Karde\u015fimle orada oturup sohbet etti\u011fim an\u0131 hi\u00e7 unutmayaca\u011f\u0131m. Ne kadar \u00f6zg\u00fcr ve mutluydu\u2026 Basketbol tutkunu k\u00fc\u00e7\u00fck karde\u015fim tam bir gen\u00e7 adama d\u00f6n\u00fc\u015fm\u00fc\u015ft\u00fc.\u00a0 Fak\u00fcltede birinciydi. Yusor, Razan ile birlikte evsiz ve m\u00fcltecilere \u00f6zel, yerel ve uluslararas\u0131 kamu hizmeti projelerinde yer al\u0131yordu. \u00dcstelik T\u00fcrkiye\u2019de Suriyeli m\u00fclteciler i\u00e7in bir di\u015f bak\u0131m\u0131 gezisi planl\u0131yorlard\u0131.<\/p>\n<p>Razan ise 19 ya\u015f\u0131nda, bir mimari m\u00fchendislik \u00f6\u011frencisi olarak yarat\u0131c\u0131l\u0131\u011f\u0131n\u0131 \u00e7evresindekilere hizmet etmek i\u00e7in kullan\u0131yordu. Mahallesindeki evsizlere bak\u0131m paketleri haz\u0131rlayarak baz\u0131 sosyal sorumluluk projelerinde \u00e7al\u0131\u015f\u0131yordu.<\/p>\n<p>O gece ayakta dikilirken derin bir nefes ald\u0131m ve Deah\u2019a bakarak onunla hi\u00e7 bu kadar gurur duymad\u0131\u011f\u0131m\u0131 s\u00f6yledim. \u0130yi geceler diyerek s\u0131ms\u0131k\u0131 sar\u0131ld\u0131k. Sabah onu uyand\u0131rmadan San Francisco\u2019ya geri d\u00f6nd\u00fcm.<\/p>\n<p>O son gece, me\u011fer ona son kez sar\u0131lm\u0131\u015f\u0131m\u2026\u201d<\/p>\n<p>Tam on g\u00fcn sonra ba\u015fsa\u011fl\u0131\u011f\u0131 dileyen bir s\u00fcr\u00fc belirsiz mesaj ald\u0131\u011f\u0131n\u0131 s\u00f6yleyen Suzanne Barakat, San Francisco General Hastanesi\u2019nde n\u00f6betteydi. Kafas\u0131 kar\u0131\u015farak babas\u0131n\u0131 aram\u0131\u015f ve belirsiz bir sesle babas\u0131: \u201cDeah\u2019in mahallesi Chapel Hill\u2019de bir sald\u0131r\u0131 olay\u0131 olmu\u015f. Ara\u015ft\u0131r\u0131l\u0131yormu\u015f. Tek bildi\u011fimiz bu.\u201d demi\u015f.<\/p>\n<p>Telefonu kapatarak olay\u0131 bir de internetten arayan Susanne Barakat, sald\u0131r\u0131 esnas\u0131nda \u00fc\u00e7 ki\u015finin ba\u015f\u0131n\u0131n arkas\u0131ndan vurularak, olay yerinde ya\u015fam\u0131n\u0131 yitirdi\u011fi haber ba\u015fl\u0131\u011f\u0131 ile i\u00e7inden bir \u015fey kopmu\u015f ve hastanedeki odas\u0131nda inleyerek zemine y\u0131\u011f\u0131lm\u0131\u015f. \u0130lk gece u\u00e7u\u015fuyla San Francisco\u2019dan ayr\u0131larak, hissiz ve dengesini kaybetmi\u015f bir \u015fekilde \u00e7ocuklu\u011funun ge\u00e7ti\u011fi eve, ailesinin yan\u0131nda alm\u0131\u015f solu\u011fu.<\/p>\n<p>\u201cKarde\u015fim Deah\u2019i arad\u0131m. Hi\u00e7 doldurulmayacak bir bo\u015flu\u011fu doldurmak i\u00e7in\u2026\u201d\u00a0 diyor Suzanne. Cevap alamayan Suzanne, soru\u015fturma ve otopsi raporlar\u0131n\u0131 inceledi\u011finde; Deah\u2019in otob\u00fcsle okuldan yeni d\u00f6nm\u00fc\u015f, Razan\u2019\u0131n ak\u015fam yeme\u011fine gelmi\u015f ve Yusor\u2019un da evde oldu\u011funu \u00f6\u011frenmi\u015f. Yemek esnas\u0131nda kap\u0131 \u00e7alm\u0131\u015f ve kap\u0131y\u0131 a\u00e7an Deah\u2019a kom\u015fusu birka\u00e7 el ate\u015f etmi\u015f. 911 \u00e7a\u011fr\u0131s\u0131na g\u00f6re ses kayd\u0131ndan k\u0131zlar\u0131n \u00e7\u0131\u011fl\u0131\u011f\u0131 duyulmu\u015f. Mutfa\u011fa y\u00f6nelen cani adam, Yusor\u2019u kal\u00e7as\u0131ndan vurarak etkisizle\u015ftirmi\u015f. Arkas\u0131ndan kafas\u0131na bir el ate\u015f ederek gen\u00e7 k\u0131z\u0131 orada can verirken, olay kar\u015f\u0131s\u0131nda \u00e7\u0131\u011fl\u0131k atan karde\u015fi Razan\u2019\u0131 da yak\u0131n mesafeden ba\u015f\u0131n\u0131n arkas\u0131na tek bir mermiyle \u00f6ld\u00fcrm\u00fc\u015f. \u00c7\u0131karken, Deah\u2019a bir kez daha ate\u015f etmi\u015f. Toplamda sekiz mermi: ikisi ba\u015f\u0131na, ikisi g\u00f6\u011fs\u00fcne, di\u011ferleri de el ve bacaklar\u0131na\u2026<\/p>\n<p>&nbsp;<\/p>\n<p><strong>Yuvalar\u0131nda Katledilen \u00dc\u00e7 Gen\u00e7!<\/strong><\/p>\n<p>Deah, Yusor Ve Razan\u2026<\/p>\n<p>Aylarca katilin tacizlerene maruz kalan masum \u00fc\u00e7 gencin tek su\u00e7u M\u00fcsl\u00fcman olmalar\u0131yd\u0131. \u00d6zellikle Yusor ve annesinin d\u0131\u015f g\u00f6r\u00fcn\u00fcm\u00fcnden rahats\u0131z olan katil defalarca bak\u0131\u015flar\u0131 ile onlar\u0131 rahats\u0131z etmi\u015f. Kom\u015fular\u0131 oldu\u011fu i\u00e7in yine de bu ki\u015fiye kibar davranmaya \u00e7al\u0131\u015fan Yusor, bu nefretin \u00f6l\u00fcmle sonu\u00e7lanaca\u011f\u0131n\u0131 tahmin bile edememi\u015f.<\/p>\n<p>Suzanne Barakat\u2019\u0131n \u00fc\u00e7 yak\u0131n\u0131n\u0131 birden ac\u0131mas\u0131zca katleden adam, cinayetten hemen sonra park tart\u0131\u015fmas\u0131 y\u00fcz\u00fcnden yak\u0131n mesafeden \u00fc\u00e7 \u00e7ocuk \u00f6ld\u00fcrd\u00fc\u011f\u00fcn\u00fc s\u00f6yleyerek polise teslim olmu\u015f. Polis o sabah, zamans\u0131z bir bas\u0131n a\u00e7\u0131klamas\u0131 yaparak adam\u0131n iddialar\u0131n\u0131, sorgulama ve soru\u015fturma yapmadan oldu\u011fu gibi tekrarlam\u0131\u015f.<\/p>\n<p>Ortada bir park tart\u0131\u015fmas\u0131 yok. Bir kavga\u2026 Bir ihlal yok\u2026 Fakat ortada 24 saatlik bir medya d\u00f6ng\u00fcs\u00fcyle ak\u0131llara \u00e7oktan kaz\u0131nan \u201cbir park tart\u0131\u015fmas\u0131\u201d man\u015feti var\u2026<\/p>\n<p>Karde\u015finin \u00f6zg\u00fcr ve mutlu bir \u015fekilde ablas\u0131 i\u00e7in minnet dolu s\u00f6zlerini hat\u0131rlayarak, onu kahreden ve kederinden kurtar\u0131p konu\u015fturan \u015feyin bu oldu\u011funu s\u00f6yl\u00fcyor Suzanne. Ailesinin \u00f6l\u00fcm\u00fcn\u00fcn yerel haberlerde hi\u00e7 tart\u0131\u015f\u0131lmayacak seviyeye indirgenmesine izin verememi\u015f.<\/p>\n<p>\u0130nan\u00e7lar\u0131 nedeniyle ba\u015flar\u0131na takmay\u0131 tercih ettikleri \u00f6rt\u00fc ve M\u00fcsl\u00fcman olduklar\u0131 gerek\u00e7esiyle kom\u015fular\u0131 taraf\u0131ndan katledilen \u00fc\u00e7 masum gen\u00e7\u2026 Bunun hesab\u0131n\u0131n bu kadar basit verilmemesi gerekti\u011fini d\u00fc\u015f\u00fcn\u00fcyordu Suzanne \u201cO zaman hissetti\u011fim \u00f6fke tam tersi olsayd\u0131 ve bir Arap M\u00fcsl\u00fcman veya M\u00fcsl\u00fcman g\u00f6r\u00fcn\u00fcml\u00fc bir ki\u015fi, \u00fc\u00e7 beyaz Amerikal\u0131 \u00fcniversite \u00f6\u011frencisini kendi evlerinde ac\u0131mas\u0131zca \u00f6ld\u00fcrseydi buna ne derdik?\u201d diye soruyor.<\/p>\n<p>\u201cBir ter\u00f6rist sald\u0131r\u0131s\u0131\u2026<\/p>\n<p>ABD\u2019de beyaz bir adam \u015fiddet eyleminde bulununca yaln\u0131z kurt oluyor, zihinsel hasta oluyor veya sebebi park tart\u0131\u015fmas\u0131 oluyor. Ailemin sesini duyurmam gerekti\u011fini biliyorum ve bunu ancak bir \u015fekilde yapabilirdim. Bas\u0131nda tan\u0131d\u0131\u011f\u0131m herkese bir Facebook mesaj\u0131 g\u00f6nderdim.\u201d diyor Suzanne Barakat, ya\u015fad\u0131\u011f\u0131 trajedinin etkisini hi\u00e7 hafiflemeyecek gibi hissetti\u011fini de ekliyor.<\/p>\n<p>Birka\u00e7 saat sonra masum \u00fc\u00e7 gencin arkada\u015flar\u0131 ve aile \u00fcyeleriyle dolu, darmada\u011f\u0131n olmu\u015f bir evin ortas\u0131nda kom\u015fular\u0131 Neal\u2019in gelmesi ile \u201cNe yapabiliriz?\u201d sorusu soruluyor. Neal, 20 y\u0131l\u0131n \u00fczerinde gazetecilik tecr\u00fcbesine sahip birisi fakat bu ac\u0131l\u0131 eve bir gazeteci olarak de\u011fil, yard\u0131m etmek isteyen bir kom\u015fu olarak geldi\u011fini belirtiyor. Yerel bas\u0131ndan r\u00f6portaj taleplerinin adeta bir bombard\u0131man gibi geldi\u011fini ve bunlar\u0131n kar\u015f\u0131s\u0131nda ne yapmalar\u0131 gerekti\u011fini soruyor Suzanne. Yerel bir toplum merkezinde bas\u0131n toplant\u0131s\u0131 tertiplemeyi ve sadece uygun zaman\u0131n\u0131 belirterek t\u00fcm haber kanallar\u0131n\u0131 kendinin ayarlayaca\u011f\u0131n\u0131 teklif eden kom\u015fusuna minnet duyan Suzanne, ac\u0131s\u0131n\u0131n bir nebze hafifledi\u011fini hissederek ailesine ve \u00e7evresine kar\u015f\u0131 en dik duru\u015fu o sergiliyor.<\/p>\n<p>Harap olduklar\u0131 bir d\u00f6nemde bas\u0131n a\u00e7\u0131klamas\u0131n\u0131 okurken doktor \u00f6nl\u00fc\u011f\u00fc \u00fczerinde olan Suzanne Barakat, cinayetten sonra 24 saat i\u00e7inde CNN\u2019de Anderson Cooper ile r\u00f6portaj yapt\u0131\u011f\u0131n\u0131, ertesi g\u00fcn de New York Times, Chicago Tribune gibi b\u00fcy\u00fck gazetelerin bile Deah, Yusor ve Razan hakk\u0131nda man\u015fetler yay\u0131nlad\u0131\u011f\u0131n\u0131 s\u00f6yl\u00fcyor. Daha \u00f6nce \u00fcst\u00fc kapal\u0131 bir \u015fekilde yanl\u0131\u015f at\u0131lan man\u015fetin d\u00fczeltilmesine izin veriliyor ve yayg\u0131nla\u015fan M\u00fcsl\u00fcman kar\u015f\u0131t\u0131 \u00f6fkeye, bu b\u00fcy\u00fck ad\u0131mla dikkat \u00e7ekiliyor.<\/p>\n<p>Suzanne Barakat, toplumda M\u00fcsl\u00fcmanlar\u0131n ya\u015fad\u0131\u011f\u0131 bask\u0131y\u0131 ifade ediyor: \u201cBu g\u00fcnlerde, \u0130slamofobi sosyal olarak kabul edilen bir ba\u011fnazl\u0131k gibi sanki. Buna katlanmak ve g\u00fcl\u00fcmsemek zorunday\u0131z. K\u00f6t\u00fc bak\u0131\u015flar, u\u00e7a\u011fa binerken ya\u015fad\u0131\u011f\u0131m\u0131z korku, havaalanlar\u0131nda %99 ihtimalle rastgele ve nobran hareketlerle \u00fczerinizin aranmas\u0131\u2026 \u00dcstelik i\u015f toplum nezdinde de bitmiyor. S\u0131rt\u0131m\u0131zdan siyasi ve ekonomik meyvelerini toplayan politikac\u0131lar\u0131m\u0131z var. Amerika\u2019da siyasiler, Amerikal\u0131 M\u00fcsl\u00fcmanlar\u0131 kay\u0131t alt\u0131na alma ve M\u00fcsl\u00fcman g\u00f6\u00e7men ve m\u00fcltecilerin \u00fclkeye girmesini engelleme \u00e7a\u011fr\u0131s\u0131 yap\u0131yor. Ve nefret su\u00e7lar\u0131n\u0131n se\u00e7im d\u00f6nemlerinde art\u0131\u015f g\u00f6stermesi tesad\u00fcf de\u011fil.\u201d<\/p>\n<p>Birka\u00e7 ay \u00f6nce, L\u00fcbnan as\u0131ll\u0131 Amerikal\u0131 bir Hristiyan olan Halid Jabara\u2019n\u0131n Oklahoma\u2019da kendisine \u201cPis Arap\u201d diyen kom\u015fusu taraf\u0131ndan katledildi\u011fi \u00f6rne\u011fini de veriyor Suzanne Barakat. Halid\u2019in annesini arabayla ezmeye yeltendikten sonra 8 ay s\u00fcre hapis yatan bu adam\u0131n su\u00e7unu da Halid\u2019in hik\u00e2yesinin de duyulmad\u0131\u011f\u0131n\u0131 s\u00f6yl\u00fcyor.<\/p>\n<p>Nefret ve \u015fiddetin ucunun herkese dokundu\u011funu ve dini hassasiyetleri hasebiyle yitirilen bir\u00e7ok hayat\u0131n \u00fczerinden basit\u00e7e ge\u00e7ildi\u011fini ve bu m\u00fccadelenin savunucusu olmak i\u00e7in mutlaka bir ac\u0131 ya\u015famaya gerek olmad\u0131\u011f\u0131n\u0131 dillendiriryor.<\/p>\n<p>&nbsp;<\/p>\n<p><strong>Trajedi Bir Hizmete D\u00f6n\u00fc\u015ft\u00fcr\u00fcyor<\/strong><\/p>\n<p>Amerika\u2019da ya\u015fayan \u00fc\u00e7 milyonun \u00fczerinde M\u00fcsl\u00fcman\u0131n \u00e7o\u011funun; \u0131rk\u0131, cinsiyeti, sosyal ve siyasi kararlar\u0131 dini tercihleri \u00fczerinden yarg\u0131land\u0131\u011f\u0131n\u0131 ifa ediyor Suzanne. Ya\u015fanan insanl\u0131k su\u00e7lar\u0131 \u00f6rtbas edilirken bu konuda insan\u0131n kendi rahat\u0131n\u0131 bozup, hakikat savunuculu\u011fu yapmas\u0131n\u0131n bir risk te\u015fkil etti\u011fini bilse de, bundan geri durmayaca\u011f\u0131n\u0131 ve mesle\u011finin yan\u0131nda her daim vaktinin olaca\u011f\u0131n\u0131 s\u00f6yl\u00fcyor.<\/p>\n<p>Martin Luther King\u2019in \u015fu s\u00f6z\u00fcne dikkat \u00e7ekiyor:<\/p>\n<p>\u201c\u0130\u015fin sonunda, d\u00fc\u015fmanlar\u0131m\u0131z\u0131n s\u00f6zlerini de\u011fil, dostlar\u0131m\u0131z\u0131n sessizli\u011fini hat\u0131rlar\u0131z.\u201d Suzanne Barakat i\u00e7in kom\u015fusu Neal\u2019in yard\u0131m\u0131n\u0131 bu kadar k\u0131ymetli k\u0131lan neydi? \u0130nanc\u0131 ne olursa olsun, nefret su\u00e7unun do\u011furdu\u011fu ayr\u0131mc\u0131l\u0131\u011f\u0131 \u00f6nemseyen bir kom\u015fu olarak oradayd\u0131 \u00e7\u00fcnk\u00fc. Ya da di\u011fer arkada\u015f\u0131 Larycia Hawkins, Wheaton College\u2019da ilk kadrolu Afrika-Amerikal\u0131 profes\u00f6r olarak neden i\u015fini kaybetmi\u015fti?<\/p>\n<p>\u00c7\u00fcnk\u00fc k\u00fcrs\u00fcs\u00fcnde yapt\u0131\u011f\u0131 konu\u015fmalarda, her g\u00fcn ayr\u0131mc\u0131l\u0131kla y\u00fczle\u015fen M\u00fcsl\u00fcman kad\u0131nlar\u0131n ba\u015f\u00f6rt\u00fcs\u00fc takmas\u0131n\u0131 te\u015fvik etti\u011fini, ya\u015fan\u0131lan bask\u0131n\u0131n sonlanmas\u0131 ve Amerika\u2019daki inan\u00e7lar\u0131n sayg\u0131 \u00e7er\u00e7evesinde birbirlerine entegre olmas\u0131 gerekti\u011fini s\u00f6yl\u00fcyordu.<\/p>\n<p>Suzanne\u2019nin davas\u0131na destek olan ve bunun y\u00fcz\u00fcnden i\u015finden olan akademisyen arkada\u015f\u0131, bir ay sonra Virginia \u00dcniversitesi\u2019ndeki fak\u00fclteye kat\u0131lm\u0131\u015f ve \u015fuanda \u00e7o\u011fulculuk, \u0131rk, inan\u00e7 ve k\u00fclt\u00fcr \u00fczerine \u00e7al\u0131\u015f\u0131yor.<\/p>\n<p>Reddit\u2019in kurucu orta\u011f\u0131 Alexis Ohanian, 15 ya\u015f\u0131ndaki M\u00fcsl\u00fcman bir k\u0131z\u0131n \u00e7al\u0131\u015fmas\u0131n\u0131 destekleyerek, d\u00fcnyaca \u00fcnl\u00fc sosyal medya ara\u00e7lar\u0131nda ba\u015f\u00f6rt\u00fcs\u00fc emojisini tan\u0131t\u0131yor. Basit bir jest gibi g\u00f6r\u00fcnse de M\u00fcsl\u00fcmanlar\u0131 normalle\u015ftirme ve insanc\u0131lla\u015ft\u0131rma \u00fczerine \u201cdi\u011fer\u201d de\u011fil de \u201cbiz\u201din bir par\u00e7as\u0131 olan toplumumuzda \u00f6nemli bir bilin\u00e7alt\u0131 etkiye sahip Women\u2019s Running dergisi yay\u0131n y\u00f6netmeni, dergi kapa\u011f\u0131nda ilk defa ba\u015f\u00f6rt\u00fcl\u00fc bir bayan\u0131 kullan\u0131yor.<\/p>\n<p>Bunlar\u0131n hepsi, dostlu\u011funu aktif bir \u015fekilde dile getiren akademi, teknoloji ve medya alanlar\u0131nda \u00e7al\u0131\u015fan farkl\u0131 ki\u015filerden \u00f6rnekler\u2026 Suzanne Barakat\u2019\u0131n vermi\u015f oldu\u011fu m\u00fccadeleden cesaret alan onlarca ki\u015fi, \u0130slamofobinin etkisiz hale gelmesi i\u00e7in destek \u00e7al\u0131\u015fmas\u0131 ba\u015flat\u0131yor.<\/p>\n<p>\u00d6te yandan 2013 y\u0131l\u0131nda da Kilis\u2019teki Suriyeli m\u00fcltecilere sa\u011fl\u0131k alan\u0131nda yard\u0131m \u00e7al\u0131\u015fmalar\u0131 yapm\u0131\u015f, ila\u00e7 getirmi\u015f ve yetkililerle g\u00f6r\u00fc\u015fm\u00fc\u015f olan Suzanne Barakat\u2019\u0131n temennisi sesini duyurmak ve m\u00fccadelesine destek\u00e7i bulmak.<\/p>\n<p>Bir\u00e7ok kom\u015fusu bu hik\u00e2yede yer ald\u0131 Susanne\u2019nin. Onlar\u0131n da \u00e7evrelerinde mutlaka M\u00fcsl\u00fcman bir kom\u015fusu, i\u015f veya okul hayat\u0131nda bir arkada\u015f\u0131n\u0131n oldu\u011funu d\u00fc\u015f\u00fcnen Suzanne: \u201cOnlara ula\u015f\u0131n. Dayan\u0131\u015fma i\u00e7erisinde oldu\u011funuzu g\u00f6sterin. Nefret dolu ba\u011fnazl\u0131\u011fa \u015fahit oldu\u011funuzda rahat\u0131n\u0131z\u0131 bozup, ses \u00e7\u0131kar\u0131n. \u00d6nemsiz hissettirse bile fark yarataca\u011f\u0131na s\u00f6z veriyorum.\u201d diyor. \u0130yili\u011fin t\u00fcm k\u00f6t\u00fcl\u00fcklere galip gelece\u011fi inanc\u0131yla nefret s\u00f6ylemini bitirmek i\u00e7in \u00e7al\u0131\u015f\u0131yor.<\/p>\n<p>\u201cDeah, Yusor ve Razan\u2019\u0131 hi\u00e7bir \u015fey geri getirmeyecek.<\/p>\n<p>Fakat ortak sesimizi y\u00fckseltti\u011fimizde, i\u015fte o zaman nefreti durduraca\u011f\u0131z\u2026\u201d[\/vc_column_text][divider line_type=&#8221;No Line&#8221; custom_height=&#8221;30&#8243;][vc_video link=&#8221;https:\/\/youtu.be\/MntLQGXti6k&#8221; align=&#8221;center&#8221;][\/vc_column][\/vc_row]\n","protected":false},"excerpt":{"rendered":"<p>[vc_row type=&#8221;in_container&#8221; full_screen_row_position=&#8221;middle&#8221; scene_position=&#8221;center&#8221; text_color=&#8221;dark&#8221; text_align=&#8221;left&#8221; overlay_strength=&#8221;0.3&#8243; shape_divider_position=&#8221;bottom&#8221; bg_image_animation=&#8221;none&#8221;][vc_column column_padding=&#8221;no-extra-padding&#8221; column_padding_position=&#8221;all&#8221; background_color_opacity=&#8221;1&#8243; background_hover_color_opacity=&#8221;1&#8243; column_link_target=&#8221;_self&#8221; column_shadow=&#8221;none&#8221; column_border_radius=&#8221;none&#8221; width=&#8221;1\/1&#8243; tablet_width_inherit=&#8221;default&#8221; tablet_text_alignment=&#8221;default&#8221; phone_text_alignment=&#8221;default&#8221; column_border_width=&#8221;none&#8221; column_border_style=&#8221;solid&#8221; bg_image_animation=&#8221;none&#8221;][vc_column_text]\u0130yilik, herkesin sustu\u011fu yerde hakikati hayk\u0131rmakt\u0131r\u2026 \u201c\u0130slamofobi karde\u015fimi&#8230;<\/p>\n","protected":false},"author":8,"featured_media":17619,"comment_status":"open","ping_status":"closed","sticky":false,"template":"","format":"standard","meta":{"footnotes":""},"categories":[1625],"tags":[],"class_list":{"0":"post-17618","1":"post","2":"type-post","3":"status-publish","4":"format-standard","5":"has-post-thumbnail","7":"category-ucuncu-uluslararasi-iyilik-odulleri"},"yoast_head":"<!-- This site is optimized with the Yoast SEO plugin v27.4 - https:\/\/yoast.com\/product\/yoast-seo-wordpress\/ -->\n<title>Suzanne BARAKAT<\/title>\n<meta name=\"description\" content=\"Suzanne Barakat, toplumun \u201c\u00f6tekisi\u201d olarak marjinalle\u015ftiren herkesin \u015fiddet riski ta\u015f\u0131d\u0131\u011f\u0131na dair alarm veren \u0130slamofobi\u2019nin kapsay\u0131c\u0131 mesaj\u0131 ile kar\u015f\u0131 kar\u015f\u0131ya kalararak, m\u00fccadelesini iyilik \u00fczere kurguluyor.\" \/>\n<meta name=\"robots\" content=\"index, follow, max-snippet:-1, max-image-preview:large, max-video-preview:-1\" \/>\n<link rel=\"canonical\" href=\"https:\/\/tdv.org\/tr-TR\/suzanne-barakat\/\" \/>\n<meta property=\"og:locale\" content=\"tr_TR\" \/>\n<meta property=\"og:type\" content=\"article\" \/>\n<meta property=\"og:title\" content=\"Suzanne BARAKAT\" \/>\n<meta property=\"og:description\" content=\"Suzanne Barakat, toplumun \u201c\u00f6tekisi\u201d olarak marjinalle\u015ftiren herkesin \u015fiddet riski ta\u015f\u0131d\u0131\u011f\u0131na dair alarm veren \u0130slamofobi\u2019nin kapsay\u0131c\u0131 mesaj\u0131 ile kar\u015f\u0131 kar\u015f\u0131ya kalararak, m\u00fccadelesini iyilik \u00fczere kurguluyor.\" \/>\n<meta property=\"og:url\" content=\"https:\/\/tdv.org\/tr-TR\/suzanne-barakat\/\" \/>\n<meta property=\"og:site_name\" content=\"T\u00fcrkiye Diyanet Vakf\u0131 Resmi Web Sitesi\" \/>\n<meta property=\"article:publisher\" content=\"https:\/\/www.facebook.com\/Diyanetvakfi\/\" \/>\n<meta property=\"article:published_time\" content=\"2017-03-20T07:42:35+00:00\" \/>\n<meta property=\"article:modified_time\" content=\"2025-01-02T13:15:06+00:00\" \/>\n<meta property=\"og:image\" content=\"https:\/\/tdv.org\/tr-TR\/wp-content\/uploads\/2022\/02\/2047-06-Suzanne_Barakat.jpg\" \/>\n\t<meta property=\"og:image:width\" content=\"1000\" \/>\n\t<meta property=\"og:image:height\" content=\"667\" \/>\n\t<meta property=\"og:image:type\" content=\"image\/jpeg\" \/>\n<meta name=\"author\" content=\"Selim\" \/>\n<meta name=\"twitter:card\" content=\"summary_large_image\" \/>\n<meta name=\"twitter:creator\" content=\"@DiyanetVakfi\" \/>\n<meta name=\"twitter:site\" content=\"@DiyanetVakfi\" \/>\n<script type=\"application\/ld+json\" class=\"yoast-schema-graph\">{\"@context\":\"https:\\\/\\\/schema.org\",\"@graph\":[{\"@type\":\"Article\",\"@id\":\"https:\\\/\\\/tdv.org\\\/tr-TR\\\/suzanne-barakat\\\/#article\",\"isPartOf\":{\"@id\":\"https:\\\/\\\/tdv.org\\\/tr-TR\\\/suzanne-barakat\\\/\"},\"author\":{\"name\":\"Selim\",\"@id\":\"https:\\\/\\\/tdv.org\\\/tr-TR\\\/#\\\/schema\\\/person\\\/752b55e264a99273d55636516d96d5eb\"},\"headline\":\"Suzanne BARAKAT\",\"datePublished\":\"2017-03-20T07:42:35+00:00\",\"dateModified\":\"2025-01-02T13:15:06+00:00\",\"mainEntityOfPage\":{\"@id\":\"https:\\\/\\\/tdv.org\\\/tr-TR\\\/suzanne-barakat\\\/\"},\"wordCount\":2367,\"commentCount\":0,\"publisher\":{\"@id\":\"https:\\\/\\\/tdv.org\\\/tr-TR\\\/#organization\"},\"image\":{\"@id\":\"https:\\\/\\\/tdv.org\\\/tr-TR\\\/suzanne-barakat\\\/#primaryimage\"},\"thumbnailUrl\":\"https:\\\/\\\/tdv.org\\\/tr-TR\\\/wp-content\\\/uploads\\\/2022\\\/02\\\/2047-06-Suzanne_Barakat.jpg\",\"articleSection\":[\"\u00dc\u00e7\u00fcnc\u00fc Uluslararas\u0131 \u0130yilik \u00d6d\u00fclleri\"],\"inLanguage\":\"tr\",\"potentialAction\":[{\"@type\":\"CommentAction\",\"name\":\"Comment\",\"target\":[\"https:\\\/\\\/tdv.org\\\/tr-TR\\\/suzanne-barakat\\\/#respond\"]}]},{\"@type\":\"WebPage\",\"@id\":\"https:\\\/\\\/tdv.org\\\/tr-TR\\\/suzanne-barakat\\\/\",\"url\":\"https:\\\/\\\/tdv.org\\\/tr-TR\\\/suzanne-barakat\\\/\",\"name\":\"Suzanne BARAKAT\",\"isPartOf\":{\"@id\":\"https:\\\/\\\/tdv.org\\\/tr-TR\\\/#website\"},\"primaryImageOfPage\":{\"@id\":\"https:\\\/\\\/tdv.org\\\/tr-TR\\\/suzanne-barakat\\\/#primaryimage\"},\"image\":{\"@id\":\"https:\\\/\\\/tdv.org\\\/tr-TR\\\/suzanne-barakat\\\/#primaryimage\"},\"thumbnailUrl\":\"https:\\\/\\\/tdv.org\\\/tr-TR\\\/wp-content\\\/uploads\\\/2022\\\/02\\\/2047-06-Suzanne_Barakat.jpg\",\"datePublished\":\"2017-03-20T07:42:35+00:00\",\"dateModified\":\"2025-01-02T13:15:06+00:00\",\"description\":\"Suzanne Barakat, toplumun \u201c\u00f6tekisi\u201d olarak marjinalle\u015ftiren herkesin \u015fiddet riski ta\u015f\u0131d\u0131\u011f\u0131na dair alarm veren \u0130slamofobi\u2019nin kapsay\u0131c\u0131 mesaj\u0131 ile kar\u015f\u0131 kar\u015f\u0131ya kalararak, m\u00fccadelesini iyilik \u00fczere kurguluyor.\",\"breadcrumb\":{\"@id\":\"https:\\\/\\\/tdv.org\\\/tr-TR\\\/suzanne-barakat\\\/#breadcrumb\"},\"inLanguage\":\"tr\",\"potentialAction\":[{\"@type\":\"ReadAction\",\"target\":[\"https:\\\/\\\/tdv.org\\\/tr-TR\\\/suzanne-barakat\\\/\"]}]},{\"@type\":\"ImageObject\",\"inLanguage\":\"tr\",\"@id\":\"https:\\\/\\\/tdv.org\\\/tr-TR\\\/suzanne-barakat\\\/#primaryimage\",\"url\":\"https:\\\/\\\/tdv.org\\\/tr-TR\\\/wp-content\\\/uploads\\\/2022\\\/02\\\/2047-06-Suzanne_Barakat.jpg\",\"contentUrl\":\"https:\\\/\\\/tdv.org\\\/tr-TR\\\/wp-content\\\/uploads\\\/2022\\\/02\\\/2047-06-Suzanne_Barakat.jpg\",\"width\":1000,\"height\":667},{\"@type\":\"BreadcrumbList\",\"@id\":\"https:\\\/\\\/tdv.org\\\/tr-TR\\\/suzanne-barakat\\\/#breadcrumb\",\"itemListElement\":[{\"@type\":\"ListItem\",\"position\":1,\"name\":\"Anasayfa\",\"item\":\"https:\\\/\\\/tdv.org\\\/tr-TR\\\/\"},{\"@type\":\"ListItem\",\"position\":2,\"name\":\"Suzanne BARAKAT\"}]},{\"@type\":\"WebSite\",\"@id\":\"https:\\\/\\\/tdv.org\\\/tr-TR\\\/#website\",\"url\":\"https:\\\/\\\/tdv.org\\\/tr-TR\\\/\",\"name\":\"T\u00fcrkiye Diyanet Vakf\u0131 Resmi Web Sitesi\",\"description\":\"Yery\u00fcz\u00fcnde iyilik egemen oluncaya kadar\",\"publisher\":{\"@id\":\"https:\\\/\\\/tdv.org\\\/tr-TR\\\/#organization\"},\"alternateName\":\"T\u00fcrkiye Diyanet Vakf\u0131\",\"potentialAction\":[{\"@type\":\"SearchAction\",\"target\":{\"@type\":\"EntryPoint\",\"urlTemplate\":\"https:\\\/\\\/tdv.org\\\/tr-TR\\\/?s={search_term_string}\"},\"query-input\":{\"@type\":\"PropertyValueSpecification\",\"valueRequired\":true,\"valueName\":\"search_term_string\"}}],\"inLanguage\":\"tr\"},{\"@type\":\"Organization\",\"@id\":\"https:\\\/\\\/tdv.org\\\/tr-TR\\\/#organization\",\"name\":\"T\u00fcrkiye Diyanet Vakf\u0131\",\"alternateName\":\"T\u00fcrkiye Diyanet Vakf\u0131\",\"url\":\"https:\\\/\\\/tdv.org\\\/tr-TR\\\/\",\"logo\":{\"@type\":\"ImageObject\",\"inLanguage\":\"tr\",\"@id\":\"https:\\\/\\\/tdv.org\\\/tr-TR\\\/#\\\/schema\\\/logo\\\/image\\\/\",\"url\":\"https:\\\/\\\/tdv.org\\\/tr-TR\\\/wp-content\\\/uploads\\\/2018\\\/12\\\/TDV_Logo_1.png\",\"contentUrl\":\"https:\\\/\\\/tdv.org\\\/tr-TR\\\/wp-content\\\/uploads\\\/2018\\\/12\\\/TDV_Logo_1.png\",\"width\":207,\"height\":71,\"caption\":\"T\u00fcrkiye Diyanet Vakf\u0131\"},\"image\":{\"@id\":\"https:\\\/\\\/tdv.org\\\/tr-TR\\\/#\\\/schema\\\/logo\\\/image\\\/\"},\"sameAs\":[\"https:\\\/\\\/www.facebook.com\\\/Diyanetvakfi\\\/\",\"https:\\\/\\\/x.com\\\/DiyanetVakfi\",\"https:\\\/\\\/www.instagram.com\\\/turkiyediyanetvakfi\\\/\",\"https:\\\/\\\/www.youtube.com\\\/user\\\/TurkiyeDiyanetVakfi\"]},{\"@type\":\"Person\",\"@id\":\"https:\\\/\\\/tdv.org\\\/tr-TR\\\/#\\\/schema\\\/person\\\/752b55e264a99273d55636516d96d5eb\",\"name\":\"Selim\",\"image\":{\"@type\":\"ImageObject\",\"inLanguage\":\"tr\",\"@id\":\"https:\\\/\\\/tdv.org\\\/tr-TR\\\/wp-content\\\/litespeed\\\/avatar\\\/a1e47b25396e98e5b781e88a5396cd96.jpg?ver=1777287391\",\"url\":\"https:\\\/\\\/tdv.org\\\/tr-TR\\\/wp-content\\\/litespeed\\\/avatar\\\/a1e47b25396e98e5b781e88a5396cd96.jpg?ver=1777287391\",\"contentUrl\":\"https:\\\/\\\/tdv.org\\\/tr-TR\\\/wp-content\\\/litespeed\\\/avatar\\\/a1e47b25396e98e5b781e88a5396cd96.jpg?ver=1777287391\",\"caption\":\"Selim\"}}]}<\/script>\n<!-- \/ Yoast SEO plugin. -->","yoast_head_json":{"title":"Suzanne BARAKAT","description":"Suzanne Barakat, toplumun \u201c\u00f6tekisi\u201d olarak marjinalle\u015ftiren herkesin \u015fiddet riski ta\u015f\u0131d\u0131\u011f\u0131na dair alarm veren \u0130slamofobi\u2019nin kapsay\u0131c\u0131 mesaj\u0131 ile kar\u015f\u0131 kar\u015f\u0131ya kalararak, m\u00fccadelesini iyilik \u00fczere kurguluyor.","robots":{"index":"index","follow":"follow","max-snippet":"max-snippet:-1","max-image-preview":"max-image-preview:large","max-video-preview":"max-video-preview:-1"},"canonical":"https:\/\/tdv.org\/tr-TR\/suzanne-barakat\/","og_locale":"tr_TR","og_type":"article","og_title":"Suzanne BARAKAT","og_description":"Suzanne Barakat, toplumun \u201c\u00f6tekisi\u201d olarak marjinalle\u015ftiren herkesin \u015fiddet riski ta\u015f\u0131d\u0131\u011f\u0131na dair alarm veren \u0130slamofobi\u2019nin kapsay\u0131c\u0131 mesaj\u0131 ile kar\u015f\u0131 kar\u015f\u0131ya kalararak, m\u00fccadelesini iyilik \u00fczere kurguluyor.","og_url":"https:\/\/tdv.org\/tr-TR\/suzanne-barakat\/","og_site_name":"T\u00fcrkiye Diyanet Vakf\u0131 Resmi Web Sitesi","article_publisher":"https:\/\/www.facebook.com\/Diyanetvakfi\/","article_published_time":"2017-03-20T07:42:35+00:00","article_modified_time":"2025-01-02T13:15:06+00:00","og_image":[{"width":1000,"height":667,"url":"https:\/\/tdv.org\/tr-TR\/wp-content\/uploads\/2022\/02\/2047-06-Suzanne_Barakat.jpg","type":"image\/jpeg"}],"author":"Selim","twitter_card":"summary_large_image","twitter_creator":"@DiyanetVakfi","twitter_site":"@DiyanetVakfi","schema":{"@context":"https:\/\/schema.org","@graph":[{"@type":"Article","@id":"https:\/\/tdv.org\/tr-TR\/suzanne-barakat\/#article","isPartOf":{"@id":"https:\/\/tdv.org\/tr-TR\/suzanne-barakat\/"},"author":{"name":"Selim","@id":"https:\/\/tdv.org\/tr-TR\/#\/schema\/person\/752b55e264a99273d55636516d96d5eb"},"headline":"Suzanne BARAKAT","datePublished":"2017-03-20T07:42:35+00:00","dateModified":"2025-01-02T13:15:06+00:00","mainEntityOfPage":{"@id":"https:\/\/tdv.org\/tr-TR\/suzanne-barakat\/"},"wordCount":2367,"commentCount":0,"publisher":{"@id":"https:\/\/tdv.org\/tr-TR\/#organization"},"image":{"@id":"https:\/\/tdv.org\/tr-TR\/suzanne-barakat\/#primaryimage"},"thumbnailUrl":"https:\/\/tdv.org\/tr-TR\/wp-content\/uploads\/2022\/02\/2047-06-Suzanne_Barakat.jpg","articleSection":["\u00dc\u00e7\u00fcnc\u00fc Uluslararas\u0131 \u0130yilik \u00d6d\u00fclleri"],"inLanguage":"tr","potentialAction":[{"@type":"CommentAction","name":"Comment","target":["https:\/\/tdv.org\/tr-TR\/suzanne-barakat\/#respond"]}]},{"@type":"WebPage","@id":"https:\/\/tdv.org\/tr-TR\/suzanne-barakat\/","url":"https:\/\/tdv.org\/tr-TR\/suzanne-barakat\/","name":"Suzanne BARAKAT","isPartOf":{"@id":"https:\/\/tdv.org\/tr-TR\/#website"},"primaryImageOfPage":{"@id":"https:\/\/tdv.org\/tr-TR\/suzanne-barakat\/#primaryimage"},"image":{"@id":"https:\/\/tdv.org\/tr-TR\/suzanne-barakat\/#primaryimage"},"thumbnailUrl":"https:\/\/tdv.org\/tr-TR\/wp-content\/uploads\/2022\/02\/2047-06-Suzanne_Barakat.jpg","datePublished":"2017-03-20T07:42:35+00:00","dateModified":"2025-01-02T13:15:06+00:00","description":"Suzanne Barakat, toplumun \u201c\u00f6tekisi\u201d olarak marjinalle\u015ftiren herkesin \u015fiddet riski ta\u015f\u0131d\u0131\u011f\u0131na dair alarm veren \u0130slamofobi\u2019nin kapsay\u0131c\u0131 mesaj\u0131 ile kar\u015f\u0131 kar\u015f\u0131ya kalararak, m\u00fccadelesini iyilik \u00fczere kurguluyor.","breadcrumb":{"@id":"https:\/\/tdv.org\/tr-TR\/suzanne-barakat\/#breadcrumb"},"inLanguage":"tr","potentialAction":[{"@type":"ReadAction","target":["https:\/\/tdv.org\/tr-TR\/suzanne-barakat\/"]}]},{"@type":"ImageObject","inLanguage":"tr","@id":"https:\/\/tdv.org\/tr-TR\/suzanne-barakat\/#primaryimage","url":"https:\/\/tdv.org\/tr-TR\/wp-content\/uploads\/2022\/02\/2047-06-Suzanne_Barakat.jpg","contentUrl":"https:\/\/tdv.org\/tr-TR\/wp-content\/uploads\/2022\/02\/2047-06-Suzanne_Barakat.jpg","width":1000,"height":667},{"@type":"BreadcrumbList","@id":"https:\/\/tdv.org\/tr-TR\/suzanne-barakat\/#breadcrumb","itemListElement":[{"@type":"ListItem","position":1,"name":"Anasayfa","item":"https:\/\/tdv.org\/tr-TR\/"},{"@type":"ListItem","position":2,"name":"Suzanne BARAKAT"}]},{"@type":"WebSite","@id":"https:\/\/tdv.org\/tr-TR\/#website","url":"https:\/\/tdv.org\/tr-TR\/","name":"T\u00fcrkiye Diyanet Vakf\u0131 Resmi Web Sitesi","description":"Yery\u00fcz\u00fcnde iyilik egemen oluncaya kadar","publisher":{"@id":"https:\/\/tdv.org\/tr-TR\/#organization"},"alternateName":"T\u00fcrkiye Diyanet Vakf\u0131","potentialAction":[{"@type":"SearchAction","target":{"@type":"EntryPoint","urlTemplate":"https:\/\/tdv.org\/tr-TR\/?s={search_term_string}"},"query-input":{"@type":"PropertyValueSpecification","valueRequired":true,"valueName":"search_term_string"}}],"inLanguage":"tr"},{"@type":"Organization","@id":"https:\/\/tdv.org\/tr-TR\/#organization","name":"T\u00fcrkiye Diyanet Vakf\u0131","alternateName":"T\u00fcrkiye Diyanet Vakf\u0131","url":"https:\/\/tdv.org\/tr-TR\/","logo":{"@type":"ImageObject","inLanguage":"tr","@id":"https:\/\/tdv.org\/tr-TR\/#\/schema\/logo\/image\/","url":"https:\/\/tdv.org\/tr-TR\/wp-content\/uploads\/2018\/12\/TDV_Logo_1.png","contentUrl":"https:\/\/tdv.org\/tr-TR\/wp-content\/uploads\/2018\/12\/TDV_Logo_1.png","width":207,"height":71,"caption":"T\u00fcrkiye Diyanet Vakf\u0131"},"image":{"@id":"https:\/\/tdv.org\/tr-TR\/#\/schema\/logo\/image\/"},"sameAs":["https:\/\/www.facebook.com\/Diyanetvakfi\/","https:\/\/x.com\/DiyanetVakfi","https:\/\/www.instagram.com\/turkiyediyanetvakfi\/","https:\/\/www.youtube.com\/user\/TurkiyeDiyanetVakfi"]},{"@type":"Person","@id":"https:\/\/tdv.org\/tr-TR\/#\/schema\/person\/752b55e264a99273d55636516d96d5eb","name":"Selim","image":{"@type":"ImageObject","inLanguage":"tr","@id":"https:\/\/tdv.org\/tr-TR\/wp-content\/litespeed\/avatar\/a1e47b25396e98e5b781e88a5396cd96.jpg?ver=1777287391","url":"https:\/\/tdv.org\/tr-TR\/wp-content\/litespeed\/avatar\/a1e47b25396e98e5b781e88a5396cd96.jpg?ver=1777287391","contentUrl":"https:\/\/tdv.org\/tr-TR\/wp-content\/litespeed\/avatar\/a1e47b25396e98e5b781e88a5396cd96.jpg?ver=1777287391","caption":"Selim"}}]}},"_links":{"self":[{"href":"https:\/\/tdv.org\/tr-TR\/wp-json\/wp\/v2\/posts\/17618","targetHints":{"allow":["GET"]}}],"collection":[{"href":"https:\/\/tdv.org\/tr-TR\/wp-json\/wp\/v2\/posts"}],"about":[{"href":"https:\/\/tdv.org\/tr-TR\/wp-json\/wp\/v2\/types\/post"}],"author":[{"embeddable":true,"href":"https:\/\/tdv.org\/tr-TR\/wp-json\/wp\/v2\/users\/8"}],"replies":[{"embeddable":true,"href":"https:\/\/tdv.org\/tr-TR\/wp-json\/wp\/v2\/comments?post=17618"}],"version-history":[{"count":4,"href":"https:\/\/tdv.org\/tr-TR\/wp-json\/wp\/v2\/posts\/17618\/revisions"}],"predecessor-version":[{"id":48120,"href":"https:\/\/tdv.org\/tr-TR\/wp-json\/wp\/v2\/posts\/17618\/revisions\/48120"}],"wp:featuredmedia":[{"embeddable":true,"href":"https:\/\/tdv.org\/tr-TR\/wp-json\/wp\/v2\/media\/17619"}],"wp:attachment":[{"href":"https:\/\/tdv.org\/tr-TR\/wp-json\/wp\/v2\/media?parent=17618"}],"wp:term":[{"taxonomy":"category","embeddable":true,"href":"https:\/\/tdv.org\/tr-TR\/wp-json\/wp\/v2\/categories?post=17618"},{"taxonomy":"post_tag","embeddable":true,"href":"https:\/\/tdv.org\/tr-TR\/wp-json\/wp\/v2\/tags?post=17618"}],"curies":[{"name":"wp","href":"https:\/\/api.w.org\/{rel}","templated":true}]}}