{"id":17621,"date":"2017-03-20T10:43:39","date_gmt":"2017-03-20T07:43:39","guid":{"rendered":"https:\/\/tdv.org\/tr-TR\/?p=17621"},"modified":"2025-01-02T16:14:20","modified_gmt":"2025-01-02T13:14:20","slug":"muhammed-eyup","status":"publish","type":"post","link":"https:\/\/tdv.org\/tr-TR\/muhammed-eyup\/","title":{"rendered":"Muhammed EYUP"},"content":{"rendered":"[vc_row type=&#8221;in_container&#8221; full_screen_row_position=&#8221;middle&#8221; scene_position=&#8221;center&#8221; text_color=&#8221;dark&#8221; text_align=&#8221;left&#8221; overlay_strength=&#8221;0.3&#8243; shape_divider_position=&#8221;bottom&#8221; bg_image_animation=&#8221;none&#8221;][vc_column column_padding=&#8221;no-extra-padding&#8221; column_padding_position=&#8221;all&#8221; background_color_opacity=&#8221;1&#8243; background_hover_color_opacity=&#8221;1&#8243; column_link_target=&#8221;_self&#8221; column_shadow=&#8221;none&#8221; column_border_radius=&#8221;none&#8221; width=&#8221;1\/1&#8243; tablet_width_inherit=&#8221;default&#8221; tablet_text_alignment=&#8221;default&#8221; phone_text_alignment=&#8221;default&#8221; column_border_width=&#8221;none&#8221; column_border_style=&#8221;solid&#8221; bg_image_animation=&#8221;none&#8221;][vc_column_text]\n<div class=\"page-content\">\n<p><em><strong>\u0130yilik karanl\u0131\u011fa ba\u011f\u0131rmaktansa, o karanl\u0131\u011fa k\u00fc\u00e7\u00fck bir mum yakmakt\u0131r\u2026<\/strong><\/em><\/p>\n<p><em><strong>Bu i\u015fte emekli olmay\u0131 d\u00fc\u015f\u00fcnm\u00fcyorum. Rabbim \u00f6m\u00fcr verdi\u011fi s\u00fcrece, okula gidemeyen \u00e7ocuklara hizmet edece\u011fim\u201d<\/strong><\/em><\/p>\n<p>Pakistan\u2019da itfaiye g\u00f6revlisi olarak \u00e7al\u0131\u015fan Muhammed Ey\u00fcp, \u0130slamabad\u2019da her g\u00fcn i\u015f \u00e7\u0131k\u0131\u015f\u0131nda parlamentoya yak\u0131n bir parkta, kentin yoksul \u00e7ocuklar\u0131na ders vererek \u00f6\u011frenimlerine yard\u0131mc\u0131 oluyor. 35 y\u0131ld\u0131r bu kutsal g\u00f6revi kar\u015f\u0131l\u0131k beklemeden yapan Ey\u00fcp\u2019\u00fcn hayali bir g\u00fcn ger\u00e7ek bir okul in\u015fa etmek. \u00d6\u011frencileriyle beraber hayalini ger\u00e7ekle\u015ftirmek i\u00e7in \u00e7al\u0131\u015fan Ey\u00fcp: \u201cBu i\u015fte emekli olmay\u0131 d\u00fc\u015f\u00fcnm\u00fcyorum. Rabbim \u00f6m\u00fcr verdi\u011fi s\u00fcrece okula gidemeyen \u00e7ocuklara hizmet edece\u011fim\u201d diyor.<\/p>\n<p>K\u00fc\u00e7\u00fck ya\u015fta babas\u0131n\u0131 kaybetti\u011fi i\u00e7in hem \u00e7al\u0131\u015fmak hem de e\u011fitimine devam etmek zorunda kalan Pakistanl\u0131 Muhammed Ey\u00fcp, hayat\u0131n\u0131 \u0130slamabad\u2019da sokakta \u00e7al\u0131\u015fan \u00e7ocuklara e\u011fitim deste\u011fi vermeye adayan bir e\u011fitim g\u00f6n\u00fcll\u00fcs\u00fc. Her g\u00fcn i\u015f \u00e7\u0131k\u0131\u015f\u0131nda parlamentoya yak\u0131n bir parkta yoksul \u00e7ocuklara ders veren itfaiyeci Muhammed Ey\u00fcp, 35 senedir \u00e7ocuklar\u0131 cahillikten korumak i\u00e7in \u00e7al\u0131\u015f\u0131yor.<\/p>\n<p>Kendisi de zor \u015fartlarda e\u011fitim hayat\u0131na devam etmek zorunda kalm\u0131\u015f. Otuz be\u015f y\u0131l \u00f6nce araba y\u0131kayan bir \u00e7ocu\u011fun maddi zorluklar nedeniyle okuyamad\u0131\u011f\u0131 i\u00e7in \u00e7al\u0131\u015fmak zorunda oldu\u011funu \u00f6\u011frenince kollar\u0131 s\u0131vam\u0131\u015f, ona yard\u0131m etmeye ba\u015flam\u0131\u015f. Sonra bu \u00e7ocuklar\u0131n say\u0131s\u0131 \u00fc\u00e7 olmu\u015f. \u00dc\u00e7 \u00e7ocuk ile ba\u015flayan bu ser\u00fcven y\u0131llar i\u00e7inde binlerce \u00e7ocu\u011fun mezuniyetine vesile olmu\u015f. Muhammed Ey\u00fcp\u2019\u00fcn \u015fu an 170 \u00f6\u011frencisi var. \u00c7ocuklar\u0131n kalem, defter gibi k\u0131rtasiye masraflar\u0131n\u0131 dahi kendisi kar\u015f\u0131layan merhametli e\u011fitmen Muhammed Ey\u00fcp, birka\u00e7 y\u0131l i\u00e7erisinde emekli olacak ama k\u00f6\u015fesine \u00e7ekilmeyi d\u00fc\u015f\u00fcnm\u00fcyor.<\/p>\n<p>Hayali bir g\u00fcn ger\u00e7ek bir okul in\u015fa etmek. \u00d6\u011frencileriyle beraber, bu hayalinin ilk ad\u0131mlar\u0131n\u0131 atm\u0131\u015flar bile. Hep birlikte toplad\u0131klar\u0131 ta\u015f ve betonlar\u0131 park\u0131n kenar\u0131nda biriktiriyorlar. \u0130yili\u011fin karanl\u0131\u011fa ba\u011f\u0131rmaktansa o karanl\u0131\u011fa k\u00fc\u00e7\u00fck bir mum yakmak oldu\u011funa inanan Muhammed Ey\u00fcp, \u201cRabbim \u00f6m\u00fcr verdi\u011fi s\u00fcrece okula gidemeyen \u00e7ocuklara hizmet edece\u011fim\u201d diyor.<\/p>\n<p>&nbsp;<\/p>\n<p><strong>\u00c7ocuklar\u0131n Defterlerini Kendi Elleriyle Yap\u0131yor<\/strong><\/p>\n<p>B\u00f6ylesine emek isteyen ve uzun soluklu bir \u00e7al\u0131\u015fmay\u0131 y\u0131llard\u0131r tek ba\u015f\u0131na y\u00fcr\u00fctm\u00fc\u015f Muhammed Ey\u00fcp. \u201cSadece yang\u0131n olaylar\u0131nda insanlara faydal\u0131 oluyordum ama ben insanlara her zaman yard\u0131mc\u0131 olmak istiyorum. Ne yapabilirim diye d\u00fc\u015f\u00fcn\u00fcrken yollarda bir s\u00fcr\u00fc \u00e7ocuk g\u00f6rd\u00fcm. Kimi dilenciydi kimi \u00e7al\u0131\u015f\u0131yordu\u2026 Bir g\u00fcn \u0131\u015f\u0131klarda duran arabalar\u0131n cam\u0131n\u0131 silen, eli ve aya\u011f\u0131 olmayan ve \u00e7e\u015fitli sorunlar\u0131 olan 3 \u00e7ocuk g\u00f6rd\u00fcm. Bu \u00e7ocuklar i\u00e7in de harekete ge\u00e7tim. Maa\u015f\u0131m\u0131 \u00fc\u00e7e b\u00f6ld\u00fcm. Bir k\u0131sm\u0131n\u0131 e\u015fime, bir k\u0131sm\u0131n\u0131 kendime ay\u0131rd\u0131m. Kalan k\u0131sm\u0131yla bu \u00e7ocuklara k\u00e2\u011f\u0131t ald\u0131m. O k\u00e2\u011f\u0131tlar\u0131 defter haline getirdim\u201d diye anlat\u0131yor hikayesini.<\/p>\n<p>Bu giri\u015fiminin ge\u00e7ici bir \u015fey olmamas\u0131, \u00e7ocuklar\u0131n kullanaca\u011f\u0131 defterleri bile kendi elleriyle haz\u0131rlamas\u0131, Muhammed Ey\u00fcp\u2019\u00fcn e\u011fitime verdi\u011fi \u00f6nemi ve sokak \u00e7ocuklar\u0131na duydu\u011fu merhametiyle \u00f6rnek bir iyilik hareketini temsil ediyor.<\/p>\n<p>&nbsp;<\/p>\n<p><strong>Binlerce \u00f6\u011frencinin mezuniyetine vesile olmu\u015f<\/strong><\/p>\n<p>\u00d6\u011frenci say\u0131s\u0131 artt\u0131\u011f\u0131nda buna bir d\u00fczenleme getirmek zorunda kalan Muhammed Ey\u00fcp, sabahlar\u0131 kendi i\u015fine gidiyor, kalan zaman\u0131n\u0131 da bu \u00e7ocuklar\u0131n e\u011fitimi ile ge\u00e7iriyor. \u00d6\u011fleden sonra \u00fc\u00e7 grup halinde ders veren Ey\u00fcp, ak\u015famlar\u0131 sokak lambalar\u0131n\u0131n alt\u0131nda oturuyor \u00e7ocuklarla beraber. G\u00fcn\u00fcm\u00fcze kadar sekiz bine yak\u0131n \u00f6\u011frencinin mezun olmas\u0131n\u0131 sa\u011flayan Muhammed Ey\u00fcp\u2019\u00fcn \u00f6\u011frencileri aras\u0131nda devletin her kademesinde \u00e7al\u0131\u015fan da var, \u00fcniversitelerde \u00f6\u011fretim \u00fcyeli\u011fi yapan da.<\/p>\n<p>Okuttu\u011fu \u00e7ocuklar\u0131n ba\u015far\u0131lar\u0131na \u015fahit olunca y\u00fcre\u011findeki hizmet etme a\u015fk\u0131n\u0131n artt\u0131\u011f\u0131n\u0131 s\u00f6yleyen Muhammed Ey\u00fcp: \u201cYaz aylar\u0131nda parkta g\u00fcne\u015fin alt\u0131nda, k\u0131\u015flar\u0131 ise a\u011fa\u00e7 diplerinde \u00e7ocuklarla beraber \u00e7al\u0131\u015f\u0131yoruz. Hizmet niyetinde oldu\u011fum i\u00e7in s\u0131cak ve so\u011fuklardan hi\u00e7bir \u015fekilde etkilenmiyorum. Allah yard\u0131m ediyor.\u201d ifadeleri ile anlat\u0131yor sevdas\u0131n\u0131.<\/p>\n<p>Birinci s\u0131n\u0131ftan onuncu s\u0131n\u0131fa kadar okul m\u00fcfredat\u0131nda hangi konular yer al\u0131yor ise, onlar\u0131 \u00e7ocuklara program yaparak anlatan Muhammed Ey\u00fcp, devletin bu \u00e7ocuklar\u0131 bir s\u0131nava tabii tutarak ba\u015far\u0131lar\u0131n\u0131 \u00f6l\u00e7t\u00fc\u011f\u00fcn\u00fc, ald\u0131klar\u0131 notlar kar\u015f\u0131l\u0131\u011f\u0131nda e\u011fitimlerinde ilerleyebildiklerinin gururu ile her g\u00fcn yeniden sar\u0131l\u0131yor bu harekete\u2026\u00a0 Bu derslere ba\u015flarken \u00e7ok da fazla bilgili olmad\u0131\u011f\u0131 konularda, \u00e7ocuklara ders anlatabilmek i\u00e7in her g\u00fcn titiz ve istikrarl\u0131 bir \u015fekilde ders \u00e7al\u0131\u015ft\u0131\u011f\u0131n\u0131 s\u00f6yl\u00fcyor.<\/p>\n<p><strong>E\u011fitimine Devam Etmeleri \u0130\u00e7in \u00c7ocuklara Te\u015fvik Edici S\u00f6zler Veriyor<\/strong><\/p>\n<p>Maddi durumu olmad\u0131\u011f\u0131 i\u00e7in okula gidemeyen \u00e7ocuklar\u0131n e\u011fitim g\u00f6rmesine yard\u0131mc\u0131 olan Muhammed Ey\u00fcp, \u201cTan\u0131\u015ft\u0131\u011f\u0131m \u00e7ocuklar\u0131 ben okutmasayd\u0131m okula gidemezlerdi, k\u00f6t\u00fc al\u0131\u015fkanl\u0131klara y\u00f6nelirlerdi. Onlar\u0131n okuyabilmesi i\u00e7in bazen te\u015fvik edici s\u00f6zler veriyorum. \u00d6rne\u011fin bir \u00e7ocu\u011fun okumas\u0131 i\u00e7in bisiklet s\u00f6z\u00fc verdim. Sonra kara kara d\u00fc\u015f\u00fcnd\u00fcm nas\u0131l alaca\u011f\u0131m diye\u2026 Sonras\u0131nda bir arkada\u015f\u0131m geldi ve \u2018Bir \u015feye ihtiyac\u0131n var m\u0131? diye sordu. Ben de hemen \u2018\u00d6\u011frencime bisiklet s\u00f6z\u00fc verdim ama alam\u0131yorum\u2019 dedim. Sa\u011f olsun teredd\u00fct etmeden ald\u0131. Sonra o \u00e7ocuk bir ka\u00e7 y\u0131l ge\u00e7tikten sonra bilgisayara ihtiyac\u0131 oldu\u011funu s\u00f6yledi. Ben de ba\u015far\u0131l\u0131 oldu\u011fu takdirde alaca\u011f\u0131m\u0131 s\u00f6yledim. Ama yine alacak imk\u00e2n\u0131m yoktu. Bu defa ba\u015fka biri imdad\u0131ma yeti\u015fti ve bilgisayar\u0131 ald\u0131k. \u015eimdi ise ayn\u0131 \u00e7ocu\u011fa daha b\u00fcy\u00fck bir s\u00f6z verdim. Motosiklet istedi. \u00c7ok ba\u015far\u0131l\u0131 ve zeki bir \u00e7ocuk. Benim okulumun kahraman\u0131yd\u0131 diyebilirim. O y\u00fczden onun okumas\u0131 i\u00e7in elimden geleni yapmaya \u00e7al\u0131\u015f\u0131yorum\u201d diye anlat\u0131yor.<\/p>\n<p>Sokak \u00e7ocuklar\u0131n\u0131n okula gidemeyi\u015fleri y\u00fcz\u00fcnden heba olmamalar\u0131 i\u00e7in, \u00e7o\u011fu zaman onlara ders anlatmaktan ba\u015fka bir katk\u0131s\u0131n\u0131n olmad\u0131\u011f\u0131n\u0131 ifade ederken bile daha fazlas\u0131n\u0131 arzulad\u0131\u011f\u0131n\u0131 hissettiriyor Muhammed Ey\u00fcp. Onlara hem okul m\u00fcfredat\u0131na yak\u0131n bir e\u011fitimi vermek i\u00e7in kendini geli\u015ftirmek zorunda hissediyor hem de kimsenin sahip \u00e7\u0131kmad\u0131\u011f\u0131 bu \u00e7ocuklara bir a\u011fabey gibi sahip \u00e7\u0131kmaya \u00e7al\u0131\u015f\u0131yor.<\/p>\n<p>\u201cKim bilir daha nicesinden habersizim\u201d diyen fedak\u00e2r e\u011fitmen, gelece\u011fe haz\u0131rlad\u0131\u011f\u0131 \u00e7ocuklar\u0131n iyi yerlerde olmas\u0131 i\u00e7in her g\u00fcn kendi bilgilerini yeniliyor ve onlar kadar ders \u00e7al\u0131\u015f\u0131yor. Nerede olursan\u0131z olun, \u00f6\u011frenmek i\u00e7in her f\u0131rsat\u0131n de\u011ferlendirilmesi gerekti\u011fine inanan Muhammed Ey\u00fcp i\u00e7in sokaklar s\u0131n\u0131fa, parklar okul koridorlar\u0131na d\u00f6n\u00fcyor. Disiplinli ders anlat\u0131\u015f\u0131 da merhametinin yan\u0131nda e\u011fitimci profesyonelli\u011fi gerektiriyor. Ki Muhammed Ey\u00fcp bunu ba\u015fararak \u00e7ocuklar\u0131n g\u00f6nl\u00fcn\u00fc \u00e7oktan kazanm\u0131\u015f. \u00c7o\u011fu \u00e7al\u0131\u015fmak zorunda olsa da, sokak mektebine devams\u0131zl\u0131k yapm\u0131yorlar. Biliyorlar ki, onlar\u0131 yine bu sokaklardan kurtaracak olan tek \u015fey e\u011fitim.<\/p>\n<p>&nbsp;<\/p>\n<p><strong>K\u00f6yde \u00d6\u011fretmenlik Yapan \u00c7ocuklar da Onun \u0130zinde<\/strong><\/p>\n<p>Y\u00fcr\u00fctt\u00fc\u011f\u00fc g\u00f6n\u00fcll\u00fcl\u00fck \u00e7al\u0131\u015fmas\u0131nda zaman zaman insanlardan ilgin\u00e7 tepkiler alan Pakistanl\u0131 Muhammed Ey\u00fcp\u2019\u00fcn ne yapt\u0131\u011f\u0131n\u0131 idrak edemeyenler aras\u0131nda kendi devleti de var. Alt\u0131 y\u0131l boyunca yapt\u0131klar\u0131 takip edilen Muhammed Ey\u00fcp, zarars\u0131z oldu\u011fu anla\u015f\u0131l\u0131nca sadrazaml\u0131k taraf\u0131ndan \u00f6d\u00fcllendirilmi\u015f. Bu iyiliklerin kar\u015f\u0131l\u0131ks\u0131z yap\u0131ld\u0131\u011f\u0131na \u015fa\u015f\u0131ran insanlar\u0131n kendisine \u00e7\u0131lg\u0131n demelerine ald\u0131rmadan hizmet a\u015fk\u0131yla \u00e7al\u0131\u015ft\u0131\u011f\u0131n\u0131 ekliyor Muhammed Ey\u00fcp.<\/p>\n<p>2012 y\u0131l\u0131nda da itfaiye taraf\u0131ndan yang\u0131n olaylar\u0131nda g\u00f6sterdi\u011fi cesaretiyle \u00f6d\u00fcllendirilmi\u015f. Kendi can\u0131n\u0131n hi\u00e7bir insan\u0131n can\u0131ndan daha k\u0131ymetli olmad\u0131\u011f\u0131na inanan Muhammed Ey\u00fcp\u2019\u00fcn elleri ve bacaklar\u0131nda kal\u0131c\u0131 yan\u0131k izleri var. D\u00f6rt evlat sahibi fedakar baban\u0131n \u00e7ocuklar\u0131 da ya\u015fad\u0131klar\u0131 k\u00f6yde onun gibi okula gidemeyenlere yard\u0131mc\u0131 olarak, gelece\u011fin \u2018Ey\u00fcp \u00d6\u011fretmeni\u2019 olmak istiyorlar.<\/p>\n<p>Ak\u015famlar\u0131 veya gece oldu\u011funda sokak lambalar\u0131n\u0131n alt\u0131nda, g\u00fcnd\u00fczleri ise parkta yerde oturarak okula gidemeyen \u00e7ocuklara umut olan, zaman zaman insanlardan farkl\u0131 tepkiler al\u0131p kiminin \u00e7\u0131lg\u0131n kiminin fedai addetti\u011fi Muhammed Ey\u00fcp, \u00f6mr\u00fc vefa ettik\u00e7e bu iyili\u011fin kanatlar\u0131n\u0131 \u00e7\u0131rpacak\u2026<\/p>\n<p>3 \u00f6\u011frenci ile ba\u015flad\u0131\u011f\u0131 bu yolda 32 y\u0131lda 7-8 bin \u00f6\u011frenci okutan ve \u015fuanda 170 \u00f6\u011frencisi olan Muhammed Ey\u00fcp\u2019\u00fcn eme\u011fini yaslad\u0131\u011f\u0131 sebebi \u015f\u00f6yle aktar\u0131yor:<\/p>\n<p><em><strong>\u201cYazlar\u0131 parkta g\u00fcne\u015fin alt\u0131nda \u00e7al\u0131\u015f\u0131rken hi\u00e7 etkilenmiyorum. Ayn\u0131 \u015fekilde so\u011fuktan da\u2026 \u00c7\u00fcnk\u00fc ben, hizmet niyetiyle gitti\u011fimde s\u0131cak ve so\u011fu\u011fu hi\u00e7bir \u015fekilde hesab\u0131ma katmad\u0131m. Onun r\u0131zas\u0131 i\u00e7in verilen emekleri zayi etmeyen Allah yard\u0131m etti\u2026\u201d<\/strong><\/em><\/p>\n<p>&nbsp;<\/p>\n<\/div>\n[\/vc_column_text][divider line_type=&#8221;No Line&#8221; custom_height=&#8221;30&#8243;][vc_video link=&#8221;https:\/\/youtu.be\/1SJZmXs3Dd4&#8243; align=&#8221;center&#8221;][\/vc_column][\/vc_row]\n","protected":false},"excerpt":{"rendered":"<p>[vc_row type=&#8221;in_container&#8221; full_screen_row_position=&#8221;middle&#8221; scene_position=&#8221;center&#8221; text_color=&#8221;dark&#8221; text_align=&#8221;left&#8221; overlay_strength=&#8221;0.3&#8243; shape_divider_position=&#8221;bottom&#8221; bg_image_animation=&#8221;none&#8221;][vc_column column_padding=&#8221;no-extra-padding&#8221; column_padding_position=&#8221;all&#8221; background_color_opacity=&#8221;1&#8243; background_hover_color_opacity=&#8221;1&#8243; column_link_target=&#8221;_self&#8221; column_shadow=&#8221;none&#8221; column_border_radius=&#8221;none&#8221; width=&#8221;1\/1&#8243; tablet_width_inherit=&#8221;default&#8221; tablet_text_alignment=&#8221;default&#8221; phone_text_alignment=&#8221;default&#8221; column_border_width=&#8221;none&#8221; column_border_style=&#8221;solid&#8221; bg_image_animation=&#8221;none&#8221;][vc_column_text] \u0130yilik karanl\u0131\u011fa ba\u011f\u0131rmaktansa, o karanl\u0131\u011fa k\u00fc\u00e7\u00fck bir&#8230;<\/p>\n","protected":false},"author":8,"featured_media":17622,"comment_status":"open","ping_status":"closed","sticky":false,"template":"","format":"standard","meta":{"footnotes":""},"categories":[1625],"tags":[],"class_list":{"0":"post-17621","1":"post","2":"type-post","3":"status-publish","4":"format-standard","5":"has-post-thumbnail","7":"category-ucuncu-uluslararasi-iyilik-odulleri"},"yoast_head":"<!-- This site is optimized with the Yoast SEO plugin v27.4 - https:\/\/yoast.com\/product\/yoast-seo-wordpress\/ -->\n<title>Muhammed EYUP<\/title>\n<meta name=\"description\" content=\"Pakistan\u2019da itfaiye g\u00f6revlisi olarak \u00e7al\u0131\u015fan Muhammed Ey\u00fcp, \u0130slamabad\u2019da her g\u00fcn i\u015f \u00e7\u0131k\u0131\u015f\u0131nda parlamentoya yak\u0131n bir parkta, kentin yoksul \u00e7ocuklar\u0131na ders vererek \u00f6\u011frenimlerine yard\u0131mc\u0131 oluyor.\" \/>\n<meta name=\"robots\" content=\"index, follow, max-snippet:-1, max-image-preview:large, max-video-preview:-1\" \/>\n<link rel=\"canonical\" href=\"https:\/\/tdv.org\/tr-TR\/muhammed-eyup\/\" \/>\n<meta property=\"og:locale\" content=\"tr_TR\" \/>\n<meta property=\"og:type\" content=\"article\" \/>\n<meta property=\"og:title\" content=\"Muhammed EYUP\" \/>\n<meta property=\"og:description\" content=\"Pakistan\u2019da itfaiye g\u00f6revlisi olarak \u00e7al\u0131\u015fan Muhammed Ey\u00fcp, \u0130slamabad\u2019da her g\u00fcn i\u015f \u00e7\u0131k\u0131\u015f\u0131nda parlamentoya yak\u0131n bir parkta, kentin yoksul \u00e7ocuklar\u0131na ders vererek \u00f6\u011frenimlerine yard\u0131mc\u0131 oluyor.\" \/>\n<meta property=\"og:url\" content=\"https:\/\/tdv.org\/tr-TR\/muhammed-eyup\/\" \/>\n<meta property=\"og:site_name\" content=\"T\u00fcrkiye Diyanet Vakf\u0131 Resmi Web Sitesi\" \/>\n<meta property=\"article:publisher\" content=\"https:\/\/www.facebook.com\/Diyanetvakfi\/\" \/>\n<meta property=\"article:published_time\" content=\"2017-03-20T07:43:39+00:00\" \/>\n<meta property=\"article:modified_time\" content=\"2025-01-02T13:14:20+00:00\" \/>\n<meta property=\"og:image\" content=\"https:\/\/tdv.org\/tr-TR\/wp-content\/uploads\/2022\/02\/2017-05-muhammed_eyup.jpg\" \/>\n\t<meta property=\"og:image:width\" content=\"1000\" \/>\n\t<meta property=\"og:image:height\" content=\"667\" \/>\n\t<meta property=\"og:image:type\" content=\"image\/jpeg\" \/>\n<meta name=\"author\" content=\"Selim\" \/>\n<meta name=\"twitter:card\" content=\"summary_large_image\" \/>\n<meta name=\"twitter:creator\" content=\"@DiyanetVakfi\" \/>\n<meta name=\"twitter:site\" content=\"@DiyanetVakfi\" \/>\n<script type=\"application\/ld+json\" class=\"yoast-schema-graph\">{\"@context\":\"https:\\\/\\\/schema.org\",\"@graph\":[{\"@type\":\"Article\",\"@id\":\"https:\\\/\\\/tdv.org\\\/tr-TR\\\/muhammed-eyup\\\/#article\",\"isPartOf\":{\"@id\":\"https:\\\/\\\/tdv.org\\\/tr-TR\\\/muhammed-eyup\\\/\"},\"author\":{\"name\":\"Selim\",\"@id\":\"https:\\\/\\\/tdv.org\\\/tr-TR\\\/#\\\/schema\\\/person\\\/752b55e264a99273d55636516d96d5eb\"},\"headline\":\"Muhammed EYUP\",\"datePublished\":\"2017-03-20T07:43:39+00:00\",\"dateModified\":\"2025-01-02T13:14:20+00:00\",\"mainEntityOfPage\":{\"@id\":\"https:\\\/\\\/tdv.org\\\/tr-TR\\\/muhammed-eyup\\\/\"},\"wordCount\":1615,\"commentCount\":0,\"publisher\":{\"@id\":\"https:\\\/\\\/tdv.org\\\/tr-TR\\\/#organization\"},\"image\":{\"@id\":\"https:\\\/\\\/tdv.org\\\/tr-TR\\\/muhammed-eyup\\\/#primaryimage\"},\"thumbnailUrl\":\"https:\\\/\\\/tdv.org\\\/tr-TR\\\/wp-content\\\/uploads\\\/2022\\\/02\\\/2017-05-muhammed_eyup.jpg\",\"articleSection\":[\"\u00dc\u00e7\u00fcnc\u00fc Uluslararas\u0131 \u0130yilik \u00d6d\u00fclleri\"],\"inLanguage\":\"tr\",\"potentialAction\":[{\"@type\":\"CommentAction\",\"name\":\"Comment\",\"target\":[\"https:\\\/\\\/tdv.org\\\/tr-TR\\\/muhammed-eyup\\\/#respond\"]}]},{\"@type\":\"WebPage\",\"@id\":\"https:\\\/\\\/tdv.org\\\/tr-TR\\\/muhammed-eyup\\\/\",\"url\":\"https:\\\/\\\/tdv.org\\\/tr-TR\\\/muhammed-eyup\\\/\",\"name\":\"Muhammed EYUP\",\"isPartOf\":{\"@id\":\"https:\\\/\\\/tdv.org\\\/tr-TR\\\/#website\"},\"primaryImageOfPage\":{\"@id\":\"https:\\\/\\\/tdv.org\\\/tr-TR\\\/muhammed-eyup\\\/#primaryimage\"},\"image\":{\"@id\":\"https:\\\/\\\/tdv.org\\\/tr-TR\\\/muhammed-eyup\\\/#primaryimage\"},\"thumbnailUrl\":\"https:\\\/\\\/tdv.org\\\/tr-TR\\\/wp-content\\\/uploads\\\/2022\\\/02\\\/2017-05-muhammed_eyup.jpg\",\"datePublished\":\"2017-03-20T07:43:39+00:00\",\"dateModified\":\"2025-01-02T13:14:20+00:00\",\"description\":\"Pakistan\u2019da itfaiye g\u00f6revlisi olarak \u00e7al\u0131\u015fan Muhammed Ey\u00fcp, \u0130slamabad\u2019da her g\u00fcn i\u015f \u00e7\u0131k\u0131\u015f\u0131nda parlamentoya yak\u0131n bir parkta, kentin yoksul \u00e7ocuklar\u0131na ders vererek \u00f6\u011frenimlerine yard\u0131mc\u0131 oluyor.\",\"breadcrumb\":{\"@id\":\"https:\\\/\\\/tdv.org\\\/tr-TR\\\/muhammed-eyup\\\/#breadcrumb\"},\"inLanguage\":\"tr\",\"potentialAction\":[{\"@type\":\"ReadAction\",\"target\":[\"https:\\\/\\\/tdv.org\\\/tr-TR\\\/muhammed-eyup\\\/\"]}]},{\"@type\":\"ImageObject\",\"inLanguage\":\"tr\",\"@id\":\"https:\\\/\\\/tdv.org\\\/tr-TR\\\/muhammed-eyup\\\/#primaryimage\",\"url\":\"https:\\\/\\\/tdv.org\\\/tr-TR\\\/wp-content\\\/uploads\\\/2022\\\/02\\\/2017-05-muhammed_eyup.jpg\",\"contentUrl\":\"https:\\\/\\\/tdv.org\\\/tr-TR\\\/wp-content\\\/uploads\\\/2022\\\/02\\\/2017-05-muhammed_eyup.jpg\",\"width\":1000,\"height\":667},{\"@type\":\"BreadcrumbList\",\"@id\":\"https:\\\/\\\/tdv.org\\\/tr-TR\\\/muhammed-eyup\\\/#breadcrumb\",\"itemListElement\":[{\"@type\":\"ListItem\",\"position\":1,\"name\":\"Anasayfa\",\"item\":\"https:\\\/\\\/tdv.org\\\/tr-TR\\\/\"},{\"@type\":\"ListItem\",\"position\":2,\"name\":\"Muhammed EYUP\"}]},{\"@type\":\"WebSite\",\"@id\":\"https:\\\/\\\/tdv.org\\\/tr-TR\\\/#website\",\"url\":\"https:\\\/\\\/tdv.org\\\/tr-TR\\\/\",\"name\":\"T\u00fcrkiye Diyanet Vakf\u0131 Resmi Web Sitesi\",\"description\":\"Yery\u00fcz\u00fcnde iyilik egemen oluncaya kadar\",\"publisher\":{\"@id\":\"https:\\\/\\\/tdv.org\\\/tr-TR\\\/#organization\"},\"alternateName\":\"T\u00fcrkiye Diyanet Vakf\u0131\",\"potentialAction\":[{\"@type\":\"SearchAction\",\"target\":{\"@type\":\"EntryPoint\",\"urlTemplate\":\"https:\\\/\\\/tdv.org\\\/tr-TR\\\/?s={search_term_string}\"},\"query-input\":{\"@type\":\"PropertyValueSpecification\",\"valueRequired\":true,\"valueName\":\"search_term_string\"}}],\"inLanguage\":\"tr\"},{\"@type\":\"Organization\",\"@id\":\"https:\\\/\\\/tdv.org\\\/tr-TR\\\/#organization\",\"name\":\"T\u00fcrkiye Diyanet Vakf\u0131\",\"alternateName\":\"T\u00fcrkiye Diyanet Vakf\u0131\",\"url\":\"https:\\\/\\\/tdv.org\\\/tr-TR\\\/\",\"logo\":{\"@type\":\"ImageObject\",\"inLanguage\":\"tr\",\"@id\":\"https:\\\/\\\/tdv.org\\\/tr-TR\\\/#\\\/schema\\\/logo\\\/image\\\/\",\"url\":\"https:\\\/\\\/tdv.org\\\/tr-TR\\\/wp-content\\\/uploads\\\/2018\\\/12\\\/TDV_Logo_1.png\",\"contentUrl\":\"https:\\\/\\\/tdv.org\\\/tr-TR\\\/wp-content\\\/uploads\\\/2018\\\/12\\\/TDV_Logo_1.png\",\"width\":207,\"height\":71,\"caption\":\"T\u00fcrkiye Diyanet Vakf\u0131\"},\"image\":{\"@id\":\"https:\\\/\\\/tdv.org\\\/tr-TR\\\/#\\\/schema\\\/logo\\\/image\\\/\"},\"sameAs\":[\"https:\\\/\\\/www.facebook.com\\\/Diyanetvakfi\\\/\",\"https:\\\/\\\/x.com\\\/DiyanetVakfi\",\"https:\\\/\\\/www.instagram.com\\\/turkiyediyanetvakfi\\\/\",\"https:\\\/\\\/www.youtube.com\\\/user\\\/TurkiyeDiyanetVakfi\"]},{\"@type\":\"Person\",\"@id\":\"https:\\\/\\\/tdv.org\\\/tr-TR\\\/#\\\/schema\\\/person\\\/752b55e264a99273d55636516d96d5eb\",\"name\":\"Selim\",\"image\":{\"@type\":\"ImageObject\",\"inLanguage\":\"tr\",\"@id\":\"https:\\\/\\\/tdv.org\\\/tr-TR\\\/wp-content\\\/litespeed\\\/avatar\\\/a1e47b25396e98e5b781e88a5396cd96.jpg?ver=1777287391\",\"url\":\"https:\\\/\\\/tdv.org\\\/tr-TR\\\/wp-content\\\/litespeed\\\/avatar\\\/a1e47b25396e98e5b781e88a5396cd96.jpg?ver=1777287391\",\"contentUrl\":\"https:\\\/\\\/tdv.org\\\/tr-TR\\\/wp-content\\\/litespeed\\\/avatar\\\/a1e47b25396e98e5b781e88a5396cd96.jpg?ver=1777287391\",\"caption\":\"Selim\"}}]}<\/script>\n<!-- \/ Yoast SEO plugin. -->","yoast_head_json":{"title":"Muhammed EYUP","description":"Pakistan\u2019da itfaiye g\u00f6revlisi olarak \u00e7al\u0131\u015fan Muhammed Ey\u00fcp, \u0130slamabad\u2019da her g\u00fcn i\u015f \u00e7\u0131k\u0131\u015f\u0131nda parlamentoya yak\u0131n bir parkta, kentin yoksul \u00e7ocuklar\u0131na ders vererek \u00f6\u011frenimlerine yard\u0131mc\u0131 oluyor.","robots":{"index":"index","follow":"follow","max-snippet":"max-snippet:-1","max-image-preview":"max-image-preview:large","max-video-preview":"max-video-preview:-1"},"canonical":"https:\/\/tdv.org\/tr-TR\/muhammed-eyup\/","og_locale":"tr_TR","og_type":"article","og_title":"Muhammed EYUP","og_description":"Pakistan\u2019da itfaiye g\u00f6revlisi olarak \u00e7al\u0131\u015fan Muhammed Ey\u00fcp, \u0130slamabad\u2019da her g\u00fcn i\u015f \u00e7\u0131k\u0131\u015f\u0131nda parlamentoya yak\u0131n bir parkta, kentin yoksul \u00e7ocuklar\u0131na ders vererek \u00f6\u011frenimlerine yard\u0131mc\u0131 oluyor.","og_url":"https:\/\/tdv.org\/tr-TR\/muhammed-eyup\/","og_site_name":"T\u00fcrkiye Diyanet Vakf\u0131 Resmi Web Sitesi","article_publisher":"https:\/\/www.facebook.com\/Diyanetvakfi\/","article_published_time":"2017-03-20T07:43:39+00:00","article_modified_time":"2025-01-02T13:14:20+00:00","og_image":[{"width":1000,"height":667,"url":"https:\/\/tdv.org\/tr-TR\/wp-content\/uploads\/2022\/02\/2017-05-muhammed_eyup.jpg","type":"image\/jpeg"}],"author":"Selim","twitter_card":"summary_large_image","twitter_creator":"@DiyanetVakfi","twitter_site":"@DiyanetVakfi","schema":{"@context":"https:\/\/schema.org","@graph":[{"@type":"Article","@id":"https:\/\/tdv.org\/tr-TR\/muhammed-eyup\/#article","isPartOf":{"@id":"https:\/\/tdv.org\/tr-TR\/muhammed-eyup\/"},"author":{"name":"Selim","@id":"https:\/\/tdv.org\/tr-TR\/#\/schema\/person\/752b55e264a99273d55636516d96d5eb"},"headline":"Muhammed EYUP","datePublished":"2017-03-20T07:43:39+00:00","dateModified":"2025-01-02T13:14:20+00:00","mainEntityOfPage":{"@id":"https:\/\/tdv.org\/tr-TR\/muhammed-eyup\/"},"wordCount":1615,"commentCount":0,"publisher":{"@id":"https:\/\/tdv.org\/tr-TR\/#organization"},"image":{"@id":"https:\/\/tdv.org\/tr-TR\/muhammed-eyup\/#primaryimage"},"thumbnailUrl":"https:\/\/tdv.org\/tr-TR\/wp-content\/uploads\/2022\/02\/2017-05-muhammed_eyup.jpg","articleSection":["\u00dc\u00e7\u00fcnc\u00fc Uluslararas\u0131 \u0130yilik \u00d6d\u00fclleri"],"inLanguage":"tr","potentialAction":[{"@type":"CommentAction","name":"Comment","target":["https:\/\/tdv.org\/tr-TR\/muhammed-eyup\/#respond"]}]},{"@type":"WebPage","@id":"https:\/\/tdv.org\/tr-TR\/muhammed-eyup\/","url":"https:\/\/tdv.org\/tr-TR\/muhammed-eyup\/","name":"Muhammed EYUP","isPartOf":{"@id":"https:\/\/tdv.org\/tr-TR\/#website"},"primaryImageOfPage":{"@id":"https:\/\/tdv.org\/tr-TR\/muhammed-eyup\/#primaryimage"},"image":{"@id":"https:\/\/tdv.org\/tr-TR\/muhammed-eyup\/#primaryimage"},"thumbnailUrl":"https:\/\/tdv.org\/tr-TR\/wp-content\/uploads\/2022\/02\/2017-05-muhammed_eyup.jpg","datePublished":"2017-03-20T07:43:39+00:00","dateModified":"2025-01-02T13:14:20+00:00","description":"Pakistan\u2019da itfaiye g\u00f6revlisi olarak \u00e7al\u0131\u015fan Muhammed Ey\u00fcp, \u0130slamabad\u2019da her g\u00fcn i\u015f \u00e7\u0131k\u0131\u015f\u0131nda parlamentoya yak\u0131n bir parkta, kentin yoksul \u00e7ocuklar\u0131na ders vererek \u00f6\u011frenimlerine yard\u0131mc\u0131 oluyor.","breadcrumb":{"@id":"https:\/\/tdv.org\/tr-TR\/muhammed-eyup\/#breadcrumb"},"inLanguage":"tr","potentialAction":[{"@type":"ReadAction","target":["https:\/\/tdv.org\/tr-TR\/muhammed-eyup\/"]}]},{"@type":"ImageObject","inLanguage":"tr","@id":"https:\/\/tdv.org\/tr-TR\/muhammed-eyup\/#primaryimage","url":"https:\/\/tdv.org\/tr-TR\/wp-content\/uploads\/2022\/02\/2017-05-muhammed_eyup.jpg","contentUrl":"https:\/\/tdv.org\/tr-TR\/wp-content\/uploads\/2022\/02\/2017-05-muhammed_eyup.jpg","width":1000,"height":667},{"@type":"BreadcrumbList","@id":"https:\/\/tdv.org\/tr-TR\/muhammed-eyup\/#breadcrumb","itemListElement":[{"@type":"ListItem","position":1,"name":"Anasayfa","item":"https:\/\/tdv.org\/tr-TR\/"},{"@type":"ListItem","position":2,"name":"Muhammed EYUP"}]},{"@type":"WebSite","@id":"https:\/\/tdv.org\/tr-TR\/#website","url":"https:\/\/tdv.org\/tr-TR\/","name":"T\u00fcrkiye Diyanet Vakf\u0131 Resmi Web Sitesi","description":"Yery\u00fcz\u00fcnde iyilik egemen oluncaya kadar","publisher":{"@id":"https:\/\/tdv.org\/tr-TR\/#organization"},"alternateName":"T\u00fcrkiye Diyanet Vakf\u0131","potentialAction":[{"@type":"SearchAction","target":{"@type":"EntryPoint","urlTemplate":"https:\/\/tdv.org\/tr-TR\/?s={search_term_string}"},"query-input":{"@type":"PropertyValueSpecification","valueRequired":true,"valueName":"search_term_string"}}],"inLanguage":"tr"},{"@type":"Organization","@id":"https:\/\/tdv.org\/tr-TR\/#organization","name":"T\u00fcrkiye Diyanet Vakf\u0131","alternateName":"T\u00fcrkiye Diyanet Vakf\u0131","url":"https:\/\/tdv.org\/tr-TR\/","logo":{"@type":"ImageObject","inLanguage":"tr","@id":"https:\/\/tdv.org\/tr-TR\/#\/schema\/logo\/image\/","url":"https:\/\/tdv.org\/tr-TR\/wp-content\/uploads\/2018\/12\/TDV_Logo_1.png","contentUrl":"https:\/\/tdv.org\/tr-TR\/wp-content\/uploads\/2018\/12\/TDV_Logo_1.png","width":207,"height":71,"caption":"T\u00fcrkiye Diyanet Vakf\u0131"},"image":{"@id":"https:\/\/tdv.org\/tr-TR\/#\/schema\/logo\/image\/"},"sameAs":["https:\/\/www.facebook.com\/Diyanetvakfi\/","https:\/\/x.com\/DiyanetVakfi","https:\/\/www.instagram.com\/turkiyediyanetvakfi\/","https:\/\/www.youtube.com\/user\/TurkiyeDiyanetVakfi"]},{"@type":"Person","@id":"https:\/\/tdv.org\/tr-TR\/#\/schema\/person\/752b55e264a99273d55636516d96d5eb","name":"Selim","image":{"@type":"ImageObject","inLanguage":"tr","@id":"https:\/\/tdv.org\/tr-TR\/wp-content\/litespeed\/avatar\/a1e47b25396e98e5b781e88a5396cd96.jpg?ver=1777287391","url":"https:\/\/tdv.org\/tr-TR\/wp-content\/litespeed\/avatar\/a1e47b25396e98e5b781e88a5396cd96.jpg?ver=1777287391","contentUrl":"https:\/\/tdv.org\/tr-TR\/wp-content\/litespeed\/avatar\/a1e47b25396e98e5b781e88a5396cd96.jpg?ver=1777287391","caption":"Selim"}}]}},"_links":{"self":[{"href":"https:\/\/tdv.org\/tr-TR\/wp-json\/wp\/v2\/posts\/17621","targetHints":{"allow":["GET"]}}],"collection":[{"href":"https:\/\/tdv.org\/tr-TR\/wp-json\/wp\/v2\/posts"}],"about":[{"href":"https:\/\/tdv.org\/tr-TR\/wp-json\/wp\/v2\/types\/post"}],"author":[{"embeddable":true,"href":"https:\/\/tdv.org\/tr-TR\/wp-json\/wp\/v2\/users\/8"}],"replies":[{"embeddable":true,"href":"https:\/\/tdv.org\/tr-TR\/wp-json\/wp\/v2\/comments?post=17621"}],"version-history":[{"count":4,"href":"https:\/\/tdv.org\/tr-TR\/wp-json\/wp\/v2\/posts\/17621\/revisions"}],"predecessor-version":[{"id":48118,"href":"https:\/\/tdv.org\/tr-TR\/wp-json\/wp\/v2\/posts\/17621\/revisions\/48118"}],"wp:featuredmedia":[{"embeddable":true,"href":"https:\/\/tdv.org\/tr-TR\/wp-json\/wp\/v2\/media\/17622"}],"wp:attachment":[{"href":"https:\/\/tdv.org\/tr-TR\/wp-json\/wp\/v2\/media?parent=17621"}],"wp:term":[{"taxonomy":"category","embeddable":true,"href":"https:\/\/tdv.org\/tr-TR\/wp-json\/wp\/v2\/categories?post=17621"},{"taxonomy":"post_tag","embeddable":true,"href":"https:\/\/tdv.org\/tr-TR\/wp-json\/wp\/v2\/tags?post=17621"}],"curies":[{"name":"wp","href":"https:\/\/api.w.org\/{rel}","templated":true}]}}