{"id":17624,"date":"2017-03-20T10:44:25","date_gmt":"2017-03-20T07:44:25","guid":{"rendered":"https:\/\/tdv.org\/tr-TR\/?p=17624"},"modified":"2025-01-02T16:12:34","modified_gmt":"2025-01-02T13:12:34","slug":"merve-cirisoglu","status":"publish","type":"post","link":"https:\/\/tdv.org\/tr-TR\/merve-cirisoglu\/","title":{"rendered":"Merve \u00c7\u0130R\u0130\u015eO\u011eLU"},"content":{"rendered":"[vc_row type=&#8221;in_container&#8221; full_screen_row_position=&#8221;middle&#8221; scene_position=&#8221;center&#8221; text_color=&#8221;dark&#8221; text_align=&#8221;left&#8221; overlay_strength=&#8221;0.3&#8243; shape_divider_position=&#8221;bottom&#8221; bg_image_animation=&#8221;none&#8221;][vc_column column_padding=&#8221;no-extra-padding&#8221; column_padding_position=&#8221;all&#8221; background_color_opacity=&#8221;1&#8243; background_hover_color_opacity=&#8221;1&#8243; column_link_target=&#8221;_self&#8221; column_shadow=&#8221;none&#8221; column_border_radius=&#8221;none&#8221; width=&#8221;1\/1&#8243; tablet_width_inherit=&#8221;default&#8221; tablet_text_alignment=&#8221;default&#8221; phone_text_alignment=&#8221;default&#8221; column_border_width=&#8221;none&#8221; column_border_style=&#8221;solid&#8221; bg_image_animation=&#8221;none&#8221;][vc_column_text]<em><strong>\u0130yilik bir kelebek etkisidir.<\/strong><\/em><\/p>\n<p><em><strong>K\u00fc\u00e7\u00fck ad\u0131mlarla ba\u015flar ve bir g\u00fcn b\u00fcy\u00fck bir y\u00fcr\u00fcy\u00fc\u015f olur.<\/strong><\/em><\/p>\n<p>&nbsp;<\/p>\n<p><strong>\u0130yili\u011fe A\u00e7\u0131lan Kap\u0131: Kitap Ayra\u00e7lar\u0131<\/strong><\/p>\n<p>\u00dcniversite \u00d6\u011frencisi Merve \u00c7iri\u015fo\u011flu \u00c7otur, 2011 y\u0131l\u0131nda Bo\u011fazi\u00e7i \u00dcniversitesindeki arkada\u015flar\u0131 ile birlikte kitap ayra\u00e7lar\u0131 yapmaya ba\u015flad\u0131. El eme\u011fi g\u00f6z nuru ayra\u00e7lar\u0131 yapmalar\u0131n\u0131n bir sebebi vard\u0131, bunlar\u0131 satarak elde ettikleri gelirle mazlumlara yard\u0131m etmek. \u0130lk \u00f6nceleri ayra\u00e7lardan elde ettikleri 360 lirayla \u00fc\u00e7 katarakt hastas\u0131n\u0131n g\u00f6zlerinin a\u00e7\u0131lmas\u0131na katk\u0131da bulundular. \u0130nanamam\u0131\u015flard\u0131. Merve\u2019nin babas\u0131 bir g\u00fcn Merve ve arkada\u015flar\u0131n\u0131 kitap ayra\u00e7lar\u0131 yapmak i\u00e7in u\u011fra\u015f\u0131r g\u00f6rd\u00fc\u011f\u00fcnde, bu konuda \u00e7ok b\u00fcy\u00fck hayallere kap\u0131lmamalar\u0131n\u0131 ima etmi\u015fti. Fakat ba\u015farm\u0131\u015flard\u0131. Ba\u015flatt\u0131klar\u0131 \u00e7al\u0131\u015fmay\u0131 sosyal medya \u00fczerinde k\u0131sa s\u00fcrede duyuran gen\u00e7 arkada\u015flar\u0131n azmi, k\u0131sa s\u00fcrede b\u00fcy\u00fck bir iyilik hareketine d\u00f6n\u00fc\u015ft\u00fc. 21 katarakt ameliyat\u0131n\u0131n masraf\u0131n\u0131 kar\u015f\u0131layacak mebla\u011f\u0131 toplayarak, \u00fcniversitelerinde de geni\u015f bir kitle \u00fczerinde fark\u0131ndal\u0131k olu\u015fturdular.<\/p>\n<p>Gelirleri art\u0131nca da d\u00fcnya \u00fczerinde farkl\u0131 sebeplerden dolay\u0131 yetim kalan 200 milyon \u00e7ocuk i\u00e7in bir \u015feyler yapmak istemi\u015flerdi. Y\u00fczlerce yetim \u00e7ocu\u011fu her ay d\u00fczenli olarak desteklemeye ba\u015flad\u0131lar. Bu projelerin her biri, 3-4-5 lira ba\u011f\u0131\u015f bedeli bi\u00e7tikleri \u00fcr\u00fcnleri sayesinde ger\u00e7ekle\u015fmi\u015fti. On binlerce ki\u015finin deste\u011fini ald\u0131lar.<\/p>\n<p>H\u0131zla yay\u0131lan kitap ayrac\u0131 projesiyle 130 bin lira ba\u011f\u0131\u015f toplayarak Afrika\u2019n\u0131n en fakir d\u00f6rd\u00fcnc\u00fc \u00fclkesi olan Malavi\u2019de 46 ki\u015filik bir yetimhane, Patani\u2019 de ise bir okul yapt\u0131rd\u0131lar. \u0130yili\u011fe k\u00fc\u00e7\u00fck bir ad\u0131m atarak zamanla b\u00fcy\u00fctt\u00fckleri bu iyilik hareketinin nereye kadar uzanaca\u011f\u0131n\u0131 kestiremediklerini, hem okuyup hem de g\u00f6n\u00fcl verdikleri projelerini daha ileri boyutlara ta\u015f\u0131mak i\u00e7in canla ba\u015fla \u00e7al\u0131\u015ft\u0131klar\u0131n\u0131 s\u00f6yl\u00fcyorlard\u0131.<\/p>\n<p>\u00dc\u00e7\u00fcnc\u00fc hedefleri G\u00fcney Asya\u2019da \u00fc\u00e7 katl\u0131, 170 ki\u015filik \u0130yilikhane Banglade\u015f Yetimhanesi a\u00e7makt\u0131. \u201c\u0130yilik hareketinin temellerini atan \u0130yilikhane Projesi \u015fahit oldu\u011fum bunca ac\u0131ya kar\u015f\u0131 \u2018Ben ne yapabilirim?\u2019 sorusuna verilen samimi cevapla ba\u015flad\u0131.\u201d diyen Merve ve arkada\u015flar\u0131 haz\u0131rlad\u0131klar\u0131 k\u0131sa, orta ve uzun vade planlarla yetim \u00e7ocuklar\u0131n problemlerinin sebeplerine ve sonu\u00e7lar\u0131na y\u00f6nelik \u00e7\u00f6z\u00fcmler sunmak i\u00e7in bir yol haritas\u0131 \u00e7\u0131kard\u0131.<\/p>\n<p>Bu yola \u00e7\u0131karken att\u0131klar\u0131 k\u00fc\u00e7\u00fck ad\u0131mlar\u0131n, b\u00fcy\u00fck hedeflere nas\u0131l d\u00f6n\u00fc\u015ft\u00fc\u011f\u00fcn\u00fc \u015f\u00f6yle anlat\u0131yor Merve:<\/p>\n<p>\u201cKitap ayrac\u0131 projesi olarak adland\u0131rd\u0131k \u00e7al\u0131\u015fmay\u0131 ilk olarak. 2011\u2019de projemize ba\u015flad\u0131\u011f\u0131m\u0131zda elimizde \u00e7ok az \u015fey vard\u0131. 6 y\u0131l \u00f6nce 20 ya\u015f\u0131nda \u00fcniversite \u00f6\u011frencisiyken \u00e7e\u015fitli kampanyalar y\u00fcr\u00fctm\u00fc\u015ft\u00fck.\u00a0 Afrika\u2019da katarak ameliyatlar\u0131 ile ilgili y\u00fcr\u00fct\u00fclen k\u00fc\u00e7\u00fck giri\u015fimlerde, \u2018Biz de bir \u015fey yapmal\u0131y\u0131z ama ne yapmal\u0131y\u0131z?\u2019 diye d\u00fc\u015f\u00fcn\u00fcrken kitap ayra\u00e7lar\u0131 geldi akl\u0131m\u0131za. \u00c7\u00fcnk\u00fc ben \u00e7ocuklu\u011fumdan beri \u00e7izim yap\u0131yorum, \u00e7izime hep bir ilgim vard\u0131. Bunu bir hay\u0131r arac\u0131 olarak kullanmaya karar verdim. Yetene\u011fimin zek\u00e2t\u0131 gibi bir \u015fey\u2026 Onun sadakas\u0131n\u0131 neden iyilik i\u00e7in vermeyelim. \u0130lk etapta 80 tane k\u00fc\u00e7\u00fck ayra\u00e7lar \u00e7izdim. K\u00fc\u00e7\u00fck bir arkada\u015f \u00e7evresinde satt\u0131k. Sonras\u0131nda arkada\u015f\u0131n arkada\u015f\u0131 diye b\u00fcy\u00fck bir halka halinde yay\u0131ld\u0131. Sosyal medya hesaplar\u0131m\u0131z\u0131 kurduk. \u0130ngilizcesini de kurarak daha fazla insana sesimizi duyurmak istedik. Zamanla da web sitemizi kurarak ciddi bir ad\u0131m atm\u0131\u015f olduk. \u00c7ok sistemli bir \u015fekilde \u00e7al\u0131\u015ft\u0131k. 6 y\u0131ld\u0131r gece g\u00fcnd\u00fcz \u00e7al\u0131\u015f\u0131yoruz diyebilirim. \u0130lk g\u00fcnlerde ayra\u00e7lar\u0131 makasla kestik. Kuru boyalarla boyad\u0131k. Son derece amat\u00f6r ama samimi \u00fcr\u00fcnlerdi. Sonras\u0131nda \u00e7ok b\u00fcy\u00fck bir talep gelmeye ba\u015flad\u0131. T\u00fcrkiye\u2019de 64 \u015fehre yay\u0131ld\u0131 10 ay gibi k\u0131sa bir s\u00fcre i\u00e7erisinde. Bunu art\u0131k dijital bir ortama ta\u015f\u0131d\u0131k ve daha profesyonel \u00fcretim yapmaya ba\u015flad\u0131k. Farkl\u0131 \u00fcr\u00fcnler de katt\u0131k. Rozet, anahtarl\u0131k, defter gibi\u2026 Sadece \u00f6\u011frencilere hitap eden 3-5 liral\u0131k \u00fcr\u00fcnlerdi bunlar.\u201d<\/p>\n<p>As\u0131l hedeflerinin en ba\u015fta \u00fc\u00e7 tane katarak ameliyat\u0131 yapt\u0131rmak ve \u00fc\u00e7 ki\u015finin duas\u0131n\u0131 almak oldu\u011funu, 21 katarak ameliyat\u0131 yapt\u0131rman\u0131n onlar\u0131 nas\u0131l bir hevesin i\u00e7ine d\u00e2hil etti\u011fini anlat\u0131yordu. Katarak ameliyatlar\u0131 i\u00e7in yeterince ba\u011f\u0131\u015f toplayan gen\u00e7 arkada\u015flar\u0131n daha fazlas\u0131n\u0131 hayal ederken yetimlere ve onlar\u0131n sorunlar\u0131na dokunmak geliyor ak\u0131llar\u0131na.<\/p>\n<p>&nbsp;<\/p>\n<p><strong>Zahmetsiz Rahmet Olmaz<\/strong><\/p>\n<p>Merve ve arkada\u015flar\u0131 2 milyon 600 bin b\u00fct\u00e7eye ula\u015ft\u0131klar\u0131nda; T\u00fcrkiye, Ortado\u011fu, Balkanlar, G\u00fcneydo\u011fu Asya ve Afrika\u2019dan sahiplendikleri yetimlerin masraflar\u0131n\u0131 kar\u015f\u0131layabilecek bir g\u00fcce ula\u015fm\u0131\u015flar.<\/p>\n<p>Afrika\u2019da devam eden yetimhanenin yak\u0131n zamanda in\u015faat\u0131 bitince oradaki \u00e7ocuklarla tan\u0131\u015fmaya gideceklerini, 3 sene \u00f6nce sadece yetim ve muhta\u00e7 \u00e7ocuklar i\u00e7in \u00e7al\u0131\u015fan bir dernek kurduklar\u0131n\u0131 ve ad\u0131n\u0131 \u201c\u0130yilikhane Yetimlerle Dayan\u0131\u015fma Derne\u011fi\u201d olarak belirlediklerini ifade ediyor.<\/p>\n<p>Kitap ayrac\u0131 projesine oda arkada\u015f\u0131 Meryem Akba\u015f ile beraber ba\u015flad\u0131klar\u0131nda sadece iki ki\u015fi olan bu iyilik hareketi duyuru yapt\u0131klar\u0131nda binlerce \u00f6\u011frenciye ula\u015fm\u0131\u015f. Sokaklarda insanlar\u0131n \u00e7antalar\u0131nda rozetlerini, anahtarl\u0131klar\u0131n\u0131 g\u00f6rmeye ba\u015flad\u0131klar\u0131nda \u00f6\u011frenciler aras\u0131nda \u00e7ok bilinen bir proje haline d\u00f6n\u00fc\u015fm\u00fc\u015f.<\/p>\n<p>\u201cBiz \u00fcr\u00fcnlerimizi \u00fcretirken maliyetlerini sponsorlar taraf\u0131ndan kar\u015f\u0131lamaya gayret edindik. B\u00f6ylece insanlar\u0131n verdi\u011fi \u00fc\u00e7 lira direk yetime gitsin. Bu \u00e7ok b\u00fcy\u00fck bir motivasyon kayna\u011f\u0131 oldu bizim i\u00e7in de insanlar i\u00e7in de. \u00dc\u00e7 liral\u0131k gibi bir ba\u011f\u0131\u015f yap\u0131yor kar\u015f\u0131l\u0131\u011f\u0131nda hediye al\u0131yorlard\u0131. \u00d6\u011frenciler aras\u0131nda hayra, iyili\u011fe te\u015fvik etmek i\u00e7in ara\u00e7 oldu bu kitap ayra\u00e7lar\u0131\u2026<\/p>\n<p>Alt\u0131 y\u0131lda zorluk ya\u015famamak imk\u00e2ns\u0131z. O kadar insan\u0131 idare etmek de zor. \u00c7ok \u015f\u00fck\u00fcr amac\u0131m\u0131z hedefimiz zihnimiz netti. Yetimler i\u00e7in \u00e7al\u0131\u015f\u0131yorduk neticede. Eskiler der ya \u2018Zahmetsiz rahmet olmaz.\u2019 diye\u2026 Bu zahmeti \u00e7ekece\u011fiz ki o rahmete berekete ula\u015fal\u0131m. Bug\u00fcnlere gelmemizi de buna ba\u011fl\u0131yorum. En ba\u015fta 360 lira i\u00e7in u\u011fra\u015f\u0131rken 2 milyon 600 bin liraya ula\u015fabildi\u011fimizi g\u00f6r\u00fcnce, hay\u0131r yapman\u0131n hi\u00e7bir kaybeder yan\u0131n\u0131n olmad\u0131\u011f\u0131n\u0131 g\u00f6rd\u00fcm. Rabbim bereketini verdi kar\u015f\u0131m\u0131za \u00e7\u0131kan imtihanlar\u0131 a\u015f\u0131nca. Bu noktada i\u015fin bir bereketi vard\u0131. O da halis niyetimizdi\u2026\u201d diyor.<\/p>\n<p>\u015euanda 2 bini a\u015fk\u0131n g\u00f6n\u00fcll\u00fcleri oldu\u011funu s\u00f6yl\u00fcyor ve sadece T\u00fcrkiye\u2019de de\u011fil yurtd\u0131\u015f\u0131nda da gurbet\u00e7i arkada\u015flar\u0131n\u0131n olmas\u0131 onlar\u0131 motive ediyor. Yaln\u0131z de\u011filler art\u0131k. Romanya, Bosna Hersek, \u0130ran, K\u0131br\u0131s, Almanya, Avusturya\u2026 Bir\u00e7ok \u00fclkeden dostluklar\u0131 ve destek\u00e7ileri var.<\/p>\n<p>&nbsp;<\/p>\n<p><strong>\u2018\u0130n\u015fallah Bir Dahakine Cennette Bulu\u015furuz\u2019<\/strong><\/p>\n<p>Merve ve arkada\u015flar\u0131 yurt d\u0131\u015f\u0131nda yapt\u0131klar\u0131 yetimhane \u00e7al\u0131\u015fmalar\u0131ndan sonra yurt i\u00e7ine d\u00f6n\u00fck \u00e7al\u0131\u015fmalara ba\u015flamak istiyorlar. T\u00fcrkiye\u2019de \u00e7ok fazla Suriyeli ve T\u00fcrk yetim oldu\u011funu ve onlar\u0131n ihtiya\u00e7lar\u0131na ko\u015fmak istediklerini s\u00f6yl\u00fcyorlar.<\/p>\n<p>\u015eimdiye kadar partner usul\u00fc \u00e7al\u0131\u015fm\u0131\u015flar. Sahada bir ekipleri olmad\u0131\u011f\u0131 i\u00e7in bir s\u00fcre farkl\u0131 vak\u0131f ve derneklerle ihtiya\u00e7 sahiplerine ba\u011f\u0131\u015flar\u0131n\u0131 ula\u015ft\u0131rm\u0131\u015flar. Art\u0131k kendi ekiplerini kurduklar\u0131nda ilk saha \u00e7al\u0131\u015fmalar\u0131 \u00dcsk\u00fcdar\u2019da ba\u015flam\u0131\u015f. Orada bir mahalleden aylarca \u00e7\u0131kamam\u0131\u015flar. \u00c7ok fazla yetim oldu\u011fu i\u00e7in onlarla birebir ilgilenerek, sadece maddi de\u011fil psikolojik ihtiya\u00e7lar\u0131na da kar\u015f\u0131l\u0131k vermek istemi\u015fler.<\/p>\n<p>Merve \u00c7iri\u015fo\u011flu \u00c7otur, vazifelerinin bitmeyi\u015fini \u015f\u00f6yle ifade ediyor: \u201c\u00d6\u011frencilik hayat\u0131m\u0131zda ald\u0131\u011f\u0131m\u0131z geri d\u00f6n\u00fc\u015fler b\u00fcy\u00fck bir motivasyon kayna\u011f\u0131yd\u0131 bizim i\u00e7in. Bir arkada\u015f\u0131m\u0131z Ankara\u2019da bir stant a\u00e7m\u0131\u015ft\u0131. Yetimler i\u00e7in ba\u011f\u0131\u015f al\u0131nd\u0131\u011f\u0131n\u0131 g\u00f6ren bir \u00e7ift kendi aras\u0131nda konu\u015ftuktan sonra k\u0131z alyans\u0131n\u0131 \u00e7\u0131kart\u0131p vermi\u015f. B\u00f6yle emanetler de ald\u0131k\u2026 Samimiyetimizi g\u00f6r\u00fcp i\u00e7ten tepkilerle kar\u015f\u0131la\u015fmak \u00e7ok g\u00fczeldi. Bir de bunun sahadaki kar\u015f\u0131l\u0131\u011f\u0131 var tabi. Yard\u0131m ula\u015ft\u0131rd\u0131\u011f\u0131m\u0131z yetimlerin tepkileri emsalsiz. Patani\u2019deki okulumuza gitti\u011fimizde pek \u00e7ok yetimle tan\u0131\u015fma imk\u00e2n\u0131 bulduk. Oradan ayr\u0131l\u0131rken i\u00e7lerinden bir yetim bize s\u0131k\u0131ca sar\u0131l\u0131p \u2018\u0130n\u015fallah bir dahakine cennette bulu\u015furuz\u2019 demi\u015fti.<\/p>\n<p>Art\u0131k dualar\u0131m\u0131zda Patani\u2019deki bir karde\u015fim, Afrika\u2019da Rotrin var diyip onlara dua edebiliyorum. Bu duay\u0131 almak, dua vermek insan\u0131n i\u00e7 huzuru i\u00e7in \u00e7ok g\u00fczel bir \u015fey.<\/p>\n<p>Malavi yetimhanesi 130 bin lirayd\u0131, Patani 300 bin lira\u2026 Biz o zaman 4. s\u0131n\u0131ft\u0131k hen\u00fcz. Kasadan 500 bin lira \u00e7\u0131kt\u0131. Biz, \u2018Art\u0131k tamam.\u2019 dedik. Biraz ara verip dinlenmeyi d\u00fc\u015f\u00fcnd\u00fck.\u00a0 Fakat Patani\u2019 ye gidip oradaki karde\u015flerimizle sar\u0131l\u0131nca,\u00a0 bu sefer de \u2018S\u0131radaki proje ne olsun?\u2019 diye sorduk kendi kendimize.<\/p>\n<p>\u0130n\u015firah suresinde de Allah buyuruyor ya: \u201cBir i\u015f bitirdi\u011finde di\u011ferine koyul\u201d biz de tam olarak bunun bereketini ya\u015f\u0131yoruz.\u201d<\/p>\n<p>1990 do\u011fumlu Bo\u011fazi\u00e7i \u00dcniversitesi Matematik B\u00f6l\u00fcm\u00fc mezunu Merve \u00c7iri\u015fo\u011flu \u00c7otur, \u00fcniversitesi bitti\u011finde kitap ayra\u00e7 \u00e7al\u0131\u015fmalar\u0131 i\u00e7in kulland\u0131\u011f\u0131 \u00e7izim yetene\u011fini bir \u00fcste ta\u015f\u0131m\u0131\u015f ve Londra\u2019da bir \u00fcniversitede animasyon b\u00f6l\u00fcm\u00fcnde master yapmaya ba\u015flam\u0131\u015f. Animasyon ve ill\u00fcstrasyon \u00fczerine ald\u0131\u011f\u0131 e\u011fitimle d\u00fcnyadaki kriz b\u00f6lgelerinde yetim kalan \u00e7ocuklar\u0131n sorunlar\u0131n\u0131 kamuoyuna farkl\u0131 bir anlat\u0131mla sunmaya \u00e7al\u0131\u015f\u0131yor.<\/p>\n<p><em><strong>Kim bilir daha hangi hay\u0131r kap\u0131lar\u0131n\u0131 a\u00e7mak \u00fczere\u2026<\/strong><\/em>[\/vc_column_text][divider line_type=&#8221;No Line&#8221; custom_height=&#8221;30&#8243;][vc_video link=&#8221;https:\/\/youtu.be\/4kn6Ykt0L1w&#8221; align=&#8221;center&#8221;][\/vc_column][\/vc_row]\n","protected":false},"excerpt":{"rendered":"<p>[vc_row type=&#8221;in_container&#8221; full_screen_row_position=&#8221;middle&#8221; scene_position=&#8221;center&#8221; text_color=&#8221;dark&#8221; text_align=&#8221;left&#8221; overlay_strength=&#8221;0.3&#8243; shape_divider_position=&#8221;bottom&#8221; bg_image_animation=&#8221;none&#8221;][vc_column column_padding=&#8221;no-extra-padding&#8221; column_padding_position=&#8221;all&#8221; background_color_opacity=&#8221;1&#8243; background_hover_color_opacity=&#8221;1&#8243; column_link_target=&#8221;_self&#8221; column_shadow=&#8221;none&#8221; column_border_radius=&#8221;none&#8221; width=&#8221;1\/1&#8243; tablet_width_inherit=&#8221;default&#8221; tablet_text_alignment=&#8221;default&#8221; phone_text_alignment=&#8221;default&#8221; column_border_width=&#8221;none&#8221; column_border_style=&#8221;solid&#8221; bg_image_animation=&#8221;none&#8221;][vc_column_text]\u0130yilik bir kelebek etkisidir. K\u00fc\u00e7\u00fck ad\u0131mlarla ba\u015flar ve&#8230;<\/p>\n","protected":false},"author":8,"featured_media":17625,"comment_status":"open","ping_status":"closed","sticky":false,"template":"","format":"standard","meta":{"footnotes":""},"categories":[1625],"tags":[],"class_list":{"0":"post-17624","1":"post","2":"type-post","3":"status-publish","4":"format-standard","5":"has-post-thumbnail","7":"category-ucuncu-uluslararasi-iyilik-odulleri"},"yoast_head":"<!-- This site is optimized with the Yoast SEO plugin v27.4 - https:\/\/yoast.com\/product\/yoast-seo-wordpress\/ -->\n<title>Merve \u00c7\u0130R\u0130\u015eO\u011eLU<\/title>\n<meta name=\"description\" content=\"\u00dcniversite \u00d6\u011frencisi Merve \u00c7iri\u015fo\u011flu \u00c7otur, 2011 y\u0131l\u0131nda Bo\u011fazi\u00e7i \u00dcniversitesindeki arkada\u015flar\u0131 ile birlikte kitap ayra\u00e7lar\u0131 yapmaya ba\u015flad\u0131.\" \/>\n<meta name=\"robots\" content=\"index, follow, max-snippet:-1, max-image-preview:large, max-video-preview:-1\" \/>\n<link rel=\"canonical\" href=\"https:\/\/tdv.org\/tr-TR\/merve-cirisoglu\/\" \/>\n<meta property=\"og:locale\" content=\"tr_TR\" \/>\n<meta property=\"og:type\" content=\"article\" \/>\n<meta property=\"og:title\" content=\"Merve \u00c7\u0130R\u0130\u015eO\u011eLU\" \/>\n<meta property=\"og:description\" content=\"\u00dcniversite \u00d6\u011frencisi Merve \u00c7iri\u015fo\u011flu \u00c7otur, 2011 y\u0131l\u0131nda Bo\u011fazi\u00e7i \u00dcniversitesindeki arkada\u015flar\u0131 ile birlikte kitap ayra\u00e7lar\u0131 yapmaya ba\u015flad\u0131.\" \/>\n<meta property=\"og:url\" content=\"https:\/\/tdv.org\/tr-TR\/merve-cirisoglu\/\" \/>\n<meta property=\"og:site_name\" content=\"T\u00fcrkiye Diyanet Vakf\u0131 Resmi Web Sitesi\" \/>\n<meta property=\"article:publisher\" content=\"https:\/\/www.facebook.com\/Diyanetvakfi\/\" \/>\n<meta property=\"article:published_time\" content=\"2017-03-20T07:44:25+00:00\" \/>\n<meta property=\"article:modified_time\" content=\"2025-01-02T13:12:34+00:00\" \/>\n<meta property=\"og:image\" content=\"https:\/\/tdv.org\/tr-TR\/wp-content\/uploads\/2022\/02\/2017-04-Merve_Cirisoglu.jpg\" \/>\n\t<meta property=\"og:image:width\" content=\"1000\" \/>\n\t<meta property=\"og:image:height\" content=\"671\" \/>\n\t<meta property=\"og:image:type\" content=\"image\/jpeg\" \/>\n<meta name=\"author\" content=\"Selim\" \/>\n<meta name=\"twitter:card\" content=\"summary_large_image\" \/>\n<meta name=\"twitter:creator\" content=\"@DiyanetVakfi\" \/>\n<meta name=\"twitter:site\" content=\"@DiyanetVakfi\" \/>\n<script type=\"application\/ld+json\" class=\"yoast-schema-graph\">{\"@context\":\"https:\\\/\\\/schema.org\",\"@graph\":[{\"@type\":\"Article\",\"@id\":\"https:\\\/\\\/tdv.org\\\/tr-TR\\\/merve-cirisoglu\\\/#article\",\"isPartOf\":{\"@id\":\"https:\\\/\\\/tdv.org\\\/tr-TR\\\/merve-cirisoglu\\\/\"},\"author\":{\"name\":\"Selim\",\"@id\":\"https:\\\/\\\/tdv.org\\\/tr-TR\\\/#\\\/schema\\\/person\\\/752b55e264a99273d55636516d96d5eb\"},\"headline\":\"Merve \u00c7\u0130R\u0130\u015eO\u011eLU\",\"datePublished\":\"2017-03-20T07:44:25+00:00\",\"dateModified\":\"2025-01-02T13:12:34+00:00\",\"mainEntityOfPage\":{\"@id\":\"https:\\\/\\\/tdv.org\\\/tr-TR\\\/merve-cirisoglu\\\/\"},\"wordCount\":1721,\"commentCount\":0,\"publisher\":{\"@id\":\"https:\\\/\\\/tdv.org\\\/tr-TR\\\/#organization\"},\"image\":{\"@id\":\"https:\\\/\\\/tdv.org\\\/tr-TR\\\/merve-cirisoglu\\\/#primaryimage\"},\"thumbnailUrl\":\"https:\\\/\\\/tdv.org\\\/tr-TR\\\/wp-content\\\/uploads\\\/2022\\\/02\\\/2017-04-Merve_Cirisoglu.jpg\",\"articleSection\":[\"\u00dc\u00e7\u00fcnc\u00fc Uluslararas\u0131 \u0130yilik \u00d6d\u00fclleri\"],\"inLanguage\":\"tr\",\"potentialAction\":[{\"@type\":\"CommentAction\",\"name\":\"Comment\",\"target\":[\"https:\\\/\\\/tdv.org\\\/tr-TR\\\/merve-cirisoglu\\\/#respond\"]}]},{\"@type\":\"WebPage\",\"@id\":\"https:\\\/\\\/tdv.org\\\/tr-TR\\\/merve-cirisoglu\\\/\",\"url\":\"https:\\\/\\\/tdv.org\\\/tr-TR\\\/merve-cirisoglu\\\/\",\"name\":\"Merve \u00c7\u0130R\u0130\u015eO\u011eLU\",\"isPartOf\":{\"@id\":\"https:\\\/\\\/tdv.org\\\/tr-TR\\\/#website\"},\"primaryImageOfPage\":{\"@id\":\"https:\\\/\\\/tdv.org\\\/tr-TR\\\/merve-cirisoglu\\\/#primaryimage\"},\"image\":{\"@id\":\"https:\\\/\\\/tdv.org\\\/tr-TR\\\/merve-cirisoglu\\\/#primaryimage\"},\"thumbnailUrl\":\"https:\\\/\\\/tdv.org\\\/tr-TR\\\/wp-content\\\/uploads\\\/2022\\\/02\\\/2017-04-Merve_Cirisoglu.jpg\",\"datePublished\":\"2017-03-20T07:44:25+00:00\",\"dateModified\":\"2025-01-02T13:12:34+00:00\",\"description\":\"\u00dcniversite \u00d6\u011frencisi Merve \u00c7iri\u015fo\u011flu \u00c7otur, 2011 y\u0131l\u0131nda Bo\u011fazi\u00e7i \u00dcniversitesindeki arkada\u015flar\u0131 ile birlikte kitap ayra\u00e7lar\u0131 yapmaya ba\u015flad\u0131.\",\"breadcrumb\":{\"@id\":\"https:\\\/\\\/tdv.org\\\/tr-TR\\\/merve-cirisoglu\\\/#breadcrumb\"},\"inLanguage\":\"tr\",\"potentialAction\":[{\"@type\":\"ReadAction\",\"target\":[\"https:\\\/\\\/tdv.org\\\/tr-TR\\\/merve-cirisoglu\\\/\"]}]},{\"@type\":\"ImageObject\",\"inLanguage\":\"tr\",\"@id\":\"https:\\\/\\\/tdv.org\\\/tr-TR\\\/merve-cirisoglu\\\/#primaryimage\",\"url\":\"https:\\\/\\\/tdv.org\\\/tr-TR\\\/wp-content\\\/uploads\\\/2022\\\/02\\\/2017-04-Merve_Cirisoglu.jpg\",\"contentUrl\":\"https:\\\/\\\/tdv.org\\\/tr-TR\\\/wp-content\\\/uploads\\\/2022\\\/02\\\/2017-04-Merve_Cirisoglu.jpg\",\"width\":1000,\"height\":671},{\"@type\":\"BreadcrumbList\",\"@id\":\"https:\\\/\\\/tdv.org\\\/tr-TR\\\/merve-cirisoglu\\\/#breadcrumb\",\"itemListElement\":[{\"@type\":\"ListItem\",\"position\":1,\"name\":\"Anasayfa\",\"item\":\"https:\\\/\\\/tdv.org\\\/tr-TR\\\/\"},{\"@type\":\"ListItem\",\"position\":2,\"name\":\"Merve \u00c7\u0130R\u0130\u015eO\u011eLU\"}]},{\"@type\":\"WebSite\",\"@id\":\"https:\\\/\\\/tdv.org\\\/tr-TR\\\/#website\",\"url\":\"https:\\\/\\\/tdv.org\\\/tr-TR\\\/\",\"name\":\"T\u00fcrkiye Diyanet Vakf\u0131 Resmi Web Sitesi\",\"description\":\"Yery\u00fcz\u00fcnde iyilik egemen oluncaya kadar\",\"publisher\":{\"@id\":\"https:\\\/\\\/tdv.org\\\/tr-TR\\\/#organization\"},\"alternateName\":\"T\u00fcrkiye Diyanet Vakf\u0131\",\"potentialAction\":[{\"@type\":\"SearchAction\",\"target\":{\"@type\":\"EntryPoint\",\"urlTemplate\":\"https:\\\/\\\/tdv.org\\\/tr-TR\\\/?s={search_term_string}\"},\"query-input\":{\"@type\":\"PropertyValueSpecification\",\"valueRequired\":true,\"valueName\":\"search_term_string\"}}],\"inLanguage\":\"tr\"},{\"@type\":\"Organization\",\"@id\":\"https:\\\/\\\/tdv.org\\\/tr-TR\\\/#organization\",\"name\":\"T\u00fcrkiye Diyanet Vakf\u0131\",\"alternateName\":\"T\u00fcrkiye Diyanet Vakf\u0131\",\"url\":\"https:\\\/\\\/tdv.org\\\/tr-TR\\\/\",\"logo\":{\"@type\":\"ImageObject\",\"inLanguage\":\"tr\",\"@id\":\"https:\\\/\\\/tdv.org\\\/tr-TR\\\/#\\\/schema\\\/logo\\\/image\\\/\",\"url\":\"https:\\\/\\\/tdv.org\\\/tr-TR\\\/wp-content\\\/uploads\\\/2018\\\/12\\\/TDV_Logo_1.png\",\"contentUrl\":\"https:\\\/\\\/tdv.org\\\/tr-TR\\\/wp-content\\\/uploads\\\/2018\\\/12\\\/TDV_Logo_1.png\",\"width\":207,\"height\":71,\"caption\":\"T\u00fcrkiye Diyanet Vakf\u0131\"},\"image\":{\"@id\":\"https:\\\/\\\/tdv.org\\\/tr-TR\\\/#\\\/schema\\\/logo\\\/image\\\/\"},\"sameAs\":[\"https:\\\/\\\/www.facebook.com\\\/Diyanetvakfi\\\/\",\"https:\\\/\\\/x.com\\\/DiyanetVakfi\",\"https:\\\/\\\/www.instagram.com\\\/turkiyediyanetvakfi\\\/\",\"https:\\\/\\\/www.youtube.com\\\/user\\\/TurkiyeDiyanetVakfi\"]},{\"@type\":\"Person\",\"@id\":\"https:\\\/\\\/tdv.org\\\/tr-TR\\\/#\\\/schema\\\/person\\\/752b55e264a99273d55636516d96d5eb\",\"name\":\"Selim\",\"image\":{\"@type\":\"ImageObject\",\"inLanguage\":\"tr\",\"@id\":\"https:\\\/\\\/tdv.org\\\/tr-TR\\\/wp-content\\\/litespeed\\\/avatar\\\/a1e47b25396e98e5b781e88a5396cd96.jpg?ver=1777287391\",\"url\":\"https:\\\/\\\/tdv.org\\\/tr-TR\\\/wp-content\\\/litespeed\\\/avatar\\\/a1e47b25396e98e5b781e88a5396cd96.jpg?ver=1777287391\",\"contentUrl\":\"https:\\\/\\\/tdv.org\\\/tr-TR\\\/wp-content\\\/litespeed\\\/avatar\\\/a1e47b25396e98e5b781e88a5396cd96.jpg?ver=1777287391\",\"caption\":\"Selim\"}}]}<\/script>\n<!-- \/ Yoast SEO plugin. -->","yoast_head_json":{"title":"Merve \u00c7\u0130R\u0130\u015eO\u011eLU","description":"\u00dcniversite \u00d6\u011frencisi Merve \u00c7iri\u015fo\u011flu \u00c7otur, 2011 y\u0131l\u0131nda Bo\u011fazi\u00e7i \u00dcniversitesindeki arkada\u015flar\u0131 ile birlikte kitap ayra\u00e7lar\u0131 yapmaya ba\u015flad\u0131.","robots":{"index":"index","follow":"follow","max-snippet":"max-snippet:-1","max-image-preview":"max-image-preview:large","max-video-preview":"max-video-preview:-1"},"canonical":"https:\/\/tdv.org\/tr-TR\/merve-cirisoglu\/","og_locale":"tr_TR","og_type":"article","og_title":"Merve \u00c7\u0130R\u0130\u015eO\u011eLU","og_description":"\u00dcniversite \u00d6\u011frencisi Merve \u00c7iri\u015fo\u011flu \u00c7otur, 2011 y\u0131l\u0131nda Bo\u011fazi\u00e7i \u00dcniversitesindeki arkada\u015flar\u0131 ile birlikte kitap ayra\u00e7lar\u0131 yapmaya ba\u015flad\u0131.","og_url":"https:\/\/tdv.org\/tr-TR\/merve-cirisoglu\/","og_site_name":"T\u00fcrkiye Diyanet Vakf\u0131 Resmi Web Sitesi","article_publisher":"https:\/\/www.facebook.com\/Diyanetvakfi\/","article_published_time":"2017-03-20T07:44:25+00:00","article_modified_time":"2025-01-02T13:12:34+00:00","og_image":[{"width":1000,"height":671,"url":"https:\/\/tdv.org\/tr-TR\/wp-content\/uploads\/2022\/02\/2017-04-Merve_Cirisoglu.jpg","type":"image\/jpeg"}],"author":"Selim","twitter_card":"summary_large_image","twitter_creator":"@DiyanetVakfi","twitter_site":"@DiyanetVakfi","schema":{"@context":"https:\/\/schema.org","@graph":[{"@type":"Article","@id":"https:\/\/tdv.org\/tr-TR\/merve-cirisoglu\/#article","isPartOf":{"@id":"https:\/\/tdv.org\/tr-TR\/merve-cirisoglu\/"},"author":{"name":"Selim","@id":"https:\/\/tdv.org\/tr-TR\/#\/schema\/person\/752b55e264a99273d55636516d96d5eb"},"headline":"Merve \u00c7\u0130R\u0130\u015eO\u011eLU","datePublished":"2017-03-20T07:44:25+00:00","dateModified":"2025-01-02T13:12:34+00:00","mainEntityOfPage":{"@id":"https:\/\/tdv.org\/tr-TR\/merve-cirisoglu\/"},"wordCount":1721,"commentCount":0,"publisher":{"@id":"https:\/\/tdv.org\/tr-TR\/#organization"},"image":{"@id":"https:\/\/tdv.org\/tr-TR\/merve-cirisoglu\/#primaryimage"},"thumbnailUrl":"https:\/\/tdv.org\/tr-TR\/wp-content\/uploads\/2022\/02\/2017-04-Merve_Cirisoglu.jpg","articleSection":["\u00dc\u00e7\u00fcnc\u00fc Uluslararas\u0131 \u0130yilik \u00d6d\u00fclleri"],"inLanguage":"tr","potentialAction":[{"@type":"CommentAction","name":"Comment","target":["https:\/\/tdv.org\/tr-TR\/merve-cirisoglu\/#respond"]}]},{"@type":"WebPage","@id":"https:\/\/tdv.org\/tr-TR\/merve-cirisoglu\/","url":"https:\/\/tdv.org\/tr-TR\/merve-cirisoglu\/","name":"Merve \u00c7\u0130R\u0130\u015eO\u011eLU","isPartOf":{"@id":"https:\/\/tdv.org\/tr-TR\/#website"},"primaryImageOfPage":{"@id":"https:\/\/tdv.org\/tr-TR\/merve-cirisoglu\/#primaryimage"},"image":{"@id":"https:\/\/tdv.org\/tr-TR\/merve-cirisoglu\/#primaryimage"},"thumbnailUrl":"https:\/\/tdv.org\/tr-TR\/wp-content\/uploads\/2022\/02\/2017-04-Merve_Cirisoglu.jpg","datePublished":"2017-03-20T07:44:25+00:00","dateModified":"2025-01-02T13:12:34+00:00","description":"\u00dcniversite \u00d6\u011frencisi Merve \u00c7iri\u015fo\u011flu \u00c7otur, 2011 y\u0131l\u0131nda Bo\u011fazi\u00e7i \u00dcniversitesindeki arkada\u015flar\u0131 ile birlikte kitap ayra\u00e7lar\u0131 yapmaya ba\u015flad\u0131.","breadcrumb":{"@id":"https:\/\/tdv.org\/tr-TR\/merve-cirisoglu\/#breadcrumb"},"inLanguage":"tr","potentialAction":[{"@type":"ReadAction","target":["https:\/\/tdv.org\/tr-TR\/merve-cirisoglu\/"]}]},{"@type":"ImageObject","inLanguage":"tr","@id":"https:\/\/tdv.org\/tr-TR\/merve-cirisoglu\/#primaryimage","url":"https:\/\/tdv.org\/tr-TR\/wp-content\/uploads\/2022\/02\/2017-04-Merve_Cirisoglu.jpg","contentUrl":"https:\/\/tdv.org\/tr-TR\/wp-content\/uploads\/2022\/02\/2017-04-Merve_Cirisoglu.jpg","width":1000,"height":671},{"@type":"BreadcrumbList","@id":"https:\/\/tdv.org\/tr-TR\/merve-cirisoglu\/#breadcrumb","itemListElement":[{"@type":"ListItem","position":1,"name":"Anasayfa","item":"https:\/\/tdv.org\/tr-TR\/"},{"@type":"ListItem","position":2,"name":"Merve \u00c7\u0130R\u0130\u015eO\u011eLU"}]},{"@type":"WebSite","@id":"https:\/\/tdv.org\/tr-TR\/#website","url":"https:\/\/tdv.org\/tr-TR\/","name":"T\u00fcrkiye Diyanet Vakf\u0131 Resmi Web Sitesi","description":"Yery\u00fcz\u00fcnde iyilik egemen oluncaya kadar","publisher":{"@id":"https:\/\/tdv.org\/tr-TR\/#organization"},"alternateName":"T\u00fcrkiye Diyanet Vakf\u0131","potentialAction":[{"@type":"SearchAction","target":{"@type":"EntryPoint","urlTemplate":"https:\/\/tdv.org\/tr-TR\/?s={search_term_string}"},"query-input":{"@type":"PropertyValueSpecification","valueRequired":true,"valueName":"search_term_string"}}],"inLanguage":"tr"},{"@type":"Organization","@id":"https:\/\/tdv.org\/tr-TR\/#organization","name":"T\u00fcrkiye Diyanet Vakf\u0131","alternateName":"T\u00fcrkiye Diyanet Vakf\u0131","url":"https:\/\/tdv.org\/tr-TR\/","logo":{"@type":"ImageObject","inLanguage":"tr","@id":"https:\/\/tdv.org\/tr-TR\/#\/schema\/logo\/image\/","url":"https:\/\/tdv.org\/tr-TR\/wp-content\/uploads\/2018\/12\/TDV_Logo_1.png","contentUrl":"https:\/\/tdv.org\/tr-TR\/wp-content\/uploads\/2018\/12\/TDV_Logo_1.png","width":207,"height":71,"caption":"T\u00fcrkiye Diyanet Vakf\u0131"},"image":{"@id":"https:\/\/tdv.org\/tr-TR\/#\/schema\/logo\/image\/"},"sameAs":["https:\/\/www.facebook.com\/Diyanetvakfi\/","https:\/\/x.com\/DiyanetVakfi","https:\/\/www.instagram.com\/turkiyediyanetvakfi\/","https:\/\/www.youtube.com\/user\/TurkiyeDiyanetVakfi"]},{"@type":"Person","@id":"https:\/\/tdv.org\/tr-TR\/#\/schema\/person\/752b55e264a99273d55636516d96d5eb","name":"Selim","image":{"@type":"ImageObject","inLanguage":"tr","@id":"https:\/\/tdv.org\/tr-TR\/wp-content\/litespeed\/avatar\/a1e47b25396e98e5b781e88a5396cd96.jpg?ver=1777287391","url":"https:\/\/tdv.org\/tr-TR\/wp-content\/litespeed\/avatar\/a1e47b25396e98e5b781e88a5396cd96.jpg?ver=1777287391","contentUrl":"https:\/\/tdv.org\/tr-TR\/wp-content\/litespeed\/avatar\/a1e47b25396e98e5b781e88a5396cd96.jpg?ver=1777287391","caption":"Selim"}}]}},"_links":{"self":[{"href":"https:\/\/tdv.org\/tr-TR\/wp-json\/wp\/v2\/posts\/17624","targetHints":{"allow":["GET"]}}],"collection":[{"href":"https:\/\/tdv.org\/tr-TR\/wp-json\/wp\/v2\/posts"}],"about":[{"href":"https:\/\/tdv.org\/tr-TR\/wp-json\/wp\/v2\/types\/post"}],"author":[{"embeddable":true,"href":"https:\/\/tdv.org\/tr-TR\/wp-json\/wp\/v2\/users\/8"}],"replies":[{"embeddable":true,"href":"https:\/\/tdv.org\/tr-TR\/wp-json\/wp\/v2\/comments?post=17624"}],"version-history":[{"count":4,"href":"https:\/\/tdv.org\/tr-TR\/wp-json\/wp\/v2\/posts\/17624\/revisions"}],"predecessor-version":[{"id":48114,"href":"https:\/\/tdv.org\/tr-TR\/wp-json\/wp\/v2\/posts\/17624\/revisions\/48114"}],"wp:featuredmedia":[{"embeddable":true,"href":"https:\/\/tdv.org\/tr-TR\/wp-json\/wp\/v2\/media\/17625"}],"wp:attachment":[{"href":"https:\/\/tdv.org\/tr-TR\/wp-json\/wp\/v2\/media?parent=17624"}],"wp:term":[{"taxonomy":"category","embeddable":true,"href":"https:\/\/tdv.org\/tr-TR\/wp-json\/wp\/v2\/categories?post=17624"},{"taxonomy":"post_tag","embeddable":true,"href":"https:\/\/tdv.org\/tr-TR\/wp-json\/wp\/v2\/tags?post=17624"}],"curies":[{"name":"wp","href":"https:\/\/api.w.org\/{rel}","templated":true}]}}