{"id":17627,"date":"2017-03-20T10:45:16","date_gmt":"2017-03-20T07:45:16","guid":{"rendered":"https:\/\/tdv.org\/tr-TR\/?p=17627"},"modified":"2025-01-02T16:11:16","modified_gmt":"2025-01-02T13:11:16","slug":"mustafa-gocer","status":"publish","type":"post","link":"https:\/\/tdv.org\/tr-TR\/mustafa-gocer\/","title":{"rendered":"Mustafa G\u00d6\u00c7ER"},"content":{"rendered":"[vc_row type=&#8221;in_container&#8221; full_screen_row_position=&#8221;middle&#8221; scene_position=&#8221;center&#8221; text_color=&#8221;dark&#8221; text_align=&#8221;left&#8221; overlay_strength=&#8221;0.3&#8243; shape_divider_position=&#8221;bottom&#8221; bg_image_animation=&#8221;none&#8221;][vc_column column_padding=&#8221;no-extra-padding&#8221; column_padding_position=&#8221;all&#8221; background_color_opacity=&#8221;1&#8243; background_hover_color_opacity=&#8221;1&#8243; column_link_target=&#8221;_self&#8221; column_shadow=&#8221;none&#8221; column_border_radius=&#8221;none&#8221; width=&#8221;1\/1&#8243; tablet_width_inherit=&#8221;default&#8221; tablet_text_alignment=&#8221;default&#8221; phone_text_alignment=&#8221;default&#8221; column_border_width=&#8221;none&#8221; column_border_style=&#8221;solid&#8221; bg_image_animation=&#8221;none&#8221;][vc_column_text]<em><strong>\u201cDa\u011flar \u00e7\u0131plak\u2026<\/strong><\/em><\/p>\n<p><em><strong>\u00c7\u00f6p\u00fc kald\u0131r\u0131n,<\/strong><\/em><\/p>\n<p><em><strong>Bir tohum ekin,<\/strong><\/em><\/p>\n<p><em><strong>Tel \u00f6rg\u00fcleri tamir edin.<\/strong><\/em><\/p>\n<p><em><strong>Bak\u0131p ge\u00e7meyin!\u201d<\/strong><\/em><\/p>\n<p>\u201cBir milyonu ge\u00e7ti dikti\u011fim a\u011fa\u00e7 say\u0131s\u0131. Baz\u0131 a\u011fa\u00e7lar o kadar b\u00fcy\u00fcd\u00fcler ki dallar\u0131nda oturuyorum. \u00c7ok b\u00fcy\u00fck bir mutluluk veriyor. \u0130nan\u0131n bu mutlulu\u011fu herkesin ya\u015famas\u0131n\u0131 isterim. Herkes en az her sene bir fidan dikse, her taraf a\u011fa\u00e7lan\u0131r. Zaten ben tek ba\u015f\u0131ma yeti\u015femem ki, Kayseri\u2019ye de yeti\u015femem. Ben bu i\u015fe \u00f6mr\u00fcm\u00fc adad\u0131m. Bu heves, ben \u00f6lene kadar devam edecek.\u201d<\/p>\n<p>1950 Sivas \u015eark\u0131\u015fla do\u011fumlu 60 ya\u015f\u0131nda emekli bir teknisyen. 40 y\u0131ld\u0131r tohumu toprakla bulu\u015fturuyor. Biliyor ki bir tohum bir a\u011fa\u00e7, bir a\u011fa\u00e7 b\u00fcy\u00fck bir iyilik demek.<\/p>\n<p>Bir do\u011fa dostu Mustafa G\u00f6\u00e7er, 40 y\u0131ld\u0131r hayat felsefesi haline getirdi\u011fi a\u011fa\u00e7 dikme eylemini bo\u015f arazilerde, yol kenarlar\u0131nda, hat\u0131ra ormanlar\u0131nda ger\u00e7ekle\u015ftiriyor. Herkese bunu a\u015f\u0131lamak i\u00e7in g\u00f6n\u00fcll\u00fc olarak do\u011fa y\u00fcr\u00fcy\u00fc\u015fleri d\u00fczenleyip insanlar\u0131 fidan dikmeye te\u015fvik eden emekli teknisyen Mustafa G\u00f6\u00e7er, yapt\u0131\u011f\u0131 i\u015ften \u00f6mr\u00fcn\u00fcn sonuna kadar vazge\u00e7meyi d\u00fc\u015f\u00fcnm\u00fcyor. Kayseri\u2019de ya\u015f\u0131yor. Ve \u015fimdiye kadar bir\u00e7ok ilde a\u011fa\u00e7 dikerek bu zamana kadar bir milyonu a\u015fk\u0131n tohumu toprakla bulu\u015fturmu\u015f. S\u00fcleymaniye Camii\u2019nin bah\u00e7esine de 5 a\u011fa\u00e7 diken Mustafa G\u00f6\u00e7er: \u201cT\u00fcm T\u00fcrkiye\u2019yi a\u011fa\u00e7 dikerek ye\u015fillendirmek istiyorum. Her gitti\u011fim \u015fehirden ald\u0131\u011f\u0131m fidanlar\u0131 bir sonraki \u015fehre gidene kadar dikece\u011fim. B\u00f6ylece gezerek ayn\u0131 i\u015flemi yapmaya devam edece\u011fim. Bunun i\u00e7in Orman Genel M\u00fcd\u00fcrl\u00fc\u011f\u00fc destek sa\u011flayacak ya da bir sponsor bulaca\u011f\u0131m\u201d diyor.<\/p>\n<p>&nbsp;<\/p>\n<p><strong>Babadan Yadig\u00e2r A\u011fa\u00e7 Sevgisi<\/strong><\/p>\n<p>Vadilerde gezerken a\u011fa\u00e7 dallar\u0131na ast\u0131\u011f\u0131 ekmeklerle hayvanlar\u0131 da unutmayan Mustafa G\u00f6\u00e7er, \u201cHayvanlar \u00e7o\u011fu zaman yiyecek bir \u015fey bulam\u0131yor. Ben de tohum ya da fidan dikmek i\u00e7in vadilere gitti\u011fimde onlar i\u00e7in a\u011fa\u00e7lara ekmek as\u0131yorum. Bazen geceleri vadilerde kal\u0131yorum. Soruyorlar bana \u2018Korkmuyor musun?\u2019 diye\u2026 \u201cNeden korkay\u0131m? Orada benim \u00e7ocuklar\u0131m (a\u011fa\u00e7lar) var. Kocaman kocaman olmu\u015flar hepsi\u201d diye cevap veriyor.<\/p>\n<p>Mustafa G\u00f6\u00e7er, bu i\u015fin kendisinde nas\u0131l tutku haline geldi\u011fini ise \u015f\u00f6yle anlat\u0131yor: \u201c\u00c7ocukken Sivas\u2019\u0131n Kumyeri isimli mevkiinde ya\u015f\u0131yorduk. Babam m\u00fcba\u015firdi. Bah\u00e7e i\u015flerini, toprakla u\u011fra\u015fmay\u0131 \u00e7ok severdi. Bah\u00e7emizde \u00e7ok g\u00fczel a\u011fa\u00e7lar, g\u00fcller vard\u0131. Beni topra\u011fa o al\u0131\u015ft\u0131rd\u0131. Durumumuz iyi olmad\u0131\u011f\u0131 i\u00e7in kasabada ya\u015fayan halam peynir yapard\u0131. Ben de onlar\u0131 almaya giderken 13 kilometre y\u00fcr\u00fcrd\u00fcm. Yolda s\u00f6\u011f\u00fct ve selvi a\u011fa\u00e7lar\u0131 dikerdim. A\u011fa\u00e7 sevgisi b\u00f6yle olu\u015ftu\u2026\u201d<\/p>\n<p>Fidan dikmeye 1960 senesinde 10 ya\u015f\u0131ndayken babas\u0131yla birlikte ba\u015flayan Mustafa G\u00f6\u00e7er\u2019in anne ve babas\u0131 vefat edince k\u00fc\u00e7\u00fck karde\u015flerinin bak\u0131m\u0131 ona kalm\u0131\u015f. Liseden mezun olduktan sonra Ege \u00dcniversitesi G\u00fczel Sanatlar Fak\u00fcltesi\u2019ne kay\u0131t yapt\u0131rm\u0131\u015f fakat karde\u015flerinin sorumlulu\u011fundan \u00f6t\u00fcr\u00fc \u00fcniversite hayat\u0131na ba\u015flamadan yar\u0131m b\u0131rakmak zorunda kalm\u0131\u015f. \u015eark\u0131\u015fla\u2019ya d\u00f6nerek bir demircinin yan\u0131nda i\u015fe ba\u015flam\u0131\u015f ve hatta ren\u00e7berlerin yan\u0131nda da \u00e7al\u0131\u015fm\u0131\u015f\u2026<\/p>\n<p>A\u011fabeyi astsubay okulunu bitirdikten sonra Bolu\u2019ya tayini \u00e7\u0131km\u0131\u015f ve t\u00fcm karde\u015flerini yan\u0131na alm\u0131\u015f. Bu arada Mustafa G\u00f6\u00e7er de Orman \u0130\u015fletmesinde \u00e7al\u0131\u015fmaya ba\u015flam\u0131\u015f. Daha sonra a\u011fabeyi evlenince karde\u015flerini aralar\u0131nda payla\u015fm\u0131\u015f Mustafa G\u00f6\u00e7er ve a\u011fabeyi\u2026 Kayseri\u2019de bir i\u015fte y\u0131llarca \u00e7al\u0131\u015farak karde\u015flerini okutup evlendirmi\u015f. Zorlu bir hayata ra\u011fmen kendisini do\u011faya adam\u0131\u015f. Babas\u0131 hayatta iken ondan \u00f6\u011frendiklerini minnetle anlat\u0131yor:\u00a0 \u201cBabam ile Kumyeri\u2019nde 3 bin civar\u0131nda fidan diktik. Ertesi y\u0131l emekli olunca da fidanlara bakamad\u0131k. Bir g\u00fcn annemle oraya gitti\u011fimizde \u00e7obanlar\u0131n tosunlar\u0131 oraya s\u00fcrd\u00fcklerini g\u00f6rd\u00fck. Biz \u2018ne yap\u0131yorsun?\u2019 deyince \u00e7oban bizi kovalad\u0131. Annemle a\u011flayarak eve geldik. Onca emek bo\u015fa gitmi\u015fti\u2026 O fidanlar\u0131n hepsi \u00f6l\u00fcnce kendi kendime s\u00f6z verdim hep fidan dikece\u011fim diye. O zamanlar 10-12 ya\u015flar\u0131ndayd\u0131m. B\u00f6yle b\u00f6yle a\u011fa\u00e7 sevgisi olu\u015ftu bende. Do\u011faya olan d\u00fc\u015fk\u00fcnl\u00fc\u011f\u00fcm\u00fc rahmetli babama bor\u00e7luyum.\u201d<\/p>\n<p>&nbsp;<\/p>\n<p><strong>A\u011fa\u00e7 Dikmek \u0130badet Gibi<\/strong><\/p>\n<p>Ara\u015ft\u0131rmalar yaparak bu konuda kendini geli\u015ftiren azimli do\u011fasever Mustafa G\u00f6\u00e7er:<\/p>\n<p>\u201c\u00c7evre kirlili\u011fi, ozon tabakas\u0131 problemleri, k\u00fcresel \u0131s\u0131nma gibi do\u011fa olaylar\u0131n\u0131n en b\u00fcy\u00fck sebebinin a\u011fa\u00e7s\u0131zland\u0131rma oldu\u011funu \u00f6\u011frendim. D\u00fcnya ormanlar\u0131n\u0131n y\u00fczde 40\u2019\u0131 insanlar taraf\u0131ndan yok edilmi\u015f durumda.<\/p>\n<p>Gelecek nesillerin ya\u015fam haklar\u0131n\u0131 yok etmeye ba\u015flam\u0131\u015f\u0131z. Kul hakk\u0131na giriyoruz. Bu y\u00fczden bu i\u015fi ibadet olarak g\u00f6r\u00fcyorum. Bu benim oldu\u011fu gibi herkesin boynunun bir borcu. D\u00fcnya bu \u015fekilde giderse, \u00e7ok de\u011fil 40 sene sonra gelecek nesil susuzluktan, a\u00e7l\u0131ktan, kurakl\u0131ktan \u00f6lebilir. \u00dcstelik g\u00fcn ge\u00e7tik\u00e7e durumun ciddiyeti daha da b\u00fcy\u00fcyor.<\/p>\n<p>Ben de bir\u00e7ok \u00e7al\u0131\u015fma yap\u0131yorum. 1982\u2019den beri do\u011fa y\u00fcr\u00fcy\u00fc\u015f gruplar\u0131 olu\u015fturup onlara a\u011fa\u00e7 diktirdim. Kurum personellerine \u00fccretsiz antrenman yapt\u0131r\u0131p kar\u015f\u0131l\u0131\u011f\u0131nda fide ald\u0131r\u0131yorum. Bunun d\u0131\u015f\u0131nda okullarda da do\u011fa y\u00fcr\u00fcy\u00fc\u015fleri ba\u015flatt\u0131m. Gelecek nesil bilin\u00e7lenirse bizim yapt\u0131\u011f\u0131m\u0131z hatalar\u0131 yapmazlar ve ge\u00e7mi\u015ftekileri telafi ederler.\u201d diye anlat\u0131yor bu sevdas\u0131n\u0131.<\/p>\n<p>\u00d6te yandan Mustafa G\u00f6\u00e7er, Kayseri\u2019de, d\u00f6rt okulda do\u011fa dersleri veriyor. \u00c7ocuklar\u0131 do\u011faya \u00e7\u0131kart\u0131p birlikte a\u011fa\u00e7 dikiyorlar. Fakat t\u00fcm \u00e7abalar\u0131na ra\u011fmen Kayseri\u2019nin h\u00e2l\u00e2 ye\u015fillik olmad\u0131\u011f\u0131n\u0131 s\u00f6yleyen do\u011fa a\u015f\u0131\u011f\u0131 Mustafa G\u00f6\u00e7er: \u201cDa\u011flar \u00e7\u0131plak. Bir Mustafa G\u00f6\u00e7er ile bu i\u015f olmaz. Benden ba\u015fkalar\u0131 da var, ama yetmez. Do\u011fada y\u00fcr\u00fcmek do\u011fac\u0131l\u0131k de\u011fil. Do\u011faya \u00e7\u0131k\u0131yorsan\u0131z do\u011faya bir katk\u0131n\u0131z olmal\u0131.<\/p>\n<p>\u00c7\u00f6p\u00fc kald\u0131r\u0131n,<\/p>\n<p>Bir tohum ekin,<\/p>\n<p>Tel \u00f6rg\u00fcleri tamir edin.<\/p>\n<p>Bak\u0131p ge\u00e7meyin!\u201d<\/p>\n<p>T\u00fcrkiye\u2019nin g\u00fczel k\u00f6\u015felerini bulup oralarda gezmekte marifet olmad\u0131\u011f\u0131n\u0131, as\u0131l marifetin \u00f6n\u00fcnden ge\u00e7ilen bo\u015f da\u011flar\u0131 a\u011fa\u00e7land\u0131rmakta oldu\u011funu anlatmak istiyor Mustafa G\u00f6\u00e7er. Do\u011fa y\u00fcr\u00fcy\u00fc\u015f gruplar\u0131na bu y\u00fczden eko-trekkingi anlatmaya \u00e7al\u0131\u015f\u0131yor. Kimse olmad\u0131\u011f\u0131 zaman ise tek ba\u015f\u0131na do\u011fa y\u00fcr\u00fcy\u00fc\u015f\u00fc yap\u0131yor. Hat\u0131ra ormanlar\u0131na gidip kurumu\u015f a\u011fa\u00e7lar\u0131n\u0131 s\u00f6k\u00fcyor, tel \u00f6rg\u00fclerini tamir ediyor, yeni tohumlar ekiyor.<\/p>\n<p>Mustafa G\u00f6\u00e7er, insanl\u0131\u011f\u0131n do\u011faya kar\u015f\u0131 aymaz bir ruhla yakla\u015fmamas\u0131n\u0131 diliyor\u2026<\/p>\n<p>A\u011fa\u00e7 dikmeye ba\u015flad\u0131\u011f\u0131 ilk zamanlar, tutmayan tohumlar\u0131 g\u00f6r\u00fcnce hata yapt\u0131\u011f\u0131n\u0131 anlayan Mustafa G\u00f6\u00e7er, topraktan \u00e7\u0131kan ve \u00e7\u0131kmayan tohumlar\u0131 nas\u0131l ekti\u011fimi kar\u015f\u0131la\u015ft\u0131r\u0131p do\u011fru ekme i\u015flemini deneme yan\u0131lma yoluyla \u00f6\u011frendi\u011fini ve her tohumun her yere uygun olmad\u0131\u011f\u0131n\u0131 fark etti\u011fini anl\u0131yor. Daha \u00e7ok \u0130\u00e7 Anadolu ve Kayseri\u2019de yeti\u015fen a\u011fa\u00e7 t\u00fcrlerini bildi\u011fini s\u00f6ylerken bile do\u011faya dair t\u00fcm pratik bilgileri b\u00fcy\u00fck bir heyecanla aktar\u0131yor. \u201cA\u011fa\u00e7 yeti\u015ftirmek y\u00fckseltiyle alakal\u0131. \u0130\u00e7 Anadolu rak\u0131m ortalama bin 200 metre. Bu y\u00fckseklikte de kara\u00e7am, sedir, palamut, ceviz, badem yeti\u015fir. Biraz daha y\u00fckseklikte sar\u0131\u00e7am yeti\u015fir. Tohum ekmek asl\u0131nda \u00e7ok kolay. Tohumu \u00e7ap\u0131 kadar dikmek gerekiyor. Ellinizde topra\u011f\u0131 biraz a\u00e7\u0131p tohumu koyun ve sonra toprakla \u00fczerine biraz bast\u0131r\u0131n. Fazla derine ekilirse tohumun g\u00fcc\u00fc topraktan \u00e7\u0131kmaya yetmez ve \u00e7\u00fcr\u00fcr\u201d diyor.<\/p>\n<p>&nbsp;<\/p>\n<p><strong>\u201cMezarl\u0131ktan tohum topluyorum\u2026\u201d<\/strong><\/p>\n<p>Bir do\u011fa y\u00fcr\u00fcy\u00fc\u015f\u00fcne \u00e7\u0131kt\u0131\u011f\u0131nda en az bin tohum eken Mustafa G\u00f6\u00e7er, i\u015f b\u00fcy\u00fcd\u00fck\u00e7e tohum alman\u0131n g\u00fc\u00e7le\u015fti\u011fini ve bu sebeple Orman Genel M\u00fcd\u00fcrl\u00fc\u011f\u00fc\u2019nden destek almaya ba\u015flad\u0131\u011f\u0131n\u0131 anlat\u0131yor. \u201cAsri mezarl\u0131klara gidip tohum toplad\u0131m. Aile mezarl\u0131klar\u0131n \u00fczerinde palamut a\u011fa\u00e7lar\u0131 oluyor. O a\u011fa\u00e7tan tohumlar d\u00f6k\u00fcl\u00fcyor. Bir aile mezarl\u0131\u011f\u0131nda 200-300 palamut fidesi yeti\u015fiyor. Mezarl\u0131k m\u00fcd\u00fcrl\u00fc\u011f\u00fc onlar\u0131 mezarlara zarar veriyor diye s\u00f6k\u00fcp at\u0131yor. Ben de gidip rica ediyorum: \u2018Bunlar\u0131 atmay\u0131n, s\u00f6kerken bende geleyim beraber s\u00f6kelim. Ben onlar\u0131 al\u0131p ba\u015fka yerlere dikece\u011fim.\u2019 Bir gidi\u015fimde 3 bin fideyle d\u00f6n\u00fcyorum. Sonra \u00e7ocuklarla beraber onlar\u0131 da\u011flara dikiyoruz\u201d diyor.<\/p>\n<p>Kul hakk\u0131 oldu\u011funa inand\u0131ktan sonra i\u015fi daha da ciddiye alan Mustafa G\u00f6\u00e7er, bir\u00e7ok \u00e7al\u0131\u015fma yapm\u0131\u015f. Kayseri\u2019de 60 bine yak\u0131n talebesi bulunuyor ve 1967\u2019den beri tek ba\u015f\u0131na yapt\u0131\u011f\u0131 do\u011fa faaliyetlerini, 1982\u2019den itibaren olu\u015fturdu\u011fu do\u011fa y\u00fcr\u00fcy\u00fc\u015f gruplar\u0131 ile birlikte yap\u0131yor. 35 senedir Kayseri\u2019de \u00e7al\u0131\u015fan Mustafa G\u00f6\u00e7er, hem e\u011fitimci hem de do\u011fasever yan\u0131yla olduk\u00e7a sevilen ve tan\u0131nan birisi.<\/p>\n<p>Kre\u015fteki \u00e7ocuklara ay\u0131 bir imtina g\u00f6steriyor ve k\u00fc\u00e7\u00fck ya\u015flar\u0131nda onlar\u0131n do\u011fa ile ba\u011f kurmas\u0131 i\u00e7in s\u0131k s\u0131k a\u011fa\u00e7 dikiyorlar. \u00c7ocuklar kendi a\u011fac\u0131 belli olsun diye bir iz b\u0131rak\u0131yor. Dal\u0131n\u0131 boyuyor, kemik \u00e7ak\u0131yor, ip ba\u011fl\u0131yor. Mustafa G\u00f6\u00e7er \u00e7ocuklara: \u201c\u0130smini ne koydunuz a\u011fac\u0131n\u0131z\u0131n?\u201d diye sordu\u011funda, bir\u00e7o\u011fu annesinin ismini koydu\u011funu s\u00f6yl\u00fcyor. Sonra da annelerini al\u0131p a\u011fa\u00e7lar\u0131n\u0131n b\u00fcy\u00fcy\u00fcp b\u00fcy\u00fcmedi\u011fini kontrol ediyorlar ve g\u00fcnden g\u00fcne b\u00fcy\u00fcyen fidanlar\u0131 anneleriyle gidip birlikte suluyorlar.<\/p>\n<p>Do\u011faya kar\u015f\u0131 g\u00f6sterdi\u011fi \u00f6zen ve hassasiyeti en \u00e7ok \u00e7ocuklar ve gen\u00e7 nesiller \u00fczerinde etkin kullanmak istiyor Mustafa G\u00f6\u00e7er. \u00c7\u00fcnk\u00fc Allah\u2019\u0131n biz insanlara sundu\u011fu k\u00e2inat\u0131n, t\u00fcrl\u00fc t\u00fcrl\u00fc g\u00fczelliklerinin bilincinde olman\u0131n, \u00e7ok k\u00fc\u00e7\u00fck ya\u015flardan itibaren ba\u015flamas\u0131 gerekti\u011fine inan\u0131yor. Nitekim do\u011faya sayg\u0131, bizlere bah\u015fedilen nimetleri sevmekle ba\u015fl\u0131yor.<\/p>\n<p>Emekli teknisyen Mustafa G\u00f6\u00e7er y\u0131llard\u0131r g\u00f6n\u00fcl verdi\u011fi bu iyilik hareketini \u00f6mr\u00fcn\u00fcn sonuna kadar s\u00fcrd\u00fcrmek istiyor. T\u00fcm T\u00fcrkiye\u2019nin ye\u015fillenmesi i\u00e7in gitti\u011fi her yere fidan dikmek isterken, hem ya\u015fad\u0131\u011f\u0131 d\u00f6nemin hem de gelecek nesillerin haklar\u0131n\u0131 d\u00fc\u015f\u00fcn\u00fcyor.<\/p>\n<p>\u201cPeygamber Efendimiz k\u0131yametin kopma an\u0131nda bile a\u011fa\u00e7 dikmeyi \u00f6\u011f\u00fctlemi\u015f bizlere. Bu u\u011fra\u015ftan \u00f6te bir sevap. \u0130nsan\u0131 manen doyuracak ve do\u011fada bir eseriniz olacak. Bu bir vebal, bu bir kul hakk\u0131d\u0131r\u2026\u201d[\/vc_column_text][divider line_type=&#8221;No Line&#8221; custom_height=&#8221;30&#8243;][vc_video link=&#8221;https:\/\/youtu.be\/lwEpoSxoC6U&#8221; align=&#8221;center&#8221;][\/vc_column][\/vc_row]\n","protected":false},"excerpt":{"rendered":"<p>[vc_row type=&#8221;in_container&#8221; full_screen_row_position=&#8221;middle&#8221; scene_position=&#8221;center&#8221; text_color=&#8221;dark&#8221; text_align=&#8221;left&#8221; overlay_strength=&#8221;0.3&#8243; shape_divider_position=&#8221;bottom&#8221; bg_image_animation=&#8221;none&#8221;][vc_column column_padding=&#8221;no-extra-padding&#8221; column_padding_position=&#8221;all&#8221; background_color_opacity=&#8221;1&#8243; background_hover_color_opacity=&#8221;1&#8243; column_link_target=&#8221;_self&#8221; column_shadow=&#8221;none&#8221; column_border_radius=&#8221;none&#8221; width=&#8221;1\/1&#8243; tablet_width_inherit=&#8221;default&#8221; tablet_text_alignment=&#8221;default&#8221; phone_text_alignment=&#8221;default&#8221; column_border_width=&#8221;none&#8221; column_border_style=&#8221;solid&#8221; bg_image_animation=&#8221;none&#8221;][vc_column_text]\u201cDa\u011flar \u00e7\u0131plak\u2026 \u00c7\u00f6p\u00fc kald\u0131r\u0131n, Bir tohum ekin, Tel&#8230;<\/p>\n","protected":false},"author":8,"featured_media":17628,"comment_status":"open","ping_status":"closed","sticky":false,"template":"","format":"standard","meta":{"footnotes":""},"categories":[1625],"tags":[],"class_list":{"0":"post-17627","1":"post","2":"type-post","3":"status-publish","4":"format-standard","5":"has-post-thumbnail","7":"category-ucuncu-uluslararasi-iyilik-odulleri"},"yoast_head":"<!-- This site is optimized with the Yoast SEO plugin v27.4 - https:\/\/yoast.com\/product\/yoast-seo-wordpress\/ -->\n<title>Mustafa G\u00d6\u00c7ER<\/title>\n<meta name=\"description\" content=\"\u201cBir milyonu ge\u00e7ti dikti\u011fim a\u011fa\u00e7 say\u0131s\u0131. Baz\u0131 a\u011fa\u00e7lar o kadar b\u00fcy\u00fcd\u00fcler ki dallar\u0131nda oturuyorum. \u00c7ok b\u00fcy\u00fck bir mutluluk veriyor. \u0130nan\u0131n bu mutlulu\u011fu herkesin ya\u015famas\u0131n\u0131 isterim. Herkes en az her sene bir fidan dikse, her taraf a\u011fa\u00e7lan\u0131r. Zaten ben tek ba\u015f\u0131ma yeti\u015femem ki, Kayseri\u2019ye de yeti\u015femem. Ben bu i\u015fe \u00f6mr\u00fcm\u00fc adad\u0131m. Bu heves, ben \u00f6lene kadar devam edecek.\u201d\" \/>\n<meta name=\"robots\" content=\"index, follow, max-snippet:-1, max-image-preview:large, max-video-preview:-1\" \/>\n<link rel=\"canonical\" href=\"https:\/\/tdv.org\/tr-TR\/mustafa-gocer\/\" \/>\n<meta property=\"og:locale\" content=\"tr_TR\" \/>\n<meta property=\"og:type\" content=\"article\" \/>\n<meta property=\"og:title\" content=\"Mustafa G\u00d6\u00c7ER\" \/>\n<meta property=\"og:description\" content=\"\u201cBir milyonu ge\u00e7ti dikti\u011fim a\u011fa\u00e7 say\u0131s\u0131. Baz\u0131 a\u011fa\u00e7lar o kadar b\u00fcy\u00fcd\u00fcler ki dallar\u0131nda oturuyorum. \u00c7ok b\u00fcy\u00fck bir mutluluk veriyor. \u0130nan\u0131n bu mutlulu\u011fu herkesin ya\u015famas\u0131n\u0131 isterim. Herkes en az her sene bir fidan dikse, her taraf a\u011fa\u00e7lan\u0131r. Zaten ben tek ba\u015f\u0131ma yeti\u015femem ki, Kayseri\u2019ye de yeti\u015femem. Ben bu i\u015fe \u00f6mr\u00fcm\u00fc adad\u0131m. Bu heves, ben \u00f6lene kadar devam edecek.\u201d\" \/>\n<meta property=\"og:url\" content=\"https:\/\/tdv.org\/tr-TR\/mustafa-gocer\/\" \/>\n<meta property=\"og:site_name\" content=\"T\u00fcrkiye Diyanet Vakf\u0131 Resmi Web Sitesi\" \/>\n<meta property=\"article:publisher\" content=\"https:\/\/www.facebook.com\/Diyanetvakfi\/\" \/>\n<meta property=\"article:published_time\" content=\"2017-03-20T07:45:16+00:00\" \/>\n<meta property=\"article:modified_time\" content=\"2025-01-02T13:11:16+00:00\" \/>\n<meta property=\"og:image\" content=\"https:\/\/tdv.org\/tr-TR\/wp-content\/uploads\/2022\/02\/2017-03-Mustafa_Gocer.jpg\" \/>\n\t<meta property=\"og:image:width\" content=\"1000\" \/>\n\t<meta property=\"og:image:height\" content=\"670\" \/>\n\t<meta property=\"og:image:type\" content=\"image\/jpeg\" \/>\n<meta name=\"author\" content=\"Selim\" \/>\n<meta name=\"twitter:card\" content=\"summary_large_image\" \/>\n<meta name=\"twitter:creator\" content=\"@DiyanetVakfi\" \/>\n<meta name=\"twitter:site\" content=\"@DiyanetVakfi\" \/>\n<script type=\"application\/ld+json\" class=\"yoast-schema-graph\">{\"@context\":\"https:\\\/\\\/schema.org\",\"@graph\":[{\"@type\":\"Article\",\"@id\":\"https:\\\/\\\/tdv.org\\\/tr-TR\\\/mustafa-gocer\\\/#article\",\"isPartOf\":{\"@id\":\"https:\\\/\\\/tdv.org\\\/tr-TR\\\/mustafa-gocer\\\/\"},\"author\":{\"name\":\"Selim\",\"@id\":\"https:\\\/\\\/tdv.org\\\/tr-TR\\\/#\\\/schema\\\/person\\\/752b55e264a99273d55636516d96d5eb\"},\"headline\":\"Mustafa G\u00d6\u00c7ER\",\"datePublished\":\"2017-03-20T07:45:16+00:00\",\"dateModified\":\"2025-01-02T13:11:16+00:00\",\"mainEntityOfPage\":{\"@id\":\"https:\\\/\\\/tdv.org\\\/tr-TR\\\/mustafa-gocer\\\/\"},\"wordCount\":1891,\"commentCount\":0,\"publisher\":{\"@id\":\"https:\\\/\\\/tdv.org\\\/tr-TR\\\/#organization\"},\"image\":{\"@id\":\"https:\\\/\\\/tdv.org\\\/tr-TR\\\/mustafa-gocer\\\/#primaryimage\"},\"thumbnailUrl\":\"https:\\\/\\\/tdv.org\\\/tr-TR\\\/wp-content\\\/uploads\\\/2022\\\/02\\\/2017-03-Mustafa_Gocer.jpg\",\"articleSection\":[\"\u00dc\u00e7\u00fcnc\u00fc Uluslararas\u0131 \u0130yilik \u00d6d\u00fclleri\"],\"inLanguage\":\"tr\",\"potentialAction\":[{\"@type\":\"CommentAction\",\"name\":\"Comment\",\"target\":[\"https:\\\/\\\/tdv.org\\\/tr-TR\\\/mustafa-gocer\\\/#respond\"]}]},{\"@type\":\"WebPage\",\"@id\":\"https:\\\/\\\/tdv.org\\\/tr-TR\\\/mustafa-gocer\\\/\",\"url\":\"https:\\\/\\\/tdv.org\\\/tr-TR\\\/mustafa-gocer\\\/\",\"name\":\"Mustafa G\u00d6\u00c7ER\",\"isPartOf\":{\"@id\":\"https:\\\/\\\/tdv.org\\\/tr-TR\\\/#website\"},\"primaryImageOfPage\":{\"@id\":\"https:\\\/\\\/tdv.org\\\/tr-TR\\\/mustafa-gocer\\\/#primaryimage\"},\"image\":{\"@id\":\"https:\\\/\\\/tdv.org\\\/tr-TR\\\/mustafa-gocer\\\/#primaryimage\"},\"thumbnailUrl\":\"https:\\\/\\\/tdv.org\\\/tr-TR\\\/wp-content\\\/uploads\\\/2022\\\/02\\\/2017-03-Mustafa_Gocer.jpg\",\"datePublished\":\"2017-03-20T07:45:16+00:00\",\"dateModified\":\"2025-01-02T13:11:16+00:00\",\"description\":\"\u201cBir milyonu ge\u00e7ti dikti\u011fim a\u011fa\u00e7 say\u0131s\u0131. Baz\u0131 a\u011fa\u00e7lar o kadar b\u00fcy\u00fcd\u00fcler ki dallar\u0131nda oturuyorum. \u00c7ok b\u00fcy\u00fck bir mutluluk veriyor. \u0130nan\u0131n bu mutlulu\u011fu herkesin ya\u015famas\u0131n\u0131 isterim. Herkes en az her sene bir fidan dikse, her taraf a\u011fa\u00e7lan\u0131r. Zaten ben tek ba\u015f\u0131ma yeti\u015femem ki, Kayseri\u2019ye de yeti\u015femem. Ben bu i\u015fe \u00f6mr\u00fcm\u00fc adad\u0131m. Bu heves, ben \u00f6lene kadar devam edecek.\u201d\",\"breadcrumb\":{\"@id\":\"https:\\\/\\\/tdv.org\\\/tr-TR\\\/mustafa-gocer\\\/#breadcrumb\"},\"inLanguage\":\"tr\",\"potentialAction\":[{\"@type\":\"ReadAction\",\"target\":[\"https:\\\/\\\/tdv.org\\\/tr-TR\\\/mustafa-gocer\\\/\"]}]},{\"@type\":\"ImageObject\",\"inLanguage\":\"tr\",\"@id\":\"https:\\\/\\\/tdv.org\\\/tr-TR\\\/mustafa-gocer\\\/#primaryimage\",\"url\":\"https:\\\/\\\/tdv.org\\\/tr-TR\\\/wp-content\\\/uploads\\\/2022\\\/02\\\/2017-03-Mustafa_Gocer.jpg\",\"contentUrl\":\"https:\\\/\\\/tdv.org\\\/tr-TR\\\/wp-content\\\/uploads\\\/2022\\\/02\\\/2017-03-Mustafa_Gocer.jpg\",\"width\":1000,\"height\":670},{\"@type\":\"BreadcrumbList\",\"@id\":\"https:\\\/\\\/tdv.org\\\/tr-TR\\\/mustafa-gocer\\\/#breadcrumb\",\"itemListElement\":[{\"@type\":\"ListItem\",\"position\":1,\"name\":\"Anasayfa\",\"item\":\"https:\\\/\\\/tdv.org\\\/tr-TR\\\/\"},{\"@type\":\"ListItem\",\"position\":2,\"name\":\"Mustafa G\u00d6\u00c7ER\"}]},{\"@type\":\"WebSite\",\"@id\":\"https:\\\/\\\/tdv.org\\\/tr-TR\\\/#website\",\"url\":\"https:\\\/\\\/tdv.org\\\/tr-TR\\\/\",\"name\":\"T\u00fcrkiye Diyanet Vakf\u0131 Resmi Web Sitesi\",\"description\":\"Yery\u00fcz\u00fcnde iyilik egemen oluncaya kadar\",\"publisher\":{\"@id\":\"https:\\\/\\\/tdv.org\\\/tr-TR\\\/#organization\"},\"alternateName\":\"T\u00fcrkiye Diyanet Vakf\u0131\",\"potentialAction\":[{\"@type\":\"SearchAction\",\"target\":{\"@type\":\"EntryPoint\",\"urlTemplate\":\"https:\\\/\\\/tdv.org\\\/tr-TR\\\/?s={search_term_string}\"},\"query-input\":{\"@type\":\"PropertyValueSpecification\",\"valueRequired\":true,\"valueName\":\"search_term_string\"}}],\"inLanguage\":\"tr\"},{\"@type\":\"Organization\",\"@id\":\"https:\\\/\\\/tdv.org\\\/tr-TR\\\/#organization\",\"name\":\"T\u00fcrkiye Diyanet Vakf\u0131\",\"alternateName\":\"T\u00fcrkiye Diyanet Vakf\u0131\",\"url\":\"https:\\\/\\\/tdv.org\\\/tr-TR\\\/\",\"logo\":{\"@type\":\"ImageObject\",\"inLanguage\":\"tr\",\"@id\":\"https:\\\/\\\/tdv.org\\\/tr-TR\\\/#\\\/schema\\\/logo\\\/image\\\/\",\"url\":\"https:\\\/\\\/tdv.org\\\/tr-TR\\\/wp-content\\\/uploads\\\/2018\\\/12\\\/TDV_Logo_1.png\",\"contentUrl\":\"https:\\\/\\\/tdv.org\\\/tr-TR\\\/wp-content\\\/uploads\\\/2018\\\/12\\\/TDV_Logo_1.png\",\"width\":207,\"height\":71,\"caption\":\"T\u00fcrkiye Diyanet Vakf\u0131\"},\"image\":{\"@id\":\"https:\\\/\\\/tdv.org\\\/tr-TR\\\/#\\\/schema\\\/logo\\\/image\\\/\"},\"sameAs\":[\"https:\\\/\\\/www.facebook.com\\\/Diyanetvakfi\\\/\",\"https:\\\/\\\/x.com\\\/DiyanetVakfi\",\"https:\\\/\\\/www.instagram.com\\\/turkiyediyanetvakfi\\\/\",\"https:\\\/\\\/www.youtube.com\\\/user\\\/TurkiyeDiyanetVakfi\"]},{\"@type\":\"Person\",\"@id\":\"https:\\\/\\\/tdv.org\\\/tr-TR\\\/#\\\/schema\\\/person\\\/752b55e264a99273d55636516d96d5eb\",\"name\":\"Selim\",\"image\":{\"@type\":\"ImageObject\",\"inLanguage\":\"tr\",\"@id\":\"https:\\\/\\\/tdv.org\\\/tr-TR\\\/wp-content\\\/litespeed\\\/avatar\\\/a1e47b25396e98e5b781e88a5396cd96.jpg?ver=1777287391\",\"url\":\"https:\\\/\\\/tdv.org\\\/tr-TR\\\/wp-content\\\/litespeed\\\/avatar\\\/a1e47b25396e98e5b781e88a5396cd96.jpg?ver=1777287391\",\"contentUrl\":\"https:\\\/\\\/tdv.org\\\/tr-TR\\\/wp-content\\\/litespeed\\\/avatar\\\/a1e47b25396e98e5b781e88a5396cd96.jpg?ver=1777287391\",\"caption\":\"Selim\"}}]}<\/script>\n<!-- \/ Yoast SEO plugin. -->","yoast_head_json":{"title":"Mustafa G\u00d6\u00c7ER","description":"\u201cBir milyonu ge\u00e7ti dikti\u011fim a\u011fa\u00e7 say\u0131s\u0131. Baz\u0131 a\u011fa\u00e7lar o kadar b\u00fcy\u00fcd\u00fcler ki dallar\u0131nda oturuyorum. \u00c7ok b\u00fcy\u00fck bir mutluluk veriyor. \u0130nan\u0131n bu mutlulu\u011fu herkesin ya\u015famas\u0131n\u0131 isterim. Herkes en az her sene bir fidan dikse, her taraf a\u011fa\u00e7lan\u0131r. Zaten ben tek ba\u015f\u0131ma yeti\u015femem ki, Kayseri\u2019ye de yeti\u015femem. Ben bu i\u015fe \u00f6mr\u00fcm\u00fc adad\u0131m. Bu heves, ben \u00f6lene kadar devam edecek.\u201d","robots":{"index":"index","follow":"follow","max-snippet":"max-snippet:-1","max-image-preview":"max-image-preview:large","max-video-preview":"max-video-preview:-1"},"canonical":"https:\/\/tdv.org\/tr-TR\/mustafa-gocer\/","og_locale":"tr_TR","og_type":"article","og_title":"Mustafa G\u00d6\u00c7ER","og_description":"\u201cBir milyonu ge\u00e7ti dikti\u011fim a\u011fa\u00e7 say\u0131s\u0131. Baz\u0131 a\u011fa\u00e7lar o kadar b\u00fcy\u00fcd\u00fcler ki dallar\u0131nda oturuyorum. \u00c7ok b\u00fcy\u00fck bir mutluluk veriyor. \u0130nan\u0131n bu mutlulu\u011fu herkesin ya\u015famas\u0131n\u0131 isterim. Herkes en az her sene bir fidan dikse, her taraf a\u011fa\u00e7lan\u0131r. Zaten ben tek ba\u015f\u0131ma yeti\u015femem ki, Kayseri\u2019ye de yeti\u015femem. Ben bu i\u015fe \u00f6mr\u00fcm\u00fc adad\u0131m. Bu heves, ben \u00f6lene kadar devam edecek.\u201d","og_url":"https:\/\/tdv.org\/tr-TR\/mustafa-gocer\/","og_site_name":"T\u00fcrkiye Diyanet Vakf\u0131 Resmi Web Sitesi","article_publisher":"https:\/\/www.facebook.com\/Diyanetvakfi\/","article_published_time":"2017-03-20T07:45:16+00:00","article_modified_time":"2025-01-02T13:11:16+00:00","og_image":[{"width":1000,"height":670,"url":"https:\/\/tdv.org\/tr-TR\/wp-content\/uploads\/2022\/02\/2017-03-Mustafa_Gocer.jpg","type":"image\/jpeg"}],"author":"Selim","twitter_card":"summary_large_image","twitter_creator":"@DiyanetVakfi","twitter_site":"@DiyanetVakfi","schema":{"@context":"https:\/\/schema.org","@graph":[{"@type":"Article","@id":"https:\/\/tdv.org\/tr-TR\/mustafa-gocer\/#article","isPartOf":{"@id":"https:\/\/tdv.org\/tr-TR\/mustafa-gocer\/"},"author":{"name":"Selim","@id":"https:\/\/tdv.org\/tr-TR\/#\/schema\/person\/752b55e264a99273d55636516d96d5eb"},"headline":"Mustafa G\u00d6\u00c7ER","datePublished":"2017-03-20T07:45:16+00:00","dateModified":"2025-01-02T13:11:16+00:00","mainEntityOfPage":{"@id":"https:\/\/tdv.org\/tr-TR\/mustafa-gocer\/"},"wordCount":1891,"commentCount":0,"publisher":{"@id":"https:\/\/tdv.org\/tr-TR\/#organization"},"image":{"@id":"https:\/\/tdv.org\/tr-TR\/mustafa-gocer\/#primaryimage"},"thumbnailUrl":"https:\/\/tdv.org\/tr-TR\/wp-content\/uploads\/2022\/02\/2017-03-Mustafa_Gocer.jpg","articleSection":["\u00dc\u00e7\u00fcnc\u00fc Uluslararas\u0131 \u0130yilik \u00d6d\u00fclleri"],"inLanguage":"tr","potentialAction":[{"@type":"CommentAction","name":"Comment","target":["https:\/\/tdv.org\/tr-TR\/mustafa-gocer\/#respond"]}]},{"@type":"WebPage","@id":"https:\/\/tdv.org\/tr-TR\/mustafa-gocer\/","url":"https:\/\/tdv.org\/tr-TR\/mustafa-gocer\/","name":"Mustafa G\u00d6\u00c7ER","isPartOf":{"@id":"https:\/\/tdv.org\/tr-TR\/#website"},"primaryImageOfPage":{"@id":"https:\/\/tdv.org\/tr-TR\/mustafa-gocer\/#primaryimage"},"image":{"@id":"https:\/\/tdv.org\/tr-TR\/mustafa-gocer\/#primaryimage"},"thumbnailUrl":"https:\/\/tdv.org\/tr-TR\/wp-content\/uploads\/2022\/02\/2017-03-Mustafa_Gocer.jpg","datePublished":"2017-03-20T07:45:16+00:00","dateModified":"2025-01-02T13:11:16+00:00","description":"\u201cBir milyonu ge\u00e7ti dikti\u011fim a\u011fa\u00e7 say\u0131s\u0131. Baz\u0131 a\u011fa\u00e7lar o kadar b\u00fcy\u00fcd\u00fcler ki dallar\u0131nda oturuyorum. \u00c7ok b\u00fcy\u00fck bir mutluluk veriyor. \u0130nan\u0131n bu mutlulu\u011fu herkesin ya\u015famas\u0131n\u0131 isterim. Herkes en az her sene bir fidan dikse, her taraf a\u011fa\u00e7lan\u0131r. Zaten ben tek ba\u015f\u0131ma yeti\u015femem ki, Kayseri\u2019ye de yeti\u015femem. Ben bu i\u015fe \u00f6mr\u00fcm\u00fc adad\u0131m. Bu heves, ben \u00f6lene kadar devam edecek.\u201d","breadcrumb":{"@id":"https:\/\/tdv.org\/tr-TR\/mustafa-gocer\/#breadcrumb"},"inLanguage":"tr","potentialAction":[{"@type":"ReadAction","target":["https:\/\/tdv.org\/tr-TR\/mustafa-gocer\/"]}]},{"@type":"ImageObject","inLanguage":"tr","@id":"https:\/\/tdv.org\/tr-TR\/mustafa-gocer\/#primaryimage","url":"https:\/\/tdv.org\/tr-TR\/wp-content\/uploads\/2022\/02\/2017-03-Mustafa_Gocer.jpg","contentUrl":"https:\/\/tdv.org\/tr-TR\/wp-content\/uploads\/2022\/02\/2017-03-Mustafa_Gocer.jpg","width":1000,"height":670},{"@type":"BreadcrumbList","@id":"https:\/\/tdv.org\/tr-TR\/mustafa-gocer\/#breadcrumb","itemListElement":[{"@type":"ListItem","position":1,"name":"Anasayfa","item":"https:\/\/tdv.org\/tr-TR\/"},{"@type":"ListItem","position":2,"name":"Mustafa G\u00d6\u00c7ER"}]},{"@type":"WebSite","@id":"https:\/\/tdv.org\/tr-TR\/#website","url":"https:\/\/tdv.org\/tr-TR\/","name":"T\u00fcrkiye Diyanet Vakf\u0131 Resmi Web Sitesi","description":"Yery\u00fcz\u00fcnde iyilik egemen oluncaya kadar","publisher":{"@id":"https:\/\/tdv.org\/tr-TR\/#organization"},"alternateName":"T\u00fcrkiye Diyanet Vakf\u0131","potentialAction":[{"@type":"SearchAction","target":{"@type":"EntryPoint","urlTemplate":"https:\/\/tdv.org\/tr-TR\/?s={search_term_string}"},"query-input":{"@type":"PropertyValueSpecification","valueRequired":true,"valueName":"search_term_string"}}],"inLanguage":"tr"},{"@type":"Organization","@id":"https:\/\/tdv.org\/tr-TR\/#organization","name":"T\u00fcrkiye Diyanet Vakf\u0131","alternateName":"T\u00fcrkiye Diyanet Vakf\u0131","url":"https:\/\/tdv.org\/tr-TR\/","logo":{"@type":"ImageObject","inLanguage":"tr","@id":"https:\/\/tdv.org\/tr-TR\/#\/schema\/logo\/image\/","url":"https:\/\/tdv.org\/tr-TR\/wp-content\/uploads\/2018\/12\/TDV_Logo_1.png","contentUrl":"https:\/\/tdv.org\/tr-TR\/wp-content\/uploads\/2018\/12\/TDV_Logo_1.png","width":207,"height":71,"caption":"T\u00fcrkiye Diyanet Vakf\u0131"},"image":{"@id":"https:\/\/tdv.org\/tr-TR\/#\/schema\/logo\/image\/"},"sameAs":["https:\/\/www.facebook.com\/Diyanetvakfi\/","https:\/\/x.com\/DiyanetVakfi","https:\/\/www.instagram.com\/turkiyediyanetvakfi\/","https:\/\/www.youtube.com\/user\/TurkiyeDiyanetVakfi"]},{"@type":"Person","@id":"https:\/\/tdv.org\/tr-TR\/#\/schema\/person\/752b55e264a99273d55636516d96d5eb","name":"Selim","image":{"@type":"ImageObject","inLanguage":"tr","@id":"https:\/\/tdv.org\/tr-TR\/wp-content\/litespeed\/avatar\/a1e47b25396e98e5b781e88a5396cd96.jpg?ver=1777287391","url":"https:\/\/tdv.org\/tr-TR\/wp-content\/litespeed\/avatar\/a1e47b25396e98e5b781e88a5396cd96.jpg?ver=1777287391","contentUrl":"https:\/\/tdv.org\/tr-TR\/wp-content\/litespeed\/avatar\/a1e47b25396e98e5b781e88a5396cd96.jpg?ver=1777287391","caption":"Selim"}}]}},"_links":{"self":[{"href":"https:\/\/tdv.org\/tr-TR\/wp-json\/wp\/v2\/posts\/17627","targetHints":{"allow":["GET"]}}],"collection":[{"href":"https:\/\/tdv.org\/tr-TR\/wp-json\/wp\/v2\/posts"}],"about":[{"href":"https:\/\/tdv.org\/tr-TR\/wp-json\/wp\/v2\/types\/post"}],"author":[{"embeddable":true,"href":"https:\/\/tdv.org\/tr-TR\/wp-json\/wp\/v2\/users\/8"}],"replies":[{"embeddable":true,"href":"https:\/\/tdv.org\/tr-TR\/wp-json\/wp\/v2\/comments?post=17627"}],"version-history":[{"count":3,"href":"https:\/\/tdv.org\/tr-TR\/wp-json\/wp\/v2\/posts\/17627\/revisions"}],"predecessor-version":[{"id":48112,"href":"https:\/\/tdv.org\/tr-TR\/wp-json\/wp\/v2\/posts\/17627\/revisions\/48112"}],"wp:featuredmedia":[{"embeddable":true,"href":"https:\/\/tdv.org\/tr-TR\/wp-json\/wp\/v2\/media\/17628"}],"wp:attachment":[{"href":"https:\/\/tdv.org\/tr-TR\/wp-json\/wp\/v2\/media?parent=17627"}],"wp:term":[{"taxonomy":"category","embeddable":true,"href":"https:\/\/tdv.org\/tr-TR\/wp-json\/wp\/v2\/categories?post=17627"},{"taxonomy":"post_tag","embeddable":true,"href":"https:\/\/tdv.org\/tr-TR\/wp-json\/wp\/v2\/tags?post=17627"}],"curies":[{"name":"wp","href":"https:\/\/api.w.org\/{rel}","templated":true}]}}