{"id":17630,"date":"2017-03-20T10:46:25","date_gmt":"2017-03-20T07:46:25","guid":{"rendered":"https:\/\/tdv.org\/tr-TR\/?p=17630"},"modified":"2025-01-02T16:13:09","modified_gmt":"2025-01-02T13:13:09","slug":"cavit-hafize-etlec","status":"publish","type":"post","link":"https:\/\/tdv.org\/tr-TR\/cavit-hafize-etlec\/","title":{"rendered":"Cavit &#038; Hafize ETLE\u00c7"},"content":{"rendered":"[vc_row type=&#8221;in_container&#8221; full_screen_row_position=&#8221;middle&#8221; scene_position=&#8221;center&#8221; text_color=&#8221;dark&#8221; text_align=&#8221;left&#8221; overlay_strength=&#8221;0.3&#8243; shape_divider_position=&#8221;bottom&#8221; bg_image_animation=&#8221;none&#8221;][vc_column column_padding=&#8221;no-extra-padding&#8221; column_padding_position=&#8221;all&#8221; background_color_opacity=&#8221;1&#8243; background_hover_color_opacity=&#8221;1&#8243; column_link_target=&#8221;_self&#8221; column_shadow=&#8221;none&#8221; column_border_radius=&#8221;none&#8221; width=&#8221;1\/1&#8243; tablet_width_inherit=&#8221;default&#8221; tablet_text_alignment=&#8221;default&#8221; phone_text_alignment=&#8221;default&#8221; column_border_width=&#8221;none&#8221; column_border_style=&#8221;solid&#8221; bg_image_animation=&#8221;none&#8221;][vc_column_text]<em><strong>\u201cK\u00fc\u00e7\u00fcc\u00fck \u00e7ocuklar be\u015f basamakl\u0131 merdivenden \u00fczerime atlay\u0131p boynuma sar\u0131l\u0131yorlar. Benim art\u0131k y\u00fczlerce \u00e7ocu\u011fum ve torunum var.\u201d<\/strong><\/em><\/p>\n<p><strong>M\u00fcltecilerin Anne ve Babas\u0131<\/strong><\/p>\n<p>Ankara Siteler Ulubey mahallesinde ya\u015fayan, 65 ya\u015f\u0131ndaki emekli marangoz Cavit Etle\u00e7 ve e\u015fi Hafize Etle\u00e7, 45 y\u0131ll\u0131k evli. Birlikte oldu\u011fu bu y\u0131llara \u015f\u00fckrediyorlar\u2026 3 o\u011flu ve 8 torunu olan \u00e7ift, mahallelilerindeki yard\u0131ma muhta\u00e7 2 bin 500 m\u00fclteci aileden binine yard\u0131m ediyor.<\/p>\n<p>Irk\u0131, dini, dili ne olursa olsun ihtiya\u00e7 sahibi herkese kap\u0131lar\u0131n\u0131 a\u00e7an \u00e7iftin yard\u0131mlar\u0131, bir\u00e7ok hanenin kap\u0131s\u0131na helal k\u0131l\u0131nm\u0131\u015f. Onlar bunun bir kulluk g\u00f6revi oldu\u011funu ve kendilerine Allah taraf\u0131ndan bah\u015fedildi\u011fini d\u00fc\u015f\u00fcn\u00fcyor, kalan \u00f6m\u00fcrlerini bu yolda harcamay\u0131 m\u00fcjdeliyorlar birbirlerini\u2026 Her bir m\u00fcltecinin kalbine dokunan \u00e7ift, biliyor ki kap\u0131lar\u0131n insanlara kapand\u0131\u011f\u0131 bir d\u00fcnyada g\u00f6n\u00fcl kap\u0131s\u0131n\u0131 a\u00e7mak iyili\u011fin ta kendisidir.<\/p>\n<p>\u201cSon 5 y\u0131ld\u0131r y\u00fczlerce evlad\u0131m, binlerce torunum oldu.\u201d diyor Cavit Amca. Kimsenin r\u0131zk\u0131n\u0131 kimseye kar\u0131\u015ft\u0131rmadan, mutlak ihtiya\u00e7 sahiplerini bularak gidiyor kap\u0131lar\u0131na. Ve evlerinden i\u00e7eri girmiyor bile, emin oldu\u011fu ailelerin kap\u0131s\u0131na b\u0131rak\u0131yor yard\u0131m paketlerini ve d\u00f6n\u00fcp gidiyor. Bazen kendi evinin mutfa\u011f\u0131nda bir \u015fey olmasa da da\u011f\u0131taca\u011f\u0131 yard\u0131mlar aksam\u0131yor. Ve kimin ne kadar ihtiyac\u0131 varsa, hakkaniyetle taksim ediyor.<\/p>\n<p>Ya\u015fl\u0131 \u00e7iftin evlerinin kap\u0131s\u0131 adeta 24 saat a\u00e7\u0131k\u2026<\/p>\n<p>Hi\u00e7bir kar\u015f\u0131l\u0131k beklemeden, gece g\u00fcnd\u00fcz demeden kendilerine ula\u015fan yard\u0131mlar\u0131 m\u00fcltecilere ula\u015ft\u0131ran bu hay\u0131rsever \u00e7ift, maddi deste\u011fin yan\u0131 s\u0131ra yurtlar\u0131ndan edilen bu insanlar\u0131n dertlerine de ortak oluyor.<\/p>\n<p><strong>\u00c7ocuklar \u00dc\u015f\u00fcyor\u2026 G\u00f6z\u00fcme Nas\u0131l Uyku Girsin?<\/strong><\/p>\n<p>Ensar olman\u0131n en g\u00fczel \u00f6rneklerinden birini sergileyen \u00e7iftin, bu insanlara yard\u0131m etmekle nas\u0131l nasiplendiklerini anlat\u0131yor Cavit Amca:<\/p>\n<p>\u201cBizim hatunun \u00f6n\u00fcne 10 ya\u015f\u0131nda bir \u00e7ocuk \u00e7\u0131km\u0131\u015f. E\u011filiyor, bir \u015feyler istiyormu\u015f. Ak\u015fam ben i\u015ften gelince soluk solu\u011fa anlatt\u0131. \u2018Kar\u015f\u0131da binadan bir \u00e7ocuk g\u00f6rd\u00fcm, git bir bak deyince hemen gittim bakt\u0131m. Evin salonunda 25 ki\u015fi vard\u0131. 6 tanesi \u00e7ocuk, camlar k\u0131r\u0131k. K\u0131\u015f\u0131n ortas\u0131ndayd\u0131k \u00fcstelik\u2026<\/p>\n<p>Bina da 80 ki\u015fi var. Eve geri d\u00f6nd\u00fcm. \u2018Hatun \u00e7ok \u00e7abuk yemek yap. En b\u00fcy\u00fck tencerenle yap hem de.\u2019 dedim. Bir bu\u00e7uk saat sonra yemek haz\u0131rd\u0131. Markete gidip son kalan 20 ekme\u011fi de al\u0131p o eve g\u00f6t\u00fcrd\u00fcm. G\u00f6rd\u00fc\u011f\u00fcm sefalet kar\u015f\u0131s\u0131nda hala tam olarak ne yapaca\u011f\u0131m\u0131 bilemeden ka\u015f\u0131k tabak almak i\u00e7in kendi evime d\u00f6nd\u00fcm.<\/p>\n<p>Dakikalar i\u00e7erinde ger d\u00f6nd\u00fc\u011f\u00fcmde yemeklerin hepsinin bitmi\u015f olmas\u0131 ci\u011ferimi da\u011flad\u0131\u2026 Benim getirece\u011fim taba\u011fa ve ka\u015f\u0131\u011fa zamanlar\u0131 yoktu.<\/p>\n<p>\u00c7ocuklar \u00fc\u015f\u00fcyor\u2026 G\u00f6z\u00fcme nas\u0131l uyku girsin? Eve d\u00f6nd\u00fcm. Hafize han\u0131m uyumu\u015ftu. Yatak odas\u0131na girip karyola, yatak, d\u00f6\u015fek ne varsa ald\u0131m g\u00f6t\u00fcrd\u00fcm. Birbirlerine kenetlenerek \u0131s\u0131nmaya \u00e7al\u0131\u015fan yavrular\u0131 yat\u0131rd\u0131m. Mu\u015famba bulup buz gibi havan\u0131n h\u00fccum etti\u011fi evin camlar\u0131n\u0131 kapatt\u0131m. Onlara biraz sabretmeleri gerekti\u011fini s\u00f6yledim.<\/p>\n<p>Han\u0131m sabah kalkt\u0131\u011f\u0131nda eve h\u0131rs\u0131z girdi sand\u0131 ve ona olan\u0131 biteni basit\u00e7e anlatt\u0131\u011f\u0131mda: \u2018\u0130nsan yata\u011f\u0131n\u0131 da m\u0131 verir\u2019 diye k\u0131zd\u0131 bana\u2026 Belki ba\u015ftaki tepkisi anla\u015f\u0131labilirdi ama benden duyduklar\u0131n\u0131 i\u015fitince o da gitmi\u015f g\u00fcn i\u00e7erisinde. Depoda ne kadar yatak varsa vermi\u015f\u2026<\/p>\n<p>\u0130\u015fte biz 5 y\u0131ld\u0131r b\u00f6yle beraberiz bu i\u015fte.\u201d<\/p>\n<p>\u0130lk olarak gen\u00e7lerin yard\u0131m yapmak i\u00e7in kendilerine ba\u015fvurdu\u011funu, daha sonralar\u0131 ise ailelerin geldi\u011fini s\u00f6yl\u00fcyor Cavit Amca. Ba\u015flarda bu yard\u0131m a\u011f\u0131n\u0131 \u00e7evrelerine duyuramad\u0131klar\u0131 i\u00e7in, bir y\u0131l boyunca her g\u00fcn kendileri yemek yap\u0131p 80 ki\u015fiye da\u011f\u0131tm\u0131\u015flar. Emekli maa\u015f\u0131 ile ge\u00e7indiklerinden olduk\u00e7a zorland\u0131klar\u0131n\u0131 da ifade ediyor. Ama bir g\u00fcn bile usand\u0131\u011f\u0131n\u0131, geri ad\u0131m at\u0131p \u2018bu kadar yeter\u2019 dedi\u011fini hat\u0131rlam\u0131yor.<\/p>\n<p><strong>\u00c7ok Onurlular,\u00a0 Yard\u0131mlar\u0131 Zor Veriyoruz\u2026<\/strong><\/p>\n<p>Tek endi\u015fesinin bundan sonra onlara bir tas yemek verip veremeyecekleri oldu\u011funu s\u00f6yl\u00fcyor. Bu endi\u015fe ile uyuyamayan \u00e7iftin imdad\u0131na \u00c2dem G\u00fcnayd\u0131n yeti\u015fmi\u015f ve bir ayl\u0131k t\u00fcm yemek masraflar\u0131n\u0131 kar\u015f\u0131lam\u0131\u015f. Zamanla Ankara\u2019n\u0131n bir\u00e7ok b\u00f6lgesinde duyulmu\u015f bu yard\u0131mlar\u0131.<\/p>\n<p>\u201cEczaneden, t\u00fcp\u00e7\u00fcden, marketten al\u0131\u015fveri\u015f yap\u0131yoruz, yazd\u0131r\u0131yoruz. Sonra yard\u0131mseverler \u00f6d\u00fcyor.\u201d diyor Cavit Amca. Ve kimseden yard\u0131m talep etmedi\u011fini, kendisi gibi di\u011fer hay\u0131rseverlerin bir \u015fekilde onu bulup, teyit etmeksizin g\u00f6n\u00fcl rahatl\u0131\u011f\u0131 ve r\u0131zas\u0131yla yard\u0131mlar\u0131n\u0131 ula\u015ft\u0131rd\u0131klar\u0131n\u0131 anlat\u0131yor.<\/p>\n<p>Ulubey, \u00d6nder, Ali Ersoy, Site, Y\u0131ld\u0131z, Hask\u00f6y semtlerindeki m\u00fcltecilere ancak yeti\u015febildiklerini s\u00f6yl\u00fcyor Cavit Amca. Duyup gelenin kendilerine ba\u015fvurup, yol g\u00f6sterecek \u00f6nder arad\u0131klar\u0131n\u0131, daha sonra da ne i\u015f olursa olsun \u00e7al\u0131\u015fmak istediklerini de anlat\u0131rken:<\/p>\n<p>\u201c\u00c7ok onurlular, yard\u0131mlar\u0131 zor veriyoruz. Durup dururken kar\u015f\u0131l\u0131ks\u0131z ula\u015fan yard\u0131mlar kar\u015f\u0131s\u0131nda utan\u0131p, s\u0131k\u0131l\u0131yorlar. Kendi \u00e7ocuklar\u0131n\u0131n r\u0131zk\u0131n\u0131 ba\u015fkas\u0131n\u0131n getirdi\u011fini g\u00f6r\u00fcnce a\u011fl\u0131yorlar bile. Ben de kendimi g\u00f6stermeden kap\u0131lar\u0131na b\u0131rakmaya \u00e7al\u0131\u015f\u0131yor, verebildi\u011fimizin g\u00f6r\u00fcnmemesinden imtina ederek ayr\u0131l\u0131yorum oralardan.\u201d diyor.<\/p>\n<p>Bal\u0131k yemeyi de\u011fil bal\u0131k tutmay\u0131 da \u00f6\u011fretmek gerekti\u011fine inanarak 500 aileye i\u015f bulmu\u015f Cavit Amca. Fakat \u00f6yleleri var ki aralar\u0131nda; \u00e7al\u0131\u015fma \u015fans\u0131 yok, \u00e7ocuklar\u0131 k\u00fc\u00e7\u00fck, dul ya da \u00e7ok ya\u015fl\u0131\u2026 Bu \u015fekilde olan 300 ailenin her ay her \u015feyini kar\u015f\u0131lamak zorunda olduklar\u0131n\u0131 ve bu sorumlulu\u011fu asla ba\u015fkalar\u0131na devretmediklerinin alt\u0131n\u0131 \u00e7iziyor.<\/p>\n<p>Bir\u00e7ok ki\u015fiye d\u00fc\u015f\u00fck kira \u00fccretli evler bularak yerle\u015ftiren Cavit Amca bir dul kad\u0131n \u00e7ocuklar\u0131yla beraber ortada kald\u0131\u011f\u0131 i\u00e7in onlar\u0131 da kendi evlerine almak zorunda kald\u0131klar\u0131n\u0131 anlat\u0131yor. \u201cHafize anne, Cavit baba\u201d diye seslenen bu insanlar\u0131n da zamanla ba\u015f\u0131n\u0131 sokacak bir evleri olunca buna bir yandan sevinmi\u015f, bir yandan da evden eksilen seslerin yerini dolduramad\u0131klar\u0131n\u0131 d\u00fc\u015f\u00fcnm\u00fc\u015fler.<\/p>\n<p>Hi\u00e7bir zaman umudunu yitirmeyen Cavit Amca, yard\u0131mlar\u0131n zamanla \u00e7o\u011fald\u0131\u011f\u0131n\u0131, vatanda\u015f\u0131m\u0131z\u0131n \u00e7ok duyarl\u0131 davranarak d\u00fczenli yard\u0131m yapt\u0131\u011f\u0131n\u0131 s\u00f6ylerken en i\u00e7ten yard\u0131m\u0131n \u00fcniversite \u00f6\u011frencilerinin biriken har\u00e7l\u0131klar\u0131ndan geldi\u011fini s\u00f6yl\u00fcyor.<\/p>\n<p>Hi\u00e7 unutamad\u0131\u011f\u0131 bir ba\u011f\u0131\u015f\u0131 var Cavit Amcan\u0131n\u2026 \u201cAnkara\u2019da okuyan bir k\u0131z\u0131m\u0131z bayramda ailesinin yan\u0131na gidememi\u015f. Babas\u0131 da bir ti\u015f\u00f6rt ile kom\u015funun verdi\u011fi bir par\u00e7a etti kavurma yap\u0131p k\u0131z\u0131na yollam\u0131\u015f. K\u0131zca\u011f\u0131z bunu emanet edilen otob\u00fcsten ald\u0131\u011f\u0131 gibi bize getirdi. Suriyeli ailelere kendi eliyle verdi. O y\u00fczden bu \u00fclkeyi kimse y\u0131kamaz!\u201d<\/p>\n<p><strong>Bizim Sofram\u0131z Bol Ve Bereketlidir<\/strong><\/p>\n<p>Kurban Bayram\u0131\u2019nda 4 ton et ba\u011f\u0131\u015f\u0131 alarak \u00e7evredeki evlere da\u011f\u0131tan fedak\u00e2r \u00e7ift bu d\u00fcnyadaki \u00e7al\u0131\u015fmalar\u0131n\u0131 ihsan ile yapt\u0131klar\u0131n\u0131 s\u00f6yl\u00fcyor. Hi\u00e7bir yard\u0131m\u0131n\u0131n ya\u011fmalanmad\u0131\u011f\u0131n\u0131 s\u00f6yleyen Cavit Amca, ayn\u0131 zamanda kendilerini \u00e7ok\u00e7a ele\u015ftirenleri de oldu\u011funu, evlerinin camlar\u0131n\u0131n k\u0131r\u0131ld\u0131\u011f\u0131 i\u00e7in o\u011fullar\u0131na s\u0131\u011f\u0131nd\u0131\u011f\u0131n\u0131 g\u00f6zleri dolu dolu anlat\u0131yor.<\/p>\n<p>\u00c7evredeki esnaftan \u00e7\u0131rakl\u0131k ya da temizlik yapmak \u00fczere i\u015f istediklerinde, kimliksiz bu insanlar\u0131n durumlar\u0131ndan faydalananlar\u0131n oldu\u011funu\u2026 \u00c7ok c\u00fczi miktarlarda \u00e7al\u0131\u015ft\u0131rarak, i\u00e7inde bulunduklar\u0131 acziyetin ekme\u011fini yemeye \u00e7al\u0131\u015fanlar\u0131n da oldu\u011funu\u2026 Fakat d\u00fcnyan\u0131n hi\u00e7bir yerinde bu insanlar\u0131n T\u00fcrkiye\u2019deki gibi rahat etmedi\u011fini s\u00f6yl\u00fcyor. \u201c\u0130yi ve k\u00f6t\u00fc her yerde var, iyiler yap\u0131lan yanl\u0131\u015flar\u0131n fark\u0131nda olarak o yanl\u0131\u015flar\u0131n da bertaraf edilmesini sa\u011flayan ki\u015fidir.\u201d diyor.<\/p>\n<p>\u201cSuriyelilerin anal\u0131\u011f\u0131 babal\u0131\u011f\u0131 size mi kald\u0131?\u201d haseti onlar\u0131 y\u0131ld\u0131rmad\u0131\u011f\u0131 gibi, her \u015feye ra\u011fmen iyi bir \u00fcslup kullanarak yapt\u0131klar\u0131 iyili\u011fin ne anlama geldi\u011fini anlatm\u0131\u015f bu koca y\u00fcrekli insanlar. \u0130kna etmeleri de uzun s\u00fcrmemi\u015f, bir zaman sonra \u00e7ok k\u00f6t\u00fc tepkiler ile kar\u015f\u0131la\u015fmam\u0131\u015flar. Hay\u0131rseverlerin daha \u00e7ok oldu\u011funa de\u011finiyor, olumsuz vak\u0131alar\u0131 ise \u00e7ok b\u00fcy\u00fctmeden anlat\u0131yor.<\/p>\n<p>Bayramlarda da herkes tatil yap\u0131yorken onlar, sabahlara kadar ellerindeki yard\u0131mlar\u0131n kimlere nas\u0131l pay edilece\u011fini hesap ediyor. \u0130ki cihan i\u00e7in yapt\u0131klar\u0131 bu ince hesap tutsun diye her gecenin uykusu daha zor ge\u00e7iyor onlar i\u00e7in\u2026<\/p>\n<p>\u201cBizim sofram\u0131z bol ve bereketlidir. Daha doymadan kalkan\u0131 i\u015fitmedim. Yesinler i\u00e7sinler diye g\u00f6zlerinin i\u00e7ine bak\u0131yoruz. G\u00f6zleri yerde bu insanlar\u0131n hepsi akrabam\u0131z, evlatlar\u0131m\u0131z\u2026 Bir g\u00fcn her \u015fey d\u00fczelir de \u00e7ekip giderlerse buralardan biz ne yapar\u0131z?\u201d diyor Hafize Teyze.<\/p>\n<p>Bir kahvalt\u0131 sofras\u0131na bile en az 10 ki\u015fi oturuyorlar. Kimisi faturas\u0131n\u0131 getiriyor, kimisi e\u015fya istiyor. Buzdolab\u0131, \u00e7ama\u015f\u0131r makinesi, mutfak e\u015fyas\u0131\u2026 Hayatlar\u0131n\u0131 idame ettirebilmek i\u00e7in en elzem gere\u00e7leri isterken bile ezilip b\u00fcz\u00fcl\u00fcyor, yine de en b\u00fcy\u00fck \u00e7arenin bu merhametli hay\u0131rsever \u00e7iftten geldi\u011fine inanarak kap\u0131lar\u0131n\u0131 a\u015f\u0131nd\u0131r\u0131yorlar.<\/p>\n<p>Hay\u0131rsever insanlar\u0131n \u00e7ok b\u00fcy\u00fck hikmeti ve duas\u0131 oldu\u011funu ve 15 Temmuz\u2019da ya\u015fanan cehennemin onlar\u0131n y\u00fcz\u00fc suyu h\u00fcrmetine atlat\u0131ld\u0131\u011f\u0131na inan\u0131yor Cavit Amca ve Hatice Teyze\u2026<\/p>\n<p><strong>Yard\u0131m Ula\u015ft\u0131\u011f\u0131nda \u00c7ocuklar\u0131n Sevinci\u2026 Beni En \u00e7ok Onlar A\u011flat\u0131yor<\/strong><\/p>\n<p>Ge\u00e7ti\u011fimiz son y\u0131lda 60 ton k\u00f6m\u00fcr da\u011f\u0131tm\u0131\u015flar ya\u015fl\u0131 halleriyle\u2026 Ana Hafize, Baba Cavit diye pervane olan Suriyeliler, onlar\u0131n hangi evde misafirlik yapt\u0131\u011f\u0131n\u0131 duysa hepsi oraya toplan\u0131rm\u0131\u015f. \u201c\u0130\u015fte b\u00fct\u00fcn mesele bizi bir arada tutan bu \u00fcmmet bilincidir.\u201d diyor Cavit Amca.<\/p>\n<p>Allah\u2019\u0131n her ayetinin yery\u00fcz\u00fcnde bir kar\u015f\u0131l\u0131\u011f\u0131n\u0131n oldu\u011funa inanarak, yapt\u0131klar\u0131 bu aral\u0131ks\u0131z yard\u0131mlar\u0131n mutlak bir vazife oldu\u011funa kani olmu\u015f durumdalar.<\/p>\n<p>M\u00fcstakil, derme \u00e7atma bir evde ba\u015flayan bu iyilikleri bir harekete d\u00f6n\u00fc\u015fm\u00fc\u015f. Cavit ve Hafize Etle\u00e7 \u00e7iftinin davas\u0131n\u0131 i\u015fitip ziyaret edenler aras\u0131nda; sivil toplum kurulu\u015flar\u0131, hay\u0131rsever i\u015fadamlar\u0131 ve b\u00fcrokrasinin \u00fcst d\u00fczey yetkilileri de bulunuyor.<\/p>\n<p>\u201cTayvan B\u00fcy\u00fckel\u00e7isi geldi e\u015fi ve \u00e7ocu\u011fuyla. K\u00fc\u00e7\u00fck bir valizde yard\u0131m getirdiklerinde o anda bah\u00e7emizde 10-15 Suriyeli vard\u0131 ve saniyesinde t\u00fckendi. Durum kar\u015f\u0131s\u0131nda hayrete d\u00fc\u015ft\u00fcler. Birka\u00e7 saat oturduk sohbet ettik.\u00a0 Gidip bir hafta sonra 100 kilo elma getirip da\u011f\u0131tt\u0131lar. \u00c7ocuklar\u0131n sevincini g\u00f6rmelisiniz. Beni en \u00e7ok onlar a\u011flat\u0131yor.\u201d<\/p>\n<p>\u00c7etin \u015fartlar alt\u0131nda \u00fclkemize s\u0131\u011f\u0131nan Suriyeli ailelerin ak\u0131betinin nereye varaca\u011f\u0131n\u0131 bilememek de, elimizden gelenin fazlas\u0131n\u0131n bile onlar i\u00e7in \u00e7ok yetersiz oldu\u011funu bilmek de zor\u2026 Yine de Allah f\u0131rsat verdik\u00e7e yap\u0131lan bu yard\u0131mlar\u0131n bir\u00e7ok haneye umut oldu\u011funu hissetmek ve ba\u015fka bir milletten olman\u0131n ortadan kalkt\u0131\u011f\u0131 karde\u015flik hissi her endi\u015fenin \u00f6n\u00fcne ge\u00e7iyordu.<\/p>\n<p>M\u00fctevaz\u0131 hayatlar\u0131n\u0131 Suriyeli m\u00fcltecilere adayan Cavit Amca ve Hafize Teyze\u2019nin iyilik hik\u00e2yesi, cennetlerine biriken yetimlerin sesleriyle, dul kad\u0131nlar\u0131n mahcup umutlar\u0131yla dolu\u2026<\/p>\n<p><em><strong>\u201cSuriyeliler sava\u015f bitince \u00fclkelerimize gidece\u011fimiz zaman sizi de g\u00f6t\u00fcrece\u011fiz diyorlar. Size orada ev yapaca\u011f\u0131z, bizimle olun, siz de bizim sofram\u0131zda oturun y\u0131llarca diyorlar.<\/strong><\/em><\/p>\n<p><em><strong>K\u0131z istemeye giderken de bizi g\u00f6t\u00fcr\u00fcyorlar yanlar\u0131nda. \u2018Siz kefilseniz k\u0131z\u0131 veririz\u2019 diyor kar\u015f\u0131daki bir di\u011fer m\u00fclteci aile\u2026<\/strong><\/em><\/p>\n<p><em><strong>Yetimlerin d\u00fc\u011f\u00fcnleri bizlere dert oluyor bir \u00f6z evlad\u0131nki gibi\u2026<\/strong><\/em><\/p>\n<p><em><strong>Biz art\u0131k onlardan, onlar bizden kopamaz.<\/strong><\/em><\/p>\n<p><em><strong>Bir tas yemek hepimize yeter\u2026\u201d<\/strong><\/em>[\/vc_column_text][divider line_type=&#8221;No Line&#8221; custom_height=&#8221;30&#8243;][vc_video link=&#8221;https:\/\/youtu.be\/kcdrrWmDejA&#8221; align=&#8221;center&#8221;][\/vc_column][\/vc_row]\n","protected":false},"excerpt":{"rendered":"<p>[vc_row type=&#8221;in_container&#8221; full_screen_row_position=&#8221;middle&#8221; scene_position=&#8221;center&#8221; text_color=&#8221;dark&#8221; text_align=&#8221;left&#8221; overlay_strength=&#8221;0.3&#8243; shape_divider_position=&#8221;bottom&#8221; bg_image_animation=&#8221;none&#8221;][vc_column column_padding=&#8221;no-extra-padding&#8221; column_padding_position=&#8221;all&#8221; background_color_opacity=&#8221;1&#8243; background_hover_color_opacity=&#8221;1&#8243; column_link_target=&#8221;_self&#8221; column_shadow=&#8221;none&#8221; column_border_radius=&#8221;none&#8221; width=&#8221;1\/1&#8243; tablet_width_inherit=&#8221;default&#8221; tablet_text_alignment=&#8221;default&#8221; phone_text_alignment=&#8221;default&#8221; column_border_width=&#8221;none&#8221; column_border_style=&#8221;solid&#8221; bg_image_animation=&#8221;none&#8221;][vc_column_text]\u201cK\u00fc\u00e7\u00fcc\u00fck \u00e7ocuklar be\u015f basamakl\u0131 merdivenden \u00fczerime atlay\u0131p boynuma&#8230;<\/p>\n","protected":false},"author":8,"featured_media":17631,"comment_status":"open","ping_status":"closed","sticky":false,"template":"","format":"standard","meta":{"footnotes":""},"categories":[1625],"tags":[],"class_list":{"0":"post-17630","1":"post","2":"type-post","3":"status-publish","4":"format-standard","5":"has-post-thumbnail","7":"category-ucuncu-uluslararasi-iyilik-odulleri"},"yoast_head":"<!-- This site is optimized with the Yoast SEO plugin v27.4 - https:\/\/yoast.com\/product\/yoast-seo-wordpress\/ -->\n<title>Cavit &amp; Hafize ETLE\u00c7<\/title>\n<meta name=\"description\" content=\"Ankara Siteler Ulubey mahallesinde ya\u015fayan, 65 ya\u015f\u0131ndaki emekli marangoz Cavit Etle\u00e7 ve e\u015fi Hafize Etle\u00e7, 45 y\u0131ll\u0131k evli. Birlikte oldu\u011fu bu y\u0131llara \u015f\u00fckrediyorlar\u2026 3 o\u011flu ve 8 torunu olan \u00e7ift, mahallelilerindeki yard\u0131ma muhta\u00e7 2 bin 500 m\u00fclteci aileden binine yard\u0131m ediyor.\" \/>\n<meta name=\"robots\" content=\"index, follow, max-snippet:-1, max-image-preview:large, max-video-preview:-1\" \/>\n<link rel=\"canonical\" href=\"https:\/\/tdv.org\/tr-TR\/cavit-hafize-etlec\/\" \/>\n<meta property=\"og:locale\" content=\"tr_TR\" \/>\n<meta property=\"og:type\" content=\"article\" \/>\n<meta property=\"og:title\" content=\"Cavit &amp; Hafize ETLE\u00c7\" \/>\n<meta property=\"og:description\" content=\"Ankara Siteler Ulubey mahallesinde ya\u015fayan, 65 ya\u015f\u0131ndaki emekli marangoz Cavit Etle\u00e7 ve e\u015fi Hafize Etle\u00e7, 45 y\u0131ll\u0131k evli. Birlikte oldu\u011fu bu y\u0131llara \u015f\u00fckrediyorlar\u2026 3 o\u011flu ve 8 torunu olan \u00e7ift, mahallelilerindeki yard\u0131ma muhta\u00e7 2 bin 500 m\u00fclteci aileden binine yard\u0131m ediyor.\" \/>\n<meta property=\"og:url\" content=\"https:\/\/tdv.org\/tr-TR\/cavit-hafize-etlec\/\" \/>\n<meta property=\"og:site_name\" content=\"T\u00fcrkiye Diyanet Vakf\u0131 Resmi Web Sitesi\" \/>\n<meta property=\"article:publisher\" content=\"https:\/\/www.facebook.com\/Diyanetvakfi\/\" \/>\n<meta property=\"article:published_time\" content=\"2017-03-20T07:46:25+00:00\" \/>\n<meta property=\"article:modified_time\" content=\"2025-01-02T13:13:09+00:00\" \/>\n<meta property=\"og:image\" content=\"https:\/\/tdv.org\/tr-TR\/wp-content\/uploads\/2022\/02\/2017-01-Cavit_Hafize-Etlec.jpg\" \/>\n\t<meta property=\"og:image:width\" content=\"1000\" \/>\n\t<meta property=\"og:image:height\" content=\"667\" \/>\n\t<meta property=\"og:image:type\" content=\"image\/jpeg\" \/>\n<meta name=\"author\" content=\"Selim\" \/>\n<meta name=\"twitter:card\" content=\"summary_large_image\" \/>\n<meta name=\"twitter:creator\" content=\"@DiyanetVakfi\" \/>\n<meta name=\"twitter:site\" content=\"@DiyanetVakfi\" \/>\n<script type=\"application\/ld+json\" class=\"yoast-schema-graph\">{\"@context\":\"https:\\\/\\\/schema.org\",\"@graph\":[{\"@type\":\"Article\",\"@id\":\"https:\\\/\\\/tdv.org\\\/tr-TR\\\/cavit-hafize-etlec\\\/#article\",\"isPartOf\":{\"@id\":\"https:\\\/\\\/tdv.org\\\/tr-TR\\\/cavit-hafize-etlec\\\/\"},\"author\":{\"name\":\"Selim\",\"@id\":\"https:\\\/\\\/tdv.org\\\/tr-TR\\\/#\\\/schema\\\/person\\\/752b55e264a99273d55636516d96d5eb\"},\"headline\":\"Cavit &#038; Hafize ETLE\u00c7\",\"datePublished\":\"2017-03-20T07:46:25+00:00\",\"dateModified\":\"2025-01-02T13:13:09+00:00\",\"mainEntityOfPage\":{\"@id\":\"https:\\\/\\\/tdv.org\\\/tr-TR\\\/cavit-hafize-etlec\\\/\"},\"wordCount\":2093,\"commentCount\":0,\"publisher\":{\"@id\":\"https:\\\/\\\/tdv.org\\\/tr-TR\\\/#organization\"},\"image\":{\"@id\":\"https:\\\/\\\/tdv.org\\\/tr-TR\\\/cavit-hafize-etlec\\\/#primaryimage\"},\"thumbnailUrl\":\"https:\\\/\\\/tdv.org\\\/tr-TR\\\/wp-content\\\/uploads\\\/2022\\\/02\\\/2017-01-Cavit_Hafize-Etlec.jpg\",\"articleSection\":[\"\u00dc\u00e7\u00fcnc\u00fc Uluslararas\u0131 \u0130yilik \u00d6d\u00fclleri\"],\"inLanguage\":\"tr\",\"potentialAction\":[{\"@type\":\"CommentAction\",\"name\":\"Comment\",\"target\":[\"https:\\\/\\\/tdv.org\\\/tr-TR\\\/cavit-hafize-etlec\\\/#respond\"]}]},{\"@type\":\"WebPage\",\"@id\":\"https:\\\/\\\/tdv.org\\\/tr-TR\\\/cavit-hafize-etlec\\\/\",\"url\":\"https:\\\/\\\/tdv.org\\\/tr-TR\\\/cavit-hafize-etlec\\\/\",\"name\":\"Cavit & Hafize ETLE\u00c7\",\"isPartOf\":{\"@id\":\"https:\\\/\\\/tdv.org\\\/tr-TR\\\/#website\"},\"primaryImageOfPage\":{\"@id\":\"https:\\\/\\\/tdv.org\\\/tr-TR\\\/cavit-hafize-etlec\\\/#primaryimage\"},\"image\":{\"@id\":\"https:\\\/\\\/tdv.org\\\/tr-TR\\\/cavit-hafize-etlec\\\/#primaryimage\"},\"thumbnailUrl\":\"https:\\\/\\\/tdv.org\\\/tr-TR\\\/wp-content\\\/uploads\\\/2022\\\/02\\\/2017-01-Cavit_Hafize-Etlec.jpg\",\"datePublished\":\"2017-03-20T07:46:25+00:00\",\"dateModified\":\"2025-01-02T13:13:09+00:00\",\"description\":\"Ankara Siteler Ulubey mahallesinde ya\u015fayan, 65 ya\u015f\u0131ndaki emekli marangoz Cavit Etle\u00e7 ve e\u015fi Hafize Etle\u00e7, 45 y\u0131ll\u0131k evli. Birlikte oldu\u011fu bu y\u0131llara \u015f\u00fckrediyorlar\u2026 3 o\u011flu ve 8 torunu olan \u00e7ift, mahallelilerindeki yard\u0131ma muhta\u00e7 2 bin 500 m\u00fclteci aileden binine yard\u0131m ediyor.\",\"breadcrumb\":{\"@id\":\"https:\\\/\\\/tdv.org\\\/tr-TR\\\/cavit-hafize-etlec\\\/#breadcrumb\"},\"inLanguage\":\"tr\",\"potentialAction\":[{\"@type\":\"ReadAction\",\"target\":[\"https:\\\/\\\/tdv.org\\\/tr-TR\\\/cavit-hafize-etlec\\\/\"]}]},{\"@type\":\"ImageObject\",\"inLanguage\":\"tr\",\"@id\":\"https:\\\/\\\/tdv.org\\\/tr-TR\\\/cavit-hafize-etlec\\\/#primaryimage\",\"url\":\"https:\\\/\\\/tdv.org\\\/tr-TR\\\/wp-content\\\/uploads\\\/2022\\\/02\\\/2017-01-Cavit_Hafize-Etlec.jpg\",\"contentUrl\":\"https:\\\/\\\/tdv.org\\\/tr-TR\\\/wp-content\\\/uploads\\\/2022\\\/02\\\/2017-01-Cavit_Hafize-Etlec.jpg\",\"width\":1000,\"height\":667},{\"@type\":\"BreadcrumbList\",\"@id\":\"https:\\\/\\\/tdv.org\\\/tr-TR\\\/cavit-hafize-etlec\\\/#breadcrumb\",\"itemListElement\":[{\"@type\":\"ListItem\",\"position\":1,\"name\":\"Anasayfa\",\"item\":\"https:\\\/\\\/tdv.org\\\/tr-TR\\\/\"},{\"@type\":\"ListItem\",\"position\":2,\"name\":\"Cavit &#038; Hafize ETLE\u00c7\"}]},{\"@type\":\"WebSite\",\"@id\":\"https:\\\/\\\/tdv.org\\\/tr-TR\\\/#website\",\"url\":\"https:\\\/\\\/tdv.org\\\/tr-TR\\\/\",\"name\":\"T\u00fcrkiye Diyanet Vakf\u0131 Resmi Web Sitesi\",\"description\":\"Yery\u00fcz\u00fcnde iyilik egemen oluncaya kadar\",\"publisher\":{\"@id\":\"https:\\\/\\\/tdv.org\\\/tr-TR\\\/#organization\"},\"alternateName\":\"T\u00fcrkiye Diyanet Vakf\u0131\",\"potentialAction\":[{\"@type\":\"SearchAction\",\"target\":{\"@type\":\"EntryPoint\",\"urlTemplate\":\"https:\\\/\\\/tdv.org\\\/tr-TR\\\/?s={search_term_string}\"},\"query-input\":{\"@type\":\"PropertyValueSpecification\",\"valueRequired\":true,\"valueName\":\"search_term_string\"}}],\"inLanguage\":\"tr\"},{\"@type\":\"Organization\",\"@id\":\"https:\\\/\\\/tdv.org\\\/tr-TR\\\/#organization\",\"name\":\"T\u00fcrkiye Diyanet Vakf\u0131\",\"alternateName\":\"T\u00fcrkiye Diyanet Vakf\u0131\",\"url\":\"https:\\\/\\\/tdv.org\\\/tr-TR\\\/\",\"logo\":{\"@type\":\"ImageObject\",\"inLanguage\":\"tr\",\"@id\":\"https:\\\/\\\/tdv.org\\\/tr-TR\\\/#\\\/schema\\\/logo\\\/image\\\/\",\"url\":\"https:\\\/\\\/tdv.org\\\/tr-TR\\\/wp-content\\\/uploads\\\/2018\\\/12\\\/TDV_Logo_1.png\",\"contentUrl\":\"https:\\\/\\\/tdv.org\\\/tr-TR\\\/wp-content\\\/uploads\\\/2018\\\/12\\\/TDV_Logo_1.png\",\"width\":207,\"height\":71,\"caption\":\"T\u00fcrkiye Diyanet Vakf\u0131\"},\"image\":{\"@id\":\"https:\\\/\\\/tdv.org\\\/tr-TR\\\/#\\\/schema\\\/logo\\\/image\\\/\"},\"sameAs\":[\"https:\\\/\\\/www.facebook.com\\\/Diyanetvakfi\\\/\",\"https:\\\/\\\/x.com\\\/DiyanetVakfi\",\"https:\\\/\\\/www.instagram.com\\\/turkiyediyanetvakfi\\\/\",\"https:\\\/\\\/www.youtube.com\\\/user\\\/TurkiyeDiyanetVakfi\"]},{\"@type\":\"Person\",\"@id\":\"https:\\\/\\\/tdv.org\\\/tr-TR\\\/#\\\/schema\\\/person\\\/752b55e264a99273d55636516d96d5eb\",\"name\":\"Selim\",\"image\":{\"@type\":\"ImageObject\",\"inLanguage\":\"tr\",\"@id\":\"https:\\\/\\\/tdv.org\\\/tr-TR\\\/wp-content\\\/litespeed\\\/avatar\\\/a1e47b25396e98e5b781e88a5396cd96.jpg?ver=1777287391\",\"url\":\"https:\\\/\\\/tdv.org\\\/tr-TR\\\/wp-content\\\/litespeed\\\/avatar\\\/a1e47b25396e98e5b781e88a5396cd96.jpg?ver=1777287391\",\"contentUrl\":\"https:\\\/\\\/tdv.org\\\/tr-TR\\\/wp-content\\\/litespeed\\\/avatar\\\/a1e47b25396e98e5b781e88a5396cd96.jpg?ver=1777287391\",\"caption\":\"Selim\"}}]}<\/script>\n<!-- \/ Yoast SEO plugin. -->","yoast_head_json":{"title":"Cavit & Hafize ETLE\u00c7","description":"Ankara Siteler Ulubey mahallesinde ya\u015fayan, 65 ya\u015f\u0131ndaki emekli marangoz Cavit Etle\u00e7 ve e\u015fi Hafize Etle\u00e7, 45 y\u0131ll\u0131k evli. Birlikte oldu\u011fu bu y\u0131llara \u015f\u00fckrediyorlar\u2026 3 o\u011flu ve 8 torunu olan \u00e7ift, mahallelilerindeki yard\u0131ma muhta\u00e7 2 bin 500 m\u00fclteci aileden binine yard\u0131m ediyor.","robots":{"index":"index","follow":"follow","max-snippet":"max-snippet:-1","max-image-preview":"max-image-preview:large","max-video-preview":"max-video-preview:-1"},"canonical":"https:\/\/tdv.org\/tr-TR\/cavit-hafize-etlec\/","og_locale":"tr_TR","og_type":"article","og_title":"Cavit & Hafize ETLE\u00c7","og_description":"Ankara Siteler Ulubey mahallesinde ya\u015fayan, 65 ya\u015f\u0131ndaki emekli marangoz Cavit Etle\u00e7 ve e\u015fi Hafize Etle\u00e7, 45 y\u0131ll\u0131k evli. Birlikte oldu\u011fu bu y\u0131llara \u015f\u00fckrediyorlar\u2026 3 o\u011flu ve 8 torunu olan \u00e7ift, mahallelilerindeki yard\u0131ma muhta\u00e7 2 bin 500 m\u00fclteci aileden binine yard\u0131m ediyor.","og_url":"https:\/\/tdv.org\/tr-TR\/cavit-hafize-etlec\/","og_site_name":"T\u00fcrkiye Diyanet Vakf\u0131 Resmi Web Sitesi","article_publisher":"https:\/\/www.facebook.com\/Diyanetvakfi\/","article_published_time":"2017-03-20T07:46:25+00:00","article_modified_time":"2025-01-02T13:13:09+00:00","og_image":[{"width":1000,"height":667,"url":"https:\/\/tdv.org\/tr-TR\/wp-content\/uploads\/2022\/02\/2017-01-Cavit_Hafize-Etlec.jpg","type":"image\/jpeg"}],"author":"Selim","twitter_card":"summary_large_image","twitter_creator":"@DiyanetVakfi","twitter_site":"@DiyanetVakfi","schema":{"@context":"https:\/\/schema.org","@graph":[{"@type":"Article","@id":"https:\/\/tdv.org\/tr-TR\/cavit-hafize-etlec\/#article","isPartOf":{"@id":"https:\/\/tdv.org\/tr-TR\/cavit-hafize-etlec\/"},"author":{"name":"Selim","@id":"https:\/\/tdv.org\/tr-TR\/#\/schema\/person\/752b55e264a99273d55636516d96d5eb"},"headline":"Cavit &#038; Hafize ETLE\u00c7","datePublished":"2017-03-20T07:46:25+00:00","dateModified":"2025-01-02T13:13:09+00:00","mainEntityOfPage":{"@id":"https:\/\/tdv.org\/tr-TR\/cavit-hafize-etlec\/"},"wordCount":2093,"commentCount":0,"publisher":{"@id":"https:\/\/tdv.org\/tr-TR\/#organization"},"image":{"@id":"https:\/\/tdv.org\/tr-TR\/cavit-hafize-etlec\/#primaryimage"},"thumbnailUrl":"https:\/\/tdv.org\/tr-TR\/wp-content\/uploads\/2022\/02\/2017-01-Cavit_Hafize-Etlec.jpg","articleSection":["\u00dc\u00e7\u00fcnc\u00fc Uluslararas\u0131 \u0130yilik \u00d6d\u00fclleri"],"inLanguage":"tr","potentialAction":[{"@type":"CommentAction","name":"Comment","target":["https:\/\/tdv.org\/tr-TR\/cavit-hafize-etlec\/#respond"]}]},{"@type":"WebPage","@id":"https:\/\/tdv.org\/tr-TR\/cavit-hafize-etlec\/","url":"https:\/\/tdv.org\/tr-TR\/cavit-hafize-etlec\/","name":"Cavit & Hafize ETLE\u00c7","isPartOf":{"@id":"https:\/\/tdv.org\/tr-TR\/#website"},"primaryImageOfPage":{"@id":"https:\/\/tdv.org\/tr-TR\/cavit-hafize-etlec\/#primaryimage"},"image":{"@id":"https:\/\/tdv.org\/tr-TR\/cavit-hafize-etlec\/#primaryimage"},"thumbnailUrl":"https:\/\/tdv.org\/tr-TR\/wp-content\/uploads\/2022\/02\/2017-01-Cavit_Hafize-Etlec.jpg","datePublished":"2017-03-20T07:46:25+00:00","dateModified":"2025-01-02T13:13:09+00:00","description":"Ankara Siteler Ulubey mahallesinde ya\u015fayan, 65 ya\u015f\u0131ndaki emekli marangoz Cavit Etle\u00e7 ve e\u015fi Hafize Etle\u00e7, 45 y\u0131ll\u0131k evli. Birlikte oldu\u011fu bu y\u0131llara \u015f\u00fckrediyorlar\u2026 3 o\u011flu ve 8 torunu olan \u00e7ift, mahallelilerindeki yard\u0131ma muhta\u00e7 2 bin 500 m\u00fclteci aileden binine yard\u0131m ediyor.","breadcrumb":{"@id":"https:\/\/tdv.org\/tr-TR\/cavit-hafize-etlec\/#breadcrumb"},"inLanguage":"tr","potentialAction":[{"@type":"ReadAction","target":["https:\/\/tdv.org\/tr-TR\/cavit-hafize-etlec\/"]}]},{"@type":"ImageObject","inLanguage":"tr","@id":"https:\/\/tdv.org\/tr-TR\/cavit-hafize-etlec\/#primaryimage","url":"https:\/\/tdv.org\/tr-TR\/wp-content\/uploads\/2022\/02\/2017-01-Cavit_Hafize-Etlec.jpg","contentUrl":"https:\/\/tdv.org\/tr-TR\/wp-content\/uploads\/2022\/02\/2017-01-Cavit_Hafize-Etlec.jpg","width":1000,"height":667},{"@type":"BreadcrumbList","@id":"https:\/\/tdv.org\/tr-TR\/cavit-hafize-etlec\/#breadcrumb","itemListElement":[{"@type":"ListItem","position":1,"name":"Anasayfa","item":"https:\/\/tdv.org\/tr-TR\/"},{"@type":"ListItem","position":2,"name":"Cavit &#038; Hafize ETLE\u00c7"}]},{"@type":"WebSite","@id":"https:\/\/tdv.org\/tr-TR\/#website","url":"https:\/\/tdv.org\/tr-TR\/","name":"T\u00fcrkiye Diyanet Vakf\u0131 Resmi Web Sitesi","description":"Yery\u00fcz\u00fcnde iyilik egemen oluncaya kadar","publisher":{"@id":"https:\/\/tdv.org\/tr-TR\/#organization"},"alternateName":"T\u00fcrkiye Diyanet Vakf\u0131","potentialAction":[{"@type":"SearchAction","target":{"@type":"EntryPoint","urlTemplate":"https:\/\/tdv.org\/tr-TR\/?s={search_term_string}"},"query-input":{"@type":"PropertyValueSpecification","valueRequired":true,"valueName":"search_term_string"}}],"inLanguage":"tr"},{"@type":"Organization","@id":"https:\/\/tdv.org\/tr-TR\/#organization","name":"T\u00fcrkiye Diyanet Vakf\u0131","alternateName":"T\u00fcrkiye Diyanet Vakf\u0131","url":"https:\/\/tdv.org\/tr-TR\/","logo":{"@type":"ImageObject","inLanguage":"tr","@id":"https:\/\/tdv.org\/tr-TR\/#\/schema\/logo\/image\/","url":"https:\/\/tdv.org\/tr-TR\/wp-content\/uploads\/2018\/12\/TDV_Logo_1.png","contentUrl":"https:\/\/tdv.org\/tr-TR\/wp-content\/uploads\/2018\/12\/TDV_Logo_1.png","width":207,"height":71,"caption":"T\u00fcrkiye Diyanet Vakf\u0131"},"image":{"@id":"https:\/\/tdv.org\/tr-TR\/#\/schema\/logo\/image\/"},"sameAs":["https:\/\/www.facebook.com\/Diyanetvakfi\/","https:\/\/x.com\/DiyanetVakfi","https:\/\/www.instagram.com\/turkiyediyanetvakfi\/","https:\/\/www.youtube.com\/user\/TurkiyeDiyanetVakfi"]},{"@type":"Person","@id":"https:\/\/tdv.org\/tr-TR\/#\/schema\/person\/752b55e264a99273d55636516d96d5eb","name":"Selim","image":{"@type":"ImageObject","inLanguage":"tr","@id":"https:\/\/tdv.org\/tr-TR\/wp-content\/litespeed\/avatar\/a1e47b25396e98e5b781e88a5396cd96.jpg?ver=1777287391","url":"https:\/\/tdv.org\/tr-TR\/wp-content\/litespeed\/avatar\/a1e47b25396e98e5b781e88a5396cd96.jpg?ver=1777287391","contentUrl":"https:\/\/tdv.org\/tr-TR\/wp-content\/litespeed\/avatar\/a1e47b25396e98e5b781e88a5396cd96.jpg?ver=1777287391","caption":"Selim"}}]}},"_links":{"self":[{"href":"https:\/\/tdv.org\/tr-TR\/wp-json\/wp\/v2\/posts\/17630","targetHints":{"allow":["GET"]}}],"collection":[{"href":"https:\/\/tdv.org\/tr-TR\/wp-json\/wp\/v2\/posts"}],"about":[{"href":"https:\/\/tdv.org\/tr-TR\/wp-json\/wp\/v2\/types\/post"}],"author":[{"embeddable":true,"href":"https:\/\/tdv.org\/tr-TR\/wp-json\/wp\/v2\/users\/8"}],"replies":[{"embeddable":true,"href":"https:\/\/tdv.org\/tr-TR\/wp-json\/wp\/v2\/comments?post=17630"}],"version-history":[{"count":4,"href":"https:\/\/tdv.org\/tr-TR\/wp-json\/wp\/v2\/posts\/17630\/revisions"}],"predecessor-version":[{"id":48116,"href":"https:\/\/tdv.org\/tr-TR\/wp-json\/wp\/v2\/posts\/17630\/revisions\/48116"}],"wp:featuredmedia":[{"embeddable":true,"href":"https:\/\/tdv.org\/tr-TR\/wp-json\/wp\/v2\/media\/17631"}],"wp:attachment":[{"href":"https:\/\/tdv.org\/tr-TR\/wp-json\/wp\/v2\/media?parent=17630"}],"wp:term":[{"taxonomy":"category","embeddable":true,"href":"https:\/\/tdv.org\/tr-TR\/wp-json\/wp\/v2\/categories?post=17630"},{"taxonomy":"post_tag","embeddable":true,"href":"https:\/\/tdv.org\/tr-TR\/wp-json\/wp\/v2\/tags?post=17630"}],"curies":[{"name":"wp","href":"https:\/\/api.w.org\/{rel}","templated":true}]}}