{"id":17661,"date":"2019-03-13T11:08:14","date_gmt":"2019-03-13T08:08:14","guid":{"rendered":"https:\/\/tdv.org\/tr-TR\/?p=17661"},"modified":"2023-04-17T11:24:52","modified_gmt":"2023-04-17T08:24:52","slug":"sengul-kazan","status":"publish","type":"post","link":"https:\/\/tdv.org\/tr-TR\/sengul-kazan\/","title":{"rendered":"\u015eeng\u00fcl KAZAN"},"content":{"rendered":"[vc_row type=&#8221;in_container&#8221; full_screen_row_position=&#8221;middle&#8221; scene_position=&#8221;center&#8221; text_color=&#8221;dark&#8221; text_align=&#8221;left&#8221; overlay_strength=&#8221;0.3&#8243; shape_divider_position=&#8221;bottom&#8221; bg_image_animation=&#8221;none&#8221;][vc_column column_padding=&#8221;no-extra-padding&#8221; column_padding_position=&#8221;all&#8221; background_color_opacity=&#8221;1&#8243; background_hover_color_opacity=&#8221;1&#8243; column_link_target=&#8221;_self&#8221; column_shadow=&#8221;none&#8221; column_border_radius=&#8221;none&#8221; width=&#8221;1\/1&#8243; tablet_width_inherit=&#8221;default&#8221; tablet_text_alignment=&#8221;default&#8221; phone_text_alignment=&#8221;default&#8221; column_border_width=&#8221;none&#8221; column_border_style=&#8221;solid&#8221; bg_image_animation=&#8221;none&#8221;][vc_column_text]\n<p style=\"text-align: justify;\">1979\u00a0 y\u0131l\u0131nda kanats\u0131z bir melek giriyor Dar\u00fclaceze\u2019nin kap\u0131s\u0131ndan. Sal\u0131 ve cuma g\u00fcnleri Dar\u00fclacezenin sessiz koridorlar\u0131nda dola\u015fan bu melek, oda oda gezinip kendisini d\u00f6rt g\u00f6zle bekleyenlerin h\u00e2lini hatr\u0131n\u0131 soruyor. Bu iyiliksever, g\u00f6nl\u00fc g\u00fczel insan 69 ya\u015f\u0131ndaki \u015eeng\u00fcl Kazan\u2026<\/p>\n<p style=\"text-align: justify;\">\u015eeng\u00fcl Kazan 40 y\u0131ld\u0131r Dar\u00fclaceze g\u00f6n\u00fcll\u00fcs\u00fc. Haftan\u0131n iki g\u00fcn\u00fc Dar\u00fclacezeye gelip burada ya\u015fayanlar\u0131n t\u0131rnak bak\u0131m\u0131n\u0131 yap\u0131yor. Ya\u015fl\u0131lar\u0131n el ve ayak t\u0131rnaklar\u0131n\u0131 kesip onlarla ilgileniyor. K\u00e2h dertleriyle h\u00fcz\u00fcnleniyor k\u00e2h sevin\u00e7lerine ortak oluyor. \u015eeng\u00fcl Kazan\u2019\u0131n, Dar\u00fclaceze d\u00f6n\u00fc\u015f\u00fc ya\u015fad\u0131\u011f\u0131 huzuru anlatmaya kelimeler yetmiyor.<\/p>\n<p style=\"text-align: justify;\">\u015eeng\u00fcl Kazan, Da\u00fclacezedeki ya\u015fl\u0131lar\u0131n en \u00e7ok sevgiye ihtiyac\u0131 oldu\u011funu s\u00f6yl\u00fcyor ve gen\u00e7lerden ya\u015fl\u0131lar\u0131na sahip \u00e7\u0131kmalar\u0131n\u0131 istiyor.<\/p>\n[\/vc_column_text][divider line_type=&#8221;No Line&#8221;][vc_column_text]<iframe title=\"YouTube video player\" src=\"https:\/\/www.youtube.com\/embed\/nAIQxYGKfL0\" width=\"560\" height=\"315\" frameborder=\"0\" allowfullscreen=\"allowfullscreen\"><\/iframe>[\/vc_column_text][\/vc_column][\/vc_row]\n","protected":false},"excerpt":{"rendered":"<p>[vc_row type=&#8221;in_container&#8221; full_screen_row_position=&#8221;middle&#8221; scene_position=&#8221;center&#8221; text_color=&#8221;dark&#8221; text_align=&#8221;left&#8221; overlay_strength=&#8221;0.3&#8243; shape_divider_position=&#8221;bottom&#8221; bg_image_animation=&#8221;none&#8221;][vc_column column_padding=&#8221;no-extra-padding&#8221; column_padding_position=&#8221;all&#8221; background_color_opacity=&#8221;1&#8243; background_hover_color_opacity=&#8221;1&#8243; column_link_target=&#8221;_self&#8221; column_shadow=&#8221;none&#8221; column_border_radius=&#8221;none&#8221; width=&#8221;1\/1&#8243; tablet_width_inherit=&#8221;default&#8221; tablet_text_alignment=&#8221;default&#8221; phone_text_alignment=&#8221;default&#8221; column_border_width=&#8221;none&#8221; column_border_style=&#8221;solid&#8221; bg_image_animation=&#8221;none&#8221;][vc_column_text] 1979\u00a0 y\u0131l\u0131nda kanats\u0131z bir melek giriyor Dar\u00fclaceze\u2019nin&#8230;<\/p>\n","protected":false},"author":8,"featured_media":17663,"comment_status":"open","ping_status":"closed","sticky":false,"template":"","format":"standard","meta":{"footnotes":""},"categories":[1623],"tags":[],"class_list":{"0":"post-17661","1":"post","2":"type-post","3":"status-publish","4":"format-standard","5":"has-post-thumbnail","7":"category-besinci-uluslararasi-iyilik-odulleri"},"yoast_head":"<!-- This site is optimized with the Yoast SEO plugin v27.5 - https:\/\/yoast.com\/product\/yoast-seo-wordpress\/ -->\n<title>\u015eeng\u00fcl KAZAN<\/title>\n<meta name=\"description\" content=\"1979\u00a0 y\u0131l\u0131nda kanats\u0131z bir melek giriyor Dar\u00fclaceze\u2019nin kap\u0131s\u0131ndan. Sal\u0131 ve cuma g\u00fcnleri Dar\u00fclacezenin sessiz koridorlar\u0131nda dola\u015fan bu melek, oda oda gezinip kendisini d\u00f6rt g\u00f6zle bekleyenlerin h\u00e2lini hatr\u0131n\u0131 soruyor. Bu iyiliksever, g\u00f6nl\u00fc g\u00fczel insan 69 ya\u015f\u0131ndaki \u015eeng\u00fcl Kazan\u2026\" \/>\n<meta name=\"robots\" content=\"index, follow, max-snippet:-1, max-image-preview:large, max-video-preview:-1\" \/>\n<link rel=\"canonical\" href=\"https:\/\/tdv.org\/tr-TR\/sengul-kazan\/\" \/>\n<meta property=\"og:locale\" content=\"tr_TR\" \/>\n<meta property=\"og:type\" content=\"article\" \/>\n<meta property=\"og:title\" content=\"\u015eeng\u00fcl KAZAN\" \/>\n<meta property=\"og:description\" content=\"1979\u00a0 y\u0131l\u0131nda kanats\u0131z bir melek giriyor Dar\u00fclaceze\u2019nin kap\u0131s\u0131ndan. Sal\u0131 ve cuma g\u00fcnleri Dar\u00fclacezenin sessiz koridorlar\u0131nda dola\u015fan bu melek, oda oda gezinip kendisini d\u00f6rt g\u00f6zle bekleyenlerin h\u00e2lini hatr\u0131n\u0131 soruyor. Bu iyiliksever, g\u00f6nl\u00fc g\u00fczel insan 69 ya\u015f\u0131ndaki \u015eeng\u00fcl Kazan\u2026\" \/>\n<meta property=\"og:url\" content=\"https:\/\/tdv.org\/tr-TR\/sengul-kazan\/\" \/>\n<meta property=\"og:site_name\" content=\"T\u00fcrkiye Diyanet Vakf\u0131 Resmi Web Sitesi\" \/>\n<meta property=\"article:publisher\" content=\"https:\/\/www.facebook.com\/Diyanetvakfi\/\" \/>\n<meta property=\"article:published_time\" content=\"2019-03-13T08:08:14+00:00\" \/>\n<meta property=\"article:modified_time\" content=\"2023-04-17T08:24:52+00:00\" \/>\n<meta property=\"og:image\" content=\"https:\/\/tdv.org\/tr-TR\/wp-content\/uploads\/2019\/03\/7.-SENGUL-KAZAN.jpg\" \/>\n\t<meta property=\"og:image:width\" content=\"1916\" \/>\n\t<meta property=\"og:image:height\" content=\"1080\" \/>\n\t<meta property=\"og:image:type\" content=\"image\/jpeg\" \/>\n<meta name=\"author\" content=\"Selim\" \/>\n<meta name=\"twitter:card\" content=\"summary_large_image\" \/>\n<meta name=\"twitter:creator\" content=\"@DiyanetVakfi\" \/>\n<meta name=\"twitter:site\" content=\"@DiyanetVakfi\" \/>\n<script type=\"application\/ld+json\" class=\"yoast-schema-graph\">{\"@context\":\"https:\\\/\\\/schema.org\",\"@graph\":[{\"@type\":\"Article\",\"@id\":\"https:\\\/\\\/tdv.org\\\/tr-TR\\\/sengul-kazan\\\/#article\",\"isPartOf\":{\"@id\":\"https:\\\/\\\/tdv.org\\\/tr-TR\\\/sengul-kazan\\\/\"},\"author\":{\"name\":\"Selim\",\"@id\":\"https:\\\/\\\/tdv.org\\\/tr-TR\\\/#\\\/schema\\\/person\\\/752b55e264a99273d55636516d96d5eb\"},\"headline\":\"\u015eeng\u00fcl KAZAN\",\"datePublished\":\"2019-03-13T08:08:14+00:00\",\"dateModified\":\"2023-04-17T08:24:52+00:00\",\"mainEntityOfPage\":{\"@id\":\"https:\\\/\\\/tdv.org\\\/tr-TR\\\/sengul-kazan\\\/\"},\"wordCount\":258,\"commentCount\":0,\"publisher\":{\"@id\":\"https:\\\/\\\/tdv.org\\\/tr-TR\\\/#organization\"},\"image\":{\"@id\":\"https:\\\/\\\/tdv.org\\\/tr-TR\\\/sengul-kazan\\\/#primaryimage\"},\"thumbnailUrl\":\"https:\\\/\\\/tdv.org\\\/tr-TR\\\/wp-content\\\/uploads\\\/2019\\\/03\\\/7.-SENGUL-KAZAN.jpg\",\"articleSection\":[\"Be\u015finci Uluslararas\u0131 \u0130yilik \u00d6d\u00fclleri\"],\"inLanguage\":\"tr\",\"potentialAction\":[{\"@type\":\"CommentAction\",\"name\":\"Comment\",\"target\":[\"https:\\\/\\\/tdv.org\\\/tr-TR\\\/sengul-kazan\\\/#respond\"]}]},{\"@type\":\"WebPage\",\"@id\":\"https:\\\/\\\/tdv.org\\\/tr-TR\\\/sengul-kazan\\\/\",\"url\":\"https:\\\/\\\/tdv.org\\\/tr-TR\\\/sengul-kazan\\\/\",\"name\":\"\u015eeng\u00fcl KAZAN\",\"isPartOf\":{\"@id\":\"https:\\\/\\\/tdv.org\\\/tr-TR\\\/#website\"},\"primaryImageOfPage\":{\"@id\":\"https:\\\/\\\/tdv.org\\\/tr-TR\\\/sengul-kazan\\\/#primaryimage\"},\"image\":{\"@id\":\"https:\\\/\\\/tdv.org\\\/tr-TR\\\/sengul-kazan\\\/#primaryimage\"},\"thumbnailUrl\":\"https:\\\/\\\/tdv.org\\\/tr-TR\\\/wp-content\\\/uploads\\\/2019\\\/03\\\/7.-SENGUL-KAZAN.jpg\",\"datePublished\":\"2019-03-13T08:08:14+00:00\",\"dateModified\":\"2023-04-17T08:24:52+00:00\",\"description\":\"1979\u00a0 y\u0131l\u0131nda kanats\u0131z bir melek giriyor Dar\u00fclaceze\u2019nin kap\u0131s\u0131ndan. Sal\u0131 ve cuma g\u00fcnleri Dar\u00fclacezenin sessiz koridorlar\u0131nda dola\u015fan bu melek, oda oda gezinip kendisini d\u00f6rt g\u00f6zle bekleyenlerin h\u00e2lini hatr\u0131n\u0131 soruyor. Bu iyiliksever, g\u00f6nl\u00fc g\u00fczel insan 69 ya\u015f\u0131ndaki \u015eeng\u00fcl Kazan\u2026\",\"breadcrumb\":{\"@id\":\"https:\\\/\\\/tdv.org\\\/tr-TR\\\/sengul-kazan\\\/#breadcrumb\"},\"inLanguage\":\"tr\",\"potentialAction\":[{\"@type\":\"ReadAction\",\"target\":[\"https:\\\/\\\/tdv.org\\\/tr-TR\\\/sengul-kazan\\\/\"]}]},{\"@type\":\"ImageObject\",\"inLanguage\":\"tr\",\"@id\":\"https:\\\/\\\/tdv.org\\\/tr-TR\\\/sengul-kazan\\\/#primaryimage\",\"url\":\"https:\\\/\\\/tdv.org\\\/tr-TR\\\/wp-content\\\/uploads\\\/2019\\\/03\\\/7.-SENGUL-KAZAN.jpg\",\"contentUrl\":\"https:\\\/\\\/tdv.org\\\/tr-TR\\\/wp-content\\\/uploads\\\/2019\\\/03\\\/7.-SENGUL-KAZAN.jpg\",\"width\":1916,\"height\":1080},{\"@type\":\"BreadcrumbList\",\"@id\":\"https:\\\/\\\/tdv.org\\\/tr-TR\\\/sengul-kazan\\\/#breadcrumb\",\"itemListElement\":[{\"@type\":\"ListItem\",\"position\":1,\"name\":\"Anasayfa\",\"item\":\"https:\\\/\\\/tdv.org\\\/tr-TR\\\/\"},{\"@type\":\"ListItem\",\"position\":2,\"name\":\"\u015eeng\u00fcl KAZAN\"}]},{\"@type\":\"WebSite\",\"@id\":\"https:\\\/\\\/tdv.org\\\/tr-TR\\\/#website\",\"url\":\"https:\\\/\\\/tdv.org\\\/tr-TR\\\/\",\"name\":\"T\u00fcrkiye Diyanet Vakf\u0131 Resmi Web Sitesi\",\"description\":\"Yery\u00fcz\u00fcnde iyilik egemen oluncaya kadar\",\"publisher\":{\"@id\":\"https:\\\/\\\/tdv.org\\\/tr-TR\\\/#organization\"},\"alternateName\":\"T\u00fcrkiye Diyanet Vakf\u0131\",\"potentialAction\":[{\"@type\":\"SearchAction\",\"target\":{\"@type\":\"EntryPoint\",\"urlTemplate\":\"https:\\\/\\\/tdv.org\\\/tr-TR\\\/?s={search_term_string}\"},\"query-input\":{\"@type\":\"PropertyValueSpecification\",\"valueRequired\":true,\"valueName\":\"search_term_string\"}}],\"inLanguage\":\"tr\"},{\"@type\":\"Organization\",\"@id\":\"https:\\\/\\\/tdv.org\\\/tr-TR\\\/#organization\",\"name\":\"T\u00fcrkiye Diyanet Vakf\u0131\",\"alternateName\":\"T\u00fcrkiye Diyanet Vakf\u0131\",\"url\":\"https:\\\/\\\/tdv.org\\\/tr-TR\\\/\",\"logo\":{\"@type\":\"ImageObject\",\"inLanguage\":\"tr\",\"@id\":\"https:\\\/\\\/tdv.org\\\/tr-TR\\\/#\\\/schema\\\/logo\\\/image\\\/\",\"url\":\"https:\\\/\\\/tdv.org\\\/tr-TR\\\/wp-content\\\/uploads\\\/2018\\\/12\\\/TDV_Logo_1.png\",\"contentUrl\":\"https:\\\/\\\/tdv.org\\\/tr-TR\\\/wp-content\\\/uploads\\\/2018\\\/12\\\/TDV_Logo_1.png\",\"width\":207,\"height\":71,\"caption\":\"T\u00fcrkiye Diyanet Vakf\u0131\"},\"image\":{\"@id\":\"https:\\\/\\\/tdv.org\\\/tr-TR\\\/#\\\/schema\\\/logo\\\/image\\\/\"},\"sameAs\":[\"https:\\\/\\\/www.facebook.com\\\/Diyanetvakfi\\\/\",\"https:\\\/\\\/x.com\\\/DiyanetVakfi\",\"https:\\\/\\\/www.instagram.com\\\/turkiyediyanetvakfi\\\/\",\"https:\\\/\\\/www.youtube.com\\\/user\\\/TurkiyeDiyanetVakfi\"]},{\"@type\":\"Person\",\"@id\":\"https:\\\/\\\/tdv.org\\\/tr-TR\\\/#\\\/schema\\\/person\\\/752b55e264a99273d55636516d96d5eb\",\"name\":\"Selim\",\"image\":{\"@type\":\"ImageObject\",\"inLanguage\":\"tr\",\"@id\":\"https:\\\/\\\/tdv.org\\\/tr-TR\\\/wp-content\\\/litespeed\\\/avatar\\\/a1e47b25396e98e5b781e88a5396cd96.jpg?ver=1777287391\",\"url\":\"https:\\\/\\\/tdv.org\\\/tr-TR\\\/wp-content\\\/litespeed\\\/avatar\\\/a1e47b25396e98e5b781e88a5396cd96.jpg?ver=1777287391\",\"contentUrl\":\"https:\\\/\\\/tdv.org\\\/tr-TR\\\/wp-content\\\/litespeed\\\/avatar\\\/a1e47b25396e98e5b781e88a5396cd96.jpg?ver=1777287391\",\"caption\":\"Selim\"}}]}<\/script>\n<!-- \/ Yoast SEO plugin. -->","yoast_head_json":{"title":"\u015eeng\u00fcl KAZAN","description":"1979\u00a0 y\u0131l\u0131nda kanats\u0131z bir melek giriyor Dar\u00fclaceze\u2019nin kap\u0131s\u0131ndan. Sal\u0131 ve cuma g\u00fcnleri Dar\u00fclacezenin sessiz koridorlar\u0131nda dola\u015fan bu melek, oda oda gezinip kendisini d\u00f6rt g\u00f6zle bekleyenlerin h\u00e2lini hatr\u0131n\u0131 soruyor. Bu iyiliksever, g\u00f6nl\u00fc g\u00fczel insan 69 ya\u015f\u0131ndaki \u015eeng\u00fcl Kazan\u2026","robots":{"index":"index","follow":"follow","max-snippet":"max-snippet:-1","max-image-preview":"max-image-preview:large","max-video-preview":"max-video-preview:-1"},"canonical":"https:\/\/tdv.org\/tr-TR\/sengul-kazan\/","og_locale":"tr_TR","og_type":"article","og_title":"\u015eeng\u00fcl KAZAN","og_description":"1979\u00a0 y\u0131l\u0131nda kanats\u0131z bir melek giriyor Dar\u00fclaceze\u2019nin kap\u0131s\u0131ndan. Sal\u0131 ve cuma g\u00fcnleri Dar\u00fclacezenin sessiz koridorlar\u0131nda dola\u015fan bu melek, oda oda gezinip kendisini d\u00f6rt g\u00f6zle bekleyenlerin h\u00e2lini hatr\u0131n\u0131 soruyor. Bu iyiliksever, g\u00f6nl\u00fc g\u00fczel insan 69 ya\u015f\u0131ndaki \u015eeng\u00fcl Kazan\u2026","og_url":"https:\/\/tdv.org\/tr-TR\/sengul-kazan\/","og_site_name":"T\u00fcrkiye Diyanet Vakf\u0131 Resmi Web Sitesi","article_publisher":"https:\/\/www.facebook.com\/Diyanetvakfi\/","article_published_time":"2019-03-13T08:08:14+00:00","article_modified_time":"2023-04-17T08:24:52+00:00","og_image":[{"width":1916,"height":1080,"url":"https:\/\/tdv.org\/tr-TR\/wp-content\/uploads\/2019\/03\/7.-SENGUL-KAZAN.jpg","type":"image\/jpeg"}],"author":"Selim","twitter_card":"summary_large_image","twitter_creator":"@DiyanetVakfi","twitter_site":"@DiyanetVakfi","schema":{"@context":"https:\/\/schema.org","@graph":[{"@type":"Article","@id":"https:\/\/tdv.org\/tr-TR\/sengul-kazan\/#article","isPartOf":{"@id":"https:\/\/tdv.org\/tr-TR\/sengul-kazan\/"},"author":{"name":"Selim","@id":"https:\/\/tdv.org\/tr-TR\/#\/schema\/person\/752b55e264a99273d55636516d96d5eb"},"headline":"\u015eeng\u00fcl KAZAN","datePublished":"2019-03-13T08:08:14+00:00","dateModified":"2023-04-17T08:24:52+00:00","mainEntityOfPage":{"@id":"https:\/\/tdv.org\/tr-TR\/sengul-kazan\/"},"wordCount":258,"commentCount":0,"publisher":{"@id":"https:\/\/tdv.org\/tr-TR\/#organization"},"image":{"@id":"https:\/\/tdv.org\/tr-TR\/sengul-kazan\/#primaryimage"},"thumbnailUrl":"https:\/\/tdv.org\/tr-TR\/wp-content\/uploads\/2019\/03\/7.-SENGUL-KAZAN.jpg","articleSection":["Be\u015finci Uluslararas\u0131 \u0130yilik \u00d6d\u00fclleri"],"inLanguage":"tr","potentialAction":[{"@type":"CommentAction","name":"Comment","target":["https:\/\/tdv.org\/tr-TR\/sengul-kazan\/#respond"]}]},{"@type":"WebPage","@id":"https:\/\/tdv.org\/tr-TR\/sengul-kazan\/","url":"https:\/\/tdv.org\/tr-TR\/sengul-kazan\/","name":"\u015eeng\u00fcl KAZAN","isPartOf":{"@id":"https:\/\/tdv.org\/tr-TR\/#website"},"primaryImageOfPage":{"@id":"https:\/\/tdv.org\/tr-TR\/sengul-kazan\/#primaryimage"},"image":{"@id":"https:\/\/tdv.org\/tr-TR\/sengul-kazan\/#primaryimage"},"thumbnailUrl":"https:\/\/tdv.org\/tr-TR\/wp-content\/uploads\/2019\/03\/7.-SENGUL-KAZAN.jpg","datePublished":"2019-03-13T08:08:14+00:00","dateModified":"2023-04-17T08:24:52+00:00","description":"1979\u00a0 y\u0131l\u0131nda kanats\u0131z bir melek giriyor Dar\u00fclaceze\u2019nin kap\u0131s\u0131ndan. Sal\u0131 ve cuma g\u00fcnleri Dar\u00fclacezenin sessiz koridorlar\u0131nda dola\u015fan bu melek, oda oda gezinip kendisini d\u00f6rt g\u00f6zle bekleyenlerin h\u00e2lini hatr\u0131n\u0131 soruyor. Bu iyiliksever, g\u00f6nl\u00fc g\u00fczel insan 69 ya\u015f\u0131ndaki \u015eeng\u00fcl Kazan\u2026","breadcrumb":{"@id":"https:\/\/tdv.org\/tr-TR\/sengul-kazan\/#breadcrumb"},"inLanguage":"tr","potentialAction":[{"@type":"ReadAction","target":["https:\/\/tdv.org\/tr-TR\/sengul-kazan\/"]}]},{"@type":"ImageObject","inLanguage":"tr","@id":"https:\/\/tdv.org\/tr-TR\/sengul-kazan\/#primaryimage","url":"https:\/\/tdv.org\/tr-TR\/wp-content\/uploads\/2019\/03\/7.-SENGUL-KAZAN.jpg","contentUrl":"https:\/\/tdv.org\/tr-TR\/wp-content\/uploads\/2019\/03\/7.-SENGUL-KAZAN.jpg","width":1916,"height":1080},{"@type":"BreadcrumbList","@id":"https:\/\/tdv.org\/tr-TR\/sengul-kazan\/#breadcrumb","itemListElement":[{"@type":"ListItem","position":1,"name":"Anasayfa","item":"https:\/\/tdv.org\/tr-TR\/"},{"@type":"ListItem","position":2,"name":"\u015eeng\u00fcl KAZAN"}]},{"@type":"WebSite","@id":"https:\/\/tdv.org\/tr-TR\/#website","url":"https:\/\/tdv.org\/tr-TR\/","name":"T\u00fcrkiye Diyanet Vakf\u0131 Resmi Web Sitesi","description":"Yery\u00fcz\u00fcnde iyilik egemen oluncaya kadar","publisher":{"@id":"https:\/\/tdv.org\/tr-TR\/#organization"},"alternateName":"T\u00fcrkiye Diyanet Vakf\u0131","potentialAction":[{"@type":"SearchAction","target":{"@type":"EntryPoint","urlTemplate":"https:\/\/tdv.org\/tr-TR\/?s={search_term_string}"},"query-input":{"@type":"PropertyValueSpecification","valueRequired":true,"valueName":"search_term_string"}}],"inLanguage":"tr"},{"@type":"Organization","@id":"https:\/\/tdv.org\/tr-TR\/#organization","name":"T\u00fcrkiye Diyanet Vakf\u0131","alternateName":"T\u00fcrkiye Diyanet Vakf\u0131","url":"https:\/\/tdv.org\/tr-TR\/","logo":{"@type":"ImageObject","inLanguage":"tr","@id":"https:\/\/tdv.org\/tr-TR\/#\/schema\/logo\/image\/","url":"https:\/\/tdv.org\/tr-TR\/wp-content\/uploads\/2018\/12\/TDV_Logo_1.png","contentUrl":"https:\/\/tdv.org\/tr-TR\/wp-content\/uploads\/2018\/12\/TDV_Logo_1.png","width":207,"height":71,"caption":"T\u00fcrkiye Diyanet Vakf\u0131"},"image":{"@id":"https:\/\/tdv.org\/tr-TR\/#\/schema\/logo\/image\/"},"sameAs":["https:\/\/www.facebook.com\/Diyanetvakfi\/","https:\/\/x.com\/DiyanetVakfi","https:\/\/www.instagram.com\/turkiyediyanetvakfi\/","https:\/\/www.youtube.com\/user\/TurkiyeDiyanetVakfi"]},{"@type":"Person","@id":"https:\/\/tdv.org\/tr-TR\/#\/schema\/person\/752b55e264a99273d55636516d96d5eb","name":"Selim","image":{"@type":"ImageObject","inLanguage":"tr","@id":"https:\/\/tdv.org\/tr-TR\/wp-content\/litespeed\/avatar\/a1e47b25396e98e5b781e88a5396cd96.jpg?ver=1777287391","url":"https:\/\/tdv.org\/tr-TR\/wp-content\/litespeed\/avatar\/a1e47b25396e98e5b781e88a5396cd96.jpg?ver=1777287391","contentUrl":"https:\/\/tdv.org\/tr-TR\/wp-content\/litespeed\/avatar\/a1e47b25396e98e5b781e88a5396cd96.jpg?ver=1777287391","caption":"Selim"}}]}},"_links":{"self":[{"href":"https:\/\/tdv.org\/tr-TR\/wp-json\/wp\/v2\/posts\/17661","targetHints":{"allow":["GET"]}}],"collection":[{"href":"https:\/\/tdv.org\/tr-TR\/wp-json\/wp\/v2\/posts"}],"about":[{"href":"https:\/\/tdv.org\/tr-TR\/wp-json\/wp\/v2\/types\/post"}],"author":[{"embeddable":true,"href":"https:\/\/tdv.org\/tr-TR\/wp-json\/wp\/v2\/users\/8"}],"replies":[{"embeddable":true,"href":"https:\/\/tdv.org\/tr-TR\/wp-json\/wp\/v2\/comments?post=17661"}],"version-history":[{"count":4,"href":"https:\/\/tdv.org\/tr-TR\/wp-json\/wp\/v2\/posts\/17661\/revisions"}],"predecessor-version":[{"id":32198,"href":"https:\/\/tdv.org\/tr-TR\/wp-json\/wp\/v2\/posts\/17661\/revisions\/32198"}],"wp:featuredmedia":[{"embeddable":true,"href":"https:\/\/tdv.org\/tr-TR\/wp-json\/wp\/v2\/media\/17663"}],"wp:attachment":[{"href":"https:\/\/tdv.org\/tr-TR\/wp-json\/wp\/v2\/media?parent=17661"}],"wp:term":[{"taxonomy":"category","embeddable":true,"href":"https:\/\/tdv.org\/tr-TR\/wp-json\/wp\/v2\/categories?post=17661"},{"taxonomy":"post_tag","embeddable":true,"href":"https:\/\/tdv.org\/tr-TR\/wp-json\/wp\/v2\/tags?post=17661"}],"curies":[{"name":"wp","href":"https:\/\/api.w.org\/{rel}","templated":true}]}}