{"id":17733,"date":"2016-03-05T14:37:13","date_gmt":"2016-03-05T12:37:13","guid":{"rendered":"https:\/\/tdv.org\/tr-TR\/?p=17733"},"modified":"2023-05-15T15:28:00","modified_gmt":"2023-05-15T12:28:00","slug":"cocuklar-en-cok-camiye-yakisir","status":"publish","type":"post","link":"https:\/\/tdv.org\/tr-TR\/cocuklar-en-cok-camiye-yakisir\/","title":{"rendered":"\u00c7ocuklar En \u00c7ok Camiye Yak\u0131\u015f\u0131r"},"content":{"rendered":"<div class=\"page-content\">\n<p class=\"01-dzyazBlten\">Bir Peygamber ki ku\u015fu \u00f6len bir \u00e7ocuk olan Zeyd\u2019e ba\u015f sa\u011fl\u0131\u011f\u0131 i\u00e7in ziyarete gider. Bir Peygamber ki k\u0131z \u00e7ocuklar\u0131n\u0131n diri diri g\u00f6m\u00fcld\u00fc\u011f\u00fc bir devirde k\u0131z\u0131 Fat\u0131ma gelince aya\u011fa kalkarak O\u2019nu aln\u0131ndan \u00f6per. Bir Peygamber ki namaz k\u0131larken s\u0131rt\u0131na binen torunlar\u0131 Hasan ve H\u00fcseyin s\u0131rt\u0131ndan ininceye kadar secdesini uzat\u0131r. Bir Peygamber ki a\u011flayan bir \u00e7ocuk i\u00e7in namaz\u0131n\u0131 k\u0131sa tutar.<\/p>\n<p class=\"01-dzyazBlten\">Peygamber Efendimizin (sav) \u00e7ocuk sevgisinden ilham alarak Ac\u0131badem Yusuf Dede Camii\u2019ne 100 bal\u0131\u011f\u0131n ya\u015fad\u0131\u011f\u0131 bir akvaryum yapt\u0131r\u0131r Naci \u015eeng\u00fcn. Art\u0131k \u00e7ocuklar\u0131n g\u00fcn i\u00e7erisinde yapt\u0131klar\u0131 en k\u0131ymetli i\u015flerden biri, sahiplenip isim verdikleri, bal\u0131klar\u0131n\u0131 yemlemektir. Ac\u0131badem\u2019in \u00e7ocuklar\u0131 Naci \u015eeng\u00fcn\u2019den canl\u0131lara ve \u00e7evreye duyarl\u0131l\u0131\u011f\u0131 \u00f6\u011frenerek b\u00fcy\u00fcmektedir\u2026<\/p>\n<\/div>\n","protected":false},"excerpt":{"rendered":"<p>Bir Peygamber ki ku\u015fu \u00f6len bir \u00e7ocuk olan Zeyd\u2019e ba\u015f sa\u011fl\u0131\u011f\u0131 i\u00e7in ziyarete gider. Bir Peygamber ki k\u0131z \u00e7ocuklar\u0131n\u0131n diri diri g\u00f6m\u00fcld\u00fc\u011f\u00fc bir devirde k\u0131z\u0131 Fat\u0131ma gelince aya\u011fa kalkarak O\u2019nu&#8230;<\/p>\n","protected":false},"author":8,"featured_media":17734,"comment_status":"open","ping_status":"closed","sticky":false,"template":"","format":"standard","meta":{"footnotes":""},"categories":[1622],"tags":[],"class_list":{"0":"post-17733","1":"post","2":"type-post","3":"status-publish","4":"format-standard","5":"has-post-thumbnail","7":"category-iyilik-hikayeleri"},"yoast_head":"<!-- This site is optimized with the Yoast SEO plugin v27.5 - https:\/\/yoast.com\/product\/yoast-seo-wordpress\/ -->\n<title>\u00c7ocuklar En \u00c7ok Camiye Yak\u0131\u015f\u0131r<\/title>\n<meta name=\"description\" content=\"Bir Peygamber ki ku\u015fu \u00f6len bir \u00e7ocuk olan Zeyd\u2019e ba\u015f sa\u011fl\u0131\u011f\u0131 i\u00e7in ziyarete gider.\" \/>\n<meta name=\"robots\" content=\"index, follow, max-snippet:-1, max-image-preview:large, max-video-preview:-1\" \/>\n<link rel=\"canonical\" href=\"https:\/\/tdv.org\/tr-TR\/cocuklar-en-cok-camiye-yakisir\/\" \/>\n<meta property=\"og:locale\" content=\"tr_TR\" \/>\n<meta property=\"og:type\" content=\"article\" \/>\n<meta property=\"og:title\" content=\"\u00c7ocuklar En \u00c7ok Camiye Yak\u0131\u015f\u0131r\" \/>\n<meta property=\"og:description\" content=\"Bir Peygamber ki ku\u015fu \u00f6len bir \u00e7ocuk olan Zeyd\u2019e ba\u015f sa\u011fl\u0131\u011f\u0131 i\u00e7in ziyarete gider.\" \/>\n<meta property=\"og:url\" content=\"https:\/\/tdv.org\/tr-TR\/cocuklar-en-cok-camiye-yakisir\/\" \/>\n<meta property=\"og:site_name\" content=\"T\u00fcrkiye Diyanet Vakf\u0131 Resmi Web Sitesi\" \/>\n<meta property=\"article:publisher\" content=\"https:\/\/www.facebook.com\/Diyanetvakfi\/\" \/>\n<meta property=\"article:published_time\" content=\"2016-03-05T12:37:13+00:00\" \/>\n<meta property=\"article:modified_time\" content=\"2023-05-15T12:28:00+00:00\" \/>\n<meta property=\"og:image\" content=\"https:\/\/tdv.org\/tr-TR\/wp-content\/uploads\/2022\/02\/Cocuklarencokcamiyeyakisir.jpg\" \/>\n\t<meta property=\"og:image:width\" content=\"1262\" \/>\n\t<meta property=\"og:image:height\" content=\"617\" \/>\n\t<meta property=\"og:image:type\" content=\"image\/jpeg\" \/>\n<meta name=\"author\" content=\"Selim\" \/>\n<meta name=\"twitter:card\" content=\"summary_large_image\" \/>\n<meta name=\"twitter:creator\" content=\"@DiyanetVakfi\" \/>\n<meta name=\"twitter:site\" content=\"@DiyanetVakfi\" \/>\n<script type=\"application\/ld+json\" class=\"yoast-schema-graph\">{\"@context\":\"https:\\\/\\\/schema.org\",\"@graph\":[{\"@type\":\"Article\",\"@id\":\"https:\\\/\\\/tdv.org\\\/tr-TR\\\/cocuklar-en-cok-camiye-yakisir\\\/#article\",\"isPartOf\":{\"@id\":\"https:\\\/\\\/tdv.org\\\/tr-TR\\\/cocuklar-en-cok-camiye-yakisir\\\/\"},\"author\":{\"name\":\"Selim\",\"@id\":\"https:\\\/\\\/tdv.org\\\/tr-TR\\\/#\\\/schema\\\/person\\\/752b55e264a99273d55636516d96d5eb\"},\"headline\":\"\u00c7ocuklar En \u00c7ok Camiye Yak\u0131\u015f\u0131r\",\"datePublished\":\"2016-03-05T12:37:13+00:00\",\"dateModified\":\"2023-05-15T12:28:00+00:00\",\"mainEntityOfPage\":{\"@id\":\"https:\\\/\\\/tdv.org\\\/tr-TR\\\/cocuklar-en-cok-camiye-yakisir\\\/\"},\"wordCount\":155,\"commentCount\":0,\"publisher\":{\"@id\":\"https:\\\/\\\/tdv.org\\\/tr-TR\\\/#organization\"},\"image\":{\"@id\":\"https:\\\/\\\/tdv.org\\\/tr-TR\\\/cocuklar-en-cok-camiye-yakisir\\\/#primaryimage\"},\"thumbnailUrl\":\"https:\\\/\\\/tdv.org\\\/tr-TR\\\/wp-content\\\/uploads\\\/2022\\\/02\\\/Cocuklarencokcamiyeyakisir.jpg\",\"articleSection\":[\"\u0130yilik Hikayeleri\"],\"inLanguage\":\"tr\",\"potentialAction\":[{\"@type\":\"CommentAction\",\"name\":\"Comment\",\"target\":[\"https:\\\/\\\/tdv.org\\\/tr-TR\\\/cocuklar-en-cok-camiye-yakisir\\\/#respond\"]}]},{\"@type\":\"WebPage\",\"@id\":\"https:\\\/\\\/tdv.org\\\/tr-TR\\\/cocuklar-en-cok-camiye-yakisir\\\/\",\"url\":\"https:\\\/\\\/tdv.org\\\/tr-TR\\\/cocuklar-en-cok-camiye-yakisir\\\/\",\"name\":\"\u00c7ocuklar En \u00c7ok Camiye Yak\u0131\u015f\u0131r\",\"isPartOf\":{\"@id\":\"https:\\\/\\\/tdv.org\\\/tr-TR\\\/#website\"},\"primaryImageOfPage\":{\"@id\":\"https:\\\/\\\/tdv.org\\\/tr-TR\\\/cocuklar-en-cok-camiye-yakisir\\\/#primaryimage\"},\"image\":{\"@id\":\"https:\\\/\\\/tdv.org\\\/tr-TR\\\/cocuklar-en-cok-camiye-yakisir\\\/#primaryimage\"},\"thumbnailUrl\":\"https:\\\/\\\/tdv.org\\\/tr-TR\\\/wp-content\\\/uploads\\\/2022\\\/02\\\/Cocuklarencokcamiyeyakisir.jpg\",\"datePublished\":\"2016-03-05T12:37:13+00:00\",\"dateModified\":\"2023-05-15T12:28:00+00:00\",\"description\":\"Bir Peygamber ki ku\u015fu \u00f6len bir \u00e7ocuk olan Zeyd\u2019e ba\u015f sa\u011fl\u0131\u011f\u0131 i\u00e7in ziyarete gider.\",\"breadcrumb\":{\"@id\":\"https:\\\/\\\/tdv.org\\\/tr-TR\\\/cocuklar-en-cok-camiye-yakisir\\\/#breadcrumb\"},\"inLanguage\":\"tr\",\"potentialAction\":[{\"@type\":\"ReadAction\",\"target\":[\"https:\\\/\\\/tdv.org\\\/tr-TR\\\/cocuklar-en-cok-camiye-yakisir\\\/\"]}]},{\"@type\":\"ImageObject\",\"inLanguage\":\"tr\",\"@id\":\"https:\\\/\\\/tdv.org\\\/tr-TR\\\/cocuklar-en-cok-camiye-yakisir\\\/#primaryimage\",\"url\":\"https:\\\/\\\/tdv.org\\\/tr-TR\\\/wp-content\\\/uploads\\\/2022\\\/02\\\/Cocuklarencokcamiyeyakisir.jpg\",\"contentUrl\":\"https:\\\/\\\/tdv.org\\\/tr-TR\\\/wp-content\\\/uploads\\\/2022\\\/02\\\/Cocuklarencokcamiyeyakisir.jpg\",\"width\":1262,\"height\":617},{\"@type\":\"BreadcrumbList\",\"@id\":\"https:\\\/\\\/tdv.org\\\/tr-TR\\\/cocuklar-en-cok-camiye-yakisir\\\/#breadcrumb\",\"itemListElement\":[{\"@type\":\"ListItem\",\"position\":1,\"name\":\"Anasayfa\",\"item\":\"https:\\\/\\\/tdv.org\\\/tr-TR\\\/\"},{\"@type\":\"ListItem\",\"position\":2,\"name\":\"\u00c7ocuklar En \u00c7ok Camiye Yak\u0131\u015f\u0131r\"}]},{\"@type\":\"WebSite\",\"@id\":\"https:\\\/\\\/tdv.org\\\/tr-TR\\\/#website\",\"url\":\"https:\\\/\\\/tdv.org\\\/tr-TR\\\/\",\"name\":\"T\u00fcrkiye Diyanet Vakf\u0131 Resmi Web Sitesi\",\"description\":\"Yery\u00fcz\u00fcnde iyilik egemen oluncaya kadar\",\"publisher\":{\"@id\":\"https:\\\/\\\/tdv.org\\\/tr-TR\\\/#organization\"},\"alternateName\":\"T\u00fcrkiye Diyanet Vakf\u0131\",\"potentialAction\":[{\"@type\":\"SearchAction\",\"target\":{\"@type\":\"EntryPoint\",\"urlTemplate\":\"https:\\\/\\\/tdv.org\\\/tr-TR\\\/?s={search_term_string}\"},\"query-input\":{\"@type\":\"PropertyValueSpecification\",\"valueRequired\":true,\"valueName\":\"search_term_string\"}}],\"inLanguage\":\"tr\"},{\"@type\":\"Organization\",\"@id\":\"https:\\\/\\\/tdv.org\\\/tr-TR\\\/#organization\",\"name\":\"T\u00fcrkiye Diyanet Vakf\u0131\",\"alternateName\":\"T\u00fcrkiye Diyanet Vakf\u0131\",\"url\":\"https:\\\/\\\/tdv.org\\\/tr-TR\\\/\",\"logo\":{\"@type\":\"ImageObject\",\"inLanguage\":\"tr\",\"@id\":\"https:\\\/\\\/tdv.org\\\/tr-TR\\\/#\\\/schema\\\/logo\\\/image\\\/\",\"url\":\"https:\\\/\\\/tdv.org\\\/tr-TR\\\/wp-content\\\/uploads\\\/2018\\\/12\\\/TDV_Logo_1.png\",\"contentUrl\":\"https:\\\/\\\/tdv.org\\\/tr-TR\\\/wp-content\\\/uploads\\\/2018\\\/12\\\/TDV_Logo_1.png\",\"width\":207,\"height\":71,\"caption\":\"T\u00fcrkiye Diyanet Vakf\u0131\"},\"image\":{\"@id\":\"https:\\\/\\\/tdv.org\\\/tr-TR\\\/#\\\/schema\\\/logo\\\/image\\\/\"},\"sameAs\":[\"https:\\\/\\\/www.facebook.com\\\/Diyanetvakfi\\\/\",\"https:\\\/\\\/x.com\\\/DiyanetVakfi\",\"https:\\\/\\\/www.instagram.com\\\/turkiyediyanetvakfi\\\/\",\"https:\\\/\\\/www.youtube.com\\\/user\\\/TurkiyeDiyanetVakfi\"]},{\"@type\":\"Person\",\"@id\":\"https:\\\/\\\/tdv.org\\\/tr-TR\\\/#\\\/schema\\\/person\\\/752b55e264a99273d55636516d96d5eb\",\"name\":\"Selim\",\"image\":{\"@type\":\"ImageObject\",\"inLanguage\":\"tr\",\"@id\":\"https:\\\/\\\/tdv.org\\\/tr-TR\\\/wp-content\\\/litespeed\\\/avatar\\\/a1e47b25396e98e5b781e88a5396cd96.jpg?ver=1777287391\",\"url\":\"https:\\\/\\\/tdv.org\\\/tr-TR\\\/wp-content\\\/litespeed\\\/avatar\\\/a1e47b25396e98e5b781e88a5396cd96.jpg?ver=1777287391\",\"contentUrl\":\"https:\\\/\\\/tdv.org\\\/tr-TR\\\/wp-content\\\/litespeed\\\/avatar\\\/a1e47b25396e98e5b781e88a5396cd96.jpg?ver=1777287391\",\"caption\":\"Selim\"}}]}<\/script>\n<!-- \/ Yoast SEO plugin. -->","yoast_head_json":{"title":"\u00c7ocuklar En \u00c7ok Camiye Yak\u0131\u015f\u0131r","description":"Bir Peygamber ki ku\u015fu \u00f6len bir \u00e7ocuk olan Zeyd\u2019e ba\u015f sa\u011fl\u0131\u011f\u0131 i\u00e7in ziyarete gider.","robots":{"index":"index","follow":"follow","max-snippet":"max-snippet:-1","max-image-preview":"max-image-preview:large","max-video-preview":"max-video-preview:-1"},"canonical":"https:\/\/tdv.org\/tr-TR\/cocuklar-en-cok-camiye-yakisir\/","og_locale":"tr_TR","og_type":"article","og_title":"\u00c7ocuklar En \u00c7ok Camiye Yak\u0131\u015f\u0131r","og_description":"Bir Peygamber ki ku\u015fu \u00f6len bir \u00e7ocuk olan Zeyd\u2019e ba\u015f sa\u011fl\u0131\u011f\u0131 i\u00e7in ziyarete gider.","og_url":"https:\/\/tdv.org\/tr-TR\/cocuklar-en-cok-camiye-yakisir\/","og_site_name":"T\u00fcrkiye Diyanet Vakf\u0131 Resmi Web Sitesi","article_publisher":"https:\/\/www.facebook.com\/Diyanetvakfi\/","article_published_time":"2016-03-05T12:37:13+00:00","article_modified_time":"2023-05-15T12:28:00+00:00","og_image":[{"width":1262,"height":617,"url":"https:\/\/tdv.org\/tr-TR\/wp-content\/uploads\/2022\/02\/Cocuklarencokcamiyeyakisir.jpg","type":"image\/jpeg"}],"author":"Selim","twitter_card":"summary_large_image","twitter_creator":"@DiyanetVakfi","twitter_site":"@DiyanetVakfi","schema":{"@context":"https:\/\/schema.org","@graph":[{"@type":"Article","@id":"https:\/\/tdv.org\/tr-TR\/cocuklar-en-cok-camiye-yakisir\/#article","isPartOf":{"@id":"https:\/\/tdv.org\/tr-TR\/cocuklar-en-cok-camiye-yakisir\/"},"author":{"name":"Selim","@id":"https:\/\/tdv.org\/tr-TR\/#\/schema\/person\/752b55e264a99273d55636516d96d5eb"},"headline":"\u00c7ocuklar En \u00c7ok Camiye Yak\u0131\u015f\u0131r","datePublished":"2016-03-05T12:37:13+00:00","dateModified":"2023-05-15T12:28:00+00:00","mainEntityOfPage":{"@id":"https:\/\/tdv.org\/tr-TR\/cocuklar-en-cok-camiye-yakisir\/"},"wordCount":155,"commentCount":0,"publisher":{"@id":"https:\/\/tdv.org\/tr-TR\/#organization"},"image":{"@id":"https:\/\/tdv.org\/tr-TR\/cocuklar-en-cok-camiye-yakisir\/#primaryimage"},"thumbnailUrl":"https:\/\/tdv.org\/tr-TR\/wp-content\/uploads\/2022\/02\/Cocuklarencokcamiyeyakisir.jpg","articleSection":["\u0130yilik Hikayeleri"],"inLanguage":"tr","potentialAction":[{"@type":"CommentAction","name":"Comment","target":["https:\/\/tdv.org\/tr-TR\/cocuklar-en-cok-camiye-yakisir\/#respond"]}]},{"@type":"WebPage","@id":"https:\/\/tdv.org\/tr-TR\/cocuklar-en-cok-camiye-yakisir\/","url":"https:\/\/tdv.org\/tr-TR\/cocuklar-en-cok-camiye-yakisir\/","name":"\u00c7ocuklar En \u00c7ok Camiye Yak\u0131\u015f\u0131r","isPartOf":{"@id":"https:\/\/tdv.org\/tr-TR\/#website"},"primaryImageOfPage":{"@id":"https:\/\/tdv.org\/tr-TR\/cocuklar-en-cok-camiye-yakisir\/#primaryimage"},"image":{"@id":"https:\/\/tdv.org\/tr-TR\/cocuklar-en-cok-camiye-yakisir\/#primaryimage"},"thumbnailUrl":"https:\/\/tdv.org\/tr-TR\/wp-content\/uploads\/2022\/02\/Cocuklarencokcamiyeyakisir.jpg","datePublished":"2016-03-05T12:37:13+00:00","dateModified":"2023-05-15T12:28:00+00:00","description":"Bir Peygamber ki ku\u015fu \u00f6len bir \u00e7ocuk olan Zeyd\u2019e ba\u015f sa\u011fl\u0131\u011f\u0131 i\u00e7in ziyarete gider.","breadcrumb":{"@id":"https:\/\/tdv.org\/tr-TR\/cocuklar-en-cok-camiye-yakisir\/#breadcrumb"},"inLanguage":"tr","potentialAction":[{"@type":"ReadAction","target":["https:\/\/tdv.org\/tr-TR\/cocuklar-en-cok-camiye-yakisir\/"]}]},{"@type":"ImageObject","inLanguage":"tr","@id":"https:\/\/tdv.org\/tr-TR\/cocuklar-en-cok-camiye-yakisir\/#primaryimage","url":"https:\/\/tdv.org\/tr-TR\/wp-content\/uploads\/2022\/02\/Cocuklarencokcamiyeyakisir.jpg","contentUrl":"https:\/\/tdv.org\/tr-TR\/wp-content\/uploads\/2022\/02\/Cocuklarencokcamiyeyakisir.jpg","width":1262,"height":617},{"@type":"BreadcrumbList","@id":"https:\/\/tdv.org\/tr-TR\/cocuklar-en-cok-camiye-yakisir\/#breadcrumb","itemListElement":[{"@type":"ListItem","position":1,"name":"Anasayfa","item":"https:\/\/tdv.org\/tr-TR\/"},{"@type":"ListItem","position":2,"name":"\u00c7ocuklar En \u00c7ok Camiye Yak\u0131\u015f\u0131r"}]},{"@type":"WebSite","@id":"https:\/\/tdv.org\/tr-TR\/#website","url":"https:\/\/tdv.org\/tr-TR\/","name":"T\u00fcrkiye Diyanet Vakf\u0131 Resmi Web Sitesi","description":"Yery\u00fcz\u00fcnde iyilik egemen oluncaya kadar","publisher":{"@id":"https:\/\/tdv.org\/tr-TR\/#organization"},"alternateName":"T\u00fcrkiye Diyanet Vakf\u0131","potentialAction":[{"@type":"SearchAction","target":{"@type":"EntryPoint","urlTemplate":"https:\/\/tdv.org\/tr-TR\/?s={search_term_string}"},"query-input":{"@type":"PropertyValueSpecification","valueRequired":true,"valueName":"search_term_string"}}],"inLanguage":"tr"},{"@type":"Organization","@id":"https:\/\/tdv.org\/tr-TR\/#organization","name":"T\u00fcrkiye Diyanet Vakf\u0131","alternateName":"T\u00fcrkiye Diyanet Vakf\u0131","url":"https:\/\/tdv.org\/tr-TR\/","logo":{"@type":"ImageObject","inLanguage":"tr","@id":"https:\/\/tdv.org\/tr-TR\/#\/schema\/logo\/image\/","url":"https:\/\/tdv.org\/tr-TR\/wp-content\/uploads\/2018\/12\/TDV_Logo_1.png","contentUrl":"https:\/\/tdv.org\/tr-TR\/wp-content\/uploads\/2018\/12\/TDV_Logo_1.png","width":207,"height":71,"caption":"T\u00fcrkiye Diyanet Vakf\u0131"},"image":{"@id":"https:\/\/tdv.org\/tr-TR\/#\/schema\/logo\/image\/"},"sameAs":["https:\/\/www.facebook.com\/Diyanetvakfi\/","https:\/\/x.com\/DiyanetVakfi","https:\/\/www.instagram.com\/turkiyediyanetvakfi\/","https:\/\/www.youtube.com\/user\/TurkiyeDiyanetVakfi"]},{"@type":"Person","@id":"https:\/\/tdv.org\/tr-TR\/#\/schema\/person\/752b55e264a99273d55636516d96d5eb","name":"Selim","image":{"@type":"ImageObject","inLanguage":"tr","@id":"https:\/\/tdv.org\/tr-TR\/wp-content\/litespeed\/avatar\/a1e47b25396e98e5b781e88a5396cd96.jpg?ver=1777287391","url":"https:\/\/tdv.org\/tr-TR\/wp-content\/litespeed\/avatar\/a1e47b25396e98e5b781e88a5396cd96.jpg?ver=1777287391","contentUrl":"https:\/\/tdv.org\/tr-TR\/wp-content\/litespeed\/avatar\/a1e47b25396e98e5b781e88a5396cd96.jpg?ver=1777287391","caption":"Selim"}}]}},"_links":{"self":[{"href":"https:\/\/tdv.org\/tr-TR\/wp-json\/wp\/v2\/posts\/17733","targetHints":{"allow":["GET"]}}],"collection":[{"href":"https:\/\/tdv.org\/tr-TR\/wp-json\/wp\/v2\/posts"}],"about":[{"href":"https:\/\/tdv.org\/tr-TR\/wp-json\/wp\/v2\/types\/post"}],"author":[{"embeddable":true,"href":"https:\/\/tdv.org\/tr-TR\/wp-json\/wp\/v2\/users\/8"}],"replies":[{"embeddable":true,"href":"https:\/\/tdv.org\/tr-TR\/wp-json\/wp\/v2\/comments?post=17733"}],"version-history":[{"count":1,"href":"https:\/\/tdv.org\/tr-TR\/wp-json\/wp\/v2\/posts\/17733\/revisions"}],"predecessor-version":[{"id":17735,"href":"https:\/\/tdv.org\/tr-TR\/wp-json\/wp\/v2\/posts\/17733\/revisions\/17735"}],"wp:featuredmedia":[{"embeddable":true,"href":"https:\/\/tdv.org\/tr-TR\/wp-json\/wp\/v2\/media\/17734"}],"wp:attachment":[{"href":"https:\/\/tdv.org\/tr-TR\/wp-json\/wp\/v2\/media?parent=17733"}],"wp:term":[{"taxonomy":"category","embeddable":true,"href":"https:\/\/tdv.org\/tr-TR\/wp-json\/wp\/v2\/categories?post=17733"},{"taxonomy":"post_tag","embeddable":true,"href":"https:\/\/tdv.org\/tr-TR\/wp-json\/wp\/v2\/tags?post=17733"}],"curies":[{"name":"wp","href":"https:\/\/api.w.org\/{rel}","templated":true}]}}