{"id":19545,"date":"2022-04-02T10:08:08","date_gmt":"2022-04-02T07:08:08","guid":{"rendered":"https:\/\/tdv.org\/tr-TR\/?p=19545"},"modified":"2022-12-08T14:25:18","modified_gmt":"2022-12-08T11:25:18","slug":"kumbaralarini-hediyem-kuran-olsun-kampanyasi-icin-actilar","status":"publish","type":"post","link":"https:\/\/tdv.org\/tr-TR\/kumbaralarini-hediyem-kuran-olsun-kampanyasi-icin-actilar\/","title":{"rendered":"Kumbaralar\u0131n\u0131 \u201cHediyem Kur\u2019an Olsun\u201d kampanyas\u0131 i\u00e7in a\u00e7t\u0131lar"},"content":{"rendered":"<p style=\"text-align: justify;\">Ankara Pursaklarda 4-6 ya\u015f Kur\u2019an kursu \u00f6\u011frencileri kumbaralar\u0131nda biriktirdikleri har\u00e7l\u0131klar\u0131 Diyanet \u0130\u015fleri Ba\u015fkanl\u0131\u011f\u0131 ve T\u00fcrkiye Diyanet Vakf\u0131n\u0131n i\u015f birli\u011finde y\u00fcr\u00fct\u00fclen \u201cHediyem Kur\u2019an Olsun\u201d kampanyas\u0131na ba\u011f\u0131\u015flad\u0131.<\/p>\n<p style=\"text-align: justify;\">Etkinli\u011fe kat\u0131lan TBMM Milli E\u011fitim, K\u00fclt\u00fcr, Gen\u00e7lik ve Spor Komisyonu Ba\u015fkan\u0131 ve AK Parti Ankara Milletvekili Emrullah \u0130\u015fler, burada yapt\u0131\u011f\u0131 a\u00e7\u0131klamada Diyanet \u0130\u015fleri Ba\u015fkanl\u0131\u011f\u0131n\u0131n \u00fclke genelinde yayg\u0131nla\u015ft\u0131rd\u0131\u011f\u0131 4-6 ya\u015f Kur\u2019an kurslar\u0131n\u0131n \u00f6nemine vurgu yapt\u0131. \u00c7ocuklar\u0131n k\u00fc\u00e7\u00fck ya\u015flardan yard\u0131mla\u015fmay\u0131 ve dayan\u0131\u015fmay\u0131 \u00f6\u011frenmesinin k\u0131ymetli oldu\u011funu s\u00f6yleyen Emrullah \u0130\u015fler, \u201cT\u00fcrkiye Diyanet Vakf\u0131 d\u00fcnyan\u0131n d\u00f6rt bir yan\u0131nda Kur\u2019an-\u0131 Kerim\u2019e ula\u015fmakta g\u00fc\u00e7l\u00fck \u00e7eken ihtiya\u00e7 sahiplerine miniklerimizin yard\u0131mlar\u0131n\u0131 ula\u015ft\u0131r\u0131yor. Bu projede eme\u011fi ge\u00e7en herkese te\u015fekk\u00fcr ediyorum\u201d dedi.<\/p>\n<p style=\"text-align: justify;\">Pursaklar M\u00fcft\u00fcl\u00fc\u011f\u00fcne ba\u011fl\u0131 4-6 ya\u015f Kur\u2019an kurslar\u0131nda 610 \u00f6\u011frenci oldu\u011funu ifade eden Pursaklar M\u00fcft\u00fcs\u00fc ve T\u00fcrkiye Diyanet Vakf\u0131 \u015eube Ba\u015fkan\u0131 Nihat Sevil ise \u015f\u00f6yle konu\u015ftu: Kendileri minik y\u00fcrekleri b\u00fcy\u00fck \u00f6\u011frencilerimiz hay\u0131rda yar\u0131\u015farak Vakf\u0131m\u0131z\u0131n \u201cHediyem Kur\u2019an Olsun\u201d kampanyas\u0131na har\u00e7l\u0131klar\u0131n\u0131 biriktirerek ba\u011f\u0131\u015flad\u0131. Burada Kur\u2019an ahlak\u0131yla yeti\u015fen \u00f6\u011frencilerimiz belki de eline hi\u00e7 Mushaf almayan karde\u015flerine Kur\u2019an-\u0131 Kerim hediye ettiler.\u201d<\/p>\n<p style=\"text-align: justify;\">Ramazan ay\u0131n\u0131n Kur\u2019an ay\u0131 oldu\u011funu dile getiren Sevil, \u201cRahmet ve bereket iklimine girdi\u011fimiz bu ayda \u00f6\u011frencilerimiz \u00f6\u011fretmelerimizin ve velilerimizin \u00f6nceli\u011finde \u00e7ok anlaml\u0131 bir hayra imza att\u0131. Y\u00fcreklerinde yard\u0131mla\u015fma duygusunu ta\u015f\u0131yan ve bunu bizlerle payla\u015fan yavrular\u0131m\u0131z\u0131 tebrik ediyorum. \u00d6\u011frencilerimize yard\u0131mla\u015fma ve payla\u015fma hassasiyetini kazand\u0131ran velilerine, \u00f6\u011fretmenlerine \u00e7ok te\u015fekk\u00fcr ederim. Allah hepsinden ebeden raz\u0131 olsun\u201d \u015feklinde konu\u015ftu.<\/p>\n<p style=\"text-align: justify;\">Etkinli\u011fin ard\u0131ndan \u00e7ocuklar temsili olarak haz\u0131rlanan ba\u011f\u0131\u015f \u00e7ekini T\u00fcrkiye Diyanet Vakf\u0131 \u015eube ve Emlak Hizmetleri M\u00fcd\u00fcr\u00fc Kemal Yorulmaz ve E\u011fitim ve K\u00fclt\u00fcr Hizmetleri M\u00fcd\u00fcr\u00fc Veysi Kaya\u2019ya teslim etti.<\/p>\n<p style=\"text-align: justify;\">Etkinli\u011fe Pursaklar Kaymakam\u0131 Mehmet Y\u0131ld\u0131z ve Pursaklar Belediye Ba\u015fkan\u0131 Ertu\u011frul \u00c7etin de kat\u0131ld\u0131.<\/p>\n\n\t\t<style type=\"text\/css\">\n\t\t\t#gallery-1 {\n\t\t\t\tmargin: auto;\n\t\t\t}\n\t\t\t#gallery-1 .gallery-item {\n\t\t\t\tfloat: left;\n\t\t\t\tmargin-top: 10px;\n\t\t\t\ttext-align: center;\n\t\t\t\twidth: 33%;\n\t\t\t}\n\t\t\t#gallery-1 img {\n\t\t\t\tborder: 2px solid #cfcfcf;\n\t\t\t}\n\t\t\t#gallery-1 .gallery-caption {\n\t\t\t\tmargin-left: 0;\n\t\t\t}\n\t\t\t\/* see gallery_shortcode() in wp-includes\/media.php *\/\n\t\t<\/style>\n\t\t<div id='gallery-1' class='gallery galleryid-19545 gallery-columns-3 gallery-size-thumbnail'><dl class='gallery-item'>\n\t\t\t<dt class='gallery-icon landscape'>\n\t\t\t\t<a href='https:\/\/tdv.org\/tr-TR\/wp-content\/uploads\/2022\/04\/1-scaled.jpg'><img decoding=\"async\" width=\"150\" height=\"150\" src=\"https:\/\/tdv.org\/tr-TR\/wp-content\/uploads\/2022\/04\/1-150x150.jpg\" class=\"attachment-thumbnail size-thumbnail\" alt=\"\" srcset=\"https:\/\/tdv.org\/tr-TR\/wp-content\/uploads\/2022\/04\/1-150x150.jpg 150w, https:\/\/tdv.org\/tr-TR\/wp-content\/uploads\/2022\/04\/1-100x100.jpg 100w, https:\/\/tdv.org\/tr-TR\/wp-content\/uploads\/2022\/04\/1-140x140.jpg 140w, https:\/\/tdv.org\/tr-TR\/wp-content\/uploads\/2022\/04\/1-500x500.jpg 500w, https:\/\/tdv.org\/tr-TR\/wp-content\/uploads\/2022\/04\/1-350x350.jpg 350w, https:\/\/tdv.org\/tr-TR\/wp-content\/uploads\/2022\/04\/1-1000x1000.jpg 1000w, https:\/\/tdv.org\/tr-TR\/wp-content\/uploads\/2022\/04\/1-800x800.jpg 800w\" sizes=\"(max-width: 150px) 100vw, 150px\" \/><\/a>\n\t\t\t<\/dt><\/dl><dl class='gallery-item'>\n\t\t\t<dt class='gallery-icon landscape'>\n\t\t\t\t<a href='https:\/\/tdv.org\/tr-TR\/wp-content\/uploads\/2022\/04\/2-scaled.jpg'><img decoding=\"async\" width=\"150\" height=\"150\" src=\"https:\/\/tdv.org\/tr-TR\/wp-content\/uploads\/2022\/04\/2-150x150.jpg\" class=\"attachment-thumbnail size-thumbnail\" alt=\"\" srcset=\"https:\/\/tdv.org\/tr-TR\/wp-content\/uploads\/2022\/04\/2-150x150.jpg 150w, https:\/\/tdv.org\/tr-TR\/wp-content\/uploads\/2022\/04\/2-100x100.jpg 100w, https:\/\/tdv.org\/tr-TR\/wp-content\/uploads\/2022\/04\/2-140x140.jpg 140w, https:\/\/tdv.org\/tr-TR\/wp-content\/uploads\/2022\/04\/2-500x500.jpg 500w, https:\/\/tdv.org\/tr-TR\/wp-content\/uploads\/2022\/04\/2-350x350.jpg 350w, https:\/\/tdv.org\/tr-TR\/wp-content\/uploads\/2022\/04\/2-1000x1000.jpg 1000w, https:\/\/tdv.org\/tr-TR\/wp-content\/uploads\/2022\/04\/2-800x800.jpg 800w\" sizes=\"(max-width: 150px) 100vw, 150px\" \/><\/a>\n\t\t\t<\/dt><\/dl><dl class='gallery-item'>\n\t\t\t<dt class='gallery-icon landscape'>\n\t\t\t\t<a href='https:\/\/tdv.org\/tr-TR\/wp-content\/uploads\/2022\/04\/3-scaled.jpg'><img decoding=\"async\" width=\"150\" height=\"150\" src=\"https:\/\/tdv.org\/tr-TR\/wp-content\/uploads\/2022\/04\/3-150x150.jpg\" class=\"attachment-thumbnail size-thumbnail\" alt=\"\" srcset=\"https:\/\/tdv.org\/tr-TR\/wp-content\/uploads\/2022\/04\/3-150x150.jpg 150w, https:\/\/tdv.org\/tr-TR\/wp-content\/uploads\/2022\/04\/3-100x100.jpg 100w, https:\/\/tdv.org\/tr-TR\/wp-content\/uploads\/2022\/04\/3-140x140.jpg 140w, https:\/\/tdv.org\/tr-TR\/wp-content\/uploads\/2022\/04\/3-500x500.jpg 500w, https:\/\/tdv.org\/tr-TR\/wp-content\/uploads\/2022\/04\/3-350x350.jpg 350w, https:\/\/tdv.org\/tr-TR\/wp-content\/uploads\/2022\/04\/3-1000x1000.jpg 1000w, https:\/\/tdv.org\/tr-TR\/wp-content\/uploads\/2022\/04\/3-800x800.jpg 800w\" sizes=\"(max-width: 150px) 100vw, 150px\" \/><\/a>\n\t\t\t<\/dt><\/dl><br style=\"clear: both\" \/><dl class='gallery-item'>\n\t\t\t<dt class='gallery-icon landscape'>\n\t\t\t\t<a href='https:\/\/tdv.org\/tr-TR\/wp-content\/uploads\/2022\/04\/4-scaled.jpg'><img decoding=\"async\" width=\"150\" height=\"150\" src=\"https:\/\/tdv.org\/tr-TR\/wp-content\/uploads\/2022\/04\/4-150x150.jpg\" class=\"attachment-thumbnail size-thumbnail\" alt=\"\" srcset=\"https:\/\/tdv.org\/tr-TR\/wp-content\/uploads\/2022\/04\/4-150x150.jpg 150w, https:\/\/tdv.org\/tr-TR\/wp-content\/uploads\/2022\/04\/4-100x100.jpg 100w, https:\/\/tdv.org\/tr-TR\/wp-content\/uploads\/2022\/04\/4-140x140.jpg 140w, https:\/\/tdv.org\/tr-TR\/wp-content\/uploads\/2022\/04\/4-500x500.jpg 500w, https:\/\/tdv.org\/tr-TR\/wp-content\/uploads\/2022\/04\/4-350x350.jpg 350w, https:\/\/tdv.org\/tr-TR\/wp-content\/uploads\/2022\/04\/4-1000x1000.jpg 1000w, https:\/\/tdv.org\/tr-TR\/wp-content\/uploads\/2022\/04\/4-800x800.jpg 800w\" sizes=\"(max-width: 150px) 100vw, 150px\" \/><\/a>\n\t\t\t<\/dt><\/dl><dl class='gallery-item'>\n\t\t\t<dt class='gallery-icon landscape'>\n\t\t\t\t<a href='https:\/\/tdv.org\/tr-TR\/wp-content\/uploads\/2022\/04\/5-scaled.jpg'><img decoding=\"async\" width=\"150\" height=\"150\" src=\"https:\/\/tdv.org\/tr-TR\/wp-content\/uploads\/2022\/04\/5-150x150.jpg\" class=\"attachment-thumbnail size-thumbnail\" alt=\"\" srcset=\"https:\/\/tdv.org\/tr-TR\/wp-content\/uploads\/2022\/04\/5-150x150.jpg 150w, https:\/\/tdv.org\/tr-TR\/wp-content\/uploads\/2022\/04\/5-100x100.jpg 100w, https:\/\/tdv.org\/tr-TR\/wp-content\/uploads\/2022\/04\/5-140x140.jpg 140w, https:\/\/tdv.org\/tr-TR\/wp-content\/uploads\/2022\/04\/5-500x500.jpg 500w, https:\/\/tdv.org\/tr-TR\/wp-content\/uploads\/2022\/04\/5-350x350.jpg 350w, https:\/\/tdv.org\/tr-TR\/wp-content\/uploads\/2022\/04\/5-1000x1000.jpg 1000w, https:\/\/tdv.org\/tr-TR\/wp-content\/uploads\/2022\/04\/5-800x800.jpg 800w\" sizes=\"(max-width: 150px) 100vw, 150px\" \/><\/a>\n\t\t\t<\/dt><\/dl><dl class='gallery-item'>\n\t\t\t<dt class='gallery-icon landscape'>\n\t\t\t\t<a href='https:\/\/tdv.org\/tr-TR\/wp-content\/uploads\/2022\/04\/TDV_4824-scaled.jpg'><img decoding=\"async\" width=\"150\" height=\"150\" src=\"https:\/\/tdv.org\/tr-TR\/wp-content\/uploads\/2022\/04\/TDV_4824-150x150.jpg\" class=\"attachment-thumbnail size-thumbnail\" alt=\"\" srcset=\"https:\/\/tdv.org\/tr-TR\/wp-content\/uploads\/2022\/04\/TDV_4824-150x150.jpg 150w, https:\/\/tdv.org\/tr-TR\/wp-content\/uploads\/2022\/04\/TDV_4824-100x100.jpg 100w, https:\/\/tdv.org\/tr-TR\/wp-content\/uploads\/2022\/04\/TDV_4824-140x140.jpg 140w, https:\/\/tdv.org\/tr-TR\/wp-content\/uploads\/2022\/04\/TDV_4824-500x500.jpg 500w, https:\/\/tdv.org\/tr-TR\/wp-content\/uploads\/2022\/04\/TDV_4824-350x350.jpg 350w, https:\/\/tdv.org\/tr-TR\/wp-content\/uploads\/2022\/04\/TDV_4824-1000x1000.jpg 1000w, https:\/\/tdv.org\/tr-TR\/wp-content\/uploads\/2022\/04\/TDV_4824-800x800.jpg 800w\" sizes=\"(max-width: 150px) 100vw, 150px\" \/><\/a>\n\t\t\t<\/dt><\/dl><br style=\"clear: both\" \/>\n\t\t<\/div>\n\n","protected":false},"excerpt":{"rendered":"<p>Ankara Pursaklarda 4-6 ya\u015f Kur\u2019an kursu \u00f6\u011frencileri kumbaralar\u0131nda biriktirdikleri har\u00e7l\u0131klar\u0131 Diyanet \u0130\u015fleri Ba\u015fkanl\u0131\u011f\u0131 ve T\u00fcrkiye Diyanet Vakf\u0131n\u0131n i\u015f birli\u011finde y\u00fcr\u00fct\u00fclen \u201cHediyem Kur\u2019an Olsun\u201d kampanyas\u0131na ba\u011f\u0131\u015flad\u0131. Etkinli\u011fe kat\u0131lan TBMM Milli E\u011fitim,&#8230;<\/p>\n","protected":false},"author":7,"featured_media":19546,"comment_status":"open","ping_status":"closed","sticky":false,"template":"","format":"standard","meta":{"footnotes":""},"categories":[1],"tags":[471,109,899,1615,116,1309,117,155,1685],"class_list":{"0":"post-19545","1":"post","2":"type-post","3":"status-publish","4":"format-standard","5":"has-post-thumbnail","7":"category-haberler","8":"tag-4-6-yas-kuran-kursu","9":"tag-cocuklar","10":"tag-harclik","11":"tag-hediyem-kuran-olsun-projesi","12":"tag-hediyem-kuran-olsun","13":"tag-kumbara","14":"tag-kuran","15":"tag-ogrenci","16":"tag-pursaklar"},"yoast_head":"<!-- This site is optimized with the Yoast SEO plugin v27.5 - https:\/\/yoast.com\/product\/yoast-seo-wordpress\/ -->\n<title>Kumbaralar\u0131n\u0131 \u201cHediyem Kur\u2019an Olsun\u201d kampanyas\u0131 i\u00e7in a\u00e7t\u0131lar<\/title>\n<meta name=\"description\" content=\"Ankara Pursaklarda 4-6 ya\u015f Kur\u2019an kursu \u00f6\u011frencileri kumbaralar\u0131nda biriktirdikleri har\u00e7l\u0131klar\u0131 Diyanet \u0130\u015fleri Ba\u015fkanl\u0131\u011f\u0131 ve T\u00fcrkiye Diyanet Vakf\u0131n\u0131n i\u015f birli\u011finde y\u00fcr\u00fct\u00fclen \u201cHediyem Kur\u2019an Olsun\u201d kampanyas\u0131na ba\u011f\u0131\u015flad\u0131.\" \/>\n<meta name=\"robots\" content=\"index, follow, max-snippet:-1, max-image-preview:large, max-video-preview:-1\" \/>\n<link rel=\"canonical\" href=\"https:\/\/tdv.org\/tr-TR\/kumbaralarini-hediyem-kuran-olsun-kampanyasi-icin-actilar\/\" \/>\n<meta property=\"og:locale\" content=\"tr_TR\" \/>\n<meta property=\"og:type\" content=\"article\" \/>\n<meta property=\"og:title\" content=\"Kumbaralar\u0131n\u0131 \u201cHediyem Kur\u2019an Olsun\u201d kampanyas\u0131 i\u00e7in a\u00e7t\u0131lar\" \/>\n<meta property=\"og:description\" content=\"Ankara Pursaklarda 4-6 ya\u015f Kur\u2019an kursu \u00f6\u011frencileri kumbaralar\u0131nda biriktirdikleri har\u00e7l\u0131klar\u0131 Diyanet \u0130\u015fleri Ba\u015fkanl\u0131\u011f\u0131 ve T\u00fcrkiye Diyanet Vakf\u0131n\u0131n i\u015f birli\u011finde y\u00fcr\u00fct\u00fclen \u201cHediyem Kur\u2019an Olsun\u201d kampanyas\u0131na ba\u011f\u0131\u015flad\u0131.\" \/>\n<meta property=\"og:url\" content=\"https:\/\/tdv.org\/tr-TR\/kumbaralarini-hediyem-kuran-olsun-kampanyasi-icin-actilar\/\" \/>\n<meta property=\"og:site_name\" content=\"T\u00fcrkiye Diyanet Vakf\u0131 Resmi Web Sitesi\" \/>\n<meta property=\"article:publisher\" content=\"https:\/\/www.facebook.com\/Diyanetvakfi\/\" \/>\n<meta property=\"article:published_time\" content=\"2022-04-02T07:08:08+00:00\" \/>\n<meta property=\"article:modified_time\" content=\"2022-12-08T11:25:18+00:00\" \/>\n<meta property=\"og:image\" content=\"https:\/\/tdv.org\/tr-TR\/wp-content\/uploads\/2022\/04\/1-scaled.jpg\" \/>\n\t<meta property=\"og:image:width\" content=\"2560\" \/>\n\t<meta property=\"og:image:height\" content=\"1707\" \/>\n\t<meta property=\"og:image:type\" content=\"image\/jpeg\" \/>\n<meta name=\"author\" content=\"U\u011fur\" \/>\n<meta name=\"twitter:card\" content=\"summary_large_image\" \/>\n<meta name=\"twitter:creator\" content=\"@DiyanetVakfi\" \/>\n<meta name=\"twitter:site\" content=\"@DiyanetVakfi\" \/>\n<script type=\"application\/ld+json\" class=\"yoast-schema-graph\">{\"@context\":\"https:\\\/\\\/schema.org\",\"@graph\":[{\"@type\":\"Article\",\"@id\":\"https:\\\/\\\/tdv.org\\\/tr-TR\\\/kumbaralarini-hediyem-kuran-olsun-kampanyasi-icin-actilar\\\/#article\",\"isPartOf\":{\"@id\":\"https:\\\/\\\/tdv.org\\\/tr-TR\\\/kumbaralarini-hediyem-kuran-olsun-kampanyasi-icin-actilar\\\/\"},\"author\":{\"name\":\"U\u011fur\",\"@id\":\"https:\\\/\\\/tdv.org\\\/tr-TR\\\/#\\\/schema\\\/person\\\/8dcf742852c4614c6fdadb92da159c05\"},\"headline\":\"Kumbaralar\u0131n\u0131 \u201cHediyem Kur\u2019an Olsun\u201d kampanyas\u0131 i\u00e7in a\u00e7t\u0131lar\",\"datePublished\":\"2022-04-02T07:08:08+00:00\",\"dateModified\":\"2022-12-08T11:25:18+00:00\",\"mainEntityOfPage\":{\"@id\":\"https:\\\/\\\/tdv.org\\\/tr-TR\\\/kumbaralarini-hediyem-kuran-olsun-kampanyasi-icin-actilar\\\/\"},\"wordCount\":392,\"commentCount\":0,\"publisher\":{\"@id\":\"https:\\\/\\\/tdv.org\\\/tr-TR\\\/#organization\"},\"image\":{\"@id\":\"https:\\\/\\\/tdv.org\\\/tr-TR\\\/kumbaralarini-hediyem-kuran-olsun-kampanyasi-icin-actilar\\\/#primaryimage\"},\"thumbnailUrl\":\"https:\\\/\\\/tdv.org\\\/tr-TR\\\/wp-content\\\/uploads\\\/2022\\\/04\\\/1-scaled.jpg\",\"keywords\":[\"4-6 ya\u015f kuran kursu\",\"\u00e7ocuklar\",\"har\u00e7l\u0131k\",\"Hediyem Kur'an Olsun Projesi\",\"Hediyem Kuran Olsun\",\"kumbara\",\"Kuran\",\"\u00f6\u011frenci\",\"pursaklar\"],\"articleSection\":[\"Haberler\"],\"inLanguage\":\"tr\",\"potentialAction\":[{\"@type\":\"CommentAction\",\"name\":\"Comment\",\"target\":[\"https:\\\/\\\/tdv.org\\\/tr-TR\\\/kumbaralarini-hediyem-kuran-olsun-kampanyasi-icin-actilar\\\/#respond\"]}]},{\"@type\":\"WebPage\",\"@id\":\"https:\\\/\\\/tdv.org\\\/tr-TR\\\/kumbaralarini-hediyem-kuran-olsun-kampanyasi-icin-actilar\\\/\",\"url\":\"https:\\\/\\\/tdv.org\\\/tr-TR\\\/kumbaralarini-hediyem-kuran-olsun-kampanyasi-icin-actilar\\\/\",\"name\":\"Kumbaralar\u0131n\u0131 \u201cHediyem Kur\u2019an Olsun\u201d kampanyas\u0131 i\u00e7in a\u00e7t\u0131lar\",\"isPartOf\":{\"@id\":\"https:\\\/\\\/tdv.org\\\/tr-TR\\\/#website\"},\"primaryImageOfPage\":{\"@id\":\"https:\\\/\\\/tdv.org\\\/tr-TR\\\/kumbaralarini-hediyem-kuran-olsun-kampanyasi-icin-actilar\\\/#primaryimage\"},\"image\":{\"@id\":\"https:\\\/\\\/tdv.org\\\/tr-TR\\\/kumbaralarini-hediyem-kuran-olsun-kampanyasi-icin-actilar\\\/#primaryimage\"},\"thumbnailUrl\":\"https:\\\/\\\/tdv.org\\\/tr-TR\\\/wp-content\\\/uploads\\\/2022\\\/04\\\/1-scaled.jpg\",\"datePublished\":\"2022-04-02T07:08:08+00:00\",\"dateModified\":\"2022-12-08T11:25:18+00:00\",\"description\":\"Ankara Pursaklarda 4-6 ya\u015f Kur\u2019an kursu \u00f6\u011frencileri kumbaralar\u0131nda biriktirdikleri har\u00e7l\u0131klar\u0131 Diyanet \u0130\u015fleri Ba\u015fkanl\u0131\u011f\u0131 ve T\u00fcrkiye Diyanet Vakf\u0131n\u0131n i\u015f birli\u011finde y\u00fcr\u00fct\u00fclen \u201cHediyem Kur\u2019an Olsun\u201d kampanyas\u0131na ba\u011f\u0131\u015flad\u0131.\",\"breadcrumb\":{\"@id\":\"https:\\\/\\\/tdv.org\\\/tr-TR\\\/kumbaralarini-hediyem-kuran-olsun-kampanyasi-icin-actilar\\\/#breadcrumb\"},\"inLanguage\":\"tr\",\"potentialAction\":[{\"@type\":\"ReadAction\",\"target\":[\"https:\\\/\\\/tdv.org\\\/tr-TR\\\/kumbaralarini-hediyem-kuran-olsun-kampanyasi-icin-actilar\\\/\"]}]},{\"@type\":\"ImageObject\",\"inLanguage\":\"tr\",\"@id\":\"https:\\\/\\\/tdv.org\\\/tr-TR\\\/kumbaralarini-hediyem-kuran-olsun-kampanyasi-icin-actilar\\\/#primaryimage\",\"url\":\"https:\\\/\\\/tdv.org\\\/tr-TR\\\/wp-content\\\/uploads\\\/2022\\\/04\\\/1-scaled.jpg\",\"contentUrl\":\"https:\\\/\\\/tdv.org\\\/tr-TR\\\/wp-content\\\/uploads\\\/2022\\\/04\\\/1-scaled.jpg\",\"width\":2560,\"height\":1707},{\"@type\":\"BreadcrumbList\",\"@id\":\"https:\\\/\\\/tdv.org\\\/tr-TR\\\/kumbaralarini-hediyem-kuran-olsun-kampanyasi-icin-actilar\\\/#breadcrumb\",\"itemListElement\":[{\"@type\":\"ListItem\",\"position\":1,\"name\":\"Anasayfa\",\"item\":\"https:\\\/\\\/tdv.org\\\/tr-TR\\\/\"},{\"@type\":\"ListItem\",\"position\":2,\"name\":\"Kumbaralar\u0131n\u0131 \u201cHediyem Kur\u2019an Olsun\u201d kampanyas\u0131 i\u00e7in a\u00e7t\u0131lar\"}]},{\"@type\":\"WebSite\",\"@id\":\"https:\\\/\\\/tdv.org\\\/tr-TR\\\/#website\",\"url\":\"https:\\\/\\\/tdv.org\\\/tr-TR\\\/\",\"name\":\"T\u00fcrkiye Diyanet Vakf\u0131 Resmi Web Sitesi\",\"description\":\"Yery\u00fcz\u00fcnde iyilik egemen oluncaya kadar\",\"publisher\":{\"@id\":\"https:\\\/\\\/tdv.org\\\/tr-TR\\\/#organization\"},\"alternateName\":\"T\u00fcrkiye Diyanet Vakf\u0131\",\"potentialAction\":[{\"@type\":\"SearchAction\",\"target\":{\"@type\":\"EntryPoint\",\"urlTemplate\":\"https:\\\/\\\/tdv.org\\\/tr-TR\\\/?s={search_term_string}\"},\"query-input\":{\"@type\":\"PropertyValueSpecification\",\"valueRequired\":true,\"valueName\":\"search_term_string\"}}],\"inLanguage\":\"tr\"},{\"@type\":\"Organization\",\"@id\":\"https:\\\/\\\/tdv.org\\\/tr-TR\\\/#organization\",\"name\":\"T\u00fcrkiye Diyanet Vakf\u0131\",\"alternateName\":\"T\u00fcrkiye Diyanet Vakf\u0131\",\"url\":\"https:\\\/\\\/tdv.org\\\/tr-TR\\\/\",\"logo\":{\"@type\":\"ImageObject\",\"inLanguage\":\"tr\",\"@id\":\"https:\\\/\\\/tdv.org\\\/tr-TR\\\/#\\\/schema\\\/logo\\\/image\\\/\",\"url\":\"https:\\\/\\\/tdv.org\\\/tr-TR\\\/wp-content\\\/uploads\\\/2018\\\/12\\\/TDV_Logo_1.png\",\"contentUrl\":\"https:\\\/\\\/tdv.org\\\/tr-TR\\\/wp-content\\\/uploads\\\/2018\\\/12\\\/TDV_Logo_1.png\",\"width\":207,\"height\":71,\"caption\":\"T\u00fcrkiye Diyanet Vakf\u0131\"},\"image\":{\"@id\":\"https:\\\/\\\/tdv.org\\\/tr-TR\\\/#\\\/schema\\\/logo\\\/image\\\/\"},\"sameAs\":[\"https:\\\/\\\/www.facebook.com\\\/Diyanetvakfi\\\/\",\"https:\\\/\\\/x.com\\\/DiyanetVakfi\",\"https:\\\/\\\/www.instagram.com\\\/turkiyediyanetvakfi\\\/\",\"https:\\\/\\\/www.youtube.com\\\/user\\\/TurkiyeDiyanetVakfi\"]},{\"@type\":\"Person\",\"@id\":\"https:\\\/\\\/tdv.org\\\/tr-TR\\\/#\\\/schema\\\/person\\\/8dcf742852c4614c6fdadb92da159c05\",\"name\":\"U\u011fur\",\"image\":{\"@type\":\"ImageObject\",\"inLanguage\":\"tr\",\"@id\":\"https:\\\/\\\/tdv.org\\\/tr-TR\\\/wp-content\\\/litespeed\\\/avatar\\\/b970c0eba1124f8268544e2640bfa964.jpg?ver=1777289940\",\"url\":\"https:\\\/\\\/tdv.org\\\/tr-TR\\\/wp-content\\\/litespeed\\\/avatar\\\/b970c0eba1124f8268544e2640bfa964.jpg?ver=1777289940\",\"contentUrl\":\"https:\\\/\\\/tdv.org\\\/tr-TR\\\/wp-content\\\/litespeed\\\/avatar\\\/b970c0eba1124f8268544e2640bfa964.jpg?ver=1777289940\",\"caption\":\"U\u011fur\"}}]}<\/script>\n<!-- \/ Yoast SEO plugin. -->","yoast_head_json":{"title":"Kumbaralar\u0131n\u0131 \u201cHediyem Kur\u2019an Olsun\u201d kampanyas\u0131 i\u00e7in a\u00e7t\u0131lar","description":"Ankara Pursaklarda 4-6 ya\u015f Kur\u2019an kursu \u00f6\u011frencileri kumbaralar\u0131nda biriktirdikleri har\u00e7l\u0131klar\u0131 Diyanet \u0130\u015fleri Ba\u015fkanl\u0131\u011f\u0131 ve T\u00fcrkiye Diyanet Vakf\u0131n\u0131n i\u015f birli\u011finde y\u00fcr\u00fct\u00fclen \u201cHediyem Kur\u2019an Olsun\u201d kampanyas\u0131na ba\u011f\u0131\u015flad\u0131.","robots":{"index":"index","follow":"follow","max-snippet":"max-snippet:-1","max-image-preview":"max-image-preview:large","max-video-preview":"max-video-preview:-1"},"canonical":"https:\/\/tdv.org\/tr-TR\/kumbaralarini-hediyem-kuran-olsun-kampanyasi-icin-actilar\/","og_locale":"tr_TR","og_type":"article","og_title":"Kumbaralar\u0131n\u0131 \u201cHediyem Kur\u2019an Olsun\u201d kampanyas\u0131 i\u00e7in a\u00e7t\u0131lar","og_description":"Ankara Pursaklarda 4-6 ya\u015f Kur\u2019an kursu \u00f6\u011frencileri kumbaralar\u0131nda biriktirdikleri har\u00e7l\u0131klar\u0131 Diyanet \u0130\u015fleri Ba\u015fkanl\u0131\u011f\u0131 ve T\u00fcrkiye Diyanet Vakf\u0131n\u0131n i\u015f birli\u011finde y\u00fcr\u00fct\u00fclen \u201cHediyem Kur\u2019an Olsun\u201d kampanyas\u0131na ba\u011f\u0131\u015flad\u0131.","og_url":"https:\/\/tdv.org\/tr-TR\/kumbaralarini-hediyem-kuran-olsun-kampanyasi-icin-actilar\/","og_site_name":"T\u00fcrkiye Diyanet Vakf\u0131 Resmi Web Sitesi","article_publisher":"https:\/\/www.facebook.com\/Diyanetvakfi\/","article_published_time":"2022-04-02T07:08:08+00:00","article_modified_time":"2022-12-08T11:25:18+00:00","og_image":[{"width":2560,"height":1707,"url":"https:\/\/tdv.org\/tr-TR\/wp-content\/uploads\/2022\/04\/1-scaled.jpg","type":"image\/jpeg"}],"author":"U\u011fur","twitter_card":"summary_large_image","twitter_creator":"@DiyanetVakfi","twitter_site":"@DiyanetVakfi","schema":{"@context":"https:\/\/schema.org","@graph":[{"@type":"Article","@id":"https:\/\/tdv.org\/tr-TR\/kumbaralarini-hediyem-kuran-olsun-kampanyasi-icin-actilar\/#article","isPartOf":{"@id":"https:\/\/tdv.org\/tr-TR\/kumbaralarini-hediyem-kuran-olsun-kampanyasi-icin-actilar\/"},"author":{"name":"U\u011fur","@id":"https:\/\/tdv.org\/tr-TR\/#\/schema\/person\/8dcf742852c4614c6fdadb92da159c05"},"headline":"Kumbaralar\u0131n\u0131 \u201cHediyem Kur\u2019an Olsun\u201d kampanyas\u0131 i\u00e7in a\u00e7t\u0131lar","datePublished":"2022-04-02T07:08:08+00:00","dateModified":"2022-12-08T11:25:18+00:00","mainEntityOfPage":{"@id":"https:\/\/tdv.org\/tr-TR\/kumbaralarini-hediyem-kuran-olsun-kampanyasi-icin-actilar\/"},"wordCount":392,"commentCount":0,"publisher":{"@id":"https:\/\/tdv.org\/tr-TR\/#organization"},"image":{"@id":"https:\/\/tdv.org\/tr-TR\/kumbaralarini-hediyem-kuran-olsun-kampanyasi-icin-actilar\/#primaryimage"},"thumbnailUrl":"https:\/\/tdv.org\/tr-TR\/wp-content\/uploads\/2022\/04\/1-scaled.jpg","keywords":["4-6 ya\u015f kuran kursu","\u00e7ocuklar","har\u00e7l\u0131k","Hediyem Kur'an Olsun Projesi","Hediyem Kuran Olsun","kumbara","Kuran","\u00f6\u011frenci","pursaklar"],"articleSection":["Haberler"],"inLanguage":"tr","potentialAction":[{"@type":"CommentAction","name":"Comment","target":["https:\/\/tdv.org\/tr-TR\/kumbaralarini-hediyem-kuran-olsun-kampanyasi-icin-actilar\/#respond"]}]},{"@type":"WebPage","@id":"https:\/\/tdv.org\/tr-TR\/kumbaralarini-hediyem-kuran-olsun-kampanyasi-icin-actilar\/","url":"https:\/\/tdv.org\/tr-TR\/kumbaralarini-hediyem-kuran-olsun-kampanyasi-icin-actilar\/","name":"Kumbaralar\u0131n\u0131 \u201cHediyem Kur\u2019an Olsun\u201d kampanyas\u0131 i\u00e7in a\u00e7t\u0131lar","isPartOf":{"@id":"https:\/\/tdv.org\/tr-TR\/#website"},"primaryImageOfPage":{"@id":"https:\/\/tdv.org\/tr-TR\/kumbaralarini-hediyem-kuran-olsun-kampanyasi-icin-actilar\/#primaryimage"},"image":{"@id":"https:\/\/tdv.org\/tr-TR\/kumbaralarini-hediyem-kuran-olsun-kampanyasi-icin-actilar\/#primaryimage"},"thumbnailUrl":"https:\/\/tdv.org\/tr-TR\/wp-content\/uploads\/2022\/04\/1-scaled.jpg","datePublished":"2022-04-02T07:08:08+00:00","dateModified":"2022-12-08T11:25:18+00:00","description":"Ankara Pursaklarda 4-6 ya\u015f Kur\u2019an kursu \u00f6\u011frencileri kumbaralar\u0131nda biriktirdikleri har\u00e7l\u0131klar\u0131 Diyanet \u0130\u015fleri Ba\u015fkanl\u0131\u011f\u0131 ve T\u00fcrkiye Diyanet Vakf\u0131n\u0131n i\u015f birli\u011finde y\u00fcr\u00fct\u00fclen \u201cHediyem Kur\u2019an Olsun\u201d kampanyas\u0131na ba\u011f\u0131\u015flad\u0131.","breadcrumb":{"@id":"https:\/\/tdv.org\/tr-TR\/kumbaralarini-hediyem-kuran-olsun-kampanyasi-icin-actilar\/#breadcrumb"},"inLanguage":"tr","potentialAction":[{"@type":"ReadAction","target":["https:\/\/tdv.org\/tr-TR\/kumbaralarini-hediyem-kuran-olsun-kampanyasi-icin-actilar\/"]}]},{"@type":"ImageObject","inLanguage":"tr","@id":"https:\/\/tdv.org\/tr-TR\/kumbaralarini-hediyem-kuran-olsun-kampanyasi-icin-actilar\/#primaryimage","url":"https:\/\/tdv.org\/tr-TR\/wp-content\/uploads\/2022\/04\/1-scaled.jpg","contentUrl":"https:\/\/tdv.org\/tr-TR\/wp-content\/uploads\/2022\/04\/1-scaled.jpg","width":2560,"height":1707},{"@type":"BreadcrumbList","@id":"https:\/\/tdv.org\/tr-TR\/kumbaralarini-hediyem-kuran-olsun-kampanyasi-icin-actilar\/#breadcrumb","itemListElement":[{"@type":"ListItem","position":1,"name":"Anasayfa","item":"https:\/\/tdv.org\/tr-TR\/"},{"@type":"ListItem","position":2,"name":"Kumbaralar\u0131n\u0131 \u201cHediyem Kur\u2019an Olsun\u201d kampanyas\u0131 i\u00e7in a\u00e7t\u0131lar"}]},{"@type":"WebSite","@id":"https:\/\/tdv.org\/tr-TR\/#website","url":"https:\/\/tdv.org\/tr-TR\/","name":"T\u00fcrkiye Diyanet Vakf\u0131 Resmi Web Sitesi","description":"Yery\u00fcz\u00fcnde iyilik egemen oluncaya kadar","publisher":{"@id":"https:\/\/tdv.org\/tr-TR\/#organization"},"alternateName":"T\u00fcrkiye Diyanet Vakf\u0131","potentialAction":[{"@type":"SearchAction","target":{"@type":"EntryPoint","urlTemplate":"https:\/\/tdv.org\/tr-TR\/?s={search_term_string}"},"query-input":{"@type":"PropertyValueSpecification","valueRequired":true,"valueName":"search_term_string"}}],"inLanguage":"tr"},{"@type":"Organization","@id":"https:\/\/tdv.org\/tr-TR\/#organization","name":"T\u00fcrkiye Diyanet Vakf\u0131","alternateName":"T\u00fcrkiye Diyanet Vakf\u0131","url":"https:\/\/tdv.org\/tr-TR\/","logo":{"@type":"ImageObject","inLanguage":"tr","@id":"https:\/\/tdv.org\/tr-TR\/#\/schema\/logo\/image\/","url":"https:\/\/tdv.org\/tr-TR\/wp-content\/uploads\/2018\/12\/TDV_Logo_1.png","contentUrl":"https:\/\/tdv.org\/tr-TR\/wp-content\/uploads\/2018\/12\/TDV_Logo_1.png","width":207,"height":71,"caption":"T\u00fcrkiye Diyanet Vakf\u0131"},"image":{"@id":"https:\/\/tdv.org\/tr-TR\/#\/schema\/logo\/image\/"},"sameAs":["https:\/\/www.facebook.com\/Diyanetvakfi\/","https:\/\/x.com\/DiyanetVakfi","https:\/\/www.instagram.com\/turkiyediyanetvakfi\/","https:\/\/www.youtube.com\/user\/TurkiyeDiyanetVakfi"]},{"@type":"Person","@id":"https:\/\/tdv.org\/tr-TR\/#\/schema\/person\/8dcf742852c4614c6fdadb92da159c05","name":"U\u011fur","image":{"@type":"ImageObject","inLanguage":"tr","@id":"https:\/\/tdv.org\/tr-TR\/wp-content\/litespeed\/avatar\/b970c0eba1124f8268544e2640bfa964.jpg?ver=1777289940","url":"https:\/\/tdv.org\/tr-TR\/wp-content\/litespeed\/avatar\/b970c0eba1124f8268544e2640bfa964.jpg?ver=1777289940","contentUrl":"https:\/\/tdv.org\/tr-TR\/wp-content\/litespeed\/avatar\/b970c0eba1124f8268544e2640bfa964.jpg?ver=1777289940","caption":"U\u011fur"}}]}},"_links":{"self":[{"href":"https:\/\/tdv.org\/tr-TR\/wp-json\/wp\/v2\/posts\/19545","targetHints":{"allow":["GET"]}}],"collection":[{"href":"https:\/\/tdv.org\/tr-TR\/wp-json\/wp\/v2\/posts"}],"about":[{"href":"https:\/\/tdv.org\/tr-TR\/wp-json\/wp\/v2\/types\/post"}],"author":[{"embeddable":true,"href":"https:\/\/tdv.org\/tr-TR\/wp-json\/wp\/v2\/users\/7"}],"replies":[{"embeddable":true,"href":"https:\/\/tdv.org\/tr-TR\/wp-json\/wp\/v2\/comments?post=19545"}],"version-history":[{"count":2,"href":"https:\/\/tdv.org\/tr-TR\/wp-json\/wp\/v2\/posts\/19545\/revisions"}],"predecessor-version":[{"id":19553,"href":"https:\/\/tdv.org\/tr-TR\/wp-json\/wp\/v2\/posts\/19545\/revisions\/19553"}],"wp:featuredmedia":[{"embeddable":true,"href":"https:\/\/tdv.org\/tr-TR\/wp-json\/wp\/v2\/media\/19546"}],"wp:attachment":[{"href":"https:\/\/tdv.org\/tr-TR\/wp-json\/wp\/v2\/media?parent=19545"}],"wp:term":[{"taxonomy":"category","embeddable":true,"href":"https:\/\/tdv.org\/tr-TR\/wp-json\/wp\/v2\/categories?post=19545"},{"taxonomy":"post_tag","embeddable":true,"href":"https:\/\/tdv.org\/tr-TR\/wp-json\/wp\/v2\/tags?post=19545"}],"curies":[{"name":"wp","href":"https:\/\/api.w.org\/{rel}","templated":true}]}}