{"id":19555,"date":"2022-04-02T09:32:44","date_gmt":"2022-04-02T06:32:44","guid":{"rendered":"https:\/\/tdv.org\/tr-TR\/?p=19555"},"modified":"2022-12-08T14:43:57","modified_gmt":"2022-12-08T11:43:57","slug":"tdv-ve-ditib-kirgizistanda-gida-paketleri-dagitti","status":"publish","type":"post","link":"https:\/\/tdv.org\/tr-TR\/tdv-ve-ditib-kirgizistanda-gida-paketleri-dagitti\/","title":{"rendered":"TDV ve D\u0130T\u0130B K\u0131rg\u0131zistan&#8217;da g\u0131da paketleri da\u011f\u0131tt\u0131"},"content":{"rendered":"<p style=\"text-align: justify;\">Ramazan yard\u0131mlar\u0131 kapsam\u0131nda T\u00fcrkiye Diyanet Vakf\u0131 (TDV) ve Almanya Diyanet \u0130\u015fleri T\u00fcrk \u0130slam Birli\u011fi (D\u0130T\u0130B) K\u0131rg\u0131zistan&#8217;da ihtiya\u00e7 sahiplerine g\u0131da paketleri da\u011f\u0131tt\u0131.<\/p>\n<p style=\"text-align: justify;\">T\u00fcrkiye taraf\u0131ndan Bi\u015fkek&#8217;te in\u015fa edilen Merkez \u0130mam Serahsi Camisi&#8217;nin avlusunda haz\u0131rlanan g\u0131da paketleri, \u00fclkede g\u00f6rev yapan T\u00fcrk din g\u00f6revlileri taraf\u0131ndan ihtiya\u00e7 sahiplerine da\u011f\u0131t\u0131ld\u0131.<br \/>\nDin Hizmetleri M\u00fc\u015favirli\u011finin organizasyonunda haz\u0131rlanan g\u0131da paketlerin da\u011f\u0131t\u0131m program\u0131na<\/p>\n<p style=\"text-align: justify;\">T\u00fcrkiye&#8217;nin Bi\u015fkek B\u00fcy\u00fckel\u00e7isi Ahmet Sad\u0131k Do\u011fan ve B\u00fcy\u00fckel\u00e7ili\u011fin Din Hizmetleri M\u00fc\u015faviri M\u00fcrsel \u00d6zt\u00fcrk kat\u0131ld\u0131.<\/p>\n<p style=\"text-align: justify;\">Do\u011fan, yapt\u0131\u011f\u0131 a\u00e7\u0131klamada, &#8220;Bu yard\u0131m faaliyetinin d\u00fczenleyicilerinden olan Almanya&#8217;daki vatanda\u015flar\u0131m\u0131za \u00e7ok te\u015fekk\u00fcr ediyorum. Yard\u0131mlar\u0131n\u0131z gerekti\u011fi yere ula\u015ft\u0131.&#8221; dedi.<\/p>\n<p style=\"text-align: justify;\">Do\u011fan, K\u0131rg\u0131zistan&#8217;\u0131n ba\u015fkenti Bi\u015fkek ile \u00d6zgen \u015fehirlerinde T\u00fcrkiye Diyanet Vakf\u0131 taraf\u0131ndan yapt\u0131r\u0131lan \u0130mam Serahsi camilerinde ramazan boyunca faaliyetler d\u00fczenleyeceklerini belirtti.<\/p>\n\n\t\t<style type=\"text\/css\">\n\t\t\t#gallery-1 {\n\t\t\t\tmargin: auto;\n\t\t\t}\n\t\t\t#gallery-1 .gallery-item {\n\t\t\t\tfloat: left;\n\t\t\t\tmargin-top: 10px;\n\t\t\t\ttext-align: center;\n\t\t\t\twidth: 33%;\n\t\t\t}\n\t\t\t#gallery-1 img {\n\t\t\t\tborder: 2px solid #cfcfcf;\n\t\t\t}\n\t\t\t#gallery-1 .gallery-caption {\n\t\t\t\tmargin-left: 0;\n\t\t\t}\n\t\t\t\/* see gallery_shortcode() in wp-includes\/media.php *\/\n\t\t<\/style>\n\t\t<div id='gallery-1' class='gallery galleryid-19555 gallery-columns-3 gallery-size-thumbnail'><dl class='gallery-item'>\n\t\t\t<dt class='gallery-icon landscape'>\n\t\t\t\t<a href='https:\/\/tdv.org\/tr-TR\/wp-content\/uploads\/2022\/04\/20220401_2_52904990_75367988-scaled.jpg'><img decoding=\"async\" width=\"150\" height=\"150\" src=\"https:\/\/tdv.org\/tr-TR\/wp-content\/uploads\/2022\/04\/20220401_2_52904990_75367988-150x150.jpg\" class=\"attachment-thumbnail size-thumbnail\" alt=\"\" srcset=\"https:\/\/tdv.org\/tr-TR\/wp-content\/uploads\/2022\/04\/20220401_2_52904990_75367988-150x150.jpg 150w, https:\/\/tdv.org\/tr-TR\/wp-content\/uploads\/2022\/04\/20220401_2_52904990_75367988-100x100.jpg 100w, https:\/\/tdv.org\/tr-TR\/wp-content\/uploads\/2022\/04\/20220401_2_52904990_75367988-140x140.jpg 140w, https:\/\/tdv.org\/tr-TR\/wp-content\/uploads\/2022\/04\/20220401_2_52904990_75367988-500x500.jpg 500w, https:\/\/tdv.org\/tr-TR\/wp-content\/uploads\/2022\/04\/20220401_2_52904990_75367988-350x350.jpg 350w, https:\/\/tdv.org\/tr-TR\/wp-content\/uploads\/2022\/04\/20220401_2_52904990_75367988-1000x1000.jpg 1000w, https:\/\/tdv.org\/tr-TR\/wp-content\/uploads\/2022\/04\/20220401_2_52904990_75367988-800x800.jpg 800w\" sizes=\"(max-width: 150px) 100vw, 150px\" \/><\/a>\n\t\t\t<\/dt><\/dl><dl class='gallery-item'>\n\t\t\t<dt class='gallery-icon landscape'>\n\t\t\t\t<a href='https:\/\/tdv.org\/tr-TR\/wp-content\/uploads\/2022\/04\/20220401_2_52904990_75367989-scaled.jpg'><img decoding=\"async\" width=\"150\" height=\"150\" src=\"https:\/\/tdv.org\/tr-TR\/wp-content\/uploads\/2022\/04\/20220401_2_52904990_75367989-150x150.jpg\" class=\"attachment-thumbnail size-thumbnail\" alt=\"\" srcset=\"https:\/\/tdv.org\/tr-TR\/wp-content\/uploads\/2022\/04\/20220401_2_52904990_75367989-150x150.jpg 150w, https:\/\/tdv.org\/tr-TR\/wp-content\/uploads\/2022\/04\/20220401_2_52904990_75367989-100x100.jpg 100w, https:\/\/tdv.org\/tr-TR\/wp-content\/uploads\/2022\/04\/20220401_2_52904990_75367989-140x140.jpg 140w, https:\/\/tdv.org\/tr-TR\/wp-content\/uploads\/2022\/04\/20220401_2_52904990_75367989-500x500.jpg 500w, https:\/\/tdv.org\/tr-TR\/wp-content\/uploads\/2022\/04\/20220401_2_52904990_75367989-350x350.jpg 350w, https:\/\/tdv.org\/tr-TR\/wp-content\/uploads\/2022\/04\/20220401_2_52904990_75367989-1000x1000.jpg 1000w, https:\/\/tdv.org\/tr-TR\/wp-content\/uploads\/2022\/04\/20220401_2_52904990_75367989-800x800.jpg 800w\" sizes=\"(max-width: 150px) 100vw, 150px\" \/><\/a>\n\t\t\t<\/dt><\/dl><dl class='gallery-item'>\n\t\t\t<dt class='gallery-icon landscape'>\n\t\t\t\t<a href='https:\/\/tdv.org\/tr-TR\/wp-content\/uploads\/2022\/04\/20220401_2_52904990_75367990-scaled.jpg'><img decoding=\"async\" width=\"150\" height=\"150\" src=\"https:\/\/tdv.org\/tr-TR\/wp-content\/uploads\/2022\/04\/20220401_2_52904990_75367990-150x150.jpg\" class=\"attachment-thumbnail size-thumbnail\" alt=\"\" srcset=\"https:\/\/tdv.org\/tr-TR\/wp-content\/uploads\/2022\/04\/20220401_2_52904990_75367990-150x150.jpg 150w, https:\/\/tdv.org\/tr-TR\/wp-content\/uploads\/2022\/04\/20220401_2_52904990_75367990-100x100.jpg 100w, https:\/\/tdv.org\/tr-TR\/wp-content\/uploads\/2022\/04\/20220401_2_52904990_75367990-140x140.jpg 140w, https:\/\/tdv.org\/tr-TR\/wp-content\/uploads\/2022\/04\/20220401_2_52904990_75367990-500x500.jpg 500w, https:\/\/tdv.org\/tr-TR\/wp-content\/uploads\/2022\/04\/20220401_2_52904990_75367990-350x350.jpg 350w, https:\/\/tdv.org\/tr-TR\/wp-content\/uploads\/2022\/04\/20220401_2_52904990_75367990-1000x1000.jpg 1000w, https:\/\/tdv.org\/tr-TR\/wp-content\/uploads\/2022\/04\/20220401_2_52904990_75367990-800x800.jpg 800w\" sizes=\"(max-width: 150px) 100vw, 150px\" \/><\/a>\n\t\t\t<\/dt><\/dl><br style=\"clear: both\" \/><dl class='gallery-item'>\n\t\t\t<dt class='gallery-icon landscape'>\n\t\t\t\t<a href='https:\/\/tdv.org\/tr-TR\/wp-content\/uploads\/2022\/04\/20220401_2_52904990_75367991-scaled.jpg'><img decoding=\"async\" width=\"150\" height=\"150\" src=\"https:\/\/tdv.org\/tr-TR\/wp-content\/uploads\/2022\/04\/20220401_2_52904990_75367991-150x150.jpg\" class=\"attachment-thumbnail size-thumbnail\" alt=\"\" srcset=\"https:\/\/tdv.org\/tr-TR\/wp-content\/uploads\/2022\/04\/20220401_2_52904990_75367991-150x150.jpg 150w, https:\/\/tdv.org\/tr-TR\/wp-content\/uploads\/2022\/04\/20220401_2_52904990_75367991-100x100.jpg 100w, https:\/\/tdv.org\/tr-TR\/wp-content\/uploads\/2022\/04\/20220401_2_52904990_75367991-140x140.jpg 140w, https:\/\/tdv.org\/tr-TR\/wp-content\/uploads\/2022\/04\/20220401_2_52904990_75367991-500x500.jpg 500w, https:\/\/tdv.org\/tr-TR\/wp-content\/uploads\/2022\/04\/20220401_2_52904990_75367991-350x350.jpg 350w, https:\/\/tdv.org\/tr-TR\/wp-content\/uploads\/2022\/04\/20220401_2_52904990_75367991-1000x1000.jpg 1000w, https:\/\/tdv.org\/tr-TR\/wp-content\/uploads\/2022\/04\/20220401_2_52904990_75367991-800x800.jpg 800w\" sizes=\"(max-width: 150px) 100vw, 150px\" \/><\/a>\n\t\t\t<\/dt><\/dl>\n\t\t\t<br style='clear: both' \/>\n\t\t<\/div>\n\n","protected":false},"excerpt":{"rendered":"<p>Ramazan yard\u0131mlar\u0131 kapsam\u0131nda T\u00fcrkiye Diyanet Vakf\u0131 (TDV) ve Almanya Diyanet \u0130\u015fleri T\u00fcrk \u0130slam Birli\u011fi (D\u0130T\u0130B) K\u0131rg\u0131zistan&#8217;da ihtiya\u00e7 sahiplerine g\u0131da paketleri da\u011f\u0131tt\u0131. T\u00fcrkiye taraf\u0131ndan Bi\u015fkek&#8217;te in\u015fa edilen Merkez \u0130mam Serahsi Camisi&#8217;nin&#8230;<\/p>\n","protected":false},"author":7,"featured_media":19559,"comment_status":"open","ping_status":"closed","sticky":false,"template":"","format":"standard","meta":{"footnotes":""},"categories":[1],"tags":[641,613,199,107,478],"class_list":{"0":"post-19555","1":"post","2":"type-post","3":"status-publish","4":"format-standard","5":"has-post-thumbnail","7":"category-haberler","8":"tag-beklenen-sensin","9":"tag-gida-kolisi","10":"tag-kirgizistan","11":"tag-ramazan","12":"tag-yardim"},"yoast_head":"<!-- This site is optimized with the Yoast SEO plugin v27.5 - https:\/\/yoast.com\/product\/yoast-seo-wordpress\/ -->\n<title>TDV ve D\u0130T\u0130B K\u0131rg\u0131zistan&#039;da g\u0131da paketleri da\u011f\u0131tt\u0131<\/title>\n<meta name=\"description\" content=\"Ramazan yard\u0131mlar\u0131 kapsam\u0131nda T\u00fcrkiye Diyanet Vakf\u0131 (TDV) ve Almanya Diyanet \u0130\u015fleri T\u00fcrk \u0130slam Birli\u011fi (D\u0130T\u0130B) K\u0131rg\u0131zistan&#039;da ihtiya\u00e7 sahiplerine g\u0131da paketleri da\u011f\u0131tt\u0131.\" \/>\n<meta name=\"robots\" content=\"index, follow, max-snippet:-1, max-image-preview:large, max-video-preview:-1\" \/>\n<link rel=\"canonical\" href=\"https:\/\/tdv.org\/tr-TR\/tdv-ve-ditib-kirgizistanda-gida-paketleri-dagitti\/\" \/>\n<meta property=\"og:locale\" content=\"tr_TR\" \/>\n<meta property=\"og:type\" content=\"article\" \/>\n<meta property=\"og:title\" content=\"TDV ve D\u0130T\u0130B K\u0131rg\u0131zistan&#039;da g\u0131da paketleri da\u011f\u0131tt\u0131\" \/>\n<meta property=\"og:description\" content=\"Ramazan yard\u0131mlar\u0131 kapsam\u0131nda T\u00fcrkiye Diyanet Vakf\u0131 (TDV) ve Almanya Diyanet \u0130\u015fleri T\u00fcrk \u0130slam Birli\u011fi (D\u0130T\u0130B) K\u0131rg\u0131zistan&#039;da ihtiya\u00e7 sahiplerine g\u0131da paketleri da\u011f\u0131tt\u0131.\" \/>\n<meta property=\"og:url\" content=\"https:\/\/tdv.org\/tr-TR\/tdv-ve-ditib-kirgizistanda-gida-paketleri-dagitti\/\" \/>\n<meta property=\"og:site_name\" content=\"T\u00fcrkiye Diyanet Vakf\u0131 Resmi Web Sitesi\" \/>\n<meta property=\"article:publisher\" content=\"https:\/\/www.facebook.com\/Diyanetvakfi\/\" \/>\n<meta property=\"article:published_time\" content=\"2022-04-02T06:32:44+00:00\" \/>\n<meta property=\"article:modified_time\" content=\"2022-12-08T11:43:57+00:00\" \/>\n<meta property=\"og:image\" content=\"https:\/\/tdv.org\/tr-TR\/wp-content\/uploads\/2022\/04\/20220401_2_52904990_75367991-scaled.jpg\" \/>\n\t<meta property=\"og:image:width\" content=\"2560\" \/>\n\t<meta property=\"og:image:height\" content=\"1700\" \/>\n\t<meta property=\"og:image:type\" content=\"image\/jpeg\" \/>\n<meta name=\"author\" content=\"U\u011fur\" \/>\n<meta name=\"twitter:card\" content=\"summary_large_image\" \/>\n<meta name=\"twitter:creator\" content=\"@DiyanetVakfi\" \/>\n<meta name=\"twitter:site\" content=\"@DiyanetVakfi\" \/>\n<script type=\"application\/ld+json\" class=\"yoast-schema-graph\">{\"@context\":\"https:\\\/\\\/schema.org\",\"@graph\":[{\"@type\":\"Article\",\"@id\":\"https:\\\/\\\/tdv.org\\\/tr-TR\\\/tdv-ve-ditib-kirgizistanda-gida-paketleri-dagitti\\\/#article\",\"isPartOf\":{\"@id\":\"https:\\\/\\\/tdv.org\\\/tr-TR\\\/tdv-ve-ditib-kirgizistanda-gida-paketleri-dagitti\\\/\"},\"author\":{\"name\":\"U\u011fur\",\"@id\":\"https:\\\/\\\/tdv.org\\\/tr-TR\\\/#\\\/schema\\\/person\\\/8dcf742852c4614c6fdadb92da159c05\"},\"headline\":\"TDV ve D\u0130T\u0130B K\u0131rg\u0131zistan&#8217;da g\u0131da paketleri da\u011f\u0131tt\u0131\",\"datePublished\":\"2022-04-02T06:32:44+00:00\",\"dateModified\":\"2022-12-08T11:43:57+00:00\",\"mainEntityOfPage\":{\"@id\":\"https:\\\/\\\/tdv.org\\\/tr-TR\\\/tdv-ve-ditib-kirgizistanda-gida-paketleri-dagitti\\\/\"},\"wordCount\":198,\"commentCount\":0,\"publisher\":{\"@id\":\"https:\\\/\\\/tdv.org\\\/tr-TR\\\/#organization\"},\"image\":{\"@id\":\"https:\\\/\\\/tdv.org\\\/tr-TR\\\/tdv-ve-ditib-kirgizistanda-gida-paketleri-dagitti\\\/#primaryimage\"},\"thumbnailUrl\":\"https:\\\/\\\/tdv.org\\\/tr-TR\\\/wp-content\\\/uploads\\\/2022\\\/04\\\/20220401_2_52904990_75367991-scaled.jpg\",\"keywords\":[\"beklenen sensin\",\"g\u0131da kolisi\",\"K\u0131rg\u0131zistan\",\"ramazan\",\"yard\u0131m\"],\"articleSection\":[\"Haberler\"],\"inLanguage\":\"tr\",\"potentialAction\":[{\"@type\":\"CommentAction\",\"name\":\"Comment\",\"target\":[\"https:\\\/\\\/tdv.org\\\/tr-TR\\\/tdv-ve-ditib-kirgizistanda-gida-paketleri-dagitti\\\/#respond\"]}]},{\"@type\":\"WebPage\",\"@id\":\"https:\\\/\\\/tdv.org\\\/tr-TR\\\/tdv-ve-ditib-kirgizistanda-gida-paketleri-dagitti\\\/\",\"url\":\"https:\\\/\\\/tdv.org\\\/tr-TR\\\/tdv-ve-ditib-kirgizistanda-gida-paketleri-dagitti\\\/\",\"name\":\"TDV ve D\u0130T\u0130B K\u0131rg\u0131zistan'da g\u0131da paketleri da\u011f\u0131tt\u0131\",\"isPartOf\":{\"@id\":\"https:\\\/\\\/tdv.org\\\/tr-TR\\\/#website\"},\"primaryImageOfPage\":{\"@id\":\"https:\\\/\\\/tdv.org\\\/tr-TR\\\/tdv-ve-ditib-kirgizistanda-gida-paketleri-dagitti\\\/#primaryimage\"},\"image\":{\"@id\":\"https:\\\/\\\/tdv.org\\\/tr-TR\\\/tdv-ve-ditib-kirgizistanda-gida-paketleri-dagitti\\\/#primaryimage\"},\"thumbnailUrl\":\"https:\\\/\\\/tdv.org\\\/tr-TR\\\/wp-content\\\/uploads\\\/2022\\\/04\\\/20220401_2_52904990_75367991-scaled.jpg\",\"datePublished\":\"2022-04-02T06:32:44+00:00\",\"dateModified\":\"2022-12-08T11:43:57+00:00\",\"description\":\"Ramazan yard\u0131mlar\u0131 kapsam\u0131nda T\u00fcrkiye Diyanet Vakf\u0131 (TDV) ve Almanya Diyanet \u0130\u015fleri T\u00fcrk \u0130slam Birli\u011fi (D\u0130T\u0130B) K\u0131rg\u0131zistan'da ihtiya\u00e7 sahiplerine g\u0131da paketleri da\u011f\u0131tt\u0131.\",\"breadcrumb\":{\"@id\":\"https:\\\/\\\/tdv.org\\\/tr-TR\\\/tdv-ve-ditib-kirgizistanda-gida-paketleri-dagitti\\\/#breadcrumb\"},\"inLanguage\":\"tr\",\"potentialAction\":[{\"@type\":\"ReadAction\",\"target\":[\"https:\\\/\\\/tdv.org\\\/tr-TR\\\/tdv-ve-ditib-kirgizistanda-gida-paketleri-dagitti\\\/\"]}]},{\"@type\":\"ImageObject\",\"inLanguage\":\"tr\",\"@id\":\"https:\\\/\\\/tdv.org\\\/tr-TR\\\/tdv-ve-ditib-kirgizistanda-gida-paketleri-dagitti\\\/#primaryimage\",\"url\":\"https:\\\/\\\/tdv.org\\\/tr-TR\\\/wp-content\\\/uploads\\\/2022\\\/04\\\/20220401_2_52904990_75367991-scaled.jpg\",\"contentUrl\":\"https:\\\/\\\/tdv.org\\\/tr-TR\\\/wp-content\\\/uploads\\\/2022\\\/04\\\/20220401_2_52904990_75367991-scaled.jpg\",\"width\":2560,\"height\":1700},{\"@type\":\"BreadcrumbList\",\"@id\":\"https:\\\/\\\/tdv.org\\\/tr-TR\\\/tdv-ve-ditib-kirgizistanda-gida-paketleri-dagitti\\\/#breadcrumb\",\"itemListElement\":[{\"@type\":\"ListItem\",\"position\":1,\"name\":\"Anasayfa\",\"item\":\"https:\\\/\\\/tdv.org\\\/tr-TR\\\/\"},{\"@type\":\"ListItem\",\"position\":2,\"name\":\"TDV ve D\u0130T\u0130B K\u0131rg\u0131zistan&#8217;da g\u0131da paketleri da\u011f\u0131tt\u0131\"}]},{\"@type\":\"WebSite\",\"@id\":\"https:\\\/\\\/tdv.org\\\/tr-TR\\\/#website\",\"url\":\"https:\\\/\\\/tdv.org\\\/tr-TR\\\/\",\"name\":\"T\u00fcrkiye Diyanet Vakf\u0131 Resmi Web Sitesi\",\"description\":\"Yery\u00fcz\u00fcnde iyilik egemen oluncaya kadar\",\"publisher\":{\"@id\":\"https:\\\/\\\/tdv.org\\\/tr-TR\\\/#organization\"},\"alternateName\":\"T\u00fcrkiye Diyanet Vakf\u0131\",\"potentialAction\":[{\"@type\":\"SearchAction\",\"target\":{\"@type\":\"EntryPoint\",\"urlTemplate\":\"https:\\\/\\\/tdv.org\\\/tr-TR\\\/?s={search_term_string}\"},\"query-input\":{\"@type\":\"PropertyValueSpecification\",\"valueRequired\":true,\"valueName\":\"search_term_string\"}}],\"inLanguage\":\"tr\"},{\"@type\":\"Organization\",\"@id\":\"https:\\\/\\\/tdv.org\\\/tr-TR\\\/#organization\",\"name\":\"T\u00fcrkiye Diyanet Vakf\u0131\",\"alternateName\":\"T\u00fcrkiye Diyanet Vakf\u0131\",\"url\":\"https:\\\/\\\/tdv.org\\\/tr-TR\\\/\",\"logo\":{\"@type\":\"ImageObject\",\"inLanguage\":\"tr\",\"@id\":\"https:\\\/\\\/tdv.org\\\/tr-TR\\\/#\\\/schema\\\/logo\\\/image\\\/\",\"url\":\"https:\\\/\\\/tdv.org\\\/tr-TR\\\/wp-content\\\/uploads\\\/2018\\\/12\\\/TDV_Logo_1.png\",\"contentUrl\":\"https:\\\/\\\/tdv.org\\\/tr-TR\\\/wp-content\\\/uploads\\\/2018\\\/12\\\/TDV_Logo_1.png\",\"width\":207,\"height\":71,\"caption\":\"T\u00fcrkiye Diyanet Vakf\u0131\"},\"image\":{\"@id\":\"https:\\\/\\\/tdv.org\\\/tr-TR\\\/#\\\/schema\\\/logo\\\/image\\\/\"},\"sameAs\":[\"https:\\\/\\\/www.facebook.com\\\/Diyanetvakfi\\\/\",\"https:\\\/\\\/x.com\\\/DiyanetVakfi\",\"https:\\\/\\\/www.instagram.com\\\/turkiyediyanetvakfi\\\/\",\"https:\\\/\\\/www.youtube.com\\\/user\\\/TurkiyeDiyanetVakfi\"]},{\"@type\":\"Person\",\"@id\":\"https:\\\/\\\/tdv.org\\\/tr-TR\\\/#\\\/schema\\\/person\\\/8dcf742852c4614c6fdadb92da159c05\",\"name\":\"U\u011fur\",\"image\":{\"@type\":\"ImageObject\",\"inLanguage\":\"tr\",\"@id\":\"https:\\\/\\\/tdv.org\\\/tr-TR\\\/wp-content\\\/litespeed\\\/avatar\\\/b970c0eba1124f8268544e2640bfa964.jpg?ver=1777289940\",\"url\":\"https:\\\/\\\/tdv.org\\\/tr-TR\\\/wp-content\\\/litespeed\\\/avatar\\\/b970c0eba1124f8268544e2640bfa964.jpg?ver=1777289940\",\"contentUrl\":\"https:\\\/\\\/tdv.org\\\/tr-TR\\\/wp-content\\\/litespeed\\\/avatar\\\/b970c0eba1124f8268544e2640bfa964.jpg?ver=1777289940\",\"caption\":\"U\u011fur\"}}]}<\/script>\n<!-- \/ Yoast SEO plugin. -->","yoast_head_json":{"title":"TDV ve D\u0130T\u0130B K\u0131rg\u0131zistan'da g\u0131da paketleri da\u011f\u0131tt\u0131","description":"Ramazan yard\u0131mlar\u0131 kapsam\u0131nda T\u00fcrkiye Diyanet Vakf\u0131 (TDV) ve Almanya Diyanet \u0130\u015fleri T\u00fcrk \u0130slam Birli\u011fi (D\u0130T\u0130B) K\u0131rg\u0131zistan'da ihtiya\u00e7 sahiplerine g\u0131da paketleri da\u011f\u0131tt\u0131.","robots":{"index":"index","follow":"follow","max-snippet":"max-snippet:-1","max-image-preview":"max-image-preview:large","max-video-preview":"max-video-preview:-1"},"canonical":"https:\/\/tdv.org\/tr-TR\/tdv-ve-ditib-kirgizistanda-gida-paketleri-dagitti\/","og_locale":"tr_TR","og_type":"article","og_title":"TDV ve D\u0130T\u0130B K\u0131rg\u0131zistan'da g\u0131da paketleri da\u011f\u0131tt\u0131","og_description":"Ramazan yard\u0131mlar\u0131 kapsam\u0131nda T\u00fcrkiye Diyanet Vakf\u0131 (TDV) ve Almanya Diyanet \u0130\u015fleri T\u00fcrk \u0130slam Birli\u011fi (D\u0130T\u0130B) K\u0131rg\u0131zistan'da ihtiya\u00e7 sahiplerine g\u0131da paketleri da\u011f\u0131tt\u0131.","og_url":"https:\/\/tdv.org\/tr-TR\/tdv-ve-ditib-kirgizistanda-gida-paketleri-dagitti\/","og_site_name":"T\u00fcrkiye Diyanet Vakf\u0131 Resmi Web Sitesi","article_publisher":"https:\/\/www.facebook.com\/Diyanetvakfi\/","article_published_time":"2022-04-02T06:32:44+00:00","article_modified_time":"2022-12-08T11:43:57+00:00","og_image":[{"width":2560,"height":1700,"url":"https:\/\/tdv.org\/tr-TR\/wp-content\/uploads\/2022\/04\/20220401_2_52904990_75367991-scaled.jpg","type":"image\/jpeg"}],"author":"U\u011fur","twitter_card":"summary_large_image","twitter_creator":"@DiyanetVakfi","twitter_site":"@DiyanetVakfi","schema":{"@context":"https:\/\/schema.org","@graph":[{"@type":"Article","@id":"https:\/\/tdv.org\/tr-TR\/tdv-ve-ditib-kirgizistanda-gida-paketleri-dagitti\/#article","isPartOf":{"@id":"https:\/\/tdv.org\/tr-TR\/tdv-ve-ditib-kirgizistanda-gida-paketleri-dagitti\/"},"author":{"name":"U\u011fur","@id":"https:\/\/tdv.org\/tr-TR\/#\/schema\/person\/8dcf742852c4614c6fdadb92da159c05"},"headline":"TDV ve D\u0130T\u0130B K\u0131rg\u0131zistan&#8217;da g\u0131da paketleri da\u011f\u0131tt\u0131","datePublished":"2022-04-02T06:32:44+00:00","dateModified":"2022-12-08T11:43:57+00:00","mainEntityOfPage":{"@id":"https:\/\/tdv.org\/tr-TR\/tdv-ve-ditib-kirgizistanda-gida-paketleri-dagitti\/"},"wordCount":198,"commentCount":0,"publisher":{"@id":"https:\/\/tdv.org\/tr-TR\/#organization"},"image":{"@id":"https:\/\/tdv.org\/tr-TR\/tdv-ve-ditib-kirgizistanda-gida-paketleri-dagitti\/#primaryimage"},"thumbnailUrl":"https:\/\/tdv.org\/tr-TR\/wp-content\/uploads\/2022\/04\/20220401_2_52904990_75367991-scaled.jpg","keywords":["beklenen sensin","g\u0131da kolisi","K\u0131rg\u0131zistan","ramazan","yard\u0131m"],"articleSection":["Haberler"],"inLanguage":"tr","potentialAction":[{"@type":"CommentAction","name":"Comment","target":["https:\/\/tdv.org\/tr-TR\/tdv-ve-ditib-kirgizistanda-gida-paketleri-dagitti\/#respond"]}]},{"@type":"WebPage","@id":"https:\/\/tdv.org\/tr-TR\/tdv-ve-ditib-kirgizistanda-gida-paketleri-dagitti\/","url":"https:\/\/tdv.org\/tr-TR\/tdv-ve-ditib-kirgizistanda-gida-paketleri-dagitti\/","name":"TDV ve D\u0130T\u0130B K\u0131rg\u0131zistan'da g\u0131da paketleri da\u011f\u0131tt\u0131","isPartOf":{"@id":"https:\/\/tdv.org\/tr-TR\/#website"},"primaryImageOfPage":{"@id":"https:\/\/tdv.org\/tr-TR\/tdv-ve-ditib-kirgizistanda-gida-paketleri-dagitti\/#primaryimage"},"image":{"@id":"https:\/\/tdv.org\/tr-TR\/tdv-ve-ditib-kirgizistanda-gida-paketleri-dagitti\/#primaryimage"},"thumbnailUrl":"https:\/\/tdv.org\/tr-TR\/wp-content\/uploads\/2022\/04\/20220401_2_52904990_75367991-scaled.jpg","datePublished":"2022-04-02T06:32:44+00:00","dateModified":"2022-12-08T11:43:57+00:00","description":"Ramazan yard\u0131mlar\u0131 kapsam\u0131nda T\u00fcrkiye Diyanet Vakf\u0131 (TDV) ve Almanya Diyanet \u0130\u015fleri T\u00fcrk \u0130slam Birli\u011fi (D\u0130T\u0130B) K\u0131rg\u0131zistan'da ihtiya\u00e7 sahiplerine g\u0131da paketleri da\u011f\u0131tt\u0131.","breadcrumb":{"@id":"https:\/\/tdv.org\/tr-TR\/tdv-ve-ditib-kirgizistanda-gida-paketleri-dagitti\/#breadcrumb"},"inLanguage":"tr","potentialAction":[{"@type":"ReadAction","target":["https:\/\/tdv.org\/tr-TR\/tdv-ve-ditib-kirgizistanda-gida-paketleri-dagitti\/"]}]},{"@type":"ImageObject","inLanguage":"tr","@id":"https:\/\/tdv.org\/tr-TR\/tdv-ve-ditib-kirgizistanda-gida-paketleri-dagitti\/#primaryimage","url":"https:\/\/tdv.org\/tr-TR\/wp-content\/uploads\/2022\/04\/20220401_2_52904990_75367991-scaled.jpg","contentUrl":"https:\/\/tdv.org\/tr-TR\/wp-content\/uploads\/2022\/04\/20220401_2_52904990_75367991-scaled.jpg","width":2560,"height":1700},{"@type":"BreadcrumbList","@id":"https:\/\/tdv.org\/tr-TR\/tdv-ve-ditib-kirgizistanda-gida-paketleri-dagitti\/#breadcrumb","itemListElement":[{"@type":"ListItem","position":1,"name":"Anasayfa","item":"https:\/\/tdv.org\/tr-TR\/"},{"@type":"ListItem","position":2,"name":"TDV ve D\u0130T\u0130B K\u0131rg\u0131zistan&#8217;da g\u0131da paketleri da\u011f\u0131tt\u0131"}]},{"@type":"WebSite","@id":"https:\/\/tdv.org\/tr-TR\/#website","url":"https:\/\/tdv.org\/tr-TR\/","name":"T\u00fcrkiye Diyanet Vakf\u0131 Resmi Web Sitesi","description":"Yery\u00fcz\u00fcnde iyilik egemen oluncaya kadar","publisher":{"@id":"https:\/\/tdv.org\/tr-TR\/#organization"},"alternateName":"T\u00fcrkiye Diyanet Vakf\u0131","potentialAction":[{"@type":"SearchAction","target":{"@type":"EntryPoint","urlTemplate":"https:\/\/tdv.org\/tr-TR\/?s={search_term_string}"},"query-input":{"@type":"PropertyValueSpecification","valueRequired":true,"valueName":"search_term_string"}}],"inLanguage":"tr"},{"@type":"Organization","@id":"https:\/\/tdv.org\/tr-TR\/#organization","name":"T\u00fcrkiye Diyanet Vakf\u0131","alternateName":"T\u00fcrkiye Diyanet Vakf\u0131","url":"https:\/\/tdv.org\/tr-TR\/","logo":{"@type":"ImageObject","inLanguage":"tr","@id":"https:\/\/tdv.org\/tr-TR\/#\/schema\/logo\/image\/","url":"https:\/\/tdv.org\/tr-TR\/wp-content\/uploads\/2018\/12\/TDV_Logo_1.png","contentUrl":"https:\/\/tdv.org\/tr-TR\/wp-content\/uploads\/2018\/12\/TDV_Logo_1.png","width":207,"height":71,"caption":"T\u00fcrkiye Diyanet Vakf\u0131"},"image":{"@id":"https:\/\/tdv.org\/tr-TR\/#\/schema\/logo\/image\/"},"sameAs":["https:\/\/www.facebook.com\/Diyanetvakfi\/","https:\/\/x.com\/DiyanetVakfi","https:\/\/www.instagram.com\/turkiyediyanetvakfi\/","https:\/\/www.youtube.com\/user\/TurkiyeDiyanetVakfi"]},{"@type":"Person","@id":"https:\/\/tdv.org\/tr-TR\/#\/schema\/person\/8dcf742852c4614c6fdadb92da159c05","name":"U\u011fur","image":{"@type":"ImageObject","inLanguage":"tr","@id":"https:\/\/tdv.org\/tr-TR\/wp-content\/litespeed\/avatar\/b970c0eba1124f8268544e2640bfa964.jpg?ver=1777289940","url":"https:\/\/tdv.org\/tr-TR\/wp-content\/litespeed\/avatar\/b970c0eba1124f8268544e2640bfa964.jpg?ver=1777289940","contentUrl":"https:\/\/tdv.org\/tr-TR\/wp-content\/litespeed\/avatar\/b970c0eba1124f8268544e2640bfa964.jpg?ver=1777289940","caption":"U\u011fur"}}]}},"_links":{"self":[{"href":"https:\/\/tdv.org\/tr-TR\/wp-json\/wp\/v2\/posts\/19555","targetHints":{"allow":["GET"]}}],"collection":[{"href":"https:\/\/tdv.org\/tr-TR\/wp-json\/wp\/v2\/posts"}],"about":[{"href":"https:\/\/tdv.org\/tr-TR\/wp-json\/wp\/v2\/types\/post"}],"author":[{"embeddable":true,"href":"https:\/\/tdv.org\/tr-TR\/wp-json\/wp\/v2\/users\/7"}],"replies":[{"embeddable":true,"href":"https:\/\/tdv.org\/tr-TR\/wp-json\/wp\/v2\/comments?post=19555"}],"version-history":[{"count":1,"href":"https:\/\/tdv.org\/tr-TR\/wp-json\/wp\/v2\/posts\/19555\/revisions"}],"predecessor-version":[{"id":19560,"href":"https:\/\/tdv.org\/tr-TR\/wp-json\/wp\/v2\/posts\/19555\/revisions\/19560"}],"wp:featuredmedia":[{"embeddable":true,"href":"https:\/\/tdv.org\/tr-TR\/wp-json\/wp\/v2\/media\/19559"}],"wp:attachment":[{"href":"https:\/\/tdv.org\/tr-TR\/wp-json\/wp\/v2\/media?parent=19555"}],"wp:term":[{"taxonomy":"category","embeddable":true,"href":"https:\/\/tdv.org\/tr-TR\/wp-json\/wp\/v2\/categories?post=19555"},{"taxonomy":"post_tag","embeddable":true,"href":"https:\/\/tdv.org\/tr-TR\/wp-json\/wp\/v2\/tags?post=19555"}],"curies":[{"name":"wp","href":"https:\/\/api.w.org\/{rel}","templated":true}]}}