{"id":19593,"date":"2022-04-02T19:18:07","date_gmt":"2022-04-02T16:18:07","guid":{"rendered":"https:\/\/tdv.org\/tr-TR\/?p=19593"},"modified":"2022-12-08T14:22:38","modified_gmt":"2022-12-08T11:22:38","slug":"tdvnin-bursuyla-111-ulkeden-10-bine-yakin-ogrenci-turkiyede-egitim-gordu","status":"publish","type":"post","link":"https:\/\/tdv.org\/tr-TR\/tdvnin-bursuyla-111-ulkeden-10-bine-yakin-ogrenci-turkiyede-egitim-gordu\/","title":{"rendered":"TDV&#8217;nin bursuyla 111 \u00fclkeden 10 bine yak\u0131n \u00f6\u011frenci T\u00fcrkiye&#8217;de e\u011fitim g\u00f6rd\u00fc"},"content":{"rendered":"<p style=\"text-align: justify;\">T\u00fcrkiye Diyanet Vakf\u0131n\u0131n (TDV) uluslararas\u0131 burs program\u0131ndan yararlanan 111 \u00fclkeden 9 bin 544 yabanc\u0131 \u00f6\u011frenci T\u00fcrkiye&#8217;deki okullardan mezun oldu.<\/p>\n<p style=\"text-align: justify;\">Ramazan organizasyonu kapsam\u0131nda Benin&#8217;de bulunan T\u00fcrkiye Diyanet Vakf\u0131 M\u00fctevelli Heyeti 2. Ba\u015fkan\u0131 \u0130hsan A\u00e7\u0131k, Uluslararas\u0131 Anadolu \u0130mam Hatip Lisesi, Uluslararas\u0131 \u0130lahiyat Lisans Program\u0131 ve Uluslararas\u0131 \u0130lahiyat Lisans\u00fcst\u00fc Burs Program\u0131 kapsam\u0131nda T\u00fcrkiye&#8217;de e\u011fitim g\u00f6recek \u00f6\u011frencileri se\u00e7mek i\u00e7in m\u00fclakat yapt\u0131klar\u0131n\u0131 s\u00f6yledi.<\/p>\n<p style=\"text-align: justify;\">Bug\u00fcne kadar 111 \u00fclkeden 9 bin 544 \u00f6\u011frencinin T\u00fcrkiye&#8217;deki okullar\u0131ndan mezun oldu\u011funa i\u015faret eden A\u00e7\u0131k, &#8220;M\u00fclakat sonucu se\u00e7ilen \u00f6\u011frencilere yurt, burs ve kurs temini haz\u0131rl\u0131yoruz. \u00c7ok ayr\u0131nt\u0131l\u0131 m\u00fclakat yap\u0131yoruz, \u00f6\u011frencinin seviyesini \u00f6l\u00e7meye \u00e7al\u0131yoruz. Ba\u015fka bir \u00fclkede e\u011fitim al\u0131p alamayaca\u011f\u0131na bakmaya \u00e7al\u0131\u015f\u0131yoruz. Genelde m\u00fclakatlar\u0131m\u0131z\u0131 b\u00fcy\u00fckel\u00e7iliklerimizde ve maarif vak\u0131flar\u0131nda yapmaya gayret ediyoruz.&#8221; dedi.<\/p>\n<p style=\"text-align: justify;\">TDV olarak \u00f6nceliklerinin imam hatip liseleri ve ilahiyat fak\u00fcltelerine \u00f6\u011frenci se\u00e7mek oldu\u011funu belirten A\u00e7\u0131k, \u015funlar\u0131 kaydetti:<\/p>\n<p style=\"text-align: justify;\">&#8220;T\u00fcrkiye Diyanet Vakf\u0131, &#8216;\u00f6ncelik e\u011fitim&#8217; diyor. E\u011fitimin oldu\u011fu yerde bir\u00e7ok sorunun \u00e7\u00f6z\u00fclece\u011fine inan\u0131yoruz. Bizim e\u011fitti\u011fimiz \u00f6\u011frenciler kendi \u00fclkesine gelerek T\u00fcrkiye Diyanet Vakf\u0131n\u0131n, T\u00fcrkiye&#8217;nin t\u00fcm faaliyetlerinin temsilcisi oluyor. Hedefimiz her \u00fclkeye ula\u015fabilmek, \u00f6nce T\u00fcrkiye sevgisi, daha sonra T\u00fcrkiye ilgisi ve kendi memleketlerine en g\u00fczel \u015fekilde hizmet etmelerine vesile olmak. Her y\u0131l bin civar\u0131nda \u00f6\u011frenci almaya gayret ediyoruz. \u00d6ncelikle her \u00f6\u011frenciye T\u00fcrk\u00e7e \u00f6\u011fretiyoruz. T\u00fcrkiye&#8217;de \u00e7al\u0131\u015fmas\u0131 de\u011fil, e\u011fitimini ald\u0131ktan sonra e\u011fitimiyle ilgili kendi \u00fclkesine hizmet etmesi i\u00e7in zemin haz\u0131rl\u0131yoruz.&#8221;<\/p>\n<p style=\"text-align: justify;\">T\u00fcrkiye&#8217;de e\u011fitim almak i\u00e7in m\u00fclakata kat\u0131lan \u00f6\u011frencilerden Abubacar\u0131 Hassane ise e\u011fitimden internet \u00fczerinden haberinin oldu\u011funu dile getirerek, &#8220;Amac\u0131m T\u00fcrkiye&#8217;de iyi e\u011fitim almak, daha sonra \u00fclkeme d\u00f6n\u00fcp insanlara hizmet etmek. Allah, T\u00fcrk halk\u0131n\u0131 muhafaza etsin.&#8221; ifadesini kulland\u0131.<\/p>\n\n\t\t<style type=\"text\/css\">\n\t\t\t#gallery-1 {\n\t\t\t\tmargin: auto;\n\t\t\t}\n\t\t\t#gallery-1 .gallery-item {\n\t\t\t\tfloat: left;\n\t\t\t\tmargin-top: 10px;\n\t\t\t\ttext-align: center;\n\t\t\t\twidth: 33%;\n\t\t\t}\n\t\t\t#gallery-1 img {\n\t\t\t\tborder: 2px solid #cfcfcf;\n\t\t\t}\n\t\t\t#gallery-1 .gallery-caption {\n\t\t\t\tmargin-left: 0;\n\t\t\t}\n\t\t\t\/* see gallery_shortcode() in wp-includes\/media.php *\/\n\t\t<\/style>\n\t\t<div id='gallery-1' class='gallery galleryid-19593 gallery-columns-3 gallery-size-thumbnail'><dl class='gallery-item'>\n\t\t\t<dt class='gallery-icon landscape'>\n\t\t\t\t<a href='https:\/\/tdv.org\/tr-TR\/wp-content\/uploads\/2022\/04\/20220402_2_52930029_75438017-scaled.jpg'><img decoding=\"async\" width=\"150\" height=\"150\" src=\"https:\/\/tdv.org\/tr-TR\/wp-content\/uploads\/2022\/04\/20220402_2_52930029_75438017-150x150.jpg\" class=\"attachment-thumbnail size-thumbnail\" alt=\"\" srcset=\"https:\/\/tdv.org\/tr-TR\/wp-content\/uploads\/2022\/04\/20220402_2_52930029_75438017-150x150.jpg 150w, https:\/\/tdv.org\/tr-TR\/wp-content\/uploads\/2022\/04\/20220402_2_52930029_75438017-100x100.jpg 100w, https:\/\/tdv.org\/tr-TR\/wp-content\/uploads\/2022\/04\/20220402_2_52930029_75438017-140x140.jpg 140w, https:\/\/tdv.org\/tr-TR\/wp-content\/uploads\/2022\/04\/20220402_2_52930029_75438017-500x500.jpg 500w, https:\/\/tdv.org\/tr-TR\/wp-content\/uploads\/2022\/04\/20220402_2_52930029_75438017-350x350.jpg 350w, https:\/\/tdv.org\/tr-TR\/wp-content\/uploads\/2022\/04\/20220402_2_52930029_75438017-1000x1000.jpg 1000w, https:\/\/tdv.org\/tr-TR\/wp-content\/uploads\/2022\/04\/20220402_2_52930029_75438017-800x800.jpg 800w\" sizes=\"(max-width: 150px) 100vw, 150px\" \/><\/a>\n\t\t\t<\/dt><\/dl><dl class='gallery-item'>\n\t\t\t<dt class='gallery-icon landscape'>\n\t\t\t\t<a href='https:\/\/tdv.org\/tr-TR\/wp-content\/uploads\/2022\/04\/20220402_2_52930029_75438019.jpg'><img decoding=\"async\" width=\"150\" height=\"150\" src=\"https:\/\/tdv.org\/tr-TR\/wp-content\/uploads\/2022\/04\/20220402_2_52930029_75438019-150x150.jpg\" class=\"attachment-thumbnail size-thumbnail\" alt=\"\" srcset=\"https:\/\/tdv.org\/tr-TR\/wp-content\/uploads\/2022\/04\/20220402_2_52930029_75438019-150x150.jpg 150w, https:\/\/tdv.org\/tr-TR\/wp-content\/uploads\/2022\/04\/20220402_2_52930029_75438019-100x100.jpg 100w, https:\/\/tdv.org\/tr-TR\/wp-content\/uploads\/2022\/04\/20220402_2_52930029_75438019-140x140.jpg 140w, https:\/\/tdv.org\/tr-TR\/wp-content\/uploads\/2022\/04\/20220402_2_52930029_75438019-350x350.jpg 350w\" sizes=\"(max-width: 150px) 100vw, 150px\" \/><\/a>\n\t\t\t<\/dt><\/dl><dl class='gallery-item'>\n\t\t\t<dt class='gallery-icon landscape'>\n\t\t\t\t<a href='https:\/\/tdv.org\/tr-TR\/wp-content\/uploads\/2022\/04\/20220402_2_52930029_75438020-scaled.jpg'><img decoding=\"async\" width=\"150\" height=\"150\" src=\"https:\/\/tdv.org\/tr-TR\/wp-content\/uploads\/2022\/04\/20220402_2_52930029_75438020-150x150.jpg\" class=\"attachment-thumbnail size-thumbnail\" alt=\"\" srcset=\"https:\/\/tdv.org\/tr-TR\/wp-content\/uploads\/2022\/04\/20220402_2_52930029_75438020-150x150.jpg 150w, https:\/\/tdv.org\/tr-TR\/wp-content\/uploads\/2022\/04\/20220402_2_52930029_75438020-100x100.jpg 100w, https:\/\/tdv.org\/tr-TR\/wp-content\/uploads\/2022\/04\/20220402_2_52930029_75438020-140x140.jpg 140w, https:\/\/tdv.org\/tr-TR\/wp-content\/uploads\/2022\/04\/20220402_2_52930029_75438020-500x500.jpg 500w, https:\/\/tdv.org\/tr-TR\/wp-content\/uploads\/2022\/04\/20220402_2_52930029_75438020-350x350.jpg 350w, https:\/\/tdv.org\/tr-TR\/wp-content\/uploads\/2022\/04\/20220402_2_52930029_75438020-1000x1000.jpg 1000w, https:\/\/tdv.org\/tr-TR\/wp-content\/uploads\/2022\/04\/20220402_2_52930029_75438020-800x800.jpg 800w\" sizes=\"(max-width: 150px) 100vw, 150px\" \/><\/a>\n\t\t\t<\/dt><\/dl><br style=\"clear: both\" \/><dl class='gallery-item'>\n\t\t\t<dt class='gallery-icon landscape'>\n\t\t\t\t<a href='https:\/\/tdv.org\/tr-TR\/wp-content\/uploads\/2022\/04\/20220402_2_52930029_75438021-scaled.jpg'><img decoding=\"async\" width=\"150\" height=\"150\" src=\"https:\/\/tdv.org\/tr-TR\/wp-content\/uploads\/2022\/04\/20220402_2_52930029_75438021-150x150.jpg\" class=\"attachment-thumbnail size-thumbnail\" alt=\"\" srcset=\"https:\/\/tdv.org\/tr-TR\/wp-content\/uploads\/2022\/04\/20220402_2_52930029_75438021-150x150.jpg 150w, https:\/\/tdv.org\/tr-TR\/wp-content\/uploads\/2022\/04\/20220402_2_52930029_75438021-100x100.jpg 100w, https:\/\/tdv.org\/tr-TR\/wp-content\/uploads\/2022\/04\/20220402_2_52930029_75438021-140x140.jpg 140w, https:\/\/tdv.org\/tr-TR\/wp-content\/uploads\/2022\/04\/20220402_2_52930029_75438021-500x500.jpg 500w, https:\/\/tdv.org\/tr-TR\/wp-content\/uploads\/2022\/04\/20220402_2_52930029_75438021-350x350.jpg 350w, https:\/\/tdv.org\/tr-TR\/wp-content\/uploads\/2022\/04\/20220402_2_52930029_75438021-1000x1000.jpg 1000w, https:\/\/tdv.org\/tr-TR\/wp-content\/uploads\/2022\/04\/20220402_2_52930029_75438021-800x800.jpg 800w\" sizes=\"(max-width: 150px) 100vw, 150px\" \/><\/a>\n\t\t\t<\/dt><\/dl><dl class='gallery-item'>\n\t\t\t<dt class='gallery-icon landscape'>\n\t\t\t\t<a href='https:\/\/tdv.org\/tr-TR\/wp-content\/uploads\/2022\/04\/20220402_2_52930029_75438022.jpg'><img decoding=\"async\" width=\"150\" height=\"150\" src=\"https:\/\/tdv.org\/tr-TR\/wp-content\/uploads\/2022\/04\/20220402_2_52930029_75438022-150x150.jpg\" class=\"attachment-thumbnail size-thumbnail\" alt=\"\" srcset=\"https:\/\/tdv.org\/tr-TR\/wp-content\/uploads\/2022\/04\/20220402_2_52930029_75438022-150x150.jpg 150w, https:\/\/tdv.org\/tr-TR\/wp-content\/uploads\/2022\/04\/20220402_2_52930029_75438022-100x100.jpg 100w, https:\/\/tdv.org\/tr-TR\/wp-content\/uploads\/2022\/04\/20220402_2_52930029_75438022-140x140.jpg 140w, https:\/\/tdv.org\/tr-TR\/wp-content\/uploads\/2022\/04\/20220402_2_52930029_75438022-350x350.jpg 350w\" sizes=\"(max-width: 150px) 100vw, 150px\" \/><\/a>\n\t\t\t<\/dt><\/dl><dl class='gallery-item'>\n\t\t\t<dt class='gallery-icon landscape'>\n\t\t\t\t<a href='https:\/\/tdv.org\/tr-TR\/wp-content\/uploads\/2022\/04\/20220402_2_52930029_75438023.jpg'><img decoding=\"async\" width=\"150\" height=\"150\" src=\"https:\/\/tdv.org\/tr-TR\/wp-content\/uploads\/2022\/04\/20220402_2_52930029_75438023-150x150.jpg\" class=\"attachment-thumbnail size-thumbnail\" alt=\"\" srcset=\"https:\/\/tdv.org\/tr-TR\/wp-content\/uploads\/2022\/04\/20220402_2_52930029_75438023-150x150.jpg 150w, https:\/\/tdv.org\/tr-TR\/wp-content\/uploads\/2022\/04\/20220402_2_52930029_75438023-100x100.jpg 100w, https:\/\/tdv.org\/tr-TR\/wp-content\/uploads\/2022\/04\/20220402_2_52930029_75438023-140x140.jpg 140w, https:\/\/tdv.org\/tr-TR\/wp-content\/uploads\/2022\/04\/20220402_2_52930029_75438023-350x350.jpg 350w\" sizes=\"(max-width: 150px) 100vw, 150px\" \/><\/a>\n\t\t\t<\/dt><\/dl><br style=\"clear: both\" \/><dl class='gallery-item'>\n\t\t\t<dt class='gallery-icon landscape'>\n\t\t\t\t<a href='https:\/\/tdv.org\/tr-TR\/wp-content\/uploads\/2022\/04\/20220402_2_52930029_75438024-scaled.jpg'><img decoding=\"async\" width=\"150\" height=\"150\" src=\"https:\/\/tdv.org\/tr-TR\/wp-content\/uploads\/2022\/04\/20220402_2_52930029_75438024-150x150.jpg\" class=\"attachment-thumbnail size-thumbnail\" alt=\"\" srcset=\"https:\/\/tdv.org\/tr-TR\/wp-content\/uploads\/2022\/04\/20220402_2_52930029_75438024-150x150.jpg 150w, https:\/\/tdv.org\/tr-TR\/wp-content\/uploads\/2022\/04\/20220402_2_52930029_75438024-100x100.jpg 100w, https:\/\/tdv.org\/tr-TR\/wp-content\/uploads\/2022\/04\/20220402_2_52930029_75438024-140x140.jpg 140w, https:\/\/tdv.org\/tr-TR\/wp-content\/uploads\/2022\/04\/20220402_2_52930029_75438024-500x500.jpg 500w, https:\/\/tdv.org\/tr-TR\/wp-content\/uploads\/2022\/04\/20220402_2_52930029_75438024-350x350.jpg 350w, https:\/\/tdv.org\/tr-TR\/wp-content\/uploads\/2022\/04\/20220402_2_52930029_75438024-1000x1000.jpg 1000w, https:\/\/tdv.org\/tr-TR\/wp-content\/uploads\/2022\/04\/20220402_2_52930029_75438024-800x800.jpg 800w\" sizes=\"(max-width: 150px) 100vw, 150px\" \/><\/a>\n\t\t\t<\/dt><\/dl><dl class='gallery-item'>\n\t\t\t<dt class='gallery-icon landscape'>\n\t\t\t\t<a href='https:\/\/tdv.org\/tr-TR\/wp-content\/uploads\/2022\/04\/20220402_2_52930029_75438025.jpg'><img decoding=\"async\" width=\"150\" height=\"150\" src=\"https:\/\/tdv.org\/tr-TR\/wp-content\/uploads\/2022\/04\/20220402_2_52930029_75438025-150x150.jpg\" class=\"attachment-thumbnail size-thumbnail\" alt=\"\" srcset=\"https:\/\/tdv.org\/tr-TR\/wp-content\/uploads\/2022\/04\/20220402_2_52930029_75438025-150x150.jpg 150w, https:\/\/tdv.org\/tr-TR\/wp-content\/uploads\/2022\/04\/20220402_2_52930029_75438025-100x100.jpg 100w, https:\/\/tdv.org\/tr-TR\/wp-content\/uploads\/2022\/04\/20220402_2_52930029_75438025-140x140.jpg 140w, https:\/\/tdv.org\/tr-TR\/wp-content\/uploads\/2022\/04\/20220402_2_52930029_75438025-350x350.jpg 350w\" sizes=\"(max-width: 150px) 100vw, 150px\" \/><\/a>\n\t\t\t<\/dt><\/dl>\n\t\t\t<br style='clear: both' \/>\n\t\t<\/div>\n\n","protected":false},"excerpt":{"rendered":"<p>T\u00fcrkiye Diyanet Vakf\u0131n\u0131n (TDV) uluslararas\u0131 burs program\u0131ndan yararlanan 111 \u00fclkeden 9 bin 544 yabanc\u0131 \u00f6\u011frenci T\u00fcrkiye&#8217;deki okullardan mezun oldu. Ramazan organizasyonu kapsam\u0131nda Benin&#8217;de bulunan T\u00fcrkiye Diyanet Vakf\u0131 M\u00fctevelli Heyeti 2&#8230;.<\/p>\n","protected":false},"author":7,"featured_media":19600,"comment_status":"open","ping_status":"closed","sticky":false,"template":"","format":"standard","meta":{"footnotes":""},"categories":[1],"tags":[1406,484,1248,155,107],"class_list":{"0":"post-19593","1":"post","2":"type-post","3":"status-publish","4":"format-standard","5":"has-post-thumbnail","7":"category-haberler","8":"tag-benin","9":"tag-burs","10":"tag-mulakat","11":"tag-ogrenci","12":"tag-ramazan"},"yoast_head":"<!-- This site is optimized with the Yoast SEO plugin v27.5 - https:\/\/yoast.com\/product\/yoast-seo-wordpress\/ -->\n<title>TDV&#039;nin bursuyla 111 \u00fclkeden 10 bine yak\u0131n \u00f6\u011frenci T\u00fcrkiye&#039;de e\u011fitim g\u00f6rd\u00fc<\/title>\n<meta name=\"description\" content=\"T\u00fcrkiye Diyanet Vakf\u0131n\u0131n (TDV) uluslararas\u0131 burs program\u0131ndan yararlanan 111 \u00fclkeden 9 bin 544 yabanc\u0131 \u00f6\u011frenci T\u00fcrkiye&#039;deki okullardan mezun oldu.\" \/>\n<meta name=\"robots\" content=\"index, follow, max-snippet:-1, max-image-preview:large, max-video-preview:-1\" \/>\n<link rel=\"canonical\" href=\"https:\/\/tdv.org\/tr-TR\/tdvnin-bursuyla-111-ulkeden-10-bine-yakin-ogrenci-turkiyede-egitim-gordu\/\" \/>\n<meta property=\"og:locale\" content=\"tr_TR\" \/>\n<meta property=\"og:type\" content=\"article\" \/>\n<meta property=\"og:title\" content=\"TDV&#039;nin bursuyla 111 \u00fclkeden 10 bine yak\u0131n \u00f6\u011frenci T\u00fcrkiye&#039;de e\u011fitim g\u00f6rd\u00fc\" \/>\n<meta property=\"og:description\" content=\"T\u00fcrkiye Diyanet Vakf\u0131n\u0131n (TDV) uluslararas\u0131 burs program\u0131ndan yararlanan 111 \u00fclkeden 9 bin 544 yabanc\u0131 \u00f6\u011frenci T\u00fcrkiye&#039;deki okullardan mezun oldu.\" \/>\n<meta property=\"og:url\" content=\"https:\/\/tdv.org\/tr-TR\/tdvnin-bursuyla-111-ulkeden-10-bine-yakin-ogrenci-turkiyede-egitim-gordu\/\" \/>\n<meta property=\"og:site_name\" content=\"T\u00fcrkiye Diyanet Vakf\u0131 Resmi Web Sitesi\" \/>\n<meta property=\"article:publisher\" content=\"https:\/\/www.facebook.com\/Diyanetvakfi\/\" \/>\n<meta property=\"article:published_time\" content=\"2022-04-02T16:18:07+00:00\" \/>\n<meta property=\"article:modified_time\" content=\"2022-12-08T11:22:38+00:00\" \/>\n<meta property=\"og:image\" content=\"https:\/\/tdv.org\/tr-TR\/wp-content\/uploads\/2022\/04\/20220402_2_52930029_75438024-scaled.jpg\" \/>\n\t<meta property=\"og:image:width\" content=\"2560\" \/>\n\t<meta property=\"og:image:height\" content=\"1920\" \/>\n\t<meta property=\"og:image:type\" content=\"image\/jpeg\" \/>\n<meta name=\"author\" content=\"U\u011fur\" \/>\n<meta name=\"twitter:card\" content=\"summary_large_image\" \/>\n<meta name=\"twitter:creator\" content=\"@DiyanetVakfi\" \/>\n<meta name=\"twitter:site\" content=\"@DiyanetVakfi\" \/>\n<script type=\"application\/ld+json\" class=\"yoast-schema-graph\">{\"@context\":\"https:\\\/\\\/schema.org\",\"@graph\":[{\"@type\":\"Article\",\"@id\":\"https:\\\/\\\/tdv.org\\\/tr-TR\\\/tdvnin-bursuyla-111-ulkeden-10-bine-yakin-ogrenci-turkiyede-egitim-gordu\\\/#article\",\"isPartOf\":{\"@id\":\"https:\\\/\\\/tdv.org\\\/tr-TR\\\/tdvnin-bursuyla-111-ulkeden-10-bine-yakin-ogrenci-turkiyede-egitim-gordu\\\/\"},\"author\":{\"name\":\"U\u011fur\",\"@id\":\"https:\\\/\\\/tdv.org\\\/tr-TR\\\/#\\\/schema\\\/person\\\/8dcf742852c4614c6fdadb92da159c05\"},\"headline\":\"TDV&#8217;nin bursuyla 111 \u00fclkeden 10 bine yak\u0131n \u00f6\u011frenci T\u00fcrkiye&#8217;de e\u011fitim g\u00f6rd\u00fc\",\"datePublished\":\"2022-04-02T16:18:07+00:00\",\"dateModified\":\"2022-12-08T11:22:38+00:00\",\"mainEntityOfPage\":{\"@id\":\"https:\\\/\\\/tdv.org\\\/tr-TR\\\/tdvnin-bursuyla-111-ulkeden-10-bine-yakin-ogrenci-turkiyede-egitim-gordu\\\/\"},\"wordCount\":357,\"commentCount\":0,\"publisher\":{\"@id\":\"https:\\\/\\\/tdv.org\\\/tr-TR\\\/#organization\"},\"image\":{\"@id\":\"https:\\\/\\\/tdv.org\\\/tr-TR\\\/tdvnin-bursuyla-111-ulkeden-10-bine-yakin-ogrenci-turkiyede-egitim-gordu\\\/#primaryimage\"},\"thumbnailUrl\":\"https:\\\/\\\/tdv.org\\\/tr-TR\\\/wp-content\\\/uploads\\\/2022\\\/04\\\/20220402_2_52930029_75438024-scaled.jpg\",\"keywords\":[\"benin\",\"Burs\",\"m\u00fclakat\",\"\u00f6\u011frenci\",\"ramazan\"],\"articleSection\":[\"Haberler\"],\"inLanguage\":\"tr\",\"potentialAction\":[{\"@type\":\"CommentAction\",\"name\":\"Comment\",\"target\":[\"https:\\\/\\\/tdv.org\\\/tr-TR\\\/tdvnin-bursuyla-111-ulkeden-10-bine-yakin-ogrenci-turkiyede-egitim-gordu\\\/#respond\"]}]},{\"@type\":\"WebPage\",\"@id\":\"https:\\\/\\\/tdv.org\\\/tr-TR\\\/tdvnin-bursuyla-111-ulkeden-10-bine-yakin-ogrenci-turkiyede-egitim-gordu\\\/\",\"url\":\"https:\\\/\\\/tdv.org\\\/tr-TR\\\/tdvnin-bursuyla-111-ulkeden-10-bine-yakin-ogrenci-turkiyede-egitim-gordu\\\/\",\"name\":\"TDV'nin bursuyla 111 \u00fclkeden 10 bine yak\u0131n \u00f6\u011frenci T\u00fcrkiye'de e\u011fitim g\u00f6rd\u00fc\",\"isPartOf\":{\"@id\":\"https:\\\/\\\/tdv.org\\\/tr-TR\\\/#website\"},\"primaryImageOfPage\":{\"@id\":\"https:\\\/\\\/tdv.org\\\/tr-TR\\\/tdvnin-bursuyla-111-ulkeden-10-bine-yakin-ogrenci-turkiyede-egitim-gordu\\\/#primaryimage\"},\"image\":{\"@id\":\"https:\\\/\\\/tdv.org\\\/tr-TR\\\/tdvnin-bursuyla-111-ulkeden-10-bine-yakin-ogrenci-turkiyede-egitim-gordu\\\/#primaryimage\"},\"thumbnailUrl\":\"https:\\\/\\\/tdv.org\\\/tr-TR\\\/wp-content\\\/uploads\\\/2022\\\/04\\\/20220402_2_52930029_75438024-scaled.jpg\",\"datePublished\":\"2022-04-02T16:18:07+00:00\",\"dateModified\":\"2022-12-08T11:22:38+00:00\",\"description\":\"T\u00fcrkiye Diyanet Vakf\u0131n\u0131n (TDV) uluslararas\u0131 burs program\u0131ndan yararlanan 111 \u00fclkeden 9 bin 544 yabanc\u0131 \u00f6\u011frenci T\u00fcrkiye'deki okullardan mezun oldu.\",\"breadcrumb\":{\"@id\":\"https:\\\/\\\/tdv.org\\\/tr-TR\\\/tdvnin-bursuyla-111-ulkeden-10-bine-yakin-ogrenci-turkiyede-egitim-gordu\\\/#breadcrumb\"},\"inLanguage\":\"tr\",\"potentialAction\":[{\"@type\":\"ReadAction\",\"target\":[\"https:\\\/\\\/tdv.org\\\/tr-TR\\\/tdvnin-bursuyla-111-ulkeden-10-bine-yakin-ogrenci-turkiyede-egitim-gordu\\\/\"]}]},{\"@type\":\"ImageObject\",\"inLanguage\":\"tr\",\"@id\":\"https:\\\/\\\/tdv.org\\\/tr-TR\\\/tdvnin-bursuyla-111-ulkeden-10-bine-yakin-ogrenci-turkiyede-egitim-gordu\\\/#primaryimage\",\"url\":\"https:\\\/\\\/tdv.org\\\/tr-TR\\\/wp-content\\\/uploads\\\/2022\\\/04\\\/20220402_2_52930029_75438024-scaled.jpg\",\"contentUrl\":\"https:\\\/\\\/tdv.org\\\/tr-TR\\\/wp-content\\\/uploads\\\/2022\\\/04\\\/20220402_2_52930029_75438024-scaled.jpg\",\"width\":2560,\"height\":1920},{\"@type\":\"BreadcrumbList\",\"@id\":\"https:\\\/\\\/tdv.org\\\/tr-TR\\\/tdvnin-bursuyla-111-ulkeden-10-bine-yakin-ogrenci-turkiyede-egitim-gordu\\\/#breadcrumb\",\"itemListElement\":[{\"@type\":\"ListItem\",\"position\":1,\"name\":\"Anasayfa\",\"item\":\"https:\\\/\\\/tdv.org\\\/tr-TR\\\/\"},{\"@type\":\"ListItem\",\"position\":2,\"name\":\"TDV&#8217;nin bursuyla 111 \u00fclkeden 10 bine yak\u0131n \u00f6\u011frenci T\u00fcrkiye&#8217;de e\u011fitim g\u00f6rd\u00fc\"}]},{\"@type\":\"WebSite\",\"@id\":\"https:\\\/\\\/tdv.org\\\/tr-TR\\\/#website\",\"url\":\"https:\\\/\\\/tdv.org\\\/tr-TR\\\/\",\"name\":\"T\u00fcrkiye Diyanet Vakf\u0131 Resmi Web Sitesi\",\"description\":\"Yery\u00fcz\u00fcnde iyilik egemen oluncaya kadar\",\"publisher\":{\"@id\":\"https:\\\/\\\/tdv.org\\\/tr-TR\\\/#organization\"},\"alternateName\":\"T\u00fcrkiye Diyanet Vakf\u0131\",\"potentialAction\":[{\"@type\":\"SearchAction\",\"target\":{\"@type\":\"EntryPoint\",\"urlTemplate\":\"https:\\\/\\\/tdv.org\\\/tr-TR\\\/?s={search_term_string}\"},\"query-input\":{\"@type\":\"PropertyValueSpecification\",\"valueRequired\":true,\"valueName\":\"search_term_string\"}}],\"inLanguage\":\"tr\"},{\"@type\":\"Organization\",\"@id\":\"https:\\\/\\\/tdv.org\\\/tr-TR\\\/#organization\",\"name\":\"T\u00fcrkiye Diyanet Vakf\u0131\",\"alternateName\":\"T\u00fcrkiye Diyanet Vakf\u0131\",\"url\":\"https:\\\/\\\/tdv.org\\\/tr-TR\\\/\",\"logo\":{\"@type\":\"ImageObject\",\"inLanguage\":\"tr\",\"@id\":\"https:\\\/\\\/tdv.org\\\/tr-TR\\\/#\\\/schema\\\/logo\\\/image\\\/\",\"url\":\"https:\\\/\\\/tdv.org\\\/tr-TR\\\/wp-content\\\/uploads\\\/2018\\\/12\\\/TDV_Logo_1.png\",\"contentUrl\":\"https:\\\/\\\/tdv.org\\\/tr-TR\\\/wp-content\\\/uploads\\\/2018\\\/12\\\/TDV_Logo_1.png\",\"width\":207,\"height\":71,\"caption\":\"T\u00fcrkiye Diyanet Vakf\u0131\"},\"image\":{\"@id\":\"https:\\\/\\\/tdv.org\\\/tr-TR\\\/#\\\/schema\\\/logo\\\/image\\\/\"},\"sameAs\":[\"https:\\\/\\\/www.facebook.com\\\/Diyanetvakfi\\\/\",\"https:\\\/\\\/x.com\\\/DiyanetVakfi\",\"https:\\\/\\\/www.instagram.com\\\/turkiyediyanetvakfi\\\/\",\"https:\\\/\\\/www.youtube.com\\\/user\\\/TurkiyeDiyanetVakfi\"]},{\"@type\":\"Person\",\"@id\":\"https:\\\/\\\/tdv.org\\\/tr-TR\\\/#\\\/schema\\\/person\\\/8dcf742852c4614c6fdadb92da159c05\",\"name\":\"U\u011fur\",\"image\":{\"@type\":\"ImageObject\",\"inLanguage\":\"tr\",\"@id\":\"https:\\\/\\\/tdv.org\\\/tr-TR\\\/wp-content\\\/litespeed\\\/avatar\\\/b970c0eba1124f8268544e2640bfa964.jpg?ver=1777289940\",\"url\":\"https:\\\/\\\/tdv.org\\\/tr-TR\\\/wp-content\\\/litespeed\\\/avatar\\\/b970c0eba1124f8268544e2640bfa964.jpg?ver=1777289940\",\"contentUrl\":\"https:\\\/\\\/tdv.org\\\/tr-TR\\\/wp-content\\\/litespeed\\\/avatar\\\/b970c0eba1124f8268544e2640bfa964.jpg?ver=1777289940\",\"caption\":\"U\u011fur\"}}]}<\/script>\n<!-- \/ Yoast SEO plugin. -->","yoast_head_json":{"title":"TDV'nin bursuyla 111 \u00fclkeden 10 bine yak\u0131n \u00f6\u011frenci T\u00fcrkiye'de e\u011fitim g\u00f6rd\u00fc","description":"T\u00fcrkiye Diyanet Vakf\u0131n\u0131n (TDV) uluslararas\u0131 burs program\u0131ndan yararlanan 111 \u00fclkeden 9 bin 544 yabanc\u0131 \u00f6\u011frenci T\u00fcrkiye'deki okullardan mezun oldu.","robots":{"index":"index","follow":"follow","max-snippet":"max-snippet:-1","max-image-preview":"max-image-preview:large","max-video-preview":"max-video-preview:-1"},"canonical":"https:\/\/tdv.org\/tr-TR\/tdvnin-bursuyla-111-ulkeden-10-bine-yakin-ogrenci-turkiyede-egitim-gordu\/","og_locale":"tr_TR","og_type":"article","og_title":"TDV'nin bursuyla 111 \u00fclkeden 10 bine yak\u0131n \u00f6\u011frenci T\u00fcrkiye'de e\u011fitim g\u00f6rd\u00fc","og_description":"T\u00fcrkiye Diyanet Vakf\u0131n\u0131n (TDV) uluslararas\u0131 burs program\u0131ndan yararlanan 111 \u00fclkeden 9 bin 544 yabanc\u0131 \u00f6\u011frenci T\u00fcrkiye'deki okullardan mezun oldu.","og_url":"https:\/\/tdv.org\/tr-TR\/tdvnin-bursuyla-111-ulkeden-10-bine-yakin-ogrenci-turkiyede-egitim-gordu\/","og_site_name":"T\u00fcrkiye Diyanet Vakf\u0131 Resmi Web Sitesi","article_publisher":"https:\/\/www.facebook.com\/Diyanetvakfi\/","article_published_time":"2022-04-02T16:18:07+00:00","article_modified_time":"2022-12-08T11:22:38+00:00","og_image":[{"width":2560,"height":1920,"url":"https:\/\/tdv.org\/tr-TR\/wp-content\/uploads\/2022\/04\/20220402_2_52930029_75438024-scaled.jpg","type":"image\/jpeg"}],"author":"U\u011fur","twitter_card":"summary_large_image","twitter_creator":"@DiyanetVakfi","twitter_site":"@DiyanetVakfi","schema":{"@context":"https:\/\/schema.org","@graph":[{"@type":"Article","@id":"https:\/\/tdv.org\/tr-TR\/tdvnin-bursuyla-111-ulkeden-10-bine-yakin-ogrenci-turkiyede-egitim-gordu\/#article","isPartOf":{"@id":"https:\/\/tdv.org\/tr-TR\/tdvnin-bursuyla-111-ulkeden-10-bine-yakin-ogrenci-turkiyede-egitim-gordu\/"},"author":{"name":"U\u011fur","@id":"https:\/\/tdv.org\/tr-TR\/#\/schema\/person\/8dcf742852c4614c6fdadb92da159c05"},"headline":"TDV&#8217;nin bursuyla 111 \u00fclkeden 10 bine yak\u0131n \u00f6\u011frenci T\u00fcrkiye&#8217;de e\u011fitim g\u00f6rd\u00fc","datePublished":"2022-04-02T16:18:07+00:00","dateModified":"2022-12-08T11:22:38+00:00","mainEntityOfPage":{"@id":"https:\/\/tdv.org\/tr-TR\/tdvnin-bursuyla-111-ulkeden-10-bine-yakin-ogrenci-turkiyede-egitim-gordu\/"},"wordCount":357,"commentCount":0,"publisher":{"@id":"https:\/\/tdv.org\/tr-TR\/#organization"},"image":{"@id":"https:\/\/tdv.org\/tr-TR\/tdvnin-bursuyla-111-ulkeden-10-bine-yakin-ogrenci-turkiyede-egitim-gordu\/#primaryimage"},"thumbnailUrl":"https:\/\/tdv.org\/tr-TR\/wp-content\/uploads\/2022\/04\/20220402_2_52930029_75438024-scaled.jpg","keywords":["benin","Burs","m\u00fclakat","\u00f6\u011frenci","ramazan"],"articleSection":["Haberler"],"inLanguage":"tr","potentialAction":[{"@type":"CommentAction","name":"Comment","target":["https:\/\/tdv.org\/tr-TR\/tdvnin-bursuyla-111-ulkeden-10-bine-yakin-ogrenci-turkiyede-egitim-gordu\/#respond"]}]},{"@type":"WebPage","@id":"https:\/\/tdv.org\/tr-TR\/tdvnin-bursuyla-111-ulkeden-10-bine-yakin-ogrenci-turkiyede-egitim-gordu\/","url":"https:\/\/tdv.org\/tr-TR\/tdvnin-bursuyla-111-ulkeden-10-bine-yakin-ogrenci-turkiyede-egitim-gordu\/","name":"TDV'nin bursuyla 111 \u00fclkeden 10 bine yak\u0131n \u00f6\u011frenci T\u00fcrkiye'de e\u011fitim g\u00f6rd\u00fc","isPartOf":{"@id":"https:\/\/tdv.org\/tr-TR\/#website"},"primaryImageOfPage":{"@id":"https:\/\/tdv.org\/tr-TR\/tdvnin-bursuyla-111-ulkeden-10-bine-yakin-ogrenci-turkiyede-egitim-gordu\/#primaryimage"},"image":{"@id":"https:\/\/tdv.org\/tr-TR\/tdvnin-bursuyla-111-ulkeden-10-bine-yakin-ogrenci-turkiyede-egitim-gordu\/#primaryimage"},"thumbnailUrl":"https:\/\/tdv.org\/tr-TR\/wp-content\/uploads\/2022\/04\/20220402_2_52930029_75438024-scaled.jpg","datePublished":"2022-04-02T16:18:07+00:00","dateModified":"2022-12-08T11:22:38+00:00","description":"T\u00fcrkiye Diyanet Vakf\u0131n\u0131n (TDV) uluslararas\u0131 burs program\u0131ndan yararlanan 111 \u00fclkeden 9 bin 544 yabanc\u0131 \u00f6\u011frenci T\u00fcrkiye'deki okullardan mezun oldu.","breadcrumb":{"@id":"https:\/\/tdv.org\/tr-TR\/tdvnin-bursuyla-111-ulkeden-10-bine-yakin-ogrenci-turkiyede-egitim-gordu\/#breadcrumb"},"inLanguage":"tr","potentialAction":[{"@type":"ReadAction","target":["https:\/\/tdv.org\/tr-TR\/tdvnin-bursuyla-111-ulkeden-10-bine-yakin-ogrenci-turkiyede-egitim-gordu\/"]}]},{"@type":"ImageObject","inLanguage":"tr","@id":"https:\/\/tdv.org\/tr-TR\/tdvnin-bursuyla-111-ulkeden-10-bine-yakin-ogrenci-turkiyede-egitim-gordu\/#primaryimage","url":"https:\/\/tdv.org\/tr-TR\/wp-content\/uploads\/2022\/04\/20220402_2_52930029_75438024-scaled.jpg","contentUrl":"https:\/\/tdv.org\/tr-TR\/wp-content\/uploads\/2022\/04\/20220402_2_52930029_75438024-scaled.jpg","width":2560,"height":1920},{"@type":"BreadcrumbList","@id":"https:\/\/tdv.org\/tr-TR\/tdvnin-bursuyla-111-ulkeden-10-bine-yakin-ogrenci-turkiyede-egitim-gordu\/#breadcrumb","itemListElement":[{"@type":"ListItem","position":1,"name":"Anasayfa","item":"https:\/\/tdv.org\/tr-TR\/"},{"@type":"ListItem","position":2,"name":"TDV&#8217;nin bursuyla 111 \u00fclkeden 10 bine yak\u0131n \u00f6\u011frenci T\u00fcrkiye&#8217;de e\u011fitim g\u00f6rd\u00fc"}]},{"@type":"WebSite","@id":"https:\/\/tdv.org\/tr-TR\/#website","url":"https:\/\/tdv.org\/tr-TR\/","name":"T\u00fcrkiye Diyanet Vakf\u0131 Resmi Web Sitesi","description":"Yery\u00fcz\u00fcnde iyilik egemen oluncaya kadar","publisher":{"@id":"https:\/\/tdv.org\/tr-TR\/#organization"},"alternateName":"T\u00fcrkiye Diyanet Vakf\u0131","potentialAction":[{"@type":"SearchAction","target":{"@type":"EntryPoint","urlTemplate":"https:\/\/tdv.org\/tr-TR\/?s={search_term_string}"},"query-input":{"@type":"PropertyValueSpecification","valueRequired":true,"valueName":"search_term_string"}}],"inLanguage":"tr"},{"@type":"Organization","@id":"https:\/\/tdv.org\/tr-TR\/#organization","name":"T\u00fcrkiye Diyanet Vakf\u0131","alternateName":"T\u00fcrkiye Diyanet Vakf\u0131","url":"https:\/\/tdv.org\/tr-TR\/","logo":{"@type":"ImageObject","inLanguage":"tr","@id":"https:\/\/tdv.org\/tr-TR\/#\/schema\/logo\/image\/","url":"https:\/\/tdv.org\/tr-TR\/wp-content\/uploads\/2018\/12\/TDV_Logo_1.png","contentUrl":"https:\/\/tdv.org\/tr-TR\/wp-content\/uploads\/2018\/12\/TDV_Logo_1.png","width":207,"height":71,"caption":"T\u00fcrkiye Diyanet Vakf\u0131"},"image":{"@id":"https:\/\/tdv.org\/tr-TR\/#\/schema\/logo\/image\/"},"sameAs":["https:\/\/www.facebook.com\/Diyanetvakfi\/","https:\/\/x.com\/DiyanetVakfi","https:\/\/www.instagram.com\/turkiyediyanetvakfi\/","https:\/\/www.youtube.com\/user\/TurkiyeDiyanetVakfi"]},{"@type":"Person","@id":"https:\/\/tdv.org\/tr-TR\/#\/schema\/person\/8dcf742852c4614c6fdadb92da159c05","name":"U\u011fur","image":{"@type":"ImageObject","inLanguage":"tr","@id":"https:\/\/tdv.org\/tr-TR\/wp-content\/litespeed\/avatar\/b970c0eba1124f8268544e2640bfa964.jpg?ver=1777289940","url":"https:\/\/tdv.org\/tr-TR\/wp-content\/litespeed\/avatar\/b970c0eba1124f8268544e2640bfa964.jpg?ver=1777289940","contentUrl":"https:\/\/tdv.org\/tr-TR\/wp-content\/litespeed\/avatar\/b970c0eba1124f8268544e2640bfa964.jpg?ver=1777289940","caption":"U\u011fur"}}]}},"_links":{"self":[{"href":"https:\/\/tdv.org\/tr-TR\/wp-json\/wp\/v2\/posts\/19593","targetHints":{"allow":["GET"]}}],"collection":[{"href":"https:\/\/tdv.org\/tr-TR\/wp-json\/wp\/v2\/posts"}],"about":[{"href":"https:\/\/tdv.org\/tr-TR\/wp-json\/wp\/v2\/types\/post"}],"author":[{"embeddable":true,"href":"https:\/\/tdv.org\/tr-TR\/wp-json\/wp\/v2\/users\/7"}],"replies":[{"embeddable":true,"href":"https:\/\/tdv.org\/tr-TR\/wp-json\/wp\/v2\/comments?post=19593"}],"version-history":[{"count":1,"href":"https:\/\/tdv.org\/tr-TR\/wp-json\/wp\/v2\/posts\/19593\/revisions"}],"predecessor-version":[{"id":19602,"href":"https:\/\/tdv.org\/tr-TR\/wp-json\/wp\/v2\/posts\/19593\/revisions\/19602"}],"wp:featuredmedia":[{"embeddable":true,"href":"https:\/\/tdv.org\/tr-TR\/wp-json\/wp\/v2\/media\/19600"}],"wp:attachment":[{"href":"https:\/\/tdv.org\/tr-TR\/wp-json\/wp\/v2\/media?parent=19593"}],"wp:term":[{"taxonomy":"category","embeddable":true,"href":"https:\/\/tdv.org\/tr-TR\/wp-json\/wp\/v2\/categories?post=19593"},{"taxonomy":"post_tag","embeddable":true,"href":"https:\/\/tdv.org\/tr-TR\/wp-json\/wp\/v2\/tags?post=19593"}],"curies":[{"name":"wp","href":"https:\/\/api.w.org\/{rel}","templated":true}]}}