{"id":20287,"date":"2022-04-08T19:19:02","date_gmt":"2022-04-08T16:19:02","guid":{"rendered":"https:\/\/tdv.org\/tr-TR\/?p=20287"},"modified":"2022-12-08T11:30:54","modified_gmt":"2022-12-08T08:30:54","slug":"istanbulda-39-turkiye-kitap-ve-kultur-fuari-acildi","status":"publish","type":"post","link":"https:\/\/tdv.org\/tr-TR\/istanbulda-39-turkiye-kitap-ve-kultur-fuari-acildi\/","title":{"rendered":"\u0130stanbul\u2019da \u201c39. T\u00fcrkiye Kitap ve K\u00fclt\u00fcr Fuar\u0131\u201d a\u00e7\u0131ld\u0131"},"content":{"rendered":"<p style=\"text-align: justify;\">Cumhurba\u015fkan\u0131 Recep Tayyip Erdo\u011fan, Diyanet \u0130\u015fleri Ba\u015fkanl\u0131\u011f\u0131 ve T\u00fcrkiye Diyanet Vakf\u0131 (TDV) taraf\u0131ndan \u0130stanbul B\u00fcy\u00fck \u00c7aml\u0131ca Camii i\u00e7 avlusunda d\u00fczenlenen \u201c39. T\u00fcrkiye Kitap ve K\u00fclt\u00fcr Fuar\u0131\u201d a\u00e7\u0131l\u0131\u015f\u0131n\u0131 yapt\u0131. A\u00e7\u0131l\u0131\u015fa Diyanet \u0130\u015fleri Ba\u015fkan\u0131 Prof. Dr. Ali Erba\u015f da kat\u0131ld\u0131.<\/p>\n<p style=\"text-align: justify;\">Cumhurba\u015fkan\u0131 Erdo\u011fan, a\u00e7\u0131l\u0131\u015fta yapt\u0131\u011f\u0131 konu\u015fmada, fuar\u0131n \u00fclkeye, millete, k\u00fclt\u00fcr ve sanat hayat\u0131na hay\u0131rl\u0131 olmas\u0131n\u0131 dileyerek, Diyanet \u0130\u015fleri Ba\u015fkanl\u0131\u011f\u0131 ve TDV\u2019nin d\u00fczenledi\u011fi kitap ve k\u00fclt\u00fcr fuarlar\u0131n\u0131 Ramazan ay\u0131n\u0131n bereketlerinden g\u00f6rd\u00fc\u011f\u00fcn\u00fc dile getirdi.<\/p>\n<p style=\"text-align: justify;\">Salg\u0131n sebebiyle iki y\u0131ld\u0131r ara verilen fuarlar\u0131n bu y\u0131l yeniden ba\u015flam\u0131\u015f olmas\u0131ndan memnuniyet duydu\u011funu ifade eden Cumhurba\u015fkan\u0131 Erdo\u011fan, \u201cBizim medeniyetimiz, az \u00f6nce Diyanet \u0130\u015fleri Ba\u015fkan\u0131\u2019m\u0131z\u0131n da ifade etti\u011fi gibi, \u2018Yaradan Rabb\u2019inin ad\u0131yla oku\u2019 emri \u00fczerine bina edilmi\u015ftir. Kur\u2019an-\u0131 Kerim\u2019i ruhu, lafz\u0131 ve cismiyle her \u015feyin \u00fczerinde tutan bir k\u00fclt\u00fcrel m\u00fcktesebata sahibiz.\u201d dedi.<\/p>\n<p style=\"text-align: justify;\">Cumhurba\u015fkan\u0131 Erdo\u011fan, bug\u00fcn ayn\u0131 zamanda B\u00fcy\u00fck \u00c7aml\u0131ca Camii\u2019nde a\u00e7acaklar\u0131 \u0130slam Medeniyetleri M\u00fczesi\u2019nde Kur\u2019an-\u0131 Kerim\u2019in en g\u00fczel \u015fekilde yaz\u0131l\u0131\u015f\u0131ndan mahfazalar\u0131na kadar pek \u00e7ok sanat eserinin de sergilenece\u011fini ifade ederek, \u201cB\u00f6yle bir medeniyetin mensuplar\u0131n\u0131n kitap dostu olmas\u0131 kadar tabii bir durum yoktur. Tarihimizde 50-60 y\u0131ll\u0131k hayatlar\u0131na 500\u2019e yak\u0131n eser s\u0131\u011fd\u0131ran, bunlardan g\u00fcn\u00fcm\u00fcze kalanlar\u0131n\u0131 dahi hakk\u0131yla okuyup h\u0131fz etmenin bir \u00f6mre bedel oldu\u011fu Gazali gibi, \u0130bn-i Sina gibi abidevi isimler vard\u0131r. En b\u00fcy\u00fck vasf\u0131 fetihler yapmak, devletler kurmak olan ecdad\u0131n \u2018Kalem k\u0131l\u0131\u00e7tan keskindir.\u2019 s\u00f6z\u00fc okumaya ve yazmaya verdi\u011fi \u00f6neme i\u015faret eder.\u201d diye konu\u015ftu.<\/p>\n<p style=\"text-align: justify;\"><strong>\u201cOkuma oran\u0131 son 14 y\u0131lda 2 kat\u0131ndan fazla artt\u0131\u201d<\/strong><\/p>\n<p style=\"text-align: justify;\">Bug\u00fcn T\u00fcrkiye\u2019nin kitap \u00fcretimi ve sekt\u00f6r\u00fcn b\u00fcy\u00fckl\u00fc\u011f\u00fc bak\u0131m\u0131ndan Uluslararas\u0131 Yay\u0131nc\u0131lar Birli\u011fi i\u00e7inde ilk 10\u2019da yer ald\u0131\u011f\u0131na i\u015faret eden Cumhurba\u015fkan\u0131 Erdo\u011fan, \u201c2000 y\u0131l\u0131nda ISBN numaras\u0131 verilen kitap say\u0131s\u0131 9 bini bile bulmazken, bu rakam ge\u00e7ti\u011fimiz y\u0131l 87 binin \u00fczerine \u00e7\u0131km\u0131\u015ft\u0131r. \u00d6nde gelen ara\u015ft\u0131rma \u015firketlerimizin yapt\u0131klar\u0131 \u00e7al\u0131\u015fmalar, okuma oran\u0131n\u0131n son 14 y\u0131lda 2 kat\u0131ndan fazla artt\u0131\u011f\u0131n\u0131 g\u00f6stermektedir. Bu art\u0131\u015f\u0131n en \u00e7ok da gen\u00e7lerimiz aras\u0131nda ya\u015fan\u0131yor olmas\u0131, gelece\u011fimiz ad\u0131na bize \u00fcmit vermektedir.\u201d dedi.<\/p>\n<p style=\"text-align: justify;\">T\u00fcrkiye Diyanet Vakf\u0131n\u0131, 1983 y\u0131l\u0131 Ramazan ay\u0131ndan beri ger\u00e7ekle\u015ftirdi\u011fi fuar i\u00e7in tebrik eden Cumhurba\u015fkan\u0131 Erdo\u011fan, fuara kat\u0131lan yay\u0131nevleri ve yazarlar ile t\u00fcm kat\u0131l\u0131mc\u0131lara bereketli bir fuar diledi.<\/p>\n<p style=\"text-align: justify;\"><strong>Diyanet \u0130\u015fleri Ba\u015fkan\u0131 Erba\u015f: \u201cRabbimiz bizlere okumam\u0131z\u0131 emrediyor\u201d<\/strong><\/p>\n<p style=\"text-align: justify;\">Diyanet \u0130\u015fleri Ba\u015fkan\u0131 Prof. Dr. Ali Erba\u015f ise konu\u015fmas\u0131nda, fuar\u0131n 70 kadar yay\u0131nc\u0131n\u0131n kat\u0131l\u0131m\u0131yla Ramazan aylar\u0131n\u0131n vazge\u00e7ilmezi oldu\u011funu s\u00f6yledi.<\/p>\n<p style=\"text-align: justify;\">\u0130lk inen sure olan Alak Suresinin \u2018Oku\u2019 diye ba\u015flad\u0131\u011f\u0131n\u0131 belirten Diyanet \u0130\u015fleri Ba\u015fkan\u0131 Erba\u015f, \u201cBu surede, Rabbimiz bize okumay\u0131 emrediyor. N\u00fczul s\u0131ras\u0131na g\u00f6re ikinci inen sure Kalem Suresidir. Bu medeniyetin \u00e7ocuklar\u0131 olarak \u015fu mesaj\u0131 al\u0131yoruz, milletimizin her bir ferdinin elinden kitap, kalem eksik olmayacak.\u201d dedi.<\/p>\n<p style=\"text-align: justify;\">Ba\u015fkan Erba\u015f, Diyanet yay\u0131nlar\u0131 ve T\u00fcrkiye Diyanet Vakf\u0131 yay\u0131nlar\u0131n\u0131n 2 bin 600 \u00e7e\u015fide ula\u015ft\u0131\u011f\u0131n\u0131 belirterek, \u201c\u0130n\u015fallah bu Ramazan boyunca hem burada hem Fatih Camii\u2019nin avlusunda hem de Ankara\u2019da Ahmet Hamdi Akseki Camii\u2019nin avlusunda kitap ve k\u00fclt\u00fcr fuar\u0131n\u0131 a\u00e7m\u0131\u015f bulunuyoruz.\u201d diye konu\u015ftu.<\/p>\n<p style=\"text-align: justify;\">Cumhurba\u015fkan\u0131 Erdo\u011fan, konu\u015fmas\u0131n\u0131n ard\u0131ndan kurdeleyi keserek fuar\u0131n a\u00e7\u0131l\u0131\u015f\u0131n\u0131 ger\u00e7ekle\u015ftirdi. A\u00e7\u0131l\u0131\u015f\u0131n ard\u0131ndan fuar alan\u0131n\u0131 gezen Cumhurba\u015fkan\u0131 Erdo\u011fan, yay\u0131nevi yetkililerinden bilgi ald\u0131.<\/p>\n<p style=\"text-align: justify;\">A\u00e7\u0131l\u0131\u015f t\u00f6renine \u00c7evre, \u015eehircilik ve \u0130klim De\u011fi\u015fikli\u011fi Bakan\u0131 Murat Kurum, K\u00fclt\u00fcr ve Turizm Bakan\u0131 Mehmet Nuri Ersoy, Milli Savunma Bakan\u0131 Hulusi Akar, Sa\u011fl\u0131k Bakan\u0131 Fahrettin Koca, Sanayi ve Teknoloji Bakan\u0131 Mustafa Varank, Cumhurba\u015fkanl\u0131\u011f\u0131 \u0130leti\u015fim Ba\u015fkan\u0131 Fahrettin Altun, Cumhurba\u015fkanl\u0131\u011f\u0131 S\u00f6zc\u00fcs\u00fc \u0130brahim Kal\u0131n, \u0130stanbul Valisi Ali Yerlikaya, Diyanet \u0130\u015fleri Ba\u015fkan Yard\u0131mc\u0131s\u0131 Prof. Dr. Huriye Mart\u0131 ve T\u00fcrkiye Diyanet Vakf\u0131 2. M\u00fctevelli Heyeti Ba\u015fkan\u0131 \u0130hsan A\u00e7\u0131k da kat\u0131ld\u0131.<\/p>\n<p style=\"text-align: justify;\">Fuar, 8-27 Nisan tarihlerinde,\u00a011:00-00:00 saatleri aras\u0131nda kitapseverleri a\u011f\u0131rlayacak. Ayr\u0131ca bug\u00fcn Ankara Ahmet Hamdi Akseki Camii avlusunda a\u00e7\u0131lan fuar da ayn\u0131 tarih ve saatler aras\u0131nda ziyaret edilebilecek.<\/p>\n\n\t\t<style type=\"text\/css\">\n\t\t\t#gallery-1 {\n\t\t\t\tmargin: auto;\n\t\t\t}\n\t\t\t#gallery-1 .gallery-item {\n\t\t\t\tfloat: left;\n\t\t\t\tmargin-top: 10px;\n\t\t\t\ttext-align: center;\n\t\t\t\twidth: 16%;\n\t\t\t}\n\t\t\t#gallery-1 img {\n\t\t\t\tborder: 2px solid #cfcfcf;\n\t\t\t}\n\t\t\t#gallery-1 .gallery-caption {\n\t\t\t\tmargin-left: 0;\n\t\t\t}\n\t\t\t\/* see gallery_shortcode() in wp-includes\/media.php *\/\n\t\t<\/style>\n\t\t<div id='gallery-1' class='gallery galleryid-20287 gallery-columns-6 gallery-size-thumbnail'><dl class='gallery-item'>\n\t\t\t<dt class='gallery-icon landscape'>\n\t\t\t\t<a href='https:\/\/tdv.org\/tr-TR\/wp-content\/uploads\/2022\/04\/1-4.jpg'><img decoding=\"async\" width=\"150\" height=\"150\" src=\"https:\/\/tdv.org\/tr-TR\/wp-content\/uploads\/2022\/04\/1-4-150x150.jpg\" class=\"attachment-thumbnail size-thumbnail\" alt=\"\" srcset=\"https:\/\/tdv.org\/tr-TR\/wp-content\/uploads\/2022\/04\/1-4-150x150.jpg 150w, https:\/\/tdv.org\/tr-TR\/wp-content\/uploads\/2022\/04\/1-4-100x100.jpg 100w, https:\/\/tdv.org\/tr-TR\/wp-content\/uploads\/2022\/04\/1-4-140x140.jpg 140w, https:\/\/tdv.org\/tr-TR\/wp-content\/uploads\/2022\/04\/1-4-500x500.jpg 500w, https:\/\/tdv.org\/tr-TR\/wp-content\/uploads\/2022\/04\/1-4-350x350.jpg 350w\" sizes=\"(max-width: 150px) 100vw, 150px\" \/><\/a>\n\t\t\t<\/dt><\/dl><dl class='gallery-item'>\n\t\t\t<dt class='gallery-icon landscape'>\n\t\t\t\t<a href='https:\/\/tdv.org\/tr-TR\/wp-content\/uploads\/2022\/04\/2-3.jpg'><img decoding=\"async\" width=\"150\" height=\"150\" src=\"https:\/\/tdv.org\/tr-TR\/wp-content\/uploads\/2022\/04\/2-3-150x150.jpg\" class=\"attachment-thumbnail size-thumbnail\" alt=\"\" srcset=\"https:\/\/tdv.org\/tr-TR\/wp-content\/uploads\/2022\/04\/2-3-150x150.jpg 150w, https:\/\/tdv.org\/tr-TR\/wp-content\/uploads\/2022\/04\/2-3-100x100.jpg 100w, https:\/\/tdv.org\/tr-TR\/wp-content\/uploads\/2022\/04\/2-3-140x140.jpg 140w, https:\/\/tdv.org\/tr-TR\/wp-content\/uploads\/2022\/04\/2-3-500x500.jpg 500w, https:\/\/tdv.org\/tr-TR\/wp-content\/uploads\/2022\/04\/2-3-350x350.jpg 350w, https:\/\/tdv.org\/tr-TR\/wp-content\/uploads\/2022\/04\/2-3-800x800.jpg 800w\" sizes=\"(max-width: 150px) 100vw, 150px\" \/><\/a>\n\t\t\t<\/dt><\/dl><dl class='gallery-item'>\n\t\t\t<dt class='gallery-icon landscape'>\n\t\t\t\t<a href='https:\/\/tdv.org\/tr-TR\/wp-content\/uploads\/2022\/04\/3-3.jpg'><img decoding=\"async\" width=\"150\" height=\"150\" src=\"https:\/\/tdv.org\/tr-TR\/wp-content\/uploads\/2022\/04\/3-3-150x150.jpg\" class=\"attachment-thumbnail size-thumbnail\" alt=\"\" srcset=\"https:\/\/tdv.org\/tr-TR\/wp-content\/uploads\/2022\/04\/3-3-150x150.jpg 150w, https:\/\/tdv.org\/tr-TR\/wp-content\/uploads\/2022\/04\/3-3-100x100.jpg 100w, https:\/\/tdv.org\/tr-TR\/wp-content\/uploads\/2022\/04\/3-3-140x140.jpg 140w, https:\/\/tdv.org\/tr-TR\/wp-content\/uploads\/2022\/04\/3-3-500x500.jpg 500w, https:\/\/tdv.org\/tr-TR\/wp-content\/uploads\/2022\/04\/3-3-350x350.jpg 350w, https:\/\/tdv.org\/tr-TR\/wp-content\/uploads\/2022\/04\/3-3-800x800.jpg 800w\" sizes=\"(max-width: 150px) 100vw, 150px\" \/><\/a>\n\t\t\t<\/dt><\/dl><dl class='gallery-item'>\n\t\t\t<dt class='gallery-icon landscape'>\n\t\t\t\t<a href='https:\/\/tdv.org\/tr-TR\/wp-content\/uploads\/2022\/04\/4-3.jpg'><img decoding=\"async\" width=\"150\" height=\"150\" src=\"https:\/\/tdv.org\/tr-TR\/wp-content\/uploads\/2022\/04\/4-3-150x150.jpg\" class=\"attachment-thumbnail size-thumbnail\" alt=\"\" srcset=\"https:\/\/tdv.org\/tr-TR\/wp-content\/uploads\/2022\/04\/4-3-150x150.jpg 150w, https:\/\/tdv.org\/tr-TR\/wp-content\/uploads\/2022\/04\/4-3-100x100.jpg 100w, https:\/\/tdv.org\/tr-TR\/wp-content\/uploads\/2022\/04\/4-3-140x140.jpg 140w, https:\/\/tdv.org\/tr-TR\/wp-content\/uploads\/2022\/04\/4-3-500x500.jpg 500w, https:\/\/tdv.org\/tr-TR\/wp-content\/uploads\/2022\/04\/4-3-350x350.jpg 350w\" sizes=\"(max-width: 150px) 100vw, 150px\" \/><\/a>\n\t\t\t<\/dt><\/dl><dl class='gallery-item'>\n\t\t\t<dt class='gallery-icon landscape'>\n\t\t\t\t<a href='https:\/\/tdv.org\/tr-TR\/wp-content\/uploads\/2022\/04\/5-2.jpg'><img decoding=\"async\" width=\"150\" height=\"150\" src=\"https:\/\/tdv.org\/tr-TR\/wp-content\/uploads\/2022\/04\/5-2-150x150.jpg\" class=\"attachment-thumbnail size-thumbnail\" alt=\"\" srcset=\"https:\/\/tdv.org\/tr-TR\/wp-content\/uploads\/2022\/04\/5-2-150x150.jpg 150w, https:\/\/tdv.org\/tr-TR\/wp-content\/uploads\/2022\/04\/5-2-100x100.jpg 100w, https:\/\/tdv.org\/tr-TR\/wp-content\/uploads\/2022\/04\/5-2-140x140.jpg 140w, https:\/\/tdv.org\/tr-TR\/wp-content\/uploads\/2022\/04\/5-2-500x500.jpg 500w, https:\/\/tdv.org\/tr-TR\/wp-content\/uploads\/2022\/04\/5-2-350x350.jpg 350w, https:\/\/tdv.org\/tr-TR\/wp-content\/uploads\/2022\/04\/5-2-800x797.jpg 800w\" sizes=\"(max-width: 150px) 100vw, 150px\" \/><\/a>\n\t\t\t<\/dt><\/dl><dl class='gallery-item'>\n\t\t\t<dt class='gallery-icon landscape'>\n\t\t\t\t<a href='https:\/\/tdv.org\/tr-TR\/wp-content\/uploads\/2022\/04\/6-1.jpg'><img decoding=\"async\" width=\"150\" height=\"150\" src=\"https:\/\/tdv.org\/tr-TR\/wp-content\/uploads\/2022\/04\/6-1-150x150.jpg\" class=\"attachment-thumbnail size-thumbnail\" alt=\"\" srcset=\"https:\/\/tdv.org\/tr-TR\/wp-content\/uploads\/2022\/04\/6-1-150x150.jpg 150w, https:\/\/tdv.org\/tr-TR\/wp-content\/uploads\/2022\/04\/6-1-100x100.jpg 100w, https:\/\/tdv.org\/tr-TR\/wp-content\/uploads\/2022\/04\/6-1-140x140.jpg 140w, https:\/\/tdv.org\/tr-TR\/wp-content\/uploads\/2022\/04\/6-1-500x500.jpg 500w, https:\/\/tdv.org\/tr-TR\/wp-content\/uploads\/2022\/04\/6-1-350x350.jpg 350w\" sizes=\"(max-width: 150px) 100vw, 150px\" \/><\/a>\n\t\t\t<\/dt><\/dl><br style=\"clear: both\" \/><dl class='gallery-item'>\n\t\t\t<dt class='gallery-icon landscape'>\n\t\t\t\t<a href='https:\/\/tdv.org\/tr-TR\/wp-content\/uploads\/2022\/04\/7-1.jpg'><img decoding=\"async\" width=\"150\" height=\"150\" src=\"https:\/\/tdv.org\/tr-TR\/wp-content\/uploads\/2022\/04\/7-1-150x150.jpg\" class=\"attachment-thumbnail size-thumbnail\" alt=\"\" srcset=\"https:\/\/tdv.org\/tr-TR\/wp-content\/uploads\/2022\/04\/7-1-150x150.jpg 150w, https:\/\/tdv.org\/tr-TR\/wp-content\/uploads\/2022\/04\/7-1-100x100.jpg 100w, https:\/\/tdv.org\/tr-TR\/wp-content\/uploads\/2022\/04\/7-1-140x140.jpg 140w, https:\/\/tdv.org\/tr-TR\/wp-content\/uploads\/2022\/04\/7-1-500x500.jpg 500w, https:\/\/tdv.org\/tr-TR\/wp-content\/uploads\/2022\/04\/7-1-350x350.jpg 350w, https:\/\/tdv.org\/tr-TR\/wp-content\/uploads\/2022\/04\/7-1-800x800.jpg 800w\" sizes=\"(max-width: 150px) 100vw, 150px\" \/><\/a>\n\t\t\t<\/dt><\/dl><dl class='gallery-item'>\n\t\t\t<dt class='gallery-icon landscape'>\n\t\t\t\t<a href='https:\/\/tdv.org\/tr-TR\/wp-content\/uploads\/2022\/04\/8-1.jpg'><img decoding=\"async\" width=\"150\" height=\"150\" src=\"https:\/\/tdv.org\/tr-TR\/wp-content\/uploads\/2022\/04\/8-1-150x150.jpg\" class=\"attachment-thumbnail size-thumbnail\" alt=\"\" srcset=\"https:\/\/tdv.org\/tr-TR\/wp-content\/uploads\/2022\/04\/8-1-150x150.jpg 150w, https:\/\/tdv.org\/tr-TR\/wp-content\/uploads\/2022\/04\/8-1-100x100.jpg 100w, https:\/\/tdv.org\/tr-TR\/wp-content\/uploads\/2022\/04\/8-1-140x140.jpg 140w, https:\/\/tdv.org\/tr-TR\/wp-content\/uploads\/2022\/04\/8-1-500x500.jpg 500w, https:\/\/tdv.org\/tr-TR\/wp-content\/uploads\/2022\/04\/8-1-350x350.jpg 350w, https:\/\/tdv.org\/tr-TR\/wp-content\/uploads\/2022\/04\/8-1-800x800.jpg 800w\" sizes=\"(max-width: 150px) 100vw, 150px\" \/><\/a>\n\t\t\t<\/dt><\/dl><dl class='gallery-item'>\n\t\t\t<dt class='gallery-icon portrait'>\n\t\t\t\t<a href='https:\/\/tdv.org\/tr-TR\/wp-content\/uploads\/2022\/04\/9-1.jpg'><img decoding=\"async\" width=\"150\" height=\"150\" src=\"https:\/\/tdv.org\/tr-TR\/wp-content\/uploads\/2022\/04\/9-1-150x150.jpg\" class=\"attachment-thumbnail size-thumbnail\" alt=\"\" srcset=\"https:\/\/tdv.org\/tr-TR\/wp-content\/uploads\/2022\/04\/9-1-150x150.jpg 150w, https:\/\/tdv.org\/tr-TR\/wp-content\/uploads\/2022\/04\/9-1-100x100.jpg 100w, https:\/\/tdv.org\/tr-TR\/wp-content\/uploads\/2022\/04\/9-1-140x140.jpg 140w, https:\/\/tdv.org\/tr-TR\/wp-content\/uploads\/2022\/04\/9-1-500x500.jpg 500w, https:\/\/tdv.org\/tr-TR\/wp-content\/uploads\/2022\/04\/9-1-350x350.jpg 350w\" sizes=\"(max-width: 150px) 100vw, 150px\" \/><\/a>\n\t\t\t<\/dt><\/dl><dl class='gallery-item'>\n\t\t\t<dt class='gallery-icon portrait'>\n\t\t\t\t<a href='https:\/\/tdv.org\/tr-TR\/wp-content\/uploads\/2022\/04\/10-1.jpg'><img decoding=\"async\" width=\"150\" height=\"150\" src=\"https:\/\/tdv.org\/tr-TR\/wp-content\/uploads\/2022\/04\/10-1-150x150.jpg\" class=\"attachment-thumbnail size-thumbnail\" alt=\"\" srcset=\"https:\/\/tdv.org\/tr-TR\/wp-content\/uploads\/2022\/04\/10-1-150x150.jpg 150w, https:\/\/tdv.org\/tr-TR\/wp-content\/uploads\/2022\/04\/10-1-100x100.jpg 100w, https:\/\/tdv.org\/tr-TR\/wp-content\/uploads\/2022\/04\/10-1-140x140.jpg 140w, https:\/\/tdv.org\/tr-TR\/wp-content\/uploads\/2022\/04\/10-1-500x500.jpg 500w, https:\/\/tdv.org\/tr-TR\/wp-content\/uploads\/2022\/04\/10-1-350x350.jpg 350w\" sizes=\"(max-width: 150px) 100vw, 150px\" \/><\/a>\n\t\t\t<\/dt><\/dl><dl class='gallery-item'>\n\t\t\t<dt class='gallery-icon landscape'>\n\t\t\t\t<a href='https:\/\/tdv.org\/tr-TR\/wp-content\/uploads\/2022\/04\/11.jpg'><img decoding=\"async\" width=\"150\" height=\"150\" src=\"https:\/\/tdv.org\/tr-TR\/wp-content\/uploads\/2022\/04\/11-150x150.jpg\" class=\"attachment-thumbnail size-thumbnail\" alt=\"\" srcset=\"https:\/\/tdv.org\/tr-TR\/wp-content\/uploads\/2022\/04\/11-150x150.jpg 150w, https:\/\/tdv.org\/tr-TR\/wp-content\/uploads\/2022\/04\/11-100x100.jpg 100w, https:\/\/tdv.org\/tr-TR\/wp-content\/uploads\/2022\/04\/11-140x140.jpg 140w, https:\/\/tdv.org\/tr-TR\/wp-content\/uploads\/2022\/04\/11-500x500.jpg 500w, https:\/\/tdv.org\/tr-TR\/wp-content\/uploads\/2022\/04\/11-350x350.jpg 350w, https:\/\/tdv.org\/tr-TR\/wp-content\/uploads\/2022\/04\/11-800x800.jpg 800w\" sizes=\"(max-width: 150px) 100vw, 150px\" \/><\/a>\n\t\t\t<\/dt><\/dl><dl class='gallery-item'>\n\t\t\t<dt class='gallery-icon landscape'>\n\t\t\t\t<a href='https:\/\/tdv.org\/tr-TR\/wp-content\/uploads\/2022\/04\/12.jpg'><img decoding=\"async\" width=\"150\" height=\"150\" src=\"https:\/\/tdv.org\/tr-TR\/wp-content\/uploads\/2022\/04\/12-150x150.jpg\" class=\"attachment-thumbnail size-thumbnail\" alt=\"\" srcset=\"https:\/\/tdv.org\/tr-TR\/wp-content\/uploads\/2022\/04\/12-150x150.jpg 150w, https:\/\/tdv.org\/tr-TR\/wp-content\/uploads\/2022\/04\/12-100x100.jpg 100w, https:\/\/tdv.org\/tr-TR\/wp-content\/uploads\/2022\/04\/12-140x140.jpg 140w, https:\/\/tdv.org\/tr-TR\/wp-content\/uploads\/2022\/04\/12-500x500.jpg 500w, https:\/\/tdv.org\/tr-TR\/wp-content\/uploads\/2022\/04\/12-350x350.jpg 350w, https:\/\/tdv.org\/tr-TR\/wp-content\/uploads\/2022\/04\/12-800x792.jpg 800w\" sizes=\"(max-width: 150px) 100vw, 150px\" \/><\/a>\n\t\t\t<\/dt><\/dl><br style=\"clear: both\" \/><dl class='gallery-item'>\n\t\t\t<dt class='gallery-icon landscape'>\n\t\t\t\t<a href='https:\/\/tdv.org\/tr-TR\/wp-content\/uploads\/2022\/04\/13.jpg'><img decoding=\"async\" width=\"150\" height=\"150\" src=\"https:\/\/tdv.org\/tr-TR\/wp-content\/uploads\/2022\/04\/13-150x150.jpg\" class=\"attachment-thumbnail size-thumbnail\" alt=\"\" srcset=\"https:\/\/tdv.org\/tr-TR\/wp-content\/uploads\/2022\/04\/13-150x150.jpg 150w, https:\/\/tdv.org\/tr-TR\/wp-content\/uploads\/2022\/04\/13-100x100.jpg 100w, https:\/\/tdv.org\/tr-TR\/wp-content\/uploads\/2022\/04\/13-140x140.jpg 140w, https:\/\/tdv.org\/tr-TR\/wp-content\/uploads\/2022\/04\/13-500x500.jpg 500w, https:\/\/tdv.org\/tr-TR\/wp-content\/uploads\/2022\/04\/13-350x350.jpg 350w, https:\/\/tdv.org\/tr-TR\/wp-content\/uploads\/2022\/04\/13-800x800.jpg 800w\" sizes=\"(max-width: 150px) 100vw, 150px\" \/><\/a>\n\t\t\t<\/dt><\/dl><dl class='gallery-item'>\n\t\t\t<dt class='gallery-icon landscape'>\n\t\t\t\t<a href='https:\/\/tdv.org\/tr-TR\/wp-content\/uploads\/2022\/04\/14.jpg'><img decoding=\"async\" width=\"150\" height=\"150\" src=\"https:\/\/tdv.org\/tr-TR\/wp-content\/uploads\/2022\/04\/14-150x150.jpg\" class=\"attachment-thumbnail size-thumbnail\" alt=\"\" srcset=\"https:\/\/tdv.org\/tr-TR\/wp-content\/uploads\/2022\/04\/14-150x150.jpg 150w, https:\/\/tdv.org\/tr-TR\/wp-content\/uploads\/2022\/04\/14-100x100.jpg 100w, https:\/\/tdv.org\/tr-TR\/wp-content\/uploads\/2022\/04\/14-140x140.jpg 140w, https:\/\/tdv.org\/tr-TR\/wp-content\/uploads\/2022\/04\/14-500x500.jpg 500w, https:\/\/tdv.org\/tr-TR\/wp-content\/uploads\/2022\/04\/14-350x350.jpg 350w, https:\/\/tdv.org\/tr-TR\/wp-content\/uploads\/2022\/04\/14-800x800.jpg 800w\" sizes=\"(max-width: 150px) 100vw, 150px\" \/><\/a>\n\t\t\t<\/dt><\/dl><dl class='gallery-item'>\n\t\t\t<dt class='gallery-icon landscape'>\n\t\t\t\t<a href='https:\/\/tdv.org\/tr-TR\/wp-content\/uploads\/2022\/04\/15.jpg'><img decoding=\"async\" width=\"150\" height=\"150\" src=\"https:\/\/tdv.org\/tr-TR\/wp-content\/uploads\/2022\/04\/15-150x150.jpg\" class=\"attachment-thumbnail size-thumbnail\" alt=\"\" srcset=\"https:\/\/tdv.org\/tr-TR\/wp-content\/uploads\/2022\/04\/15-150x150.jpg 150w, https:\/\/tdv.org\/tr-TR\/wp-content\/uploads\/2022\/04\/15-100x100.jpg 100w, https:\/\/tdv.org\/tr-TR\/wp-content\/uploads\/2022\/04\/15-140x140.jpg 140w, https:\/\/tdv.org\/tr-TR\/wp-content\/uploads\/2022\/04\/15-500x500.jpg 500w, https:\/\/tdv.org\/tr-TR\/wp-content\/uploads\/2022\/04\/15-350x350.jpg 350w, https:\/\/tdv.org\/tr-TR\/wp-content\/uploads\/2022\/04\/15-800x800.jpg 800w\" sizes=\"(max-width: 150px) 100vw, 150px\" \/><\/a>\n\t\t\t<\/dt><\/dl><dl class='gallery-item'>\n\t\t\t<dt class='gallery-icon landscape'>\n\t\t\t\t<a href='https:\/\/tdv.org\/tr-TR\/wp-content\/uploads\/2022\/04\/16.jpg'><img decoding=\"async\" width=\"150\" height=\"150\" src=\"https:\/\/tdv.org\/tr-TR\/wp-content\/uploads\/2022\/04\/16-150x150.jpg\" class=\"attachment-thumbnail size-thumbnail\" alt=\"\" srcset=\"https:\/\/tdv.org\/tr-TR\/wp-content\/uploads\/2022\/04\/16-150x150.jpg 150w, https:\/\/tdv.org\/tr-TR\/wp-content\/uploads\/2022\/04\/16-100x100.jpg 100w, https:\/\/tdv.org\/tr-TR\/wp-content\/uploads\/2022\/04\/16-140x140.jpg 140w, https:\/\/tdv.org\/tr-TR\/wp-content\/uploads\/2022\/04\/16-500x500.jpg 500w, https:\/\/tdv.org\/tr-TR\/wp-content\/uploads\/2022\/04\/16-350x350.jpg 350w, https:\/\/tdv.org\/tr-TR\/wp-content\/uploads\/2022\/04\/16-800x800.jpg 800w\" sizes=\"(max-width: 150px) 100vw, 150px\" \/><\/a>\n\t\t\t<\/dt><\/dl><dl class='gallery-item'>\n\t\t\t<dt class='gallery-icon landscape'>\n\t\t\t\t<a href='https:\/\/tdv.org\/tr-TR\/wp-content\/uploads\/2022\/04\/17.jpg'><img decoding=\"async\" width=\"150\" height=\"150\" src=\"https:\/\/tdv.org\/tr-TR\/wp-content\/uploads\/2022\/04\/17-150x150.jpg\" class=\"attachment-thumbnail size-thumbnail\" alt=\"\" srcset=\"https:\/\/tdv.org\/tr-TR\/wp-content\/uploads\/2022\/04\/17-150x150.jpg 150w, https:\/\/tdv.org\/tr-TR\/wp-content\/uploads\/2022\/04\/17-100x100.jpg 100w, https:\/\/tdv.org\/tr-TR\/wp-content\/uploads\/2022\/04\/17-140x140.jpg 140w, https:\/\/tdv.org\/tr-TR\/wp-content\/uploads\/2022\/04\/17-500x500.jpg 500w, https:\/\/tdv.org\/tr-TR\/wp-content\/uploads\/2022\/04\/17-350x350.jpg 350w, https:\/\/tdv.org\/tr-TR\/wp-content\/uploads\/2022\/04\/17-800x800.jpg 800w\" sizes=\"(max-width: 150px) 100vw, 150px\" \/><\/a>\n\t\t\t<\/dt><\/dl><dl class='gallery-item'>\n\t\t\t<dt class='gallery-icon landscape'>\n\t\t\t\t<a href='https:\/\/tdv.org\/tr-TR\/wp-content\/uploads\/2022\/04\/18.jpg'><img decoding=\"async\" width=\"150\" height=\"150\" src=\"https:\/\/tdv.org\/tr-TR\/wp-content\/uploads\/2022\/04\/18-150x150.jpg\" class=\"attachment-thumbnail size-thumbnail\" alt=\"\" srcset=\"https:\/\/tdv.org\/tr-TR\/wp-content\/uploads\/2022\/04\/18-150x150.jpg 150w, https:\/\/tdv.org\/tr-TR\/wp-content\/uploads\/2022\/04\/18-100x100.jpg 100w, https:\/\/tdv.org\/tr-TR\/wp-content\/uploads\/2022\/04\/18-140x140.jpg 140w, https:\/\/tdv.org\/tr-TR\/wp-content\/uploads\/2022\/04\/18-500x500.jpg 500w, https:\/\/tdv.org\/tr-TR\/wp-content\/uploads\/2022\/04\/18-350x350.jpg 350w, https:\/\/tdv.org\/tr-TR\/wp-content\/uploads\/2022\/04\/18-800x800.jpg 800w\" sizes=\"(max-width: 150px) 100vw, 150px\" \/><\/a>\n\t\t\t<\/dt><\/dl><br style=\"clear: both\" \/><dl class='gallery-item'>\n\t\t\t<dt class='gallery-icon landscape'>\n\t\t\t\t<a href='https:\/\/tdv.org\/tr-TR\/wp-content\/uploads\/2022\/04\/19.jpg'><img decoding=\"async\" width=\"150\" height=\"150\" src=\"https:\/\/tdv.org\/tr-TR\/wp-content\/uploads\/2022\/04\/19-150x150.jpg\" class=\"attachment-thumbnail size-thumbnail\" alt=\"\" srcset=\"https:\/\/tdv.org\/tr-TR\/wp-content\/uploads\/2022\/04\/19-150x150.jpg 150w, https:\/\/tdv.org\/tr-TR\/wp-content\/uploads\/2022\/04\/19-100x100.jpg 100w, https:\/\/tdv.org\/tr-TR\/wp-content\/uploads\/2022\/04\/19-140x140.jpg 140w, https:\/\/tdv.org\/tr-TR\/wp-content\/uploads\/2022\/04\/19-500x500.jpg 500w, https:\/\/tdv.org\/tr-TR\/wp-content\/uploads\/2022\/04\/19-350x350.jpg 350w, https:\/\/tdv.org\/tr-TR\/wp-content\/uploads\/2022\/04\/19-800x800.jpg 800w\" sizes=\"(max-width: 150px) 100vw, 150px\" \/><\/a>\n\t\t\t<\/dt><\/dl>\n\t\t\t<br style='clear: both' \/>\n\t\t<\/div>\n\n","protected":false},"excerpt":{"rendered":"<p>Cumhurba\u015fkan\u0131 Recep Tayyip Erdo\u011fan, Diyanet \u0130\u015fleri Ba\u015fkanl\u0131\u011f\u0131 ve T\u00fcrkiye Diyanet Vakf\u0131 (TDV) taraf\u0131ndan \u0130stanbul B\u00fcy\u00fck \u00c7aml\u0131ca Camii i\u00e7 avlusunda d\u00fczenlenen \u201c39. T\u00fcrkiye Kitap ve K\u00fclt\u00fcr Fuar\u0131\u201d a\u00e7\u0131l\u0131\u015f\u0131n\u0131 yapt\u0131. A\u00e7\u0131l\u0131\u015fa Diyanet&#8230;<\/p>\n","protected":false},"author":4,"featured_media":20288,"comment_status":"open","ping_status":"closed","sticky":false,"template":"","format":"standard","meta":{"footnotes":""},"categories":[1],"tags":[],"class_list":{"0":"post-20287","1":"post","2":"type-post","3":"status-publish","4":"format-standard","5":"has-post-thumbnail","7":"category-haberler"},"yoast_head":"<!-- This site is optimized with the Yoast SEO plugin v27.5 - https:\/\/yoast.com\/product\/yoast-seo-wordpress\/ -->\n<title>\u0130stanbul\u2019da \u201c39. T\u00fcrkiye Kitap ve K\u00fclt\u00fcr Fuar\u0131\u201d a\u00e7\u0131ld\u0131<\/title>\n<meta name=\"description\" content=\"Cumhurba\u015fkan\u0131 Recep Tayyip Erdo\u011fan, Diyanet \u0130\u015fleri Ba\u015fkanl\u0131\u011f\u0131 ve T\u00fcrkiye Diyanet Vakf\u0131 (TDV) taraf\u0131ndan \u0130stanbul B\u00fcy\u00fck \u00c7aml\u0131ca Camii i\u00e7 avlusunda d\u00fczenlenen \u201c39. T\u00fcrkiye Kitap ve K\u00fclt\u00fcr Fuar\u0131\u201d a\u00e7\u0131l\u0131\u015f\u0131n\u0131 yapt\u0131. A\u00e7\u0131l\u0131\u015fa Diyanet \u0130\u015fleri Ba\u015fkan\u0131 Prof. Dr. Ali Erba\u015f da kat\u0131ld\u0131.\" \/>\n<meta name=\"robots\" content=\"index, follow, max-snippet:-1, max-image-preview:large, max-video-preview:-1\" \/>\n<link rel=\"canonical\" href=\"https:\/\/tdv.org\/tr-TR\/istanbulda-39-turkiye-kitap-ve-kultur-fuari-acildi\/\" \/>\n<meta property=\"og:locale\" content=\"tr_TR\" \/>\n<meta property=\"og:type\" content=\"article\" \/>\n<meta property=\"og:title\" content=\"\u0130stanbul\u2019da \u201c39. T\u00fcrkiye Kitap ve K\u00fclt\u00fcr Fuar\u0131\u201d a\u00e7\u0131ld\u0131\" \/>\n<meta property=\"og:description\" content=\"Cumhurba\u015fkan\u0131 Recep Tayyip Erdo\u011fan, Diyanet \u0130\u015fleri Ba\u015fkanl\u0131\u011f\u0131 ve T\u00fcrkiye Diyanet Vakf\u0131 (TDV) taraf\u0131ndan \u0130stanbul B\u00fcy\u00fck \u00c7aml\u0131ca Camii i\u00e7 avlusunda d\u00fczenlenen \u201c39. T\u00fcrkiye Kitap ve K\u00fclt\u00fcr Fuar\u0131\u201d a\u00e7\u0131l\u0131\u015f\u0131n\u0131 yapt\u0131. A\u00e7\u0131l\u0131\u015fa Diyanet \u0130\u015fleri Ba\u015fkan\u0131 Prof. Dr. Ali Erba\u015f da kat\u0131ld\u0131.\" \/>\n<meta property=\"og:url\" content=\"https:\/\/tdv.org\/tr-TR\/istanbulda-39-turkiye-kitap-ve-kultur-fuari-acildi\/\" \/>\n<meta property=\"og:site_name\" content=\"T\u00fcrkiye Diyanet Vakf\u0131 Resmi Web Sitesi\" \/>\n<meta property=\"article:publisher\" content=\"https:\/\/www.facebook.com\/Diyanetvakfi\/\" \/>\n<meta property=\"article:published_time\" content=\"2022-04-08T16:19:02+00:00\" \/>\n<meta property=\"article:modified_time\" content=\"2022-12-08T08:30:54+00:00\" \/>\n<meta property=\"og:image\" content=\"https:\/\/tdv.org\/tr-TR\/wp-content\/uploads\/2022\/04\/1-4.jpg\" \/>\n\t<meta property=\"og:image:width\" content=\"1200\" \/>\n\t<meta property=\"og:image:height\" content=\"786\" \/>\n\t<meta property=\"og:image:type\" content=\"image\/jpeg\" \/>\n<meta name=\"author\" content=\"Feyzullah\" \/>\n<meta name=\"twitter:card\" content=\"summary_large_image\" \/>\n<meta name=\"twitter:creator\" content=\"@DiyanetVakfi\" \/>\n<meta name=\"twitter:site\" content=\"@DiyanetVakfi\" \/>\n<script type=\"application\/ld+json\" class=\"yoast-schema-graph\">{\"@context\":\"https:\\\/\\\/schema.org\",\"@graph\":[{\"@type\":\"Article\",\"@id\":\"https:\\\/\\\/tdv.org\\\/tr-TR\\\/istanbulda-39-turkiye-kitap-ve-kultur-fuari-acildi\\\/#article\",\"isPartOf\":{\"@id\":\"https:\\\/\\\/tdv.org\\\/tr-TR\\\/istanbulda-39-turkiye-kitap-ve-kultur-fuari-acildi\\\/\"},\"author\":{\"name\":\"Feyzullah\",\"@id\":\"https:\\\/\\\/tdv.org\\\/tr-TR\\\/#\\\/schema\\\/person\\\/d82361fee30b9a18f022b00af48c5e54\"},\"headline\":\"\u0130stanbul\u2019da \u201c39. T\u00fcrkiye Kitap ve K\u00fclt\u00fcr Fuar\u0131\u201d a\u00e7\u0131ld\u0131\",\"datePublished\":\"2022-04-08T16:19:02+00:00\",\"dateModified\":\"2022-12-08T08:30:54+00:00\",\"mainEntityOfPage\":{\"@id\":\"https:\\\/\\\/tdv.org\\\/tr-TR\\\/istanbulda-39-turkiye-kitap-ve-kultur-fuari-acildi\\\/\"},\"wordCount\":803,\"commentCount\":0,\"publisher\":{\"@id\":\"https:\\\/\\\/tdv.org\\\/tr-TR\\\/#organization\"},\"image\":{\"@id\":\"https:\\\/\\\/tdv.org\\\/tr-TR\\\/istanbulda-39-turkiye-kitap-ve-kultur-fuari-acildi\\\/#primaryimage\"},\"thumbnailUrl\":\"https:\\\/\\\/tdv.org\\\/tr-TR\\\/wp-content\\\/uploads\\\/2022\\\/04\\\/1-4.jpg\",\"articleSection\":[\"Haberler\"],\"inLanguage\":\"tr\",\"potentialAction\":[{\"@type\":\"CommentAction\",\"name\":\"Comment\",\"target\":[\"https:\\\/\\\/tdv.org\\\/tr-TR\\\/istanbulda-39-turkiye-kitap-ve-kultur-fuari-acildi\\\/#respond\"]}]},{\"@type\":\"WebPage\",\"@id\":\"https:\\\/\\\/tdv.org\\\/tr-TR\\\/istanbulda-39-turkiye-kitap-ve-kultur-fuari-acildi\\\/\",\"url\":\"https:\\\/\\\/tdv.org\\\/tr-TR\\\/istanbulda-39-turkiye-kitap-ve-kultur-fuari-acildi\\\/\",\"name\":\"\u0130stanbul\u2019da \u201c39. T\u00fcrkiye Kitap ve K\u00fclt\u00fcr Fuar\u0131\u201d a\u00e7\u0131ld\u0131\",\"isPartOf\":{\"@id\":\"https:\\\/\\\/tdv.org\\\/tr-TR\\\/#website\"},\"primaryImageOfPage\":{\"@id\":\"https:\\\/\\\/tdv.org\\\/tr-TR\\\/istanbulda-39-turkiye-kitap-ve-kultur-fuari-acildi\\\/#primaryimage\"},\"image\":{\"@id\":\"https:\\\/\\\/tdv.org\\\/tr-TR\\\/istanbulda-39-turkiye-kitap-ve-kultur-fuari-acildi\\\/#primaryimage\"},\"thumbnailUrl\":\"https:\\\/\\\/tdv.org\\\/tr-TR\\\/wp-content\\\/uploads\\\/2022\\\/04\\\/1-4.jpg\",\"datePublished\":\"2022-04-08T16:19:02+00:00\",\"dateModified\":\"2022-12-08T08:30:54+00:00\",\"description\":\"Cumhurba\u015fkan\u0131 Recep Tayyip Erdo\u011fan, Diyanet \u0130\u015fleri Ba\u015fkanl\u0131\u011f\u0131 ve T\u00fcrkiye Diyanet Vakf\u0131 (TDV) taraf\u0131ndan \u0130stanbul B\u00fcy\u00fck \u00c7aml\u0131ca Camii i\u00e7 avlusunda d\u00fczenlenen \u201c39. T\u00fcrkiye Kitap ve K\u00fclt\u00fcr Fuar\u0131\u201d a\u00e7\u0131l\u0131\u015f\u0131n\u0131 yapt\u0131. A\u00e7\u0131l\u0131\u015fa Diyanet \u0130\u015fleri Ba\u015fkan\u0131 Prof. Dr. Ali Erba\u015f da kat\u0131ld\u0131.\",\"breadcrumb\":{\"@id\":\"https:\\\/\\\/tdv.org\\\/tr-TR\\\/istanbulda-39-turkiye-kitap-ve-kultur-fuari-acildi\\\/#breadcrumb\"},\"inLanguage\":\"tr\",\"potentialAction\":[{\"@type\":\"ReadAction\",\"target\":[\"https:\\\/\\\/tdv.org\\\/tr-TR\\\/istanbulda-39-turkiye-kitap-ve-kultur-fuari-acildi\\\/\"]}]},{\"@type\":\"ImageObject\",\"inLanguage\":\"tr\",\"@id\":\"https:\\\/\\\/tdv.org\\\/tr-TR\\\/istanbulda-39-turkiye-kitap-ve-kultur-fuari-acildi\\\/#primaryimage\",\"url\":\"https:\\\/\\\/tdv.org\\\/tr-TR\\\/wp-content\\\/uploads\\\/2022\\\/04\\\/1-4.jpg\",\"contentUrl\":\"https:\\\/\\\/tdv.org\\\/tr-TR\\\/wp-content\\\/uploads\\\/2022\\\/04\\\/1-4.jpg\",\"width\":1200,\"height\":786},{\"@type\":\"BreadcrumbList\",\"@id\":\"https:\\\/\\\/tdv.org\\\/tr-TR\\\/istanbulda-39-turkiye-kitap-ve-kultur-fuari-acildi\\\/#breadcrumb\",\"itemListElement\":[{\"@type\":\"ListItem\",\"position\":1,\"name\":\"Anasayfa\",\"item\":\"https:\\\/\\\/tdv.org\\\/tr-TR\\\/\"},{\"@type\":\"ListItem\",\"position\":2,\"name\":\"\u0130stanbul\u2019da \u201c39. T\u00fcrkiye Kitap ve K\u00fclt\u00fcr Fuar\u0131\u201d a\u00e7\u0131ld\u0131\"}]},{\"@type\":\"WebSite\",\"@id\":\"https:\\\/\\\/tdv.org\\\/tr-TR\\\/#website\",\"url\":\"https:\\\/\\\/tdv.org\\\/tr-TR\\\/\",\"name\":\"T\u00fcrkiye Diyanet Vakf\u0131 Resmi Web Sitesi\",\"description\":\"Yery\u00fcz\u00fcnde iyilik egemen oluncaya kadar\",\"publisher\":{\"@id\":\"https:\\\/\\\/tdv.org\\\/tr-TR\\\/#organization\"},\"alternateName\":\"T\u00fcrkiye Diyanet Vakf\u0131\",\"potentialAction\":[{\"@type\":\"SearchAction\",\"target\":{\"@type\":\"EntryPoint\",\"urlTemplate\":\"https:\\\/\\\/tdv.org\\\/tr-TR\\\/?s={search_term_string}\"},\"query-input\":{\"@type\":\"PropertyValueSpecification\",\"valueRequired\":true,\"valueName\":\"search_term_string\"}}],\"inLanguage\":\"tr\"},{\"@type\":\"Organization\",\"@id\":\"https:\\\/\\\/tdv.org\\\/tr-TR\\\/#organization\",\"name\":\"T\u00fcrkiye Diyanet Vakf\u0131\",\"alternateName\":\"T\u00fcrkiye Diyanet Vakf\u0131\",\"url\":\"https:\\\/\\\/tdv.org\\\/tr-TR\\\/\",\"logo\":{\"@type\":\"ImageObject\",\"inLanguage\":\"tr\",\"@id\":\"https:\\\/\\\/tdv.org\\\/tr-TR\\\/#\\\/schema\\\/logo\\\/image\\\/\",\"url\":\"https:\\\/\\\/tdv.org\\\/tr-TR\\\/wp-content\\\/uploads\\\/2018\\\/12\\\/TDV_Logo_1.png\",\"contentUrl\":\"https:\\\/\\\/tdv.org\\\/tr-TR\\\/wp-content\\\/uploads\\\/2018\\\/12\\\/TDV_Logo_1.png\",\"width\":207,\"height\":71,\"caption\":\"T\u00fcrkiye Diyanet Vakf\u0131\"},\"image\":{\"@id\":\"https:\\\/\\\/tdv.org\\\/tr-TR\\\/#\\\/schema\\\/logo\\\/image\\\/\"},\"sameAs\":[\"https:\\\/\\\/www.facebook.com\\\/Diyanetvakfi\\\/\",\"https:\\\/\\\/x.com\\\/DiyanetVakfi\",\"https:\\\/\\\/www.instagram.com\\\/turkiyediyanetvakfi\\\/\",\"https:\\\/\\\/www.youtube.com\\\/user\\\/TurkiyeDiyanetVakfi\"]},{\"@type\":\"Person\",\"@id\":\"https:\\\/\\\/tdv.org\\\/tr-TR\\\/#\\\/schema\\\/person\\\/d82361fee30b9a18f022b00af48c5e54\",\"name\":\"Feyzullah\",\"image\":{\"@type\":\"ImageObject\",\"inLanguage\":\"tr\",\"@id\":\"https:\\\/\\\/tdv.org\\\/tr-TR\\\/wp-content\\\/litespeed\\\/avatar\\\/2976dc58d1ce98cb93380ae29394255a.jpg?ver=1777306938\",\"url\":\"https:\\\/\\\/tdv.org\\\/tr-TR\\\/wp-content\\\/litespeed\\\/avatar\\\/2976dc58d1ce98cb93380ae29394255a.jpg?ver=1777306938\",\"contentUrl\":\"https:\\\/\\\/tdv.org\\\/tr-TR\\\/wp-content\\\/litespeed\\\/avatar\\\/2976dc58d1ce98cb93380ae29394255a.jpg?ver=1777306938\",\"caption\":\"Feyzullah\"},\"sameAs\":[\"http:\\\/\\\/www.tdv.org\"]}]}<\/script>\n<!-- \/ Yoast SEO plugin. -->","yoast_head_json":{"title":"\u0130stanbul\u2019da \u201c39. T\u00fcrkiye Kitap ve K\u00fclt\u00fcr Fuar\u0131\u201d a\u00e7\u0131ld\u0131","description":"Cumhurba\u015fkan\u0131 Recep Tayyip Erdo\u011fan, Diyanet \u0130\u015fleri Ba\u015fkanl\u0131\u011f\u0131 ve T\u00fcrkiye Diyanet Vakf\u0131 (TDV) taraf\u0131ndan \u0130stanbul B\u00fcy\u00fck \u00c7aml\u0131ca Camii i\u00e7 avlusunda d\u00fczenlenen \u201c39. T\u00fcrkiye Kitap ve K\u00fclt\u00fcr Fuar\u0131\u201d a\u00e7\u0131l\u0131\u015f\u0131n\u0131 yapt\u0131. A\u00e7\u0131l\u0131\u015fa Diyanet \u0130\u015fleri Ba\u015fkan\u0131 Prof. Dr. Ali Erba\u015f da kat\u0131ld\u0131.","robots":{"index":"index","follow":"follow","max-snippet":"max-snippet:-1","max-image-preview":"max-image-preview:large","max-video-preview":"max-video-preview:-1"},"canonical":"https:\/\/tdv.org\/tr-TR\/istanbulda-39-turkiye-kitap-ve-kultur-fuari-acildi\/","og_locale":"tr_TR","og_type":"article","og_title":"\u0130stanbul\u2019da \u201c39. T\u00fcrkiye Kitap ve K\u00fclt\u00fcr Fuar\u0131\u201d a\u00e7\u0131ld\u0131","og_description":"Cumhurba\u015fkan\u0131 Recep Tayyip Erdo\u011fan, Diyanet \u0130\u015fleri Ba\u015fkanl\u0131\u011f\u0131 ve T\u00fcrkiye Diyanet Vakf\u0131 (TDV) taraf\u0131ndan \u0130stanbul B\u00fcy\u00fck \u00c7aml\u0131ca Camii i\u00e7 avlusunda d\u00fczenlenen \u201c39. T\u00fcrkiye Kitap ve K\u00fclt\u00fcr Fuar\u0131\u201d a\u00e7\u0131l\u0131\u015f\u0131n\u0131 yapt\u0131. A\u00e7\u0131l\u0131\u015fa Diyanet \u0130\u015fleri Ba\u015fkan\u0131 Prof. Dr. Ali Erba\u015f da kat\u0131ld\u0131.","og_url":"https:\/\/tdv.org\/tr-TR\/istanbulda-39-turkiye-kitap-ve-kultur-fuari-acildi\/","og_site_name":"T\u00fcrkiye Diyanet Vakf\u0131 Resmi Web Sitesi","article_publisher":"https:\/\/www.facebook.com\/Diyanetvakfi\/","article_published_time":"2022-04-08T16:19:02+00:00","article_modified_time":"2022-12-08T08:30:54+00:00","og_image":[{"width":1200,"height":786,"url":"https:\/\/tdv.org\/tr-TR\/wp-content\/uploads\/2022\/04\/1-4.jpg","type":"image\/jpeg"}],"author":"Feyzullah","twitter_card":"summary_large_image","twitter_creator":"@DiyanetVakfi","twitter_site":"@DiyanetVakfi","schema":{"@context":"https:\/\/schema.org","@graph":[{"@type":"Article","@id":"https:\/\/tdv.org\/tr-TR\/istanbulda-39-turkiye-kitap-ve-kultur-fuari-acildi\/#article","isPartOf":{"@id":"https:\/\/tdv.org\/tr-TR\/istanbulda-39-turkiye-kitap-ve-kultur-fuari-acildi\/"},"author":{"name":"Feyzullah","@id":"https:\/\/tdv.org\/tr-TR\/#\/schema\/person\/d82361fee30b9a18f022b00af48c5e54"},"headline":"\u0130stanbul\u2019da \u201c39. T\u00fcrkiye Kitap ve K\u00fclt\u00fcr Fuar\u0131\u201d a\u00e7\u0131ld\u0131","datePublished":"2022-04-08T16:19:02+00:00","dateModified":"2022-12-08T08:30:54+00:00","mainEntityOfPage":{"@id":"https:\/\/tdv.org\/tr-TR\/istanbulda-39-turkiye-kitap-ve-kultur-fuari-acildi\/"},"wordCount":803,"commentCount":0,"publisher":{"@id":"https:\/\/tdv.org\/tr-TR\/#organization"},"image":{"@id":"https:\/\/tdv.org\/tr-TR\/istanbulda-39-turkiye-kitap-ve-kultur-fuari-acildi\/#primaryimage"},"thumbnailUrl":"https:\/\/tdv.org\/tr-TR\/wp-content\/uploads\/2022\/04\/1-4.jpg","articleSection":["Haberler"],"inLanguage":"tr","potentialAction":[{"@type":"CommentAction","name":"Comment","target":["https:\/\/tdv.org\/tr-TR\/istanbulda-39-turkiye-kitap-ve-kultur-fuari-acildi\/#respond"]}]},{"@type":"WebPage","@id":"https:\/\/tdv.org\/tr-TR\/istanbulda-39-turkiye-kitap-ve-kultur-fuari-acildi\/","url":"https:\/\/tdv.org\/tr-TR\/istanbulda-39-turkiye-kitap-ve-kultur-fuari-acildi\/","name":"\u0130stanbul\u2019da \u201c39. T\u00fcrkiye Kitap ve K\u00fclt\u00fcr Fuar\u0131\u201d a\u00e7\u0131ld\u0131","isPartOf":{"@id":"https:\/\/tdv.org\/tr-TR\/#website"},"primaryImageOfPage":{"@id":"https:\/\/tdv.org\/tr-TR\/istanbulda-39-turkiye-kitap-ve-kultur-fuari-acildi\/#primaryimage"},"image":{"@id":"https:\/\/tdv.org\/tr-TR\/istanbulda-39-turkiye-kitap-ve-kultur-fuari-acildi\/#primaryimage"},"thumbnailUrl":"https:\/\/tdv.org\/tr-TR\/wp-content\/uploads\/2022\/04\/1-4.jpg","datePublished":"2022-04-08T16:19:02+00:00","dateModified":"2022-12-08T08:30:54+00:00","description":"Cumhurba\u015fkan\u0131 Recep Tayyip Erdo\u011fan, Diyanet \u0130\u015fleri Ba\u015fkanl\u0131\u011f\u0131 ve T\u00fcrkiye Diyanet Vakf\u0131 (TDV) taraf\u0131ndan \u0130stanbul B\u00fcy\u00fck \u00c7aml\u0131ca Camii i\u00e7 avlusunda d\u00fczenlenen \u201c39. T\u00fcrkiye Kitap ve K\u00fclt\u00fcr Fuar\u0131\u201d a\u00e7\u0131l\u0131\u015f\u0131n\u0131 yapt\u0131. A\u00e7\u0131l\u0131\u015fa Diyanet \u0130\u015fleri Ba\u015fkan\u0131 Prof. Dr. Ali Erba\u015f da kat\u0131ld\u0131.","breadcrumb":{"@id":"https:\/\/tdv.org\/tr-TR\/istanbulda-39-turkiye-kitap-ve-kultur-fuari-acildi\/#breadcrumb"},"inLanguage":"tr","potentialAction":[{"@type":"ReadAction","target":["https:\/\/tdv.org\/tr-TR\/istanbulda-39-turkiye-kitap-ve-kultur-fuari-acildi\/"]}]},{"@type":"ImageObject","inLanguage":"tr","@id":"https:\/\/tdv.org\/tr-TR\/istanbulda-39-turkiye-kitap-ve-kultur-fuari-acildi\/#primaryimage","url":"https:\/\/tdv.org\/tr-TR\/wp-content\/uploads\/2022\/04\/1-4.jpg","contentUrl":"https:\/\/tdv.org\/tr-TR\/wp-content\/uploads\/2022\/04\/1-4.jpg","width":1200,"height":786},{"@type":"BreadcrumbList","@id":"https:\/\/tdv.org\/tr-TR\/istanbulda-39-turkiye-kitap-ve-kultur-fuari-acildi\/#breadcrumb","itemListElement":[{"@type":"ListItem","position":1,"name":"Anasayfa","item":"https:\/\/tdv.org\/tr-TR\/"},{"@type":"ListItem","position":2,"name":"\u0130stanbul\u2019da \u201c39. T\u00fcrkiye Kitap ve K\u00fclt\u00fcr Fuar\u0131\u201d a\u00e7\u0131ld\u0131"}]},{"@type":"WebSite","@id":"https:\/\/tdv.org\/tr-TR\/#website","url":"https:\/\/tdv.org\/tr-TR\/","name":"T\u00fcrkiye Diyanet Vakf\u0131 Resmi Web Sitesi","description":"Yery\u00fcz\u00fcnde iyilik egemen oluncaya kadar","publisher":{"@id":"https:\/\/tdv.org\/tr-TR\/#organization"},"alternateName":"T\u00fcrkiye Diyanet Vakf\u0131","potentialAction":[{"@type":"SearchAction","target":{"@type":"EntryPoint","urlTemplate":"https:\/\/tdv.org\/tr-TR\/?s={search_term_string}"},"query-input":{"@type":"PropertyValueSpecification","valueRequired":true,"valueName":"search_term_string"}}],"inLanguage":"tr"},{"@type":"Organization","@id":"https:\/\/tdv.org\/tr-TR\/#organization","name":"T\u00fcrkiye Diyanet Vakf\u0131","alternateName":"T\u00fcrkiye Diyanet Vakf\u0131","url":"https:\/\/tdv.org\/tr-TR\/","logo":{"@type":"ImageObject","inLanguage":"tr","@id":"https:\/\/tdv.org\/tr-TR\/#\/schema\/logo\/image\/","url":"https:\/\/tdv.org\/tr-TR\/wp-content\/uploads\/2018\/12\/TDV_Logo_1.png","contentUrl":"https:\/\/tdv.org\/tr-TR\/wp-content\/uploads\/2018\/12\/TDV_Logo_1.png","width":207,"height":71,"caption":"T\u00fcrkiye Diyanet Vakf\u0131"},"image":{"@id":"https:\/\/tdv.org\/tr-TR\/#\/schema\/logo\/image\/"},"sameAs":["https:\/\/www.facebook.com\/Diyanetvakfi\/","https:\/\/x.com\/DiyanetVakfi","https:\/\/www.instagram.com\/turkiyediyanetvakfi\/","https:\/\/www.youtube.com\/user\/TurkiyeDiyanetVakfi"]},{"@type":"Person","@id":"https:\/\/tdv.org\/tr-TR\/#\/schema\/person\/d82361fee30b9a18f022b00af48c5e54","name":"Feyzullah","image":{"@type":"ImageObject","inLanguage":"tr","@id":"https:\/\/tdv.org\/tr-TR\/wp-content\/litespeed\/avatar\/2976dc58d1ce98cb93380ae29394255a.jpg?ver=1777306938","url":"https:\/\/tdv.org\/tr-TR\/wp-content\/litespeed\/avatar\/2976dc58d1ce98cb93380ae29394255a.jpg?ver=1777306938","contentUrl":"https:\/\/tdv.org\/tr-TR\/wp-content\/litespeed\/avatar\/2976dc58d1ce98cb93380ae29394255a.jpg?ver=1777306938","caption":"Feyzullah"},"sameAs":["http:\/\/www.tdv.org"]}]}},"_links":{"self":[{"href":"https:\/\/tdv.org\/tr-TR\/wp-json\/wp\/v2\/posts\/20287","targetHints":{"allow":["GET"]}}],"collection":[{"href":"https:\/\/tdv.org\/tr-TR\/wp-json\/wp\/v2\/posts"}],"about":[{"href":"https:\/\/tdv.org\/tr-TR\/wp-json\/wp\/v2\/types\/post"}],"author":[{"embeddable":true,"href":"https:\/\/tdv.org\/tr-TR\/wp-json\/wp\/v2\/users\/4"}],"replies":[{"embeddable":true,"href":"https:\/\/tdv.org\/tr-TR\/wp-json\/wp\/v2\/comments?post=20287"}],"version-history":[{"count":2,"href":"https:\/\/tdv.org\/tr-TR\/wp-json\/wp\/v2\/posts\/20287\/revisions"}],"predecessor-version":[{"id":26498,"href":"https:\/\/tdv.org\/tr-TR\/wp-json\/wp\/v2\/posts\/20287\/revisions\/26498"}],"wp:featuredmedia":[{"embeddable":true,"href":"https:\/\/tdv.org\/tr-TR\/wp-json\/wp\/v2\/media\/20288"}],"wp:attachment":[{"href":"https:\/\/tdv.org\/tr-TR\/wp-json\/wp\/v2\/media?parent=20287"}],"wp:term":[{"taxonomy":"category","embeddable":true,"href":"https:\/\/tdv.org\/tr-TR\/wp-json\/wp\/v2\/categories?post=20287"},{"taxonomy":"post_tag","embeddable":true,"href":"https:\/\/tdv.org\/tr-TR\/wp-json\/wp\/v2\/tags?post=20287"}],"curies":[{"name":"wp","href":"https:\/\/api.w.org\/{rel}","templated":true}]}}