{"id":20309,"date":"2022-04-09T16:18:56","date_gmt":"2022-04-09T13:18:56","guid":{"rendered":"https:\/\/tdv.org\/tr-TR\/?p=20309"},"modified":"2022-12-08T11:29:59","modified_gmt":"2022-12-08T08:29:59","slug":"turkiye-diyanet-vakfindan-kambocya-muslumanlarina-ramazan-yardimi","status":"publish","type":"post","link":"https:\/\/tdv.org\/tr-TR\/turkiye-diyanet-vakfindan-kambocya-muslumanlarina-ramazan-yardimi\/","title":{"rendered":"T\u00fcrkiye Diyanet Vakf\u0131ndan Kambo\u00e7ya M\u00fcsl\u00fcmanlar\u0131na Ramazan yard\u0131m\u0131"},"content":{"rendered":"<p style=\"text-align: justify;\">T\u00fcrkiye Diyanet Vakf\u0131 (TDV), Kambo\u00e7ya&#8217;n\u0131n farkl\u0131 b\u00f6lgelerinde 300 aileye g\u0131da yard\u0131m\u0131nda bulundu.<\/p>\n<p style=\"text-align: justify;\">E\u011fitim ve Gen\u00e7lik Bakan Yard\u0131mc\u0131s\u0131 Nos Sles, Kambo\u00e7ya Ulusal Meclis \u00dcyesi Man Novy, Baray B\u00f6lgesi Belediye Ba\u015fkan\u0131 Hak Putoseta, TDV e\u011fitim uzman\u0131 Yahya Uyar ve Diyanet \u0130\u015fleri Ba\u015fkanl\u0131\u011f\u0131 g\u00f6revlisi Muhammed Kamil Yaykan, Kampong Thom ili Baray b\u00f6lgesindeki Dar\u00fcl R\u0131dvan Camisi&#8217;nde M\u00fcsl\u00fcmanlarla bir araya gelerek, g\u0131da da\u011f\u0131t\u0131m program\u0131na kat\u0131ld\u0131.<\/p>\n<p style=\"text-align: justify;\">Burada 150 aileye, i\u00e7erisinde g\u0131da malzemeleri bulunan Ramazan paketleri da\u011f\u0131t\u0131ld\u0131. \u00dczerinde T\u00fcrk bayraklar\u0131 ve TDV&#8217;nin logosunun bulundu\u011fu Ramazan paketlerini alan aileler, T\u00fcrk heyetine te\u015fekk\u00fcr etti.<\/p>\n<p style=\"text-align: justify;\">Kambo\u00e7ya Ulusal Meclis \u00dcyesi Novy, yard\u0131mlar\u0131n b\u00f6lge halk\u0131 a\u00e7\u0131s\u0131ndan \u00e7ok \u00f6nemli oldu\u011funu vurgulayarak, &#8220;Bu b\u00f6lgede do\u011fdum. Ulusal Meclis&#8217;te bu b\u00f6lgeyi temsil ediyorum. T\u00fcrk halk\u0131n\u0131n buradaki insanlara yard\u0131m ediyor olmas\u0131 bizi \u00e7ok mutlu ediyor. Bu ba\u011f\u0131\u015flar\u0131 bize g\u00f6nderen t\u00fcm T\u00fcrk halk\u0131na ve ba\u011f\u0131\u015flar\u0131n g\u00f6nderilmesini organize eden T\u00fcrk h\u00fck\u00fcmetine te\u015fekk\u00fcr ediyorum. Allah&#8217;tan T\u00fcrk halk\u0131na ve T\u00fcrk h\u00fck\u00fcmetine sa\u011fl\u0131k, afiyet diliyorum.&#8221; ifadesini kulland\u0131.<\/p>\n<p style=\"text-align: justify;\">Belediye Ba\u015fkan\u0131 Putoseta ise yard\u0131mlar\u0131n herkesi \u00e7ok mutlu etti\u011fini dile getirerek, &#8220;Bu kadar uzakta olsa da T\u00fcrkiye&#8217;den gelen bu yard\u0131mlar, beni ve buradaki toplulu\u011fu \u00e7ok mutlu etti. Bize bu yard\u0131mlar\u0131 g\u00f6nderen ba\u011f\u0131\u015f\u00e7\u0131lara sevgilerimizi g\u00f6nderiyoruz.&#8221; dedi.<\/p>\n<p style=\"text-align: justify;\">TDV uzman\u0131 Uyar da 2022 Ramazan organizasyonu kapsam\u0131nda TDV ve Diyanet \u0130\u015fleri Ba\u015fkanl\u0131\u011f\u0131 olarak milletin emanetlerini temsil etmek ad\u0131na Kambo\u00e7ya&#8217;n\u0131n ba\u015fkentine 3,5 saat uzakl\u0131kta bulunduklar\u0131na dikkati \u00e7ekerek, &#8220;Buradaki M\u00fcsl\u00fcman halka milletimizin emanetini teslim ettik, karde\u015fli\u011fimizi g\u00f6sterdik. Onlar da \u00e7ok mutlu oldu. Yard\u0131mlar\u0131 alan M\u00fcsl\u00fcmanlar da T\u00fcrk halk\u0131na te\u015fekk\u00fcrlerini iletti.&#8221; diye konu\u015ftu.<\/p>\n<p style=\"text-align: justify;\">Ard\u0131ndan Kampong Chang b\u00f6lgesine giden heyet, buradaki M\u00fcsl\u00fcmanlarla da bir araya geldi. Ulusal Meclis \u00dcyesi Kop Maria&#8217;n\u0131n da kat\u0131ld\u0131\u011f\u0131 programda 150 aileye yard\u0131mlar ula\u015ft\u0131r\u0131ld\u0131.<\/p>\n\n\t\t<style type=\"text\/css\">\n\t\t\t#gallery-1 {\n\t\t\t\tmargin: auto;\n\t\t\t}\n\t\t\t#gallery-1 .gallery-item {\n\t\t\t\tfloat: left;\n\t\t\t\tmargin-top: 10px;\n\t\t\t\ttext-align: center;\n\t\t\t\twidth: 33%;\n\t\t\t}\n\t\t\t#gallery-1 img {\n\t\t\t\tborder: 2px solid #cfcfcf;\n\t\t\t}\n\t\t\t#gallery-1 .gallery-caption {\n\t\t\t\tmargin-left: 0;\n\t\t\t}\n\t\t\t\/* see gallery_shortcode() in wp-includes\/media.php *\/\n\t\t<\/style>\n\t\t<div id='gallery-1' class='gallery galleryid-20309 gallery-columns-3 gallery-size-thumbnail'><dl class='gallery-item'>\n\t\t\t<dt class='gallery-icon landscape'>\n\t\t\t\t<a href='https:\/\/tdv.org\/tr-TR\/wp-content\/uploads\/2022\/04\/AA-20220409-27513248-27513230-DIYANET_VAKFINDAN_KAMBOCYA_MUSLUMANLARINA_RAMAZAN_YARDIMI-scaled.jpg'><img decoding=\"async\" width=\"150\" height=\"150\" src=\"https:\/\/tdv.org\/tr-TR\/wp-content\/uploads\/2022\/04\/AA-20220409-27513248-27513230-DIYANET_VAKFINDAN_KAMBOCYA_MUSLUMANLARINA_RAMAZAN_YARDIMI-150x150.jpg\" class=\"attachment-thumbnail size-thumbnail\" alt=\"\" srcset=\"https:\/\/tdv.org\/tr-TR\/wp-content\/uploads\/2022\/04\/AA-20220409-27513248-27513230-DIYANET_VAKFINDAN_KAMBOCYA_MUSLUMANLARINA_RAMAZAN_YARDIMI-150x150.jpg 150w, https:\/\/tdv.org\/tr-TR\/wp-content\/uploads\/2022\/04\/AA-20220409-27513248-27513230-DIYANET_VAKFINDAN_KAMBOCYA_MUSLUMANLARINA_RAMAZAN_YARDIMI-100x100.jpg 100w, https:\/\/tdv.org\/tr-TR\/wp-content\/uploads\/2022\/04\/AA-20220409-27513248-27513230-DIYANET_VAKFINDAN_KAMBOCYA_MUSLUMANLARINA_RAMAZAN_YARDIMI-140x140.jpg 140w, https:\/\/tdv.org\/tr-TR\/wp-content\/uploads\/2022\/04\/AA-20220409-27513248-27513230-DIYANET_VAKFINDAN_KAMBOCYA_MUSLUMANLARINA_RAMAZAN_YARDIMI-500x500.jpg 500w, https:\/\/tdv.org\/tr-TR\/wp-content\/uploads\/2022\/04\/AA-20220409-27513248-27513230-DIYANET_VAKFINDAN_KAMBOCYA_MUSLUMANLARINA_RAMAZAN_YARDIMI-350x350.jpg 350w, https:\/\/tdv.org\/tr-TR\/wp-content\/uploads\/2022\/04\/AA-20220409-27513248-27513230-DIYANET_VAKFINDAN_KAMBOCYA_MUSLUMANLARINA_RAMAZAN_YARDIMI-1000x1000.jpg 1000w, https:\/\/tdv.org\/tr-TR\/wp-content\/uploads\/2022\/04\/AA-20220409-27513248-27513230-DIYANET_VAKFINDAN_KAMBOCYA_MUSLUMANLARINA_RAMAZAN_YARDIMI-800x800.jpg 800w\" sizes=\"(max-width: 150px) 100vw, 150px\" \/><\/a>\n\t\t\t<\/dt><\/dl><dl class='gallery-item'>\n\t\t\t<dt class='gallery-icon landscape'>\n\t\t\t\t<a href='https:\/\/tdv.org\/tr-TR\/wp-content\/uploads\/2022\/04\/AA-20220409-27513248-27513231-DIYANET_VAKFINDAN_KAMBOCYA_MUSLUMANLARINA_RAMAZAN_YARDIMI-scaled.jpg'><img decoding=\"async\" width=\"150\" height=\"150\" src=\"https:\/\/tdv.org\/tr-TR\/wp-content\/uploads\/2022\/04\/AA-20220409-27513248-27513231-DIYANET_VAKFINDAN_KAMBOCYA_MUSLUMANLARINA_RAMAZAN_YARDIMI-150x150.jpg\" class=\"attachment-thumbnail size-thumbnail\" alt=\"\" srcset=\"https:\/\/tdv.org\/tr-TR\/wp-content\/uploads\/2022\/04\/AA-20220409-27513248-27513231-DIYANET_VAKFINDAN_KAMBOCYA_MUSLUMANLARINA_RAMAZAN_YARDIMI-150x150.jpg 150w, https:\/\/tdv.org\/tr-TR\/wp-content\/uploads\/2022\/04\/AA-20220409-27513248-27513231-DIYANET_VAKFINDAN_KAMBOCYA_MUSLUMANLARINA_RAMAZAN_YARDIMI-100x100.jpg 100w, https:\/\/tdv.org\/tr-TR\/wp-content\/uploads\/2022\/04\/AA-20220409-27513248-27513231-DIYANET_VAKFINDAN_KAMBOCYA_MUSLUMANLARINA_RAMAZAN_YARDIMI-140x140.jpg 140w, https:\/\/tdv.org\/tr-TR\/wp-content\/uploads\/2022\/04\/AA-20220409-27513248-27513231-DIYANET_VAKFINDAN_KAMBOCYA_MUSLUMANLARINA_RAMAZAN_YARDIMI-500x500.jpg 500w, https:\/\/tdv.org\/tr-TR\/wp-content\/uploads\/2022\/04\/AA-20220409-27513248-27513231-DIYANET_VAKFINDAN_KAMBOCYA_MUSLUMANLARINA_RAMAZAN_YARDIMI-350x350.jpg 350w, https:\/\/tdv.org\/tr-TR\/wp-content\/uploads\/2022\/04\/AA-20220409-27513248-27513231-DIYANET_VAKFINDAN_KAMBOCYA_MUSLUMANLARINA_RAMAZAN_YARDIMI-1000x1000.jpg 1000w, https:\/\/tdv.org\/tr-TR\/wp-content\/uploads\/2022\/04\/AA-20220409-27513248-27513231-DIYANET_VAKFINDAN_KAMBOCYA_MUSLUMANLARINA_RAMAZAN_YARDIMI-800x800.jpg 800w\" sizes=\"(max-width: 150px) 100vw, 150px\" \/><\/a>\n\t\t\t<\/dt><\/dl><dl class='gallery-item'>\n\t\t\t<dt class='gallery-icon landscape'>\n\t\t\t\t<a href='https:\/\/tdv.org\/tr-TR\/wp-content\/uploads\/2022\/04\/AA-20220409-27513248-27513232-DIYANET_VAKFINDAN_KAMBOCYA_MUSLUMANLARINA_RAMAZAN_YARDIMI-scaled.jpg'><img decoding=\"async\" width=\"150\" height=\"150\" src=\"https:\/\/tdv.org\/tr-TR\/wp-content\/uploads\/2022\/04\/AA-20220409-27513248-27513232-DIYANET_VAKFINDAN_KAMBOCYA_MUSLUMANLARINA_RAMAZAN_YARDIMI-150x150.jpg\" class=\"attachment-thumbnail size-thumbnail\" alt=\"\" srcset=\"https:\/\/tdv.org\/tr-TR\/wp-content\/uploads\/2022\/04\/AA-20220409-27513248-27513232-DIYANET_VAKFINDAN_KAMBOCYA_MUSLUMANLARINA_RAMAZAN_YARDIMI-150x150.jpg 150w, https:\/\/tdv.org\/tr-TR\/wp-content\/uploads\/2022\/04\/AA-20220409-27513248-27513232-DIYANET_VAKFINDAN_KAMBOCYA_MUSLUMANLARINA_RAMAZAN_YARDIMI-100x100.jpg 100w, https:\/\/tdv.org\/tr-TR\/wp-content\/uploads\/2022\/04\/AA-20220409-27513248-27513232-DIYANET_VAKFINDAN_KAMBOCYA_MUSLUMANLARINA_RAMAZAN_YARDIMI-140x140.jpg 140w, https:\/\/tdv.org\/tr-TR\/wp-content\/uploads\/2022\/04\/AA-20220409-27513248-27513232-DIYANET_VAKFINDAN_KAMBOCYA_MUSLUMANLARINA_RAMAZAN_YARDIMI-500x500.jpg 500w, https:\/\/tdv.org\/tr-TR\/wp-content\/uploads\/2022\/04\/AA-20220409-27513248-27513232-DIYANET_VAKFINDAN_KAMBOCYA_MUSLUMANLARINA_RAMAZAN_YARDIMI-350x350.jpg 350w, https:\/\/tdv.org\/tr-TR\/wp-content\/uploads\/2022\/04\/AA-20220409-27513248-27513232-DIYANET_VAKFINDAN_KAMBOCYA_MUSLUMANLARINA_RAMAZAN_YARDIMI-1000x1000.jpg 1000w, https:\/\/tdv.org\/tr-TR\/wp-content\/uploads\/2022\/04\/AA-20220409-27513248-27513232-DIYANET_VAKFINDAN_KAMBOCYA_MUSLUMANLARINA_RAMAZAN_YARDIMI-800x800.jpg 800w\" sizes=\"(max-width: 150px) 100vw, 150px\" \/><\/a>\n\t\t\t<\/dt><\/dl><br style=\"clear: both\" \/><dl class='gallery-item'>\n\t\t\t<dt class='gallery-icon landscape'>\n\t\t\t\t<a href='https:\/\/tdv.org\/tr-TR\/wp-content\/uploads\/2022\/04\/AA-20220409-27513248-27513233-DIYANET_VAKFINDAN_KAMBOCYA_MUSLUMANLARINA_RAMAZAN_YARDIMI-scaled.jpg'><img decoding=\"async\" width=\"150\" height=\"150\" src=\"https:\/\/tdv.org\/tr-TR\/wp-content\/uploads\/2022\/04\/AA-20220409-27513248-27513233-DIYANET_VAKFINDAN_KAMBOCYA_MUSLUMANLARINA_RAMAZAN_YARDIMI-150x150.jpg\" class=\"attachment-thumbnail size-thumbnail\" alt=\"\" srcset=\"https:\/\/tdv.org\/tr-TR\/wp-content\/uploads\/2022\/04\/AA-20220409-27513248-27513233-DIYANET_VAKFINDAN_KAMBOCYA_MUSLUMANLARINA_RAMAZAN_YARDIMI-150x150.jpg 150w, https:\/\/tdv.org\/tr-TR\/wp-content\/uploads\/2022\/04\/AA-20220409-27513248-27513233-DIYANET_VAKFINDAN_KAMBOCYA_MUSLUMANLARINA_RAMAZAN_YARDIMI-100x100.jpg 100w, https:\/\/tdv.org\/tr-TR\/wp-content\/uploads\/2022\/04\/AA-20220409-27513248-27513233-DIYANET_VAKFINDAN_KAMBOCYA_MUSLUMANLARINA_RAMAZAN_YARDIMI-140x140.jpg 140w, https:\/\/tdv.org\/tr-TR\/wp-content\/uploads\/2022\/04\/AA-20220409-27513248-27513233-DIYANET_VAKFINDAN_KAMBOCYA_MUSLUMANLARINA_RAMAZAN_YARDIMI-500x500.jpg 500w, https:\/\/tdv.org\/tr-TR\/wp-content\/uploads\/2022\/04\/AA-20220409-27513248-27513233-DIYANET_VAKFINDAN_KAMBOCYA_MUSLUMANLARINA_RAMAZAN_YARDIMI-350x350.jpg 350w, https:\/\/tdv.org\/tr-TR\/wp-content\/uploads\/2022\/04\/AA-20220409-27513248-27513233-DIYANET_VAKFINDAN_KAMBOCYA_MUSLUMANLARINA_RAMAZAN_YARDIMI-1000x1000.jpg 1000w, https:\/\/tdv.org\/tr-TR\/wp-content\/uploads\/2022\/04\/AA-20220409-27513248-27513233-DIYANET_VAKFINDAN_KAMBOCYA_MUSLUMANLARINA_RAMAZAN_YARDIMI-800x800.jpg 800w\" sizes=\"(max-width: 150px) 100vw, 150px\" \/><\/a>\n\t\t\t<\/dt><\/dl><dl class='gallery-item'>\n\t\t\t<dt class='gallery-icon landscape'>\n\t\t\t\t<a href='https:\/\/tdv.org\/tr-TR\/wp-content\/uploads\/2022\/04\/AA-20220409-27513248-27513237-DIYANET_VAKFINDAN_KAMBOCYA_MUSLUMANLARINA_RAMAZAN_YARDIMI-scaled.jpg'><img decoding=\"async\" width=\"150\" height=\"150\" src=\"https:\/\/tdv.org\/tr-TR\/wp-content\/uploads\/2022\/04\/AA-20220409-27513248-27513237-DIYANET_VAKFINDAN_KAMBOCYA_MUSLUMANLARINA_RAMAZAN_YARDIMI-150x150.jpg\" class=\"attachment-thumbnail size-thumbnail\" alt=\"\" srcset=\"https:\/\/tdv.org\/tr-TR\/wp-content\/uploads\/2022\/04\/AA-20220409-27513248-27513237-DIYANET_VAKFINDAN_KAMBOCYA_MUSLUMANLARINA_RAMAZAN_YARDIMI-150x150.jpg 150w, https:\/\/tdv.org\/tr-TR\/wp-content\/uploads\/2022\/04\/AA-20220409-27513248-27513237-DIYANET_VAKFINDAN_KAMBOCYA_MUSLUMANLARINA_RAMAZAN_YARDIMI-100x100.jpg 100w, https:\/\/tdv.org\/tr-TR\/wp-content\/uploads\/2022\/04\/AA-20220409-27513248-27513237-DIYANET_VAKFINDAN_KAMBOCYA_MUSLUMANLARINA_RAMAZAN_YARDIMI-140x140.jpg 140w, https:\/\/tdv.org\/tr-TR\/wp-content\/uploads\/2022\/04\/AA-20220409-27513248-27513237-DIYANET_VAKFINDAN_KAMBOCYA_MUSLUMANLARINA_RAMAZAN_YARDIMI-500x500.jpg 500w, https:\/\/tdv.org\/tr-TR\/wp-content\/uploads\/2022\/04\/AA-20220409-27513248-27513237-DIYANET_VAKFINDAN_KAMBOCYA_MUSLUMANLARINA_RAMAZAN_YARDIMI-350x350.jpg 350w, https:\/\/tdv.org\/tr-TR\/wp-content\/uploads\/2022\/04\/AA-20220409-27513248-27513237-DIYANET_VAKFINDAN_KAMBOCYA_MUSLUMANLARINA_RAMAZAN_YARDIMI-1000x1000.jpg 1000w, https:\/\/tdv.org\/tr-TR\/wp-content\/uploads\/2022\/04\/AA-20220409-27513248-27513237-DIYANET_VAKFINDAN_KAMBOCYA_MUSLUMANLARINA_RAMAZAN_YARDIMI-800x800.jpg 800w\" sizes=\"(max-width: 150px) 100vw, 150px\" \/><\/a>\n\t\t\t<\/dt><\/dl><dl class='gallery-item'>\n\t\t\t<dt class='gallery-icon landscape'>\n\t\t\t\t<a href='https:\/\/tdv.org\/tr-TR\/wp-content\/uploads\/2022\/04\/AA-20220409-27513248-27513238-DIYANET_VAKFINDAN_KAMBOCYA_MUSLUMANLARINA_RAMAZAN_YARDIMI-scaled.jpg'><img decoding=\"async\" width=\"150\" height=\"150\" src=\"https:\/\/tdv.org\/tr-TR\/wp-content\/uploads\/2022\/04\/AA-20220409-27513248-27513238-DIYANET_VAKFINDAN_KAMBOCYA_MUSLUMANLARINA_RAMAZAN_YARDIMI-150x150.jpg\" class=\"attachment-thumbnail size-thumbnail\" alt=\"\" srcset=\"https:\/\/tdv.org\/tr-TR\/wp-content\/uploads\/2022\/04\/AA-20220409-27513248-27513238-DIYANET_VAKFINDAN_KAMBOCYA_MUSLUMANLARINA_RAMAZAN_YARDIMI-150x150.jpg 150w, https:\/\/tdv.org\/tr-TR\/wp-content\/uploads\/2022\/04\/AA-20220409-27513248-27513238-DIYANET_VAKFINDAN_KAMBOCYA_MUSLUMANLARINA_RAMAZAN_YARDIMI-100x100.jpg 100w, https:\/\/tdv.org\/tr-TR\/wp-content\/uploads\/2022\/04\/AA-20220409-27513248-27513238-DIYANET_VAKFINDAN_KAMBOCYA_MUSLUMANLARINA_RAMAZAN_YARDIMI-140x140.jpg 140w, https:\/\/tdv.org\/tr-TR\/wp-content\/uploads\/2022\/04\/AA-20220409-27513248-27513238-DIYANET_VAKFINDAN_KAMBOCYA_MUSLUMANLARINA_RAMAZAN_YARDIMI-500x500.jpg 500w, https:\/\/tdv.org\/tr-TR\/wp-content\/uploads\/2022\/04\/AA-20220409-27513248-27513238-DIYANET_VAKFINDAN_KAMBOCYA_MUSLUMANLARINA_RAMAZAN_YARDIMI-350x350.jpg 350w, https:\/\/tdv.org\/tr-TR\/wp-content\/uploads\/2022\/04\/AA-20220409-27513248-27513238-DIYANET_VAKFINDAN_KAMBOCYA_MUSLUMANLARINA_RAMAZAN_YARDIMI-1000x1000.jpg 1000w, https:\/\/tdv.org\/tr-TR\/wp-content\/uploads\/2022\/04\/AA-20220409-27513248-27513238-DIYANET_VAKFINDAN_KAMBOCYA_MUSLUMANLARINA_RAMAZAN_YARDIMI-800x800.jpg 800w\" sizes=\"(max-width: 150px) 100vw, 150px\" \/><\/a>\n\t\t\t<\/dt><\/dl><br style=\"clear: both\" \/><dl class='gallery-item'>\n\t\t\t<dt class='gallery-icon landscape'>\n\t\t\t\t<a href='https:\/\/tdv.org\/tr-TR\/wp-content\/uploads\/2022\/04\/AA-20220409-27513248-27513239-DIYANET_VAKFINDAN_KAMBOCYA_MUSLUMANLARINA_RAMAZAN_YARDIMI-scaled.jpg'><img decoding=\"async\" width=\"150\" height=\"150\" src=\"https:\/\/tdv.org\/tr-TR\/wp-content\/uploads\/2022\/04\/AA-20220409-27513248-27513239-DIYANET_VAKFINDAN_KAMBOCYA_MUSLUMANLARINA_RAMAZAN_YARDIMI-150x150.jpg\" class=\"attachment-thumbnail size-thumbnail\" alt=\"\" srcset=\"https:\/\/tdv.org\/tr-TR\/wp-content\/uploads\/2022\/04\/AA-20220409-27513248-27513239-DIYANET_VAKFINDAN_KAMBOCYA_MUSLUMANLARINA_RAMAZAN_YARDIMI-150x150.jpg 150w, https:\/\/tdv.org\/tr-TR\/wp-content\/uploads\/2022\/04\/AA-20220409-27513248-27513239-DIYANET_VAKFINDAN_KAMBOCYA_MUSLUMANLARINA_RAMAZAN_YARDIMI-100x100.jpg 100w, https:\/\/tdv.org\/tr-TR\/wp-content\/uploads\/2022\/04\/AA-20220409-27513248-27513239-DIYANET_VAKFINDAN_KAMBOCYA_MUSLUMANLARINA_RAMAZAN_YARDIMI-140x140.jpg 140w, https:\/\/tdv.org\/tr-TR\/wp-content\/uploads\/2022\/04\/AA-20220409-27513248-27513239-DIYANET_VAKFINDAN_KAMBOCYA_MUSLUMANLARINA_RAMAZAN_YARDIMI-500x500.jpg 500w, https:\/\/tdv.org\/tr-TR\/wp-content\/uploads\/2022\/04\/AA-20220409-27513248-27513239-DIYANET_VAKFINDAN_KAMBOCYA_MUSLUMANLARINA_RAMAZAN_YARDIMI-350x350.jpg 350w, https:\/\/tdv.org\/tr-TR\/wp-content\/uploads\/2022\/04\/AA-20220409-27513248-27513239-DIYANET_VAKFINDAN_KAMBOCYA_MUSLUMANLARINA_RAMAZAN_YARDIMI-1000x1000.jpg 1000w, https:\/\/tdv.org\/tr-TR\/wp-content\/uploads\/2022\/04\/AA-20220409-27513248-27513239-DIYANET_VAKFINDAN_KAMBOCYA_MUSLUMANLARINA_RAMAZAN_YARDIMI-800x800.jpg 800w\" sizes=\"(max-width: 150px) 100vw, 150px\" \/><\/a>\n\t\t\t<\/dt><\/dl><dl class='gallery-item'>\n\t\t\t<dt class='gallery-icon landscape'>\n\t\t\t\t<a href='https:\/\/tdv.org\/tr-TR\/wp-content\/uploads\/2022\/04\/AA-20220409-27513248-27513240-DIYANET_VAKFINDAN_KAMBOCYA_MUSLUMANLARINA_RAMAZAN_YARDIMI.jpg'><img decoding=\"async\" width=\"150\" height=\"150\" src=\"https:\/\/tdv.org\/tr-TR\/wp-content\/uploads\/2022\/04\/AA-20220409-27513248-27513240-DIYANET_VAKFINDAN_KAMBOCYA_MUSLUMANLARINA_RAMAZAN_YARDIMI-150x150.jpg\" class=\"attachment-thumbnail size-thumbnail\" alt=\"\" srcset=\"https:\/\/tdv.org\/tr-TR\/wp-content\/uploads\/2022\/04\/AA-20220409-27513248-27513240-DIYANET_VAKFINDAN_KAMBOCYA_MUSLUMANLARINA_RAMAZAN_YARDIMI-150x150.jpg 150w, https:\/\/tdv.org\/tr-TR\/wp-content\/uploads\/2022\/04\/AA-20220409-27513248-27513240-DIYANET_VAKFINDAN_KAMBOCYA_MUSLUMANLARINA_RAMAZAN_YARDIMI-100x100.jpg 100w, https:\/\/tdv.org\/tr-TR\/wp-content\/uploads\/2022\/04\/AA-20220409-27513248-27513240-DIYANET_VAKFINDAN_KAMBOCYA_MUSLUMANLARINA_RAMAZAN_YARDIMI-140x140.jpg 140w, https:\/\/tdv.org\/tr-TR\/wp-content\/uploads\/2022\/04\/AA-20220409-27513248-27513240-DIYANET_VAKFINDAN_KAMBOCYA_MUSLUMANLARINA_RAMAZAN_YARDIMI-500x500.jpg 500w, https:\/\/tdv.org\/tr-TR\/wp-content\/uploads\/2022\/04\/AA-20220409-27513248-27513240-DIYANET_VAKFINDAN_KAMBOCYA_MUSLUMANLARINA_RAMAZAN_YARDIMI-350x350.jpg 350w, https:\/\/tdv.org\/tr-TR\/wp-content\/uploads\/2022\/04\/AA-20220409-27513248-27513240-DIYANET_VAKFINDAN_KAMBOCYA_MUSLUMANLARINA_RAMAZAN_YARDIMI-1000x1000.jpg 1000w, https:\/\/tdv.org\/tr-TR\/wp-content\/uploads\/2022\/04\/AA-20220409-27513248-27513240-DIYANET_VAKFINDAN_KAMBOCYA_MUSLUMANLARINA_RAMAZAN_YARDIMI-800x800.jpg 800w\" sizes=\"(max-width: 150px) 100vw, 150px\" \/><\/a>\n\t\t\t<\/dt><\/dl><dl class='gallery-item'>\n\t\t\t<dt class='gallery-icon landscape'>\n\t\t\t\t<a href='https:\/\/tdv.org\/tr-TR\/wp-content\/uploads\/2022\/04\/AA-20220409-27513248-27513241-DIYANET_VAKFINDAN_KAMBOCYA_MUSLUMANLARINA_RAMAZAN_YARDIMI.jpg'><img decoding=\"async\" width=\"150\" height=\"150\" src=\"https:\/\/tdv.org\/tr-TR\/wp-content\/uploads\/2022\/04\/AA-20220409-27513248-27513241-DIYANET_VAKFINDAN_KAMBOCYA_MUSLUMANLARINA_RAMAZAN_YARDIMI-150x150.jpg\" class=\"attachment-thumbnail size-thumbnail\" alt=\"\" srcset=\"https:\/\/tdv.org\/tr-TR\/wp-content\/uploads\/2022\/04\/AA-20220409-27513248-27513241-DIYANET_VAKFINDAN_KAMBOCYA_MUSLUMANLARINA_RAMAZAN_YARDIMI-150x150.jpg 150w, https:\/\/tdv.org\/tr-TR\/wp-content\/uploads\/2022\/04\/AA-20220409-27513248-27513241-DIYANET_VAKFINDAN_KAMBOCYA_MUSLUMANLARINA_RAMAZAN_YARDIMI-100x100.jpg 100w, https:\/\/tdv.org\/tr-TR\/wp-content\/uploads\/2022\/04\/AA-20220409-27513248-27513241-DIYANET_VAKFINDAN_KAMBOCYA_MUSLUMANLARINA_RAMAZAN_YARDIMI-140x140.jpg 140w, https:\/\/tdv.org\/tr-TR\/wp-content\/uploads\/2022\/04\/AA-20220409-27513248-27513241-DIYANET_VAKFINDAN_KAMBOCYA_MUSLUMANLARINA_RAMAZAN_YARDIMI-500x500.jpg 500w, https:\/\/tdv.org\/tr-TR\/wp-content\/uploads\/2022\/04\/AA-20220409-27513248-27513241-DIYANET_VAKFINDAN_KAMBOCYA_MUSLUMANLARINA_RAMAZAN_YARDIMI-350x350.jpg 350w, https:\/\/tdv.org\/tr-TR\/wp-content\/uploads\/2022\/04\/AA-20220409-27513248-27513241-DIYANET_VAKFINDAN_KAMBOCYA_MUSLUMANLARINA_RAMAZAN_YARDIMI-1000x1000.jpg 1000w, https:\/\/tdv.org\/tr-TR\/wp-content\/uploads\/2022\/04\/AA-20220409-27513248-27513241-DIYANET_VAKFINDAN_KAMBOCYA_MUSLUMANLARINA_RAMAZAN_YARDIMI-800x800.jpg 800w\" sizes=\"(max-width: 150px) 100vw, 150px\" \/><\/a>\n\t\t\t<\/dt><\/dl><br style=\"clear: both\" \/><dl class='gallery-item'>\n\t\t\t<dt class='gallery-icon landscape'>\n\t\t\t\t<a href='https:\/\/tdv.org\/tr-TR\/wp-content\/uploads\/2022\/04\/AA-20220409-27513248-27513242-DIYANET_VAKFINDAN_KAMBOCYA_MUSLUMANLARINA_RAMAZAN_YARDIMI-scaled.jpg'><img decoding=\"async\" width=\"150\" height=\"150\" src=\"https:\/\/tdv.org\/tr-TR\/wp-content\/uploads\/2022\/04\/AA-20220409-27513248-27513242-DIYANET_VAKFINDAN_KAMBOCYA_MUSLUMANLARINA_RAMAZAN_YARDIMI-150x150.jpg\" class=\"attachment-thumbnail size-thumbnail\" alt=\"\" srcset=\"https:\/\/tdv.org\/tr-TR\/wp-content\/uploads\/2022\/04\/AA-20220409-27513248-27513242-DIYANET_VAKFINDAN_KAMBOCYA_MUSLUMANLARINA_RAMAZAN_YARDIMI-150x150.jpg 150w, https:\/\/tdv.org\/tr-TR\/wp-content\/uploads\/2022\/04\/AA-20220409-27513248-27513242-DIYANET_VAKFINDAN_KAMBOCYA_MUSLUMANLARINA_RAMAZAN_YARDIMI-100x100.jpg 100w, https:\/\/tdv.org\/tr-TR\/wp-content\/uploads\/2022\/04\/AA-20220409-27513248-27513242-DIYANET_VAKFINDAN_KAMBOCYA_MUSLUMANLARINA_RAMAZAN_YARDIMI-140x140.jpg 140w, https:\/\/tdv.org\/tr-TR\/wp-content\/uploads\/2022\/04\/AA-20220409-27513248-27513242-DIYANET_VAKFINDAN_KAMBOCYA_MUSLUMANLARINA_RAMAZAN_YARDIMI-500x500.jpg 500w, https:\/\/tdv.org\/tr-TR\/wp-content\/uploads\/2022\/04\/AA-20220409-27513248-27513242-DIYANET_VAKFINDAN_KAMBOCYA_MUSLUMANLARINA_RAMAZAN_YARDIMI-350x350.jpg 350w, https:\/\/tdv.org\/tr-TR\/wp-content\/uploads\/2022\/04\/AA-20220409-27513248-27513242-DIYANET_VAKFINDAN_KAMBOCYA_MUSLUMANLARINA_RAMAZAN_YARDIMI-1000x1000.jpg 1000w, https:\/\/tdv.org\/tr-TR\/wp-content\/uploads\/2022\/04\/AA-20220409-27513248-27513242-DIYANET_VAKFINDAN_KAMBOCYA_MUSLUMANLARINA_RAMAZAN_YARDIMI-800x800.jpg 800w\" sizes=\"(max-width: 150px) 100vw, 150px\" \/><\/a>\n\t\t\t<\/dt><\/dl><dl class='gallery-item'>\n\t\t\t<dt class='gallery-icon landscape'>\n\t\t\t\t<a href='https:\/\/tdv.org\/tr-TR\/wp-content\/uploads\/2022\/04\/AA-20220409-27513248-27513243-DIYANET_VAKFINDAN_KAMBOCYA_MUSLUMANLARINA_RAMAZAN_YARDIMI-scaled.jpg'><img decoding=\"async\" width=\"150\" height=\"150\" src=\"https:\/\/tdv.org\/tr-TR\/wp-content\/uploads\/2022\/04\/AA-20220409-27513248-27513243-DIYANET_VAKFINDAN_KAMBOCYA_MUSLUMANLARINA_RAMAZAN_YARDIMI-150x150.jpg\" class=\"attachment-thumbnail size-thumbnail\" alt=\"\" srcset=\"https:\/\/tdv.org\/tr-TR\/wp-content\/uploads\/2022\/04\/AA-20220409-27513248-27513243-DIYANET_VAKFINDAN_KAMBOCYA_MUSLUMANLARINA_RAMAZAN_YARDIMI-150x150.jpg 150w, https:\/\/tdv.org\/tr-TR\/wp-content\/uploads\/2022\/04\/AA-20220409-27513248-27513243-DIYANET_VAKFINDAN_KAMBOCYA_MUSLUMANLARINA_RAMAZAN_YARDIMI-100x100.jpg 100w, https:\/\/tdv.org\/tr-TR\/wp-content\/uploads\/2022\/04\/AA-20220409-27513248-27513243-DIYANET_VAKFINDAN_KAMBOCYA_MUSLUMANLARINA_RAMAZAN_YARDIMI-140x140.jpg 140w, https:\/\/tdv.org\/tr-TR\/wp-content\/uploads\/2022\/04\/AA-20220409-27513248-27513243-DIYANET_VAKFINDAN_KAMBOCYA_MUSLUMANLARINA_RAMAZAN_YARDIMI-500x500.jpg 500w, https:\/\/tdv.org\/tr-TR\/wp-content\/uploads\/2022\/04\/AA-20220409-27513248-27513243-DIYANET_VAKFINDAN_KAMBOCYA_MUSLUMANLARINA_RAMAZAN_YARDIMI-350x350.jpg 350w, https:\/\/tdv.org\/tr-TR\/wp-content\/uploads\/2022\/04\/AA-20220409-27513248-27513243-DIYANET_VAKFINDAN_KAMBOCYA_MUSLUMANLARINA_RAMAZAN_YARDIMI-1000x1000.jpg 1000w, https:\/\/tdv.org\/tr-TR\/wp-content\/uploads\/2022\/04\/AA-20220409-27513248-27513243-DIYANET_VAKFINDAN_KAMBOCYA_MUSLUMANLARINA_RAMAZAN_YARDIMI-800x800.jpg 800w\" sizes=\"(max-width: 150px) 100vw, 150px\" \/><\/a>\n\t\t\t<\/dt><\/dl><dl class='gallery-item'>\n\t\t\t<dt class='gallery-icon landscape'>\n\t\t\t\t<a href='https:\/\/tdv.org\/tr-TR\/wp-content\/uploads\/2022\/04\/AA-20220409-27513248-27513244-DIYANET_VAKFINDAN_KAMBOCYA_MUSLUMANLARINA_RAMAZAN_YARDIMI-scaled.jpg'><img decoding=\"async\" width=\"150\" height=\"150\" src=\"https:\/\/tdv.org\/tr-TR\/wp-content\/uploads\/2022\/04\/AA-20220409-27513248-27513244-DIYANET_VAKFINDAN_KAMBOCYA_MUSLUMANLARINA_RAMAZAN_YARDIMI-150x150.jpg\" class=\"attachment-thumbnail size-thumbnail\" alt=\"\" srcset=\"https:\/\/tdv.org\/tr-TR\/wp-content\/uploads\/2022\/04\/AA-20220409-27513248-27513244-DIYANET_VAKFINDAN_KAMBOCYA_MUSLUMANLARINA_RAMAZAN_YARDIMI-150x150.jpg 150w, https:\/\/tdv.org\/tr-TR\/wp-content\/uploads\/2022\/04\/AA-20220409-27513248-27513244-DIYANET_VAKFINDAN_KAMBOCYA_MUSLUMANLARINA_RAMAZAN_YARDIMI-100x100.jpg 100w, https:\/\/tdv.org\/tr-TR\/wp-content\/uploads\/2022\/04\/AA-20220409-27513248-27513244-DIYANET_VAKFINDAN_KAMBOCYA_MUSLUMANLARINA_RAMAZAN_YARDIMI-140x140.jpg 140w, https:\/\/tdv.org\/tr-TR\/wp-content\/uploads\/2022\/04\/AA-20220409-27513248-27513244-DIYANET_VAKFINDAN_KAMBOCYA_MUSLUMANLARINA_RAMAZAN_YARDIMI-500x500.jpg 500w, https:\/\/tdv.org\/tr-TR\/wp-content\/uploads\/2022\/04\/AA-20220409-27513248-27513244-DIYANET_VAKFINDAN_KAMBOCYA_MUSLUMANLARINA_RAMAZAN_YARDIMI-350x350.jpg 350w, https:\/\/tdv.org\/tr-TR\/wp-content\/uploads\/2022\/04\/AA-20220409-27513248-27513244-DIYANET_VAKFINDAN_KAMBOCYA_MUSLUMANLARINA_RAMAZAN_YARDIMI-1000x1000.jpg 1000w, https:\/\/tdv.org\/tr-TR\/wp-content\/uploads\/2022\/04\/AA-20220409-27513248-27513244-DIYANET_VAKFINDAN_KAMBOCYA_MUSLUMANLARINA_RAMAZAN_YARDIMI-800x800.jpg 800w\" sizes=\"(max-width: 150px) 100vw, 150px\" \/><\/a>\n\t\t\t<\/dt><\/dl><br style=\"clear: both\" \/><dl class='gallery-item'>\n\t\t\t<dt class='gallery-icon landscape'>\n\t\t\t\t<a href='https:\/\/tdv.org\/tr-TR\/wp-content\/uploads\/2022\/04\/AA-20220409-27513248-27513245-DIYANET_VAKFINDAN_KAMBOCYA_MUSLUMANLARINA_RAMAZAN_YARDIMI-scaled.jpg'><img decoding=\"async\" width=\"150\" height=\"150\" src=\"https:\/\/tdv.org\/tr-TR\/wp-content\/uploads\/2022\/04\/AA-20220409-27513248-27513245-DIYANET_VAKFINDAN_KAMBOCYA_MUSLUMANLARINA_RAMAZAN_YARDIMI-150x150.jpg\" class=\"attachment-thumbnail size-thumbnail\" alt=\"\" srcset=\"https:\/\/tdv.org\/tr-TR\/wp-content\/uploads\/2022\/04\/AA-20220409-27513248-27513245-DIYANET_VAKFINDAN_KAMBOCYA_MUSLUMANLARINA_RAMAZAN_YARDIMI-150x150.jpg 150w, https:\/\/tdv.org\/tr-TR\/wp-content\/uploads\/2022\/04\/AA-20220409-27513248-27513245-DIYANET_VAKFINDAN_KAMBOCYA_MUSLUMANLARINA_RAMAZAN_YARDIMI-100x100.jpg 100w, https:\/\/tdv.org\/tr-TR\/wp-content\/uploads\/2022\/04\/AA-20220409-27513248-27513245-DIYANET_VAKFINDAN_KAMBOCYA_MUSLUMANLARINA_RAMAZAN_YARDIMI-140x140.jpg 140w, https:\/\/tdv.org\/tr-TR\/wp-content\/uploads\/2022\/04\/AA-20220409-27513248-27513245-DIYANET_VAKFINDAN_KAMBOCYA_MUSLUMANLARINA_RAMAZAN_YARDIMI-500x500.jpg 500w, https:\/\/tdv.org\/tr-TR\/wp-content\/uploads\/2022\/04\/AA-20220409-27513248-27513245-DIYANET_VAKFINDAN_KAMBOCYA_MUSLUMANLARINA_RAMAZAN_YARDIMI-350x350.jpg 350w, https:\/\/tdv.org\/tr-TR\/wp-content\/uploads\/2022\/04\/AA-20220409-27513248-27513245-DIYANET_VAKFINDAN_KAMBOCYA_MUSLUMANLARINA_RAMAZAN_YARDIMI-1000x1000.jpg 1000w, https:\/\/tdv.org\/tr-TR\/wp-content\/uploads\/2022\/04\/AA-20220409-27513248-27513245-DIYANET_VAKFINDAN_KAMBOCYA_MUSLUMANLARINA_RAMAZAN_YARDIMI-800x800.jpg 800w\" sizes=\"(max-width: 150px) 100vw, 150px\" \/><\/a>\n\t\t\t<\/dt><\/dl><dl class='gallery-item'>\n\t\t\t<dt class='gallery-icon landscape'>\n\t\t\t\t<a href='https:\/\/tdv.org\/tr-TR\/wp-content\/uploads\/2022\/04\/AA-20220409-27513248-27513247-DIYANET_VAKFINDAN_KAMBOCYA_MUSLUMANLARINA_RAMAZAN_YARDIMI-scaled.jpg'><img decoding=\"async\" width=\"150\" height=\"150\" src=\"https:\/\/tdv.org\/tr-TR\/wp-content\/uploads\/2022\/04\/AA-20220409-27513248-27513247-DIYANET_VAKFINDAN_KAMBOCYA_MUSLUMANLARINA_RAMAZAN_YARDIMI-150x150.jpg\" class=\"attachment-thumbnail size-thumbnail\" alt=\"\" srcset=\"https:\/\/tdv.org\/tr-TR\/wp-content\/uploads\/2022\/04\/AA-20220409-27513248-27513247-DIYANET_VAKFINDAN_KAMBOCYA_MUSLUMANLARINA_RAMAZAN_YARDIMI-150x150.jpg 150w, https:\/\/tdv.org\/tr-TR\/wp-content\/uploads\/2022\/04\/AA-20220409-27513248-27513247-DIYANET_VAKFINDAN_KAMBOCYA_MUSLUMANLARINA_RAMAZAN_YARDIMI-100x100.jpg 100w, https:\/\/tdv.org\/tr-TR\/wp-content\/uploads\/2022\/04\/AA-20220409-27513248-27513247-DIYANET_VAKFINDAN_KAMBOCYA_MUSLUMANLARINA_RAMAZAN_YARDIMI-140x140.jpg 140w, https:\/\/tdv.org\/tr-TR\/wp-content\/uploads\/2022\/04\/AA-20220409-27513248-27513247-DIYANET_VAKFINDAN_KAMBOCYA_MUSLUMANLARINA_RAMAZAN_YARDIMI-500x500.jpg 500w, https:\/\/tdv.org\/tr-TR\/wp-content\/uploads\/2022\/04\/AA-20220409-27513248-27513247-DIYANET_VAKFINDAN_KAMBOCYA_MUSLUMANLARINA_RAMAZAN_YARDIMI-350x350.jpg 350w, https:\/\/tdv.org\/tr-TR\/wp-content\/uploads\/2022\/04\/AA-20220409-27513248-27513247-DIYANET_VAKFINDAN_KAMBOCYA_MUSLUMANLARINA_RAMAZAN_YARDIMI-1000x1000.jpg 1000w, https:\/\/tdv.org\/tr-TR\/wp-content\/uploads\/2022\/04\/AA-20220409-27513248-27513247-DIYANET_VAKFINDAN_KAMBOCYA_MUSLUMANLARINA_RAMAZAN_YARDIMI-800x800.jpg 800w\" sizes=\"(max-width: 150px) 100vw, 150px\" \/><\/a>\n\t\t\t<\/dt><\/dl>\n\t\t\t<br style='clear: both' \/>\n\t\t<\/div>\n\n","protected":false},"excerpt":{"rendered":"<p>T\u00fcrkiye Diyanet Vakf\u0131 (TDV), Kambo\u00e7ya&#8217;n\u0131n farkl\u0131 b\u00f6lgelerinde 300 aileye g\u0131da yard\u0131m\u0131nda bulundu. E\u011fitim ve Gen\u00e7lik Bakan Yard\u0131mc\u0131s\u0131 Nos Sles, Kambo\u00e7ya Ulusal Meclis \u00dcyesi Man Novy, Baray B\u00f6lgesi Belediye Ba\u015fkan\u0131 Hak&#8230;<\/p>\n","protected":false},"author":7,"featured_media":20313,"comment_status":"open","ping_status":"closed","sticky":false,"template":"","format":"standard","meta":{"footnotes":""},"categories":[1],"tags":[900,1762,107,478],"class_list":{"0":"post-20309","1":"post","2":"type-post","3":"status-publish","4":"format-standard","5":"has-post-thumbnail","7":"category-haberler","8":"tag-destek","9":"tag-kambocya","10":"tag-ramazan","11":"tag-yardim"},"yoast_head":"<!-- This site is optimized with the Yoast SEO plugin v27.5 - https:\/\/yoast.com\/product\/yoast-seo-wordpress\/ -->\n<title>T\u00fcrkiye Diyanet Vakf\u0131ndan Kambo\u00e7ya M\u00fcsl\u00fcmanlar\u0131na Ramazan yard\u0131m\u0131<\/title>\n<meta name=\"description\" content=\"T\u00fcrkiye Diyanet Vakf\u0131 (TDV), Kambo\u00e7ya&#039;n\u0131n farkl\u0131 b\u00f6lgelerinde 300 aileye g\u0131da yard\u0131m\u0131nda bulundu.\" \/>\n<meta name=\"robots\" content=\"index, follow, max-snippet:-1, max-image-preview:large, max-video-preview:-1\" \/>\n<link rel=\"canonical\" href=\"https:\/\/tdv.org\/tr-TR\/turkiye-diyanet-vakfindan-kambocya-muslumanlarina-ramazan-yardimi\/\" \/>\n<meta property=\"og:locale\" content=\"tr_TR\" \/>\n<meta property=\"og:type\" content=\"article\" \/>\n<meta property=\"og:title\" content=\"T\u00fcrkiye Diyanet Vakf\u0131ndan Kambo\u00e7ya M\u00fcsl\u00fcmanlar\u0131na Ramazan yard\u0131m\u0131\" \/>\n<meta property=\"og:description\" content=\"T\u00fcrkiye Diyanet Vakf\u0131 (TDV), Kambo\u00e7ya&#039;n\u0131n farkl\u0131 b\u00f6lgelerinde 300 aileye g\u0131da yard\u0131m\u0131nda bulundu.\" \/>\n<meta property=\"og:url\" content=\"https:\/\/tdv.org\/tr-TR\/turkiye-diyanet-vakfindan-kambocya-muslumanlarina-ramazan-yardimi\/\" \/>\n<meta property=\"og:site_name\" content=\"T\u00fcrkiye Diyanet Vakf\u0131 Resmi Web Sitesi\" \/>\n<meta property=\"article:publisher\" content=\"https:\/\/www.facebook.com\/Diyanetvakfi\/\" \/>\n<meta property=\"article:published_time\" content=\"2022-04-09T13:18:56+00:00\" \/>\n<meta property=\"article:modified_time\" content=\"2022-12-08T08:29:59+00:00\" \/>\n<meta property=\"og:image\" content=\"https:\/\/tdv.org\/tr-TR\/wp-content\/uploads\/2022\/04\/AA-20220409-27513248-27513233-DIYANET_VAKFINDAN_KAMBOCYA_MUSLUMANLARINA_RAMAZAN_YARDIMI-scaled.jpg\" \/>\n\t<meta property=\"og:image:width\" content=\"2560\" \/>\n\t<meta property=\"og:image:height\" content=\"1707\" \/>\n\t<meta property=\"og:image:type\" content=\"image\/jpeg\" \/>\n<meta name=\"author\" content=\"U\u011fur\" \/>\n<meta name=\"twitter:card\" content=\"summary_large_image\" \/>\n<meta name=\"twitter:creator\" content=\"@DiyanetVakfi\" \/>\n<meta name=\"twitter:site\" content=\"@DiyanetVakfi\" \/>\n<script type=\"application\/ld+json\" class=\"yoast-schema-graph\">{\"@context\":\"https:\\\/\\\/schema.org\",\"@graph\":[{\"@type\":\"Article\",\"@id\":\"https:\\\/\\\/tdv.org\\\/tr-TR\\\/turkiye-diyanet-vakfindan-kambocya-muslumanlarina-ramazan-yardimi\\\/#article\",\"isPartOf\":{\"@id\":\"https:\\\/\\\/tdv.org\\\/tr-TR\\\/turkiye-diyanet-vakfindan-kambocya-muslumanlarina-ramazan-yardimi\\\/\"},\"author\":{\"name\":\"U\u011fur\",\"@id\":\"https:\\\/\\\/tdv.org\\\/tr-TR\\\/#\\\/schema\\\/person\\\/8dcf742852c4614c6fdadb92da159c05\"},\"headline\":\"T\u00fcrkiye Diyanet Vakf\u0131ndan Kambo\u00e7ya M\u00fcsl\u00fcmanlar\u0131na Ramazan yard\u0131m\u0131\",\"datePublished\":\"2022-04-09T13:18:56+00:00\",\"dateModified\":\"2022-12-08T08:29:59+00:00\",\"mainEntityOfPage\":{\"@id\":\"https:\\\/\\\/tdv.org\\\/tr-TR\\\/turkiye-diyanet-vakfindan-kambocya-muslumanlarina-ramazan-yardimi\\\/\"},\"wordCount\":388,\"commentCount\":0,\"publisher\":{\"@id\":\"https:\\\/\\\/tdv.org\\\/tr-TR\\\/#organization\"},\"image\":{\"@id\":\"https:\\\/\\\/tdv.org\\\/tr-TR\\\/turkiye-diyanet-vakfindan-kambocya-muslumanlarina-ramazan-yardimi\\\/#primaryimage\"},\"thumbnailUrl\":\"https:\\\/\\\/tdv.org\\\/tr-TR\\\/wp-content\\\/uploads\\\/2022\\\/04\\\/AA-20220409-27513248-27513233-DIYANET_VAKFINDAN_KAMBOCYA_MUSLUMANLARINA_RAMAZAN_YARDIMI-scaled.jpg\",\"keywords\":[\"destek\",\"kambo\u00e7ya\",\"ramazan\",\"yard\u0131m\"],\"articleSection\":[\"Haberler\"],\"inLanguage\":\"tr\",\"potentialAction\":[{\"@type\":\"CommentAction\",\"name\":\"Comment\",\"target\":[\"https:\\\/\\\/tdv.org\\\/tr-TR\\\/turkiye-diyanet-vakfindan-kambocya-muslumanlarina-ramazan-yardimi\\\/#respond\"]}]},{\"@type\":\"WebPage\",\"@id\":\"https:\\\/\\\/tdv.org\\\/tr-TR\\\/turkiye-diyanet-vakfindan-kambocya-muslumanlarina-ramazan-yardimi\\\/\",\"url\":\"https:\\\/\\\/tdv.org\\\/tr-TR\\\/turkiye-diyanet-vakfindan-kambocya-muslumanlarina-ramazan-yardimi\\\/\",\"name\":\"T\u00fcrkiye Diyanet Vakf\u0131ndan Kambo\u00e7ya M\u00fcsl\u00fcmanlar\u0131na Ramazan yard\u0131m\u0131\",\"isPartOf\":{\"@id\":\"https:\\\/\\\/tdv.org\\\/tr-TR\\\/#website\"},\"primaryImageOfPage\":{\"@id\":\"https:\\\/\\\/tdv.org\\\/tr-TR\\\/turkiye-diyanet-vakfindan-kambocya-muslumanlarina-ramazan-yardimi\\\/#primaryimage\"},\"image\":{\"@id\":\"https:\\\/\\\/tdv.org\\\/tr-TR\\\/turkiye-diyanet-vakfindan-kambocya-muslumanlarina-ramazan-yardimi\\\/#primaryimage\"},\"thumbnailUrl\":\"https:\\\/\\\/tdv.org\\\/tr-TR\\\/wp-content\\\/uploads\\\/2022\\\/04\\\/AA-20220409-27513248-27513233-DIYANET_VAKFINDAN_KAMBOCYA_MUSLUMANLARINA_RAMAZAN_YARDIMI-scaled.jpg\",\"datePublished\":\"2022-04-09T13:18:56+00:00\",\"dateModified\":\"2022-12-08T08:29:59+00:00\",\"description\":\"T\u00fcrkiye Diyanet Vakf\u0131 (TDV), Kambo\u00e7ya'n\u0131n farkl\u0131 b\u00f6lgelerinde 300 aileye g\u0131da yard\u0131m\u0131nda bulundu.\",\"breadcrumb\":{\"@id\":\"https:\\\/\\\/tdv.org\\\/tr-TR\\\/turkiye-diyanet-vakfindan-kambocya-muslumanlarina-ramazan-yardimi\\\/#breadcrumb\"},\"inLanguage\":\"tr\",\"potentialAction\":[{\"@type\":\"ReadAction\",\"target\":[\"https:\\\/\\\/tdv.org\\\/tr-TR\\\/turkiye-diyanet-vakfindan-kambocya-muslumanlarina-ramazan-yardimi\\\/\"]}]},{\"@type\":\"ImageObject\",\"inLanguage\":\"tr\",\"@id\":\"https:\\\/\\\/tdv.org\\\/tr-TR\\\/turkiye-diyanet-vakfindan-kambocya-muslumanlarina-ramazan-yardimi\\\/#primaryimage\",\"url\":\"https:\\\/\\\/tdv.org\\\/tr-TR\\\/wp-content\\\/uploads\\\/2022\\\/04\\\/AA-20220409-27513248-27513233-DIYANET_VAKFINDAN_KAMBOCYA_MUSLUMANLARINA_RAMAZAN_YARDIMI-scaled.jpg\",\"contentUrl\":\"https:\\\/\\\/tdv.org\\\/tr-TR\\\/wp-content\\\/uploads\\\/2022\\\/04\\\/AA-20220409-27513248-27513233-DIYANET_VAKFINDAN_KAMBOCYA_MUSLUMANLARINA_RAMAZAN_YARDIMI-scaled.jpg\",\"width\":2560,\"height\":1707},{\"@type\":\"BreadcrumbList\",\"@id\":\"https:\\\/\\\/tdv.org\\\/tr-TR\\\/turkiye-diyanet-vakfindan-kambocya-muslumanlarina-ramazan-yardimi\\\/#breadcrumb\",\"itemListElement\":[{\"@type\":\"ListItem\",\"position\":1,\"name\":\"Anasayfa\",\"item\":\"https:\\\/\\\/tdv.org\\\/tr-TR\\\/\"},{\"@type\":\"ListItem\",\"position\":2,\"name\":\"T\u00fcrkiye Diyanet Vakf\u0131ndan Kambo\u00e7ya M\u00fcsl\u00fcmanlar\u0131na Ramazan yard\u0131m\u0131\"}]},{\"@type\":\"WebSite\",\"@id\":\"https:\\\/\\\/tdv.org\\\/tr-TR\\\/#website\",\"url\":\"https:\\\/\\\/tdv.org\\\/tr-TR\\\/\",\"name\":\"T\u00fcrkiye Diyanet Vakf\u0131 Resmi Web Sitesi\",\"description\":\"Yery\u00fcz\u00fcnde iyilik egemen oluncaya kadar\",\"publisher\":{\"@id\":\"https:\\\/\\\/tdv.org\\\/tr-TR\\\/#organization\"},\"alternateName\":\"T\u00fcrkiye Diyanet Vakf\u0131\",\"potentialAction\":[{\"@type\":\"SearchAction\",\"target\":{\"@type\":\"EntryPoint\",\"urlTemplate\":\"https:\\\/\\\/tdv.org\\\/tr-TR\\\/?s={search_term_string}\"},\"query-input\":{\"@type\":\"PropertyValueSpecification\",\"valueRequired\":true,\"valueName\":\"search_term_string\"}}],\"inLanguage\":\"tr\"},{\"@type\":\"Organization\",\"@id\":\"https:\\\/\\\/tdv.org\\\/tr-TR\\\/#organization\",\"name\":\"T\u00fcrkiye Diyanet Vakf\u0131\",\"alternateName\":\"T\u00fcrkiye Diyanet Vakf\u0131\",\"url\":\"https:\\\/\\\/tdv.org\\\/tr-TR\\\/\",\"logo\":{\"@type\":\"ImageObject\",\"inLanguage\":\"tr\",\"@id\":\"https:\\\/\\\/tdv.org\\\/tr-TR\\\/#\\\/schema\\\/logo\\\/image\\\/\",\"url\":\"https:\\\/\\\/tdv.org\\\/tr-TR\\\/wp-content\\\/uploads\\\/2018\\\/12\\\/TDV_Logo_1.png\",\"contentUrl\":\"https:\\\/\\\/tdv.org\\\/tr-TR\\\/wp-content\\\/uploads\\\/2018\\\/12\\\/TDV_Logo_1.png\",\"width\":207,\"height\":71,\"caption\":\"T\u00fcrkiye Diyanet Vakf\u0131\"},\"image\":{\"@id\":\"https:\\\/\\\/tdv.org\\\/tr-TR\\\/#\\\/schema\\\/logo\\\/image\\\/\"},\"sameAs\":[\"https:\\\/\\\/www.facebook.com\\\/Diyanetvakfi\\\/\",\"https:\\\/\\\/x.com\\\/DiyanetVakfi\",\"https:\\\/\\\/www.instagram.com\\\/turkiyediyanetvakfi\\\/\",\"https:\\\/\\\/www.youtube.com\\\/user\\\/TurkiyeDiyanetVakfi\"]},{\"@type\":\"Person\",\"@id\":\"https:\\\/\\\/tdv.org\\\/tr-TR\\\/#\\\/schema\\\/person\\\/8dcf742852c4614c6fdadb92da159c05\",\"name\":\"U\u011fur\",\"image\":{\"@type\":\"ImageObject\",\"inLanguage\":\"tr\",\"@id\":\"https:\\\/\\\/tdv.org\\\/tr-TR\\\/wp-content\\\/litespeed\\\/avatar\\\/b970c0eba1124f8268544e2640bfa964.jpg?ver=1777289940\",\"url\":\"https:\\\/\\\/tdv.org\\\/tr-TR\\\/wp-content\\\/litespeed\\\/avatar\\\/b970c0eba1124f8268544e2640bfa964.jpg?ver=1777289940\",\"contentUrl\":\"https:\\\/\\\/tdv.org\\\/tr-TR\\\/wp-content\\\/litespeed\\\/avatar\\\/b970c0eba1124f8268544e2640bfa964.jpg?ver=1777289940\",\"caption\":\"U\u011fur\"}}]}<\/script>\n<!-- \/ Yoast SEO plugin. -->","yoast_head_json":{"title":"T\u00fcrkiye Diyanet Vakf\u0131ndan Kambo\u00e7ya M\u00fcsl\u00fcmanlar\u0131na Ramazan yard\u0131m\u0131","description":"T\u00fcrkiye Diyanet Vakf\u0131 (TDV), Kambo\u00e7ya'n\u0131n farkl\u0131 b\u00f6lgelerinde 300 aileye g\u0131da yard\u0131m\u0131nda bulundu.","robots":{"index":"index","follow":"follow","max-snippet":"max-snippet:-1","max-image-preview":"max-image-preview:large","max-video-preview":"max-video-preview:-1"},"canonical":"https:\/\/tdv.org\/tr-TR\/turkiye-diyanet-vakfindan-kambocya-muslumanlarina-ramazan-yardimi\/","og_locale":"tr_TR","og_type":"article","og_title":"T\u00fcrkiye Diyanet Vakf\u0131ndan Kambo\u00e7ya M\u00fcsl\u00fcmanlar\u0131na Ramazan yard\u0131m\u0131","og_description":"T\u00fcrkiye Diyanet Vakf\u0131 (TDV), Kambo\u00e7ya'n\u0131n farkl\u0131 b\u00f6lgelerinde 300 aileye g\u0131da yard\u0131m\u0131nda bulundu.","og_url":"https:\/\/tdv.org\/tr-TR\/turkiye-diyanet-vakfindan-kambocya-muslumanlarina-ramazan-yardimi\/","og_site_name":"T\u00fcrkiye Diyanet Vakf\u0131 Resmi Web Sitesi","article_publisher":"https:\/\/www.facebook.com\/Diyanetvakfi\/","article_published_time":"2022-04-09T13:18:56+00:00","article_modified_time":"2022-12-08T08:29:59+00:00","og_image":[{"width":2560,"height":1707,"url":"https:\/\/tdv.org\/tr-TR\/wp-content\/uploads\/2022\/04\/AA-20220409-27513248-27513233-DIYANET_VAKFINDAN_KAMBOCYA_MUSLUMANLARINA_RAMAZAN_YARDIMI-scaled.jpg","type":"image\/jpeg"}],"author":"U\u011fur","twitter_card":"summary_large_image","twitter_creator":"@DiyanetVakfi","twitter_site":"@DiyanetVakfi","schema":{"@context":"https:\/\/schema.org","@graph":[{"@type":"Article","@id":"https:\/\/tdv.org\/tr-TR\/turkiye-diyanet-vakfindan-kambocya-muslumanlarina-ramazan-yardimi\/#article","isPartOf":{"@id":"https:\/\/tdv.org\/tr-TR\/turkiye-diyanet-vakfindan-kambocya-muslumanlarina-ramazan-yardimi\/"},"author":{"name":"U\u011fur","@id":"https:\/\/tdv.org\/tr-TR\/#\/schema\/person\/8dcf742852c4614c6fdadb92da159c05"},"headline":"T\u00fcrkiye Diyanet Vakf\u0131ndan Kambo\u00e7ya M\u00fcsl\u00fcmanlar\u0131na Ramazan yard\u0131m\u0131","datePublished":"2022-04-09T13:18:56+00:00","dateModified":"2022-12-08T08:29:59+00:00","mainEntityOfPage":{"@id":"https:\/\/tdv.org\/tr-TR\/turkiye-diyanet-vakfindan-kambocya-muslumanlarina-ramazan-yardimi\/"},"wordCount":388,"commentCount":0,"publisher":{"@id":"https:\/\/tdv.org\/tr-TR\/#organization"},"image":{"@id":"https:\/\/tdv.org\/tr-TR\/turkiye-diyanet-vakfindan-kambocya-muslumanlarina-ramazan-yardimi\/#primaryimage"},"thumbnailUrl":"https:\/\/tdv.org\/tr-TR\/wp-content\/uploads\/2022\/04\/AA-20220409-27513248-27513233-DIYANET_VAKFINDAN_KAMBOCYA_MUSLUMANLARINA_RAMAZAN_YARDIMI-scaled.jpg","keywords":["destek","kambo\u00e7ya","ramazan","yard\u0131m"],"articleSection":["Haberler"],"inLanguage":"tr","potentialAction":[{"@type":"CommentAction","name":"Comment","target":["https:\/\/tdv.org\/tr-TR\/turkiye-diyanet-vakfindan-kambocya-muslumanlarina-ramazan-yardimi\/#respond"]}]},{"@type":"WebPage","@id":"https:\/\/tdv.org\/tr-TR\/turkiye-diyanet-vakfindan-kambocya-muslumanlarina-ramazan-yardimi\/","url":"https:\/\/tdv.org\/tr-TR\/turkiye-diyanet-vakfindan-kambocya-muslumanlarina-ramazan-yardimi\/","name":"T\u00fcrkiye Diyanet Vakf\u0131ndan Kambo\u00e7ya M\u00fcsl\u00fcmanlar\u0131na Ramazan yard\u0131m\u0131","isPartOf":{"@id":"https:\/\/tdv.org\/tr-TR\/#website"},"primaryImageOfPage":{"@id":"https:\/\/tdv.org\/tr-TR\/turkiye-diyanet-vakfindan-kambocya-muslumanlarina-ramazan-yardimi\/#primaryimage"},"image":{"@id":"https:\/\/tdv.org\/tr-TR\/turkiye-diyanet-vakfindan-kambocya-muslumanlarina-ramazan-yardimi\/#primaryimage"},"thumbnailUrl":"https:\/\/tdv.org\/tr-TR\/wp-content\/uploads\/2022\/04\/AA-20220409-27513248-27513233-DIYANET_VAKFINDAN_KAMBOCYA_MUSLUMANLARINA_RAMAZAN_YARDIMI-scaled.jpg","datePublished":"2022-04-09T13:18:56+00:00","dateModified":"2022-12-08T08:29:59+00:00","description":"T\u00fcrkiye Diyanet Vakf\u0131 (TDV), Kambo\u00e7ya'n\u0131n farkl\u0131 b\u00f6lgelerinde 300 aileye g\u0131da yard\u0131m\u0131nda bulundu.","breadcrumb":{"@id":"https:\/\/tdv.org\/tr-TR\/turkiye-diyanet-vakfindan-kambocya-muslumanlarina-ramazan-yardimi\/#breadcrumb"},"inLanguage":"tr","potentialAction":[{"@type":"ReadAction","target":["https:\/\/tdv.org\/tr-TR\/turkiye-diyanet-vakfindan-kambocya-muslumanlarina-ramazan-yardimi\/"]}]},{"@type":"ImageObject","inLanguage":"tr","@id":"https:\/\/tdv.org\/tr-TR\/turkiye-diyanet-vakfindan-kambocya-muslumanlarina-ramazan-yardimi\/#primaryimage","url":"https:\/\/tdv.org\/tr-TR\/wp-content\/uploads\/2022\/04\/AA-20220409-27513248-27513233-DIYANET_VAKFINDAN_KAMBOCYA_MUSLUMANLARINA_RAMAZAN_YARDIMI-scaled.jpg","contentUrl":"https:\/\/tdv.org\/tr-TR\/wp-content\/uploads\/2022\/04\/AA-20220409-27513248-27513233-DIYANET_VAKFINDAN_KAMBOCYA_MUSLUMANLARINA_RAMAZAN_YARDIMI-scaled.jpg","width":2560,"height":1707},{"@type":"BreadcrumbList","@id":"https:\/\/tdv.org\/tr-TR\/turkiye-diyanet-vakfindan-kambocya-muslumanlarina-ramazan-yardimi\/#breadcrumb","itemListElement":[{"@type":"ListItem","position":1,"name":"Anasayfa","item":"https:\/\/tdv.org\/tr-TR\/"},{"@type":"ListItem","position":2,"name":"T\u00fcrkiye Diyanet Vakf\u0131ndan Kambo\u00e7ya M\u00fcsl\u00fcmanlar\u0131na Ramazan yard\u0131m\u0131"}]},{"@type":"WebSite","@id":"https:\/\/tdv.org\/tr-TR\/#website","url":"https:\/\/tdv.org\/tr-TR\/","name":"T\u00fcrkiye Diyanet Vakf\u0131 Resmi Web Sitesi","description":"Yery\u00fcz\u00fcnde iyilik egemen oluncaya kadar","publisher":{"@id":"https:\/\/tdv.org\/tr-TR\/#organization"},"alternateName":"T\u00fcrkiye Diyanet Vakf\u0131","potentialAction":[{"@type":"SearchAction","target":{"@type":"EntryPoint","urlTemplate":"https:\/\/tdv.org\/tr-TR\/?s={search_term_string}"},"query-input":{"@type":"PropertyValueSpecification","valueRequired":true,"valueName":"search_term_string"}}],"inLanguage":"tr"},{"@type":"Organization","@id":"https:\/\/tdv.org\/tr-TR\/#organization","name":"T\u00fcrkiye Diyanet Vakf\u0131","alternateName":"T\u00fcrkiye Diyanet Vakf\u0131","url":"https:\/\/tdv.org\/tr-TR\/","logo":{"@type":"ImageObject","inLanguage":"tr","@id":"https:\/\/tdv.org\/tr-TR\/#\/schema\/logo\/image\/","url":"https:\/\/tdv.org\/tr-TR\/wp-content\/uploads\/2018\/12\/TDV_Logo_1.png","contentUrl":"https:\/\/tdv.org\/tr-TR\/wp-content\/uploads\/2018\/12\/TDV_Logo_1.png","width":207,"height":71,"caption":"T\u00fcrkiye Diyanet Vakf\u0131"},"image":{"@id":"https:\/\/tdv.org\/tr-TR\/#\/schema\/logo\/image\/"},"sameAs":["https:\/\/www.facebook.com\/Diyanetvakfi\/","https:\/\/x.com\/DiyanetVakfi","https:\/\/www.instagram.com\/turkiyediyanetvakfi\/","https:\/\/www.youtube.com\/user\/TurkiyeDiyanetVakfi"]},{"@type":"Person","@id":"https:\/\/tdv.org\/tr-TR\/#\/schema\/person\/8dcf742852c4614c6fdadb92da159c05","name":"U\u011fur","image":{"@type":"ImageObject","inLanguage":"tr","@id":"https:\/\/tdv.org\/tr-TR\/wp-content\/litespeed\/avatar\/b970c0eba1124f8268544e2640bfa964.jpg?ver=1777289940","url":"https:\/\/tdv.org\/tr-TR\/wp-content\/litespeed\/avatar\/b970c0eba1124f8268544e2640bfa964.jpg?ver=1777289940","contentUrl":"https:\/\/tdv.org\/tr-TR\/wp-content\/litespeed\/avatar\/b970c0eba1124f8268544e2640bfa964.jpg?ver=1777289940","caption":"U\u011fur"}}]}},"_links":{"self":[{"href":"https:\/\/tdv.org\/tr-TR\/wp-json\/wp\/v2\/posts\/20309","targetHints":{"allow":["GET"]}}],"collection":[{"href":"https:\/\/tdv.org\/tr-TR\/wp-json\/wp\/v2\/posts"}],"about":[{"href":"https:\/\/tdv.org\/tr-TR\/wp-json\/wp\/v2\/types\/post"}],"author":[{"embeddable":true,"href":"https:\/\/tdv.org\/tr-TR\/wp-json\/wp\/v2\/users\/7"}],"replies":[{"embeddable":true,"href":"https:\/\/tdv.org\/tr-TR\/wp-json\/wp\/v2\/comments?post=20309"}],"version-history":[{"count":2,"href":"https:\/\/tdv.org\/tr-TR\/wp-json\/wp\/v2\/posts\/20309\/revisions"}],"predecessor-version":[{"id":20417,"href":"https:\/\/tdv.org\/tr-TR\/wp-json\/wp\/v2\/posts\/20309\/revisions\/20417"}],"wp:featuredmedia":[{"embeddable":true,"href":"https:\/\/tdv.org\/tr-TR\/wp-json\/wp\/v2\/media\/20313"}],"wp:attachment":[{"href":"https:\/\/tdv.org\/tr-TR\/wp-json\/wp\/v2\/media?parent=20309"}],"wp:term":[{"taxonomy":"category","embeddable":true,"href":"https:\/\/tdv.org\/tr-TR\/wp-json\/wp\/v2\/categories?post=20309"},{"taxonomy":"post_tag","embeddable":true,"href":"https:\/\/tdv.org\/tr-TR\/wp-json\/wp\/v2\/tags?post=20309"}],"curies":[{"name":"wp","href":"https:\/\/api.w.org\/{rel}","templated":true}]}}