{"id":20389,"date":"2022-04-09T23:40:17","date_gmt":"2022-04-09T20:40:17","guid":{"rendered":"https:\/\/tdv.org\/tr-TR\/?p=20389"},"modified":"2022-12-08T11:27:55","modified_gmt":"2022-12-08T08:27:55","slug":"vakfimizin-destekleriyle-mezun-olmus-gencleri-gordugumuz-zaman-gogsumuz-kabariyor","status":"publish","type":"post","link":"https:\/\/tdv.org\/tr-TR\/vakfimizin-destekleriyle-mezun-olmus-gencleri-gordugumuz-zaman-gogsumuz-kabariyor\/","title":{"rendered":"\u201cVakf\u0131m\u0131z\u0131n destekleriyle mezun olmu\u015f gen\u00e7leri g\u00f6rd\u00fc\u011f\u00fcm\u00fcz zaman g\u00f6\u011fs\u00fcm\u00fcz kabar\u0131yor\u201d"},"content":{"rendered":"<p style=\"text-align: justify;\">T\u00fcrkiye B\u00fcy\u00fck Millet Meclisi (TBMM) Ba\u015fkan\u0131 Prof. Dr. Mustafa \u015eentop ile Diyanet \u0130\u015fleri Ba\u015fkan\u0131 ve T\u00fcrkiye Diyanet Vakf\u0131 M\u00fctevelli Heyeti Ba\u015fkan\u0131 Prof. Dr. Ali Erba\u015f, T\u00fcrkiye Diyanet Vakf\u0131 taraf\u0131ndan organize edilen Balkan STK\u2019lar\u0131 ile vak\u0131f ba\u011f\u0131\u015f\u00e7\u0131lar\u0131 iftar program\u0131na kat\u0131ld\u0131.<\/p>\n<p style=\"text-align: justify;\">\u0130stanbul Cemile Sultan Korusu\u2019nda d\u00fczenlenen \u0130ftar program\u0131nda konu\u015fan TBMM Ba\u015fkan\u0131 \u015eentop, b\u00fcy\u00fck bir millet olarak \u00e7ok geni\u015f bir co\u011frafyada ya\u015fand\u0131\u011f\u0131n\u0131 belirterek, bin y\u0131llarca bu b\u00fcy\u00fck co\u011frafyada \u00e7ok geni\u015f bir yelpazede b\u00fcy\u00fck bir aile halinde var olundu\u011funu s\u00f6yledi.<\/p>\n<p style=\"text-align: justify;\">Ba\u015fkan \u015eentop, bu b\u00fcy\u00fck aile i\u00e7erisinde aradaki ba\u011f\u0131n kopmas\u0131n\u0131n m\u00fcmk\u00fcn olmad\u0131\u011f\u0131n\u0131 ifade ederek, \u201cBalkan\u2019 kelimesini bug\u00fcn bilin\u00e7li olarak silmek ve bu co\u011frafyay\u0131 tarihinden, kimli\u011finden kopartmak isteyenler, b\u00f6lgenin kimli\u011fini isim d\u00fczeyinde dahi yok etmek i\u00e7in Balkanlar yerine G\u00fcney Do\u011fu Avrupa demeyi tercih eden bir anlay\u0131\u015f\u0131n varl\u0131\u011f\u0131n\u0131 hat\u0131rlatmak isterim. G\u00f6n\u00fcl co\u011frafyam\u0131z diye isimlendirdi\u011fimiz bu tarihi co\u011frafyalar bizim ortak medeniyetimizin m\u00fchr\u00fcn\u00fc bast\u0131\u011f\u0131 topraklardan bahsediyoruz.\u201d diye konu\u015ftu.<\/p>\n<p style=\"text-align: justify;\">\u00dclkenin b\u00fct\u00fcn b\u00f6lgelerinin \u00e7ok yo\u011fun olarak muhaceretle bir ba\u011flant\u0131s\u0131n\u0131n bulundu\u011funu, \u201cEvlad\u0131 Fatihan\u201d olman\u0131n ge\u00e7mi\u015fini bilmeyi ve geride kalanlar\u0131 da unutmamay\u0131 ihtiva etti\u011fini anlatan Ba\u015fkan \u015eentop, \u015f\u00f6yle devam etti:<\/p>\n<p style=\"text-align: justify;\">&#8220;Ge\u00e7mi\u015fini bilme, geride kalanlar\u0131 unutmamak hat\u0131ralara sahip \u00e7\u0131kmay\u0131, ya\u015fayan eserleri korumay\u0131 gerektirdi\u011fi kadar, yeni izler, i\u015faretler b\u0131rakmay\u0131 da icap ettirmektedir. Yeni izler, i\u015faretler b\u0131rakmak ki\u015filer ve kurumlar\u0131n yard\u0131mla\u015fmas\u0131n\u0131, dayan\u0131\u015fmas\u0131n\u0131 icap ettiriyor. Bizler \u00f6zel akrabal\u0131k ili\u015fkilerimizde ve devletleraras\u0131 hukukta Rumeli\u2019ndeki karde\u015flerimizi hi\u00e7bir zaman unutmad\u0131k. \u0130yi g\u00fcnde, k\u00f6t\u00fc g\u00fcnde varl\u0131\u011f\u0131m\u0131zla daima onlar\u0131n yan\u0131nda olduk. Bundan sonra da artarak daha g\u00fc\u00e7l\u00fc bir \u015fekilde onlar\u0131n yan\u0131nda olmaya Cenab-\u0131 Hakk\u0131n izniyle devam edece\u011fiz. T\u00fcrkiye\u2019de 40 farkl\u0131 \u015fehirde yakla\u015f\u0131k 2 bin Balkan k\u00f6kenli dernek ve vakf\u0131m\u0131z var. Bu sivil toplum kurulu\u015flar\u0131 Balkan co\u011frafyas\u0131nda itici bir g\u00fc\u00e7 olu\u015fturabilecek yetkinliktedir. Balkan co\u011frafyas\u0131nda hat\u0131r\u0131 say\u0131l\u0131r bir ticari b\u00fcy\u00fckl\u00fc\u011f\u00fcm\u00fcz de var. Tabii bunlar\u0131n da yeterli olmad\u0131\u011f\u0131n\u0131 s\u00f6ylemeliyim.\u201d<\/p>\n<p style=\"text-align: justify;\">Ba\u015fkan \u015eentop, Balkan co\u011frafyas\u0131na yat\u0131r\u0131m yapman\u0131n sadece ekonomik gerek\u00e7elerle izah edilemeyece\u011fini, ba\u015fka sebeplerin de var oldu\u011funu aktararak, ata, ecdat yadigar\u0131 o co\u011frafyan\u0131n kalk\u0131nmas\u0131n\u0131n, ekonomik olarak geli\u015fmesinin, zenginle\u015fmesinin kendileri i\u00e7in bir vefa borcu oldu\u011funu s\u00f6yledi.<\/p>\n<p style=\"text-align: justify;\"><strong>\u201c\u0130nsani duygularla karde\u015flik halkas\u0131nda, bir araya gelme vaktidir\u201d<\/strong><\/p>\n<p style=\"text-align: justify;\">Yat\u0131r\u0131m denilince manevi yat\u0131r\u0131mlar\u0131 da tarihi sorumluluklar\u0131n\u0131n gereklerini, bug\u00fcn\u00fcn ve gelece\u011fin irtibat noktalar\u0131n\u0131, tarihi ve bug\u00fcn\u00fc birbirine ba\u011flayan manevi rab\u0131talar\u0131n da unutulmamas\u0131 gerekti\u011fini dile getiren Ba\u015fkan \u015eentop, s\u00f6zlerini \u015f\u00f6yle tamamlad\u0131:<\/p>\n<p style=\"text-align: justify;\">\u201cB\u00fct\u00fcn STK\u2019lar\u0131m\u0131z\u0131n, burada faaliyet g\u00f6steren Balkan, Rumeli k\u00f6kenli karde\u015flerimizin bu hassasiyetlerle bir\u00e7ok projeye katk\u0131lar\u0131 oldu\u011funu biliyorum. Bunlar \u00e7ok k\u0131ymetli vefa eserleridir. Bug\u00fcn bilhassa Diyanet Vakf\u0131m\u0131z\u0131n \u00f6nc\u00fcl\u00fc\u011f\u00fcnde s\u00fcrd\u00fcr\u00fclen temsil de\u011feri \u00e7ok y\u00fcksek \u00f6nc\u00fc projeleri hat\u0131rlatmak istiyorum. Onlara deste\u011fini talep etmek istiyorum. Bizler \u015fu an Piri\u015ftine\u2019de, Tiran\u2019da, \u00dcsk\u00fcp\u2019te, Akova\u2019da yap\u0131m\u0131 devam eden camilerimize, Rus\u00e7uk, \u015eumnu, Mestanl\u0131, Sofya ve Mecidiye\u2019deki okul projelerine omuz vermeliyiz. K\u00f6kleri as\u0131rlar \u00f6ncesine uzanan bu b\u00fcy\u00fck ailenin fertleri olarak dostlu\u011fumuzu, payla\u015f\u0131mlar\u0131m\u0131z\u0131, Balkan topraklardan ald\u0131\u011f\u0131m\u0131z ruhu tekrar o co\u011frafyaya yans\u0131tmak ve vermek mecburiyetindeyiz. M\u00fcsl\u00fcmanlar olarak ba\u015fkalar\u0131n\u0131n dertleriyle hemdert olmay\u0131 daha \u00e7ok idrak etti\u011fimiz bu mukaddes ayda, insan\u0131m\u0131z\u0131n ve cemiyetimizin, insanl\u0131\u011f\u0131n her ferdini d\u00fc\u015f\u00fcnmek vicdani bir sorumluluktur. Birbirimizle daha \u00e7ok empati yapman\u0131n di\u011fer ad\u0131 olan ramazan, maneviyat\u0131n maddiyata galebe \u00e7ald\u0131\u011f\u0131, insani duygularla karde\u015flik halkas\u0131nda, bir araya gelme vaktidir.\u201d ifadelerini kulland\u0131.<\/p>\n<p style=\"text-align: justify;\"><strong>Diyanet \u0130\u015fleri Ba\u015fkan\u0131 Erba\u015f, \u201cVak\u0131f k\u00fclt\u00fcr\u00fc, \u0130slam medeniyetinin en \u00f6nemli unsurudur<\/strong>\u201d<\/p>\n<p style=\"text-align: justify;\">Diyanet \u0130\u015fleri Ba\u015fkan\u0131 Prof. Dr. Ali Erba\u015f ise konu\u015fmas\u0131nda, vak\u0131f k\u00fclt\u00fcr\u00fcn\u00fcn, \u0130slam medeniyetinin en \u00f6nemli unsurlar\u0131ndan birisi oldu\u011funu hat\u0131rlatarak, \u201cPeygamber Efendimizden bug\u00fcne kadar \u0130slam medeniyeti tarihinde vak\u0131f anlay\u0131\u015f\u0131n\u0131n ne b\u00fcy\u00fck hizmetlere vesile oldu\u011funu kitaplarda okuyoruz. Ge\u00e7mi\u015fimizi \u015f\u00f6yle bir ara\u015ft\u0131rd\u0131\u011f\u0131m\u0131z zaman hemen g\u00f6r\u00fcyoruz.\u201d dedi.<\/p>\n<p style=\"text-align: justify;\">Vak\u0131flara g\u00f6n\u00fcl veren insanlar\u0131n da Peygamber varisleri oldu\u011funu belirten Ba\u015fkan Erba\u015f, \u201c\u00c7\u00fcnk\u00fc ilk vakfeden insan Peygamber Efendimizdir. Medine-i M\u00fcnevvere\u2019deki arazisini k\u0131yamete kadar fakir fukara, garip guraba insanlar istifade etsin diye vakfetmi\u015ftir Peygamber Efendimiz. \u0130\u015fte biz onun vak\u0131f anlay\u0131\u015f\u0131 noktas\u0131nda da varisleriyiz.\u201d diye konu\u015ftu.<\/p>\n<p style=\"text-align: justify;\"><strong>\u201cTDV 250 bin \u00f6\u011frenciye burs veren vak\u0131ft\u0131r\u201d<\/strong><\/p>\n<p style=\"text-align: justify;\">Ba\u015fkan Erba\u015f, T\u00fcrkiye Diyanet Vakf\u0131\u2019n\u0131n 47 senedir vak\u0131f hizmeti verdi\u011fine dikkat \u00e7ekerek, s\u00f6zlerine \u015f\u00f6yle devam etti:<\/p>\n<p style=\"text-align: justify;\">\u201cT\u00fcrkiye Diyanet Vakf\u0131, Peygamber Efendimizin (s.a.s.) b\u0131rakm\u0131\u015f oldu\u011fu bu b\u00fcy\u00fck emaneti omuzlar\u0131na alm\u0131\u015f bug\u00fcne kadar hem yurt i\u00e7inde hem yurt d\u0131\u015f\u0131nda \u00e7ok b\u00fcy\u00fck hizmetler yapm\u0131\u015ft\u0131r. Yapm\u0131\u015f oldu\u011fu en \u00f6nemli hizmetlerden birisi e\u011fitim faaliyetleridir. \u015eu ana kadar yurt i\u00e7inden 250 bini a\u015fk\u0131n \u00f6\u011frenciye burs veren bir vak\u0131ft\u0131r. Yurtd\u0131\u015f\u0131ndan Balkanlar ba\u015fta olmak \u00fczere d\u00fcnyan\u0131n her yerinden \u015fu anda T\u00fcrkiye Diyanet Vakf\u0131\u2019n\u0131n destekledi\u011fi 11 bin \u00f6\u011frencimiz var. Biz onlara misafir \u00f6\u011frenci diyoruz. Hesap etti\u011fimiz zaman 111 \u00fclkeden gelen \u00f6\u011frencileri T\u00fcrkiye Diyanet Vakf\u0131 okutmaktad\u0131r. Mezun ettikten sonra \u00fclkelerine g\u00f6ndermekte ve T\u00fcrkiye sevgisini, muhabbetini gittikleri yerlerde en g\u00fczel bir \u015fekilde onlar geli\u015ftirmektedirler.\u201d ,<\/p>\n<p style=\"text-align: justify;\"><strong>\u201cTDV\u2019nin mezun etti\u011fi \u00f6\u011frencileri g\u00f6r\u00fcnce g\u00f6\u011fs\u00fcm\u00fcz kabard\u0131\u201d<\/strong><\/p>\n<p style=\"text-align: justify;\">Ge\u00e7en y\u0131l yapt\u0131\u011f\u0131 Balkan ziyaretine de de\u011finen Ba\u015fkan Erba\u015f, \u201cBulgaristan, Makedonya, Kosova, Karada\u011f gitti\u011fimiz her yerde T\u00fcrkiye\u2019den \u00e7e\u015fitli vak\u0131flar\u0131n ve \u00f6zellikle T\u00fcrkiye Diyanet Vakf\u0131\u2019n\u0131n destekleriyle mezun olmu\u015f gen\u00e7leri g\u00f6rd\u00fc\u011f\u00fcm\u00fcz zaman g\u00f6\u011fs\u00fcm\u00fcz kabard\u0131. \u00dclkemiz ad\u0131na iftihar ettik.\u201d \u015feklinde konu\u015ftu.<\/p>\n<p style=\"text-align: justify;\">Programa T\u00fcrkiye Diyanet Vakf\u0131 M\u00fctevelli Heyeti \u0130kinci Ba\u015fkan\u0131 \u0130hsan A\u00e7\u0131k ile T\u00fcrkiye Diyanet Vakf\u0131 Genel M\u00fcd\u00fcr\u00fc \u0130zani Turan da kat\u0131ld\u0131.<\/p>\n\n\t\t<style type=\"text\/css\">\n\t\t\t#gallery-1 {\n\t\t\t\tmargin: auto;\n\t\t\t}\n\t\t\t#gallery-1 .gallery-item {\n\t\t\t\tfloat: left;\n\t\t\t\tmargin-top: 10px;\n\t\t\t\ttext-align: center;\n\t\t\t\twidth: 33%;\n\t\t\t}\n\t\t\t#gallery-1 img {\n\t\t\t\tborder: 2px solid #cfcfcf;\n\t\t\t}\n\t\t\t#gallery-1 .gallery-caption {\n\t\t\t\tmargin-left: 0;\n\t\t\t}\n\t\t\t\/* see gallery_shortcode() in wp-includes\/media.php *\/\n\t\t<\/style>\n\t\t<div id='gallery-1' class='gallery galleryid-20389 gallery-columns-3 gallery-size-thumbnail'><dl class='gallery-item'>\n\t\t\t<dt class='gallery-icon landscape'>\n\t\t\t\t<a href='https:\/\/tdv.org\/tr-TR\/wp-content\/uploads\/2022\/04\/1-6.jpg'><img decoding=\"async\" width=\"150\" height=\"150\" src=\"https:\/\/tdv.org\/tr-TR\/wp-content\/uploads\/2022\/04\/1-6-150x150.jpg\" class=\"attachment-thumbnail size-thumbnail\" alt=\"\" srcset=\"https:\/\/tdv.org\/tr-TR\/wp-content\/uploads\/2022\/04\/1-6-150x150.jpg 150w, https:\/\/tdv.org\/tr-TR\/wp-content\/uploads\/2022\/04\/1-6-100x100.jpg 100w, https:\/\/tdv.org\/tr-TR\/wp-content\/uploads\/2022\/04\/1-6-140x140.jpg 140w, https:\/\/tdv.org\/tr-TR\/wp-content\/uploads\/2022\/04\/1-6-500x500.jpg 500w, https:\/\/tdv.org\/tr-TR\/wp-content\/uploads\/2022\/04\/1-6-350x350.jpg 350w, https:\/\/tdv.org\/tr-TR\/wp-content\/uploads\/2022\/04\/1-6-800x800.jpg 800w\" sizes=\"(max-width: 150px) 100vw, 150px\" \/><\/a>\n\t\t\t<\/dt><\/dl><dl class='gallery-item'>\n\t\t\t<dt class='gallery-icon landscape'>\n\t\t\t\t<a href='https:\/\/tdv.org\/tr-TR\/wp-content\/uploads\/2022\/04\/2-5.jpg'><img decoding=\"async\" width=\"150\" height=\"150\" src=\"https:\/\/tdv.org\/tr-TR\/wp-content\/uploads\/2022\/04\/2-5-150x150.jpg\" class=\"attachment-thumbnail size-thumbnail\" alt=\"\" srcset=\"https:\/\/tdv.org\/tr-TR\/wp-content\/uploads\/2022\/04\/2-5-150x150.jpg 150w, https:\/\/tdv.org\/tr-TR\/wp-content\/uploads\/2022\/04\/2-5-100x100.jpg 100w, https:\/\/tdv.org\/tr-TR\/wp-content\/uploads\/2022\/04\/2-5-140x140.jpg 140w, https:\/\/tdv.org\/tr-TR\/wp-content\/uploads\/2022\/04\/2-5-500x500.jpg 500w, https:\/\/tdv.org\/tr-TR\/wp-content\/uploads\/2022\/04\/2-5-350x350.jpg 350w, https:\/\/tdv.org\/tr-TR\/wp-content\/uploads\/2022\/04\/2-5-800x800.jpg 800w\" sizes=\"(max-width: 150px) 100vw, 150px\" \/><\/a>\n\t\t\t<\/dt><\/dl><dl class='gallery-item'>\n\t\t\t<dt class='gallery-icon landscape'>\n\t\t\t\t<a href='https:\/\/tdv.org\/tr-TR\/wp-content\/uploads\/2022\/04\/3-5.jpg'><img decoding=\"async\" width=\"150\" height=\"150\" src=\"https:\/\/tdv.org\/tr-TR\/wp-content\/uploads\/2022\/04\/3-5-150x150.jpg\" class=\"attachment-thumbnail size-thumbnail\" alt=\"\" srcset=\"https:\/\/tdv.org\/tr-TR\/wp-content\/uploads\/2022\/04\/3-5-150x150.jpg 150w, https:\/\/tdv.org\/tr-TR\/wp-content\/uploads\/2022\/04\/3-5-100x100.jpg 100w, https:\/\/tdv.org\/tr-TR\/wp-content\/uploads\/2022\/04\/3-5-140x140.jpg 140w, https:\/\/tdv.org\/tr-TR\/wp-content\/uploads\/2022\/04\/3-5-500x500.jpg 500w, https:\/\/tdv.org\/tr-TR\/wp-content\/uploads\/2022\/04\/3-5-350x350.jpg 350w, https:\/\/tdv.org\/tr-TR\/wp-content\/uploads\/2022\/04\/3-5-800x800.jpg 800w\" sizes=\"(max-width: 150px) 100vw, 150px\" \/><\/a>\n\t\t\t<\/dt><\/dl><br style=\"clear: both\" \/><dl class='gallery-item'>\n\t\t\t<dt class='gallery-icon landscape'>\n\t\t\t\t<a href='https:\/\/tdv.org\/tr-TR\/wp-content\/uploads\/2022\/04\/4-5.jpg'><img decoding=\"async\" width=\"150\" height=\"150\" src=\"https:\/\/tdv.org\/tr-TR\/wp-content\/uploads\/2022\/04\/4-5-150x150.jpg\" class=\"attachment-thumbnail size-thumbnail\" alt=\"\" srcset=\"https:\/\/tdv.org\/tr-TR\/wp-content\/uploads\/2022\/04\/4-5-150x150.jpg 150w, https:\/\/tdv.org\/tr-TR\/wp-content\/uploads\/2022\/04\/4-5-100x100.jpg 100w, https:\/\/tdv.org\/tr-TR\/wp-content\/uploads\/2022\/04\/4-5-140x140.jpg 140w, https:\/\/tdv.org\/tr-TR\/wp-content\/uploads\/2022\/04\/4-5-500x500.jpg 500w, https:\/\/tdv.org\/tr-TR\/wp-content\/uploads\/2022\/04\/4-5-350x350.jpg 350w, https:\/\/tdv.org\/tr-TR\/wp-content\/uploads\/2022\/04\/4-5-800x800.jpg 800w\" sizes=\"(max-width: 150px) 100vw, 150px\" \/><\/a>\n\t\t\t<\/dt><\/dl><dl class='gallery-item'>\n\t\t\t<dt class='gallery-icon landscape'>\n\t\t\t\t<a href='https:\/\/tdv.org\/tr-TR\/wp-content\/uploads\/2022\/04\/5-4.jpg'><img decoding=\"async\" width=\"150\" height=\"150\" src=\"https:\/\/tdv.org\/tr-TR\/wp-content\/uploads\/2022\/04\/5-4-150x150.jpg\" class=\"attachment-thumbnail size-thumbnail\" alt=\"\" srcset=\"https:\/\/tdv.org\/tr-TR\/wp-content\/uploads\/2022\/04\/5-4-150x150.jpg 150w, https:\/\/tdv.org\/tr-TR\/wp-content\/uploads\/2022\/04\/5-4-100x100.jpg 100w, https:\/\/tdv.org\/tr-TR\/wp-content\/uploads\/2022\/04\/5-4-140x140.jpg 140w, https:\/\/tdv.org\/tr-TR\/wp-content\/uploads\/2022\/04\/5-4-500x500.jpg 500w, https:\/\/tdv.org\/tr-TR\/wp-content\/uploads\/2022\/04\/5-4-350x350.jpg 350w, https:\/\/tdv.org\/tr-TR\/wp-content\/uploads\/2022\/04\/5-4-800x800.jpg 800w\" sizes=\"(max-width: 150px) 100vw, 150px\" \/><\/a>\n\t\t\t<\/dt><\/dl><dl class='gallery-item'>\n\t\t\t<dt class='gallery-icon landscape'>\n\t\t\t\t<a href='https:\/\/tdv.org\/tr-TR\/wp-content\/uploads\/2022\/04\/6-3.jpg'><img decoding=\"async\" width=\"150\" height=\"150\" src=\"https:\/\/tdv.org\/tr-TR\/wp-content\/uploads\/2022\/04\/6-3-150x150.jpg\" class=\"attachment-thumbnail size-thumbnail\" alt=\"\" srcset=\"https:\/\/tdv.org\/tr-TR\/wp-content\/uploads\/2022\/04\/6-3-150x150.jpg 150w, https:\/\/tdv.org\/tr-TR\/wp-content\/uploads\/2022\/04\/6-3-100x100.jpg 100w, https:\/\/tdv.org\/tr-TR\/wp-content\/uploads\/2022\/04\/6-3-140x140.jpg 140w, https:\/\/tdv.org\/tr-TR\/wp-content\/uploads\/2022\/04\/6-3-500x500.jpg 500w, https:\/\/tdv.org\/tr-TR\/wp-content\/uploads\/2022\/04\/6-3-350x350.jpg 350w, https:\/\/tdv.org\/tr-TR\/wp-content\/uploads\/2022\/04\/6-3-800x800.jpg 800w\" sizes=\"(max-width: 150px) 100vw, 150px\" \/><\/a>\n\t\t\t<\/dt><\/dl><br style=\"clear: both\" \/><dl class='gallery-item'>\n\t\t\t<dt class='gallery-icon landscape'>\n\t\t\t\t<a href='https:\/\/tdv.org\/tr-TR\/wp-content\/uploads\/2022\/04\/7-3.jpg'><img decoding=\"async\" width=\"150\" height=\"150\" src=\"https:\/\/tdv.org\/tr-TR\/wp-content\/uploads\/2022\/04\/7-3-150x150.jpg\" class=\"attachment-thumbnail size-thumbnail\" alt=\"\" srcset=\"https:\/\/tdv.org\/tr-TR\/wp-content\/uploads\/2022\/04\/7-3-150x150.jpg 150w, https:\/\/tdv.org\/tr-TR\/wp-content\/uploads\/2022\/04\/7-3-100x100.jpg 100w, https:\/\/tdv.org\/tr-TR\/wp-content\/uploads\/2022\/04\/7-3-140x140.jpg 140w, https:\/\/tdv.org\/tr-TR\/wp-content\/uploads\/2022\/04\/7-3-500x500.jpg 500w, https:\/\/tdv.org\/tr-TR\/wp-content\/uploads\/2022\/04\/7-3-350x350.jpg 350w, https:\/\/tdv.org\/tr-TR\/wp-content\/uploads\/2022\/04\/7-3-800x800.jpg 800w\" sizes=\"(max-width: 150px) 100vw, 150px\" \/><\/a>\n\t\t\t<\/dt><\/dl><dl class='gallery-item'>\n\t\t\t<dt class='gallery-icon landscape'>\n\t\t\t\t<a href='https:\/\/tdv.org\/tr-TR\/wp-content\/uploads\/2022\/04\/8-3.jpg'><img decoding=\"async\" width=\"150\" height=\"150\" src=\"https:\/\/tdv.org\/tr-TR\/wp-content\/uploads\/2022\/04\/8-3-150x150.jpg\" class=\"attachment-thumbnail size-thumbnail\" alt=\"\" srcset=\"https:\/\/tdv.org\/tr-TR\/wp-content\/uploads\/2022\/04\/8-3-150x150.jpg 150w, https:\/\/tdv.org\/tr-TR\/wp-content\/uploads\/2022\/04\/8-3-100x100.jpg 100w, https:\/\/tdv.org\/tr-TR\/wp-content\/uploads\/2022\/04\/8-3-140x140.jpg 140w, https:\/\/tdv.org\/tr-TR\/wp-content\/uploads\/2022\/04\/8-3-500x500.jpg 500w, https:\/\/tdv.org\/tr-TR\/wp-content\/uploads\/2022\/04\/8-3-350x350.jpg 350w\" sizes=\"(max-width: 150px) 100vw, 150px\" \/><\/a>\n\t\t\t<\/dt><\/dl><dl class='gallery-item'>\n\t\t\t<dt class='gallery-icon landscape'>\n\t\t\t\t<a href='https:\/\/tdv.org\/tr-TR\/wp-content\/uploads\/2022\/04\/9-3.jpg'><img decoding=\"async\" width=\"150\" height=\"150\" src=\"https:\/\/tdv.org\/tr-TR\/wp-content\/uploads\/2022\/04\/9-3-150x150.jpg\" class=\"attachment-thumbnail size-thumbnail\" alt=\"\" srcset=\"https:\/\/tdv.org\/tr-TR\/wp-content\/uploads\/2022\/04\/9-3-150x150.jpg 150w, https:\/\/tdv.org\/tr-TR\/wp-content\/uploads\/2022\/04\/9-3-100x100.jpg 100w, https:\/\/tdv.org\/tr-TR\/wp-content\/uploads\/2022\/04\/9-3-140x140.jpg 140w, https:\/\/tdv.org\/tr-TR\/wp-content\/uploads\/2022\/04\/9-3-500x500.jpg 500w, https:\/\/tdv.org\/tr-TR\/wp-content\/uploads\/2022\/04\/9-3-350x350.jpg 350w, https:\/\/tdv.org\/tr-TR\/wp-content\/uploads\/2022\/04\/9-3-800x800.jpg 800w\" sizes=\"(max-width: 150px) 100vw, 150px\" \/><\/a>\n\t\t\t<\/dt><\/dl><br style=\"clear: both\" \/>\n\t\t<\/div>\n\n","protected":false},"excerpt":{"rendered":"<p>T\u00fcrkiye B\u00fcy\u00fck Millet Meclisi (TBMM) Ba\u015fkan\u0131 Prof. Dr. Mustafa \u015eentop ile Diyanet \u0130\u015fleri Ba\u015fkan\u0131 ve T\u00fcrkiye Diyanet Vakf\u0131 M\u00fctevelli Heyeti Ba\u015fkan\u0131 Prof. Dr. Ali Erba\u015f, T\u00fcrkiye Diyanet Vakf\u0131 taraf\u0131ndan organize&#8230;<\/p>\n","protected":false},"author":7,"featured_media":20398,"comment_status":"open","ping_status":"closed","sticky":false,"template":"","format":"standard","meta":{"footnotes":""},"categories":[1],"tags":[228,1768,484,900,119,1767,155,1285],"class_list":{"0":"post-20389","1":"post","2":"type-post","3":"status-publish","4":"format-standard","5":"has-post-thumbnail","7":"category-haberler","8":"tag-bagis","9":"tag-balkan","10":"tag-burs","11":"tag-destek","12":"tag-iftar","13":"tag-mezun","14":"tag-ogrenci","15":"tag-vakif"},"yoast_head":"<!-- This site is optimized with the Yoast SEO plugin v27.5 - https:\/\/yoast.com\/product\/yoast-seo-wordpress\/ -->\n<title>\u201cVakf\u0131m\u0131z\u0131n destekleriyle mezun olmu\u015f gen\u00e7leri g\u00f6rd\u00fc\u011f\u00fcm\u00fcz zaman g\u00f6\u011fs\u00fcm\u00fcz kabar\u0131yor\u201d<\/title>\n<meta name=\"description\" content=\"T\u00fcrkiye B\u00fcy\u00fck Millet Meclisi (TBMM) Ba\u015fkan\u0131 Prof. Dr. Mustafa \u015eentop ile Diyanet \u0130\u015fleri Ba\u015fkan\u0131 ve T\u00fcrkiye Diyanet Vakf\u0131 M\u00fctevelli Heyeti Ba\u015fkan\u0131 Prof. Dr. Ali Erba\u015f, T\u00fcrkiye Diyanet Vakf\u0131 taraf\u0131ndan organize edilen Balkan STK\u2019lar\u0131 ile vak\u0131f ba\u011f\u0131\u015f\u00e7\u0131lar\u0131 iftar program\u0131na kat\u0131ld\u0131.\" \/>\n<meta name=\"robots\" content=\"index, follow, max-snippet:-1, max-image-preview:large, max-video-preview:-1\" \/>\n<link rel=\"canonical\" href=\"https:\/\/tdv.org\/tr-TR\/vakfimizin-destekleriyle-mezun-olmus-gencleri-gordugumuz-zaman-gogsumuz-kabariyor\/\" \/>\n<meta property=\"og:locale\" content=\"tr_TR\" \/>\n<meta property=\"og:type\" content=\"article\" \/>\n<meta property=\"og:title\" content=\"\u201cVakf\u0131m\u0131z\u0131n destekleriyle mezun olmu\u015f gen\u00e7leri g\u00f6rd\u00fc\u011f\u00fcm\u00fcz zaman g\u00f6\u011fs\u00fcm\u00fcz kabar\u0131yor\u201d\" \/>\n<meta property=\"og:description\" content=\"T\u00fcrkiye B\u00fcy\u00fck Millet Meclisi (TBMM) Ba\u015fkan\u0131 Prof. Dr. Mustafa \u015eentop ile Diyanet \u0130\u015fleri Ba\u015fkan\u0131 ve T\u00fcrkiye Diyanet Vakf\u0131 M\u00fctevelli Heyeti Ba\u015fkan\u0131 Prof. Dr. Ali Erba\u015f, T\u00fcrkiye Diyanet Vakf\u0131 taraf\u0131ndan organize edilen Balkan STK\u2019lar\u0131 ile vak\u0131f ba\u011f\u0131\u015f\u00e7\u0131lar\u0131 iftar program\u0131na kat\u0131ld\u0131.\" \/>\n<meta property=\"og:url\" content=\"https:\/\/tdv.org\/tr-TR\/vakfimizin-destekleriyle-mezun-olmus-gencleri-gordugumuz-zaman-gogsumuz-kabariyor\/\" \/>\n<meta property=\"og:site_name\" content=\"T\u00fcrkiye Diyanet Vakf\u0131 Resmi Web Sitesi\" \/>\n<meta property=\"article:publisher\" content=\"https:\/\/www.facebook.com\/Diyanetvakfi\/\" \/>\n<meta property=\"article:published_time\" content=\"2022-04-09T20:40:17+00:00\" \/>\n<meta property=\"article:modified_time\" content=\"2022-12-08T08:27:55+00:00\" \/>\n<meta property=\"og:image\" content=\"https:\/\/tdv.org\/tr-TR\/wp-content\/uploads\/2022\/04\/9-3.jpg\" \/>\n\t<meta property=\"og:image:width\" content=\"1200\" \/>\n\t<meta property=\"og:image:height\" content=\"800\" \/>\n\t<meta property=\"og:image:type\" content=\"image\/jpeg\" \/>\n<meta name=\"author\" content=\"U\u011fur\" \/>\n<meta name=\"twitter:card\" content=\"summary_large_image\" \/>\n<meta name=\"twitter:creator\" content=\"@DiyanetVakfi\" \/>\n<meta name=\"twitter:site\" content=\"@DiyanetVakfi\" \/>\n<script type=\"application\/ld+json\" class=\"yoast-schema-graph\">{\"@context\":\"https:\\\/\\\/schema.org\",\"@graph\":[{\"@type\":\"Article\",\"@id\":\"https:\\\/\\\/tdv.org\\\/tr-TR\\\/vakfimizin-destekleriyle-mezun-olmus-gencleri-gordugumuz-zaman-gogsumuz-kabariyor\\\/#article\",\"isPartOf\":{\"@id\":\"https:\\\/\\\/tdv.org\\\/tr-TR\\\/vakfimizin-destekleriyle-mezun-olmus-gencleri-gordugumuz-zaman-gogsumuz-kabariyor\\\/\"},\"author\":{\"name\":\"U\u011fur\",\"@id\":\"https:\\\/\\\/tdv.org\\\/tr-TR\\\/#\\\/schema\\\/person\\\/8dcf742852c4614c6fdadb92da159c05\"},\"headline\":\"\u201cVakf\u0131m\u0131z\u0131n destekleriyle mezun olmu\u015f gen\u00e7leri g\u00f6rd\u00fc\u011f\u00fcm\u00fcz zaman g\u00f6\u011fs\u00fcm\u00fcz kabar\u0131yor\u201d\",\"datePublished\":\"2022-04-09T20:40:17+00:00\",\"dateModified\":\"2022-12-08T08:27:55+00:00\",\"mainEntityOfPage\":{\"@id\":\"https:\\\/\\\/tdv.org\\\/tr-TR\\\/vakfimizin-destekleriyle-mezun-olmus-gencleri-gordugumuz-zaman-gogsumuz-kabariyor\\\/\"},\"wordCount\":1137,\"commentCount\":0,\"publisher\":{\"@id\":\"https:\\\/\\\/tdv.org\\\/tr-TR\\\/#organization\"},\"image\":{\"@id\":\"https:\\\/\\\/tdv.org\\\/tr-TR\\\/vakfimizin-destekleriyle-mezun-olmus-gencleri-gordugumuz-zaman-gogsumuz-kabariyor\\\/#primaryimage\"},\"thumbnailUrl\":\"https:\\\/\\\/tdv.org\\\/tr-TR\\\/wp-content\\\/uploads\\\/2022\\\/04\\\/9-3.jpg\",\"keywords\":[\"ba\u011f\u0131\u015f\",\"balkan\",\"Burs\",\"destek\",\"iftar\",\"mezun\",\"\u00f6\u011frenci\",\"vak\u0131f\"],\"articleSection\":[\"Haberler\"],\"inLanguage\":\"tr\",\"potentialAction\":[{\"@type\":\"CommentAction\",\"name\":\"Comment\",\"target\":[\"https:\\\/\\\/tdv.org\\\/tr-TR\\\/vakfimizin-destekleriyle-mezun-olmus-gencleri-gordugumuz-zaman-gogsumuz-kabariyor\\\/#respond\"]}]},{\"@type\":\"WebPage\",\"@id\":\"https:\\\/\\\/tdv.org\\\/tr-TR\\\/vakfimizin-destekleriyle-mezun-olmus-gencleri-gordugumuz-zaman-gogsumuz-kabariyor\\\/\",\"url\":\"https:\\\/\\\/tdv.org\\\/tr-TR\\\/vakfimizin-destekleriyle-mezun-olmus-gencleri-gordugumuz-zaman-gogsumuz-kabariyor\\\/\",\"name\":\"\u201cVakf\u0131m\u0131z\u0131n destekleriyle mezun olmu\u015f gen\u00e7leri g\u00f6rd\u00fc\u011f\u00fcm\u00fcz zaman g\u00f6\u011fs\u00fcm\u00fcz kabar\u0131yor\u201d\",\"isPartOf\":{\"@id\":\"https:\\\/\\\/tdv.org\\\/tr-TR\\\/#website\"},\"primaryImageOfPage\":{\"@id\":\"https:\\\/\\\/tdv.org\\\/tr-TR\\\/vakfimizin-destekleriyle-mezun-olmus-gencleri-gordugumuz-zaman-gogsumuz-kabariyor\\\/#primaryimage\"},\"image\":{\"@id\":\"https:\\\/\\\/tdv.org\\\/tr-TR\\\/vakfimizin-destekleriyle-mezun-olmus-gencleri-gordugumuz-zaman-gogsumuz-kabariyor\\\/#primaryimage\"},\"thumbnailUrl\":\"https:\\\/\\\/tdv.org\\\/tr-TR\\\/wp-content\\\/uploads\\\/2022\\\/04\\\/9-3.jpg\",\"datePublished\":\"2022-04-09T20:40:17+00:00\",\"dateModified\":\"2022-12-08T08:27:55+00:00\",\"description\":\"T\u00fcrkiye B\u00fcy\u00fck Millet Meclisi (TBMM) Ba\u015fkan\u0131 Prof. Dr. Mustafa \u015eentop ile Diyanet \u0130\u015fleri Ba\u015fkan\u0131 ve T\u00fcrkiye Diyanet Vakf\u0131 M\u00fctevelli Heyeti Ba\u015fkan\u0131 Prof. Dr. Ali Erba\u015f, T\u00fcrkiye Diyanet Vakf\u0131 taraf\u0131ndan organize edilen Balkan STK\u2019lar\u0131 ile vak\u0131f ba\u011f\u0131\u015f\u00e7\u0131lar\u0131 iftar program\u0131na kat\u0131ld\u0131.\",\"breadcrumb\":{\"@id\":\"https:\\\/\\\/tdv.org\\\/tr-TR\\\/vakfimizin-destekleriyle-mezun-olmus-gencleri-gordugumuz-zaman-gogsumuz-kabariyor\\\/#breadcrumb\"},\"inLanguage\":\"tr\",\"potentialAction\":[{\"@type\":\"ReadAction\",\"target\":[\"https:\\\/\\\/tdv.org\\\/tr-TR\\\/vakfimizin-destekleriyle-mezun-olmus-gencleri-gordugumuz-zaman-gogsumuz-kabariyor\\\/\"]}]},{\"@type\":\"ImageObject\",\"inLanguage\":\"tr\",\"@id\":\"https:\\\/\\\/tdv.org\\\/tr-TR\\\/vakfimizin-destekleriyle-mezun-olmus-gencleri-gordugumuz-zaman-gogsumuz-kabariyor\\\/#primaryimage\",\"url\":\"https:\\\/\\\/tdv.org\\\/tr-TR\\\/wp-content\\\/uploads\\\/2022\\\/04\\\/9-3.jpg\",\"contentUrl\":\"https:\\\/\\\/tdv.org\\\/tr-TR\\\/wp-content\\\/uploads\\\/2022\\\/04\\\/9-3.jpg\",\"width\":1200,\"height\":800},{\"@type\":\"BreadcrumbList\",\"@id\":\"https:\\\/\\\/tdv.org\\\/tr-TR\\\/vakfimizin-destekleriyle-mezun-olmus-gencleri-gordugumuz-zaman-gogsumuz-kabariyor\\\/#breadcrumb\",\"itemListElement\":[{\"@type\":\"ListItem\",\"position\":1,\"name\":\"Anasayfa\",\"item\":\"https:\\\/\\\/tdv.org\\\/tr-TR\\\/\"},{\"@type\":\"ListItem\",\"position\":2,\"name\":\"\u201cVakf\u0131m\u0131z\u0131n destekleriyle mezun olmu\u015f gen\u00e7leri g\u00f6rd\u00fc\u011f\u00fcm\u00fcz zaman g\u00f6\u011fs\u00fcm\u00fcz kabar\u0131yor\u201d\"}]},{\"@type\":\"WebSite\",\"@id\":\"https:\\\/\\\/tdv.org\\\/tr-TR\\\/#website\",\"url\":\"https:\\\/\\\/tdv.org\\\/tr-TR\\\/\",\"name\":\"T\u00fcrkiye Diyanet Vakf\u0131 Resmi Web Sitesi\",\"description\":\"Yery\u00fcz\u00fcnde iyilik egemen oluncaya kadar\",\"publisher\":{\"@id\":\"https:\\\/\\\/tdv.org\\\/tr-TR\\\/#organization\"},\"alternateName\":\"T\u00fcrkiye Diyanet Vakf\u0131\",\"potentialAction\":[{\"@type\":\"SearchAction\",\"target\":{\"@type\":\"EntryPoint\",\"urlTemplate\":\"https:\\\/\\\/tdv.org\\\/tr-TR\\\/?s={search_term_string}\"},\"query-input\":{\"@type\":\"PropertyValueSpecification\",\"valueRequired\":true,\"valueName\":\"search_term_string\"}}],\"inLanguage\":\"tr\"},{\"@type\":\"Organization\",\"@id\":\"https:\\\/\\\/tdv.org\\\/tr-TR\\\/#organization\",\"name\":\"T\u00fcrkiye Diyanet Vakf\u0131\",\"alternateName\":\"T\u00fcrkiye Diyanet Vakf\u0131\",\"url\":\"https:\\\/\\\/tdv.org\\\/tr-TR\\\/\",\"logo\":{\"@type\":\"ImageObject\",\"inLanguage\":\"tr\",\"@id\":\"https:\\\/\\\/tdv.org\\\/tr-TR\\\/#\\\/schema\\\/logo\\\/image\\\/\",\"url\":\"https:\\\/\\\/tdv.org\\\/tr-TR\\\/wp-content\\\/uploads\\\/2018\\\/12\\\/TDV_Logo_1.png\",\"contentUrl\":\"https:\\\/\\\/tdv.org\\\/tr-TR\\\/wp-content\\\/uploads\\\/2018\\\/12\\\/TDV_Logo_1.png\",\"width\":207,\"height\":71,\"caption\":\"T\u00fcrkiye Diyanet Vakf\u0131\"},\"image\":{\"@id\":\"https:\\\/\\\/tdv.org\\\/tr-TR\\\/#\\\/schema\\\/logo\\\/image\\\/\"},\"sameAs\":[\"https:\\\/\\\/www.facebook.com\\\/Diyanetvakfi\\\/\",\"https:\\\/\\\/x.com\\\/DiyanetVakfi\",\"https:\\\/\\\/www.instagram.com\\\/turkiyediyanetvakfi\\\/\",\"https:\\\/\\\/www.youtube.com\\\/user\\\/TurkiyeDiyanetVakfi\"]},{\"@type\":\"Person\",\"@id\":\"https:\\\/\\\/tdv.org\\\/tr-TR\\\/#\\\/schema\\\/person\\\/8dcf742852c4614c6fdadb92da159c05\",\"name\":\"U\u011fur\",\"image\":{\"@type\":\"ImageObject\",\"inLanguage\":\"tr\",\"@id\":\"https:\\\/\\\/tdv.org\\\/tr-TR\\\/wp-content\\\/litespeed\\\/avatar\\\/b970c0eba1124f8268544e2640bfa964.jpg?ver=1777289940\",\"url\":\"https:\\\/\\\/tdv.org\\\/tr-TR\\\/wp-content\\\/litespeed\\\/avatar\\\/b970c0eba1124f8268544e2640bfa964.jpg?ver=1777289940\",\"contentUrl\":\"https:\\\/\\\/tdv.org\\\/tr-TR\\\/wp-content\\\/litespeed\\\/avatar\\\/b970c0eba1124f8268544e2640bfa964.jpg?ver=1777289940\",\"caption\":\"U\u011fur\"}}]}<\/script>\n<!-- \/ Yoast SEO plugin. -->","yoast_head_json":{"title":"\u201cVakf\u0131m\u0131z\u0131n destekleriyle mezun olmu\u015f gen\u00e7leri g\u00f6rd\u00fc\u011f\u00fcm\u00fcz zaman g\u00f6\u011fs\u00fcm\u00fcz kabar\u0131yor\u201d","description":"T\u00fcrkiye B\u00fcy\u00fck Millet Meclisi (TBMM) Ba\u015fkan\u0131 Prof. Dr. Mustafa \u015eentop ile Diyanet \u0130\u015fleri Ba\u015fkan\u0131 ve T\u00fcrkiye Diyanet Vakf\u0131 M\u00fctevelli Heyeti Ba\u015fkan\u0131 Prof. Dr. Ali Erba\u015f, T\u00fcrkiye Diyanet Vakf\u0131 taraf\u0131ndan organize edilen Balkan STK\u2019lar\u0131 ile vak\u0131f ba\u011f\u0131\u015f\u00e7\u0131lar\u0131 iftar program\u0131na kat\u0131ld\u0131.","robots":{"index":"index","follow":"follow","max-snippet":"max-snippet:-1","max-image-preview":"max-image-preview:large","max-video-preview":"max-video-preview:-1"},"canonical":"https:\/\/tdv.org\/tr-TR\/vakfimizin-destekleriyle-mezun-olmus-gencleri-gordugumuz-zaman-gogsumuz-kabariyor\/","og_locale":"tr_TR","og_type":"article","og_title":"\u201cVakf\u0131m\u0131z\u0131n destekleriyle mezun olmu\u015f gen\u00e7leri g\u00f6rd\u00fc\u011f\u00fcm\u00fcz zaman g\u00f6\u011fs\u00fcm\u00fcz kabar\u0131yor\u201d","og_description":"T\u00fcrkiye B\u00fcy\u00fck Millet Meclisi (TBMM) Ba\u015fkan\u0131 Prof. Dr. Mustafa \u015eentop ile Diyanet \u0130\u015fleri Ba\u015fkan\u0131 ve T\u00fcrkiye Diyanet Vakf\u0131 M\u00fctevelli Heyeti Ba\u015fkan\u0131 Prof. Dr. Ali Erba\u015f, T\u00fcrkiye Diyanet Vakf\u0131 taraf\u0131ndan organize edilen Balkan STK\u2019lar\u0131 ile vak\u0131f ba\u011f\u0131\u015f\u00e7\u0131lar\u0131 iftar program\u0131na kat\u0131ld\u0131.","og_url":"https:\/\/tdv.org\/tr-TR\/vakfimizin-destekleriyle-mezun-olmus-gencleri-gordugumuz-zaman-gogsumuz-kabariyor\/","og_site_name":"T\u00fcrkiye Diyanet Vakf\u0131 Resmi Web Sitesi","article_publisher":"https:\/\/www.facebook.com\/Diyanetvakfi\/","article_published_time":"2022-04-09T20:40:17+00:00","article_modified_time":"2022-12-08T08:27:55+00:00","og_image":[{"width":1200,"height":800,"url":"https:\/\/tdv.org\/tr-TR\/wp-content\/uploads\/2022\/04\/9-3.jpg","type":"image\/jpeg"}],"author":"U\u011fur","twitter_card":"summary_large_image","twitter_creator":"@DiyanetVakfi","twitter_site":"@DiyanetVakfi","schema":{"@context":"https:\/\/schema.org","@graph":[{"@type":"Article","@id":"https:\/\/tdv.org\/tr-TR\/vakfimizin-destekleriyle-mezun-olmus-gencleri-gordugumuz-zaman-gogsumuz-kabariyor\/#article","isPartOf":{"@id":"https:\/\/tdv.org\/tr-TR\/vakfimizin-destekleriyle-mezun-olmus-gencleri-gordugumuz-zaman-gogsumuz-kabariyor\/"},"author":{"name":"U\u011fur","@id":"https:\/\/tdv.org\/tr-TR\/#\/schema\/person\/8dcf742852c4614c6fdadb92da159c05"},"headline":"\u201cVakf\u0131m\u0131z\u0131n destekleriyle mezun olmu\u015f gen\u00e7leri g\u00f6rd\u00fc\u011f\u00fcm\u00fcz zaman g\u00f6\u011fs\u00fcm\u00fcz kabar\u0131yor\u201d","datePublished":"2022-04-09T20:40:17+00:00","dateModified":"2022-12-08T08:27:55+00:00","mainEntityOfPage":{"@id":"https:\/\/tdv.org\/tr-TR\/vakfimizin-destekleriyle-mezun-olmus-gencleri-gordugumuz-zaman-gogsumuz-kabariyor\/"},"wordCount":1137,"commentCount":0,"publisher":{"@id":"https:\/\/tdv.org\/tr-TR\/#organization"},"image":{"@id":"https:\/\/tdv.org\/tr-TR\/vakfimizin-destekleriyle-mezun-olmus-gencleri-gordugumuz-zaman-gogsumuz-kabariyor\/#primaryimage"},"thumbnailUrl":"https:\/\/tdv.org\/tr-TR\/wp-content\/uploads\/2022\/04\/9-3.jpg","keywords":["ba\u011f\u0131\u015f","balkan","Burs","destek","iftar","mezun","\u00f6\u011frenci","vak\u0131f"],"articleSection":["Haberler"],"inLanguage":"tr","potentialAction":[{"@type":"CommentAction","name":"Comment","target":["https:\/\/tdv.org\/tr-TR\/vakfimizin-destekleriyle-mezun-olmus-gencleri-gordugumuz-zaman-gogsumuz-kabariyor\/#respond"]}]},{"@type":"WebPage","@id":"https:\/\/tdv.org\/tr-TR\/vakfimizin-destekleriyle-mezun-olmus-gencleri-gordugumuz-zaman-gogsumuz-kabariyor\/","url":"https:\/\/tdv.org\/tr-TR\/vakfimizin-destekleriyle-mezun-olmus-gencleri-gordugumuz-zaman-gogsumuz-kabariyor\/","name":"\u201cVakf\u0131m\u0131z\u0131n destekleriyle mezun olmu\u015f gen\u00e7leri g\u00f6rd\u00fc\u011f\u00fcm\u00fcz zaman g\u00f6\u011fs\u00fcm\u00fcz kabar\u0131yor\u201d","isPartOf":{"@id":"https:\/\/tdv.org\/tr-TR\/#website"},"primaryImageOfPage":{"@id":"https:\/\/tdv.org\/tr-TR\/vakfimizin-destekleriyle-mezun-olmus-gencleri-gordugumuz-zaman-gogsumuz-kabariyor\/#primaryimage"},"image":{"@id":"https:\/\/tdv.org\/tr-TR\/vakfimizin-destekleriyle-mezun-olmus-gencleri-gordugumuz-zaman-gogsumuz-kabariyor\/#primaryimage"},"thumbnailUrl":"https:\/\/tdv.org\/tr-TR\/wp-content\/uploads\/2022\/04\/9-3.jpg","datePublished":"2022-04-09T20:40:17+00:00","dateModified":"2022-12-08T08:27:55+00:00","description":"T\u00fcrkiye B\u00fcy\u00fck Millet Meclisi (TBMM) Ba\u015fkan\u0131 Prof. Dr. Mustafa \u015eentop ile Diyanet \u0130\u015fleri Ba\u015fkan\u0131 ve T\u00fcrkiye Diyanet Vakf\u0131 M\u00fctevelli Heyeti Ba\u015fkan\u0131 Prof. Dr. Ali Erba\u015f, T\u00fcrkiye Diyanet Vakf\u0131 taraf\u0131ndan organize edilen Balkan STK\u2019lar\u0131 ile vak\u0131f ba\u011f\u0131\u015f\u00e7\u0131lar\u0131 iftar program\u0131na kat\u0131ld\u0131.","breadcrumb":{"@id":"https:\/\/tdv.org\/tr-TR\/vakfimizin-destekleriyle-mezun-olmus-gencleri-gordugumuz-zaman-gogsumuz-kabariyor\/#breadcrumb"},"inLanguage":"tr","potentialAction":[{"@type":"ReadAction","target":["https:\/\/tdv.org\/tr-TR\/vakfimizin-destekleriyle-mezun-olmus-gencleri-gordugumuz-zaman-gogsumuz-kabariyor\/"]}]},{"@type":"ImageObject","inLanguage":"tr","@id":"https:\/\/tdv.org\/tr-TR\/vakfimizin-destekleriyle-mezun-olmus-gencleri-gordugumuz-zaman-gogsumuz-kabariyor\/#primaryimage","url":"https:\/\/tdv.org\/tr-TR\/wp-content\/uploads\/2022\/04\/9-3.jpg","contentUrl":"https:\/\/tdv.org\/tr-TR\/wp-content\/uploads\/2022\/04\/9-3.jpg","width":1200,"height":800},{"@type":"BreadcrumbList","@id":"https:\/\/tdv.org\/tr-TR\/vakfimizin-destekleriyle-mezun-olmus-gencleri-gordugumuz-zaman-gogsumuz-kabariyor\/#breadcrumb","itemListElement":[{"@type":"ListItem","position":1,"name":"Anasayfa","item":"https:\/\/tdv.org\/tr-TR\/"},{"@type":"ListItem","position":2,"name":"\u201cVakf\u0131m\u0131z\u0131n destekleriyle mezun olmu\u015f gen\u00e7leri g\u00f6rd\u00fc\u011f\u00fcm\u00fcz zaman g\u00f6\u011fs\u00fcm\u00fcz kabar\u0131yor\u201d"}]},{"@type":"WebSite","@id":"https:\/\/tdv.org\/tr-TR\/#website","url":"https:\/\/tdv.org\/tr-TR\/","name":"T\u00fcrkiye Diyanet Vakf\u0131 Resmi Web Sitesi","description":"Yery\u00fcz\u00fcnde iyilik egemen oluncaya kadar","publisher":{"@id":"https:\/\/tdv.org\/tr-TR\/#organization"},"alternateName":"T\u00fcrkiye Diyanet Vakf\u0131","potentialAction":[{"@type":"SearchAction","target":{"@type":"EntryPoint","urlTemplate":"https:\/\/tdv.org\/tr-TR\/?s={search_term_string}"},"query-input":{"@type":"PropertyValueSpecification","valueRequired":true,"valueName":"search_term_string"}}],"inLanguage":"tr"},{"@type":"Organization","@id":"https:\/\/tdv.org\/tr-TR\/#organization","name":"T\u00fcrkiye Diyanet Vakf\u0131","alternateName":"T\u00fcrkiye Diyanet Vakf\u0131","url":"https:\/\/tdv.org\/tr-TR\/","logo":{"@type":"ImageObject","inLanguage":"tr","@id":"https:\/\/tdv.org\/tr-TR\/#\/schema\/logo\/image\/","url":"https:\/\/tdv.org\/tr-TR\/wp-content\/uploads\/2018\/12\/TDV_Logo_1.png","contentUrl":"https:\/\/tdv.org\/tr-TR\/wp-content\/uploads\/2018\/12\/TDV_Logo_1.png","width":207,"height":71,"caption":"T\u00fcrkiye Diyanet Vakf\u0131"},"image":{"@id":"https:\/\/tdv.org\/tr-TR\/#\/schema\/logo\/image\/"},"sameAs":["https:\/\/www.facebook.com\/Diyanetvakfi\/","https:\/\/x.com\/DiyanetVakfi","https:\/\/www.instagram.com\/turkiyediyanetvakfi\/","https:\/\/www.youtube.com\/user\/TurkiyeDiyanetVakfi"]},{"@type":"Person","@id":"https:\/\/tdv.org\/tr-TR\/#\/schema\/person\/8dcf742852c4614c6fdadb92da159c05","name":"U\u011fur","image":{"@type":"ImageObject","inLanguage":"tr","@id":"https:\/\/tdv.org\/tr-TR\/wp-content\/litespeed\/avatar\/b970c0eba1124f8268544e2640bfa964.jpg?ver=1777289940","url":"https:\/\/tdv.org\/tr-TR\/wp-content\/litespeed\/avatar\/b970c0eba1124f8268544e2640bfa964.jpg?ver=1777289940","contentUrl":"https:\/\/tdv.org\/tr-TR\/wp-content\/litespeed\/avatar\/b970c0eba1124f8268544e2640bfa964.jpg?ver=1777289940","caption":"U\u011fur"}}]}},"_links":{"self":[{"href":"https:\/\/tdv.org\/tr-TR\/wp-json\/wp\/v2\/posts\/20389","targetHints":{"allow":["GET"]}}],"collection":[{"href":"https:\/\/tdv.org\/tr-TR\/wp-json\/wp\/v2\/posts"}],"about":[{"href":"https:\/\/tdv.org\/tr-TR\/wp-json\/wp\/v2\/types\/post"}],"author":[{"embeddable":true,"href":"https:\/\/tdv.org\/tr-TR\/wp-json\/wp\/v2\/users\/7"}],"replies":[{"embeddable":true,"href":"https:\/\/tdv.org\/tr-TR\/wp-json\/wp\/v2\/comments?post=20389"}],"version-history":[{"count":1,"href":"https:\/\/tdv.org\/tr-TR\/wp-json\/wp\/v2\/posts\/20389\/revisions"}],"predecessor-version":[{"id":20399,"href":"https:\/\/tdv.org\/tr-TR\/wp-json\/wp\/v2\/posts\/20389\/revisions\/20399"}],"wp:featuredmedia":[{"embeddable":true,"href":"https:\/\/tdv.org\/tr-TR\/wp-json\/wp\/v2\/media\/20398"}],"wp:attachment":[{"href":"https:\/\/tdv.org\/tr-TR\/wp-json\/wp\/v2\/media?parent=20389"}],"wp:term":[{"taxonomy":"category","embeddable":true,"href":"https:\/\/tdv.org\/tr-TR\/wp-json\/wp\/v2\/categories?post=20389"},{"taxonomy":"post_tag","embeddable":true,"href":"https:\/\/tdv.org\/tr-TR\/wp-json\/wp\/v2\/tags?post=20389"}],"curies":[{"name":"wp","href":"https:\/\/api.w.org\/{rel}","templated":true}]}}