{"id":20430,"date":"2022-04-11T09:40:21","date_gmt":"2022-04-11T06:40:21","guid":{"rendered":"https:\/\/tdv.org\/tr-TR\/?p=20430"},"modified":"2022-12-08T11:27:41","modified_gmt":"2022-12-08T08:27:41","slug":"universiteyi-turkiyede-okuyan-malili-genc-ulkesindeki-yoksullara-umut-oluyor","status":"publish","type":"post","link":"https:\/\/tdv.org\/tr-TR\/universiteyi-turkiyede-okuyan-malili-genc-ulkesindeki-yoksullara-umut-oluyor\/","title":{"rendered":"\u00dcniversiteyi T\u00fcrkiye&#8217;de okuyan Malili gen\u00e7, \u00fclkesindeki yoksullara umut oluyor"},"content":{"rendered":"<p style=\"text-align: justify;\">T\u00fcrkiye Diyanet Vakf\u0131n\u0131n (TDV) sa\u011flad\u0131\u011f\u0131 bursla \u00fcniversite e\u011fitimini T\u00fcrkiye&#8217;de tamamlayan Malili Abd\u00fclkadir Karabinta, \u00fclkesine d\u00f6nmesinin ard\u0131ndan fahri olarak y\u00fcr\u00fctt\u00fc\u011f\u00fc temsilcilik g\u00f6reviyle \u00fclkesindeki yoksullara ve e\u011fitim almak isteyen gen\u00e7lere yard\u0131mc\u0131 oluyor.<\/p>\n<p style=\"text-align: justify;\">Segou&#8217;da d\u00fcnyaya gelen Karabinta, ortaokul y\u0131llar\u0131nda Osmanl\u0131 Devleti ve T\u00fcrkiye ile ilgili okudu\u011fu kitaplardan etkilendi. \u00dcniversite e\u011fitimini T\u00fcrkiye&#8217;de almaya karar veren Karabinta, liseyi dereceyle bitirmesinin ard\u0131ndan T\u00fcrkiye Diyanet Vakf\u0131n\u0131n Mali&#8217;de d\u00fczenledi\u011fi m\u00fclakat ve s\u0131nava girdi.<\/p>\n<p style=\"text-align: justify;\">Ba\u015far\u0131l\u0131 olmas\u0131n\u0131n ard\u0131ndan 2011 y\u0131l\u0131nda Bursa Uluda\u011f \u00dcniversitesi \u0130lahiyat Fak\u00fcltesinde e\u011fitim almaya ba\u015flayan Karabinta, e\u011fitim s\u00fcresi boyunca vakfa ait yurtta kald\u0131.<br \/>\n\u00dcniversiteyi 2018 y\u0131l\u0131nda tamamlamas\u0131n\u0131n ard\u0131ndan \u00fclkesine d\u00f6nen Karabinta, TDV&#8217;nin Mali&#8217;deki fahri temsilcili\u011fi g\u00f6revini y\u00fcr\u00fctmeye ba\u015flad\u0131.<br \/>\n\u00dclkesinde bulunan yetimhaneler, okullar ve yoksul vatanda\u015flar\u0131n yard\u0131m\u0131na ko\u015fan 27 ya\u015f\u0131ndaki bir \u00e7ocuk babas\u0131 Karabinta, TDV&#8217;nin Mali&#8217;ye yapaca\u011f\u0131 yard\u0131m \u00e7al\u0131\u015fmalar\u0131n\u0131n organizasyonunda g\u00f6rev al\u0131yor.<br \/>\nMalili gen\u00e7lere T\u00fcrkiye&#8217;deki e\u011fitim ko\u015fullar\u0131 hakk\u0131nda bilgi veren Karabinta, her y\u0131l onlarca gencin T\u00fcrkiye&#8217;de e\u011fitim almas\u0131n\u0131 sa\u011fl\u0131yor.<\/p>\n<p style=\"text-align: justify;\"><strong>&#8220;T\u00fcrkiye, nerede bir mazlum varsa elini uzatmaya \u00e7al\u0131\u015f\u0131yor&#8221;<\/strong><\/p>\n<p style=\"text-align: justify;\">Abd\u00fclkadir Karabinta, ya\u015fam\u0131nda T\u00fcrkiye ve TDV&#8217;nin \u00e7ok \u00f6nemli bir yeri oldu\u011funu, onlar\u0131n sa\u011flad\u0131\u011f\u0131 destekler sayesinde \u00fcniversite okuma hayalini ger\u00e7ekle\u015ftirdi\u011fini s\u00f6yledi.<br \/>\nT\u00fcrkiye&#8217;de e\u011fitim ald\u0131\u011f\u0131 s\u00fcre boyunca hi\u00e7 yabanc\u0131l\u0131k \u00e7ekmedi\u011fini anlatan Karabinta, \u015f\u00f6yle konu\u015ftu:<br \/>\n&#8220;T\u00fcrk halk\u0131, din, dil ve renge bakmadan herkese yard\u0131m etmeye \u00e7al\u0131\u015f\u0131yor. T\u00fcrkiye&#8217;nin \u0130slam \u00fclkelerinin tek dayana\u011f\u0131 oldu\u011funu \u0131srarla s\u00f6yl\u00fcyorum. T\u00fcrkiye t\u00fcm M\u00fcsl\u00fcmanlar\u0131 seven bir \u00fclkedir. Benim i\u00e7in \u00f6zellikle Cumhurba\u015fkan\u0131 Recep Tayyip Erdo\u011fan \u00e7ok \u00f6nemlidir. \u015eu an t\u00fcm M\u00fcsl\u00fcmanlar\u0131n dayana\u011f\u0131 odur. O, \u0130slam&#8217;\u0131, M\u00fcsl\u00fcmanlar\u0131 ve t\u00fcm insanlar\u0131 seviyor. T\u00fcrk halk\u0131 da di\u011fer halklar\u0131 seviyor. Allah ona zeval vermesin. T\u00fcrkiye, zalimi ve zulm\u00fc sevmez, nerede bir mazlum varsa elini uzatmaya \u00e7al\u0131\u015f\u0131yor.&#8221;<\/p>\n<p style=\"text-align: justify;\">Karabinta, \u00fclkesine d\u00f6nd\u00fckten sonra TDV&#8217;den fahri temsilcilik teklifi ald\u0131\u011f\u0131nda \u00e7ok mutlu oldu\u011funu, hemen Mali genelinde \u00e7al\u0131\u015fmalara ba\u015flad\u0131\u011f\u0131n\u0131 ifade etti.<br \/>\nT\u00fcrkiye&#8217;de \u00f6\u011fretildi\u011fi gibi hep mazlumlar\u0131n yan\u0131nda oldu\u011funu anlatan Karabinta, TDV&#8217;nin g\u00f6nderdi\u011fi yard\u0131mlar\u0131 ger\u00e7ek ihtiya\u00e7 sahiplerine ula\u015ft\u0131rmaya gayret etti\u011fini, su kuyusu a\u00e7ma \u00e7al\u0131\u015fmalar\u0131na destek verdi\u011fini kaydetti.<br \/>\nKarabinta, T\u00fcrk ve Mali bayraklar\u0131n\u0131 yan\u0131ndan hi\u00e7 ay\u0131rmad\u0131\u011f\u0131n\u0131, T\u00fcrkiye&#8217;nin \u00fclkesi i\u00e7in yapt\u0131klar\u0131n\u0131 her ortamda gururla anlatt\u0131\u011f\u0131n\u0131 s\u00f6zlerine ekledi.<\/p>\n<p style=\"text-align: justify;\"><strong>&#8220;Hem bizim hem de hem\u015fehrilerinin kalbinde taht kuruyor&#8221;<\/strong><\/p>\n<p style=\"text-align: justify;\">TDV Mali Temsilcisi Furkan Taze de Abd\u00fclkadir Karabinta&#8217;n\u0131n \u00e7ok \u00e7al\u0131\u015fkan oldu\u011funu, yapt\u0131\u011f\u0131 \u00e7al\u0131\u015fmalarda T\u00fcrkiye&#8217;nin adaleti ve ho\u015fg\u00f6r\u00fcs\u00fcn\u00fc \u00fclkesine yans\u0131tt\u0131\u011f\u0131n\u0131 anlatt\u0131.<br \/>\nTaze, &#8220;Onun sayesinde hay\u0131rseverlerimizin ba\u011f\u0131\u015flar\u0131n\u0131 Mali&#8217;de ger\u00e7ek ihtiya\u00e7 sahiplerine ula\u015ft\u0131r\u0131yoruz. O g\u00f6n\u00fcll\u00fc olarak y\u00fcr\u00fctt\u00fc\u011f\u00fc bu g\u00f6revle hem bizim hem de hem\u015fehrilerinin kalbinde taht kuruyor.&#8221; diye konu\u015ftu.<\/p>\n\n\t\t<style type=\"text\/css\">\n\t\t\t#gallery-1 {\n\t\t\t\tmargin: auto;\n\t\t\t}\n\t\t\t#gallery-1 .gallery-item {\n\t\t\t\tfloat: left;\n\t\t\t\tmargin-top: 10px;\n\t\t\t\ttext-align: center;\n\t\t\t\twidth: 33%;\n\t\t\t}\n\t\t\t#gallery-1 img {\n\t\t\t\tborder: 2px solid #cfcfcf;\n\t\t\t}\n\t\t\t#gallery-1 .gallery-caption {\n\t\t\t\tmargin-left: 0;\n\t\t\t}\n\t\t\t\/* see gallery_shortcode() in wp-includes\/media.php *\/\n\t\t<\/style>\n\t\t<div id='gallery-1' class='gallery galleryid-20430 gallery-columns-3 gallery-size-thumbnail'><dl class='gallery-item'>\n\t\t\t<dt class='gallery-icon landscape'>\n\t\t\t\t<a href='https:\/\/tdv.org\/tr-TR\/wp-content\/uploads\/2022\/04\/AA-20220410-27522386-27522374-UNIVERSITEYI_TURKIYEDE_OKUYAN_MALILI_GENC_ULKESINDEKI_YOKSULLARA_UMUT_OLUYOR.jpg'><img decoding=\"async\" width=\"150\" height=\"150\" src=\"https:\/\/tdv.org\/tr-TR\/wp-content\/uploads\/2022\/04\/AA-20220410-27522386-27522374-UNIVERSITEYI_TURKIYEDE_OKUYAN_MALILI_GENC_ULKESINDEKI_YOKSULLARA_UMUT_OLUYOR-150x150.jpg\" class=\"attachment-thumbnail size-thumbnail\" alt=\"\" srcset=\"https:\/\/tdv.org\/tr-TR\/wp-content\/uploads\/2022\/04\/AA-20220410-27522386-27522374-UNIVERSITEYI_TURKIYEDE_OKUYAN_MALILI_GENC_ULKESINDEKI_YOKSULLARA_UMUT_OLUYOR-150x150.jpg 150w, https:\/\/tdv.org\/tr-TR\/wp-content\/uploads\/2022\/04\/AA-20220410-27522386-27522374-UNIVERSITEYI_TURKIYEDE_OKUYAN_MALILI_GENC_ULKESINDEKI_YOKSULLARA_UMUT_OLUYOR-100x100.jpg 100w, https:\/\/tdv.org\/tr-TR\/wp-content\/uploads\/2022\/04\/AA-20220410-27522386-27522374-UNIVERSITEYI_TURKIYEDE_OKUYAN_MALILI_GENC_ULKESINDEKI_YOKSULLARA_UMUT_OLUYOR-140x140.jpg 140w, https:\/\/tdv.org\/tr-TR\/wp-content\/uploads\/2022\/04\/AA-20220410-27522386-27522374-UNIVERSITEYI_TURKIYEDE_OKUYAN_MALILI_GENC_ULKESINDEKI_YOKSULLARA_UMUT_OLUYOR-500x500.jpg 500w, https:\/\/tdv.org\/tr-TR\/wp-content\/uploads\/2022\/04\/AA-20220410-27522386-27522374-UNIVERSITEYI_TURKIYEDE_OKUYAN_MALILI_GENC_ULKESINDEKI_YOKSULLARA_UMUT_OLUYOR-350x350.jpg 350w\" sizes=\"(max-width: 150px) 100vw, 150px\" \/><\/a>\n\t\t\t<\/dt><\/dl><dl class='gallery-item'>\n\t\t\t<dt class='gallery-icon landscape'>\n\t\t\t\t<a href='https:\/\/tdv.org\/tr-TR\/wp-content\/uploads\/2022\/04\/AA-20220410-27522386-27522375-UNIVERSITEYI_TURKIYEDE_OKUYAN_MALILI_GENC_ULKESINDEKI_YOKSULLARA_UMUT_OLUYOR.jpg'><img decoding=\"async\" width=\"150\" height=\"150\" src=\"https:\/\/tdv.org\/tr-TR\/wp-content\/uploads\/2022\/04\/AA-20220410-27522386-27522375-UNIVERSITEYI_TURKIYEDE_OKUYAN_MALILI_GENC_ULKESINDEKI_YOKSULLARA_UMUT_OLUYOR-150x150.jpg\" class=\"attachment-thumbnail size-thumbnail\" alt=\"\" srcset=\"https:\/\/tdv.org\/tr-TR\/wp-content\/uploads\/2022\/04\/AA-20220410-27522386-27522375-UNIVERSITEYI_TURKIYEDE_OKUYAN_MALILI_GENC_ULKESINDEKI_YOKSULLARA_UMUT_OLUYOR-150x150.jpg 150w, https:\/\/tdv.org\/tr-TR\/wp-content\/uploads\/2022\/04\/AA-20220410-27522386-27522375-UNIVERSITEYI_TURKIYEDE_OKUYAN_MALILI_GENC_ULKESINDEKI_YOKSULLARA_UMUT_OLUYOR-100x100.jpg 100w, https:\/\/tdv.org\/tr-TR\/wp-content\/uploads\/2022\/04\/AA-20220410-27522386-27522375-UNIVERSITEYI_TURKIYEDE_OKUYAN_MALILI_GENC_ULKESINDEKI_YOKSULLARA_UMUT_OLUYOR-140x140.jpg 140w, https:\/\/tdv.org\/tr-TR\/wp-content\/uploads\/2022\/04\/AA-20220410-27522386-27522375-UNIVERSITEYI_TURKIYEDE_OKUYAN_MALILI_GENC_ULKESINDEKI_YOKSULLARA_UMUT_OLUYOR-500x500.jpg 500w, https:\/\/tdv.org\/tr-TR\/wp-content\/uploads\/2022\/04\/AA-20220410-27522386-27522375-UNIVERSITEYI_TURKIYEDE_OKUYAN_MALILI_GENC_ULKESINDEKI_YOKSULLARA_UMUT_OLUYOR-350x350.jpg 350w\" sizes=\"(max-width: 150px) 100vw, 150px\" \/><\/a>\n\t\t\t<\/dt><\/dl><dl class='gallery-item'>\n\t\t\t<dt class='gallery-icon landscape'>\n\t\t\t\t<a href='https:\/\/tdv.org\/tr-TR\/wp-content\/uploads\/2022\/04\/AA-20220410-27522386-27522376-UNIVERSITEYI_TURKIYEDE_OKUYAN_MALILI_GENC_ULKESINDEKI_YOKSULLARA_UMUT_OLUYOR.jpg'><img decoding=\"async\" width=\"150\" height=\"150\" src=\"https:\/\/tdv.org\/tr-TR\/wp-content\/uploads\/2022\/04\/AA-20220410-27522386-27522376-UNIVERSITEYI_TURKIYEDE_OKUYAN_MALILI_GENC_ULKESINDEKI_YOKSULLARA_UMUT_OLUYOR-150x150.jpg\" class=\"attachment-thumbnail size-thumbnail\" alt=\"\" srcset=\"https:\/\/tdv.org\/tr-TR\/wp-content\/uploads\/2022\/04\/AA-20220410-27522386-27522376-UNIVERSITEYI_TURKIYEDE_OKUYAN_MALILI_GENC_ULKESINDEKI_YOKSULLARA_UMUT_OLUYOR-150x150.jpg 150w, https:\/\/tdv.org\/tr-TR\/wp-content\/uploads\/2022\/04\/AA-20220410-27522386-27522376-UNIVERSITEYI_TURKIYEDE_OKUYAN_MALILI_GENC_ULKESINDEKI_YOKSULLARA_UMUT_OLUYOR-100x100.jpg 100w, https:\/\/tdv.org\/tr-TR\/wp-content\/uploads\/2022\/04\/AA-20220410-27522386-27522376-UNIVERSITEYI_TURKIYEDE_OKUYAN_MALILI_GENC_ULKESINDEKI_YOKSULLARA_UMUT_OLUYOR-140x140.jpg 140w, https:\/\/tdv.org\/tr-TR\/wp-content\/uploads\/2022\/04\/AA-20220410-27522386-27522376-UNIVERSITEYI_TURKIYEDE_OKUYAN_MALILI_GENC_ULKESINDEKI_YOKSULLARA_UMUT_OLUYOR-500x500.jpg 500w, https:\/\/tdv.org\/tr-TR\/wp-content\/uploads\/2022\/04\/AA-20220410-27522386-27522376-UNIVERSITEYI_TURKIYEDE_OKUYAN_MALILI_GENC_ULKESINDEKI_YOKSULLARA_UMUT_OLUYOR-350x350.jpg 350w\" sizes=\"(max-width: 150px) 100vw, 150px\" \/><\/a>\n\t\t\t<\/dt><\/dl><br style=\"clear: both\" \/><dl class='gallery-item'>\n\t\t\t<dt class='gallery-icon landscape'>\n\t\t\t\t<a href='https:\/\/tdv.org\/tr-TR\/wp-content\/uploads\/2022\/04\/AA-20220410-27522386-27522377-UNIVERSITEYI_TURKIYEDE_OKUYAN_MALILI_GENC_ULKESINDEKI_YOKSULLARA_UMUT_OLUYOR.jpg'><img decoding=\"async\" width=\"150\" height=\"150\" src=\"https:\/\/tdv.org\/tr-TR\/wp-content\/uploads\/2022\/04\/AA-20220410-27522386-27522377-UNIVERSITEYI_TURKIYEDE_OKUYAN_MALILI_GENC_ULKESINDEKI_YOKSULLARA_UMUT_OLUYOR-150x150.jpg\" class=\"attachment-thumbnail size-thumbnail\" alt=\"\" srcset=\"https:\/\/tdv.org\/tr-TR\/wp-content\/uploads\/2022\/04\/AA-20220410-27522386-27522377-UNIVERSITEYI_TURKIYEDE_OKUYAN_MALILI_GENC_ULKESINDEKI_YOKSULLARA_UMUT_OLUYOR-150x150.jpg 150w, https:\/\/tdv.org\/tr-TR\/wp-content\/uploads\/2022\/04\/AA-20220410-27522386-27522377-UNIVERSITEYI_TURKIYEDE_OKUYAN_MALILI_GENC_ULKESINDEKI_YOKSULLARA_UMUT_OLUYOR-100x100.jpg 100w, https:\/\/tdv.org\/tr-TR\/wp-content\/uploads\/2022\/04\/AA-20220410-27522386-27522377-UNIVERSITEYI_TURKIYEDE_OKUYAN_MALILI_GENC_ULKESINDEKI_YOKSULLARA_UMUT_OLUYOR-140x140.jpg 140w, https:\/\/tdv.org\/tr-TR\/wp-content\/uploads\/2022\/04\/AA-20220410-27522386-27522377-UNIVERSITEYI_TURKIYEDE_OKUYAN_MALILI_GENC_ULKESINDEKI_YOKSULLARA_UMUT_OLUYOR-500x500.jpg 500w, https:\/\/tdv.org\/tr-TR\/wp-content\/uploads\/2022\/04\/AA-20220410-27522386-27522377-UNIVERSITEYI_TURKIYEDE_OKUYAN_MALILI_GENC_ULKESINDEKI_YOKSULLARA_UMUT_OLUYOR-350x350.jpg 350w\" sizes=\"(max-width: 150px) 100vw, 150px\" \/><\/a>\n\t\t\t<\/dt><\/dl><dl class='gallery-item'>\n\t\t\t<dt class='gallery-icon landscape'>\n\t\t\t\t<a href='https:\/\/tdv.org\/tr-TR\/wp-content\/uploads\/2022\/04\/AA-20220410-27522386-27522378-UNIVERSITEYI_TURKIYEDE_OKUYAN_MALILI_GENC_ULKESINDEKI_YOKSULLARA_UMUT_OLUYOR.jpg'><img decoding=\"async\" width=\"150\" height=\"150\" src=\"https:\/\/tdv.org\/tr-TR\/wp-content\/uploads\/2022\/04\/AA-20220410-27522386-27522378-UNIVERSITEYI_TURKIYEDE_OKUYAN_MALILI_GENC_ULKESINDEKI_YOKSULLARA_UMUT_OLUYOR-150x150.jpg\" class=\"attachment-thumbnail size-thumbnail\" alt=\"\" srcset=\"https:\/\/tdv.org\/tr-TR\/wp-content\/uploads\/2022\/04\/AA-20220410-27522386-27522378-UNIVERSITEYI_TURKIYEDE_OKUYAN_MALILI_GENC_ULKESINDEKI_YOKSULLARA_UMUT_OLUYOR-150x150.jpg 150w, https:\/\/tdv.org\/tr-TR\/wp-content\/uploads\/2022\/04\/AA-20220410-27522386-27522378-UNIVERSITEYI_TURKIYEDE_OKUYAN_MALILI_GENC_ULKESINDEKI_YOKSULLARA_UMUT_OLUYOR-100x100.jpg 100w, https:\/\/tdv.org\/tr-TR\/wp-content\/uploads\/2022\/04\/AA-20220410-27522386-27522378-UNIVERSITEYI_TURKIYEDE_OKUYAN_MALILI_GENC_ULKESINDEKI_YOKSULLARA_UMUT_OLUYOR-140x140.jpg 140w, https:\/\/tdv.org\/tr-TR\/wp-content\/uploads\/2022\/04\/AA-20220410-27522386-27522378-UNIVERSITEYI_TURKIYEDE_OKUYAN_MALILI_GENC_ULKESINDEKI_YOKSULLARA_UMUT_OLUYOR-500x500.jpg 500w, https:\/\/tdv.org\/tr-TR\/wp-content\/uploads\/2022\/04\/AA-20220410-27522386-27522378-UNIVERSITEYI_TURKIYEDE_OKUYAN_MALILI_GENC_ULKESINDEKI_YOKSULLARA_UMUT_OLUYOR-350x350.jpg 350w\" sizes=\"(max-width: 150px) 100vw, 150px\" \/><\/a>\n\t\t\t<\/dt><\/dl><dl class='gallery-item'>\n\t\t\t<dt class='gallery-icon landscape'>\n\t\t\t\t<a href='https:\/\/tdv.org\/tr-TR\/wp-content\/uploads\/2022\/04\/AA-20220410-27522386-27522379-UNIVERSITEYI_TURKIYEDE_OKUYAN_MALILI_GENC_ULKESINDEKI_YOKSULLARA_UMUT_OLUYOR-scaled.jpg'><img decoding=\"async\" width=\"150\" height=\"150\" src=\"https:\/\/tdv.org\/tr-TR\/wp-content\/uploads\/2022\/04\/AA-20220410-27522386-27522379-UNIVERSITEYI_TURKIYEDE_OKUYAN_MALILI_GENC_ULKESINDEKI_YOKSULLARA_UMUT_OLUYOR-150x150.jpg\" class=\"attachment-thumbnail size-thumbnail\" alt=\"\" srcset=\"https:\/\/tdv.org\/tr-TR\/wp-content\/uploads\/2022\/04\/AA-20220410-27522386-27522379-UNIVERSITEYI_TURKIYEDE_OKUYAN_MALILI_GENC_ULKESINDEKI_YOKSULLARA_UMUT_OLUYOR-150x150.jpg 150w, https:\/\/tdv.org\/tr-TR\/wp-content\/uploads\/2022\/04\/AA-20220410-27522386-27522379-UNIVERSITEYI_TURKIYEDE_OKUYAN_MALILI_GENC_ULKESINDEKI_YOKSULLARA_UMUT_OLUYOR-100x100.jpg 100w, https:\/\/tdv.org\/tr-TR\/wp-content\/uploads\/2022\/04\/AA-20220410-27522386-27522379-UNIVERSITEYI_TURKIYEDE_OKUYAN_MALILI_GENC_ULKESINDEKI_YOKSULLARA_UMUT_OLUYOR-140x140.jpg 140w, https:\/\/tdv.org\/tr-TR\/wp-content\/uploads\/2022\/04\/AA-20220410-27522386-27522379-UNIVERSITEYI_TURKIYEDE_OKUYAN_MALILI_GENC_ULKESINDEKI_YOKSULLARA_UMUT_OLUYOR-500x500.jpg 500w, https:\/\/tdv.org\/tr-TR\/wp-content\/uploads\/2022\/04\/AA-20220410-27522386-27522379-UNIVERSITEYI_TURKIYEDE_OKUYAN_MALILI_GENC_ULKESINDEKI_YOKSULLARA_UMUT_OLUYOR-350x350.jpg 350w, https:\/\/tdv.org\/tr-TR\/wp-content\/uploads\/2022\/04\/AA-20220410-27522386-27522379-UNIVERSITEYI_TURKIYEDE_OKUYAN_MALILI_GENC_ULKESINDEKI_YOKSULLARA_UMUT_OLUYOR-1000x1000.jpg 1000w, https:\/\/tdv.org\/tr-TR\/wp-content\/uploads\/2022\/04\/AA-20220410-27522386-27522379-UNIVERSITEYI_TURKIYEDE_OKUYAN_MALILI_GENC_ULKESINDEKI_YOKSULLARA_UMUT_OLUYOR-800x800.jpg 800w\" sizes=\"(max-width: 150px) 100vw, 150px\" \/><\/a>\n\t\t\t<\/dt><\/dl><br style=\"clear: both\" \/><dl class='gallery-item'>\n\t\t\t<dt class='gallery-icon landscape'>\n\t\t\t\t<a href='https:\/\/tdv.org\/tr-TR\/wp-content\/uploads\/2022\/04\/AA-20220410-27522386-27522380-UNIVERSITEYI_TURKIYEDE_OKUYAN_MALILI_GENC_ULKESINDEKI_YOKSULLARA_UMUT_OLUYOR-scaled.jpg'><img decoding=\"async\" width=\"150\" height=\"150\" src=\"https:\/\/tdv.org\/tr-TR\/wp-content\/uploads\/2022\/04\/AA-20220410-27522386-27522380-UNIVERSITEYI_TURKIYEDE_OKUYAN_MALILI_GENC_ULKESINDEKI_YOKSULLARA_UMUT_OLUYOR-150x150.jpg\" class=\"attachment-thumbnail size-thumbnail\" alt=\"\" srcset=\"https:\/\/tdv.org\/tr-TR\/wp-content\/uploads\/2022\/04\/AA-20220410-27522386-27522380-UNIVERSITEYI_TURKIYEDE_OKUYAN_MALILI_GENC_ULKESINDEKI_YOKSULLARA_UMUT_OLUYOR-150x150.jpg 150w, https:\/\/tdv.org\/tr-TR\/wp-content\/uploads\/2022\/04\/AA-20220410-27522386-27522380-UNIVERSITEYI_TURKIYEDE_OKUYAN_MALILI_GENC_ULKESINDEKI_YOKSULLARA_UMUT_OLUYOR-100x100.jpg 100w, https:\/\/tdv.org\/tr-TR\/wp-content\/uploads\/2022\/04\/AA-20220410-27522386-27522380-UNIVERSITEYI_TURKIYEDE_OKUYAN_MALILI_GENC_ULKESINDEKI_YOKSULLARA_UMUT_OLUYOR-140x140.jpg 140w, https:\/\/tdv.org\/tr-TR\/wp-content\/uploads\/2022\/04\/AA-20220410-27522386-27522380-UNIVERSITEYI_TURKIYEDE_OKUYAN_MALILI_GENC_ULKESINDEKI_YOKSULLARA_UMUT_OLUYOR-500x500.jpg 500w, https:\/\/tdv.org\/tr-TR\/wp-content\/uploads\/2022\/04\/AA-20220410-27522386-27522380-UNIVERSITEYI_TURKIYEDE_OKUYAN_MALILI_GENC_ULKESINDEKI_YOKSULLARA_UMUT_OLUYOR-350x350.jpg 350w, https:\/\/tdv.org\/tr-TR\/wp-content\/uploads\/2022\/04\/AA-20220410-27522386-27522380-UNIVERSITEYI_TURKIYEDE_OKUYAN_MALILI_GENC_ULKESINDEKI_YOKSULLARA_UMUT_OLUYOR-1000x1000.jpg 1000w, https:\/\/tdv.org\/tr-TR\/wp-content\/uploads\/2022\/04\/AA-20220410-27522386-27522380-UNIVERSITEYI_TURKIYEDE_OKUYAN_MALILI_GENC_ULKESINDEKI_YOKSULLARA_UMUT_OLUYOR-800x800.jpg 800w\" sizes=\"(max-width: 150px) 100vw, 150px\" \/><\/a>\n\t\t\t<\/dt><\/dl><dl class='gallery-item'>\n\t\t\t<dt class='gallery-icon landscape'>\n\t\t\t\t<a href='https:\/\/tdv.org\/tr-TR\/wp-content\/uploads\/2022\/04\/AA-20220410-27522386-27522381-UNIVERSITEYI_TURKIYEDE_OKUYAN_MALILI_GENC_ULKESINDEKI_YOKSULLARA_UMUT_OLUYOR-scaled.jpg'><img decoding=\"async\" width=\"150\" height=\"150\" src=\"https:\/\/tdv.org\/tr-TR\/wp-content\/uploads\/2022\/04\/AA-20220410-27522386-27522381-UNIVERSITEYI_TURKIYEDE_OKUYAN_MALILI_GENC_ULKESINDEKI_YOKSULLARA_UMUT_OLUYOR-150x150.jpg\" class=\"attachment-thumbnail size-thumbnail\" alt=\"\" srcset=\"https:\/\/tdv.org\/tr-TR\/wp-content\/uploads\/2022\/04\/AA-20220410-27522386-27522381-UNIVERSITEYI_TURKIYEDE_OKUYAN_MALILI_GENC_ULKESINDEKI_YOKSULLARA_UMUT_OLUYOR-150x150.jpg 150w, https:\/\/tdv.org\/tr-TR\/wp-content\/uploads\/2022\/04\/AA-20220410-27522386-27522381-UNIVERSITEYI_TURKIYEDE_OKUYAN_MALILI_GENC_ULKESINDEKI_YOKSULLARA_UMUT_OLUYOR-100x100.jpg 100w, https:\/\/tdv.org\/tr-TR\/wp-content\/uploads\/2022\/04\/AA-20220410-27522386-27522381-UNIVERSITEYI_TURKIYEDE_OKUYAN_MALILI_GENC_ULKESINDEKI_YOKSULLARA_UMUT_OLUYOR-140x140.jpg 140w, https:\/\/tdv.org\/tr-TR\/wp-content\/uploads\/2022\/04\/AA-20220410-27522386-27522381-UNIVERSITEYI_TURKIYEDE_OKUYAN_MALILI_GENC_ULKESINDEKI_YOKSULLARA_UMUT_OLUYOR-500x500.jpg 500w, https:\/\/tdv.org\/tr-TR\/wp-content\/uploads\/2022\/04\/AA-20220410-27522386-27522381-UNIVERSITEYI_TURKIYEDE_OKUYAN_MALILI_GENC_ULKESINDEKI_YOKSULLARA_UMUT_OLUYOR-350x350.jpg 350w, https:\/\/tdv.org\/tr-TR\/wp-content\/uploads\/2022\/04\/AA-20220410-27522386-27522381-UNIVERSITEYI_TURKIYEDE_OKUYAN_MALILI_GENC_ULKESINDEKI_YOKSULLARA_UMUT_OLUYOR-1000x1000.jpg 1000w, https:\/\/tdv.org\/tr-TR\/wp-content\/uploads\/2022\/04\/AA-20220410-27522386-27522381-UNIVERSITEYI_TURKIYEDE_OKUYAN_MALILI_GENC_ULKESINDEKI_YOKSULLARA_UMUT_OLUYOR-800x800.jpg 800w\" sizes=\"(max-width: 150px) 100vw, 150px\" \/><\/a>\n\t\t\t<\/dt><\/dl><dl class='gallery-item'>\n\t\t\t<dt class='gallery-icon landscape'>\n\t\t\t\t<a href='https:\/\/tdv.org\/tr-TR\/wp-content\/uploads\/2022\/04\/AA-20220410-27522386-27522382-UNIVERSITEYI_TURKIYEDE_OKUYAN_MALILI_GENC_ULKESINDEKI_YOKSULLARA_UMUT_OLUYOR-scaled.jpg'><img decoding=\"async\" width=\"150\" height=\"150\" src=\"https:\/\/tdv.org\/tr-TR\/wp-content\/uploads\/2022\/04\/AA-20220410-27522386-27522382-UNIVERSITEYI_TURKIYEDE_OKUYAN_MALILI_GENC_ULKESINDEKI_YOKSULLARA_UMUT_OLUYOR-150x150.jpg\" class=\"attachment-thumbnail size-thumbnail\" alt=\"\" srcset=\"https:\/\/tdv.org\/tr-TR\/wp-content\/uploads\/2022\/04\/AA-20220410-27522386-27522382-UNIVERSITEYI_TURKIYEDE_OKUYAN_MALILI_GENC_ULKESINDEKI_YOKSULLARA_UMUT_OLUYOR-150x150.jpg 150w, https:\/\/tdv.org\/tr-TR\/wp-content\/uploads\/2022\/04\/AA-20220410-27522386-27522382-UNIVERSITEYI_TURKIYEDE_OKUYAN_MALILI_GENC_ULKESINDEKI_YOKSULLARA_UMUT_OLUYOR-100x100.jpg 100w, https:\/\/tdv.org\/tr-TR\/wp-content\/uploads\/2022\/04\/AA-20220410-27522386-27522382-UNIVERSITEYI_TURKIYEDE_OKUYAN_MALILI_GENC_ULKESINDEKI_YOKSULLARA_UMUT_OLUYOR-140x140.jpg 140w, https:\/\/tdv.org\/tr-TR\/wp-content\/uploads\/2022\/04\/AA-20220410-27522386-27522382-UNIVERSITEYI_TURKIYEDE_OKUYAN_MALILI_GENC_ULKESINDEKI_YOKSULLARA_UMUT_OLUYOR-500x500.jpg 500w, https:\/\/tdv.org\/tr-TR\/wp-content\/uploads\/2022\/04\/AA-20220410-27522386-27522382-UNIVERSITEYI_TURKIYEDE_OKUYAN_MALILI_GENC_ULKESINDEKI_YOKSULLARA_UMUT_OLUYOR-350x350.jpg 350w, https:\/\/tdv.org\/tr-TR\/wp-content\/uploads\/2022\/04\/AA-20220410-27522386-27522382-UNIVERSITEYI_TURKIYEDE_OKUYAN_MALILI_GENC_ULKESINDEKI_YOKSULLARA_UMUT_OLUYOR-1000x1000.jpg 1000w, https:\/\/tdv.org\/tr-TR\/wp-content\/uploads\/2022\/04\/AA-20220410-27522386-27522382-UNIVERSITEYI_TURKIYEDE_OKUYAN_MALILI_GENC_ULKESINDEKI_YOKSULLARA_UMUT_OLUYOR-800x800.jpg 800w\" sizes=\"(max-width: 150px) 100vw, 150px\" \/><\/a>\n\t\t\t<\/dt><\/dl><br style=\"clear: both\" \/><dl class='gallery-item'>\n\t\t\t<dt class='gallery-icon landscape'>\n\t\t\t\t<a href='https:\/\/tdv.org\/tr-TR\/wp-content\/uploads\/2022\/04\/AA-20220410-27522386-27522383-UNIVERSITEYI_TURKIYEDE_OKUYAN_MALILI_GENC_ULKESINDEKI_YOKSULLARA_UMUT_OLUYOR-scaled.jpg'><img decoding=\"async\" width=\"150\" height=\"150\" src=\"https:\/\/tdv.org\/tr-TR\/wp-content\/uploads\/2022\/04\/AA-20220410-27522386-27522383-UNIVERSITEYI_TURKIYEDE_OKUYAN_MALILI_GENC_ULKESINDEKI_YOKSULLARA_UMUT_OLUYOR-150x150.jpg\" class=\"attachment-thumbnail size-thumbnail\" alt=\"\" srcset=\"https:\/\/tdv.org\/tr-TR\/wp-content\/uploads\/2022\/04\/AA-20220410-27522386-27522383-UNIVERSITEYI_TURKIYEDE_OKUYAN_MALILI_GENC_ULKESINDEKI_YOKSULLARA_UMUT_OLUYOR-150x150.jpg 150w, https:\/\/tdv.org\/tr-TR\/wp-content\/uploads\/2022\/04\/AA-20220410-27522386-27522383-UNIVERSITEYI_TURKIYEDE_OKUYAN_MALILI_GENC_ULKESINDEKI_YOKSULLARA_UMUT_OLUYOR-100x100.jpg 100w, https:\/\/tdv.org\/tr-TR\/wp-content\/uploads\/2022\/04\/AA-20220410-27522386-27522383-UNIVERSITEYI_TURKIYEDE_OKUYAN_MALILI_GENC_ULKESINDEKI_YOKSULLARA_UMUT_OLUYOR-140x140.jpg 140w, https:\/\/tdv.org\/tr-TR\/wp-content\/uploads\/2022\/04\/AA-20220410-27522386-27522383-UNIVERSITEYI_TURKIYEDE_OKUYAN_MALILI_GENC_ULKESINDEKI_YOKSULLARA_UMUT_OLUYOR-500x500.jpg 500w, https:\/\/tdv.org\/tr-TR\/wp-content\/uploads\/2022\/04\/AA-20220410-27522386-27522383-UNIVERSITEYI_TURKIYEDE_OKUYAN_MALILI_GENC_ULKESINDEKI_YOKSULLARA_UMUT_OLUYOR-350x350.jpg 350w, https:\/\/tdv.org\/tr-TR\/wp-content\/uploads\/2022\/04\/AA-20220410-27522386-27522383-UNIVERSITEYI_TURKIYEDE_OKUYAN_MALILI_GENC_ULKESINDEKI_YOKSULLARA_UMUT_OLUYOR-1000x1000.jpg 1000w, https:\/\/tdv.org\/tr-TR\/wp-content\/uploads\/2022\/04\/AA-20220410-27522386-27522383-UNIVERSITEYI_TURKIYEDE_OKUYAN_MALILI_GENC_ULKESINDEKI_YOKSULLARA_UMUT_OLUYOR-800x800.jpg 800w\" sizes=\"(max-width: 150px) 100vw, 150px\" \/><\/a>\n\t\t\t<\/dt><\/dl><dl class='gallery-item'>\n\t\t\t<dt class='gallery-icon landscape'>\n\t\t\t\t<a href='https:\/\/tdv.org\/tr-TR\/wp-content\/uploads\/2022\/04\/AA-20220410-27522386-27522384-UNIVERSITEYI_TURKIYEDE_OKUYAN_MALILI_GENC_ULKESINDEKI_YOKSULLARA_UMUT_OLUYOR-scaled.jpg'><img decoding=\"async\" width=\"150\" height=\"150\" src=\"https:\/\/tdv.org\/tr-TR\/wp-content\/uploads\/2022\/04\/AA-20220410-27522386-27522384-UNIVERSITEYI_TURKIYEDE_OKUYAN_MALILI_GENC_ULKESINDEKI_YOKSULLARA_UMUT_OLUYOR-150x150.jpg\" class=\"attachment-thumbnail size-thumbnail\" alt=\"\" srcset=\"https:\/\/tdv.org\/tr-TR\/wp-content\/uploads\/2022\/04\/AA-20220410-27522386-27522384-UNIVERSITEYI_TURKIYEDE_OKUYAN_MALILI_GENC_ULKESINDEKI_YOKSULLARA_UMUT_OLUYOR-150x150.jpg 150w, https:\/\/tdv.org\/tr-TR\/wp-content\/uploads\/2022\/04\/AA-20220410-27522386-27522384-UNIVERSITEYI_TURKIYEDE_OKUYAN_MALILI_GENC_ULKESINDEKI_YOKSULLARA_UMUT_OLUYOR-100x100.jpg 100w, https:\/\/tdv.org\/tr-TR\/wp-content\/uploads\/2022\/04\/AA-20220410-27522386-27522384-UNIVERSITEYI_TURKIYEDE_OKUYAN_MALILI_GENC_ULKESINDEKI_YOKSULLARA_UMUT_OLUYOR-140x140.jpg 140w, https:\/\/tdv.org\/tr-TR\/wp-content\/uploads\/2022\/04\/AA-20220410-27522386-27522384-UNIVERSITEYI_TURKIYEDE_OKUYAN_MALILI_GENC_ULKESINDEKI_YOKSULLARA_UMUT_OLUYOR-500x500.jpg 500w, https:\/\/tdv.org\/tr-TR\/wp-content\/uploads\/2022\/04\/AA-20220410-27522386-27522384-UNIVERSITEYI_TURKIYEDE_OKUYAN_MALILI_GENC_ULKESINDEKI_YOKSULLARA_UMUT_OLUYOR-350x350.jpg 350w, https:\/\/tdv.org\/tr-TR\/wp-content\/uploads\/2022\/04\/AA-20220410-27522386-27522384-UNIVERSITEYI_TURKIYEDE_OKUYAN_MALILI_GENC_ULKESINDEKI_YOKSULLARA_UMUT_OLUYOR-1000x1000.jpg 1000w, https:\/\/tdv.org\/tr-TR\/wp-content\/uploads\/2022\/04\/AA-20220410-27522386-27522384-UNIVERSITEYI_TURKIYEDE_OKUYAN_MALILI_GENC_ULKESINDEKI_YOKSULLARA_UMUT_OLUYOR-800x800.jpg 800w\" sizes=\"(max-width: 150px) 100vw, 150px\" \/><\/a>\n\t\t\t<\/dt><\/dl><dl class='gallery-item'>\n\t\t\t<dt class='gallery-icon landscape'>\n\t\t\t\t<a href='https:\/\/tdv.org\/tr-TR\/wp-content\/uploads\/2022\/04\/AA-20220410-27522386-27522385-UNIVERSITEYI_TURKIYEDE_OKUYAN_MALILI_GENC_ULKESINDEKI_YOKSULLARA_UMUT_OLUYOR-scaled.jpg'><img decoding=\"async\" width=\"150\" height=\"150\" src=\"https:\/\/tdv.org\/tr-TR\/wp-content\/uploads\/2022\/04\/AA-20220410-27522386-27522385-UNIVERSITEYI_TURKIYEDE_OKUYAN_MALILI_GENC_ULKESINDEKI_YOKSULLARA_UMUT_OLUYOR-150x150.jpg\" class=\"attachment-thumbnail size-thumbnail\" alt=\"\" srcset=\"https:\/\/tdv.org\/tr-TR\/wp-content\/uploads\/2022\/04\/AA-20220410-27522386-27522385-UNIVERSITEYI_TURKIYEDE_OKUYAN_MALILI_GENC_ULKESINDEKI_YOKSULLARA_UMUT_OLUYOR-150x150.jpg 150w, https:\/\/tdv.org\/tr-TR\/wp-content\/uploads\/2022\/04\/AA-20220410-27522386-27522385-UNIVERSITEYI_TURKIYEDE_OKUYAN_MALILI_GENC_ULKESINDEKI_YOKSULLARA_UMUT_OLUYOR-100x100.jpg 100w, https:\/\/tdv.org\/tr-TR\/wp-content\/uploads\/2022\/04\/AA-20220410-27522386-27522385-UNIVERSITEYI_TURKIYEDE_OKUYAN_MALILI_GENC_ULKESINDEKI_YOKSULLARA_UMUT_OLUYOR-140x140.jpg 140w, https:\/\/tdv.org\/tr-TR\/wp-content\/uploads\/2022\/04\/AA-20220410-27522386-27522385-UNIVERSITEYI_TURKIYEDE_OKUYAN_MALILI_GENC_ULKESINDEKI_YOKSULLARA_UMUT_OLUYOR-500x500.jpg 500w, https:\/\/tdv.org\/tr-TR\/wp-content\/uploads\/2022\/04\/AA-20220410-27522386-27522385-UNIVERSITEYI_TURKIYEDE_OKUYAN_MALILI_GENC_ULKESINDEKI_YOKSULLARA_UMUT_OLUYOR-350x350.jpg 350w, https:\/\/tdv.org\/tr-TR\/wp-content\/uploads\/2022\/04\/AA-20220410-27522386-27522385-UNIVERSITEYI_TURKIYEDE_OKUYAN_MALILI_GENC_ULKESINDEKI_YOKSULLARA_UMUT_OLUYOR-1000x1000.jpg 1000w, https:\/\/tdv.org\/tr-TR\/wp-content\/uploads\/2022\/04\/AA-20220410-27522386-27522385-UNIVERSITEYI_TURKIYEDE_OKUYAN_MALILI_GENC_ULKESINDEKI_YOKSULLARA_UMUT_OLUYOR-800x800.jpg 800w\" sizes=\"(max-width: 150px) 100vw, 150px\" \/><\/a>\n\t\t\t<\/dt><\/dl><br style=\"clear: both\" \/>\n\t\t<\/div>\n\n<p>&nbsp;<\/p>\n","protected":false},"excerpt":{"rendered":"<p>T\u00fcrkiye Diyanet Vakf\u0131n\u0131n (TDV) sa\u011flad\u0131\u011f\u0131 bursla \u00fcniversite e\u011fitimini T\u00fcrkiye&#8217;de tamamlayan Malili Abd\u00fclkadir Karabinta, \u00fclkesine d\u00f6nmesinin ard\u0131ndan fahri olarak y\u00fcr\u00fctt\u00fc\u011f\u00fc temsilcilik g\u00f6reviyle \u00fclkesindeki yoksullara ve e\u011fitim almak isteyen gen\u00e7lere yard\u0131mc\u0131 oluyor&#8230;.<\/p>\n","protected":false},"author":7,"featured_media":20433,"comment_status":"open","ping_status":"closed","sticky":false,"template":"","format":"standard","meta":{"footnotes":""},"categories":[1],"tags":[900,613,1237,107,478],"class_list":{"0":"post-20430","1":"post","2":"type-post","3":"status-publish","4":"format-standard","5":"has-post-thumbnail","7":"category-haberler","8":"tag-destek","9":"tag-gida-kolisi","10":"tag-mali","11":"tag-ramazan","12":"tag-yardim"},"yoast_head":"<!-- This site is optimized with the Yoast SEO plugin v27.5 - https:\/\/yoast.com\/product\/yoast-seo-wordpress\/ -->\n<title>\u00dcniversiteyi T\u00fcrkiye&#039;de okuyan Malili gen\u00e7, \u00fclkesindeki yoksullara umut oluyor<\/title>\n<meta name=\"description\" content=\"T\u00fcrkiye Diyanet Vakf\u0131n\u0131n (TDV) sa\u011flad\u0131\u011f\u0131 bursla \u00fcniversite e\u011fitimini T\u00fcrkiye&#039;de tamamlayan Malili Abd\u00fclkadir Karabinta, \u00fclkesine d\u00f6nmesinin ard\u0131ndan fahri olarak y\u00fcr\u00fctt\u00fc\u011f\u00fc temsilcilik g\u00f6reviyle \u00fclkesindeki yoksullara ve e\u011fitim almak isteyen gen\u00e7lere yard\u0131mc\u0131 oluyor.\" \/>\n<meta name=\"robots\" content=\"index, follow, max-snippet:-1, max-image-preview:large, max-video-preview:-1\" \/>\n<link rel=\"canonical\" href=\"https:\/\/tdv.org\/tr-TR\/universiteyi-turkiyede-okuyan-malili-genc-ulkesindeki-yoksullara-umut-oluyor\/\" \/>\n<meta property=\"og:locale\" content=\"tr_TR\" \/>\n<meta property=\"og:type\" content=\"article\" \/>\n<meta property=\"og:title\" content=\"\u00dcniversiteyi T\u00fcrkiye&#039;de okuyan Malili gen\u00e7, \u00fclkesindeki yoksullara umut oluyor\" \/>\n<meta property=\"og:description\" content=\"T\u00fcrkiye Diyanet Vakf\u0131n\u0131n (TDV) sa\u011flad\u0131\u011f\u0131 bursla \u00fcniversite e\u011fitimini T\u00fcrkiye&#039;de tamamlayan Malili Abd\u00fclkadir Karabinta, \u00fclkesine d\u00f6nmesinin ard\u0131ndan fahri olarak y\u00fcr\u00fctt\u00fc\u011f\u00fc temsilcilik g\u00f6reviyle \u00fclkesindeki yoksullara ve e\u011fitim almak isteyen gen\u00e7lere yard\u0131mc\u0131 oluyor.\" \/>\n<meta property=\"og:url\" content=\"https:\/\/tdv.org\/tr-TR\/universiteyi-turkiyede-okuyan-malili-genc-ulkesindeki-yoksullara-umut-oluyor\/\" \/>\n<meta property=\"og:site_name\" content=\"T\u00fcrkiye Diyanet Vakf\u0131 Resmi Web Sitesi\" \/>\n<meta property=\"article:publisher\" content=\"https:\/\/www.facebook.com\/Diyanetvakfi\/\" \/>\n<meta property=\"article:published_time\" content=\"2022-04-11T06:40:21+00:00\" \/>\n<meta property=\"article:modified_time\" content=\"2022-12-08T08:27:41+00:00\" \/>\n<meta property=\"og:image\" content=\"https:\/\/tdv.org\/tr-TR\/wp-content\/uploads\/2022\/04\/AA-20220410-27522386-27522376-UNIVERSITEYI_TURKIYEDE_OKUYAN_MALILI_GENC_ULKESINDEKI_YOKSULLARA_UMUT_OLUYOR.jpg\" \/>\n\t<meta property=\"og:image:width\" content=\"1024\" \/>\n\t<meta property=\"og:image:height\" content=\"768\" \/>\n\t<meta property=\"og:image:type\" content=\"image\/jpeg\" \/>\n<meta name=\"author\" content=\"U\u011fur\" \/>\n<meta name=\"twitter:card\" content=\"summary_large_image\" \/>\n<meta name=\"twitter:creator\" content=\"@DiyanetVakfi\" \/>\n<meta name=\"twitter:site\" content=\"@DiyanetVakfi\" \/>\n<script type=\"application\/ld+json\" class=\"yoast-schema-graph\">{\"@context\":\"https:\\\/\\\/schema.org\",\"@graph\":[{\"@type\":\"Article\",\"@id\":\"https:\\\/\\\/tdv.org\\\/tr-TR\\\/universiteyi-turkiyede-okuyan-malili-genc-ulkesindeki-yoksullara-umut-oluyor\\\/#article\",\"isPartOf\":{\"@id\":\"https:\\\/\\\/tdv.org\\\/tr-TR\\\/universiteyi-turkiyede-okuyan-malili-genc-ulkesindeki-yoksullara-umut-oluyor\\\/\"},\"author\":{\"name\":\"U\u011fur\",\"@id\":\"https:\\\/\\\/tdv.org\\\/tr-TR\\\/#\\\/schema\\\/person\\\/8dcf742852c4614c6fdadb92da159c05\"},\"headline\":\"\u00dcniversiteyi T\u00fcrkiye&#8217;de okuyan Malili gen\u00e7, \u00fclkesindeki yoksullara umut oluyor\",\"datePublished\":\"2022-04-11T06:40:21+00:00\",\"dateModified\":\"2022-12-08T08:27:41+00:00\",\"mainEntityOfPage\":{\"@id\":\"https:\\\/\\\/tdv.org\\\/tr-TR\\\/universiteyi-turkiyede-okuyan-malili-genc-ulkesindeki-yoksullara-umut-oluyor\\\/\"},\"wordCount\":581,\"commentCount\":0,\"publisher\":{\"@id\":\"https:\\\/\\\/tdv.org\\\/tr-TR\\\/#organization\"},\"image\":{\"@id\":\"https:\\\/\\\/tdv.org\\\/tr-TR\\\/universiteyi-turkiyede-okuyan-malili-genc-ulkesindeki-yoksullara-umut-oluyor\\\/#primaryimage\"},\"thumbnailUrl\":\"https:\\\/\\\/tdv.org\\\/tr-TR\\\/wp-content\\\/uploads\\\/2022\\\/04\\\/AA-20220410-27522386-27522376-UNIVERSITEYI_TURKIYEDE_OKUYAN_MALILI_GENC_ULKESINDEKI_YOKSULLARA_UMUT_OLUYOR.jpg\",\"keywords\":[\"destek\",\"g\u0131da kolisi\",\"mali\",\"ramazan\",\"yard\u0131m\"],\"articleSection\":[\"Haberler\"],\"inLanguage\":\"tr\",\"potentialAction\":[{\"@type\":\"CommentAction\",\"name\":\"Comment\",\"target\":[\"https:\\\/\\\/tdv.org\\\/tr-TR\\\/universiteyi-turkiyede-okuyan-malili-genc-ulkesindeki-yoksullara-umut-oluyor\\\/#respond\"]}]},{\"@type\":\"WebPage\",\"@id\":\"https:\\\/\\\/tdv.org\\\/tr-TR\\\/universiteyi-turkiyede-okuyan-malili-genc-ulkesindeki-yoksullara-umut-oluyor\\\/\",\"url\":\"https:\\\/\\\/tdv.org\\\/tr-TR\\\/universiteyi-turkiyede-okuyan-malili-genc-ulkesindeki-yoksullara-umut-oluyor\\\/\",\"name\":\"\u00dcniversiteyi T\u00fcrkiye'de okuyan Malili gen\u00e7, \u00fclkesindeki yoksullara umut oluyor\",\"isPartOf\":{\"@id\":\"https:\\\/\\\/tdv.org\\\/tr-TR\\\/#website\"},\"primaryImageOfPage\":{\"@id\":\"https:\\\/\\\/tdv.org\\\/tr-TR\\\/universiteyi-turkiyede-okuyan-malili-genc-ulkesindeki-yoksullara-umut-oluyor\\\/#primaryimage\"},\"image\":{\"@id\":\"https:\\\/\\\/tdv.org\\\/tr-TR\\\/universiteyi-turkiyede-okuyan-malili-genc-ulkesindeki-yoksullara-umut-oluyor\\\/#primaryimage\"},\"thumbnailUrl\":\"https:\\\/\\\/tdv.org\\\/tr-TR\\\/wp-content\\\/uploads\\\/2022\\\/04\\\/AA-20220410-27522386-27522376-UNIVERSITEYI_TURKIYEDE_OKUYAN_MALILI_GENC_ULKESINDEKI_YOKSULLARA_UMUT_OLUYOR.jpg\",\"datePublished\":\"2022-04-11T06:40:21+00:00\",\"dateModified\":\"2022-12-08T08:27:41+00:00\",\"description\":\"T\u00fcrkiye Diyanet Vakf\u0131n\u0131n (TDV) sa\u011flad\u0131\u011f\u0131 bursla \u00fcniversite e\u011fitimini T\u00fcrkiye'de tamamlayan Malili Abd\u00fclkadir Karabinta, \u00fclkesine d\u00f6nmesinin ard\u0131ndan fahri olarak y\u00fcr\u00fctt\u00fc\u011f\u00fc temsilcilik g\u00f6reviyle \u00fclkesindeki yoksullara ve e\u011fitim almak isteyen gen\u00e7lere yard\u0131mc\u0131 oluyor.\",\"breadcrumb\":{\"@id\":\"https:\\\/\\\/tdv.org\\\/tr-TR\\\/universiteyi-turkiyede-okuyan-malili-genc-ulkesindeki-yoksullara-umut-oluyor\\\/#breadcrumb\"},\"inLanguage\":\"tr\",\"potentialAction\":[{\"@type\":\"ReadAction\",\"target\":[\"https:\\\/\\\/tdv.org\\\/tr-TR\\\/universiteyi-turkiyede-okuyan-malili-genc-ulkesindeki-yoksullara-umut-oluyor\\\/\"]}]},{\"@type\":\"ImageObject\",\"inLanguage\":\"tr\",\"@id\":\"https:\\\/\\\/tdv.org\\\/tr-TR\\\/universiteyi-turkiyede-okuyan-malili-genc-ulkesindeki-yoksullara-umut-oluyor\\\/#primaryimage\",\"url\":\"https:\\\/\\\/tdv.org\\\/tr-TR\\\/wp-content\\\/uploads\\\/2022\\\/04\\\/AA-20220410-27522386-27522376-UNIVERSITEYI_TURKIYEDE_OKUYAN_MALILI_GENC_ULKESINDEKI_YOKSULLARA_UMUT_OLUYOR.jpg\",\"contentUrl\":\"https:\\\/\\\/tdv.org\\\/tr-TR\\\/wp-content\\\/uploads\\\/2022\\\/04\\\/AA-20220410-27522386-27522376-UNIVERSITEYI_TURKIYEDE_OKUYAN_MALILI_GENC_ULKESINDEKI_YOKSULLARA_UMUT_OLUYOR.jpg\",\"width\":1024,\"height\":768},{\"@type\":\"BreadcrumbList\",\"@id\":\"https:\\\/\\\/tdv.org\\\/tr-TR\\\/universiteyi-turkiyede-okuyan-malili-genc-ulkesindeki-yoksullara-umut-oluyor\\\/#breadcrumb\",\"itemListElement\":[{\"@type\":\"ListItem\",\"position\":1,\"name\":\"Anasayfa\",\"item\":\"https:\\\/\\\/tdv.org\\\/tr-TR\\\/\"},{\"@type\":\"ListItem\",\"position\":2,\"name\":\"\u00dcniversiteyi T\u00fcrkiye&#8217;de okuyan Malili gen\u00e7, \u00fclkesindeki yoksullara umut oluyor\"}]},{\"@type\":\"WebSite\",\"@id\":\"https:\\\/\\\/tdv.org\\\/tr-TR\\\/#website\",\"url\":\"https:\\\/\\\/tdv.org\\\/tr-TR\\\/\",\"name\":\"T\u00fcrkiye Diyanet Vakf\u0131 Resmi Web Sitesi\",\"description\":\"Yery\u00fcz\u00fcnde iyilik egemen oluncaya kadar\",\"publisher\":{\"@id\":\"https:\\\/\\\/tdv.org\\\/tr-TR\\\/#organization\"},\"alternateName\":\"T\u00fcrkiye Diyanet Vakf\u0131\",\"potentialAction\":[{\"@type\":\"SearchAction\",\"target\":{\"@type\":\"EntryPoint\",\"urlTemplate\":\"https:\\\/\\\/tdv.org\\\/tr-TR\\\/?s={search_term_string}\"},\"query-input\":{\"@type\":\"PropertyValueSpecification\",\"valueRequired\":true,\"valueName\":\"search_term_string\"}}],\"inLanguage\":\"tr\"},{\"@type\":\"Organization\",\"@id\":\"https:\\\/\\\/tdv.org\\\/tr-TR\\\/#organization\",\"name\":\"T\u00fcrkiye Diyanet Vakf\u0131\",\"alternateName\":\"T\u00fcrkiye Diyanet Vakf\u0131\",\"url\":\"https:\\\/\\\/tdv.org\\\/tr-TR\\\/\",\"logo\":{\"@type\":\"ImageObject\",\"inLanguage\":\"tr\",\"@id\":\"https:\\\/\\\/tdv.org\\\/tr-TR\\\/#\\\/schema\\\/logo\\\/image\\\/\",\"url\":\"https:\\\/\\\/tdv.org\\\/tr-TR\\\/wp-content\\\/uploads\\\/2018\\\/12\\\/TDV_Logo_1.png\",\"contentUrl\":\"https:\\\/\\\/tdv.org\\\/tr-TR\\\/wp-content\\\/uploads\\\/2018\\\/12\\\/TDV_Logo_1.png\",\"width\":207,\"height\":71,\"caption\":\"T\u00fcrkiye Diyanet Vakf\u0131\"},\"image\":{\"@id\":\"https:\\\/\\\/tdv.org\\\/tr-TR\\\/#\\\/schema\\\/logo\\\/image\\\/\"},\"sameAs\":[\"https:\\\/\\\/www.facebook.com\\\/Diyanetvakfi\\\/\",\"https:\\\/\\\/x.com\\\/DiyanetVakfi\",\"https:\\\/\\\/www.instagram.com\\\/turkiyediyanetvakfi\\\/\",\"https:\\\/\\\/www.youtube.com\\\/user\\\/TurkiyeDiyanetVakfi\"]},{\"@type\":\"Person\",\"@id\":\"https:\\\/\\\/tdv.org\\\/tr-TR\\\/#\\\/schema\\\/person\\\/8dcf742852c4614c6fdadb92da159c05\",\"name\":\"U\u011fur\",\"image\":{\"@type\":\"ImageObject\",\"inLanguage\":\"tr\",\"@id\":\"https:\\\/\\\/tdv.org\\\/tr-TR\\\/wp-content\\\/litespeed\\\/avatar\\\/b970c0eba1124f8268544e2640bfa964.jpg?ver=1777289940\",\"url\":\"https:\\\/\\\/tdv.org\\\/tr-TR\\\/wp-content\\\/litespeed\\\/avatar\\\/b970c0eba1124f8268544e2640bfa964.jpg?ver=1777289940\",\"contentUrl\":\"https:\\\/\\\/tdv.org\\\/tr-TR\\\/wp-content\\\/litespeed\\\/avatar\\\/b970c0eba1124f8268544e2640bfa964.jpg?ver=1777289940\",\"caption\":\"U\u011fur\"}}]}<\/script>\n<!-- \/ Yoast SEO plugin. -->","yoast_head_json":{"title":"\u00dcniversiteyi T\u00fcrkiye'de okuyan Malili gen\u00e7, \u00fclkesindeki yoksullara umut oluyor","description":"T\u00fcrkiye Diyanet Vakf\u0131n\u0131n (TDV) sa\u011flad\u0131\u011f\u0131 bursla \u00fcniversite e\u011fitimini T\u00fcrkiye'de tamamlayan Malili Abd\u00fclkadir Karabinta, \u00fclkesine d\u00f6nmesinin ard\u0131ndan fahri olarak y\u00fcr\u00fctt\u00fc\u011f\u00fc temsilcilik g\u00f6reviyle \u00fclkesindeki yoksullara ve e\u011fitim almak isteyen gen\u00e7lere yard\u0131mc\u0131 oluyor.","robots":{"index":"index","follow":"follow","max-snippet":"max-snippet:-1","max-image-preview":"max-image-preview:large","max-video-preview":"max-video-preview:-1"},"canonical":"https:\/\/tdv.org\/tr-TR\/universiteyi-turkiyede-okuyan-malili-genc-ulkesindeki-yoksullara-umut-oluyor\/","og_locale":"tr_TR","og_type":"article","og_title":"\u00dcniversiteyi T\u00fcrkiye'de okuyan Malili gen\u00e7, \u00fclkesindeki yoksullara umut oluyor","og_description":"T\u00fcrkiye Diyanet Vakf\u0131n\u0131n (TDV) sa\u011flad\u0131\u011f\u0131 bursla \u00fcniversite e\u011fitimini T\u00fcrkiye'de tamamlayan Malili Abd\u00fclkadir Karabinta, \u00fclkesine d\u00f6nmesinin ard\u0131ndan fahri olarak y\u00fcr\u00fctt\u00fc\u011f\u00fc temsilcilik g\u00f6reviyle \u00fclkesindeki yoksullara ve e\u011fitim almak isteyen gen\u00e7lere yard\u0131mc\u0131 oluyor.","og_url":"https:\/\/tdv.org\/tr-TR\/universiteyi-turkiyede-okuyan-malili-genc-ulkesindeki-yoksullara-umut-oluyor\/","og_site_name":"T\u00fcrkiye Diyanet Vakf\u0131 Resmi Web Sitesi","article_publisher":"https:\/\/www.facebook.com\/Diyanetvakfi\/","article_published_time":"2022-04-11T06:40:21+00:00","article_modified_time":"2022-12-08T08:27:41+00:00","og_image":[{"width":1024,"height":768,"url":"https:\/\/tdv.org\/tr-TR\/wp-content\/uploads\/2022\/04\/AA-20220410-27522386-27522376-UNIVERSITEYI_TURKIYEDE_OKUYAN_MALILI_GENC_ULKESINDEKI_YOKSULLARA_UMUT_OLUYOR.jpg","type":"image\/jpeg"}],"author":"U\u011fur","twitter_card":"summary_large_image","twitter_creator":"@DiyanetVakfi","twitter_site":"@DiyanetVakfi","schema":{"@context":"https:\/\/schema.org","@graph":[{"@type":"Article","@id":"https:\/\/tdv.org\/tr-TR\/universiteyi-turkiyede-okuyan-malili-genc-ulkesindeki-yoksullara-umut-oluyor\/#article","isPartOf":{"@id":"https:\/\/tdv.org\/tr-TR\/universiteyi-turkiyede-okuyan-malili-genc-ulkesindeki-yoksullara-umut-oluyor\/"},"author":{"name":"U\u011fur","@id":"https:\/\/tdv.org\/tr-TR\/#\/schema\/person\/8dcf742852c4614c6fdadb92da159c05"},"headline":"\u00dcniversiteyi T\u00fcrkiye&#8217;de okuyan Malili gen\u00e7, \u00fclkesindeki yoksullara umut oluyor","datePublished":"2022-04-11T06:40:21+00:00","dateModified":"2022-12-08T08:27:41+00:00","mainEntityOfPage":{"@id":"https:\/\/tdv.org\/tr-TR\/universiteyi-turkiyede-okuyan-malili-genc-ulkesindeki-yoksullara-umut-oluyor\/"},"wordCount":581,"commentCount":0,"publisher":{"@id":"https:\/\/tdv.org\/tr-TR\/#organization"},"image":{"@id":"https:\/\/tdv.org\/tr-TR\/universiteyi-turkiyede-okuyan-malili-genc-ulkesindeki-yoksullara-umut-oluyor\/#primaryimage"},"thumbnailUrl":"https:\/\/tdv.org\/tr-TR\/wp-content\/uploads\/2022\/04\/AA-20220410-27522386-27522376-UNIVERSITEYI_TURKIYEDE_OKUYAN_MALILI_GENC_ULKESINDEKI_YOKSULLARA_UMUT_OLUYOR.jpg","keywords":["destek","g\u0131da kolisi","mali","ramazan","yard\u0131m"],"articleSection":["Haberler"],"inLanguage":"tr","potentialAction":[{"@type":"CommentAction","name":"Comment","target":["https:\/\/tdv.org\/tr-TR\/universiteyi-turkiyede-okuyan-malili-genc-ulkesindeki-yoksullara-umut-oluyor\/#respond"]}]},{"@type":"WebPage","@id":"https:\/\/tdv.org\/tr-TR\/universiteyi-turkiyede-okuyan-malili-genc-ulkesindeki-yoksullara-umut-oluyor\/","url":"https:\/\/tdv.org\/tr-TR\/universiteyi-turkiyede-okuyan-malili-genc-ulkesindeki-yoksullara-umut-oluyor\/","name":"\u00dcniversiteyi T\u00fcrkiye'de okuyan Malili gen\u00e7, \u00fclkesindeki yoksullara umut oluyor","isPartOf":{"@id":"https:\/\/tdv.org\/tr-TR\/#website"},"primaryImageOfPage":{"@id":"https:\/\/tdv.org\/tr-TR\/universiteyi-turkiyede-okuyan-malili-genc-ulkesindeki-yoksullara-umut-oluyor\/#primaryimage"},"image":{"@id":"https:\/\/tdv.org\/tr-TR\/universiteyi-turkiyede-okuyan-malili-genc-ulkesindeki-yoksullara-umut-oluyor\/#primaryimage"},"thumbnailUrl":"https:\/\/tdv.org\/tr-TR\/wp-content\/uploads\/2022\/04\/AA-20220410-27522386-27522376-UNIVERSITEYI_TURKIYEDE_OKUYAN_MALILI_GENC_ULKESINDEKI_YOKSULLARA_UMUT_OLUYOR.jpg","datePublished":"2022-04-11T06:40:21+00:00","dateModified":"2022-12-08T08:27:41+00:00","description":"T\u00fcrkiye Diyanet Vakf\u0131n\u0131n (TDV) sa\u011flad\u0131\u011f\u0131 bursla \u00fcniversite e\u011fitimini T\u00fcrkiye'de tamamlayan Malili Abd\u00fclkadir Karabinta, \u00fclkesine d\u00f6nmesinin ard\u0131ndan fahri olarak y\u00fcr\u00fctt\u00fc\u011f\u00fc temsilcilik g\u00f6reviyle \u00fclkesindeki yoksullara ve e\u011fitim almak isteyen gen\u00e7lere yard\u0131mc\u0131 oluyor.","breadcrumb":{"@id":"https:\/\/tdv.org\/tr-TR\/universiteyi-turkiyede-okuyan-malili-genc-ulkesindeki-yoksullara-umut-oluyor\/#breadcrumb"},"inLanguage":"tr","potentialAction":[{"@type":"ReadAction","target":["https:\/\/tdv.org\/tr-TR\/universiteyi-turkiyede-okuyan-malili-genc-ulkesindeki-yoksullara-umut-oluyor\/"]}]},{"@type":"ImageObject","inLanguage":"tr","@id":"https:\/\/tdv.org\/tr-TR\/universiteyi-turkiyede-okuyan-malili-genc-ulkesindeki-yoksullara-umut-oluyor\/#primaryimage","url":"https:\/\/tdv.org\/tr-TR\/wp-content\/uploads\/2022\/04\/AA-20220410-27522386-27522376-UNIVERSITEYI_TURKIYEDE_OKUYAN_MALILI_GENC_ULKESINDEKI_YOKSULLARA_UMUT_OLUYOR.jpg","contentUrl":"https:\/\/tdv.org\/tr-TR\/wp-content\/uploads\/2022\/04\/AA-20220410-27522386-27522376-UNIVERSITEYI_TURKIYEDE_OKUYAN_MALILI_GENC_ULKESINDEKI_YOKSULLARA_UMUT_OLUYOR.jpg","width":1024,"height":768},{"@type":"BreadcrumbList","@id":"https:\/\/tdv.org\/tr-TR\/universiteyi-turkiyede-okuyan-malili-genc-ulkesindeki-yoksullara-umut-oluyor\/#breadcrumb","itemListElement":[{"@type":"ListItem","position":1,"name":"Anasayfa","item":"https:\/\/tdv.org\/tr-TR\/"},{"@type":"ListItem","position":2,"name":"\u00dcniversiteyi T\u00fcrkiye&#8217;de okuyan Malili gen\u00e7, \u00fclkesindeki yoksullara umut oluyor"}]},{"@type":"WebSite","@id":"https:\/\/tdv.org\/tr-TR\/#website","url":"https:\/\/tdv.org\/tr-TR\/","name":"T\u00fcrkiye Diyanet Vakf\u0131 Resmi Web Sitesi","description":"Yery\u00fcz\u00fcnde iyilik egemen oluncaya kadar","publisher":{"@id":"https:\/\/tdv.org\/tr-TR\/#organization"},"alternateName":"T\u00fcrkiye Diyanet Vakf\u0131","potentialAction":[{"@type":"SearchAction","target":{"@type":"EntryPoint","urlTemplate":"https:\/\/tdv.org\/tr-TR\/?s={search_term_string}"},"query-input":{"@type":"PropertyValueSpecification","valueRequired":true,"valueName":"search_term_string"}}],"inLanguage":"tr"},{"@type":"Organization","@id":"https:\/\/tdv.org\/tr-TR\/#organization","name":"T\u00fcrkiye Diyanet Vakf\u0131","alternateName":"T\u00fcrkiye Diyanet Vakf\u0131","url":"https:\/\/tdv.org\/tr-TR\/","logo":{"@type":"ImageObject","inLanguage":"tr","@id":"https:\/\/tdv.org\/tr-TR\/#\/schema\/logo\/image\/","url":"https:\/\/tdv.org\/tr-TR\/wp-content\/uploads\/2018\/12\/TDV_Logo_1.png","contentUrl":"https:\/\/tdv.org\/tr-TR\/wp-content\/uploads\/2018\/12\/TDV_Logo_1.png","width":207,"height":71,"caption":"T\u00fcrkiye Diyanet Vakf\u0131"},"image":{"@id":"https:\/\/tdv.org\/tr-TR\/#\/schema\/logo\/image\/"},"sameAs":["https:\/\/www.facebook.com\/Diyanetvakfi\/","https:\/\/x.com\/DiyanetVakfi","https:\/\/www.instagram.com\/turkiyediyanetvakfi\/","https:\/\/www.youtube.com\/user\/TurkiyeDiyanetVakfi"]},{"@type":"Person","@id":"https:\/\/tdv.org\/tr-TR\/#\/schema\/person\/8dcf742852c4614c6fdadb92da159c05","name":"U\u011fur","image":{"@type":"ImageObject","inLanguage":"tr","@id":"https:\/\/tdv.org\/tr-TR\/wp-content\/litespeed\/avatar\/b970c0eba1124f8268544e2640bfa964.jpg?ver=1777289940","url":"https:\/\/tdv.org\/tr-TR\/wp-content\/litespeed\/avatar\/b970c0eba1124f8268544e2640bfa964.jpg?ver=1777289940","contentUrl":"https:\/\/tdv.org\/tr-TR\/wp-content\/litespeed\/avatar\/b970c0eba1124f8268544e2640bfa964.jpg?ver=1777289940","caption":"U\u011fur"}}]}},"_links":{"self":[{"href":"https:\/\/tdv.org\/tr-TR\/wp-json\/wp\/v2\/posts\/20430","targetHints":{"allow":["GET"]}}],"collection":[{"href":"https:\/\/tdv.org\/tr-TR\/wp-json\/wp\/v2\/posts"}],"about":[{"href":"https:\/\/tdv.org\/tr-TR\/wp-json\/wp\/v2\/types\/post"}],"author":[{"embeddable":true,"href":"https:\/\/tdv.org\/tr-TR\/wp-json\/wp\/v2\/users\/7"}],"replies":[{"embeddable":true,"href":"https:\/\/tdv.org\/tr-TR\/wp-json\/wp\/v2\/comments?post=20430"}],"version-history":[{"count":3,"href":"https:\/\/tdv.org\/tr-TR\/wp-json\/wp\/v2\/posts\/20430\/revisions"}],"predecessor-version":[{"id":20560,"href":"https:\/\/tdv.org\/tr-TR\/wp-json\/wp\/v2\/posts\/20430\/revisions\/20560"}],"wp:featuredmedia":[{"embeddable":true,"href":"https:\/\/tdv.org\/tr-TR\/wp-json\/wp\/v2\/media\/20433"}],"wp:attachment":[{"href":"https:\/\/tdv.org\/tr-TR\/wp-json\/wp\/v2\/media?parent=20430"}],"wp:term":[{"taxonomy":"category","embeddable":true,"href":"https:\/\/tdv.org\/tr-TR\/wp-json\/wp\/v2\/categories?post=20430"},{"taxonomy":"post_tag","embeddable":true,"href":"https:\/\/tdv.org\/tr-TR\/wp-json\/wp\/v2\/tags?post=20430"}],"curies":[{"name":"wp","href":"https:\/\/api.w.org\/{rel}","templated":true}]}}