{"id":21559,"date":"2022-04-18T18:00:41","date_gmt":"2022-04-18T15:00:41","guid":{"rendered":"https:\/\/tdv.org\/tr-TR\/?p=21559"},"modified":"2022-12-08T11:14:47","modified_gmt":"2022-12-08T08:14:47","slug":"diyanet-isleri-baskani-erbas-uluslararasi-cizgilerle-ramazan-sergisini-acti","status":"publish","type":"post","link":"https:\/\/tdv.org\/tr-TR\/diyanet-isleri-baskani-erbas-uluslararasi-cizgilerle-ramazan-sergisini-acti\/","title":{"rendered":"Diyanet \u0130\u015fleri Ba\u015fkan\u0131 Erba\u015f, &#8220;Uluslararas\u0131 \u00c7izgilerle Ramazan&#8221; sergisini a\u00e7t\u0131"},"content":{"rendered":"<p style=\"text-align: justify;\">Diyanet \u0130\u015fleri Ba\u015fkan\u0131 Prof. Dr. Ali Erba\u015f, Diyanet \u0130\u015fleri Ba\u015fkanl\u0131\u011f\u0131, T\u00fcrkiye Diyanet Vakf\u0131 ve D\u00fcnya \u00c7izerler Birli\u011fi\u2019nin birlikte \u0130stanbul\u2019da d\u00fczenledi\u011fi, &#8220;Uluslararas\u0131 \u00c7izgilerle Ramazan&#8221; sergisini a\u00e7t\u0131.<\/p>\n<p style=\"text-align: justify;\">Atat\u00fcrk K\u00fclt\u00fcr Merkezi Fuaye Salonu\u2019nda sanatseverlerin be\u011fenisine sunulan serginin a\u00e7\u0131l\u0131\u015f\u0131nda konu\u015fan Diyanet \u0130\u015fleri Ba\u015fkan\u0131 Erba\u015f, sanat eserinin insan\u0131n kalbinin derinliklerindeki duygunun ifadesi oldu\u011funu ifade ederek, \u201cBizim medeniyetimizde sanat, insan ile b\u00fct\u00fcnle\u015fen de\u011ferlerdir; iyiliktir, sanat sevgidir, \u00e7evreye duyulan sayg\u0131d\u0131r, do\u011fruluktur; c\u00f6mertliktir. \u0130nsan\u0131 ve hayat\u0131 g\u00fczelle\u015ftiren ahl\u00e2k\u00ee erdemlerdir.\u201d dedi.<\/p>\n<p style=\"text-align: justify;\">Ba\u015fkan Erba\u015f, ahlaki de\u011ferlerin m\u00fcmin i\u00e7in hayat\u0131n her an\u0131n\u0131n Allah\u2019a ba\u011fl\u0131l\u0131k bilinci i\u00e7inde ge\u00e7mesi, bu ba\u011fl\u0131l\u0131\u011f\u0131n davran\u0131\u015flar\u0131na aksetmesi demek oldu\u011funu belirterek \u201cBu sebeple zaten her m\u00fcmin g\u00fczel ahl\u00e2kl\u0131 olmak mecburiyetindedir. Dinimiz bizlerden g\u00fczel davran\u0131\u015flarda bulunmam\u0131z\u0131, ahl\u00e2k\u0131m\u0131z\u0131 g\u00fczelle\u015ftirmemizi istemektedir. Bizim medeniyetimiz sevgi, merhamet \u015fefkat ve iyilik gibi insan\u0131 de\u011ferli k\u0131lan vas\u0131flar \u00fczerine kurulmu\u015ftur. Allah\u2019\u0131n m\u00fckerrem bir varl\u0131k olarak yaratt\u0131\u011f\u0131 insan, \u00e2lemin \u00f6z\u00fcd\u00fcr, yarat\u0131lm\u0131\u015flar\u0131n g\u00f6zbebe\u011fidir.\u201d diye konu\u015ftu.<\/p>\n<p style=\"text-align: justify;\">Medeniyetlerin, toplumlar\u0131n d\u00fcnden bug\u00fcne, bug\u00fcnden yar\u0131na maddi- manevi aktard\u0131klar\u0131 de\u011ferler ile olu\u015ftu\u011funu dile getiren Ba\u015fkan Erba\u015f, \u201cYard\u0131mla\u015fma, dayan\u0131\u015fma, payla\u015fma gibi iyili\u011fi ortaya koyan erdemli davran\u0131\u015flar da M\u00fcsl\u00fcman ahl\u00e2k\u0131n\u0131n ve hayat\u0131n\u0131n ayr\u0131lmaz par\u00e7as\u0131d\u0131r. \u0130slam medeniyeti i\u015fte bu de\u011ferler ile insanl\u0131\u011fa her zaman \u00f6rnek olmu\u015ftur.\u201d ifadelerini kulland\u0131.<\/p>\n<p style=\"text-align: justify;\"><strong>\u201cVakf\u0131m\u0131z\u0131n gayreti, \u0130slam\u2019\u0131n iyilik anlay\u0131\u015f\u0131n\u0131 b\u00fct\u00fcn y\u00fcreklere yerle\u015ftirmektir\u201d<\/strong><\/p>\n<p style=\"text-align: justify;\">Kur\u2019an-\u0131 Kerim\u2019de, \u201cKim zerre kadar bir iyilik yaparsa mutlaka kar\u015f\u0131l\u0131\u011f\u0131n\u0131 g\u00f6recektir.\u201d buyuruldu\u011funu hat\u0131rlatan Ba\u015fkan Erba\u015f, \u015f\u00f6yle devam etti:<\/p>\n<p style=\"text-align: justify;\">\u201cY\u00fcce Rabbimiz, iyili\u011fin ger\u00e7ek m\u00fck\u00e2fat\u0131n\u0131n kendisi taraf\u0131ndan verilece\u011fini haber vermektedir. T\u00fcrkiye Diyanet Vakf\u0131 kuruldu\u011fu g\u00fcnden bu yana iki b\u00fcy\u00fck hedef do\u011frultusunda \u00e7al\u0131\u015fmaktad\u0131r. Birincisi; \u00dclkemizde ve d\u00fcnyan\u0131n her yerinde insanl\u0131\u011f\u0131n hizmetinde olmakt\u0131r. \u0130kincisi ise; yery\u00fcz\u00fcnde iyili\u011fin egemen oluncaya kadar \u00e7al\u0131\u015fmakt\u0131r. Vakf\u0131m\u0131z\u0131n gayreti, \u00f6ncelikle \u0130slam\u2019\u0131n iyilik anlay\u0131\u015f\u0131n\u0131, sevgi, bar\u0131\u015f, merhamet ve adalet y\u00fckl\u00fc mesajlar\u0131n\u0131 b\u00fct\u00fcn y\u00fcreklere yerle\u015ftirmektir. \u00c7a\u011f\u0131n, insan\u00ee de\u011ferleri alt \u00fcst eden f\u0131rt\u0131nalar\u0131 kar\u015f\u0131s\u0131nda iyili\u011fi sa\u011flam ve g\u00fc\u00e7l\u00fc tutmakt\u0131r. \u0130yili\u011fi insanl\u0131\u011f\u0131n s\u0131\u011f\u0131na\u011f\u0131 haline getirmektir.\u201d<\/p>\n<p style=\"text-align: justify;\">De\u011ferleri \u00e7izgilerle anlatan, iyili\u011fi \u00e7izgilere ta\u015f\u0131yan, \u201c\u00c7izgilerle Ramazan\u201d temal\u0131 serginin \u00e7ok anlaml\u0131 oldu\u011funa vurgu yaparak, \u201c\u00c7al\u0131\u015fman\u0131n uluslararas\u0131 d\u00fczeyde ger\u00e7ekle\u015ftirilmesi ise projeyi daha da k\u0131ymetli hale getirmektedir. Sergide yer alan eserler; Ramazan\u0131n \u0131\u015f\u0131\u011f\u0131 alt\u0131nda iyili\u011fi, yard\u0131mla\u015fmay\u0131, dayan\u0131\u015fmay\u0131 hayat\u0131n merkezinde g\u00f6ren bir anlay\u0131\u015f\u0131 ortaya koyan eserlerdir. \u00c7al\u0131\u015fman\u0131n hem \u00fclkemizde hem de d\u00fcnya genelinde \u00f6nemli bir fark\u0131ndal\u0131k olu\u015fturaca\u011f\u0131na inan\u0131yorum. Hayal g\u00fcc\u00fcn\u00fcn e\u015fli\u011finde, duygular\u0131n farkl\u0131 bir dille ifade edilmesi sonucu ortaya konulan bu de\u011ferli \u00e7al\u0131\u015fmalar\u0131n, insanl\u0131k olarak \u00fczerimize d\u00fc\u015fen sorumluluklar\u0131 hat\u0131rlamam\u0131za da b\u00fcy\u00fck katk\u0131 sa\u011flayaca\u011f\u0131n\u0131 d\u00fc\u015f\u00fcn\u00fcyorum.\u201d \u015feklinde konu\u015ftu.<\/p>\n<p style=\"text-align: justify;\"><strong>\u201c\u015eu fani d\u00fcnya hayat\u0131 m\u00fcmin i\u00e7in bir iyilik yoludur\u201d<\/strong><\/p>\n<p style=\"text-align: justify;\">B\u00f6yle kapsaml\u0131 bir \u00e7al\u0131\u015fmay\u0131 ortaya koyman\u0131n kolay olmad\u0131\u011f\u0131n\u0131 belirten Ba\u015fkan Erba\u015f, \u201cBu sebeple eme\u011fi ge\u00e7enleri tebrik ediyor, her bir eserin sahibine \u015f\u00fckranlar\u0131m\u0131 sunuyorum. \u015eu fani d\u00fcnya hayat\u0131 m\u00fcmin i\u00e7in bir iyilik yoludur, ahiret hayat\u0131 ise iyilik yolunu istikamet \u00fczere tamamlayanlar i\u00e7in ebedi m\u00fck\u00e2fat yurdudur. \u015e\u00fcphesiz ki iyilerin yard\u0131mc\u0131s\u0131 olan Allah, bu yolda r\u0131zas\u0131 i\u00e7in \u00e7al\u0131\u015fanlar\u0131 asla yaln\u0131z b\u0131rakmayacakt\u0131r.\u201d diye konu\u015ftu.<\/p>\n<p style=\"text-align: justify;\">Uluslararas\u0131 117 sanat\u00e7\u0131n\u0131n 305 eserle katk\u0131 sa\u011flad\u0131\u011f\u0131 sergide, 40 sanat\u00e7\u0131n\u0131n se\u00e7kiye giren 50 eseri yer al\u0131yor. \u201cRamazan, Do\u011fruluk, Zekat\u201d temalar\u0131yla haz\u0131rlanan sergi, 5 May\u0131s\u2019a kadar ziyaret\u00e7ilerini a\u011f\u0131rlayacak.<\/p>\n<p style=\"text-align: justify;\">A\u00e7\u0131l\u0131\u015fa, K\u00fclt\u00fcr ve Turizm Bakan Yard\u0131mc\u0131s\u0131 Ahmet Misbah Demircan, \u0130stanbul \u0130l M\u00fcft\u00fcs\u00fc Prof. Dr. Safi Arpagu\u015f, T\u00fcrkiye Diyanet Vakf\u0131 M\u00fctevelli Heyeti 2. Ba\u015fkan\u0131 \u0130hsan A\u00e7\u0131k ve \u00e7ok say\u0131da davetli kat\u0131ld\u0131.<\/p>\n\n\t\t<style type=\"text\/css\">\n\t\t\t#gallery-1 {\n\t\t\t\tmargin: auto;\n\t\t\t}\n\t\t\t#gallery-1 .gallery-item {\n\t\t\t\tfloat: left;\n\t\t\t\tmargin-top: 10px;\n\t\t\t\ttext-align: center;\n\t\t\t\twidth: 33%;\n\t\t\t}\n\t\t\t#gallery-1 img {\n\t\t\t\tborder: 2px solid #cfcfcf;\n\t\t\t}\n\t\t\t#gallery-1 .gallery-caption {\n\t\t\t\tmargin-left: 0;\n\t\t\t}\n\t\t\t\/* see gallery_shortcode() in wp-includes\/media.php *\/\n\t\t<\/style>\n\t\t<div id='gallery-1' class='gallery galleryid-21559 gallery-columns-3 gallery-size-thumbnail'><dl class='gallery-item'>\n\t\t\t<dt class='gallery-icon landscape'>\n\t\t\t\t<a href='https:\/\/tdv.org\/tr-TR\/wp-content\/uploads\/2022\/04\/84a2f26b-2dbc-4f61-b109-a68cc357b32a_1_1200x800.jpg'><img decoding=\"async\" width=\"150\" height=\"150\" src=\"https:\/\/tdv.org\/tr-TR\/wp-content\/uploads\/2022\/04\/84a2f26b-2dbc-4f61-b109-a68cc357b32a_1_1200x800-150x150.jpg\" class=\"attachment-thumbnail size-thumbnail\" alt=\"\" srcset=\"https:\/\/tdv.org\/tr-TR\/wp-content\/uploads\/2022\/04\/84a2f26b-2dbc-4f61-b109-a68cc357b32a_1_1200x800-150x150.jpg 150w, https:\/\/tdv.org\/tr-TR\/wp-content\/uploads\/2022\/04\/84a2f26b-2dbc-4f61-b109-a68cc357b32a_1_1200x800-100x100.jpg 100w, https:\/\/tdv.org\/tr-TR\/wp-content\/uploads\/2022\/04\/84a2f26b-2dbc-4f61-b109-a68cc357b32a_1_1200x800-140x140.jpg 140w, https:\/\/tdv.org\/tr-TR\/wp-content\/uploads\/2022\/04\/84a2f26b-2dbc-4f61-b109-a68cc357b32a_1_1200x800-500x500.jpg 500w, https:\/\/tdv.org\/tr-TR\/wp-content\/uploads\/2022\/04\/84a2f26b-2dbc-4f61-b109-a68cc357b32a_1_1200x800-350x350.jpg 350w, https:\/\/tdv.org\/tr-TR\/wp-content\/uploads\/2022\/04\/84a2f26b-2dbc-4f61-b109-a68cc357b32a_1_1200x800-800x800.jpg 800w\" sizes=\"(max-width: 150px) 100vw, 150px\" \/><\/a>\n\t\t\t<\/dt><\/dl><dl class='gallery-item'>\n\t\t\t<dt class='gallery-icon landscape'>\n\t\t\t\t<a href='https:\/\/tdv.org\/tr-TR\/wp-content\/uploads\/2022\/04\/1-12-scaled.jpg'><img decoding=\"async\" width=\"150\" height=\"150\" src=\"https:\/\/tdv.org\/tr-TR\/wp-content\/uploads\/2022\/04\/1-12-150x150.jpg\" class=\"attachment-thumbnail size-thumbnail\" alt=\"\" srcset=\"https:\/\/tdv.org\/tr-TR\/wp-content\/uploads\/2022\/04\/1-12-150x150.jpg 150w, https:\/\/tdv.org\/tr-TR\/wp-content\/uploads\/2022\/04\/1-12-100x100.jpg 100w, https:\/\/tdv.org\/tr-TR\/wp-content\/uploads\/2022\/04\/1-12-140x140.jpg 140w, https:\/\/tdv.org\/tr-TR\/wp-content\/uploads\/2022\/04\/1-12-500x500.jpg 500w, https:\/\/tdv.org\/tr-TR\/wp-content\/uploads\/2022\/04\/1-12-350x350.jpg 350w, https:\/\/tdv.org\/tr-TR\/wp-content\/uploads\/2022\/04\/1-12-1000x1000.jpg 1000w, https:\/\/tdv.org\/tr-TR\/wp-content\/uploads\/2022\/04\/1-12-800x800.jpg 800w\" sizes=\"(max-width: 150px) 100vw, 150px\" \/><\/a>\n\t\t\t<\/dt><\/dl><dl class='gallery-item'>\n\t\t\t<dt class='gallery-icon landscape'>\n\t\t\t\t<a href='https:\/\/tdv.org\/tr-TR\/wp-content\/uploads\/2022\/04\/2-8-scaled.jpg'><img decoding=\"async\" width=\"150\" height=\"150\" src=\"https:\/\/tdv.org\/tr-TR\/wp-content\/uploads\/2022\/04\/2-8-150x150.jpg\" class=\"attachment-thumbnail size-thumbnail\" alt=\"\" srcset=\"https:\/\/tdv.org\/tr-TR\/wp-content\/uploads\/2022\/04\/2-8-150x150.jpg 150w, https:\/\/tdv.org\/tr-TR\/wp-content\/uploads\/2022\/04\/2-8-100x100.jpg 100w, https:\/\/tdv.org\/tr-TR\/wp-content\/uploads\/2022\/04\/2-8-140x140.jpg 140w, https:\/\/tdv.org\/tr-TR\/wp-content\/uploads\/2022\/04\/2-8-500x500.jpg 500w, https:\/\/tdv.org\/tr-TR\/wp-content\/uploads\/2022\/04\/2-8-350x350.jpg 350w, https:\/\/tdv.org\/tr-TR\/wp-content\/uploads\/2022\/04\/2-8-1000x1000.jpg 1000w, https:\/\/tdv.org\/tr-TR\/wp-content\/uploads\/2022\/04\/2-8-800x800.jpg 800w\" sizes=\"(max-width: 150px) 100vw, 150px\" \/><\/a>\n\t\t\t<\/dt><\/dl><br style=\"clear: both\" \/><dl class='gallery-item'>\n\t\t\t<dt class='gallery-icon landscape'>\n\t\t\t\t<a href='https:\/\/tdv.org\/tr-TR\/wp-content\/uploads\/2022\/04\/WhatsApp-Image-2022-04-18-at-17.07.44.jpeg'><img decoding=\"async\" width=\"150\" height=\"150\" src=\"https:\/\/tdv.org\/tr-TR\/wp-content\/uploads\/2022\/04\/WhatsApp-Image-2022-04-18-at-17.07.44-150x150.jpeg\" class=\"attachment-thumbnail size-thumbnail\" alt=\"\" srcset=\"https:\/\/tdv.org\/tr-TR\/wp-content\/uploads\/2022\/04\/WhatsApp-Image-2022-04-18-at-17.07.44-150x150.jpeg 150w, https:\/\/tdv.org\/tr-TR\/wp-content\/uploads\/2022\/04\/WhatsApp-Image-2022-04-18-at-17.07.44-100x100.jpeg 100w, https:\/\/tdv.org\/tr-TR\/wp-content\/uploads\/2022\/04\/WhatsApp-Image-2022-04-18-at-17.07.44-140x140.jpeg 140w, https:\/\/tdv.org\/tr-TR\/wp-content\/uploads\/2022\/04\/WhatsApp-Image-2022-04-18-at-17.07.44-500x500.jpeg 500w, https:\/\/tdv.org\/tr-TR\/wp-content\/uploads\/2022\/04\/WhatsApp-Image-2022-04-18-at-17.07.44-350x350.jpeg 350w, https:\/\/tdv.org\/tr-TR\/wp-content\/uploads\/2022\/04\/WhatsApp-Image-2022-04-18-at-17.07.44-1000x1000.jpeg 1000w, https:\/\/tdv.org\/tr-TR\/wp-content\/uploads\/2022\/04\/WhatsApp-Image-2022-04-18-at-17.07.44-800x800.jpeg 800w\" sizes=\"(max-width: 150px) 100vw, 150px\" \/><\/a>\n\t\t\t<\/dt><\/dl><dl class='gallery-item'>\n\t\t\t<dt class='gallery-icon landscape'>\n\t\t\t\t<a href='https:\/\/tdv.org\/tr-TR\/wp-content\/uploads\/2022\/04\/3-8-scaled.jpg'><img decoding=\"async\" width=\"150\" height=\"150\" src=\"https:\/\/tdv.org\/tr-TR\/wp-content\/uploads\/2022\/04\/3-8-150x150.jpg\" class=\"attachment-thumbnail size-thumbnail\" alt=\"\" srcset=\"https:\/\/tdv.org\/tr-TR\/wp-content\/uploads\/2022\/04\/3-8-150x150.jpg 150w, https:\/\/tdv.org\/tr-TR\/wp-content\/uploads\/2022\/04\/3-8-100x100.jpg 100w, https:\/\/tdv.org\/tr-TR\/wp-content\/uploads\/2022\/04\/3-8-140x140.jpg 140w, https:\/\/tdv.org\/tr-TR\/wp-content\/uploads\/2022\/04\/3-8-500x500.jpg 500w, https:\/\/tdv.org\/tr-TR\/wp-content\/uploads\/2022\/04\/3-8-350x350.jpg 350w, https:\/\/tdv.org\/tr-TR\/wp-content\/uploads\/2022\/04\/3-8-1000x1000.jpg 1000w, https:\/\/tdv.org\/tr-TR\/wp-content\/uploads\/2022\/04\/3-8-800x800.jpg 800w\" sizes=\"(max-width: 150px) 100vw, 150px\" \/><\/a>\n\t\t\t<\/dt><\/dl><dl class='gallery-item'>\n\t\t\t<dt class='gallery-icon landscape'>\n\t\t\t\t<a href='https:\/\/tdv.org\/tr-TR\/wp-content\/uploads\/2022\/04\/AA-20220418-27602097-27602091-ULUSLARARASI_CIZGILERLE_RAMAZAN_SERGISI_ZIYARETE_ACILDI-scaled.jpg'><img decoding=\"async\" width=\"150\" height=\"150\" src=\"https:\/\/tdv.org\/tr-TR\/wp-content\/uploads\/2022\/04\/AA-20220418-27602097-27602091-ULUSLARARASI_CIZGILERLE_RAMAZAN_SERGISI_ZIYARETE_ACILDI-150x150.jpg\" class=\"attachment-thumbnail size-thumbnail\" alt=\"\" srcset=\"https:\/\/tdv.org\/tr-TR\/wp-content\/uploads\/2022\/04\/AA-20220418-27602097-27602091-ULUSLARARASI_CIZGILERLE_RAMAZAN_SERGISI_ZIYARETE_ACILDI-150x150.jpg 150w, https:\/\/tdv.org\/tr-TR\/wp-content\/uploads\/2022\/04\/AA-20220418-27602097-27602091-ULUSLARARASI_CIZGILERLE_RAMAZAN_SERGISI_ZIYARETE_ACILDI-100x100.jpg 100w, https:\/\/tdv.org\/tr-TR\/wp-content\/uploads\/2022\/04\/AA-20220418-27602097-27602091-ULUSLARARASI_CIZGILERLE_RAMAZAN_SERGISI_ZIYARETE_ACILDI-140x140.jpg 140w, https:\/\/tdv.org\/tr-TR\/wp-content\/uploads\/2022\/04\/AA-20220418-27602097-27602091-ULUSLARARASI_CIZGILERLE_RAMAZAN_SERGISI_ZIYARETE_ACILDI-500x500.jpg 500w, https:\/\/tdv.org\/tr-TR\/wp-content\/uploads\/2022\/04\/AA-20220418-27602097-27602091-ULUSLARARASI_CIZGILERLE_RAMAZAN_SERGISI_ZIYARETE_ACILDI-350x350.jpg 350w, https:\/\/tdv.org\/tr-TR\/wp-content\/uploads\/2022\/04\/AA-20220418-27602097-27602091-ULUSLARARASI_CIZGILERLE_RAMAZAN_SERGISI_ZIYARETE_ACILDI-1000x1000.jpg 1000w, https:\/\/tdv.org\/tr-TR\/wp-content\/uploads\/2022\/04\/AA-20220418-27602097-27602091-ULUSLARARASI_CIZGILERLE_RAMAZAN_SERGISI_ZIYARETE_ACILDI-800x800.jpg 800w\" sizes=\"(max-width: 150px) 100vw, 150px\" \/><\/a>\n\t\t\t<\/dt><\/dl><br style=\"clear: both\" \/><dl class='gallery-item'>\n\t\t\t<dt class='gallery-icon landscape'>\n\t\t\t\t<a href='https:\/\/tdv.org\/tr-TR\/wp-content\/uploads\/2022\/04\/ef3088f6-2d1c-42a4-9c50-e11d9e8d09fe_1_1200x800.jpg'><img decoding=\"async\" width=\"150\" height=\"150\" src=\"https:\/\/tdv.org\/tr-TR\/wp-content\/uploads\/2022\/04\/ef3088f6-2d1c-42a4-9c50-e11d9e8d09fe_1_1200x800-150x150.jpg\" class=\"attachment-thumbnail size-thumbnail\" alt=\"\" srcset=\"https:\/\/tdv.org\/tr-TR\/wp-content\/uploads\/2022\/04\/ef3088f6-2d1c-42a4-9c50-e11d9e8d09fe_1_1200x800-150x150.jpg 150w, https:\/\/tdv.org\/tr-TR\/wp-content\/uploads\/2022\/04\/ef3088f6-2d1c-42a4-9c50-e11d9e8d09fe_1_1200x800-100x100.jpg 100w, https:\/\/tdv.org\/tr-TR\/wp-content\/uploads\/2022\/04\/ef3088f6-2d1c-42a4-9c50-e11d9e8d09fe_1_1200x800-140x140.jpg 140w, https:\/\/tdv.org\/tr-TR\/wp-content\/uploads\/2022\/04\/ef3088f6-2d1c-42a4-9c50-e11d9e8d09fe_1_1200x800-500x500.jpg 500w, https:\/\/tdv.org\/tr-TR\/wp-content\/uploads\/2022\/04\/ef3088f6-2d1c-42a4-9c50-e11d9e8d09fe_1_1200x800-350x350.jpg 350w, https:\/\/tdv.org\/tr-TR\/wp-content\/uploads\/2022\/04\/ef3088f6-2d1c-42a4-9c50-e11d9e8d09fe_1_1200x800-800x800.jpg 800w\" sizes=\"(max-width: 150px) 100vw, 150px\" \/><\/a>\n\t\t\t<\/dt><\/dl><dl class='gallery-item'>\n\t\t\t<dt class='gallery-icon landscape'>\n\t\t\t\t<a href='https:\/\/tdv.org\/tr-TR\/wp-content\/uploads\/2022\/04\/AA-20220418-27602097-27602092-ULUSLARARASI_CIZGILERLE_RAMAZAN_SERGISI_ZIYARETE_ACILDI-scaled.jpg'><img decoding=\"async\" width=\"150\" height=\"150\" src=\"https:\/\/tdv.org\/tr-TR\/wp-content\/uploads\/2022\/04\/AA-20220418-27602097-27602092-ULUSLARARASI_CIZGILERLE_RAMAZAN_SERGISI_ZIYARETE_ACILDI-150x150.jpg\" class=\"attachment-thumbnail size-thumbnail\" alt=\"\" srcset=\"https:\/\/tdv.org\/tr-TR\/wp-content\/uploads\/2022\/04\/AA-20220418-27602097-27602092-ULUSLARARASI_CIZGILERLE_RAMAZAN_SERGISI_ZIYARETE_ACILDI-150x150.jpg 150w, https:\/\/tdv.org\/tr-TR\/wp-content\/uploads\/2022\/04\/AA-20220418-27602097-27602092-ULUSLARARASI_CIZGILERLE_RAMAZAN_SERGISI_ZIYARETE_ACILDI-100x100.jpg 100w, https:\/\/tdv.org\/tr-TR\/wp-content\/uploads\/2022\/04\/AA-20220418-27602097-27602092-ULUSLARARASI_CIZGILERLE_RAMAZAN_SERGISI_ZIYARETE_ACILDI-140x140.jpg 140w, https:\/\/tdv.org\/tr-TR\/wp-content\/uploads\/2022\/04\/AA-20220418-27602097-27602092-ULUSLARARASI_CIZGILERLE_RAMAZAN_SERGISI_ZIYARETE_ACILDI-500x500.jpg 500w, https:\/\/tdv.org\/tr-TR\/wp-content\/uploads\/2022\/04\/AA-20220418-27602097-27602092-ULUSLARARASI_CIZGILERLE_RAMAZAN_SERGISI_ZIYARETE_ACILDI-350x350.jpg 350w, https:\/\/tdv.org\/tr-TR\/wp-content\/uploads\/2022\/04\/AA-20220418-27602097-27602092-ULUSLARARASI_CIZGILERLE_RAMAZAN_SERGISI_ZIYARETE_ACILDI-1000x1000.jpg 1000w, https:\/\/tdv.org\/tr-TR\/wp-content\/uploads\/2022\/04\/AA-20220418-27602097-27602092-ULUSLARARASI_CIZGILERLE_RAMAZAN_SERGISI_ZIYARETE_ACILDI-800x800.jpg 800w\" sizes=\"(max-width: 150px) 100vw, 150px\" \/><\/a>\n\t\t\t<\/dt><\/dl><dl class='gallery-item'>\n\t\t\t<dt class='gallery-icon landscape'>\n\t\t\t\t<a href='https:\/\/tdv.org\/tr-TR\/wp-content\/uploads\/2022\/04\/AA-20220418-27602097-27602095-ULUSLARARASI_CIZGILERLE_RAMAZAN_SERGISI_ZIYARETE_ACILDI-scaled.jpg'><img decoding=\"async\" width=\"150\" height=\"150\" src=\"https:\/\/tdv.org\/tr-TR\/wp-content\/uploads\/2022\/04\/AA-20220418-27602097-27602095-ULUSLARARASI_CIZGILERLE_RAMAZAN_SERGISI_ZIYARETE_ACILDI-150x150.jpg\" class=\"attachment-thumbnail size-thumbnail\" alt=\"\" srcset=\"https:\/\/tdv.org\/tr-TR\/wp-content\/uploads\/2022\/04\/AA-20220418-27602097-27602095-ULUSLARARASI_CIZGILERLE_RAMAZAN_SERGISI_ZIYARETE_ACILDI-150x150.jpg 150w, https:\/\/tdv.org\/tr-TR\/wp-content\/uploads\/2022\/04\/AA-20220418-27602097-27602095-ULUSLARARASI_CIZGILERLE_RAMAZAN_SERGISI_ZIYARETE_ACILDI-100x100.jpg 100w, https:\/\/tdv.org\/tr-TR\/wp-content\/uploads\/2022\/04\/AA-20220418-27602097-27602095-ULUSLARARASI_CIZGILERLE_RAMAZAN_SERGISI_ZIYARETE_ACILDI-140x140.jpg 140w, https:\/\/tdv.org\/tr-TR\/wp-content\/uploads\/2022\/04\/AA-20220418-27602097-27602095-ULUSLARARASI_CIZGILERLE_RAMAZAN_SERGISI_ZIYARETE_ACILDI-500x500.jpg 500w, https:\/\/tdv.org\/tr-TR\/wp-content\/uploads\/2022\/04\/AA-20220418-27602097-27602095-ULUSLARARASI_CIZGILERLE_RAMAZAN_SERGISI_ZIYARETE_ACILDI-350x350.jpg 350w, https:\/\/tdv.org\/tr-TR\/wp-content\/uploads\/2022\/04\/AA-20220418-27602097-27602095-ULUSLARARASI_CIZGILERLE_RAMAZAN_SERGISI_ZIYARETE_ACILDI-1000x1000.jpg 1000w, https:\/\/tdv.org\/tr-TR\/wp-content\/uploads\/2022\/04\/AA-20220418-27602097-27602095-ULUSLARARASI_CIZGILERLE_RAMAZAN_SERGISI_ZIYARETE_ACILDI-800x800.jpg 800w\" sizes=\"(max-width: 150px) 100vw, 150px\" \/><\/a>\n\t\t\t<\/dt><\/dl><br style=\"clear: both\" \/><dl class='gallery-item'>\n\t\t\t<dt class='gallery-icon landscape'>\n\t\t\t\t<a href='https:\/\/tdv.org\/tr-TR\/wp-content\/uploads\/2022\/04\/AA-20220418-27602097-27602096-ULUSLARARASI_CIZGILERLE_RAMAZAN_SERGISI_ZIYARETE_ACILDI-scaled.jpg'><img decoding=\"async\" width=\"150\" height=\"150\" src=\"https:\/\/tdv.org\/tr-TR\/wp-content\/uploads\/2022\/04\/AA-20220418-27602097-27602096-ULUSLARARASI_CIZGILERLE_RAMAZAN_SERGISI_ZIYARETE_ACILDI-150x150.jpg\" class=\"attachment-thumbnail size-thumbnail\" alt=\"\" srcset=\"https:\/\/tdv.org\/tr-TR\/wp-content\/uploads\/2022\/04\/AA-20220418-27602097-27602096-ULUSLARARASI_CIZGILERLE_RAMAZAN_SERGISI_ZIYARETE_ACILDI-150x150.jpg 150w, https:\/\/tdv.org\/tr-TR\/wp-content\/uploads\/2022\/04\/AA-20220418-27602097-27602096-ULUSLARARASI_CIZGILERLE_RAMAZAN_SERGISI_ZIYARETE_ACILDI-100x100.jpg 100w, https:\/\/tdv.org\/tr-TR\/wp-content\/uploads\/2022\/04\/AA-20220418-27602097-27602096-ULUSLARARASI_CIZGILERLE_RAMAZAN_SERGISI_ZIYARETE_ACILDI-140x140.jpg 140w, https:\/\/tdv.org\/tr-TR\/wp-content\/uploads\/2022\/04\/AA-20220418-27602097-27602096-ULUSLARARASI_CIZGILERLE_RAMAZAN_SERGISI_ZIYARETE_ACILDI-500x500.jpg 500w, https:\/\/tdv.org\/tr-TR\/wp-content\/uploads\/2022\/04\/AA-20220418-27602097-27602096-ULUSLARARASI_CIZGILERLE_RAMAZAN_SERGISI_ZIYARETE_ACILDI-350x350.jpg 350w, https:\/\/tdv.org\/tr-TR\/wp-content\/uploads\/2022\/04\/AA-20220418-27602097-27602096-ULUSLARARASI_CIZGILERLE_RAMAZAN_SERGISI_ZIYARETE_ACILDI-1000x1000.jpg 1000w, https:\/\/tdv.org\/tr-TR\/wp-content\/uploads\/2022\/04\/AA-20220418-27602097-27602096-ULUSLARARASI_CIZGILERLE_RAMAZAN_SERGISI_ZIYARETE_ACILDI-800x800.jpg 800w\" sizes=\"(max-width: 150px) 100vw, 150px\" \/><\/a>\n\t\t\t<\/dt><\/dl><dl class='gallery-item'>\n\t\t\t<dt class='gallery-icon landscape'>\n\t\t\t\t<a href='https:\/\/tdv.org\/tr-TR\/wp-content\/uploads\/2022\/04\/0be784ab-81fe-4bde-a07e-5705d58b270b_1_1200x800.jpg'><img decoding=\"async\" width=\"150\" height=\"150\" src=\"https:\/\/tdv.org\/tr-TR\/wp-content\/uploads\/2022\/04\/0be784ab-81fe-4bde-a07e-5705d58b270b_1_1200x800-150x150.jpg\" class=\"attachment-thumbnail size-thumbnail\" alt=\"\" srcset=\"https:\/\/tdv.org\/tr-TR\/wp-content\/uploads\/2022\/04\/0be784ab-81fe-4bde-a07e-5705d58b270b_1_1200x800-150x150.jpg 150w, https:\/\/tdv.org\/tr-TR\/wp-content\/uploads\/2022\/04\/0be784ab-81fe-4bde-a07e-5705d58b270b_1_1200x800-100x100.jpg 100w, https:\/\/tdv.org\/tr-TR\/wp-content\/uploads\/2022\/04\/0be784ab-81fe-4bde-a07e-5705d58b270b_1_1200x800-140x140.jpg 140w, https:\/\/tdv.org\/tr-TR\/wp-content\/uploads\/2022\/04\/0be784ab-81fe-4bde-a07e-5705d58b270b_1_1200x800-500x500.jpg 500w, https:\/\/tdv.org\/tr-TR\/wp-content\/uploads\/2022\/04\/0be784ab-81fe-4bde-a07e-5705d58b270b_1_1200x800-350x350.jpg 350w, https:\/\/tdv.org\/tr-TR\/wp-content\/uploads\/2022\/04\/0be784ab-81fe-4bde-a07e-5705d58b270b_1_1200x800-800x800.jpg 800w\" sizes=\"(max-width: 150px) 100vw, 150px\" \/><\/a>\n\t\t\t<\/dt><\/dl><dl class='gallery-item'>\n\t\t\t<dt class='gallery-icon landscape'>\n\t\t\t\t<a href='https:\/\/tdv.org\/tr-TR\/wp-content\/uploads\/2022\/04\/07b51455-2d23-4fd3-8e16-f438d92e5cc3_1_1200x800.jpg'><img decoding=\"async\" width=\"150\" height=\"150\" src=\"https:\/\/tdv.org\/tr-TR\/wp-content\/uploads\/2022\/04\/07b51455-2d23-4fd3-8e16-f438d92e5cc3_1_1200x800-150x150.jpg\" class=\"attachment-thumbnail size-thumbnail\" alt=\"\" srcset=\"https:\/\/tdv.org\/tr-TR\/wp-content\/uploads\/2022\/04\/07b51455-2d23-4fd3-8e16-f438d92e5cc3_1_1200x800-150x150.jpg 150w, https:\/\/tdv.org\/tr-TR\/wp-content\/uploads\/2022\/04\/07b51455-2d23-4fd3-8e16-f438d92e5cc3_1_1200x800-100x100.jpg 100w, https:\/\/tdv.org\/tr-TR\/wp-content\/uploads\/2022\/04\/07b51455-2d23-4fd3-8e16-f438d92e5cc3_1_1200x800-140x140.jpg 140w, https:\/\/tdv.org\/tr-TR\/wp-content\/uploads\/2022\/04\/07b51455-2d23-4fd3-8e16-f438d92e5cc3_1_1200x800-500x500.jpg 500w, https:\/\/tdv.org\/tr-TR\/wp-content\/uploads\/2022\/04\/07b51455-2d23-4fd3-8e16-f438d92e5cc3_1_1200x800-350x350.jpg 350w, https:\/\/tdv.org\/tr-TR\/wp-content\/uploads\/2022\/04\/07b51455-2d23-4fd3-8e16-f438d92e5cc3_1_1200x800-800x800.jpg 800w\" sizes=\"(max-width: 150px) 100vw, 150px\" \/><\/a>\n\t\t\t<\/dt><\/dl><br style=\"clear: both\" \/><dl class='gallery-item'>\n\t\t\t<dt class='gallery-icon landscape'>\n\t\t\t\t<a href='https:\/\/tdv.org\/tr-TR\/wp-content\/uploads\/2022\/04\/86f68ede-ea5c-4dc1-97c4-a14edf4439c5_1_1200x800.jpg'><img decoding=\"async\" width=\"150\" height=\"150\" src=\"https:\/\/tdv.org\/tr-TR\/wp-content\/uploads\/2022\/04\/86f68ede-ea5c-4dc1-97c4-a14edf4439c5_1_1200x800-150x150.jpg\" class=\"attachment-thumbnail size-thumbnail\" alt=\"\" srcset=\"https:\/\/tdv.org\/tr-TR\/wp-content\/uploads\/2022\/04\/86f68ede-ea5c-4dc1-97c4-a14edf4439c5_1_1200x800-150x150.jpg 150w, https:\/\/tdv.org\/tr-TR\/wp-content\/uploads\/2022\/04\/86f68ede-ea5c-4dc1-97c4-a14edf4439c5_1_1200x800-100x100.jpg 100w, https:\/\/tdv.org\/tr-TR\/wp-content\/uploads\/2022\/04\/86f68ede-ea5c-4dc1-97c4-a14edf4439c5_1_1200x800-140x140.jpg 140w, https:\/\/tdv.org\/tr-TR\/wp-content\/uploads\/2022\/04\/86f68ede-ea5c-4dc1-97c4-a14edf4439c5_1_1200x800-500x500.jpg 500w, https:\/\/tdv.org\/tr-TR\/wp-content\/uploads\/2022\/04\/86f68ede-ea5c-4dc1-97c4-a14edf4439c5_1_1200x800-350x350.jpg 350w, https:\/\/tdv.org\/tr-TR\/wp-content\/uploads\/2022\/04\/86f68ede-ea5c-4dc1-97c4-a14edf4439c5_1_1200x800-800x800.jpg 800w\" sizes=\"(max-width: 150px) 100vw, 150px\" \/><\/a>\n\t\t\t<\/dt><\/dl><dl class='gallery-item'>\n\t\t\t<dt class='gallery-icon landscape'>\n\t\t\t\t<a href='https:\/\/tdv.org\/tr-TR\/wp-content\/uploads\/2022\/04\/ceb06063-f421-4225-bd2f-9b4cd1b06162_1_1200x800.jpg'><img decoding=\"async\" width=\"150\" height=\"150\" src=\"https:\/\/tdv.org\/tr-TR\/wp-content\/uploads\/2022\/04\/ceb06063-f421-4225-bd2f-9b4cd1b06162_1_1200x800-150x150.jpg\" class=\"attachment-thumbnail size-thumbnail\" alt=\"\" srcset=\"https:\/\/tdv.org\/tr-TR\/wp-content\/uploads\/2022\/04\/ceb06063-f421-4225-bd2f-9b4cd1b06162_1_1200x800-150x150.jpg 150w, https:\/\/tdv.org\/tr-TR\/wp-content\/uploads\/2022\/04\/ceb06063-f421-4225-bd2f-9b4cd1b06162_1_1200x800-100x100.jpg 100w, https:\/\/tdv.org\/tr-TR\/wp-content\/uploads\/2022\/04\/ceb06063-f421-4225-bd2f-9b4cd1b06162_1_1200x800-140x140.jpg 140w, https:\/\/tdv.org\/tr-TR\/wp-content\/uploads\/2022\/04\/ceb06063-f421-4225-bd2f-9b4cd1b06162_1_1200x800-500x500.jpg 500w, https:\/\/tdv.org\/tr-TR\/wp-content\/uploads\/2022\/04\/ceb06063-f421-4225-bd2f-9b4cd1b06162_1_1200x800-350x350.jpg 350w, https:\/\/tdv.org\/tr-TR\/wp-content\/uploads\/2022\/04\/ceb06063-f421-4225-bd2f-9b4cd1b06162_1_1200x800-800x800.jpg 800w\" sizes=\"(max-width: 150px) 100vw, 150px\" \/><\/a>\n\t\t\t<\/dt><\/dl><dl class='gallery-item'>\n\t\t\t<dt class='gallery-icon landscape'>\n\t\t\t\t<a href='https:\/\/tdv.org\/tr-TR\/wp-content\/uploads\/2022\/04\/31cc16a7-c9cd-46c4-a87e-0003f2c88992_1_1200x800.jpg'><img decoding=\"async\" width=\"150\" height=\"150\" src=\"https:\/\/tdv.org\/tr-TR\/wp-content\/uploads\/2022\/04\/31cc16a7-c9cd-46c4-a87e-0003f2c88992_1_1200x800-150x150.jpg\" class=\"attachment-thumbnail size-thumbnail\" alt=\"\" srcset=\"https:\/\/tdv.org\/tr-TR\/wp-content\/uploads\/2022\/04\/31cc16a7-c9cd-46c4-a87e-0003f2c88992_1_1200x800-150x150.jpg 150w, https:\/\/tdv.org\/tr-TR\/wp-content\/uploads\/2022\/04\/31cc16a7-c9cd-46c4-a87e-0003f2c88992_1_1200x800-100x100.jpg 100w, https:\/\/tdv.org\/tr-TR\/wp-content\/uploads\/2022\/04\/31cc16a7-c9cd-46c4-a87e-0003f2c88992_1_1200x800-140x140.jpg 140w, https:\/\/tdv.org\/tr-TR\/wp-content\/uploads\/2022\/04\/31cc16a7-c9cd-46c4-a87e-0003f2c88992_1_1200x800-500x500.jpg 500w, https:\/\/tdv.org\/tr-TR\/wp-content\/uploads\/2022\/04\/31cc16a7-c9cd-46c4-a87e-0003f2c88992_1_1200x800-350x350.jpg 350w, https:\/\/tdv.org\/tr-TR\/wp-content\/uploads\/2022\/04\/31cc16a7-c9cd-46c4-a87e-0003f2c88992_1_1200x800-800x800.jpg 800w\" sizes=\"(max-width: 150px) 100vw, 150px\" \/><\/a>\n\t\t\t<\/dt><\/dl><br style=\"clear: both\" \/><dl class='gallery-item'>\n\t\t\t<dt class='gallery-icon landscape'>\n\t\t\t\t<a href='https:\/\/tdv.org\/tr-TR\/wp-content\/uploads\/2022\/04\/24f6b746-8c62-45a4-80d6-3e2e8d30b3ed_1_1200x800.jpg'><img decoding=\"async\" width=\"150\" height=\"150\" src=\"https:\/\/tdv.org\/tr-TR\/wp-content\/uploads\/2022\/04\/24f6b746-8c62-45a4-80d6-3e2e8d30b3ed_1_1200x800-150x150.jpg\" class=\"attachment-thumbnail size-thumbnail\" alt=\"\" srcset=\"https:\/\/tdv.org\/tr-TR\/wp-content\/uploads\/2022\/04\/24f6b746-8c62-45a4-80d6-3e2e8d30b3ed_1_1200x800-150x150.jpg 150w, https:\/\/tdv.org\/tr-TR\/wp-content\/uploads\/2022\/04\/24f6b746-8c62-45a4-80d6-3e2e8d30b3ed_1_1200x800-100x100.jpg 100w, https:\/\/tdv.org\/tr-TR\/wp-content\/uploads\/2022\/04\/24f6b746-8c62-45a4-80d6-3e2e8d30b3ed_1_1200x800-140x140.jpg 140w, https:\/\/tdv.org\/tr-TR\/wp-content\/uploads\/2022\/04\/24f6b746-8c62-45a4-80d6-3e2e8d30b3ed_1_1200x800-500x500.jpg 500w, https:\/\/tdv.org\/tr-TR\/wp-content\/uploads\/2022\/04\/24f6b746-8c62-45a4-80d6-3e2e8d30b3ed_1_1200x800-350x350.jpg 350w, https:\/\/tdv.org\/tr-TR\/wp-content\/uploads\/2022\/04\/24f6b746-8c62-45a4-80d6-3e2e8d30b3ed_1_1200x800-800x800.jpg 800w\" sizes=\"(max-width: 150px) 100vw, 150px\" \/><\/a>\n\t\t\t<\/dt><\/dl><dl class='gallery-item'>\n\t\t\t<dt class='gallery-icon landscape'>\n\t\t\t\t<a href='https:\/\/tdv.org\/tr-TR\/wp-content\/uploads\/2022\/04\/806474bd-ecf7-4530-a5d0-617b360125e2_1_1200x800.jpg'><img decoding=\"async\" width=\"150\" height=\"150\" src=\"https:\/\/tdv.org\/tr-TR\/wp-content\/uploads\/2022\/04\/806474bd-ecf7-4530-a5d0-617b360125e2_1_1200x800-150x150.jpg\" class=\"attachment-thumbnail size-thumbnail\" alt=\"\" srcset=\"https:\/\/tdv.org\/tr-TR\/wp-content\/uploads\/2022\/04\/806474bd-ecf7-4530-a5d0-617b360125e2_1_1200x800-150x150.jpg 150w, https:\/\/tdv.org\/tr-TR\/wp-content\/uploads\/2022\/04\/806474bd-ecf7-4530-a5d0-617b360125e2_1_1200x800-100x100.jpg 100w, https:\/\/tdv.org\/tr-TR\/wp-content\/uploads\/2022\/04\/806474bd-ecf7-4530-a5d0-617b360125e2_1_1200x800-140x140.jpg 140w, https:\/\/tdv.org\/tr-TR\/wp-content\/uploads\/2022\/04\/806474bd-ecf7-4530-a5d0-617b360125e2_1_1200x800-500x500.jpg 500w, https:\/\/tdv.org\/tr-TR\/wp-content\/uploads\/2022\/04\/806474bd-ecf7-4530-a5d0-617b360125e2_1_1200x800-350x350.jpg 350w, https:\/\/tdv.org\/tr-TR\/wp-content\/uploads\/2022\/04\/806474bd-ecf7-4530-a5d0-617b360125e2_1_1200x800-800x800.jpg 800w\" sizes=\"(max-width: 150px) 100vw, 150px\" \/><\/a>\n\t\t\t<\/dt><\/dl><dl class='gallery-item'>\n\t\t\t<dt class='gallery-icon landscape'>\n\t\t\t\t<a href='https:\/\/tdv.org\/tr-TR\/wp-content\/uploads\/2022\/04\/362a2612-873a-41f2-a3c3-afb2b4f8e967_1_1200x800.jpg'><img decoding=\"async\" width=\"150\" height=\"150\" src=\"https:\/\/tdv.org\/tr-TR\/wp-content\/uploads\/2022\/04\/362a2612-873a-41f2-a3c3-afb2b4f8e967_1_1200x800-150x150.jpg\" class=\"attachment-thumbnail size-thumbnail\" alt=\"\" srcset=\"https:\/\/tdv.org\/tr-TR\/wp-content\/uploads\/2022\/04\/362a2612-873a-41f2-a3c3-afb2b4f8e967_1_1200x800-150x150.jpg 150w, https:\/\/tdv.org\/tr-TR\/wp-content\/uploads\/2022\/04\/362a2612-873a-41f2-a3c3-afb2b4f8e967_1_1200x800-100x100.jpg 100w, https:\/\/tdv.org\/tr-TR\/wp-content\/uploads\/2022\/04\/362a2612-873a-41f2-a3c3-afb2b4f8e967_1_1200x800-140x140.jpg 140w, https:\/\/tdv.org\/tr-TR\/wp-content\/uploads\/2022\/04\/362a2612-873a-41f2-a3c3-afb2b4f8e967_1_1200x800-500x500.jpg 500w, https:\/\/tdv.org\/tr-TR\/wp-content\/uploads\/2022\/04\/362a2612-873a-41f2-a3c3-afb2b4f8e967_1_1200x800-350x350.jpg 350w, https:\/\/tdv.org\/tr-TR\/wp-content\/uploads\/2022\/04\/362a2612-873a-41f2-a3c3-afb2b4f8e967_1_1200x800-800x800.jpg 800w\" sizes=\"(max-width: 150px) 100vw, 150px\" \/><\/a>\n\t\t\t<\/dt><\/dl><br style=\"clear: both\" \/><dl class='gallery-item'>\n\t\t\t<dt class='gallery-icon landscape'>\n\t\t\t\t<a href='https:\/\/tdv.org\/tr-TR\/wp-content\/uploads\/2022\/04\/b56d3c14-b581-4556-be2e-e4300277fa6d_1_1200x800.jpg'><img decoding=\"async\" width=\"150\" height=\"150\" src=\"https:\/\/tdv.org\/tr-TR\/wp-content\/uploads\/2022\/04\/b56d3c14-b581-4556-be2e-e4300277fa6d_1_1200x800-150x150.jpg\" class=\"attachment-thumbnail size-thumbnail\" alt=\"\" srcset=\"https:\/\/tdv.org\/tr-TR\/wp-content\/uploads\/2022\/04\/b56d3c14-b581-4556-be2e-e4300277fa6d_1_1200x800-150x150.jpg 150w, https:\/\/tdv.org\/tr-TR\/wp-content\/uploads\/2022\/04\/b56d3c14-b581-4556-be2e-e4300277fa6d_1_1200x800-100x100.jpg 100w, https:\/\/tdv.org\/tr-TR\/wp-content\/uploads\/2022\/04\/b56d3c14-b581-4556-be2e-e4300277fa6d_1_1200x800-140x140.jpg 140w, https:\/\/tdv.org\/tr-TR\/wp-content\/uploads\/2022\/04\/b56d3c14-b581-4556-be2e-e4300277fa6d_1_1200x800-500x500.jpg 500w, https:\/\/tdv.org\/tr-TR\/wp-content\/uploads\/2022\/04\/b56d3c14-b581-4556-be2e-e4300277fa6d_1_1200x800-350x350.jpg 350w, https:\/\/tdv.org\/tr-TR\/wp-content\/uploads\/2022\/04\/b56d3c14-b581-4556-be2e-e4300277fa6d_1_1200x800-800x800.jpg 800w\" sizes=\"(max-width: 150px) 100vw, 150px\" \/><\/a>\n\t\t\t<\/dt><\/dl><dl class='gallery-item'>\n\t\t\t<dt class='gallery-icon landscape'>\n\t\t\t\t<a href='https:\/\/tdv.org\/tr-TR\/wp-content\/uploads\/2022\/04\/29ae9ef9-3e1f-4ef9-8238-e7e65c6fc2e7_1_1200x800.jpg'><img decoding=\"async\" width=\"150\" height=\"150\" src=\"https:\/\/tdv.org\/tr-TR\/wp-content\/uploads\/2022\/04\/29ae9ef9-3e1f-4ef9-8238-e7e65c6fc2e7_1_1200x800-150x150.jpg\" class=\"attachment-thumbnail size-thumbnail\" alt=\"\" srcset=\"https:\/\/tdv.org\/tr-TR\/wp-content\/uploads\/2022\/04\/29ae9ef9-3e1f-4ef9-8238-e7e65c6fc2e7_1_1200x800-150x150.jpg 150w, https:\/\/tdv.org\/tr-TR\/wp-content\/uploads\/2022\/04\/29ae9ef9-3e1f-4ef9-8238-e7e65c6fc2e7_1_1200x800-100x100.jpg 100w, https:\/\/tdv.org\/tr-TR\/wp-content\/uploads\/2022\/04\/29ae9ef9-3e1f-4ef9-8238-e7e65c6fc2e7_1_1200x800-140x140.jpg 140w, https:\/\/tdv.org\/tr-TR\/wp-content\/uploads\/2022\/04\/29ae9ef9-3e1f-4ef9-8238-e7e65c6fc2e7_1_1200x800-500x500.jpg 500w, https:\/\/tdv.org\/tr-TR\/wp-content\/uploads\/2022\/04\/29ae9ef9-3e1f-4ef9-8238-e7e65c6fc2e7_1_1200x800-350x350.jpg 350w, https:\/\/tdv.org\/tr-TR\/wp-content\/uploads\/2022\/04\/29ae9ef9-3e1f-4ef9-8238-e7e65c6fc2e7_1_1200x800-800x800.jpg 800w\" sizes=\"(max-width: 150px) 100vw, 150px\" \/><\/a>\n\t\t\t<\/dt><\/dl>\n\t\t\t<br style='clear: both' \/>\n\t\t<\/div>\n\n<p>&nbsp;<\/p>\n","protected":false},"excerpt":{"rendered":"<p>Diyanet \u0130\u015fleri Ba\u015fkan\u0131 Prof. Dr. Ali Erba\u015f, Diyanet \u0130\u015fleri Ba\u015fkanl\u0131\u011f\u0131, T\u00fcrkiye Diyanet Vakf\u0131 ve D\u00fcnya \u00c7izerler Birli\u011fi\u2019nin birlikte \u0130stanbul\u2019da d\u00fczenledi\u011fi, &#8220;Uluslararas\u0131 \u00c7izgilerle Ramazan&#8221; sergisini a\u00e7t\u0131. Atat\u00fcrk K\u00fclt\u00fcr Merkezi Fuaye Salonu\u2019nda&#8230;<\/p>\n","protected":false},"author":7,"featured_media":21573,"comment_status":"open","ping_status":"closed","sticky":false,"template":"","format":"standard","meta":{"footnotes":""},"categories":[1],"tags":[1792,1791,1786,234,411,270,1788,107],"class_list":{"0":"post-21559","1":"post","2":"type-post","3":"status-publish","4":"format-standard","5":"has-post-thumbnail","7":"category-haberler","8":"tag-akm","9":"tag-cizgiler","10":"tag-cizgilerle-ramazan","11":"tag-hac","12":"tag-karikatur","13":"tag-karikatur-sergisi","14":"tag-karikaturist","15":"tag-ramazan"},"yoast_head":"<!-- This site is optimized with the Yoast SEO plugin v27.5 - https:\/\/yoast.com\/product\/yoast-seo-wordpress\/ -->\n<title>Diyanet \u0130\u015fleri Ba\u015fkan\u0131 Erba\u015f, &quot;Uluslararas\u0131 \u00c7izgilerle Ramazan&quot; sergisini a\u00e7t\u0131<\/title>\n<meta name=\"description\" content=\"Diyanet \u0130\u015fleri Ba\u015fkan\u0131 Prof. Dr. Ali Erba\u015f, Diyanet \u0130\u015fleri Ba\u015fkanl\u0131\u011f\u0131, T\u00fcrkiye Diyanet Vakf\u0131 ve D\u00fcnya \u00c7izerler Birli\u011fi\u2019nin birlikte \u0130stanbul\u2019da d\u00fczenledi\u011fi, &quot;Uluslararas\u0131 \u00c7izgilerle Ramazan&quot; sergisini a\u00e7t\u0131.\" \/>\n<meta name=\"robots\" content=\"index, follow, max-snippet:-1, max-image-preview:large, max-video-preview:-1\" \/>\n<link rel=\"canonical\" href=\"https:\/\/tdv.org\/tr-TR\/diyanet-isleri-baskani-erbas-uluslararasi-cizgilerle-ramazan-sergisini-acti\/\" \/>\n<meta property=\"og:locale\" content=\"tr_TR\" \/>\n<meta property=\"og:type\" content=\"article\" \/>\n<meta property=\"og:title\" content=\"Diyanet \u0130\u015fleri Ba\u015fkan\u0131 Erba\u015f, &quot;Uluslararas\u0131 \u00c7izgilerle Ramazan&quot; sergisini a\u00e7t\u0131\" \/>\n<meta property=\"og:description\" content=\"Diyanet \u0130\u015fleri Ba\u015fkan\u0131 Prof. Dr. Ali Erba\u015f, Diyanet \u0130\u015fleri Ba\u015fkanl\u0131\u011f\u0131, T\u00fcrkiye Diyanet Vakf\u0131 ve D\u00fcnya \u00c7izerler Birli\u011fi\u2019nin birlikte \u0130stanbul\u2019da d\u00fczenledi\u011fi, &quot;Uluslararas\u0131 \u00c7izgilerle Ramazan&quot; sergisini a\u00e7t\u0131.\" \/>\n<meta property=\"og:url\" content=\"https:\/\/tdv.org\/tr-TR\/diyanet-isleri-baskani-erbas-uluslararasi-cizgilerle-ramazan-sergisini-acti\/\" \/>\n<meta property=\"og:site_name\" content=\"T\u00fcrkiye Diyanet Vakf\u0131 Resmi Web Sitesi\" \/>\n<meta property=\"article:publisher\" content=\"https:\/\/www.facebook.com\/Diyanetvakfi\/\" \/>\n<meta property=\"article:published_time\" content=\"2022-04-18T15:00:41+00:00\" \/>\n<meta property=\"article:modified_time\" content=\"2022-12-08T08:14:47+00:00\" \/>\n<meta property=\"og:image\" content=\"https:\/\/tdv.org\/tr-TR\/wp-content\/uploads\/2022\/04\/84a2f26b-2dbc-4f61-b109-a68cc357b32a_1_1200x800.jpg\" \/>\n\t<meta property=\"og:image:width\" content=\"1200\" \/>\n\t<meta property=\"og:image:height\" content=\"800\" \/>\n\t<meta property=\"og:image:type\" content=\"image\/jpeg\" \/>\n<meta name=\"author\" content=\"U\u011fur\" \/>\n<meta name=\"twitter:card\" content=\"summary_large_image\" \/>\n<meta name=\"twitter:creator\" content=\"@DiyanetVakfi\" \/>\n<meta name=\"twitter:site\" content=\"@DiyanetVakfi\" \/>\n<script type=\"application\/ld+json\" class=\"yoast-schema-graph\">{\"@context\":\"https:\\\/\\\/schema.org\",\"@graph\":[{\"@type\":\"Article\",\"@id\":\"https:\\\/\\\/tdv.org\\\/tr-TR\\\/diyanet-isleri-baskani-erbas-uluslararasi-cizgilerle-ramazan-sergisini-acti\\\/#article\",\"isPartOf\":{\"@id\":\"https:\\\/\\\/tdv.org\\\/tr-TR\\\/diyanet-isleri-baskani-erbas-uluslararasi-cizgilerle-ramazan-sergisini-acti\\\/\"},\"author\":{\"name\":\"U\u011fur\",\"@id\":\"https:\\\/\\\/tdv.org\\\/tr-TR\\\/#\\\/schema\\\/person\\\/8dcf742852c4614c6fdadb92da159c05\"},\"headline\":\"Diyanet \u0130\u015fleri Ba\u015fkan\u0131 Erba\u015f, &#8220;Uluslararas\u0131 \u00c7izgilerle Ramazan&#8221; sergisini a\u00e7t\u0131\",\"datePublished\":\"2022-04-18T15:00:41+00:00\",\"dateModified\":\"2022-12-08T08:14:47+00:00\",\"mainEntityOfPage\":{\"@id\":\"https:\\\/\\\/tdv.org\\\/tr-TR\\\/diyanet-isleri-baskani-erbas-uluslararasi-cizgilerle-ramazan-sergisini-acti\\\/\"},\"wordCount\":775,\"commentCount\":0,\"publisher\":{\"@id\":\"https:\\\/\\\/tdv.org\\\/tr-TR\\\/#organization\"},\"image\":{\"@id\":\"https:\\\/\\\/tdv.org\\\/tr-TR\\\/diyanet-isleri-baskani-erbas-uluslararasi-cizgilerle-ramazan-sergisini-acti\\\/#primaryimage\"},\"thumbnailUrl\":\"https:\\\/\\\/tdv.org\\\/tr-TR\\\/wp-content\\\/uploads\\\/2022\\\/04\\\/84a2f26b-2dbc-4f61-b109-a68cc357b32a_1_1200x800.jpg\",\"keywords\":[\"akm\",\"\u00e7izgiler\",\"\u00c7izgilerle Ramazan\",\"hac\",\"Karikat\u00fcr\",\"karikat\u00fcr sergisi\",\"karikat\u00fcrist\",\"ramazan\"],\"articleSection\":[\"Haberler\"],\"inLanguage\":\"tr\",\"potentialAction\":[{\"@type\":\"CommentAction\",\"name\":\"Comment\",\"target\":[\"https:\\\/\\\/tdv.org\\\/tr-TR\\\/diyanet-isleri-baskani-erbas-uluslararasi-cizgilerle-ramazan-sergisini-acti\\\/#respond\"]}]},{\"@type\":\"WebPage\",\"@id\":\"https:\\\/\\\/tdv.org\\\/tr-TR\\\/diyanet-isleri-baskani-erbas-uluslararasi-cizgilerle-ramazan-sergisini-acti\\\/\",\"url\":\"https:\\\/\\\/tdv.org\\\/tr-TR\\\/diyanet-isleri-baskani-erbas-uluslararasi-cizgilerle-ramazan-sergisini-acti\\\/\",\"name\":\"Diyanet \u0130\u015fleri Ba\u015fkan\u0131 Erba\u015f, \\\"Uluslararas\u0131 \u00c7izgilerle Ramazan\\\" sergisini a\u00e7t\u0131\",\"isPartOf\":{\"@id\":\"https:\\\/\\\/tdv.org\\\/tr-TR\\\/#website\"},\"primaryImageOfPage\":{\"@id\":\"https:\\\/\\\/tdv.org\\\/tr-TR\\\/diyanet-isleri-baskani-erbas-uluslararasi-cizgilerle-ramazan-sergisini-acti\\\/#primaryimage\"},\"image\":{\"@id\":\"https:\\\/\\\/tdv.org\\\/tr-TR\\\/diyanet-isleri-baskani-erbas-uluslararasi-cizgilerle-ramazan-sergisini-acti\\\/#primaryimage\"},\"thumbnailUrl\":\"https:\\\/\\\/tdv.org\\\/tr-TR\\\/wp-content\\\/uploads\\\/2022\\\/04\\\/84a2f26b-2dbc-4f61-b109-a68cc357b32a_1_1200x800.jpg\",\"datePublished\":\"2022-04-18T15:00:41+00:00\",\"dateModified\":\"2022-12-08T08:14:47+00:00\",\"description\":\"Diyanet \u0130\u015fleri Ba\u015fkan\u0131 Prof. Dr. Ali Erba\u015f, Diyanet \u0130\u015fleri Ba\u015fkanl\u0131\u011f\u0131, T\u00fcrkiye Diyanet Vakf\u0131 ve D\u00fcnya \u00c7izerler Birli\u011fi\u2019nin birlikte \u0130stanbul\u2019da d\u00fczenledi\u011fi, \\\"Uluslararas\u0131 \u00c7izgilerle Ramazan\\\" sergisini a\u00e7t\u0131.\",\"breadcrumb\":{\"@id\":\"https:\\\/\\\/tdv.org\\\/tr-TR\\\/diyanet-isleri-baskani-erbas-uluslararasi-cizgilerle-ramazan-sergisini-acti\\\/#breadcrumb\"},\"inLanguage\":\"tr\",\"potentialAction\":[{\"@type\":\"ReadAction\",\"target\":[\"https:\\\/\\\/tdv.org\\\/tr-TR\\\/diyanet-isleri-baskani-erbas-uluslararasi-cizgilerle-ramazan-sergisini-acti\\\/\"]}]},{\"@type\":\"ImageObject\",\"inLanguage\":\"tr\",\"@id\":\"https:\\\/\\\/tdv.org\\\/tr-TR\\\/diyanet-isleri-baskani-erbas-uluslararasi-cizgilerle-ramazan-sergisini-acti\\\/#primaryimage\",\"url\":\"https:\\\/\\\/tdv.org\\\/tr-TR\\\/wp-content\\\/uploads\\\/2022\\\/04\\\/84a2f26b-2dbc-4f61-b109-a68cc357b32a_1_1200x800.jpg\",\"contentUrl\":\"https:\\\/\\\/tdv.org\\\/tr-TR\\\/wp-content\\\/uploads\\\/2022\\\/04\\\/84a2f26b-2dbc-4f61-b109-a68cc357b32a_1_1200x800.jpg\",\"width\":1200,\"height\":800},{\"@type\":\"BreadcrumbList\",\"@id\":\"https:\\\/\\\/tdv.org\\\/tr-TR\\\/diyanet-isleri-baskani-erbas-uluslararasi-cizgilerle-ramazan-sergisini-acti\\\/#breadcrumb\",\"itemListElement\":[{\"@type\":\"ListItem\",\"position\":1,\"name\":\"Anasayfa\",\"item\":\"https:\\\/\\\/tdv.org\\\/tr-TR\\\/\"},{\"@type\":\"ListItem\",\"position\":2,\"name\":\"Diyanet \u0130\u015fleri Ba\u015fkan\u0131 Erba\u015f, &#8220;Uluslararas\u0131 \u00c7izgilerle Ramazan&#8221; sergisini a\u00e7t\u0131\"}]},{\"@type\":\"WebSite\",\"@id\":\"https:\\\/\\\/tdv.org\\\/tr-TR\\\/#website\",\"url\":\"https:\\\/\\\/tdv.org\\\/tr-TR\\\/\",\"name\":\"T\u00fcrkiye Diyanet Vakf\u0131 Resmi Web Sitesi\",\"description\":\"Yery\u00fcz\u00fcnde iyilik egemen oluncaya kadar\",\"publisher\":{\"@id\":\"https:\\\/\\\/tdv.org\\\/tr-TR\\\/#organization\"},\"alternateName\":\"T\u00fcrkiye Diyanet Vakf\u0131\",\"potentialAction\":[{\"@type\":\"SearchAction\",\"target\":{\"@type\":\"EntryPoint\",\"urlTemplate\":\"https:\\\/\\\/tdv.org\\\/tr-TR\\\/?s={search_term_string}\"},\"query-input\":{\"@type\":\"PropertyValueSpecification\",\"valueRequired\":true,\"valueName\":\"search_term_string\"}}],\"inLanguage\":\"tr\"},{\"@type\":\"Organization\",\"@id\":\"https:\\\/\\\/tdv.org\\\/tr-TR\\\/#organization\",\"name\":\"T\u00fcrkiye Diyanet Vakf\u0131\",\"alternateName\":\"T\u00fcrkiye Diyanet Vakf\u0131\",\"url\":\"https:\\\/\\\/tdv.org\\\/tr-TR\\\/\",\"logo\":{\"@type\":\"ImageObject\",\"inLanguage\":\"tr\",\"@id\":\"https:\\\/\\\/tdv.org\\\/tr-TR\\\/#\\\/schema\\\/logo\\\/image\\\/\",\"url\":\"https:\\\/\\\/tdv.org\\\/tr-TR\\\/wp-content\\\/uploads\\\/2018\\\/12\\\/TDV_Logo_1.png\",\"contentUrl\":\"https:\\\/\\\/tdv.org\\\/tr-TR\\\/wp-content\\\/uploads\\\/2018\\\/12\\\/TDV_Logo_1.png\",\"width\":207,\"height\":71,\"caption\":\"T\u00fcrkiye Diyanet Vakf\u0131\"},\"image\":{\"@id\":\"https:\\\/\\\/tdv.org\\\/tr-TR\\\/#\\\/schema\\\/logo\\\/image\\\/\"},\"sameAs\":[\"https:\\\/\\\/www.facebook.com\\\/Diyanetvakfi\\\/\",\"https:\\\/\\\/x.com\\\/DiyanetVakfi\",\"https:\\\/\\\/www.instagram.com\\\/turkiyediyanetvakfi\\\/\",\"https:\\\/\\\/www.youtube.com\\\/user\\\/TurkiyeDiyanetVakfi\"]},{\"@type\":\"Person\",\"@id\":\"https:\\\/\\\/tdv.org\\\/tr-TR\\\/#\\\/schema\\\/person\\\/8dcf742852c4614c6fdadb92da159c05\",\"name\":\"U\u011fur\",\"image\":{\"@type\":\"ImageObject\",\"inLanguage\":\"tr\",\"@id\":\"https:\\\/\\\/tdv.org\\\/tr-TR\\\/wp-content\\\/litespeed\\\/avatar\\\/b970c0eba1124f8268544e2640bfa964.jpg?ver=1777289940\",\"url\":\"https:\\\/\\\/tdv.org\\\/tr-TR\\\/wp-content\\\/litespeed\\\/avatar\\\/b970c0eba1124f8268544e2640bfa964.jpg?ver=1777289940\",\"contentUrl\":\"https:\\\/\\\/tdv.org\\\/tr-TR\\\/wp-content\\\/litespeed\\\/avatar\\\/b970c0eba1124f8268544e2640bfa964.jpg?ver=1777289940\",\"caption\":\"U\u011fur\"}}]}<\/script>\n<!-- \/ Yoast SEO plugin. -->","yoast_head_json":{"title":"Diyanet \u0130\u015fleri Ba\u015fkan\u0131 Erba\u015f, \"Uluslararas\u0131 \u00c7izgilerle Ramazan\" sergisini a\u00e7t\u0131","description":"Diyanet \u0130\u015fleri Ba\u015fkan\u0131 Prof. Dr. Ali Erba\u015f, Diyanet \u0130\u015fleri Ba\u015fkanl\u0131\u011f\u0131, T\u00fcrkiye Diyanet Vakf\u0131 ve D\u00fcnya \u00c7izerler Birli\u011fi\u2019nin birlikte \u0130stanbul\u2019da d\u00fczenledi\u011fi, \"Uluslararas\u0131 \u00c7izgilerle Ramazan\" sergisini a\u00e7t\u0131.","robots":{"index":"index","follow":"follow","max-snippet":"max-snippet:-1","max-image-preview":"max-image-preview:large","max-video-preview":"max-video-preview:-1"},"canonical":"https:\/\/tdv.org\/tr-TR\/diyanet-isleri-baskani-erbas-uluslararasi-cizgilerle-ramazan-sergisini-acti\/","og_locale":"tr_TR","og_type":"article","og_title":"Diyanet \u0130\u015fleri Ba\u015fkan\u0131 Erba\u015f, \"Uluslararas\u0131 \u00c7izgilerle Ramazan\" sergisini a\u00e7t\u0131","og_description":"Diyanet \u0130\u015fleri Ba\u015fkan\u0131 Prof. Dr. Ali Erba\u015f, Diyanet \u0130\u015fleri Ba\u015fkanl\u0131\u011f\u0131, T\u00fcrkiye Diyanet Vakf\u0131 ve D\u00fcnya \u00c7izerler Birli\u011fi\u2019nin birlikte \u0130stanbul\u2019da d\u00fczenledi\u011fi, \"Uluslararas\u0131 \u00c7izgilerle Ramazan\" sergisini a\u00e7t\u0131.","og_url":"https:\/\/tdv.org\/tr-TR\/diyanet-isleri-baskani-erbas-uluslararasi-cizgilerle-ramazan-sergisini-acti\/","og_site_name":"T\u00fcrkiye Diyanet Vakf\u0131 Resmi Web Sitesi","article_publisher":"https:\/\/www.facebook.com\/Diyanetvakfi\/","article_published_time":"2022-04-18T15:00:41+00:00","article_modified_time":"2022-12-08T08:14:47+00:00","og_image":[{"width":1200,"height":800,"url":"https:\/\/tdv.org\/tr-TR\/wp-content\/uploads\/2022\/04\/84a2f26b-2dbc-4f61-b109-a68cc357b32a_1_1200x800.jpg","type":"image\/jpeg"}],"author":"U\u011fur","twitter_card":"summary_large_image","twitter_creator":"@DiyanetVakfi","twitter_site":"@DiyanetVakfi","schema":{"@context":"https:\/\/schema.org","@graph":[{"@type":"Article","@id":"https:\/\/tdv.org\/tr-TR\/diyanet-isleri-baskani-erbas-uluslararasi-cizgilerle-ramazan-sergisini-acti\/#article","isPartOf":{"@id":"https:\/\/tdv.org\/tr-TR\/diyanet-isleri-baskani-erbas-uluslararasi-cizgilerle-ramazan-sergisini-acti\/"},"author":{"name":"U\u011fur","@id":"https:\/\/tdv.org\/tr-TR\/#\/schema\/person\/8dcf742852c4614c6fdadb92da159c05"},"headline":"Diyanet \u0130\u015fleri Ba\u015fkan\u0131 Erba\u015f, &#8220;Uluslararas\u0131 \u00c7izgilerle Ramazan&#8221; sergisini a\u00e7t\u0131","datePublished":"2022-04-18T15:00:41+00:00","dateModified":"2022-12-08T08:14:47+00:00","mainEntityOfPage":{"@id":"https:\/\/tdv.org\/tr-TR\/diyanet-isleri-baskani-erbas-uluslararasi-cizgilerle-ramazan-sergisini-acti\/"},"wordCount":775,"commentCount":0,"publisher":{"@id":"https:\/\/tdv.org\/tr-TR\/#organization"},"image":{"@id":"https:\/\/tdv.org\/tr-TR\/diyanet-isleri-baskani-erbas-uluslararasi-cizgilerle-ramazan-sergisini-acti\/#primaryimage"},"thumbnailUrl":"https:\/\/tdv.org\/tr-TR\/wp-content\/uploads\/2022\/04\/84a2f26b-2dbc-4f61-b109-a68cc357b32a_1_1200x800.jpg","keywords":["akm","\u00e7izgiler","\u00c7izgilerle Ramazan","hac","Karikat\u00fcr","karikat\u00fcr sergisi","karikat\u00fcrist","ramazan"],"articleSection":["Haberler"],"inLanguage":"tr","potentialAction":[{"@type":"CommentAction","name":"Comment","target":["https:\/\/tdv.org\/tr-TR\/diyanet-isleri-baskani-erbas-uluslararasi-cizgilerle-ramazan-sergisini-acti\/#respond"]}]},{"@type":"WebPage","@id":"https:\/\/tdv.org\/tr-TR\/diyanet-isleri-baskani-erbas-uluslararasi-cizgilerle-ramazan-sergisini-acti\/","url":"https:\/\/tdv.org\/tr-TR\/diyanet-isleri-baskani-erbas-uluslararasi-cizgilerle-ramazan-sergisini-acti\/","name":"Diyanet \u0130\u015fleri Ba\u015fkan\u0131 Erba\u015f, \"Uluslararas\u0131 \u00c7izgilerle Ramazan\" sergisini a\u00e7t\u0131","isPartOf":{"@id":"https:\/\/tdv.org\/tr-TR\/#website"},"primaryImageOfPage":{"@id":"https:\/\/tdv.org\/tr-TR\/diyanet-isleri-baskani-erbas-uluslararasi-cizgilerle-ramazan-sergisini-acti\/#primaryimage"},"image":{"@id":"https:\/\/tdv.org\/tr-TR\/diyanet-isleri-baskani-erbas-uluslararasi-cizgilerle-ramazan-sergisini-acti\/#primaryimage"},"thumbnailUrl":"https:\/\/tdv.org\/tr-TR\/wp-content\/uploads\/2022\/04\/84a2f26b-2dbc-4f61-b109-a68cc357b32a_1_1200x800.jpg","datePublished":"2022-04-18T15:00:41+00:00","dateModified":"2022-12-08T08:14:47+00:00","description":"Diyanet \u0130\u015fleri Ba\u015fkan\u0131 Prof. Dr. Ali Erba\u015f, Diyanet \u0130\u015fleri Ba\u015fkanl\u0131\u011f\u0131, T\u00fcrkiye Diyanet Vakf\u0131 ve D\u00fcnya \u00c7izerler Birli\u011fi\u2019nin birlikte \u0130stanbul\u2019da d\u00fczenledi\u011fi, \"Uluslararas\u0131 \u00c7izgilerle Ramazan\" sergisini a\u00e7t\u0131.","breadcrumb":{"@id":"https:\/\/tdv.org\/tr-TR\/diyanet-isleri-baskani-erbas-uluslararasi-cizgilerle-ramazan-sergisini-acti\/#breadcrumb"},"inLanguage":"tr","potentialAction":[{"@type":"ReadAction","target":["https:\/\/tdv.org\/tr-TR\/diyanet-isleri-baskani-erbas-uluslararasi-cizgilerle-ramazan-sergisini-acti\/"]}]},{"@type":"ImageObject","inLanguage":"tr","@id":"https:\/\/tdv.org\/tr-TR\/diyanet-isleri-baskani-erbas-uluslararasi-cizgilerle-ramazan-sergisini-acti\/#primaryimage","url":"https:\/\/tdv.org\/tr-TR\/wp-content\/uploads\/2022\/04\/84a2f26b-2dbc-4f61-b109-a68cc357b32a_1_1200x800.jpg","contentUrl":"https:\/\/tdv.org\/tr-TR\/wp-content\/uploads\/2022\/04\/84a2f26b-2dbc-4f61-b109-a68cc357b32a_1_1200x800.jpg","width":1200,"height":800},{"@type":"BreadcrumbList","@id":"https:\/\/tdv.org\/tr-TR\/diyanet-isleri-baskani-erbas-uluslararasi-cizgilerle-ramazan-sergisini-acti\/#breadcrumb","itemListElement":[{"@type":"ListItem","position":1,"name":"Anasayfa","item":"https:\/\/tdv.org\/tr-TR\/"},{"@type":"ListItem","position":2,"name":"Diyanet \u0130\u015fleri Ba\u015fkan\u0131 Erba\u015f, &#8220;Uluslararas\u0131 \u00c7izgilerle Ramazan&#8221; sergisini a\u00e7t\u0131"}]},{"@type":"WebSite","@id":"https:\/\/tdv.org\/tr-TR\/#website","url":"https:\/\/tdv.org\/tr-TR\/","name":"T\u00fcrkiye Diyanet Vakf\u0131 Resmi Web Sitesi","description":"Yery\u00fcz\u00fcnde iyilik egemen oluncaya kadar","publisher":{"@id":"https:\/\/tdv.org\/tr-TR\/#organization"},"alternateName":"T\u00fcrkiye Diyanet Vakf\u0131","potentialAction":[{"@type":"SearchAction","target":{"@type":"EntryPoint","urlTemplate":"https:\/\/tdv.org\/tr-TR\/?s={search_term_string}"},"query-input":{"@type":"PropertyValueSpecification","valueRequired":true,"valueName":"search_term_string"}}],"inLanguage":"tr"},{"@type":"Organization","@id":"https:\/\/tdv.org\/tr-TR\/#organization","name":"T\u00fcrkiye Diyanet Vakf\u0131","alternateName":"T\u00fcrkiye Diyanet Vakf\u0131","url":"https:\/\/tdv.org\/tr-TR\/","logo":{"@type":"ImageObject","inLanguage":"tr","@id":"https:\/\/tdv.org\/tr-TR\/#\/schema\/logo\/image\/","url":"https:\/\/tdv.org\/tr-TR\/wp-content\/uploads\/2018\/12\/TDV_Logo_1.png","contentUrl":"https:\/\/tdv.org\/tr-TR\/wp-content\/uploads\/2018\/12\/TDV_Logo_1.png","width":207,"height":71,"caption":"T\u00fcrkiye Diyanet Vakf\u0131"},"image":{"@id":"https:\/\/tdv.org\/tr-TR\/#\/schema\/logo\/image\/"},"sameAs":["https:\/\/www.facebook.com\/Diyanetvakfi\/","https:\/\/x.com\/DiyanetVakfi","https:\/\/www.instagram.com\/turkiyediyanetvakfi\/","https:\/\/www.youtube.com\/user\/TurkiyeDiyanetVakfi"]},{"@type":"Person","@id":"https:\/\/tdv.org\/tr-TR\/#\/schema\/person\/8dcf742852c4614c6fdadb92da159c05","name":"U\u011fur","image":{"@type":"ImageObject","inLanguage":"tr","@id":"https:\/\/tdv.org\/tr-TR\/wp-content\/litespeed\/avatar\/b970c0eba1124f8268544e2640bfa964.jpg?ver=1777289940","url":"https:\/\/tdv.org\/tr-TR\/wp-content\/litespeed\/avatar\/b970c0eba1124f8268544e2640bfa964.jpg?ver=1777289940","contentUrl":"https:\/\/tdv.org\/tr-TR\/wp-content\/litespeed\/avatar\/b970c0eba1124f8268544e2640bfa964.jpg?ver=1777289940","caption":"U\u011fur"}}]}},"_links":{"self":[{"href":"https:\/\/tdv.org\/tr-TR\/wp-json\/wp\/v2\/posts\/21559","targetHints":{"allow":["GET"]}}],"collection":[{"href":"https:\/\/tdv.org\/tr-TR\/wp-json\/wp\/v2\/posts"}],"about":[{"href":"https:\/\/tdv.org\/tr-TR\/wp-json\/wp\/v2\/types\/post"}],"author":[{"embeddable":true,"href":"https:\/\/tdv.org\/tr-TR\/wp-json\/wp\/v2\/users\/7"}],"replies":[{"embeddable":true,"href":"https:\/\/tdv.org\/tr-TR\/wp-json\/wp\/v2\/comments?post=21559"}],"version-history":[{"count":3,"href":"https:\/\/tdv.org\/tr-TR\/wp-json\/wp\/v2\/posts\/21559\/revisions"}],"predecessor-version":[{"id":21582,"href":"https:\/\/tdv.org\/tr-TR\/wp-json\/wp\/v2\/posts\/21559\/revisions\/21582"}],"wp:featuredmedia":[{"embeddable":true,"href":"https:\/\/tdv.org\/tr-TR\/wp-json\/wp\/v2\/media\/21573"}],"wp:attachment":[{"href":"https:\/\/tdv.org\/tr-TR\/wp-json\/wp\/v2\/media?parent=21559"}],"wp:term":[{"taxonomy":"category","embeddable":true,"href":"https:\/\/tdv.org\/tr-TR\/wp-json\/wp\/v2\/categories?post=21559"},{"taxonomy":"post_tag","embeddable":true,"href":"https:\/\/tdv.org\/tr-TR\/wp-json\/wp\/v2\/tags?post=21559"}],"curies":[{"name":"wp","href":"https:\/\/api.w.org\/{rel}","templated":true}]}}