{"id":21962,"date":"2022-04-20T11:08:12","date_gmt":"2022-04-20T08:08:12","guid":{"rendered":"https:\/\/tdv.org\/tr-TR\/?p=21962"},"modified":"2022-12-08T11:13:49","modified_gmt":"2022-12-08T08:13:49","slug":"turkiye-diyanet-vakfindan-kktcde-ihtiyac-sahiplerine-gida-yardimi","status":"publish","type":"post","link":"https:\/\/tdv.org\/tr-TR\/turkiye-diyanet-vakfindan-kktcde-ihtiyac-sahiplerine-gida-yardimi\/","title":{"rendered":"T\u00fcrkiye Diyanet Vakf\u0131ndan KKTC&#8217;de ihtiya\u00e7 sahiplerine g\u0131da yard\u0131m\u0131"},"content":{"rendered":"<p style=\"text-align: justify;\">T\u00fcrkiye Diyanet Vakf\u0131 (TDV), Kuzey K\u0131br\u0131s T\u00fcrk Cumhuriyeti&#8217;nde (KKTC) Ramazan dolay\u0131s\u0131yla yard\u0131m faaliyetlerine devam ediyor.<\/p>\n<p style=\"text-align: justify;\">Diyanet \u0130\u015fleri Ba\u015fkanl\u0131\u011f\u0131 ve TDV taraf\u0131ndan KKTC genelinde 500 paket g\u0131da yard\u0131m\u0131 yap\u0131ld\u0131.<\/p>\n<p style=\"text-align: justify;\">G\u0131da paketlerinin yan\u0131 s\u0131ra \u00e7ocuklar i\u00e7in \u015feker ve balon da\u011f\u0131t\u0131m\u0131 da ger\u00e7ekle\u015ftirildi.<\/p>\n<p style=\"text-align: justify;\">Vak\u0131ftan yap\u0131lan a\u00e7\u0131klamada, Ramazan s\u00fcresince Lefko\u015fa&#8217;da yer alan Hala Sultan Camisi&#8217;nde pazartesi ve \u00e7ar\u015famba iftar verilece\u011fi ve g\u0131da yard\u0131mlar\u0131n\u0131n KKTC genelinde devam edece\u011fi bildirildi.<\/p>\n<p style=\"text-align: justify;\">TDV Bilgi ve \u0130leti\u015fim Sistemleri M\u00fcd\u00fcr\u00fc Mustafa \u00c7eki\u00e7, yapt\u0131\u011f\u0131 a\u00e7\u0131klamada, T\u00fcrkiye&#8217;den Cumhurba\u015fkan\u0131 Recep Tayyip Erdo\u011fan ve Diyanet \u0130\u015fleri Ba\u015fkan\u0131 Ali Erba\u015f&#8217;\u0131n KKTC&#8217;deki vatanda\u015flara selam g\u00f6nderdi\u011fini belirtti.<\/p>\n<p style=\"text-align: justify;\">TDV&#8217;nin her y\u0131l oldu\u011fu gibi bu y\u0131l da d\u00fcnyan\u0131n d\u00f6rt bir taraf\u0131ndan mazlum ve ma\u011fdur co\u011frafyalarda iftar programlar\u0131 ve yard\u0131m kampanyalar\u0131 d\u00fczenledi\u011fini ifade eden \u00c7eki\u00e7, bu kapsamda KKTC&#8217;de de yard\u0131m faaliyetlerinde bulunduklar\u0131n\u0131 dile getirdi.<\/p>\n<p style=\"text-align: justify;\">TDV taraf\u0131ndan Ramazan faaliyetlerine y\u00f6nelik yap\u0131lan yaz\u0131l\u0131 a\u00e7\u0131klamada da \u015funlar kaydedildi:<\/p>\n<p style=\"text-align: justify;\">&#8220;Afrika\u2019dan Balkanlara, Asya\u2019dan Latin Amerika\u2019ya kadar d\u00fcnyan\u0131n d\u00f6rt bir yan\u0131ndaki karde\u015flerimize milletimizden ald\u0131\u011f\u0131m\u0131z emanetleri ula\u015ft\u0131rmay\u0131 kendimize bir bor\u00e7 olarak g\u00f6rmekte bu anlamda t\u00fcm zorluklar\u0131 a\u015fmak i\u00e7in \u00e7aba g\u00f6stermekteyiz. Bu y\u0131l da &#8216;Beklenen Sensin&#8217; temas\u0131yla d\u00fczenledi\u011fimiz Ramazan Program\u0131 kapsam\u0131nda d\u00fcnyan\u0131n 83 \u00fclkesinde haz\u0131rlad\u0131\u011f\u0131m\u0131z kumanyalar\u0131 karde\u015flerimize ula\u015ft\u0131r\u0131yor ve yetimler i\u00e7in bayram hediyeleri ile Ramazan co\u015fkusunu ya\u015famaya \u00e7al\u0131\u015f\u0131yoruz. Bizim g\u00f6n\u00fcl d\u00fcnyam\u0131zda can\u0131m\u0131zdan \u00e7ok sevdi\u011fimiz vatan\u0131m\u0131z T\u00fcrkiye ile karde\u015flerimizin ya\u015fad\u0131\u011f\u0131 topraklar aras\u0131nda hi\u00e7bir fark yoktur. \u00c7\u00fcnk\u00fc biz inan\u0131yoruz ki &#8216;\u0130nsanlar\u0131n en hay\u0131rl\u0131s\u0131 insanlara en \u00e7ok faydal\u0131 olan\u0131d\u0131r.&#8217; &#8220;<\/p>\n\n\t\t<style type=\"text\/css\">\n\t\t\t#gallery-1 {\n\t\t\t\tmargin: auto;\n\t\t\t}\n\t\t\t#gallery-1 .gallery-item {\n\t\t\t\tfloat: left;\n\t\t\t\tmargin-top: 10px;\n\t\t\t\ttext-align: center;\n\t\t\t\twidth: 33%;\n\t\t\t}\n\t\t\t#gallery-1 img {\n\t\t\t\tborder: 2px solid #cfcfcf;\n\t\t\t}\n\t\t\t#gallery-1 .gallery-caption {\n\t\t\t\tmargin-left: 0;\n\t\t\t}\n\t\t\t\/* see gallery_shortcode() in wp-includes\/media.php *\/\n\t\t<\/style>\n\t\t<div id='gallery-1' class='gallery galleryid-21962 gallery-columns-3 gallery-size-thumbnail'><dl class='gallery-item'>\n\t\t\t<dt class='gallery-icon landscape'>\n\t\t\t\t<a href='https:\/\/tdv.org\/tr-TR\/wp-content\/uploads\/2022\/04\/AA-20220419-27612128-27612121-TURKIYE_DIYANET_VAKFINDAN_KKTCDE_IHTIYAC_SAHIPLERINE_GIDA_YARDIMI.jpg'><img decoding=\"async\" width=\"150\" height=\"150\" src=\"https:\/\/tdv.org\/tr-TR\/wp-content\/uploads\/2022\/04\/AA-20220419-27612128-27612121-TURKIYE_DIYANET_VAKFINDAN_KKTCDE_IHTIYAC_SAHIPLERINE_GIDA_YARDIMI-150x150.jpg\" class=\"attachment-thumbnail size-thumbnail\" alt=\"\" srcset=\"https:\/\/tdv.org\/tr-TR\/wp-content\/uploads\/2022\/04\/AA-20220419-27612128-27612121-TURKIYE_DIYANET_VAKFINDAN_KKTCDE_IHTIYAC_SAHIPLERINE_GIDA_YARDIMI-150x150.jpg 150w, https:\/\/tdv.org\/tr-TR\/wp-content\/uploads\/2022\/04\/AA-20220419-27612128-27612121-TURKIYE_DIYANET_VAKFINDAN_KKTCDE_IHTIYAC_SAHIPLERINE_GIDA_YARDIMI-100x100.jpg 100w, https:\/\/tdv.org\/tr-TR\/wp-content\/uploads\/2022\/04\/AA-20220419-27612128-27612121-TURKIYE_DIYANET_VAKFINDAN_KKTCDE_IHTIYAC_SAHIPLERINE_GIDA_YARDIMI-140x140.jpg 140w, https:\/\/tdv.org\/tr-TR\/wp-content\/uploads\/2022\/04\/AA-20220419-27612128-27612121-TURKIYE_DIYANET_VAKFINDAN_KKTCDE_IHTIYAC_SAHIPLERINE_GIDA_YARDIMI-500x500.jpg 500w, https:\/\/tdv.org\/tr-TR\/wp-content\/uploads\/2022\/04\/AA-20220419-27612128-27612121-TURKIYE_DIYANET_VAKFINDAN_KKTCDE_IHTIYAC_SAHIPLERINE_GIDA_YARDIMI-350x350.jpg 350w, https:\/\/tdv.org\/tr-TR\/wp-content\/uploads\/2022\/04\/AA-20220419-27612128-27612121-TURKIYE_DIYANET_VAKFINDAN_KKTCDE_IHTIYAC_SAHIPLERINE_GIDA_YARDIMI-1000x1000.jpg 1000w, https:\/\/tdv.org\/tr-TR\/wp-content\/uploads\/2022\/04\/AA-20220419-27612128-27612121-TURKIYE_DIYANET_VAKFINDAN_KKTCDE_IHTIYAC_SAHIPLERINE_GIDA_YARDIMI-800x800.jpg 800w\" sizes=\"(max-width: 150px) 100vw, 150px\" \/><\/a>\n\t\t\t<\/dt><\/dl><dl class='gallery-item'>\n\t\t\t<dt class='gallery-icon landscape'>\n\t\t\t\t<a href='https:\/\/tdv.org\/tr-TR\/wp-content\/uploads\/2022\/04\/AA-20220419-27612128-27612122-TURKIYE_DIYANET_VAKFINDAN_KKTCDE_IHTIYAC_SAHIPLERINE_GIDA_YARDIMI.jpg'><img decoding=\"async\" width=\"150\" height=\"150\" src=\"https:\/\/tdv.org\/tr-TR\/wp-content\/uploads\/2022\/04\/AA-20220419-27612128-27612122-TURKIYE_DIYANET_VAKFINDAN_KKTCDE_IHTIYAC_SAHIPLERINE_GIDA_YARDIMI-150x150.jpg\" class=\"attachment-thumbnail size-thumbnail\" alt=\"\" srcset=\"https:\/\/tdv.org\/tr-TR\/wp-content\/uploads\/2022\/04\/AA-20220419-27612128-27612122-TURKIYE_DIYANET_VAKFINDAN_KKTCDE_IHTIYAC_SAHIPLERINE_GIDA_YARDIMI-150x150.jpg 150w, https:\/\/tdv.org\/tr-TR\/wp-content\/uploads\/2022\/04\/AA-20220419-27612128-27612122-TURKIYE_DIYANET_VAKFINDAN_KKTCDE_IHTIYAC_SAHIPLERINE_GIDA_YARDIMI-100x100.jpg 100w, https:\/\/tdv.org\/tr-TR\/wp-content\/uploads\/2022\/04\/AA-20220419-27612128-27612122-TURKIYE_DIYANET_VAKFINDAN_KKTCDE_IHTIYAC_SAHIPLERINE_GIDA_YARDIMI-140x140.jpg 140w, https:\/\/tdv.org\/tr-TR\/wp-content\/uploads\/2022\/04\/AA-20220419-27612128-27612122-TURKIYE_DIYANET_VAKFINDAN_KKTCDE_IHTIYAC_SAHIPLERINE_GIDA_YARDIMI-500x500.jpg 500w, https:\/\/tdv.org\/tr-TR\/wp-content\/uploads\/2022\/04\/AA-20220419-27612128-27612122-TURKIYE_DIYANET_VAKFINDAN_KKTCDE_IHTIYAC_SAHIPLERINE_GIDA_YARDIMI-350x350.jpg 350w, https:\/\/tdv.org\/tr-TR\/wp-content\/uploads\/2022\/04\/AA-20220419-27612128-27612122-TURKIYE_DIYANET_VAKFINDAN_KKTCDE_IHTIYAC_SAHIPLERINE_GIDA_YARDIMI-1000x1000.jpg 1000w, https:\/\/tdv.org\/tr-TR\/wp-content\/uploads\/2022\/04\/AA-20220419-27612128-27612122-TURKIYE_DIYANET_VAKFINDAN_KKTCDE_IHTIYAC_SAHIPLERINE_GIDA_YARDIMI-800x800.jpg 800w\" sizes=\"(max-width: 150px) 100vw, 150px\" \/><\/a>\n\t\t\t<\/dt><\/dl><dl class='gallery-item'>\n\t\t\t<dt class='gallery-icon landscape'>\n\t\t\t\t<a href='https:\/\/tdv.org\/tr-TR\/wp-content\/uploads\/2022\/04\/AA-20220419-27612128-27612123-TURKIYE_DIYANET_VAKFINDAN_KKTCDE_IHTIYAC_SAHIPLERINE_GIDA_YARDIMI.jpg'><img decoding=\"async\" width=\"150\" height=\"150\" src=\"https:\/\/tdv.org\/tr-TR\/wp-content\/uploads\/2022\/04\/AA-20220419-27612128-27612123-TURKIYE_DIYANET_VAKFINDAN_KKTCDE_IHTIYAC_SAHIPLERINE_GIDA_YARDIMI-150x150.jpg\" class=\"attachment-thumbnail size-thumbnail\" alt=\"\" srcset=\"https:\/\/tdv.org\/tr-TR\/wp-content\/uploads\/2022\/04\/AA-20220419-27612128-27612123-TURKIYE_DIYANET_VAKFINDAN_KKTCDE_IHTIYAC_SAHIPLERINE_GIDA_YARDIMI-150x150.jpg 150w, https:\/\/tdv.org\/tr-TR\/wp-content\/uploads\/2022\/04\/AA-20220419-27612128-27612123-TURKIYE_DIYANET_VAKFINDAN_KKTCDE_IHTIYAC_SAHIPLERINE_GIDA_YARDIMI-100x100.jpg 100w, https:\/\/tdv.org\/tr-TR\/wp-content\/uploads\/2022\/04\/AA-20220419-27612128-27612123-TURKIYE_DIYANET_VAKFINDAN_KKTCDE_IHTIYAC_SAHIPLERINE_GIDA_YARDIMI-140x140.jpg 140w, https:\/\/tdv.org\/tr-TR\/wp-content\/uploads\/2022\/04\/AA-20220419-27612128-27612123-TURKIYE_DIYANET_VAKFINDAN_KKTCDE_IHTIYAC_SAHIPLERINE_GIDA_YARDIMI-500x500.jpg 500w, https:\/\/tdv.org\/tr-TR\/wp-content\/uploads\/2022\/04\/AA-20220419-27612128-27612123-TURKIYE_DIYANET_VAKFINDAN_KKTCDE_IHTIYAC_SAHIPLERINE_GIDA_YARDIMI-350x350.jpg 350w, https:\/\/tdv.org\/tr-TR\/wp-content\/uploads\/2022\/04\/AA-20220419-27612128-27612123-TURKIYE_DIYANET_VAKFINDAN_KKTCDE_IHTIYAC_SAHIPLERINE_GIDA_YARDIMI-1000x1000.jpg 1000w, https:\/\/tdv.org\/tr-TR\/wp-content\/uploads\/2022\/04\/AA-20220419-27612128-27612123-TURKIYE_DIYANET_VAKFINDAN_KKTCDE_IHTIYAC_SAHIPLERINE_GIDA_YARDIMI-800x800.jpg 800w\" sizes=\"(max-width: 150px) 100vw, 150px\" \/><\/a>\n\t\t\t<\/dt><\/dl><br style=\"clear: both\" \/><dl class='gallery-item'>\n\t\t\t<dt class='gallery-icon landscape'>\n\t\t\t\t<a href='https:\/\/tdv.org\/tr-TR\/wp-content\/uploads\/2022\/04\/AA-20220419-27612128-27612124-TURKIYE_DIYANET_VAKFINDAN_KKTCDE_IHTIYAC_SAHIPLERINE_GIDA_YARDIMI.jpg'><img decoding=\"async\" width=\"150\" height=\"150\" src=\"https:\/\/tdv.org\/tr-TR\/wp-content\/uploads\/2022\/04\/AA-20220419-27612128-27612124-TURKIYE_DIYANET_VAKFINDAN_KKTCDE_IHTIYAC_SAHIPLERINE_GIDA_YARDIMI-150x150.jpg\" class=\"attachment-thumbnail size-thumbnail\" alt=\"\" srcset=\"https:\/\/tdv.org\/tr-TR\/wp-content\/uploads\/2022\/04\/AA-20220419-27612128-27612124-TURKIYE_DIYANET_VAKFINDAN_KKTCDE_IHTIYAC_SAHIPLERINE_GIDA_YARDIMI-150x150.jpg 150w, https:\/\/tdv.org\/tr-TR\/wp-content\/uploads\/2022\/04\/AA-20220419-27612128-27612124-TURKIYE_DIYANET_VAKFINDAN_KKTCDE_IHTIYAC_SAHIPLERINE_GIDA_YARDIMI-100x100.jpg 100w, https:\/\/tdv.org\/tr-TR\/wp-content\/uploads\/2022\/04\/AA-20220419-27612128-27612124-TURKIYE_DIYANET_VAKFINDAN_KKTCDE_IHTIYAC_SAHIPLERINE_GIDA_YARDIMI-140x140.jpg 140w, https:\/\/tdv.org\/tr-TR\/wp-content\/uploads\/2022\/04\/AA-20220419-27612128-27612124-TURKIYE_DIYANET_VAKFINDAN_KKTCDE_IHTIYAC_SAHIPLERINE_GIDA_YARDIMI-500x500.jpg 500w, https:\/\/tdv.org\/tr-TR\/wp-content\/uploads\/2022\/04\/AA-20220419-27612128-27612124-TURKIYE_DIYANET_VAKFINDAN_KKTCDE_IHTIYAC_SAHIPLERINE_GIDA_YARDIMI-350x350.jpg 350w, https:\/\/tdv.org\/tr-TR\/wp-content\/uploads\/2022\/04\/AA-20220419-27612128-27612124-TURKIYE_DIYANET_VAKFINDAN_KKTCDE_IHTIYAC_SAHIPLERINE_GIDA_YARDIMI-1000x1000.jpg 1000w, https:\/\/tdv.org\/tr-TR\/wp-content\/uploads\/2022\/04\/AA-20220419-27612128-27612124-TURKIYE_DIYANET_VAKFINDAN_KKTCDE_IHTIYAC_SAHIPLERINE_GIDA_YARDIMI-800x800.jpg 800w\" sizes=\"(max-width: 150px) 100vw, 150px\" \/><\/a>\n\t\t\t<\/dt><\/dl><dl class='gallery-item'>\n\t\t\t<dt class='gallery-icon landscape'>\n\t\t\t\t<a href='https:\/\/tdv.org\/tr-TR\/wp-content\/uploads\/2022\/04\/AA-20220419-27612128-27612125-TURKIYE_DIYANET_VAKFINDAN_KKTCDE_IHTIYAC_SAHIPLERINE_GIDA_YARDIMI.jpg'><img decoding=\"async\" width=\"150\" height=\"150\" src=\"https:\/\/tdv.org\/tr-TR\/wp-content\/uploads\/2022\/04\/AA-20220419-27612128-27612125-TURKIYE_DIYANET_VAKFINDAN_KKTCDE_IHTIYAC_SAHIPLERINE_GIDA_YARDIMI-150x150.jpg\" class=\"attachment-thumbnail size-thumbnail\" alt=\"\" srcset=\"https:\/\/tdv.org\/tr-TR\/wp-content\/uploads\/2022\/04\/AA-20220419-27612128-27612125-TURKIYE_DIYANET_VAKFINDAN_KKTCDE_IHTIYAC_SAHIPLERINE_GIDA_YARDIMI-150x150.jpg 150w, https:\/\/tdv.org\/tr-TR\/wp-content\/uploads\/2022\/04\/AA-20220419-27612128-27612125-TURKIYE_DIYANET_VAKFINDAN_KKTCDE_IHTIYAC_SAHIPLERINE_GIDA_YARDIMI-100x100.jpg 100w, https:\/\/tdv.org\/tr-TR\/wp-content\/uploads\/2022\/04\/AA-20220419-27612128-27612125-TURKIYE_DIYANET_VAKFINDAN_KKTCDE_IHTIYAC_SAHIPLERINE_GIDA_YARDIMI-140x140.jpg 140w, https:\/\/tdv.org\/tr-TR\/wp-content\/uploads\/2022\/04\/AA-20220419-27612128-27612125-TURKIYE_DIYANET_VAKFINDAN_KKTCDE_IHTIYAC_SAHIPLERINE_GIDA_YARDIMI-500x500.jpg 500w, https:\/\/tdv.org\/tr-TR\/wp-content\/uploads\/2022\/04\/AA-20220419-27612128-27612125-TURKIYE_DIYANET_VAKFINDAN_KKTCDE_IHTIYAC_SAHIPLERINE_GIDA_YARDIMI-350x350.jpg 350w, https:\/\/tdv.org\/tr-TR\/wp-content\/uploads\/2022\/04\/AA-20220419-27612128-27612125-TURKIYE_DIYANET_VAKFINDAN_KKTCDE_IHTIYAC_SAHIPLERINE_GIDA_YARDIMI-1000x1000.jpg 1000w, https:\/\/tdv.org\/tr-TR\/wp-content\/uploads\/2022\/04\/AA-20220419-27612128-27612125-TURKIYE_DIYANET_VAKFINDAN_KKTCDE_IHTIYAC_SAHIPLERINE_GIDA_YARDIMI-800x800.jpg 800w\" sizes=\"(max-width: 150px) 100vw, 150px\" \/><\/a>\n\t\t\t<\/dt><\/dl><dl class='gallery-item'>\n\t\t\t<dt class='gallery-icon landscape'>\n\t\t\t\t<a href='https:\/\/tdv.org\/tr-TR\/wp-content\/uploads\/2022\/04\/AA-20220419-27612128-27612127-TURKIYE_DIYANET_VAKFINDAN_KKTCDE_IHTIYAC_SAHIPLERINE_GIDA_YARDIMI.jpg'><img decoding=\"async\" width=\"150\" height=\"150\" src=\"https:\/\/tdv.org\/tr-TR\/wp-content\/uploads\/2022\/04\/AA-20220419-27612128-27612127-TURKIYE_DIYANET_VAKFINDAN_KKTCDE_IHTIYAC_SAHIPLERINE_GIDA_YARDIMI-150x150.jpg\" class=\"attachment-thumbnail size-thumbnail\" alt=\"\" srcset=\"https:\/\/tdv.org\/tr-TR\/wp-content\/uploads\/2022\/04\/AA-20220419-27612128-27612127-TURKIYE_DIYANET_VAKFINDAN_KKTCDE_IHTIYAC_SAHIPLERINE_GIDA_YARDIMI-150x150.jpg 150w, https:\/\/tdv.org\/tr-TR\/wp-content\/uploads\/2022\/04\/AA-20220419-27612128-27612127-TURKIYE_DIYANET_VAKFINDAN_KKTCDE_IHTIYAC_SAHIPLERINE_GIDA_YARDIMI-100x100.jpg 100w, https:\/\/tdv.org\/tr-TR\/wp-content\/uploads\/2022\/04\/AA-20220419-27612128-27612127-TURKIYE_DIYANET_VAKFINDAN_KKTCDE_IHTIYAC_SAHIPLERINE_GIDA_YARDIMI-140x140.jpg 140w, https:\/\/tdv.org\/tr-TR\/wp-content\/uploads\/2022\/04\/AA-20220419-27612128-27612127-TURKIYE_DIYANET_VAKFINDAN_KKTCDE_IHTIYAC_SAHIPLERINE_GIDA_YARDIMI-500x500.jpg 500w, https:\/\/tdv.org\/tr-TR\/wp-content\/uploads\/2022\/04\/AA-20220419-27612128-27612127-TURKIYE_DIYANET_VAKFINDAN_KKTCDE_IHTIYAC_SAHIPLERINE_GIDA_YARDIMI-350x350.jpg 350w, https:\/\/tdv.org\/tr-TR\/wp-content\/uploads\/2022\/04\/AA-20220419-27612128-27612127-TURKIYE_DIYANET_VAKFINDAN_KKTCDE_IHTIYAC_SAHIPLERINE_GIDA_YARDIMI-1000x1000.jpg 1000w, https:\/\/tdv.org\/tr-TR\/wp-content\/uploads\/2022\/04\/AA-20220419-27612128-27612127-TURKIYE_DIYANET_VAKFINDAN_KKTCDE_IHTIYAC_SAHIPLERINE_GIDA_YARDIMI-800x800.jpg 800w\" sizes=\"(max-width: 150px) 100vw, 150px\" \/><\/a>\n\t\t\t<\/dt><\/dl><br style=\"clear: both\" \/>\n\t\t<\/div>\n\n<p>&nbsp;<\/p>\n","protected":false},"excerpt":{"rendered":"<p>T\u00fcrkiye Diyanet Vakf\u0131 (TDV), Kuzey K\u0131br\u0131s T\u00fcrk Cumhuriyeti&#8217;nde (KKTC) Ramazan dolay\u0131s\u0131yla yard\u0131m faaliyetlerine devam ediyor. Diyanet \u0130\u015fleri Ba\u015fkanl\u0131\u011f\u0131 ve TDV taraf\u0131ndan KKTC genelinde 500 paket g\u0131da yard\u0131m\u0131 yap\u0131ld\u0131. G\u0131da paketlerinin&#8230;<\/p>\n","protected":false},"author":7,"featured_media":22000,"comment_status":"open","ping_status":"closed","sticky":false,"template":"","format":"standard","meta":{"footnotes":""},"categories":[1],"tags":[701,119,1348,107,478],"class_list":{"0":"post-21962","1":"post","2":"type-post","3":"status-publish","4":"format-standard","5":"has-post-thumbnail","7":"category-haberler","8":"tag-gida-paketi","9":"tag-iftar","10":"tag-kktc","11":"tag-ramazan","12":"tag-yardim"},"yoast_head":"<!-- This site is optimized with the Yoast SEO plugin v27.4 - https:\/\/yoast.com\/product\/yoast-seo-wordpress\/ -->\n<title>T\u00fcrkiye Diyanet Vakf\u0131ndan KKTC&#039;de ihtiya\u00e7 sahiplerine g\u0131da yard\u0131m\u0131<\/title>\n<meta name=\"description\" content=\"T\u00fcrkiye Diyanet Vakf\u0131 (TDV), Kuzey K\u0131br\u0131s T\u00fcrk Cumhuriyeti&#039;nde (KKTC) Ramazan dolay\u0131s\u0131yla yard\u0131m faaliyetlerine devam ediyor.\" \/>\n<meta name=\"robots\" content=\"index, follow, max-snippet:-1, max-image-preview:large, max-video-preview:-1\" \/>\n<link rel=\"canonical\" href=\"https:\/\/tdv.org\/tr-TR\/turkiye-diyanet-vakfindan-kktcde-ihtiyac-sahiplerine-gida-yardimi\/\" \/>\n<meta property=\"og:locale\" content=\"tr_TR\" \/>\n<meta property=\"og:type\" content=\"article\" \/>\n<meta property=\"og:title\" content=\"T\u00fcrkiye Diyanet Vakf\u0131ndan KKTC&#039;de ihtiya\u00e7 sahiplerine g\u0131da yard\u0131m\u0131\" \/>\n<meta property=\"og:description\" content=\"T\u00fcrkiye Diyanet Vakf\u0131 (TDV), Kuzey K\u0131br\u0131s T\u00fcrk Cumhuriyeti&#039;nde (KKTC) Ramazan dolay\u0131s\u0131yla yard\u0131m faaliyetlerine devam ediyor.\" \/>\n<meta property=\"og:url\" content=\"https:\/\/tdv.org\/tr-TR\/turkiye-diyanet-vakfindan-kktcde-ihtiyac-sahiplerine-gida-yardimi\/\" \/>\n<meta property=\"og:site_name\" content=\"T\u00fcrkiye Diyanet Vakf\u0131 Resmi Web Sitesi\" \/>\n<meta property=\"article:publisher\" content=\"https:\/\/www.facebook.com\/Diyanetvakfi\/\" \/>\n<meta property=\"article:published_time\" content=\"2022-04-20T08:08:12+00:00\" \/>\n<meta property=\"article:modified_time\" content=\"2022-12-08T08:13:49+00:00\" \/>\n<meta property=\"og:image\" content=\"https:\/\/tdv.org\/tr-TR\/wp-content\/uploads\/2022\/04\/AA-20220419-27612128-27612127-TURKIYE_DIYANET_VAKFINDAN_KKTCDE_IHTIYAC_SAHIPLERINE_GIDA_YARDIMI.jpg\" \/>\n\t<meta property=\"og:image:width\" content=\"2000\" \/>\n\t<meta property=\"og:image:height\" content=\"1333\" \/>\n\t<meta property=\"og:image:type\" content=\"image\/jpeg\" \/>\n<meta name=\"author\" content=\"U\u011fur\" \/>\n<meta name=\"twitter:card\" content=\"summary_large_image\" \/>\n<meta name=\"twitter:creator\" content=\"@DiyanetVakfi\" \/>\n<meta name=\"twitter:site\" content=\"@DiyanetVakfi\" \/>\n<script type=\"application\/ld+json\" class=\"yoast-schema-graph\">{\"@context\":\"https:\\\/\\\/schema.org\",\"@graph\":[{\"@type\":\"Article\",\"@id\":\"https:\\\/\\\/tdv.org\\\/tr-TR\\\/turkiye-diyanet-vakfindan-kktcde-ihtiyac-sahiplerine-gida-yardimi\\\/#article\",\"isPartOf\":{\"@id\":\"https:\\\/\\\/tdv.org\\\/tr-TR\\\/turkiye-diyanet-vakfindan-kktcde-ihtiyac-sahiplerine-gida-yardimi\\\/\"},\"author\":{\"name\":\"U\u011fur\",\"@id\":\"https:\\\/\\\/tdv.org\\\/tr-TR\\\/#\\\/schema\\\/person\\\/8dcf742852c4614c6fdadb92da159c05\"},\"headline\":\"T\u00fcrkiye Diyanet Vakf\u0131ndan KKTC&#8217;de ihtiya\u00e7 sahiplerine g\u0131da yard\u0131m\u0131\",\"datePublished\":\"2022-04-20T08:08:12+00:00\",\"dateModified\":\"2022-12-08T08:13:49+00:00\",\"mainEntityOfPage\":{\"@id\":\"https:\\\/\\\/tdv.org\\\/tr-TR\\\/turkiye-diyanet-vakfindan-kktcde-ihtiyac-sahiplerine-gida-yardimi\\\/\"},\"wordCount\":358,\"commentCount\":0,\"publisher\":{\"@id\":\"https:\\\/\\\/tdv.org\\\/tr-TR\\\/#organization\"},\"image\":{\"@id\":\"https:\\\/\\\/tdv.org\\\/tr-TR\\\/turkiye-diyanet-vakfindan-kktcde-ihtiyac-sahiplerine-gida-yardimi\\\/#primaryimage\"},\"thumbnailUrl\":\"https:\\\/\\\/tdv.org\\\/tr-TR\\\/wp-content\\\/uploads\\\/2022\\\/04\\\/AA-20220419-27612128-27612127-TURKIYE_DIYANET_VAKFINDAN_KKTCDE_IHTIYAC_SAHIPLERINE_GIDA_YARDIMI.jpg\",\"keywords\":[\"g\u0131da paketi\",\"iftar\",\"KKTC\",\"ramazan\",\"yard\u0131m\"],\"articleSection\":[\"Haberler\"],\"inLanguage\":\"tr\",\"potentialAction\":[{\"@type\":\"CommentAction\",\"name\":\"Comment\",\"target\":[\"https:\\\/\\\/tdv.org\\\/tr-TR\\\/turkiye-diyanet-vakfindan-kktcde-ihtiyac-sahiplerine-gida-yardimi\\\/#respond\"]}]},{\"@type\":\"WebPage\",\"@id\":\"https:\\\/\\\/tdv.org\\\/tr-TR\\\/turkiye-diyanet-vakfindan-kktcde-ihtiyac-sahiplerine-gida-yardimi\\\/\",\"url\":\"https:\\\/\\\/tdv.org\\\/tr-TR\\\/turkiye-diyanet-vakfindan-kktcde-ihtiyac-sahiplerine-gida-yardimi\\\/\",\"name\":\"T\u00fcrkiye Diyanet Vakf\u0131ndan KKTC'de ihtiya\u00e7 sahiplerine g\u0131da yard\u0131m\u0131\",\"isPartOf\":{\"@id\":\"https:\\\/\\\/tdv.org\\\/tr-TR\\\/#website\"},\"primaryImageOfPage\":{\"@id\":\"https:\\\/\\\/tdv.org\\\/tr-TR\\\/turkiye-diyanet-vakfindan-kktcde-ihtiyac-sahiplerine-gida-yardimi\\\/#primaryimage\"},\"image\":{\"@id\":\"https:\\\/\\\/tdv.org\\\/tr-TR\\\/turkiye-diyanet-vakfindan-kktcde-ihtiyac-sahiplerine-gida-yardimi\\\/#primaryimage\"},\"thumbnailUrl\":\"https:\\\/\\\/tdv.org\\\/tr-TR\\\/wp-content\\\/uploads\\\/2022\\\/04\\\/AA-20220419-27612128-27612127-TURKIYE_DIYANET_VAKFINDAN_KKTCDE_IHTIYAC_SAHIPLERINE_GIDA_YARDIMI.jpg\",\"datePublished\":\"2022-04-20T08:08:12+00:00\",\"dateModified\":\"2022-12-08T08:13:49+00:00\",\"description\":\"T\u00fcrkiye Diyanet Vakf\u0131 (TDV), Kuzey K\u0131br\u0131s T\u00fcrk Cumhuriyeti'nde (KKTC) Ramazan dolay\u0131s\u0131yla yard\u0131m faaliyetlerine devam ediyor.\",\"breadcrumb\":{\"@id\":\"https:\\\/\\\/tdv.org\\\/tr-TR\\\/turkiye-diyanet-vakfindan-kktcde-ihtiyac-sahiplerine-gida-yardimi\\\/#breadcrumb\"},\"inLanguage\":\"tr\",\"potentialAction\":[{\"@type\":\"ReadAction\",\"target\":[\"https:\\\/\\\/tdv.org\\\/tr-TR\\\/turkiye-diyanet-vakfindan-kktcde-ihtiyac-sahiplerine-gida-yardimi\\\/\"]}]},{\"@type\":\"ImageObject\",\"inLanguage\":\"tr\",\"@id\":\"https:\\\/\\\/tdv.org\\\/tr-TR\\\/turkiye-diyanet-vakfindan-kktcde-ihtiyac-sahiplerine-gida-yardimi\\\/#primaryimage\",\"url\":\"https:\\\/\\\/tdv.org\\\/tr-TR\\\/wp-content\\\/uploads\\\/2022\\\/04\\\/AA-20220419-27612128-27612127-TURKIYE_DIYANET_VAKFINDAN_KKTCDE_IHTIYAC_SAHIPLERINE_GIDA_YARDIMI.jpg\",\"contentUrl\":\"https:\\\/\\\/tdv.org\\\/tr-TR\\\/wp-content\\\/uploads\\\/2022\\\/04\\\/AA-20220419-27612128-27612127-TURKIYE_DIYANET_VAKFINDAN_KKTCDE_IHTIYAC_SAHIPLERINE_GIDA_YARDIMI.jpg\",\"width\":2000,\"height\":1333},{\"@type\":\"BreadcrumbList\",\"@id\":\"https:\\\/\\\/tdv.org\\\/tr-TR\\\/turkiye-diyanet-vakfindan-kktcde-ihtiyac-sahiplerine-gida-yardimi\\\/#breadcrumb\",\"itemListElement\":[{\"@type\":\"ListItem\",\"position\":1,\"name\":\"Anasayfa\",\"item\":\"https:\\\/\\\/tdv.org\\\/tr-TR\\\/\"},{\"@type\":\"ListItem\",\"position\":2,\"name\":\"T\u00fcrkiye Diyanet Vakf\u0131ndan KKTC&#8217;de ihtiya\u00e7 sahiplerine g\u0131da yard\u0131m\u0131\"}]},{\"@type\":\"WebSite\",\"@id\":\"https:\\\/\\\/tdv.org\\\/tr-TR\\\/#website\",\"url\":\"https:\\\/\\\/tdv.org\\\/tr-TR\\\/\",\"name\":\"T\u00fcrkiye Diyanet Vakf\u0131 Resmi Web Sitesi\",\"description\":\"Yery\u00fcz\u00fcnde iyilik egemen oluncaya kadar\",\"publisher\":{\"@id\":\"https:\\\/\\\/tdv.org\\\/tr-TR\\\/#organization\"},\"alternateName\":\"T\u00fcrkiye Diyanet Vakf\u0131\",\"potentialAction\":[{\"@type\":\"SearchAction\",\"target\":{\"@type\":\"EntryPoint\",\"urlTemplate\":\"https:\\\/\\\/tdv.org\\\/tr-TR\\\/?s={search_term_string}\"},\"query-input\":{\"@type\":\"PropertyValueSpecification\",\"valueRequired\":true,\"valueName\":\"search_term_string\"}}],\"inLanguage\":\"tr\"},{\"@type\":\"Organization\",\"@id\":\"https:\\\/\\\/tdv.org\\\/tr-TR\\\/#organization\",\"name\":\"T\u00fcrkiye Diyanet Vakf\u0131\",\"alternateName\":\"T\u00fcrkiye Diyanet Vakf\u0131\",\"url\":\"https:\\\/\\\/tdv.org\\\/tr-TR\\\/\",\"logo\":{\"@type\":\"ImageObject\",\"inLanguage\":\"tr\",\"@id\":\"https:\\\/\\\/tdv.org\\\/tr-TR\\\/#\\\/schema\\\/logo\\\/image\\\/\",\"url\":\"https:\\\/\\\/tdv.org\\\/tr-TR\\\/wp-content\\\/uploads\\\/2018\\\/12\\\/TDV_Logo_1.png\",\"contentUrl\":\"https:\\\/\\\/tdv.org\\\/tr-TR\\\/wp-content\\\/uploads\\\/2018\\\/12\\\/TDV_Logo_1.png\",\"width\":207,\"height\":71,\"caption\":\"T\u00fcrkiye Diyanet Vakf\u0131\"},\"image\":{\"@id\":\"https:\\\/\\\/tdv.org\\\/tr-TR\\\/#\\\/schema\\\/logo\\\/image\\\/\"},\"sameAs\":[\"https:\\\/\\\/www.facebook.com\\\/Diyanetvakfi\\\/\",\"https:\\\/\\\/x.com\\\/DiyanetVakfi\",\"https:\\\/\\\/www.instagram.com\\\/turkiyediyanetvakfi\\\/\",\"https:\\\/\\\/www.youtube.com\\\/user\\\/TurkiyeDiyanetVakfi\"]},{\"@type\":\"Person\",\"@id\":\"https:\\\/\\\/tdv.org\\\/tr-TR\\\/#\\\/schema\\\/person\\\/8dcf742852c4614c6fdadb92da159c05\",\"name\":\"U\u011fur\",\"image\":{\"@type\":\"ImageObject\",\"inLanguage\":\"tr\",\"@id\":\"https:\\\/\\\/tdv.org\\\/tr-TR\\\/wp-content\\\/litespeed\\\/avatar\\\/b970c0eba1124f8268544e2640bfa964.jpg?ver=1777289940\",\"url\":\"https:\\\/\\\/tdv.org\\\/tr-TR\\\/wp-content\\\/litespeed\\\/avatar\\\/b970c0eba1124f8268544e2640bfa964.jpg?ver=1777289940\",\"contentUrl\":\"https:\\\/\\\/tdv.org\\\/tr-TR\\\/wp-content\\\/litespeed\\\/avatar\\\/b970c0eba1124f8268544e2640bfa964.jpg?ver=1777289940\",\"caption\":\"U\u011fur\"}}]}<\/script>\n<!-- \/ Yoast SEO plugin. -->","yoast_head_json":{"title":"T\u00fcrkiye Diyanet Vakf\u0131ndan KKTC'de ihtiya\u00e7 sahiplerine g\u0131da yard\u0131m\u0131","description":"T\u00fcrkiye Diyanet Vakf\u0131 (TDV), Kuzey K\u0131br\u0131s T\u00fcrk Cumhuriyeti'nde (KKTC) Ramazan dolay\u0131s\u0131yla yard\u0131m faaliyetlerine devam ediyor.","robots":{"index":"index","follow":"follow","max-snippet":"max-snippet:-1","max-image-preview":"max-image-preview:large","max-video-preview":"max-video-preview:-1"},"canonical":"https:\/\/tdv.org\/tr-TR\/turkiye-diyanet-vakfindan-kktcde-ihtiyac-sahiplerine-gida-yardimi\/","og_locale":"tr_TR","og_type":"article","og_title":"T\u00fcrkiye Diyanet Vakf\u0131ndan KKTC'de ihtiya\u00e7 sahiplerine g\u0131da yard\u0131m\u0131","og_description":"T\u00fcrkiye Diyanet Vakf\u0131 (TDV), Kuzey K\u0131br\u0131s T\u00fcrk Cumhuriyeti'nde (KKTC) Ramazan dolay\u0131s\u0131yla yard\u0131m faaliyetlerine devam ediyor.","og_url":"https:\/\/tdv.org\/tr-TR\/turkiye-diyanet-vakfindan-kktcde-ihtiyac-sahiplerine-gida-yardimi\/","og_site_name":"T\u00fcrkiye Diyanet Vakf\u0131 Resmi Web Sitesi","article_publisher":"https:\/\/www.facebook.com\/Diyanetvakfi\/","article_published_time":"2022-04-20T08:08:12+00:00","article_modified_time":"2022-12-08T08:13:49+00:00","og_image":[{"width":2000,"height":1333,"url":"https:\/\/tdv.org\/tr-TR\/wp-content\/uploads\/2022\/04\/AA-20220419-27612128-27612127-TURKIYE_DIYANET_VAKFINDAN_KKTCDE_IHTIYAC_SAHIPLERINE_GIDA_YARDIMI.jpg","type":"image\/jpeg"}],"author":"U\u011fur","twitter_card":"summary_large_image","twitter_creator":"@DiyanetVakfi","twitter_site":"@DiyanetVakfi","schema":{"@context":"https:\/\/schema.org","@graph":[{"@type":"Article","@id":"https:\/\/tdv.org\/tr-TR\/turkiye-diyanet-vakfindan-kktcde-ihtiyac-sahiplerine-gida-yardimi\/#article","isPartOf":{"@id":"https:\/\/tdv.org\/tr-TR\/turkiye-diyanet-vakfindan-kktcde-ihtiyac-sahiplerine-gida-yardimi\/"},"author":{"name":"U\u011fur","@id":"https:\/\/tdv.org\/tr-TR\/#\/schema\/person\/8dcf742852c4614c6fdadb92da159c05"},"headline":"T\u00fcrkiye Diyanet Vakf\u0131ndan KKTC&#8217;de ihtiya\u00e7 sahiplerine g\u0131da yard\u0131m\u0131","datePublished":"2022-04-20T08:08:12+00:00","dateModified":"2022-12-08T08:13:49+00:00","mainEntityOfPage":{"@id":"https:\/\/tdv.org\/tr-TR\/turkiye-diyanet-vakfindan-kktcde-ihtiyac-sahiplerine-gida-yardimi\/"},"wordCount":358,"commentCount":0,"publisher":{"@id":"https:\/\/tdv.org\/tr-TR\/#organization"},"image":{"@id":"https:\/\/tdv.org\/tr-TR\/turkiye-diyanet-vakfindan-kktcde-ihtiyac-sahiplerine-gida-yardimi\/#primaryimage"},"thumbnailUrl":"https:\/\/tdv.org\/tr-TR\/wp-content\/uploads\/2022\/04\/AA-20220419-27612128-27612127-TURKIYE_DIYANET_VAKFINDAN_KKTCDE_IHTIYAC_SAHIPLERINE_GIDA_YARDIMI.jpg","keywords":["g\u0131da paketi","iftar","KKTC","ramazan","yard\u0131m"],"articleSection":["Haberler"],"inLanguage":"tr","potentialAction":[{"@type":"CommentAction","name":"Comment","target":["https:\/\/tdv.org\/tr-TR\/turkiye-diyanet-vakfindan-kktcde-ihtiyac-sahiplerine-gida-yardimi\/#respond"]}]},{"@type":"WebPage","@id":"https:\/\/tdv.org\/tr-TR\/turkiye-diyanet-vakfindan-kktcde-ihtiyac-sahiplerine-gida-yardimi\/","url":"https:\/\/tdv.org\/tr-TR\/turkiye-diyanet-vakfindan-kktcde-ihtiyac-sahiplerine-gida-yardimi\/","name":"T\u00fcrkiye Diyanet Vakf\u0131ndan KKTC'de ihtiya\u00e7 sahiplerine g\u0131da yard\u0131m\u0131","isPartOf":{"@id":"https:\/\/tdv.org\/tr-TR\/#website"},"primaryImageOfPage":{"@id":"https:\/\/tdv.org\/tr-TR\/turkiye-diyanet-vakfindan-kktcde-ihtiyac-sahiplerine-gida-yardimi\/#primaryimage"},"image":{"@id":"https:\/\/tdv.org\/tr-TR\/turkiye-diyanet-vakfindan-kktcde-ihtiyac-sahiplerine-gida-yardimi\/#primaryimage"},"thumbnailUrl":"https:\/\/tdv.org\/tr-TR\/wp-content\/uploads\/2022\/04\/AA-20220419-27612128-27612127-TURKIYE_DIYANET_VAKFINDAN_KKTCDE_IHTIYAC_SAHIPLERINE_GIDA_YARDIMI.jpg","datePublished":"2022-04-20T08:08:12+00:00","dateModified":"2022-12-08T08:13:49+00:00","description":"T\u00fcrkiye Diyanet Vakf\u0131 (TDV), Kuzey K\u0131br\u0131s T\u00fcrk Cumhuriyeti'nde (KKTC) Ramazan dolay\u0131s\u0131yla yard\u0131m faaliyetlerine devam ediyor.","breadcrumb":{"@id":"https:\/\/tdv.org\/tr-TR\/turkiye-diyanet-vakfindan-kktcde-ihtiyac-sahiplerine-gida-yardimi\/#breadcrumb"},"inLanguage":"tr","potentialAction":[{"@type":"ReadAction","target":["https:\/\/tdv.org\/tr-TR\/turkiye-diyanet-vakfindan-kktcde-ihtiyac-sahiplerine-gida-yardimi\/"]}]},{"@type":"ImageObject","inLanguage":"tr","@id":"https:\/\/tdv.org\/tr-TR\/turkiye-diyanet-vakfindan-kktcde-ihtiyac-sahiplerine-gida-yardimi\/#primaryimage","url":"https:\/\/tdv.org\/tr-TR\/wp-content\/uploads\/2022\/04\/AA-20220419-27612128-27612127-TURKIYE_DIYANET_VAKFINDAN_KKTCDE_IHTIYAC_SAHIPLERINE_GIDA_YARDIMI.jpg","contentUrl":"https:\/\/tdv.org\/tr-TR\/wp-content\/uploads\/2022\/04\/AA-20220419-27612128-27612127-TURKIYE_DIYANET_VAKFINDAN_KKTCDE_IHTIYAC_SAHIPLERINE_GIDA_YARDIMI.jpg","width":2000,"height":1333},{"@type":"BreadcrumbList","@id":"https:\/\/tdv.org\/tr-TR\/turkiye-diyanet-vakfindan-kktcde-ihtiyac-sahiplerine-gida-yardimi\/#breadcrumb","itemListElement":[{"@type":"ListItem","position":1,"name":"Anasayfa","item":"https:\/\/tdv.org\/tr-TR\/"},{"@type":"ListItem","position":2,"name":"T\u00fcrkiye Diyanet Vakf\u0131ndan KKTC&#8217;de ihtiya\u00e7 sahiplerine g\u0131da yard\u0131m\u0131"}]},{"@type":"WebSite","@id":"https:\/\/tdv.org\/tr-TR\/#website","url":"https:\/\/tdv.org\/tr-TR\/","name":"T\u00fcrkiye Diyanet Vakf\u0131 Resmi Web Sitesi","description":"Yery\u00fcz\u00fcnde iyilik egemen oluncaya kadar","publisher":{"@id":"https:\/\/tdv.org\/tr-TR\/#organization"},"alternateName":"T\u00fcrkiye Diyanet Vakf\u0131","potentialAction":[{"@type":"SearchAction","target":{"@type":"EntryPoint","urlTemplate":"https:\/\/tdv.org\/tr-TR\/?s={search_term_string}"},"query-input":{"@type":"PropertyValueSpecification","valueRequired":true,"valueName":"search_term_string"}}],"inLanguage":"tr"},{"@type":"Organization","@id":"https:\/\/tdv.org\/tr-TR\/#organization","name":"T\u00fcrkiye Diyanet Vakf\u0131","alternateName":"T\u00fcrkiye Diyanet Vakf\u0131","url":"https:\/\/tdv.org\/tr-TR\/","logo":{"@type":"ImageObject","inLanguage":"tr","@id":"https:\/\/tdv.org\/tr-TR\/#\/schema\/logo\/image\/","url":"https:\/\/tdv.org\/tr-TR\/wp-content\/uploads\/2018\/12\/TDV_Logo_1.png","contentUrl":"https:\/\/tdv.org\/tr-TR\/wp-content\/uploads\/2018\/12\/TDV_Logo_1.png","width":207,"height":71,"caption":"T\u00fcrkiye Diyanet Vakf\u0131"},"image":{"@id":"https:\/\/tdv.org\/tr-TR\/#\/schema\/logo\/image\/"},"sameAs":["https:\/\/www.facebook.com\/Diyanetvakfi\/","https:\/\/x.com\/DiyanetVakfi","https:\/\/www.instagram.com\/turkiyediyanetvakfi\/","https:\/\/www.youtube.com\/user\/TurkiyeDiyanetVakfi"]},{"@type":"Person","@id":"https:\/\/tdv.org\/tr-TR\/#\/schema\/person\/8dcf742852c4614c6fdadb92da159c05","name":"U\u011fur","image":{"@type":"ImageObject","inLanguage":"tr","@id":"https:\/\/tdv.org\/tr-TR\/wp-content\/litespeed\/avatar\/b970c0eba1124f8268544e2640bfa964.jpg?ver=1777289940","url":"https:\/\/tdv.org\/tr-TR\/wp-content\/litespeed\/avatar\/b970c0eba1124f8268544e2640bfa964.jpg?ver=1777289940","contentUrl":"https:\/\/tdv.org\/tr-TR\/wp-content\/litespeed\/avatar\/b970c0eba1124f8268544e2640bfa964.jpg?ver=1777289940","caption":"U\u011fur"}}]}},"_links":{"self":[{"href":"https:\/\/tdv.org\/tr-TR\/wp-json\/wp\/v2\/posts\/21962","targetHints":{"allow":["GET"]}}],"collection":[{"href":"https:\/\/tdv.org\/tr-TR\/wp-json\/wp\/v2\/posts"}],"about":[{"href":"https:\/\/tdv.org\/tr-TR\/wp-json\/wp\/v2\/types\/post"}],"author":[{"embeddable":true,"href":"https:\/\/tdv.org\/tr-TR\/wp-json\/wp\/v2\/users\/7"}],"replies":[{"embeddable":true,"href":"https:\/\/tdv.org\/tr-TR\/wp-json\/wp\/v2\/comments?post=21962"}],"version-history":[{"count":1,"href":"https:\/\/tdv.org\/tr-TR\/wp-json\/wp\/v2\/posts\/21962\/revisions"}],"predecessor-version":[{"id":22025,"href":"https:\/\/tdv.org\/tr-TR\/wp-json\/wp\/v2\/posts\/21962\/revisions\/22025"}],"wp:featuredmedia":[{"embeddable":true,"href":"https:\/\/tdv.org\/tr-TR\/wp-json\/wp\/v2\/media\/22000"}],"wp:attachment":[{"href":"https:\/\/tdv.org\/tr-TR\/wp-json\/wp\/v2\/media?parent=21962"}],"wp:term":[{"taxonomy":"category","embeddable":true,"href":"https:\/\/tdv.org\/tr-TR\/wp-json\/wp\/v2\/categories?post=21962"},{"taxonomy":"post_tag","embeddable":true,"href":"https:\/\/tdv.org\/tr-TR\/wp-json\/wp\/v2\/tags?post=21962"}],"curies":[{"name":"wp","href":"https:\/\/api.w.org\/{rel}","templated":true}]}}