{"id":22029,"date":"2022-04-20T11:12:45","date_gmt":"2022-04-20T08:12:45","guid":{"rendered":"https:\/\/tdv.org\/tr-TR\/?p=22029"},"modified":"2022-12-08T11:13:31","modified_gmt":"2022-12-08T08:13:31","slug":"turkiye-diyanet-vakfindan-sudandaki-afrikali-ogrencilere-iftar","status":"publish","type":"post","link":"https:\/\/tdv.org\/tr-TR\/turkiye-diyanet-vakfindan-sudandaki-afrikali-ogrencilere-iftar\/","title":{"rendered":"T\u00fcrkiye Diyanet Vakf\u0131ndan, Sudan&#8217;daki Afrikal\u0131 \u00f6\u011frencilere iftar"},"content":{"rendered":"<p style=\"text-align: justify;\">T\u00fcrkiye Diyanet Vakf\u0131 (TDV), Sudan&#8217;\u0131n ba\u015fkenti Hartum&#8217;daki Uluslararas\u0131 Afrika \u00dcniversitesi&#8217;nde e\u011fitim g\u00f6ren \u00f6\u011frencileri iftarda bulu\u015fturdu.<\/p>\n<p style=\"text-align: justify;\">Hartum Yunus Emre Enstit\u00fcs\u00fc bah\u00e7esindeki programa, T\u00fcrkiye&#8217;nin Hartum B\u00fcy\u00fckel\u00e7isi \u0130rfan Neziro\u011flu, Din \u0130\u015fleri M\u00fc\u015faviri ve TDV Sudan Temsilcisi Abdullah \u015een, E\u011fitim M\u00fc\u015faviri G\u00f6khan Bozba\u015f ve yakla\u015f\u0131k 200 \u00f6\u011frenci kat\u0131ld\u0131.<\/p>\n<p style=\"text-align: justify;\">Programda \u00f6\u011frencilere T\u00fcrk\u00e7e ve T\u00fcrkiye&#8217;deki e\u011fitim imkanlar\u0131 hakk\u0131nda bilgi verildi.<\/p>\n<p style=\"text-align: justify;\">\u0130ftar program\u0131, toplu foto\u011fraf \u00e7ekiminin ard\u0131ndan sona erdi.<\/p>\n\n\t\t<style type=\"text\/css\">\n\t\t\t#gallery-1 {\n\t\t\t\tmargin: auto;\n\t\t\t}\n\t\t\t#gallery-1 .gallery-item {\n\t\t\t\tfloat: left;\n\t\t\t\tmargin-top: 10px;\n\t\t\t\ttext-align: center;\n\t\t\t\twidth: 33%;\n\t\t\t}\n\t\t\t#gallery-1 img {\n\t\t\t\tborder: 2px solid #cfcfcf;\n\t\t\t}\n\t\t\t#gallery-1 .gallery-caption {\n\t\t\t\tmargin-left: 0;\n\t\t\t}\n\t\t\t\/* see gallery_shortcode() in wp-includes\/media.php *\/\n\t\t<\/style>\n\t\t<div id='gallery-1' class='gallery galleryid-22029 gallery-columns-3 gallery-size-thumbnail'><dl class='gallery-item'>\n\t\t\t<dt class='gallery-icon landscape'>\n\t\t\t\t<a href='https:\/\/tdv.org\/tr-TR\/wp-content\/uploads\/2022\/04\/AA-20220419-27613917-27613915-TURKIYE_DIYANET_VAKFINDAN_SUDANDAKI_AFRIKALI_OGRENCILERE_IFTAR.jpg'><img decoding=\"async\" width=\"150\" height=\"150\" src=\"https:\/\/tdv.org\/tr-TR\/wp-content\/uploads\/2022\/04\/AA-20220419-27613917-27613915-TURKIYE_DIYANET_VAKFINDAN_SUDANDAKI_AFRIKALI_OGRENCILERE_IFTAR-150x150.jpg\" class=\"attachment-thumbnail size-thumbnail\" alt=\"\" srcset=\"https:\/\/tdv.org\/tr-TR\/wp-content\/uploads\/2022\/04\/AA-20220419-27613917-27613915-TURKIYE_DIYANET_VAKFINDAN_SUDANDAKI_AFRIKALI_OGRENCILERE_IFTAR-150x150.jpg 150w, https:\/\/tdv.org\/tr-TR\/wp-content\/uploads\/2022\/04\/AA-20220419-27613917-27613915-TURKIYE_DIYANET_VAKFINDAN_SUDANDAKI_AFRIKALI_OGRENCILERE_IFTAR-100x100.jpg 100w, https:\/\/tdv.org\/tr-TR\/wp-content\/uploads\/2022\/04\/AA-20220419-27613917-27613915-TURKIYE_DIYANET_VAKFINDAN_SUDANDAKI_AFRIKALI_OGRENCILERE_IFTAR-140x140.jpg 140w, https:\/\/tdv.org\/tr-TR\/wp-content\/uploads\/2022\/04\/AA-20220419-27613917-27613915-TURKIYE_DIYANET_VAKFINDAN_SUDANDAKI_AFRIKALI_OGRENCILERE_IFTAR-500x500.jpg 500w, https:\/\/tdv.org\/tr-TR\/wp-content\/uploads\/2022\/04\/AA-20220419-27613917-27613915-TURKIYE_DIYANET_VAKFINDAN_SUDANDAKI_AFRIKALI_OGRENCILERE_IFTAR-350x350.jpg 350w, https:\/\/tdv.org\/tr-TR\/wp-content\/uploads\/2022\/04\/AA-20220419-27613917-27613915-TURKIYE_DIYANET_VAKFINDAN_SUDANDAKI_AFRIKALI_OGRENCILERE_IFTAR-800x800.jpg 800w\" sizes=\"(max-width: 150px) 100vw, 150px\" \/><\/a>\n\t\t\t<\/dt><\/dl><dl class='gallery-item'>\n\t\t\t<dt class='gallery-icon landscape'>\n\t\t\t\t<a href='https:\/\/tdv.org\/tr-TR\/wp-content\/uploads\/2022\/04\/AA-20220419-27613917-27613916-TURKIYE_DIYANET_VAKFINDAN_SUDANDAKI_AFRIKALI_OGRENCILERE_IFTAR.jpg'><img decoding=\"async\" width=\"150\" height=\"150\" src=\"https:\/\/tdv.org\/tr-TR\/wp-content\/uploads\/2022\/04\/AA-20220419-27613917-27613916-TURKIYE_DIYANET_VAKFINDAN_SUDANDAKI_AFRIKALI_OGRENCILERE_IFTAR-150x150.jpg\" class=\"attachment-thumbnail size-thumbnail\" alt=\"\" srcset=\"https:\/\/tdv.org\/tr-TR\/wp-content\/uploads\/2022\/04\/AA-20220419-27613917-27613916-TURKIYE_DIYANET_VAKFINDAN_SUDANDAKI_AFRIKALI_OGRENCILERE_IFTAR-150x150.jpg 150w, https:\/\/tdv.org\/tr-TR\/wp-content\/uploads\/2022\/04\/AA-20220419-27613917-27613916-TURKIYE_DIYANET_VAKFINDAN_SUDANDAKI_AFRIKALI_OGRENCILERE_IFTAR-100x100.jpg 100w, https:\/\/tdv.org\/tr-TR\/wp-content\/uploads\/2022\/04\/AA-20220419-27613917-27613916-TURKIYE_DIYANET_VAKFINDAN_SUDANDAKI_AFRIKALI_OGRENCILERE_IFTAR-140x140.jpg 140w, https:\/\/tdv.org\/tr-TR\/wp-content\/uploads\/2022\/04\/AA-20220419-27613917-27613916-TURKIYE_DIYANET_VAKFINDAN_SUDANDAKI_AFRIKALI_OGRENCILERE_IFTAR-500x500.jpg 500w, https:\/\/tdv.org\/tr-TR\/wp-content\/uploads\/2022\/04\/AA-20220419-27613917-27613916-TURKIYE_DIYANET_VAKFINDAN_SUDANDAKI_AFRIKALI_OGRENCILERE_IFTAR-350x350.jpg 350w, https:\/\/tdv.org\/tr-TR\/wp-content\/uploads\/2022\/04\/AA-20220419-27613917-27613916-TURKIYE_DIYANET_VAKFINDAN_SUDANDAKI_AFRIKALI_OGRENCILERE_IFTAR-800x800.jpg 800w\" sizes=\"(max-width: 150px) 100vw, 150px\" \/><\/a>\n\t\t\t<\/dt><\/dl>\n\t\t\t<br style='clear: both' \/>\n\t\t<\/div>\n\n","protected":false},"excerpt":{"rendered":"<p>T\u00fcrkiye Diyanet Vakf\u0131 (TDV), Sudan&#8217;\u0131n ba\u015fkenti Hartum&#8217;daki Uluslararas\u0131 Afrika \u00dcniversitesi&#8217;nde e\u011fitim g\u00f6ren \u00f6\u011frencileri iftarda bulu\u015fturdu. Hartum Yunus Emre Enstit\u00fcs\u00fc bah\u00e7esindeki programa, T\u00fcrkiye&#8217;nin Hartum B\u00fcy\u00fckel\u00e7isi \u0130rfan Neziro\u011flu, Din \u0130\u015fleri M\u00fc\u015faviri ve&#8230;<\/p>\n","protected":false},"author":7,"featured_media":22038,"comment_status":"open","ping_status":"closed","sticky":false,"template":"","format":"standard","meta":{"footnotes":""},"categories":[1],"tags":[280,135,119,155,261,289],"class_list":{"0":"post-22029","1":"post","2":"type-post","3":"status-publish","4":"format-standard","5":"has-post-thumbnail","7":"category-haberler","8":"tag-afrika","9":"tag-egitim","10":"tag-iftar","11":"tag-ogrenci","12":"tag-sudan","13":"tag-universite"},"yoast_head":"<!-- This site is optimized with the Yoast SEO plugin v27.4 - https:\/\/yoast.com\/product\/yoast-seo-wordpress\/ -->\n<title>T\u00fcrkiye Diyanet Vakf\u0131ndan, Sudan&#039;daki Afrikal\u0131 \u00f6\u011frencilere iftar<\/title>\n<meta name=\"description\" content=\"T\u00fcrkiye Diyanet Vakf\u0131 (TDV), Sudan&#039;\u0131n ba\u015fkenti Hartum&#039;daki Uluslararas\u0131 Afrika \u00dcniversitesi&#039;nde e\u011fitim g\u00f6ren \u00f6\u011frencileri iftarda bulu\u015fturdu.\" \/>\n<meta name=\"robots\" content=\"index, follow, max-snippet:-1, max-image-preview:large, max-video-preview:-1\" \/>\n<link rel=\"canonical\" href=\"https:\/\/tdv.org\/tr-TR\/turkiye-diyanet-vakfindan-sudandaki-afrikali-ogrencilere-iftar\/\" \/>\n<meta property=\"og:locale\" content=\"tr_TR\" \/>\n<meta property=\"og:type\" content=\"article\" \/>\n<meta property=\"og:title\" content=\"T\u00fcrkiye Diyanet Vakf\u0131ndan, Sudan&#039;daki Afrikal\u0131 \u00f6\u011frencilere iftar\" \/>\n<meta property=\"og:description\" content=\"T\u00fcrkiye Diyanet Vakf\u0131 (TDV), Sudan&#039;\u0131n ba\u015fkenti Hartum&#039;daki Uluslararas\u0131 Afrika \u00dcniversitesi&#039;nde e\u011fitim g\u00f6ren \u00f6\u011frencileri iftarda bulu\u015fturdu.\" \/>\n<meta property=\"og:url\" content=\"https:\/\/tdv.org\/tr-TR\/turkiye-diyanet-vakfindan-sudandaki-afrikali-ogrencilere-iftar\/\" \/>\n<meta property=\"og:site_name\" content=\"T\u00fcrkiye Diyanet Vakf\u0131 Resmi Web Sitesi\" \/>\n<meta property=\"article:publisher\" content=\"https:\/\/www.facebook.com\/Diyanetvakfi\/\" \/>\n<meta property=\"article:published_time\" content=\"2022-04-20T08:12:45+00:00\" \/>\n<meta property=\"article:modified_time\" content=\"2022-12-08T08:13:31+00:00\" \/>\n<meta property=\"og:image\" content=\"https:\/\/tdv.org\/tr-TR\/wp-content\/uploads\/2022\/04\/AA-20220419-27613917-27613915-TURKIYE_DIYANET_VAKFINDAN_SUDANDAKI_AFRIKALI_OGRENCILERE_IFTAR.jpg\" \/>\n\t<meta property=\"og:image:width\" content=\"1280\" \/>\n\t<meta property=\"og:image:height\" content=\"853\" \/>\n\t<meta property=\"og:image:type\" content=\"image\/jpeg\" \/>\n<meta name=\"author\" content=\"U\u011fur\" \/>\n<meta name=\"twitter:card\" content=\"summary_large_image\" \/>\n<meta name=\"twitter:creator\" content=\"@DiyanetVakfi\" \/>\n<meta name=\"twitter:site\" content=\"@DiyanetVakfi\" \/>\n<script type=\"application\/ld+json\" class=\"yoast-schema-graph\">{\"@context\":\"https:\\\/\\\/schema.org\",\"@graph\":[{\"@type\":\"Article\",\"@id\":\"https:\\\/\\\/tdv.org\\\/tr-TR\\\/turkiye-diyanet-vakfindan-sudandaki-afrikali-ogrencilere-iftar\\\/#article\",\"isPartOf\":{\"@id\":\"https:\\\/\\\/tdv.org\\\/tr-TR\\\/turkiye-diyanet-vakfindan-sudandaki-afrikali-ogrencilere-iftar\\\/\"},\"author\":{\"name\":\"U\u011fur\",\"@id\":\"https:\\\/\\\/tdv.org\\\/tr-TR\\\/#\\\/schema\\\/person\\\/8dcf742852c4614c6fdadb92da159c05\"},\"headline\":\"T\u00fcrkiye Diyanet Vakf\u0131ndan, Sudan&#8217;daki Afrikal\u0131 \u00f6\u011frencilere iftar\",\"datePublished\":\"2022-04-20T08:12:45+00:00\",\"dateModified\":\"2022-12-08T08:13:31+00:00\",\"mainEntityOfPage\":{\"@id\":\"https:\\\/\\\/tdv.org\\\/tr-TR\\\/turkiye-diyanet-vakfindan-sudandaki-afrikali-ogrencilere-iftar\\\/\"},\"wordCount\":105,\"commentCount\":0,\"publisher\":{\"@id\":\"https:\\\/\\\/tdv.org\\\/tr-TR\\\/#organization\"},\"image\":{\"@id\":\"https:\\\/\\\/tdv.org\\\/tr-TR\\\/turkiye-diyanet-vakfindan-sudandaki-afrikali-ogrencilere-iftar\\\/#primaryimage\"},\"thumbnailUrl\":\"https:\\\/\\\/tdv.org\\\/tr-TR\\\/wp-content\\\/uploads\\\/2022\\\/04\\\/AA-20220419-27613917-27613915-TURKIYE_DIYANET_VAKFINDAN_SUDANDAKI_AFRIKALI_OGRENCILERE_IFTAR.jpg\",\"keywords\":[\"Afrika\",\"e\u011fitim\",\"iftar\",\"\u00f6\u011frenci\",\"Sudan\",\"\u00dcniversite\"],\"articleSection\":[\"Haberler\"],\"inLanguage\":\"tr\",\"potentialAction\":[{\"@type\":\"CommentAction\",\"name\":\"Comment\",\"target\":[\"https:\\\/\\\/tdv.org\\\/tr-TR\\\/turkiye-diyanet-vakfindan-sudandaki-afrikali-ogrencilere-iftar\\\/#respond\"]}]},{\"@type\":\"WebPage\",\"@id\":\"https:\\\/\\\/tdv.org\\\/tr-TR\\\/turkiye-diyanet-vakfindan-sudandaki-afrikali-ogrencilere-iftar\\\/\",\"url\":\"https:\\\/\\\/tdv.org\\\/tr-TR\\\/turkiye-diyanet-vakfindan-sudandaki-afrikali-ogrencilere-iftar\\\/\",\"name\":\"T\u00fcrkiye Diyanet Vakf\u0131ndan, Sudan'daki Afrikal\u0131 \u00f6\u011frencilere iftar\",\"isPartOf\":{\"@id\":\"https:\\\/\\\/tdv.org\\\/tr-TR\\\/#website\"},\"primaryImageOfPage\":{\"@id\":\"https:\\\/\\\/tdv.org\\\/tr-TR\\\/turkiye-diyanet-vakfindan-sudandaki-afrikali-ogrencilere-iftar\\\/#primaryimage\"},\"image\":{\"@id\":\"https:\\\/\\\/tdv.org\\\/tr-TR\\\/turkiye-diyanet-vakfindan-sudandaki-afrikali-ogrencilere-iftar\\\/#primaryimage\"},\"thumbnailUrl\":\"https:\\\/\\\/tdv.org\\\/tr-TR\\\/wp-content\\\/uploads\\\/2022\\\/04\\\/AA-20220419-27613917-27613915-TURKIYE_DIYANET_VAKFINDAN_SUDANDAKI_AFRIKALI_OGRENCILERE_IFTAR.jpg\",\"datePublished\":\"2022-04-20T08:12:45+00:00\",\"dateModified\":\"2022-12-08T08:13:31+00:00\",\"description\":\"T\u00fcrkiye Diyanet Vakf\u0131 (TDV), Sudan'\u0131n ba\u015fkenti Hartum'daki Uluslararas\u0131 Afrika \u00dcniversitesi'nde e\u011fitim g\u00f6ren \u00f6\u011frencileri iftarda bulu\u015fturdu.\",\"breadcrumb\":{\"@id\":\"https:\\\/\\\/tdv.org\\\/tr-TR\\\/turkiye-diyanet-vakfindan-sudandaki-afrikali-ogrencilere-iftar\\\/#breadcrumb\"},\"inLanguage\":\"tr\",\"potentialAction\":[{\"@type\":\"ReadAction\",\"target\":[\"https:\\\/\\\/tdv.org\\\/tr-TR\\\/turkiye-diyanet-vakfindan-sudandaki-afrikali-ogrencilere-iftar\\\/\"]}]},{\"@type\":\"ImageObject\",\"inLanguage\":\"tr\",\"@id\":\"https:\\\/\\\/tdv.org\\\/tr-TR\\\/turkiye-diyanet-vakfindan-sudandaki-afrikali-ogrencilere-iftar\\\/#primaryimage\",\"url\":\"https:\\\/\\\/tdv.org\\\/tr-TR\\\/wp-content\\\/uploads\\\/2022\\\/04\\\/AA-20220419-27613917-27613915-TURKIYE_DIYANET_VAKFINDAN_SUDANDAKI_AFRIKALI_OGRENCILERE_IFTAR.jpg\",\"contentUrl\":\"https:\\\/\\\/tdv.org\\\/tr-TR\\\/wp-content\\\/uploads\\\/2022\\\/04\\\/AA-20220419-27613917-27613915-TURKIYE_DIYANET_VAKFINDAN_SUDANDAKI_AFRIKALI_OGRENCILERE_IFTAR.jpg\",\"width\":1280,\"height\":853},{\"@type\":\"BreadcrumbList\",\"@id\":\"https:\\\/\\\/tdv.org\\\/tr-TR\\\/turkiye-diyanet-vakfindan-sudandaki-afrikali-ogrencilere-iftar\\\/#breadcrumb\",\"itemListElement\":[{\"@type\":\"ListItem\",\"position\":1,\"name\":\"Anasayfa\",\"item\":\"https:\\\/\\\/tdv.org\\\/tr-TR\\\/\"},{\"@type\":\"ListItem\",\"position\":2,\"name\":\"T\u00fcrkiye Diyanet Vakf\u0131ndan, Sudan&#8217;daki Afrikal\u0131 \u00f6\u011frencilere iftar\"}]},{\"@type\":\"WebSite\",\"@id\":\"https:\\\/\\\/tdv.org\\\/tr-TR\\\/#website\",\"url\":\"https:\\\/\\\/tdv.org\\\/tr-TR\\\/\",\"name\":\"T\u00fcrkiye Diyanet Vakf\u0131 Resmi Web Sitesi\",\"description\":\"Yery\u00fcz\u00fcnde iyilik egemen oluncaya kadar\",\"publisher\":{\"@id\":\"https:\\\/\\\/tdv.org\\\/tr-TR\\\/#organization\"},\"alternateName\":\"T\u00fcrkiye Diyanet Vakf\u0131\",\"potentialAction\":[{\"@type\":\"SearchAction\",\"target\":{\"@type\":\"EntryPoint\",\"urlTemplate\":\"https:\\\/\\\/tdv.org\\\/tr-TR\\\/?s={search_term_string}\"},\"query-input\":{\"@type\":\"PropertyValueSpecification\",\"valueRequired\":true,\"valueName\":\"search_term_string\"}}],\"inLanguage\":\"tr\"},{\"@type\":\"Organization\",\"@id\":\"https:\\\/\\\/tdv.org\\\/tr-TR\\\/#organization\",\"name\":\"T\u00fcrkiye Diyanet Vakf\u0131\",\"alternateName\":\"T\u00fcrkiye Diyanet Vakf\u0131\",\"url\":\"https:\\\/\\\/tdv.org\\\/tr-TR\\\/\",\"logo\":{\"@type\":\"ImageObject\",\"inLanguage\":\"tr\",\"@id\":\"https:\\\/\\\/tdv.org\\\/tr-TR\\\/#\\\/schema\\\/logo\\\/image\\\/\",\"url\":\"https:\\\/\\\/tdv.org\\\/tr-TR\\\/wp-content\\\/uploads\\\/2018\\\/12\\\/TDV_Logo_1.png\",\"contentUrl\":\"https:\\\/\\\/tdv.org\\\/tr-TR\\\/wp-content\\\/uploads\\\/2018\\\/12\\\/TDV_Logo_1.png\",\"width\":207,\"height\":71,\"caption\":\"T\u00fcrkiye Diyanet Vakf\u0131\"},\"image\":{\"@id\":\"https:\\\/\\\/tdv.org\\\/tr-TR\\\/#\\\/schema\\\/logo\\\/image\\\/\"},\"sameAs\":[\"https:\\\/\\\/www.facebook.com\\\/Diyanetvakfi\\\/\",\"https:\\\/\\\/x.com\\\/DiyanetVakfi\",\"https:\\\/\\\/www.instagram.com\\\/turkiyediyanetvakfi\\\/\",\"https:\\\/\\\/www.youtube.com\\\/user\\\/TurkiyeDiyanetVakfi\"]},{\"@type\":\"Person\",\"@id\":\"https:\\\/\\\/tdv.org\\\/tr-TR\\\/#\\\/schema\\\/person\\\/8dcf742852c4614c6fdadb92da159c05\",\"name\":\"U\u011fur\",\"image\":{\"@type\":\"ImageObject\",\"inLanguage\":\"tr\",\"@id\":\"https:\\\/\\\/tdv.org\\\/tr-TR\\\/wp-content\\\/litespeed\\\/avatar\\\/b970c0eba1124f8268544e2640bfa964.jpg?ver=1777289940\",\"url\":\"https:\\\/\\\/tdv.org\\\/tr-TR\\\/wp-content\\\/litespeed\\\/avatar\\\/b970c0eba1124f8268544e2640bfa964.jpg?ver=1777289940\",\"contentUrl\":\"https:\\\/\\\/tdv.org\\\/tr-TR\\\/wp-content\\\/litespeed\\\/avatar\\\/b970c0eba1124f8268544e2640bfa964.jpg?ver=1777289940\",\"caption\":\"U\u011fur\"}}]}<\/script>\n<!-- \/ Yoast SEO plugin. -->","yoast_head_json":{"title":"T\u00fcrkiye Diyanet Vakf\u0131ndan, Sudan'daki Afrikal\u0131 \u00f6\u011frencilere iftar","description":"T\u00fcrkiye Diyanet Vakf\u0131 (TDV), Sudan'\u0131n ba\u015fkenti Hartum'daki Uluslararas\u0131 Afrika \u00dcniversitesi'nde e\u011fitim g\u00f6ren \u00f6\u011frencileri iftarda bulu\u015fturdu.","robots":{"index":"index","follow":"follow","max-snippet":"max-snippet:-1","max-image-preview":"max-image-preview:large","max-video-preview":"max-video-preview:-1"},"canonical":"https:\/\/tdv.org\/tr-TR\/turkiye-diyanet-vakfindan-sudandaki-afrikali-ogrencilere-iftar\/","og_locale":"tr_TR","og_type":"article","og_title":"T\u00fcrkiye Diyanet Vakf\u0131ndan, Sudan'daki Afrikal\u0131 \u00f6\u011frencilere iftar","og_description":"T\u00fcrkiye Diyanet Vakf\u0131 (TDV), Sudan'\u0131n ba\u015fkenti Hartum'daki Uluslararas\u0131 Afrika \u00dcniversitesi'nde e\u011fitim g\u00f6ren \u00f6\u011frencileri iftarda bulu\u015fturdu.","og_url":"https:\/\/tdv.org\/tr-TR\/turkiye-diyanet-vakfindan-sudandaki-afrikali-ogrencilere-iftar\/","og_site_name":"T\u00fcrkiye Diyanet Vakf\u0131 Resmi Web Sitesi","article_publisher":"https:\/\/www.facebook.com\/Diyanetvakfi\/","article_published_time":"2022-04-20T08:12:45+00:00","article_modified_time":"2022-12-08T08:13:31+00:00","og_image":[{"width":1280,"height":853,"url":"https:\/\/tdv.org\/tr-TR\/wp-content\/uploads\/2022\/04\/AA-20220419-27613917-27613915-TURKIYE_DIYANET_VAKFINDAN_SUDANDAKI_AFRIKALI_OGRENCILERE_IFTAR.jpg","type":"image\/jpeg"}],"author":"U\u011fur","twitter_card":"summary_large_image","twitter_creator":"@DiyanetVakfi","twitter_site":"@DiyanetVakfi","schema":{"@context":"https:\/\/schema.org","@graph":[{"@type":"Article","@id":"https:\/\/tdv.org\/tr-TR\/turkiye-diyanet-vakfindan-sudandaki-afrikali-ogrencilere-iftar\/#article","isPartOf":{"@id":"https:\/\/tdv.org\/tr-TR\/turkiye-diyanet-vakfindan-sudandaki-afrikali-ogrencilere-iftar\/"},"author":{"name":"U\u011fur","@id":"https:\/\/tdv.org\/tr-TR\/#\/schema\/person\/8dcf742852c4614c6fdadb92da159c05"},"headline":"T\u00fcrkiye Diyanet Vakf\u0131ndan, Sudan&#8217;daki Afrikal\u0131 \u00f6\u011frencilere iftar","datePublished":"2022-04-20T08:12:45+00:00","dateModified":"2022-12-08T08:13:31+00:00","mainEntityOfPage":{"@id":"https:\/\/tdv.org\/tr-TR\/turkiye-diyanet-vakfindan-sudandaki-afrikali-ogrencilere-iftar\/"},"wordCount":105,"commentCount":0,"publisher":{"@id":"https:\/\/tdv.org\/tr-TR\/#organization"},"image":{"@id":"https:\/\/tdv.org\/tr-TR\/turkiye-diyanet-vakfindan-sudandaki-afrikali-ogrencilere-iftar\/#primaryimage"},"thumbnailUrl":"https:\/\/tdv.org\/tr-TR\/wp-content\/uploads\/2022\/04\/AA-20220419-27613917-27613915-TURKIYE_DIYANET_VAKFINDAN_SUDANDAKI_AFRIKALI_OGRENCILERE_IFTAR.jpg","keywords":["Afrika","e\u011fitim","iftar","\u00f6\u011frenci","Sudan","\u00dcniversite"],"articleSection":["Haberler"],"inLanguage":"tr","potentialAction":[{"@type":"CommentAction","name":"Comment","target":["https:\/\/tdv.org\/tr-TR\/turkiye-diyanet-vakfindan-sudandaki-afrikali-ogrencilere-iftar\/#respond"]}]},{"@type":"WebPage","@id":"https:\/\/tdv.org\/tr-TR\/turkiye-diyanet-vakfindan-sudandaki-afrikali-ogrencilere-iftar\/","url":"https:\/\/tdv.org\/tr-TR\/turkiye-diyanet-vakfindan-sudandaki-afrikali-ogrencilere-iftar\/","name":"T\u00fcrkiye Diyanet Vakf\u0131ndan, Sudan'daki Afrikal\u0131 \u00f6\u011frencilere iftar","isPartOf":{"@id":"https:\/\/tdv.org\/tr-TR\/#website"},"primaryImageOfPage":{"@id":"https:\/\/tdv.org\/tr-TR\/turkiye-diyanet-vakfindan-sudandaki-afrikali-ogrencilere-iftar\/#primaryimage"},"image":{"@id":"https:\/\/tdv.org\/tr-TR\/turkiye-diyanet-vakfindan-sudandaki-afrikali-ogrencilere-iftar\/#primaryimage"},"thumbnailUrl":"https:\/\/tdv.org\/tr-TR\/wp-content\/uploads\/2022\/04\/AA-20220419-27613917-27613915-TURKIYE_DIYANET_VAKFINDAN_SUDANDAKI_AFRIKALI_OGRENCILERE_IFTAR.jpg","datePublished":"2022-04-20T08:12:45+00:00","dateModified":"2022-12-08T08:13:31+00:00","description":"T\u00fcrkiye Diyanet Vakf\u0131 (TDV), Sudan'\u0131n ba\u015fkenti Hartum'daki Uluslararas\u0131 Afrika \u00dcniversitesi'nde e\u011fitim g\u00f6ren \u00f6\u011frencileri iftarda bulu\u015fturdu.","breadcrumb":{"@id":"https:\/\/tdv.org\/tr-TR\/turkiye-diyanet-vakfindan-sudandaki-afrikali-ogrencilere-iftar\/#breadcrumb"},"inLanguage":"tr","potentialAction":[{"@type":"ReadAction","target":["https:\/\/tdv.org\/tr-TR\/turkiye-diyanet-vakfindan-sudandaki-afrikali-ogrencilere-iftar\/"]}]},{"@type":"ImageObject","inLanguage":"tr","@id":"https:\/\/tdv.org\/tr-TR\/turkiye-diyanet-vakfindan-sudandaki-afrikali-ogrencilere-iftar\/#primaryimage","url":"https:\/\/tdv.org\/tr-TR\/wp-content\/uploads\/2022\/04\/AA-20220419-27613917-27613915-TURKIYE_DIYANET_VAKFINDAN_SUDANDAKI_AFRIKALI_OGRENCILERE_IFTAR.jpg","contentUrl":"https:\/\/tdv.org\/tr-TR\/wp-content\/uploads\/2022\/04\/AA-20220419-27613917-27613915-TURKIYE_DIYANET_VAKFINDAN_SUDANDAKI_AFRIKALI_OGRENCILERE_IFTAR.jpg","width":1280,"height":853},{"@type":"BreadcrumbList","@id":"https:\/\/tdv.org\/tr-TR\/turkiye-diyanet-vakfindan-sudandaki-afrikali-ogrencilere-iftar\/#breadcrumb","itemListElement":[{"@type":"ListItem","position":1,"name":"Anasayfa","item":"https:\/\/tdv.org\/tr-TR\/"},{"@type":"ListItem","position":2,"name":"T\u00fcrkiye Diyanet Vakf\u0131ndan, Sudan&#8217;daki Afrikal\u0131 \u00f6\u011frencilere iftar"}]},{"@type":"WebSite","@id":"https:\/\/tdv.org\/tr-TR\/#website","url":"https:\/\/tdv.org\/tr-TR\/","name":"T\u00fcrkiye Diyanet Vakf\u0131 Resmi Web Sitesi","description":"Yery\u00fcz\u00fcnde iyilik egemen oluncaya kadar","publisher":{"@id":"https:\/\/tdv.org\/tr-TR\/#organization"},"alternateName":"T\u00fcrkiye Diyanet Vakf\u0131","potentialAction":[{"@type":"SearchAction","target":{"@type":"EntryPoint","urlTemplate":"https:\/\/tdv.org\/tr-TR\/?s={search_term_string}"},"query-input":{"@type":"PropertyValueSpecification","valueRequired":true,"valueName":"search_term_string"}}],"inLanguage":"tr"},{"@type":"Organization","@id":"https:\/\/tdv.org\/tr-TR\/#organization","name":"T\u00fcrkiye Diyanet Vakf\u0131","alternateName":"T\u00fcrkiye Diyanet Vakf\u0131","url":"https:\/\/tdv.org\/tr-TR\/","logo":{"@type":"ImageObject","inLanguage":"tr","@id":"https:\/\/tdv.org\/tr-TR\/#\/schema\/logo\/image\/","url":"https:\/\/tdv.org\/tr-TR\/wp-content\/uploads\/2018\/12\/TDV_Logo_1.png","contentUrl":"https:\/\/tdv.org\/tr-TR\/wp-content\/uploads\/2018\/12\/TDV_Logo_1.png","width":207,"height":71,"caption":"T\u00fcrkiye Diyanet Vakf\u0131"},"image":{"@id":"https:\/\/tdv.org\/tr-TR\/#\/schema\/logo\/image\/"},"sameAs":["https:\/\/www.facebook.com\/Diyanetvakfi\/","https:\/\/x.com\/DiyanetVakfi","https:\/\/www.instagram.com\/turkiyediyanetvakfi\/","https:\/\/www.youtube.com\/user\/TurkiyeDiyanetVakfi"]},{"@type":"Person","@id":"https:\/\/tdv.org\/tr-TR\/#\/schema\/person\/8dcf742852c4614c6fdadb92da159c05","name":"U\u011fur","image":{"@type":"ImageObject","inLanguage":"tr","@id":"https:\/\/tdv.org\/tr-TR\/wp-content\/litespeed\/avatar\/b970c0eba1124f8268544e2640bfa964.jpg?ver=1777289940","url":"https:\/\/tdv.org\/tr-TR\/wp-content\/litespeed\/avatar\/b970c0eba1124f8268544e2640bfa964.jpg?ver=1777289940","contentUrl":"https:\/\/tdv.org\/tr-TR\/wp-content\/litespeed\/avatar\/b970c0eba1124f8268544e2640bfa964.jpg?ver=1777289940","caption":"U\u011fur"}}]}},"_links":{"self":[{"href":"https:\/\/tdv.org\/tr-TR\/wp-json\/wp\/v2\/posts\/22029","targetHints":{"allow":["GET"]}}],"collection":[{"href":"https:\/\/tdv.org\/tr-TR\/wp-json\/wp\/v2\/posts"}],"about":[{"href":"https:\/\/tdv.org\/tr-TR\/wp-json\/wp\/v2\/types\/post"}],"author":[{"embeddable":true,"href":"https:\/\/tdv.org\/tr-TR\/wp-json\/wp\/v2\/users\/7"}],"replies":[{"embeddable":true,"href":"https:\/\/tdv.org\/tr-TR\/wp-json\/wp\/v2\/comments?post=22029"}],"version-history":[{"count":1,"href":"https:\/\/tdv.org\/tr-TR\/wp-json\/wp\/v2\/posts\/22029\/revisions"}],"predecessor-version":[{"id":22048,"href":"https:\/\/tdv.org\/tr-TR\/wp-json\/wp\/v2\/posts\/22029\/revisions\/22048"}],"wp:featuredmedia":[{"embeddable":true,"href":"https:\/\/tdv.org\/tr-TR\/wp-json\/wp\/v2\/media\/22038"}],"wp:attachment":[{"href":"https:\/\/tdv.org\/tr-TR\/wp-json\/wp\/v2\/media?parent=22029"}],"wp:term":[{"taxonomy":"category","embeddable":true,"href":"https:\/\/tdv.org\/tr-TR\/wp-json\/wp\/v2\/categories?post=22029"},{"taxonomy":"post_tag","embeddable":true,"href":"https:\/\/tdv.org\/tr-TR\/wp-json\/wp\/v2\/tags?post=22029"}],"curies":[{"name":"wp","href":"https:\/\/api.w.org\/{rel}","templated":true}]}}