{"id":2236,"date":"2019-03-21T14:09:32","date_gmt":"2019-03-21T11:09:32","guid":{"rendered":"https:\/\/tdv.org\/tr-TR\/?p=2236"},"modified":"2023-04-17T11:19:37","modified_gmt":"2023-04-17T08:19:37","slug":"uip-ogrencilerinden-afrika-ve-yemene-destek","status":"publish","type":"post","link":"https:\/\/tdv.org\/tr-TR\/uip-ogrencilerinden-afrika-ve-yemene-destek\/","title":{"rendered":"Uluslararas\u0131 \u0130lahiyat \u00f6\u011frencilerinden Afrika ve Yemen\u2019e destek"},"content":{"rendered":"<p style=\"text-align: justify;\">Uluslararas\u0131 \u0130lahiyat Program\u0131 (U\u0130P) \u00f6\u011frencileri \u00a0T\u00fcrkiye Diyanet Vakf\u0131 taraf\u0131ndan \u201cBir Damla Hayat\u201d ba\u015fl\u0131\u011f\u0131yla \u00a0y\u00fcr\u00fct\u00fclen \u201cAfrika\u2019da Su Kuyusu A\u00e7ma Projesi\u201d ve \u00a0\u201cYemen&#8217;e Sessiz Kalma\u201d kampanyas\u0131 i\u00e7in toplad\u0131klar\u0131 yard\u0131mlar\u0131n \u00e7eklerini, Diyanet \u0130\u015fleri Ba\u015fkan\u0131 ve TDV M\u00fctevelli Heyeti Ba\u015fkan\u0131 Prof. Dr. Ali Erba\u015f\u2019a takdim etti.<\/p>\n<p style=\"text-align: justify;\">Uluslararas\u0131 \u0130lahiyat Program\u0131 (U\u0130P) \u00f6\u011frencileri \u201cBir Damla Hayat\u201d ba\u015fl\u0131\u011f\u0131yla d\u00fczenledikleri \u201cAfrika\u2019da Su Kuyusu A\u00e7ma Projesi\u201d ve T\u00fcrkiye Diyanet Vakf\u0131 taraf\u0131ndan y\u00fcr\u00fct\u00fclen \u201cYemen&#8217;e Sessiz Kalma\u201d kampanyas\u0131 i\u00e7in toplad\u0131klar\u0131 yard\u0131mlar\u0131n \u00e7eklerini, Diyanet \u0130\u015fleri Ba\u015fkan\u0131 Prof. Dr. Ali Erba\u015f\u2019a takdim etti.<\/p>\n<p style=\"text-align: justify;\">Ankara, \u0130stanbul, Konya ve Bursa\u2019daki U\u0130P \u00f6\u011frencilerini temsilen gelen grubu kabul eden Diyanet \u0130\u015fleri Ba\u015fkan\u0131 Erba\u015f, yapm\u0131\u015f olduklar\u0131 yard\u0131m \u00e7al\u0131\u015fmas\u0131ndan dolay\u0131 \u00f6\u011frencileri tebrik ederek, \u201cKarde\u015flerimizin iyili\u011fi en uzak b\u00f6lgelere ula\u015ft\u0131rmak i\u00e7in T\u00fcrkiye Diyanet Vakf\u0131n\u0131n \u00e7al\u0131\u015fmalar\u0131na katk\u0131 sa\u011flamalar\u0131 bizi olduk\u00e7a memnun etmi\u015ftir\u201d dedi.<\/p>\n<p style=\"text-align: justify;\">Ba\u015fkan Erba\u015f, \u00f6\u011frencilerin yapt\u0131klar\u0131 \u00e7al\u0131\u015fmalarla \u00f6rnek bir davran\u0131\u015f sergilediklerini ifade ederek, d\u00fcnyan\u0131n pek \u00e7ok yerinde bir dilim ekme\u011fe, bir yudum suya muhta\u00e7 milyonlarca insan oldu\u011funu dile getirdi.<\/p>\n<p style=\"text-align: justify;\">Yery\u00fcz\u00fcnde bir insan\u0131n en \u00f6nemli ihtiya\u00e7lar\u0131ndan birinin su oldu\u011funu belirten Ba\u015fkan Erba\u015f, \u201cSiz yapm\u0131\u015f oldu\u011funuz bu katk\u0131larla su kuyular\u0131 a\u00e7\u0131lacak ve y\u00fczlerce insan\u0131n suya kavu\u015fmas\u0131na vesile olacaks\u0131n\u0131z. O su kuyular\u0131ndan su i\u00e7en insanlar sadece sizlere de\u011fil, sizin neslinize de dua edecekler\u201d diye konu\u015ftu.Ba\u015fkan Erba\u015f, kabulde \u00f6\u011frencilere T\u00fcrkiye Diyanet Vakf\u0131 ad\u0131na te\u015fekk\u00fcr belgesi verdi.<\/p>\n<p style=\"text-align: justify;\">Ziyarette D\u0130B Yurt D\u0131\u015f\u0131 E\u011fitim ve Rehberlik Daire Ba\u015fkan\u0131 Suat Okuyan ve T\u00fcrkiye Diyanet Vakf\u0131 Genel M\u00fcd\u00fcr\u00fc Av. Mehmet Sava\u015f Polat da yer ald\u0131.<\/p>\n<p style=\"text-align: center;\">\n<p style=\"text-align: center;\">\u00a0<iframe src=\"https:\/\/www.youtube.com\/embed\/FwsU5x2c3Iw\" width=\"560\" height=\"315\" frameborder=\"0\" allowfullscreen=\"allowfullscreen\"><\/iframe><\/p>\n\n\t\t<style type=\"text\/css\">\n\t\t\t#gallery-1 {\n\t\t\t\tmargin: auto;\n\t\t\t}\n\t\t\t#gallery-1 .gallery-item {\n\t\t\t\tfloat: left;\n\t\t\t\tmargin-top: 10px;\n\t\t\t\ttext-align: center;\n\t\t\t\twidth: 25%;\n\t\t\t}\n\t\t\t#gallery-1 img {\n\t\t\t\tborder: 2px solid #cfcfcf;\n\t\t\t}\n\t\t\t#gallery-1 .gallery-caption {\n\t\t\t\tmargin-left: 0;\n\t\t\t}\n\t\t\t\/* see gallery_shortcode() in wp-includes\/media.php *\/\n\t\t<\/style>\n\t\t<div id='gallery-1' class='gallery galleryid-2236 gallery-columns-4 gallery-size-thumbnail'><dl class='gallery-item'>\n\t\t\t<dt class='gallery-icon landscape'>\n\t\t\t\t<a href='https:\/\/tdv.org\/tr-TR\/wp-content\/uploads\/2019\/03\/U\u0130P-\u00f6\u011frencilerinden-Afrika-ve-Yemen\u2019e-destek-3-Large.jpg'><img decoding=\"async\" width=\"150\" height=\"150\" src=\"https:\/\/tdv.org\/tr-TR\/wp-content\/uploads\/2019\/03\/U\u0130P-\u00f6\u011frencilerinden-Afrika-ve-Yemen\u2019e-destek-3-Large-150x150.jpg\" class=\"attachment-thumbnail size-thumbnail\" alt=\"\" srcset=\"https:\/\/tdv.org\/tr-TR\/wp-content\/uploads\/2019\/03\/U\u0130P-\u00f6\u011frencilerinden-Afrika-ve-Yemen\u2019e-destek-3-Large-150x150.jpg 150w, https:\/\/tdv.org\/tr-TR\/wp-content\/uploads\/2019\/03\/U\u0130P-\u00f6\u011frencilerinden-Afrika-ve-Yemen\u2019e-destek-3-Large-100x100.jpg 100w, https:\/\/tdv.org\/tr-TR\/wp-content\/uploads\/2019\/03\/U\u0130P-\u00f6\u011frencilerinden-Afrika-ve-Yemen\u2019e-destek-3-Large-140x140.jpg 140w, https:\/\/tdv.org\/tr-TR\/wp-content\/uploads\/2019\/03\/U\u0130P-\u00f6\u011frencilerinden-Afrika-ve-Yemen\u2019e-destek-3-Large-500x500.jpg 500w, https:\/\/tdv.org\/tr-TR\/wp-content\/uploads\/2019\/03\/U\u0130P-\u00f6\u011frencilerinden-Afrika-ve-Yemen\u2019e-destek-3-Large-350x350.jpg 350w, https:\/\/tdv.org\/tr-TR\/wp-content\/uploads\/2019\/03\/U\u0130P-\u00f6\u011frencilerinden-Afrika-ve-Yemen\u2019e-destek-3-Large-1000x1000.jpg 1000w, https:\/\/tdv.org\/tr-TR\/wp-content\/uploads\/2019\/03\/U\u0130P-\u00f6\u011frencilerinden-Afrika-ve-Yemen\u2019e-destek-3-Large-800x800.jpg 800w\" sizes=\"(max-width: 150px) 100vw, 150px\" \/><\/a>\n\t\t\t<\/dt><\/dl><dl class='gallery-item'>\n\t\t\t<dt class='gallery-icon landscape'>\n\t\t\t\t<a href='https:\/\/tdv.org\/tr-TR\/wp-content\/uploads\/2019\/03\/U\u0130P-\u00f6\u011frencilerinden-Afrika-ve-Yemen\u2019e-destek-4-Large.jpg'><img decoding=\"async\" width=\"150\" height=\"150\" src=\"https:\/\/tdv.org\/tr-TR\/wp-content\/uploads\/2019\/03\/U\u0130P-\u00f6\u011frencilerinden-Afrika-ve-Yemen\u2019e-destek-4-Large-150x150.jpg\" class=\"attachment-thumbnail size-thumbnail\" alt=\"\" srcset=\"https:\/\/tdv.org\/tr-TR\/wp-content\/uploads\/2019\/03\/U\u0130P-\u00f6\u011frencilerinden-Afrika-ve-Yemen\u2019e-destek-4-Large-150x150.jpg 150w, https:\/\/tdv.org\/tr-TR\/wp-content\/uploads\/2019\/03\/U\u0130P-\u00f6\u011frencilerinden-Afrika-ve-Yemen\u2019e-destek-4-Large-100x100.jpg 100w, https:\/\/tdv.org\/tr-TR\/wp-content\/uploads\/2019\/03\/U\u0130P-\u00f6\u011frencilerinden-Afrika-ve-Yemen\u2019e-destek-4-Large-140x140.jpg 140w, https:\/\/tdv.org\/tr-TR\/wp-content\/uploads\/2019\/03\/U\u0130P-\u00f6\u011frencilerinden-Afrika-ve-Yemen\u2019e-destek-4-Large-500x500.jpg 500w, https:\/\/tdv.org\/tr-TR\/wp-content\/uploads\/2019\/03\/U\u0130P-\u00f6\u011frencilerinden-Afrika-ve-Yemen\u2019e-destek-4-Large-350x350.jpg 350w, https:\/\/tdv.org\/tr-TR\/wp-content\/uploads\/2019\/03\/U\u0130P-\u00f6\u011frencilerinden-Afrika-ve-Yemen\u2019e-destek-4-Large-1000x1000.jpg 1000w, https:\/\/tdv.org\/tr-TR\/wp-content\/uploads\/2019\/03\/U\u0130P-\u00f6\u011frencilerinden-Afrika-ve-Yemen\u2019e-destek-4-Large-800x800.jpg 800w\" sizes=\"(max-width: 150px) 100vw, 150px\" \/><\/a>\n\t\t\t<\/dt><\/dl><dl class='gallery-item'>\n\t\t\t<dt class='gallery-icon landscape'>\n\t\t\t\t<a href='https:\/\/tdv.org\/tr-TR\/wp-content\/uploads\/2019\/03\/U\u0130P-\u00f6\u011frencilerinden-Afrika-ve-Yemen\u2019e-destek-1-Large.jpg'><img decoding=\"async\" width=\"150\" height=\"150\" src=\"https:\/\/tdv.org\/tr-TR\/wp-content\/uploads\/2019\/03\/U\u0130P-\u00f6\u011frencilerinden-Afrika-ve-Yemen\u2019e-destek-1-Large-150x150.jpg\" class=\"attachment-thumbnail size-thumbnail\" alt=\"\" srcset=\"https:\/\/tdv.org\/tr-TR\/wp-content\/uploads\/2019\/03\/U\u0130P-\u00f6\u011frencilerinden-Afrika-ve-Yemen\u2019e-destek-1-Large-150x150.jpg 150w, https:\/\/tdv.org\/tr-TR\/wp-content\/uploads\/2019\/03\/U\u0130P-\u00f6\u011frencilerinden-Afrika-ve-Yemen\u2019e-destek-1-Large-100x100.jpg 100w, https:\/\/tdv.org\/tr-TR\/wp-content\/uploads\/2019\/03\/U\u0130P-\u00f6\u011frencilerinden-Afrika-ve-Yemen\u2019e-destek-1-Large-140x140.jpg 140w, https:\/\/tdv.org\/tr-TR\/wp-content\/uploads\/2019\/03\/U\u0130P-\u00f6\u011frencilerinden-Afrika-ve-Yemen\u2019e-destek-1-Large-500x500.jpg 500w, https:\/\/tdv.org\/tr-TR\/wp-content\/uploads\/2019\/03\/U\u0130P-\u00f6\u011frencilerinden-Afrika-ve-Yemen\u2019e-destek-1-Large-350x350.jpg 350w, https:\/\/tdv.org\/tr-TR\/wp-content\/uploads\/2019\/03\/U\u0130P-\u00f6\u011frencilerinden-Afrika-ve-Yemen\u2019e-destek-1-Large-1000x1000.jpg 1000w, https:\/\/tdv.org\/tr-TR\/wp-content\/uploads\/2019\/03\/U\u0130P-\u00f6\u011frencilerinden-Afrika-ve-Yemen\u2019e-destek-1-Large-800x800.jpg 800w\" sizes=\"(max-width: 150px) 100vw, 150px\" \/><\/a>\n\t\t\t<\/dt><\/dl><dl class='gallery-item'>\n\t\t\t<dt class='gallery-icon landscape'>\n\t\t\t\t<a href='https:\/\/tdv.org\/tr-TR\/wp-content\/uploads\/2019\/03\/U\u0130P-\u00f6\u011frencilerinden-Afrika-ve-Yemen\u2019e-destek-2-Large.jpg'><img decoding=\"async\" width=\"150\" height=\"150\" src=\"https:\/\/tdv.org\/tr-TR\/wp-content\/uploads\/2019\/03\/U\u0130P-\u00f6\u011frencilerinden-Afrika-ve-Yemen\u2019e-destek-2-Large-150x150.jpg\" class=\"attachment-thumbnail size-thumbnail\" alt=\"\" srcset=\"https:\/\/tdv.org\/tr-TR\/wp-content\/uploads\/2019\/03\/U\u0130P-\u00f6\u011frencilerinden-Afrika-ve-Yemen\u2019e-destek-2-Large-150x150.jpg 150w, https:\/\/tdv.org\/tr-TR\/wp-content\/uploads\/2019\/03\/U\u0130P-\u00f6\u011frencilerinden-Afrika-ve-Yemen\u2019e-destek-2-Large-100x100.jpg 100w, https:\/\/tdv.org\/tr-TR\/wp-content\/uploads\/2019\/03\/U\u0130P-\u00f6\u011frencilerinden-Afrika-ve-Yemen\u2019e-destek-2-Large-140x140.jpg 140w, https:\/\/tdv.org\/tr-TR\/wp-content\/uploads\/2019\/03\/U\u0130P-\u00f6\u011frencilerinden-Afrika-ve-Yemen\u2019e-destek-2-Large-500x500.jpg 500w, https:\/\/tdv.org\/tr-TR\/wp-content\/uploads\/2019\/03\/U\u0130P-\u00f6\u011frencilerinden-Afrika-ve-Yemen\u2019e-destek-2-Large-350x350.jpg 350w, https:\/\/tdv.org\/tr-TR\/wp-content\/uploads\/2019\/03\/U\u0130P-\u00f6\u011frencilerinden-Afrika-ve-Yemen\u2019e-destek-2-Large-1000x1000.jpg 1000w, https:\/\/tdv.org\/tr-TR\/wp-content\/uploads\/2019\/03\/U\u0130P-\u00f6\u011frencilerinden-Afrika-ve-Yemen\u2019e-destek-2-Large-800x800.jpg 800w\" sizes=\"(max-width: 150px) 100vw, 150px\" \/><\/a>\n\t\t\t<\/dt><\/dl><br style=\"clear: both\" \/><dl class='gallery-item'>\n\t\t\t<dt class='gallery-icon landscape'>\n\t\t\t\t<a href='https:\/\/tdv.org\/tr-TR\/wp-content\/uploads\/2019\/03\/U\u0130P-\u00f6\u011frencilerinden-Afrika-ve-Yemen\u2019e-destek-5-Large.jpg'><img decoding=\"async\" width=\"150\" height=\"150\" src=\"https:\/\/tdv.org\/tr-TR\/wp-content\/uploads\/2019\/03\/U\u0130P-\u00f6\u011frencilerinden-Afrika-ve-Yemen\u2019e-destek-5-Large-150x150.jpg\" class=\"attachment-thumbnail size-thumbnail\" alt=\"\" srcset=\"https:\/\/tdv.org\/tr-TR\/wp-content\/uploads\/2019\/03\/U\u0130P-\u00f6\u011frencilerinden-Afrika-ve-Yemen\u2019e-destek-5-Large-150x150.jpg 150w, https:\/\/tdv.org\/tr-TR\/wp-content\/uploads\/2019\/03\/U\u0130P-\u00f6\u011frencilerinden-Afrika-ve-Yemen\u2019e-destek-5-Large-100x100.jpg 100w, https:\/\/tdv.org\/tr-TR\/wp-content\/uploads\/2019\/03\/U\u0130P-\u00f6\u011frencilerinden-Afrika-ve-Yemen\u2019e-destek-5-Large-140x140.jpg 140w, https:\/\/tdv.org\/tr-TR\/wp-content\/uploads\/2019\/03\/U\u0130P-\u00f6\u011frencilerinden-Afrika-ve-Yemen\u2019e-destek-5-Large-500x500.jpg 500w, https:\/\/tdv.org\/tr-TR\/wp-content\/uploads\/2019\/03\/U\u0130P-\u00f6\u011frencilerinden-Afrika-ve-Yemen\u2019e-destek-5-Large-350x350.jpg 350w, https:\/\/tdv.org\/tr-TR\/wp-content\/uploads\/2019\/03\/U\u0130P-\u00f6\u011frencilerinden-Afrika-ve-Yemen\u2019e-destek-5-Large-1000x1000.jpg 1000w, https:\/\/tdv.org\/tr-TR\/wp-content\/uploads\/2019\/03\/U\u0130P-\u00f6\u011frencilerinden-Afrika-ve-Yemen\u2019e-destek-5-Large-800x800.jpg 800w\" sizes=\"(max-width: 150px) 100vw, 150px\" \/><\/a>\n\t\t\t<\/dt><\/dl><dl class='gallery-item'>\n\t\t\t<dt class='gallery-icon landscape'>\n\t\t\t\t<a href='https:\/\/tdv.org\/tr-TR\/wp-content\/uploads\/2019\/03\/U\u0130P-\u00f6\u011frencilerinden-Afrika-ve-Yemen\u2019e-destek-6-Large.jpg'><img decoding=\"async\" width=\"150\" height=\"150\" src=\"https:\/\/tdv.org\/tr-TR\/wp-content\/uploads\/2019\/03\/U\u0130P-\u00f6\u011frencilerinden-Afrika-ve-Yemen\u2019e-destek-6-Large-150x150.jpg\" class=\"attachment-thumbnail size-thumbnail\" alt=\"\" srcset=\"https:\/\/tdv.org\/tr-TR\/wp-content\/uploads\/2019\/03\/U\u0130P-\u00f6\u011frencilerinden-Afrika-ve-Yemen\u2019e-destek-6-Large-150x150.jpg 150w, https:\/\/tdv.org\/tr-TR\/wp-content\/uploads\/2019\/03\/U\u0130P-\u00f6\u011frencilerinden-Afrika-ve-Yemen\u2019e-destek-6-Large-100x100.jpg 100w, https:\/\/tdv.org\/tr-TR\/wp-content\/uploads\/2019\/03\/U\u0130P-\u00f6\u011frencilerinden-Afrika-ve-Yemen\u2019e-destek-6-Large-140x140.jpg 140w, https:\/\/tdv.org\/tr-TR\/wp-content\/uploads\/2019\/03\/U\u0130P-\u00f6\u011frencilerinden-Afrika-ve-Yemen\u2019e-destek-6-Large-500x500.jpg 500w, https:\/\/tdv.org\/tr-TR\/wp-content\/uploads\/2019\/03\/U\u0130P-\u00f6\u011frencilerinden-Afrika-ve-Yemen\u2019e-destek-6-Large-350x350.jpg 350w, https:\/\/tdv.org\/tr-TR\/wp-content\/uploads\/2019\/03\/U\u0130P-\u00f6\u011frencilerinden-Afrika-ve-Yemen\u2019e-destek-6-Large-1000x1000.jpg 1000w, https:\/\/tdv.org\/tr-TR\/wp-content\/uploads\/2019\/03\/U\u0130P-\u00f6\u011frencilerinden-Afrika-ve-Yemen\u2019e-destek-6-Large-800x800.jpg 800w\" sizes=\"(max-width: 150px) 100vw, 150px\" \/><\/a>\n\t\t\t<\/dt><\/dl><dl class='gallery-item'>\n\t\t\t<dt class='gallery-icon landscape'>\n\t\t\t\t<a href='https:\/\/tdv.org\/tr-TR\/wp-content\/uploads\/2019\/03\/U\u0130P-\u00f6\u011frencilerinden-Afrika-ve-Yemen\u2019e-destek-8-Large.jpg'><img decoding=\"async\" width=\"150\" height=\"150\" src=\"https:\/\/tdv.org\/tr-TR\/wp-content\/uploads\/2019\/03\/U\u0130P-\u00f6\u011frencilerinden-Afrika-ve-Yemen\u2019e-destek-8-Large-150x150.jpg\" class=\"attachment-thumbnail size-thumbnail\" alt=\"\" srcset=\"https:\/\/tdv.org\/tr-TR\/wp-content\/uploads\/2019\/03\/U\u0130P-\u00f6\u011frencilerinden-Afrika-ve-Yemen\u2019e-destek-8-Large-150x150.jpg 150w, https:\/\/tdv.org\/tr-TR\/wp-content\/uploads\/2019\/03\/U\u0130P-\u00f6\u011frencilerinden-Afrika-ve-Yemen\u2019e-destek-8-Large-100x100.jpg 100w, https:\/\/tdv.org\/tr-TR\/wp-content\/uploads\/2019\/03\/U\u0130P-\u00f6\u011frencilerinden-Afrika-ve-Yemen\u2019e-destek-8-Large-140x140.jpg 140w, https:\/\/tdv.org\/tr-TR\/wp-content\/uploads\/2019\/03\/U\u0130P-\u00f6\u011frencilerinden-Afrika-ve-Yemen\u2019e-destek-8-Large-500x500.jpg 500w, https:\/\/tdv.org\/tr-TR\/wp-content\/uploads\/2019\/03\/U\u0130P-\u00f6\u011frencilerinden-Afrika-ve-Yemen\u2019e-destek-8-Large-350x350.jpg 350w, https:\/\/tdv.org\/tr-TR\/wp-content\/uploads\/2019\/03\/U\u0130P-\u00f6\u011frencilerinden-Afrika-ve-Yemen\u2019e-destek-8-Large-1000x1000.jpg 1000w, https:\/\/tdv.org\/tr-TR\/wp-content\/uploads\/2019\/03\/U\u0130P-\u00f6\u011frencilerinden-Afrika-ve-Yemen\u2019e-destek-8-Large-800x800.jpg 800w\" sizes=\"(max-width: 150px) 100vw, 150px\" \/><\/a>\n\t\t\t<\/dt><\/dl><dl class='gallery-item'>\n\t\t\t<dt class='gallery-icon landscape'>\n\t\t\t\t<a href='https:\/\/tdv.org\/tr-TR\/wp-content\/uploads\/2019\/03\/U\u0130P-\u00f6\u011frencilerinden-Afrika-ve-Yemen\u2019e-destek-9-Large.jpg'><img decoding=\"async\" width=\"150\" height=\"150\" src=\"https:\/\/tdv.org\/tr-TR\/wp-content\/uploads\/2019\/03\/U\u0130P-\u00f6\u011frencilerinden-Afrika-ve-Yemen\u2019e-destek-9-Large-150x150.jpg\" class=\"attachment-thumbnail size-thumbnail\" alt=\"\" srcset=\"https:\/\/tdv.org\/tr-TR\/wp-content\/uploads\/2019\/03\/U\u0130P-\u00f6\u011frencilerinden-Afrika-ve-Yemen\u2019e-destek-9-Large-150x150.jpg 150w, https:\/\/tdv.org\/tr-TR\/wp-content\/uploads\/2019\/03\/U\u0130P-\u00f6\u011frencilerinden-Afrika-ve-Yemen\u2019e-destek-9-Large-100x100.jpg 100w, https:\/\/tdv.org\/tr-TR\/wp-content\/uploads\/2019\/03\/U\u0130P-\u00f6\u011frencilerinden-Afrika-ve-Yemen\u2019e-destek-9-Large-140x140.jpg 140w, https:\/\/tdv.org\/tr-TR\/wp-content\/uploads\/2019\/03\/U\u0130P-\u00f6\u011frencilerinden-Afrika-ve-Yemen\u2019e-destek-9-Large-500x500.jpg 500w, https:\/\/tdv.org\/tr-TR\/wp-content\/uploads\/2019\/03\/U\u0130P-\u00f6\u011frencilerinden-Afrika-ve-Yemen\u2019e-destek-9-Large-350x350.jpg 350w, https:\/\/tdv.org\/tr-TR\/wp-content\/uploads\/2019\/03\/U\u0130P-\u00f6\u011frencilerinden-Afrika-ve-Yemen\u2019e-destek-9-Large-1000x1000.jpg 1000w, https:\/\/tdv.org\/tr-TR\/wp-content\/uploads\/2019\/03\/U\u0130P-\u00f6\u011frencilerinden-Afrika-ve-Yemen\u2019e-destek-9-Large-800x800.jpg 800w\" sizes=\"(max-width: 150px) 100vw, 150px\" \/><\/a>\n\t\t\t<\/dt><\/dl><br style=\"clear: both\" \/><dl class='gallery-item'>\n\t\t\t<dt class='gallery-icon landscape'>\n\t\t\t\t<a href='https:\/\/tdv.org\/tr-TR\/wp-content\/uploads\/2019\/03\/U\u0130P-\u00f6\u011frencilerinden-Afrika-ve-Yemen\u2019e-destek-11-Large.jpg'><img decoding=\"async\" width=\"150\" height=\"150\" src=\"https:\/\/tdv.org\/tr-TR\/wp-content\/uploads\/2019\/03\/U\u0130P-\u00f6\u011frencilerinden-Afrika-ve-Yemen\u2019e-destek-11-Large-150x150.jpg\" class=\"attachment-thumbnail size-thumbnail\" alt=\"\" srcset=\"https:\/\/tdv.org\/tr-TR\/wp-content\/uploads\/2019\/03\/U\u0130P-\u00f6\u011frencilerinden-Afrika-ve-Yemen\u2019e-destek-11-Large-150x150.jpg 150w, https:\/\/tdv.org\/tr-TR\/wp-content\/uploads\/2019\/03\/U\u0130P-\u00f6\u011frencilerinden-Afrika-ve-Yemen\u2019e-destek-11-Large-100x100.jpg 100w, https:\/\/tdv.org\/tr-TR\/wp-content\/uploads\/2019\/03\/U\u0130P-\u00f6\u011frencilerinden-Afrika-ve-Yemen\u2019e-destek-11-Large-140x140.jpg 140w, https:\/\/tdv.org\/tr-TR\/wp-content\/uploads\/2019\/03\/U\u0130P-\u00f6\u011frencilerinden-Afrika-ve-Yemen\u2019e-destek-11-Large-500x500.jpg 500w, https:\/\/tdv.org\/tr-TR\/wp-content\/uploads\/2019\/03\/U\u0130P-\u00f6\u011frencilerinden-Afrika-ve-Yemen\u2019e-destek-11-Large-350x350.jpg 350w, https:\/\/tdv.org\/tr-TR\/wp-content\/uploads\/2019\/03\/U\u0130P-\u00f6\u011frencilerinden-Afrika-ve-Yemen\u2019e-destek-11-Large-1000x1000.jpg 1000w, https:\/\/tdv.org\/tr-TR\/wp-content\/uploads\/2019\/03\/U\u0130P-\u00f6\u011frencilerinden-Afrika-ve-Yemen\u2019e-destek-11-Large-800x800.jpg 800w\" sizes=\"(max-width: 150px) 100vw, 150px\" \/><\/a>\n\t\t\t<\/dt><\/dl><dl class='gallery-item'>\n\t\t\t<dt class='gallery-icon landscape'>\n\t\t\t\t<a href='https:\/\/tdv.org\/tr-TR\/wp-content\/uploads\/2019\/03\/U\u0130P-\u00f6\u011frencilerinden-Afrika-ve-Yemen\u2019e-destek-7-Large.jpg'><img decoding=\"async\" width=\"150\" height=\"150\" src=\"https:\/\/tdv.org\/tr-TR\/wp-content\/uploads\/2019\/03\/U\u0130P-\u00f6\u011frencilerinden-Afrika-ve-Yemen\u2019e-destek-7-Large-150x150.jpg\" class=\"attachment-thumbnail size-thumbnail\" alt=\"\" srcset=\"https:\/\/tdv.org\/tr-TR\/wp-content\/uploads\/2019\/03\/U\u0130P-\u00f6\u011frencilerinden-Afrika-ve-Yemen\u2019e-destek-7-Large-150x150.jpg 150w, https:\/\/tdv.org\/tr-TR\/wp-content\/uploads\/2019\/03\/U\u0130P-\u00f6\u011frencilerinden-Afrika-ve-Yemen\u2019e-destek-7-Large-100x100.jpg 100w, https:\/\/tdv.org\/tr-TR\/wp-content\/uploads\/2019\/03\/U\u0130P-\u00f6\u011frencilerinden-Afrika-ve-Yemen\u2019e-destek-7-Large-140x140.jpg 140w, https:\/\/tdv.org\/tr-TR\/wp-content\/uploads\/2019\/03\/U\u0130P-\u00f6\u011frencilerinden-Afrika-ve-Yemen\u2019e-destek-7-Large-500x500.jpg 500w, https:\/\/tdv.org\/tr-TR\/wp-content\/uploads\/2019\/03\/U\u0130P-\u00f6\u011frencilerinden-Afrika-ve-Yemen\u2019e-destek-7-Large-350x350.jpg 350w, https:\/\/tdv.org\/tr-TR\/wp-content\/uploads\/2019\/03\/U\u0130P-\u00f6\u011frencilerinden-Afrika-ve-Yemen\u2019e-destek-7-Large-1000x1000.jpg 1000w, https:\/\/tdv.org\/tr-TR\/wp-content\/uploads\/2019\/03\/U\u0130P-\u00f6\u011frencilerinden-Afrika-ve-Yemen\u2019e-destek-7-Large-800x800.jpg 800w\" sizes=\"(max-width: 150px) 100vw, 150px\" \/><\/a>\n\t\t\t<\/dt><\/dl><dl class='gallery-item'>\n\t\t\t<dt class='gallery-icon landscape'>\n\t\t\t\t<a href='https:\/\/tdv.org\/tr-TR\/wp-content\/uploads\/2019\/03\/U\u0130P-\u00f6\u011frencilerinden-Afrika-ve-Yemen\u2019e-destek-10-Large.jpg'><img decoding=\"async\" width=\"150\" height=\"150\" src=\"https:\/\/tdv.org\/tr-TR\/wp-content\/uploads\/2019\/03\/U\u0130P-\u00f6\u011frencilerinden-Afrika-ve-Yemen\u2019e-destek-10-Large-150x150.jpg\" class=\"attachment-thumbnail size-thumbnail\" alt=\"\" srcset=\"https:\/\/tdv.org\/tr-TR\/wp-content\/uploads\/2019\/03\/U\u0130P-\u00f6\u011frencilerinden-Afrika-ve-Yemen\u2019e-destek-10-Large-150x150.jpg 150w, https:\/\/tdv.org\/tr-TR\/wp-content\/uploads\/2019\/03\/U\u0130P-\u00f6\u011frencilerinden-Afrika-ve-Yemen\u2019e-destek-10-Large-100x100.jpg 100w, https:\/\/tdv.org\/tr-TR\/wp-content\/uploads\/2019\/03\/U\u0130P-\u00f6\u011frencilerinden-Afrika-ve-Yemen\u2019e-destek-10-Large-140x140.jpg 140w, https:\/\/tdv.org\/tr-TR\/wp-content\/uploads\/2019\/03\/U\u0130P-\u00f6\u011frencilerinden-Afrika-ve-Yemen\u2019e-destek-10-Large-500x500.jpg 500w, https:\/\/tdv.org\/tr-TR\/wp-content\/uploads\/2019\/03\/U\u0130P-\u00f6\u011frencilerinden-Afrika-ve-Yemen\u2019e-destek-10-Large-350x350.jpg 350w, https:\/\/tdv.org\/tr-TR\/wp-content\/uploads\/2019\/03\/U\u0130P-\u00f6\u011frencilerinden-Afrika-ve-Yemen\u2019e-destek-10-Large-1000x1000.jpg 1000w, https:\/\/tdv.org\/tr-TR\/wp-content\/uploads\/2019\/03\/U\u0130P-\u00f6\u011frencilerinden-Afrika-ve-Yemen\u2019e-destek-10-Large-800x800.jpg 800w\" sizes=\"(max-width: 150px) 100vw, 150px\" \/><\/a>\n\t\t\t<\/dt><\/dl><dl class='gallery-item'>\n\t\t\t<dt class='gallery-icon landscape'>\n\t\t\t\t<a href='https:\/\/tdv.org\/tr-TR\/wp-content\/uploads\/2019\/03\/U\u0130P-\u00f6\u011frencilerinden-Afrika-ve-Yemen\u2019e-destek-12-Large.jpg'><img decoding=\"async\" width=\"150\" height=\"150\" src=\"https:\/\/tdv.org\/tr-TR\/wp-content\/uploads\/2019\/03\/U\u0130P-\u00f6\u011frencilerinden-Afrika-ve-Yemen\u2019e-destek-12-Large-150x150.jpg\" class=\"attachment-thumbnail size-thumbnail\" alt=\"\" srcset=\"https:\/\/tdv.org\/tr-TR\/wp-content\/uploads\/2019\/03\/U\u0130P-\u00f6\u011frencilerinden-Afrika-ve-Yemen\u2019e-destek-12-Large-150x150.jpg 150w, https:\/\/tdv.org\/tr-TR\/wp-content\/uploads\/2019\/03\/U\u0130P-\u00f6\u011frencilerinden-Afrika-ve-Yemen\u2019e-destek-12-Large-100x100.jpg 100w, https:\/\/tdv.org\/tr-TR\/wp-content\/uploads\/2019\/03\/U\u0130P-\u00f6\u011frencilerinden-Afrika-ve-Yemen\u2019e-destek-12-Large-140x140.jpg 140w, https:\/\/tdv.org\/tr-TR\/wp-content\/uploads\/2019\/03\/U\u0130P-\u00f6\u011frencilerinden-Afrika-ve-Yemen\u2019e-destek-12-Large-500x500.jpg 500w, https:\/\/tdv.org\/tr-TR\/wp-content\/uploads\/2019\/03\/U\u0130P-\u00f6\u011frencilerinden-Afrika-ve-Yemen\u2019e-destek-12-Large-350x350.jpg 350w, https:\/\/tdv.org\/tr-TR\/wp-content\/uploads\/2019\/03\/U\u0130P-\u00f6\u011frencilerinden-Afrika-ve-Yemen\u2019e-destek-12-Large-1000x1000.jpg 1000w, https:\/\/tdv.org\/tr-TR\/wp-content\/uploads\/2019\/03\/U\u0130P-\u00f6\u011frencilerinden-Afrika-ve-Yemen\u2019e-destek-12-Large-800x800.jpg 800w\" sizes=\"(max-width: 150px) 100vw, 150px\" \/><\/a>\n\t\t\t<\/dt><\/dl><br style=\"clear: both\" \/>\n\t\t<\/div>\n\n","protected":false},"excerpt":{"rendered":"<p>Uluslararas\u0131 \u0130lahiyat Program\u0131 (U\u0130P) \u00f6\u011frencileri \u00a0T\u00fcrkiye Diyanet Vakf\u0131 taraf\u0131ndan \u201cBir Damla Hayat\u201d ba\u015fl\u0131\u011f\u0131yla \u00a0y\u00fcr\u00fct\u00fclen \u201cAfrika\u2019da Su Kuyusu A\u00e7ma Projesi\u201d ve \u00a0\u201cYemen&#8217;e Sessiz Kalma\u201d kampanyas\u0131 i\u00e7in toplad\u0131klar\u0131 yard\u0131mlar\u0131n \u00e7eklerini, Diyanet \u0130\u015fleri&#8230;<\/p>\n","protected":false},"author":7,"featured_media":2248,"comment_status":"open","ping_status":"closed","sticky":false,"template":"","format":"standard","meta":{"footnotes":""},"categories":[1],"tags":[],"class_list":{"0":"post-2236","1":"post","2":"type-post","3":"status-publish","4":"format-standard","5":"has-post-thumbnail","7":"category-haberler"},"yoast_head":"<!-- This site is optimized with the Yoast SEO plugin v27.5 - https:\/\/yoast.com\/product\/yoast-seo-wordpress\/ -->\n<title>Uluslararas\u0131 \u0130lahiyat \u00f6\u011frencilerinden Afrika ve Yemen\u2019e destek<\/title>\n<meta name=\"description\" content=\"Uluslararas\u0131 \u0130lahiyat Program\u0131 (U\u0130P) \u00f6\u011frencileri \u00a0T\u00fcrkiye Diyanet Vakf\u0131 taraf\u0131ndan \u201cBir Damla Hayat\u201d ba\u015fl\u0131\u011f\u0131yla \u00a0y\u00fcr\u00fct\u00fclen \u201cAfrika\u2019da Su Kuyusu A\u00e7ma Projesi\u201d ve \u00a0\u201cYemen&#039;e Sessiz Kalma\u201d kampanyas\u0131 i\u00e7in toplad\u0131klar\u0131 yard\u0131mlar\u0131n \u00e7eklerini, Diyanet \u0130\u015fleri Ba\u015fkan\u0131 ve TDV M\u00fctevelli Heyeti Ba\u015fkan\u0131 Prof. Dr. Ali Erba\u015f\u2019a takdim etti.\" \/>\n<meta name=\"robots\" content=\"index, follow, max-snippet:-1, max-image-preview:large, max-video-preview:-1\" \/>\n<link rel=\"canonical\" href=\"https:\/\/tdv.org\/tr-TR\/uip-ogrencilerinden-afrika-ve-yemene-destek\/\" \/>\n<meta property=\"og:locale\" content=\"tr_TR\" \/>\n<meta property=\"og:type\" content=\"article\" \/>\n<meta property=\"og:title\" content=\"Uluslararas\u0131 \u0130lahiyat \u00f6\u011frencilerinden Afrika ve Yemen\u2019e destek\" \/>\n<meta property=\"og:description\" content=\"Uluslararas\u0131 \u0130lahiyat Program\u0131 (U\u0130P) \u00f6\u011frencileri \u00a0T\u00fcrkiye Diyanet Vakf\u0131 taraf\u0131ndan \u201cBir Damla Hayat\u201d ba\u015fl\u0131\u011f\u0131yla \u00a0y\u00fcr\u00fct\u00fclen \u201cAfrika\u2019da Su Kuyusu A\u00e7ma Projesi\u201d ve \u00a0\u201cYemen&#039;e Sessiz Kalma\u201d kampanyas\u0131 i\u00e7in toplad\u0131klar\u0131 yard\u0131mlar\u0131n \u00e7eklerini, Diyanet \u0130\u015fleri Ba\u015fkan\u0131 ve TDV M\u00fctevelli Heyeti Ba\u015fkan\u0131 Prof. Dr. Ali Erba\u015f\u2019a takdim etti.\" \/>\n<meta property=\"og:url\" content=\"https:\/\/tdv.org\/tr-TR\/uip-ogrencilerinden-afrika-ve-yemene-destek\/\" \/>\n<meta property=\"og:site_name\" content=\"T\u00fcrkiye Diyanet Vakf\u0131 Resmi Web Sitesi\" \/>\n<meta property=\"article:publisher\" content=\"https:\/\/www.facebook.com\/Diyanetvakfi\/\" \/>\n<meta property=\"article:published_time\" content=\"2019-03-21T11:09:32+00:00\" \/>\n<meta property=\"article:modified_time\" content=\"2023-04-17T08:19:37+00:00\" \/>\n<meta property=\"og:image\" content=\"https:\/\/tdv.org\/tr-TR\/wp-content\/uploads\/2019\/03\/U\u0130P-\u00f6\u011frencilerinden-Afrika-ve-Yemen\u2019e-destek-12-Large.jpg\" \/>\n\t<meta property=\"og:image:width\" content=\"1620\" \/>\n\t<meta property=\"og:image:height\" content=\"1080\" \/>\n\t<meta property=\"og:image:type\" content=\"image\/jpeg\" \/>\n<meta name=\"author\" content=\"U\u011fur\" \/>\n<meta name=\"twitter:card\" content=\"summary_large_image\" \/>\n<meta name=\"twitter:creator\" content=\"@DiyanetVakfi\" \/>\n<meta name=\"twitter:site\" content=\"@DiyanetVakfi\" \/>\n<script type=\"application\/ld+json\" class=\"yoast-schema-graph\">{\"@context\":\"https:\\\/\\\/schema.org\",\"@graph\":[{\"@type\":\"Article\",\"@id\":\"https:\\\/\\\/tdv.org\\\/tr-TR\\\/uip-ogrencilerinden-afrika-ve-yemene-destek\\\/#article\",\"isPartOf\":{\"@id\":\"https:\\\/\\\/tdv.org\\\/tr-TR\\\/uip-ogrencilerinden-afrika-ve-yemene-destek\\\/\"},\"author\":{\"name\":\"U\u011fur\",\"@id\":\"https:\\\/\\\/tdv.org\\\/tr-TR\\\/#\\\/schema\\\/person\\\/8dcf742852c4614c6fdadb92da159c05\"},\"headline\":\"Uluslararas\u0131 \u0130lahiyat \u00f6\u011frencilerinden Afrika ve Yemen\u2019e destek\",\"datePublished\":\"2019-03-21T11:09:32+00:00\",\"dateModified\":\"2023-04-17T08:19:37+00:00\",\"mainEntityOfPage\":{\"@id\":\"https:\\\/\\\/tdv.org\\\/tr-TR\\\/uip-ogrencilerinden-afrika-ve-yemene-destek\\\/\"},\"wordCount\":335,\"commentCount\":0,\"publisher\":{\"@id\":\"https:\\\/\\\/tdv.org\\\/tr-TR\\\/#organization\"},\"image\":{\"@id\":\"https:\\\/\\\/tdv.org\\\/tr-TR\\\/uip-ogrencilerinden-afrika-ve-yemene-destek\\\/#primaryimage\"},\"thumbnailUrl\":\"https:\\\/\\\/tdv.org\\\/tr-TR\\\/wp-content\\\/uploads\\\/2019\\\/03\\\/U\u0130P-\u00f6\u011frencilerinden-Afrika-ve-Yemen\u2019e-destek-12-Large.jpg\",\"articleSection\":[\"Haberler\"],\"inLanguage\":\"tr\",\"potentialAction\":[{\"@type\":\"CommentAction\",\"name\":\"Comment\",\"target\":[\"https:\\\/\\\/tdv.org\\\/tr-TR\\\/uip-ogrencilerinden-afrika-ve-yemene-destek\\\/#respond\"]}]},{\"@type\":\"WebPage\",\"@id\":\"https:\\\/\\\/tdv.org\\\/tr-TR\\\/uip-ogrencilerinden-afrika-ve-yemene-destek\\\/\",\"url\":\"https:\\\/\\\/tdv.org\\\/tr-TR\\\/uip-ogrencilerinden-afrika-ve-yemene-destek\\\/\",\"name\":\"Uluslararas\u0131 \u0130lahiyat \u00f6\u011frencilerinden Afrika ve Yemen\u2019e destek\",\"isPartOf\":{\"@id\":\"https:\\\/\\\/tdv.org\\\/tr-TR\\\/#website\"},\"primaryImageOfPage\":{\"@id\":\"https:\\\/\\\/tdv.org\\\/tr-TR\\\/uip-ogrencilerinden-afrika-ve-yemene-destek\\\/#primaryimage\"},\"image\":{\"@id\":\"https:\\\/\\\/tdv.org\\\/tr-TR\\\/uip-ogrencilerinden-afrika-ve-yemene-destek\\\/#primaryimage\"},\"thumbnailUrl\":\"https:\\\/\\\/tdv.org\\\/tr-TR\\\/wp-content\\\/uploads\\\/2019\\\/03\\\/U\u0130P-\u00f6\u011frencilerinden-Afrika-ve-Yemen\u2019e-destek-12-Large.jpg\",\"datePublished\":\"2019-03-21T11:09:32+00:00\",\"dateModified\":\"2023-04-17T08:19:37+00:00\",\"description\":\"Uluslararas\u0131 \u0130lahiyat Program\u0131 (U\u0130P) \u00f6\u011frencileri \u00a0T\u00fcrkiye Diyanet Vakf\u0131 taraf\u0131ndan \u201cBir Damla Hayat\u201d ba\u015fl\u0131\u011f\u0131yla \u00a0y\u00fcr\u00fct\u00fclen \u201cAfrika\u2019da Su Kuyusu A\u00e7ma Projesi\u201d ve \u00a0\u201cYemen'e Sessiz Kalma\u201d kampanyas\u0131 i\u00e7in toplad\u0131klar\u0131 yard\u0131mlar\u0131n \u00e7eklerini, Diyanet \u0130\u015fleri Ba\u015fkan\u0131 ve TDV M\u00fctevelli Heyeti Ba\u015fkan\u0131 Prof. Dr. Ali Erba\u015f\u2019a takdim etti.\",\"breadcrumb\":{\"@id\":\"https:\\\/\\\/tdv.org\\\/tr-TR\\\/uip-ogrencilerinden-afrika-ve-yemene-destek\\\/#breadcrumb\"},\"inLanguage\":\"tr\",\"potentialAction\":[{\"@type\":\"ReadAction\",\"target\":[\"https:\\\/\\\/tdv.org\\\/tr-TR\\\/uip-ogrencilerinden-afrika-ve-yemene-destek\\\/\"]}]},{\"@type\":\"ImageObject\",\"inLanguage\":\"tr\",\"@id\":\"https:\\\/\\\/tdv.org\\\/tr-TR\\\/uip-ogrencilerinden-afrika-ve-yemene-destek\\\/#primaryimage\",\"url\":\"https:\\\/\\\/tdv.org\\\/tr-TR\\\/wp-content\\\/uploads\\\/2019\\\/03\\\/U\u0130P-\u00f6\u011frencilerinden-Afrika-ve-Yemen\u2019e-destek-12-Large.jpg\",\"contentUrl\":\"https:\\\/\\\/tdv.org\\\/tr-TR\\\/wp-content\\\/uploads\\\/2019\\\/03\\\/U\u0130P-\u00f6\u011frencilerinden-Afrika-ve-Yemen\u2019e-destek-12-Large.jpg\",\"width\":1620,\"height\":1080},{\"@type\":\"BreadcrumbList\",\"@id\":\"https:\\\/\\\/tdv.org\\\/tr-TR\\\/uip-ogrencilerinden-afrika-ve-yemene-destek\\\/#breadcrumb\",\"itemListElement\":[{\"@type\":\"ListItem\",\"position\":1,\"name\":\"Anasayfa\",\"item\":\"https:\\\/\\\/tdv.org\\\/tr-TR\\\/\"},{\"@type\":\"ListItem\",\"position\":2,\"name\":\"Uluslararas\u0131 \u0130lahiyat \u00f6\u011frencilerinden Afrika ve Yemen\u2019e destek\"}]},{\"@type\":\"WebSite\",\"@id\":\"https:\\\/\\\/tdv.org\\\/tr-TR\\\/#website\",\"url\":\"https:\\\/\\\/tdv.org\\\/tr-TR\\\/\",\"name\":\"T\u00fcrkiye Diyanet Vakf\u0131 Resmi Web Sitesi\",\"description\":\"Yery\u00fcz\u00fcnde iyilik egemen oluncaya kadar\",\"publisher\":{\"@id\":\"https:\\\/\\\/tdv.org\\\/tr-TR\\\/#organization\"},\"alternateName\":\"T\u00fcrkiye Diyanet Vakf\u0131\",\"potentialAction\":[{\"@type\":\"SearchAction\",\"target\":{\"@type\":\"EntryPoint\",\"urlTemplate\":\"https:\\\/\\\/tdv.org\\\/tr-TR\\\/?s={search_term_string}\"},\"query-input\":{\"@type\":\"PropertyValueSpecification\",\"valueRequired\":true,\"valueName\":\"search_term_string\"}}],\"inLanguage\":\"tr\"},{\"@type\":\"Organization\",\"@id\":\"https:\\\/\\\/tdv.org\\\/tr-TR\\\/#organization\",\"name\":\"T\u00fcrkiye Diyanet Vakf\u0131\",\"alternateName\":\"T\u00fcrkiye Diyanet Vakf\u0131\",\"url\":\"https:\\\/\\\/tdv.org\\\/tr-TR\\\/\",\"logo\":{\"@type\":\"ImageObject\",\"inLanguage\":\"tr\",\"@id\":\"https:\\\/\\\/tdv.org\\\/tr-TR\\\/#\\\/schema\\\/logo\\\/image\\\/\",\"url\":\"https:\\\/\\\/tdv.org\\\/tr-TR\\\/wp-content\\\/uploads\\\/2018\\\/12\\\/TDV_Logo_1.png\",\"contentUrl\":\"https:\\\/\\\/tdv.org\\\/tr-TR\\\/wp-content\\\/uploads\\\/2018\\\/12\\\/TDV_Logo_1.png\",\"width\":207,\"height\":71,\"caption\":\"T\u00fcrkiye Diyanet Vakf\u0131\"},\"image\":{\"@id\":\"https:\\\/\\\/tdv.org\\\/tr-TR\\\/#\\\/schema\\\/logo\\\/image\\\/\"},\"sameAs\":[\"https:\\\/\\\/www.facebook.com\\\/Diyanetvakfi\\\/\",\"https:\\\/\\\/x.com\\\/DiyanetVakfi\",\"https:\\\/\\\/www.instagram.com\\\/turkiyediyanetvakfi\\\/\",\"https:\\\/\\\/www.youtube.com\\\/user\\\/TurkiyeDiyanetVakfi\"]},{\"@type\":\"Person\",\"@id\":\"https:\\\/\\\/tdv.org\\\/tr-TR\\\/#\\\/schema\\\/person\\\/8dcf742852c4614c6fdadb92da159c05\",\"name\":\"U\u011fur\",\"image\":{\"@type\":\"ImageObject\",\"inLanguage\":\"tr\",\"@id\":\"https:\\\/\\\/tdv.org\\\/tr-TR\\\/wp-content\\\/litespeed\\\/avatar\\\/b970c0eba1124f8268544e2640bfa964.jpg?ver=1777289940\",\"url\":\"https:\\\/\\\/tdv.org\\\/tr-TR\\\/wp-content\\\/litespeed\\\/avatar\\\/b970c0eba1124f8268544e2640bfa964.jpg?ver=1777289940\",\"contentUrl\":\"https:\\\/\\\/tdv.org\\\/tr-TR\\\/wp-content\\\/litespeed\\\/avatar\\\/b970c0eba1124f8268544e2640bfa964.jpg?ver=1777289940\",\"caption\":\"U\u011fur\"}}]}<\/script>\n<!-- \/ Yoast SEO plugin. -->","yoast_head_json":{"title":"Uluslararas\u0131 \u0130lahiyat \u00f6\u011frencilerinden Afrika ve Yemen\u2019e destek","description":"Uluslararas\u0131 \u0130lahiyat Program\u0131 (U\u0130P) \u00f6\u011frencileri \u00a0T\u00fcrkiye Diyanet Vakf\u0131 taraf\u0131ndan \u201cBir Damla Hayat\u201d ba\u015fl\u0131\u011f\u0131yla \u00a0y\u00fcr\u00fct\u00fclen \u201cAfrika\u2019da Su Kuyusu A\u00e7ma Projesi\u201d ve \u00a0\u201cYemen'e Sessiz Kalma\u201d kampanyas\u0131 i\u00e7in toplad\u0131klar\u0131 yard\u0131mlar\u0131n \u00e7eklerini, Diyanet \u0130\u015fleri Ba\u015fkan\u0131 ve TDV M\u00fctevelli Heyeti Ba\u015fkan\u0131 Prof. Dr. Ali Erba\u015f\u2019a takdim etti.","robots":{"index":"index","follow":"follow","max-snippet":"max-snippet:-1","max-image-preview":"max-image-preview:large","max-video-preview":"max-video-preview:-1"},"canonical":"https:\/\/tdv.org\/tr-TR\/uip-ogrencilerinden-afrika-ve-yemene-destek\/","og_locale":"tr_TR","og_type":"article","og_title":"Uluslararas\u0131 \u0130lahiyat \u00f6\u011frencilerinden Afrika ve Yemen\u2019e destek","og_description":"Uluslararas\u0131 \u0130lahiyat Program\u0131 (U\u0130P) \u00f6\u011frencileri \u00a0T\u00fcrkiye Diyanet Vakf\u0131 taraf\u0131ndan \u201cBir Damla Hayat\u201d ba\u015fl\u0131\u011f\u0131yla \u00a0y\u00fcr\u00fct\u00fclen \u201cAfrika\u2019da Su Kuyusu A\u00e7ma Projesi\u201d ve \u00a0\u201cYemen'e Sessiz Kalma\u201d kampanyas\u0131 i\u00e7in toplad\u0131klar\u0131 yard\u0131mlar\u0131n \u00e7eklerini, Diyanet \u0130\u015fleri Ba\u015fkan\u0131 ve TDV M\u00fctevelli Heyeti Ba\u015fkan\u0131 Prof. Dr. Ali Erba\u015f\u2019a takdim etti.","og_url":"https:\/\/tdv.org\/tr-TR\/uip-ogrencilerinden-afrika-ve-yemene-destek\/","og_site_name":"T\u00fcrkiye Diyanet Vakf\u0131 Resmi Web Sitesi","article_publisher":"https:\/\/www.facebook.com\/Diyanetvakfi\/","article_published_time":"2019-03-21T11:09:32+00:00","article_modified_time":"2023-04-17T08:19:37+00:00","og_image":[{"width":1620,"height":1080,"url":"https:\/\/tdv.org\/tr-TR\/wp-content\/uploads\/2019\/03\/U\u0130P-\u00f6\u011frencilerinden-Afrika-ve-Yemen\u2019e-destek-12-Large.jpg","type":"image\/jpeg"}],"author":"U\u011fur","twitter_card":"summary_large_image","twitter_creator":"@DiyanetVakfi","twitter_site":"@DiyanetVakfi","schema":{"@context":"https:\/\/schema.org","@graph":[{"@type":"Article","@id":"https:\/\/tdv.org\/tr-TR\/uip-ogrencilerinden-afrika-ve-yemene-destek\/#article","isPartOf":{"@id":"https:\/\/tdv.org\/tr-TR\/uip-ogrencilerinden-afrika-ve-yemene-destek\/"},"author":{"name":"U\u011fur","@id":"https:\/\/tdv.org\/tr-TR\/#\/schema\/person\/8dcf742852c4614c6fdadb92da159c05"},"headline":"Uluslararas\u0131 \u0130lahiyat \u00f6\u011frencilerinden Afrika ve Yemen\u2019e destek","datePublished":"2019-03-21T11:09:32+00:00","dateModified":"2023-04-17T08:19:37+00:00","mainEntityOfPage":{"@id":"https:\/\/tdv.org\/tr-TR\/uip-ogrencilerinden-afrika-ve-yemene-destek\/"},"wordCount":335,"commentCount":0,"publisher":{"@id":"https:\/\/tdv.org\/tr-TR\/#organization"},"image":{"@id":"https:\/\/tdv.org\/tr-TR\/uip-ogrencilerinden-afrika-ve-yemene-destek\/#primaryimage"},"thumbnailUrl":"https:\/\/tdv.org\/tr-TR\/wp-content\/uploads\/2019\/03\/U\u0130P-\u00f6\u011frencilerinden-Afrika-ve-Yemen\u2019e-destek-12-Large.jpg","articleSection":["Haberler"],"inLanguage":"tr","potentialAction":[{"@type":"CommentAction","name":"Comment","target":["https:\/\/tdv.org\/tr-TR\/uip-ogrencilerinden-afrika-ve-yemene-destek\/#respond"]}]},{"@type":"WebPage","@id":"https:\/\/tdv.org\/tr-TR\/uip-ogrencilerinden-afrika-ve-yemene-destek\/","url":"https:\/\/tdv.org\/tr-TR\/uip-ogrencilerinden-afrika-ve-yemene-destek\/","name":"Uluslararas\u0131 \u0130lahiyat \u00f6\u011frencilerinden Afrika ve Yemen\u2019e destek","isPartOf":{"@id":"https:\/\/tdv.org\/tr-TR\/#website"},"primaryImageOfPage":{"@id":"https:\/\/tdv.org\/tr-TR\/uip-ogrencilerinden-afrika-ve-yemene-destek\/#primaryimage"},"image":{"@id":"https:\/\/tdv.org\/tr-TR\/uip-ogrencilerinden-afrika-ve-yemene-destek\/#primaryimage"},"thumbnailUrl":"https:\/\/tdv.org\/tr-TR\/wp-content\/uploads\/2019\/03\/U\u0130P-\u00f6\u011frencilerinden-Afrika-ve-Yemen\u2019e-destek-12-Large.jpg","datePublished":"2019-03-21T11:09:32+00:00","dateModified":"2023-04-17T08:19:37+00:00","description":"Uluslararas\u0131 \u0130lahiyat Program\u0131 (U\u0130P) \u00f6\u011frencileri \u00a0T\u00fcrkiye Diyanet Vakf\u0131 taraf\u0131ndan \u201cBir Damla Hayat\u201d ba\u015fl\u0131\u011f\u0131yla \u00a0y\u00fcr\u00fct\u00fclen \u201cAfrika\u2019da Su Kuyusu A\u00e7ma Projesi\u201d ve \u00a0\u201cYemen'e Sessiz Kalma\u201d kampanyas\u0131 i\u00e7in toplad\u0131klar\u0131 yard\u0131mlar\u0131n \u00e7eklerini, Diyanet \u0130\u015fleri Ba\u015fkan\u0131 ve TDV M\u00fctevelli Heyeti Ba\u015fkan\u0131 Prof. Dr. Ali Erba\u015f\u2019a takdim etti.","breadcrumb":{"@id":"https:\/\/tdv.org\/tr-TR\/uip-ogrencilerinden-afrika-ve-yemene-destek\/#breadcrumb"},"inLanguage":"tr","potentialAction":[{"@type":"ReadAction","target":["https:\/\/tdv.org\/tr-TR\/uip-ogrencilerinden-afrika-ve-yemene-destek\/"]}]},{"@type":"ImageObject","inLanguage":"tr","@id":"https:\/\/tdv.org\/tr-TR\/uip-ogrencilerinden-afrika-ve-yemene-destek\/#primaryimage","url":"https:\/\/tdv.org\/tr-TR\/wp-content\/uploads\/2019\/03\/U\u0130P-\u00f6\u011frencilerinden-Afrika-ve-Yemen\u2019e-destek-12-Large.jpg","contentUrl":"https:\/\/tdv.org\/tr-TR\/wp-content\/uploads\/2019\/03\/U\u0130P-\u00f6\u011frencilerinden-Afrika-ve-Yemen\u2019e-destek-12-Large.jpg","width":1620,"height":1080},{"@type":"BreadcrumbList","@id":"https:\/\/tdv.org\/tr-TR\/uip-ogrencilerinden-afrika-ve-yemene-destek\/#breadcrumb","itemListElement":[{"@type":"ListItem","position":1,"name":"Anasayfa","item":"https:\/\/tdv.org\/tr-TR\/"},{"@type":"ListItem","position":2,"name":"Uluslararas\u0131 \u0130lahiyat \u00f6\u011frencilerinden Afrika ve Yemen\u2019e destek"}]},{"@type":"WebSite","@id":"https:\/\/tdv.org\/tr-TR\/#website","url":"https:\/\/tdv.org\/tr-TR\/","name":"T\u00fcrkiye Diyanet Vakf\u0131 Resmi Web Sitesi","description":"Yery\u00fcz\u00fcnde iyilik egemen oluncaya kadar","publisher":{"@id":"https:\/\/tdv.org\/tr-TR\/#organization"},"alternateName":"T\u00fcrkiye Diyanet Vakf\u0131","potentialAction":[{"@type":"SearchAction","target":{"@type":"EntryPoint","urlTemplate":"https:\/\/tdv.org\/tr-TR\/?s={search_term_string}"},"query-input":{"@type":"PropertyValueSpecification","valueRequired":true,"valueName":"search_term_string"}}],"inLanguage":"tr"},{"@type":"Organization","@id":"https:\/\/tdv.org\/tr-TR\/#organization","name":"T\u00fcrkiye Diyanet Vakf\u0131","alternateName":"T\u00fcrkiye Diyanet Vakf\u0131","url":"https:\/\/tdv.org\/tr-TR\/","logo":{"@type":"ImageObject","inLanguage":"tr","@id":"https:\/\/tdv.org\/tr-TR\/#\/schema\/logo\/image\/","url":"https:\/\/tdv.org\/tr-TR\/wp-content\/uploads\/2018\/12\/TDV_Logo_1.png","contentUrl":"https:\/\/tdv.org\/tr-TR\/wp-content\/uploads\/2018\/12\/TDV_Logo_1.png","width":207,"height":71,"caption":"T\u00fcrkiye Diyanet Vakf\u0131"},"image":{"@id":"https:\/\/tdv.org\/tr-TR\/#\/schema\/logo\/image\/"},"sameAs":["https:\/\/www.facebook.com\/Diyanetvakfi\/","https:\/\/x.com\/DiyanetVakfi","https:\/\/www.instagram.com\/turkiyediyanetvakfi\/","https:\/\/www.youtube.com\/user\/TurkiyeDiyanetVakfi"]},{"@type":"Person","@id":"https:\/\/tdv.org\/tr-TR\/#\/schema\/person\/8dcf742852c4614c6fdadb92da159c05","name":"U\u011fur","image":{"@type":"ImageObject","inLanguage":"tr","@id":"https:\/\/tdv.org\/tr-TR\/wp-content\/litespeed\/avatar\/b970c0eba1124f8268544e2640bfa964.jpg?ver=1777289940","url":"https:\/\/tdv.org\/tr-TR\/wp-content\/litespeed\/avatar\/b970c0eba1124f8268544e2640bfa964.jpg?ver=1777289940","contentUrl":"https:\/\/tdv.org\/tr-TR\/wp-content\/litespeed\/avatar\/b970c0eba1124f8268544e2640bfa964.jpg?ver=1777289940","caption":"U\u011fur"}}]}},"_links":{"self":[{"href":"https:\/\/tdv.org\/tr-TR\/wp-json\/wp\/v2\/posts\/2236","targetHints":{"allow":["GET"]}}],"collection":[{"href":"https:\/\/tdv.org\/tr-TR\/wp-json\/wp\/v2\/posts"}],"about":[{"href":"https:\/\/tdv.org\/tr-TR\/wp-json\/wp\/v2\/types\/post"}],"author":[{"embeddable":true,"href":"https:\/\/tdv.org\/tr-TR\/wp-json\/wp\/v2\/users\/7"}],"replies":[{"embeddable":true,"href":"https:\/\/tdv.org\/tr-TR\/wp-json\/wp\/v2\/comments?post=2236"}],"version-history":[{"count":1,"href":"https:\/\/tdv.org\/tr-TR\/wp-json\/wp\/v2\/posts\/2236\/revisions"}],"predecessor-version":[{"id":32188,"href":"https:\/\/tdv.org\/tr-TR\/wp-json\/wp\/v2\/posts\/2236\/revisions\/32188"}],"wp:featuredmedia":[{"embeddable":true,"href":"https:\/\/tdv.org\/tr-TR\/wp-json\/wp\/v2\/media\/2248"}],"wp:attachment":[{"href":"https:\/\/tdv.org\/tr-TR\/wp-json\/wp\/v2\/media?parent=2236"}],"wp:term":[{"taxonomy":"category","embeddable":true,"href":"https:\/\/tdv.org\/tr-TR\/wp-json\/wp\/v2\/categories?post=2236"},{"taxonomy":"post_tag","embeddable":true,"href":"https:\/\/tdv.org\/tr-TR\/wp-json\/wp\/v2\/tags?post=2236"}],"curies":[{"name":"wp","href":"https:\/\/api.w.org\/{rel}","templated":true}]}}