{"id":2268,"date":"2019-03-23T13:30:51","date_gmt":"2019-03-23T10:30:51","guid":{"rendered":"https:\/\/tdv.org\/tr-TR\/?p=2268"},"modified":"2023-04-17T11:15:26","modified_gmt":"2023-04-17T08:15:26","slug":"turkiye-diyanet-vakfi-gonullulerinden-yaslilara-anlamli-ziyaret","status":"publish","type":"post","link":"https:\/\/tdv.org\/tr-TR\/turkiye-diyanet-vakfi-gonullulerinden-yaslilara-anlamli-ziyaret\/","title":{"rendered":"T\u00fcrkiye Diyanet Vakf\u0131 g\u00f6n\u00fcll\u00fclerinden ya\u015fl\u0131lara anlaml\u0131 ziyaret"},"content":{"rendered":"<p style=\"text-align: justify;\">T\u00fcrkiye Diyanet Vakf\u0131 \u0130stanbul Ey\u00fcpsultan \u015eube Ba\u015fkan\u0131 Mustafa Mesten ve Diyanet Vakf\u0131 Ey\u00fcp Sultan g\u00f6n\u00fcll\u00fcleri; &#8220;Ya\u015fl\u0131lar Haftas\u0131&#8221; dolay\u0131s\u0131yla Dar\u00fclaceze sakinlerini ve T\u00fcrkiye Diyanet Vakf\u0131 taraf\u0131ndan d\u00fczenlenen &#8220;5. Uluslararas\u0131 \u0130yilik \u00d6d\u00fclleri&#8221; kapsam\u0131nda \u00f6d\u00fcle lay\u0131k g\u00f6r\u00fclen \u015eeng\u00fcl Kazan&#8217;\u0131 ziyaret etti.<\/p>\n<p style=\"text-align: justify;\">Dar\u00fclaceze \u00e7al\u0131\u015fan ve sakinlerince &#8220;\u0130yilik Mele\u011fi&#8221; olarak adland\u0131r\u0131lan Kazan, ziyaretten dolay\u0131 \u00e7ok duyguland\u0131\u011f\u0131n\u0131 ifade etti.<br \/>\n41 y\u0131ld\u0131r sal\u0131 ve cuma g\u00fcnleri Dar\u00fclaceze&#8217;nin sessiz koridorlar\u0131nda dola\u015farak oda oda gezen, kendisini d\u00f6rt g\u00f6zle bekleyenlerin h\u00e2lini hatr\u0131n\u0131 soran, ya\u015fl\u0131lar\u0131n t\u0131rnak bak\u0131m\u0131n\u0131 yapan, banyosundan yemeklerine kadar bir\u00e7ok ihtiya\u00e7lar\u0131yla ilgilenen Kazan, Dar\u00fclaceze&#8217;deki ya\u015fl\u0131lar\u0131n, en \u00e7ok sevgiye ihtiyac\u0131 oldu\u011funu s\u00f6yledi.<\/p>\n<p style=\"text-align: justify;\">Bir\u00e7ok insan\u0131n \u00f6z anne babas\u0131na dahi yapmakta zorland\u0131\u011f\u0131 bak\u0131m\u0131 kendisinin hi\u00e7 y\u00fcks\u00fcnmeden yapt\u0131\u011f\u0131n\u0131 ifade eden Kazan, yapt\u0131\u011f\u0131 i\u015fle kendisini mutlu hissetti\u011fini, bir insan\u0131n hayat\u0131na olumlu y\u00f6nde dokunabilmenin huzurunu ya\u015fad\u0131\u011f\u0131n\u0131 belirtti.<\/p>\n<p style=\"text-align: justify;\">Dar\u00fclaceze sakinleri ile zaman ge\u00e7irmenin ho\u015funa gitti\u011fini dile getiren Kazan, \u201cT\u0131rnaklar\u0131n\u0131 severek kesiyorum, hi\u00e7birisinden i\u011frenmiyorum. Onlar beni \u00e7ok seviyor, \u00f6zl\u00fcyorlar. Kendi k\u0131zlar\u0131, \u00e7ocuklar\u0131 ya da karde\u015fleri gibi g\u00f6r\u00fcyorlar. Bende onlara bu duyguyu verebildi\u011fim i\u00e7in \u00e7ok mutlu oluyorum. Aram\u0131zda \u00f6lene kadar kopmayacak g\u00fc\u00e7l\u00fc bir ba\u011f olu\u015fuyor. Manevi olarak burada kendimi \u00e7ok mutlu ve rahat hissediyorum. Evime gitti\u011fim zaman o kadar huzurlu gidiyorum ki, bunun tarifi m\u00fcmk\u00fcn de\u011fil&#8221; diye konu\u015ftu.<\/p>\n<p style=\"text-align: justify;\">Ziyaretin sonunda makam\u0131nda T\u00fcrkiye Diyanet Vakf\u0131 g\u00f6n\u00fcll\u00fclerini ve heyeti misafir eden Dar\u00fclaceze Ba\u015fkan\u0131 Hamza Cebeci: T\u00fcrkiye Diyanet Vakf\u0131&#8217;n\u0131n vermi\u015f oldu\u011fu \u0130yilik \u00d6d\u00fcl\u00fc vesilesiyle Dar\u00fclaceze&#8217;nin isminin b\u00f6yle g\u00fczel ve anlaml\u0131 bir \u00e7al\u0131\u015fmada ge\u00e7mesinden ve 41 y\u0131ld\u0131r g\u00f6n\u00fcll\u00fc olarak bu iyilikleri yapan \u015eeng\u00fcl Kazan han\u0131mefendiyi tan\u0131maktan dolay\u0131 duymu\u015f oldu\u011fu mutlulu\u011fun kelimelerle anlat\u0131lmayaca\u011f\u0131n\u0131 ifade etti.<\/p>\n<p>&nbsp;<\/p>\n\n\t\t<style type=\"text\/css\">\n\t\t\t#gallery-1 {\n\t\t\t\tmargin: auto;\n\t\t\t}\n\t\t\t#gallery-1 .gallery-item {\n\t\t\t\tfloat: left;\n\t\t\t\tmargin-top: 10px;\n\t\t\t\ttext-align: center;\n\t\t\t\twidth: 25%;\n\t\t\t}\n\t\t\t#gallery-1 img {\n\t\t\t\tborder: 2px solid #cfcfcf;\n\t\t\t}\n\t\t\t#gallery-1 .gallery-caption {\n\t\t\t\tmargin-left: 0;\n\t\t\t}\n\t\t\t\/* see gallery_shortcode() in wp-includes\/media.php *\/\n\t\t<\/style>\n\t\t<div id='gallery-1' class='gallery galleryid-2268 gallery-columns-4 gallery-size-thumbnail'><dl class='gallery-item'>\n\t\t\t<dt class='gallery-icon landscape'>\n\t\t\t\t<a href='https:\/\/tdv.org\/tr-TR\/wp-content\/uploads\/2019\/03\/WhatsApp-Image-2019-03-23-at-09.39.22-1.jpeg'><img decoding=\"async\" width=\"150\" height=\"150\" src=\"https:\/\/tdv.org\/tr-TR\/wp-content\/uploads\/2019\/03\/WhatsApp-Image-2019-03-23-at-09.39.22-1-150x150.jpeg\" class=\"attachment-thumbnail size-thumbnail\" alt=\"\" srcset=\"https:\/\/tdv.org\/tr-TR\/wp-content\/uploads\/2019\/03\/WhatsApp-Image-2019-03-23-at-09.39.22-1-150x150.jpeg 150w, https:\/\/tdv.org\/tr-TR\/wp-content\/uploads\/2019\/03\/WhatsApp-Image-2019-03-23-at-09.39.22-1-100x100.jpeg 100w, https:\/\/tdv.org\/tr-TR\/wp-content\/uploads\/2019\/03\/WhatsApp-Image-2019-03-23-at-09.39.22-1-140x140.jpeg 140w, https:\/\/tdv.org\/tr-TR\/wp-content\/uploads\/2019\/03\/WhatsApp-Image-2019-03-23-at-09.39.22-1-500x500.jpeg 500w, https:\/\/tdv.org\/tr-TR\/wp-content\/uploads\/2019\/03\/WhatsApp-Image-2019-03-23-at-09.39.22-1-350x350.jpeg 350w, https:\/\/tdv.org\/tr-TR\/wp-content\/uploads\/2019\/03\/WhatsApp-Image-2019-03-23-at-09.39.22-1-1000x1000.jpeg 1000w, https:\/\/tdv.org\/tr-TR\/wp-content\/uploads\/2019\/03\/WhatsApp-Image-2019-03-23-at-09.39.22-1-800x800.jpeg 800w\" sizes=\"(max-width: 150px) 100vw, 150px\" \/><\/a>\n\t\t\t<\/dt><\/dl><dl class='gallery-item'>\n\t\t\t<dt class='gallery-icon landscape'>\n\t\t\t\t<a href='https:\/\/tdv.org\/tr-TR\/wp-content\/uploads\/2019\/03\/WhatsApp-Image-2019-03-23-at-09.39.12.jpeg'><img decoding=\"async\" width=\"150\" height=\"150\" src=\"https:\/\/tdv.org\/tr-TR\/wp-content\/uploads\/2019\/03\/WhatsApp-Image-2019-03-23-at-09.39.12-150x150.jpeg\" class=\"attachment-thumbnail size-thumbnail\" alt=\"\" srcset=\"https:\/\/tdv.org\/tr-TR\/wp-content\/uploads\/2019\/03\/WhatsApp-Image-2019-03-23-at-09.39.12-150x150.jpeg 150w, https:\/\/tdv.org\/tr-TR\/wp-content\/uploads\/2019\/03\/WhatsApp-Image-2019-03-23-at-09.39.12-100x100.jpeg 100w, https:\/\/tdv.org\/tr-TR\/wp-content\/uploads\/2019\/03\/WhatsApp-Image-2019-03-23-at-09.39.12-140x140.jpeg 140w, https:\/\/tdv.org\/tr-TR\/wp-content\/uploads\/2019\/03\/WhatsApp-Image-2019-03-23-at-09.39.12-500x500.jpeg 500w, https:\/\/tdv.org\/tr-TR\/wp-content\/uploads\/2019\/03\/WhatsApp-Image-2019-03-23-at-09.39.12-350x350.jpeg 350w\" sizes=\"(max-width: 150px) 100vw, 150px\" \/><\/a>\n\t\t\t<\/dt><\/dl><dl class='gallery-item'>\n\t\t\t<dt class='gallery-icon landscape'>\n\t\t\t\t<a href='https:\/\/tdv.org\/tr-TR\/wp-content\/uploads\/2019\/03\/WhatsApp-Image-2019-03-23-at-09.39.15.jpeg'><img decoding=\"async\" width=\"150\" height=\"150\" src=\"https:\/\/tdv.org\/tr-TR\/wp-content\/uploads\/2019\/03\/WhatsApp-Image-2019-03-23-at-09.39.15-150x150.jpeg\" class=\"attachment-thumbnail size-thumbnail\" alt=\"\" srcset=\"https:\/\/tdv.org\/tr-TR\/wp-content\/uploads\/2019\/03\/WhatsApp-Image-2019-03-23-at-09.39.15-150x150.jpeg 150w, https:\/\/tdv.org\/tr-TR\/wp-content\/uploads\/2019\/03\/WhatsApp-Image-2019-03-23-at-09.39.15-100x100.jpeg 100w, https:\/\/tdv.org\/tr-TR\/wp-content\/uploads\/2019\/03\/WhatsApp-Image-2019-03-23-at-09.39.15-140x140.jpeg 140w, https:\/\/tdv.org\/tr-TR\/wp-content\/uploads\/2019\/03\/WhatsApp-Image-2019-03-23-at-09.39.15-500x500.jpeg 500w, https:\/\/tdv.org\/tr-TR\/wp-content\/uploads\/2019\/03\/WhatsApp-Image-2019-03-23-at-09.39.15-350x350.jpeg 350w\" sizes=\"(max-width: 150px) 100vw, 150px\" \/><\/a>\n\t\t\t<\/dt><\/dl><dl class='gallery-item'>\n\t\t\t<dt class='gallery-icon landscape'>\n\t\t\t\t<a href='https:\/\/tdv.org\/tr-TR\/wp-content\/uploads\/2019\/03\/WhatsApp-Image-2019-03-23-at-09.39.14.jpeg'><img decoding=\"async\" width=\"150\" height=\"150\" src=\"https:\/\/tdv.org\/tr-TR\/wp-content\/uploads\/2019\/03\/WhatsApp-Image-2019-03-23-at-09.39.14-150x150.jpeg\" class=\"attachment-thumbnail size-thumbnail\" alt=\"\" srcset=\"https:\/\/tdv.org\/tr-TR\/wp-content\/uploads\/2019\/03\/WhatsApp-Image-2019-03-23-at-09.39.14-150x150.jpeg 150w, https:\/\/tdv.org\/tr-TR\/wp-content\/uploads\/2019\/03\/WhatsApp-Image-2019-03-23-at-09.39.14-100x100.jpeg 100w, https:\/\/tdv.org\/tr-TR\/wp-content\/uploads\/2019\/03\/WhatsApp-Image-2019-03-23-at-09.39.14-140x140.jpeg 140w, https:\/\/tdv.org\/tr-TR\/wp-content\/uploads\/2019\/03\/WhatsApp-Image-2019-03-23-at-09.39.14-500x500.jpeg 500w, https:\/\/tdv.org\/tr-TR\/wp-content\/uploads\/2019\/03\/WhatsApp-Image-2019-03-23-at-09.39.14-350x350.jpeg 350w, https:\/\/tdv.org\/tr-TR\/wp-content\/uploads\/2019\/03\/WhatsApp-Image-2019-03-23-at-09.39.14-1000x1000.jpeg 1000w, https:\/\/tdv.org\/tr-TR\/wp-content\/uploads\/2019\/03\/WhatsApp-Image-2019-03-23-at-09.39.14-800x800.jpeg 800w\" sizes=\"(max-width: 150px) 100vw, 150px\" \/><\/a>\n\t\t\t<\/dt><\/dl><br style=\"clear: both\" \/><dl class='gallery-item'>\n\t\t\t<dt class='gallery-icon landscape'>\n\t\t\t\t<a href='https:\/\/tdv.org\/tr-TR\/wp-content\/uploads\/2019\/03\/WhatsApp-Image-2019-03-23-at-09.39.15-1.jpeg'><img decoding=\"async\" width=\"150\" height=\"150\" src=\"https:\/\/tdv.org\/tr-TR\/wp-content\/uploads\/2019\/03\/WhatsApp-Image-2019-03-23-at-09.39.15-1-150x150.jpeg\" class=\"attachment-thumbnail size-thumbnail\" alt=\"\" srcset=\"https:\/\/tdv.org\/tr-TR\/wp-content\/uploads\/2019\/03\/WhatsApp-Image-2019-03-23-at-09.39.15-1-150x150.jpeg 150w, https:\/\/tdv.org\/tr-TR\/wp-content\/uploads\/2019\/03\/WhatsApp-Image-2019-03-23-at-09.39.15-1-100x100.jpeg 100w, https:\/\/tdv.org\/tr-TR\/wp-content\/uploads\/2019\/03\/WhatsApp-Image-2019-03-23-at-09.39.15-1-140x140.jpeg 140w, https:\/\/tdv.org\/tr-TR\/wp-content\/uploads\/2019\/03\/WhatsApp-Image-2019-03-23-at-09.39.15-1-500x500.jpeg 500w, https:\/\/tdv.org\/tr-TR\/wp-content\/uploads\/2019\/03\/WhatsApp-Image-2019-03-23-at-09.39.15-1-350x350.jpeg 350w\" sizes=\"(max-width: 150px) 100vw, 150px\" \/><\/a>\n\t\t\t<\/dt><\/dl><dl class='gallery-item'>\n\t\t\t<dt class='gallery-icon landscape'>\n\t\t\t\t<a href='https:\/\/tdv.org\/tr-TR\/wp-content\/uploads\/2019\/03\/WhatsApp-Image-2019-03-23-at-09.39.13.jpeg'><img decoding=\"async\" width=\"150\" height=\"150\" src=\"https:\/\/tdv.org\/tr-TR\/wp-content\/uploads\/2019\/03\/WhatsApp-Image-2019-03-23-at-09.39.13-150x150.jpeg\" class=\"attachment-thumbnail size-thumbnail\" alt=\"\" srcset=\"https:\/\/tdv.org\/tr-TR\/wp-content\/uploads\/2019\/03\/WhatsApp-Image-2019-03-23-at-09.39.13-150x150.jpeg 150w, https:\/\/tdv.org\/tr-TR\/wp-content\/uploads\/2019\/03\/WhatsApp-Image-2019-03-23-at-09.39.13-100x100.jpeg 100w, https:\/\/tdv.org\/tr-TR\/wp-content\/uploads\/2019\/03\/WhatsApp-Image-2019-03-23-at-09.39.13-140x140.jpeg 140w, https:\/\/tdv.org\/tr-TR\/wp-content\/uploads\/2019\/03\/WhatsApp-Image-2019-03-23-at-09.39.13-500x500.jpeg 500w, https:\/\/tdv.org\/tr-TR\/wp-content\/uploads\/2019\/03\/WhatsApp-Image-2019-03-23-at-09.39.13-350x350.jpeg 350w\" sizes=\"(max-width: 150px) 100vw, 150px\" \/><\/a>\n\t\t\t<\/dt><\/dl><dl class='gallery-item'>\n\t\t\t<dt class='gallery-icon landscape'>\n\t\t\t\t<a href='https:\/\/tdv.org\/tr-TR\/wp-content\/uploads\/2019\/03\/WhatsApp-Image-2019-03-23-at-09.39.13-1-e1553336869140.jpeg'><img decoding=\"async\" width=\"150\" height=\"150\" src=\"https:\/\/tdv.org\/tr-TR\/wp-content\/uploads\/2019\/03\/WhatsApp-Image-2019-03-23-at-09.39.13-1-e1553336869140-150x150.jpeg\" class=\"attachment-thumbnail size-thumbnail\" alt=\"\" srcset=\"https:\/\/tdv.org\/tr-TR\/wp-content\/uploads\/2019\/03\/WhatsApp-Image-2019-03-23-at-09.39.13-1-e1553336869140-150x150.jpeg 150w, https:\/\/tdv.org\/tr-TR\/wp-content\/uploads\/2019\/03\/WhatsApp-Image-2019-03-23-at-09.39.13-1-e1553336869140-100x100.jpeg 100w, https:\/\/tdv.org\/tr-TR\/wp-content\/uploads\/2019\/03\/WhatsApp-Image-2019-03-23-at-09.39.13-1-e1553336869140-140x140.jpeg 140w, https:\/\/tdv.org\/tr-TR\/wp-content\/uploads\/2019\/03\/WhatsApp-Image-2019-03-23-at-09.39.13-1-e1553336869140-500x500.jpeg 500w, https:\/\/tdv.org\/tr-TR\/wp-content\/uploads\/2019\/03\/WhatsApp-Image-2019-03-23-at-09.39.13-1-e1553336869140-350x350.jpeg 350w, https:\/\/tdv.org\/tr-TR\/wp-content\/uploads\/2019\/03\/WhatsApp-Image-2019-03-23-at-09.39.13-1-e1553336869140-800x800.jpeg 800w\" sizes=\"(max-width: 150px) 100vw, 150px\" \/><\/a>\n\t\t\t<\/dt><\/dl><dl class='gallery-item'>\n\t\t\t<dt class='gallery-icon landscape'>\n\t\t\t\t<a href='https:\/\/tdv.org\/tr-TR\/wp-content\/uploads\/2019\/03\/WhatsApp-Image-2019-03-23-at-09.39.21.jpeg'><img decoding=\"async\" width=\"150\" height=\"150\" src=\"https:\/\/tdv.org\/tr-TR\/wp-content\/uploads\/2019\/03\/WhatsApp-Image-2019-03-23-at-09.39.21-150x150.jpeg\" class=\"attachment-thumbnail size-thumbnail\" alt=\"\" srcset=\"https:\/\/tdv.org\/tr-TR\/wp-content\/uploads\/2019\/03\/WhatsApp-Image-2019-03-23-at-09.39.21-150x150.jpeg 150w, https:\/\/tdv.org\/tr-TR\/wp-content\/uploads\/2019\/03\/WhatsApp-Image-2019-03-23-at-09.39.21-100x100.jpeg 100w, https:\/\/tdv.org\/tr-TR\/wp-content\/uploads\/2019\/03\/WhatsApp-Image-2019-03-23-at-09.39.21-140x140.jpeg 140w, https:\/\/tdv.org\/tr-TR\/wp-content\/uploads\/2019\/03\/WhatsApp-Image-2019-03-23-at-09.39.21-500x500.jpeg 500w, https:\/\/tdv.org\/tr-TR\/wp-content\/uploads\/2019\/03\/WhatsApp-Image-2019-03-23-at-09.39.21-350x350.jpeg 350w\" sizes=\"(max-width: 150px) 100vw, 150px\" \/><\/a>\n\t\t\t<\/dt><\/dl><br style=\"clear: both\" \/><dl class='gallery-item'>\n\t\t\t<dt class='gallery-icon landscape'>\n\t\t\t\t<a href='https:\/\/tdv.org\/tr-TR\/wp-content\/uploads\/2019\/03\/WhatsApp-Image-2019-03-23-at-09.39.19.jpeg'><img decoding=\"async\" width=\"150\" height=\"150\" src=\"https:\/\/tdv.org\/tr-TR\/wp-content\/uploads\/2019\/03\/WhatsApp-Image-2019-03-23-at-09.39.19-150x150.jpeg\" class=\"attachment-thumbnail size-thumbnail\" alt=\"\" srcset=\"https:\/\/tdv.org\/tr-TR\/wp-content\/uploads\/2019\/03\/WhatsApp-Image-2019-03-23-at-09.39.19-150x150.jpeg 150w, https:\/\/tdv.org\/tr-TR\/wp-content\/uploads\/2019\/03\/WhatsApp-Image-2019-03-23-at-09.39.19-100x100.jpeg 100w, https:\/\/tdv.org\/tr-TR\/wp-content\/uploads\/2019\/03\/WhatsApp-Image-2019-03-23-at-09.39.19-140x140.jpeg 140w, https:\/\/tdv.org\/tr-TR\/wp-content\/uploads\/2019\/03\/WhatsApp-Image-2019-03-23-at-09.39.19-500x500.jpeg 500w, https:\/\/tdv.org\/tr-TR\/wp-content\/uploads\/2019\/03\/WhatsApp-Image-2019-03-23-at-09.39.19-350x350.jpeg 350w\" sizes=\"(max-width: 150px) 100vw, 150px\" \/><\/a>\n\t\t\t<\/dt><\/dl><dl class='gallery-item'>\n\t\t\t<dt class='gallery-icon landscape'>\n\t\t\t\t<a href='https:\/\/tdv.org\/tr-TR\/wp-content\/uploads\/2019\/03\/WhatsApp-Image-2019-03-23-at-09.39.17.jpeg'><img decoding=\"async\" width=\"150\" height=\"150\" src=\"https:\/\/tdv.org\/tr-TR\/wp-content\/uploads\/2019\/03\/WhatsApp-Image-2019-03-23-at-09.39.17-150x150.jpeg\" class=\"attachment-thumbnail size-thumbnail\" alt=\"\" srcset=\"https:\/\/tdv.org\/tr-TR\/wp-content\/uploads\/2019\/03\/WhatsApp-Image-2019-03-23-at-09.39.17-150x150.jpeg 150w, https:\/\/tdv.org\/tr-TR\/wp-content\/uploads\/2019\/03\/WhatsApp-Image-2019-03-23-at-09.39.17-100x100.jpeg 100w, https:\/\/tdv.org\/tr-TR\/wp-content\/uploads\/2019\/03\/WhatsApp-Image-2019-03-23-at-09.39.17-140x140.jpeg 140w, https:\/\/tdv.org\/tr-TR\/wp-content\/uploads\/2019\/03\/WhatsApp-Image-2019-03-23-at-09.39.17-500x500.jpeg 500w, https:\/\/tdv.org\/tr-TR\/wp-content\/uploads\/2019\/03\/WhatsApp-Image-2019-03-23-at-09.39.17-350x350.jpeg 350w\" sizes=\"(max-width: 150px) 100vw, 150px\" \/><\/a>\n\t\t\t<\/dt><\/dl><dl class='gallery-item'>\n\t\t\t<dt class='gallery-icon landscape'>\n\t\t\t\t<a href='https:\/\/tdv.org\/tr-TR\/wp-content\/uploads\/2019\/03\/WhatsApp-Image-2019-03-23-at-09.39.22.jpeg'><img decoding=\"async\" width=\"150\" height=\"150\" src=\"https:\/\/tdv.org\/tr-TR\/wp-content\/uploads\/2019\/03\/WhatsApp-Image-2019-03-23-at-09.39.22-150x150.jpeg\" class=\"attachment-thumbnail size-thumbnail\" alt=\"\" srcset=\"https:\/\/tdv.org\/tr-TR\/wp-content\/uploads\/2019\/03\/WhatsApp-Image-2019-03-23-at-09.39.22-150x150.jpeg 150w, https:\/\/tdv.org\/tr-TR\/wp-content\/uploads\/2019\/03\/WhatsApp-Image-2019-03-23-at-09.39.22-100x100.jpeg 100w, https:\/\/tdv.org\/tr-TR\/wp-content\/uploads\/2019\/03\/WhatsApp-Image-2019-03-23-at-09.39.22-140x140.jpeg 140w, https:\/\/tdv.org\/tr-TR\/wp-content\/uploads\/2019\/03\/WhatsApp-Image-2019-03-23-at-09.39.22-500x500.jpeg 500w, https:\/\/tdv.org\/tr-TR\/wp-content\/uploads\/2019\/03\/WhatsApp-Image-2019-03-23-at-09.39.22-350x350.jpeg 350w, https:\/\/tdv.org\/tr-TR\/wp-content\/uploads\/2019\/03\/WhatsApp-Image-2019-03-23-at-09.39.22-1000x1000.jpeg 1000w, https:\/\/tdv.org\/tr-TR\/wp-content\/uploads\/2019\/03\/WhatsApp-Image-2019-03-23-at-09.39.22-800x800.jpeg 800w\" sizes=\"(max-width: 150px) 100vw, 150px\" \/><\/a>\n\t\t\t<\/dt><\/dl>\n\t\t\t<br style='clear: both' \/>\n\t\t<\/div>\n\n","protected":false},"excerpt":{"rendered":"<p>T\u00fcrkiye Diyanet Vakf\u0131 \u0130stanbul Ey\u00fcpsultan \u015eube Ba\u015fkan\u0131 Mustafa Mesten ve Diyanet Vakf\u0131 Ey\u00fcp Sultan g\u00f6n\u00fcll\u00fcleri; &#8220;Ya\u015fl\u0131lar Haftas\u0131&#8221; dolay\u0131s\u0131yla Dar\u00fclaceze sakinlerini ve T\u00fcrkiye Diyanet Vakf\u0131 taraf\u0131ndan d\u00fczenlenen &#8220;5. Uluslararas\u0131 \u0130yilik \u00d6d\u00fclleri&#8221;&#8230;<\/p>\n","protected":false},"author":7,"featured_media":2270,"comment_status":"open","ping_status":"closed","sticky":false,"template":"","format":"standard","meta":{"footnotes":""},"categories":[1],"tags":[],"class_list":{"0":"post-2268","1":"post","2":"type-post","3":"status-publish","4":"format-standard","5":"has-post-thumbnail","7":"category-haberler"},"yoast_head":"<!-- This site is optimized with the Yoast SEO plugin v27.5 - https:\/\/yoast.com\/product\/yoast-seo-wordpress\/ -->\n<title>T\u00fcrkiye Diyanet Vakf\u0131 g\u00f6n\u00fcll\u00fclerinden ya\u015fl\u0131lara anlaml\u0131 ziyaret<\/title>\n<meta name=\"description\" content=\"T\u00fcrkiye Diyanet Vakf\u0131 \u0130stanbul Ey\u00fcpsultan \u015eube Ba\u015fkan\u0131 Mustafa Mesten ve Diyanet Vakf\u0131 Ey\u00fcp Sultan g\u00f6n\u00fcll\u00fcleri; &quot;Ya\u015fl\u0131lar Haftas\u0131&quot; dolay\u0131s\u0131yla Dar\u00fclaceze sakinlerini ve T\u00fcrkiye Diyanet Vakf\u0131 taraf\u0131ndan d\u00fczenlenen &quot;5. Uluslararas\u0131 \u0130yilik \u00d6d\u00fclleri&quot; kapsam\u0131nda \u00f6d\u00fcle lay\u0131k g\u00f6r\u00fclen \u015eeng\u00fcl Kazan&#039;\u0131 ziyaret etti.\" \/>\n<meta name=\"robots\" content=\"index, follow, max-snippet:-1, max-image-preview:large, max-video-preview:-1\" \/>\n<link rel=\"canonical\" href=\"https:\/\/tdv.org\/tr-TR\/turkiye-diyanet-vakfi-gonullulerinden-yaslilara-anlamli-ziyaret\/\" \/>\n<meta property=\"og:locale\" content=\"tr_TR\" \/>\n<meta property=\"og:type\" content=\"article\" \/>\n<meta property=\"og:title\" content=\"T\u00fcrkiye Diyanet Vakf\u0131 g\u00f6n\u00fcll\u00fclerinden ya\u015fl\u0131lara anlaml\u0131 ziyaret\" \/>\n<meta property=\"og:description\" content=\"T\u00fcrkiye Diyanet Vakf\u0131 \u0130stanbul Ey\u00fcpsultan \u015eube Ba\u015fkan\u0131 Mustafa Mesten ve Diyanet Vakf\u0131 Ey\u00fcp Sultan g\u00f6n\u00fcll\u00fcleri; &quot;Ya\u015fl\u0131lar Haftas\u0131&quot; dolay\u0131s\u0131yla Dar\u00fclaceze sakinlerini ve T\u00fcrkiye Diyanet Vakf\u0131 taraf\u0131ndan d\u00fczenlenen &quot;5. Uluslararas\u0131 \u0130yilik \u00d6d\u00fclleri&quot; kapsam\u0131nda \u00f6d\u00fcle lay\u0131k g\u00f6r\u00fclen \u015eeng\u00fcl Kazan&#039;\u0131 ziyaret etti.\" \/>\n<meta property=\"og:url\" content=\"https:\/\/tdv.org\/tr-TR\/turkiye-diyanet-vakfi-gonullulerinden-yaslilara-anlamli-ziyaret\/\" \/>\n<meta property=\"og:site_name\" content=\"T\u00fcrkiye Diyanet Vakf\u0131 Resmi Web Sitesi\" \/>\n<meta property=\"article:publisher\" content=\"https:\/\/www.facebook.com\/Diyanetvakfi\/\" \/>\n<meta property=\"article:published_time\" content=\"2019-03-23T10:30:51+00:00\" \/>\n<meta property=\"article:modified_time\" content=\"2023-04-17T08:15:26+00:00\" \/>\n<meta property=\"og:image\" content=\"https:\/\/tdv.org\/tr-TR\/wp-content\/uploads\/2019\/03\/WhatsApp-Image-2019-03-23-at-09.39.13-1-e1553336869140.jpeg\" \/>\n\t<meta property=\"og:image:width\" content=\"1176\" \/>\n\t<meta property=\"og:image:height\" content=\"819\" \/>\n\t<meta property=\"og:image:type\" content=\"image\/jpeg\" \/>\n<meta name=\"author\" content=\"U\u011fur\" \/>\n<meta name=\"twitter:card\" content=\"summary_large_image\" \/>\n<meta name=\"twitter:creator\" content=\"@DiyanetVakfi\" \/>\n<meta name=\"twitter:site\" content=\"@DiyanetVakfi\" \/>\n<script type=\"application\/ld+json\" class=\"yoast-schema-graph\">{\"@context\":\"https:\\\/\\\/schema.org\",\"@graph\":[{\"@type\":\"Article\",\"@id\":\"https:\\\/\\\/tdv.org\\\/tr-TR\\\/turkiye-diyanet-vakfi-gonullulerinden-yaslilara-anlamli-ziyaret\\\/#article\",\"isPartOf\":{\"@id\":\"https:\\\/\\\/tdv.org\\\/tr-TR\\\/turkiye-diyanet-vakfi-gonullulerinden-yaslilara-anlamli-ziyaret\\\/\"},\"author\":{\"name\":\"U\u011fur\",\"@id\":\"https:\\\/\\\/tdv.org\\\/tr-TR\\\/#\\\/schema\\\/person\\\/8dcf742852c4614c6fdadb92da159c05\"},\"headline\":\"T\u00fcrkiye Diyanet Vakf\u0131 g\u00f6n\u00fcll\u00fclerinden ya\u015fl\u0131lara anlaml\u0131 ziyaret\",\"datePublished\":\"2019-03-23T10:30:51+00:00\",\"dateModified\":\"2023-04-17T08:15:26+00:00\",\"mainEntityOfPage\":{\"@id\":\"https:\\\/\\\/tdv.org\\\/tr-TR\\\/turkiye-diyanet-vakfi-gonullulerinden-yaslilara-anlamli-ziyaret\\\/\"},\"wordCount\":379,\"commentCount\":0,\"publisher\":{\"@id\":\"https:\\\/\\\/tdv.org\\\/tr-TR\\\/#organization\"},\"image\":{\"@id\":\"https:\\\/\\\/tdv.org\\\/tr-TR\\\/turkiye-diyanet-vakfi-gonullulerinden-yaslilara-anlamli-ziyaret\\\/#primaryimage\"},\"thumbnailUrl\":\"https:\\\/\\\/tdv.org\\\/tr-TR\\\/wp-content\\\/uploads\\\/2019\\\/03\\\/WhatsApp-Image-2019-03-23-at-09.39.13-1-e1553336869140.jpeg\",\"articleSection\":[\"Haberler\"],\"inLanguage\":\"tr\",\"potentialAction\":[{\"@type\":\"CommentAction\",\"name\":\"Comment\",\"target\":[\"https:\\\/\\\/tdv.org\\\/tr-TR\\\/turkiye-diyanet-vakfi-gonullulerinden-yaslilara-anlamli-ziyaret\\\/#respond\"]}]},{\"@type\":\"WebPage\",\"@id\":\"https:\\\/\\\/tdv.org\\\/tr-TR\\\/turkiye-diyanet-vakfi-gonullulerinden-yaslilara-anlamli-ziyaret\\\/\",\"url\":\"https:\\\/\\\/tdv.org\\\/tr-TR\\\/turkiye-diyanet-vakfi-gonullulerinden-yaslilara-anlamli-ziyaret\\\/\",\"name\":\"T\u00fcrkiye Diyanet Vakf\u0131 g\u00f6n\u00fcll\u00fclerinden ya\u015fl\u0131lara anlaml\u0131 ziyaret\",\"isPartOf\":{\"@id\":\"https:\\\/\\\/tdv.org\\\/tr-TR\\\/#website\"},\"primaryImageOfPage\":{\"@id\":\"https:\\\/\\\/tdv.org\\\/tr-TR\\\/turkiye-diyanet-vakfi-gonullulerinden-yaslilara-anlamli-ziyaret\\\/#primaryimage\"},\"image\":{\"@id\":\"https:\\\/\\\/tdv.org\\\/tr-TR\\\/turkiye-diyanet-vakfi-gonullulerinden-yaslilara-anlamli-ziyaret\\\/#primaryimage\"},\"thumbnailUrl\":\"https:\\\/\\\/tdv.org\\\/tr-TR\\\/wp-content\\\/uploads\\\/2019\\\/03\\\/WhatsApp-Image-2019-03-23-at-09.39.13-1-e1553336869140.jpeg\",\"datePublished\":\"2019-03-23T10:30:51+00:00\",\"dateModified\":\"2023-04-17T08:15:26+00:00\",\"description\":\"T\u00fcrkiye Diyanet Vakf\u0131 \u0130stanbul Ey\u00fcpsultan \u015eube Ba\u015fkan\u0131 Mustafa Mesten ve Diyanet Vakf\u0131 Ey\u00fcp Sultan g\u00f6n\u00fcll\u00fcleri; \\\"Ya\u015fl\u0131lar Haftas\u0131\\\" dolay\u0131s\u0131yla Dar\u00fclaceze sakinlerini ve T\u00fcrkiye Diyanet Vakf\u0131 taraf\u0131ndan d\u00fczenlenen \\\"5. Uluslararas\u0131 \u0130yilik \u00d6d\u00fclleri\\\" kapsam\u0131nda \u00f6d\u00fcle lay\u0131k g\u00f6r\u00fclen \u015eeng\u00fcl Kazan'\u0131 ziyaret etti.\",\"breadcrumb\":{\"@id\":\"https:\\\/\\\/tdv.org\\\/tr-TR\\\/turkiye-diyanet-vakfi-gonullulerinden-yaslilara-anlamli-ziyaret\\\/#breadcrumb\"},\"inLanguage\":\"tr\",\"potentialAction\":[{\"@type\":\"ReadAction\",\"target\":[\"https:\\\/\\\/tdv.org\\\/tr-TR\\\/turkiye-diyanet-vakfi-gonullulerinden-yaslilara-anlamli-ziyaret\\\/\"]}]},{\"@type\":\"ImageObject\",\"inLanguage\":\"tr\",\"@id\":\"https:\\\/\\\/tdv.org\\\/tr-TR\\\/turkiye-diyanet-vakfi-gonullulerinden-yaslilara-anlamli-ziyaret\\\/#primaryimage\",\"url\":\"https:\\\/\\\/tdv.org\\\/tr-TR\\\/wp-content\\\/uploads\\\/2019\\\/03\\\/WhatsApp-Image-2019-03-23-at-09.39.13-1-e1553336869140.jpeg\",\"contentUrl\":\"https:\\\/\\\/tdv.org\\\/tr-TR\\\/wp-content\\\/uploads\\\/2019\\\/03\\\/WhatsApp-Image-2019-03-23-at-09.39.13-1-e1553336869140.jpeg\",\"width\":1176,\"height\":819},{\"@type\":\"BreadcrumbList\",\"@id\":\"https:\\\/\\\/tdv.org\\\/tr-TR\\\/turkiye-diyanet-vakfi-gonullulerinden-yaslilara-anlamli-ziyaret\\\/#breadcrumb\",\"itemListElement\":[{\"@type\":\"ListItem\",\"position\":1,\"name\":\"Anasayfa\",\"item\":\"https:\\\/\\\/tdv.org\\\/tr-TR\\\/\"},{\"@type\":\"ListItem\",\"position\":2,\"name\":\"T\u00fcrkiye Diyanet Vakf\u0131 g\u00f6n\u00fcll\u00fclerinden ya\u015fl\u0131lara anlaml\u0131 ziyaret\"}]},{\"@type\":\"WebSite\",\"@id\":\"https:\\\/\\\/tdv.org\\\/tr-TR\\\/#website\",\"url\":\"https:\\\/\\\/tdv.org\\\/tr-TR\\\/\",\"name\":\"T\u00fcrkiye Diyanet Vakf\u0131 Resmi Web Sitesi\",\"description\":\"Yery\u00fcz\u00fcnde iyilik egemen oluncaya kadar\",\"publisher\":{\"@id\":\"https:\\\/\\\/tdv.org\\\/tr-TR\\\/#organization\"},\"alternateName\":\"T\u00fcrkiye Diyanet Vakf\u0131\",\"potentialAction\":[{\"@type\":\"SearchAction\",\"target\":{\"@type\":\"EntryPoint\",\"urlTemplate\":\"https:\\\/\\\/tdv.org\\\/tr-TR\\\/?s={search_term_string}\"},\"query-input\":{\"@type\":\"PropertyValueSpecification\",\"valueRequired\":true,\"valueName\":\"search_term_string\"}}],\"inLanguage\":\"tr\"},{\"@type\":\"Organization\",\"@id\":\"https:\\\/\\\/tdv.org\\\/tr-TR\\\/#organization\",\"name\":\"T\u00fcrkiye Diyanet Vakf\u0131\",\"alternateName\":\"T\u00fcrkiye Diyanet Vakf\u0131\",\"url\":\"https:\\\/\\\/tdv.org\\\/tr-TR\\\/\",\"logo\":{\"@type\":\"ImageObject\",\"inLanguage\":\"tr\",\"@id\":\"https:\\\/\\\/tdv.org\\\/tr-TR\\\/#\\\/schema\\\/logo\\\/image\\\/\",\"url\":\"https:\\\/\\\/tdv.org\\\/tr-TR\\\/wp-content\\\/uploads\\\/2018\\\/12\\\/TDV_Logo_1.png\",\"contentUrl\":\"https:\\\/\\\/tdv.org\\\/tr-TR\\\/wp-content\\\/uploads\\\/2018\\\/12\\\/TDV_Logo_1.png\",\"width\":207,\"height\":71,\"caption\":\"T\u00fcrkiye Diyanet Vakf\u0131\"},\"image\":{\"@id\":\"https:\\\/\\\/tdv.org\\\/tr-TR\\\/#\\\/schema\\\/logo\\\/image\\\/\"},\"sameAs\":[\"https:\\\/\\\/www.facebook.com\\\/Diyanetvakfi\\\/\",\"https:\\\/\\\/x.com\\\/DiyanetVakfi\",\"https:\\\/\\\/www.instagram.com\\\/turkiyediyanetvakfi\\\/\",\"https:\\\/\\\/www.youtube.com\\\/user\\\/TurkiyeDiyanetVakfi\"]},{\"@type\":\"Person\",\"@id\":\"https:\\\/\\\/tdv.org\\\/tr-TR\\\/#\\\/schema\\\/person\\\/8dcf742852c4614c6fdadb92da159c05\",\"name\":\"U\u011fur\",\"image\":{\"@type\":\"ImageObject\",\"inLanguage\":\"tr\",\"@id\":\"https:\\\/\\\/tdv.org\\\/tr-TR\\\/wp-content\\\/litespeed\\\/avatar\\\/b970c0eba1124f8268544e2640bfa964.jpg?ver=1777289940\",\"url\":\"https:\\\/\\\/tdv.org\\\/tr-TR\\\/wp-content\\\/litespeed\\\/avatar\\\/b970c0eba1124f8268544e2640bfa964.jpg?ver=1777289940\",\"contentUrl\":\"https:\\\/\\\/tdv.org\\\/tr-TR\\\/wp-content\\\/litespeed\\\/avatar\\\/b970c0eba1124f8268544e2640bfa964.jpg?ver=1777289940\",\"caption\":\"U\u011fur\"}}]}<\/script>\n<!-- \/ Yoast SEO plugin. -->","yoast_head_json":{"title":"T\u00fcrkiye Diyanet Vakf\u0131 g\u00f6n\u00fcll\u00fclerinden ya\u015fl\u0131lara anlaml\u0131 ziyaret","description":"T\u00fcrkiye Diyanet Vakf\u0131 \u0130stanbul Ey\u00fcpsultan \u015eube Ba\u015fkan\u0131 Mustafa Mesten ve Diyanet Vakf\u0131 Ey\u00fcp Sultan g\u00f6n\u00fcll\u00fcleri; \"Ya\u015fl\u0131lar Haftas\u0131\" dolay\u0131s\u0131yla Dar\u00fclaceze sakinlerini ve T\u00fcrkiye Diyanet Vakf\u0131 taraf\u0131ndan d\u00fczenlenen \"5. Uluslararas\u0131 \u0130yilik \u00d6d\u00fclleri\" kapsam\u0131nda \u00f6d\u00fcle lay\u0131k g\u00f6r\u00fclen \u015eeng\u00fcl Kazan'\u0131 ziyaret etti.","robots":{"index":"index","follow":"follow","max-snippet":"max-snippet:-1","max-image-preview":"max-image-preview:large","max-video-preview":"max-video-preview:-1"},"canonical":"https:\/\/tdv.org\/tr-TR\/turkiye-diyanet-vakfi-gonullulerinden-yaslilara-anlamli-ziyaret\/","og_locale":"tr_TR","og_type":"article","og_title":"T\u00fcrkiye Diyanet Vakf\u0131 g\u00f6n\u00fcll\u00fclerinden ya\u015fl\u0131lara anlaml\u0131 ziyaret","og_description":"T\u00fcrkiye Diyanet Vakf\u0131 \u0130stanbul Ey\u00fcpsultan \u015eube Ba\u015fkan\u0131 Mustafa Mesten ve Diyanet Vakf\u0131 Ey\u00fcp Sultan g\u00f6n\u00fcll\u00fcleri; \"Ya\u015fl\u0131lar Haftas\u0131\" dolay\u0131s\u0131yla Dar\u00fclaceze sakinlerini ve T\u00fcrkiye Diyanet Vakf\u0131 taraf\u0131ndan d\u00fczenlenen \"5. Uluslararas\u0131 \u0130yilik \u00d6d\u00fclleri\" kapsam\u0131nda \u00f6d\u00fcle lay\u0131k g\u00f6r\u00fclen \u015eeng\u00fcl Kazan'\u0131 ziyaret etti.","og_url":"https:\/\/tdv.org\/tr-TR\/turkiye-diyanet-vakfi-gonullulerinden-yaslilara-anlamli-ziyaret\/","og_site_name":"T\u00fcrkiye Diyanet Vakf\u0131 Resmi Web Sitesi","article_publisher":"https:\/\/www.facebook.com\/Diyanetvakfi\/","article_published_time":"2019-03-23T10:30:51+00:00","article_modified_time":"2023-04-17T08:15:26+00:00","og_image":[{"width":1176,"height":819,"url":"https:\/\/tdv.org\/tr-TR\/wp-content\/uploads\/2019\/03\/WhatsApp-Image-2019-03-23-at-09.39.13-1-e1553336869140.jpeg","type":"image\/jpeg"}],"author":"U\u011fur","twitter_card":"summary_large_image","twitter_creator":"@DiyanetVakfi","twitter_site":"@DiyanetVakfi","schema":{"@context":"https:\/\/schema.org","@graph":[{"@type":"Article","@id":"https:\/\/tdv.org\/tr-TR\/turkiye-diyanet-vakfi-gonullulerinden-yaslilara-anlamli-ziyaret\/#article","isPartOf":{"@id":"https:\/\/tdv.org\/tr-TR\/turkiye-diyanet-vakfi-gonullulerinden-yaslilara-anlamli-ziyaret\/"},"author":{"name":"U\u011fur","@id":"https:\/\/tdv.org\/tr-TR\/#\/schema\/person\/8dcf742852c4614c6fdadb92da159c05"},"headline":"T\u00fcrkiye Diyanet Vakf\u0131 g\u00f6n\u00fcll\u00fclerinden ya\u015fl\u0131lara anlaml\u0131 ziyaret","datePublished":"2019-03-23T10:30:51+00:00","dateModified":"2023-04-17T08:15:26+00:00","mainEntityOfPage":{"@id":"https:\/\/tdv.org\/tr-TR\/turkiye-diyanet-vakfi-gonullulerinden-yaslilara-anlamli-ziyaret\/"},"wordCount":379,"commentCount":0,"publisher":{"@id":"https:\/\/tdv.org\/tr-TR\/#organization"},"image":{"@id":"https:\/\/tdv.org\/tr-TR\/turkiye-diyanet-vakfi-gonullulerinden-yaslilara-anlamli-ziyaret\/#primaryimage"},"thumbnailUrl":"https:\/\/tdv.org\/tr-TR\/wp-content\/uploads\/2019\/03\/WhatsApp-Image-2019-03-23-at-09.39.13-1-e1553336869140.jpeg","articleSection":["Haberler"],"inLanguage":"tr","potentialAction":[{"@type":"CommentAction","name":"Comment","target":["https:\/\/tdv.org\/tr-TR\/turkiye-diyanet-vakfi-gonullulerinden-yaslilara-anlamli-ziyaret\/#respond"]}]},{"@type":"WebPage","@id":"https:\/\/tdv.org\/tr-TR\/turkiye-diyanet-vakfi-gonullulerinden-yaslilara-anlamli-ziyaret\/","url":"https:\/\/tdv.org\/tr-TR\/turkiye-diyanet-vakfi-gonullulerinden-yaslilara-anlamli-ziyaret\/","name":"T\u00fcrkiye Diyanet Vakf\u0131 g\u00f6n\u00fcll\u00fclerinden ya\u015fl\u0131lara anlaml\u0131 ziyaret","isPartOf":{"@id":"https:\/\/tdv.org\/tr-TR\/#website"},"primaryImageOfPage":{"@id":"https:\/\/tdv.org\/tr-TR\/turkiye-diyanet-vakfi-gonullulerinden-yaslilara-anlamli-ziyaret\/#primaryimage"},"image":{"@id":"https:\/\/tdv.org\/tr-TR\/turkiye-diyanet-vakfi-gonullulerinden-yaslilara-anlamli-ziyaret\/#primaryimage"},"thumbnailUrl":"https:\/\/tdv.org\/tr-TR\/wp-content\/uploads\/2019\/03\/WhatsApp-Image-2019-03-23-at-09.39.13-1-e1553336869140.jpeg","datePublished":"2019-03-23T10:30:51+00:00","dateModified":"2023-04-17T08:15:26+00:00","description":"T\u00fcrkiye Diyanet Vakf\u0131 \u0130stanbul Ey\u00fcpsultan \u015eube Ba\u015fkan\u0131 Mustafa Mesten ve Diyanet Vakf\u0131 Ey\u00fcp Sultan g\u00f6n\u00fcll\u00fcleri; \"Ya\u015fl\u0131lar Haftas\u0131\" dolay\u0131s\u0131yla Dar\u00fclaceze sakinlerini ve T\u00fcrkiye Diyanet Vakf\u0131 taraf\u0131ndan d\u00fczenlenen \"5. Uluslararas\u0131 \u0130yilik \u00d6d\u00fclleri\" kapsam\u0131nda \u00f6d\u00fcle lay\u0131k g\u00f6r\u00fclen \u015eeng\u00fcl Kazan'\u0131 ziyaret etti.","breadcrumb":{"@id":"https:\/\/tdv.org\/tr-TR\/turkiye-diyanet-vakfi-gonullulerinden-yaslilara-anlamli-ziyaret\/#breadcrumb"},"inLanguage":"tr","potentialAction":[{"@type":"ReadAction","target":["https:\/\/tdv.org\/tr-TR\/turkiye-diyanet-vakfi-gonullulerinden-yaslilara-anlamli-ziyaret\/"]}]},{"@type":"ImageObject","inLanguage":"tr","@id":"https:\/\/tdv.org\/tr-TR\/turkiye-diyanet-vakfi-gonullulerinden-yaslilara-anlamli-ziyaret\/#primaryimage","url":"https:\/\/tdv.org\/tr-TR\/wp-content\/uploads\/2019\/03\/WhatsApp-Image-2019-03-23-at-09.39.13-1-e1553336869140.jpeg","contentUrl":"https:\/\/tdv.org\/tr-TR\/wp-content\/uploads\/2019\/03\/WhatsApp-Image-2019-03-23-at-09.39.13-1-e1553336869140.jpeg","width":1176,"height":819},{"@type":"BreadcrumbList","@id":"https:\/\/tdv.org\/tr-TR\/turkiye-diyanet-vakfi-gonullulerinden-yaslilara-anlamli-ziyaret\/#breadcrumb","itemListElement":[{"@type":"ListItem","position":1,"name":"Anasayfa","item":"https:\/\/tdv.org\/tr-TR\/"},{"@type":"ListItem","position":2,"name":"T\u00fcrkiye Diyanet Vakf\u0131 g\u00f6n\u00fcll\u00fclerinden ya\u015fl\u0131lara anlaml\u0131 ziyaret"}]},{"@type":"WebSite","@id":"https:\/\/tdv.org\/tr-TR\/#website","url":"https:\/\/tdv.org\/tr-TR\/","name":"T\u00fcrkiye Diyanet Vakf\u0131 Resmi Web Sitesi","description":"Yery\u00fcz\u00fcnde iyilik egemen oluncaya kadar","publisher":{"@id":"https:\/\/tdv.org\/tr-TR\/#organization"},"alternateName":"T\u00fcrkiye Diyanet Vakf\u0131","potentialAction":[{"@type":"SearchAction","target":{"@type":"EntryPoint","urlTemplate":"https:\/\/tdv.org\/tr-TR\/?s={search_term_string}"},"query-input":{"@type":"PropertyValueSpecification","valueRequired":true,"valueName":"search_term_string"}}],"inLanguage":"tr"},{"@type":"Organization","@id":"https:\/\/tdv.org\/tr-TR\/#organization","name":"T\u00fcrkiye Diyanet Vakf\u0131","alternateName":"T\u00fcrkiye Diyanet Vakf\u0131","url":"https:\/\/tdv.org\/tr-TR\/","logo":{"@type":"ImageObject","inLanguage":"tr","@id":"https:\/\/tdv.org\/tr-TR\/#\/schema\/logo\/image\/","url":"https:\/\/tdv.org\/tr-TR\/wp-content\/uploads\/2018\/12\/TDV_Logo_1.png","contentUrl":"https:\/\/tdv.org\/tr-TR\/wp-content\/uploads\/2018\/12\/TDV_Logo_1.png","width":207,"height":71,"caption":"T\u00fcrkiye Diyanet Vakf\u0131"},"image":{"@id":"https:\/\/tdv.org\/tr-TR\/#\/schema\/logo\/image\/"},"sameAs":["https:\/\/www.facebook.com\/Diyanetvakfi\/","https:\/\/x.com\/DiyanetVakfi","https:\/\/www.instagram.com\/turkiyediyanetvakfi\/","https:\/\/www.youtube.com\/user\/TurkiyeDiyanetVakfi"]},{"@type":"Person","@id":"https:\/\/tdv.org\/tr-TR\/#\/schema\/person\/8dcf742852c4614c6fdadb92da159c05","name":"U\u011fur","image":{"@type":"ImageObject","inLanguage":"tr","@id":"https:\/\/tdv.org\/tr-TR\/wp-content\/litespeed\/avatar\/b970c0eba1124f8268544e2640bfa964.jpg?ver=1777289940","url":"https:\/\/tdv.org\/tr-TR\/wp-content\/litespeed\/avatar\/b970c0eba1124f8268544e2640bfa964.jpg?ver=1777289940","contentUrl":"https:\/\/tdv.org\/tr-TR\/wp-content\/litespeed\/avatar\/b970c0eba1124f8268544e2640bfa964.jpg?ver=1777289940","caption":"U\u011fur"}}]}},"_links":{"self":[{"href":"https:\/\/tdv.org\/tr-TR\/wp-json\/wp\/v2\/posts\/2268","targetHints":{"allow":["GET"]}}],"collection":[{"href":"https:\/\/tdv.org\/tr-TR\/wp-json\/wp\/v2\/posts"}],"about":[{"href":"https:\/\/tdv.org\/tr-TR\/wp-json\/wp\/v2\/types\/post"}],"author":[{"embeddable":true,"href":"https:\/\/tdv.org\/tr-TR\/wp-json\/wp\/v2\/users\/7"}],"replies":[{"embeddable":true,"href":"https:\/\/tdv.org\/tr-TR\/wp-json\/wp\/v2\/comments?post=2268"}],"version-history":[{"count":1,"href":"https:\/\/tdv.org\/tr-TR\/wp-json\/wp\/v2\/posts\/2268\/revisions"}],"predecessor-version":[{"id":32186,"href":"https:\/\/tdv.org\/tr-TR\/wp-json\/wp\/v2\/posts\/2268\/revisions\/32186"}],"wp:featuredmedia":[{"embeddable":true,"href":"https:\/\/tdv.org\/tr-TR\/wp-json\/wp\/v2\/media\/2270"}],"wp:attachment":[{"href":"https:\/\/tdv.org\/tr-TR\/wp-json\/wp\/v2\/media?parent=2268"}],"wp:term":[{"taxonomy":"category","embeddable":true,"href":"https:\/\/tdv.org\/tr-TR\/wp-json\/wp\/v2\/categories?post=2268"},{"taxonomy":"post_tag","embeddable":true,"href":"https:\/\/tdv.org\/tr-TR\/wp-json\/wp\/v2\/tags?post=2268"}],"curies":[{"name":"wp","href":"https:\/\/api.w.org\/{rel}","templated":true}]}}