{"id":23917,"date":"2022-06-03T23:45:05","date_gmt":"2022-06-03T20:45:05","guid":{"rendered":"https:\/\/tdv.org\/tr-TR\/?p=23917"},"modified":"2022-12-08T10:59:08","modified_gmt":"2022-12-08T07:59:08","slug":"kurban-ibadeti-tevhit-takva-ve-teslimiyetin-semboludur","status":"publish","type":"post","link":"https:\/\/tdv.org\/tr-TR\/kurban-ibadeti-tevhit-takva-ve-teslimiyetin-semboludur\/","title":{"rendered":"\u201cKurban ibadeti tevhit, takva ve teslimiyetin sembol\u00fcd\u00fcr\u201d"},"content":{"rendered":"<p style=\"text-align: justify;\">\u201c2. Uluslararas\u0131 \u0130slam K\u00fclt\u00fcr ve Medeniyeti Sempozyumu\u201dnda konu\u015fan Diyanet \u0130\u015fleri Ba\u015fkan\u0131 ve T\u00fcrkiye Diyanet Vakf\u0131 M\u00fctevelli Heyeti Ba\u015fkan\u0131 Prof. Dr. Ali Erba\u015f, \u201cKurban ibadeti tevhit, takva ve teslimiyetin sembol\u00fcd\u00fcr\u201d dedi.<\/p>\n<p style=\"text-align: justify;\">Diyanet \u0130\u015fleri Ba\u015fkan\u0131 Prof. Dr. Ali Erba\u015f, \u0130nsan Hak ve H\u00fcrriyetleri \u0130nsani Yard\u0131m Vakf\u0131 (\u0130HH), Kocaeli \u00dcniversitesi ve Kocaeli B\u00fcy\u00fck\u015fehir Belediyesi taraf\u0131ndan \u201cKurban\u201d ba\u015fl\u0131\u011f\u0131yla d\u00fczenlenen 2. Uluslararas\u0131 \u0130slam K\u00fclt\u00fcr ve Medeniyeti Sempozyumu\u2019na kat\u0131ld\u0131.<\/p>\n<p style=\"text-align: justify;\">Kocaeli Uluslararas\u0131 Kongre Merkezi\u2019nde d\u00fczenlenen program\u0131n a\u00e7\u0131l\u0131\u015f\u0131nda konu\u015fan Ba\u015fkan Erba\u015f, \u0130slam\u2019\u0131n ilkelerinin uyguland\u0131\u011f\u0131 as\u0131rlarda, \u0130slam\u2019\u0131n hakim oldu\u011fu d\u00f6nemlerde zul\u00fcmlerin olmad\u0131\u011f\u0131n\u0131 belirterek, \u201c\u00c7\u00fcnk\u00fc \u0130slam, zulm\u00fc engelleyen, mazlum kim olursa olsun, M\u00fcsl\u00fcman da olsa gayrim\u00fcslim de olsa onun yan\u0131nda yer alan bir sistemdir. \u0130slam, Hazreti \u00c2dem\u2019den itibaren b\u00fct\u00fcn peygamberlere g\u00f6nderilen dinin ad\u0131d\u0131r.\u201d diye konu\u015ftu.<\/p>\n<p style=\"text-align: justify;\">Ba\u015fkan Erba\u015f, kurban ibadetinin Hazreti Adem\u2019den itibaren b\u00fct\u00fcn peygamberlere getirildi\u011fine dikkat \u00e7ekerek, \u201cHazreti \u00c2dem\u2019in iki o\u011flunun k\u0131ssas\u0131nda biliyorsunuz, Kur\u2019an-\u0131 Kerim\u2019de kurban\u0131n tevhit ve takva boyutu anlat\u0131l\u0131r. Hazreti \u0130brahim ve Hazreti \u0130smail k\u0131ssas\u0131nda ise kurban\u0131n teslimiyet boyutu anlat\u0131l\u0131r. Hepsinin arka plan\u0131nda b\u00fcy\u00fck hikmetler vard\u0131r. Dolay\u0131s\u0131yla kurban ibadeti tevhit, takva ve teslimiyetin sembol\u00fcd\u00fcr.\u201d ifadelerini kulland\u0131.<\/p>\n<p style=\"text-align: justify;\">Kurban ibadetini anlama a\u00e7\u0131s\u0131ndan genel \u00e7er\u00e7evede \u00fc\u00e7 boyutunun g\u00f6z \u00f6n\u00fcnde bulundurulmas\u0131 gerekti\u011fini belirten Ba\u015fkan Erba\u015f, s\u00f6zlerine \u015f\u00f6yle devam etti:<\/p>\n<p style=\"text-align: justify;\">\u201cBirincisi, bireysel boyutu y\u00f6n\u00fcyle kurban ibadeti, iman bilincinin, Allah\u2019\u0131n sevgisini ve r\u0131zas\u0131n\u0131 kazanman\u0131n, rahmetine ve ma\u011ffiretine mazhar olman\u0131n ni\u015fanesidir. Kurban ibadeti ile m\u00fcmin, m\u00fclk\u00fcn ger\u00e7ek sahibinin Allah oldu\u011funu ikrar eder, O\u2019na \u015f\u00fckreder, varl\u0131\u011f\u0131n hakikatini idrak eder.<\/p>\n<p style=\"text-align: justify;\">\u0130kinci \u00e7ok \u00f6nemli bir boyutu daha var. Bu da sosyal boyutudur. Yard\u0131mla\u015fma ve payla\u015fmak ile toplumsal huzuru ve g\u00fcvenini peki\u015ftirmektir. Yard\u0131mla\u015fma, toplumun farkl\u0131 kesimleri aras\u0131nda sevgi ve sayg\u0131 duygular\u0131n\u0131 g\u00fc\u00e7lendirir.<\/p>\n<p style=\"text-align: justify;\">\u00dc\u00e7\u00fcnc\u00fcs\u00fc ise, evrensel boyuttur. Kurban ibadeti tevhide inananlar\u0131 ayn\u0131 duygu ve davran\u0131\u015fta bulu\u015fturan g\u00fc\u00e7l\u00fc bir vahdet zeminidir.\u201d<\/p>\n<p style=\"text-align: justify;\"><strong>\u201cTDV, bu milletin c\u00f6mertli\u011fini g\u00f6t\u00fcr\u00fcyor\u201d<\/strong><\/p>\n<p style=\"text-align: justify;\">Ba\u015fkan Erba\u015f, vak\u0131flar sayesinden bir kurban ile 150 \u00fclkeye ula\u015f\u0131labildi\u011fine dikkat \u00e7ekerek, \u201cT\u00fcrkiye Diyanet Vakf\u0131, bu milletin c\u00f6mertli\u011fini g\u00f6t\u00fcr\u00fcyor, bu devletin b\u00fcy\u00fckl\u00fc\u011f\u00fcn\u00fc g\u00f6t\u00fcr\u00fcyor, bu milletin ne kadar sevgi, muhabbet dolu oldu\u011funu g\u00f6steriyor, tan\u0131t\u0131m\u0131n\u0131 yap\u0131yor.\u201d \u015feklinde konu\u015ftu.<\/p>\n<p style=\"text-align: justify;\">Peygamber Efendimizin (s.a.s.) \u201cM\u00fcsl\u00fcmanlar bir v\u00fccut gibidir\u201d hadis-i \u015ferifini hat\u0131rlatarak, \u201cV\u00fccudun bir yerinde a\u011fr\u0131, s\u0131z\u0131 oldu\u011funda nas\u0131l b\u00fct\u00fcn organlar rahats\u0131z oluyorsa, d\u00fcnyan\u0131n neresinde olursa olsun bir M\u00fcsl\u00fcman\u0131n ba\u015f\u0131na gelen bir s\u0131k\u0131nt\u0131n\u0131n di\u011fer M\u00fcsl\u00fcman karde\u015fini rahats\u0131z etmesi laz\u0131m.\u201d diye konu\u015ftu.<\/p>\n<p style=\"text-align: justify;\">Ba\u015fkan Erba\u015f, konu\u015fmas\u0131n\u0131n sonunda program\u0131n hay\u0131rlara vesile olmas\u0131n\u0131 dileyerek, sempozyumu d\u00fczenleyen payda\u015flara te\u015fekk\u00fcr etti.<\/p>\n<p style=\"text-align: justify;\">Programa, Diyanet \u0130\u015fleri Ba\u015fkan\u0131 Prof. Dr. Ali Erba\u015f\u2019\u0131n yan\u0131 s\u0131ra Kocaeli Valisi Seddar Yavuz, Kocaeli B\u00fcy\u00fck\u015fehir Belediye Ba\u015fkan\u0131 Tahir B\u00fcy\u00fckak\u0131n, Kocaeli \u00dcniversitesi Rekt\u00f6r\u00fc Prof. Dr. Sadettin H\u00fclag\u00fc, Diyanet \u0130\u015fleri Ba\u015fkanl\u0131\u011f\u0131 Din \u0130\u015fleri Y\u00fcksek Kurulu Ba\u015fkan\u0131 Prof. Dr. Abdurrahman Ha\u00e7kal\u0131, Kocaeli \u0130l M\u00fcft\u00fcs\u00fc Sinan Cihan, \u00e7ok say\u0131da akademisyen ve \u00f6\u011frenci kat\u0131ld\u0131.<\/p>\n\n\t\t<style type=\"text\/css\">\n\t\t\t#gallery-1 {\n\t\t\t\tmargin: auto;\n\t\t\t}\n\t\t\t#gallery-1 .gallery-item {\n\t\t\t\tfloat: left;\n\t\t\t\tmargin-top: 10px;\n\t\t\t\ttext-align: center;\n\t\t\t\twidth: 20%;\n\t\t\t}\n\t\t\t#gallery-1 img {\n\t\t\t\tborder: 2px solid #cfcfcf;\n\t\t\t}\n\t\t\t#gallery-1 .gallery-caption {\n\t\t\t\tmargin-left: 0;\n\t\t\t}\n\t\t\t\/* see gallery_shortcode() in wp-includes\/media.php *\/\n\t\t<\/style>\n\t\t<div id='gallery-1' class='gallery galleryid-23917 gallery-columns-5 gallery-size-thumbnail'><dl class='gallery-item'>\n\t\t\t<dt class='gallery-icon landscape'>\n\t\t\t\t<a href='https:\/\/tdv.org\/tr-TR\/wp-content\/uploads\/2022\/06\/1-1.jpg'><img decoding=\"async\" width=\"150\" height=\"150\" src=\"https:\/\/tdv.org\/tr-TR\/wp-content\/uploads\/2022\/06\/1-1-150x150.jpg\" class=\"attachment-thumbnail size-thumbnail\" alt=\"\" srcset=\"https:\/\/tdv.org\/tr-TR\/wp-content\/uploads\/2022\/06\/1-1-150x150.jpg 150w, https:\/\/tdv.org\/tr-TR\/wp-content\/uploads\/2022\/06\/1-1-100x100.jpg 100w, https:\/\/tdv.org\/tr-TR\/wp-content\/uploads\/2022\/06\/1-1-140x140.jpg 140w, https:\/\/tdv.org\/tr-TR\/wp-content\/uploads\/2022\/06\/1-1-500x500.jpg 500w, https:\/\/tdv.org\/tr-TR\/wp-content\/uploads\/2022\/06\/1-1-350x350.jpg 350w, https:\/\/tdv.org\/tr-TR\/wp-content\/uploads\/2022\/06\/1-1-800x800.jpg 800w\" sizes=\"(max-width: 150px) 100vw, 150px\" \/><\/a>\n\t\t\t<\/dt><\/dl><dl class='gallery-item'>\n\t\t\t<dt class='gallery-icon landscape'>\n\t\t\t\t<a href='https:\/\/tdv.org\/tr-TR\/wp-content\/uploads\/2022\/06\/2-1.jpg'><img decoding=\"async\" width=\"150\" height=\"150\" src=\"https:\/\/tdv.org\/tr-TR\/wp-content\/uploads\/2022\/06\/2-1-150x150.jpg\" class=\"attachment-thumbnail size-thumbnail\" alt=\"\" srcset=\"https:\/\/tdv.org\/tr-TR\/wp-content\/uploads\/2022\/06\/2-1-150x150.jpg 150w, https:\/\/tdv.org\/tr-TR\/wp-content\/uploads\/2022\/06\/2-1-100x100.jpg 100w, https:\/\/tdv.org\/tr-TR\/wp-content\/uploads\/2022\/06\/2-1-140x140.jpg 140w, https:\/\/tdv.org\/tr-TR\/wp-content\/uploads\/2022\/06\/2-1-500x500.jpg 500w, https:\/\/tdv.org\/tr-TR\/wp-content\/uploads\/2022\/06\/2-1-350x350.jpg 350w, https:\/\/tdv.org\/tr-TR\/wp-content\/uploads\/2022\/06\/2-1-800x800.jpg 800w\" sizes=\"(max-width: 150px) 100vw, 150px\" \/><\/a>\n\t\t\t<\/dt><\/dl><dl class='gallery-item'>\n\t\t\t<dt class='gallery-icon landscape'>\n\t\t\t\t<a href='https:\/\/tdv.org\/tr-TR\/wp-content\/uploads\/2022\/06\/3-1.jpg'><img decoding=\"async\" width=\"150\" height=\"150\" src=\"https:\/\/tdv.org\/tr-TR\/wp-content\/uploads\/2022\/06\/3-1-150x150.jpg\" class=\"attachment-thumbnail size-thumbnail\" alt=\"\" srcset=\"https:\/\/tdv.org\/tr-TR\/wp-content\/uploads\/2022\/06\/3-1-150x150.jpg 150w, https:\/\/tdv.org\/tr-TR\/wp-content\/uploads\/2022\/06\/3-1-100x100.jpg 100w, https:\/\/tdv.org\/tr-TR\/wp-content\/uploads\/2022\/06\/3-1-140x140.jpg 140w, https:\/\/tdv.org\/tr-TR\/wp-content\/uploads\/2022\/06\/3-1-500x500.jpg 500w, https:\/\/tdv.org\/tr-TR\/wp-content\/uploads\/2022\/06\/3-1-350x350.jpg 350w, https:\/\/tdv.org\/tr-TR\/wp-content\/uploads\/2022\/06\/3-1-800x800.jpg 800w\" sizes=\"(max-width: 150px) 100vw, 150px\" \/><\/a>\n\t\t\t<\/dt><\/dl><dl class='gallery-item'>\n\t\t\t<dt class='gallery-icon landscape'>\n\t\t\t\t<a href='https:\/\/tdv.org\/tr-TR\/wp-content\/uploads\/2022\/06\/4-1.jpg'><img decoding=\"async\" width=\"150\" height=\"150\" src=\"https:\/\/tdv.org\/tr-TR\/wp-content\/uploads\/2022\/06\/4-1-150x150.jpg\" class=\"attachment-thumbnail size-thumbnail\" alt=\"\" srcset=\"https:\/\/tdv.org\/tr-TR\/wp-content\/uploads\/2022\/06\/4-1-150x150.jpg 150w, https:\/\/tdv.org\/tr-TR\/wp-content\/uploads\/2022\/06\/4-1-100x100.jpg 100w, https:\/\/tdv.org\/tr-TR\/wp-content\/uploads\/2022\/06\/4-1-140x140.jpg 140w, https:\/\/tdv.org\/tr-TR\/wp-content\/uploads\/2022\/06\/4-1-500x500.jpg 500w, https:\/\/tdv.org\/tr-TR\/wp-content\/uploads\/2022\/06\/4-1-350x350.jpg 350w, https:\/\/tdv.org\/tr-TR\/wp-content\/uploads\/2022\/06\/4-1-800x800.jpg 800w\" sizes=\"(max-width: 150px) 100vw, 150px\" \/><\/a>\n\t\t\t<\/dt><\/dl><dl class='gallery-item'>\n\t\t\t<dt class='gallery-icon landscape'>\n\t\t\t\t<a href='https:\/\/tdv.org\/tr-TR\/wp-content\/uploads\/2022\/06\/5-1.jpg'><img decoding=\"async\" width=\"150\" height=\"150\" src=\"https:\/\/tdv.org\/tr-TR\/wp-content\/uploads\/2022\/06\/5-1-150x150.jpg\" class=\"attachment-thumbnail size-thumbnail\" alt=\"\" srcset=\"https:\/\/tdv.org\/tr-TR\/wp-content\/uploads\/2022\/06\/5-1-150x150.jpg 150w, https:\/\/tdv.org\/tr-TR\/wp-content\/uploads\/2022\/06\/5-1-100x100.jpg 100w, https:\/\/tdv.org\/tr-TR\/wp-content\/uploads\/2022\/06\/5-1-140x140.jpg 140w, https:\/\/tdv.org\/tr-TR\/wp-content\/uploads\/2022\/06\/5-1-500x500.jpg 500w, https:\/\/tdv.org\/tr-TR\/wp-content\/uploads\/2022\/06\/5-1-350x350.jpg 350w, https:\/\/tdv.org\/tr-TR\/wp-content\/uploads\/2022\/06\/5-1-800x800.jpg 800w\" sizes=\"(max-width: 150px) 100vw, 150px\" \/><\/a>\n\t\t\t<\/dt><\/dl><br style=\"clear: both\" \/><dl class='gallery-item'>\n\t\t\t<dt class='gallery-icon landscape'>\n\t\t\t\t<a href='https:\/\/tdv.org\/tr-TR\/wp-content\/uploads\/2022\/06\/6-1.jpg'><img decoding=\"async\" width=\"150\" height=\"150\" src=\"https:\/\/tdv.org\/tr-TR\/wp-content\/uploads\/2022\/06\/6-1-150x150.jpg\" class=\"attachment-thumbnail size-thumbnail\" alt=\"\" srcset=\"https:\/\/tdv.org\/tr-TR\/wp-content\/uploads\/2022\/06\/6-1-150x150.jpg 150w, https:\/\/tdv.org\/tr-TR\/wp-content\/uploads\/2022\/06\/6-1-100x100.jpg 100w, https:\/\/tdv.org\/tr-TR\/wp-content\/uploads\/2022\/06\/6-1-140x140.jpg 140w, https:\/\/tdv.org\/tr-TR\/wp-content\/uploads\/2022\/06\/6-1-500x500.jpg 500w, https:\/\/tdv.org\/tr-TR\/wp-content\/uploads\/2022\/06\/6-1-350x350.jpg 350w, https:\/\/tdv.org\/tr-TR\/wp-content\/uploads\/2022\/06\/6-1-800x800.jpg 800w\" sizes=\"(max-width: 150px) 100vw, 150px\" \/><\/a>\n\t\t\t<\/dt><\/dl><dl class='gallery-item'>\n\t\t\t<dt class='gallery-icon landscape'>\n\t\t\t\t<a href='https:\/\/tdv.org\/tr-TR\/wp-content\/uploads\/2022\/06\/7-1.jpg'><img decoding=\"async\" width=\"150\" height=\"150\" src=\"https:\/\/tdv.org\/tr-TR\/wp-content\/uploads\/2022\/06\/7-1-150x150.jpg\" class=\"attachment-thumbnail size-thumbnail\" alt=\"\" srcset=\"https:\/\/tdv.org\/tr-TR\/wp-content\/uploads\/2022\/06\/7-1-150x150.jpg 150w, https:\/\/tdv.org\/tr-TR\/wp-content\/uploads\/2022\/06\/7-1-100x100.jpg 100w, https:\/\/tdv.org\/tr-TR\/wp-content\/uploads\/2022\/06\/7-1-140x140.jpg 140w, https:\/\/tdv.org\/tr-TR\/wp-content\/uploads\/2022\/06\/7-1-500x500.jpg 500w, https:\/\/tdv.org\/tr-TR\/wp-content\/uploads\/2022\/06\/7-1-350x350.jpg 350w, https:\/\/tdv.org\/tr-TR\/wp-content\/uploads\/2022\/06\/7-1-800x800.jpg 800w\" sizes=\"(max-width: 150px) 100vw, 150px\" \/><\/a>\n\t\t\t<\/dt><\/dl><dl class='gallery-item'>\n\t\t\t<dt class='gallery-icon landscape'>\n\t\t\t\t<a href='https:\/\/tdv.org\/tr-TR\/wp-content\/uploads\/2022\/06\/8-1.jpg'><img decoding=\"async\" width=\"150\" height=\"150\" src=\"https:\/\/tdv.org\/tr-TR\/wp-content\/uploads\/2022\/06\/8-1-150x150.jpg\" class=\"attachment-thumbnail size-thumbnail\" alt=\"\" srcset=\"https:\/\/tdv.org\/tr-TR\/wp-content\/uploads\/2022\/06\/8-1-150x150.jpg 150w, https:\/\/tdv.org\/tr-TR\/wp-content\/uploads\/2022\/06\/8-1-100x100.jpg 100w, https:\/\/tdv.org\/tr-TR\/wp-content\/uploads\/2022\/06\/8-1-140x140.jpg 140w, https:\/\/tdv.org\/tr-TR\/wp-content\/uploads\/2022\/06\/8-1-500x500.jpg 500w, https:\/\/tdv.org\/tr-TR\/wp-content\/uploads\/2022\/06\/8-1-350x350.jpg 350w, https:\/\/tdv.org\/tr-TR\/wp-content\/uploads\/2022\/06\/8-1-800x800.jpg 800w\" sizes=\"(max-width: 150px) 100vw, 150px\" \/><\/a>\n\t\t\t<\/dt><\/dl><dl class='gallery-item'>\n\t\t\t<dt class='gallery-icon landscape'>\n\t\t\t\t<a href='https:\/\/tdv.org\/tr-TR\/wp-content\/uploads\/2022\/06\/9-1.jpg'><img decoding=\"async\" width=\"150\" height=\"150\" src=\"https:\/\/tdv.org\/tr-TR\/wp-content\/uploads\/2022\/06\/9-1-150x150.jpg\" class=\"attachment-thumbnail size-thumbnail\" alt=\"\" srcset=\"https:\/\/tdv.org\/tr-TR\/wp-content\/uploads\/2022\/06\/9-1-150x150.jpg 150w, https:\/\/tdv.org\/tr-TR\/wp-content\/uploads\/2022\/06\/9-1-100x100.jpg 100w, https:\/\/tdv.org\/tr-TR\/wp-content\/uploads\/2022\/06\/9-1-140x140.jpg 140w, https:\/\/tdv.org\/tr-TR\/wp-content\/uploads\/2022\/06\/9-1-500x500.jpg 500w, https:\/\/tdv.org\/tr-TR\/wp-content\/uploads\/2022\/06\/9-1-350x350.jpg 350w, https:\/\/tdv.org\/tr-TR\/wp-content\/uploads\/2022\/06\/9-1-800x800.jpg 800w\" sizes=\"(max-width: 150px) 100vw, 150px\" \/><\/a>\n\t\t\t<\/dt><\/dl><dl class='gallery-item'>\n\t\t\t<dt class='gallery-icon landscape'>\n\t\t\t\t<a href='https:\/\/tdv.org\/tr-TR\/wp-content\/uploads\/2022\/06\/10-1.jpg'><img decoding=\"async\" width=\"150\" height=\"150\" src=\"https:\/\/tdv.org\/tr-TR\/wp-content\/uploads\/2022\/06\/10-1-150x150.jpg\" class=\"attachment-thumbnail size-thumbnail\" alt=\"\" srcset=\"https:\/\/tdv.org\/tr-TR\/wp-content\/uploads\/2022\/06\/10-1-150x150.jpg 150w, https:\/\/tdv.org\/tr-TR\/wp-content\/uploads\/2022\/06\/10-1-100x100.jpg 100w, https:\/\/tdv.org\/tr-TR\/wp-content\/uploads\/2022\/06\/10-1-140x140.jpg 140w, https:\/\/tdv.org\/tr-TR\/wp-content\/uploads\/2022\/06\/10-1-500x500.jpg 500w, https:\/\/tdv.org\/tr-TR\/wp-content\/uploads\/2022\/06\/10-1-350x350.jpg 350w, https:\/\/tdv.org\/tr-TR\/wp-content\/uploads\/2022\/06\/10-1-800x800.jpg 800w\" sizes=\"(max-width: 150px) 100vw, 150px\" \/><\/a>\n\t\t\t<\/dt><\/dl><br style=\"clear: both\" \/><dl class='gallery-item'>\n\t\t\t<dt class='gallery-icon landscape'>\n\t\t\t\t<a href='https:\/\/tdv.org\/tr-TR\/wp-content\/uploads\/2022\/06\/11-1.jpg'><img decoding=\"async\" width=\"150\" height=\"150\" src=\"https:\/\/tdv.org\/tr-TR\/wp-content\/uploads\/2022\/06\/11-1-150x150.jpg\" class=\"attachment-thumbnail size-thumbnail\" alt=\"\" srcset=\"https:\/\/tdv.org\/tr-TR\/wp-content\/uploads\/2022\/06\/11-1-150x150.jpg 150w, https:\/\/tdv.org\/tr-TR\/wp-content\/uploads\/2022\/06\/11-1-100x100.jpg 100w, https:\/\/tdv.org\/tr-TR\/wp-content\/uploads\/2022\/06\/11-1-140x140.jpg 140w, https:\/\/tdv.org\/tr-TR\/wp-content\/uploads\/2022\/06\/11-1-500x500.jpg 500w, https:\/\/tdv.org\/tr-TR\/wp-content\/uploads\/2022\/06\/11-1-350x350.jpg 350w, https:\/\/tdv.org\/tr-TR\/wp-content\/uploads\/2022\/06\/11-1-800x800.jpg 800w\" sizes=\"(max-width: 150px) 100vw, 150px\" \/><\/a>\n\t\t\t<\/dt><\/dl><dl class='gallery-item'>\n\t\t\t<dt class='gallery-icon landscape'>\n\t\t\t\t<a href='https:\/\/tdv.org\/tr-TR\/wp-content\/uploads\/2022\/06\/12-1.jpg'><img decoding=\"async\" width=\"150\" height=\"150\" src=\"https:\/\/tdv.org\/tr-TR\/wp-content\/uploads\/2022\/06\/12-1-150x150.jpg\" class=\"attachment-thumbnail size-thumbnail\" alt=\"\" srcset=\"https:\/\/tdv.org\/tr-TR\/wp-content\/uploads\/2022\/06\/12-1-150x150.jpg 150w, https:\/\/tdv.org\/tr-TR\/wp-content\/uploads\/2022\/06\/12-1-100x100.jpg 100w, https:\/\/tdv.org\/tr-TR\/wp-content\/uploads\/2022\/06\/12-1-140x140.jpg 140w, https:\/\/tdv.org\/tr-TR\/wp-content\/uploads\/2022\/06\/12-1-500x500.jpg 500w, https:\/\/tdv.org\/tr-TR\/wp-content\/uploads\/2022\/06\/12-1-350x350.jpg 350w, https:\/\/tdv.org\/tr-TR\/wp-content\/uploads\/2022\/06\/12-1-800x800.jpg 800w\" sizes=\"(max-width: 150px) 100vw, 150px\" \/><\/a>\n\t\t\t<\/dt><\/dl><dl class='gallery-item'>\n\t\t\t<dt class='gallery-icon landscape'>\n\t\t\t\t<a href='https:\/\/tdv.org\/tr-TR\/wp-content\/uploads\/2022\/06\/13-1.jpg'><img decoding=\"async\" width=\"150\" height=\"150\" src=\"https:\/\/tdv.org\/tr-TR\/wp-content\/uploads\/2022\/06\/13-1-150x150.jpg\" class=\"attachment-thumbnail size-thumbnail\" alt=\"\" srcset=\"https:\/\/tdv.org\/tr-TR\/wp-content\/uploads\/2022\/06\/13-1-150x150.jpg 150w, https:\/\/tdv.org\/tr-TR\/wp-content\/uploads\/2022\/06\/13-1-100x100.jpg 100w, https:\/\/tdv.org\/tr-TR\/wp-content\/uploads\/2022\/06\/13-1-140x140.jpg 140w, https:\/\/tdv.org\/tr-TR\/wp-content\/uploads\/2022\/06\/13-1-500x500.jpg 500w, https:\/\/tdv.org\/tr-TR\/wp-content\/uploads\/2022\/06\/13-1-350x350.jpg 350w, https:\/\/tdv.org\/tr-TR\/wp-content\/uploads\/2022\/06\/13-1-800x800.jpg 800w\" sizes=\"(max-width: 150px) 100vw, 150px\" \/><\/a>\n\t\t\t<\/dt><\/dl><dl class='gallery-item'>\n\t\t\t<dt class='gallery-icon landscape'>\n\t\t\t\t<a href='https:\/\/tdv.org\/tr-TR\/wp-content\/uploads\/2022\/06\/14-1.jpg'><img decoding=\"async\" width=\"150\" height=\"150\" src=\"https:\/\/tdv.org\/tr-TR\/wp-content\/uploads\/2022\/06\/14-1-150x150.jpg\" class=\"attachment-thumbnail size-thumbnail\" alt=\"\" srcset=\"https:\/\/tdv.org\/tr-TR\/wp-content\/uploads\/2022\/06\/14-1-150x150.jpg 150w, https:\/\/tdv.org\/tr-TR\/wp-content\/uploads\/2022\/06\/14-1-100x100.jpg 100w, https:\/\/tdv.org\/tr-TR\/wp-content\/uploads\/2022\/06\/14-1-140x140.jpg 140w, https:\/\/tdv.org\/tr-TR\/wp-content\/uploads\/2022\/06\/14-1-500x500.jpg 500w, https:\/\/tdv.org\/tr-TR\/wp-content\/uploads\/2022\/06\/14-1-350x350.jpg 350w, https:\/\/tdv.org\/tr-TR\/wp-content\/uploads\/2022\/06\/14-1-800x800.jpg 800w\" sizes=\"(max-width: 150px) 100vw, 150px\" \/><\/a>\n\t\t\t<\/dt><\/dl><dl class='gallery-item'>\n\t\t\t<dt class='gallery-icon landscape'>\n\t\t\t\t<a href='https:\/\/tdv.org\/tr-TR\/wp-content\/uploads\/2022\/06\/15-1.jpg'><img decoding=\"async\" width=\"150\" height=\"150\" src=\"https:\/\/tdv.org\/tr-TR\/wp-content\/uploads\/2022\/06\/15-1-150x150.jpg\" class=\"attachment-thumbnail size-thumbnail\" alt=\"\" srcset=\"https:\/\/tdv.org\/tr-TR\/wp-content\/uploads\/2022\/06\/15-1-150x150.jpg 150w, https:\/\/tdv.org\/tr-TR\/wp-content\/uploads\/2022\/06\/15-1-100x100.jpg 100w, https:\/\/tdv.org\/tr-TR\/wp-content\/uploads\/2022\/06\/15-1-140x140.jpg 140w, https:\/\/tdv.org\/tr-TR\/wp-content\/uploads\/2022\/06\/15-1-500x500.jpg 500w, https:\/\/tdv.org\/tr-TR\/wp-content\/uploads\/2022\/06\/15-1-350x350.jpg 350w, https:\/\/tdv.org\/tr-TR\/wp-content\/uploads\/2022\/06\/15-1-800x800.jpg 800w\" sizes=\"(max-width: 150px) 100vw, 150px\" \/><\/a>\n\t\t\t<\/dt><\/dl><br style=\"clear: both\" \/><dl class='gallery-item'>\n\t\t\t<dt class='gallery-icon landscape'>\n\t\t\t\t<a href='https:\/\/tdv.org\/tr-TR\/wp-content\/uploads\/2022\/06\/16-1.jpg'><img decoding=\"async\" width=\"150\" height=\"150\" src=\"https:\/\/tdv.org\/tr-TR\/wp-content\/uploads\/2022\/06\/16-1-150x150.jpg\" class=\"attachment-thumbnail size-thumbnail\" alt=\"\" srcset=\"https:\/\/tdv.org\/tr-TR\/wp-content\/uploads\/2022\/06\/16-1-150x150.jpg 150w, https:\/\/tdv.org\/tr-TR\/wp-content\/uploads\/2022\/06\/16-1-100x100.jpg 100w, https:\/\/tdv.org\/tr-TR\/wp-content\/uploads\/2022\/06\/16-1-140x140.jpg 140w, https:\/\/tdv.org\/tr-TR\/wp-content\/uploads\/2022\/06\/16-1-500x500.jpg 500w, https:\/\/tdv.org\/tr-TR\/wp-content\/uploads\/2022\/06\/16-1-350x350.jpg 350w, https:\/\/tdv.org\/tr-TR\/wp-content\/uploads\/2022\/06\/16-1-800x800.jpg 800w\" sizes=\"(max-width: 150px) 100vw, 150px\" \/><\/a>\n\t\t\t<\/dt><\/dl><dl class='gallery-item'>\n\t\t\t<dt class='gallery-icon landscape'>\n\t\t\t\t<a href='https:\/\/tdv.org\/tr-TR\/wp-content\/uploads\/2022\/06\/17.jpg'><img decoding=\"async\" width=\"150\" height=\"150\" src=\"https:\/\/tdv.org\/tr-TR\/wp-content\/uploads\/2022\/06\/17-150x150.jpg\" class=\"attachment-thumbnail size-thumbnail\" alt=\"\" srcset=\"https:\/\/tdv.org\/tr-TR\/wp-content\/uploads\/2022\/06\/17-150x150.jpg 150w, https:\/\/tdv.org\/tr-TR\/wp-content\/uploads\/2022\/06\/17-100x100.jpg 100w, https:\/\/tdv.org\/tr-TR\/wp-content\/uploads\/2022\/06\/17-140x140.jpg 140w, https:\/\/tdv.org\/tr-TR\/wp-content\/uploads\/2022\/06\/17-500x500.jpg 500w, https:\/\/tdv.org\/tr-TR\/wp-content\/uploads\/2022\/06\/17-350x350.jpg 350w, https:\/\/tdv.org\/tr-TR\/wp-content\/uploads\/2022\/06\/17-800x800.jpg 800w\" sizes=\"(max-width: 150px) 100vw, 150px\" \/><\/a>\n\t\t\t<\/dt><\/dl>\n\t\t\t<br style='clear: both' \/>\n\t\t<\/div>\n\n","protected":false},"excerpt":{"rendered":"<p>\u201c2. Uluslararas\u0131 \u0130slam K\u00fclt\u00fcr ve Medeniyeti Sempozyumu\u201dnda konu\u015fan Diyanet \u0130\u015fleri Ba\u015fkan\u0131 ve T\u00fcrkiye Diyanet Vakf\u0131 M\u00fctevelli Heyeti Ba\u015fkan\u0131 Prof. Dr. Ali Erba\u015f, \u201cKurban ibadeti tevhit, takva ve teslimiyetin sembol\u00fcd\u00fcr\u201d dedi&#8230;.<\/p>\n","protected":false},"author":4,"featured_media":23918,"comment_status":"open","ping_status":"closed","sticky":false,"template":"","format":"standard","meta":{"footnotes":""},"categories":[1],"tags":[171],"class_list":{"0":"post-23917","1":"post","2":"type-post","3":"status-publish","4":"format-standard","5":"has-post-thumbnail","7":"category-haberler","8":"tag-kurban"},"yoast_head":"<!-- This site is optimized with the Yoast SEO plugin v27.4 - https:\/\/yoast.com\/product\/yoast-seo-wordpress\/ -->\n<title>\u201cKurban ibadeti tevhit, takva ve teslimiyetin sembol\u00fcd\u00fcr\u201d<\/title>\n<meta name=\"description\" content=\"\u201c2. Uluslararas\u0131 \u0130slam K\u00fclt\u00fcr ve Medeniyeti Sempozyumu\u201dnda konu\u015fan Diyanet \u0130\u015fleri Ba\u015fkan\u0131 ve T\u00fcrkiye Diyanet Vakf\u0131 M\u00fctevelli Heyeti Ba\u015fkan\u0131 Prof. Dr. Ali Erba\u015f, \u201cKurban ibadeti tevhit, takva ve teslimiyetin sembol\u00fcd\u00fcr\u201d dedi.\" \/>\n<meta name=\"robots\" content=\"index, follow, max-snippet:-1, max-image-preview:large, max-video-preview:-1\" \/>\n<link rel=\"canonical\" href=\"https:\/\/tdv.org\/tr-TR\/kurban-ibadeti-tevhit-takva-ve-teslimiyetin-semboludur\/\" \/>\n<meta property=\"og:locale\" content=\"tr_TR\" \/>\n<meta property=\"og:type\" content=\"article\" \/>\n<meta property=\"og:title\" content=\"\u201cKurban ibadeti tevhit, takva ve teslimiyetin sembol\u00fcd\u00fcr\u201d\" \/>\n<meta property=\"og:description\" content=\"\u201c2. Uluslararas\u0131 \u0130slam K\u00fclt\u00fcr ve Medeniyeti Sempozyumu\u201dnda konu\u015fan Diyanet \u0130\u015fleri Ba\u015fkan\u0131 ve T\u00fcrkiye Diyanet Vakf\u0131 M\u00fctevelli Heyeti Ba\u015fkan\u0131 Prof. Dr. Ali Erba\u015f, \u201cKurban ibadeti tevhit, takva ve teslimiyetin sembol\u00fcd\u00fcr\u201d dedi.\" \/>\n<meta property=\"og:url\" content=\"https:\/\/tdv.org\/tr-TR\/kurban-ibadeti-tevhit-takva-ve-teslimiyetin-semboludur\/\" \/>\n<meta property=\"og:site_name\" content=\"T\u00fcrkiye Diyanet Vakf\u0131 Resmi Web Sitesi\" \/>\n<meta property=\"article:publisher\" content=\"https:\/\/www.facebook.com\/Diyanetvakfi\/\" \/>\n<meta property=\"article:published_time\" content=\"2022-06-03T20:45:05+00:00\" \/>\n<meta property=\"article:modified_time\" content=\"2022-12-08T07:59:08+00:00\" \/>\n<meta property=\"og:image\" content=\"https:\/\/tdv.org\/tr-TR\/wp-content\/uploads\/2022\/06\/1-1.jpg\" \/>\n\t<meta property=\"og:image:width\" content=\"1200\" \/>\n\t<meta property=\"og:image:height\" content=\"800\" \/>\n\t<meta property=\"og:image:type\" content=\"image\/jpeg\" \/>\n<meta name=\"author\" content=\"Feyzullah\" \/>\n<meta name=\"twitter:card\" content=\"summary_large_image\" \/>\n<meta name=\"twitter:creator\" content=\"@DiyanetVakfi\" \/>\n<meta name=\"twitter:site\" content=\"@DiyanetVakfi\" \/>\n<script type=\"application\/ld+json\" class=\"yoast-schema-graph\">{\"@context\":\"https:\\\/\\\/schema.org\",\"@graph\":[{\"@type\":\"Article\",\"@id\":\"https:\\\/\\\/tdv.org\\\/tr-TR\\\/kurban-ibadeti-tevhit-takva-ve-teslimiyetin-semboludur\\\/#article\",\"isPartOf\":{\"@id\":\"https:\\\/\\\/tdv.org\\\/tr-TR\\\/kurban-ibadeti-tevhit-takva-ve-teslimiyetin-semboludur\\\/\"},\"author\":{\"name\":\"Feyzullah\",\"@id\":\"https:\\\/\\\/tdv.org\\\/tr-TR\\\/#\\\/schema\\\/person\\\/d82361fee30b9a18f022b00af48c5e54\"},\"headline\":\"\u201cKurban ibadeti tevhit, takva ve teslimiyetin sembol\u00fcd\u00fcr\u201d\",\"datePublished\":\"2022-06-03T20:45:05+00:00\",\"dateModified\":\"2022-12-08T07:59:08+00:00\",\"mainEntityOfPage\":{\"@id\":\"https:\\\/\\\/tdv.org\\\/tr-TR\\\/kurban-ibadeti-tevhit-takva-ve-teslimiyetin-semboludur\\\/\"},\"wordCount\":628,\"commentCount\":0,\"publisher\":{\"@id\":\"https:\\\/\\\/tdv.org\\\/tr-TR\\\/#organization\"},\"image\":{\"@id\":\"https:\\\/\\\/tdv.org\\\/tr-TR\\\/kurban-ibadeti-tevhit-takva-ve-teslimiyetin-semboludur\\\/#primaryimage\"},\"thumbnailUrl\":\"https:\\\/\\\/tdv.org\\\/tr-TR\\\/wp-content\\\/uploads\\\/2022\\\/06\\\/1-1.jpg\",\"keywords\":[\"Kurban\"],\"articleSection\":[\"Haberler\"],\"inLanguage\":\"tr\",\"potentialAction\":[{\"@type\":\"CommentAction\",\"name\":\"Comment\",\"target\":[\"https:\\\/\\\/tdv.org\\\/tr-TR\\\/kurban-ibadeti-tevhit-takva-ve-teslimiyetin-semboludur\\\/#respond\"]}]},{\"@type\":\"WebPage\",\"@id\":\"https:\\\/\\\/tdv.org\\\/tr-TR\\\/kurban-ibadeti-tevhit-takva-ve-teslimiyetin-semboludur\\\/\",\"url\":\"https:\\\/\\\/tdv.org\\\/tr-TR\\\/kurban-ibadeti-tevhit-takva-ve-teslimiyetin-semboludur\\\/\",\"name\":\"\u201cKurban ibadeti tevhit, takva ve teslimiyetin sembol\u00fcd\u00fcr\u201d\",\"isPartOf\":{\"@id\":\"https:\\\/\\\/tdv.org\\\/tr-TR\\\/#website\"},\"primaryImageOfPage\":{\"@id\":\"https:\\\/\\\/tdv.org\\\/tr-TR\\\/kurban-ibadeti-tevhit-takva-ve-teslimiyetin-semboludur\\\/#primaryimage\"},\"image\":{\"@id\":\"https:\\\/\\\/tdv.org\\\/tr-TR\\\/kurban-ibadeti-tevhit-takva-ve-teslimiyetin-semboludur\\\/#primaryimage\"},\"thumbnailUrl\":\"https:\\\/\\\/tdv.org\\\/tr-TR\\\/wp-content\\\/uploads\\\/2022\\\/06\\\/1-1.jpg\",\"datePublished\":\"2022-06-03T20:45:05+00:00\",\"dateModified\":\"2022-12-08T07:59:08+00:00\",\"description\":\"\u201c2. Uluslararas\u0131 \u0130slam K\u00fclt\u00fcr ve Medeniyeti Sempozyumu\u201dnda konu\u015fan Diyanet \u0130\u015fleri Ba\u015fkan\u0131 ve T\u00fcrkiye Diyanet Vakf\u0131 M\u00fctevelli Heyeti Ba\u015fkan\u0131 Prof. Dr. Ali Erba\u015f, \u201cKurban ibadeti tevhit, takva ve teslimiyetin sembol\u00fcd\u00fcr\u201d dedi.\",\"breadcrumb\":{\"@id\":\"https:\\\/\\\/tdv.org\\\/tr-TR\\\/kurban-ibadeti-tevhit-takva-ve-teslimiyetin-semboludur\\\/#breadcrumb\"},\"inLanguage\":\"tr\",\"potentialAction\":[{\"@type\":\"ReadAction\",\"target\":[\"https:\\\/\\\/tdv.org\\\/tr-TR\\\/kurban-ibadeti-tevhit-takva-ve-teslimiyetin-semboludur\\\/\"]}]},{\"@type\":\"ImageObject\",\"inLanguage\":\"tr\",\"@id\":\"https:\\\/\\\/tdv.org\\\/tr-TR\\\/kurban-ibadeti-tevhit-takva-ve-teslimiyetin-semboludur\\\/#primaryimage\",\"url\":\"https:\\\/\\\/tdv.org\\\/tr-TR\\\/wp-content\\\/uploads\\\/2022\\\/06\\\/1-1.jpg\",\"contentUrl\":\"https:\\\/\\\/tdv.org\\\/tr-TR\\\/wp-content\\\/uploads\\\/2022\\\/06\\\/1-1.jpg\",\"width\":1200,\"height\":800},{\"@type\":\"BreadcrumbList\",\"@id\":\"https:\\\/\\\/tdv.org\\\/tr-TR\\\/kurban-ibadeti-tevhit-takva-ve-teslimiyetin-semboludur\\\/#breadcrumb\",\"itemListElement\":[{\"@type\":\"ListItem\",\"position\":1,\"name\":\"Anasayfa\",\"item\":\"https:\\\/\\\/tdv.org\\\/tr-TR\\\/\"},{\"@type\":\"ListItem\",\"position\":2,\"name\":\"\u201cKurban ibadeti tevhit, takva ve teslimiyetin sembol\u00fcd\u00fcr\u201d\"}]},{\"@type\":\"WebSite\",\"@id\":\"https:\\\/\\\/tdv.org\\\/tr-TR\\\/#website\",\"url\":\"https:\\\/\\\/tdv.org\\\/tr-TR\\\/\",\"name\":\"T\u00fcrkiye Diyanet Vakf\u0131 Resmi Web Sitesi\",\"description\":\"Yery\u00fcz\u00fcnde iyilik egemen oluncaya kadar\",\"publisher\":{\"@id\":\"https:\\\/\\\/tdv.org\\\/tr-TR\\\/#organization\"},\"alternateName\":\"T\u00fcrkiye Diyanet Vakf\u0131\",\"potentialAction\":[{\"@type\":\"SearchAction\",\"target\":{\"@type\":\"EntryPoint\",\"urlTemplate\":\"https:\\\/\\\/tdv.org\\\/tr-TR\\\/?s={search_term_string}\"},\"query-input\":{\"@type\":\"PropertyValueSpecification\",\"valueRequired\":true,\"valueName\":\"search_term_string\"}}],\"inLanguage\":\"tr\"},{\"@type\":\"Organization\",\"@id\":\"https:\\\/\\\/tdv.org\\\/tr-TR\\\/#organization\",\"name\":\"T\u00fcrkiye Diyanet Vakf\u0131\",\"alternateName\":\"T\u00fcrkiye Diyanet Vakf\u0131\",\"url\":\"https:\\\/\\\/tdv.org\\\/tr-TR\\\/\",\"logo\":{\"@type\":\"ImageObject\",\"inLanguage\":\"tr\",\"@id\":\"https:\\\/\\\/tdv.org\\\/tr-TR\\\/#\\\/schema\\\/logo\\\/image\\\/\",\"url\":\"https:\\\/\\\/tdv.org\\\/tr-TR\\\/wp-content\\\/uploads\\\/2018\\\/12\\\/TDV_Logo_1.png\",\"contentUrl\":\"https:\\\/\\\/tdv.org\\\/tr-TR\\\/wp-content\\\/uploads\\\/2018\\\/12\\\/TDV_Logo_1.png\",\"width\":207,\"height\":71,\"caption\":\"T\u00fcrkiye Diyanet Vakf\u0131\"},\"image\":{\"@id\":\"https:\\\/\\\/tdv.org\\\/tr-TR\\\/#\\\/schema\\\/logo\\\/image\\\/\"},\"sameAs\":[\"https:\\\/\\\/www.facebook.com\\\/Diyanetvakfi\\\/\",\"https:\\\/\\\/x.com\\\/DiyanetVakfi\",\"https:\\\/\\\/www.instagram.com\\\/turkiyediyanetvakfi\\\/\",\"https:\\\/\\\/www.youtube.com\\\/user\\\/TurkiyeDiyanetVakfi\"]},{\"@type\":\"Person\",\"@id\":\"https:\\\/\\\/tdv.org\\\/tr-TR\\\/#\\\/schema\\\/person\\\/d82361fee30b9a18f022b00af48c5e54\",\"name\":\"Feyzullah\",\"image\":{\"@type\":\"ImageObject\",\"inLanguage\":\"tr\",\"@id\":\"https:\\\/\\\/tdv.org\\\/tr-TR\\\/wp-content\\\/litespeed\\\/avatar\\\/2976dc58d1ce98cb93380ae29394255a.jpg?ver=1776702134\",\"url\":\"https:\\\/\\\/tdv.org\\\/tr-TR\\\/wp-content\\\/litespeed\\\/avatar\\\/2976dc58d1ce98cb93380ae29394255a.jpg?ver=1776702134\",\"contentUrl\":\"https:\\\/\\\/tdv.org\\\/tr-TR\\\/wp-content\\\/litespeed\\\/avatar\\\/2976dc58d1ce98cb93380ae29394255a.jpg?ver=1776702134\",\"caption\":\"Feyzullah\"},\"sameAs\":[\"http:\\\/\\\/www.tdv.org\"]}]}<\/script>\n<!-- \/ Yoast SEO plugin. -->","yoast_head_json":{"title":"\u201cKurban ibadeti tevhit, takva ve teslimiyetin sembol\u00fcd\u00fcr\u201d","description":"\u201c2. Uluslararas\u0131 \u0130slam K\u00fclt\u00fcr ve Medeniyeti Sempozyumu\u201dnda konu\u015fan Diyanet \u0130\u015fleri Ba\u015fkan\u0131 ve T\u00fcrkiye Diyanet Vakf\u0131 M\u00fctevelli Heyeti Ba\u015fkan\u0131 Prof. Dr. Ali Erba\u015f, \u201cKurban ibadeti tevhit, takva ve teslimiyetin sembol\u00fcd\u00fcr\u201d dedi.","robots":{"index":"index","follow":"follow","max-snippet":"max-snippet:-1","max-image-preview":"max-image-preview:large","max-video-preview":"max-video-preview:-1"},"canonical":"https:\/\/tdv.org\/tr-TR\/kurban-ibadeti-tevhit-takva-ve-teslimiyetin-semboludur\/","og_locale":"tr_TR","og_type":"article","og_title":"\u201cKurban ibadeti tevhit, takva ve teslimiyetin sembol\u00fcd\u00fcr\u201d","og_description":"\u201c2. Uluslararas\u0131 \u0130slam K\u00fclt\u00fcr ve Medeniyeti Sempozyumu\u201dnda konu\u015fan Diyanet \u0130\u015fleri Ba\u015fkan\u0131 ve T\u00fcrkiye Diyanet Vakf\u0131 M\u00fctevelli Heyeti Ba\u015fkan\u0131 Prof. Dr. Ali Erba\u015f, \u201cKurban ibadeti tevhit, takva ve teslimiyetin sembol\u00fcd\u00fcr\u201d dedi.","og_url":"https:\/\/tdv.org\/tr-TR\/kurban-ibadeti-tevhit-takva-ve-teslimiyetin-semboludur\/","og_site_name":"T\u00fcrkiye Diyanet Vakf\u0131 Resmi Web Sitesi","article_publisher":"https:\/\/www.facebook.com\/Diyanetvakfi\/","article_published_time":"2022-06-03T20:45:05+00:00","article_modified_time":"2022-12-08T07:59:08+00:00","og_image":[{"width":1200,"height":800,"url":"https:\/\/tdv.org\/tr-TR\/wp-content\/uploads\/2022\/06\/1-1.jpg","type":"image\/jpeg"}],"author":"Feyzullah","twitter_card":"summary_large_image","twitter_creator":"@DiyanetVakfi","twitter_site":"@DiyanetVakfi","schema":{"@context":"https:\/\/schema.org","@graph":[{"@type":"Article","@id":"https:\/\/tdv.org\/tr-TR\/kurban-ibadeti-tevhit-takva-ve-teslimiyetin-semboludur\/#article","isPartOf":{"@id":"https:\/\/tdv.org\/tr-TR\/kurban-ibadeti-tevhit-takva-ve-teslimiyetin-semboludur\/"},"author":{"name":"Feyzullah","@id":"https:\/\/tdv.org\/tr-TR\/#\/schema\/person\/d82361fee30b9a18f022b00af48c5e54"},"headline":"\u201cKurban ibadeti tevhit, takva ve teslimiyetin sembol\u00fcd\u00fcr\u201d","datePublished":"2022-06-03T20:45:05+00:00","dateModified":"2022-12-08T07:59:08+00:00","mainEntityOfPage":{"@id":"https:\/\/tdv.org\/tr-TR\/kurban-ibadeti-tevhit-takva-ve-teslimiyetin-semboludur\/"},"wordCount":628,"commentCount":0,"publisher":{"@id":"https:\/\/tdv.org\/tr-TR\/#organization"},"image":{"@id":"https:\/\/tdv.org\/tr-TR\/kurban-ibadeti-tevhit-takva-ve-teslimiyetin-semboludur\/#primaryimage"},"thumbnailUrl":"https:\/\/tdv.org\/tr-TR\/wp-content\/uploads\/2022\/06\/1-1.jpg","keywords":["Kurban"],"articleSection":["Haberler"],"inLanguage":"tr","potentialAction":[{"@type":"CommentAction","name":"Comment","target":["https:\/\/tdv.org\/tr-TR\/kurban-ibadeti-tevhit-takva-ve-teslimiyetin-semboludur\/#respond"]}]},{"@type":"WebPage","@id":"https:\/\/tdv.org\/tr-TR\/kurban-ibadeti-tevhit-takva-ve-teslimiyetin-semboludur\/","url":"https:\/\/tdv.org\/tr-TR\/kurban-ibadeti-tevhit-takva-ve-teslimiyetin-semboludur\/","name":"\u201cKurban ibadeti tevhit, takva ve teslimiyetin sembol\u00fcd\u00fcr\u201d","isPartOf":{"@id":"https:\/\/tdv.org\/tr-TR\/#website"},"primaryImageOfPage":{"@id":"https:\/\/tdv.org\/tr-TR\/kurban-ibadeti-tevhit-takva-ve-teslimiyetin-semboludur\/#primaryimage"},"image":{"@id":"https:\/\/tdv.org\/tr-TR\/kurban-ibadeti-tevhit-takva-ve-teslimiyetin-semboludur\/#primaryimage"},"thumbnailUrl":"https:\/\/tdv.org\/tr-TR\/wp-content\/uploads\/2022\/06\/1-1.jpg","datePublished":"2022-06-03T20:45:05+00:00","dateModified":"2022-12-08T07:59:08+00:00","description":"\u201c2. Uluslararas\u0131 \u0130slam K\u00fclt\u00fcr ve Medeniyeti Sempozyumu\u201dnda konu\u015fan Diyanet \u0130\u015fleri Ba\u015fkan\u0131 ve T\u00fcrkiye Diyanet Vakf\u0131 M\u00fctevelli Heyeti Ba\u015fkan\u0131 Prof. Dr. Ali Erba\u015f, \u201cKurban ibadeti tevhit, takva ve teslimiyetin sembol\u00fcd\u00fcr\u201d dedi.","breadcrumb":{"@id":"https:\/\/tdv.org\/tr-TR\/kurban-ibadeti-tevhit-takva-ve-teslimiyetin-semboludur\/#breadcrumb"},"inLanguage":"tr","potentialAction":[{"@type":"ReadAction","target":["https:\/\/tdv.org\/tr-TR\/kurban-ibadeti-tevhit-takva-ve-teslimiyetin-semboludur\/"]}]},{"@type":"ImageObject","inLanguage":"tr","@id":"https:\/\/tdv.org\/tr-TR\/kurban-ibadeti-tevhit-takva-ve-teslimiyetin-semboludur\/#primaryimage","url":"https:\/\/tdv.org\/tr-TR\/wp-content\/uploads\/2022\/06\/1-1.jpg","contentUrl":"https:\/\/tdv.org\/tr-TR\/wp-content\/uploads\/2022\/06\/1-1.jpg","width":1200,"height":800},{"@type":"BreadcrumbList","@id":"https:\/\/tdv.org\/tr-TR\/kurban-ibadeti-tevhit-takva-ve-teslimiyetin-semboludur\/#breadcrumb","itemListElement":[{"@type":"ListItem","position":1,"name":"Anasayfa","item":"https:\/\/tdv.org\/tr-TR\/"},{"@type":"ListItem","position":2,"name":"\u201cKurban ibadeti tevhit, takva ve teslimiyetin sembol\u00fcd\u00fcr\u201d"}]},{"@type":"WebSite","@id":"https:\/\/tdv.org\/tr-TR\/#website","url":"https:\/\/tdv.org\/tr-TR\/","name":"T\u00fcrkiye Diyanet Vakf\u0131 Resmi Web Sitesi","description":"Yery\u00fcz\u00fcnde iyilik egemen oluncaya kadar","publisher":{"@id":"https:\/\/tdv.org\/tr-TR\/#organization"},"alternateName":"T\u00fcrkiye Diyanet Vakf\u0131","potentialAction":[{"@type":"SearchAction","target":{"@type":"EntryPoint","urlTemplate":"https:\/\/tdv.org\/tr-TR\/?s={search_term_string}"},"query-input":{"@type":"PropertyValueSpecification","valueRequired":true,"valueName":"search_term_string"}}],"inLanguage":"tr"},{"@type":"Organization","@id":"https:\/\/tdv.org\/tr-TR\/#organization","name":"T\u00fcrkiye Diyanet Vakf\u0131","alternateName":"T\u00fcrkiye Diyanet Vakf\u0131","url":"https:\/\/tdv.org\/tr-TR\/","logo":{"@type":"ImageObject","inLanguage":"tr","@id":"https:\/\/tdv.org\/tr-TR\/#\/schema\/logo\/image\/","url":"https:\/\/tdv.org\/tr-TR\/wp-content\/uploads\/2018\/12\/TDV_Logo_1.png","contentUrl":"https:\/\/tdv.org\/tr-TR\/wp-content\/uploads\/2018\/12\/TDV_Logo_1.png","width":207,"height":71,"caption":"T\u00fcrkiye Diyanet Vakf\u0131"},"image":{"@id":"https:\/\/tdv.org\/tr-TR\/#\/schema\/logo\/image\/"},"sameAs":["https:\/\/www.facebook.com\/Diyanetvakfi\/","https:\/\/x.com\/DiyanetVakfi","https:\/\/www.instagram.com\/turkiyediyanetvakfi\/","https:\/\/www.youtube.com\/user\/TurkiyeDiyanetVakfi"]},{"@type":"Person","@id":"https:\/\/tdv.org\/tr-TR\/#\/schema\/person\/d82361fee30b9a18f022b00af48c5e54","name":"Feyzullah","image":{"@type":"ImageObject","inLanguage":"tr","@id":"https:\/\/tdv.org\/tr-TR\/wp-content\/litespeed\/avatar\/2976dc58d1ce98cb93380ae29394255a.jpg?ver=1776702134","url":"https:\/\/tdv.org\/tr-TR\/wp-content\/litespeed\/avatar\/2976dc58d1ce98cb93380ae29394255a.jpg?ver=1776702134","contentUrl":"https:\/\/tdv.org\/tr-TR\/wp-content\/litespeed\/avatar\/2976dc58d1ce98cb93380ae29394255a.jpg?ver=1776702134","caption":"Feyzullah"},"sameAs":["http:\/\/www.tdv.org"]}]}},"_links":{"self":[{"href":"https:\/\/tdv.org\/tr-TR\/wp-json\/wp\/v2\/posts\/23917","targetHints":{"allow":["GET"]}}],"collection":[{"href":"https:\/\/tdv.org\/tr-TR\/wp-json\/wp\/v2\/posts"}],"about":[{"href":"https:\/\/tdv.org\/tr-TR\/wp-json\/wp\/v2\/types\/post"}],"author":[{"embeddable":true,"href":"https:\/\/tdv.org\/tr-TR\/wp-json\/wp\/v2\/users\/4"}],"replies":[{"embeddable":true,"href":"https:\/\/tdv.org\/tr-TR\/wp-json\/wp\/v2\/comments?post=23917"}],"version-history":[{"count":2,"href":"https:\/\/tdv.org\/tr-TR\/wp-json\/wp\/v2\/posts\/23917\/revisions"}],"predecessor-version":[{"id":24134,"href":"https:\/\/tdv.org\/tr-TR\/wp-json\/wp\/v2\/posts\/23917\/revisions\/24134"}],"wp:featuredmedia":[{"embeddable":true,"href":"https:\/\/tdv.org\/tr-TR\/wp-json\/wp\/v2\/media\/23918"}],"wp:attachment":[{"href":"https:\/\/tdv.org\/tr-TR\/wp-json\/wp\/v2\/media?parent=23917"}],"wp:term":[{"taxonomy":"category","embeddable":true,"href":"https:\/\/tdv.org\/tr-TR\/wp-json\/wp\/v2\/categories?post=23917"},{"taxonomy":"post_tag","embeddable":true,"href":"https:\/\/tdv.org\/tr-TR\/wp-json\/wp\/v2\/tags?post=23917"}],"curies":[{"name":"wp","href":"https:\/\/api.w.org\/{rel}","templated":true}]}}