{"id":23980,"date":"2022-06-07T08:52:09","date_gmt":"2022-06-07T05:52:09","guid":{"rendered":"https:\/\/tdv.org\/tr-TR\/?p=23980"},"modified":"2022-12-08T10:57:56","modified_gmt":"2022-12-08T07:57:56","slug":"turkiyede-okumak-isteyen-iranli-ogrenciler-tahranda-sinav-heyecani-yasadi","status":"publish","type":"post","link":"https:\/\/tdv.org\/tr-TR\/turkiyede-okumak-isteyen-iranli-ogrenciler-tahranda-sinav-heyecani-yasadi\/","title":{"rendered":"T\u00fcrkiye&#8217;de okumak isteyen \u0130ranl\u0131 \u00f6\u011frenciler Tahran&#8217;da s\u0131nav heyecan\u0131 ya\u015fad\u0131"},"content":{"rendered":"<p style=\"text-align: justify;\">T\u00fcrkiye&#8217;de lise e\u011fitimi almak isteyen \u0130ranl\u0131 \u00f6\u011frenciler, T\u00fcrkiye Diyanet\u00a0Vakf\u0131\u00a0ve Milli E\u011fitim Bakanl\u0131\u011f\u0131n\u0131n (MEB) Tahran&#8217;da &#8220;uluslararas\u0131 \u00f6\u011frenci burslar\u0131&#8221; \u00e7er\u00e7evesinde d\u00fczenledi\u011fi Yabanc\u0131 \u00d6\u011frenci Se\u00e7me S\u0131nav\u0131&#8217;nda ter d\u00f6kt\u00fc.<\/p>\n<p style=\"text-align: justify;\">Tahran Yunus Emre Enstit\u00fcs\u00fc K\u00fclt\u00fcr Merkezinde bug\u00fcn ba\u015flayan ve iki g\u00fcn s\u00fcrmesi planlanan s\u0131nav, yaz\u0131l\u0131 ve s\u00f6zl\u00fc olmak \u00fczere iki a\u015famadan olu\u015fuyor.<\/p>\n<p style=\"text-align: justify;\">S\u0131nava kat\u0131labilmek amac\u0131yla \u0130ran&#8217;\u0131n \u00fccra b\u00f6lgelerinden Tahran&#8217;a gelen \u00e7ok say\u0131da \u00f6\u011frenci, T\u00fcrkiye&#8217;deki \u0130mam Hatip Liselerinde e\u011fitim alabilmek i\u00e7in yar\u0131\u015f\u0131yor.<\/p>\n<p style=\"text-align: justify;\"><strong>\u00a0\u0130ran&#8217;\u0131n en \u00fccra b\u00f6lgelerinden geldiler<\/strong><\/p>\n<p style=\"text-align: justify;\">S\u0131nava kat\u0131lan \u00f6\u011frencilerin velilerinden Abdulaziz Perniyanpur, yapt\u0131\u011f\u0131 a\u00e7\u0131klamada, bu s\u0131nav i\u00e7in Sistan-Belucistan eyaletinin \u0130ran\u015fehr kentinden Tahran&#8217;a geldiklerini s\u00f6yledi.<br \/>\nPerniyanpur, &#8220;\u00c7ocuklar\u0131m\u0131z\u0131n burs alabilmesi ve e\u011fitimlerini T\u00fcrkiye&#8217;de tamamlamas\u0131 i\u00e7in buraya geldik. \u00c7ocuklar\u0131m\u0131z y\u00fcksek tahsillerini yap\u0131p ba\u015far\u0131ya ula\u015fs\u0131nlar istiyoruz, onun i\u00e7in buraday\u0131z.&#8221; dedi.<\/p>\n<p style=\"text-align: justify;\">\u0130ranl\u0131 \u00f6\u011frenci Muhammed Ali ise T\u00fcrk\u00e7eyi izledi\u011fi filmlerden \u00f6\u011frendi\u011fini belirterek, &#8220;G\u00fclistan eyaletinin G\u00fcm\u00fc\u015f Tepe \u015fehrinden geldim. T\u00fcrkiye&#8217;de okumak istedi\u011fim i\u00e7in buraya geldim. T\u00fcrkiye&#8217;yi \u00e7ok seviyorum onun i\u00e7in burada s\u0131nava giriyorum.&#8221; diye konu\u015ftu.<\/p>\n<p style=\"text-align: justify;\">Bir di\u011fer \u00f6\u011frenci Muhammed Malik de s\u0131nava girebilmek i\u00e7in Sistan-Belucistan eyaletinin \u00c7abahar \u015fehrinden Tahran&#8217;a geldi\u011fini s\u00f6yledi.<\/p>\n<p style=\"text-align: justify;\">Alt\u0131 erkek, \u00fc\u00e7 k\u0131z olmak \u00fczere 9 karde\u015f olduklar\u0131n\u0131 aktaran Malik, 9. S\u0131n\u0131f \u00f6\u011frencisi oldu\u011funu, Kur&#8217;an-\u0131 Kerim&#8217;den 25 c\u00fcz ezberledi\u011fini ve ramazan ay\u0131nda imaml\u0131k yapt\u0131\u011f\u0131n\u0131 anlatt\u0131.<\/p>\n<p style=\"text-align: justify;\">S\u0131nav heyetinde yer alan Uluslararas\u0131 Pendik K\u0131z Anadolu \u0130mam Hatip Lisesi M\u00fcd\u00fcr\u00fc Bekir Akman, 100&#8217;\u00fcn \u00fczerinde \u00fclkeden \u00f6\u011frencilerin bu program dahilinde T\u00fcrkiye&#8217;de e\u011fitim ald\u0131\u011f\u0131n\u0131 belirtti.<\/p>\n<p style=\"text-align: justify;\">Akman, &#8220;\u015eu an bizim okulumuzda 60 \u00fclkeden 108 \u00f6\u011frencimiz var. Biz d\u00fcnyan\u0131n de\u011fi\u015fik yerlerinden gelen \u00f6\u011frencilerimize \u00f6nce iyi bir T\u00fcrk\u00e7e \u00f6\u011fretiyoruz. 9. s\u0131n\u0131f\u0131n ilk d\u00f6neminden itibaren T\u00fcrk\u00e7e konu\u015fmaya ba\u015fl\u0131yorlar.&#8221; dedi.<\/p>\n<p style=\"text-align: justify;\">Yabanc\u0131 \u00f6\u011frencilerin T\u00fcrk \u00f6\u011frenciler gibi \u0130mam Hatip okullar\u0131nda e\u011fitim almaya ba\u015flad\u0131\u011f\u0131n\u0131 kaydeden Akman, &#8220;Lise e\u011fitimi boyunca T\u00fcrklere verdi\u011fimiz e\u011fitimden farkl\u0131 bir e\u011fitim vermiyoruz. \u0130n\u015fallah e\u011fitim bittikten sonra \u00f6\u011frencilerimiz d\u00fcnyan\u0131n y\u00fczlerce \u00fclkesinde T\u00fcrkiye&#8217;nin g\u00f6n\u00fcl el\u00e7ileri olacaklar.&#8221; diye konu\u015ftu.<\/p>\n<p style=\"text-align: justify;\">T\u00fcrkiye\u00a0Diyanet\u00a0Vakf\u0131\u00a0E\u011fitim ve K\u00fclt\u00fcr Hizmetleri M\u00fcd\u00fcrl\u00fc\u011f\u00fc \u00d6\u011frenci \u0130\u015fleri Uzman\u0131 Murat \u00dcnal ise\u00a0Diyanet\u00a0burslar\u0131 kapsam\u0131nda \u00f6nceden ba\u015fvuru yapan \u00f6\u011frencilerin m\u00fclakatlar\u0131n\u0131 yapmak \u00fczere Tahran&#8217;a geldiklerini ifade etti.<\/p>\n<p style=\"text-align: justify;\">\u00dcnal, ba\u015fvurulardan memnun olduklar\u0131n\u0131 dile getirerek, &#8220;\u0130ran&#8217;da 85 \u00f6\u011frenci ba\u015fvuru yapt\u0131. M\u00fclakatlar\u0131m\u0131z \u015fimdi devam ediyor. \u015eu ana kadar gelen \u00f6\u011frencilerin istekleri ve ba\u015far\u0131 durumlar\u0131 gayet iyi.&#8221; dedi.<\/p>\n<p style=\"text-align: justify;\">Proje okullar\u0131na, \u00f6zellikle de s\u0131navla \u00f6\u011frenci alan proje okullar\u0131na nitelikli \u00f6\u011frencilerin al\u0131nmas\u0131 ve onlar\u0131n e\u011fitilmesi konusunda MEB ile i\u015f birli\u011fi yapt\u0131klar\u0131n\u0131 s\u00f6yleyen \u00dcnal, b\u00f6ylece \u00f6\u011frencilere T\u00fcrkiye&#8217;de e\u011fitim alma imkan\u0131 sunduklar\u0131n\u0131 aktard\u0131.<\/p>\n<p style=\"text-align: justify;\">\u00dcnal, \u00f6\u011frencilerin gittikleri okullarda d\u00fcnyan\u0131n farkl\u0131 b\u00f6lgelerinden gelen \u00f6\u011frencilerle etkile\u015fime girme f\u0131rsat\u0131 bulduklar\u0131n\u0131 ifade ederek, &#8220;\u00d6\u011frencilerimiz hem k\u00fclt\u00fcrel hem de e\u011fitim bilgisi olarak isti\u015fare neticesinde birbirlerinden faydalanabiliyorlar.&#8221; \u015feklinde konu\u015ftu.<\/p>\n<p style=\"text-align: justify;\">\u00d6\u011frencilerin \u0130mam Hatip Lisesi e\u011fitiminden sonra \u0130lahiyat Fak\u00fcltelerinde de e\u011fitim alabildi\u011fini s\u00f6yleyen \u00dcnal, &#8220;\u0130sterlerse \u015fu andan itibaren\u00a0Diyanet\u00a0burslar\u0131 kapsam\u0131nda lisans\u00fcst\u00fc e\u011fitimleri de ba\u015flad\u0131, niteliklerine g\u00f6re bu \u00f6\u011frencilerin e\u011fitim almalar\u0131n\u0131 sa\u011fl\u0131yoruz.&#8221; a\u00e7\u0131klamas\u0131nda bulundu.<\/p>\n\n\t\t<style type=\"text\/css\">\n\t\t\t#gallery-1 {\n\t\t\t\tmargin: auto;\n\t\t\t}\n\t\t\t#gallery-1 .gallery-item {\n\t\t\t\tfloat: left;\n\t\t\t\tmargin-top: 10px;\n\t\t\t\ttext-align: center;\n\t\t\t\twidth: 25%;\n\t\t\t}\n\t\t\t#gallery-1 img {\n\t\t\t\tborder: 2px solid #cfcfcf;\n\t\t\t}\n\t\t\t#gallery-1 .gallery-caption {\n\t\t\t\tmargin-left: 0;\n\t\t\t}\n\t\t\t\/* see gallery_shortcode() in wp-includes\/media.php *\/\n\t\t<\/style>\n\t\t<div id='gallery-1' class='gallery galleryid-23980 gallery-columns-4 gallery-size-thumbnail'><dl class='gallery-item'>\n\t\t\t<dt class='gallery-icon landscape'>\n\t\t\t\t<a href='https:\/\/tdv.org\/tr-TR\/wp-content\/uploads\/2022\/06\/AA-20220606-28088304-28088300-TURKIYEDE_OKUMAK_ISTEYEN_IRANLI_OGRENCILER_TAHRANDA_SINAV_HEYECANI_YASADI-Buyuk.jpg'><img decoding=\"async\" width=\"150\" height=\"150\" src=\"https:\/\/tdv.org\/tr-TR\/wp-content\/uploads\/2022\/06\/AA-20220606-28088304-28088300-TURKIYEDE_OKUMAK_ISTEYEN_IRANLI_OGRENCILER_TAHRANDA_SINAV_HEYECANI_YASADI-Buyuk-150x150.jpg\" class=\"attachment-thumbnail size-thumbnail\" alt=\"\" srcset=\"https:\/\/tdv.org\/tr-TR\/wp-content\/uploads\/2022\/06\/AA-20220606-28088304-28088300-TURKIYEDE_OKUMAK_ISTEYEN_IRANLI_OGRENCILER_TAHRANDA_SINAV_HEYECANI_YASADI-Buyuk-150x150.jpg 150w, https:\/\/tdv.org\/tr-TR\/wp-content\/uploads\/2022\/06\/AA-20220606-28088304-28088300-TURKIYEDE_OKUMAK_ISTEYEN_IRANLI_OGRENCILER_TAHRANDA_SINAV_HEYECANI_YASADI-Buyuk-100x100.jpg 100w, https:\/\/tdv.org\/tr-TR\/wp-content\/uploads\/2022\/06\/AA-20220606-28088304-28088300-TURKIYEDE_OKUMAK_ISTEYEN_IRANLI_OGRENCILER_TAHRANDA_SINAV_HEYECANI_YASADI-Buyuk-140x140.jpg 140w, https:\/\/tdv.org\/tr-TR\/wp-content\/uploads\/2022\/06\/AA-20220606-28088304-28088300-TURKIYEDE_OKUMAK_ISTEYEN_IRANLI_OGRENCILER_TAHRANDA_SINAV_HEYECANI_YASADI-Buyuk-500x500.jpg 500w, https:\/\/tdv.org\/tr-TR\/wp-content\/uploads\/2022\/06\/AA-20220606-28088304-28088300-TURKIYEDE_OKUMAK_ISTEYEN_IRANLI_OGRENCILER_TAHRANDA_SINAV_HEYECANI_YASADI-Buyuk-350x350.jpg 350w, https:\/\/tdv.org\/tr-TR\/wp-content\/uploads\/2022\/06\/AA-20220606-28088304-28088300-TURKIYEDE_OKUMAK_ISTEYEN_IRANLI_OGRENCILER_TAHRANDA_SINAV_HEYECANI_YASADI-Buyuk-1000x1000.jpg 1000w, https:\/\/tdv.org\/tr-TR\/wp-content\/uploads\/2022\/06\/AA-20220606-28088304-28088300-TURKIYEDE_OKUMAK_ISTEYEN_IRANLI_OGRENCILER_TAHRANDA_SINAV_HEYECANI_YASADI-Buyuk-800x800.jpg 800w\" sizes=\"(max-width: 150px) 100vw, 150px\" \/><\/a>\n\t\t\t<\/dt><\/dl><dl class='gallery-item'>\n\t\t\t<dt class='gallery-icon landscape'>\n\t\t\t\t<a href='https:\/\/tdv.org\/tr-TR\/wp-content\/uploads\/2022\/06\/AA-20220606-28088304-28088301-TURKIYEDE_OKUMAK_ISTEYEN_IRANLI_OGRENCILER_TAHRANDA_SINAV_HEYECANI_YASADI-Buyuk.jpg'><img decoding=\"async\" width=\"150\" height=\"150\" src=\"https:\/\/tdv.org\/tr-TR\/wp-content\/uploads\/2022\/06\/AA-20220606-28088304-28088301-TURKIYEDE_OKUMAK_ISTEYEN_IRANLI_OGRENCILER_TAHRANDA_SINAV_HEYECANI_YASADI-Buyuk-150x150.jpg\" class=\"attachment-thumbnail size-thumbnail\" alt=\"\" srcset=\"https:\/\/tdv.org\/tr-TR\/wp-content\/uploads\/2022\/06\/AA-20220606-28088304-28088301-TURKIYEDE_OKUMAK_ISTEYEN_IRANLI_OGRENCILER_TAHRANDA_SINAV_HEYECANI_YASADI-Buyuk-150x150.jpg 150w, https:\/\/tdv.org\/tr-TR\/wp-content\/uploads\/2022\/06\/AA-20220606-28088304-28088301-TURKIYEDE_OKUMAK_ISTEYEN_IRANLI_OGRENCILER_TAHRANDA_SINAV_HEYECANI_YASADI-Buyuk-100x100.jpg 100w, https:\/\/tdv.org\/tr-TR\/wp-content\/uploads\/2022\/06\/AA-20220606-28088304-28088301-TURKIYEDE_OKUMAK_ISTEYEN_IRANLI_OGRENCILER_TAHRANDA_SINAV_HEYECANI_YASADI-Buyuk-140x140.jpg 140w, https:\/\/tdv.org\/tr-TR\/wp-content\/uploads\/2022\/06\/AA-20220606-28088304-28088301-TURKIYEDE_OKUMAK_ISTEYEN_IRANLI_OGRENCILER_TAHRANDA_SINAV_HEYECANI_YASADI-Buyuk-500x500.jpg 500w, https:\/\/tdv.org\/tr-TR\/wp-content\/uploads\/2022\/06\/AA-20220606-28088304-28088301-TURKIYEDE_OKUMAK_ISTEYEN_IRANLI_OGRENCILER_TAHRANDA_SINAV_HEYECANI_YASADI-Buyuk-350x350.jpg 350w, https:\/\/tdv.org\/tr-TR\/wp-content\/uploads\/2022\/06\/AA-20220606-28088304-28088301-TURKIYEDE_OKUMAK_ISTEYEN_IRANLI_OGRENCILER_TAHRANDA_SINAV_HEYECANI_YASADI-Buyuk-1000x1000.jpg 1000w, https:\/\/tdv.org\/tr-TR\/wp-content\/uploads\/2022\/06\/AA-20220606-28088304-28088301-TURKIYEDE_OKUMAK_ISTEYEN_IRANLI_OGRENCILER_TAHRANDA_SINAV_HEYECANI_YASADI-Buyuk-800x800.jpg 800w\" sizes=\"(max-width: 150px) 100vw, 150px\" \/><\/a>\n\t\t\t<\/dt><\/dl><dl class='gallery-item'>\n\t\t\t<dt class='gallery-icon landscape'>\n\t\t\t\t<a href='https:\/\/tdv.org\/tr-TR\/wp-content\/uploads\/2022\/06\/AA-20220606-28088304-28088302-TURKIYEDE_OKUMAK_ISTEYEN_IRANLI_OGRENCILER_TAHRANDA_SINAV_HEYECANI_YASADI-Buyuk.jpg'><img decoding=\"async\" width=\"150\" height=\"150\" src=\"https:\/\/tdv.org\/tr-TR\/wp-content\/uploads\/2022\/06\/AA-20220606-28088304-28088302-TURKIYEDE_OKUMAK_ISTEYEN_IRANLI_OGRENCILER_TAHRANDA_SINAV_HEYECANI_YASADI-Buyuk-150x150.jpg\" class=\"attachment-thumbnail size-thumbnail\" alt=\"\" srcset=\"https:\/\/tdv.org\/tr-TR\/wp-content\/uploads\/2022\/06\/AA-20220606-28088304-28088302-TURKIYEDE_OKUMAK_ISTEYEN_IRANLI_OGRENCILER_TAHRANDA_SINAV_HEYECANI_YASADI-Buyuk-150x150.jpg 150w, https:\/\/tdv.org\/tr-TR\/wp-content\/uploads\/2022\/06\/AA-20220606-28088304-28088302-TURKIYEDE_OKUMAK_ISTEYEN_IRANLI_OGRENCILER_TAHRANDA_SINAV_HEYECANI_YASADI-Buyuk-100x100.jpg 100w, https:\/\/tdv.org\/tr-TR\/wp-content\/uploads\/2022\/06\/AA-20220606-28088304-28088302-TURKIYEDE_OKUMAK_ISTEYEN_IRANLI_OGRENCILER_TAHRANDA_SINAV_HEYECANI_YASADI-Buyuk-140x140.jpg 140w, https:\/\/tdv.org\/tr-TR\/wp-content\/uploads\/2022\/06\/AA-20220606-28088304-28088302-TURKIYEDE_OKUMAK_ISTEYEN_IRANLI_OGRENCILER_TAHRANDA_SINAV_HEYECANI_YASADI-Buyuk-500x500.jpg 500w, https:\/\/tdv.org\/tr-TR\/wp-content\/uploads\/2022\/06\/AA-20220606-28088304-28088302-TURKIYEDE_OKUMAK_ISTEYEN_IRANLI_OGRENCILER_TAHRANDA_SINAV_HEYECANI_YASADI-Buyuk-350x350.jpg 350w, https:\/\/tdv.org\/tr-TR\/wp-content\/uploads\/2022\/06\/AA-20220606-28088304-28088302-TURKIYEDE_OKUMAK_ISTEYEN_IRANLI_OGRENCILER_TAHRANDA_SINAV_HEYECANI_YASADI-Buyuk-1000x1000.jpg 1000w, https:\/\/tdv.org\/tr-TR\/wp-content\/uploads\/2022\/06\/AA-20220606-28088304-28088302-TURKIYEDE_OKUMAK_ISTEYEN_IRANLI_OGRENCILER_TAHRANDA_SINAV_HEYECANI_YASADI-Buyuk-800x800.jpg 800w\" sizes=\"(max-width: 150px) 100vw, 150px\" \/><\/a>\n\t\t\t<\/dt><\/dl><dl class='gallery-item'>\n\t\t\t<dt class='gallery-icon landscape'>\n\t\t\t\t<a href='https:\/\/tdv.org\/tr-TR\/wp-content\/uploads\/2022\/06\/AA-20220606-28088304-28088303-TURKIYEDE_OKUMAK_ISTEYEN_IRANLI_OGRENCILER_TAHRANDA_SINAV_HEYECANI_YASADI-Buyuk.jpg'><img decoding=\"async\" width=\"150\" height=\"150\" src=\"https:\/\/tdv.org\/tr-TR\/wp-content\/uploads\/2022\/06\/AA-20220606-28088304-28088303-TURKIYEDE_OKUMAK_ISTEYEN_IRANLI_OGRENCILER_TAHRANDA_SINAV_HEYECANI_YASADI-Buyuk-150x150.jpg\" class=\"attachment-thumbnail size-thumbnail\" alt=\"\" srcset=\"https:\/\/tdv.org\/tr-TR\/wp-content\/uploads\/2022\/06\/AA-20220606-28088304-28088303-TURKIYEDE_OKUMAK_ISTEYEN_IRANLI_OGRENCILER_TAHRANDA_SINAV_HEYECANI_YASADI-Buyuk-150x150.jpg 150w, https:\/\/tdv.org\/tr-TR\/wp-content\/uploads\/2022\/06\/AA-20220606-28088304-28088303-TURKIYEDE_OKUMAK_ISTEYEN_IRANLI_OGRENCILER_TAHRANDA_SINAV_HEYECANI_YASADI-Buyuk-100x100.jpg 100w, https:\/\/tdv.org\/tr-TR\/wp-content\/uploads\/2022\/06\/AA-20220606-28088304-28088303-TURKIYEDE_OKUMAK_ISTEYEN_IRANLI_OGRENCILER_TAHRANDA_SINAV_HEYECANI_YASADI-Buyuk-140x140.jpg 140w, https:\/\/tdv.org\/tr-TR\/wp-content\/uploads\/2022\/06\/AA-20220606-28088304-28088303-TURKIYEDE_OKUMAK_ISTEYEN_IRANLI_OGRENCILER_TAHRANDA_SINAV_HEYECANI_YASADI-Buyuk-500x500.jpg 500w, https:\/\/tdv.org\/tr-TR\/wp-content\/uploads\/2022\/06\/AA-20220606-28088304-28088303-TURKIYEDE_OKUMAK_ISTEYEN_IRANLI_OGRENCILER_TAHRANDA_SINAV_HEYECANI_YASADI-Buyuk-350x350.jpg 350w, https:\/\/tdv.org\/tr-TR\/wp-content\/uploads\/2022\/06\/AA-20220606-28088304-28088303-TURKIYEDE_OKUMAK_ISTEYEN_IRANLI_OGRENCILER_TAHRANDA_SINAV_HEYECANI_YASADI-Buyuk-1000x1000.jpg 1000w, https:\/\/tdv.org\/tr-TR\/wp-content\/uploads\/2022\/06\/AA-20220606-28088304-28088303-TURKIYEDE_OKUMAK_ISTEYEN_IRANLI_OGRENCILER_TAHRANDA_SINAV_HEYECANI_YASADI-Buyuk-800x800.jpg 800w\" sizes=\"(max-width: 150px) 100vw, 150px\" \/><\/a>\n\t\t\t<\/dt><\/dl><br style=\"clear: both\" \/>\n\t\t<\/div>\n\n","protected":false},"excerpt":{"rendered":"<p>T\u00fcrkiye&#8217;de lise e\u011fitimi almak isteyen \u0130ranl\u0131 \u00f6\u011frenciler, T\u00fcrkiye Diyanet\u00a0Vakf\u0131\u00a0ve Milli E\u011fitim Bakanl\u0131\u011f\u0131n\u0131n (MEB) Tahran&#8217;da &#8220;uluslararas\u0131 \u00f6\u011frenci burslar\u0131&#8221; \u00e7er\u00e7evesinde d\u00fczenledi\u011fi Yabanc\u0131 \u00d6\u011frenci Se\u00e7me S\u0131nav\u0131&#8217;nda ter d\u00f6kt\u00fc. Tahran Yunus Emre Enstit\u00fcs\u00fc K\u00fclt\u00fcr&#8230;<\/p>\n","protected":false},"author":4,"featured_media":23983,"comment_status":"open","ping_status":"closed","sticky":false,"template":"","format":"standard","meta":{"footnotes":""},"categories":[1],"tags":[1851],"class_list":{"0":"post-23980","1":"post","2":"type-post","3":"status-publish","4":"format-standard","5":"has-post-thumbnail","7":"category-haberler","8":"tag-tahran-mulakat-egitim-burs"},"yoast_head":"<!-- This site is optimized with the Yoast SEO plugin v27.5 - https:\/\/yoast.com\/product\/yoast-seo-wordpress\/ -->\n<title>T\u00fcrkiye&#039;de okumak isteyen \u0130ranl\u0131 \u00f6\u011frenciler Tahran&#039;da s\u0131nav heyecan\u0131 ya\u015fad\u0131<\/title>\n<meta name=\"description\" content=\"T\u00fcrkiye&#039;de lise e\u011fitimi almak isteyen \u0130ranl\u0131 \u00f6\u011frenciler, T\u00fcrkiye Diyanet\u00a0Vakf\u0131\u00a0ve Milli E\u011fitim Bakanl\u0131\u011f\u0131n\u0131n (MEB) Tahran&#039;da &quot;uluslararas\u0131 \u00f6\u011frenci burslar\u0131&quot; \u00e7er\u00e7evesinde d\u00fczenledi\u011fi Yabanc\u0131 \u00d6\u011frenci Se\u00e7me S\u0131nav\u0131&#039;nda ter d\u00f6kt\u00fc.\" \/>\n<meta name=\"robots\" content=\"index, follow, max-snippet:-1, max-image-preview:large, max-video-preview:-1\" \/>\n<link rel=\"canonical\" href=\"https:\/\/tdv.org\/tr-TR\/turkiyede-okumak-isteyen-iranli-ogrenciler-tahranda-sinav-heyecani-yasadi\/\" \/>\n<meta property=\"og:locale\" content=\"tr_TR\" \/>\n<meta property=\"og:type\" content=\"article\" \/>\n<meta property=\"og:title\" content=\"T\u00fcrkiye&#039;de okumak isteyen \u0130ranl\u0131 \u00f6\u011frenciler Tahran&#039;da s\u0131nav heyecan\u0131 ya\u015fad\u0131\" \/>\n<meta property=\"og:description\" content=\"T\u00fcrkiye&#039;de lise e\u011fitimi almak isteyen \u0130ranl\u0131 \u00f6\u011frenciler, T\u00fcrkiye Diyanet\u00a0Vakf\u0131\u00a0ve Milli E\u011fitim Bakanl\u0131\u011f\u0131n\u0131n (MEB) Tahran&#039;da &quot;uluslararas\u0131 \u00f6\u011frenci burslar\u0131&quot; \u00e7er\u00e7evesinde d\u00fczenledi\u011fi Yabanc\u0131 \u00d6\u011frenci Se\u00e7me S\u0131nav\u0131&#039;nda ter d\u00f6kt\u00fc.\" \/>\n<meta property=\"og:url\" content=\"https:\/\/tdv.org\/tr-TR\/turkiyede-okumak-isteyen-iranli-ogrenciler-tahranda-sinav-heyecani-yasadi\/\" \/>\n<meta property=\"og:site_name\" content=\"T\u00fcrkiye Diyanet Vakf\u0131 Resmi Web Sitesi\" \/>\n<meta property=\"article:publisher\" content=\"https:\/\/www.facebook.com\/Diyanetvakfi\/\" \/>\n<meta property=\"article:published_time\" content=\"2022-06-07T05:52:09+00:00\" \/>\n<meta property=\"article:modified_time\" content=\"2022-12-08T07:57:56+00:00\" \/>\n<meta property=\"og:image\" content=\"https:\/\/tdv.org\/tr-TR\/wp-content\/uploads\/2022\/06\/AA-20220606-28088304-28088301-TURKIYEDE_OKUMAK_ISTEYEN_IRANLI_OGRENCILER_TAHRANDA_SINAV_HEYECANI_YASADI-Buyuk.jpg\" \/>\n\t<meta property=\"og:image:width\" content=\"1440\" \/>\n\t<meta property=\"og:image:height\" content=\"1080\" \/>\n\t<meta property=\"og:image:type\" content=\"image\/jpeg\" \/>\n<meta name=\"author\" content=\"Feyzullah\" \/>\n<meta name=\"twitter:card\" content=\"summary_large_image\" \/>\n<meta name=\"twitter:creator\" content=\"@DiyanetVakfi\" \/>\n<meta name=\"twitter:site\" content=\"@DiyanetVakfi\" \/>\n<script type=\"application\/ld+json\" class=\"yoast-schema-graph\">{\"@context\":\"https:\\\/\\\/schema.org\",\"@graph\":[{\"@type\":\"Article\",\"@id\":\"https:\\\/\\\/tdv.org\\\/tr-TR\\\/turkiyede-okumak-isteyen-iranli-ogrenciler-tahranda-sinav-heyecani-yasadi\\\/#article\",\"isPartOf\":{\"@id\":\"https:\\\/\\\/tdv.org\\\/tr-TR\\\/turkiyede-okumak-isteyen-iranli-ogrenciler-tahranda-sinav-heyecani-yasadi\\\/\"},\"author\":{\"name\":\"Feyzullah\",\"@id\":\"https:\\\/\\\/tdv.org\\\/tr-TR\\\/#\\\/schema\\\/person\\\/d82361fee30b9a18f022b00af48c5e54\"},\"headline\":\"T\u00fcrkiye&#8217;de okumak isteyen \u0130ranl\u0131 \u00f6\u011frenciler Tahran&#8217;da s\u0131nav heyecan\u0131 ya\u015fad\u0131\",\"datePublished\":\"2022-06-07T05:52:09+00:00\",\"dateModified\":\"2022-12-08T07:57:56+00:00\",\"mainEntityOfPage\":{\"@id\":\"https:\\\/\\\/tdv.org\\\/tr-TR\\\/turkiyede-okumak-isteyen-iranli-ogrenciler-tahranda-sinav-heyecani-yasadi\\\/\"},\"wordCount\":642,\"commentCount\":0,\"publisher\":{\"@id\":\"https:\\\/\\\/tdv.org\\\/tr-TR\\\/#organization\"},\"image\":{\"@id\":\"https:\\\/\\\/tdv.org\\\/tr-TR\\\/turkiyede-okumak-isteyen-iranli-ogrenciler-tahranda-sinav-heyecani-yasadi\\\/#primaryimage\"},\"thumbnailUrl\":\"https:\\\/\\\/tdv.org\\\/tr-TR\\\/wp-content\\\/uploads\\\/2022\\\/06\\\/AA-20220606-28088304-28088301-TURKIYEDE_OKUMAK_ISTEYEN_IRANLI_OGRENCILER_TAHRANDA_SINAV_HEYECANI_YASADI-Buyuk.jpg\",\"keywords\":[\"Tahran; M\u00fclakat; E\u011fitim; Burs\"],\"articleSection\":[\"Haberler\"],\"inLanguage\":\"tr\",\"potentialAction\":[{\"@type\":\"CommentAction\",\"name\":\"Comment\",\"target\":[\"https:\\\/\\\/tdv.org\\\/tr-TR\\\/turkiyede-okumak-isteyen-iranli-ogrenciler-tahranda-sinav-heyecani-yasadi\\\/#respond\"]}]},{\"@type\":\"WebPage\",\"@id\":\"https:\\\/\\\/tdv.org\\\/tr-TR\\\/turkiyede-okumak-isteyen-iranli-ogrenciler-tahranda-sinav-heyecani-yasadi\\\/\",\"url\":\"https:\\\/\\\/tdv.org\\\/tr-TR\\\/turkiyede-okumak-isteyen-iranli-ogrenciler-tahranda-sinav-heyecani-yasadi\\\/\",\"name\":\"T\u00fcrkiye'de okumak isteyen \u0130ranl\u0131 \u00f6\u011frenciler Tahran'da s\u0131nav heyecan\u0131 ya\u015fad\u0131\",\"isPartOf\":{\"@id\":\"https:\\\/\\\/tdv.org\\\/tr-TR\\\/#website\"},\"primaryImageOfPage\":{\"@id\":\"https:\\\/\\\/tdv.org\\\/tr-TR\\\/turkiyede-okumak-isteyen-iranli-ogrenciler-tahranda-sinav-heyecani-yasadi\\\/#primaryimage\"},\"image\":{\"@id\":\"https:\\\/\\\/tdv.org\\\/tr-TR\\\/turkiyede-okumak-isteyen-iranli-ogrenciler-tahranda-sinav-heyecani-yasadi\\\/#primaryimage\"},\"thumbnailUrl\":\"https:\\\/\\\/tdv.org\\\/tr-TR\\\/wp-content\\\/uploads\\\/2022\\\/06\\\/AA-20220606-28088304-28088301-TURKIYEDE_OKUMAK_ISTEYEN_IRANLI_OGRENCILER_TAHRANDA_SINAV_HEYECANI_YASADI-Buyuk.jpg\",\"datePublished\":\"2022-06-07T05:52:09+00:00\",\"dateModified\":\"2022-12-08T07:57:56+00:00\",\"description\":\"T\u00fcrkiye'de lise e\u011fitimi almak isteyen \u0130ranl\u0131 \u00f6\u011frenciler, T\u00fcrkiye Diyanet\u00a0Vakf\u0131\u00a0ve Milli E\u011fitim Bakanl\u0131\u011f\u0131n\u0131n (MEB) Tahran'da \\\"uluslararas\u0131 \u00f6\u011frenci burslar\u0131\\\" \u00e7er\u00e7evesinde d\u00fczenledi\u011fi Yabanc\u0131 \u00d6\u011frenci Se\u00e7me S\u0131nav\u0131'nda ter d\u00f6kt\u00fc.\",\"breadcrumb\":{\"@id\":\"https:\\\/\\\/tdv.org\\\/tr-TR\\\/turkiyede-okumak-isteyen-iranli-ogrenciler-tahranda-sinav-heyecani-yasadi\\\/#breadcrumb\"},\"inLanguage\":\"tr\",\"potentialAction\":[{\"@type\":\"ReadAction\",\"target\":[\"https:\\\/\\\/tdv.org\\\/tr-TR\\\/turkiyede-okumak-isteyen-iranli-ogrenciler-tahranda-sinav-heyecani-yasadi\\\/\"]}]},{\"@type\":\"ImageObject\",\"inLanguage\":\"tr\",\"@id\":\"https:\\\/\\\/tdv.org\\\/tr-TR\\\/turkiyede-okumak-isteyen-iranli-ogrenciler-tahranda-sinav-heyecani-yasadi\\\/#primaryimage\",\"url\":\"https:\\\/\\\/tdv.org\\\/tr-TR\\\/wp-content\\\/uploads\\\/2022\\\/06\\\/AA-20220606-28088304-28088301-TURKIYEDE_OKUMAK_ISTEYEN_IRANLI_OGRENCILER_TAHRANDA_SINAV_HEYECANI_YASADI-Buyuk.jpg\",\"contentUrl\":\"https:\\\/\\\/tdv.org\\\/tr-TR\\\/wp-content\\\/uploads\\\/2022\\\/06\\\/AA-20220606-28088304-28088301-TURKIYEDE_OKUMAK_ISTEYEN_IRANLI_OGRENCILER_TAHRANDA_SINAV_HEYECANI_YASADI-Buyuk.jpg\",\"width\":1440,\"height\":1080},{\"@type\":\"BreadcrumbList\",\"@id\":\"https:\\\/\\\/tdv.org\\\/tr-TR\\\/turkiyede-okumak-isteyen-iranli-ogrenciler-tahranda-sinav-heyecani-yasadi\\\/#breadcrumb\",\"itemListElement\":[{\"@type\":\"ListItem\",\"position\":1,\"name\":\"Anasayfa\",\"item\":\"https:\\\/\\\/tdv.org\\\/tr-TR\\\/\"},{\"@type\":\"ListItem\",\"position\":2,\"name\":\"T\u00fcrkiye&#8217;de okumak isteyen \u0130ranl\u0131 \u00f6\u011frenciler Tahran&#8217;da s\u0131nav heyecan\u0131 ya\u015fad\u0131\"}]},{\"@type\":\"WebSite\",\"@id\":\"https:\\\/\\\/tdv.org\\\/tr-TR\\\/#website\",\"url\":\"https:\\\/\\\/tdv.org\\\/tr-TR\\\/\",\"name\":\"T\u00fcrkiye Diyanet Vakf\u0131 Resmi Web Sitesi\",\"description\":\"Yery\u00fcz\u00fcnde iyilik egemen oluncaya kadar\",\"publisher\":{\"@id\":\"https:\\\/\\\/tdv.org\\\/tr-TR\\\/#organization\"},\"alternateName\":\"T\u00fcrkiye Diyanet Vakf\u0131\",\"potentialAction\":[{\"@type\":\"SearchAction\",\"target\":{\"@type\":\"EntryPoint\",\"urlTemplate\":\"https:\\\/\\\/tdv.org\\\/tr-TR\\\/?s={search_term_string}\"},\"query-input\":{\"@type\":\"PropertyValueSpecification\",\"valueRequired\":true,\"valueName\":\"search_term_string\"}}],\"inLanguage\":\"tr\"},{\"@type\":\"Organization\",\"@id\":\"https:\\\/\\\/tdv.org\\\/tr-TR\\\/#organization\",\"name\":\"T\u00fcrkiye Diyanet Vakf\u0131\",\"alternateName\":\"T\u00fcrkiye Diyanet Vakf\u0131\",\"url\":\"https:\\\/\\\/tdv.org\\\/tr-TR\\\/\",\"logo\":{\"@type\":\"ImageObject\",\"inLanguage\":\"tr\",\"@id\":\"https:\\\/\\\/tdv.org\\\/tr-TR\\\/#\\\/schema\\\/logo\\\/image\\\/\",\"url\":\"https:\\\/\\\/tdv.org\\\/tr-TR\\\/wp-content\\\/uploads\\\/2018\\\/12\\\/TDV_Logo_1.png\",\"contentUrl\":\"https:\\\/\\\/tdv.org\\\/tr-TR\\\/wp-content\\\/uploads\\\/2018\\\/12\\\/TDV_Logo_1.png\",\"width\":207,\"height\":71,\"caption\":\"T\u00fcrkiye Diyanet Vakf\u0131\"},\"image\":{\"@id\":\"https:\\\/\\\/tdv.org\\\/tr-TR\\\/#\\\/schema\\\/logo\\\/image\\\/\"},\"sameAs\":[\"https:\\\/\\\/www.facebook.com\\\/Diyanetvakfi\\\/\",\"https:\\\/\\\/x.com\\\/DiyanetVakfi\",\"https:\\\/\\\/www.instagram.com\\\/turkiyediyanetvakfi\\\/\",\"https:\\\/\\\/www.youtube.com\\\/user\\\/TurkiyeDiyanetVakfi\"]},{\"@type\":\"Person\",\"@id\":\"https:\\\/\\\/tdv.org\\\/tr-TR\\\/#\\\/schema\\\/person\\\/d82361fee30b9a18f022b00af48c5e54\",\"name\":\"Feyzullah\",\"image\":{\"@type\":\"ImageObject\",\"inLanguage\":\"tr\",\"@id\":\"https:\\\/\\\/tdv.org\\\/tr-TR\\\/wp-content\\\/litespeed\\\/avatar\\\/2976dc58d1ce98cb93380ae29394255a.jpg?ver=1777306938\",\"url\":\"https:\\\/\\\/tdv.org\\\/tr-TR\\\/wp-content\\\/litespeed\\\/avatar\\\/2976dc58d1ce98cb93380ae29394255a.jpg?ver=1777306938\",\"contentUrl\":\"https:\\\/\\\/tdv.org\\\/tr-TR\\\/wp-content\\\/litespeed\\\/avatar\\\/2976dc58d1ce98cb93380ae29394255a.jpg?ver=1777306938\",\"caption\":\"Feyzullah\"},\"sameAs\":[\"http:\\\/\\\/www.tdv.org\"]}]}<\/script>\n<!-- \/ Yoast SEO plugin. -->","yoast_head_json":{"title":"T\u00fcrkiye'de okumak isteyen \u0130ranl\u0131 \u00f6\u011frenciler Tahran'da s\u0131nav heyecan\u0131 ya\u015fad\u0131","description":"T\u00fcrkiye'de lise e\u011fitimi almak isteyen \u0130ranl\u0131 \u00f6\u011frenciler, T\u00fcrkiye Diyanet\u00a0Vakf\u0131\u00a0ve Milli E\u011fitim Bakanl\u0131\u011f\u0131n\u0131n (MEB) Tahran'da \"uluslararas\u0131 \u00f6\u011frenci burslar\u0131\" \u00e7er\u00e7evesinde d\u00fczenledi\u011fi Yabanc\u0131 \u00d6\u011frenci Se\u00e7me S\u0131nav\u0131'nda ter d\u00f6kt\u00fc.","robots":{"index":"index","follow":"follow","max-snippet":"max-snippet:-1","max-image-preview":"max-image-preview:large","max-video-preview":"max-video-preview:-1"},"canonical":"https:\/\/tdv.org\/tr-TR\/turkiyede-okumak-isteyen-iranli-ogrenciler-tahranda-sinav-heyecani-yasadi\/","og_locale":"tr_TR","og_type":"article","og_title":"T\u00fcrkiye'de okumak isteyen \u0130ranl\u0131 \u00f6\u011frenciler Tahran'da s\u0131nav heyecan\u0131 ya\u015fad\u0131","og_description":"T\u00fcrkiye'de lise e\u011fitimi almak isteyen \u0130ranl\u0131 \u00f6\u011frenciler, T\u00fcrkiye Diyanet\u00a0Vakf\u0131\u00a0ve Milli E\u011fitim Bakanl\u0131\u011f\u0131n\u0131n (MEB) Tahran'da \"uluslararas\u0131 \u00f6\u011frenci burslar\u0131\" \u00e7er\u00e7evesinde d\u00fczenledi\u011fi Yabanc\u0131 \u00d6\u011frenci Se\u00e7me S\u0131nav\u0131'nda ter d\u00f6kt\u00fc.","og_url":"https:\/\/tdv.org\/tr-TR\/turkiyede-okumak-isteyen-iranli-ogrenciler-tahranda-sinav-heyecani-yasadi\/","og_site_name":"T\u00fcrkiye Diyanet Vakf\u0131 Resmi Web Sitesi","article_publisher":"https:\/\/www.facebook.com\/Diyanetvakfi\/","article_published_time":"2022-06-07T05:52:09+00:00","article_modified_time":"2022-12-08T07:57:56+00:00","og_image":[{"width":1440,"height":1080,"url":"https:\/\/tdv.org\/tr-TR\/wp-content\/uploads\/2022\/06\/AA-20220606-28088304-28088301-TURKIYEDE_OKUMAK_ISTEYEN_IRANLI_OGRENCILER_TAHRANDA_SINAV_HEYECANI_YASADI-Buyuk.jpg","type":"image\/jpeg"}],"author":"Feyzullah","twitter_card":"summary_large_image","twitter_creator":"@DiyanetVakfi","twitter_site":"@DiyanetVakfi","schema":{"@context":"https:\/\/schema.org","@graph":[{"@type":"Article","@id":"https:\/\/tdv.org\/tr-TR\/turkiyede-okumak-isteyen-iranli-ogrenciler-tahranda-sinav-heyecani-yasadi\/#article","isPartOf":{"@id":"https:\/\/tdv.org\/tr-TR\/turkiyede-okumak-isteyen-iranli-ogrenciler-tahranda-sinav-heyecani-yasadi\/"},"author":{"name":"Feyzullah","@id":"https:\/\/tdv.org\/tr-TR\/#\/schema\/person\/d82361fee30b9a18f022b00af48c5e54"},"headline":"T\u00fcrkiye&#8217;de okumak isteyen \u0130ranl\u0131 \u00f6\u011frenciler Tahran&#8217;da s\u0131nav heyecan\u0131 ya\u015fad\u0131","datePublished":"2022-06-07T05:52:09+00:00","dateModified":"2022-12-08T07:57:56+00:00","mainEntityOfPage":{"@id":"https:\/\/tdv.org\/tr-TR\/turkiyede-okumak-isteyen-iranli-ogrenciler-tahranda-sinav-heyecani-yasadi\/"},"wordCount":642,"commentCount":0,"publisher":{"@id":"https:\/\/tdv.org\/tr-TR\/#organization"},"image":{"@id":"https:\/\/tdv.org\/tr-TR\/turkiyede-okumak-isteyen-iranli-ogrenciler-tahranda-sinav-heyecani-yasadi\/#primaryimage"},"thumbnailUrl":"https:\/\/tdv.org\/tr-TR\/wp-content\/uploads\/2022\/06\/AA-20220606-28088304-28088301-TURKIYEDE_OKUMAK_ISTEYEN_IRANLI_OGRENCILER_TAHRANDA_SINAV_HEYECANI_YASADI-Buyuk.jpg","keywords":["Tahran; M\u00fclakat; E\u011fitim; Burs"],"articleSection":["Haberler"],"inLanguage":"tr","potentialAction":[{"@type":"CommentAction","name":"Comment","target":["https:\/\/tdv.org\/tr-TR\/turkiyede-okumak-isteyen-iranli-ogrenciler-tahranda-sinav-heyecani-yasadi\/#respond"]}]},{"@type":"WebPage","@id":"https:\/\/tdv.org\/tr-TR\/turkiyede-okumak-isteyen-iranli-ogrenciler-tahranda-sinav-heyecani-yasadi\/","url":"https:\/\/tdv.org\/tr-TR\/turkiyede-okumak-isteyen-iranli-ogrenciler-tahranda-sinav-heyecani-yasadi\/","name":"T\u00fcrkiye'de okumak isteyen \u0130ranl\u0131 \u00f6\u011frenciler Tahran'da s\u0131nav heyecan\u0131 ya\u015fad\u0131","isPartOf":{"@id":"https:\/\/tdv.org\/tr-TR\/#website"},"primaryImageOfPage":{"@id":"https:\/\/tdv.org\/tr-TR\/turkiyede-okumak-isteyen-iranli-ogrenciler-tahranda-sinav-heyecani-yasadi\/#primaryimage"},"image":{"@id":"https:\/\/tdv.org\/tr-TR\/turkiyede-okumak-isteyen-iranli-ogrenciler-tahranda-sinav-heyecani-yasadi\/#primaryimage"},"thumbnailUrl":"https:\/\/tdv.org\/tr-TR\/wp-content\/uploads\/2022\/06\/AA-20220606-28088304-28088301-TURKIYEDE_OKUMAK_ISTEYEN_IRANLI_OGRENCILER_TAHRANDA_SINAV_HEYECANI_YASADI-Buyuk.jpg","datePublished":"2022-06-07T05:52:09+00:00","dateModified":"2022-12-08T07:57:56+00:00","description":"T\u00fcrkiye'de lise e\u011fitimi almak isteyen \u0130ranl\u0131 \u00f6\u011frenciler, T\u00fcrkiye Diyanet\u00a0Vakf\u0131\u00a0ve Milli E\u011fitim Bakanl\u0131\u011f\u0131n\u0131n (MEB) Tahran'da \"uluslararas\u0131 \u00f6\u011frenci burslar\u0131\" \u00e7er\u00e7evesinde d\u00fczenledi\u011fi Yabanc\u0131 \u00d6\u011frenci Se\u00e7me S\u0131nav\u0131'nda ter d\u00f6kt\u00fc.","breadcrumb":{"@id":"https:\/\/tdv.org\/tr-TR\/turkiyede-okumak-isteyen-iranli-ogrenciler-tahranda-sinav-heyecani-yasadi\/#breadcrumb"},"inLanguage":"tr","potentialAction":[{"@type":"ReadAction","target":["https:\/\/tdv.org\/tr-TR\/turkiyede-okumak-isteyen-iranli-ogrenciler-tahranda-sinav-heyecani-yasadi\/"]}]},{"@type":"ImageObject","inLanguage":"tr","@id":"https:\/\/tdv.org\/tr-TR\/turkiyede-okumak-isteyen-iranli-ogrenciler-tahranda-sinav-heyecani-yasadi\/#primaryimage","url":"https:\/\/tdv.org\/tr-TR\/wp-content\/uploads\/2022\/06\/AA-20220606-28088304-28088301-TURKIYEDE_OKUMAK_ISTEYEN_IRANLI_OGRENCILER_TAHRANDA_SINAV_HEYECANI_YASADI-Buyuk.jpg","contentUrl":"https:\/\/tdv.org\/tr-TR\/wp-content\/uploads\/2022\/06\/AA-20220606-28088304-28088301-TURKIYEDE_OKUMAK_ISTEYEN_IRANLI_OGRENCILER_TAHRANDA_SINAV_HEYECANI_YASADI-Buyuk.jpg","width":1440,"height":1080},{"@type":"BreadcrumbList","@id":"https:\/\/tdv.org\/tr-TR\/turkiyede-okumak-isteyen-iranli-ogrenciler-tahranda-sinav-heyecani-yasadi\/#breadcrumb","itemListElement":[{"@type":"ListItem","position":1,"name":"Anasayfa","item":"https:\/\/tdv.org\/tr-TR\/"},{"@type":"ListItem","position":2,"name":"T\u00fcrkiye&#8217;de okumak isteyen \u0130ranl\u0131 \u00f6\u011frenciler Tahran&#8217;da s\u0131nav heyecan\u0131 ya\u015fad\u0131"}]},{"@type":"WebSite","@id":"https:\/\/tdv.org\/tr-TR\/#website","url":"https:\/\/tdv.org\/tr-TR\/","name":"T\u00fcrkiye Diyanet Vakf\u0131 Resmi Web Sitesi","description":"Yery\u00fcz\u00fcnde iyilik egemen oluncaya kadar","publisher":{"@id":"https:\/\/tdv.org\/tr-TR\/#organization"},"alternateName":"T\u00fcrkiye Diyanet Vakf\u0131","potentialAction":[{"@type":"SearchAction","target":{"@type":"EntryPoint","urlTemplate":"https:\/\/tdv.org\/tr-TR\/?s={search_term_string}"},"query-input":{"@type":"PropertyValueSpecification","valueRequired":true,"valueName":"search_term_string"}}],"inLanguage":"tr"},{"@type":"Organization","@id":"https:\/\/tdv.org\/tr-TR\/#organization","name":"T\u00fcrkiye Diyanet Vakf\u0131","alternateName":"T\u00fcrkiye Diyanet Vakf\u0131","url":"https:\/\/tdv.org\/tr-TR\/","logo":{"@type":"ImageObject","inLanguage":"tr","@id":"https:\/\/tdv.org\/tr-TR\/#\/schema\/logo\/image\/","url":"https:\/\/tdv.org\/tr-TR\/wp-content\/uploads\/2018\/12\/TDV_Logo_1.png","contentUrl":"https:\/\/tdv.org\/tr-TR\/wp-content\/uploads\/2018\/12\/TDV_Logo_1.png","width":207,"height":71,"caption":"T\u00fcrkiye Diyanet Vakf\u0131"},"image":{"@id":"https:\/\/tdv.org\/tr-TR\/#\/schema\/logo\/image\/"},"sameAs":["https:\/\/www.facebook.com\/Diyanetvakfi\/","https:\/\/x.com\/DiyanetVakfi","https:\/\/www.instagram.com\/turkiyediyanetvakfi\/","https:\/\/www.youtube.com\/user\/TurkiyeDiyanetVakfi"]},{"@type":"Person","@id":"https:\/\/tdv.org\/tr-TR\/#\/schema\/person\/d82361fee30b9a18f022b00af48c5e54","name":"Feyzullah","image":{"@type":"ImageObject","inLanguage":"tr","@id":"https:\/\/tdv.org\/tr-TR\/wp-content\/litespeed\/avatar\/2976dc58d1ce98cb93380ae29394255a.jpg?ver=1777306938","url":"https:\/\/tdv.org\/tr-TR\/wp-content\/litespeed\/avatar\/2976dc58d1ce98cb93380ae29394255a.jpg?ver=1777306938","contentUrl":"https:\/\/tdv.org\/tr-TR\/wp-content\/litespeed\/avatar\/2976dc58d1ce98cb93380ae29394255a.jpg?ver=1777306938","caption":"Feyzullah"},"sameAs":["http:\/\/www.tdv.org"]}]}},"_links":{"self":[{"href":"https:\/\/tdv.org\/tr-TR\/wp-json\/wp\/v2\/posts\/23980","targetHints":{"allow":["GET"]}}],"collection":[{"href":"https:\/\/tdv.org\/tr-TR\/wp-json\/wp\/v2\/posts"}],"about":[{"href":"https:\/\/tdv.org\/tr-TR\/wp-json\/wp\/v2\/types\/post"}],"author":[{"embeddable":true,"href":"https:\/\/tdv.org\/tr-TR\/wp-json\/wp\/v2\/users\/4"}],"replies":[{"embeddable":true,"href":"https:\/\/tdv.org\/tr-TR\/wp-json\/wp\/v2\/comments?post=23980"}],"version-history":[{"count":3,"href":"https:\/\/tdv.org\/tr-TR\/wp-json\/wp\/v2\/posts\/23980\/revisions"}],"predecessor-version":[{"id":24139,"href":"https:\/\/tdv.org\/tr-TR\/wp-json\/wp\/v2\/posts\/23980\/revisions\/24139"}],"wp:featuredmedia":[{"embeddable":true,"href":"https:\/\/tdv.org\/tr-TR\/wp-json\/wp\/v2\/media\/23983"}],"wp:attachment":[{"href":"https:\/\/tdv.org\/tr-TR\/wp-json\/wp\/v2\/media?parent=23980"}],"wp:term":[{"taxonomy":"category","embeddable":true,"href":"https:\/\/tdv.org\/tr-TR\/wp-json\/wp\/v2\/categories?post=23980"},{"taxonomy":"post_tag","embeddable":true,"href":"https:\/\/tdv.org\/tr-TR\/wp-json\/wp\/v2\/tags?post=23980"}],"curies":[{"name":"wp","href":"https:\/\/api.w.org\/{rel}","templated":true}]}}