{"id":23993,"date":"2022-06-05T13:50:53","date_gmt":"2022-06-05T10:50:53","guid":{"rendered":"https:\/\/tdv.org\/tr-TR\/?p=23993"},"modified":"2022-12-08T10:58:08","modified_gmt":"2022-12-08T07:58:08","slug":"turkiye-diyanet-vakfi-her-ulkeye-kurban-bagis-paketi-ulastirmayi-hedefliyor","status":"publish","type":"post","link":"https:\/\/tdv.org\/tr-TR\/turkiye-diyanet-vakfi-her-ulkeye-kurban-bagis-paketi-ulastirmayi-hedefliyor\/","title":{"rendered":"T\u00fcrkiye\u00a0Diyanet\u00a0Vakf\u0131, her \u00fclkeye kurban ba\u011f\u0131\u015f paketi ula\u015ft\u0131rmay\u0131 hedefliyor"},"content":{"rendered":"<p style=\"text-align: justify;\">T\u00fcrkiye\u00a0Diyanet\u00a0Vakf\u0131\u00a0M\u00fctevelli Heyeti II. Ba\u015fkan\u0131 \u0130hsan A\u00e7\u0131k, kurban ba\u011f\u0131\u015f paketlerini her \u00fclkeye ula\u015ft\u0131rmak istediklerini s\u00f6yledi.<\/p>\n<p style=\"text-align: justify;\">\u0130HH \u0130nsani Yard\u0131m\u00a0Vakf\u0131, Kocaeli \u00dcniversitesi \u0130lahiyat Fak\u00fcltesi ve Kocaeli B\u00fcy\u00fck\u015fehir Belediyesi taraf\u0131ndan &#8220;Kurban&#8221; temas\u0131yla Kocaeli Kongre Merkezi&#8217;nde d\u00fczenlenen 2. Uluslararas\u0131 \u0130slam K\u00fclt\u00fcr ve Medeniyeti Sempozyumu&#8217;nda &#8220;Yurti\u00e7inde Kurban Uygulamalar\u0131&#8221; ba\u015fl\u0131kl\u0131 oturum ger\u00e7ekle\u015ftirildi.<\/p>\n<p style=\"text-align: justify;\">Oturumda\u00a0vakf\u0131n yurt i\u00e7i ve yurt d\u0131\u015f\u0131 kurban organizasyonuyla ilgili sunum yapan TDV\u00a0M\u00fctevelli Heyeti II. Ba\u015fkan\u0131 A\u00e7\u0131k, kurban kesebilir durumda olan t\u00fcm vatanda\u015flar\u0131n bu ibadetini yerine getirmelerini sa\u011flamay\u0131, toplumsal yard\u0131mla\u015fma ve dayan\u0131\u015fmaya katk\u0131da bulunmay\u0131 ama\u00e7lad\u0131klar\u0131n\u0131 s\u00f6yledi.<\/p>\n<p style=\"text-align: justify;\">Vak\u0131f olarak her evde kurban\u0131n kesilmesini, \u00e7oluk \u00e7ocuk ailece bu ibadetin tad\u0131lmas\u0131n\u0131 istediklerini belirten A\u00e7\u0131k, &#8220;Biz tabiri caizse vatanda\u015f\u0131m\u0131zdan ikinci kurbanlar\u0131n\u0131 istiyoruz. \u0130lk kurbanlar\u0131n\u0131 istemiyoruz \u00e7\u00fcnk\u00fc vekaletle kurban a\u015f\u0131r\u0131 \u015fekilde y\u00fcklendi\u011fi zaman hi\u00e7bir \u00e7ocuk kurban ibadetine ortak olmayacak, bu hususta hassas\u0131z.&#8221; diye konu\u015ftu.<\/p>\n<p style=\"text-align: justify;\">A\u00e7\u0131k, kurban eti da\u011f\u0131t\u0131m\u0131n\u0131 149 \u00fclkeye ula\u015ft\u0131rd\u0131klar\u0131n\u0131 vurgulayarak, &#8220;Bu bir rekor oldu hamdolsun. Hedef \u015fu olacak; Allah&#8217;\u0131n izniyle her \u00fclkeye T\u00fcrk bayrakl\u0131 kurban ba\u011f\u0131\u015f\u0131yla ilgili paketi ula\u015ft\u0131rabilmek.&#8221; dedi.<\/p>\n","protected":false},"excerpt":{"rendered":"<p>T\u00fcrkiye\u00a0Diyanet\u00a0Vakf\u0131\u00a0M\u00fctevelli Heyeti II. Ba\u015fkan\u0131 \u0130hsan A\u00e7\u0131k, kurban ba\u011f\u0131\u015f paketlerini her \u00fclkeye ula\u015ft\u0131rmak istediklerini s\u00f6yledi. \u0130HH \u0130nsani Yard\u0131m\u00a0Vakf\u0131, Kocaeli \u00dcniversitesi \u0130lahiyat Fak\u00fcltesi ve Kocaeli B\u00fcy\u00fck\u015fehir Belediyesi taraf\u0131ndan &#8220;Kurban&#8221; temas\u0131yla Kocaeli Kongre&#8230;<\/p>\n","protected":false},"author":4,"featured_media":23994,"comment_status":"open","ping_status":"closed","sticky":false,"template":"","format":"standard","meta":{"footnotes":""},"categories":[1],"tags":[171],"class_list":{"0":"post-23993","1":"post","2":"type-post","3":"status-publish","4":"format-standard","5":"has-post-thumbnail","7":"category-haberler","8":"tag-kurban"},"yoast_head":"<!-- This site is optimized with the Yoast SEO plugin v27.5 - https:\/\/yoast.com\/product\/yoast-seo-wordpress\/ -->\n<title>T\u00fcrkiye\u00a0Diyanet\u00a0Vakf\u0131, her \u00fclkeye kurban ba\u011f\u0131\u015f paketi ula\u015ft\u0131rmay\u0131 hedefliyor<\/title>\n<meta name=\"description\" content=\"T\u00fcrkiye\u00a0Diyanet\u00a0Vakf\u0131\u00a0M\u00fctevelli Heyeti II. Ba\u015fkan\u0131 \u0130hsan A\u00e7\u0131k, kurban ba\u011f\u0131\u015f paketlerini her \u00fclkeye ula\u015ft\u0131rmak istediklerini s\u00f6yledi.\" \/>\n<meta name=\"robots\" content=\"index, follow, max-snippet:-1, max-image-preview:large, max-video-preview:-1\" \/>\n<link rel=\"canonical\" href=\"https:\/\/tdv.org\/tr-TR\/turkiye-diyanet-vakfi-her-ulkeye-kurban-bagis-paketi-ulastirmayi-hedefliyor\/\" \/>\n<meta property=\"og:locale\" content=\"tr_TR\" \/>\n<meta property=\"og:type\" content=\"article\" \/>\n<meta property=\"og:title\" content=\"T\u00fcrkiye\u00a0Diyanet\u00a0Vakf\u0131, her \u00fclkeye kurban ba\u011f\u0131\u015f paketi ula\u015ft\u0131rmay\u0131 hedefliyor\" \/>\n<meta property=\"og:description\" content=\"T\u00fcrkiye\u00a0Diyanet\u00a0Vakf\u0131\u00a0M\u00fctevelli Heyeti II. Ba\u015fkan\u0131 \u0130hsan A\u00e7\u0131k, kurban ba\u011f\u0131\u015f paketlerini her \u00fclkeye ula\u015ft\u0131rmak istediklerini s\u00f6yledi.\" \/>\n<meta property=\"og:url\" content=\"https:\/\/tdv.org\/tr-TR\/turkiye-diyanet-vakfi-her-ulkeye-kurban-bagis-paketi-ulastirmayi-hedefliyor\/\" \/>\n<meta property=\"og:site_name\" content=\"T\u00fcrkiye Diyanet Vakf\u0131 Resmi Web Sitesi\" \/>\n<meta property=\"article:publisher\" content=\"https:\/\/www.facebook.com\/Diyanetvakfi\/\" \/>\n<meta property=\"article:published_time\" content=\"2022-06-05T10:50:53+00:00\" \/>\n<meta property=\"article:modified_time\" content=\"2022-12-08T07:58:08+00:00\" \/>\n<meta property=\"og:image\" content=\"https:\/\/tdv.org\/tr-TR\/wp-content\/uploads\/2022\/06\/AA-20220605-28076931-28076930-TURKIYE_DIYANET_VAKFI_HER_ULKEYE_KURBAN_BAGIS_PAKETI_ULASTIRMAYI_HEDEFLIYOR-Buyuk.jpg\" \/>\n\t<meta property=\"og:image:width\" content=\"1639\" \/>\n\t<meta property=\"og:image:height\" content=\"1080\" \/>\n\t<meta property=\"og:image:type\" content=\"image\/jpeg\" \/>\n<meta name=\"author\" content=\"Feyzullah\" \/>\n<meta name=\"twitter:card\" content=\"summary_large_image\" \/>\n<meta name=\"twitter:creator\" content=\"@DiyanetVakfi\" \/>\n<meta name=\"twitter:site\" content=\"@DiyanetVakfi\" \/>\n<script type=\"application\/ld+json\" class=\"yoast-schema-graph\">{\"@context\":\"https:\\\/\\\/schema.org\",\"@graph\":[{\"@type\":\"Article\",\"@id\":\"https:\\\/\\\/tdv.org\\\/tr-TR\\\/turkiye-diyanet-vakfi-her-ulkeye-kurban-bagis-paketi-ulastirmayi-hedefliyor\\\/#article\",\"isPartOf\":{\"@id\":\"https:\\\/\\\/tdv.org\\\/tr-TR\\\/turkiye-diyanet-vakfi-her-ulkeye-kurban-bagis-paketi-ulastirmayi-hedefliyor\\\/\"},\"author\":{\"name\":\"Feyzullah\",\"@id\":\"https:\\\/\\\/tdv.org\\\/tr-TR\\\/#\\\/schema\\\/person\\\/d82361fee30b9a18f022b00af48c5e54\"},\"headline\":\"T\u00fcrkiye\u00a0Diyanet\u00a0Vakf\u0131, her \u00fclkeye kurban ba\u011f\u0131\u015f paketi ula\u015ft\u0131rmay\u0131 hedefliyor\",\"datePublished\":\"2022-06-05T10:50:53+00:00\",\"dateModified\":\"2022-12-08T07:58:08+00:00\",\"mainEntityOfPage\":{\"@id\":\"https:\\\/\\\/tdv.org\\\/tr-TR\\\/turkiye-diyanet-vakfi-her-ulkeye-kurban-bagis-paketi-ulastirmayi-hedefliyor\\\/\"},\"wordCount\":237,\"commentCount\":0,\"publisher\":{\"@id\":\"https:\\\/\\\/tdv.org\\\/tr-TR\\\/#organization\"},\"image\":{\"@id\":\"https:\\\/\\\/tdv.org\\\/tr-TR\\\/turkiye-diyanet-vakfi-her-ulkeye-kurban-bagis-paketi-ulastirmayi-hedefliyor\\\/#primaryimage\"},\"thumbnailUrl\":\"https:\\\/\\\/tdv.org\\\/tr-TR\\\/wp-content\\\/uploads\\\/2022\\\/06\\\/AA-20220605-28076931-28076930-TURKIYE_DIYANET_VAKFI_HER_ULKEYE_KURBAN_BAGIS_PAKETI_ULASTIRMAYI_HEDEFLIYOR-Buyuk.jpg\",\"keywords\":[\"Kurban\"],\"articleSection\":[\"Haberler\"],\"inLanguage\":\"tr\",\"potentialAction\":[{\"@type\":\"CommentAction\",\"name\":\"Comment\",\"target\":[\"https:\\\/\\\/tdv.org\\\/tr-TR\\\/turkiye-diyanet-vakfi-her-ulkeye-kurban-bagis-paketi-ulastirmayi-hedefliyor\\\/#respond\"]}]},{\"@type\":\"WebPage\",\"@id\":\"https:\\\/\\\/tdv.org\\\/tr-TR\\\/turkiye-diyanet-vakfi-her-ulkeye-kurban-bagis-paketi-ulastirmayi-hedefliyor\\\/\",\"url\":\"https:\\\/\\\/tdv.org\\\/tr-TR\\\/turkiye-diyanet-vakfi-her-ulkeye-kurban-bagis-paketi-ulastirmayi-hedefliyor\\\/\",\"name\":\"T\u00fcrkiye\u00a0Diyanet\u00a0Vakf\u0131, her \u00fclkeye kurban ba\u011f\u0131\u015f paketi ula\u015ft\u0131rmay\u0131 hedefliyor\",\"isPartOf\":{\"@id\":\"https:\\\/\\\/tdv.org\\\/tr-TR\\\/#website\"},\"primaryImageOfPage\":{\"@id\":\"https:\\\/\\\/tdv.org\\\/tr-TR\\\/turkiye-diyanet-vakfi-her-ulkeye-kurban-bagis-paketi-ulastirmayi-hedefliyor\\\/#primaryimage\"},\"image\":{\"@id\":\"https:\\\/\\\/tdv.org\\\/tr-TR\\\/turkiye-diyanet-vakfi-her-ulkeye-kurban-bagis-paketi-ulastirmayi-hedefliyor\\\/#primaryimage\"},\"thumbnailUrl\":\"https:\\\/\\\/tdv.org\\\/tr-TR\\\/wp-content\\\/uploads\\\/2022\\\/06\\\/AA-20220605-28076931-28076930-TURKIYE_DIYANET_VAKFI_HER_ULKEYE_KURBAN_BAGIS_PAKETI_ULASTIRMAYI_HEDEFLIYOR-Buyuk.jpg\",\"datePublished\":\"2022-06-05T10:50:53+00:00\",\"dateModified\":\"2022-12-08T07:58:08+00:00\",\"description\":\"T\u00fcrkiye\u00a0Diyanet\u00a0Vakf\u0131\u00a0M\u00fctevelli Heyeti II. Ba\u015fkan\u0131 \u0130hsan A\u00e7\u0131k, kurban ba\u011f\u0131\u015f paketlerini her \u00fclkeye ula\u015ft\u0131rmak istediklerini s\u00f6yledi.\",\"breadcrumb\":{\"@id\":\"https:\\\/\\\/tdv.org\\\/tr-TR\\\/turkiye-diyanet-vakfi-her-ulkeye-kurban-bagis-paketi-ulastirmayi-hedefliyor\\\/#breadcrumb\"},\"inLanguage\":\"tr\",\"potentialAction\":[{\"@type\":\"ReadAction\",\"target\":[\"https:\\\/\\\/tdv.org\\\/tr-TR\\\/turkiye-diyanet-vakfi-her-ulkeye-kurban-bagis-paketi-ulastirmayi-hedefliyor\\\/\"]}]},{\"@type\":\"ImageObject\",\"inLanguage\":\"tr\",\"@id\":\"https:\\\/\\\/tdv.org\\\/tr-TR\\\/turkiye-diyanet-vakfi-her-ulkeye-kurban-bagis-paketi-ulastirmayi-hedefliyor\\\/#primaryimage\",\"url\":\"https:\\\/\\\/tdv.org\\\/tr-TR\\\/wp-content\\\/uploads\\\/2022\\\/06\\\/AA-20220605-28076931-28076930-TURKIYE_DIYANET_VAKFI_HER_ULKEYE_KURBAN_BAGIS_PAKETI_ULASTIRMAYI_HEDEFLIYOR-Buyuk.jpg\",\"contentUrl\":\"https:\\\/\\\/tdv.org\\\/tr-TR\\\/wp-content\\\/uploads\\\/2022\\\/06\\\/AA-20220605-28076931-28076930-TURKIYE_DIYANET_VAKFI_HER_ULKEYE_KURBAN_BAGIS_PAKETI_ULASTIRMAYI_HEDEFLIYOR-Buyuk.jpg\",\"width\":1639,\"height\":1080},{\"@type\":\"BreadcrumbList\",\"@id\":\"https:\\\/\\\/tdv.org\\\/tr-TR\\\/turkiye-diyanet-vakfi-her-ulkeye-kurban-bagis-paketi-ulastirmayi-hedefliyor\\\/#breadcrumb\",\"itemListElement\":[{\"@type\":\"ListItem\",\"position\":1,\"name\":\"Anasayfa\",\"item\":\"https:\\\/\\\/tdv.org\\\/tr-TR\\\/\"},{\"@type\":\"ListItem\",\"position\":2,\"name\":\"T\u00fcrkiye\u00a0Diyanet\u00a0Vakf\u0131, her \u00fclkeye kurban ba\u011f\u0131\u015f paketi ula\u015ft\u0131rmay\u0131 hedefliyor\"}]},{\"@type\":\"WebSite\",\"@id\":\"https:\\\/\\\/tdv.org\\\/tr-TR\\\/#website\",\"url\":\"https:\\\/\\\/tdv.org\\\/tr-TR\\\/\",\"name\":\"T\u00fcrkiye Diyanet Vakf\u0131 Resmi Web Sitesi\",\"description\":\"Yery\u00fcz\u00fcnde iyilik egemen oluncaya kadar\",\"publisher\":{\"@id\":\"https:\\\/\\\/tdv.org\\\/tr-TR\\\/#organization\"},\"alternateName\":\"T\u00fcrkiye Diyanet Vakf\u0131\",\"potentialAction\":[{\"@type\":\"SearchAction\",\"target\":{\"@type\":\"EntryPoint\",\"urlTemplate\":\"https:\\\/\\\/tdv.org\\\/tr-TR\\\/?s={search_term_string}\"},\"query-input\":{\"@type\":\"PropertyValueSpecification\",\"valueRequired\":true,\"valueName\":\"search_term_string\"}}],\"inLanguage\":\"tr\"},{\"@type\":\"Organization\",\"@id\":\"https:\\\/\\\/tdv.org\\\/tr-TR\\\/#organization\",\"name\":\"T\u00fcrkiye Diyanet Vakf\u0131\",\"alternateName\":\"T\u00fcrkiye Diyanet Vakf\u0131\",\"url\":\"https:\\\/\\\/tdv.org\\\/tr-TR\\\/\",\"logo\":{\"@type\":\"ImageObject\",\"inLanguage\":\"tr\",\"@id\":\"https:\\\/\\\/tdv.org\\\/tr-TR\\\/#\\\/schema\\\/logo\\\/image\\\/\",\"url\":\"https:\\\/\\\/tdv.org\\\/tr-TR\\\/wp-content\\\/uploads\\\/2018\\\/12\\\/TDV_Logo_1.png\",\"contentUrl\":\"https:\\\/\\\/tdv.org\\\/tr-TR\\\/wp-content\\\/uploads\\\/2018\\\/12\\\/TDV_Logo_1.png\",\"width\":207,\"height\":71,\"caption\":\"T\u00fcrkiye Diyanet Vakf\u0131\"},\"image\":{\"@id\":\"https:\\\/\\\/tdv.org\\\/tr-TR\\\/#\\\/schema\\\/logo\\\/image\\\/\"},\"sameAs\":[\"https:\\\/\\\/www.facebook.com\\\/Diyanetvakfi\\\/\",\"https:\\\/\\\/x.com\\\/DiyanetVakfi\",\"https:\\\/\\\/www.instagram.com\\\/turkiyediyanetvakfi\\\/\",\"https:\\\/\\\/www.youtube.com\\\/user\\\/TurkiyeDiyanetVakfi\"]},{\"@type\":\"Person\",\"@id\":\"https:\\\/\\\/tdv.org\\\/tr-TR\\\/#\\\/schema\\\/person\\\/d82361fee30b9a18f022b00af48c5e54\",\"name\":\"Feyzullah\",\"image\":{\"@type\":\"ImageObject\",\"inLanguage\":\"tr\",\"@id\":\"https:\\\/\\\/tdv.org\\\/tr-TR\\\/wp-content\\\/litespeed\\\/avatar\\\/2976dc58d1ce98cb93380ae29394255a.jpg?ver=1777306938\",\"url\":\"https:\\\/\\\/tdv.org\\\/tr-TR\\\/wp-content\\\/litespeed\\\/avatar\\\/2976dc58d1ce98cb93380ae29394255a.jpg?ver=1777306938\",\"contentUrl\":\"https:\\\/\\\/tdv.org\\\/tr-TR\\\/wp-content\\\/litespeed\\\/avatar\\\/2976dc58d1ce98cb93380ae29394255a.jpg?ver=1777306938\",\"caption\":\"Feyzullah\"},\"sameAs\":[\"http:\\\/\\\/www.tdv.org\"]}]}<\/script>\n<!-- \/ Yoast SEO plugin. -->","yoast_head_json":{"title":"T\u00fcrkiye\u00a0Diyanet\u00a0Vakf\u0131, her \u00fclkeye kurban ba\u011f\u0131\u015f paketi ula\u015ft\u0131rmay\u0131 hedefliyor","description":"T\u00fcrkiye\u00a0Diyanet\u00a0Vakf\u0131\u00a0M\u00fctevelli Heyeti II. Ba\u015fkan\u0131 \u0130hsan A\u00e7\u0131k, kurban ba\u011f\u0131\u015f paketlerini her \u00fclkeye ula\u015ft\u0131rmak istediklerini s\u00f6yledi.","robots":{"index":"index","follow":"follow","max-snippet":"max-snippet:-1","max-image-preview":"max-image-preview:large","max-video-preview":"max-video-preview:-1"},"canonical":"https:\/\/tdv.org\/tr-TR\/turkiye-diyanet-vakfi-her-ulkeye-kurban-bagis-paketi-ulastirmayi-hedefliyor\/","og_locale":"tr_TR","og_type":"article","og_title":"T\u00fcrkiye\u00a0Diyanet\u00a0Vakf\u0131, her \u00fclkeye kurban ba\u011f\u0131\u015f paketi ula\u015ft\u0131rmay\u0131 hedefliyor","og_description":"T\u00fcrkiye\u00a0Diyanet\u00a0Vakf\u0131\u00a0M\u00fctevelli Heyeti II. Ba\u015fkan\u0131 \u0130hsan A\u00e7\u0131k, kurban ba\u011f\u0131\u015f paketlerini her \u00fclkeye ula\u015ft\u0131rmak istediklerini s\u00f6yledi.","og_url":"https:\/\/tdv.org\/tr-TR\/turkiye-diyanet-vakfi-her-ulkeye-kurban-bagis-paketi-ulastirmayi-hedefliyor\/","og_site_name":"T\u00fcrkiye Diyanet Vakf\u0131 Resmi Web Sitesi","article_publisher":"https:\/\/www.facebook.com\/Diyanetvakfi\/","article_published_time":"2022-06-05T10:50:53+00:00","article_modified_time":"2022-12-08T07:58:08+00:00","og_image":[{"width":1639,"height":1080,"url":"https:\/\/tdv.org\/tr-TR\/wp-content\/uploads\/2022\/06\/AA-20220605-28076931-28076930-TURKIYE_DIYANET_VAKFI_HER_ULKEYE_KURBAN_BAGIS_PAKETI_ULASTIRMAYI_HEDEFLIYOR-Buyuk.jpg","type":"image\/jpeg"}],"author":"Feyzullah","twitter_card":"summary_large_image","twitter_creator":"@DiyanetVakfi","twitter_site":"@DiyanetVakfi","schema":{"@context":"https:\/\/schema.org","@graph":[{"@type":"Article","@id":"https:\/\/tdv.org\/tr-TR\/turkiye-diyanet-vakfi-her-ulkeye-kurban-bagis-paketi-ulastirmayi-hedefliyor\/#article","isPartOf":{"@id":"https:\/\/tdv.org\/tr-TR\/turkiye-diyanet-vakfi-her-ulkeye-kurban-bagis-paketi-ulastirmayi-hedefliyor\/"},"author":{"name":"Feyzullah","@id":"https:\/\/tdv.org\/tr-TR\/#\/schema\/person\/d82361fee30b9a18f022b00af48c5e54"},"headline":"T\u00fcrkiye\u00a0Diyanet\u00a0Vakf\u0131, her \u00fclkeye kurban ba\u011f\u0131\u015f paketi ula\u015ft\u0131rmay\u0131 hedefliyor","datePublished":"2022-06-05T10:50:53+00:00","dateModified":"2022-12-08T07:58:08+00:00","mainEntityOfPage":{"@id":"https:\/\/tdv.org\/tr-TR\/turkiye-diyanet-vakfi-her-ulkeye-kurban-bagis-paketi-ulastirmayi-hedefliyor\/"},"wordCount":237,"commentCount":0,"publisher":{"@id":"https:\/\/tdv.org\/tr-TR\/#organization"},"image":{"@id":"https:\/\/tdv.org\/tr-TR\/turkiye-diyanet-vakfi-her-ulkeye-kurban-bagis-paketi-ulastirmayi-hedefliyor\/#primaryimage"},"thumbnailUrl":"https:\/\/tdv.org\/tr-TR\/wp-content\/uploads\/2022\/06\/AA-20220605-28076931-28076930-TURKIYE_DIYANET_VAKFI_HER_ULKEYE_KURBAN_BAGIS_PAKETI_ULASTIRMAYI_HEDEFLIYOR-Buyuk.jpg","keywords":["Kurban"],"articleSection":["Haberler"],"inLanguage":"tr","potentialAction":[{"@type":"CommentAction","name":"Comment","target":["https:\/\/tdv.org\/tr-TR\/turkiye-diyanet-vakfi-her-ulkeye-kurban-bagis-paketi-ulastirmayi-hedefliyor\/#respond"]}]},{"@type":"WebPage","@id":"https:\/\/tdv.org\/tr-TR\/turkiye-diyanet-vakfi-her-ulkeye-kurban-bagis-paketi-ulastirmayi-hedefliyor\/","url":"https:\/\/tdv.org\/tr-TR\/turkiye-diyanet-vakfi-her-ulkeye-kurban-bagis-paketi-ulastirmayi-hedefliyor\/","name":"T\u00fcrkiye\u00a0Diyanet\u00a0Vakf\u0131, her \u00fclkeye kurban ba\u011f\u0131\u015f paketi ula\u015ft\u0131rmay\u0131 hedefliyor","isPartOf":{"@id":"https:\/\/tdv.org\/tr-TR\/#website"},"primaryImageOfPage":{"@id":"https:\/\/tdv.org\/tr-TR\/turkiye-diyanet-vakfi-her-ulkeye-kurban-bagis-paketi-ulastirmayi-hedefliyor\/#primaryimage"},"image":{"@id":"https:\/\/tdv.org\/tr-TR\/turkiye-diyanet-vakfi-her-ulkeye-kurban-bagis-paketi-ulastirmayi-hedefliyor\/#primaryimage"},"thumbnailUrl":"https:\/\/tdv.org\/tr-TR\/wp-content\/uploads\/2022\/06\/AA-20220605-28076931-28076930-TURKIYE_DIYANET_VAKFI_HER_ULKEYE_KURBAN_BAGIS_PAKETI_ULASTIRMAYI_HEDEFLIYOR-Buyuk.jpg","datePublished":"2022-06-05T10:50:53+00:00","dateModified":"2022-12-08T07:58:08+00:00","description":"T\u00fcrkiye\u00a0Diyanet\u00a0Vakf\u0131\u00a0M\u00fctevelli Heyeti II. Ba\u015fkan\u0131 \u0130hsan A\u00e7\u0131k, kurban ba\u011f\u0131\u015f paketlerini her \u00fclkeye ula\u015ft\u0131rmak istediklerini s\u00f6yledi.","breadcrumb":{"@id":"https:\/\/tdv.org\/tr-TR\/turkiye-diyanet-vakfi-her-ulkeye-kurban-bagis-paketi-ulastirmayi-hedefliyor\/#breadcrumb"},"inLanguage":"tr","potentialAction":[{"@type":"ReadAction","target":["https:\/\/tdv.org\/tr-TR\/turkiye-diyanet-vakfi-her-ulkeye-kurban-bagis-paketi-ulastirmayi-hedefliyor\/"]}]},{"@type":"ImageObject","inLanguage":"tr","@id":"https:\/\/tdv.org\/tr-TR\/turkiye-diyanet-vakfi-her-ulkeye-kurban-bagis-paketi-ulastirmayi-hedefliyor\/#primaryimage","url":"https:\/\/tdv.org\/tr-TR\/wp-content\/uploads\/2022\/06\/AA-20220605-28076931-28076930-TURKIYE_DIYANET_VAKFI_HER_ULKEYE_KURBAN_BAGIS_PAKETI_ULASTIRMAYI_HEDEFLIYOR-Buyuk.jpg","contentUrl":"https:\/\/tdv.org\/tr-TR\/wp-content\/uploads\/2022\/06\/AA-20220605-28076931-28076930-TURKIYE_DIYANET_VAKFI_HER_ULKEYE_KURBAN_BAGIS_PAKETI_ULASTIRMAYI_HEDEFLIYOR-Buyuk.jpg","width":1639,"height":1080},{"@type":"BreadcrumbList","@id":"https:\/\/tdv.org\/tr-TR\/turkiye-diyanet-vakfi-her-ulkeye-kurban-bagis-paketi-ulastirmayi-hedefliyor\/#breadcrumb","itemListElement":[{"@type":"ListItem","position":1,"name":"Anasayfa","item":"https:\/\/tdv.org\/tr-TR\/"},{"@type":"ListItem","position":2,"name":"T\u00fcrkiye\u00a0Diyanet\u00a0Vakf\u0131, her \u00fclkeye kurban ba\u011f\u0131\u015f paketi ula\u015ft\u0131rmay\u0131 hedefliyor"}]},{"@type":"WebSite","@id":"https:\/\/tdv.org\/tr-TR\/#website","url":"https:\/\/tdv.org\/tr-TR\/","name":"T\u00fcrkiye Diyanet Vakf\u0131 Resmi Web Sitesi","description":"Yery\u00fcz\u00fcnde iyilik egemen oluncaya kadar","publisher":{"@id":"https:\/\/tdv.org\/tr-TR\/#organization"},"alternateName":"T\u00fcrkiye Diyanet Vakf\u0131","potentialAction":[{"@type":"SearchAction","target":{"@type":"EntryPoint","urlTemplate":"https:\/\/tdv.org\/tr-TR\/?s={search_term_string}"},"query-input":{"@type":"PropertyValueSpecification","valueRequired":true,"valueName":"search_term_string"}}],"inLanguage":"tr"},{"@type":"Organization","@id":"https:\/\/tdv.org\/tr-TR\/#organization","name":"T\u00fcrkiye Diyanet Vakf\u0131","alternateName":"T\u00fcrkiye Diyanet Vakf\u0131","url":"https:\/\/tdv.org\/tr-TR\/","logo":{"@type":"ImageObject","inLanguage":"tr","@id":"https:\/\/tdv.org\/tr-TR\/#\/schema\/logo\/image\/","url":"https:\/\/tdv.org\/tr-TR\/wp-content\/uploads\/2018\/12\/TDV_Logo_1.png","contentUrl":"https:\/\/tdv.org\/tr-TR\/wp-content\/uploads\/2018\/12\/TDV_Logo_1.png","width":207,"height":71,"caption":"T\u00fcrkiye Diyanet Vakf\u0131"},"image":{"@id":"https:\/\/tdv.org\/tr-TR\/#\/schema\/logo\/image\/"},"sameAs":["https:\/\/www.facebook.com\/Diyanetvakfi\/","https:\/\/x.com\/DiyanetVakfi","https:\/\/www.instagram.com\/turkiyediyanetvakfi\/","https:\/\/www.youtube.com\/user\/TurkiyeDiyanetVakfi"]},{"@type":"Person","@id":"https:\/\/tdv.org\/tr-TR\/#\/schema\/person\/d82361fee30b9a18f022b00af48c5e54","name":"Feyzullah","image":{"@type":"ImageObject","inLanguage":"tr","@id":"https:\/\/tdv.org\/tr-TR\/wp-content\/litespeed\/avatar\/2976dc58d1ce98cb93380ae29394255a.jpg?ver=1777306938","url":"https:\/\/tdv.org\/tr-TR\/wp-content\/litespeed\/avatar\/2976dc58d1ce98cb93380ae29394255a.jpg?ver=1777306938","contentUrl":"https:\/\/tdv.org\/tr-TR\/wp-content\/litespeed\/avatar\/2976dc58d1ce98cb93380ae29394255a.jpg?ver=1777306938","caption":"Feyzullah"},"sameAs":["http:\/\/www.tdv.org"]}]}},"_links":{"self":[{"href":"https:\/\/tdv.org\/tr-TR\/wp-json\/wp\/v2\/posts\/23993","targetHints":{"allow":["GET"]}}],"collection":[{"href":"https:\/\/tdv.org\/tr-TR\/wp-json\/wp\/v2\/posts"}],"about":[{"href":"https:\/\/tdv.org\/tr-TR\/wp-json\/wp\/v2\/types\/post"}],"author":[{"embeddable":true,"href":"https:\/\/tdv.org\/tr-TR\/wp-json\/wp\/v2\/users\/4"}],"replies":[{"embeddable":true,"href":"https:\/\/tdv.org\/tr-TR\/wp-json\/wp\/v2\/comments?post=23993"}],"version-history":[{"count":2,"href":"https:\/\/tdv.org\/tr-TR\/wp-json\/wp\/v2\/posts\/23993\/revisions"}],"predecessor-version":[{"id":24136,"href":"https:\/\/tdv.org\/tr-TR\/wp-json\/wp\/v2\/posts\/23993\/revisions\/24136"}],"wp:featuredmedia":[{"embeddable":true,"href":"https:\/\/tdv.org\/tr-TR\/wp-json\/wp\/v2\/media\/23994"}],"wp:attachment":[{"href":"https:\/\/tdv.org\/tr-TR\/wp-json\/wp\/v2\/media?parent=23993"}],"wp:term":[{"taxonomy":"category","embeddable":true,"href":"https:\/\/tdv.org\/tr-TR\/wp-json\/wp\/v2\/categories?post=23993"},{"taxonomy":"post_tag","embeddable":true,"href":"https:\/\/tdv.org\/tr-TR\/wp-json\/wp\/v2\/tags?post=23993"}],"curies":[{"name":"wp","href":"https:\/\/api.w.org\/{rel}","templated":true}]}}