{"id":24991,"date":"2022-06-21T10:08:20","date_gmt":"2022-06-21T07:08:20","guid":{"rendered":"https:\/\/tdv.org\/tr-TR\/?p=24991"},"modified":"2022-12-08T10:53:59","modified_gmt":"2022-12-08T07:53:59","slug":"azerbaycanin-birincileri-tdv-baku-turk-lisesinden","status":"publish","type":"post","link":"https:\/\/tdv.org\/tr-TR\/azerbaycanin-birincileri-tdv-baku-turk-lisesinden\/","title":{"rendered":"Azerbaycan\u2019\u0131n birincileri TDV Bak\u00fc T\u00fcrk Lisesi\u2019nden"},"content":{"rendered":"<p style=\"text-align: justify;\">Azerbaycan&#8217;daki T\u00fcrkiye Diyanet Vakf\u0131 Bak\u00fc T\u00fcrk Lisesi\u2019nin 4 \u00f6\u011frencisi, bu y\u0131lki \u00fcniversiteye ve liseye giri\u015f s\u0131navlar\u0131nda ald\u0131klar\u0131 puanlarla \u00fclke birincisi olmay\u0131 ba\u015far\u0131rken, bir \u00f6\u011frencisi ise \u00fclke ikincisi oldu. Okuldan mezun olan 128 \u00f6\u011frencinin hepsi de \u00fcniversiteye kay\u0131t yapt\u0131rma hakk\u0131 kazand\u0131.<\/p>\n<p style=\"text-align: justify;\">T\u00fcrkiye Diyanet Vakf\u0131 (TDV) Bak\u00fc T\u00fcrk Lisesi\u2019nin \u00f6\u011frencileri, bu y\u0131lki \u00fcniversiteye ve liseye giri\u015f s\u0131navlar\u0131nda elde ettikleri ba\u015far\u0131larla g\u00f6z doldurdu.<\/p>\n<p style=\"text-align: justify;\">Azerbaycan\u2019da 1994 y\u0131l\u0131nda hay\u0131rseverlerin destekleriyle TDV taraf\u0131ndan kurulan ve k\u0131sa s\u00fcrede \u00fclkenin en ba\u015far\u0131l\u0131 okullar\u0131ndan birisi haline gelen TDV Bak\u00fc T\u00fcrk Lisesi, ba\u015far\u0131lar\u0131na bu y\u0131l bir yenisini daha ekledi.<\/p>\n<p style=\"text-align: justify;\">Bu y\u0131lki \u00fcniversiteye ve liseye giri\u015f s\u0131navlar\u0131nda TDV Bak\u00fc T\u00fcrk Lisesi\u2019nin 4 \u00f6\u011frencisi, ald\u0131klar\u0131 puanlarla \u00fclke birincisi, bir \u00f6\u011frencisi ise \u00fclke ikincisi olmay\u0131 ba\u015fard\u0131. Okuldan mezun olan 128 \u00f6\u011frencinin hepsi \u00fcniversiteye kay\u0131t yapt\u0131rma hakk\u0131 kazand\u0131.<\/p>\n<p style=\"text-align: justify;\">TDV Bak\u00fc T\u00fcrk Lisesi M\u00fcd\u00fcr\u00fc Kadir Bekta\u015fo\u011flu, yapt\u0131\u011f\u0131 a\u00e7\u0131klamada Azerbaycan\u2019da 28 y\u0131ld\u0131r e\u011fitim-\u00f6\u011fretime devam eden okulun t\u00fcm ihtiya\u00e7lar\u0131n\u0131n T\u00fcrkiye Diyanet Vakf\u0131 taraf\u0131ndan kar\u015f\u0131land\u0131\u011f\u0131n\u0131 a\u00e7\u0131klad\u0131.<\/p>\n<p style=\"text-align: justify;\"><strong>Yakla\u015f\u0131k 4 bin 500 lise aras\u0131nda en ba\u015far\u0131l\u0131s\u0131 olarak g\u00f6steriliyor<\/strong><\/p>\n<p style=\"text-align: justify;\">Azerbaycan E\u011fitim Bakanl\u0131\u011f\u0131n\u0131n m\u00fcfredat\u0131na uygun e\u011fitim verdiklerini belirten Bekta\u015fo\u011flu,<br \/>\nTDV Bak\u00fc T\u00fcrk Lisesi\u2019nin \u00fclkede faaliyet g\u00f6steren 4 bin 432 lise aras\u0131ndan en ba\u015far\u0131l\u0131s\u0131 olarak g\u00f6sterildi\u011fini s\u00f6yledi. Bekta\u015fo\u011flu, okulun T\u00fcrkiye ve karde\u015f \u00fclke Azerbaycan aras\u0131ndaki ili\u015fkilere \u00f6nemli katk\u0131 sa\u011flad\u0131\u011f\u0131n\u0131 aktard\u0131.<\/p>\n<p style=\"text-align: justify;\">\u00d6\u011frencilerinin elde etti\u011fi rekorlar\u0131 \u00f6nemsediklerini vurgulayan Bekta\u015fo\u011flu, \u201cM\u00fchendislik gurubu mezunlar\u0131m\u0131zdan Abdurrahman Kaz\u0131mov 400 tam puanla, hukuk grubu mezunlar\u0131m\u0131zdan Re\u015fat Niftaliyev&#8217;da 394 puan toplayarak \u00fclke birincisi oldu. Ayr\u0131ca bu y\u0131l 9. s\u0131n\u0131f ortaokul bitirme s\u0131navlar\u0131nda 3 k\u0131z evlad\u0131m\u0131zdan Aydan Kanberova ve Esmer Hasanl\u0131 300 tam puan toplayarak \u00fclke birincisi, Nuray Salmanova ise 298 puan toplayarak \u00fclke ikincisi olmu\u015ftur\u201d dedi.<\/p>\n<p style=\"text-align: justify;\">TDV Bak\u00fc T\u00fcrk Lisesi\u2019nin her alanda ba\u015far\u0131lara imza att\u0131\u011f\u0131na da de\u011finen Bekta\u015fo\u011flu, \u201cGerek \u00fcniversite s\u0131nav sonu\u00e7lar\u0131 gerekse de \u00fclke dahili ve uluslararas\u0131 bilim olimpiyatlar\u0131, sosyal ve k\u00fclt\u00fcrel etkinliklerde resmi istatistiklere g\u00f6re \u00fclkenin en ba\u015far\u0131l\u0131 okullar\u0131ndan biri olarak g\u00f6sterilmekteyiz ve Azerbaycan\u2019da okul olarak b\u00fcy\u00fck sayg\u0131 g\u00f6rmekteyiz\u201d ifadelerini kulland\u0131.<\/p>\n<p style=\"text-align: justify;\"><strong>21 y\u0131lda 33 \u00fclke birincisi<\/strong><\/p>\n<p style=\"text-align: justify;\">TDV Bak\u00fc T\u00fcrk Lisesi\u2019nin ge\u00e7mi\u015fte imza att\u0131\u011f\u0131 ba\u015far\u0131larla ilgili de bilgi veren Bekta\u015fo\u011flu, \u015funlar\u0131 s\u00f6yledi:<br \/>\n\u201cOkulumuzdan bug\u00fcne kadar 1898 \u00f6\u011frenci mezun oldu. 2001-2022 y\u0131llar\u0131 aras\u0131nda okulumuzdan mezun olan \u00f6\u011frencilerimizden 33\u2019\u00fc \u00fcniversite s\u0131navlar\u0131nda \u00fclke birincisi olmay\u0131 ba\u015fard\u0131. Azerbaycan\u2019daki e\u011fitim ba\u015far\u0131 rekoru bu anlamda okulumuza aittir. Mezunlar\u0131m\u0131z\u0131n tamam\u0131 \u00fcniversite s\u0131navlar\u0131nda ba\u015far\u0131l\u0131 olmu\u015f, e\u011fitimlerini d\u00fcnyan\u0131n 50\u2019den fazla \u00fclkesinde tamamlam\u0131\u015f veya e\u011fitimlerine devam etmektedir. E\u011fitimini bitiren karde\u015flerimiz, lisemizde \u00f6\u011fretmen olarak veya \u00fclkenin farkl\u0131 bakanl\u0131klar\u0131nda, kurumlar\u0131nda i\u015fe ba\u015flam\u0131\u015ft\u0131r.\u201d<\/p>\n<p style=\"text-align: justify;\">Bekta\u015fo\u011flu, TDV Bak\u00fc T\u00fcrk Lisesi\u2019ne \u00f6\u011frencilerin s\u0131navla kabul edildi\u011fi bilgisini vererek, \u201cHer y\u0131l ortalama 1500-1800 \u00f6\u011frenci 5. s\u0131n\u0131f kabul imtihan\u0131m\u0131za i\u015ftirak etmekte; fakat kontenjan sorunu nedeniyle sadece 120-140 aras\u0131 en y\u00fcksek puan toplayan \u00f6\u011frenciler kabul edilmektedir. \u00d6\u011frencilerimizin ba\u015far\u0131lar\u0131 her ne kadar bizleri mutlu etse de e\u011fitim faaliyetimizdeki esas amac\u0131m\u0131z \u00f6\u011frencilerimizin bilginin yan\u0131nda ahlakl\u0131, imanl\u0131, karakterli ve iki \u00fclke karde\u015fli\u011fine katk\u0131 sa\u011flayacak \u015fekilde yeti\u015fmeleri ve insanl\u0131\u011fa faydal\u0131 olma tefekk\u00fcr\u00fcne sahip olmalar\u0131 y\u00f6n\u00fcndedir\u201d diye konu\u015ftu.<\/p>\n<p style=\"text-align: justify;\">Bekta\u015fo\u011flu, okulun ba\u015far\u0131s\u0131nda katk\u0131s\u0131 olanlara da te\u015fekk\u00fcr ederek \u015funlar\u0131 aktard\u0131: \u201cOkulumuzun her alanda bu kadar ba\u015far\u0131l\u0131 olmas\u0131nda fedak\u00e2r \u00f6\u011fretmenlerimizin katk\u0131s\u0131 \u00e7ok b\u00fcy\u00fckt\u00fcr; fakat bug\u00fcnlere gelmemizde en b\u00fcy\u00fck fakt\u00f6r ve en \u00e7ok te\u015fekk\u00fcr ve duay\u0131 hak eden TDV ve TDV\u2019nin muhterem m\u00fctevelli heyeti b\u00fcy\u00fcklerimizin destek ve fedakarl\u0131\u011f\u0131d\u0131r.\u201d<\/p>\n\n\t\t<style type=\"text\/css\">\n\t\t\t#gallery-1 {\n\t\t\t\tmargin: auto;\n\t\t\t}\n\t\t\t#gallery-1 .gallery-item {\n\t\t\t\tfloat: left;\n\t\t\t\tmargin-top: 10px;\n\t\t\t\ttext-align: center;\n\t\t\t\twidth: 33%;\n\t\t\t}\n\t\t\t#gallery-1 img {\n\t\t\t\tborder: 2px solid #cfcfcf;\n\t\t\t}\n\t\t\t#gallery-1 .gallery-caption {\n\t\t\t\tmargin-left: 0;\n\t\t\t}\n\t\t\t\/* see gallery_shortcode() in wp-includes\/media.php *\/\n\t\t<\/style>\n\t\t<div id='gallery-1' class='gallery galleryid-24991 gallery-columns-3 gallery-size-thumbnail'><dl class='gallery-item'>\n\t\t\t<dt class='gallery-icon landscape'>\n\t\t\t\t<a href='https:\/\/tdv.org\/tr-TR\/wp-content\/uploads\/2022\/06\/TDV-Baku-Lisesi-1-scaled.jpg'><img decoding=\"async\" width=\"150\" height=\"150\" src=\"https:\/\/tdv.org\/tr-TR\/wp-content\/uploads\/2022\/06\/TDV-Baku-Lisesi-1-150x150.jpg\" class=\"attachment-thumbnail size-thumbnail\" alt=\"\" srcset=\"https:\/\/tdv.org\/tr-TR\/wp-content\/uploads\/2022\/06\/TDV-Baku-Lisesi-1-150x150.jpg 150w, https:\/\/tdv.org\/tr-TR\/wp-content\/uploads\/2022\/06\/TDV-Baku-Lisesi-1-100x100.jpg 100w, https:\/\/tdv.org\/tr-TR\/wp-content\/uploads\/2022\/06\/TDV-Baku-Lisesi-1-140x140.jpg 140w, https:\/\/tdv.org\/tr-TR\/wp-content\/uploads\/2022\/06\/TDV-Baku-Lisesi-1-500x500.jpg 500w, https:\/\/tdv.org\/tr-TR\/wp-content\/uploads\/2022\/06\/TDV-Baku-Lisesi-1-350x350.jpg 350w, https:\/\/tdv.org\/tr-TR\/wp-content\/uploads\/2022\/06\/TDV-Baku-Lisesi-1-1000x1000.jpg 1000w, https:\/\/tdv.org\/tr-TR\/wp-content\/uploads\/2022\/06\/TDV-Baku-Lisesi-1-800x800.jpg 800w\" sizes=\"(max-width: 150px) 100vw, 150px\" \/><\/a>\n\t\t\t<\/dt><\/dl><dl class='gallery-item'>\n\t\t\t<dt class='gallery-icon landscape'>\n\t\t\t\t<a href='https:\/\/tdv.org\/tr-TR\/wp-content\/uploads\/2022\/06\/TDV-Baku-Lisesi-1.jpeg'><img decoding=\"async\" width=\"150\" height=\"150\" src=\"https:\/\/tdv.org\/tr-TR\/wp-content\/uploads\/2022\/06\/TDV-Baku-Lisesi-1-150x150.jpeg\" class=\"attachment-thumbnail size-thumbnail\" alt=\"\" srcset=\"https:\/\/tdv.org\/tr-TR\/wp-content\/uploads\/2022\/06\/TDV-Baku-Lisesi-1-150x150.jpeg 150w, https:\/\/tdv.org\/tr-TR\/wp-content\/uploads\/2022\/06\/TDV-Baku-Lisesi-1-100x100.jpeg 100w, https:\/\/tdv.org\/tr-TR\/wp-content\/uploads\/2022\/06\/TDV-Baku-Lisesi-1-140x140.jpeg 140w, https:\/\/tdv.org\/tr-TR\/wp-content\/uploads\/2022\/06\/TDV-Baku-Lisesi-1-500x500.jpeg 500w, https:\/\/tdv.org\/tr-TR\/wp-content\/uploads\/2022\/06\/TDV-Baku-Lisesi-1-350x350.jpeg 350w\" sizes=\"(max-width: 150px) 100vw, 150px\" \/><\/a>\n\t\t\t<\/dt><\/dl><dl class='gallery-item'>\n\t\t\t<dt class='gallery-icon landscape'>\n\t\t\t\t<a href='https:\/\/tdv.org\/tr-TR\/wp-content\/uploads\/2022\/06\/TDV-Baku-Lisesi-2.jpeg'><img decoding=\"async\" width=\"150\" height=\"150\" src=\"https:\/\/tdv.org\/tr-TR\/wp-content\/uploads\/2022\/06\/TDV-Baku-Lisesi-2-150x150.jpeg\" class=\"attachment-thumbnail size-thumbnail\" alt=\"\" srcset=\"https:\/\/tdv.org\/tr-TR\/wp-content\/uploads\/2022\/06\/TDV-Baku-Lisesi-2-150x150.jpeg 150w, https:\/\/tdv.org\/tr-TR\/wp-content\/uploads\/2022\/06\/TDV-Baku-Lisesi-2-100x100.jpeg 100w, https:\/\/tdv.org\/tr-TR\/wp-content\/uploads\/2022\/06\/TDV-Baku-Lisesi-2-140x140.jpeg 140w, https:\/\/tdv.org\/tr-TR\/wp-content\/uploads\/2022\/06\/TDV-Baku-Lisesi-2-500x500.jpeg 500w, https:\/\/tdv.org\/tr-TR\/wp-content\/uploads\/2022\/06\/TDV-Baku-Lisesi-2-350x350.jpeg 350w\" sizes=\"(max-width: 150px) 100vw, 150px\" \/><\/a>\n\t\t\t<\/dt><\/dl><br style=\"clear: both\" \/>\n\t\t<\/div>\n\n","protected":false},"excerpt":{"rendered":"<p>Azerbaycan&#8217;daki T\u00fcrkiye Diyanet Vakf\u0131 Bak\u00fc T\u00fcrk Lisesi\u2019nin 4 \u00f6\u011frencisi, bu y\u0131lki \u00fcniversiteye ve liseye giri\u015f s\u0131navlar\u0131nda ald\u0131klar\u0131 puanlarla \u00fclke birincisi olmay\u0131 ba\u015far\u0131rken, bir \u00f6\u011frencisi ise \u00fclke ikincisi oldu. Okuldan mezun&#8230;<\/p>\n","protected":false},"author":7,"featured_media":24992,"comment_status":"open","ping_status":"closed","sticky":false,"template":"","format":"standard","meta":{"footnotes":""},"categories":[1],"tags":[963,1840,1843,1314,155,1316,1842,1841,289,1844],"class_list":{"0":"post-24991","1":"post","2":"type-post","3":"status-publish","4":"format-standard","5":"has-post-thumbnail","7":"category-haberler","8":"tag-azerbaycan","9":"tag-baku-lisesi","10":"tag-birinci","11":"tag-lise","12":"tag-ogrenci","13":"tag-orta-okul","14":"tag-sinav","15":"tag-tdv-turk-baku-lisesi","16":"tag-universite","17":"tag-zirvede"},"yoast_head":"<!-- This site is optimized with the Yoast SEO plugin v27.5 - https:\/\/yoast.com\/product\/yoast-seo-wordpress\/ -->\n<title>Azerbaycan\u2019\u0131n birincileri TDV Bak\u00fc T\u00fcrk Lisesi\u2019nden<\/title>\n<meta name=\"description\" content=\"Azerbaycan&#039;daki T\u00fcrkiye Diyanet Vakf\u0131 Bak\u00fc T\u00fcrk Lisesi\u2019nin 4 \u00f6\u011frencisi, bu y\u0131lki \u00fcniversiteye ve liseye giri\u015f s\u0131navlar\u0131nda ald\u0131klar\u0131 puanlarla \u00fclke birincisi olmay\u0131 ba\u015far\u0131rken, bir \u00f6\u011frencisi ise \u00fclke ikincisi oldu.\" \/>\n<meta name=\"robots\" content=\"index, follow, max-snippet:-1, max-image-preview:large, max-video-preview:-1\" \/>\n<link rel=\"canonical\" href=\"https:\/\/tdv.org\/tr-TR\/azerbaycanin-birincileri-tdv-baku-turk-lisesinden\/\" \/>\n<meta property=\"og:locale\" content=\"tr_TR\" \/>\n<meta property=\"og:type\" content=\"article\" \/>\n<meta property=\"og:title\" content=\"Azerbaycan\u2019\u0131n birincileri TDV Bak\u00fc T\u00fcrk Lisesi\u2019nden\" \/>\n<meta property=\"og:description\" content=\"Azerbaycan&#039;daki T\u00fcrkiye Diyanet Vakf\u0131 Bak\u00fc T\u00fcrk Lisesi\u2019nin 4 \u00f6\u011frencisi, bu y\u0131lki \u00fcniversiteye ve liseye giri\u015f s\u0131navlar\u0131nda ald\u0131klar\u0131 puanlarla \u00fclke birincisi olmay\u0131 ba\u015far\u0131rken, bir \u00f6\u011frencisi ise \u00fclke ikincisi oldu.\" \/>\n<meta property=\"og:url\" content=\"https:\/\/tdv.org\/tr-TR\/azerbaycanin-birincileri-tdv-baku-turk-lisesinden\/\" \/>\n<meta property=\"og:site_name\" content=\"T\u00fcrkiye Diyanet Vakf\u0131 Resmi Web Sitesi\" \/>\n<meta property=\"article:publisher\" content=\"https:\/\/www.facebook.com\/Diyanetvakfi\/\" \/>\n<meta property=\"article:published_time\" content=\"2022-06-21T07:08:20+00:00\" \/>\n<meta property=\"article:modified_time\" content=\"2022-12-08T07:53:59+00:00\" \/>\n<meta property=\"og:image\" content=\"https:\/\/tdv.org\/tr-TR\/wp-content\/uploads\/2022\/06\/TDV-Baku-Lisesi-1-scaled.jpg\" \/>\n\t<meta property=\"og:image:width\" content=\"2560\" \/>\n\t<meta property=\"og:image:height\" content=\"1440\" \/>\n\t<meta property=\"og:image:type\" content=\"image\/jpeg\" \/>\n<meta name=\"author\" content=\"U\u011fur\" \/>\n<meta name=\"twitter:card\" content=\"summary_large_image\" \/>\n<meta name=\"twitter:creator\" content=\"@DiyanetVakfi\" \/>\n<meta name=\"twitter:site\" content=\"@DiyanetVakfi\" \/>\n<script type=\"application\/ld+json\" class=\"yoast-schema-graph\">{\"@context\":\"https:\\\/\\\/schema.org\",\"@graph\":[{\"@type\":\"Article\",\"@id\":\"https:\\\/\\\/tdv.org\\\/tr-TR\\\/azerbaycanin-birincileri-tdv-baku-turk-lisesinden\\\/#article\",\"isPartOf\":{\"@id\":\"https:\\\/\\\/tdv.org\\\/tr-TR\\\/azerbaycanin-birincileri-tdv-baku-turk-lisesinden\\\/\"},\"author\":{\"name\":\"U\u011fur\",\"@id\":\"https:\\\/\\\/tdv.org\\\/tr-TR\\\/#\\\/schema\\\/person\\\/8dcf742852c4614c6fdadb92da159c05\"},\"headline\":\"Azerbaycan\u2019\u0131n birincileri TDV Bak\u00fc T\u00fcrk Lisesi\u2019nden\",\"datePublished\":\"2022-06-21T07:08:20+00:00\",\"dateModified\":\"2022-12-08T07:53:59+00:00\",\"mainEntityOfPage\":{\"@id\":\"https:\\\/\\\/tdv.org\\\/tr-TR\\\/azerbaycanin-birincileri-tdv-baku-turk-lisesinden\\\/\"},\"wordCount\":725,\"commentCount\":0,\"publisher\":{\"@id\":\"https:\\\/\\\/tdv.org\\\/tr-TR\\\/#organization\"},\"image\":{\"@id\":\"https:\\\/\\\/tdv.org\\\/tr-TR\\\/azerbaycanin-birincileri-tdv-baku-turk-lisesinden\\\/#primaryimage\"},\"thumbnailUrl\":\"https:\\\/\\\/tdv.org\\\/tr-TR\\\/wp-content\\\/uploads\\\/2022\\\/06\\\/TDV-Baku-Lisesi-1-scaled.jpg\",\"keywords\":[\"Azerbaycan\",\"bak\u00fc lisesi\",\"birinci\",\"lise\",\"\u00f6\u011frenci\",\"orta okul\",\"s\u0131nav\",\"TDV T\u00fcrk Bak\u00fc Lisesi\",\"\u00dcniversite\",\"zirvede\"],\"articleSection\":[\"Haberler\"],\"inLanguage\":\"tr\",\"potentialAction\":[{\"@type\":\"CommentAction\",\"name\":\"Comment\",\"target\":[\"https:\\\/\\\/tdv.org\\\/tr-TR\\\/azerbaycanin-birincileri-tdv-baku-turk-lisesinden\\\/#respond\"]}]},{\"@type\":\"WebPage\",\"@id\":\"https:\\\/\\\/tdv.org\\\/tr-TR\\\/azerbaycanin-birincileri-tdv-baku-turk-lisesinden\\\/\",\"url\":\"https:\\\/\\\/tdv.org\\\/tr-TR\\\/azerbaycanin-birincileri-tdv-baku-turk-lisesinden\\\/\",\"name\":\"Azerbaycan\u2019\u0131n birincileri TDV Bak\u00fc T\u00fcrk Lisesi\u2019nden\",\"isPartOf\":{\"@id\":\"https:\\\/\\\/tdv.org\\\/tr-TR\\\/#website\"},\"primaryImageOfPage\":{\"@id\":\"https:\\\/\\\/tdv.org\\\/tr-TR\\\/azerbaycanin-birincileri-tdv-baku-turk-lisesinden\\\/#primaryimage\"},\"image\":{\"@id\":\"https:\\\/\\\/tdv.org\\\/tr-TR\\\/azerbaycanin-birincileri-tdv-baku-turk-lisesinden\\\/#primaryimage\"},\"thumbnailUrl\":\"https:\\\/\\\/tdv.org\\\/tr-TR\\\/wp-content\\\/uploads\\\/2022\\\/06\\\/TDV-Baku-Lisesi-1-scaled.jpg\",\"datePublished\":\"2022-06-21T07:08:20+00:00\",\"dateModified\":\"2022-12-08T07:53:59+00:00\",\"description\":\"Azerbaycan'daki T\u00fcrkiye Diyanet Vakf\u0131 Bak\u00fc T\u00fcrk Lisesi\u2019nin 4 \u00f6\u011frencisi, bu y\u0131lki \u00fcniversiteye ve liseye giri\u015f s\u0131navlar\u0131nda ald\u0131klar\u0131 puanlarla \u00fclke birincisi olmay\u0131 ba\u015far\u0131rken, bir \u00f6\u011frencisi ise \u00fclke ikincisi oldu.\",\"breadcrumb\":{\"@id\":\"https:\\\/\\\/tdv.org\\\/tr-TR\\\/azerbaycanin-birincileri-tdv-baku-turk-lisesinden\\\/#breadcrumb\"},\"inLanguage\":\"tr\",\"potentialAction\":[{\"@type\":\"ReadAction\",\"target\":[\"https:\\\/\\\/tdv.org\\\/tr-TR\\\/azerbaycanin-birincileri-tdv-baku-turk-lisesinden\\\/\"]}]},{\"@type\":\"ImageObject\",\"inLanguage\":\"tr\",\"@id\":\"https:\\\/\\\/tdv.org\\\/tr-TR\\\/azerbaycanin-birincileri-tdv-baku-turk-lisesinden\\\/#primaryimage\",\"url\":\"https:\\\/\\\/tdv.org\\\/tr-TR\\\/wp-content\\\/uploads\\\/2022\\\/06\\\/TDV-Baku-Lisesi-1-scaled.jpg\",\"contentUrl\":\"https:\\\/\\\/tdv.org\\\/tr-TR\\\/wp-content\\\/uploads\\\/2022\\\/06\\\/TDV-Baku-Lisesi-1-scaled.jpg\",\"width\":2560,\"height\":1440},{\"@type\":\"BreadcrumbList\",\"@id\":\"https:\\\/\\\/tdv.org\\\/tr-TR\\\/azerbaycanin-birincileri-tdv-baku-turk-lisesinden\\\/#breadcrumb\",\"itemListElement\":[{\"@type\":\"ListItem\",\"position\":1,\"name\":\"Anasayfa\",\"item\":\"https:\\\/\\\/tdv.org\\\/tr-TR\\\/\"},{\"@type\":\"ListItem\",\"position\":2,\"name\":\"Azerbaycan\u2019\u0131n birincileri TDV Bak\u00fc T\u00fcrk Lisesi\u2019nden\"}]},{\"@type\":\"WebSite\",\"@id\":\"https:\\\/\\\/tdv.org\\\/tr-TR\\\/#website\",\"url\":\"https:\\\/\\\/tdv.org\\\/tr-TR\\\/\",\"name\":\"T\u00fcrkiye Diyanet Vakf\u0131 Resmi Web Sitesi\",\"description\":\"Yery\u00fcz\u00fcnde iyilik egemen oluncaya kadar\",\"publisher\":{\"@id\":\"https:\\\/\\\/tdv.org\\\/tr-TR\\\/#organization\"},\"alternateName\":\"T\u00fcrkiye Diyanet Vakf\u0131\",\"potentialAction\":[{\"@type\":\"SearchAction\",\"target\":{\"@type\":\"EntryPoint\",\"urlTemplate\":\"https:\\\/\\\/tdv.org\\\/tr-TR\\\/?s={search_term_string}\"},\"query-input\":{\"@type\":\"PropertyValueSpecification\",\"valueRequired\":true,\"valueName\":\"search_term_string\"}}],\"inLanguage\":\"tr\"},{\"@type\":\"Organization\",\"@id\":\"https:\\\/\\\/tdv.org\\\/tr-TR\\\/#organization\",\"name\":\"T\u00fcrkiye Diyanet Vakf\u0131\",\"alternateName\":\"T\u00fcrkiye Diyanet Vakf\u0131\",\"url\":\"https:\\\/\\\/tdv.org\\\/tr-TR\\\/\",\"logo\":{\"@type\":\"ImageObject\",\"inLanguage\":\"tr\",\"@id\":\"https:\\\/\\\/tdv.org\\\/tr-TR\\\/#\\\/schema\\\/logo\\\/image\\\/\",\"url\":\"https:\\\/\\\/tdv.org\\\/tr-TR\\\/wp-content\\\/uploads\\\/2018\\\/12\\\/TDV_Logo_1.png\",\"contentUrl\":\"https:\\\/\\\/tdv.org\\\/tr-TR\\\/wp-content\\\/uploads\\\/2018\\\/12\\\/TDV_Logo_1.png\",\"width\":207,\"height\":71,\"caption\":\"T\u00fcrkiye Diyanet Vakf\u0131\"},\"image\":{\"@id\":\"https:\\\/\\\/tdv.org\\\/tr-TR\\\/#\\\/schema\\\/logo\\\/image\\\/\"},\"sameAs\":[\"https:\\\/\\\/www.facebook.com\\\/Diyanetvakfi\\\/\",\"https:\\\/\\\/x.com\\\/DiyanetVakfi\",\"https:\\\/\\\/www.instagram.com\\\/turkiyediyanetvakfi\\\/\",\"https:\\\/\\\/www.youtube.com\\\/user\\\/TurkiyeDiyanetVakfi\"]},{\"@type\":\"Person\",\"@id\":\"https:\\\/\\\/tdv.org\\\/tr-TR\\\/#\\\/schema\\\/person\\\/8dcf742852c4614c6fdadb92da159c05\",\"name\":\"U\u011fur\",\"image\":{\"@type\":\"ImageObject\",\"inLanguage\":\"tr\",\"@id\":\"https:\\\/\\\/tdv.org\\\/tr-TR\\\/wp-content\\\/litespeed\\\/avatar\\\/b970c0eba1124f8268544e2640bfa964.jpg?ver=1777289940\",\"url\":\"https:\\\/\\\/tdv.org\\\/tr-TR\\\/wp-content\\\/litespeed\\\/avatar\\\/b970c0eba1124f8268544e2640bfa964.jpg?ver=1777289940\",\"contentUrl\":\"https:\\\/\\\/tdv.org\\\/tr-TR\\\/wp-content\\\/litespeed\\\/avatar\\\/b970c0eba1124f8268544e2640bfa964.jpg?ver=1777289940\",\"caption\":\"U\u011fur\"}}]}<\/script>\n<!-- \/ Yoast SEO plugin. -->","yoast_head_json":{"title":"Azerbaycan\u2019\u0131n birincileri TDV Bak\u00fc T\u00fcrk Lisesi\u2019nden","description":"Azerbaycan'daki T\u00fcrkiye Diyanet Vakf\u0131 Bak\u00fc T\u00fcrk Lisesi\u2019nin 4 \u00f6\u011frencisi, bu y\u0131lki \u00fcniversiteye ve liseye giri\u015f s\u0131navlar\u0131nda ald\u0131klar\u0131 puanlarla \u00fclke birincisi olmay\u0131 ba\u015far\u0131rken, bir \u00f6\u011frencisi ise \u00fclke ikincisi oldu.","robots":{"index":"index","follow":"follow","max-snippet":"max-snippet:-1","max-image-preview":"max-image-preview:large","max-video-preview":"max-video-preview:-1"},"canonical":"https:\/\/tdv.org\/tr-TR\/azerbaycanin-birincileri-tdv-baku-turk-lisesinden\/","og_locale":"tr_TR","og_type":"article","og_title":"Azerbaycan\u2019\u0131n birincileri TDV Bak\u00fc T\u00fcrk Lisesi\u2019nden","og_description":"Azerbaycan'daki T\u00fcrkiye Diyanet Vakf\u0131 Bak\u00fc T\u00fcrk Lisesi\u2019nin 4 \u00f6\u011frencisi, bu y\u0131lki \u00fcniversiteye ve liseye giri\u015f s\u0131navlar\u0131nda ald\u0131klar\u0131 puanlarla \u00fclke birincisi olmay\u0131 ba\u015far\u0131rken, bir \u00f6\u011frencisi ise \u00fclke ikincisi oldu.","og_url":"https:\/\/tdv.org\/tr-TR\/azerbaycanin-birincileri-tdv-baku-turk-lisesinden\/","og_site_name":"T\u00fcrkiye Diyanet Vakf\u0131 Resmi Web Sitesi","article_publisher":"https:\/\/www.facebook.com\/Diyanetvakfi\/","article_published_time":"2022-06-21T07:08:20+00:00","article_modified_time":"2022-12-08T07:53:59+00:00","og_image":[{"width":2560,"height":1440,"url":"https:\/\/tdv.org\/tr-TR\/wp-content\/uploads\/2022\/06\/TDV-Baku-Lisesi-1-scaled.jpg","type":"image\/jpeg"}],"author":"U\u011fur","twitter_card":"summary_large_image","twitter_creator":"@DiyanetVakfi","twitter_site":"@DiyanetVakfi","schema":{"@context":"https:\/\/schema.org","@graph":[{"@type":"Article","@id":"https:\/\/tdv.org\/tr-TR\/azerbaycanin-birincileri-tdv-baku-turk-lisesinden\/#article","isPartOf":{"@id":"https:\/\/tdv.org\/tr-TR\/azerbaycanin-birincileri-tdv-baku-turk-lisesinden\/"},"author":{"name":"U\u011fur","@id":"https:\/\/tdv.org\/tr-TR\/#\/schema\/person\/8dcf742852c4614c6fdadb92da159c05"},"headline":"Azerbaycan\u2019\u0131n birincileri TDV Bak\u00fc T\u00fcrk Lisesi\u2019nden","datePublished":"2022-06-21T07:08:20+00:00","dateModified":"2022-12-08T07:53:59+00:00","mainEntityOfPage":{"@id":"https:\/\/tdv.org\/tr-TR\/azerbaycanin-birincileri-tdv-baku-turk-lisesinden\/"},"wordCount":725,"commentCount":0,"publisher":{"@id":"https:\/\/tdv.org\/tr-TR\/#organization"},"image":{"@id":"https:\/\/tdv.org\/tr-TR\/azerbaycanin-birincileri-tdv-baku-turk-lisesinden\/#primaryimage"},"thumbnailUrl":"https:\/\/tdv.org\/tr-TR\/wp-content\/uploads\/2022\/06\/TDV-Baku-Lisesi-1-scaled.jpg","keywords":["Azerbaycan","bak\u00fc lisesi","birinci","lise","\u00f6\u011frenci","orta okul","s\u0131nav","TDV T\u00fcrk Bak\u00fc Lisesi","\u00dcniversite","zirvede"],"articleSection":["Haberler"],"inLanguage":"tr","potentialAction":[{"@type":"CommentAction","name":"Comment","target":["https:\/\/tdv.org\/tr-TR\/azerbaycanin-birincileri-tdv-baku-turk-lisesinden\/#respond"]}]},{"@type":"WebPage","@id":"https:\/\/tdv.org\/tr-TR\/azerbaycanin-birincileri-tdv-baku-turk-lisesinden\/","url":"https:\/\/tdv.org\/tr-TR\/azerbaycanin-birincileri-tdv-baku-turk-lisesinden\/","name":"Azerbaycan\u2019\u0131n birincileri TDV Bak\u00fc T\u00fcrk Lisesi\u2019nden","isPartOf":{"@id":"https:\/\/tdv.org\/tr-TR\/#website"},"primaryImageOfPage":{"@id":"https:\/\/tdv.org\/tr-TR\/azerbaycanin-birincileri-tdv-baku-turk-lisesinden\/#primaryimage"},"image":{"@id":"https:\/\/tdv.org\/tr-TR\/azerbaycanin-birincileri-tdv-baku-turk-lisesinden\/#primaryimage"},"thumbnailUrl":"https:\/\/tdv.org\/tr-TR\/wp-content\/uploads\/2022\/06\/TDV-Baku-Lisesi-1-scaled.jpg","datePublished":"2022-06-21T07:08:20+00:00","dateModified":"2022-12-08T07:53:59+00:00","description":"Azerbaycan'daki T\u00fcrkiye Diyanet Vakf\u0131 Bak\u00fc T\u00fcrk Lisesi\u2019nin 4 \u00f6\u011frencisi, bu y\u0131lki \u00fcniversiteye ve liseye giri\u015f s\u0131navlar\u0131nda ald\u0131klar\u0131 puanlarla \u00fclke birincisi olmay\u0131 ba\u015far\u0131rken, bir \u00f6\u011frencisi ise \u00fclke ikincisi oldu.","breadcrumb":{"@id":"https:\/\/tdv.org\/tr-TR\/azerbaycanin-birincileri-tdv-baku-turk-lisesinden\/#breadcrumb"},"inLanguage":"tr","potentialAction":[{"@type":"ReadAction","target":["https:\/\/tdv.org\/tr-TR\/azerbaycanin-birincileri-tdv-baku-turk-lisesinden\/"]}]},{"@type":"ImageObject","inLanguage":"tr","@id":"https:\/\/tdv.org\/tr-TR\/azerbaycanin-birincileri-tdv-baku-turk-lisesinden\/#primaryimage","url":"https:\/\/tdv.org\/tr-TR\/wp-content\/uploads\/2022\/06\/TDV-Baku-Lisesi-1-scaled.jpg","contentUrl":"https:\/\/tdv.org\/tr-TR\/wp-content\/uploads\/2022\/06\/TDV-Baku-Lisesi-1-scaled.jpg","width":2560,"height":1440},{"@type":"BreadcrumbList","@id":"https:\/\/tdv.org\/tr-TR\/azerbaycanin-birincileri-tdv-baku-turk-lisesinden\/#breadcrumb","itemListElement":[{"@type":"ListItem","position":1,"name":"Anasayfa","item":"https:\/\/tdv.org\/tr-TR\/"},{"@type":"ListItem","position":2,"name":"Azerbaycan\u2019\u0131n birincileri TDV Bak\u00fc T\u00fcrk Lisesi\u2019nden"}]},{"@type":"WebSite","@id":"https:\/\/tdv.org\/tr-TR\/#website","url":"https:\/\/tdv.org\/tr-TR\/","name":"T\u00fcrkiye Diyanet Vakf\u0131 Resmi Web Sitesi","description":"Yery\u00fcz\u00fcnde iyilik egemen oluncaya kadar","publisher":{"@id":"https:\/\/tdv.org\/tr-TR\/#organization"},"alternateName":"T\u00fcrkiye Diyanet Vakf\u0131","potentialAction":[{"@type":"SearchAction","target":{"@type":"EntryPoint","urlTemplate":"https:\/\/tdv.org\/tr-TR\/?s={search_term_string}"},"query-input":{"@type":"PropertyValueSpecification","valueRequired":true,"valueName":"search_term_string"}}],"inLanguage":"tr"},{"@type":"Organization","@id":"https:\/\/tdv.org\/tr-TR\/#organization","name":"T\u00fcrkiye Diyanet Vakf\u0131","alternateName":"T\u00fcrkiye Diyanet Vakf\u0131","url":"https:\/\/tdv.org\/tr-TR\/","logo":{"@type":"ImageObject","inLanguage":"tr","@id":"https:\/\/tdv.org\/tr-TR\/#\/schema\/logo\/image\/","url":"https:\/\/tdv.org\/tr-TR\/wp-content\/uploads\/2018\/12\/TDV_Logo_1.png","contentUrl":"https:\/\/tdv.org\/tr-TR\/wp-content\/uploads\/2018\/12\/TDV_Logo_1.png","width":207,"height":71,"caption":"T\u00fcrkiye Diyanet Vakf\u0131"},"image":{"@id":"https:\/\/tdv.org\/tr-TR\/#\/schema\/logo\/image\/"},"sameAs":["https:\/\/www.facebook.com\/Diyanetvakfi\/","https:\/\/x.com\/DiyanetVakfi","https:\/\/www.instagram.com\/turkiyediyanetvakfi\/","https:\/\/www.youtube.com\/user\/TurkiyeDiyanetVakfi"]},{"@type":"Person","@id":"https:\/\/tdv.org\/tr-TR\/#\/schema\/person\/8dcf742852c4614c6fdadb92da159c05","name":"U\u011fur","image":{"@type":"ImageObject","inLanguage":"tr","@id":"https:\/\/tdv.org\/tr-TR\/wp-content\/litespeed\/avatar\/b970c0eba1124f8268544e2640bfa964.jpg?ver=1777289940","url":"https:\/\/tdv.org\/tr-TR\/wp-content\/litespeed\/avatar\/b970c0eba1124f8268544e2640bfa964.jpg?ver=1777289940","contentUrl":"https:\/\/tdv.org\/tr-TR\/wp-content\/litespeed\/avatar\/b970c0eba1124f8268544e2640bfa964.jpg?ver=1777289940","caption":"U\u011fur"}}]}},"_links":{"self":[{"href":"https:\/\/tdv.org\/tr-TR\/wp-json\/wp\/v2\/posts\/24991","targetHints":{"allow":["GET"]}}],"collection":[{"href":"https:\/\/tdv.org\/tr-TR\/wp-json\/wp\/v2\/posts"}],"about":[{"href":"https:\/\/tdv.org\/tr-TR\/wp-json\/wp\/v2\/types\/post"}],"author":[{"embeddable":true,"href":"https:\/\/tdv.org\/tr-TR\/wp-json\/wp\/v2\/users\/7"}],"replies":[{"embeddable":true,"href":"https:\/\/tdv.org\/tr-TR\/wp-json\/wp\/v2\/comments?post=24991"}],"version-history":[{"count":3,"href":"https:\/\/tdv.org\/tr-TR\/wp-json\/wp\/v2\/posts\/24991\/revisions"}],"predecessor-version":[{"id":25016,"href":"https:\/\/tdv.org\/tr-TR\/wp-json\/wp\/v2\/posts\/24991\/revisions\/25016"}],"wp:featuredmedia":[{"embeddable":true,"href":"https:\/\/tdv.org\/tr-TR\/wp-json\/wp\/v2\/media\/24992"}],"wp:attachment":[{"href":"https:\/\/tdv.org\/tr-TR\/wp-json\/wp\/v2\/media?parent=24991"}],"wp:term":[{"taxonomy":"category","embeddable":true,"href":"https:\/\/tdv.org\/tr-TR\/wp-json\/wp\/v2\/categories?post=24991"},{"taxonomy":"post_tag","embeddable":true,"href":"https:\/\/tdv.org\/tr-TR\/wp-json\/wp\/v2\/tags?post=24991"}],"curies":[{"name":"wp","href":"https:\/\/api.w.org\/{rel}","templated":true}]}}