{"id":25797,"date":"2022-07-10T09:09:18","date_gmt":"2022-07-10T06:09:18","guid":{"rendered":"https:\/\/tdv.org\/tr-TR\/?p=25797"},"modified":"2022-12-08T09:49:09","modified_gmt":"2022-12-08T06:49:09","slug":"turkiye-diyanet-vakfi-ganada-ihtiyac-sahibi-ailelere-ulasti","status":"publish","type":"post","link":"https:\/\/tdv.org\/tr-TR\/turkiye-diyanet-vakfi-ganada-ihtiyac-sahibi-ailelere-ulasti\/","title":{"rendered":"T\u00fcrkiye Diyanet Vakf\u0131 Gana&#8217;da ihtiya\u00e7 sahibi ailelere ula\u015ft\u0131"},"content":{"rendered":"<p>T\u00fcrkiye Diyanet Vakf\u0131 (TDV), &#8220;Kurban\u0131n\u0131 Payla\u015f Karde\u015finle Yak\u0131nla\u015f&#8221; program\u0131 kapsam\u0131nda Gana&#8217;da ihtiya\u00e7 sahibi ailelere 10 bin 500 hisse kurban eti da\u011f\u0131t\u0131m\u0131na ba\u015flad\u0131.<\/p>\n<p>TDV, Gana&#8217;n\u0131n yoksul b\u00f6lgelerinden Dodova, Tamale, Akimoda, Kofaridua, Yendi ve Volta&#8217;ya Kurban Bayram\u0131 boyunca yard\u0131m ula\u015ft\u0131racak.<\/p>\n<p>Yakla\u015f\u0131k 400 bin ki\u015fiye ula\u015fmas\u0131 hedeflenen kurban eti da\u011f\u0131t\u0131m\u0131na Akra&#8217;n\u0131n kuzeyindeki Dodova b\u00f6lgesinde ba\u015fland\u0131.<\/p>\n<p>Kurban kesim yerinde incelemede bulunan Diyanet \u0130\u015fleri Ba\u015fkanl\u0131\u011f\u0131 Gana Temsilcisi S\u00fcleyman K\u0131sao\u011flu, t\u00fcm ba\u011f\u0131\u015f\u00e7\u0131lara te\u015fekk\u00fcrlerini ileterek Gana&#8217;da yard\u0131ma muhta\u00e7 \u00e7ok fazla ki\u015finin bulundu\u011funu ve Gana halk\u0131n\u0131n bu yard\u0131mlardan dolay\u0131 \u00e7ok mutlu oldu\u011funu s\u00f6yledi.<\/p>\n<p>TDV g\u00f6n\u00fcll\u00fcleri olarak program kapsam\u0131nda Gana&#8217;ya gelen gazeteci-yazar Mehmet Ard\u0131\u00e7 ve oyuncu Burak Haktan\u0131r da a\u00e7\u0131klamalarda bulundu.<\/p>\n<p>TDV&#8217;nin bu organizasyonunun bir T\u00fcrk vatanda\u015f\u0131 olarak kendisini \u00e7ok sevindirdi\u011fine de\u011finen Ard\u0131\u00e7, &#8220;T\u00fcrkiye&#8217;den kurban ba\u011f\u0131\u015flayan karde\u015flerimizin isimleri burada teker teker okunuyor, kurbanlar kesiliyor ve ihtiya\u00e7 sahiplerine ula\u015ft\u0131r\u0131l\u0131yor.&#8221; dedi.<\/p>\n<p>Organizasyonun b\u00fcy\u00fckl\u00fc\u011f\u00fcne dikkati \u00e7eken Haktan\u0131r da &#8220;Bu t\u00fcr organizasyonlar\u0131 y\u00f6netmek \u00e7ok zor bir i\u015f. Burada g\u00f6rd\u00fck ki TDV bu alanda uzmanla\u015fm\u0131\u015f ve bu i\u015fi zirveye ta\u015f\u0131m\u0131\u015f durumda.&#8221; \u015feklinde konu\u015ftu.<\/p>\n\n\t\t<style type=\"text\/css\">\n\t\t\t#gallery-1 {\n\t\t\t\tmargin: auto;\n\t\t\t}\n\t\t\t#gallery-1 .gallery-item {\n\t\t\t\tfloat: left;\n\t\t\t\tmargin-top: 10px;\n\t\t\t\ttext-align: center;\n\t\t\t\twidth: 16%;\n\t\t\t}\n\t\t\t#gallery-1 img {\n\t\t\t\tborder: 2px solid #cfcfcf;\n\t\t\t}\n\t\t\t#gallery-1 .gallery-caption {\n\t\t\t\tmargin-left: 0;\n\t\t\t}\n\t\t\t\/* see gallery_shortcode() in wp-includes\/media.php *\/\n\t\t<\/style>\n\t\t<div id='gallery-1' class='gallery galleryid-25797 gallery-columns-6 gallery-size-thumbnail'><dl class='gallery-item'>\n\t\t\t<dt class='gallery-icon landscape'>\n\t\t\t\t<a href='https:\/\/tdv.org\/tr-TR\/wp-content\/uploads\/2022\/07\/AA-20220709-28381689-28381683-TURKIYE_DIYANET_VAKFI_GANADA_IHTIYAC_SAHIBI_AILELERE_ULASTI-scaled.jpg'><img decoding=\"async\" width=\"150\" height=\"150\" src=\"https:\/\/tdv.org\/tr-TR\/wp-content\/uploads\/2022\/07\/AA-20220709-28381689-28381683-TURKIYE_DIYANET_VAKFI_GANADA_IHTIYAC_SAHIBI_AILELERE_ULASTI-150x150.jpg\" class=\"attachment-thumbnail size-thumbnail\" alt=\"\" srcset=\"https:\/\/tdv.org\/tr-TR\/wp-content\/uploads\/2022\/07\/AA-20220709-28381689-28381683-TURKIYE_DIYANET_VAKFI_GANADA_IHTIYAC_SAHIBI_AILELERE_ULASTI-150x150.jpg 150w, https:\/\/tdv.org\/tr-TR\/wp-content\/uploads\/2022\/07\/AA-20220709-28381689-28381683-TURKIYE_DIYANET_VAKFI_GANADA_IHTIYAC_SAHIBI_AILELERE_ULASTI-100x100.jpg 100w, https:\/\/tdv.org\/tr-TR\/wp-content\/uploads\/2022\/07\/AA-20220709-28381689-28381683-TURKIYE_DIYANET_VAKFI_GANADA_IHTIYAC_SAHIBI_AILELERE_ULASTI-140x140.jpg 140w, https:\/\/tdv.org\/tr-TR\/wp-content\/uploads\/2022\/07\/AA-20220709-28381689-28381683-TURKIYE_DIYANET_VAKFI_GANADA_IHTIYAC_SAHIBI_AILELERE_ULASTI-500x500.jpg 500w, https:\/\/tdv.org\/tr-TR\/wp-content\/uploads\/2022\/07\/AA-20220709-28381689-28381683-TURKIYE_DIYANET_VAKFI_GANADA_IHTIYAC_SAHIBI_AILELERE_ULASTI-350x350.jpg 350w, https:\/\/tdv.org\/tr-TR\/wp-content\/uploads\/2022\/07\/AA-20220709-28381689-28381683-TURKIYE_DIYANET_VAKFI_GANADA_IHTIYAC_SAHIBI_AILELERE_ULASTI-1000x1000.jpg 1000w, https:\/\/tdv.org\/tr-TR\/wp-content\/uploads\/2022\/07\/AA-20220709-28381689-28381683-TURKIYE_DIYANET_VAKFI_GANADA_IHTIYAC_SAHIBI_AILELERE_ULASTI-800x800.jpg 800w\" sizes=\"(max-width: 150px) 100vw, 150px\" \/><\/a>\n\t\t\t<\/dt><\/dl><dl class='gallery-item'>\n\t\t\t<dt class='gallery-icon landscape'>\n\t\t\t\t<a href='https:\/\/tdv.org\/tr-TR\/wp-content\/uploads\/2022\/07\/AA-20220709-28381689-28381688-TURKIYE_DIYANET_VAKFI_GANADA_IHTIYAC_SAHIBI_AILELERE_ULASTI-scaled.jpg'><img decoding=\"async\" width=\"150\" height=\"150\" src=\"https:\/\/tdv.org\/tr-TR\/wp-content\/uploads\/2022\/07\/AA-20220709-28381689-28381688-TURKIYE_DIYANET_VAKFI_GANADA_IHTIYAC_SAHIBI_AILELERE_ULASTI-150x150.jpg\" class=\"attachment-thumbnail size-thumbnail\" alt=\"\" srcset=\"https:\/\/tdv.org\/tr-TR\/wp-content\/uploads\/2022\/07\/AA-20220709-28381689-28381688-TURKIYE_DIYANET_VAKFI_GANADA_IHTIYAC_SAHIBI_AILELERE_ULASTI-150x150.jpg 150w, https:\/\/tdv.org\/tr-TR\/wp-content\/uploads\/2022\/07\/AA-20220709-28381689-28381688-TURKIYE_DIYANET_VAKFI_GANADA_IHTIYAC_SAHIBI_AILELERE_ULASTI-100x100.jpg 100w, https:\/\/tdv.org\/tr-TR\/wp-content\/uploads\/2022\/07\/AA-20220709-28381689-28381688-TURKIYE_DIYANET_VAKFI_GANADA_IHTIYAC_SAHIBI_AILELERE_ULASTI-140x140.jpg 140w, https:\/\/tdv.org\/tr-TR\/wp-content\/uploads\/2022\/07\/AA-20220709-28381689-28381688-TURKIYE_DIYANET_VAKFI_GANADA_IHTIYAC_SAHIBI_AILELERE_ULASTI-500x500.jpg 500w, https:\/\/tdv.org\/tr-TR\/wp-content\/uploads\/2022\/07\/AA-20220709-28381689-28381688-TURKIYE_DIYANET_VAKFI_GANADA_IHTIYAC_SAHIBI_AILELERE_ULASTI-350x350.jpg 350w, https:\/\/tdv.org\/tr-TR\/wp-content\/uploads\/2022\/07\/AA-20220709-28381689-28381688-TURKIYE_DIYANET_VAKFI_GANADA_IHTIYAC_SAHIBI_AILELERE_ULASTI-1000x1000.jpg 1000w, https:\/\/tdv.org\/tr-TR\/wp-content\/uploads\/2022\/07\/AA-20220709-28381689-28381688-TURKIYE_DIYANET_VAKFI_GANADA_IHTIYAC_SAHIBI_AILELERE_ULASTI-800x800.jpg 800w\" sizes=\"(max-width: 150px) 100vw, 150px\" \/><\/a>\n\t\t\t<\/dt><\/dl><dl class='gallery-item'>\n\t\t\t<dt class='gallery-icon landscape'>\n\t\t\t\t<a href='https:\/\/tdv.org\/tr-TR\/wp-content\/uploads\/2022\/07\/AA-20220709-28381689-28381681-TURKIYE_DIYANET_VAKFI_GANADA_IHTIYAC_SAHIBI_AILELERE_ULASTI-scaled.jpg'><img decoding=\"async\" width=\"150\" height=\"150\" src=\"https:\/\/tdv.org\/tr-TR\/wp-content\/uploads\/2022\/07\/AA-20220709-28381689-28381681-TURKIYE_DIYANET_VAKFI_GANADA_IHTIYAC_SAHIBI_AILELERE_ULASTI-150x150.jpg\" class=\"attachment-thumbnail size-thumbnail\" alt=\"\" srcset=\"https:\/\/tdv.org\/tr-TR\/wp-content\/uploads\/2022\/07\/AA-20220709-28381689-28381681-TURKIYE_DIYANET_VAKFI_GANADA_IHTIYAC_SAHIBI_AILELERE_ULASTI-150x150.jpg 150w, https:\/\/tdv.org\/tr-TR\/wp-content\/uploads\/2022\/07\/AA-20220709-28381689-28381681-TURKIYE_DIYANET_VAKFI_GANADA_IHTIYAC_SAHIBI_AILELERE_ULASTI-100x100.jpg 100w, https:\/\/tdv.org\/tr-TR\/wp-content\/uploads\/2022\/07\/AA-20220709-28381689-28381681-TURKIYE_DIYANET_VAKFI_GANADA_IHTIYAC_SAHIBI_AILELERE_ULASTI-140x140.jpg 140w, https:\/\/tdv.org\/tr-TR\/wp-content\/uploads\/2022\/07\/AA-20220709-28381689-28381681-TURKIYE_DIYANET_VAKFI_GANADA_IHTIYAC_SAHIBI_AILELERE_ULASTI-500x500.jpg 500w, https:\/\/tdv.org\/tr-TR\/wp-content\/uploads\/2022\/07\/AA-20220709-28381689-28381681-TURKIYE_DIYANET_VAKFI_GANADA_IHTIYAC_SAHIBI_AILELERE_ULASTI-350x350.jpg 350w, https:\/\/tdv.org\/tr-TR\/wp-content\/uploads\/2022\/07\/AA-20220709-28381689-28381681-TURKIYE_DIYANET_VAKFI_GANADA_IHTIYAC_SAHIBI_AILELERE_ULASTI-1000x1000.jpg 1000w, https:\/\/tdv.org\/tr-TR\/wp-content\/uploads\/2022\/07\/AA-20220709-28381689-28381681-TURKIYE_DIYANET_VAKFI_GANADA_IHTIYAC_SAHIBI_AILELERE_ULASTI-800x800.jpg 800w\" sizes=\"(max-width: 150px) 100vw, 150px\" \/><\/a>\n\t\t\t<\/dt><\/dl><dl class='gallery-item'>\n\t\t\t<dt class='gallery-icon landscape'>\n\t\t\t\t<a href='https:\/\/tdv.org\/tr-TR\/wp-content\/uploads\/2022\/07\/AA-20220709-28381689-28381682-TURKIYE_DIYANET_VAKFI_GANADA_IHTIYAC_SAHIBI_AILELERE_ULASTI-scaled.jpg'><img decoding=\"async\" width=\"150\" height=\"150\" src=\"https:\/\/tdv.org\/tr-TR\/wp-content\/uploads\/2022\/07\/AA-20220709-28381689-28381682-TURKIYE_DIYANET_VAKFI_GANADA_IHTIYAC_SAHIBI_AILELERE_ULASTI-150x150.jpg\" class=\"attachment-thumbnail size-thumbnail\" alt=\"\" srcset=\"https:\/\/tdv.org\/tr-TR\/wp-content\/uploads\/2022\/07\/AA-20220709-28381689-28381682-TURKIYE_DIYANET_VAKFI_GANADA_IHTIYAC_SAHIBI_AILELERE_ULASTI-150x150.jpg 150w, https:\/\/tdv.org\/tr-TR\/wp-content\/uploads\/2022\/07\/AA-20220709-28381689-28381682-TURKIYE_DIYANET_VAKFI_GANADA_IHTIYAC_SAHIBI_AILELERE_ULASTI-100x100.jpg 100w, https:\/\/tdv.org\/tr-TR\/wp-content\/uploads\/2022\/07\/AA-20220709-28381689-28381682-TURKIYE_DIYANET_VAKFI_GANADA_IHTIYAC_SAHIBI_AILELERE_ULASTI-140x140.jpg 140w, https:\/\/tdv.org\/tr-TR\/wp-content\/uploads\/2022\/07\/AA-20220709-28381689-28381682-TURKIYE_DIYANET_VAKFI_GANADA_IHTIYAC_SAHIBI_AILELERE_ULASTI-500x500.jpg 500w, https:\/\/tdv.org\/tr-TR\/wp-content\/uploads\/2022\/07\/AA-20220709-28381689-28381682-TURKIYE_DIYANET_VAKFI_GANADA_IHTIYAC_SAHIBI_AILELERE_ULASTI-350x350.jpg 350w, https:\/\/tdv.org\/tr-TR\/wp-content\/uploads\/2022\/07\/AA-20220709-28381689-28381682-TURKIYE_DIYANET_VAKFI_GANADA_IHTIYAC_SAHIBI_AILELERE_ULASTI-1000x1000.jpg 1000w, https:\/\/tdv.org\/tr-TR\/wp-content\/uploads\/2022\/07\/AA-20220709-28381689-28381682-TURKIYE_DIYANET_VAKFI_GANADA_IHTIYAC_SAHIBI_AILELERE_ULASTI-800x800.jpg 800w\" sizes=\"(max-width: 150px) 100vw, 150px\" \/><\/a>\n\t\t\t<\/dt><\/dl><dl class='gallery-item'>\n\t\t\t<dt class='gallery-icon landscape'>\n\t\t\t\t<a href='https:\/\/tdv.org\/tr-TR\/wp-content\/uploads\/2022\/07\/AA-20220709-28381689-28381684-TURKIYE_DIYANET_VAKFI_GANADA_IHTIYAC_SAHIBI_AILELERE_ULASTI-scaled.jpg'><img decoding=\"async\" width=\"150\" height=\"150\" src=\"https:\/\/tdv.org\/tr-TR\/wp-content\/uploads\/2022\/07\/AA-20220709-28381689-28381684-TURKIYE_DIYANET_VAKFI_GANADA_IHTIYAC_SAHIBI_AILELERE_ULASTI-150x150.jpg\" class=\"attachment-thumbnail size-thumbnail\" alt=\"\" srcset=\"https:\/\/tdv.org\/tr-TR\/wp-content\/uploads\/2022\/07\/AA-20220709-28381689-28381684-TURKIYE_DIYANET_VAKFI_GANADA_IHTIYAC_SAHIBI_AILELERE_ULASTI-150x150.jpg 150w, https:\/\/tdv.org\/tr-TR\/wp-content\/uploads\/2022\/07\/AA-20220709-28381689-28381684-TURKIYE_DIYANET_VAKFI_GANADA_IHTIYAC_SAHIBI_AILELERE_ULASTI-100x100.jpg 100w, https:\/\/tdv.org\/tr-TR\/wp-content\/uploads\/2022\/07\/AA-20220709-28381689-28381684-TURKIYE_DIYANET_VAKFI_GANADA_IHTIYAC_SAHIBI_AILELERE_ULASTI-140x140.jpg 140w, https:\/\/tdv.org\/tr-TR\/wp-content\/uploads\/2022\/07\/AA-20220709-28381689-28381684-TURKIYE_DIYANET_VAKFI_GANADA_IHTIYAC_SAHIBI_AILELERE_ULASTI-500x500.jpg 500w, https:\/\/tdv.org\/tr-TR\/wp-content\/uploads\/2022\/07\/AA-20220709-28381689-28381684-TURKIYE_DIYANET_VAKFI_GANADA_IHTIYAC_SAHIBI_AILELERE_ULASTI-350x350.jpg 350w, https:\/\/tdv.org\/tr-TR\/wp-content\/uploads\/2022\/07\/AA-20220709-28381689-28381684-TURKIYE_DIYANET_VAKFI_GANADA_IHTIYAC_SAHIBI_AILELERE_ULASTI-1000x1000.jpg 1000w, https:\/\/tdv.org\/tr-TR\/wp-content\/uploads\/2022\/07\/AA-20220709-28381689-28381684-TURKIYE_DIYANET_VAKFI_GANADA_IHTIYAC_SAHIBI_AILELERE_ULASTI-800x800.jpg 800w\" sizes=\"(max-width: 150px) 100vw, 150px\" \/><\/a>\n\t\t\t<\/dt><\/dl><dl class='gallery-item'>\n\t\t\t<dt class='gallery-icon landscape'>\n\t\t\t\t<a href='https:\/\/tdv.org\/tr-TR\/wp-content\/uploads\/2022\/07\/AA-20220709-28381689-28381685-TURKIYE_DIYANET_VAKFI_GANADA_IHTIYAC_SAHIBI_AILELERE_ULASTI-scaled.jpg'><img decoding=\"async\" width=\"150\" height=\"150\" src=\"https:\/\/tdv.org\/tr-TR\/wp-content\/uploads\/2022\/07\/AA-20220709-28381689-28381685-TURKIYE_DIYANET_VAKFI_GANADA_IHTIYAC_SAHIBI_AILELERE_ULASTI-150x150.jpg\" class=\"attachment-thumbnail size-thumbnail\" alt=\"\" srcset=\"https:\/\/tdv.org\/tr-TR\/wp-content\/uploads\/2022\/07\/AA-20220709-28381689-28381685-TURKIYE_DIYANET_VAKFI_GANADA_IHTIYAC_SAHIBI_AILELERE_ULASTI-150x150.jpg 150w, https:\/\/tdv.org\/tr-TR\/wp-content\/uploads\/2022\/07\/AA-20220709-28381689-28381685-TURKIYE_DIYANET_VAKFI_GANADA_IHTIYAC_SAHIBI_AILELERE_ULASTI-100x100.jpg 100w, https:\/\/tdv.org\/tr-TR\/wp-content\/uploads\/2022\/07\/AA-20220709-28381689-28381685-TURKIYE_DIYANET_VAKFI_GANADA_IHTIYAC_SAHIBI_AILELERE_ULASTI-140x140.jpg 140w, https:\/\/tdv.org\/tr-TR\/wp-content\/uploads\/2022\/07\/AA-20220709-28381689-28381685-TURKIYE_DIYANET_VAKFI_GANADA_IHTIYAC_SAHIBI_AILELERE_ULASTI-500x500.jpg 500w, https:\/\/tdv.org\/tr-TR\/wp-content\/uploads\/2022\/07\/AA-20220709-28381689-28381685-TURKIYE_DIYANET_VAKFI_GANADA_IHTIYAC_SAHIBI_AILELERE_ULASTI-350x350.jpg 350w, https:\/\/tdv.org\/tr-TR\/wp-content\/uploads\/2022\/07\/AA-20220709-28381689-28381685-TURKIYE_DIYANET_VAKFI_GANADA_IHTIYAC_SAHIBI_AILELERE_ULASTI-1000x1000.jpg 1000w, https:\/\/tdv.org\/tr-TR\/wp-content\/uploads\/2022\/07\/AA-20220709-28381689-28381685-TURKIYE_DIYANET_VAKFI_GANADA_IHTIYAC_SAHIBI_AILELERE_ULASTI-800x800.jpg 800w\" sizes=\"(max-width: 150px) 100vw, 150px\" \/><\/a>\n\t\t\t<\/dt><\/dl><br style=\"clear: both\" \/><dl class='gallery-item'>\n\t\t\t<dt class='gallery-icon landscape'>\n\t\t\t\t<a href='https:\/\/tdv.org\/tr-TR\/wp-content\/uploads\/2022\/07\/AA-20220709-28381689-28381686-TURKIYE_DIYANET_VAKFI_GANADA_IHTIYAC_SAHIBI_AILELERE_ULASTI-scaled.jpg'><img decoding=\"async\" width=\"150\" height=\"150\" src=\"https:\/\/tdv.org\/tr-TR\/wp-content\/uploads\/2022\/07\/AA-20220709-28381689-28381686-TURKIYE_DIYANET_VAKFI_GANADA_IHTIYAC_SAHIBI_AILELERE_ULASTI-150x150.jpg\" class=\"attachment-thumbnail size-thumbnail\" alt=\"\" srcset=\"https:\/\/tdv.org\/tr-TR\/wp-content\/uploads\/2022\/07\/AA-20220709-28381689-28381686-TURKIYE_DIYANET_VAKFI_GANADA_IHTIYAC_SAHIBI_AILELERE_ULASTI-150x150.jpg 150w, https:\/\/tdv.org\/tr-TR\/wp-content\/uploads\/2022\/07\/AA-20220709-28381689-28381686-TURKIYE_DIYANET_VAKFI_GANADA_IHTIYAC_SAHIBI_AILELERE_ULASTI-100x100.jpg 100w, https:\/\/tdv.org\/tr-TR\/wp-content\/uploads\/2022\/07\/AA-20220709-28381689-28381686-TURKIYE_DIYANET_VAKFI_GANADA_IHTIYAC_SAHIBI_AILELERE_ULASTI-140x140.jpg 140w, https:\/\/tdv.org\/tr-TR\/wp-content\/uploads\/2022\/07\/AA-20220709-28381689-28381686-TURKIYE_DIYANET_VAKFI_GANADA_IHTIYAC_SAHIBI_AILELERE_ULASTI-500x500.jpg 500w, https:\/\/tdv.org\/tr-TR\/wp-content\/uploads\/2022\/07\/AA-20220709-28381689-28381686-TURKIYE_DIYANET_VAKFI_GANADA_IHTIYAC_SAHIBI_AILELERE_ULASTI-350x350.jpg 350w, https:\/\/tdv.org\/tr-TR\/wp-content\/uploads\/2022\/07\/AA-20220709-28381689-28381686-TURKIYE_DIYANET_VAKFI_GANADA_IHTIYAC_SAHIBI_AILELERE_ULASTI-1000x1000.jpg 1000w, https:\/\/tdv.org\/tr-TR\/wp-content\/uploads\/2022\/07\/AA-20220709-28381689-28381686-TURKIYE_DIYANET_VAKFI_GANADA_IHTIYAC_SAHIBI_AILELERE_ULASTI-800x800.jpg 800w\" sizes=\"(max-width: 150px) 100vw, 150px\" \/><\/a>\n\t\t\t<\/dt><\/dl><dl class='gallery-item'>\n\t\t\t<dt class='gallery-icon landscape'>\n\t\t\t\t<a href='https:\/\/tdv.org\/tr-TR\/wp-content\/uploads\/2022\/07\/AA-20220709-28381689-28381687-TURKIYE_DIYANET_VAKFI_GANADA_IHTIYAC_SAHIBI_AILELERE_ULASTI-scaled.jpg'><img decoding=\"async\" width=\"150\" height=\"150\" src=\"https:\/\/tdv.org\/tr-TR\/wp-content\/uploads\/2022\/07\/AA-20220709-28381689-28381687-TURKIYE_DIYANET_VAKFI_GANADA_IHTIYAC_SAHIBI_AILELERE_ULASTI-150x150.jpg\" class=\"attachment-thumbnail size-thumbnail\" alt=\"\" srcset=\"https:\/\/tdv.org\/tr-TR\/wp-content\/uploads\/2022\/07\/AA-20220709-28381689-28381687-TURKIYE_DIYANET_VAKFI_GANADA_IHTIYAC_SAHIBI_AILELERE_ULASTI-150x150.jpg 150w, https:\/\/tdv.org\/tr-TR\/wp-content\/uploads\/2022\/07\/AA-20220709-28381689-28381687-TURKIYE_DIYANET_VAKFI_GANADA_IHTIYAC_SAHIBI_AILELERE_ULASTI-100x100.jpg 100w, https:\/\/tdv.org\/tr-TR\/wp-content\/uploads\/2022\/07\/AA-20220709-28381689-28381687-TURKIYE_DIYANET_VAKFI_GANADA_IHTIYAC_SAHIBI_AILELERE_ULASTI-140x140.jpg 140w, https:\/\/tdv.org\/tr-TR\/wp-content\/uploads\/2022\/07\/AA-20220709-28381689-28381687-TURKIYE_DIYANET_VAKFI_GANADA_IHTIYAC_SAHIBI_AILELERE_ULASTI-500x500.jpg 500w, https:\/\/tdv.org\/tr-TR\/wp-content\/uploads\/2022\/07\/AA-20220709-28381689-28381687-TURKIYE_DIYANET_VAKFI_GANADA_IHTIYAC_SAHIBI_AILELERE_ULASTI-350x350.jpg 350w, https:\/\/tdv.org\/tr-TR\/wp-content\/uploads\/2022\/07\/AA-20220709-28381689-28381687-TURKIYE_DIYANET_VAKFI_GANADA_IHTIYAC_SAHIBI_AILELERE_ULASTI-1000x1000.jpg 1000w, https:\/\/tdv.org\/tr-TR\/wp-content\/uploads\/2022\/07\/AA-20220709-28381689-28381687-TURKIYE_DIYANET_VAKFI_GANADA_IHTIYAC_SAHIBI_AILELERE_ULASTI-800x800.jpg 800w\" sizes=\"(max-width: 150px) 100vw, 150px\" \/><\/a>\n\t\t\t<\/dt><\/dl>\n\t\t\t<br style='clear: both' \/>\n\t\t<\/div>\n\n","protected":false},"excerpt":{"rendered":"<p>T\u00fcrkiye Diyanet Vakf\u0131 (TDV), &#8220;Kurban\u0131n\u0131 Payla\u015f Karde\u015finle Yak\u0131nla\u015f&#8221; program\u0131 kapsam\u0131nda Gana&#8217;da ihtiya\u00e7 sahibi ailelere 10 bin 500 hisse kurban eti da\u011f\u0131t\u0131m\u0131na ba\u015flad\u0131. TDV, Gana&#8217;n\u0131n yoksul b\u00f6lgelerinden Dodova, Tamale, Akimoda, Kofaridua,&#8230;<\/p>\n","protected":false},"author":8,"featured_media":25804,"comment_status":"open","ping_status":"closed","sticky":false,"template":"","format":"standard","meta":{"footnotes":""},"categories":[1],"tags":[1819,1862,1758,1861],"class_list":{"0":"post-25797","1":"post","2":"type-post","3":"status-publish","4":"format-standard","5":"has-post-thumbnail","7":"category-haberler","8":"tag-2022-kurban","9":"tag-2022-yili-vekalet-yoluyla-kurban-kesim-organizasyonu","10":"tag-gana","11":"tag-kurban-2022"},"yoast_head":"<!-- This site is optimized with the Yoast SEO plugin v27.5 - https:\/\/yoast.com\/product\/yoast-seo-wordpress\/ -->\n<title>T\u00fcrkiye Diyanet Vakf\u0131 Gana&#039;da ihtiya\u00e7 sahibi ailelere ula\u015ft\u0131<\/title>\n<meta name=\"description\" content=\"T\u00fcrkiye Diyanet Vakf\u0131 (TDV), &quot;Kurban\u0131n\u0131 Payla\u015f Karde\u015finle Yak\u0131nla\u015f&quot; program\u0131 kapsam\u0131nda Gana&#039;da ihtiya\u00e7 sahibi ailelere 10 bin 500 hisse kurban eti da\u011f\u0131t\u0131m\u0131na ba\u015flad\u0131.\" \/>\n<meta name=\"robots\" content=\"index, follow, max-snippet:-1, max-image-preview:large, max-video-preview:-1\" \/>\n<link rel=\"canonical\" href=\"https:\/\/tdv.org\/tr-TR\/turkiye-diyanet-vakfi-ganada-ihtiyac-sahibi-ailelere-ulasti\/\" \/>\n<meta property=\"og:locale\" content=\"tr_TR\" \/>\n<meta property=\"og:type\" content=\"article\" \/>\n<meta property=\"og:title\" content=\"T\u00fcrkiye Diyanet Vakf\u0131 Gana&#039;da ihtiya\u00e7 sahibi ailelere ula\u015ft\u0131\" \/>\n<meta property=\"og:description\" content=\"T\u00fcrkiye Diyanet Vakf\u0131 (TDV), &quot;Kurban\u0131n\u0131 Payla\u015f Karde\u015finle Yak\u0131nla\u015f&quot; program\u0131 kapsam\u0131nda Gana&#039;da ihtiya\u00e7 sahibi ailelere 10 bin 500 hisse kurban eti da\u011f\u0131t\u0131m\u0131na ba\u015flad\u0131.\" \/>\n<meta property=\"og:url\" content=\"https:\/\/tdv.org\/tr-TR\/turkiye-diyanet-vakfi-ganada-ihtiyac-sahibi-ailelere-ulasti\/\" \/>\n<meta property=\"og:site_name\" content=\"T\u00fcrkiye Diyanet Vakf\u0131 Resmi Web Sitesi\" \/>\n<meta property=\"article:publisher\" content=\"https:\/\/www.facebook.com\/Diyanetvakfi\/\" \/>\n<meta property=\"article:published_time\" content=\"2022-07-10T06:09:18+00:00\" \/>\n<meta property=\"article:modified_time\" content=\"2022-12-08T06:49:09+00:00\" \/>\n<meta property=\"og:image\" content=\"https:\/\/tdv.org\/tr-TR\/wp-content\/uploads\/2022\/07\/AA-20220709-28381689-28381683-TURKIYE_DIYANET_VAKFI_GANADA_IHTIYAC_SAHIBI_AILELERE_ULASTI-scaled.jpg\" \/>\n\t<meta property=\"og:image:width\" content=\"2560\" \/>\n\t<meta property=\"og:image:height\" content=\"1707\" \/>\n\t<meta property=\"og:image:type\" content=\"image\/jpeg\" \/>\n<meta name=\"author\" content=\"Selim\" \/>\n<meta name=\"twitter:card\" content=\"summary_large_image\" \/>\n<meta name=\"twitter:creator\" content=\"@DiyanetVakfi\" \/>\n<meta name=\"twitter:site\" content=\"@DiyanetVakfi\" \/>\n<script type=\"application\/ld+json\" class=\"yoast-schema-graph\">{\"@context\":\"https:\\\/\\\/schema.org\",\"@graph\":[{\"@type\":\"Article\",\"@id\":\"https:\\\/\\\/tdv.org\\\/tr-TR\\\/turkiye-diyanet-vakfi-ganada-ihtiyac-sahibi-ailelere-ulasti\\\/#article\",\"isPartOf\":{\"@id\":\"https:\\\/\\\/tdv.org\\\/tr-TR\\\/turkiye-diyanet-vakfi-ganada-ihtiyac-sahibi-ailelere-ulasti\\\/\"},\"author\":{\"name\":\"Selim\",\"@id\":\"https:\\\/\\\/tdv.org\\\/tr-TR\\\/#\\\/schema\\\/person\\\/752b55e264a99273d55636516d96d5eb\"},\"headline\":\"T\u00fcrkiye Diyanet Vakf\u0131 Gana&#8217;da ihtiya\u00e7 sahibi ailelere ula\u015ft\u0131\",\"datePublished\":\"2022-07-10T06:09:18+00:00\",\"dateModified\":\"2022-12-08T06:49:09+00:00\",\"mainEntityOfPage\":{\"@id\":\"https:\\\/\\\/tdv.org\\\/tr-TR\\\/turkiye-diyanet-vakfi-ganada-ihtiyac-sahibi-ailelere-ulasti\\\/\"},\"wordCount\":247,\"commentCount\":0,\"publisher\":{\"@id\":\"https:\\\/\\\/tdv.org\\\/tr-TR\\\/#organization\"},\"image\":{\"@id\":\"https:\\\/\\\/tdv.org\\\/tr-TR\\\/turkiye-diyanet-vakfi-ganada-ihtiyac-sahibi-ailelere-ulasti\\\/#primaryimage\"},\"thumbnailUrl\":\"https:\\\/\\\/tdv.org\\\/tr-TR\\\/wp-content\\\/uploads\\\/2022\\\/07\\\/AA-20220709-28381689-28381683-TURKIYE_DIYANET_VAKFI_GANADA_IHTIYAC_SAHIBI_AILELERE_ULASTI-scaled.jpg\",\"keywords\":[\"2022 kurban\",\"2022 Y\u0131l\u0131 Vekalet Yoluyla Kurban Kesim Organizasyonu\",\"gana\",\"Kurban 2022\"],\"articleSection\":[\"Haberler\"],\"inLanguage\":\"tr\",\"potentialAction\":[{\"@type\":\"CommentAction\",\"name\":\"Comment\",\"target\":[\"https:\\\/\\\/tdv.org\\\/tr-TR\\\/turkiye-diyanet-vakfi-ganada-ihtiyac-sahibi-ailelere-ulasti\\\/#respond\"]}]},{\"@type\":\"WebPage\",\"@id\":\"https:\\\/\\\/tdv.org\\\/tr-TR\\\/turkiye-diyanet-vakfi-ganada-ihtiyac-sahibi-ailelere-ulasti\\\/\",\"url\":\"https:\\\/\\\/tdv.org\\\/tr-TR\\\/turkiye-diyanet-vakfi-ganada-ihtiyac-sahibi-ailelere-ulasti\\\/\",\"name\":\"T\u00fcrkiye Diyanet Vakf\u0131 Gana'da ihtiya\u00e7 sahibi ailelere ula\u015ft\u0131\",\"isPartOf\":{\"@id\":\"https:\\\/\\\/tdv.org\\\/tr-TR\\\/#website\"},\"primaryImageOfPage\":{\"@id\":\"https:\\\/\\\/tdv.org\\\/tr-TR\\\/turkiye-diyanet-vakfi-ganada-ihtiyac-sahibi-ailelere-ulasti\\\/#primaryimage\"},\"image\":{\"@id\":\"https:\\\/\\\/tdv.org\\\/tr-TR\\\/turkiye-diyanet-vakfi-ganada-ihtiyac-sahibi-ailelere-ulasti\\\/#primaryimage\"},\"thumbnailUrl\":\"https:\\\/\\\/tdv.org\\\/tr-TR\\\/wp-content\\\/uploads\\\/2022\\\/07\\\/AA-20220709-28381689-28381683-TURKIYE_DIYANET_VAKFI_GANADA_IHTIYAC_SAHIBI_AILELERE_ULASTI-scaled.jpg\",\"datePublished\":\"2022-07-10T06:09:18+00:00\",\"dateModified\":\"2022-12-08T06:49:09+00:00\",\"description\":\"T\u00fcrkiye Diyanet Vakf\u0131 (TDV), \\\"Kurban\u0131n\u0131 Payla\u015f Karde\u015finle Yak\u0131nla\u015f\\\" program\u0131 kapsam\u0131nda Gana'da ihtiya\u00e7 sahibi ailelere 10 bin 500 hisse kurban eti da\u011f\u0131t\u0131m\u0131na ba\u015flad\u0131.\",\"breadcrumb\":{\"@id\":\"https:\\\/\\\/tdv.org\\\/tr-TR\\\/turkiye-diyanet-vakfi-ganada-ihtiyac-sahibi-ailelere-ulasti\\\/#breadcrumb\"},\"inLanguage\":\"tr\",\"potentialAction\":[{\"@type\":\"ReadAction\",\"target\":[\"https:\\\/\\\/tdv.org\\\/tr-TR\\\/turkiye-diyanet-vakfi-ganada-ihtiyac-sahibi-ailelere-ulasti\\\/\"]}]},{\"@type\":\"ImageObject\",\"inLanguage\":\"tr\",\"@id\":\"https:\\\/\\\/tdv.org\\\/tr-TR\\\/turkiye-diyanet-vakfi-ganada-ihtiyac-sahibi-ailelere-ulasti\\\/#primaryimage\",\"url\":\"https:\\\/\\\/tdv.org\\\/tr-TR\\\/wp-content\\\/uploads\\\/2022\\\/07\\\/AA-20220709-28381689-28381683-TURKIYE_DIYANET_VAKFI_GANADA_IHTIYAC_SAHIBI_AILELERE_ULASTI-scaled.jpg\",\"contentUrl\":\"https:\\\/\\\/tdv.org\\\/tr-TR\\\/wp-content\\\/uploads\\\/2022\\\/07\\\/AA-20220709-28381689-28381683-TURKIYE_DIYANET_VAKFI_GANADA_IHTIYAC_SAHIBI_AILELERE_ULASTI-scaled.jpg\",\"width\":2560,\"height\":1707},{\"@type\":\"BreadcrumbList\",\"@id\":\"https:\\\/\\\/tdv.org\\\/tr-TR\\\/turkiye-diyanet-vakfi-ganada-ihtiyac-sahibi-ailelere-ulasti\\\/#breadcrumb\",\"itemListElement\":[{\"@type\":\"ListItem\",\"position\":1,\"name\":\"Anasayfa\",\"item\":\"https:\\\/\\\/tdv.org\\\/tr-TR\\\/\"},{\"@type\":\"ListItem\",\"position\":2,\"name\":\"T\u00fcrkiye Diyanet Vakf\u0131 Gana&#8217;da ihtiya\u00e7 sahibi ailelere ula\u015ft\u0131\"}]},{\"@type\":\"WebSite\",\"@id\":\"https:\\\/\\\/tdv.org\\\/tr-TR\\\/#website\",\"url\":\"https:\\\/\\\/tdv.org\\\/tr-TR\\\/\",\"name\":\"T\u00fcrkiye Diyanet Vakf\u0131 Resmi Web Sitesi\",\"description\":\"Yery\u00fcz\u00fcnde iyilik egemen oluncaya kadar\",\"publisher\":{\"@id\":\"https:\\\/\\\/tdv.org\\\/tr-TR\\\/#organization\"},\"alternateName\":\"T\u00fcrkiye Diyanet Vakf\u0131\",\"potentialAction\":[{\"@type\":\"SearchAction\",\"target\":{\"@type\":\"EntryPoint\",\"urlTemplate\":\"https:\\\/\\\/tdv.org\\\/tr-TR\\\/?s={search_term_string}\"},\"query-input\":{\"@type\":\"PropertyValueSpecification\",\"valueRequired\":true,\"valueName\":\"search_term_string\"}}],\"inLanguage\":\"tr\"},{\"@type\":\"Organization\",\"@id\":\"https:\\\/\\\/tdv.org\\\/tr-TR\\\/#organization\",\"name\":\"T\u00fcrkiye Diyanet Vakf\u0131\",\"alternateName\":\"T\u00fcrkiye Diyanet Vakf\u0131\",\"url\":\"https:\\\/\\\/tdv.org\\\/tr-TR\\\/\",\"logo\":{\"@type\":\"ImageObject\",\"inLanguage\":\"tr\",\"@id\":\"https:\\\/\\\/tdv.org\\\/tr-TR\\\/#\\\/schema\\\/logo\\\/image\\\/\",\"url\":\"https:\\\/\\\/tdv.org\\\/tr-TR\\\/wp-content\\\/uploads\\\/2018\\\/12\\\/TDV_Logo_1.png\",\"contentUrl\":\"https:\\\/\\\/tdv.org\\\/tr-TR\\\/wp-content\\\/uploads\\\/2018\\\/12\\\/TDV_Logo_1.png\",\"width\":207,\"height\":71,\"caption\":\"T\u00fcrkiye Diyanet Vakf\u0131\"},\"image\":{\"@id\":\"https:\\\/\\\/tdv.org\\\/tr-TR\\\/#\\\/schema\\\/logo\\\/image\\\/\"},\"sameAs\":[\"https:\\\/\\\/www.facebook.com\\\/Diyanetvakfi\\\/\",\"https:\\\/\\\/x.com\\\/DiyanetVakfi\",\"https:\\\/\\\/www.instagram.com\\\/turkiyediyanetvakfi\\\/\",\"https:\\\/\\\/www.youtube.com\\\/user\\\/TurkiyeDiyanetVakfi\"]},{\"@type\":\"Person\",\"@id\":\"https:\\\/\\\/tdv.org\\\/tr-TR\\\/#\\\/schema\\\/person\\\/752b55e264a99273d55636516d96d5eb\",\"name\":\"Selim\",\"image\":{\"@type\":\"ImageObject\",\"inLanguage\":\"tr\",\"@id\":\"https:\\\/\\\/tdv.org\\\/tr-TR\\\/wp-content\\\/litespeed\\\/avatar\\\/a1e47b25396e98e5b781e88a5396cd96.jpg?ver=1777287391\",\"url\":\"https:\\\/\\\/tdv.org\\\/tr-TR\\\/wp-content\\\/litespeed\\\/avatar\\\/a1e47b25396e98e5b781e88a5396cd96.jpg?ver=1777287391\",\"contentUrl\":\"https:\\\/\\\/tdv.org\\\/tr-TR\\\/wp-content\\\/litespeed\\\/avatar\\\/a1e47b25396e98e5b781e88a5396cd96.jpg?ver=1777287391\",\"caption\":\"Selim\"}}]}<\/script>\n<!-- \/ Yoast SEO plugin. -->","yoast_head_json":{"title":"T\u00fcrkiye Diyanet Vakf\u0131 Gana'da ihtiya\u00e7 sahibi ailelere ula\u015ft\u0131","description":"T\u00fcrkiye Diyanet Vakf\u0131 (TDV), \"Kurban\u0131n\u0131 Payla\u015f Karde\u015finle Yak\u0131nla\u015f\" program\u0131 kapsam\u0131nda Gana'da ihtiya\u00e7 sahibi ailelere 10 bin 500 hisse kurban eti da\u011f\u0131t\u0131m\u0131na ba\u015flad\u0131.","robots":{"index":"index","follow":"follow","max-snippet":"max-snippet:-1","max-image-preview":"max-image-preview:large","max-video-preview":"max-video-preview:-1"},"canonical":"https:\/\/tdv.org\/tr-TR\/turkiye-diyanet-vakfi-ganada-ihtiyac-sahibi-ailelere-ulasti\/","og_locale":"tr_TR","og_type":"article","og_title":"T\u00fcrkiye Diyanet Vakf\u0131 Gana'da ihtiya\u00e7 sahibi ailelere ula\u015ft\u0131","og_description":"T\u00fcrkiye Diyanet Vakf\u0131 (TDV), \"Kurban\u0131n\u0131 Payla\u015f Karde\u015finle Yak\u0131nla\u015f\" program\u0131 kapsam\u0131nda Gana'da ihtiya\u00e7 sahibi ailelere 10 bin 500 hisse kurban eti da\u011f\u0131t\u0131m\u0131na ba\u015flad\u0131.","og_url":"https:\/\/tdv.org\/tr-TR\/turkiye-diyanet-vakfi-ganada-ihtiyac-sahibi-ailelere-ulasti\/","og_site_name":"T\u00fcrkiye Diyanet Vakf\u0131 Resmi Web Sitesi","article_publisher":"https:\/\/www.facebook.com\/Diyanetvakfi\/","article_published_time":"2022-07-10T06:09:18+00:00","article_modified_time":"2022-12-08T06:49:09+00:00","og_image":[{"width":2560,"height":1707,"url":"https:\/\/tdv.org\/tr-TR\/wp-content\/uploads\/2022\/07\/AA-20220709-28381689-28381683-TURKIYE_DIYANET_VAKFI_GANADA_IHTIYAC_SAHIBI_AILELERE_ULASTI-scaled.jpg","type":"image\/jpeg"}],"author":"Selim","twitter_card":"summary_large_image","twitter_creator":"@DiyanetVakfi","twitter_site":"@DiyanetVakfi","schema":{"@context":"https:\/\/schema.org","@graph":[{"@type":"Article","@id":"https:\/\/tdv.org\/tr-TR\/turkiye-diyanet-vakfi-ganada-ihtiyac-sahibi-ailelere-ulasti\/#article","isPartOf":{"@id":"https:\/\/tdv.org\/tr-TR\/turkiye-diyanet-vakfi-ganada-ihtiyac-sahibi-ailelere-ulasti\/"},"author":{"name":"Selim","@id":"https:\/\/tdv.org\/tr-TR\/#\/schema\/person\/752b55e264a99273d55636516d96d5eb"},"headline":"T\u00fcrkiye Diyanet Vakf\u0131 Gana&#8217;da ihtiya\u00e7 sahibi ailelere ula\u015ft\u0131","datePublished":"2022-07-10T06:09:18+00:00","dateModified":"2022-12-08T06:49:09+00:00","mainEntityOfPage":{"@id":"https:\/\/tdv.org\/tr-TR\/turkiye-diyanet-vakfi-ganada-ihtiyac-sahibi-ailelere-ulasti\/"},"wordCount":247,"commentCount":0,"publisher":{"@id":"https:\/\/tdv.org\/tr-TR\/#organization"},"image":{"@id":"https:\/\/tdv.org\/tr-TR\/turkiye-diyanet-vakfi-ganada-ihtiyac-sahibi-ailelere-ulasti\/#primaryimage"},"thumbnailUrl":"https:\/\/tdv.org\/tr-TR\/wp-content\/uploads\/2022\/07\/AA-20220709-28381689-28381683-TURKIYE_DIYANET_VAKFI_GANADA_IHTIYAC_SAHIBI_AILELERE_ULASTI-scaled.jpg","keywords":["2022 kurban","2022 Y\u0131l\u0131 Vekalet Yoluyla Kurban Kesim Organizasyonu","gana","Kurban 2022"],"articleSection":["Haberler"],"inLanguage":"tr","potentialAction":[{"@type":"CommentAction","name":"Comment","target":["https:\/\/tdv.org\/tr-TR\/turkiye-diyanet-vakfi-ganada-ihtiyac-sahibi-ailelere-ulasti\/#respond"]}]},{"@type":"WebPage","@id":"https:\/\/tdv.org\/tr-TR\/turkiye-diyanet-vakfi-ganada-ihtiyac-sahibi-ailelere-ulasti\/","url":"https:\/\/tdv.org\/tr-TR\/turkiye-diyanet-vakfi-ganada-ihtiyac-sahibi-ailelere-ulasti\/","name":"T\u00fcrkiye Diyanet Vakf\u0131 Gana'da ihtiya\u00e7 sahibi ailelere ula\u015ft\u0131","isPartOf":{"@id":"https:\/\/tdv.org\/tr-TR\/#website"},"primaryImageOfPage":{"@id":"https:\/\/tdv.org\/tr-TR\/turkiye-diyanet-vakfi-ganada-ihtiyac-sahibi-ailelere-ulasti\/#primaryimage"},"image":{"@id":"https:\/\/tdv.org\/tr-TR\/turkiye-diyanet-vakfi-ganada-ihtiyac-sahibi-ailelere-ulasti\/#primaryimage"},"thumbnailUrl":"https:\/\/tdv.org\/tr-TR\/wp-content\/uploads\/2022\/07\/AA-20220709-28381689-28381683-TURKIYE_DIYANET_VAKFI_GANADA_IHTIYAC_SAHIBI_AILELERE_ULASTI-scaled.jpg","datePublished":"2022-07-10T06:09:18+00:00","dateModified":"2022-12-08T06:49:09+00:00","description":"T\u00fcrkiye Diyanet Vakf\u0131 (TDV), \"Kurban\u0131n\u0131 Payla\u015f Karde\u015finle Yak\u0131nla\u015f\" program\u0131 kapsam\u0131nda Gana'da ihtiya\u00e7 sahibi ailelere 10 bin 500 hisse kurban eti da\u011f\u0131t\u0131m\u0131na ba\u015flad\u0131.","breadcrumb":{"@id":"https:\/\/tdv.org\/tr-TR\/turkiye-diyanet-vakfi-ganada-ihtiyac-sahibi-ailelere-ulasti\/#breadcrumb"},"inLanguage":"tr","potentialAction":[{"@type":"ReadAction","target":["https:\/\/tdv.org\/tr-TR\/turkiye-diyanet-vakfi-ganada-ihtiyac-sahibi-ailelere-ulasti\/"]}]},{"@type":"ImageObject","inLanguage":"tr","@id":"https:\/\/tdv.org\/tr-TR\/turkiye-diyanet-vakfi-ganada-ihtiyac-sahibi-ailelere-ulasti\/#primaryimage","url":"https:\/\/tdv.org\/tr-TR\/wp-content\/uploads\/2022\/07\/AA-20220709-28381689-28381683-TURKIYE_DIYANET_VAKFI_GANADA_IHTIYAC_SAHIBI_AILELERE_ULASTI-scaled.jpg","contentUrl":"https:\/\/tdv.org\/tr-TR\/wp-content\/uploads\/2022\/07\/AA-20220709-28381689-28381683-TURKIYE_DIYANET_VAKFI_GANADA_IHTIYAC_SAHIBI_AILELERE_ULASTI-scaled.jpg","width":2560,"height":1707},{"@type":"BreadcrumbList","@id":"https:\/\/tdv.org\/tr-TR\/turkiye-diyanet-vakfi-ganada-ihtiyac-sahibi-ailelere-ulasti\/#breadcrumb","itemListElement":[{"@type":"ListItem","position":1,"name":"Anasayfa","item":"https:\/\/tdv.org\/tr-TR\/"},{"@type":"ListItem","position":2,"name":"T\u00fcrkiye Diyanet Vakf\u0131 Gana&#8217;da ihtiya\u00e7 sahibi ailelere ula\u015ft\u0131"}]},{"@type":"WebSite","@id":"https:\/\/tdv.org\/tr-TR\/#website","url":"https:\/\/tdv.org\/tr-TR\/","name":"T\u00fcrkiye Diyanet Vakf\u0131 Resmi Web Sitesi","description":"Yery\u00fcz\u00fcnde iyilik egemen oluncaya kadar","publisher":{"@id":"https:\/\/tdv.org\/tr-TR\/#organization"},"alternateName":"T\u00fcrkiye Diyanet Vakf\u0131","potentialAction":[{"@type":"SearchAction","target":{"@type":"EntryPoint","urlTemplate":"https:\/\/tdv.org\/tr-TR\/?s={search_term_string}"},"query-input":{"@type":"PropertyValueSpecification","valueRequired":true,"valueName":"search_term_string"}}],"inLanguage":"tr"},{"@type":"Organization","@id":"https:\/\/tdv.org\/tr-TR\/#organization","name":"T\u00fcrkiye Diyanet Vakf\u0131","alternateName":"T\u00fcrkiye Diyanet Vakf\u0131","url":"https:\/\/tdv.org\/tr-TR\/","logo":{"@type":"ImageObject","inLanguage":"tr","@id":"https:\/\/tdv.org\/tr-TR\/#\/schema\/logo\/image\/","url":"https:\/\/tdv.org\/tr-TR\/wp-content\/uploads\/2018\/12\/TDV_Logo_1.png","contentUrl":"https:\/\/tdv.org\/tr-TR\/wp-content\/uploads\/2018\/12\/TDV_Logo_1.png","width":207,"height":71,"caption":"T\u00fcrkiye Diyanet Vakf\u0131"},"image":{"@id":"https:\/\/tdv.org\/tr-TR\/#\/schema\/logo\/image\/"},"sameAs":["https:\/\/www.facebook.com\/Diyanetvakfi\/","https:\/\/x.com\/DiyanetVakfi","https:\/\/www.instagram.com\/turkiyediyanetvakfi\/","https:\/\/www.youtube.com\/user\/TurkiyeDiyanetVakfi"]},{"@type":"Person","@id":"https:\/\/tdv.org\/tr-TR\/#\/schema\/person\/752b55e264a99273d55636516d96d5eb","name":"Selim","image":{"@type":"ImageObject","inLanguage":"tr","@id":"https:\/\/tdv.org\/tr-TR\/wp-content\/litespeed\/avatar\/a1e47b25396e98e5b781e88a5396cd96.jpg?ver=1777287391","url":"https:\/\/tdv.org\/tr-TR\/wp-content\/litespeed\/avatar\/a1e47b25396e98e5b781e88a5396cd96.jpg?ver=1777287391","contentUrl":"https:\/\/tdv.org\/tr-TR\/wp-content\/litespeed\/avatar\/a1e47b25396e98e5b781e88a5396cd96.jpg?ver=1777287391","caption":"Selim"}}]}},"_links":{"self":[{"href":"https:\/\/tdv.org\/tr-TR\/wp-json\/wp\/v2\/posts\/25797","targetHints":{"allow":["GET"]}}],"collection":[{"href":"https:\/\/tdv.org\/tr-TR\/wp-json\/wp\/v2\/posts"}],"about":[{"href":"https:\/\/tdv.org\/tr-TR\/wp-json\/wp\/v2\/types\/post"}],"author":[{"embeddable":true,"href":"https:\/\/tdv.org\/tr-TR\/wp-json\/wp\/v2\/users\/8"}],"replies":[{"embeddable":true,"href":"https:\/\/tdv.org\/tr-TR\/wp-json\/wp\/v2\/comments?post=25797"}],"version-history":[{"count":1,"href":"https:\/\/tdv.org\/tr-TR\/wp-json\/wp\/v2\/posts\/25797\/revisions"}],"predecessor-version":[{"id":25806,"href":"https:\/\/tdv.org\/tr-TR\/wp-json\/wp\/v2\/posts\/25797\/revisions\/25806"}],"wp:featuredmedia":[{"embeddable":true,"href":"https:\/\/tdv.org\/tr-TR\/wp-json\/wp\/v2\/media\/25804"}],"wp:attachment":[{"href":"https:\/\/tdv.org\/tr-TR\/wp-json\/wp\/v2\/media?parent=25797"}],"wp:term":[{"taxonomy":"category","embeddable":true,"href":"https:\/\/tdv.org\/tr-TR\/wp-json\/wp\/v2\/categories?post=25797"},{"taxonomy":"post_tag","embeddable":true,"href":"https:\/\/tdv.org\/tr-TR\/wp-json\/wp\/v2\/tags?post=25797"}],"curies":[{"name":"wp","href":"https:\/\/api.w.org\/{rel}","templated":true}]}}