{"id":25807,"date":"2022-07-10T09:13:18","date_gmt":"2022-07-10T06:13:18","guid":{"rendered":"https:\/\/tdv.org\/tr-TR\/?p=25807"},"modified":"2022-12-08T09:48:55","modified_gmt":"2022-12-08T06:48:55","slug":"tdvden-arnavutlukta-kurban-eti-dagitimi","status":"publish","type":"post","link":"https:\/\/tdv.org\/tr-TR\/tdvden-arnavutlukta-kurban-eti-dagitimi\/","title":{"rendered":"TDV&#8217;den Arnavutluk&#8217;ta kurban eti da\u011f\u0131t\u0131m\u0131"},"content":{"rendered":"<p>T\u00fcrkiye Diyanet Vakf\u0131 (TDV) taraf\u0131ndan Arnavutluk&#8217;un ba\u015fkenti Tiran&#8217;da, eti ihtiya\u00e7 sahiplerine da\u011f\u0131t\u0131lmak \u00fczere kurban kesildi.<br \/>\nT\u00fcrkiye&#8217;nin Tiran B\u00fcy\u00fckel\u00e7ili\u011fi Din Hizmetleri M\u00fc\u015favirli\u011fi himayesinde TDV taraf\u0131ndan kesilen kurban etleri, Arnavutluk merkezli Engellilere Yard\u0131m Derne\u011fi \u00fcyesi olan ihtiya\u00e7 sahibi ailelere da\u011f\u0131t\u0131ld\u0131.<br \/>\nDin Hizmetleri M\u00fc\u015faviri Adem Gerlegiz, yapt\u0131\u011f\u0131 a\u00e7\u0131klamada, T\u00fcrkiye&#8217;nin d\u00fcnyan\u0131n her yerinde yard\u0131m elini uzatmaya devam edece\u011fini ifade etti.<br \/>\nBu kurbanlar\u0131n, T\u00fcrkiye&#8217;deki hay\u0131rseverlerin kurbanlar\u0131 oldu\u011funu dile getiren Gerlegiz, \u015f\u00f6yle devam etti:<br \/>\n&#8220;Peygamber Efendimiz buyuruyor ki, \u0130nsanlar\u0131n en hay\u0131rl\u0131s\u0131, insanlara faydal\u0131 oland\u0131r, insanlara iyilik yapand\u0131r. D\u00fcnya durduk\u00e7a T\u00fcrk milleti ve T\u00fcrkiye hep insanlara iyilik yapmaya ve insanlara faydal\u0131 olmaya devam edecektir. Yine Peygamber Efendimiz buyuruyor ki, Bat\u0131&#8217;da bir m\u00fcminin aya\u011f\u0131na bir diken batsa, Do\u011fu&#8217;daki bir m\u00fcmin bundan rahats\u0131z olmuyorsa, o ger\u00e7ek m\u00fcmin de\u011fildir. T\u00fcrkiye ve T\u00fcrk milleti her zaman hep bu anlay\u0131\u015fla hareket etmi\u015ftir. T\u00fcrkiye&#8217;deki karde\u015flerimiz, T\u00fcrk milleti sizden bu iyilik kar\u015f\u0131l\u0131\u011f\u0131ndan sadece hay\u0131r duas\u0131 beklemektedir. L\u00fctfen T\u00fcrkiye&#8217;den, T\u00fcrk milletinden, bizlerden hay\u0131r duan\u0131z\u0131 esirgemeyin.&#8221;.<br \/>\nTDV, Arnavutluk genelinde yakla\u015f\u0131k 220 aileye kurban eti ula\u015ft\u0131racak.<\/p>\n\n\t\t<style type=\"text\/css\">\n\t\t\t#gallery-1 {\n\t\t\t\tmargin: auto;\n\t\t\t}\n\t\t\t#gallery-1 .gallery-item {\n\t\t\t\tfloat: left;\n\t\t\t\tmargin-top: 10px;\n\t\t\t\ttext-align: center;\n\t\t\t\twidth: 16%;\n\t\t\t}\n\t\t\t#gallery-1 img {\n\t\t\t\tborder: 2px solid #cfcfcf;\n\t\t\t}\n\t\t\t#gallery-1 .gallery-caption {\n\t\t\t\tmargin-left: 0;\n\t\t\t}\n\t\t\t\/* see gallery_shortcode() in wp-includes\/media.php *\/\n\t\t<\/style>\n\t\t<div id='gallery-1' class='gallery galleryid-25807 gallery-columns-6 gallery-size-thumbnail'><dl class='gallery-item'>\n\t\t\t<dt class='gallery-icon landscape'>\n\t\t\t\t<a href='https:\/\/tdv.org\/tr-TR\/wp-content\/uploads\/2022\/07\/AA-20220709-28382017-28382015-TDVDEN_ARNAVUTLUKA_KURBAN_ETI_DAGITIMI-scaled.jpg'><img decoding=\"async\" width=\"150\" height=\"150\" src=\"https:\/\/tdv.org\/tr-TR\/wp-content\/uploads\/2022\/07\/AA-20220709-28382017-28382015-TDVDEN_ARNAVUTLUKA_KURBAN_ETI_DAGITIMI-150x150.jpg\" class=\"attachment-thumbnail size-thumbnail\" alt=\"\" srcset=\"https:\/\/tdv.org\/tr-TR\/wp-content\/uploads\/2022\/07\/AA-20220709-28382017-28382015-TDVDEN_ARNAVUTLUKA_KURBAN_ETI_DAGITIMI-150x150.jpg 150w, https:\/\/tdv.org\/tr-TR\/wp-content\/uploads\/2022\/07\/AA-20220709-28382017-28382015-TDVDEN_ARNAVUTLUKA_KURBAN_ETI_DAGITIMI-100x100.jpg 100w, https:\/\/tdv.org\/tr-TR\/wp-content\/uploads\/2022\/07\/AA-20220709-28382017-28382015-TDVDEN_ARNAVUTLUKA_KURBAN_ETI_DAGITIMI-140x140.jpg 140w, https:\/\/tdv.org\/tr-TR\/wp-content\/uploads\/2022\/07\/AA-20220709-28382017-28382015-TDVDEN_ARNAVUTLUKA_KURBAN_ETI_DAGITIMI-500x500.jpg 500w, https:\/\/tdv.org\/tr-TR\/wp-content\/uploads\/2022\/07\/AA-20220709-28382017-28382015-TDVDEN_ARNAVUTLUKA_KURBAN_ETI_DAGITIMI-350x350.jpg 350w, https:\/\/tdv.org\/tr-TR\/wp-content\/uploads\/2022\/07\/AA-20220709-28382017-28382015-TDVDEN_ARNAVUTLUKA_KURBAN_ETI_DAGITIMI-1000x1000.jpg 1000w, https:\/\/tdv.org\/tr-TR\/wp-content\/uploads\/2022\/07\/AA-20220709-28382017-28382015-TDVDEN_ARNAVUTLUKA_KURBAN_ETI_DAGITIMI-800x800.jpg 800w\" sizes=\"(max-width: 150px) 100vw, 150px\" \/><\/a>\n\t\t\t<\/dt><\/dl><dl class='gallery-item'>\n\t\t\t<dt class='gallery-icon landscape'>\n\t\t\t\t<a href='https:\/\/tdv.org\/tr-TR\/wp-content\/uploads\/2022\/07\/AA-20220709-28382017-28382016-TDVDEN_ARNAVUTLUKA_KURBAN_ETI_DAGITIMI-scaled.jpg'><img decoding=\"async\" width=\"150\" height=\"150\" src=\"https:\/\/tdv.org\/tr-TR\/wp-content\/uploads\/2022\/07\/AA-20220709-28382017-28382016-TDVDEN_ARNAVUTLUKA_KURBAN_ETI_DAGITIMI-150x150.jpg\" class=\"attachment-thumbnail size-thumbnail\" alt=\"\" srcset=\"https:\/\/tdv.org\/tr-TR\/wp-content\/uploads\/2022\/07\/AA-20220709-28382017-28382016-TDVDEN_ARNAVUTLUKA_KURBAN_ETI_DAGITIMI-150x150.jpg 150w, https:\/\/tdv.org\/tr-TR\/wp-content\/uploads\/2022\/07\/AA-20220709-28382017-28382016-TDVDEN_ARNAVUTLUKA_KURBAN_ETI_DAGITIMI-100x100.jpg 100w, https:\/\/tdv.org\/tr-TR\/wp-content\/uploads\/2022\/07\/AA-20220709-28382017-28382016-TDVDEN_ARNAVUTLUKA_KURBAN_ETI_DAGITIMI-140x140.jpg 140w, https:\/\/tdv.org\/tr-TR\/wp-content\/uploads\/2022\/07\/AA-20220709-28382017-28382016-TDVDEN_ARNAVUTLUKA_KURBAN_ETI_DAGITIMI-500x500.jpg 500w, https:\/\/tdv.org\/tr-TR\/wp-content\/uploads\/2022\/07\/AA-20220709-28382017-28382016-TDVDEN_ARNAVUTLUKA_KURBAN_ETI_DAGITIMI-350x350.jpg 350w, https:\/\/tdv.org\/tr-TR\/wp-content\/uploads\/2022\/07\/AA-20220709-28382017-28382016-TDVDEN_ARNAVUTLUKA_KURBAN_ETI_DAGITIMI-1000x1000.jpg 1000w, https:\/\/tdv.org\/tr-TR\/wp-content\/uploads\/2022\/07\/AA-20220709-28382017-28382016-TDVDEN_ARNAVUTLUKA_KURBAN_ETI_DAGITIMI-800x800.jpg 800w\" sizes=\"(max-width: 150px) 100vw, 150px\" \/><\/a>\n\t\t\t<\/dt><\/dl>\n\t\t\t<br style='clear: both' \/>\n\t\t<\/div>\n\n","protected":false},"excerpt":{"rendered":"<p>T\u00fcrkiye Diyanet Vakf\u0131 (TDV) taraf\u0131ndan Arnavutluk&#8217;un ba\u015fkenti Tiran&#8217;da, eti ihtiya\u00e7 sahiplerine da\u011f\u0131t\u0131lmak \u00fczere kurban kesildi. T\u00fcrkiye&#8217;nin Tiran B\u00fcy\u00fckel\u00e7ili\u011fi Din Hizmetleri M\u00fc\u015favirli\u011fi himayesinde TDV taraf\u0131ndan kesilen kurban etleri, Arnavutluk merkezli Engellilere&#8230;<\/p>\n","protected":false},"author":8,"featured_media":25808,"comment_status":"open","ping_status":"closed","sticky":false,"template":"","format":"standard","meta":{"footnotes":""},"categories":[1],"tags":[1819,1862,503,1861],"class_list":{"0":"post-25807","1":"post","2":"type-post","3":"status-publish","4":"format-standard","5":"has-post-thumbnail","7":"category-haberler","8":"tag-2022-kurban","9":"tag-2022-yili-vekalet-yoluyla-kurban-kesim-organizasyonu","10":"tag-arnavutluk","11":"tag-kurban-2022"},"yoast_head":"<!-- This site is optimized with the Yoast SEO plugin v27.5 - https:\/\/yoast.com\/product\/yoast-seo-wordpress\/ -->\n<title>TDV&#039;den Arnavutluk&#039;ta kurban eti da\u011f\u0131t\u0131m\u0131<\/title>\n<meta name=\"description\" content=\"T\u00fcrkiye Diyanet Vakf\u0131 (TDV) taraf\u0131ndan Arnavutluk&#039;un ba\u015fkenti Tiran&#039;da, eti ihtiya\u00e7 sahiplerine da\u011f\u0131t\u0131lmak \u00fczere kurban kesildi.\" \/>\n<meta name=\"robots\" content=\"index, follow, max-snippet:-1, max-image-preview:large, max-video-preview:-1\" \/>\n<link rel=\"canonical\" href=\"https:\/\/tdv.org\/tr-TR\/tdvden-arnavutlukta-kurban-eti-dagitimi\/\" \/>\n<meta property=\"og:locale\" content=\"tr_TR\" \/>\n<meta property=\"og:type\" content=\"article\" \/>\n<meta property=\"og:title\" content=\"TDV&#039;den Arnavutluk&#039;ta kurban eti da\u011f\u0131t\u0131m\u0131\" \/>\n<meta property=\"og:description\" content=\"T\u00fcrkiye Diyanet Vakf\u0131 (TDV) taraf\u0131ndan Arnavutluk&#039;un ba\u015fkenti Tiran&#039;da, eti ihtiya\u00e7 sahiplerine da\u011f\u0131t\u0131lmak \u00fczere kurban kesildi.\" \/>\n<meta property=\"og:url\" content=\"https:\/\/tdv.org\/tr-TR\/tdvden-arnavutlukta-kurban-eti-dagitimi\/\" \/>\n<meta property=\"og:site_name\" content=\"T\u00fcrkiye Diyanet Vakf\u0131 Resmi Web Sitesi\" \/>\n<meta property=\"article:publisher\" content=\"https:\/\/www.facebook.com\/Diyanetvakfi\/\" \/>\n<meta property=\"article:published_time\" content=\"2022-07-10T06:13:18+00:00\" \/>\n<meta property=\"article:modified_time\" content=\"2022-12-08T06:48:55+00:00\" \/>\n<meta property=\"og:image\" content=\"https:\/\/tdv.org\/tr-TR\/wp-content\/uploads\/2022\/07\/AA-20220709-28382017-28382015-TDVDEN_ARNAVUTLUKA_KURBAN_ETI_DAGITIMI-scaled.jpg\" \/>\n\t<meta property=\"og:image:width\" content=\"2560\" \/>\n\t<meta property=\"og:image:height\" content=\"1707\" \/>\n\t<meta property=\"og:image:type\" content=\"image\/jpeg\" \/>\n<meta name=\"author\" content=\"Selim\" \/>\n<meta name=\"twitter:card\" content=\"summary_large_image\" \/>\n<meta name=\"twitter:creator\" content=\"@DiyanetVakfi\" \/>\n<meta name=\"twitter:site\" content=\"@DiyanetVakfi\" \/>\n<script type=\"application\/ld+json\" class=\"yoast-schema-graph\">{\"@context\":\"https:\\\/\\\/schema.org\",\"@graph\":[{\"@type\":\"Article\",\"@id\":\"https:\\\/\\\/tdv.org\\\/tr-TR\\\/tdvden-arnavutlukta-kurban-eti-dagitimi\\\/#article\",\"isPartOf\":{\"@id\":\"https:\\\/\\\/tdv.org\\\/tr-TR\\\/tdvden-arnavutlukta-kurban-eti-dagitimi\\\/\"},\"author\":{\"name\":\"Selim\",\"@id\":\"https:\\\/\\\/tdv.org\\\/tr-TR\\\/#\\\/schema\\\/person\\\/752b55e264a99273d55636516d96d5eb\"},\"headline\":\"TDV&#8217;den Arnavutluk&#8217;ta kurban eti da\u011f\u0131t\u0131m\u0131\",\"datePublished\":\"2022-07-10T06:13:18+00:00\",\"dateModified\":\"2022-12-08T06:48:55+00:00\",\"mainEntityOfPage\":{\"@id\":\"https:\\\/\\\/tdv.org\\\/tr-TR\\\/tdvden-arnavutlukta-kurban-eti-dagitimi\\\/\"},\"wordCount\":244,\"commentCount\":0,\"publisher\":{\"@id\":\"https:\\\/\\\/tdv.org\\\/tr-TR\\\/#organization\"},\"image\":{\"@id\":\"https:\\\/\\\/tdv.org\\\/tr-TR\\\/tdvden-arnavutlukta-kurban-eti-dagitimi\\\/#primaryimage\"},\"thumbnailUrl\":\"https:\\\/\\\/tdv.org\\\/tr-TR\\\/wp-content\\\/uploads\\\/2022\\\/07\\\/AA-20220709-28382017-28382015-TDVDEN_ARNAVUTLUKA_KURBAN_ETI_DAGITIMI-scaled.jpg\",\"keywords\":[\"2022 kurban\",\"2022 Y\u0131l\u0131 Vekalet Yoluyla Kurban Kesim Organizasyonu\",\"Arnavutluk\",\"Kurban 2022\"],\"articleSection\":[\"Haberler\"],\"inLanguage\":\"tr\",\"potentialAction\":[{\"@type\":\"CommentAction\",\"name\":\"Comment\",\"target\":[\"https:\\\/\\\/tdv.org\\\/tr-TR\\\/tdvden-arnavutlukta-kurban-eti-dagitimi\\\/#respond\"]}]},{\"@type\":\"WebPage\",\"@id\":\"https:\\\/\\\/tdv.org\\\/tr-TR\\\/tdvden-arnavutlukta-kurban-eti-dagitimi\\\/\",\"url\":\"https:\\\/\\\/tdv.org\\\/tr-TR\\\/tdvden-arnavutlukta-kurban-eti-dagitimi\\\/\",\"name\":\"TDV'den Arnavutluk'ta kurban eti da\u011f\u0131t\u0131m\u0131\",\"isPartOf\":{\"@id\":\"https:\\\/\\\/tdv.org\\\/tr-TR\\\/#website\"},\"primaryImageOfPage\":{\"@id\":\"https:\\\/\\\/tdv.org\\\/tr-TR\\\/tdvden-arnavutlukta-kurban-eti-dagitimi\\\/#primaryimage\"},\"image\":{\"@id\":\"https:\\\/\\\/tdv.org\\\/tr-TR\\\/tdvden-arnavutlukta-kurban-eti-dagitimi\\\/#primaryimage\"},\"thumbnailUrl\":\"https:\\\/\\\/tdv.org\\\/tr-TR\\\/wp-content\\\/uploads\\\/2022\\\/07\\\/AA-20220709-28382017-28382015-TDVDEN_ARNAVUTLUKA_KURBAN_ETI_DAGITIMI-scaled.jpg\",\"datePublished\":\"2022-07-10T06:13:18+00:00\",\"dateModified\":\"2022-12-08T06:48:55+00:00\",\"description\":\"T\u00fcrkiye Diyanet Vakf\u0131 (TDV) taraf\u0131ndan Arnavutluk'un ba\u015fkenti Tiran'da, eti ihtiya\u00e7 sahiplerine da\u011f\u0131t\u0131lmak \u00fczere kurban kesildi.\",\"breadcrumb\":{\"@id\":\"https:\\\/\\\/tdv.org\\\/tr-TR\\\/tdvden-arnavutlukta-kurban-eti-dagitimi\\\/#breadcrumb\"},\"inLanguage\":\"tr\",\"potentialAction\":[{\"@type\":\"ReadAction\",\"target\":[\"https:\\\/\\\/tdv.org\\\/tr-TR\\\/tdvden-arnavutlukta-kurban-eti-dagitimi\\\/\"]}]},{\"@type\":\"ImageObject\",\"inLanguage\":\"tr\",\"@id\":\"https:\\\/\\\/tdv.org\\\/tr-TR\\\/tdvden-arnavutlukta-kurban-eti-dagitimi\\\/#primaryimage\",\"url\":\"https:\\\/\\\/tdv.org\\\/tr-TR\\\/wp-content\\\/uploads\\\/2022\\\/07\\\/AA-20220709-28382017-28382015-TDVDEN_ARNAVUTLUKA_KURBAN_ETI_DAGITIMI-scaled.jpg\",\"contentUrl\":\"https:\\\/\\\/tdv.org\\\/tr-TR\\\/wp-content\\\/uploads\\\/2022\\\/07\\\/AA-20220709-28382017-28382015-TDVDEN_ARNAVUTLUKA_KURBAN_ETI_DAGITIMI-scaled.jpg\",\"width\":2560,\"height\":1707},{\"@type\":\"BreadcrumbList\",\"@id\":\"https:\\\/\\\/tdv.org\\\/tr-TR\\\/tdvden-arnavutlukta-kurban-eti-dagitimi\\\/#breadcrumb\",\"itemListElement\":[{\"@type\":\"ListItem\",\"position\":1,\"name\":\"Anasayfa\",\"item\":\"https:\\\/\\\/tdv.org\\\/tr-TR\\\/\"},{\"@type\":\"ListItem\",\"position\":2,\"name\":\"TDV&#8217;den Arnavutluk&#8217;ta kurban eti da\u011f\u0131t\u0131m\u0131\"}]},{\"@type\":\"WebSite\",\"@id\":\"https:\\\/\\\/tdv.org\\\/tr-TR\\\/#website\",\"url\":\"https:\\\/\\\/tdv.org\\\/tr-TR\\\/\",\"name\":\"T\u00fcrkiye Diyanet Vakf\u0131 Resmi Web Sitesi\",\"description\":\"Yery\u00fcz\u00fcnde iyilik egemen oluncaya kadar\",\"publisher\":{\"@id\":\"https:\\\/\\\/tdv.org\\\/tr-TR\\\/#organization\"},\"alternateName\":\"T\u00fcrkiye Diyanet Vakf\u0131\",\"potentialAction\":[{\"@type\":\"SearchAction\",\"target\":{\"@type\":\"EntryPoint\",\"urlTemplate\":\"https:\\\/\\\/tdv.org\\\/tr-TR\\\/?s={search_term_string}\"},\"query-input\":{\"@type\":\"PropertyValueSpecification\",\"valueRequired\":true,\"valueName\":\"search_term_string\"}}],\"inLanguage\":\"tr\"},{\"@type\":\"Organization\",\"@id\":\"https:\\\/\\\/tdv.org\\\/tr-TR\\\/#organization\",\"name\":\"T\u00fcrkiye Diyanet Vakf\u0131\",\"alternateName\":\"T\u00fcrkiye Diyanet Vakf\u0131\",\"url\":\"https:\\\/\\\/tdv.org\\\/tr-TR\\\/\",\"logo\":{\"@type\":\"ImageObject\",\"inLanguage\":\"tr\",\"@id\":\"https:\\\/\\\/tdv.org\\\/tr-TR\\\/#\\\/schema\\\/logo\\\/image\\\/\",\"url\":\"https:\\\/\\\/tdv.org\\\/tr-TR\\\/wp-content\\\/uploads\\\/2018\\\/12\\\/TDV_Logo_1.png\",\"contentUrl\":\"https:\\\/\\\/tdv.org\\\/tr-TR\\\/wp-content\\\/uploads\\\/2018\\\/12\\\/TDV_Logo_1.png\",\"width\":207,\"height\":71,\"caption\":\"T\u00fcrkiye Diyanet Vakf\u0131\"},\"image\":{\"@id\":\"https:\\\/\\\/tdv.org\\\/tr-TR\\\/#\\\/schema\\\/logo\\\/image\\\/\"},\"sameAs\":[\"https:\\\/\\\/www.facebook.com\\\/Diyanetvakfi\\\/\",\"https:\\\/\\\/x.com\\\/DiyanetVakfi\",\"https:\\\/\\\/www.instagram.com\\\/turkiyediyanetvakfi\\\/\",\"https:\\\/\\\/www.youtube.com\\\/user\\\/TurkiyeDiyanetVakfi\"]},{\"@type\":\"Person\",\"@id\":\"https:\\\/\\\/tdv.org\\\/tr-TR\\\/#\\\/schema\\\/person\\\/752b55e264a99273d55636516d96d5eb\",\"name\":\"Selim\",\"image\":{\"@type\":\"ImageObject\",\"inLanguage\":\"tr\",\"@id\":\"https:\\\/\\\/tdv.org\\\/tr-TR\\\/wp-content\\\/litespeed\\\/avatar\\\/a1e47b25396e98e5b781e88a5396cd96.jpg?ver=1777287391\",\"url\":\"https:\\\/\\\/tdv.org\\\/tr-TR\\\/wp-content\\\/litespeed\\\/avatar\\\/a1e47b25396e98e5b781e88a5396cd96.jpg?ver=1777287391\",\"contentUrl\":\"https:\\\/\\\/tdv.org\\\/tr-TR\\\/wp-content\\\/litespeed\\\/avatar\\\/a1e47b25396e98e5b781e88a5396cd96.jpg?ver=1777287391\",\"caption\":\"Selim\"}}]}<\/script>\n<!-- \/ Yoast SEO plugin. -->","yoast_head_json":{"title":"TDV'den Arnavutluk'ta kurban eti da\u011f\u0131t\u0131m\u0131","description":"T\u00fcrkiye Diyanet Vakf\u0131 (TDV) taraf\u0131ndan Arnavutluk'un ba\u015fkenti Tiran'da, eti ihtiya\u00e7 sahiplerine da\u011f\u0131t\u0131lmak \u00fczere kurban kesildi.","robots":{"index":"index","follow":"follow","max-snippet":"max-snippet:-1","max-image-preview":"max-image-preview:large","max-video-preview":"max-video-preview:-1"},"canonical":"https:\/\/tdv.org\/tr-TR\/tdvden-arnavutlukta-kurban-eti-dagitimi\/","og_locale":"tr_TR","og_type":"article","og_title":"TDV'den Arnavutluk'ta kurban eti da\u011f\u0131t\u0131m\u0131","og_description":"T\u00fcrkiye Diyanet Vakf\u0131 (TDV) taraf\u0131ndan Arnavutluk'un ba\u015fkenti Tiran'da, eti ihtiya\u00e7 sahiplerine da\u011f\u0131t\u0131lmak \u00fczere kurban kesildi.","og_url":"https:\/\/tdv.org\/tr-TR\/tdvden-arnavutlukta-kurban-eti-dagitimi\/","og_site_name":"T\u00fcrkiye Diyanet Vakf\u0131 Resmi Web Sitesi","article_publisher":"https:\/\/www.facebook.com\/Diyanetvakfi\/","article_published_time":"2022-07-10T06:13:18+00:00","article_modified_time":"2022-12-08T06:48:55+00:00","og_image":[{"width":2560,"height":1707,"url":"https:\/\/tdv.org\/tr-TR\/wp-content\/uploads\/2022\/07\/AA-20220709-28382017-28382015-TDVDEN_ARNAVUTLUKA_KURBAN_ETI_DAGITIMI-scaled.jpg","type":"image\/jpeg"}],"author":"Selim","twitter_card":"summary_large_image","twitter_creator":"@DiyanetVakfi","twitter_site":"@DiyanetVakfi","schema":{"@context":"https:\/\/schema.org","@graph":[{"@type":"Article","@id":"https:\/\/tdv.org\/tr-TR\/tdvden-arnavutlukta-kurban-eti-dagitimi\/#article","isPartOf":{"@id":"https:\/\/tdv.org\/tr-TR\/tdvden-arnavutlukta-kurban-eti-dagitimi\/"},"author":{"name":"Selim","@id":"https:\/\/tdv.org\/tr-TR\/#\/schema\/person\/752b55e264a99273d55636516d96d5eb"},"headline":"TDV&#8217;den Arnavutluk&#8217;ta kurban eti da\u011f\u0131t\u0131m\u0131","datePublished":"2022-07-10T06:13:18+00:00","dateModified":"2022-12-08T06:48:55+00:00","mainEntityOfPage":{"@id":"https:\/\/tdv.org\/tr-TR\/tdvden-arnavutlukta-kurban-eti-dagitimi\/"},"wordCount":244,"commentCount":0,"publisher":{"@id":"https:\/\/tdv.org\/tr-TR\/#organization"},"image":{"@id":"https:\/\/tdv.org\/tr-TR\/tdvden-arnavutlukta-kurban-eti-dagitimi\/#primaryimage"},"thumbnailUrl":"https:\/\/tdv.org\/tr-TR\/wp-content\/uploads\/2022\/07\/AA-20220709-28382017-28382015-TDVDEN_ARNAVUTLUKA_KURBAN_ETI_DAGITIMI-scaled.jpg","keywords":["2022 kurban","2022 Y\u0131l\u0131 Vekalet Yoluyla Kurban Kesim Organizasyonu","Arnavutluk","Kurban 2022"],"articleSection":["Haberler"],"inLanguage":"tr","potentialAction":[{"@type":"CommentAction","name":"Comment","target":["https:\/\/tdv.org\/tr-TR\/tdvden-arnavutlukta-kurban-eti-dagitimi\/#respond"]}]},{"@type":"WebPage","@id":"https:\/\/tdv.org\/tr-TR\/tdvden-arnavutlukta-kurban-eti-dagitimi\/","url":"https:\/\/tdv.org\/tr-TR\/tdvden-arnavutlukta-kurban-eti-dagitimi\/","name":"TDV'den Arnavutluk'ta kurban eti da\u011f\u0131t\u0131m\u0131","isPartOf":{"@id":"https:\/\/tdv.org\/tr-TR\/#website"},"primaryImageOfPage":{"@id":"https:\/\/tdv.org\/tr-TR\/tdvden-arnavutlukta-kurban-eti-dagitimi\/#primaryimage"},"image":{"@id":"https:\/\/tdv.org\/tr-TR\/tdvden-arnavutlukta-kurban-eti-dagitimi\/#primaryimage"},"thumbnailUrl":"https:\/\/tdv.org\/tr-TR\/wp-content\/uploads\/2022\/07\/AA-20220709-28382017-28382015-TDVDEN_ARNAVUTLUKA_KURBAN_ETI_DAGITIMI-scaled.jpg","datePublished":"2022-07-10T06:13:18+00:00","dateModified":"2022-12-08T06:48:55+00:00","description":"T\u00fcrkiye Diyanet Vakf\u0131 (TDV) taraf\u0131ndan Arnavutluk'un ba\u015fkenti Tiran'da, eti ihtiya\u00e7 sahiplerine da\u011f\u0131t\u0131lmak \u00fczere kurban kesildi.","breadcrumb":{"@id":"https:\/\/tdv.org\/tr-TR\/tdvden-arnavutlukta-kurban-eti-dagitimi\/#breadcrumb"},"inLanguage":"tr","potentialAction":[{"@type":"ReadAction","target":["https:\/\/tdv.org\/tr-TR\/tdvden-arnavutlukta-kurban-eti-dagitimi\/"]}]},{"@type":"ImageObject","inLanguage":"tr","@id":"https:\/\/tdv.org\/tr-TR\/tdvden-arnavutlukta-kurban-eti-dagitimi\/#primaryimage","url":"https:\/\/tdv.org\/tr-TR\/wp-content\/uploads\/2022\/07\/AA-20220709-28382017-28382015-TDVDEN_ARNAVUTLUKA_KURBAN_ETI_DAGITIMI-scaled.jpg","contentUrl":"https:\/\/tdv.org\/tr-TR\/wp-content\/uploads\/2022\/07\/AA-20220709-28382017-28382015-TDVDEN_ARNAVUTLUKA_KURBAN_ETI_DAGITIMI-scaled.jpg","width":2560,"height":1707},{"@type":"BreadcrumbList","@id":"https:\/\/tdv.org\/tr-TR\/tdvden-arnavutlukta-kurban-eti-dagitimi\/#breadcrumb","itemListElement":[{"@type":"ListItem","position":1,"name":"Anasayfa","item":"https:\/\/tdv.org\/tr-TR\/"},{"@type":"ListItem","position":2,"name":"TDV&#8217;den Arnavutluk&#8217;ta kurban eti da\u011f\u0131t\u0131m\u0131"}]},{"@type":"WebSite","@id":"https:\/\/tdv.org\/tr-TR\/#website","url":"https:\/\/tdv.org\/tr-TR\/","name":"T\u00fcrkiye Diyanet Vakf\u0131 Resmi Web Sitesi","description":"Yery\u00fcz\u00fcnde iyilik egemen oluncaya kadar","publisher":{"@id":"https:\/\/tdv.org\/tr-TR\/#organization"},"alternateName":"T\u00fcrkiye Diyanet Vakf\u0131","potentialAction":[{"@type":"SearchAction","target":{"@type":"EntryPoint","urlTemplate":"https:\/\/tdv.org\/tr-TR\/?s={search_term_string}"},"query-input":{"@type":"PropertyValueSpecification","valueRequired":true,"valueName":"search_term_string"}}],"inLanguage":"tr"},{"@type":"Organization","@id":"https:\/\/tdv.org\/tr-TR\/#organization","name":"T\u00fcrkiye Diyanet Vakf\u0131","alternateName":"T\u00fcrkiye Diyanet Vakf\u0131","url":"https:\/\/tdv.org\/tr-TR\/","logo":{"@type":"ImageObject","inLanguage":"tr","@id":"https:\/\/tdv.org\/tr-TR\/#\/schema\/logo\/image\/","url":"https:\/\/tdv.org\/tr-TR\/wp-content\/uploads\/2018\/12\/TDV_Logo_1.png","contentUrl":"https:\/\/tdv.org\/tr-TR\/wp-content\/uploads\/2018\/12\/TDV_Logo_1.png","width":207,"height":71,"caption":"T\u00fcrkiye Diyanet Vakf\u0131"},"image":{"@id":"https:\/\/tdv.org\/tr-TR\/#\/schema\/logo\/image\/"},"sameAs":["https:\/\/www.facebook.com\/Diyanetvakfi\/","https:\/\/x.com\/DiyanetVakfi","https:\/\/www.instagram.com\/turkiyediyanetvakfi\/","https:\/\/www.youtube.com\/user\/TurkiyeDiyanetVakfi"]},{"@type":"Person","@id":"https:\/\/tdv.org\/tr-TR\/#\/schema\/person\/752b55e264a99273d55636516d96d5eb","name":"Selim","image":{"@type":"ImageObject","inLanguage":"tr","@id":"https:\/\/tdv.org\/tr-TR\/wp-content\/litespeed\/avatar\/a1e47b25396e98e5b781e88a5396cd96.jpg?ver=1777287391","url":"https:\/\/tdv.org\/tr-TR\/wp-content\/litespeed\/avatar\/a1e47b25396e98e5b781e88a5396cd96.jpg?ver=1777287391","contentUrl":"https:\/\/tdv.org\/tr-TR\/wp-content\/litespeed\/avatar\/a1e47b25396e98e5b781e88a5396cd96.jpg?ver=1777287391","caption":"Selim"}}]}},"_links":{"self":[{"href":"https:\/\/tdv.org\/tr-TR\/wp-json\/wp\/v2\/posts\/25807","targetHints":{"allow":["GET"]}}],"collection":[{"href":"https:\/\/tdv.org\/tr-TR\/wp-json\/wp\/v2\/posts"}],"about":[{"href":"https:\/\/tdv.org\/tr-TR\/wp-json\/wp\/v2\/types\/post"}],"author":[{"embeddable":true,"href":"https:\/\/tdv.org\/tr-TR\/wp-json\/wp\/v2\/users\/8"}],"replies":[{"embeddable":true,"href":"https:\/\/tdv.org\/tr-TR\/wp-json\/wp\/v2\/comments?post=25807"}],"version-history":[{"count":1,"href":"https:\/\/tdv.org\/tr-TR\/wp-json\/wp\/v2\/posts\/25807\/revisions"}],"predecessor-version":[{"id":25810,"href":"https:\/\/tdv.org\/tr-TR\/wp-json\/wp\/v2\/posts\/25807\/revisions\/25810"}],"wp:featuredmedia":[{"embeddable":true,"href":"https:\/\/tdv.org\/tr-TR\/wp-json\/wp\/v2\/media\/25808"}],"wp:attachment":[{"href":"https:\/\/tdv.org\/tr-TR\/wp-json\/wp\/v2\/media?parent=25807"}],"wp:term":[{"taxonomy":"category","embeddable":true,"href":"https:\/\/tdv.org\/tr-TR\/wp-json\/wp\/v2\/categories?post=25807"},{"taxonomy":"post_tag","embeddable":true,"href":"https:\/\/tdv.org\/tr-TR\/wp-json\/wp\/v2\/tags?post=25807"}],"curies":[{"name":"wp","href":"https:\/\/api.w.org\/{rel}","templated":true}]}}