{"id":25921,"date":"2022-07-11T16:08:09","date_gmt":"2022-07-11T13:08:09","guid":{"rendered":"https:\/\/tdv.org\/tr-TR\/?p=25921"},"modified":"2022-12-08T09:42:33","modified_gmt":"2022-12-08T06:42:33","slug":"tdv-kurban-bayraminda-malili-muhtaclarin-yuzunu-guldurdu","status":"publish","type":"post","link":"https:\/\/tdv.org\/tr-TR\/tdv-kurban-bayraminda-malili-muhtaclarin-yuzunu-guldurdu\/","title":{"rendered":"TDV, Kurban Bayram\u0131&#8217;nda Malili muhta\u00e7lar\u0131n y\u00fcz\u00fcn\u00fc g\u00fcld\u00fcrd\u00fc"},"content":{"rendered":"<p>T\u00fcrkiye Diyanet Vakf\u0131n\u0131n (TDV) Mali&#8217;de ihtiya\u00e7 sahiplerine da\u011f\u0131t\u0131lmak \u00fczere iki g\u00fcn s\u00fcren vekalet yoluyla kurban kesimi ve et da\u011f\u0131t\u0131m\u0131 tamamland\u0131.<\/p>\n<p>Diyanet \u0130\u015fleri Ba\u015fkanl\u0131\u011f\u0131 (D\u0130B) ile TDV&#8217;nin &#8220;Kurban\u0131n\u0131 Payla\u015f, Karde\u015finle Yak\u0131nla\u015f&#8221; temas\u0131yla d\u00fczenledi\u011fi 2022 Y\u0131l\u0131 Vekalet Yoluyla Kurban Kesim Organizasyonu&#8217;nda 3 bin 46 b\u00fcy\u00fckba\u015f hayvan kesildi.<\/p>\n<p>TDV arac\u0131l\u0131\u011f\u0131 ile kurban\u0131n\u0131 vekalet yolu ile yurt d\u0131\u015f\u0131nda kestirmek isteyen 21 bin 322 hissenin kurban etinden Mali\u2019de 350 bin ki\u015fi faydaland\u0131.<\/p>\n<p>8 b\u00f6lgede kurban kesim faaliyetlerinin yap\u0131lmas\u0131n\u0131n ard\u0131ndan ihtiya\u00e7 sahiplerine kurban etleri TDV g\u00f6revlileri ve g\u00f6n\u00fcll\u00fcleri taraf\u0131ndan kurban kesim alanlar\u0131nda veya bizzat evlerine gidilerek ula\u015ft\u0131r\u0131ld\u0131.<\/p>\n<p>Segou \u015fehrinin Markala b\u00f6lgesinde kesim faaliyetleri yapan TDV ekibi, k\u00f6ylerinden ayr\u0131larak hastanelerde tedavi olan Malilileri de unutmad\u0131. G\u00f6revliler, Markala Hastanesine giderek hasta yak\u0131nlar\u0131na et da\u011f\u0131tt\u0131.<\/p>\n<p>\u00c7ocuklar\u0131n balon sevinci<\/p>\n<p>TDV g\u00f6n\u00fcll\u00fcs\u00fc de olan \u0130zmir M\u00fcft\u00fc Yard\u0131mc\u0131s\u0131 O\u011fuzhan Kad\u0131o\u011flu ve ekip arkada\u015flar\u0131, et da\u011f\u0131tmak i\u00e7in gittikleri k\u00f6ylerde \u00e7ocuklara balon ve \u015feker hediye etti.<\/p>\n<p>Markala\u2019n\u0131n Djiakaking k\u00f6y\u00fcne giderek et da\u011f\u0131tan Kad\u0131o\u011flu ve arkada\u015flar\u0131, buradaki \u00e7ocuklara balon hediye etti. 11 \u00e7ocu\u011fa birer birer balon veren Kad\u0131o\u011flu, bir de yar\u0131\u015fma d\u00fczenleyerek Malili \u00e7ocuklara farkl\u0131 bir bayram havas\u0131 ya\u015fatt\u0131.<\/p>\n<p>Yan yana dizilen Kad\u0131o\u011flu ve \u00e7ocuklar, \u00fc\u00e7ten geri sayarak en h\u0131zl\u0131 balonu \u015fi\u015firerek patlatma yar\u0131\u015fmas\u0131 yapt\u0131.<\/p>\n<p>Kad\u0131o\u011flu, e\u011flenceli ve komik anlar\u0131n ya\u015fand\u0131\u011f\u0131 yar\u0131\u015fmay\u0131 birincilikle tamamlayandan ba\u015flayarak b\u00fct\u00fcn \u00e7ocuklara \u00f6d\u00fcl olarak T\u00fcrkiye\u2019den getirdi\u011fi \u015fekerleri ikram ederken, sonuncu olan \u00e7ocu\u011fu da teselli etti.<\/p>\n\n\t\t<style type=\"text\/css\">\n\t\t\t#gallery-1 {\n\t\t\t\tmargin: auto;\n\t\t\t}\n\t\t\t#gallery-1 .gallery-item {\n\t\t\t\tfloat: left;\n\t\t\t\tmargin-top: 10px;\n\t\t\t\ttext-align: center;\n\t\t\t\twidth: 16%;\n\t\t\t}\n\t\t\t#gallery-1 img {\n\t\t\t\tborder: 2px solid #cfcfcf;\n\t\t\t}\n\t\t\t#gallery-1 .gallery-caption {\n\t\t\t\tmargin-left: 0;\n\t\t\t}\n\t\t\t\/* see gallery_shortcode() in wp-includes\/media.php *\/\n\t\t<\/style>\n\t\t<div id='gallery-1' class='gallery galleryid-25921 gallery-columns-6 gallery-size-thumbnail'><dl class='gallery-item'>\n\t\t\t<dt class='gallery-icon landscape'>\n\t\t\t\t<a href='https:\/\/tdv.org\/tr-TR\/wp-content\/uploads\/2022\/07\/AA-20220711-28392723-28392721-TDV_KURBAN_BAYRAMINDA_MALILI_MUHTACLARIN_YUZUNU_GULDURDU-scaled.jpg'><img decoding=\"async\" width=\"150\" height=\"150\" src=\"https:\/\/tdv.org\/tr-TR\/wp-content\/uploads\/2022\/07\/AA-20220711-28392723-28392721-TDV_KURBAN_BAYRAMINDA_MALILI_MUHTACLARIN_YUZUNU_GULDURDU-150x150.jpg\" class=\"attachment-thumbnail size-thumbnail\" alt=\"\" srcset=\"https:\/\/tdv.org\/tr-TR\/wp-content\/uploads\/2022\/07\/AA-20220711-28392723-28392721-TDV_KURBAN_BAYRAMINDA_MALILI_MUHTACLARIN_YUZUNU_GULDURDU-150x150.jpg 150w, https:\/\/tdv.org\/tr-TR\/wp-content\/uploads\/2022\/07\/AA-20220711-28392723-28392721-TDV_KURBAN_BAYRAMINDA_MALILI_MUHTACLARIN_YUZUNU_GULDURDU-100x100.jpg 100w, https:\/\/tdv.org\/tr-TR\/wp-content\/uploads\/2022\/07\/AA-20220711-28392723-28392721-TDV_KURBAN_BAYRAMINDA_MALILI_MUHTACLARIN_YUZUNU_GULDURDU-140x140.jpg 140w, https:\/\/tdv.org\/tr-TR\/wp-content\/uploads\/2022\/07\/AA-20220711-28392723-28392721-TDV_KURBAN_BAYRAMINDA_MALILI_MUHTACLARIN_YUZUNU_GULDURDU-500x500.jpg 500w, https:\/\/tdv.org\/tr-TR\/wp-content\/uploads\/2022\/07\/AA-20220711-28392723-28392721-TDV_KURBAN_BAYRAMINDA_MALILI_MUHTACLARIN_YUZUNU_GULDURDU-350x350.jpg 350w, https:\/\/tdv.org\/tr-TR\/wp-content\/uploads\/2022\/07\/AA-20220711-28392723-28392721-TDV_KURBAN_BAYRAMINDA_MALILI_MUHTACLARIN_YUZUNU_GULDURDU-1000x1000.jpg 1000w, https:\/\/tdv.org\/tr-TR\/wp-content\/uploads\/2022\/07\/AA-20220711-28392723-28392721-TDV_KURBAN_BAYRAMINDA_MALILI_MUHTACLARIN_YUZUNU_GULDURDU-800x800.jpg 800w\" sizes=\"(max-width: 150px) 100vw, 150px\" \/><\/a>\n\t\t\t<\/dt><\/dl><dl class='gallery-item'>\n\t\t\t<dt class='gallery-icon landscape'>\n\t\t\t\t<a href='https:\/\/tdv.org\/tr-TR\/wp-content\/uploads\/2022\/07\/AA-20220711-28392723-28392720-TDV_KURBAN_BAYRAMINDA_MALILI_MUHTACLARIN_YUZUNU_GULDURDU-scaled.jpg'><img decoding=\"async\" width=\"150\" height=\"150\" src=\"https:\/\/tdv.org\/tr-TR\/wp-content\/uploads\/2022\/07\/AA-20220711-28392723-28392720-TDV_KURBAN_BAYRAMINDA_MALILI_MUHTACLARIN_YUZUNU_GULDURDU-150x150.jpg\" class=\"attachment-thumbnail size-thumbnail\" alt=\"\" srcset=\"https:\/\/tdv.org\/tr-TR\/wp-content\/uploads\/2022\/07\/AA-20220711-28392723-28392720-TDV_KURBAN_BAYRAMINDA_MALILI_MUHTACLARIN_YUZUNU_GULDURDU-150x150.jpg 150w, https:\/\/tdv.org\/tr-TR\/wp-content\/uploads\/2022\/07\/AA-20220711-28392723-28392720-TDV_KURBAN_BAYRAMINDA_MALILI_MUHTACLARIN_YUZUNU_GULDURDU-100x100.jpg 100w, https:\/\/tdv.org\/tr-TR\/wp-content\/uploads\/2022\/07\/AA-20220711-28392723-28392720-TDV_KURBAN_BAYRAMINDA_MALILI_MUHTACLARIN_YUZUNU_GULDURDU-140x140.jpg 140w, https:\/\/tdv.org\/tr-TR\/wp-content\/uploads\/2022\/07\/AA-20220711-28392723-28392720-TDV_KURBAN_BAYRAMINDA_MALILI_MUHTACLARIN_YUZUNU_GULDURDU-500x500.jpg 500w, https:\/\/tdv.org\/tr-TR\/wp-content\/uploads\/2022\/07\/AA-20220711-28392723-28392720-TDV_KURBAN_BAYRAMINDA_MALILI_MUHTACLARIN_YUZUNU_GULDURDU-350x350.jpg 350w, https:\/\/tdv.org\/tr-TR\/wp-content\/uploads\/2022\/07\/AA-20220711-28392723-28392720-TDV_KURBAN_BAYRAMINDA_MALILI_MUHTACLARIN_YUZUNU_GULDURDU-1000x1000.jpg 1000w, https:\/\/tdv.org\/tr-TR\/wp-content\/uploads\/2022\/07\/AA-20220711-28392723-28392720-TDV_KURBAN_BAYRAMINDA_MALILI_MUHTACLARIN_YUZUNU_GULDURDU-800x800.jpg 800w\" sizes=\"(max-width: 150px) 100vw, 150px\" \/><\/a>\n\t\t\t<\/dt><\/dl><dl class='gallery-item'>\n\t\t\t<dt class='gallery-icon landscape'>\n\t\t\t\t<a href='https:\/\/tdv.org\/tr-TR\/wp-content\/uploads\/2022\/07\/AA-20220711-28392723-28392718-TDV_KURBAN_BAYRAMINDA_MALILI_MUHTACLARIN_YUZUNU_GULDURDU-scaled.jpg'><img decoding=\"async\" width=\"150\" height=\"150\" src=\"https:\/\/tdv.org\/tr-TR\/wp-content\/uploads\/2022\/07\/AA-20220711-28392723-28392718-TDV_KURBAN_BAYRAMINDA_MALILI_MUHTACLARIN_YUZUNU_GULDURDU-150x150.jpg\" class=\"attachment-thumbnail size-thumbnail\" alt=\"\" srcset=\"https:\/\/tdv.org\/tr-TR\/wp-content\/uploads\/2022\/07\/AA-20220711-28392723-28392718-TDV_KURBAN_BAYRAMINDA_MALILI_MUHTACLARIN_YUZUNU_GULDURDU-150x150.jpg 150w, https:\/\/tdv.org\/tr-TR\/wp-content\/uploads\/2022\/07\/AA-20220711-28392723-28392718-TDV_KURBAN_BAYRAMINDA_MALILI_MUHTACLARIN_YUZUNU_GULDURDU-100x100.jpg 100w, https:\/\/tdv.org\/tr-TR\/wp-content\/uploads\/2022\/07\/AA-20220711-28392723-28392718-TDV_KURBAN_BAYRAMINDA_MALILI_MUHTACLARIN_YUZUNU_GULDURDU-140x140.jpg 140w, https:\/\/tdv.org\/tr-TR\/wp-content\/uploads\/2022\/07\/AA-20220711-28392723-28392718-TDV_KURBAN_BAYRAMINDA_MALILI_MUHTACLARIN_YUZUNU_GULDURDU-500x500.jpg 500w, https:\/\/tdv.org\/tr-TR\/wp-content\/uploads\/2022\/07\/AA-20220711-28392723-28392718-TDV_KURBAN_BAYRAMINDA_MALILI_MUHTACLARIN_YUZUNU_GULDURDU-350x350.jpg 350w, https:\/\/tdv.org\/tr-TR\/wp-content\/uploads\/2022\/07\/AA-20220711-28392723-28392718-TDV_KURBAN_BAYRAMINDA_MALILI_MUHTACLARIN_YUZUNU_GULDURDU-1000x1000.jpg 1000w, https:\/\/tdv.org\/tr-TR\/wp-content\/uploads\/2022\/07\/AA-20220711-28392723-28392718-TDV_KURBAN_BAYRAMINDA_MALILI_MUHTACLARIN_YUZUNU_GULDURDU-800x800.jpg 800w\" sizes=\"(max-width: 150px) 100vw, 150px\" \/><\/a>\n\t\t\t<\/dt><\/dl><dl class='gallery-item'>\n\t\t\t<dt class='gallery-icon landscape'>\n\t\t\t\t<a href='https:\/\/tdv.org\/tr-TR\/wp-content\/uploads\/2022\/07\/AA-20220711-28392723-28392716-TDV_KURBAN_BAYRAMINDA_MALILI_MUHTACLARIN_YUZUNU_GULDURDU-scaled.jpg'><img decoding=\"async\" width=\"150\" height=\"150\" src=\"https:\/\/tdv.org\/tr-TR\/wp-content\/uploads\/2022\/07\/AA-20220711-28392723-28392716-TDV_KURBAN_BAYRAMINDA_MALILI_MUHTACLARIN_YUZUNU_GULDURDU-150x150.jpg\" class=\"attachment-thumbnail size-thumbnail\" alt=\"\" srcset=\"https:\/\/tdv.org\/tr-TR\/wp-content\/uploads\/2022\/07\/AA-20220711-28392723-28392716-TDV_KURBAN_BAYRAMINDA_MALILI_MUHTACLARIN_YUZUNU_GULDURDU-150x150.jpg 150w, https:\/\/tdv.org\/tr-TR\/wp-content\/uploads\/2022\/07\/AA-20220711-28392723-28392716-TDV_KURBAN_BAYRAMINDA_MALILI_MUHTACLARIN_YUZUNU_GULDURDU-100x100.jpg 100w, https:\/\/tdv.org\/tr-TR\/wp-content\/uploads\/2022\/07\/AA-20220711-28392723-28392716-TDV_KURBAN_BAYRAMINDA_MALILI_MUHTACLARIN_YUZUNU_GULDURDU-140x140.jpg 140w, https:\/\/tdv.org\/tr-TR\/wp-content\/uploads\/2022\/07\/AA-20220711-28392723-28392716-TDV_KURBAN_BAYRAMINDA_MALILI_MUHTACLARIN_YUZUNU_GULDURDU-500x500.jpg 500w, https:\/\/tdv.org\/tr-TR\/wp-content\/uploads\/2022\/07\/AA-20220711-28392723-28392716-TDV_KURBAN_BAYRAMINDA_MALILI_MUHTACLARIN_YUZUNU_GULDURDU-350x350.jpg 350w, https:\/\/tdv.org\/tr-TR\/wp-content\/uploads\/2022\/07\/AA-20220711-28392723-28392716-TDV_KURBAN_BAYRAMINDA_MALILI_MUHTACLARIN_YUZUNU_GULDURDU-1000x1000.jpg 1000w, https:\/\/tdv.org\/tr-TR\/wp-content\/uploads\/2022\/07\/AA-20220711-28392723-28392716-TDV_KURBAN_BAYRAMINDA_MALILI_MUHTACLARIN_YUZUNU_GULDURDU-800x800.jpg 800w\" sizes=\"(max-width: 150px) 100vw, 150px\" \/><\/a>\n\t\t\t<\/dt><\/dl><dl class='gallery-item'>\n\t\t\t<dt class='gallery-icon landscape'>\n\t\t\t\t<a href='https:\/\/tdv.org\/tr-TR\/wp-content\/uploads\/2022\/07\/AA-20220711-28392723-28392715-TDV_KURBAN_BAYRAMINDA_MALILI_MUHTACLARIN_YUZUNU_GULDURDU-scaled.jpg'><img decoding=\"async\" width=\"150\" height=\"150\" src=\"https:\/\/tdv.org\/tr-TR\/wp-content\/uploads\/2022\/07\/AA-20220711-28392723-28392715-TDV_KURBAN_BAYRAMINDA_MALILI_MUHTACLARIN_YUZUNU_GULDURDU-150x150.jpg\" class=\"attachment-thumbnail size-thumbnail\" alt=\"\" srcset=\"https:\/\/tdv.org\/tr-TR\/wp-content\/uploads\/2022\/07\/AA-20220711-28392723-28392715-TDV_KURBAN_BAYRAMINDA_MALILI_MUHTACLARIN_YUZUNU_GULDURDU-150x150.jpg 150w, https:\/\/tdv.org\/tr-TR\/wp-content\/uploads\/2022\/07\/AA-20220711-28392723-28392715-TDV_KURBAN_BAYRAMINDA_MALILI_MUHTACLARIN_YUZUNU_GULDURDU-100x100.jpg 100w, https:\/\/tdv.org\/tr-TR\/wp-content\/uploads\/2022\/07\/AA-20220711-28392723-28392715-TDV_KURBAN_BAYRAMINDA_MALILI_MUHTACLARIN_YUZUNU_GULDURDU-140x140.jpg 140w, https:\/\/tdv.org\/tr-TR\/wp-content\/uploads\/2022\/07\/AA-20220711-28392723-28392715-TDV_KURBAN_BAYRAMINDA_MALILI_MUHTACLARIN_YUZUNU_GULDURDU-500x500.jpg 500w, https:\/\/tdv.org\/tr-TR\/wp-content\/uploads\/2022\/07\/AA-20220711-28392723-28392715-TDV_KURBAN_BAYRAMINDA_MALILI_MUHTACLARIN_YUZUNU_GULDURDU-350x350.jpg 350w, https:\/\/tdv.org\/tr-TR\/wp-content\/uploads\/2022\/07\/AA-20220711-28392723-28392715-TDV_KURBAN_BAYRAMINDA_MALILI_MUHTACLARIN_YUZUNU_GULDURDU-1000x1000.jpg 1000w, https:\/\/tdv.org\/tr-TR\/wp-content\/uploads\/2022\/07\/AA-20220711-28392723-28392715-TDV_KURBAN_BAYRAMINDA_MALILI_MUHTACLARIN_YUZUNU_GULDURDU-800x800.jpg 800w\" sizes=\"(max-width: 150px) 100vw, 150px\" \/><\/a>\n\t\t\t<\/dt><\/dl><dl class='gallery-item'>\n\t\t\t<dt class='gallery-icon landscape'>\n\t\t\t\t<a href='https:\/\/tdv.org\/tr-TR\/wp-content\/uploads\/2022\/07\/AA-20220711-28392679-28392676-TDV_KURBAN_BAYRAMINDA_MALILI_MUHTACLARIN_YUZUNU_GULDURDU-scaled.jpg'><img decoding=\"async\" width=\"150\" height=\"150\" src=\"https:\/\/tdv.org\/tr-TR\/wp-content\/uploads\/2022\/07\/AA-20220711-28392679-28392676-TDV_KURBAN_BAYRAMINDA_MALILI_MUHTACLARIN_YUZUNU_GULDURDU-150x150.jpg\" class=\"attachment-thumbnail size-thumbnail\" alt=\"\" srcset=\"https:\/\/tdv.org\/tr-TR\/wp-content\/uploads\/2022\/07\/AA-20220711-28392679-28392676-TDV_KURBAN_BAYRAMINDA_MALILI_MUHTACLARIN_YUZUNU_GULDURDU-150x150.jpg 150w, https:\/\/tdv.org\/tr-TR\/wp-content\/uploads\/2022\/07\/AA-20220711-28392679-28392676-TDV_KURBAN_BAYRAMINDA_MALILI_MUHTACLARIN_YUZUNU_GULDURDU-100x100.jpg 100w, https:\/\/tdv.org\/tr-TR\/wp-content\/uploads\/2022\/07\/AA-20220711-28392679-28392676-TDV_KURBAN_BAYRAMINDA_MALILI_MUHTACLARIN_YUZUNU_GULDURDU-140x140.jpg 140w, https:\/\/tdv.org\/tr-TR\/wp-content\/uploads\/2022\/07\/AA-20220711-28392679-28392676-TDV_KURBAN_BAYRAMINDA_MALILI_MUHTACLARIN_YUZUNU_GULDURDU-500x500.jpg 500w, https:\/\/tdv.org\/tr-TR\/wp-content\/uploads\/2022\/07\/AA-20220711-28392679-28392676-TDV_KURBAN_BAYRAMINDA_MALILI_MUHTACLARIN_YUZUNU_GULDURDU-350x350.jpg 350w, https:\/\/tdv.org\/tr-TR\/wp-content\/uploads\/2022\/07\/AA-20220711-28392679-28392676-TDV_KURBAN_BAYRAMINDA_MALILI_MUHTACLARIN_YUZUNU_GULDURDU-1000x1000.jpg 1000w, https:\/\/tdv.org\/tr-TR\/wp-content\/uploads\/2022\/07\/AA-20220711-28392679-28392676-TDV_KURBAN_BAYRAMINDA_MALILI_MUHTACLARIN_YUZUNU_GULDURDU-800x800.jpg 800w\" sizes=\"(max-width: 150px) 100vw, 150px\" \/><\/a>\n\t\t\t<\/dt><\/dl><br style=\"clear: both\" \/><dl class='gallery-item'>\n\t\t\t<dt class='gallery-icon landscape'>\n\t\t\t\t<a href='https:\/\/tdv.org\/tr-TR\/wp-content\/uploads\/2022\/07\/AA-20220711-28392679-28392675-TDV_KURBAN_BAYRAMINDA_MALILI_MUHTACLARIN_YUZUNU_GULDURDU-scaled.jpg'><img decoding=\"async\" width=\"150\" height=\"150\" src=\"https:\/\/tdv.org\/tr-TR\/wp-content\/uploads\/2022\/07\/AA-20220711-28392679-28392675-TDV_KURBAN_BAYRAMINDA_MALILI_MUHTACLARIN_YUZUNU_GULDURDU-150x150.jpg\" class=\"attachment-thumbnail size-thumbnail\" alt=\"\" srcset=\"https:\/\/tdv.org\/tr-TR\/wp-content\/uploads\/2022\/07\/AA-20220711-28392679-28392675-TDV_KURBAN_BAYRAMINDA_MALILI_MUHTACLARIN_YUZUNU_GULDURDU-150x150.jpg 150w, https:\/\/tdv.org\/tr-TR\/wp-content\/uploads\/2022\/07\/AA-20220711-28392679-28392675-TDV_KURBAN_BAYRAMINDA_MALILI_MUHTACLARIN_YUZUNU_GULDURDU-100x100.jpg 100w, https:\/\/tdv.org\/tr-TR\/wp-content\/uploads\/2022\/07\/AA-20220711-28392679-28392675-TDV_KURBAN_BAYRAMINDA_MALILI_MUHTACLARIN_YUZUNU_GULDURDU-140x140.jpg 140w, https:\/\/tdv.org\/tr-TR\/wp-content\/uploads\/2022\/07\/AA-20220711-28392679-28392675-TDV_KURBAN_BAYRAMINDA_MALILI_MUHTACLARIN_YUZUNU_GULDURDU-500x500.jpg 500w, https:\/\/tdv.org\/tr-TR\/wp-content\/uploads\/2022\/07\/AA-20220711-28392679-28392675-TDV_KURBAN_BAYRAMINDA_MALILI_MUHTACLARIN_YUZUNU_GULDURDU-350x350.jpg 350w, https:\/\/tdv.org\/tr-TR\/wp-content\/uploads\/2022\/07\/AA-20220711-28392679-28392675-TDV_KURBAN_BAYRAMINDA_MALILI_MUHTACLARIN_YUZUNU_GULDURDU-1000x1000.jpg 1000w, https:\/\/tdv.org\/tr-TR\/wp-content\/uploads\/2022\/07\/AA-20220711-28392679-28392675-TDV_KURBAN_BAYRAMINDA_MALILI_MUHTACLARIN_YUZUNU_GULDURDU-800x800.jpg 800w\" sizes=\"(max-width: 150px) 100vw, 150px\" \/><\/a>\n\t\t\t<\/dt><\/dl><dl class='gallery-item'>\n\t\t\t<dt class='gallery-icon landscape'>\n\t\t\t\t<a href='https:\/\/tdv.org\/tr-TR\/wp-content\/uploads\/2022\/07\/AA-20220711-28392679-28392671-TDV_KURBAN_BAYRAMINDA_MALILI_MUHTACLARIN_YUZUNU_GULDURDU-scaled.jpg'><img decoding=\"async\" width=\"150\" height=\"150\" src=\"https:\/\/tdv.org\/tr-TR\/wp-content\/uploads\/2022\/07\/AA-20220711-28392679-28392671-TDV_KURBAN_BAYRAMINDA_MALILI_MUHTACLARIN_YUZUNU_GULDURDU-150x150.jpg\" class=\"attachment-thumbnail size-thumbnail\" alt=\"\" srcset=\"https:\/\/tdv.org\/tr-TR\/wp-content\/uploads\/2022\/07\/AA-20220711-28392679-28392671-TDV_KURBAN_BAYRAMINDA_MALILI_MUHTACLARIN_YUZUNU_GULDURDU-150x150.jpg 150w, https:\/\/tdv.org\/tr-TR\/wp-content\/uploads\/2022\/07\/AA-20220711-28392679-28392671-TDV_KURBAN_BAYRAMINDA_MALILI_MUHTACLARIN_YUZUNU_GULDURDU-100x100.jpg 100w, https:\/\/tdv.org\/tr-TR\/wp-content\/uploads\/2022\/07\/AA-20220711-28392679-28392671-TDV_KURBAN_BAYRAMINDA_MALILI_MUHTACLARIN_YUZUNU_GULDURDU-140x140.jpg 140w, https:\/\/tdv.org\/tr-TR\/wp-content\/uploads\/2022\/07\/AA-20220711-28392679-28392671-TDV_KURBAN_BAYRAMINDA_MALILI_MUHTACLARIN_YUZUNU_GULDURDU-500x500.jpg 500w, https:\/\/tdv.org\/tr-TR\/wp-content\/uploads\/2022\/07\/AA-20220711-28392679-28392671-TDV_KURBAN_BAYRAMINDA_MALILI_MUHTACLARIN_YUZUNU_GULDURDU-350x350.jpg 350w, https:\/\/tdv.org\/tr-TR\/wp-content\/uploads\/2022\/07\/AA-20220711-28392679-28392671-TDV_KURBAN_BAYRAMINDA_MALILI_MUHTACLARIN_YUZUNU_GULDURDU-1000x1000.jpg 1000w, https:\/\/tdv.org\/tr-TR\/wp-content\/uploads\/2022\/07\/AA-20220711-28392679-28392671-TDV_KURBAN_BAYRAMINDA_MALILI_MUHTACLARIN_YUZUNU_GULDURDU-800x800.jpg 800w\" sizes=\"(max-width: 150px) 100vw, 150px\" \/><\/a>\n\t\t\t<\/dt><\/dl><dl class='gallery-item'>\n\t\t\t<dt class='gallery-icon landscape'>\n\t\t\t\t<a href='https:\/\/tdv.org\/tr-TR\/wp-content\/uploads\/2022\/07\/AA-20220711-28392679-28392668-TDV_KURBAN_BAYRAMINDA_MALILI_MUHTACLARIN_YUZUNU_GULDURDU-scaled.jpg'><img decoding=\"async\" width=\"150\" height=\"150\" src=\"https:\/\/tdv.org\/tr-TR\/wp-content\/uploads\/2022\/07\/AA-20220711-28392679-28392668-TDV_KURBAN_BAYRAMINDA_MALILI_MUHTACLARIN_YUZUNU_GULDURDU-150x150.jpg\" class=\"attachment-thumbnail size-thumbnail\" alt=\"\" srcset=\"https:\/\/tdv.org\/tr-TR\/wp-content\/uploads\/2022\/07\/AA-20220711-28392679-28392668-TDV_KURBAN_BAYRAMINDA_MALILI_MUHTACLARIN_YUZUNU_GULDURDU-150x150.jpg 150w, https:\/\/tdv.org\/tr-TR\/wp-content\/uploads\/2022\/07\/AA-20220711-28392679-28392668-TDV_KURBAN_BAYRAMINDA_MALILI_MUHTACLARIN_YUZUNU_GULDURDU-100x100.jpg 100w, https:\/\/tdv.org\/tr-TR\/wp-content\/uploads\/2022\/07\/AA-20220711-28392679-28392668-TDV_KURBAN_BAYRAMINDA_MALILI_MUHTACLARIN_YUZUNU_GULDURDU-140x140.jpg 140w, https:\/\/tdv.org\/tr-TR\/wp-content\/uploads\/2022\/07\/AA-20220711-28392679-28392668-TDV_KURBAN_BAYRAMINDA_MALILI_MUHTACLARIN_YUZUNU_GULDURDU-500x500.jpg 500w, https:\/\/tdv.org\/tr-TR\/wp-content\/uploads\/2022\/07\/AA-20220711-28392679-28392668-TDV_KURBAN_BAYRAMINDA_MALILI_MUHTACLARIN_YUZUNU_GULDURDU-350x350.jpg 350w, https:\/\/tdv.org\/tr-TR\/wp-content\/uploads\/2022\/07\/AA-20220711-28392679-28392668-TDV_KURBAN_BAYRAMINDA_MALILI_MUHTACLARIN_YUZUNU_GULDURDU-1000x1000.jpg 1000w, https:\/\/tdv.org\/tr-TR\/wp-content\/uploads\/2022\/07\/AA-20220711-28392679-28392668-TDV_KURBAN_BAYRAMINDA_MALILI_MUHTACLARIN_YUZUNU_GULDURDU-800x800.jpg 800w\" sizes=\"(max-width: 150px) 100vw, 150px\" \/><\/a>\n\t\t\t<\/dt><\/dl><dl class='gallery-item'>\n\t\t\t<dt class='gallery-icon landscape'>\n\t\t\t\t<a href='https:\/\/tdv.org\/tr-TR\/wp-content\/uploads\/2022\/07\/AA-20220711-28392679-28392667-TDV_KURBAN_BAYRAMINDA_MALILI_MUHTACLARIN_YUZUNU_GULDURDU-scaled.jpg'><img decoding=\"async\" width=\"150\" height=\"150\" src=\"https:\/\/tdv.org\/tr-TR\/wp-content\/uploads\/2022\/07\/AA-20220711-28392679-28392667-TDV_KURBAN_BAYRAMINDA_MALILI_MUHTACLARIN_YUZUNU_GULDURDU-150x150.jpg\" class=\"attachment-thumbnail size-thumbnail\" alt=\"\" srcset=\"https:\/\/tdv.org\/tr-TR\/wp-content\/uploads\/2022\/07\/AA-20220711-28392679-28392667-TDV_KURBAN_BAYRAMINDA_MALILI_MUHTACLARIN_YUZUNU_GULDURDU-150x150.jpg 150w, https:\/\/tdv.org\/tr-TR\/wp-content\/uploads\/2022\/07\/AA-20220711-28392679-28392667-TDV_KURBAN_BAYRAMINDA_MALILI_MUHTACLARIN_YUZUNU_GULDURDU-100x100.jpg 100w, https:\/\/tdv.org\/tr-TR\/wp-content\/uploads\/2022\/07\/AA-20220711-28392679-28392667-TDV_KURBAN_BAYRAMINDA_MALILI_MUHTACLARIN_YUZUNU_GULDURDU-140x140.jpg 140w, https:\/\/tdv.org\/tr-TR\/wp-content\/uploads\/2022\/07\/AA-20220711-28392679-28392667-TDV_KURBAN_BAYRAMINDA_MALILI_MUHTACLARIN_YUZUNU_GULDURDU-500x500.jpg 500w, https:\/\/tdv.org\/tr-TR\/wp-content\/uploads\/2022\/07\/AA-20220711-28392679-28392667-TDV_KURBAN_BAYRAMINDA_MALILI_MUHTACLARIN_YUZUNU_GULDURDU-350x350.jpg 350w, https:\/\/tdv.org\/tr-TR\/wp-content\/uploads\/2022\/07\/AA-20220711-28392679-28392667-TDV_KURBAN_BAYRAMINDA_MALILI_MUHTACLARIN_YUZUNU_GULDURDU-1000x1000.jpg 1000w, https:\/\/tdv.org\/tr-TR\/wp-content\/uploads\/2022\/07\/AA-20220711-28392679-28392667-TDV_KURBAN_BAYRAMINDA_MALILI_MUHTACLARIN_YUZUNU_GULDURDU-800x800.jpg 800w\" sizes=\"(max-width: 150px) 100vw, 150px\" \/><\/a>\n\t\t\t<\/dt><\/dl><dl class='gallery-item'>\n\t\t\t<dt class='gallery-icon landscape'>\n\t\t\t\t<a href='https:\/\/tdv.org\/tr-TR\/wp-content\/uploads\/2022\/07\/AA-20220711-28392723-28392713-TDV_KURBAN_BAYRAMINDA_MALILI_MUHTACLARIN_YUZUNU_GULDURDU-scaled.jpg'><img decoding=\"async\" width=\"150\" height=\"150\" src=\"https:\/\/tdv.org\/tr-TR\/wp-content\/uploads\/2022\/07\/AA-20220711-28392723-28392713-TDV_KURBAN_BAYRAMINDA_MALILI_MUHTACLARIN_YUZUNU_GULDURDU-150x150.jpg\" class=\"attachment-thumbnail size-thumbnail\" alt=\"\" srcset=\"https:\/\/tdv.org\/tr-TR\/wp-content\/uploads\/2022\/07\/AA-20220711-28392723-28392713-TDV_KURBAN_BAYRAMINDA_MALILI_MUHTACLARIN_YUZUNU_GULDURDU-150x150.jpg 150w, https:\/\/tdv.org\/tr-TR\/wp-content\/uploads\/2022\/07\/AA-20220711-28392723-28392713-TDV_KURBAN_BAYRAMINDA_MALILI_MUHTACLARIN_YUZUNU_GULDURDU-100x100.jpg 100w, https:\/\/tdv.org\/tr-TR\/wp-content\/uploads\/2022\/07\/AA-20220711-28392723-28392713-TDV_KURBAN_BAYRAMINDA_MALILI_MUHTACLARIN_YUZUNU_GULDURDU-140x140.jpg 140w, https:\/\/tdv.org\/tr-TR\/wp-content\/uploads\/2022\/07\/AA-20220711-28392723-28392713-TDV_KURBAN_BAYRAMINDA_MALILI_MUHTACLARIN_YUZUNU_GULDURDU-500x500.jpg 500w, https:\/\/tdv.org\/tr-TR\/wp-content\/uploads\/2022\/07\/AA-20220711-28392723-28392713-TDV_KURBAN_BAYRAMINDA_MALILI_MUHTACLARIN_YUZUNU_GULDURDU-350x350.jpg 350w, https:\/\/tdv.org\/tr-TR\/wp-content\/uploads\/2022\/07\/AA-20220711-28392723-28392713-TDV_KURBAN_BAYRAMINDA_MALILI_MUHTACLARIN_YUZUNU_GULDURDU-1000x1000.jpg 1000w, https:\/\/tdv.org\/tr-TR\/wp-content\/uploads\/2022\/07\/AA-20220711-28392723-28392713-TDV_KURBAN_BAYRAMINDA_MALILI_MUHTACLARIN_YUZUNU_GULDURDU-800x800.jpg 800w\" sizes=\"(max-width: 150px) 100vw, 150px\" \/><\/a>\n\t\t\t<\/dt><\/dl>\n\t\t\t<br style='clear: both' \/>\n\t\t<\/div>\n\n<p>&nbsp;<\/p>\n","protected":false},"excerpt":{"rendered":"<p>T\u00fcrkiye Diyanet Vakf\u0131n\u0131n (TDV) Mali&#8217;de ihtiya\u00e7 sahiplerine da\u011f\u0131t\u0131lmak \u00fczere iki g\u00fcn s\u00fcren vekalet yoluyla kurban kesimi ve et da\u011f\u0131t\u0131m\u0131 tamamland\u0131. Diyanet \u0130\u015fleri Ba\u015fkanl\u0131\u011f\u0131 (D\u0130B) ile TDV&#8217;nin &#8220;Kurban\u0131n\u0131 Payla\u015f, Karde\u015finle Yak\u0131nla\u015f&#8221;&#8230;<\/p>\n","protected":false},"author":8,"featured_media":25932,"comment_status":"open","ping_status":"closed","sticky":false,"template":"","format":"standard","meta":{"footnotes":""},"categories":[1],"tags":[1819,1862,1861,744,1237],"class_list":{"0":"post-25921","1":"post","2":"type-post","3":"status-publish","4":"format-standard","5":"has-post-thumbnail","7":"category-haberler","8":"tag-2022-kurban","9":"tag-2022-yili-vekalet-yoluyla-kurban-kesim-organizasyonu","10":"tag-kurban-2022","11":"tag-kurban-dagitimi","12":"tag-mali"},"yoast_head":"<!-- This site is optimized with the Yoast SEO plugin v27.5 - https:\/\/yoast.com\/product\/yoast-seo-wordpress\/ -->\n<title>TDV, Kurban Bayram\u0131&#039;nda Malili muhta\u00e7lar\u0131n y\u00fcz\u00fcn\u00fc g\u00fcld\u00fcrd\u00fc<\/title>\n<meta name=\"description\" content=\"T\u00fcrkiye Diyanet Vakf\u0131n\u0131n (TDV) Mali&#039;de ihtiya\u00e7 sahiplerine da\u011f\u0131t\u0131lmak \u00fczere iki g\u00fcn s\u00fcren vekalet yoluyla kurban kesimi ve et da\u011f\u0131t\u0131m\u0131 tamamland\u0131.\" \/>\n<meta name=\"robots\" content=\"index, follow, max-snippet:-1, max-image-preview:large, max-video-preview:-1\" \/>\n<link rel=\"canonical\" href=\"https:\/\/tdv.org\/tr-TR\/tdv-kurban-bayraminda-malili-muhtaclarin-yuzunu-guldurdu\/\" \/>\n<meta property=\"og:locale\" content=\"tr_TR\" \/>\n<meta property=\"og:type\" content=\"article\" \/>\n<meta property=\"og:title\" content=\"TDV, Kurban Bayram\u0131&#039;nda Malili muhta\u00e7lar\u0131n y\u00fcz\u00fcn\u00fc g\u00fcld\u00fcrd\u00fc\" \/>\n<meta property=\"og:description\" content=\"T\u00fcrkiye Diyanet Vakf\u0131n\u0131n (TDV) Mali&#039;de ihtiya\u00e7 sahiplerine da\u011f\u0131t\u0131lmak \u00fczere iki g\u00fcn s\u00fcren vekalet yoluyla kurban kesimi ve et da\u011f\u0131t\u0131m\u0131 tamamland\u0131.\" \/>\n<meta property=\"og:url\" content=\"https:\/\/tdv.org\/tr-TR\/tdv-kurban-bayraminda-malili-muhtaclarin-yuzunu-guldurdu\/\" \/>\n<meta property=\"og:site_name\" content=\"T\u00fcrkiye Diyanet Vakf\u0131 Resmi Web Sitesi\" \/>\n<meta property=\"article:publisher\" content=\"https:\/\/www.facebook.com\/Diyanetvakfi\/\" \/>\n<meta property=\"article:published_time\" content=\"2022-07-11T13:08:09+00:00\" \/>\n<meta property=\"article:modified_time\" content=\"2022-12-08T06:42:33+00:00\" \/>\n<meta property=\"og:image\" content=\"https:\/\/tdv.org\/tr-TR\/wp-content\/uploads\/2022\/07\/AA-20220711-28392723-28392713-TDV_KURBAN_BAYRAMINDA_MALILI_MUHTACLARIN_YUZUNU_GULDURDU-scaled.jpg\" \/>\n\t<meta property=\"og:image:width\" content=\"2560\" \/>\n\t<meta property=\"og:image:height\" content=\"1707\" \/>\n\t<meta property=\"og:image:type\" content=\"image\/jpeg\" \/>\n<meta name=\"author\" content=\"Selim\" \/>\n<meta name=\"twitter:card\" content=\"summary_large_image\" \/>\n<meta name=\"twitter:creator\" content=\"@DiyanetVakfi\" \/>\n<meta name=\"twitter:site\" content=\"@DiyanetVakfi\" \/>\n<script type=\"application\/ld+json\" class=\"yoast-schema-graph\">{\"@context\":\"https:\\\/\\\/schema.org\",\"@graph\":[{\"@type\":\"Article\",\"@id\":\"https:\\\/\\\/tdv.org\\\/tr-TR\\\/tdv-kurban-bayraminda-malili-muhtaclarin-yuzunu-guldurdu\\\/#article\",\"isPartOf\":{\"@id\":\"https:\\\/\\\/tdv.org\\\/tr-TR\\\/tdv-kurban-bayraminda-malili-muhtaclarin-yuzunu-guldurdu\\\/\"},\"author\":{\"name\":\"Selim\",\"@id\":\"https:\\\/\\\/tdv.org\\\/tr-TR\\\/#\\\/schema\\\/person\\\/752b55e264a99273d55636516d96d5eb\"},\"headline\":\"TDV, Kurban Bayram\u0131&#8217;nda Malili muhta\u00e7lar\u0131n y\u00fcz\u00fcn\u00fc g\u00fcld\u00fcrd\u00fc\",\"datePublished\":\"2022-07-11T13:08:09+00:00\",\"dateModified\":\"2022-12-08T06:42:33+00:00\",\"mainEntityOfPage\":{\"@id\":\"https:\\\/\\\/tdv.org\\\/tr-TR\\\/tdv-kurban-bayraminda-malili-muhtaclarin-yuzunu-guldurdu\\\/\"},\"wordCount\":323,\"commentCount\":0,\"publisher\":{\"@id\":\"https:\\\/\\\/tdv.org\\\/tr-TR\\\/#organization\"},\"image\":{\"@id\":\"https:\\\/\\\/tdv.org\\\/tr-TR\\\/tdv-kurban-bayraminda-malili-muhtaclarin-yuzunu-guldurdu\\\/#primaryimage\"},\"thumbnailUrl\":\"https:\\\/\\\/tdv.org\\\/tr-TR\\\/wp-content\\\/uploads\\\/2022\\\/07\\\/AA-20220711-28392723-28392713-TDV_KURBAN_BAYRAMINDA_MALILI_MUHTACLARIN_YUZUNU_GULDURDU-scaled.jpg\",\"keywords\":[\"2022 kurban\",\"2022 Y\u0131l\u0131 Vekalet Yoluyla Kurban Kesim Organizasyonu\",\"Kurban 2022\",\"kurban da\u011f\u0131t\u0131m\u0131\",\"mali\"],\"articleSection\":[\"Haberler\"],\"inLanguage\":\"tr\",\"potentialAction\":[{\"@type\":\"CommentAction\",\"name\":\"Comment\",\"target\":[\"https:\\\/\\\/tdv.org\\\/tr-TR\\\/tdv-kurban-bayraminda-malili-muhtaclarin-yuzunu-guldurdu\\\/#respond\"]}]},{\"@type\":\"WebPage\",\"@id\":\"https:\\\/\\\/tdv.org\\\/tr-TR\\\/tdv-kurban-bayraminda-malili-muhtaclarin-yuzunu-guldurdu\\\/\",\"url\":\"https:\\\/\\\/tdv.org\\\/tr-TR\\\/tdv-kurban-bayraminda-malili-muhtaclarin-yuzunu-guldurdu\\\/\",\"name\":\"TDV, Kurban Bayram\u0131'nda Malili muhta\u00e7lar\u0131n y\u00fcz\u00fcn\u00fc g\u00fcld\u00fcrd\u00fc\",\"isPartOf\":{\"@id\":\"https:\\\/\\\/tdv.org\\\/tr-TR\\\/#website\"},\"primaryImageOfPage\":{\"@id\":\"https:\\\/\\\/tdv.org\\\/tr-TR\\\/tdv-kurban-bayraminda-malili-muhtaclarin-yuzunu-guldurdu\\\/#primaryimage\"},\"image\":{\"@id\":\"https:\\\/\\\/tdv.org\\\/tr-TR\\\/tdv-kurban-bayraminda-malili-muhtaclarin-yuzunu-guldurdu\\\/#primaryimage\"},\"thumbnailUrl\":\"https:\\\/\\\/tdv.org\\\/tr-TR\\\/wp-content\\\/uploads\\\/2022\\\/07\\\/AA-20220711-28392723-28392713-TDV_KURBAN_BAYRAMINDA_MALILI_MUHTACLARIN_YUZUNU_GULDURDU-scaled.jpg\",\"datePublished\":\"2022-07-11T13:08:09+00:00\",\"dateModified\":\"2022-12-08T06:42:33+00:00\",\"description\":\"T\u00fcrkiye Diyanet Vakf\u0131n\u0131n (TDV) Mali'de ihtiya\u00e7 sahiplerine da\u011f\u0131t\u0131lmak \u00fczere iki g\u00fcn s\u00fcren vekalet yoluyla kurban kesimi ve et da\u011f\u0131t\u0131m\u0131 tamamland\u0131.\",\"breadcrumb\":{\"@id\":\"https:\\\/\\\/tdv.org\\\/tr-TR\\\/tdv-kurban-bayraminda-malili-muhtaclarin-yuzunu-guldurdu\\\/#breadcrumb\"},\"inLanguage\":\"tr\",\"potentialAction\":[{\"@type\":\"ReadAction\",\"target\":[\"https:\\\/\\\/tdv.org\\\/tr-TR\\\/tdv-kurban-bayraminda-malili-muhtaclarin-yuzunu-guldurdu\\\/\"]}]},{\"@type\":\"ImageObject\",\"inLanguage\":\"tr\",\"@id\":\"https:\\\/\\\/tdv.org\\\/tr-TR\\\/tdv-kurban-bayraminda-malili-muhtaclarin-yuzunu-guldurdu\\\/#primaryimage\",\"url\":\"https:\\\/\\\/tdv.org\\\/tr-TR\\\/wp-content\\\/uploads\\\/2022\\\/07\\\/AA-20220711-28392723-28392713-TDV_KURBAN_BAYRAMINDA_MALILI_MUHTACLARIN_YUZUNU_GULDURDU-scaled.jpg\",\"contentUrl\":\"https:\\\/\\\/tdv.org\\\/tr-TR\\\/wp-content\\\/uploads\\\/2022\\\/07\\\/AA-20220711-28392723-28392713-TDV_KURBAN_BAYRAMINDA_MALILI_MUHTACLARIN_YUZUNU_GULDURDU-scaled.jpg\",\"width\":2560,\"height\":1707},{\"@type\":\"BreadcrumbList\",\"@id\":\"https:\\\/\\\/tdv.org\\\/tr-TR\\\/tdv-kurban-bayraminda-malili-muhtaclarin-yuzunu-guldurdu\\\/#breadcrumb\",\"itemListElement\":[{\"@type\":\"ListItem\",\"position\":1,\"name\":\"Anasayfa\",\"item\":\"https:\\\/\\\/tdv.org\\\/tr-TR\\\/\"},{\"@type\":\"ListItem\",\"position\":2,\"name\":\"TDV, Kurban Bayram\u0131&#8217;nda Malili muhta\u00e7lar\u0131n y\u00fcz\u00fcn\u00fc g\u00fcld\u00fcrd\u00fc\"}]},{\"@type\":\"WebSite\",\"@id\":\"https:\\\/\\\/tdv.org\\\/tr-TR\\\/#website\",\"url\":\"https:\\\/\\\/tdv.org\\\/tr-TR\\\/\",\"name\":\"T\u00fcrkiye Diyanet Vakf\u0131 Resmi Web Sitesi\",\"description\":\"Yery\u00fcz\u00fcnde iyilik egemen oluncaya kadar\",\"publisher\":{\"@id\":\"https:\\\/\\\/tdv.org\\\/tr-TR\\\/#organization\"},\"alternateName\":\"T\u00fcrkiye Diyanet Vakf\u0131\",\"potentialAction\":[{\"@type\":\"SearchAction\",\"target\":{\"@type\":\"EntryPoint\",\"urlTemplate\":\"https:\\\/\\\/tdv.org\\\/tr-TR\\\/?s={search_term_string}\"},\"query-input\":{\"@type\":\"PropertyValueSpecification\",\"valueRequired\":true,\"valueName\":\"search_term_string\"}}],\"inLanguage\":\"tr\"},{\"@type\":\"Organization\",\"@id\":\"https:\\\/\\\/tdv.org\\\/tr-TR\\\/#organization\",\"name\":\"T\u00fcrkiye Diyanet Vakf\u0131\",\"alternateName\":\"T\u00fcrkiye Diyanet Vakf\u0131\",\"url\":\"https:\\\/\\\/tdv.org\\\/tr-TR\\\/\",\"logo\":{\"@type\":\"ImageObject\",\"inLanguage\":\"tr\",\"@id\":\"https:\\\/\\\/tdv.org\\\/tr-TR\\\/#\\\/schema\\\/logo\\\/image\\\/\",\"url\":\"https:\\\/\\\/tdv.org\\\/tr-TR\\\/wp-content\\\/uploads\\\/2018\\\/12\\\/TDV_Logo_1.png\",\"contentUrl\":\"https:\\\/\\\/tdv.org\\\/tr-TR\\\/wp-content\\\/uploads\\\/2018\\\/12\\\/TDV_Logo_1.png\",\"width\":207,\"height\":71,\"caption\":\"T\u00fcrkiye Diyanet Vakf\u0131\"},\"image\":{\"@id\":\"https:\\\/\\\/tdv.org\\\/tr-TR\\\/#\\\/schema\\\/logo\\\/image\\\/\"},\"sameAs\":[\"https:\\\/\\\/www.facebook.com\\\/Diyanetvakfi\\\/\",\"https:\\\/\\\/x.com\\\/DiyanetVakfi\",\"https:\\\/\\\/www.instagram.com\\\/turkiyediyanetvakfi\\\/\",\"https:\\\/\\\/www.youtube.com\\\/user\\\/TurkiyeDiyanetVakfi\"]},{\"@type\":\"Person\",\"@id\":\"https:\\\/\\\/tdv.org\\\/tr-TR\\\/#\\\/schema\\\/person\\\/752b55e264a99273d55636516d96d5eb\",\"name\":\"Selim\",\"image\":{\"@type\":\"ImageObject\",\"inLanguage\":\"tr\",\"@id\":\"https:\\\/\\\/tdv.org\\\/tr-TR\\\/wp-content\\\/litespeed\\\/avatar\\\/a1e47b25396e98e5b781e88a5396cd96.jpg?ver=1777287391\",\"url\":\"https:\\\/\\\/tdv.org\\\/tr-TR\\\/wp-content\\\/litespeed\\\/avatar\\\/a1e47b25396e98e5b781e88a5396cd96.jpg?ver=1777287391\",\"contentUrl\":\"https:\\\/\\\/tdv.org\\\/tr-TR\\\/wp-content\\\/litespeed\\\/avatar\\\/a1e47b25396e98e5b781e88a5396cd96.jpg?ver=1777287391\",\"caption\":\"Selim\"}}]}<\/script>\n<!-- \/ Yoast SEO plugin. -->","yoast_head_json":{"title":"TDV, Kurban Bayram\u0131'nda Malili muhta\u00e7lar\u0131n y\u00fcz\u00fcn\u00fc g\u00fcld\u00fcrd\u00fc","description":"T\u00fcrkiye Diyanet Vakf\u0131n\u0131n (TDV) Mali'de ihtiya\u00e7 sahiplerine da\u011f\u0131t\u0131lmak \u00fczere iki g\u00fcn s\u00fcren vekalet yoluyla kurban kesimi ve et da\u011f\u0131t\u0131m\u0131 tamamland\u0131.","robots":{"index":"index","follow":"follow","max-snippet":"max-snippet:-1","max-image-preview":"max-image-preview:large","max-video-preview":"max-video-preview:-1"},"canonical":"https:\/\/tdv.org\/tr-TR\/tdv-kurban-bayraminda-malili-muhtaclarin-yuzunu-guldurdu\/","og_locale":"tr_TR","og_type":"article","og_title":"TDV, Kurban Bayram\u0131'nda Malili muhta\u00e7lar\u0131n y\u00fcz\u00fcn\u00fc g\u00fcld\u00fcrd\u00fc","og_description":"T\u00fcrkiye Diyanet Vakf\u0131n\u0131n (TDV) Mali'de ihtiya\u00e7 sahiplerine da\u011f\u0131t\u0131lmak \u00fczere iki g\u00fcn s\u00fcren vekalet yoluyla kurban kesimi ve et da\u011f\u0131t\u0131m\u0131 tamamland\u0131.","og_url":"https:\/\/tdv.org\/tr-TR\/tdv-kurban-bayraminda-malili-muhtaclarin-yuzunu-guldurdu\/","og_site_name":"T\u00fcrkiye Diyanet Vakf\u0131 Resmi Web Sitesi","article_publisher":"https:\/\/www.facebook.com\/Diyanetvakfi\/","article_published_time":"2022-07-11T13:08:09+00:00","article_modified_time":"2022-12-08T06:42:33+00:00","og_image":[{"width":2560,"height":1707,"url":"https:\/\/tdv.org\/tr-TR\/wp-content\/uploads\/2022\/07\/AA-20220711-28392723-28392713-TDV_KURBAN_BAYRAMINDA_MALILI_MUHTACLARIN_YUZUNU_GULDURDU-scaled.jpg","type":"image\/jpeg"}],"author":"Selim","twitter_card":"summary_large_image","twitter_creator":"@DiyanetVakfi","twitter_site":"@DiyanetVakfi","schema":{"@context":"https:\/\/schema.org","@graph":[{"@type":"Article","@id":"https:\/\/tdv.org\/tr-TR\/tdv-kurban-bayraminda-malili-muhtaclarin-yuzunu-guldurdu\/#article","isPartOf":{"@id":"https:\/\/tdv.org\/tr-TR\/tdv-kurban-bayraminda-malili-muhtaclarin-yuzunu-guldurdu\/"},"author":{"name":"Selim","@id":"https:\/\/tdv.org\/tr-TR\/#\/schema\/person\/752b55e264a99273d55636516d96d5eb"},"headline":"TDV, Kurban Bayram\u0131&#8217;nda Malili muhta\u00e7lar\u0131n y\u00fcz\u00fcn\u00fc g\u00fcld\u00fcrd\u00fc","datePublished":"2022-07-11T13:08:09+00:00","dateModified":"2022-12-08T06:42:33+00:00","mainEntityOfPage":{"@id":"https:\/\/tdv.org\/tr-TR\/tdv-kurban-bayraminda-malili-muhtaclarin-yuzunu-guldurdu\/"},"wordCount":323,"commentCount":0,"publisher":{"@id":"https:\/\/tdv.org\/tr-TR\/#organization"},"image":{"@id":"https:\/\/tdv.org\/tr-TR\/tdv-kurban-bayraminda-malili-muhtaclarin-yuzunu-guldurdu\/#primaryimage"},"thumbnailUrl":"https:\/\/tdv.org\/tr-TR\/wp-content\/uploads\/2022\/07\/AA-20220711-28392723-28392713-TDV_KURBAN_BAYRAMINDA_MALILI_MUHTACLARIN_YUZUNU_GULDURDU-scaled.jpg","keywords":["2022 kurban","2022 Y\u0131l\u0131 Vekalet Yoluyla Kurban Kesim Organizasyonu","Kurban 2022","kurban da\u011f\u0131t\u0131m\u0131","mali"],"articleSection":["Haberler"],"inLanguage":"tr","potentialAction":[{"@type":"CommentAction","name":"Comment","target":["https:\/\/tdv.org\/tr-TR\/tdv-kurban-bayraminda-malili-muhtaclarin-yuzunu-guldurdu\/#respond"]}]},{"@type":"WebPage","@id":"https:\/\/tdv.org\/tr-TR\/tdv-kurban-bayraminda-malili-muhtaclarin-yuzunu-guldurdu\/","url":"https:\/\/tdv.org\/tr-TR\/tdv-kurban-bayraminda-malili-muhtaclarin-yuzunu-guldurdu\/","name":"TDV, Kurban Bayram\u0131'nda Malili muhta\u00e7lar\u0131n y\u00fcz\u00fcn\u00fc g\u00fcld\u00fcrd\u00fc","isPartOf":{"@id":"https:\/\/tdv.org\/tr-TR\/#website"},"primaryImageOfPage":{"@id":"https:\/\/tdv.org\/tr-TR\/tdv-kurban-bayraminda-malili-muhtaclarin-yuzunu-guldurdu\/#primaryimage"},"image":{"@id":"https:\/\/tdv.org\/tr-TR\/tdv-kurban-bayraminda-malili-muhtaclarin-yuzunu-guldurdu\/#primaryimage"},"thumbnailUrl":"https:\/\/tdv.org\/tr-TR\/wp-content\/uploads\/2022\/07\/AA-20220711-28392723-28392713-TDV_KURBAN_BAYRAMINDA_MALILI_MUHTACLARIN_YUZUNU_GULDURDU-scaled.jpg","datePublished":"2022-07-11T13:08:09+00:00","dateModified":"2022-12-08T06:42:33+00:00","description":"T\u00fcrkiye Diyanet Vakf\u0131n\u0131n (TDV) Mali'de ihtiya\u00e7 sahiplerine da\u011f\u0131t\u0131lmak \u00fczere iki g\u00fcn s\u00fcren vekalet yoluyla kurban kesimi ve et da\u011f\u0131t\u0131m\u0131 tamamland\u0131.","breadcrumb":{"@id":"https:\/\/tdv.org\/tr-TR\/tdv-kurban-bayraminda-malili-muhtaclarin-yuzunu-guldurdu\/#breadcrumb"},"inLanguage":"tr","potentialAction":[{"@type":"ReadAction","target":["https:\/\/tdv.org\/tr-TR\/tdv-kurban-bayraminda-malili-muhtaclarin-yuzunu-guldurdu\/"]}]},{"@type":"ImageObject","inLanguage":"tr","@id":"https:\/\/tdv.org\/tr-TR\/tdv-kurban-bayraminda-malili-muhtaclarin-yuzunu-guldurdu\/#primaryimage","url":"https:\/\/tdv.org\/tr-TR\/wp-content\/uploads\/2022\/07\/AA-20220711-28392723-28392713-TDV_KURBAN_BAYRAMINDA_MALILI_MUHTACLARIN_YUZUNU_GULDURDU-scaled.jpg","contentUrl":"https:\/\/tdv.org\/tr-TR\/wp-content\/uploads\/2022\/07\/AA-20220711-28392723-28392713-TDV_KURBAN_BAYRAMINDA_MALILI_MUHTACLARIN_YUZUNU_GULDURDU-scaled.jpg","width":2560,"height":1707},{"@type":"BreadcrumbList","@id":"https:\/\/tdv.org\/tr-TR\/tdv-kurban-bayraminda-malili-muhtaclarin-yuzunu-guldurdu\/#breadcrumb","itemListElement":[{"@type":"ListItem","position":1,"name":"Anasayfa","item":"https:\/\/tdv.org\/tr-TR\/"},{"@type":"ListItem","position":2,"name":"TDV, Kurban Bayram\u0131&#8217;nda Malili muhta\u00e7lar\u0131n y\u00fcz\u00fcn\u00fc g\u00fcld\u00fcrd\u00fc"}]},{"@type":"WebSite","@id":"https:\/\/tdv.org\/tr-TR\/#website","url":"https:\/\/tdv.org\/tr-TR\/","name":"T\u00fcrkiye Diyanet Vakf\u0131 Resmi Web Sitesi","description":"Yery\u00fcz\u00fcnde iyilik egemen oluncaya kadar","publisher":{"@id":"https:\/\/tdv.org\/tr-TR\/#organization"},"alternateName":"T\u00fcrkiye Diyanet Vakf\u0131","potentialAction":[{"@type":"SearchAction","target":{"@type":"EntryPoint","urlTemplate":"https:\/\/tdv.org\/tr-TR\/?s={search_term_string}"},"query-input":{"@type":"PropertyValueSpecification","valueRequired":true,"valueName":"search_term_string"}}],"inLanguage":"tr"},{"@type":"Organization","@id":"https:\/\/tdv.org\/tr-TR\/#organization","name":"T\u00fcrkiye Diyanet Vakf\u0131","alternateName":"T\u00fcrkiye Diyanet Vakf\u0131","url":"https:\/\/tdv.org\/tr-TR\/","logo":{"@type":"ImageObject","inLanguage":"tr","@id":"https:\/\/tdv.org\/tr-TR\/#\/schema\/logo\/image\/","url":"https:\/\/tdv.org\/tr-TR\/wp-content\/uploads\/2018\/12\/TDV_Logo_1.png","contentUrl":"https:\/\/tdv.org\/tr-TR\/wp-content\/uploads\/2018\/12\/TDV_Logo_1.png","width":207,"height":71,"caption":"T\u00fcrkiye Diyanet Vakf\u0131"},"image":{"@id":"https:\/\/tdv.org\/tr-TR\/#\/schema\/logo\/image\/"},"sameAs":["https:\/\/www.facebook.com\/Diyanetvakfi\/","https:\/\/x.com\/DiyanetVakfi","https:\/\/www.instagram.com\/turkiyediyanetvakfi\/","https:\/\/www.youtube.com\/user\/TurkiyeDiyanetVakfi"]},{"@type":"Person","@id":"https:\/\/tdv.org\/tr-TR\/#\/schema\/person\/752b55e264a99273d55636516d96d5eb","name":"Selim","image":{"@type":"ImageObject","inLanguage":"tr","@id":"https:\/\/tdv.org\/tr-TR\/wp-content\/litespeed\/avatar\/a1e47b25396e98e5b781e88a5396cd96.jpg?ver=1777287391","url":"https:\/\/tdv.org\/tr-TR\/wp-content\/litespeed\/avatar\/a1e47b25396e98e5b781e88a5396cd96.jpg?ver=1777287391","contentUrl":"https:\/\/tdv.org\/tr-TR\/wp-content\/litespeed\/avatar\/a1e47b25396e98e5b781e88a5396cd96.jpg?ver=1777287391","caption":"Selim"}}]}},"_links":{"self":[{"href":"https:\/\/tdv.org\/tr-TR\/wp-json\/wp\/v2\/posts\/25921","targetHints":{"allow":["GET"]}}],"collection":[{"href":"https:\/\/tdv.org\/tr-TR\/wp-json\/wp\/v2\/posts"}],"about":[{"href":"https:\/\/tdv.org\/tr-TR\/wp-json\/wp\/v2\/types\/post"}],"author":[{"embeddable":true,"href":"https:\/\/tdv.org\/tr-TR\/wp-json\/wp\/v2\/users\/8"}],"replies":[{"embeddable":true,"href":"https:\/\/tdv.org\/tr-TR\/wp-json\/wp\/v2\/comments?post=25921"}],"version-history":[{"count":1,"href":"https:\/\/tdv.org\/tr-TR\/wp-json\/wp\/v2\/posts\/25921\/revisions"}],"predecessor-version":[{"id":25933,"href":"https:\/\/tdv.org\/tr-TR\/wp-json\/wp\/v2\/posts\/25921\/revisions\/25933"}],"wp:featuredmedia":[{"embeddable":true,"href":"https:\/\/tdv.org\/tr-TR\/wp-json\/wp\/v2\/media\/25932"}],"wp:attachment":[{"href":"https:\/\/tdv.org\/tr-TR\/wp-json\/wp\/v2\/media?parent=25921"}],"wp:term":[{"taxonomy":"category","embeddable":true,"href":"https:\/\/tdv.org\/tr-TR\/wp-json\/wp\/v2\/categories?post=25921"},{"taxonomy":"post_tag","embeddable":true,"href":"https:\/\/tdv.org\/tr-TR\/wp-json\/wp\/v2\/tags?post=25921"}],"curies":[{"name":"wp","href":"https:\/\/api.w.org\/{rel}","templated":true}]}}