{"id":26085,"date":"2022-07-22T11:33:00","date_gmt":"2022-07-22T08:33:00","guid":{"rendered":"https:\/\/tdv.org\/tr-TR\/?p=26085"},"modified":"2022-12-08T09:36:26","modified_gmt":"2022-12-08T06:36:26","slug":"29-mayis-universitesi-basarisini-her-gecen-yil-artiriyor","status":"publish","type":"post","link":"https:\/\/tdv.org\/tr-TR\/29-mayis-universitesi-basarisini-her-gecen-yil-artiriyor\/","title":{"rendered":"29 May\u0131s \u00dcniversitesi ba\u015far\u0131s\u0131n\u0131 her ge\u00e7en y\u0131l art\u0131r\u0131yor"},"content":{"rendered":"<p style=\"text-align: justify;\">T\u00fcrkiye Diyanet Vakf\u0131 taraf\u0131ndan 2010 y\u0131l\u0131nda kurulan \u0130stanbul 29 May\u0131s \u00dcniversitesi, 2022-2023 e\u011fitim-\u00f6\u011fretim d\u00f6neminde a\u00e7\u0131lan yeni b\u00f6l\u00fcmler ve nitelikli akademik kadrosu ile yeni \u00f6\u011frencilerini bekliyor.<\/p>\n<p style=\"text-align: justify;\">\u0130stanbul 29 May\u0131s \u00dcniversitesi, T\u00fcrkiye Diyanet Vakf\u0131 (TDV) taraf\u0131ndan 2010 y\u0131l\u0131nda kuruldu.<\/p>\n<p style=\"text-align: justify;\">2010-2011 e\u011fitim-\u00f6\u011fretim y\u0131l\u0131nda Edebiyat Fak\u00fcltesi b\u00fcnyesinde Felsefe, Tarih ve T\u00fcrk Dili ve Edebiyat\u0131 programlar\u0131 ile e\u011fitim \u00f6\u011fretim faaliyetlerine ba\u015flad\u0131. Devam eden y\u0131llarda ise \u0130lahiyat Fak\u00fcltesi, \u0130ktisadi ve \u0130dari Bilimler Fak\u00fcltesi, E\u011fitim Fak\u00fcltesi ve Hukuk Fak\u00fcltesi lisans programlar\u0131na \u00f6\u011frenci kabul etti.<\/p>\n<p style=\"text-align: justify;\">2021-2022 e\u011fitim \u00f6\u011fretim d\u00f6nemiyle birlikte Edebiyat Fak\u00fcltesi b\u00fcnyesinde a\u00e7\u0131lan Bilgi ve Belge Y\u00f6netimi ile \u0130ngiliz Dili ve Edebiyat\u0131 lisans programlar\u0131 ve \u0130ktisadi ve \u0130dari Bilimler Fak\u00fcltesi b\u00fcnyesinde a\u00e7\u0131lan Y\u00f6netim Bili\u015fim Sistemleri lisans programlar\u0131yla akademik geli\u015fimini s\u00fcrd\u00fcrd\u00fc.<\/p>\n<p style=\"text-align: justify;\"><strong>Yeni d\u00f6nemde 3 yeni lisans program\u0131<\/strong><\/p>\n<p style=\"text-align: justify;\">\u0130stanbul 29 May\u0131s \u00dcniversitesi, 2022-2023 akademik y\u0131l\u0131yla birlikte \u0130lk\u00f6\u011fretim Matematik \u00d6\u011fretmenli\u011fi Lisans Program\u0131, \u00d6zel E\u011fitim \u00d6\u011fretmenli\u011fi Lisans Program\u0131 ve S\u0131n\u0131f \u00d6\u011fretmenli\u011fi Lisans Program\u0131n\u0131 a\u00e7t\u0131.<\/p>\n<p style=\"text-align: justify;\">Kurucusu olan T\u00fcrkiye Diyanet Vakf\u0131n\u0131n M\u00fctevelli heyeti, se\u00e7kin akademik kadrosu, idari personelin katk\u0131lar\u0131 ve \u00f6\u011frencilerin bilin\u00e7li tercihleriyle istikrarl\u0131 geli\u015fimini s\u00fcrd\u00fcren \u00fcniversite, \u00fcniversiteler aras\u0131ndaki ba\u015far\u0131 s\u0131ralamas\u0131n\u0131 her ge\u00e7en y\u0131l y\u00fckseltmeye devam ediyor.<\/p>\n<p style=\"text-align: justify;\"><strong>\u00dcniversiteye dair baz\u0131 veriler<\/strong><\/p>\n<p style=\"text-align: justify;\"><strong>29 May\u0131s \u00dcniversitesi;<\/strong><\/p>\n<p style=\"text-align: justify;\">B\u00fcnyesinde Arap\u00e7a \u00f6\u011fretmenli\u011fi program\u0131 bulunan vak\u0131f \u00fcniversitelerine yerle\u015fen \u00f6\u011frencilerin 2020 YKS ba\u015far\u0131 s\u0131ralamas\u0131na g\u00f6re 29 May\u0131s \u00dcniversitesi Arap\u00e7a \u00d6\u011fretmenli\u011fi Program\u0131 vak\u0131f \u00fcniversiteleri aras\u0131nda birinci,<\/p>\n<p style=\"text-align: justify;\">B\u00fcnyesinde T\u00fcrk\u00e7e \u00f6\u011fretmenli\u011fi program\u0131 bulunan vak\u0131f \u00fcniversitelerine yerle\u015fen \u00f6\u011frencilerin 2020 YKS ba\u015far\u0131 s\u0131ralamas\u0131na g\u00f6re 29 May\u0131s \u00dcniversitesi T\u00fcrk\u00e7e \u00d6\u011fretmenli\u011fi Program\u0131 2020 YKS ba\u015far\u0131 s\u0131ralamas\u0131nda birinci,<\/p>\n<p style=\"text-align: justify;\">\u201cVak\u0131f Y\u00fcksek\u00f6\u011fretim Kurumlar 2021 Raporu\u201dnda \u00f6\u011frenci ba\u015f\u0131na d\u00fc\u015fen bas\u0131l\u0131 kitap say\u0131s\u0131na g\u00f6re vak\u0131f y\u00fcksek\u00f6\u011fretim kurumlar\u0131 aras\u0131nda birinci,<\/p>\n<p style=\"text-align: justify;\">Uluslararas\u0131 standartlarda ve Y\u00d6K taraf\u0131ndan olu\u015fturulan asgari mekan standartlar\u0131nda k\u00fct\u00fcphane alan\u0131 \u00f6\u011frenci ba\u015f\u0131na asgari 0,4 metrekare iken, 29 May\u0131s \u00dcniversitesi \u00f6\u011frenci ba\u015f\u0131na 5,9 metrekare ile birinci,<\/p>\n<p style=\"text-align: justify;\">B\u00fcnyesinde ilahiyat ve \u0130slami ilimler program\u0131 bulunan vak\u0131f ve devlet \u00fcniversitelerine yerle\u015fen \u00f6\u011frencilerin 2020 YKS ba\u015far\u0131 s\u0131ralamas\u0131na g\u00f6re 29 May\u0131s \u00dcniversitesi \u0130lahiyat Program\u0131 t\u00fcm \u00fcniversiteler aras\u0131nda birinci,<\/p>\n<p style=\"text-align: justify;\">B\u00fcnyesinde okul \u00f6ncesi \u00f6\u011fretmenli\u011fi program\u0131 bulunan vak\u0131f \u00fcniversitelerine yerle\u015fen \u00f6\u011frencilerin 2020 YKS ba\u015far\u0131 s\u0131ralamas\u0131na g\u00f6re 29 May\u0131s \u00dcniversitesi Okul \u00d6ncesi \u00d6\u011fretmenli\u011fi Program\u0131 vak\u0131f \u00fcniversiteleri aras\u0131nda birinci,<\/p>\n<p style=\"text-align: justify;\">B\u00fcnyesinde \u0130ngilizce m\u00fctercim ve terc\u00fcmanl\u0131k program\u0131 bulunan vak\u0131f \u00fcniversitelerine yerle\u015fen \u00f6\u011frencilerin 2020 YKS ba\u015far\u0131 s\u0131ralamas\u0131na g\u00f6re 29 May\u0131s \u00dcniversitesi \u0130ngilizce M\u00fctercim ve Terc\u00fcmanl\u0131k Program\u0131 vak\u0131f \u00fcniversiteleri aras\u0131nda ikinci,<\/p>\n<p style=\"text-align: justify;\">B\u00fcnyesinde \u0130ngilizce \u00f6\u011fretmenli\u011fi program\u0131 bulunan vak\u0131f \u00fcniversitelerine yerle\u015fen \u00f6\u011frencilerin 2020 YKS ba\u015far\u0131 s\u0131ralamas\u0131na g\u00f6re 29 May\u0131s \u00dcniversitesi Rehberlik ve Psikolojik Dan\u0131\u015fma Program\u0131 vak\u0131f \u00fcniversiteleri aras\u0131nda be\u015finci,<\/p>\n<p style=\"text-align: justify;\">B\u00fcnyesinde hukuk fak\u00fcltesi bulunan vak\u0131f \u00fcniversitelerine yerle\u015fen \u00f6\u011frencilerin 2020 YKS ba\u015far\u0131 s\u0131ralamas\u0131na g\u00f6re 29 May\u0131s \u00dcniversitesi \u0130ngilizce \u00d6\u011fretmenli\u011fi Program\u0131 vak\u0131f \u00fcniversiteleri aras\u0131nda ikinci,<\/p>\n<p style=\"text-align: justify;\">B\u00fcnyesinde rehberlik ve psikolojik dan\u0131\u015fma program\u0131 bulunan vak\u0131f \u00fcniversitelerine yerle\u015fen \u00f6\u011frencilerin 2020 YKS ba\u015far\u0131 s\u0131ralamas\u0131na g\u00f6re 29 May\u0131s \u00dcniversitesi Rehberlik ve Psikolojik Dan\u0131\u015fma Program\u0131 vak\u0131f \u00fcniversiteleri aras\u0131nda ise be\u015finci s\u0131rada yer ald\u0131.<\/p>\n<p style=\"text-align: justify;\"><strong>\u0130stanbul 29 May\u0131s \u00dcniversitesi 2022-2023 Akademik Y\u0131l\u0131 Lisans Programlar\u0131<\/strong><\/p>\n<p style=\"text-align: justify;\"><strong>Edebiyat Fak\u00fcltesi<\/strong><\/p>\n<p style=\"text-align: justify;\">(\u0130ngilizce \/ Arap\u00e7a Haz\u0131rl\u0131k S\u0131n\u0131f\u0131)<br \/>\nArap\u00e7a M\u00fctercim ve Terc\u00fcmanl\u0131k Lisans Program\u0131<br \/>\nBilgi ve Belge Y\u00f6netimi Lisans Program\u0131<br \/>\nFelsefe Lisans Program\u0131<br \/>\n\u0130ngiliz Dili ve Edebiyat\u0131 Lisans Program\u0131 (\u0130ngilizce)<br \/>\n\u0130ngilizce M\u00fctercim ve Terc\u00fcmanl\u0131k Lisans Program\u0131<br \/>\nPsikoloji Lisans Program\u0131<br \/>\nTarih Lisans Program\u0131<br \/>\nT\u00fcrk Dili ve Edebiyat\u0131 Lisans Program\u0131<\/p>\n<p style=\"text-align: justify;\"><strong>E\u011fitim Fak\u00fcltesi<\/strong><\/p>\n<p style=\"text-align: justify;\">(\u0130ngilizce \/ Arap\u00e7a Haz\u0131rl\u0131k S\u0131n\u0131f\u0131)<br \/>\nArap\u00e7a \u00d6\u011fretmenli\u011fi Lisans Program\u0131<br \/>\n\u0130ngilizce \u00d6\u011fretmenli\u011fi Lisans Program\u0131<br \/>\n\u0130lk\u00f6\u011fretim Matematik \u00d6\u011fretmenli\u011fi Lisans Program\u0131<br \/>\nOkul \u00d6ncesi \u00d6\u011fretmenli\u011fi Lisans Program\u0131<br \/>\n\u00d6zel E\u011fitim \u00d6\u011fretmenli\u011fi Lisans Program\u0131<br \/>\nRehberlik ve Psikolojik Dan\u0131\u015fmanl\u0131k Lisans Program\u0131<br \/>\nS\u0131n\u0131f \u00d6\u011fretmenli\u011fi Lisans Program\u0131<br \/>\nT\u00fcrk\u00e7e \u00d6\u011fretmenli\u011fi Lisans Program\u0131<\/p>\n<p style=\"text-align: justify;\"><strong>Hukuk Fak\u00fcltesi<\/strong><\/p>\n<p style=\"text-align: justify;\">Hukuk Lisans Program\u0131<\/p>\n<p style=\"text-align: justify;\"><strong>\u0130ktisadi ve \u0130dari Bilimler Fak\u00fcltesi<\/strong><\/p>\n<p style=\"text-align: justify;\">(\u0130ngilizce Haz\u0131rl\u0131k S\u0131n\u0131f\u0131)<br \/>\nEkonomi Lisans Program\u0131 (\u0130ngilizce)<br \/>\nSiyaset Bilimi ve Uluslararas\u0131 \u0130li\u015fkiler Lisans Program\u0131 (\u0130ngilizce)<br \/>\nSosyal Hizmet Lisans Program\u0131<br \/>\nY\u00f6netim Bili\u015fim Sistemleri Lisans Program\u0131<\/p>\n<p style=\"text-align: justify;\"><strong>\u0130lahiyat Fak\u00fcltesi<\/strong><\/p>\n<p style=\"text-align: justify;\">(Arap\u00e7a Haz\u0131rl\u0131k S\u0131n\u0131f\u0131)<br \/>\n\u0130lahiyat Lisans Program\u0131<br \/>\n(\u0130ste\u011fe ba\u011fl\u0131 kontenjan dahilinde \u0130ngilizce haz\u0131rl\u0131k s\u0131n\u0131f\u0131)<\/p>\n<p style=\"text-align: justify;\"><strong>Yabanc\u0131 Diller Y\u00fcksek Okulu<\/strong><\/p>\n<p style=\"text-align: justify;\">Arap\u00e7a, \u0130ngilizce ve T\u00fcrk\u00e7e Haz\u0131rl\u0131k S\u0131n\u0131f\u0131 Programlar\u0131<\/p>\n<p style=\"text-align: justify;\"><strong>\u0130stanbul 29 May\u0131s \u00dcniversitesi Lisans\u00fcst\u00fc Programlar<\/strong><\/p>\n<p style=\"text-align: justify;\"><strong>Sosyal Bilimler Enstit\u00fcs\u00fc<\/strong><\/p>\n<p style=\"text-align: justify;\"><strong>Doktora Programlar\u0131<\/strong><\/p>\n<p style=\"text-align: justify;\">-\u00c7evrebilim Doktora Program\u0131 (\u0130ngilizce)<br \/>\n-Felsefe Doktora Program\u0131<br \/>\n-Tarih Doktora Program\u0131<br \/>\n-Temel \u0130slam Bilimleri Doktora Program\u0131<br \/>\n-T\u00fcrk Dili ve Edebiyat\u0131 Doktora Program\u0131<br \/>\n-Siyaset Bilimi ve Uluslararas\u0131 \u0130li\u015fkiler Doktora Program\u0131<\/p>\n<p style=\"text-align: justify;\"><strong>Tezli ve Tezsiz Y\u00fcksek Lisans Programlar\u0131<\/strong><\/p>\n<p style=\"text-align: justify;\">-\u00c7evrebilim (\u0130ngilizce) \u00c7evrebilim (% 30 Arap\u00e7a) Tezli \/ Tezsiz Y\u00fcksek Lisans Programlar\u0131<br \/>\n-Ekonomi ve Finans (\u0130ngilizce) Tezli \/ Ekonomi ve Finans (% 30) \u0130ngilizce Tezsiz Y\u00fcksek Lisans Programlar\u0131<br \/>\n-Ekonomi ve Finans (T\u00fcrk\u00e7e) Tezli \/ Tezsiz Y\u00fcksek Lisans Programlar\u0131<br \/>\n-Erken \u00c7ocuklukta Ahlak ve De\u011fer E\u011fitimi (Disiplinleraras\u0131) Tezli \/ Tezsiz Y\u00fcksek Lisans Programlar\u0131<br \/>\n-Felsefe Tezli Y\u00fcksek lisans Program\u0131<br \/>\n-Felsefe ve Din Bilimleri Tezli Y\u00fcksek Lisans Program\u0131<br \/>\n-\u0130ngilizce M\u00fctercim Terc\u00fcmanl\u0131k Tezsiz Y\u00fcksek Lisans Program\u0131<br \/>\n-\u0130slam Ekonomisi ve Finans\u0131 (T\u00fcrk\u00e7e) Tezli \/ \u0130slam Ekonomisi ve Finans\u0131 (\u0130ngilizce) Tezli Y\u00fcksek Lisans Programlar\u0131<br \/>\n-Manevi Dan\u0131\u015fmanl\u0131k ve Rehberlik Tezli \/ Tezsiz Y\u00fcksek Lisans Programlar\u0131 (Disiplinleraras\u0131)<br \/>\n-\u00d6zel Hukuk Tezli \/ Tezsiz Y\u00fcksek Lisans Programlar\u0131<br \/>\n-Psikoloji Tezli Y\u00fcksek Lisans Program\u0131<br \/>\n-Siyaset Bilimi ve Uluslararas\u0131 \u0130li\u015fkiler (% 30 \u0130ngilizce) Tezli \/ Tezsiz Y\u00fcksek Lisans Programlar\u0131<br \/>\n&#8211; Siyaset Bilimi ve Uluslararas\u0131 \u0130li\u015fkiler (\u0130ngilizce) Tezli \/ Tezsiz Y\u00fcksek Lisans Programlar\u0131<br \/>\n-Tarih Tezli Y\u00fcksek Lisans Program\u0131<br \/>\n-Temel \u0130slami Bilimleri Tezli Y\u00fcksek Lisans Program\u0131<br \/>\n-T\u00fcrk Dili ve Edebiyat\u0131 Tezli Y\u00fcksek Lisans Program\u0131<br \/>\n\u0130stanbul 29 May\u0131s \u00dcniversitesi lisans programlar\u0131, kontenjanlar ve aday \u00f6\u011frencilere sunulan burslar ile \u00f6zel ko\u015fullar\u0131 hakk\u0131nda detayl\u0131 bilgi almak i\u00e7in <a href=\"https:\/\/aday.29mayis.edu.tr\/neden-29-mayis\">TIKLAYINIZ &gt;&gt;&gt;<\/a><\/p>\n\n\t\t<style type=\"text\/css\">\n\t\t\t#gallery-1 {\n\t\t\t\tmargin: auto;\n\t\t\t}\n\t\t\t#gallery-1 .gallery-item {\n\t\t\t\tfloat: left;\n\t\t\t\tmargin-top: 10px;\n\t\t\t\ttext-align: center;\n\t\t\t\twidth: 16%;\n\t\t\t}\n\t\t\t#gallery-1 img {\n\t\t\t\tborder: 2px solid #cfcfcf;\n\t\t\t}\n\t\t\t#gallery-1 .gallery-caption {\n\t\t\t\tmargin-left: 0;\n\t\t\t}\n\t\t\t\/* see gallery_shortcode() in wp-includes\/media.php *\/\n\t\t<\/style>\n\t\t<div id='gallery-1' class='gallery galleryid-26085 gallery-columns-6 gallery-size-thumbnail'><dl class='gallery-item'>\n\t\t\t<dt class='gallery-icon portrait'>\n\t\t\t\t<a href='https:\/\/tdv.org\/tr-TR\/wp-content\/uploads\/2022\/07\/1.jpeg'><img decoding=\"async\" width=\"150\" height=\"150\" src=\"https:\/\/tdv.org\/tr-TR\/wp-content\/uploads\/2022\/07\/1-150x150.jpeg\" class=\"attachment-thumbnail size-thumbnail\" alt=\"\" srcset=\"https:\/\/tdv.org\/tr-TR\/wp-content\/uploads\/2022\/07\/1-150x150.jpeg 150w, https:\/\/tdv.org\/tr-TR\/wp-content\/uploads\/2022\/07\/1-100x100.jpeg 100w, https:\/\/tdv.org\/tr-TR\/wp-content\/uploads\/2022\/07\/1-140x140.jpeg 140w, https:\/\/tdv.org\/tr-TR\/wp-content\/uploads\/2022\/07\/1-500x500.jpeg 500w, https:\/\/tdv.org\/tr-TR\/wp-content\/uploads\/2022\/07\/1-350x350.jpeg 350w, https:\/\/tdv.org\/tr-TR\/wp-content\/uploads\/2022\/07\/1-800x800.jpeg 800w\" sizes=\"(max-width: 150px) 100vw, 150px\" \/><\/a>\n\t\t\t<\/dt><\/dl><dl class='gallery-item'>\n\t\t\t<dt class='gallery-icon portrait'>\n\t\t\t\t<a href='https:\/\/tdv.org\/tr-TR\/wp-content\/uploads\/2022\/07\/2.jpeg'><img decoding=\"async\" width=\"150\" height=\"150\" src=\"https:\/\/tdv.org\/tr-TR\/wp-content\/uploads\/2022\/07\/2-150x150.jpeg\" class=\"attachment-thumbnail size-thumbnail\" alt=\"\" srcset=\"https:\/\/tdv.org\/tr-TR\/wp-content\/uploads\/2022\/07\/2-150x150.jpeg 150w, https:\/\/tdv.org\/tr-TR\/wp-content\/uploads\/2022\/07\/2-100x100.jpeg 100w, https:\/\/tdv.org\/tr-TR\/wp-content\/uploads\/2022\/07\/2-140x140.jpeg 140w, https:\/\/tdv.org\/tr-TR\/wp-content\/uploads\/2022\/07\/2-500x500.jpeg 500w, https:\/\/tdv.org\/tr-TR\/wp-content\/uploads\/2022\/07\/2-350x350.jpeg 350w, https:\/\/tdv.org\/tr-TR\/wp-content\/uploads\/2022\/07\/2-800x800.jpeg 800w\" sizes=\"(max-width: 150px) 100vw, 150px\" \/><\/a>\n\t\t\t<\/dt><\/dl><dl class='gallery-item'>\n\t\t\t<dt class='gallery-icon portrait'>\n\t\t\t\t<a href='https:\/\/tdv.org\/tr-TR\/wp-content\/uploads\/2022\/07\/3.jpeg'><img decoding=\"async\" width=\"150\" height=\"150\" src=\"https:\/\/tdv.org\/tr-TR\/wp-content\/uploads\/2022\/07\/3-150x150.jpeg\" class=\"attachment-thumbnail size-thumbnail\" alt=\"\" srcset=\"https:\/\/tdv.org\/tr-TR\/wp-content\/uploads\/2022\/07\/3-150x150.jpeg 150w, https:\/\/tdv.org\/tr-TR\/wp-content\/uploads\/2022\/07\/3-100x100.jpeg 100w, https:\/\/tdv.org\/tr-TR\/wp-content\/uploads\/2022\/07\/3-140x140.jpeg 140w, https:\/\/tdv.org\/tr-TR\/wp-content\/uploads\/2022\/07\/3-500x500.jpeg 500w, https:\/\/tdv.org\/tr-TR\/wp-content\/uploads\/2022\/07\/3-350x350.jpeg 350w, https:\/\/tdv.org\/tr-TR\/wp-content\/uploads\/2022\/07\/3-800x800.jpeg 800w\" sizes=\"(max-width: 150px) 100vw, 150px\" \/><\/a>\n\t\t\t<\/dt><\/dl><dl class='gallery-item'>\n\t\t\t<dt class='gallery-icon portrait'>\n\t\t\t\t<a href='https:\/\/tdv.org\/tr-TR\/wp-content\/uploads\/2022\/07\/4.jpeg'><img decoding=\"async\" width=\"150\" height=\"150\" src=\"https:\/\/tdv.org\/tr-TR\/wp-content\/uploads\/2022\/07\/4-150x150.jpeg\" class=\"attachment-thumbnail size-thumbnail\" alt=\"\" srcset=\"https:\/\/tdv.org\/tr-TR\/wp-content\/uploads\/2022\/07\/4-150x150.jpeg 150w, https:\/\/tdv.org\/tr-TR\/wp-content\/uploads\/2022\/07\/4-100x100.jpeg 100w, https:\/\/tdv.org\/tr-TR\/wp-content\/uploads\/2022\/07\/4-140x140.jpeg 140w, https:\/\/tdv.org\/tr-TR\/wp-content\/uploads\/2022\/07\/4-500x500.jpeg 500w, https:\/\/tdv.org\/tr-TR\/wp-content\/uploads\/2022\/07\/4-350x350.jpeg 350w, https:\/\/tdv.org\/tr-TR\/wp-content\/uploads\/2022\/07\/4-800x800.jpeg 800w\" sizes=\"(max-width: 150px) 100vw, 150px\" \/><\/a>\n\t\t\t<\/dt><\/dl><dl class='gallery-item'>\n\t\t\t<dt class='gallery-icon portrait'>\n\t\t\t\t<a href='https:\/\/tdv.org\/tr-TR\/wp-content\/uploads\/2022\/07\/5.jpeg'><img decoding=\"async\" width=\"150\" height=\"150\" src=\"https:\/\/tdv.org\/tr-TR\/wp-content\/uploads\/2022\/07\/5-150x150.jpeg\" class=\"attachment-thumbnail size-thumbnail\" alt=\"\" srcset=\"https:\/\/tdv.org\/tr-TR\/wp-content\/uploads\/2022\/07\/5-150x150.jpeg 150w, https:\/\/tdv.org\/tr-TR\/wp-content\/uploads\/2022\/07\/5-100x100.jpeg 100w, https:\/\/tdv.org\/tr-TR\/wp-content\/uploads\/2022\/07\/5-140x140.jpeg 140w, https:\/\/tdv.org\/tr-TR\/wp-content\/uploads\/2022\/07\/5-500x500.jpeg 500w, https:\/\/tdv.org\/tr-TR\/wp-content\/uploads\/2022\/07\/5-350x350.jpeg 350w, https:\/\/tdv.org\/tr-TR\/wp-content\/uploads\/2022\/07\/5-800x800.jpeg 800w\" sizes=\"(max-width: 150px) 100vw, 150px\" \/><\/a>\n\t\t\t<\/dt><\/dl><dl class='gallery-item'>\n\t\t\t<dt class='gallery-icon portrait'>\n\t\t\t\t<a href='https:\/\/tdv.org\/tr-TR\/wp-content\/uploads\/2022\/07\/6.jpeg'><img decoding=\"async\" width=\"150\" height=\"150\" src=\"https:\/\/tdv.org\/tr-TR\/wp-content\/uploads\/2022\/07\/6-150x150.jpeg\" class=\"attachment-thumbnail size-thumbnail\" alt=\"\" srcset=\"https:\/\/tdv.org\/tr-TR\/wp-content\/uploads\/2022\/07\/6-150x150.jpeg 150w, https:\/\/tdv.org\/tr-TR\/wp-content\/uploads\/2022\/07\/6-100x100.jpeg 100w, https:\/\/tdv.org\/tr-TR\/wp-content\/uploads\/2022\/07\/6-140x140.jpeg 140w, https:\/\/tdv.org\/tr-TR\/wp-content\/uploads\/2022\/07\/6-500x500.jpeg 500w, https:\/\/tdv.org\/tr-TR\/wp-content\/uploads\/2022\/07\/6-350x350.jpeg 350w, https:\/\/tdv.org\/tr-TR\/wp-content\/uploads\/2022\/07\/6-800x800.jpeg 800w\" sizes=\"(max-width: 150px) 100vw, 150px\" \/><\/a>\n\t\t\t<\/dt><\/dl><br style=\"clear: both\" \/><dl class='gallery-item'>\n\t\t\t<dt class='gallery-icon portrait'>\n\t\t\t\t<a href='https:\/\/tdv.org\/tr-TR\/wp-content\/uploads\/2022\/07\/7.jpeg'><img decoding=\"async\" width=\"150\" height=\"150\" src=\"https:\/\/tdv.org\/tr-TR\/wp-content\/uploads\/2022\/07\/7-150x150.jpeg\" class=\"attachment-thumbnail size-thumbnail\" alt=\"\" srcset=\"https:\/\/tdv.org\/tr-TR\/wp-content\/uploads\/2022\/07\/7-150x150.jpeg 150w, https:\/\/tdv.org\/tr-TR\/wp-content\/uploads\/2022\/07\/7-100x100.jpeg 100w, https:\/\/tdv.org\/tr-TR\/wp-content\/uploads\/2022\/07\/7-140x140.jpeg 140w, https:\/\/tdv.org\/tr-TR\/wp-content\/uploads\/2022\/07\/7-500x500.jpeg 500w, https:\/\/tdv.org\/tr-TR\/wp-content\/uploads\/2022\/07\/7-350x350.jpeg 350w, https:\/\/tdv.org\/tr-TR\/wp-content\/uploads\/2022\/07\/7-800x800.jpeg 800w\" sizes=\"(max-width: 150px) 100vw, 150px\" \/><\/a>\n\t\t\t<\/dt><\/dl><dl class='gallery-item'>\n\t\t\t<dt class='gallery-icon portrait'>\n\t\t\t\t<a href='https:\/\/tdv.org\/tr-TR\/wp-content\/uploads\/2022\/07\/8.jpeg'><img decoding=\"async\" width=\"150\" height=\"150\" src=\"https:\/\/tdv.org\/tr-TR\/wp-content\/uploads\/2022\/07\/8-150x150.jpeg\" class=\"attachment-thumbnail size-thumbnail\" alt=\"\" srcset=\"https:\/\/tdv.org\/tr-TR\/wp-content\/uploads\/2022\/07\/8-150x150.jpeg 150w, https:\/\/tdv.org\/tr-TR\/wp-content\/uploads\/2022\/07\/8-100x100.jpeg 100w, https:\/\/tdv.org\/tr-TR\/wp-content\/uploads\/2022\/07\/8-140x140.jpeg 140w, https:\/\/tdv.org\/tr-TR\/wp-content\/uploads\/2022\/07\/8-500x500.jpeg 500w, https:\/\/tdv.org\/tr-TR\/wp-content\/uploads\/2022\/07\/8-350x350.jpeg 350w, https:\/\/tdv.org\/tr-TR\/wp-content\/uploads\/2022\/07\/8-800x800.jpeg 800w\" sizes=\"(max-width: 150px) 100vw, 150px\" \/><\/a>\n\t\t\t<\/dt><\/dl><dl class='gallery-item'>\n\t\t\t<dt class='gallery-icon portrait'>\n\t\t\t\t<a href='https:\/\/tdv.org\/tr-TR\/wp-content\/uploads\/2022\/07\/9.jpeg'><img decoding=\"async\" width=\"150\" height=\"150\" src=\"https:\/\/tdv.org\/tr-TR\/wp-content\/uploads\/2022\/07\/9-150x150.jpeg\" class=\"attachment-thumbnail size-thumbnail\" alt=\"\" srcset=\"https:\/\/tdv.org\/tr-TR\/wp-content\/uploads\/2022\/07\/9-150x150.jpeg 150w, https:\/\/tdv.org\/tr-TR\/wp-content\/uploads\/2022\/07\/9-100x100.jpeg 100w, https:\/\/tdv.org\/tr-TR\/wp-content\/uploads\/2022\/07\/9-140x140.jpeg 140w, https:\/\/tdv.org\/tr-TR\/wp-content\/uploads\/2022\/07\/9-500x500.jpeg 500w, https:\/\/tdv.org\/tr-TR\/wp-content\/uploads\/2022\/07\/9-350x350.jpeg 350w, https:\/\/tdv.org\/tr-TR\/wp-content\/uploads\/2022\/07\/9-800x800.jpeg 800w\" sizes=\"(max-width: 150px) 100vw, 150px\" \/><\/a>\n\t\t\t<\/dt><\/dl><dl class='gallery-item'>\n\t\t\t<dt class='gallery-icon portrait'>\n\t\t\t\t<a href='https:\/\/tdv.org\/tr-TR\/wp-content\/uploads\/2022\/07\/10.jpeg'><img decoding=\"async\" width=\"150\" height=\"150\" src=\"https:\/\/tdv.org\/tr-TR\/wp-content\/uploads\/2022\/07\/10-150x150.jpeg\" class=\"attachment-thumbnail size-thumbnail\" alt=\"\" srcset=\"https:\/\/tdv.org\/tr-TR\/wp-content\/uploads\/2022\/07\/10-150x150.jpeg 150w, https:\/\/tdv.org\/tr-TR\/wp-content\/uploads\/2022\/07\/10-100x100.jpeg 100w, https:\/\/tdv.org\/tr-TR\/wp-content\/uploads\/2022\/07\/10-140x140.jpeg 140w, https:\/\/tdv.org\/tr-TR\/wp-content\/uploads\/2022\/07\/10-500x500.jpeg 500w, https:\/\/tdv.org\/tr-TR\/wp-content\/uploads\/2022\/07\/10-350x350.jpeg 350w, https:\/\/tdv.org\/tr-TR\/wp-content\/uploads\/2022\/07\/10-800x800.jpeg 800w\" sizes=\"(max-width: 150px) 100vw, 150px\" \/><\/a>\n\t\t\t<\/dt><\/dl>\n\t\t\t<br style='clear: both' \/>\n\t\t<\/div>\n\n","protected":false},"excerpt":{"rendered":"<p>T\u00fcrkiye Diyanet Vakf\u0131 taraf\u0131ndan 2010 y\u0131l\u0131nda kurulan \u0130stanbul 29 May\u0131s \u00dcniversitesi, 2022-2023 e\u011fitim-\u00f6\u011fretim d\u00f6neminde a\u00e7\u0131lan yeni b\u00f6l\u00fcmler ve nitelikli akademik kadrosu ile yeni \u00f6\u011frencilerini bekliyor. \u0130stanbul 29 May\u0131s \u00dcniversitesi, T\u00fcrkiye&#8230;<\/p>\n","protected":false},"author":7,"featured_media":26131,"comment_status":"open","ping_status":"closed","sticky":false,"template":"","format":"standard","meta":{"footnotes":""},"categories":[1],"tags":[1120,718,484,135,326,1871,490,155,289],"class_list":{"0":"post-26085","1":"post","2":"type-post","3":"status-publish","4":"format-standard","5":"has-post-thumbnail","7":"category-haberler","8":"tag-29-mayis-universitesi","9":"tag-basari","10":"tag-burs","11":"tag-egitim","12":"tag-egitim-faaliyetleri","13":"tag-fakulte","14":"tag-kutuphane","15":"tag-ogrenci","16":"tag-universite"},"yoast_head":"<!-- This site is optimized with the Yoast SEO plugin v27.4 - https:\/\/yoast.com\/product\/yoast-seo-wordpress\/ -->\n<title>29 May\u0131s \u00dcniversitesi ba\u015far\u0131s\u0131n\u0131 her ge\u00e7en y\u0131l art\u0131r\u0131yor<\/title>\n<meta name=\"description\" content=\"T\u00fcrkiye Diyanet Vakf\u0131 taraf\u0131ndan 2010 y\u0131l\u0131nda kurulan \u0130stanbul 29 May\u0131s \u00dcniversitesi, 2022-2023 e\u011fitim-\u00f6\u011fretim d\u00f6neminde a\u00e7\u0131lan yeni b\u00f6l\u00fcmler ve nitelikli akademik kadrosu ile yeni \u00f6\u011frencilerini bekliyor.\" \/>\n<meta name=\"robots\" content=\"index, follow, max-snippet:-1, max-image-preview:large, max-video-preview:-1\" \/>\n<link rel=\"canonical\" href=\"https:\/\/tdv.org\/tr-TR\/29-mayis-universitesi-basarisini-her-gecen-yil-artiriyor\/\" \/>\n<meta property=\"og:locale\" content=\"tr_TR\" \/>\n<meta property=\"og:type\" content=\"article\" \/>\n<meta property=\"og:title\" content=\"29 May\u0131s \u00dcniversitesi ba\u015far\u0131s\u0131n\u0131 her ge\u00e7en y\u0131l art\u0131r\u0131yor\" \/>\n<meta property=\"og:description\" content=\"T\u00fcrkiye Diyanet Vakf\u0131 taraf\u0131ndan 2010 y\u0131l\u0131nda kurulan \u0130stanbul 29 May\u0131s \u00dcniversitesi, 2022-2023 e\u011fitim-\u00f6\u011fretim d\u00f6neminde a\u00e7\u0131lan yeni b\u00f6l\u00fcmler ve nitelikli akademik kadrosu ile yeni \u00f6\u011frencilerini bekliyor.\" \/>\n<meta property=\"og:url\" content=\"https:\/\/tdv.org\/tr-TR\/29-mayis-universitesi-basarisini-her-gecen-yil-artiriyor\/\" \/>\n<meta property=\"og:site_name\" content=\"T\u00fcrkiye Diyanet Vakf\u0131 Resmi Web Sitesi\" \/>\n<meta property=\"article:publisher\" content=\"https:\/\/www.facebook.com\/Diyanetvakfi\/\" \/>\n<meta property=\"article:published_time\" content=\"2022-07-22T08:33:00+00:00\" \/>\n<meta property=\"article:modified_time\" content=\"2022-12-08T06:36:26+00:00\" \/>\n<meta property=\"og:image\" content=\"https:\/\/tdv.org\/tr-TR\/wp-content\/uploads\/2022\/07\/galeri-10-min.jpg\" \/>\n\t<meta property=\"og:image:width\" content=\"800\" \/>\n\t<meta property=\"og:image:height\" content=\"533\" \/>\n\t<meta property=\"og:image:type\" content=\"image\/jpeg\" \/>\n<meta name=\"author\" content=\"U\u011fur\" \/>\n<meta name=\"twitter:card\" content=\"summary_large_image\" \/>\n<meta name=\"twitter:creator\" content=\"@DiyanetVakfi\" \/>\n<meta name=\"twitter:site\" content=\"@DiyanetVakfi\" \/>\n<script type=\"application\/ld+json\" class=\"yoast-schema-graph\">{\"@context\":\"https:\\\/\\\/schema.org\",\"@graph\":[{\"@type\":\"Article\",\"@id\":\"https:\\\/\\\/tdv.org\\\/tr-TR\\\/29-mayis-universitesi-basarisini-her-gecen-yil-artiriyor\\\/#article\",\"isPartOf\":{\"@id\":\"https:\\\/\\\/tdv.org\\\/tr-TR\\\/29-mayis-universitesi-basarisini-her-gecen-yil-artiriyor\\\/\"},\"author\":{\"name\":\"U\u011fur\",\"@id\":\"https:\\\/\\\/tdv.org\\\/tr-TR\\\/#\\\/schema\\\/person\\\/8dcf742852c4614c6fdadb92da159c05\"},\"headline\":\"29 May\u0131s \u00dcniversitesi ba\u015far\u0131s\u0131n\u0131 her ge\u00e7en y\u0131l art\u0131r\u0131yor\",\"datePublished\":\"2022-07-22T08:33:00+00:00\",\"dateModified\":\"2022-12-08T06:36:26+00:00\",\"mainEntityOfPage\":{\"@id\":\"https:\\\/\\\/tdv.org\\\/tr-TR\\\/29-mayis-universitesi-basarisini-her-gecen-yil-artiriyor\\\/\"},\"wordCount\":1118,\"commentCount\":0,\"publisher\":{\"@id\":\"https:\\\/\\\/tdv.org\\\/tr-TR\\\/#organization\"},\"image\":{\"@id\":\"https:\\\/\\\/tdv.org\\\/tr-TR\\\/29-mayis-universitesi-basarisini-her-gecen-yil-artiriyor\\\/#primaryimage\"},\"thumbnailUrl\":\"https:\\\/\\\/tdv.org\\\/tr-TR\\\/wp-content\\\/uploads\\\/2022\\\/07\\\/galeri-10-min.jpg\",\"keywords\":[\"29 may\u0131s \u00fcniversitesi\",\"ba\u015far\u0131\",\"Burs\",\"e\u011fitim\",\"E\u011fitim Faaliyetleri\",\"fak\u00fclte\",\"K\u00fct\u00fcphane\",\"\u00f6\u011frenci\",\"\u00dcniversite\"],\"articleSection\":[\"Haberler\"],\"inLanguage\":\"tr\",\"potentialAction\":[{\"@type\":\"CommentAction\",\"name\":\"Comment\",\"target\":[\"https:\\\/\\\/tdv.org\\\/tr-TR\\\/29-mayis-universitesi-basarisini-her-gecen-yil-artiriyor\\\/#respond\"]}]},{\"@type\":\"WebPage\",\"@id\":\"https:\\\/\\\/tdv.org\\\/tr-TR\\\/29-mayis-universitesi-basarisini-her-gecen-yil-artiriyor\\\/\",\"url\":\"https:\\\/\\\/tdv.org\\\/tr-TR\\\/29-mayis-universitesi-basarisini-her-gecen-yil-artiriyor\\\/\",\"name\":\"29 May\u0131s \u00dcniversitesi ba\u015far\u0131s\u0131n\u0131 her ge\u00e7en y\u0131l art\u0131r\u0131yor\",\"isPartOf\":{\"@id\":\"https:\\\/\\\/tdv.org\\\/tr-TR\\\/#website\"},\"primaryImageOfPage\":{\"@id\":\"https:\\\/\\\/tdv.org\\\/tr-TR\\\/29-mayis-universitesi-basarisini-her-gecen-yil-artiriyor\\\/#primaryimage\"},\"image\":{\"@id\":\"https:\\\/\\\/tdv.org\\\/tr-TR\\\/29-mayis-universitesi-basarisini-her-gecen-yil-artiriyor\\\/#primaryimage\"},\"thumbnailUrl\":\"https:\\\/\\\/tdv.org\\\/tr-TR\\\/wp-content\\\/uploads\\\/2022\\\/07\\\/galeri-10-min.jpg\",\"datePublished\":\"2022-07-22T08:33:00+00:00\",\"dateModified\":\"2022-12-08T06:36:26+00:00\",\"description\":\"T\u00fcrkiye Diyanet Vakf\u0131 taraf\u0131ndan 2010 y\u0131l\u0131nda kurulan \u0130stanbul 29 May\u0131s \u00dcniversitesi, 2022-2023 e\u011fitim-\u00f6\u011fretim d\u00f6neminde a\u00e7\u0131lan yeni b\u00f6l\u00fcmler ve nitelikli akademik kadrosu ile yeni \u00f6\u011frencilerini bekliyor.\",\"breadcrumb\":{\"@id\":\"https:\\\/\\\/tdv.org\\\/tr-TR\\\/29-mayis-universitesi-basarisini-her-gecen-yil-artiriyor\\\/#breadcrumb\"},\"inLanguage\":\"tr\",\"potentialAction\":[{\"@type\":\"ReadAction\",\"target\":[\"https:\\\/\\\/tdv.org\\\/tr-TR\\\/29-mayis-universitesi-basarisini-her-gecen-yil-artiriyor\\\/\"]}]},{\"@type\":\"ImageObject\",\"inLanguage\":\"tr\",\"@id\":\"https:\\\/\\\/tdv.org\\\/tr-TR\\\/29-mayis-universitesi-basarisini-her-gecen-yil-artiriyor\\\/#primaryimage\",\"url\":\"https:\\\/\\\/tdv.org\\\/tr-TR\\\/wp-content\\\/uploads\\\/2022\\\/07\\\/galeri-10-min.jpg\",\"contentUrl\":\"https:\\\/\\\/tdv.org\\\/tr-TR\\\/wp-content\\\/uploads\\\/2022\\\/07\\\/galeri-10-min.jpg\",\"width\":800,\"height\":533},{\"@type\":\"BreadcrumbList\",\"@id\":\"https:\\\/\\\/tdv.org\\\/tr-TR\\\/29-mayis-universitesi-basarisini-her-gecen-yil-artiriyor\\\/#breadcrumb\",\"itemListElement\":[{\"@type\":\"ListItem\",\"position\":1,\"name\":\"Anasayfa\",\"item\":\"https:\\\/\\\/tdv.org\\\/tr-TR\\\/\"},{\"@type\":\"ListItem\",\"position\":2,\"name\":\"29 May\u0131s \u00dcniversitesi ba\u015far\u0131s\u0131n\u0131 her ge\u00e7en y\u0131l art\u0131r\u0131yor\"}]},{\"@type\":\"WebSite\",\"@id\":\"https:\\\/\\\/tdv.org\\\/tr-TR\\\/#website\",\"url\":\"https:\\\/\\\/tdv.org\\\/tr-TR\\\/\",\"name\":\"T\u00fcrkiye Diyanet Vakf\u0131 Resmi Web Sitesi\",\"description\":\"Yery\u00fcz\u00fcnde iyilik egemen oluncaya kadar\",\"publisher\":{\"@id\":\"https:\\\/\\\/tdv.org\\\/tr-TR\\\/#organization\"},\"alternateName\":\"T\u00fcrkiye Diyanet Vakf\u0131\",\"potentialAction\":[{\"@type\":\"SearchAction\",\"target\":{\"@type\":\"EntryPoint\",\"urlTemplate\":\"https:\\\/\\\/tdv.org\\\/tr-TR\\\/?s={search_term_string}\"},\"query-input\":{\"@type\":\"PropertyValueSpecification\",\"valueRequired\":true,\"valueName\":\"search_term_string\"}}],\"inLanguage\":\"tr\"},{\"@type\":\"Organization\",\"@id\":\"https:\\\/\\\/tdv.org\\\/tr-TR\\\/#organization\",\"name\":\"T\u00fcrkiye Diyanet Vakf\u0131\",\"alternateName\":\"T\u00fcrkiye Diyanet Vakf\u0131\",\"url\":\"https:\\\/\\\/tdv.org\\\/tr-TR\\\/\",\"logo\":{\"@type\":\"ImageObject\",\"inLanguage\":\"tr\",\"@id\":\"https:\\\/\\\/tdv.org\\\/tr-TR\\\/#\\\/schema\\\/logo\\\/image\\\/\",\"url\":\"https:\\\/\\\/tdv.org\\\/tr-TR\\\/wp-content\\\/uploads\\\/2018\\\/12\\\/TDV_Logo_1.png\",\"contentUrl\":\"https:\\\/\\\/tdv.org\\\/tr-TR\\\/wp-content\\\/uploads\\\/2018\\\/12\\\/TDV_Logo_1.png\",\"width\":207,\"height\":71,\"caption\":\"T\u00fcrkiye Diyanet Vakf\u0131\"},\"image\":{\"@id\":\"https:\\\/\\\/tdv.org\\\/tr-TR\\\/#\\\/schema\\\/logo\\\/image\\\/\"},\"sameAs\":[\"https:\\\/\\\/www.facebook.com\\\/Diyanetvakfi\\\/\",\"https:\\\/\\\/x.com\\\/DiyanetVakfi\",\"https:\\\/\\\/www.instagram.com\\\/turkiyediyanetvakfi\\\/\",\"https:\\\/\\\/www.youtube.com\\\/user\\\/TurkiyeDiyanetVakfi\"]},{\"@type\":\"Person\",\"@id\":\"https:\\\/\\\/tdv.org\\\/tr-TR\\\/#\\\/schema\\\/person\\\/8dcf742852c4614c6fdadb92da159c05\",\"name\":\"U\u011fur\",\"image\":{\"@type\":\"ImageObject\",\"inLanguage\":\"tr\",\"@id\":\"https:\\\/\\\/tdv.org\\\/tr-TR\\\/wp-content\\\/litespeed\\\/avatar\\\/b970c0eba1124f8268544e2640bfa964.jpg?ver=1777289940\",\"url\":\"https:\\\/\\\/tdv.org\\\/tr-TR\\\/wp-content\\\/litespeed\\\/avatar\\\/b970c0eba1124f8268544e2640bfa964.jpg?ver=1777289940\",\"contentUrl\":\"https:\\\/\\\/tdv.org\\\/tr-TR\\\/wp-content\\\/litespeed\\\/avatar\\\/b970c0eba1124f8268544e2640bfa964.jpg?ver=1777289940\",\"caption\":\"U\u011fur\"}}]}<\/script>\n<!-- \/ Yoast SEO plugin. -->","yoast_head_json":{"title":"29 May\u0131s \u00dcniversitesi ba\u015far\u0131s\u0131n\u0131 her ge\u00e7en y\u0131l art\u0131r\u0131yor","description":"T\u00fcrkiye Diyanet Vakf\u0131 taraf\u0131ndan 2010 y\u0131l\u0131nda kurulan \u0130stanbul 29 May\u0131s \u00dcniversitesi, 2022-2023 e\u011fitim-\u00f6\u011fretim d\u00f6neminde a\u00e7\u0131lan yeni b\u00f6l\u00fcmler ve nitelikli akademik kadrosu ile yeni \u00f6\u011frencilerini bekliyor.","robots":{"index":"index","follow":"follow","max-snippet":"max-snippet:-1","max-image-preview":"max-image-preview:large","max-video-preview":"max-video-preview:-1"},"canonical":"https:\/\/tdv.org\/tr-TR\/29-mayis-universitesi-basarisini-her-gecen-yil-artiriyor\/","og_locale":"tr_TR","og_type":"article","og_title":"29 May\u0131s \u00dcniversitesi ba\u015far\u0131s\u0131n\u0131 her ge\u00e7en y\u0131l art\u0131r\u0131yor","og_description":"T\u00fcrkiye Diyanet Vakf\u0131 taraf\u0131ndan 2010 y\u0131l\u0131nda kurulan \u0130stanbul 29 May\u0131s \u00dcniversitesi, 2022-2023 e\u011fitim-\u00f6\u011fretim d\u00f6neminde a\u00e7\u0131lan yeni b\u00f6l\u00fcmler ve nitelikli akademik kadrosu ile yeni \u00f6\u011frencilerini bekliyor.","og_url":"https:\/\/tdv.org\/tr-TR\/29-mayis-universitesi-basarisini-her-gecen-yil-artiriyor\/","og_site_name":"T\u00fcrkiye Diyanet Vakf\u0131 Resmi Web Sitesi","article_publisher":"https:\/\/www.facebook.com\/Diyanetvakfi\/","article_published_time":"2022-07-22T08:33:00+00:00","article_modified_time":"2022-12-08T06:36:26+00:00","og_image":[{"width":800,"height":533,"url":"https:\/\/tdv.org\/tr-TR\/wp-content\/uploads\/2022\/07\/galeri-10-min.jpg","type":"image\/jpeg"}],"author":"U\u011fur","twitter_card":"summary_large_image","twitter_creator":"@DiyanetVakfi","twitter_site":"@DiyanetVakfi","schema":{"@context":"https:\/\/schema.org","@graph":[{"@type":"Article","@id":"https:\/\/tdv.org\/tr-TR\/29-mayis-universitesi-basarisini-her-gecen-yil-artiriyor\/#article","isPartOf":{"@id":"https:\/\/tdv.org\/tr-TR\/29-mayis-universitesi-basarisini-her-gecen-yil-artiriyor\/"},"author":{"name":"U\u011fur","@id":"https:\/\/tdv.org\/tr-TR\/#\/schema\/person\/8dcf742852c4614c6fdadb92da159c05"},"headline":"29 May\u0131s \u00dcniversitesi ba\u015far\u0131s\u0131n\u0131 her ge\u00e7en y\u0131l art\u0131r\u0131yor","datePublished":"2022-07-22T08:33:00+00:00","dateModified":"2022-12-08T06:36:26+00:00","mainEntityOfPage":{"@id":"https:\/\/tdv.org\/tr-TR\/29-mayis-universitesi-basarisini-her-gecen-yil-artiriyor\/"},"wordCount":1118,"commentCount":0,"publisher":{"@id":"https:\/\/tdv.org\/tr-TR\/#organization"},"image":{"@id":"https:\/\/tdv.org\/tr-TR\/29-mayis-universitesi-basarisini-her-gecen-yil-artiriyor\/#primaryimage"},"thumbnailUrl":"https:\/\/tdv.org\/tr-TR\/wp-content\/uploads\/2022\/07\/galeri-10-min.jpg","keywords":["29 may\u0131s \u00fcniversitesi","ba\u015far\u0131","Burs","e\u011fitim","E\u011fitim Faaliyetleri","fak\u00fclte","K\u00fct\u00fcphane","\u00f6\u011frenci","\u00dcniversite"],"articleSection":["Haberler"],"inLanguage":"tr","potentialAction":[{"@type":"CommentAction","name":"Comment","target":["https:\/\/tdv.org\/tr-TR\/29-mayis-universitesi-basarisini-her-gecen-yil-artiriyor\/#respond"]}]},{"@type":"WebPage","@id":"https:\/\/tdv.org\/tr-TR\/29-mayis-universitesi-basarisini-her-gecen-yil-artiriyor\/","url":"https:\/\/tdv.org\/tr-TR\/29-mayis-universitesi-basarisini-her-gecen-yil-artiriyor\/","name":"29 May\u0131s \u00dcniversitesi ba\u015far\u0131s\u0131n\u0131 her ge\u00e7en y\u0131l art\u0131r\u0131yor","isPartOf":{"@id":"https:\/\/tdv.org\/tr-TR\/#website"},"primaryImageOfPage":{"@id":"https:\/\/tdv.org\/tr-TR\/29-mayis-universitesi-basarisini-her-gecen-yil-artiriyor\/#primaryimage"},"image":{"@id":"https:\/\/tdv.org\/tr-TR\/29-mayis-universitesi-basarisini-her-gecen-yil-artiriyor\/#primaryimage"},"thumbnailUrl":"https:\/\/tdv.org\/tr-TR\/wp-content\/uploads\/2022\/07\/galeri-10-min.jpg","datePublished":"2022-07-22T08:33:00+00:00","dateModified":"2022-12-08T06:36:26+00:00","description":"T\u00fcrkiye Diyanet Vakf\u0131 taraf\u0131ndan 2010 y\u0131l\u0131nda kurulan \u0130stanbul 29 May\u0131s \u00dcniversitesi, 2022-2023 e\u011fitim-\u00f6\u011fretim d\u00f6neminde a\u00e7\u0131lan yeni b\u00f6l\u00fcmler ve nitelikli akademik kadrosu ile yeni \u00f6\u011frencilerini bekliyor.","breadcrumb":{"@id":"https:\/\/tdv.org\/tr-TR\/29-mayis-universitesi-basarisini-her-gecen-yil-artiriyor\/#breadcrumb"},"inLanguage":"tr","potentialAction":[{"@type":"ReadAction","target":["https:\/\/tdv.org\/tr-TR\/29-mayis-universitesi-basarisini-her-gecen-yil-artiriyor\/"]}]},{"@type":"ImageObject","inLanguage":"tr","@id":"https:\/\/tdv.org\/tr-TR\/29-mayis-universitesi-basarisini-her-gecen-yil-artiriyor\/#primaryimage","url":"https:\/\/tdv.org\/tr-TR\/wp-content\/uploads\/2022\/07\/galeri-10-min.jpg","contentUrl":"https:\/\/tdv.org\/tr-TR\/wp-content\/uploads\/2022\/07\/galeri-10-min.jpg","width":800,"height":533},{"@type":"BreadcrumbList","@id":"https:\/\/tdv.org\/tr-TR\/29-mayis-universitesi-basarisini-her-gecen-yil-artiriyor\/#breadcrumb","itemListElement":[{"@type":"ListItem","position":1,"name":"Anasayfa","item":"https:\/\/tdv.org\/tr-TR\/"},{"@type":"ListItem","position":2,"name":"29 May\u0131s \u00dcniversitesi ba\u015far\u0131s\u0131n\u0131 her ge\u00e7en y\u0131l art\u0131r\u0131yor"}]},{"@type":"WebSite","@id":"https:\/\/tdv.org\/tr-TR\/#website","url":"https:\/\/tdv.org\/tr-TR\/","name":"T\u00fcrkiye Diyanet Vakf\u0131 Resmi Web Sitesi","description":"Yery\u00fcz\u00fcnde iyilik egemen oluncaya kadar","publisher":{"@id":"https:\/\/tdv.org\/tr-TR\/#organization"},"alternateName":"T\u00fcrkiye Diyanet Vakf\u0131","potentialAction":[{"@type":"SearchAction","target":{"@type":"EntryPoint","urlTemplate":"https:\/\/tdv.org\/tr-TR\/?s={search_term_string}"},"query-input":{"@type":"PropertyValueSpecification","valueRequired":true,"valueName":"search_term_string"}}],"inLanguage":"tr"},{"@type":"Organization","@id":"https:\/\/tdv.org\/tr-TR\/#organization","name":"T\u00fcrkiye Diyanet Vakf\u0131","alternateName":"T\u00fcrkiye Diyanet Vakf\u0131","url":"https:\/\/tdv.org\/tr-TR\/","logo":{"@type":"ImageObject","inLanguage":"tr","@id":"https:\/\/tdv.org\/tr-TR\/#\/schema\/logo\/image\/","url":"https:\/\/tdv.org\/tr-TR\/wp-content\/uploads\/2018\/12\/TDV_Logo_1.png","contentUrl":"https:\/\/tdv.org\/tr-TR\/wp-content\/uploads\/2018\/12\/TDV_Logo_1.png","width":207,"height":71,"caption":"T\u00fcrkiye Diyanet Vakf\u0131"},"image":{"@id":"https:\/\/tdv.org\/tr-TR\/#\/schema\/logo\/image\/"},"sameAs":["https:\/\/www.facebook.com\/Diyanetvakfi\/","https:\/\/x.com\/DiyanetVakfi","https:\/\/www.instagram.com\/turkiyediyanetvakfi\/","https:\/\/www.youtube.com\/user\/TurkiyeDiyanetVakfi"]},{"@type":"Person","@id":"https:\/\/tdv.org\/tr-TR\/#\/schema\/person\/8dcf742852c4614c6fdadb92da159c05","name":"U\u011fur","image":{"@type":"ImageObject","inLanguage":"tr","@id":"https:\/\/tdv.org\/tr-TR\/wp-content\/litespeed\/avatar\/b970c0eba1124f8268544e2640bfa964.jpg?ver=1777289940","url":"https:\/\/tdv.org\/tr-TR\/wp-content\/litespeed\/avatar\/b970c0eba1124f8268544e2640bfa964.jpg?ver=1777289940","contentUrl":"https:\/\/tdv.org\/tr-TR\/wp-content\/litespeed\/avatar\/b970c0eba1124f8268544e2640bfa964.jpg?ver=1777289940","caption":"U\u011fur"}}]}},"_links":{"self":[{"href":"https:\/\/tdv.org\/tr-TR\/wp-json\/wp\/v2\/posts\/26085","targetHints":{"allow":["GET"]}}],"collection":[{"href":"https:\/\/tdv.org\/tr-TR\/wp-json\/wp\/v2\/posts"}],"about":[{"href":"https:\/\/tdv.org\/tr-TR\/wp-json\/wp\/v2\/types\/post"}],"author":[{"embeddable":true,"href":"https:\/\/tdv.org\/tr-TR\/wp-json\/wp\/v2\/users\/7"}],"replies":[{"embeddable":true,"href":"https:\/\/tdv.org\/tr-TR\/wp-json\/wp\/v2\/comments?post=26085"}],"version-history":[{"count":3,"href":"https:\/\/tdv.org\/tr-TR\/wp-json\/wp\/v2\/posts\/26085\/revisions"}],"predecessor-version":[{"id":26100,"href":"https:\/\/tdv.org\/tr-TR\/wp-json\/wp\/v2\/posts\/26085\/revisions\/26100"}],"wp:featuredmedia":[{"embeddable":true,"href":"https:\/\/tdv.org\/tr-TR\/wp-json\/wp\/v2\/media\/26131"}],"wp:attachment":[{"href":"https:\/\/tdv.org\/tr-TR\/wp-json\/wp\/v2\/media?parent=26085"}],"wp:term":[{"taxonomy":"category","embeddable":true,"href":"https:\/\/tdv.org\/tr-TR\/wp-json\/wp\/v2\/categories?post=26085"},{"taxonomy":"post_tag","embeddable":true,"href":"https:\/\/tdv.org\/tr-TR\/wp-json\/wp\/v2\/tags?post=26085"}],"curies":[{"name":"wp","href":"https:\/\/api.w.org\/{rel}","templated":true}]}}